{"id":36681,"date":"2025-11-14T15:20:00","date_gmt":"2025-11-14T14:20:00","guid":{"rendered":"https:\/\/gorzow.news\/?p=36681"},"modified":"2025-11-17T18:42:51","modified_gmt":"2025-11-17T17:42:51","slug":"brak-rundy-speedway-grand-prix-2026-w-gorzowie-turniej-przejela-lodz","status":"publish","type":"post","link":"https:\/\/gorzow.news\/index.php\/2025\/11\/14\/brak-rundy-speedway-grand-prix-2026-w-gorzowie-turniej-przejela-lodz\/","title":{"rendered":"Brak rundy Speedway Grand Prix 2026 w Gorzowie! Turniej przej\u0119\u0142a \u0141\u00f3d\u017a"},"content":{"rendered":"\n<p><strong>W opublikowanym dzi\u015b kalendarzu cyklu FIM Speedway Grand Prix 2026 nie znalaz\u0142a si\u0119 runda w Gorzowie na stadionie im. Edwarda Jancarza. Po raz pierwszy od lat \u017cu\u017clowi kibice w mie\u015bcie nie zobacz\u0105 turnieju indywidualnych mistrzostw \u015bwiata na swoim torze. Zamiast Gorzowa, jedn\u0105 z polskich lokalizacji w przysz\u0142orocznym kalendarzu SPG b\u0119dzie \u0141\u00f3d\u017a &#8211; tam 1 sierpnia odb\u0119dzie si\u0119 si\u00f3dma runda cyklu. Warto doda\u0107, \u017ce runda Grand Prix nie odb\u0119dzie si\u0119 ju\u017c tak\u017ce na Stadionie Narodowym.<\/strong><\/p>\n\n\n\n<p>&#8211; Miasto i klub zrobili wszystko, co by\u0142o w naszej mocy, a przede wszystkim w naszych mo\u017cliwo\u015bciach finansowych, aby przedstawi\u0107 dobr\u0105 ofert\u0119 organizacji cyklu. Widocznie ta \u0142\u00f3dzka by\u0142a lepsza &#8211; m\u00f3wi <strong>Patryk Broszko<\/strong>, wiceprezes Stali.<\/p>\n\n\n\n<p>Prezydent <strong>Jacek W\u00f3jcicki<\/strong> &#8211; przyzna\u0142, \u017ce bardzo chcia\u0142 rundy GP, ale nie za wszelk\u0105 cen\u0119. Jak stwierdzi\u0142 atmosfera na sesjach rady miasta tak\u017ce nie pomaga\u0142a.<\/p>\n\n\n\n<p>Dla kibic\u00f3w w Gorzowie to z pewno\u015bci\u0105 spore rozczarowanie &#8211; dotychczasowe lata obecno\u015bci Grand Prix generowa\u0142y du\u017ce zainteresowanie, ruch w mie\u015bcie i promocj\u0119 \u017cu\u017cla. Mimo to klub zapowiada, \u017ce w miejsce GP b\u0119dzie d\u0105\u017cy\u0142 do organizacji innej presti\u017cowej imprezy. Najprawdopodobniej chodzi o Memoria\u0142 Edwarda Jancarza. Nie ma si\u0119 jednak co oszukiwa\u0107 i por\u00f3wnywa\u0107 nawet rangi rywalizacji o tytu\u0142 indywidualnego mistrza \u015awiata do zawod\u00f3w towarzyskich.<\/p>\n\n\n\n<p>Pozosta\u0142e dwie rundy w Polsce odb\u0119d\u0105 si\u0119 we Wroc\u0142awiu (20 czerwca) i w Toruniu (26 wrze\u015bnia).<\/p>\n","protected":false},"excerpt":{"rendered":"<p>W opublikowanym dzi\u015b kalendarzu cyklu FIM Speedway Grand Prix 2026 nie znalaz\u0142a si\u0119 runda w Gorzowie na stadionie im. Edwarda Jancarza. Po raz pierwszy od lat \u017cu\u017clowi kibice w mie\u015bcie nie zobacz\u0105 turnieju indywidualnych mistrzostw \u015bwiata na swoim torze. Zamiast Gorzowa, jedn\u0105 z polskich lokalizacji w przysz\u0142orocznym kalendarzu SPG b\u0119dzie \u0141\u00f3d\u017a &#8211; tam 1 sierpnia [&hellip;]<\/p>\n","protected":false},"author":1,"featured_media":36682,"comment_status":"open","ping_status":"open","sticky":false,"template":"","format":"standard","meta":{"footnotes":"","_links_to":"","_links_to_target":""},"categories":[3061],"tags":[673,824],"class_list":{"0":"post-36681","1":"post","2":"type-post","3":"status-publish","4":"format-standard","5":"has-post-thumbnail","7":"category-zuzel","8":"tag-grand-prix","9":"tag-stal-gorzow"},"yoast_head":"<!-- This site is optimized with the Yoast SEO plugin v27.3 - https:\/\/yoast.com\/product\/yoast-seo-wordpress\/ -->\n<title>Brak rundy Speedway Grand Prix 2026 w Gorzowie! Turniej przej\u0119\u0142a \u0141\u00f3d\u017a - Gorz\u00f3w News<\/title>\n<meta name=\"description\" content=\"W opublikowanym dzi\u015b kalendarzu cyklu FIM Speedway Grand Prix 2026 nie znalaz\u0142a si\u0119 runda w Gorzowie na stadionie im. Edwarda Jancarza. Po raz pier\" \/>\n<meta name=\"robots\" content=\"index, follow, max-snippet:-1, max-image-preview:large, max-video-preview:-1\" \/>\n<link rel=\"canonical\" href=\"https:\/\/gorzow.news\/index.php\/2025\/11\/14\/brak-rundy-speedway-grand-prix-2026-w-gorzowie-turniej-przejela-lodz\/\" \/>\n<meta property=\"og:locale\" content=\"pl_PL\" \/>\n<meta property=\"og:type\" content=\"article\" \/>\n<meta property=\"og:title\" content=\"Brak rundy Speedway Grand Prix 2026 w Gorzowie! Turniej przej\u0119\u0142a \u0141\u00f3d\u017a - Gorz\u00f3w News\" \/>\n<meta property=\"og:description\" content=\"W opublikowanym dzi\u015b kalendarzu cyklu FIM Speedway Grand Prix 2026 nie znalaz\u0142a si\u0119 runda w Gorzowie na stadionie im. Edwarda Jancarza. Po raz pier\" \/>\n<meta property=\"og:url\" content=\"https:\/\/gorzow.news\/index.php\/2025\/11\/14\/brak-rundy-speedway-grand-prix-2026-w-gorzowie-turniej-przejela-lodz\/\" \/>\n<meta property=\"og:site_name\" content=\"Gorz\u00f3w News\" \/>\n<meta property=\"article:publisher\" content=\"https:\/\/www.facebook.com\/gorzowskinews\" \/>\n<meta property=\"article:published_time\" content=\"2025-11-14T14:20:00+00:00\" \/>\n<meta property=\"article:modified_time\" content=\"2025-11-17T17:42:51+00:00\" \/>\n<meta property=\"og:image\" content=\"https:\/\/gorzow.news\/wp-content\/uploads\/2025\/11\/24220368_RKLY-1024x683-1.jpg\" \/>\n\t<meta property=\"og:image:width\" content=\"1024\" \/>\n\t<meta property=\"og:image:height\" content=\"485\" \/>\n\t<meta property=\"og:image:type\" content=\"image\/jpeg\" \/>\n<meta name=\"author\" content=\"maciej\" \/>\n<meta name=\"twitter:card\" content=\"summary_large_image\" \/>\n<meta name=\"twitter:label1\" content=\"Napisane przez\" \/>\n\t<meta name=\"twitter:data1\" content=\"maciej\" \/>\n\t<meta name=\"twitter:label2\" content=\"Szacowany czas czytania\" \/>\n\t<meta name=\"twitter:data2\" content=\"2 minuty\" \/>\n<script type=\"application\/ld+json\" class=\"yoast-schema-graph\">{\"@context\":\"https:\\\/\\\/schema.org\",\"@graph\":[{\"@type\":\"Article\",\"@id\":\"https:\\\/\\\/gorzow.news\\\/index.php\\\/2025\\\/11\\\/14\\\/brak-rundy-speedway-grand-prix-2026-w-gorzowie-turniej-przejela-lodz\\\/#article\",\"isPartOf\":{\"@id\":\"https:\\\/\\\/gorzow.news\\\/index.php\\\/2025\\\/11\\\/14\\\/brak-rundy-speedway-grand-prix-2026-w-gorzowie-turniej-przejela-lodz\\\/\"},\"author\":{\"name\":\"maciej\",\"@id\":\"https:\\\/\\\/gorzow.news\\\/#\\\/schema\\\/person\\\/a1e5ab43166369f2ce236a1cd90995bb\"},\"headline\":\"Brak rundy Speedway Grand Prix 2026 w Gorzowie! Turniej przej\u0119\u0142a \u0141\u00f3d\u017a\",\"datePublished\":\"2025-11-14T14:20:00+00:00\",\"dateModified\":\"2025-11-17T17:42:51+00:00\",\"mainEntityOfPage\":{\"@id\":\"https:\\\/\\\/gorzow.news\\\/index.php\\\/2025\\\/11\\\/14\\\/brak-rundy-speedway-grand-prix-2026-w-gorzowie-turniej-przejela-lodz\\\/\"},\"wordCount\":254,\"commentCount\":0,\"image\":{\"@id\":\"https:\\\/\\\/gorzow.news\\\/index.php\\\/2025\\\/11\\\/14\\\/brak-rundy-speedway-grand-prix-2026-w-gorzowie-turniej-przejela-lodz\\\/#primaryimage\"},\"thumbnailUrl\":\"https:\\\/\\\/gorzow.news\\\/wp-content\\\/uploads\\\/2025\\\/11\\\/24220368_RKLY-1024x683-1.jpg\",\"keywords\":[\"Grand Prix\",\"Stal Gorz\u00f3w\"],\"articleSection\":[\"\u017bu\u017cel\"],\"inLanguage\":\"pl-PL\",\"potentialAction\":[{\"@type\":\"CommentAction\",\"name\":\"Comment\",\"target\":[\"https:\\\/\\\/gorzow.news\\\/index.php\\\/2025\\\/11\\\/14\\\/brak-rundy-speedway-grand-prix-2026-w-gorzowie-turniej-przejela-lodz\\\/#respond\"]}]},{\"@type\":\"WebPage\",\"@id\":\"https:\\\/\\\/gorzow.news\\\/index.php\\\/2025\\\/11\\\/14\\\/brak-rundy-speedway-grand-prix-2026-w-gorzowie-turniej-przejela-lodz\\\/\",\"url\":\"https:\\\/\\\/gorzow.news\\\/index.php\\\/2025\\\/11\\\/14\\\/brak-rundy-speedway-grand-prix-2026-w-gorzowie-turniej-przejela-lodz\\\/\",\"name\":\"Brak rundy Speedway Grand Prix 2026 w Gorzowie! Turniej przej\u0119\u0142a \u0141\u00f3d\u017a - Gorz\u00f3w News\",\"isPartOf\":{\"@id\":\"https:\\\/\\\/gorzow.news\\\/#website\"},\"primaryImageOfPage\":{\"@id\":\"https:\\\/\\\/gorzow.news\\\/index.php\\\/2025\\\/11\\\/14\\\/brak-rundy-speedway-grand-prix-2026-w-gorzowie-turniej-przejela-lodz\\\/#primaryimage\"},\"image\":{\"@id\":\"https:\\\/\\\/gorzow.news\\\/index.php\\\/2025\\\/11\\\/14\\\/brak-rundy-speedway-grand-prix-2026-w-gorzowie-turniej-przejela-lodz\\\/#primaryimage\"},\"thumbnailUrl\":\"https:\\\/\\\/gorzow.news\\\/wp-content\\\/uploads\\\/2025\\\/11\\\/24220368_RKLY-1024x683-1.jpg\",\"datePublished\":\"2025-11-14T14:20:00+00:00\",\"dateModified\":\"2025-11-17T17:42:51+00:00\",\"author\":{\"@id\":\"https:\\\/\\\/gorzow.news\\\/#\\\/schema\\\/person\\\/a1e5ab43166369f2ce236a1cd90995bb\"},\"description\":\"W opublikowanym dzi\u015b kalendarzu cyklu FIM Speedway Grand Prix 2026 nie znalaz\u0142a si\u0119 runda w Gorzowie na stadionie im. Edwarda Jancarza. Po raz pierwszy od lat \u017cu\u017clowi kibice w mie\u015bcie nie zobacz\u0105 turnieju indywidualnych mistrzostw \u015bwiata na swoim torze. Zamiast Gorzowa, jedn\u0105 z polskich lokalizacji w przysz\u0142orocznym kalendarzu SPG b\u0119dzie \u0141\u00f3d\u017a - tam 1 sierpnia odb\u0119dzie si\u0119 si\u00f3dma runda cyklu. Warto doda\u0107, \u017ce runda Grand Prix nie odb\u0119dzie si\u0119 ju\u017c tak\u017ce na Stadionie Narodowym.\",\"breadcrumb\":{\"@id\":\"https:\\\/\\\/gorzow.news\\\/index.php\\\/2025\\\/11\\\/14\\\/brak-rundy-speedway-grand-prix-2026-w-gorzowie-turniej-przejela-lodz\\\/#breadcrumb\"},\"inLanguage\":\"pl-PL\",\"potentialAction\":[{\"@type\":\"ReadAction\",\"target\":[\"https:\\\/\\\/gorzow.news\\\/index.php\\\/2025\\\/11\\\/14\\\/brak-rundy-speedway-grand-prix-2026-w-gorzowie-turniej-przejela-lodz\\\/\"]}]},{\"@type\":\"ImageObject\",\"inLanguage\":\"pl-PL\",\"@id\":\"https:\\\/\\\/gorzow.news\\\/index.php\\\/2025\\\/11\\\/14\\\/brak-rundy-speedway-grand-prix-2026-w-gorzowie-turniej-przejela-lodz\\\/#primaryimage\",\"url\":\"https:\\\/\\\/gorzow.news\\\/wp-content\\\/uploads\\\/2025\\\/11\\\/24220368_RKLY-1024x683-1.jpg\",\"contentUrl\":\"https:\\\/\\\/gorzow.news\\\/wp-content\\\/uploads\\\/2025\\\/11\\\/24220368_RKLY-1024x683-1.jpg\",\"width\":1024,\"height\":485,\"caption\":\"fot. Rados\u0142aw Kalina \\\/ Stal\"},{\"@type\":\"BreadcrumbList\",\"@id\":\"https:\\\/\\\/gorzow.news\\\/index.php\\\/2025\\\/11\\\/14\\\/brak-rundy-speedway-grand-prix-2026-w-gorzowie-turniej-przejela-lodz\\\/#breadcrumb\",\"itemListElement\":[{\"@type\":\"ListItem\",\"position\":1,\"name\":\"Home\",\"item\":\"https:\\\/\\\/gorzow.news\\\/\"},{\"@type\":\"ListItem\",\"position\":2,\"name\":\"Brak rundy Speedway Grand Prix 2026 w Gorzowie! Turniej przej\u0119\u0142a \u0141\u00f3d\u017a\"}]},{\"@type\":\"WebSite\",\"@id\":\"https:\\\/\\\/gorzow.news\\\/#website\",\"url\":\"https:\\\/\\\/gorzow.news\\\/\",\"name\":\"Gorz\u00f3w News\",\"description\":\"Sp\u00f3jrz inaczej na miato i region...\",\"potentialAction\":[{\"@type\":\"SearchAction\",\"target\":{\"@type\":\"EntryPoint\",\"urlTemplate\":\"https:\\\/\\\/gorzow.news\\\/?s={search_term_string}\"},\"query-input\":{\"@type\":\"PropertyValueSpecification\",\"valueRequired\":true,\"valueName\":\"search_term_string\"}}],\"inLanguage\":\"pl-PL\"},{\"@type\":\"Person\",\"@id\":\"https:\\\/\\\/gorzow.news\\\/#\\\/schema\\\/person\\\/a1e5ab43166369f2ce236a1cd90995bb\",\"name\":\"maciej\",\"image\":{\"@type\":\"ImageObject\",\"inLanguage\":\"pl-PL\",\"@id\":\"https:\\\/\\\/secure.gravatar.com\\\/avatar\\\/530a674d56ba60cfa0ef21d74e8e8d123a51bb7aa6580465b5c2ab2c2e980a19?s=96&r=g&d=https:\\\/\\\/gorzow.news\\\/wp-content\\\/plugins\\\/userswp\\\/assets\\\/images\\\/no_profile.png\",\"url\":\"https:\\\/\\\/secure.gravatar.com\\\/avatar\\\/530a674d56ba60cfa0ef21d74e8e8d123a51bb7aa6580465b5c2ab2c2e980a19?s=96&r=g&d=https:\\\/\\\/gorzow.news\\\/wp-content\\\/plugins\\\/userswp\\\/assets\\\/images\\\/no_profile.png\",\"contentUrl\":\"https:\\\/\\\/secure.gravatar.com\\\/avatar\\\/530a674d56ba60cfa0ef21d74e8e8d123a51bb7aa6580465b5c2ab2c2e980a19?s=96&r=g&d=https:\\\/\\\/gorzow.news\\\/wp-content\\\/plugins\\\/userswp\\\/assets\\\/images\\\/no_profile.png\",\"caption\":\"maciej\"},\"url\":\"https:\\\/\\\/gorzow.news\\\/index.php\\\/profile\\\/maciej\\\/\"}]}<\/script>\n<!-- \/ Yoast SEO plugin. -->","yoast_head_json":{"title":"Brak rundy Speedway Grand Prix 2026 w Gorzowie! Turniej przej\u0119\u0142a \u0141\u00f3d\u017a - Gorz\u00f3w News","description":"W opublikowanym dzi\u015b kalendarzu cyklu FIM Speedway Grand Prix 2026 nie znalaz\u0142a si\u0119 runda w Gorzowie na stadionie im. Edwarda Jancarza. Po raz pier","robots":{"index":"index","follow":"follow","max-snippet":"max-snippet:-1","max-image-preview":"max-image-preview:large","max-video-preview":"max-video-preview:-1"},"canonical":"https:\/\/gorzow.news\/index.php\/2025\/11\/14\/brak-rundy-speedway-grand-prix-2026-w-gorzowie-turniej-przejela-lodz\/","og_locale":"pl_PL","og_type":"article","og_title":"Brak rundy Speedway Grand Prix 2026 w Gorzowie! Turniej przej\u0119\u0142a \u0141\u00f3d\u017a - Gorz\u00f3w News","og_description":"W opublikowanym dzi\u015b kalendarzu cyklu FIM Speedway Grand Prix 2026 nie znalaz\u0142a si\u0119 runda w Gorzowie na stadionie im. Edwarda Jancarza. Po raz pier","og_url":"https:\/\/gorzow.news\/index.php\/2025\/11\/14\/brak-rundy-speedway-grand-prix-2026-w-gorzowie-turniej-przejela-lodz\/","og_site_name":"Gorz\u00f3w News","article_publisher":"https:\/\/www.facebook.com\/gorzowskinews","article_published_time":"2025-11-14T14:20:00+00:00","article_modified_time":"2025-11-17T17:42:51+00:00","og_image":[{"width":1024,"height":485,"url":"https:\/\/gorzow.news\/wp-content\/uploads\/2025\/11\/24220368_RKLY-1024x683-1.jpg","type":"image\/jpeg"}],"author":"maciej","twitter_card":"summary_large_image","twitter_misc":{"Napisane przez":"maciej","Szacowany czas czytania":"2 minuty"},"schema":{"@context":"https:\/\/schema.org","@graph":[{"@type":"Article","@id":"https:\/\/gorzow.news\/index.php\/2025\/11\/14\/brak-rundy-speedway-grand-prix-2026-w-gorzowie-turniej-przejela-lodz\/#article","isPartOf":{"@id":"https:\/\/gorzow.news\/index.php\/2025\/11\/14\/brak-rundy-speedway-grand-prix-2026-w-gorzowie-turniej-przejela-lodz\/"},"author":{"name":"maciej","@id":"https:\/\/gorzow.news\/#\/schema\/person\/a1e5ab43166369f2ce236a1cd90995bb"},"headline":"Brak rundy Speedway Grand Prix 2026 w Gorzowie! Turniej przej\u0119\u0142a \u0141\u00f3d\u017a","datePublished":"2025-11-14T14:20:00+00:00","dateModified":"2025-11-17T17:42:51+00:00","mainEntityOfPage":{"@id":"https:\/\/gorzow.news\/index.php\/2025\/11\/14\/brak-rundy-speedway-grand-prix-2026-w-gorzowie-turniej-przejela-lodz\/"},"wordCount":254,"commentCount":0,"image":{"@id":"https:\/\/gorzow.news\/index.php\/2025\/11\/14\/brak-rundy-speedway-grand-prix-2026-w-gorzowie-turniej-przejela-lodz\/#primaryimage"},"thumbnailUrl":"https:\/\/gorzow.news\/wp-content\/uploads\/2025\/11\/24220368_RKLY-1024x683-1.jpg","keywords":["Grand Prix","Stal Gorz\u00f3w"],"articleSection":["\u017bu\u017cel"],"inLanguage":"pl-PL","potentialAction":[{"@type":"CommentAction","name":"Comment","target":["https:\/\/gorzow.news\/index.php\/2025\/11\/14\/brak-rundy-speedway-grand-prix-2026-w-gorzowie-turniej-przejela-lodz\/#respond"]}]},{"@type":"WebPage","@id":"https:\/\/gorzow.news\/index.php\/2025\/11\/14\/brak-rundy-speedway-grand-prix-2026-w-gorzowie-turniej-przejela-lodz\/","url":"https:\/\/gorzow.news\/index.php\/2025\/11\/14\/brak-rundy-speedway-grand-prix-2026-w-gorzowie-turniej-przejela-lodz\/","name":"Brak rundy Speedway Grand Prix 2026 w Gorzowie! Turniej przej\u0119\u0142a \u0141\u00f3d\u017a - Gorz\u00f3w News","isPartOf":{"@id":"https:\/\/gorzow.news\/#website"},"primaryImageOfPage":{"@id":"https:\/\/gorzow.news\/index.php\/2025\/11\/14\/brak-rundy-speedway-grand-prix-2026-w-gorzowie-turniej-przejela-lodz\/#primaryimage"},"image":{"@id":"https:\/\/gorzow.news\/index.php\/2025\/11\/14\/brak-rundy-speedway-grand-prix-2026-w-gorzowie-turniej-przejela-lodz\/#primaryimage"},"thumbnailUrl":"https:\/\/gorzow.news\/wp-content\/uploads\/2025\/11\/24220368_RKLY-1024x683-1.jpg","datePublished":"2025-11-14T14:20:00+00:00","dateModified":"2025-11-17T17:42:51+00:00","author":{"@id":"https:\/\/gorzow.news\/#\/schema\/person\/a1e5ab43166369f2ce236a1cd90995bb"},"description":"W opublikowanym dzi\u015b kalendarzu cyklu FIM Speedway Grand Prix 2026 nie znalaz\u0142a si\u0119 runda w Gorzowie na stadionie im. Edwarda Jancarza. Po raz pierwszy od lat \u017cu\u017clowi kibice w mie\u015bcie nie zobacz\u0105 turnieju indywidualnych mistrzostw \u015bwiata na swoim torze. Zamiast Gorzowa, jedn\u0105 z polskich lokalizacji w przysz\u0142orocznym kalendarzu SPG b\u0119dzie \u0141\u00f3d\u017a - tam 1 sierpnia odb\u0119dzie si\u0119 si\u00f3dma runda cyklu. Warto doda\u0107, \u017ce runda Grand Prix nie odb\u0119dzie si\u0119 ju\u017c tak\u017ce na Stadionie Narodowym.","breadcrumb":{"@id":"https:\/\/gorzow.news\/index.php\/2025\/11\/14\/brak-rundy-speedway-grand-prix-2026-w-gorzowie-turniej-przejela-lodz\/#breadcrumb"},"inLanguage":"pl-PL","potentialAction":[{"@type":"ReadAction","target":["https:\/\/gorzow.news\/index.php\/2025\/11\/14\/brak-rundy-speedway-grand-prix-2026-w-gorzowie-turniej-przejela-lodz\/"]}]},{"@type":"ImageObject","inLanguage":"pl-PL","@id":"https:\/\/gorzow.news\/index.php\/2025\/11\/14\/brak-rundy-speedway-grand-prix-2026-w-gorzowie-turniej-przejela-lodz\/#primaryimage","url":"https:\/\/gorzow.news\/wp-content\/uploads\/2025\/11\/24220368_RKLY-1024x683-1.jpg","contentUrl":"https:\/\/gorzow.news\/wp-content\/uploads\/2025\/11\/24220368_RKLY-1024x683-1.jpg","width":1024,"height":485,"caption":"fot. Rados\u0142aw Kalina \/ Stal"},{"@type":"BreadcrumbList","@id":"https:\/\/gorzow.news\/index.php\/2025\/11\/14\/brak-rundy-speedway-grand-prix-2026-w-gorzowie-turniej-przejela-lodz\/#breadcrumb","itemListElement":[{"@type":"ListItem","position":1,"name":"Home","item":"https:\/\/gorzow.news\/"},{"@type":"ListItem","position":2,"name":"Brak rundy Speedway Grand Prix 2026 w Gorzowie! Turniej przej\u0119\u0142a \u0141\u00f3d\u017a"}]},{"@type":"WebSite","@id":"https:\/\/gorzow.news\/#website","url":"https:\/\/gorzow.news\/","name":"Gorz\u00f3w News","description":"Sp\u00f3jrz inaczej na miato i region...","potentialAction":[{"@type":"SearchAction","target":{"@type":"EntryPoint","urlTemplate":"https:\/\/gorzow.news\/?s={search_term_string}"},"query-input":{"@type":"PropertyValueSpecification","valueRequired":true,"valueName":"search_term_string"}}],"inLanguage":"pl-PL"},{"@type":"Person","@id":"https:\/\/gorzow.news\/#\/schema\/person\/a1e5ab43166369f2ce236a1cd90995bb","name":"maciej","image":{"@type":"ImageObject","inLanguage":"pl-PL","@id":"https:\/\/secure.gravatar.com\/avatar\/530a674d56ba60cfa0ef21d74e8e8d123a51bb7aa6580465b5c2ab2c2e980a19?s=96&r=g&d=https:\/\/gorzow.news\/wp-content\/plugins\/userswp\/assets\/images\/no_profile.png","url":"https:\/\/secure.gravatar.com\/avatar\/530a674d56ba60cfa0ef21d74e8e8d123a51bb7aa6580465b5c2ab2c2e980a19?s=96&r=g&d=https:\/\/gorzow.news\/wp-content\/plugins\/userswp\/assets\/images\/no_profile.png","contentUrl":"https:\/\/secure.gravatar.com\/avatar\/530a674d56ba60cfa0ef21d74e8e8d123a51bb7aa6580465b5c2ab2c2e980a19?s=96&r=g&d=https:\/\/gorzow.news\/wp-content\/plugins\/userswp\/assets\/images\/no_profile.png","caption":"maciej"},"url":"https:\/\/gorzow.news\/index.php\/profile\/maciej\/"}]}},"_links":{"self":[{"href":"https:\/\/gorzow.news\/index.php\/wp-json\/wp\/v2\/posts\/36681","targetHints":{"allow":["GET"]}}],"collection":[{"href":"https:\/\/gorzow.news\/index.php\/wp-json\/wp\/v2\/posts"}],"about":[{"href":"https:\/\/gorzow.news\/index.php\/wp-json\/wp\/v2\/types\/post"}],"author":[{"embeddable":true,"href":"https:\/\/gorzow.news\/index.php\/wp-json\/wp\/v2\/users\/1"}],"replies":[{"embeddable":true,"href":"https:\/\/gorzow.news\/index.php\/wp-json\/wp\/v2\/comments?post=36681"}],"version-history":[{"count":1,"href":"https:\/\/gorzow.news\/index.php\/wp-json\/wp\/v2\/posts\/36681\/revisions"}],"predecessor-version":[{"id":36683,"href":"https:\/\/gorzow.news\/index.php\/wp-json\/wp\/v2\/posts\/36681\/revisions\/36683"}],"wp:featuredmedia":[{"embeddable":true,"href":"https:\/\/gorzow.news\/index.php\/wp-json\/wp\/v2\/media\/36682"}],"wp:attachment":[{"href":"https:\/\/gorzow.news\/index.php\/wp-json\/wp\/v2\/media?parent=36681"}],"wp:term":[{"taxonomy":"category","embeddable":true,"href":"https:\/\/gorzow.news\/index.php\/wp-json\/wp\/v2\/categories?post=36681"},{"taxonomy":"post_tag","embeddable":true,"href":"https:\/\/gorzow.news\/index.php\/wp-json\/wp\/v2\/tags?post=36681"}],"curies":[{"name":"wp","href":"https:\/\/api.w.org\/{rel}","templated":true}]}}