{"id":36616,"date":"2025-11-12T12:11:00","date_gmt":"2025-11-12T11:11:00","guid":{"rendered":"https:\/\/gorzow.news\/?p=36616"},"modified":"2025-11-12T21:16:34","modified_gmt":"2025-11-12T20:16:34","slug":"w-czwartek-i-piatek-na-slowiance-final-pge-grand-prix-polski-seniorow","status":"publish","type":"post","link":"https:\/\/gorzow.news\/index.php\/2025\/11\/12\/w-czwartek-i-piatek-na-slowiance-final-pge-grand-prix-polski-seniorow\/","title":{"rendered":"W czwartek i pi\u0105tek na S\u0142owiance Fina\u0142 PGE Grand Prix Polski Senior\u00f3w"},"content":{"rendered":"\n<p><strong>Jedno z najwa\u017cniejszych wydarze\u0144 p\u0142ywackich w Polsce &#8211; Fina\u0142 PGE Grand Prix Polski Senior\u00f3w ju\u017c 13 i 14 listopada 2025 r. w Centrum Sportowo-Rehabilitacyjnym \u201eS\u0142owianka\u201d. To najwa\u017cniejsza og\u00f3lnopolska impreza sezonu, w kt\u00f3rej udzia\u0142 wezm\u0105 najlepsi zawodnicy z ca\u0142ego kraju.<\/strong><\/p>\n\n\n\n<p>Stawka b\u0119dzie wyj\u0105tkowa &#8211; zawody stanowi\u0105 ostatni\u0105 szans\u0119 na uzyskanie minim\u00f3w kwalifikacyjnych na Mistrzostwa Europy, kt\u00f3re odb\u0119d\u0105 si\u0119 w dniach 2\u20137 grudnia 2025 r. w Lublinie. Z tego powodu udzia\u0142 w rywalizacji zapowiedzieli r\u00f3wnie\u017c czo\u0142owi p\u0142ywacy z ca\u0142ej Europy, dla kt\u00f3rych blisko\u015b\u0107 imprezy docelowej jest doskona\u0142\u0105 okazj\u0105 do startu na wysokim poziomie sportowym.<\/p>\n\n\n\n<p>&#8211; To kolejne wydarzenie wielkiej rangi, kt\u00f3re odb\u0119dzie si\u0119 w CSR \u201eS\u0142owianka\u201d. Fakt, \u017ce po wielu latach og\u00f3lnopolska elita wraca do Gorzowa, jest wyrazem ogromnego zaufania \u015brodowiska sportowego do naszego profesjonalizmu w organizacji zawod\u00f3w &#8211; podkre\u015bla <strong>Agata Dusi\u0144ska<\/strong>, prezes Centrum. &#8211; Cieszy nas, \u017ce Gorz\u00f3w staje si\u0119 ponownie wa\u017cnym punktem na mapie krajowego p\u0142ywania, a zawodnicy z Polski i Europy wybieraj\u0105 w\u0142a\u015bnie nasz obiekt &#8211; dodaje.<\/p>\n\n\n\n<figure class=\"wp-block-image size-large\"><img loading=\"lazy\" decoding=\"async\" width=\"1024\" height=\"576\" src=\"https:\/\/gorzow.news\/wp-content\/uploads\/2025\/11\/580049669_1496660885155860_4639775658474550533_n-1024x576.jpg\" alt=\"\" class=\"wp-image-36617\" srcset=\"https:\/\/gorzow.news\/wp-content\/uploads\/2025\/11\/580049669_1496660885155860_4639775658474550533_n-1024x576.jpg 1024w, https:\/\/gorzow.news\/wp-content\/uploads\/2025\/11\/580049669_1496660885155860_4639775658474550533_n-300x169.jpg 300w, https:\/\/gorzow.news\/wp-content\/uploads\/2025\/11\/580049669_1496660885155860_4639775658474550533_n-768x432.jpg 768w, https:\/\/gorzow.news\/wp-content\/uploads\/2025\/11\/580049669_1496660885155860_4639775658474550533_n-1536x864.jpg 1536w, https:\/\/gorzow.news\/wp-content\/uploads\/2025\/11\/580049669_1496660885155860_4639775658474550533_n-696x392.jpg 696w, https:\/\/gorzow.news\/wp-content\/uploads\/2025\/11\/580049669_1496660885155860_4639775658474550533_n-1068x601.jpg 1068w, https:\/\/gorzow.news\/wp-content\/uploads\/2025\/11\/580049669_1496660885155860_4639775658474550533_n.jpg 1600w\" sizes=\"auto, (max-width: 1024px) 100vw, 1024px\" \/><\/figure>\n\n\n\n<p>Zmagania fina\u0142owe b\u0119d\u0105 transmitowane na antenie TVP Sport oraz online, co pozwoli promowa\u0107 miasto i region na og\u00f3lnopolsk\u0105 skal\u0119.<\/p>\n\n\n\n<p>Podczas specjalnej konferencji zapowiadaj\u0105cej wydarzenie g\u0142os zabra\u0142a <strong>Anna Synowiec<\/strong>, przewodnicz\u0105ca Sejmiku Wojew\u00f3dztwa Lubuskiego, kt\u00f3ra zwr\u00f3ci\u0142a uwag\u0119 na lokalne zaanga\u017cowanie w organizacj\u0119 wydarzenia: &#8211; To wydarzenie, kt\u00f3re pokazuje \u015bwietn\u0105 wsp\u00f3\u0142prac\u0119 i determinacj\u0119 \u015brodowiska sportowego. Szczeg\u00f3lnie wa\u017cne jest to, \u017ce inicjatywa wyp\u0142ywa z samego \u015brodowiska &#8211; ze szko\u0142y sportowej prowadzonej przez mistrza olimpijskiego Tomasza Kucharskiego. Jako Sejmik z satysfakcj\u0105 wspieramy takie projekty, bo to najlepsza promocja regionu i m\u0142odych talent\u00f3w &#8211; m\u00f3wi\u0142a Synowiec. &#8211; Dzi\u0119kuj\u0119 pani prezes Agacie Dusi\u0144skiej za kolejny dow\u00f3d profesjonalnego zaanga\u017cowania i za to, \u017ce konsekwentnie przyci\u0105ga do Gorzowa wydarzenia na najwy\u017cszym poziomie &#8211; doda\u0142a.<\/p>\n\n\n\n<p>Fina\u0142 PGE Grand Prix Polski b\u0119dzie wyj\u0105tkow\u0105 okazj\u0105, by zobaczy\u0107 w Gorzowie najlepszych polskich p\u0142ywak\u00f3w, a by\u0107 mo\u017ce tak\u017ce przysz\u0142ych medalist\u00f3w mistrzostw Europy.<\/p>\n\n\n\n<p>CSR \u201eS\u0142owianka\u201d zaprasza kibic\u00f3w na trybuny w dniach 13\u201314 listopada. Wszystko wskazuje na to, \u017ce emocji sportowych nie zabraknie.<\/p>\n\n\n\n<p>Zmagania fina\u0142owe b\u0119dzie mo\u017cna ogl\u0105da\u0107 na antenie TVP Sport:<br>czwartek: 9:00-12:00 oraz 17:00-20:00<br>pi\u0105tek: 9:00-12:00<\/p>\n","protected":false},"excerpt":{"rendered":"<p>Jedno z najwa\u017cniejszych wydarze\u0144 p\u0142ywackich w Polsce &#8211; Fina\u0142 PGE Grand Prix Polski Senior\u00f3w ju\u017c 13 i 14 listopada 2025 r. w Centrum Sportowo-Rehabilitacyjnym \u201eS\u0142owianka\u201d. To najwa\u017cniejsza og\u00f3lnopolska impreza sezonu, w kt\u00f3rej udzia\u0142 wezm\u0105 najlepsi zawodnicy z ca\u0142ego kraju. Stawka b\u0119dzie wyj\u0105tkowa &#8211; zawody stanowi\u0105 ostatni\u0105 szans\u0119 na uzyskanie minim\u00f3w kwalifikacyjnych na Mistrzostwa Europy, kt\u00f3re [&hellip;]<\/p>\n","protected":false},"author":1,"featured_media":36618,"comment_status":"open","ping_status":"open","sticky":false,"template":"","format":"standard","meta":{"footnotes":"","_links_to":"","_links_to_target":""},"categories":[3066,589],"tags":[932,3624],"class_list":{"0":"post-36616","1":"post","2":"type-post","3":"status-publish","4":"format-standard","5":"has-post-thumbnail","7":"category-inne","8":"category-wiadomosci","10":"tag-pge-grand-prix-polski-seniorow"},"yoast_head":"<!-- This site is optimized with the Yoast SEO plugin v27.3 - https:\/\/yoast.com\/product\/yoast-seo-wordpress\/ -->\n<title>W czwartek i pi\u0105tek na S\u0142owiance Fina\u0142 PGE Grand Prix Polski Senior\u00f3w - Gorz\u00f3w News<\/title>\n<meta name=\"description\" content=\"Jedno z najwa\u017cniejszych wydarze\u0144 p\u0142ywackich w Polsce - Fina\u0142 PGE Grand Prix Polski Senior\u00f3w ju\u017c 13 i 14 listopada 2025 r. w Centrum Sportowo-Reh\" \/>\n<meta name=\"robots\" content=\"index, follow, max-snippet:-1, max-image-preview:large, max-video-preview:-1\" \/>\n<link rel=\"canonical\" href=\"https:\/\/gorzow.news\/index.php\/2025\/11\/12\/w-czwartek-i-piatek-na-slowiance-final-pge-grand-prix-polski-seniorow\/\" \/>\n<meta property=\"og:locale\" content=\"pl_PL\" \/>\n<meta property=\"og:type\" content=\"article\" \/>\n<meta property=\"og:title\" content=\"W czwartek i pi\u0105tek na S\u0142owiance Fina\u0142 PGE Grand Prix Polski Senior\u00f3w - Gorz\u00f3w News\" \/>\n<meta property=\"og:description\" content=\"Jedno z najwa\u017cniejszych wydarze\u0144 p\u0142ywackich w Polsce - Fina\u0142 PGE Grand Prix Polski Senior\u00f3w ju\u017c 13 i 14 listopada 2025 r. w Centrum Sportowo-Reh\" \/>\n<meta property=\"og:url\" content=\"https:\/\/gorzow.news\/index.php\/2025\/11\/12\/w-czwartek-i-piatek-na-slowiance-final-pge-grand-prix-polski-seniorow\/\" \/>\n<meta property=\"og:site_name\" content=\"Gorz\u00f3w News\" \/>\n<meta property=\"article:publisher\" content=\"https:\/\/www.facebook.com\/gorzowskinews\" \/>\n<meta property=\"article:published_time\" content=\"2025-11-12T11:11:00+00:00\" \/>\n<meta property=\"article:modified_time\" content=\"2025-11-12T20:16:34+00:00\" \/>\n<meta property=\"og:image\" content=\"https:\/\/gorzow.news\/wp-content\/uploads\/2025\/11\/WhatsApp-Image-2025-11-04-at-14.17.58-1-1536x1153-1.jpeg\" \/>\n\t<meta property=\"og:image:width\" content=\"1536\" \/>\n\t<meta property=\"og:image:height\" content=\"727\" \/>\n\t<meta property=\"og:image:type\" content=\"image\/jpeg\" \/>\n<meta name=\"author\" content=\"maciej\" \/>\n<meta name=\"twitter:card\" content=\"summary_large_image\" \/>\n<meta name=\"twitter:label1\" content=\"Napisane przez\" \/>\n\t<meta name=\"twitter:data1\" content=\"maciej\" \/>\n\t<meta name=\"twitter:label2\" content=\"Szacowany czas czytania\" \/>\n\t<meta name=\"twitter:data2\" content=\"3 minuty\" \/>\n<script type=\"application\/ld+json\" class=\"yoast-schema-graph\">{\"@context\":\"https:\\\/\\\/schema.org\",\"@graph\":[{\"@type\":\"Article\",\"@id\":\"https:\\\/\\\/gorzow.news\\\/index.php\\\/2025\\\/11\\\/12\\\/w-czwartek-i-piatek-na-slowiance-final-pge-grand-prix-polski-seniorow\\\/#article\",\"isPartOf\":{\"@id\":\"https:\\\/\\\/gorzow.news\\\/index.php\\\/2025\\\/11\\\/12\\\/w-czwartek-i-piatek-na-slowiance-final-pge-grand-prix-polski-seniorow\\\/\"},\"author\":{\"name\":\"maciej\",\"@id\":\"https:\\\/\\\/gorzow.news\\\/#\\\/schema\\\/person\\\/a1e5ab43166369f2ce236a1cd90995bb\"},\"headline\":\"W czwartek i pi\u0105tek na S\u0142owiance Fina\u0142 PGE Grand Prix Polski Senior\u00f3w\",\"datePublished\":\"2025-11-12T11:11:00+00:00\",\"dateModified\":\"2025-11-12T20:16:34+00:00\",\"mainEntityOfPage\":{\"@id\":\"https:\\\/\\\/gorzow.news\\\/index.php\\\/2025\\\/11\\\/12\\\/w-czwartek-i-piatek-na-slowiance-final-pge-grand-prix-polski-seniorow\\\/\"},\"wordCount\":413,\"commentCount\":0,\"image\":{\"@id\":\"https:\\\/\\\/gorzow.news\\\/index.php\\\/2025\\\/11\\\/12\\\/w-czwartek-i-piatek-na-slowiance-final-pge-grand-prix-polski-seniorow\\\/#primaryimage\"},\"thumbnailUrl\":\"https:\\\/\\\/gorzow.news\\\/wp-content\\\/uploads\\\/2025\\\/11\\\/WhatsApp-Image-2025-11-04-at-14.17.58-1-1536x1153-1.jpeg\",\"keywords\":[\"Centrum Sportowo-Rehabilitacyjne S\u0142owianka\",\"PGE Grand Prix Polski Senior\u00f3w\"],\"articleSection\":[\"Inne\",\"Wiadomo\u015bci\"],\"inLanguage\":\"pl-PL\",\"potentialAction\":[{\"@type\":\"CommentAction\",\"name\":\"Comment\",\"target\":[\"https:\\\/\\\/gorzow.news\\\/index.php\\\/2025\\\/11\\\/12\\\/w-czwartek-i-piatek-na-slowiance-final-pge-grand-prix-polski-seniorow\\\/#respond\"]}]},{\"@type\":\"WebPage\",\"@id\":\"https:\\\/\\\/gorzow.news\\\/index.php\\\/2025\\\/11\\\/12\\\/w-czwartek-i-piatek-na-slowiance-final-pge-grand-prix-polski-seniorow\\\/\",\"url\":\"https:\\\/\\\/gorzow.news\\\/index.php\\\/2025\\\/11\\\/12\\\/w-czwartek-i-piatek-na-slowiance-final-pge-grand-prix-polski-seniorow\\\/\",\"name\":\"W czwartek i pi\u0105tek na S\u0142owiance Fina\u0142 PGE Grand Prix Polski Senior\u00f3w - Gorz\u00f3w News\",\"isPartOf\":{\"@id\":\"https:\\\/\\\/gorzow.news\\\/#website\"},\"primaryImageOfPage\":{\"@id\":\"https:\\\/\\\/gorzow.news\\\/index.php\\\/2025\\\/11\\\/12\\\/w-czwartek-i-piatek-na-slowiance-final-pge-grand-prix-polski-seniorow\\\/#primaryimage\"},\"image\":{\"@id\":\"https:\\\/\\\/gorzow.news\\\/index.php\\\/2025\\\/11\\\/12\\\/w-czwartek-i-piatek-na-slowiance-final-pge-grand-prix-polski-seniorow\\\/#primaryimage\"},\"thumbnailUrl\":\"https:\\\/\\\/gorzow.news\\\/wp-content\\\/uploads\\\/2025\\\/11\\\/WhatsApp-Image-2025-11-04-at-14.17.58-1-1536x1153-1.jpeg\",\"datePublished\":\"2025-11-12T11:11:00+00:00\",\"dateModified\":\"2025-11-12T20:16:34+00:00\",\"author\":{\"@id\":\"https:\\\/\\\/gorzow.news\\\/#\\\/schema\\\/person\\\/a1e5ab43166369f2ce236a1cd90995bb\"},\"description\":\"Jedno z najwa\u017cniejszych wydarze\u0144 p\u0142ywackich w Polsce - Fina\u0142 PGE Grand Prix Polski Senior\u00f3w ju\u017c 13 i 14 listopada 2025 r. w Centrum Sportowo-Rehabilitacyjnym \u201eS\u0142owianka\u201d. To najwa\u017cniejsza og\u00f3lnopolska impreza sezonu, w kt\u00f3rej udzia\u0142 wezm\u0105 najlepsi zawodnicy z ca\u0142ego kraju.\",\"breadcrumb\":{\"@id\":\"https:\\\/\\\/gorzow.news\\\/index.php\\\/2025\\\/11\\\/12\\\/w-czwartek-i-piatek-na-slowiance-final-pge-grand-prix-polski-seniorow\\\/#breadcrumb\"},\"inLanguage\":\"pl-PL\",\"potentialAction\":[{\"@type\":\"ReadAction\",\"target\":[\"https:\\\/\\\/gorzow.news\\\/index.php\\\/2025\\\/11\\\/12\\\/w-czwartek-i-piatek-na-slowiance-final-pge-grand-prix-polski-seniorow\\\/\"]}]},{\"@type\":\"ImageObject\",\"inLanguage\":\"pl-PL\",\"@id\":\"https:\\\/\\\/gorzow.news\\\/index.php\\\/2025\\\/11\\\/12\\\/w-czwartek-i-piatek-na-slowiance-final-pge-grand-prix-polski-seniorow\\\/#primaryimage\",\"url\":\"https:\\\/\\\/gorzow.news\\\/wp-content\\\/uploads\\\/2025\\\/11\\\/WhatsApp-Image-2025-11-04-at-14.17.58-1-1536x1153-1.jpeg\",\"contentUrl\":\"https:\\\/\\\/gorzow.news\\\/wp-content\\\/uploads\\\/2025\\\/11\\\/WhatsApp-Image-2025-11-04-at-14.17.58-1-1536x1153-1.jpeg\",\"width\":1536,\"height\":727,\"caption\":\"Konferencja przed wydarzeniem. fot. S\u0142owianka\"},{\"@type\":\"BreadcrumbList\",\"@id\":\"https:\\\/\\\/gorzow.news\\\/index.php\\\/2025\\\/11\\\/12\\\/w-czwartek-i-piatek-na-slowiance-final-pge-grand-prix-polski-seniorow\\\/#breadcrumb\",\"itemListElement\":[{\"@type\":\"ListItem\",\"position\":1,\"name\":\"Home\",\"item\":\"https:\\\/\\\/gorzow.news\\\/\"},{\"@type\":\"ListItem\",\"position\":2,\"name\":\"W czwartek i pi\u0105tek na S\u0142owiance Fina\u0142 PGE Grand Prix Polski Senior\u00f3w\"}]},{\"@type\":\"WebSite\",\"@id\":\"https:\\\/\\\/gorzow.news\\\/#website\",\"url\":\"https:\\\/\\\/gorzow.news\\\/\",\"name\":\"Gorz\u00f3w News\",\"description\":\"Sp\u00f3jrz inaczej na miato i region...\",\"potentialAction\":[{\"@type\":\"SearchAction\",\"target\":{\"@type\":\"EntryPoint\",\"urlTemplate\":\"https:\\\/\\\/gorzow.news\\\/?s={search_term_string}\"},\"query-input\":{\"@type\":\"PropertyValueSpecification\",\"valueRequired\":true,\"valueName\":\"search_term_string\"}}],\"inLanguage\":\"pl-PL\"},{\"@type\":\"Person\",\"@id\":\"https:\\\/\\\/gorzow.news\\\/#\\\/schema\\\/person\\\/a1e5ab43166369f2ce236a1cd90995bb\",\"name\":\"maciej\",\"image\":{\"@type\":\"ImageObject\",\"inLanguage\":\"pl-PL\",\"@id\":\"https:\\\/\\\/secure.gravatar.com\\\/avatar\\\/530a674d56ba60cfa0ef21d74e8e8d123a51bb7aa6580465b5c2ab2c2e980a19?s=96&r=g&d=https:\\\/\\\/gorzow.news\\\/wp-content\\\/plugins\\\/userswp\\\/assets\\\/images\\\/no_profile.png\",\"url\":\"https:\\\/\\\/secure.gravatar.com\\\/avatar\\\/530a674d56ba60cfa0ef21d74e8e8d123a51bb7aa6580465b5c2ab2c2e980a19?s=96&r=g&d=https:\\\/\\\/gorzow.news\\\/wp-content\\\/plugins\\\/userswp\\\/assets\\\/images\\\/no_profile.png\",\"contentUrl\":\"https:\\\/\\\/secure.gravatar.com\\\/avatar\\\/530a674d56ba60cfa0ef21d74e8e8d123a51bb7aa6580465b5c2ab2c2e980a19?s=96&r=g&d=https:\\\/\\\/gorzow.news\\\/wp-content\\\/plugins\\\/userswp\\\/assets\\\/images\\\/no_profile.png\",\"caption\":\"maciej\"},\"url\":\"https:\\\/\\\/gorzow.news\\\/index.php\\\/profile\\\/maciej\\\/\"}]}<\/script>\n<!-- \/ Yoast SEO plugin. -->","yoast_head_json":{"title":"W czwartek i pi\u0105tek na S\u0142owiance Fina\u0142 PGE Grand Prix Polski Senior\u00f3w - Gorz\u00f3w News","description":"Jedno z najwa\u017cniejszych wydarze\u0144 p\u0142ywackich w Polsce - Fina\u0142 PGE Grand Prix Polski Senior\u00f3w ju\u017c 13 i 14 listopada 2025 r. w Centrum Sportowo-Reh","robots":{"index":"index","follow":"follow","max-snippet":"max-snippet:-1","max-image-preview":"max-image-preview:large","max-video-preview":"max-video-preview:-1"},"canonical":"https:\/\/gorzow.news\/index.php\/2025\/11\/12\/w-czwartek-i-piatek-na-slowiance-final-pge-grand-prix-polski-seniorow\/","og_locale":"pl_PL","og_type":"article","og_title":"W czwartek i pi\u0105tek na S\u0142owiance Fina\u0142 PGE Grand Prix Polski Senior\u00f3w - Gorz\u00f3w News","og_description":"Jedno z najwa\u017cniejszych wydarze\u0144 p\u0142ywackich w Polsce - Fina\u0142 PGE Grand Prix Polski Senior\u00f3w ju\u017c 13 i 14 listopada 2025 r. w Centrum Sportowo-Reh","og_url":"https:\/\/gorzow.news\/index.php\/2025\/11\/12\/w-czwartek-i-piatek-na-slowiance-final-pge-grand-prix-polski-seniorow\/","og_site_name":"Gorz\u00f3w News","article_publisher":"https:\/\/www.facebook.com\/gorzowskinews","article_published_time":"2025-11-12T11:11:00+00:00","article_modified_time":"2025-11-12T20:16:34+00:00","og_image":[{"width":1536,"height":727,"url":"https:\/\/gorzow.news\/wp-content\/uploads\/2025\/11\/WhatsApp-Image-2025-11-04-at-14.17.58-1-1536x1153-1.jpeg","type":"image\/jpeg"}],"author":"maciej","twitter_card":"summary_large_image","twitter_misc":{"Napisane przez":"maciej","Szacowany czas czytania":"3 minuty"},"schema":{"@context":"https:\/\/schema.org","@graph":[{"@type":"Article","@id":"https:\/\/gorzow.news\/index.php\/2025\/11\/12\/w-czwartek-i-piatek-na-slowiance-final-pge-grand-prix-polski-seniorow\/#article","isPartOf":{"@id":"https:\/\/gorzow.news\/index.php\/2025\/11\/12\/w-czwartek-i-piatek-na-slowiance-final-pge-grand-prix-polski-seniorow\/"},"author":{"name":"maciej","@id":"https:\/\/gorzow.news\/#\/schema\/person\/a1e5ab43166369f2ce236a1cd90995bb"},"headline":"W czwartek i pi\u0105tek na S\u0142owiance Fina\u0142 PGE Grand Prix Polski Senior\u00f3w","datePublished":"2025-11-12T11:11:00+00:00","dateModified":"2025-11-12T20:16:34+00:00","mainEntityOfPage":{"@id":"https:\/\/gorzow.news\/index.php\/2025\/11\/12\/w-czwartek-i-piatek-na-slowiance-final-pge-grand-prix-polski-seniorow\/"},"wordCount":413,"commentCount":0,"image":{"@id":"https:\/\/gorzow.news\/index.php\/2025\/11\/12\/w-czwartek-i-piatek-na-slowiance-final-pge-grand-prix-polski-seniorow\/#primaryimage"},"thumbnailUrl":"https:\/\/gorzow.news\/wp-content\/uploads\/2025\/11\/WhatsApp-Image-2025-11-04-at-14.17.58-1-1536x1153-1.jpeg","keywords":["Centrum Sportowo-Rehabilitacyjne S\u0142owianka","PGE Grand Prix Polski Senior\u00f3w"],"articleSection":["Inne","Wiadomo\u015bci"],"inLanguage":"pl-PL","potentialAction":[{"@type":"CommentAction","name":"Comment","target":["https:\/\/gorzow.news\/index.php\/2025\/11\/12\/w-czwartek-i-piatek-na-slowiance-final-pge-grand-prix-polski-seniorow\/#respond"]}]},{"@type":"WebPage","@id":"https:\/\/gorzow.news\/index.php\/2025\/11\/12\/w-czwartek-i-piatek-na-slowiance-final-pge-grand-prix-polski-seniorow\/","url":"https:\/\/gorzow.news\/index.php\/2025\/11\/12\/w-czwartek-i-piatek-na-slowiance-final-pge-grand-prix-polski-seniorow\/","name":"W czwartek i pi\u0105tek na S\u0142owiance Fina\u0142 PGE Grand Prix Polski Senior\u00f3w - Gorz\u00f3w News","isPartOf":{"@id":"https:\/\/gorzow.news\/#website"},"primaryImageOfPage":{"@id":"https:\/\/gorzow.news\/index.php\/2025\/11\/12\/w-czwartek-i-piatek-na-slowiance-final-pge-grand-prix-polski-seniorow\/#primaryimage"},"image":{"@id":"https:\/\/gorzow.news\/index.php\/2025\/11\/12\/w-czwartek-i-piatek-na-slowiance-final-pge-grand-prix-polski-seniorow\/#primaryimage"},"thumbnailUrl":"https:\/\/gorzow.news\/wp-content\/uploads\/2025\/11\/WhatsApp-Image-2025-11-04-at-14.17.58-1-1536x1153-1.jpeg","datePublished":"2025-11-12T11:11:00+00:00","dateModified":"2025-11-12T20:16:34+00:00","author":{"@id":"https:\/\/gorzow.news\/#\/schema\/person\/a1e5ab43166369f2ce236a1cd90995bb"},"description":"Jedno z najwa\u017cniejszych wydarze\u0144 p\u0142ywackich w Polsce - Fina\u0142 PGE Grand Prix Polski Senior\u00f3w ju\u017c 13 i 14 listopada 2025 r. w Centrum Sportowo-Rehabilitacyjnym \u201eS\u0142owianka\u201d. To najwa\u017cniejsza og\u00f3lnopolska impreza sezonu, w kt\u00f3rej udzia\u0142 wezm\u0105 najlepsi zawodnicy z ca\u0142ego kraju.","breadcrumb":{"@id":"https:\/\/gorzow.news\/index.php\/2025\/11\/12\/w-czwartek-i-piatek-na-slowiance-final-pge-grand-prix-polski-seniorow\/#breadcrumb"},"inLanguage":"pl-PL","potentialAction":[{"@type":"ReadAction","target":["https:\/\/gorzow.news\/index.php\/2025\/11\/12\/w-czwartek-i-piatek-na-slowiance-final-pge-grand-prix-polski-seniorow\/"]}]},{"@type":"ImageObject","inLanguage":"pl-PL","@id":"https:\/\/gorzow.news\/index.php\/2025\/11\/12\/w-czwartek-i-piatek-na-slowiance-final-pge-grand-prix-polski-seniorow\/#primaryimage","url":"https:\/\/gorzow.news\/wp-content\/uploads\/2025\/11\/WhatsApp-Image-2025-11-04-at-14.17.58-1-1536x1153-1.jpeg","contentUrl":"https:\/\/gorzow.news\/wp-content\/uploads\/2025\/11\/WhatsApp-Image-2025-11-04-at-14.17.58-1-1536x1153-1.jpeg","width":1536,"height":727,"caption":"Konferencja przed wydarzeniem. fot. S\u0142owianka"},{"@type":"BreadcrumbList","@id":"https:\/\/gorzow.news\/index.php\/2025\/11\/12\/w-czwartek-i-piatek-na-slowiance-final-pge-grand-prix-polski-seniorow\/#breadcrumb","itemListElement":[{"@type":"ListItem","position":1,"name":"Home","item":"https:\/\/gorzow.news\/"},{"@type":"ListItem","position":2,"name":"W czwartek i pi\u0105tek na S\u0142owiance Fina\u0142 PGE Grand Prix Polski Senior\u00f3w"}]},{"@type":"WebSite","@id":"https:\/\/gorzow.news\/#website","url":"https:\/\/gorzow.news\/","name":"Gorz\u00f3w News","description":"Sp\u00f3jrz inaczej na miato i region...","potentialAction":[{"@type":"SearchAction","target":{"@type":"EntryPoint","urlTemplate":"https:\/\/gorzow.news\/?s={search_term_string}"},"query-input":{"@type":"PropertyValueSpecification","valueRequired":true,"valueName":"search_term_string"}}],"inLanguage":"pl-PL"},{"@type":"Person","@id":"https:\/\/gorzow.news\/#\/schema\/person\/a1e5ab43166369f2ce236a1cd90995bb","name":"maciej","image":{"@type":"ImageObject","inLanguage":"pl-PL","@id":"https:\/\/secure.gravatar.com\/avatar\/530a674d56ba60cfa0ef21d74e8e8d123a51bb7aa6580465b5c2ab2c2e980a19?s=96&r=g&d=https:\/\/gorzow.news\/wp-content\/plugins\/userswp\/assets\/images\/no_profile.png","url":"https:\/\/secure.gravatar.com\/avatar\/530a674d56ba60cfa0ef21d74e8e8d123a51bb7aa6580465b5c2ab2c2e980a19?s=96&r=g&d=https:\/\/gorzow.news\/wp-content\/plugins\/userswp\/assets\/images\/no_profile.png","contentUrl":"https:\/\/secure.gravatar.com\/avatar\/530a674d56ba60cfa0ef21d74e8e8d123a51bb7aa6580465b5c2ab2c2e980a19?s=96&r=g&d=https:\/\/gorzow.news\/wp-content\/plugins\/userswp\/assets\/images\/no_profile.png","caption":"maciej"},"url":"https:\/\/gorzow.news\/index.php\/profile\/maciej\/"}]}},"_links":{"self":[{"href":"https:\/\/gorzow.news\/index.php\/wp-json\/wp\/v2\/posts\/36616","targetHints":{"allow":["GET"]}}],"collection":[{"href":"https:\/\/gorzow.news\/index.php\/wp-json\/wp\/v2\/posts"}],"about":[{"href":"https:\/\/gorzow.news\/index.php\/wp-json\/wp\/v2\/types\/post"}],"author":[{"embeddable":true,"href":"https:\/\/gorzow.news\/index.php\/wp-json\/wp\/v2\/users\/1"}],"replies":[{"embeddable":true,"href":"https:\/\/gorzow.news\/index.php\/wp-json\/wp\/v2\/comments?post=36616"}],"version-history":[{"count":1,"href":"https:\/\/gorzow.news\/index.php\/wp-json\/wp\/v2\/posts\/36616\/revisions"}],"predecessor-version":[{"id":36620,"href":"https:\/\/gorzow.news\/index.php\/wp-json\/wp\/v2\/posts\/36616\/revisions\/36620"}],"wp:featuredmedia":[{"embeddable":true,"href":"https:\/\/gorzow.news\/index.php\/wp-json\/wp\/v2\/media\/36618"}],"wp:attachment":[{"href":"https:\/\/gorzow.news\/index.php\/wp-json\/wp\/v2\/media?parent=36616"}],"wp:term":[{"taxonomy":"category","embeddable":true,"href":"https:\/\/gorzow.news\/index.php\/wp-json\/wp\/v2\/categories?post=36616"},{"taxonomy":"post_tag","embeddable":true,"href":"https:\/\/gorzow.news\/index.php\/wp-json\/wp\/v2\/tags?post=36616"}],"curies":[{"name":"wp","href":"https:\/\/api.w.org\/{rel}","templated":true}]}}