{"id":36511,"date":"2025-11-09T13:11:15","date_gmt":"2025-11-09T12:11:15","guid":{"rendered":"https:\/\/gorzow.news\/?p=36511"},"modified":"2025-11-09T13:12:35","modified_gmt":"2025-11-09T12:12:35","slug":"nowy-smak-w-galerii-askana-piekarnia-i-cukiernia-nitor-otworzyla-swoj-punkt-na-poziomie-zero","status":"publish","type":"post","link":"https:\/\/gorzow.news\/index.php\/2025\/11\/09\/nowy-smak-w-galerii-askana-piekarnia-i-cukiernia-nitor-otworzyla-swoj-punkt-na-poziomie-zero\/","title":{"rendered":"Nowy smak w Galerii Askana &#8211; piekarnia i cukiernia NITOR otworzy\u0142a sw\u00f3j punkt na poziomie zero"},"content":{"rendered":"\n<p><strong>W pi\u0105tek w Galerii Askana swoje drzwi otworzy\u0142a piekarnia i cukiernia NITOR. Mi\u0142o\u015bnicy \u015bwie\u017cego pieczywa i s\u0142odkich wypiek\u00f3w b\u0119d\u0105 mogli od teraz korzysta\u0107 z nowej, wygodnej lokalizacji.<\/strong><\/p>\n\n\n\n<p>Na miejscu na klient\u00f3w ka\u017cdego dnia czeka\u0107 b\u0119dzie bogaty asortyment: chleby na naturalnym zakwasie, bu\u0142ki, wypieki okoliczno\u015bciowe oraz szeroka oferta cukiernicza &#8211; torty, ciasta, s\u0142odkie przek\u0105ski. Punkt powsta\u0142 jako kolejny krok w rozwoju marki NITOR, kt\u00f3ra stawia na po\u0142\u0105czenie rzemie\u015blniczej tradycji z nowoczesn\u0105 jako\u015bci\u0105.<\/p>\n\n\n\n<p>Firma NITOR zosta\u0142a za\u0142o\u017cona przez pa\u0144stwa <strong>Regin\u0119<\/strong> i <strong>Zbigniewa<\/strong> <strong>Wi\u015bniewskich<\/strong>, kt\u00f3rzy w 1993 roku przej\u0119li dzia\u0142aj\u0105c\u0105 w\u00f3wczas piekarni\u0119 &#8211; i od pocz\u0105tku postawili na systematyczny rozw\u00f3j i podnoszenie standard\u00f3w. W 2000 roku firma poszerzy\u0142a dzia\u0142alno\u015b\u0107 o wyroby cukiernicze.<\/p>\n\n\n\r\n                <style type=\"text\/css\">\r\n                    \r\n                    #tdi_1  .td-doubleSlider-2 .td-item1 {\r\n                        background: url(https:\/\/gorzow.news\/wp-content\/uploads\/2025\/11\/579253143_1239061041584408_1359833259682939488_n.jpg) 0 0 no-repeat;\r\n                    }\r\n                    #tdi_1  .td-doubleSlider-2 .td-item2 {\r\n                        background: url(https:\/\/gorzow.news\/wp-content\/uploads\/2025\/11\/579094615_1239063891584123_9137827127725161801_n.jpg) 0 0 no-repeat;\r\n                    }\r\n                    #tdi_1  .td-doubleSlider-2 .td-item3 {\r\n                        background: url(https:\/\/gorzow.news\/wp-content\/uploads\/2025\/11\/577887796_1239063851584127_4573081009456973167_n.jpg) 0 0 no-repeat;\r\n                    }\r\n                    #tdi_1  .td-doubleSlider-2 .td-item4 {\r\n                        background: url(https:\/\/gorzow.news\/wp-content\/uploads\/2025\/11\/577765002_1239063841584128_4864356242950182828_n.jpg) 0 0 no-repeat;\r\n                    }\r\n                    #tdi_1  .td-doubleSlider-2 .td-item5 {\r\n                        background: url(https:\/\/gorzow.news\/wp-content\/uploads\/2025\/11\/577543587_1239063804917465_6332032501739659527_n.jpg) 0 0 no-repeat;\r\n                    }\r\n                    #tdi_1  .td-doubleSlider-2 .td-item6 {\r\n                        background: url(https:\/\/gorzow.news\/wp-content\/uploads\/2025\/11\/576509997_1239063814917464_8834879318108290616_n.jpg) 0 0 no-repeat;\r\n                    }\r\n                    #tdi_1  .td-doubleSlider-2 .td-item7 {\r\n                        background: url(https:\/\/gorzow.news\/wp-content\/uploads\/2025\/11\/576460264_1239063884917457_6973059748301073508_n.jpg) 0 0 no-repeat;\r\n                    }\r\n                <\/style>\r\n\r\n                <div id=\"tdi_1\" class=\"td-gallery td-slide-on-2-columns\">\r\n                    <div class=\"post_td_gallery\">\r\n                        <div class=\"td-gallery-slide-top\">\r\n                           <div class=\"td-gallery-title\">Piekarnia i cukiernia NITOR w Galerii Askana<\/div>\r\n\r\n                            <div class=\"td-gallery-controls-wrapper\">\r\n                                <div class=\"td-gallery-slide-count\"><span class=\"td-gallery-slide-item-focus\">1<\/span> z 7<\/div>\r\n                                <div class=\"td-gallery-slide-prev-next-but\">\r\n                                    <i class = \"td-icon-left doubleSliderPrevButton\"><\/i>\r\n                                    <i class = \"td-icon-right doubleSliderNextButton\"><\/i>\r\n                                <\/div>\r\n                            <\/div>\r\n                        <\/div>\r\n\r\n                        <div class = \"td-doubleSlider-1 \">\r\n                            <div class = \"td-slider\">\r\n                                \r\n                    <div class = \"td-slide-item td-item1\">\r\n                        <figure class=\"td-slide-galery-figure td-slide-popup-gallery\">\r\n                            <a class=\"slide-gallery-image-link\" href=\"https:\/\/gorzow.news\/wp-content\/uploads\/2025\/11\/579253143_1239061041584408_1359833259682939488_n.jpg\" title=\"\"  data-caption=\"\"  data-description=\"\">\r\n                                <img decoding=\"async\" src=\"https:\/\/gorzow.news\/wp-content\/uploads\/2025\/11\/579253143_1239061041584408_1359833259682939488_n.jpg\" srcset=\"https:\/\/gorzow.news\/wp-content\/uploads\/2025\/11\/579253143_1239061041584408_1359833259682939488_n.jpg 1206w, https:\/\/gorzow.news\/wp-content\/uploads\/2025\/11\/579253143_1239061041584408_1359833259682939488_n-300x233.jpg 300w, https:\/\/gorzow.news\/wp-content\/uploads\/2025\/11\/579253143_1239061041584408_1359833259682939488_n-1024x795.jpg 1024w, https:\/\/gorzow.news\/wp-content\/uploads\/2025\/11\/579253143_1239061041584408_1359833259682939488_n-768x596.jpg 768w, https:\/\/gorzow.news\/wp-content\/uploads\/2025\/11\/579253143_1239061041584408_1359833259682939488_n-696x540.jpg 696w, https:\/\/gorzow.news\/wp-content\/uploads\/2025\/11\/579253143_1239061041584408_1359833259682939488_n-1068x829.jpg 1068w\" sizes=\"(max-width: 1206px) 100vw, 1206px\" alt=\"\">\r\n                            <\/a>\r\n                            \r\n                        <\/figure>\r\n                    <\/div>\r\n                    <div class = \"td-slide-item td-item2\">\r\n                        <figure class=\"td-slide-galery-figure td-slide-popup-gallery\">\r\n                            <a class=\"slide-gallery-image-link\" href=\"https:\/\/gorzow.news\/wp-content\/uploads\/2025\/11\/579094615_1239063891584123_9137827127725161801_n.jpg\" title=\"\"  data-caption=\"\"  data-description=\"\">\r\n                                <img decoding=\"async\" src=\"https:\/\/gorzow.news\/wp-content\/uploads\/2025\/11\/579094615_1239063891584123_9137827127725161801_n.jpg\" srcset=\"https:\/\/gorzow.news\/wp-content\/uploads\/2025\/11\/579094615_1239063891584123_9137827127725161801_n.jpg 2040w, https:\/\/gorzow.news\/wp-content\/uploads\/2025\/11\/579094615_1239063891584123_9137827127725161801_n-300x225.jpg 300w, https:\/\/gorzow.news\/wp-content\/uploads\/2025\/11\/579094615_1239063891584123_9137827127725161801_n-1024x768.jpg 1024w, https:\/\/gorzow.news\/wp-content\/uploads\/2025\/11\/579094615_1239063891584123_9137827127725161801_n-768x576.jpg 768w, https:\/\/gorzow.news\/wp-content\/uploads\/2025\/11\/579094615_1239063891584123_9137827127725161801_n-1536x1152.jpg 1536w, https:\/\/gorzow.news\/wp-content\/uploads\/2025\/11\/579094615_1239063891584123_9137827127725161801_n-696x522.jpg 696w, https:\/\/gorzow.news\/wp-content\/uploads\/2025\/11\/579094615_1239063891584123_9137827127725161801_n-1068x801.jpg 1068w, https:\/\/gorzow.news\/wp-content\/uploads\/2025\/11\/579094615_1239063891584123_9137827127725161801_n-1920x1440.jpg 1920w\" sizes=\"(max-width: 2040px) 100vw, 2040px\" alt=\"\">\r\n                            <\/a>\r\n                            \r\n                        <\/figure>\r\n                    <\/div>\r\n                    <div class = \"td-slide-item td-item3\">\r\n                        <figure class=\"td-slide-galery-figure td-slide-popup-gallery\">\r\n                            <a class=\"slide-gallery-image-link\" href=\"https:\/\/gorzow.news\/wp-content\/uploads\/2025\/11\/577887796_1239063851584127_4573081009456973167_n.jpg\" title=\"\"  data-caption=\"\"  data-description=\"\">\r\n                                <img decoding=\"async\" src=\"https:\/\/gorzow.news\/wp-content\/uploads\/2025\/11\/577887796_1239063851584127_4573081009456973167_n.jpg\" srcset=\"https:\/\/gorzow.news\/wp-content\/uploads\/2025\/11\/577887796_1239063851584127_4573081009456973167_n.jpg 2040w, https:\/\/gorzow.news\/wp-content\/uploads\/2025\/11\/577887796_1239063851584127_4573081009456973167_n-300x225.jpg 300w, https:\/\/gorzow.news\/wp-content\/uploads\/2025\/11\/577887796_1239063851584127_4573081009456973167_n-1024x768.jpg 1024w, https:\/\/gorzow.news\/wp-content\/uploads\/2025\/11\/577887796_1239063851584127_4573081009456973167_n-768x576.jpg 768w, https:\/\/gorzow.news\/wp-content\/uploads\/2025\/11\/577887796_1239063851584127_4573081009456973167_n-1536x1152.jpg 1536w, https:\/\/gorzow.news\/wp-content\/uploads\/2025\/11\/577887796_1239063851584127_4573081009456973167_n-696x522.jpg 696w, https:\/\/gorzow.news\/wp-content\/uploads\/2025\/11\/577887796_1239063851584127_4573081009456973167_n-1068x801.jpg 1068w, https:\/\/gorzow.news\/wp-content\/uploads\/2025\/11\/577887796_1239063851584127_4573081009456973167_n-1920x1440.jpg 1920w\" sizes=\"(max-width: 2040px) 100vw, 2040px\" alt=\"\">\r\n                            <\/a>\r\n                            \r\n                        <\/figure>\r\n                    <\/div>\r\n                    <div class = \"td-slide-item td-item4\">\r\n                        <figure class=\"td-slide-galery-figure td-slide-popup-gallery\">\r\n                            <a class=\"slide-gallery-image-link\" href=\"https:\/\/gorzow.news\/wp-content\/uploads\/2025\/11\/577765002_1239063841584128_4864356242950182828_n.jpg\" title=\"\"  data-caption=\"\"  data-description=\"\">\r\n                                <img decoding=\"async\" src=\"https:\/\/gorzow.news\/wp-content\/uploads\/2025\/11\/577765002_1239063841584128_4864356242950182828_n.jpg\" srcset=\"https:\/\/gorzow.news\/wp-content\/uploads\/2025\/11\/577765002_1239063841584128_4864356242950182828_n.jpg 2040w, https:\/\/gorzow.news\/wp-content\/uploads\/2025\/11\/577765002_1239063841584128_4864356242950182828_n-300x225.jpg 300w, https:\/\/gorzow.news\/wp-content\/uploads\/2025\/11\/577765002_1239063841584128_4864356242950182828_n-1024x768.jpg 1024w, https:\/\/gorzow.news\/wp-content\/uploads\/2025\/11\/577765002_1239063841584128_4864356242950182828_n-768x576.jpg 768w, https:\/\/gorzow.news\/wp-content\/uploads\/2025\/11\/577765002_1239063841584128_4864356242950182828_n-1536x1152.jpg 1536w, https:\/\/gorzow.news\/wp-content\/uploads\/2025\/11\/577765002_1239063841584128_4864356242950182828_n-696x522.jpg 696w, https:\/\/gorzow.news\/wp-content\/uploads\/2025\/11\/577765002_1239063841584128_4864356242950182828_n-1068x801.jpg 1068w, https:\/\/gorzow.news\/wp-content\/uploads\/2025\/11\/577765002_1239063841584128_4864356242950182828_n-1920x1440.jpg 1920w\" sizes=\"(max-width: 2040px) 100vw, 2040px\" alt=\"\">\r\n                            <\/a>\r\n                            \r\n                        <\/figure>\r\n                    <\/div>\r\n                    <div class = \"td-slide-item td-item5\">\r\n                        <figure class=\"td-slide-galery-figure td-slide-popup-gallery\">\r\n                            <a class=\"slide-gallery-image-link\" href=\"https:\/\/gorzow.news\/wp-content\/uploads\/2025\/11\/577543587_1239063804917465_6332032501739659527_n.jpg\" title=\"\"  data-caption=\"\"  data-description=\"\">\r\n                                <img decoding=\"async\" src=\"https:\/\/gorzow.news\/wp-content\/uploads\/2025\/11\/577543587_1239063804917465_6332032501739659527_n.jpg\" srcset=\"https:\/\/gorzow.news\/wp-content\/uploads\/2025\/11\/577543587_1239063804917465_6332032501739659527_n.jpg 2040w, https:\/\/gorzow.news\/wp-content\/uploads\/2025\/11\/577543587_1239063804917465_6332032501739659527_n-300x225.jpg 300w, https:\/\/gorzow.news\/wp-content\/uploads\/2025\/11\/577543587_1239063804917465_6332032501739659527_n-1024x768.jpg 1024w, https:\/\/gorzow.news\/wp-content\/uploads\/2025\/11\/577543587_1239063804917465_6332032501739659527_n-768x576.jpg 768w, https:\/\/gorzow.news\/wp-content\/uploads\/2025\/11\/577543587_1239063804917465_6332032501739659527_n-1536x1152.jpg 1536w, https:\/\/gorzow.news\/wp-content\/uploads\/2025\/11\/577543587_1239063804917465_6332032501739659527_n-696x522.jpg 696w, https:\/\/gorzow.news\/wp-content\/uploads\/2025\/11\/577543587_1239063804917465_6332032501739659527_n-1068x801.jpg 1068w, https:\/\/gorzow.news\/wp-content\/uploads\/2025\/11\/577543587_1239063804917465_6332032501739659527_n-1920x1440.jpg 1920w\" sizes=\"(max-width: 2040px) 100vw, 2040px\" alt=\"\">\r\n                            <\/a>\r\n                            \r\n                        <\/figure>\r\n                    <\/div>\r\n                    <div class = \"td-slide-item td-item6\">\r\n                        <figure class=\"td-slide-galery-figure td-slide-popup-gallery\">\r\n                            <a class=\"slide-gallery-image-link\" href=\"https:\/\/gorzow.news\/wp-content\/uploads\/2025\/11\/576509997_1239063814917464_8834879318108290616_n.jpg\" title=\"\"  data-caption=\"\"  data-description=\"\">\r\n                                <img decoding=\"async\" src=\"https:\/\/gorzow.news\/wp-content\/uploads\/2025\/11\/576509997_1239063814917464_8834879318108290616_n.jpg\" srcset=\"https:\/\/gorzow.news\/wp-content\/uploads\/2025\/11\/576509997_1239063814917464_8834879318108290616_n.jpg 2040w, https:\/\/gorzow.news\/wp-content\/uploads\/2025\/11\/576509997_1239063814917464_8834879318108290616_n-300x225.jpg 300w, https:\/\/gorzow.news\/wp-content\/uploads\/2025\/11\/576509997_1239063814917464_8834879318108290616_n-1024x768.jpg 1024w, https:\/\/gorzow.news\/wp-content\/uploads\/2025\/11\/576509997_1239063814917464_8834879318108290616_n-768x576.jpg 768w, https:\/\/gorzow.news\/wp-content\/uploads\/2025\/11\/576509997_1239063814917464_8834879318108290616_n-1536x1152.jpg 1536w, https:\/\/gorzow.news\/wp-content\/uploads\/2025\/11\/576509997_1239063814917464_8834879318108290616_n-696x522.jpg 696w, https:\/\/gorzow.news\/wp-content\/uploads\/2025\/11\/576509997_1239063814917464_8834879318108290616_n-1068x801.jpg 1068w, https:\/\/gorzow.news\/wp-content\/uploads\/2025\/11\/576509997_1239063814917464_8834879318108290616_n-1920x1440.jpg 1920w\" sizes=\"(max-width: 2040px) 100vw, 2040px\" alt=\"\">\r\n                            <\/a>\r\n                            \r\n                        <\/figure>\r\n                    <\/div>\r\n                    <div class = \"td-slide-item td-item7\">\r\n                        <figure class=\"td-slide-galery-figure td-slide-popup-gallery\">\r\n                            <a class=\"slide-gallery-image-link\" href=\"https:\/\/gorzow.news\/wp-content\/uploads\/2025\/11\/576460264_1239063884917457_6973059748301073508_n.jpg\" title=\"\"  data-caption=\"\"  data-description=\"\">\r\n                                <img decoding=\"async\" src=\"https:\/\/gorzow.news\/wp-content\/uploads\/2025\/11\/576460264_1239063884917457_6973059748301073508_n.jpg\" srcset=\"https:\/\/gorzow.news\/wp-content\/uploads\/2025\/11\/576460264_1239063884917457_6973059748301073508_n.jpg 2040w, https:\/\/gorzow.news\/wp-content\/uploads\/2025\/11\/576460264_1239063884917457_6973059748301073508_n-300x225.jpg 300w, https:\/\/gorzow.news\/wp-content\/uploads\/2025\/11\/576460264_1239063884917457_6973059748301073508_n-1024x768.jpg 1024w, https:\/\/gorzow.news\/wp-content\/uploads\/2025\/11\/576460264_1239063884917457_6973059748301073508_n-768x576.jpg 768w, https:\/\/gorzow.news\/wp-content\/uploads\/2025\/11\/576460264_1239063884917457_6973059748301073508_n-1536x1152.jpg 1536w, https:\/\/gorzow.news\/wp-content\/uploads\/2025\/11\/576460264_1239063884917457_6973059748301073508_n-696x522.jpg 696w, https:\/\/gorzow.news\/wp-content\/uploads\/2025\/11\/576460264_1239063884917457_6973059748301073508_n-1068x801.jpg 1068w, https:\/\/gorzow.news\/wp-content\/uploads\/2025\/11\/576460264_1239063884917457_6973059748301073508_n-1920x1440.jpg 1920w\" sizes=\"(max-width: 2040px) 100vw, 2040px\" alt=\"\">\r\n                            <\/a>\r\n                            \r\n                        <\/figure>\r\n                    <\/div>\r\n                            <\/div>\r\n                        <\/div>\r\n\r\n                        <div class = \"td-doubleSlider-2\">\r\n                            <div class = \"td-slider\">\r\n                                \r\n                    <div class = \"td-button td-item1\">\r\n                        <div class = \"td-border\"><\/div>\r\n                    <\/div>\r\n                    <div class = \"td-button td-item2\">\r\n                        <div class = \"td-border\"><\/div>\r\n                    <\/div>\r\n                    <div class = \"td-button td-item3\">\r\n                        <div class = \"td-border\"><\/div>\r\n                    <\/div>\r\n                    <div class = \"td-button td-item4\">\r\n                        <div class = \"td-border\"><\/div>\r\n                    <\/div>\r\n                    <div class = \"td-button td-item5\">\r\n                        <div class = \"td-border\"><\/div>\r\n                    <\/div>\r\n                    <div class = \"td-button td-item6\">\r\n                        <div class = \"td-border\"><\/div>\r\n                    <\/div>\r\n                    <div class = \"td-button td-item7\">\r\n                        <div class = \"td-border\"><\/div>\r\n                    <\/div>\r\n                            <\/div>\r\n                        <\/div>\r\n\r\n                    <\/div>\r\n\r\n                <\/div>\r\n                \n\n\n<p>W swojej dzia\u0142alno\u015bci NITOR k\u0142adzie szczeg\u00f3lny nacisk na:<br>-chleb wypiekany na naturalnym zakwasie &#8211; r\u00f3wnie\u017c zakwasie razowym, co jest dzi\u015b rzadko\u015bci\u0105,<br>-wykorzystanie pe\u0142nego ziarna i m\u0105ki razowej z lokalnego dostawcy, bezpo\u015brednio przygotowywanej pod potrzeby firmy,<br>-wyroby cukiernicze produkowane \u201eod zera\u201d, bez u\u017cycia mro\u017conek czy p\u00f3\u0142produkt\u00f3w z masowej produkcji &#8211; pe\u0142na kontrola w zak\u0142adzie w\u0142asnym.<\/p>\n\n\n\n<p>Otwarcie w Galerii Askana to nie tylko kolejny adres w mapie NITOR, ale tak\u017ce odpowied\u017a na potrzeby mieszka\u0144c\u00f3w Gorzowa i okolic, kt\u00f3rzy poszukuj\u0105 \u015bwie\u017cych, wysokiej jako\u015bci wypiek\u00f3w w dogodnym miejscu zakupowym. Nowy punkt w Askanie, to tak\u017ce \u015bwietne miejsce na spotkanie i chwil\u0119 odpoczynku przy dobrej herbacie lub kawie.<\/p>\n","protected":false},"excerpt":{"rendered":"<p>W pi\u0105tek w Galerii Askana swoje drzwi otworzy\u0142a piekarnia i cukiernia NITOR. Mi\u0142o\u015bnicy \u015bwie\u017cego pieczywa i s\u0142odkich wypiek\u00f3w b\u0119d\u0105 mogli od teraz korzysta\u0107 z nowej, wygodnej lokalizacji. Na miejscu na klient\u00f3w ka\u017cdego dnia czeka\u0107 b\u0119dzie bogaty asortyment: chleby na naturalnym zakwasie, bu\u0142ki, wypieki okoliczno\u015bciowe oraz szeroka oferta cukiernicza &#8211; torty, ciasta, s\u0142odkie przek\u0105ski. Punkt powsta\u0142 [&hellip;]<\/p>\n","protected":false},"author":1,"featured_media":36517,"comment_status":"open","ping_status":"open","sticky":false,"template":"","format":"standard","meta":{"footnotes":"","_links_to":"","_links_to_target":""},"categories":[2009,1624,589],"tags":[96,3620],"class_list":{"0":"post-36511","1":"post","2":"type-post","3":"status-publish","4":"format-standard","5":"has-post-thumbnail","7":"category-centrum-srodmiescie","8":"category-inwestycje-handlowe","9":"category-wiadomosci","10":"tag-galeria-askana","11":"tag-nitor"},"yoast_head":"<!-- This site is optimized with the Yoast SEO plugin v27.3 - https:\/\/yoast.com\/product\/yoast-seo-wordpress\/ -->\n<title>Nowy smak w Galerii Askana - piekarnia i cukiernia NITOR otworzy\u0142a sw\u00f3j punkt na poziomie zero - Gorz\u00f3w News<\/title>\n<meta name=\"description\" content=\"W pi\u0105tek w Galerii Askana swoje drzwi otworzy\u0142a piekarnia i cukiernia NITOR. Mi\u0142o\u015bnicy \u015bwie\u017cego pieczywa i s\u0142odkich wypiek\u00f3w b\u0119d\u0105 mogli od t\" \/>\n<meta name=\"robots\" content=\"index, follow, max-snippet:-1, max-image-preview:large, max-video-preview:-1\" \/>\n<link rel=\"canonical\" href=\"https:\/\/gorzow.news\/index.php\/2025\/11\/09\/nowy-smak-w-galerii-askana-piekarnia-i-cukiernia-nitor-otworzyla-swoj-punkt-na-poziomie-zero\/\" \/>\n<meta property=\"og:locale\" content=\"pl_PL\" \/>\n<meta property=\"og:type\" content=\"article\" \/>\n<meta property=\"og:title\" content=\"Nowy smak w Galerii Askana - piekarnia i cukiernia NITOR otworzy\u0142a sw\u00f3j punkt na poziomie zero - Gorz\u00f3w News\" \/>\n<meta property=\"og:description\" content=\"W pi\u0105tek w Galerii Askana swoje drzwi otworzy\u0142a piekarnia i cukiernia NITOR. Mi\u0142o\u015bnicy \u015bwie\u017cego pieczywa i s\u0142odkich wypiek\u00f3w b\u0119d\u0105 mogli od t\" \/>\n<meta property=\"og:url\" content=\"https:\/\/gorzow.news\/index.php\/2025\/11\/09\/nowy-smak-w-galerii-askana-piekarnia-i-cukiernia-nitor-otworzyla-swoj-punkt-na-poziomie-zero\/\" \/>\n<meta property=\"og:site_name\" content=\"Gorz\u00f3w News\" \/>\n<meta property=\"article:publisher\" content=\"https:\/\/www.facebook.com\/gorzowskinews\" \/>\n<meta property=\"article:published_time\" content=\"2025-11-09T12:11:15+00:00\" \/>\n<meta property=\"article:modified_time\" content=\"2025-11-09T12:12:35+00:00\" \/>\n<meta property=\"og:image\" content=\"https:\/\/gorzow.news\/wp-content\/uploads\/2025\/11\/579094615_1239063891584123_9137827127725161801_n-kopia.jpg\" \/>\n\t<meta property=\"og:image:width\" content=\"2040\" \/>\n\t<meta property=\"og:image:height\" content=\"966\" \/>\n\t<meta property=\"og:image:type\" content=\"image\/jpeg\" \/>\n<meta name=\"author\" content=\"maciej\" \/>\n<meta name=\"twitter:card\" content=\"summary_large_image\" \/>\n<meta name=\"twitter:label1\" content=\"Napisane przez\" \/>\n\t<meta name=\"twitter:data1\" content=\"maciej\" \/>\n\t<meta name=\"twitter:label2\" content=\"Szacowany czas czytania\" \/>\n\t<meta name=\"twitter:data2\" content=\"2 minuty\" \/>\n<script type=\"application\/ld+json\" class=\"yoast-schema-graph\">{\"@context\":\"https:\\\/\\\/schema.org\",\"@graph\":[{\"@type\":\"Article\",\"@id\":\"https:\\\/\\\/gorzow.news\\\/index.php\\\/2025\\\/11\\\/09\\\/nowy-smak-w-galerii-askana-piekarnia-i-cukiernia-nitor-otworzyla-swoj-punkt-na-poziomie-zero\\\/#article\",\"isPartOf\":{\"@id\":\"https:\\\/\\\/gorzow.news\\\/index.php\\\/2025\\\/11\\\/09\\\/nowy-smak-w-galerii-askana-piekarnia-i-cukiernia-nitor-otworzyla-swoj-punkt-na-poziomie-zero\\\/\"},\"author\":{\"name\":\"maciej\",\"@id\":\"https:\\\/\\\/gorzow.news\\\/#\\\/schema\\\/person\\\/a1e5ab43166369f2ce236a1cd90995bb\"},\"headline\":\"Nowy smak w Galerii Askana &#8211; piekarnia i cukiernia NITOR otworzy\u0142a sw\u00f3j punkt na poziomie zero\",\"datePublished\":\"2025-11-09T12:11:15+00:00\",\"dateModified\":\"2025-11-09T12:12:35+00:00\",\"mainEntityOfPage\":{\"@id\":\"https:\\\/\\\/gorzow.news\\\/index.php\\\/2025\\\/11\\\/09\\\/nowy-smak-w-galerii-askana-piekarnia-i-cukiernia-nitor-otworzyla-swoj-punkt-na-poziomie-zero\\\/\"},\"wordCount\":304,\"commentCount\":0,\"image\":{\"@id\":\"https:\\\/\\\/gorzow.news\\\/index.php\\\/2025\\\/11\\\/09\\\/nowy-smak-w-galerii-askana-piekarnia-i-cukiernia-nitor-otworzyla-swoj-punkt-na-poziomie-zero\\\/#primaryimage\"},\"thumbnailUrl\":\"https:\\\/\\\/gorzow.news\\\/wp-content\\\/uploads\\\/2025\\\/11\\\/579094615_1239063891584123_9137827127725161801_n-kopia.jpg\",\"keywords\":[\"Galeria Askana\",\"NITOR\"],\"articleSection\":[\"Centrum \\\/ \u015ar\u00f3dmie\u015bcie\",\"Inwestycje handlowe\",\"Wiadomo\u015bci\"],\"inLanguage\":\"pl-PL\",\"potentialAction\":[{\"@type\":\"CommentAction\",\"name\":\"Comment\",\"target\":[\"https:\\\/\\\/gorzow.news\\\/index.php\\\/2025\\\/11\\\/09\\\/nowy-smak-w-galerii-askana-piekarnia-i-cukiernia-nitor-otworzyla-swoj-punkt-na-poziomie-zero\\\/#respond\"]}]},{\"@type\":\"WebPage\",\"@id\":\"https:\\\/\\\/gorzow.news\\\/index.php\\\/2025\\\/11\\\/09\\\/nowy-smak-w-galerii-askana-piekarnia-i-cukiernia-nitor-otworzyla-swoj-punkt-na-poziomie-zero\\\/\",\"url\":\"https:\\\/\\\/gorzow.news\\\/index.php\\\/2025\\\/11\\\/09\\\/nowy-smak-w-galerii-askana-piekarnia-i-cukiernia-nitor-otworzyla-swoj-punkt-na-poziomie-zero\\\/\",\"name\":\"Nowy smak w Galerii Askana - piekarnia i cukiernia NITOR otworzy\u0142a sw\u00f3j punkt na poziomie zero - Gorz\u00f3w News\",\"isPartOf\":{\"@id\":\"https:\\\/\\\/gorzow.news\\\/#website\"},\"primaryImageOfPage\":{\"@id\":\"https:\\\/\\\/gorzow.news\\\/index.php\\\/2025\\\/11\\\/09\\\/nowy-smak-w-galerii-askana-piekarnia-i-cukiernia-nitor-otworzyla-swoj-punkt-na-poziomie-zero\\\/#primaryimage\"},\"image\":{\"@id\":\"https:\\\/\\\/gorzow.news\\\/index.php\\\/2025\\\/11\\\/09\\\/nowy-smak-w-galerii-askana-piekarnia-i-cukiernia-nitor-otworzyla-swoj-punkt-na-poziomie-zero\\\/#primaryimage\"},\"thumbnailUrl\":\"https:\\\/\\\/gorzow.news\\\/wp-content\\\/uploads\\\/2025\\\/11\\\/579094615_1239063891584123_9137827127725161801_n-kopia.jpg\",\"datePublished\":\"2025-11-09T12:11:15+00:00\",\"dateModified\":\"2025-11-09T12:12:35+00:00\",\"author\":{\"@id\":\"https:\\\/\\\/gorzow.news\\\/#\\\/schema\\\/person\\\/a1e5ab43166369f2ce236a1cd90995bb\"},\"description\":\"W pi\u0105tek w Galerii Askana swoje drzwi otworzy\u0142a piekarnia i cukiernia NITOR. Mi\u0142o\u015bnicy \u015bwie\u017cego pieczywa i s\u0142odkich wypiek\u00f3w b\u0119d\u0105 mogli od teraz korzysta\u0107 z nowej, wygodnej lokalizacji.\",\"breadcrumb\":{\"@id\":\"https:\\\/\\\/gorzow.news\\\/index.php\\\/2025\\\/11\\\/09\\\/nowy-smak-w-galerii-askana-piekarnia-i-cukiernia-nitor-otworzyla-swoj-punkt-na-poziomie-zero\\\/#breadcrumb\"},\"inLanguage\":\"pl-PL\",\"potentialAction\":[{\"@type\":\"ReadAction\",\"target\":[\"https:\\\/\\\/gorzow.news\\\/index.php\\\/2025\\\/11\\\/09\\\/nowy-smak-w-galerii-askana-piekarnia-i-cukiernia-nitor-otworzyla-swoj-punkt-na-poziomie-zero\\\/\"]}]},{\"@type\":\"ImageObject\",\"inLanguage\":\"pl-PL\",\"@id\":\"https:\\\/\\\/gorzow.news\\\/index.php\\\/2025\\\/11\\\/09\\\/nowy-smak-w-galerii-askana-piekarnia-i-cukiernia-nitor-otworzyla-swoj-punkt-na-poziomie-zero\\\/#primaryimage\",\"url\":\"https:\\\/\\\/gorzow.news\\\/wp-content\\\/uploads\\\/2025\\\/11\\\/579094615_1239063891584123_9137827127725161801_n-kopia.jpg\",\"contentUrl\":\"https:\\\/\\\/gorzow.news\\\/wp-content\\\/uploads\\\/2025\\\/11\\\/579094615_1239063891584123_9137827127725161801_n-kopia.jpg\",\"width\":2040,\"height\":966,\"caption\":\"Piekarnia i cukiernia NITOR w Galerii Askana mie\u015bci si\u0119 na poziomie 0, obok biura podr\u00f3\u017cy Wakacje.pl\"},{\"@type\":\"BreadcrumbList\",\"@id\":\"https:\\\/\\\/gorzow.news\\\/index.php\\\/2025\\\/11\\\/09\\\/nowy-smak-w-galerii-askana-piekarnia-i-cukiernia-nitor-otworzyla-swoj-punkt-na-poziomie-zero\\\/#breadcrumb\",\"itemListElement\":[{\"@type\":\"ListItem\",\"position\":1,\"name\":\"Home\",\"item\":\"https:\\\/\\\/gorzow.news\\\/\"},{\"@type\":\"ListItem\",\"position\":2,\"name\":\"Nowy smak w Galerii Askana &#8211; piekarnia i cukiernia NITOR otworzy\u0142a sw\u00f3j punkt na poziomie zero\"}]},{\"@type\":\"WebSite\",\"@id\":\"https:\\\/\\\/gorzow.news\\\/#website\",\"url\":\"https:\\\/\\\/gorzow.news\\\/\",\"name\":\"Gorz\u00f3w News\",\"description\":\"Sp\u00f3jrz inaczej na miato i region...\",\"potentialAction\":[{\"@type\":\"SearchAction\",\"target\":{\"@type\":\"EntryPoint\",\"urlTemplate\":\"https:\\\/\\\/gorzow.news\\\/?s={search_term_string}\"},\"query-input\":{\"@type\":\"PropertyValueSpecification\",\"valueRequired\":true,\"valueName\":\"search_term_string\"}}],\"inLanguage\":\"pl-PL\"},{\"@type\":\"Person\",\"@id\":\"https:\\\/\\\/gorzow.news\\\/#\\\/schema\\\/person\\\/a1e5ab43166369f2ce236a1cd90995bb\",\"name\":\"maciej\",\"image\":{\"@type\":\"ImageObject\",\"inLanguage\":\"pl-PL\",\"@id\":\"https:\\\/\\\/secure.gravatar.com\\\/avatar\\\/530a674d56ba60cfa0ef21d74e8e8d123a51bb7aa6580465b5c2ab2c2e980a19?s=96&r=g&d=https:\\\/\\\/gorzow.news\\\/wp-content\\\/plugins\\\/userswp\\\/assets\\\/images\\\/no_profile.png\",\"url\":\"https:\\\/\\\/secure.gravatar.com\\\/avatar\\\/530a674d56ba60cfa0ef21d74e8e8d123a51bb7aa6580465b5c2ab2c2e980a19?s=96&r=g&d=https:\\\/\\\/gorzow.news\\\/wp-content\\\/plugins\\\/userswp\\\/assets\\\/images\\\/no_profile.png\",\"contentUrl\":\"https:\\\/\\\/secure.gravatar.com\\\/avatar\\\/530a674d56ba60cfa0ef21d74e8e8d123a51bb7aa6580465b5c2ab2c2e980a19?s=96&r=g&d=https:\\\/\\\/gorzow.news\\\/wp-content\\\/plugins\\\/userswp\\\/assets\\\/images\\\/no_profile.png\",\"caption\":\"maciej\"},\"url\":\"https:\\\/\\\/gorzow.news\\\/index.php\\\/profile\\\/maciej\\\/\"}]}<\/script>\n<!-- \/ Yoast SEO plugin. -->","yoast_head_json":{"title":"Nowy smak w Galerii Askana - piekarnia i cukiernia NITOR otworzy\u0142a sw\u00f3j punkt na poziomie zero - Gorz\u00f3w News","description":"W pi\u0105tek w Galerii Askana swoje drzwi otworzy\u0142a piekarnia i cukiernia NITOR. Mi\u0142o\u015bnicy \u015bwie\u017cego pieczywa i s\u0142odkich wypiek\u00f3w b\u0119d\u0105 mogli od t","robots":{"index":"index","follow":"follow","max-snippet":"max-snippet:-1","max-image-preview":"max-image-preview:large","max-video-preview":"max-video-preview:-1"},"canonical":"https:\/\/gorzow.news\/index.php\/2025\/11\/09\/nowy-smak-w-galerii-askana-piekarnia-i-cukiernia-nitor-otworzyla-swoj-punkt-na-poziomie-zero\/","og_locale":"pl_PL","og_type":"article","og_title":"Nowy smak w Galerii Askana - piekarnia i cukiernia NITOR otworzy\u0142a sw\u00f3j punkt na poziomie zero - Gorz\u00f3w News","og_description":"W pi\u0105tek w Galerii Askana swoje drzwi otworzy\u0142a piekarnia i cukiernia NITOR. Mi\u0142o\u015bnicy \u015bwie\u017cego pieczywa i s\u0142odkich wypiek\u00f3w b\u0119d\u0105 mogli od t","og_url":"https:\/\/gorzow.news\/index.php\/2025\/11\/09\/nowy-smak-w-galerii-askana-piekarnia-i-cukiernia-nitor-otworzyla-swoj-punkt-na-poziomie-zero\/","og_site_name":"Gorz\u00f3w News","article_publisher":"https:\/\/www.facebook.com\/gorzowskinews","article_published_time":"2025-11-09T12:11:15+00:00","article_modified_time":"2025-11-09T12:12:35+00:00","og_image":[{"width":2040,"height":966,"url":"https:\/\/gorzow.news\/wp-content\/uploads\/2025\/11\/579094615_1239063891584123_9137827127725161801_n-kopia.jpg","type":"image\/jpeg"}],"author":"maciej","twitter_card":"summary_large_image","twitter_misc":{"Napisane przez":"maciej","Szacowany czas czytania":"2 minuty"},"schema":{"@context":"https:\/\/schema.org","@graph":[{"@type":"Article","@id":"https:\/\/gorzow.news\/index.php\/2025\/11\/09\/nowy-smak-w-galerii-askana-piekarnia-i-cukiernia-nitor-otworzyla-swoj-punkt-na-poziomie-zero\/#article","isPartOf":{"@id":"https:\/\/gorzow.news\/index.php\/2025\/11\/09\/nowy-smak-w-galerii-askana-piekarnia-i-cukiernia-nitor-otworzyla-swoj-punkt-na-poziomie-zero\/"},"author":{"name":"maciej","@id":"https:\/\/gorzow.news\/#\/schema\/person\/a1e5ab43166369f2ce236a1cd90995bb"},"headline":"Nowy smak w Galerii Askana &#8211; piekarnia i cukiernia NITOR otworzy\u0142a sw\u00f3j punkt na poziomie zero","datePublished":"2025-11-09T12:11:15+00:00","dateModified":"2025-11-09T12:12:35+00:00","mainEntityOfPage":{"@id":"https:\/\/gorzow.news\/index.php\/2025\/11\/09\/nowy-smak-w-galerii-askana-piekarnia-i-cukiernia-nitor-otworzyla-swoj-punkt-na-poziomie-zero\/"},"wordCount":304,"commentCount":0,"image":{"@id":"https:\/\/gorzow.news\/index.php\/2025\/11\/09\/nowy-smak-w-galerii-askana-piekarnia-i-cukiernia-nitor-otworzyla-swoj-punkt-na-poziomie-zero\/#primaryimage"},"thumbnailUrl":"https:\/\/gorzow.news\/wp-content\/uploads\/2025\/11\/579094615_1239063891584123_9137827127725161801_n-kopia.jpg","keywords":["Galeria Askana","NITOR"],"articleSection":["Centrum \/ \u015ar\u00f3dmie\u015bcie","Inwestycje handlowe","Wiadomo\u015bci"],"inLanguage":"pl-PL","potentialAction":[{"@type":"CommentAction","name":"Comment","target":["https:\/\/gorzow.news\/index.php\/2025\/11\/09\/nowy-smak-w-galerii-askana-piekarnia-i-cukiernia-nitor-otworzyla-swoj-punkt-na-poziomie-zero\/#respond"]}]},{"@type":"WebPage","@id":"https:\/\/gorzow.news\/index.php\/2025\/11\/09\/nowy-smak-w-galerii-askana-piekarnia-i-cukiernia-nitor-otworzyla-swoj-punkt-na-poziomie-zero\/","url":"https:\/\/gorzow.news\/index.php\/2025\/11\/09\/nowy-smak-w-galerii-askana-piekarnia-i-cukiernia-nitor-otworzyla-swoj-punkt-na-poziomie-zero\/","name":"Nowy smak w Galerii Askana - piekarnia i cukiernia NITOR otworzy\u0142a sw\u00f3j punkt na poziomie zero - Gorz\u00f3w News","isPartOf":{"@id":"https:\/\/gorzow.news\/#website"},"primaryImageOfPage":{"@id":"https:\/\/gorzow.news\/index.php\/2025\/11\/09\/nowy-smak-w-galerii-askana-piekarnia-i-cukiernia-nitor-otworzyla-swoj-punkt-na-poziomie-zero\/#primaryimage"},"image":{"@id":"https:\/\/gorzow.news\/index.php\/2025\/11\/09\/nowy-smak-w-galerii-askana-piekarnia-i-cukiernia-nitor-otworzyla-swoj-punkt-na-poziomie-zero\/#primaryimage"},"thumbnailUrl":"https:\/\/gorzow.news\/wp-content\/uploads\/2025\/11\/579094615_1239063891584123_9137827127725161801_n-kopia.jpg","datePublished":"2025-11-09T12:11:15+00:00","dateModified":"2025-11-09T12:12:35+00:00","author":{"@id":"https:\/\/gorzow.news\/#\/schema\/person\/a1e5ab43166369f2ce236a1cd90995bb"},"description":"W pi\u0105tek w Galerii Askana swoje drzwi otworzy\u0142a piekarnia i cukiernia NITOR. Mi\u0142o\u015bnicy \u015bwie\u017cego pieczywa i s\u0142odkich wypiek\u00f3w b\u0119d\u0105 mogli od teraz korzysta\u0107 z nowej, wygodnej lokalizacji.","breadcrumb":{"@id":"https:\/\/gorzow.news\/index.php\/2025\/11\/09\/nowy-smak-w-galerii-askana-piekarnia-i-cukiernia-nitor-otworzyla-swoj-punkt-na-poziomie-zero\/#breadcrumb"},"inLanguage":"pl-PL","potentialAction":[{"@type":"ReadAction","target":["https:\/\/gorzow.news\/index.php\/2025\/11\/09\/nowy-smak-w-galerii-askana-piekarnia-i-cukiernia-nitor-otworzyla-swoj-punkt-na-poziomie-zero\/"]}]},{"@type":"ImageObject","inLanguage":"pl-PL","@id":"https:\/\/gorzow.news\/index.php\/2025\/11\/09\/nowy-smak-w-galerii-askana-piekarnia-i-cukiernia-nitor-otworzyla-swoj-punkt-na-poziomie-zero\/#primaryimage","url":"https:\/\/gorzow.news\/wp-content\/uploads\/2025\/11\/579094615_1239063891584123_9137827127725161801_n-kopia.jpg","contentUrl":"https:\/\/gorzow.news\/wp-content\/uploads\/2025\/11\/579094615_1239063891584123_9137827127725161801_n-kopia.jpg","width":2040,"height":966,"caption":"Piekarnia i cukiernia NITOR w Galerii Askana mie\u015bci si\u0119 na poziomie 0, obok biura podr\u00f3\u017cy Wakacje.pl"},{"@type":"BreadcrumbList","@id":"https:\/\/gorzow.news\/index.php\/2025\/11\/09\/nowy-smak-w-galerii-askana-piekarnia-i-cukiernia-nitor-otworzyla-swoj-punkt-na-poziomie-zero\/#breadcrumb","itemListElement":[{"@type":"ListItem","position":1,"name":"Home","item":"https:\/\/gorzow.news\/"},{"@type":"ListItem","position":2,"name":"Nowy smak w Galerii Askana &#8211; piekarnia i cukiernia NITOR otworzy\u0142a sw\u00f3j punkt na poziomie zero"}]},{"@type":"WebSite","@id":"https:\/\/gorzow.news\/#website","url":"https:\/\/gorzow.news\/","name":"Gorz\u00f3w News","description":"Sp\u00f3jrz inaczej na miato i region...","potentialAction":[{"@type":"SearchAction","target":{"@type":"EntryPoint","urlTemplate":"https:\/\/gorzow.news\/?s={search_term_string}"},"query-input":{"@type":"PropertyValueSpecification","valueRequired":true,"valueName":"search_term_string"}}],"inLanguage":"pl-PL"},{"@type":"Person","@id":"https:\/\/gorzow.news\/#\/schema\/person\/a1e5ab43166369f2ce236a1cd90995bb","name":"maciej","image":{"@type":"ImageObject","inLanguage":"pl-PL","@id":"https:\/\/secure.gravatar.com\/avatar\/530a674d56ba60cfa0ef21d74e8e8d123a51bb7aa6580465b5c2ab2c2e980a19?s=96&r=g&d=https:\/\/gorzow.news\/wp-content\/plugins\/userswp\/assets\/images\/no_profile.png","url":"https:\/\/secure.gravatar.com\/avatar\/530a674d56ba60cfa0ef21d74e8e8d123a51bb7aa6580465b5c2ab2c2e980a19?s=96&r=g&d=https:\/\/gorzow.news\/wp-content\/plugins\/userswp\/assets\/images\/no_profile.png","contentUrl":"https:\/\/secure.gravatar.com\/avatar\/530a674d56ba60cfa0ef21d74e8e8d123a51bb7aa6580465b5c2ab2c2e980a19?s=96&r=g&d=https:\/\/gorzow.news\/wp-content\/plugins\/userswp\/assets\/images\/no_profile.png","caption":"maciej"},"url":"https:\/\/gorzow.news\/index.php\/profile\/maciej\/"}]}},"_links":{"self":[{"href":"https:\/\/gorzow.news\/index.php\/wp-json\/wp\/v2\/posts\/36511","targetHints":{"allow":["GET"]}}],"collection":[{"href":"https:\/\/gorzow.news\/index.php\/wp-json\/wp\/v2\/posts"}],"about":[{"href":"https:\/\/gorzow.news\/index.php\/wp-json\/wp\/v2\/types\/post"}],"author":[{"embeddable":true,"href":"https:\/\/gorzow.news\/index.php\/wp-json\/wp\/v2\/users\/1"}],"replies":[{"embeddable":true,"href":"https:\/\/gorzow.news\/index.php\/wp-json\/wp\/v2\/comments?post=36511"}],"version-history":[{"count":2,"href":"https:\/\/gorzow.news\/index.php\/wp-json\/wp\/v2\/posts\/36511\/revisions"}],"predecessor-version":[{"id":36521,"href":"https:\/\/gorzow.news\/index.php\/wp-json\/wp\/v2\/posts\/36511\/revisions\/36521"}],"wp:featuredmedia":[{"embeddable":true,"href":"https:\/\/gorzow.news\/index.php\/wp-json\/wp\/v2\/media\/36517"}],"wp:attachment":[{"href":"https:\/\/gorzow.news\/index.php\/wp-json\/wp\/v2\/media?parent=36511"}],"wp:term":[{"taxonomy":"category","embeddable":true,"href":"https:\/\/gorzow.news\/index.php\/wp-json\/wp\/v2\/categories?post=36511"},{"taxonomy":"post_tag","embeddable":true,"href":"https:\/\/gorzow.news\/index.php\/wp-json\/wp\/v2\/tags?post=36511"}],"curies":[{"name":"wp","href":"https:\/\/api.w.org\/{rel}","templated":true}]}}