{"id":36349,"date":"2025-11-04T09:29:00","date_gmt":"2025-11-04T08:29:00","guid":{"rendered":"https:\/\/gorzow.news\/?p=36349"},"modified":"2025-11-04T15:33:33","modified_gmt":"2025-11-04T14:33:33","slug":"wyremontowane-elewacje-kamienic-ciesza-oko-jaki-jest-plan-na-ten-i-kolejne-lata","status":"publish","type":"post","link":"https:\/\/gorzow.news\/index.php\/2025\/11\/04\/wyremontowane-elewacje-kamienic-ciesza-oko-jaki-jest-plan-na-ten-i-kolejne-lata\/","title":{"rendered":"Wyremontowane elewacje kamienic ciesz\u0105 oko. Jaki jest plan na ten i kolejne lata?"},"content":{"rendered":"\n<p><strong>Wida\u0107 ju\u017c pierwsze efekty remont\u00f3w miejskich kamienic. Niezb\u0119dne \u015brodki na ten cel miasto uzyska\u0142o ze \u015brodk\u00f3w unijnych, kt\u00f3re w latach 2025-2027 pozwol\u0105 na przeprowadzenie termomodernizacji 15. nieruchomo\u015bci mieszkalnych wielorodzinnych.<\/strong><\/p>\n\n\n\n<p>Prace remontowe polegaj\u0105 na termoizolacji \u015bcian zewn\u0119trznych i strop\u00f3w, wymianie stolarki okiennej i drzwiowej oraz izolacji \u015bcian fundamentowych. Realizacja rob\u00f3t zaplanowana jest przez Zak\u0142ad Gospodarki Mieszkaniowej na lata 2025-2027.<\/p>\n\n\n\n<p>W tym roku nowy blask odzyska\u0142y ju\u017c kamienice przy ulicy Kwiatowej 51A-B, Lipowej 25-26-27 i Sikorskiego 99. W ci\u0105gu najbli\u017cszych kilku dni zako\u0144cz\u0105 si\u0119 te\u017c prace przy kamienicy Grobli 5, trwaj\u0105 tam ostatnie prace wyko\u0144czeniowe. Z kolei przy ul. \u015al\u0105skiej 91-92 oraz Grobli 13 remonty maj\u0105 zosta\u0107 zako\u0144czone do ko\u0144ca roku.<\/p>\n\n\n\r\n                <style type=\"text\/css\">\r\n                    \r\n                    #tdi_1  .td-doubleSlider-2 .td-item1 {\r\n                        background: url(https:\/\/gorzow.news\/wp-content\/uploads\/2025\/11\/fotob-21164.jpg) 0 0 no-repeat;\r\n                    }\r\n                    #tdi_1  .td-doubleSlider-2 .td-item2 {\r\n                        background: url(https:\/\/gorzow.news\/wp-content\/uploads\/2025\/11\/fotob-21161.jpg) 0 0 no-repeat;\r\n                    }\r\n                    #tdi_1  .td-doubleSlider-2 .td-item3 {\r\n                        background: url(https:\/\/gorzow.news\/wp-content\/uploads\/2025\/11\/fotob-21157.jpg) 0 0 no-repeat;\r\n                    }\r\n                    #tdi_1  .td-doubleSlider-2 .td-item4 {\r\n                        background: url(https:\/\/gorzow.news\/wp-content\/uploads\/2025\/11\/fotob-21163.jpg) 0 0 no-repeat;\r\n                    }\r\n                    #tdi_1  .td-doubleSlider-2 .td-item5 {\r\n                        background: url(https:\/\/gorzow.news\/wp-content\/uploads\/2025\/11\/fotob-21160.jpg) 0 0 no-repeat;\r\n                    }\r\n                    #tdi_1  .td-doubleSlider-2 .td-item6 {\r\n                        background: url(https:\/\/gorzow.news\/wp-content\/uploads\/2025\/11\/fotob-21159.jpg) 0 0 no-repeat;\r\n                    }\r\n                    #tdi_1  .td-doubleSlider-2 .td-item7 {\r\n                        background: url(https:\/\/gorzow.news\/wp-content\/uploads\/2025\/11\/fotob-21158.jpg) 0 0 no-repeat;\r\n                    }\r\n                    #tdi_1  .td-doubleSlider-2 .td-item8 {\r\n                        background: url(https:\/\/gorzow.news\/wp-content\/uploads\/2025\/11\/fotob-21162.jpg) 0 0 no-repeat;\r\n                    }\r\n                <\/style>\r\n\r\n                <div id=\"tdi_1\" class=\"td-gallery td-slide-on-2-columns\">\r\n                    <div class=\"post_td_gallery\">\r\n                        <div class=\"td-gallery-slide-top\">\r\n                           <div class=\"td-gallery-title\"><\/div>\r\n\r\n                            <div class=\"td-gallery-controls-wrapper\">\r\n                                <div class=\"td-gallery-slide-count\"><span class=\"td-gallery-slide-item-focus\">1<\/span> z 8<\/div>\r\n                                <div class=\"td-gallery-slide-prev-next-but\">\r\n                                    <i class = \"td-icon-left doubleSliderPrevButton\"><\/i>\r\n                                    <i class = \"td-icon-right doubleSliderNextButton\"><\/i>\r\n                                <\/div>\r\n                            <\/div>\r\n                        <\/div>\r\n\r\n                        <div class = \"td-doubleSlider-1 \">\r\n                            <div class = \"td-slider\">\r\n                                \r\n                    <div class = \"td-slide-item td-item1\">\r\n                        <figure class=\"td-slide-galery-figure td-slide-popup-gallery\">\r\n                            <a class=\"slide-gallery-image-link\" href=\"https:\/\/gorzow.news\/wp-content\/uploads\/2025\/11\/fotob-21164.jpg\" title=\"\"  data-caption=\"\"  data-description=\"\">\r\n                                <img decoding=\"async\" src=\"https:\/\/gorzow.news\/wp-content\/uploads\/2025\/11\/fotob-21164.jpg\" srcset=\"https:\/\/gorzow.news\/wp-content\/uploads\/2025\/11\/fotob-21164.jpg 1620w, https:\/\/gorzow.news\/wp-content\/uploads\/2025\/11\/fotob-21164-300x200.jpg 300w, https:\/\/gorzow.news\/wp-content\/uploads\/2025\/11\/fotob-21164-1024x683.jpg 1024w, https:\/\/gorzow.news\/wp-content\/uploads\/2025\/11\/fotob-21164-768x512.jpg 768w, https:\/\/gorzow.news\/wp-content\/uploads\/2025\/11\/fotob-21164-1536x1024.jpg 1536w, https:\/\/gorzow.news\/wp-content\/uploads\/2025\/11\/fotob-21164-696x464.jpg 696w, https:\/\/gorzow.news\/wp-content\/uploads\/2025\/11\/fotob-21164-1068x712.jpg 1068w\" sizes=\"(max-width: 1620px) 100vw, 1620px\" alt=\"\">\r\n                            <\/a>\r\n                            \r\n                        <\/figure>\r\n                    <\/div>\r\n                    <div class = \"td-slide-item td-item2\">\r\n                        <figure class=\"td-slide-galery-figure td-slide-popup-gallery\">\r\n                            <a class=\"slide-gallery-image-link\" href=\"https:\/\/gorzow.news\/wp-content\/uploads\/2025\/11\/fotob-21161.jpg\" title=\"\"  data-caption=\"\"  data-description=\"\">\r\n                                <img decoding=\"async\" src=\"https:\/\/gorzow.news\/wp-content\/uploads\/2025\/11\/fotob-21161.jpg\" srcset=\"https:\/\/gorzow.news\/wp-content\/uploads\/2025\/11\/fotob-21161.jpg 1620w, https:\/\/gorzow.news\/wp-content\/uploads\/2025\/11\/fotob-21161-300x200.jpg 300w, https:\/\/gorzow.news\/wp-content\/uploads\/2025\/11\/fotob-21161-1024x683.jpg 1024w, https:\/\/gorzow.news\/wp-content\/uploads\/2025\/11\/fotob-21161-768x512.jpg 768w, https:\/\/gorzow.news\/wp-content\/uploads\/2025\/11\/fotob-21161-1536x1024.jpg 1536w, https:\/\/gorzow.news\/wp-content\/uploads\/2025\/11\/fotob-21161-696x464.jpg 696w, https:\/\/gorzow.news\/wp-content\/uploads\/2025\/11\/fotob-21161-1068x712.jpg 1068w\" sizes=\"(max-width: 1620px) 100vw, 1620px\" alt=\"\">\r\n                            <\/a>\r\n                            \r\n                        <\/figure>\r\n                    <\/div>\r\n                    <div class = \"td-slide-item td-item3\">\r\n                        <figure class=\"td-slide-galery-figure td-slide-popup-gallery\">\r\n                            <a class=\"slide-gallery-image-link\" href=\"https:\/\/gorzow.news\/wp-content\/uploads\/2025\/11\/fotob-21157.jpg\" title=\"\"  data-caption=\"\"  data-description=\"\">\r\n                                <img decoding=\"async\" src=\"https:\/\/gorzow.news\/wp-content\/uploads\/2025\/11\/fotob-21157.jpg\" srcset=\"https:\/\/gorzow.news\/wp-content\/uploads\/2025\/11\/fotob-21157.jpg 1620w, https:\/\/gorzow.news\/wp-content\/uploads\/2025\/11\/fotob-21157-300x200.jpg 300w, https:\/\/gorzow.news\/wp-content\/uploads\/2025\/11\/fotob-21157-1024x683.jpg 1024w, https:\/\/gorzow.news\/wp-content\/uploads\/2025\/11\/fotob-21157-768x512.jpg 768w, https:\/\/gorzow.news\/wp-content\/uploads\/2025\/11\/fotob-21157-1536x1024.jpg 1536w, https:\/\/gorzow.news\/wp-content\/uploads\/2025\/11\/fotob-21157-696x464.jpg 696w, https:\/\/gorzow.news\/wp-content\/uploads\/2025\/11\/fotob-21157-1068x712.jpg 1068w\" sizes=\"(max-width: 1620px) 100vw, 1620px\" alt=\"\">\r\n                            <\/a>\r\n                            \r\n                        <\/figure>\r\n                    <\/div>\r\n                    <div class = \"td-slide-item td-item4\">\r\n                        <figure class=\"td-slide-galery-figure td-slide-popup-gallery\">\r\n                            <a class=\"slide-gallery-image-link\" href=\"https:\/\/gorzow.news\/wp-content\/uploads\/2025\/11\/fotob-21163.jpg\" title=\"\"  data-caption=\"\"  data-description=\"\">\r\n                                <img decoding=\"async\" src=\"https:\/\/gorzow.news\/wp-content\/uploads\/2025\/11\/fotob-21163.jpg\" srcset=\"https:\/\/gorzow.news\/wp-content\/uploads\/2025\/11\/fotob-21163.jpg 1620w, https:\/\/gorzow.news\/wp-content\/uploads\/2025\/11\/fotob-21163-300x200.jpg 300w, https:\/\/gorzow.news\/wp-content\/uploads\/2025\/11\/fotob-21163-1024x683.jpg 1024w, https:\/\/gorzow.news\/wp-content\/uploads\/2025\/11\/fotob-21163-768x512.jpg 768w, https:\/\/gorzow.news\/wp-content\/uploads\/2025\/11\/fotob-21163-1536x1024.jpg 1536w, https:\/\/gorzow.news\/wp-content\/uploads\/2025\/11\/fotob-21163-696x464.jpg 696w, https:\/\/gorzow.news\/wp-content\/uploads\/2025\/11\/fotob-21163-1068x712.jpg 1068w\" sizes=\"(max-width: 1620px) 100vw, 1620px\" alt=\"\">\r\n                            <\/a>\r\n                            \r\n                        <\/figure>\r\n                    <\/div>\r\n                    <div class = \"td-slide-item td-item5\">\r\n                        <figure class=\"td-slide-galery-figure td-slide-popup-gallery\">\r\n                            <a class=\"slide-gallery-image-link\" href=\"https:\/\/gorzow.news\/wp-content\/uploads\/2025\/11\/fotob-21160.jpg\" title=\"\"  data-caption=\"\"  data-description=\"\">\r\n                                <img decoding=\"async\" src=\"https:\/\/gorzow.news\/wp-content\/uploads\/2025\/11\/fotob-21160.jpg\" srcset=\"https:\/\/gorzow.news\/wp-content\/uploads\/2025\/11\/fotob-21160.jpg 1620w, https:\/\/gorzow.news\/wp-content\/uploads\/2025\/11\/fotob-21160-300x200.jpg 300w, https:\/\/gorzow.news\/wp-content\/uploads\/2025\/11\/fotob-21160-1024x683.jpg 1024w, https:\/\/gorzow.news\/wp-content\/uploads\/2025\/11\/fotob-21160-768x512.jpg 768w, https:\/\/gorzow.news\/wp-content\/uploads\/2025\/11\/fotob-21160-1536x1024.jpg 1536w, https:\/\/gorzow.news\/wp-content\/uploads\/2025\/11\/fotob-21160-696x464.jpg 696w, https:\/\/gorzow.news\/wp-content\/uploads\/2025\/11\/fotob-21160-1068x712.jpg 1068w\" sizes=\"(max-width: 1620px) 100vw, 1620px\" alt=\"\">\r\n                            <\/a>\r\n                            \r\n                        <\/figure>\r\n                    <\/div>\r\n                    <div class = \"td-slide-item td-item6\">\r\n                        <figure class=\"td-slide-galery-figure td-slide-popup-gallery\">\r\n                            <a class=\"slide-gallery-image-link\" href=\"https:\/\/gorzow.news\/wp-content\/uploads\/2025\/11\/fotob-21159.jpg\" title=\"\"  data-caption=\"\"  data-description=\"\">\r\n                                <img decoding=\"async\" src=\"https:\/\/gorzow.news\/wp-content\/uploads\/2025\/11\/fotob-21159.jpg\" srcset=\"https:\/\/gorzow.news\/wp-content\/uploads\/2025\/11\/fotob-21159.jpg 1620w, https:\/\/gorzow.news\/wp-content\/uploads\/2025\/11\/fotob-21159-300x200.jpg 300w, https:\/\/gorzow.news\/wp-content\/uploads\/2025\/11\/fotob-21159-1024x683.jpg 1024w, https:\/\/gorzow.news\/wp-content\/uploads\/2025\/11\/fotob-21159-768x512.jpg 768w, https:\/\/gorzow.news\/wp-content\/uploads\/2025\/11\/fotob-21159-1536x1024.jpg 1536w, https:\/\/gorzow.news\/wp-content\/uploads\/2025\/11\/fotob-21159-696x464.jpg 696w, https:\/\/gorzow.news\/wp-content\/uploads\/2025\/11\/fotob-21159-1068x712.jpg 1068w\" sizes=\"(max-width: 1620px) 100vw, 1620px\" alt=\"\">\r\n                            <\/a>\r\n                            \r\n                        <\/figure>\r\n                    <\/div>\r\n                    <div class = \"td-slide-item td-item7\">\r\n                        <figure class=\"td-slide-galery-figure td-slide-popup-gallery\">\r\n                            <a class=\"slide-gallery-image-link\" href=\"https:\/\/gorzow.news\/wp-content\/uploads\/2025\/11\/fotob-21158.jpg\" title=\"\"  data-caption=\"\"  data-description=\"\">\r\n                                <img decoding=\"async\" src=\"https:\/\/gorzow.news\/wp-content\/uploads\/2025\/11\/fotob-21158.jpg\" srcset=\"https:\/\/gorzow.news\/wp-content\/uploads\/2025\/11\/fotob-21158.jpg 1620w, https:\/\/gorzow.news\/wp-content\/uploads\/2025\/11\/fotob-21158-300x200.jpg 300w, https:\/\/gorzow.news\/wp-content\/uploads\/2025\/11\/fotob-21158-1024x683.jpg 1024w, https:\/\/gorzow.news\/wp-content\/uploads\/2025\/11\/fotob-21158-768x512.jpg 768w, https:\/\/gorzow.news\/wp-content\/uploads\/2025\/11\/fotob-21158-1536x1024.jpg 1536w, https:\/\/gorzow.news\/wp-content\/uploads\/2025\/11\/fotob-21158-696x464.jpg 696w, https:\/\/gorzow.news\/wp-content\/uploads\/2025\/11\/fotob-21158-1068x712.jpg 1068w\" sizes=\"(max-width: 1620px) 100vw, 1620px\" alt=\"\">\r\n                            <\/a>\r\n                            \r\n                        <\/figure>\r\n                    <\/div>\r\n                    <div class = \"td-slide-item td-item8\">\r\n                        <figure class=\"td-slide-galery-figure td-slide-popup-gallery\">\r\n                            <a class=\"slide-gallery-image-link\" href=\"https:\/\/gorzow.news\/wp-content\/uploads\/2025\/11\/fotob-21162.jpg\" title=\"\"  data-caption=\"\"  data-description=\"\">\r\n                                <img decoding=\"async\" src=\"https:\/\/gorzow.news\/wp-content\/uploads\/2025\/11\/fotob-21162.jpg\" srcset=\"https:\/\/gorzow.news\/wp-content\/uploads\/2025\/11\/fotob-21162.jpg 1620w, https:\/\/gorzow.news\/wp-content\/uploads\/2025\/11\/fotob-21162-300x200.jpg 300w, https:\/\/gorzow.news\/wp-content\/uploads\/2025\/11\/fotob-21162-1024x683.jpg 1024w, https:\/\/gorzow.news\/wp-content\/uploads\/2025\/11\/fotob-21162-768x512.jpg 768w, https:\/\/gorzow.news\/wp-content\/uploads\/2025\/11\/fotob-21162-1536x1024.jpg 1536w, https:\/\/gorzow.news\/wp-content\/uploads\/2025\/11\/fotob-21162-696x464.jpg 696w, https:\/\/gorzow.news\/wp-content\/uploads\/2025\/11\/fotob-21162-1068x712.jpg 1068w\" sizes=\"(max-width: 1620px) 100vw, 1620px\" alt=\"\">\r\n                            <\/a>\r\n                            \r\n                        <\/figure>\r\n                    <\/div>\r\n                            <\/div>\r\n                        <\/div>\r\n\r\n                        <div class = \"td-doubleSlider-2\">\r\n                            <div class = \"td-slider\">\r\n                                \r\n                    <div class = \"td-button td-item1\">\r\n                        <div class = \"td-border\"><\/div>\r\n                    <\/div>\r\n                    <div class = \"td-button td-item2\">\r\n                        <div class = \"td-border\"><\/div>\r\n                    <\/div>\r\n                    <div class = \"td-button td-item3\">\r\n                        <div class = \"td-border\"><\/div>\r\n                    <\/div>\r\n                    <div class = \"td-button td-item4\">\r\n                        <div class = \"td-border\"><\/div>\r\n                    <\/div>\r\n                    <div class = \"td-button td-item5\">\r\n                        <div class = \"td-border\"><\/div>\r\n                    <\/div>\r\n                    <div class = \"td-button td-item6\">\r\n                        <div class = \"td-border\"><\/div>\r\n                    <\/div>\r\n                    <div class = \"td-button td-item7\">\r\n                        <div class = \"td-border\"><\/div>\r\n                    <\/div>\r\n                    <div class = \"td-button td-item8\">\r\n                        <div class = \"td-border\"><\/div>\r\n                    <\/div>\r\n                            <\/div>\r\n                        <\/div>\r\n\r\n                    <\/div>\r\n\r\n                <\/div>\r\n                \n\n\n<p>W 2026 roku remont przejd\u0105 nieruchomo\u015bci przy Energetyk\u00f3w 1-2, Lipowej 20-21-22, Lipowej 23-24, Lutyckiej 8, Ogrodowej 3. Natomiast modernizacja budynk\u00f3w przy ul. Grobli 4A, Koniawskiej 56A, Pozna\u0144skiej 23A, Pozna\u0144skiej 23C zaplanowana jest na 2027 rok.<\/p>\n\n\n\n<p>Zadanie realizowane jest w oparciu o uzyskane przez Miasto dofinansowanie w ramach projektu \u201eTermomodernizacja budynk\u00f3w mieszkalnych komunalnych w Gorzowie Wielkopolskim &#8211; etap VI-VII\u201d w ramach naboru FELB \u201eFundusze Europejskie na zielony rozw\u00f3j lubuskiego\u201d, Dzia\u0142anie \u201eEfektywno\u015b\u0107 energetyczna\u201d Programu Fundusze Europejskie dla Lubuskiego 2021-2027.<\/p>\n\n\n\n<p>Szacunkowa warto\u015b\u0107 inwestycji wynosi blisko 12 mln. z\u0142. Poziom pozyskanego dofinansowania stanowi kwota 10 mln. z\u0142, tj. 85 proc. koszt\u00f3w kwalifikowanych.<\/p>\n","protected":false},"excerpt":{"rendered":"<p>Wida\u0107 ju\u017c pierwsze efekty remont\u00f3w miejskich kamienic. Niezb\u0119dne \u015brodki na ten cel miasto uzyska\u0142o ze \u015brodk\u00f3w unijnych, kt\u00f3re w latach 2025-2027 pozwol\u0105 na przeprowadzenie termomodernizacji 15. nieruchomo\u015bci mieszkalnych wielorodzinnych. Prace remontowe polegaj\u0105 na termoizolacji \u015bcian zewn\u0119trznych i strop\u00f3w, wymianie stolarki okiennej i drzwiowej oraz izolacji \u015bcian fundamentowych. Realizacja rob\u00f3t zaplanowana jest przez Zak\u0142ad Gospodarki Mieszkaniowej [&hellip;]<\/p>\n","protected":false},"author":1,"featured_media":36358,"comment_status":"open","ping_status":"open","sticky":false,"template":"","format":"standard","meta":{"footnotes":"","_links_to":"","_links_to_target":""},"categories":[592,589],"tags":[3614],"class_list":{"0":"post-36349","1":"post","2":"type-post","3":"status-publish","4":"format-standard","5":"has-post-thumbnail","7":"category-inwestycje-mieszkaniowe","8":"category-wiadomosci","9":"tag-remont-elewacji"},"yoast_head":"<!-- This site is optimized with the Yoast SEO plugin v27.3 - https:\/\/yoast.com\/product\/yoast-seo-wordpress\/ -->\n<title>Wyremontowane elewacje kamienic ciesz\u0105 oko. Jaki jest plan na ten i kolejne lata? - Gorz\u00f3w News<\/title>\n<meta name=\"description\" content=\"Wida\u0107 ju\u017c pierwsze efekty remont\u00f3w miejskich kamienic. Niezb\u0119dne \u015brodki na ten cel miasto uzyska\u0142o ze \u015brodk\u00f3w unijnych, kt\u00f3re w latach 2025-2\" \/>\n<meta name=\"robots\" content=\"index, follow, max-snippet:-1, max-image-preview:large, max-video-preview:-1\" \/>\n<link rel=\"canonical\" href=\"https:\/\/gorzow.news\/index.php\/2025\/11\/04\/wyremontowane-elewacje-kamienic-ciesza-oko-jaki-jest-plan-na-ten-i-kolejne-lata\/\" \/>\n<meta property=\"og:locale\" content=\"pl_PL\" \/>\n<meta property=\"og:type\" content=\"article\" \/>\n<meta property=\"og:title\" content=\"Wyremontowane elewacje kamienic ciesz\u0105 oko. Jaki jest plan na ten i kolejne lata? - Gorz\u00f3w News\" \/>\n<meta property=\"og:description\" content=\"Wida\u0107 ju\u017c pierwsze efekty remont\u00f3w miejskich kamienic. Niezb\u0119dne \u015brodki na ten cel miasto uzyska\u0142o ze \u015brodk\u00f3w unijnych, kt\u00f3re w latach 2025-2\" \/>\n<meta property=\"og:url\" content=\"https:\/\/gorzow.news\/index.php\/2025\/11\/04\/wyremontowane-elewacje-kamienic-ciesza-oko-jaki-jest-plan-na-ten-i-kolejne-lata\/\" \/>\n<meta property=\"og:site_name\" content=\"Gorz\u00f3w News\" \/>\n<meta property=\"article:publisher\" content=\"https:\/\/www.facebook.com\/gorzowskinews\" \/>\n<meta property=\"article:published_time\" content=\"2025-11-04T08:29:00+00:00\" \/>\n<meta property=\"article:modified_time\" content=\"2025-11-04T14:33:33+00:00\" \/>\n<meta property=\"og:image\" content=\"https:\/\/gorzow.news\/wp-content\/uploads\/2025\/11\/fotob-21162-1.jpg\" \/>\n\t<meta property=\"og:image:width\" content=\"1620\" \/>\n\t<meta property=\"og:image:height\" content=\"1080\" \/>\n\t<meta property=\"og:image:type\" content=\"image\/jpeg\" \/>\n<meta name=\"author\" content=\"maciej\" \/>\n<meta name=\"twitter:card\" content=\"summary_large_image\" \/>\n<meta name=\"twitter:label1\" content=\"Napisane przez\" \/>\n\t<meta name=\"twitter:data1\" content=\"maciej\" \/>\n\t<meta name=\"twitter:label2\" content=\"Szacowany czas czytania\" \/>\n\t<meta name=\"twitter:data2\" content=\"2 minuty\" \/>\n<script type=\"application\/ld+json\" class=\"yoast-schema-graph\">{\"@context\":\"https:\\\/\\\/schema.org\",\"@graph\":[{\"@type\":\"Article\",\"@id\":\"https:\\\/\\\/gorzow.news\\\/index.php\\\/2025\\\/11\\\/04\\\/wyremontowane-elewacje-kamienic-ciesza-oko-jaki-jest-plan-na-ten-i-kolejne-lata\\\/#article\",\"isPartOf\":{\"@id\":\"https:\\\/\\\/gorzow.news\\\/index.php\\\/2025\\\/11\\\/04\\\/wyremontowane-elewacje-kamienic-ciesza-oko-jaki-jest-plan-na-ten-i-kolejne-lata\\\/\"},\"author\":{\"name\":\"maciej\",\"@id\":\"https:\\\/\\\/gorzow.news\\\/#\\\/schema\\\/person\\\/a1e5ab43166369f2ce236a1cd90995bb\"},\"headline\":\"Wyremontowane elewacje kamienic ciesz\u0105 oko. Jaki jest plan na ten i kolejne lata?\",\"datePublished\":\"2025-11-04T08:29:00+00:00\",\"dateModified\":\"2025-11-04T14:33:33+00:00\",\"mainEntityOfPage\":{\"@id\":\"https:\\\/\\\/gorzow.news\\\/index.php\\\/2025\\\/11\\\/04\\\/wyremontowane-elewacje-kamienic-ciesza-oko-jaki-jest-plan-na-ten-i-kolejne-lata\\\/\"},\"wordCount\":245,\"commentCount\":0,\"image\":{\"@id\":\"https:\\\/\\\/gorzow.news\\\/index.php\\\/2025\\\/11\\\/04\\\/wyremontowane-elewacje-kamienic-ciesza-oko-jaki-jest-plan-na-ten-i-kolejne-lata\\\/#primaryimage\"},\"thumbnailUrl\":\"https:\\\/\\\/gorzow.news\\\/wp-content\\\/uploads\\\/2025\\\/11\\\/fotob-21162-1.jpg\",\"keywords\":[\"remont elewacji\"],\"articleSection\":[\"Inwestycje mieszkaniowe\",\"Wiadomo\u015bci\"],\"inLanguage\":\"pl-PL\",\"potentialAction\":[{\"@type\":\"CommentAction\",\"name\":\"Comment\",\"target\":[\"https:\\\/\\\/gorzow.news\\\/index.php\\\/2025\\\/11\\\/04\\\/wyremontowane-elewacje-kamienic-ciesza-oko-jaki-jest-plan-na-ten-i-kolejne-lata\\\/#respond\"]}]},{\"@type\":\"WebPage\",\"@id\":\"https:\\\/\\\/gorzow.news\\\/index.php\\\/2025\\\/11\\\/04\\\/wyremontowane-elewacje-kamienic-ciesza-oko-jaki-jest-plan-na-ten-i-kolejne-lata\\\/\",\"url\":\"https:\\\/\\\/gorzow.news\\\/index.php\\\/2025\\\/11\\\/04\\\/wyremontowane-elewacje-kamienic-ciesza-oko-jaki-jest-plan-na-ten-i-kolejne-lata\\\/\",\"name\":\"Wyremontowane elewacje kamienic ciesz\u0105 oko. Jaki jest plan na ten i kolejne lata? - Gorz\u00f3w News\",\"isPartOf\":{\"@id\":\"https:\\\/\\\/gorzow.news\\\/#website\"},\"primaryImageOfPage\":{\"@id\":\"https:\\\/\\\/gorzow.news\\\/index.php\\\/2025\\\/11\\\/04\\\/wyremontowane-elewacje-kamienic-ciesza-oko-jaki-jest-plan-na-ten-i-kolejne-lata\\\/#primaryimage\"},\"image\":{\"@id\":\"https:\\\/\\\/gorzow.news\\\/index.php\\\/2025\\\/11\\\/04\\\/wyremontowane-elewacje-kamienic-ciesza-oko-jaki-jest-plan-na-ten-i-kolejne-lata\\\/#primaryimage\"},\"thumbnailUrl\":\"https:\\\/\\\/gorzow.news\\\/wp-content\\\/uploads\\\/2025\\\/11\\\/fotob-21162-1.jpg\",\"datePublished\":\"2025-11-04T08:29:00+00:00\",\"dateModified\":\"2025-11-04T14:33:33+00:00\",\"author\":{\"@id\":\"https:\\\/\\\/gorzow.news\\\/#\\\/schema\\\/person\\\/a1e5ab43166369f2ce236a1cd90995bb\"},\"description\":\"Wida\u0107 ju\u017c pierwsze efekty remont\u00f3w miejskich kamienic. Niezb\u0119dne \u015brodki na ten cel miasto uzyska\u0142o ze \u015brodk\u00f3w unijnych, kt\u00f3re w latach 2025-2027 pozwol\u0105 na przeprowadzenie termomodernizacji 15. nieruchomo\u015bci mieszkalnych wielorodzinnych.\",\"breadcrumb\":{\"@id\":\"https:\\\/\\\/gorzow.news\\\/index.php\\\/2025\\\/11\\\/04\\\/wyremontowane-elewacje-kamienic-ciesza-oko-jaki-jest-plan-na-ten-i-kolejne-lata\\\/#breadcrumb\"},\"inLanguage\":\"pl-PL\",\"potentialAction\":[{\"@type\":\"ReadAction\",\"target\":[\"https:\\\/\\\/gorzow.news\\\/index.php\\\/2025\\\/11\\\/04\\\/wyremontowane-elewacje-kamienic-ciesza-oko-jaki-jest-plan-na-ten-i-kolejne-lata\\\/\"]}]},{\"@type\":\"ImageObject\",\"inLanguage\":\"pl-PL\",\"@id\":\"https:\\\/\\\/gorzow.news\\\/index.php\\\/2025\\\/11\\\/04\\\/wyremontowane-elewacje-kamienic-ciesza-oko-jaki-jest-plan-na-ten-i-kolejne-lata\\\/#primaryimage\",\"url\":\"https:\\\/\\\/gorzow.news\\\/wp-content\\\/uploads\\\/2025\\\/11\\\/fotob-21162-1.jpg\",\"contentUrl\":\"https:\\\/\\\/gorzow.news\\\/wp-content\\\/uploads\\\/2025\\\/11\\\/fotob-21162-1.jpg\",\"width\":1620,\"height\":1080,\"caption\":\"Kamienica przy ul. Grobla po remoncie. fot. Jan Wojtanowski\"},{\"@type\":\"BreadcrumbList\",\"@id\":\"https:\\\/\\\/gorzow.news\\\/index.php\\\/2025\\\/11\\\/04\\\/wyremontowane-elewacje-kamienic-ciesza-oko-jaki-jest-plan-na-ten-i-kolejne-lata\\\/#breadcrumb\",\"itemListElement\":[{\"@type\":\"ListItem\",\"position\":1,\"name\":\"Home\",\"item\":\"https:\\\/\\\/gorzow.news\\\/\"},{\"@type\":\"ListItem\",\"position\":2,\"name\":\"Wyremontowane elewacje kamienic ciesz\u0105 oko. Jaki jest plan na ten i kolejne lata?\"}]},{\"@type\":\"WebSite\",\"@id\":\"https:\\\/\\\/gorzow.news\\\/#website\",\"url\":\"https:\\\/\\\/gorzow.news\\\/\",\"name\":\"Gorz\u00f3w News\",\"description\":\"Sp\u00f3jrz inaczej na miato i region...\",\"potentialAction\":[{\"@type\":\"SearchAction\",\"target\":{\"@type\":\"EntryPoint\",\"urlTemplate\":\"https:\\\/\\\/gorzow.news\\\/?s={search_term_string}\"},\"query-input\":{\"@type\":\"PropertyValueSpecification\",\"valueRequired\":true,\"valueName\":\"search_term_string\"}}],\"inLanguage\":\"pl-PL\"},{\"@type\":\"Person\",\"@id\":\"https:\\\/\\\/gorzow.news\\\/#\\\/schema\\\/person\\\/a1e5ab43166369f2ce236a1cd90995bb\",\"name\":\"maciej\",\"image\":{\"@type\":\"ImageObject\",\"inLanguage\":\"pl-PL\",\"@id\":\"https:\\\/\\\/secure.gravatar.com\\\/avatar\\\/530a674d56ba60cfa0ef21d74e8e8d123a51bb7aa6580465b5c2ab2c2e980a19?s=96&r=g&d=https:\\\/\\\/gorzow.news\\\/wp-content\\\/plugins\\\/userswp\\\/assets\\\/images\\\/no_profile.png\",\"url\":\"https:\\\/\\\/secure.gravatar.com\\\/avatar\\\/530a674d56ba60cfa0ef21d74e8e8d123a51bb7aa6580465b5c2ab2c2e980a19?s=96&r=g&d=https:\\\/\\\/gorzow.news\\\/wp-content\\\/plugins\\\/userswp\\\/assets\\\/images\\\/no_profile.png\",\"contentUrl\":\"https:\\\/\\\/secure.gravatar.com\\\/avatar\\\/530a674d56ba60cfa0ef21d74e8e8d123a51bb7aa6580465b5c2ab2c2e980a19?s=96&r=g&d=https:\\\/\\\/gorzow.news\\\/wp-content\\\/plugins\\\/userswp\\\/assets\\\/images\\\/no_profile.png\",\"caption\":\"maciej\"},\"url\":\"https:\\\/\\\/gorzow.news\\\/index.php\\\/profile\\\/maciej\\\/\"}]}<\/script>\n<!-- \/ Yoast SEO plugin. -->","yoast_head_json":{"title":"Wyremontowane elewacje kamienic ciesz\u0105 oko. Jaki jest plan na ten i kolejne lata? - Gorz\u00f3w News","description":"Wida\u0107 ju\u017c pierwsze efekty remont\u00f3w miejskich kamienic. Niezb\u0119dne \u015brodki na ten cel miasto uzyska\u0142o ze \u015brodk\u00f3w unijnych, kt\u00f3re w latach 2025-2","robots":{"index":"index","follow":"follow","max-snippet":"max-snippet:-1","max-image-preview":"max-image-preview:large","max-video-preview":"max-video-preview:-1"},"canonical":"https:\/\/gorzow.news\/index.php\/2025\/11\/04\/wyremontowane-elewacje-kamienic-ciesza-oko-jaki-jest-plan-na-ten-i-kolejne-lata\/","og_locale":"pl_PL","og_type":"article","og_title":"Wyremontowane elewacje kamienic ciesz\u0105 oko. Jaki jest plan na ten i kolejne lata? - Gorz\u00f3w News","og_description":"Wida\u0107 ju\u017c pierwsze efekty remont\u00f3w miejskich kamienic. Niezb\u0119dne \u015brodki na ten cel miasto uzyska\u0142o ze \u015brodk\u00f3w unijnych, kt\u00f3re w latach 2025-2","og_url":"https:\/\/gorzow.news\/index.php\/2025\/11\/04\/wyremontowane-elewacje-kamienic-ciesza-oko-jaki-jest-plan-na-ten-i-kolejne-lata\/","og_site_name":"Gorz\u00f3w News","article_publisher":"https:\/\/www.facebook.com\/gorzowskinews","article_published_time":"2025-11-04T08:29:00+00:00","article_modified_time":"2025-11-04T14:33:33+00:00","og_image":[{"width":1620,"height":1080,"url":"https:\/\/gorzow.news\/wp-content\/uploads\/2025\/11\/fotob-21162-1.jpg","type":"image\/jpeg"}],"author":"maciej","twitter_card":"summary_large_image","twitter_misc":{"Napisane przez":"maciej","Szacowany czas czytania":"2 minuty"},"schema":{"@context":"https:\/\/schema.org","@graph":[{"@type":"Article","@id":"https:\/\/gorzow.news\/index.php\/2025\/11\/04\/wyremontowane-elewacje-kamienic-ciesza-oko-jaki-jest-plan-na-ten-i-kolejne-lata\/#article","isPartOf":{"@id":"https:\/\/gorzow.news\/index.php\/2025\/11\/04\/wyremontowane-elewacje-kamienic-ciesza-oko-jaki-jest-plan-na-ten-i-kolejne-lata\/"},"author":{"name":"maciej","@id":"https:\/\/gorzow.news\/#\/schema\/person\/a1e5ab43166369f2ce236a1cd90995bb"},"headline":"Wyremontowane elewacje kamienic ciesz\u0105 oko. Jaki jest plan na ten i kolejne lata?","datePublished":"2025-11-04T08:29:00+00:00","dateModified":"2025-11-04T14:33:33+00:00","mainEntityOfPage":{"@id":"https:\/\/gorzow.news\/index.php\/2025\/11\/04\/wyremontowane-elewacje-kamienic-ciesza-oko-jaki-jest-plan-na-ten-i-kolejne-lata\/"},"wordCount":245,"commentCount":0,"image":{"@id":"https:\/\/gorzow.news\/index.php\/2025\/11\/04\/wyremontowane-elewacje-kamienic-ciesza-oko-jaki-jest-plan-na-ten-i-kolejne-lata\/#primaryimage"},"thumbnailUrl":"https:\/\/gorzow.news\/wp-content\/uploads\/2025\/11\/fotob-21162-1.jpg","keywords":["remont elewacji"],"articleSection":["Inwestycje mieszkaniowe","Wiadomo\u015bci"],"inLanguage":"pl-PL","potentialAction":[{"@type":"CommentAction","name":"Comment","target":["https:\/\/gorzow.news\/index.php\/2025\/11\/04\/wyremontowane-elewacje-kamienic-ciesza-oko-jaki-jest-plan-na-ten-i-kolejne-lata\/#respond"]}]},{"@type":"WebPage","@id":"https:\/\/gorzow.news\/index.php\/2025\/11\/04\/wyremontowane-elewacje-kamienic-ciesza-oko-jaki-jest-plan-na-ten-i-kolejne-lata\/","url":"https:\/\/gorzow.news\/index.php\/2025\/11\/04\/wyremontowane-elewacje-kamienic-ciesza-oko-jaki-jest-plan-na-ten-i-kolejne-lata\/","name":"Wyremontowane elewacje kamienic ciesz\u0105 oko. Jaki jest plan na ten i kolejne lata? - Gorz\u00f3w News","isPartOf":{"@id":"https:\/\/gorzow.news\/#website"},"primaryImageOfPage":{"@id":"https:\/\/gorzow.news\/index.php\/2025\/11\/04\/wyremontowane-elewacje-kamienic-ciesza-oko-jaki-jest-plan-na-ten-i-kolejne-lata\/#primaryimage"},"image":{"@id":"https:\/\/gorzow.news\/index.php\/2025\/11\/04\/wyremontowane-elewacje-kamienic-ciesza-oko-jaki-jest-plan-na-ten-i-kolejne-lata\/#primaryimage"},"thumbnailUrl":"https:\/\/gorzow.news\/wp-content\/uploads\/2025\/11\/fotob-21162-1.jpg","datePublished":"2025-11-04T08:29:00+00:00","dateModified":"2025-11-04T14:33:33+00:00","author":{"@id":"https:\/\/gorzow.news\/#\/schema\/person\/a1e5ab43166369f2ce236a1cd90995bb"},"description":"Wida\u0107 ju\u017c pierwsze efekty remont\u00f3w miejskich kamienic. Niezb\u0119dne \u015brodki na ten cel miasto uzyska\u0142o ze \u015brodk\u00f3w unijnych, kt\u00f3re w latach 2025-2027 pozwol\u0105 na przeprowadzenie termomodernizacji 15. nieruchomo\u015bci mieszkalnych wielorodzinnych.","breadcrumb":{"@id":"https:\/\/gorzow.news\/index.php\/2025\/11\/04\/wyremontowane-elewacje-kamienic-ciesza-oko-jaki-jest-plan-na-ten-i-kolejne-lata\/#breadcrumb"},"inLanguage":"pl-PL","potentialAction":[{"@type":"ReadAction","target":["https:\/\/gorzow.news\/index.php\/2025\/11\/04\/wyremontowane-elewacje-kamienic-ciesza-oko-jaki-jest-plan-na-ten-i-kolejne-lata\/"]}]},{"@type":"ImageObject","inLanguage":"pl-PL","@id":"https:\/\/gorzow.news\/index.php\/2025\/11\/04\/wyremontowane-elewacje-kamienic-ciesza-oko-jaki-jest-plan-na-ten-i-kolejne-lata\/#primaryimage","url":"https:\/\/gorzow.news\/wp-content\/uploads\/2025\/11\/fotob-21162-1.jpg","contentUrl":"https:\/\/gorzow.news\/wp-content\/uploads\/2025\/11\/fotob-21162-1.jpg","width":1620,"height":1080,"caption":"Kamienica przy ul. Grobla po remoncie. fot. Jan Wojtanowski"},{"@type":"BreadcrumbList","@id":"https:\/\/gorzow.news\/index.php\/2025\/11\/04\/wyremontowane-elewacje-kamienic-ciesza-oko-jaki-jest-plan-na-ten-i-kolejne-lata\/#breadcrumb","itemListElement":[{"@type":"ListItem","position":1,"name":"Home","item":"https:\/\/gorzow.news\/"},{"@type":"ListItem","position":2,"name":"Wyremontowane elewacje kamienic ciesz\u0105 oko. Jaki jest plan na ten i kolejne lata?"}]},{"@type":"WebSite","@id":"https:\/\/gorzow.news\/#website","url":"https:\/\/gorzow.news\/","name":"Gorz\u00f3w News","description":"Sp\u00f3jrz inaczej na miato i region...","potentialAction":[{"@type":"SearchAction","target":{"@type":"EntryPoint","urlTemplate":"https:\/\/gorzow.news\/?s={search_term_string}"},"query-input":{"@type":"PropertyValueSpecification","valueRequired":true,"valueName":"search_term_string"}}],"inLanguage":"pl-PL"},{"@type":"Person","@id":"https:\/\/gorzow.news\/#\/schema\/person\/a1e5ab43166369f2ce236a1cd90995bb","name":"maciej","image":{"@type":"ImageObject","inLanguage":"pl-PL","@id":"https:\/\/secure.gravatar.com\/avatar\/530a674d56ba60cfa0ef21d74e8e8d123a51bb7aa6580465b5c2ab2c2e980a19?s=96&r=g&d=https:\/\/gorzow.news\/wp-content\/plugins\/userswp\/assets\/images\/no_profile.png","url":"https:\/\/secure.gravatar.com\/avatar\/530a674d56ba60cfa0ef21d74e8e8d123a51bb7aa6580465b5c2ab2c2e980a19?s=96&r=g&d=https:\/\/gorzow.news\/wp-content\/plugins\/userswp\/assets\/images\/no_profile.png","contentUrl":"https:\/\/secure.gravatar.com\/avatar\/530a674d56ba60cfa0ef21d74e8e8d123a51bb7aa6580465b5c2ab2c2e980a19?s=96&r=g&d=https:\/\/gorzow.news\/wp-content\/plugins\/userswp\/assets\/images\/no_profile.png","caption":"maciej"},"url":"https:\/\/gorzow.news\/index.php\/profile\/maciej\/"}]}},"_links":{"self":[{"href":"https:\/\/gorzow.news\/index.php\/wp-json\/wp\/v2\/posts\/36349","targetHints":{"allow":["GET"]}}],"collection":[{"href":"https:\/\/gorzow.news\/index.php\/wp-json\/wp\/v2\/posts"}],"about":[{"href":"https:\/\/gorzow.news\/index.php\/wp-json\/wp\/v2\/types\/post"}],"author":[{"embeddable":true,"href":"https:\/\/gorzow.news\/index.php\/wp-json\/wp\/v2\/users\/1"}],"replies":[{"embeddable":true,"href":"https:\/\/gorzow.news\/index.php\/wp-json\/wp\/v2\/comments?post=36349"}],"version-history":[{"count":1,"href":"https:\/\/gorzow.news\/index.php\/wp-json\/wp\/v2\/posts\/36349\/revisions"}],"predecessor-version":[{"id":36359,"href":"https:\/\/gorzow.news\/index.php\/wp-json\/wp\/v2\/posts\/36349\/revisions\/36359"}],"wp:featuredmedia":[{"embeddable":true,"href":"https:\/\/gorzow.news\/index.php\/wp-json\/wp\/v2\/media\/36358"}],"wp:attachment":[{"href":"https:\/\/gorzow.news\/index.php\/wp-json\/wp\/v2\/media?parent=36349"}],"wp:term":[{"taxonomy":"category","embeddable":true,"href":"https:\/\/gorzow.news\/index.php\/wp-json\/wp\/v2\/categories?post=36349"},{"taxonomy":"post_tag","embeddable":true,"href":"https:\/\/gorzow.news\/index.php\/wp-json\/wp\/v2\/tags?post=36349"}],"curies":[{"name":"wp","href":"https:\/\/api.w.org\/{rel}","templated":true}]}}