{"id":36328,"date":"2025-11-04T13:01:19","date_gmt":"2025-11-04T12:01:19","guid":{"rendered":"https:\/\/gorzow.news\/?p=36328"},"modified":"2025-11-04T13:01:22","modified_gmt":"2025-11-04T12:01:22","slug":"mr-diy-oglasza-termin-otwarcia-nietypowy-dzien-na-inauguracje-siec-szuka-pracownikow","status":"publish","type":"post","link":"https:\/\/gorzow.news\/index.php\/2025\/11\/04\/mr-diy-oglasza-termin-otwarcia-nietypowy-dzien-na-inauguracje-siec-szuka-pracownikow\/","title":{"rendered":"MR.DIY og\u0142asza termin otwarcia. Nietypowy dzie\u0144 na inauguracj\u0119. Sie\u0107 szuka pracownik\u00f3w"},"content":{"rendered":"\n<p><strong>Jako pierwsi we wrze\u015bniu na \u0142amach Gorz\u00f3w News informowali\u015bmy o planowanym otwarciu sklepu sieci wywodz\u0105cej si\u0119 z Malezji &#8211; MR.DIY w Galerii Askana. Teraz wiadomo ju\u017c, \u017ce otwarcie nast\u0105pi w sobot\u0119, 15 listopada. Sklep MR.DIY zgodnie z naszymi informacjami zajmie powierzchni\u0119 800 mkw. na poziomi -1.<\/strong><\/p>\n\n\n\n<p><strong>W temacie:<\/strong><br><a href=\"https:\/\/gorzow.news\/index.php\/2025\/09\/10\/malezyjska-siec-dyskontow-mr-diy-wchodzi-do-gorzowa-wiemy-gdzie-i-kiedy-zostanie-otwarty-pierwszy-w-lubuskiem-sklep\/\">Malezyjska sie\u0107 MR.DIY wchodzi do Gorzowa! Wiemy gdzie i kiedy zostanie otwarty pierwszy w Lubuskiem sklep!<\/a><\/p>\n\n\n\n<p>W Askanie mieszka\u0144cy b\u0119d\u0105 mogli skorzysta\u0107 z szerokiej oferty salonu zlokalizowanego na najni\u017cszym poziomie galerii. Dodatkowo, w dniu uroczystego otwarcia na klient\u00f3w b\u0119d\u0105 czeka\u0107 prezenty za zakupy, rodzinne warsztaty, darmowy pocz\u0119stunek, malowanie buziek i liczne konkursy. W\u015br\u00f3d nagr\u00f3d znajd\u0105 si\u0119 iPhone 16 oraz vouchery do sklepu MR.DIY.<\/p>\n\n\n\n<p>&#8211; Obecno\u015b\u0107 marki MR.DIY jest integraln\u0105 cz\u0119\u015bci\u0105 realizowanej strategii leasingowej Galerii Askana polegaj\u0105cej na wprowadzeniu brand\u00f3w nieobecnych dot\u0105d w Gorzowie i regionie. Cieszymy si\u0119, \u017ce mieszka\u0144cy zyskaj\u0105 dost\u0119p do oferty tej dynamicznie rozwijaj\u0105cej si\u0119 sieci &#8211; podkre\u015bla <strong>Joanna Bieniek<\/strong>, dyrektor dzia\u0142u najmu Galerii Askana.<\/p>\n\n\n\n<figure class=\"wp-block-image size-large\"><img loading=\"lazy\" decoding=\"async\" width=\"1024\" height=\"576\" src=\"https:\/\/gorzow.news\/wp-content\/uploads\/2025\/11\/IMG_20251103_181018847-1024x576.jpg\" alt=\"\" class=\"wp-image-36330\" srcset=\"https:\/\/gorzow.news\/wp-content\/uploads\/2025\/11\/IMG_20251103_181018847-1024x576.jpg 1024w, https:\/\/gorzow.news\/wp-content\/uploads\/2025\/11\/IMG_20251103_181018847-300x169.jpg 300w, https:\/\/gorzow.news\/wp-content\/uploads\/2025\/11\/IMG_20251103_181018847-768x432.jpg 768w, https:\/\/gorzow.news\/wp-content\/uploads\/2025\/11\/IMG_20251103_181018847-1536x864.jpg 1536w, https:\/\/gorzow.news\/wp-content\/uploads\/2025\/11\/IMG_20251103_181018847-696x392.jpg 696w, https:\/\/gorzow.news\/wp-content\/uploads\/2025\/11\/IMG_20251103_181018847-1068x601.jpg 1068w, https:\/\/gorzow.news\/wp-content\/uploads\/2025\/11\/IMG_20251103_181018847.jpg 1600w\" sizes=\"auto, (max-width: 1024px) 100vw, 1024px\" \/><\/figure>\n\n\n\n<p>&#8211; Cieszymy si\u0119, \u017ce ju\u017c wkr\u00f3tce mieszka\u0144cy Gorzowa b\u0119d\u0105 mogli odwiedzi\u0107 nasz sklep MR.DIY w Galerii Askana. To dla nas wa\u017cny krok, by by\u0107 jeszcze bli\u017cej klient\u00f3w i zaoferowa\u0107 im szeroki wyb\u00f3r produkt\u00f3w w zawsze niskich cenach. Mamy nadziej\u0119, \u017ce nasza oferta stanie si\u0119 codziennym wsparciem w domu, pracy i czasie wolnym &#8211; m\u00f3wi <strong>Magdalena Nazarewicz<\/strong>, business development director europe w MR.DIY Poland. &#8211; Galeria Askana to jedno z najpopularniejszych miejsc zakup\u00f3w i spotka\u0144 w regionie, id\u0105ce z duchem czas\u00f3w. Jeste\u015bmy przekonani, \u017ce nasz sklep doskonale wpisze si\u0119 w jej od\u015bwie\u017con\u0105 ods\u0142on\u0119 i dodatkowo wzmocni r\u00f3\u017cnorodno\u015b\u0107 oferty, dzi\u0119ki czemu Galeria Askana jeszcze lepiej odpowie na potrzeby i rosn\u0105ce oczekiwania\u00a0klient\u00f3w.<\/p>\n\n\n\n<p>MR.DIY to pochodz\u0105ca z Malezji sie\u0107 sklep\u00f3w, oferuj\u0105ca ponad 6 tys. produkt\u00f3w codziennego u\u017cytku z 10 kategorii, takich jak: artyku\u0142y gospodarstwa domowego, dekoracyjne, szkolne i biurowe, narz\u0119dzia do majsterkowania, akcesoria samochodowe, a tak\u017ce zabawki i artyku\u0142y dla zwierz\u0105t. Opr\u00f3cz produkt\u00f3w marki w\u0142asnej, klienci znajd\u0105 na p\u00f3\u0142kach r\u00f3wnie\u017c wiele dobrze znanych marek w konkurencyjnych cenach. Sie\u0107 MR.DIY aktualnie posiada ponad 5000 sklep\u00f3w na ca\u0142ym \u015bwiecie, w tym w Malezji, Tajlandii, Brunei, Indonezji, Singapurze, Filipinach, Wietnamie, Kambod\u017cy, Indiach i Bangladeszu, a tak\u017ce w&nbsp;RPA, Turcji, Hiszpanii.<\/p>\n\n\n\n<p>W Polsce obecna jest od listopada 2024 roku.<\/p>\n\n\n\n<figure class=\"wp-block-image size-large\"><img loading=\"lazy\" decoding=\"async\" width=\"1024\" height=\"576\" src=\"https:\/\/gorzow.news\/wp-content\/uploads\/2025\/11\/IMG_20251103_181038077-1024x576.jpg\" alt=\"\" class=\"wp-image-36331\" srcset=\"https:\/\/gorzow.news\/wp-content\/uploads\/2025\/11\/IMG_20251103_181038077-1024x576.jpg 1024w, https:\/\/gorzow.news\/wp-content\/uploads\/2025\/11\/IMG_20251103_181038077-300x169.jpg 300w, https:\/\/gorzow.news\/wp-content\/uploads\/2025\/11\/IMG_20251103_181038077-768x432.jpg 768w, https:\/\/gorzow.news\/wp-content\/uploads\/2025\/11\/IMG_20251103_181038077-1536x864.jpg 1536w, https:\/\/gorzow.news\/wp-content\/uploads\/2025\/11\/IMG_20251103_181038077-696x392.jpg 696w, https:\/\/gorzow.news\/wp-content\/uploads\/2025\/11\/IMG_20251103_181038077-1068x601.jpg 1068w, https:\/\/gorzow.news\/wp-content\/uploads\/2025\/11\/IMG_20251103_181038077.jpg 1600w\" sizes=\"auto, (max-width: 1024px) 100vw, 1024px\" \/><\/figure>\n\n\n\n<p>&#8211; Cieszy nas, \u017ce nied\u0142ugo po podpisanej umowie i sprawnie przeprowadzonym remoncie, sie\u0107 MR.DIY otwiera swoje podwoje dla mieszka\u0144c\u00f3w. Wszystko po to, by jak najlepiej odpowiada\u0107 na potrzeby naszych klient\u00f3w i utrzymywa\u0107 przewag\u0119 konkurencyjn\u0105 w zmieniaj\u0105cej si\u0119 rzeczywisto\u015bci. Askana od 18 lat stanowi integraln\u0105 cz\u0119\u015b\u0107 miejskiego \u017cycia i nadal pozostaje atrakcyjn\u0105 destynacj\u0105 zakupow\u0105 dla ca\u0142ego regionu &#8211; zauwa\u017ca <strong>Bartosz Augusiak<\/strong>, dyrektor Galerii Askana.<\/p>\n\n\n\n<p><strong>MR.DIY nadal szuka pracownik\u00f3w<\/strong><\/p>\n\n\n\n<p>&#8211; Asystent Kierownika Sklepu &#8211; oferta <strong><a href=\"https:\/\/www.mrdiy.com\/pl\/career\/asystent-kierownika-sklepu-gorz%C3%B3w-wlkp-askana\" target=\"_blank\" rel=\"noreferrer noopener\">tutaj<\/a><\/strong>.<br>&#8211; Kasjer &#8211; Sprzedawca &#8211; oferta <strong><a href=\"https:\/\/www.mrdiy.com\/pl\/career\/kasjer-sprzedawca-gorz%C3%B3w-wielkopolski-askana\">tu<\/a><a href=\"https:\/\/www.mrdiy.com\/pl\/career\/kasjer-sprzedawca-gorz%C3%B3w-wielkopolski-askana\" target=\"_blank\" rel=\"noreferrer noopener\">t<\/a><a href=\"https:\/\/www.mrdiy.com\/pl\/career\/kasjer-sprzedawca-gorz%C3%B3w-wielkopolski-askana\">aj<\/a><\/strong>.<\/p>\n","protected":false},"excerpt":{"rendered":"<p>Jako pierwsi we wrze\u015bniu na \u0142amach Gorz\u00f3w News informowali\u015bmy o planowanym otwarciu sklepu sieci wywodz\u0105cej si\u0119 z Malezji &#8211; MR.DIY w Galerii Askana. Teraz wiadomo ju\u017c, \u017ce otwarcie nast\u0105pi w sobot\u0119, 15 listopada. Sklep MR.DIY zgodnie z naszymi informacjami zajmie powierzchni\u0119 800 mkw. na poziomi -1. W temacie:Malezyjska sie\u0107 MR.DIY wchodzi do Gorzowa! Wiemy gdzie [&hellip;]<\/p>\n","protected":false},"author":1,"featured_media":36329,"comment_status":"open","ping_status":"open","sticky":false,"template":"","format":"standard","meta":{"footnotes":"","_links_to":"","_links_to_target":""},"categories":[2009,1624,589],"tags":[96,3548],"class_list":{"0":"post-36328","1":"post","2":"type-post","3":"status-publish","4":"format-standard","5":"has-post-thumbnail","7":"category-centrum-srodmiescie","8":"category-inwestycje-handlowe","9":"category-wiadomosci","10":"tag-galeria-askana","11":"tag-mr-diy"},"yoast_head":"<!-- This site is optimized with the Yoast SEO plugin v27.3 - https:\/\/yoast.com\/product\/yoast-seo-wordpress\/ -->\n<title>MR.DIY og\u0142asza termin otwarcia. Nietypowy dzie\u0144 na inauguracj\u0119. Sie\u0107 szuka pracownik\u00f3w - Gorz\u00f3w News<\/title>\n<meta name=\"description\" content=\"Jako pierwsi we wrze\u015bniu na \u0142amach Gorz\u00f3w News informowali\u015bmy o planowanym otwarciu sklepu sieci wywodz\u0105cej si\u0119 z Malezji - MR.DIY w Galerii Ask\" \/>\n<meta name=\"robots\" content=\"index, follow, max-snippet:-1, max-image-preview:large, max-video-preview:-1\" \/>\n<link rel=\"canonical\" href=\"https:\/\/gorzow.news\/index.php\/2025\/11\/04\/mr-diy-oglasza-termin-otwarcia-nietypowy-dzien-na-inauguracje-siec-szuka-pracownikow\/\" \/>\n<meta property=\"og:locale\" content=\"pl_PL\" \/>\n<meta property=\"og:type\" content=\"article\" \/>\n<meta property=\"og:title\" content=\"MR.DIY og\u0142asza termin otwarcia. Nietypowy dzie\u0144 na inauguracj\u0119. Sie\u0107 szuka pracownik\u00f3w - Gorz\u00f3w News\" \/>\n<meta property=\"og:description\" content=\"Jako pierwsi we wrze\u015bniu na \u0142amach Gorz\u00f3w News informowali\u015bmy o planowanym otwarciu sklepu sieci wywodz\u0105cej si\u0119 z Malezji - MR.DIY w Galerii Ask\" \/>\n<meta property=\"og:url\" content=\"https:\/\/gorzow.news\/index.php\/2025\/11\/04\/mr-diy-oglasza-termin-otwarcia-nietypowy-dzien-na-inauguracje-siec-szuka-pracownikow\/\" \/>\n<meta property=\"og:site_name\" content=\"Gorz\u00f3w News\" \/>\n<meta property=\"article:publisher\" content=\"https:\/\/www.facebook.com\/gorzowskinews\" \/>\n<meta property=\"article:published_time\" content=\"2025-11-04T12:01:19+00:00\" \/>\n<meta property=\"article:modified_time\" content=\"2025-11-04T12:01:22+00:00\" \/>\n<meta property=\"og:image\" content=\"https:\/\/gorzow.news\/wp-content\/uploads\/2025\/11\/IMG_20251103_181116289.jpg\" \/>\n\t<meta property=\"og:image:width\" content=\"1600\" \/>\n\t<meta property=\"og:image:height\" content=\"900\" \/>\n\t<meta property=\"og:image:type\" content=\"image\/jpeg\" \/>\n<meta name=\"author\" content=\"maciej\" \/>\n<meta name=\"twitter:card\" content=\"summary_large_image\" \/>\n<meta name=\"twitter:label1\" content=\"Napisane przez\" \/>\n\t<meta name=\"twitter:data1\" content=\"maciej\" \/>\n\t<meta name=\"twitter:label2\" content=\"Szacowany czas czytania\" \/>\n\t<meta name=\"twitter:data2\" content=\"4 minuty\" \/>\n<script type=\"application\/ld+json\" class=\"yoast-schema-graph\">{\"@context\":\"https:\\\/\\\/schema.org\",\"@graph\":[{\"@type\":\"Article\",\"@id\":\"https:\\\/\\\/gorzow.news\\\/index.php\\\/2025\\\/11\\\/04\\\/mr-diy-oglasza-termin-otwarcia-nietypowy-dzien-na-inauguracje-siec-szuka-pracownikow\\\/#article\",\"isPartOf\":{\"@id\":\"https:\\\/\\\/gorzow.news\\\/index.php\\\/2025\\\/11\\\/04\\\/mr-diy-oglasza-termin-otwarcia-nietypowy-dzien-na-inauguracje-siec-szuka-pracownikow\\\/\"},\"author\":{\"name\":\"maciej\",\"@id\":\"https:\\\/\\\/gorzow.news\\\/#\\\/schema\\\/person\\\/a1e5ab43166369f2ce236a1cd90995bb\"},\"headline\":\"MR.DIY og\u0142asza termin otwarcia. Nietypowy dzie\u0144 na inauguracj\u0119. Sie\u0107 szuka pracownik\u00f3w\",\"datePublished\":\"2025-11-04T12:01:19+00:00\",\"dateModified\":\"2025-11-04T12:01:22+00:00\",\"mainEntityOfPage\":{\"@id\":\"https:\\\/\\\/gorzow.news\\\/index.php\\\/2025\\\/11\\\/04\\\/mr-diy-oglasza-termin-otwarcia-nietypowy-dzien-na-inauguracje-siec-szuka-pracownikow\\\/\"},\"wordCount\":529,\"commentCount\":0,\"image\":{\"@id\":\"https:\\\/\\\/gorzow.news\\\/index.php\\\/2025\\\/11\\\/04\\\/mr-diy-oglasza-termin-otwarcia-nietypowy-dzien-na-inauguracje-siec-szuka-pracownikow\\\/#primaryimage\"},\"thumbnailUrl\":\"https:\\\/\\\/gorzow.news\\\/wp-content\\\/uploads\\\/2025\\\/11\\\/IMG_20251103_181116289.jpg\",\"keywords\":[\"Galeria Askana\",\"MR.DIY\"],\"articleSection\":[\"Centrum \\\/ \u015ar\u00f3dmie\u015bcie\",\"Inwestycje handlowe\",\"Wiadomo\u015bci\"],\"inLanguage\":\"pl-PL\",\"potentialAction\":[{\"@type\":\"CommentAction\",\"name\":\"Comment\",\"target\":[\"https:\\\/\\\/gorzow.news\\\/index.php\\\/2025\\\/11\\\/04\\\/mr-diy-oglasza-termin-otwarcia-nietypowy-dzien-na-inauguracje-siec-szuka-pracownikow\\\/#respond\"]}]},{\"@type\":\"WebPage\",\"@id\":\"https:\\\/\\\/gorzow.news\\\/index.php\\\/2025\\\/11\\\/04\\\/mr-diy-oglasza-termin-otwarcia-nietypowy-dzien-na-inauguracje-siec-szuka-pracownikow\\\/\",\"url\":\"https:\\\/\\\/gorzow.news\\\/index.php\\\/2025\\\/11\\\/04\\\/mr-diy-oglasza-termin-otwarcia-nietypowy-dzien-na-inauguracje-siec-szuka-pracownikow\\\/\",\"name\":\"MR.DIY og\u0142asza termin otwarcia. Nietypowy dzie\u0144 na inauguracj\u0119. Sie\u0107 szuka pracownik\u00f3w - Gorz\u00f3w News\",\"isPartOf\":{\"@id\":\"https:\\\/\\\/gorzow.news\\\/#website\"},\"primaryImageOfPage\":{\"@id\":\"https:\\\/\\\/gorzow.news\\\/index.php\\\/2025\\\/11\\\/04\\\/mr-diy-oglasza-termin-otwarcia-nietypowy-dzien-na-inauguracje-siec-szuka-pracownikow\\\/#primaryimage\"},\"image\":{\"@id\":\"https:\\\/\\\/gorzow.news\\\/index.php\\\/2025\\\/11\\\/04\\\/mr-diy-oglasza-termin-otwarcia-nietypowy-dzien-na-inauguracje-siec-szuka-pracownikow\\\/#primaryimage\"},\"thumbnailUrl\":\"https:\\\/\\\/gorzow.news\\\/wp-content\\\/uploads\\\/2025\\\/11\\\/IMG_20251103_181116289.jpg\",\"datePublished\":\"2025-11-04T12:01:19+00:00\",\"dateModified\":\"2025-11-04T12:01:22+00:00\",\"author\":{\"@id\":\"https:\\\/\\\/gorzow.news\\\/#\\\/schema\\\/person\\\/a1e5ab43166369f2ce236a1cd90995bb\"},\"description\":\"Jako pierwsi we wrze\u015bniu na \u0142amach Gorz\u00f3w News informowali\u015bmy o planowanym otwarciu sklepu sieci wywodz\u0105cej si\u0119 z Malezji - MR.DIY w Galerii Askana. Teraz wiadomo ju\u017c, \u017ce otwarcie nast\u0105pi w sobot\u0119, 15 listopada. Sklep MR.DIY zgodnie z naszymi informacjami zajmie powierzchni\u0119 800 mkw. na poziomi -1.\",\"breadcrumb\":{\"@id\":\"https:\\\/\\\/gorzow.news\\\/index.php\\\/2025\\\/11\\\/04\\\/mr-diy-oglasza-termin-otwarcia-nietypowy-dzien-na-inauguracje-siec-szuka-pracownikow\\\/#breadcrumb\"},\"inLanguage\":\"pl-PL\",\"potentialAction\":[{\"@type\":\"ReadAction\",\"target\":[\"https:\\\/\\\/gorzow.news\\\/index.php\\\/2025\\\/11\\\/04\\\/mr-diy-oglasza-termin-otwarcia-nietypowy-dzien-na-inauguracje-siec-szuka-pracownikow\\\/\"]}]},{\"@type\":\"ImageObject\",\"inLanguage\":\"pl-PL\",\"@id\":\"https:\\\/\\\/gorzow.news\\\/index.php\\\/2025\\\/11\\\/04\\\/mr-diy-oglasza-termin-otwarcia-nietypowy-dzien-na-inauguracje-siec-szuka-pracownikow\\\/#primaryimage\",\"url\":\"https:\\\/\\\/gorzow.news\\\/wp-content\\\/uploads\\\/2025\\\/11\\\/IMG_20251103_181116289.jpg\",\"contentUrl\":\"https:\\\/\\\/gorzow.news\\\/wp-content\\\/uploads\\\/2025\\\/11\\\/IMG_20251103_181116289.jpg\",\"width\":1600,\"height\":900,\"caption\":\"MR.DIY w Galerii Askana zostanie otwarty nietypowo, bo w sobot\u0119, tj. 15 listopada. Sobota to nietypowy dzie\u0144 na otwarcia sklep\u00f3w. Przyj\u0119\u0142o si\u0119, \u017ce najlepsze dni w tygodniu na start nowego sklepu to czwartek, a druga w kolejno\u015bci jest \u015broda.\"},{\"@type\":\"BreadcrumbList\",\"@id\":\"https:\\\/\\\/gorzow.news\\\/index.php\\\/2025\\\/11\\\/04\\\/mr-diy-oglasza-termin-otwarcia-nietypowy-dzien-na-inauguracje-siec-szuka-pracownikow\\\/#breadcrumb\",\"itemListElement\":[{\"@type\":\"ListItem\",\"position\":1,\"name\":\"Home\",\"item\":\"https:\\\/\\\/gorzow.news\\\/\"},{\"@type\":\"ListItem\",\"position\":2,\"name\":\"MR.DIY og\u0142asza termin otwarcia. Nietypowy dzie\u0144 na inauguracj\u0119. Sie\u0107 szuka pracownik\u00f3w\"}]},{\"@type\":\"WebSite\",\"@id\":\"https:\\\/\\\/gorzow.news\\\/#website\",\"url\":\"https:\\\/\\\/gorzow.news\\\/\",\"name\":\"Gorz\u00f3w News\",\"description\":\"Sp\u00f3jrz inaczej na miato i region...\",\"potentialAction\":[{\"@type\":\"SearchAction\",\"target\":{\"@type\":\"EntryPoint\",\"urlTemplate\":\"https:\\\/\\\/gorzow.news\\\/?s={search_term_string}\"},\"query-input\":{\"@type\":\"PropertyValueSpecification\",\"valueRequired\":true,\"valueName\":\"search_term_string\"}}],\"inLanguage\":\"pl-PL\"},{\"@type\":\"Person\",\"@id\":\"https:\\\/\\\/gorzow.news\\\/#\\\/schema\\\/person\\\/a1e5ab43166369f2ce236a1cd90995bb\",\"name\":\"maciej\",\"image\":{\"@type\":\"ImageObject\",\"inLanguage\":\"pl-PL\",\"@id\":\"https:\\\/\\\/secure.gravatar.com\\\/avatar\\\/530a674d56ba60cfa0ef21d74e8e8d123a51bb7aa6580465b5c2ab2c2e980a19?s=96&r=g&d=https:\\\/\\\/gorzow.news\\\/wp-content\\\/plugins\\\/userswp\\\/assets\\\/images\\\/no_profile.png\",\"url\":\"https:\\\/\\\/secure.gravatar.com\\\/avatar\\\/530a674d56ba60cfa0ef21d74e8e8d123a51bb7aa6580465b5c2ab2c2e980a19?s=96&r=g&d=https:\\\/\\\/gorzow.news\\\/wp-content\\\/plugins\\\/userswp\\\/assets\\\/images\\\/no_profile.png\",\"contentUrl\":\"https:\\\/\\\/secure.gravatar.com\\\/avatar\\\/530a674d56ba60cfa0ef21d74e8e8d123a51bb7aa6580465b5c2ab2c2e980a19?s=96&r=g&d=https:\\\/\\\/gorzow.news\\\/wp-content\\\/plugins\\\/userswp\\\/assets\\\/images\\\/no_profile.png\",\"caption\":\"maciej\"},\"url\":\"https:\\\/\\\/gorzow.news\\\/index.php\\\/profile\\\/maciej\\\/\"}]}<\/script>\n<!-- \/ Yoast SEO plugin. -->","yoast_head_json":{"title":"MR.DIY og\u0142asza termin otwarcia. Nietypowy dzie\u0144 na inauguracj\u0119. Sie\u0107 szuka pracownik\u00f3w - Gorz\u00f3w News","description":"Jako pierwsi we wrze\u015bniu na \u0142amach Gorz\u00f3w News informowali\u015bmy o planowanym otwarciu sklepu sieci wywodz\u0105cej si\u0119 z Malezji - MR.DIY w Galerii Ask","robots":{"index":"index","follow":"follow","max-snippet":"max-snippet:-1","max-image-preview":"max-image-preview:large","max-video-preview":"max-video-preview:-1"},"canonical":"https:\/\/gorzow.news\/index.php\/2025\/11\/04\/mr-diy-oglasza-termin-otwarcia-nietypowy-dzien-na-inauguracje-siec-szuka-pracownikow\/","og_locale":"pl_PL","og_type":"article","og_title":"MR.DIY og\u0142asza termin otwarcia. Nietypowy dzie\u0144 na inauguracj\u0119. Sie\u0107 szuka pracownik\u00f3w - Gorz\u00f3w News","og_description":"Jako pierwsi we wrze\u015bniu na \u0142amach Gorz\u00f3w News informowali\u015bmy o planowanym otwarciu sklepu sieci wywodz\u0105cej si\u0119 z Malezji - MR.DIY w Galerii Ask","og_url":"https:\/\/gorzow.news\/index.php\/2025\/11\/04\/mr-diy-oglasza-termin-otwarcia-nietypowy-dzien-na-inauguracje-siec-szuka-pracownikow\/","og_site_name":"Gorz\u00f3w News","article_publisher":"https:\/\/www.facebook.com\/gorzowskinews","article_published_time":"2025-11-04T12:01:19+00:00","article_modified_time":"2025-11-04T12:01:22+00:00","og_image":[{"width":1600,"height":900,"url":"https:\/\/gorzow.news\/wp-content\/uploads\/2025\/11\/IMG_20251103_181116289.jpg","type":"image\/jpeg"}],"author":"maciej","twitter_card":"summary_large_image","twitter_misc":{"Napisane przez":"maciej","Szacowany czas czytania":"4 minuty"},"schema":{"@context":"https:\/\/schema.org","@graph":[{"@type":"Article","@id":"https:\/\/gorzow.news\/index.php\/2025\/11\/04\/mr-diy-oglasza-termin-otwarcia-nietypowy-dzien-na-inauguracje-siec-szuka-pracownikow\/#article","isPartOf":{"@id":"https:\/\/gorzow.news\/index.php\/2025\/11\/04\/mr-diy-oglasza-termin-otwarcia-nietypowy-dzien-na-inauguracje-siec-szuka-pracownikow\/"},"author":{"name":"maciej","@id":"https:\/\/gorzow.news\/#\/schema\/person\/a1e5ab43166369f2ce236a1cd90995bb"},"headline":"MR.DIY og\u0142asza termin otwarcia. Nietypowy dzie\u0144 na inauguracj\u0119. Sie\u0107 szuka pracownik\u00f3w","datePublished":"2025-11-04T12:01:19+00:00","dateModified":"2025-11-04T12:01:22+00:00","mainEntityOfPage":{"@id":"https:\/\/gorzow.news\/index.php\/2025\/11\/04\/mr-diy-oglasza-termin-otwarcia-nietypowy-dzien-na-inauguracje-siec-szuka-pracownikow\/"},"wordCount":529,"commentCount":0,"image":{"@id":"https:\/\/gorzow.news\/index.php\/2025\/11\/04\/mr-diy-oglasza-termin-otwarcia-nietypowy-dzien-na-inauguracje-siec-szuka-pracownikow\/#primaryimage"},"thumbnailUrl":"https:\/\/gorzow.news\/wp-content\/uploads\/2025\/11\/IMG_20251103_181116289.jpg","keywords":["Galeria Askana","MR.DIY"],"articleSection":["Centrum \/ \u015ar\u00f3dmie\u015bcie","Inwestycje handlowe","Wiadomo\u015bci"],"inLanguage":"pl-PL","potentialAction":[{"@type":"CommentAction","name":"Comment","target":["https:\/\/gorzow.news\/index.php\/2025\/11\/04\/mr-diy-oglasza-termin-otwarcia-nietypowy-dzien-na-inauguracje-siec-szuka-pracownikow\/#respond"]}]},{"@type":"WebPage","@id":"https:\/\/gorzow.news\/index.php\/2025\/11\/04\/mr-diy-oglasza-termin-otwarcia-nietypowy-dzien-na-inauguracje-siec-szuka-pracownikow\/","url":"https:\/\/gorzow.news\/index.php\/2025\/11\/04\/mr-diy-oglasza-termin-otwarcia-nietypowy-dzien-na-inauguracje-siec-szuka-pracownikow\/","name":"MR.DIY og\u0142asza termin otwarcia. Nietypowy dzie\u0144 na inauguracj\u0119. Sie\u0107 szuka pracownik\u00f3w - Gorz\u00f3w News","isPartOf":{"@id":"https:\/\/gorzow.news\/#website"},"primaryImageOfPage":{"@id":"https:\/\/gorzow.news\/index.php\/2025\/11\/04\/mr-diy-oglasza-termin-otwarcia-nietypowy-dzien-na-inauguracje-siec-szuka-pracownikow\/#primaryimage"},"image":{"@id":"https:\/\/gorzow.news\/index.php\/2025\/11\/04\/mr-diy-oglasza-termin-otwarcia-nietypowy-dzien-na-inauguracje-siec-szuka-pracownikow\/#primaryimage"},"thumbnailUrl":"https:\/\/gorzow.news\/wp-content\/uploads\/2025\/11\/IMG_20251103_181116289.jpg","datePublished":"2025-11-04T12:01:19+00:00","dateModified":"2025-11-04T12:01:22+00:00","author":{"@id":"https:\/\/gorzow.news\/#\/schema\/person\/a1e5ab43166369f2ce236a1cd90995bb"},"description":"Jako pierwsi we wrze\u015bniu na \u0142amach Gorz\u00f3w News informowali\u015bmy o planowanym otwarciu sklepu sieci wywodz\u0105cej si\u0119 z Malezji - MR.DIY w Galerii Askana. Teraz wiadomo ju\u017c, \u017ce otwarcie nast\u0105pi w sobot\u0119, 15 listopada. Sklep MR.DIY zgodnie z naszymi informacjami zajmie powierzchni\u0119 800 mkw. na poziomi -1.","breadcrumb":{"@id":"https:\/\/gorzow.news\/index.php\/2025\/11\/04\/mr-diy-oglasza-termin-otwarcia-nietypowy-dzien-na-inauguracje-siec-szuka-pracownikow\/#breadcrumb"},"inLanguage":"pl-PL","potentialAction":[{"@type":"ReadAction","target":["https:\/\/gorzow.news\/index.php\/2025\/11\/04\/mr-diy-oglasza-termin-otwarcia-nietypowy-dzien-na-inauguracje-siec-szuka-pracownikow\/"]}]},{"@type":"ImageObject","inLanguage":"pl-PL","@id":"https:\/\/gorzow.news\/index.php\/2025\/11\/04\/mr-diy-oglasza-termin-otwarcia-nietypowy-dzien-na-inauguracje-siec-szuka-pracownikow\/#primaryimage","url":"https:\/\/gorzow.news\/wp-content\/uploads\/2025\/11\/IMG_20251103_181116289.jpg","contentUrl":"https:\/\/gorzow.news\/wp-content\/uploads\/2025\/11\/IMG_20251103_181116289.jpg","width":1600,"height":900,"caption":"MR.DIY w Galerii Askana zostanie otwarty nietypowo, bo w sobot\u0119, tj. 15 listopada. Sobota to nietypowy dzie\u0144 na otwarcia sklep\u00f3w. Przyj\u0119\u0142o si\u0119, \u017ce najlepsze dni w tygodniu na start nowego sklepu to czwartek, a druga w kolejno\u015bci jest \u015broda."},{"@type":"BreadcrumbList","@id":"https:\/\/gorzow.news\/index.php\/2025\/11\/04\/mr-diy-oglasza-termin-otwarcia-nietypowy-dzien-na-inauguracje-siec-szuka-pracownikow\/#breadcrumb","itemListElement":[{"@type":"ListItem","position":1,"name":"Home","item":"https:\/\/gorzow.news\/"},{"@type":"ListItem","position":2,"name":"MR.DIY og\u0142asza termin otwarcia. Nietypowy dzie\u0144 na inauguracj\u0119. Sie\u0107 szuka pracownik\u00f3w"}]},{"@type":"WebSite","@id":"https:\/\/gorzow.news\/#website","url":"https:\/\/gorzow.news\/","name":"Gorz\u00f3w News","description":"Sp\u00f3jrz inaczej na miato i region...","potentialAction":[{"@type":"SearchAction","target":{"@type":"EntryPoint","urlTemplate":"https:\/\/gorzow.news\/?s={search_term_string}"},"query-input":{"@type":"PropertyValueSpecification","valueRequired":true,"valueName":"search_term_string"}}],"inLanguage":"pl-PL"},{"@type":"Person","@id":"https:\/\/gorzow.news\/#\/schema\/person\/a1e5ab43166369f2ce236a1cd90995bb","name":"maciej","image":{"@type":"ImageObject","inLanguage":"pl-PL","@id":"https:\/\/secure.gravatar.com\/avatar\/530a674d56ba60cfa0ef21d74e8e8d123a51bb7aa6580465b5c2ab2c2e980a19?s=96&r=g&d=https:\/\/gorzow.news\/wp-content\/plugins\/userswp\/assets\/images\/no_profile.png","url":"https:\/\/secure.gravatar.com\/avatar\/530a674d56ba60cfa0ef21d74e8e8d123a51bb7aa6580465b5c2ab2c2e980a19?s=96&r=g&d=https:\/\/gorzow.news\/wp-content\/plugins\/userswp\/assets\/images\/no_profile.png","contentUrl":"https:\/\/secure.gravatar.com\/avatar\/530a674d56ba60cfa0ef21d74e8e8d123a51bb7aa6580465b5c2ab2c2e980a19?s=96&r=g&d=https:\/\/gorzow.news\/wp-content\/plugins\/userswp\/assets\/images\/no_profile.png","caption":"maciej"},"url":"https:\/\/gorzow.news\/index.php\/profile\/maciej\/"}]}},"_links":{"self":[{"href":"https:\/\/gorzow.news\/index.php\/wp-json\/wp\/v2\/posts\/36328","targetHints":{"allow":["GET"]}}],"collection":[{"href":"https:\/\/gorzow.news\/index.php\/wp-json\/wp\/v2\/posts"}],"about":[{"href":"https:\/\/gorzow.news\/index.php\/wp-json\/wp\/v2\/types\/post"}],"author":[{"embeddable":true,"href":"https:\/\/gorzow.news\/index.php\/wp-json\/wp\/v2\/users\/1"}],"replies":[{"embeddable":true,"href":"https:\/\/gorzow.news\/index.php\/wp-json\/wp\/v2\/comments?post=36328"}],"version-history":[{"count":1,"href":"https:\/\/gorzow.news\/index.php\/wp-json\/wp\/v2\/posts\/36328\/revisions"}],"predecessor-version":[{"id":36332,"href":"https:\/\/gorzow.news\/index.php\/wp-json\/wp\/v2\/posts\/36328\/revisions\/36332"}],"wp:featuredmedia":[{"embeddable":true,"href":"https:\/\/gorzow.news\/index.php\/wp-json\/wp\/v2\/media\/36329"}],"wp:attachment":[{"href":"https:\/\/gorzow.news\/index.php\/wp-json\/wp\/v2\/media?parent=36328"}],"wp:term":[{"taxonomy":"category","embeddable":true,"href":"https:\/\/gorzow.news\/index.php\/wp-json\/wp\/v2\/categories?post=36328"},{"taxonomy":"post_tag","embeddable":true,"href":"https:\/\/gorzow.news\/index.php\/wp-json\/wp\/v2\/tags?post=36328"}],"curies":[{"name":"wp","href":"https:\/\/api.w.org\/{rel}","templated":true}]}}