{"id":36235,"date":"2025-10-28T17:48:13","date_gmt":"2025-10-28T16:48:13","guid":{"rendered":"https:\/\/gorzow.news\/?p=36235"},"modified":"2025-10-28T18:15:59","modified_gmt":"2025-10-28T17:15:59","slug":"adaptacja-lokalu-pod-starbucks-w-askanie-rozpoczeta-bedzie-to-najmniejsza-kawiarnia-sieci-kiedy-otwarcie","status":"publish","type":"post","link":"https:\/\/gorzow.news\/index.php\/2025\/10\/28\/adaptacja-lokalu-pod-starbucks-w-askanie-rozpoczeta-bedzie-to-najmniejsza-kawiarnia-sieci-kiedy-otwarcie\/","title":{"rendered":"Adaptacja lokalu pod Starbucks w Askanie rozpocz\u0119ta! Najmniejsza kawiarnia sieci? Kiedy otwarcie?"},"content":{"rendered":"\n<p><strong>W po\u0142owie maja na \u0142amach Gorz\u00f3w News mogli\u015bcie przeczyta\u0107, \u017ce Starbucks wreszcie zdecydowa\u0142 si\u0119 na otwarcie kawiarni w Gorzowie w Galerii Askana. Jej start zaplanowano na IV kwarta\u0142 tego roku. Ko\u0144czy si\u0119 pa\u017adziernik, dlatego postanowili\u015bmy sprawdzi\u0107 jak id\u0105 prace przygotowawcze i czy rzeczywi\u015bcie gorzowski Starbucks b\u0119dzie najmniejszym w Polsce po tym, jak dowiedzieli\u015bmy si\u0119, w kt\u00f3rym miejscu powstanie.<\/strong><\/p>\n\n\n\n<p>Sie\u0107 Starbucks jest obecna w Polsce od 2009 roku. Za jej rozw\u00f3j w naszym kraju odpowiedzialna jest firma AmRest. Gorzowski lokal b\u0119dzie oferowa\u0142 nie tylko kultowe smaki napoj\u00f3w i szeroki wyb\u00f3r kaw wysokiej jako\u015bci 100% Arabica, ale tak\u017ce przepyszne przek\u0105ski.<\/p>\n\n\n\n<p>&#8211; Bardzo si\u0119 cieszymy, \u017ce Go\u015bcie Galerii Askana ju\u017c nied\u0142ugo b\u0119d\u0105 mogli by\u0107 tak\u017ce Go\u015b\u0107mi Starbucks &#8211; m\u00f3wi <strong>Vedran Modri\u0107<\/strong>, Regionalny Dyrektor Operacyjny Starbucks Polska. &#8211; Wiemy, \u017ce mieszka\u0144cy Gorzowa od dawna wyczekuj\u0105 naszej kawiarni. Chcemy, aby sta\u0142a si\u0119 ona miejscem codziennych spotka\u0144, przestrzeni\u0105, w kt\u00f3rej mo\u017cna odpocz\u0105\u0107 po zakupach przy ulubionej kawie i sp\u0119dzi\u0107 czas w gronie najbli\u017cszych. Cieszymy si\u0119, \u017ce b\u0119dziemy mogli zaprosi\u0107 mieszka\u0144c\u00f3w Gorzowa do naszego pierwszego lokalu w tym mie\u015bcie, kt\u00f3ry b\u0119dzie im s\u0142u\u017cy\u0107 i ma realn\u0105 szans\u0119 sta\u0107 si\u0119 \u201etrzecim miejscem\u201d pomi\u0119dzy prac\u0105 a domem dla mieszka\u0144c\u00f3w.<\/p>\n\n\n\r\n                <style type=\"text\/css\">\r\n                    \r\n                    #tdi_1  .td-doubleSlider-2 .td-item1 {\r\n                        background: url(https:\/\/gorzow.news\/wp-content\/uploads\/2025\/10\/IMG_20251021_192958323-1.jpg?v=1761671657) 0 0 no-repeat;\r\n                    }\r\n                    #tdi_1  .td-doubleSlider-2 .td-item2 {\r\n                        background: url(https:\/\/gorzow.news\/wp-content\/uploads\/2025\/10\/IMG_20251021_192824691-1.jpg?v=1761671649) 0 0 no-repeat;\r\n                    }\r\n                    #tdi_1  .td-doubleSlider-2 .td-item3 {\r\n                        background: url(https:\/\/gorzow.news\/wp-content\/uploads\/2025\/10\/IMG_20251021_192857438-1.jpg?v=1761671654) 0 0 no-repeat;\r\n                    }\r\n                    #tdi_1  .td-doubleSlider-2 .td-item4 {\r\n                        background: url(https:\/\/gorzow.news\/wp-content\/uploads\/2025\/10\/IMG_20251021_192852984-1.jpg?v=1761671652) 0 0 no-repeat;\r\n                    }\r\n                    #tdi_1  .td-doubleSlider-2 .td-item5 {\r\n                        background: url(https:\/\/gorzow.news\/wp-content\/uploads\/2025\/10\/IMG_20250609_172254789-1.jpg?v=1761671646) 0 0 no-repeat;\r\n                    }\r\n                <\/style>\r\n\r\n                <div id=\"tdi_1\" class=\"td-gallery td-slide-on-2-columns\">\r\n                    <div class=\"post_td_gallery\">\r\n                        <div class=\"td-gallery-slide-top\">\r\n                           <div class=\"td-gallery-title\">Powi\u0119kszonym lokalu po lodziarni Grycan zostanie otwarta kawiarnia Starbucks.<\/div>\r\n\r\n                            <div class=\"td-gallery-controls-wrapper\">\r\n                                <div class=\"td-gallery-slide-count\"><span class=\"td-gallery-slide-item-focus\">1<\/span> z 5<\/div>\r\n                                <div class=\"td-gallery-slide-prev-next-but\">\r\n                                    <i class = \"td-icon-left doubleSliderPrevButton\"><\/i>\r\n                                    <i class = \"td-icon-right doubleSliderNextButton\"><\/i>\r\n                                <\/div>\r\n                            <\/div>\r\n                        <\/div>\r\n\r\n                        <div class = \"td-doubleSlider-1 \">\r\n                            <div class = \"td-slider\">\r\n                                \r\n                    <div class = \"td-slide-item td-item1\">\r\n                        <figure class=\"td-slide-galery-figure td-slide-popup-gallery\">\r\n                            <a class=\"slide-gallery-image-link\" href=\"https:\/\/gorzow.news\/wp-content\/uploads\/2025\/10\/IMG_20251021_192958323-1.jpg?v=1761671657\" title=\"\"  data-caption=\"\"  data-description=\"\">\r\n                                <img decoding=\"async\" src=\"https:\/\/gorzow.news\/wp-content\/uploads\/2025\/10\/IMG_20251021_192958323-1.jpg?v=1761671657\" srcset=\"https:\/\/gorzow.news\/wp-content\/uploads\/2025\/10\/IMG_20251021_192958323-1.jpg?v=1761671657 1600w, https:\/\/gorzow.news\/wp-content\/uploads\/2025\/10\/IMG_20251021_192958323-1-300x169.jpg?v=1761671657 300w, https:\/\/gorzow.news\/wp-content\/uploads\/2025\/10\/IMG_20251021_192958323-1-1024x576.jpg?v=1761671657 1024w, https:\/\/gorzow.news\/wp-content\/uploads\/2025\/10\/IMG_20251021_192958323-1-768x432.jpg?v=1761671657 768w, https:\/\/gorzow.news\/wp-content\/uploads\/2025\/10\/IMG_20251021_192958323-1-1536x864.jpg?v=1761671657 1536w, https:\/\/gorzow.news\/wp-content\/uploads\/2025\/10\/IMG_20251021_192958323-1-696x392.jpg?v=1761671657 696w, https:\/\/gorzow.news\/wp-content\/uploads\/2025\/10\/IMG_20251021_192958323-1-1068x601.jpg?v=1761671657 1068w\" sizes=\"(max-width: 1600px) 100vw, 1600px\" alt=\"\">\r\n                            <\/a>\r\n                            \r\n                        <\/figure>\r\n                    <\/div>\r\n                    <div class = \"td-slide-item td-item2\">\r\n                        <figure class=\"td-slide-galery-figure td-slide-popup-gallery\">\r\n                            <a class=\"slide-gallery-image-link\" href=\"https:\/\/gorzow.news\/wp-content\/uploads\/2025\/10\/IMG_20251021_192824691-1.jpg?v=1761671649\" title=\"\"  data-caption=\"\"  data-description=\"\">\r\n                                <img decoding=\"async\" src=\"https:\/\/gorzow.news\/wp-content\/uploads\/2025\/10\/IMG_20251021_192824691-1.jpg?v=1761671649\" srcset=\"https:\/\/gorzow.news\/wp-content\/uploads\/2025\/10\/IMG_20251021_192824691-1.jpg?v=1761671649 1600w, https:\/\/gorzow.news\/wp-content\/uploads\/2025\/10\/IMG_20251021_192824691-1-300x169.jpg?v=1761671649 300w, https:\/\/gorzow.news\/wp-content\/uploads\/2025\/10\/IMG_20251021_192824691-1-1024x576.jpg?v=1761671649 1024w, https:\/\/gorzow.news\/wp-content\/uploads\/2025\/10\/IMG_20251021_192824691-1-768x432.jpg?v=1761671649 768w, https:\/\/gorzow.news\/wp-content\/uploads\/2025\/10\/IMG_20251021_192824691-1-1536x864.jpg?v=1761671649 1536w, https:\/\/gorzow.news\/wp-content\/uploads\/2025\/10\/IMG_20251021_192824691-1-696x392.jpg?v=1761671649 696w, https:\/\/gorzow.news\/wp-content\/uploads\/2025\/10\/IMG_20251021_192824691-1-1068x601.jpg?v=1761671649 1068w\" sizes=\"(max-width: 1600px) 100vw, 1600px\" alt=\"\">\r\n                            <\/a>\r\n                            \r\n                        <\/figure>\r\n                    <\/div>\r\n                    <div class = \"td-slide-item td-item3\">\r\n                        <figure class=\"td-slide-galery-figure td-slide-popup-gallery\">\r\n                            <a class=\"slide-gallery-image-link\" href=\"https:\/\/gorzow.news\/wp-content\/uploads\/2025\/10\/IMG_20251021_192857438-1.jpg?v=1761671654\" title=\"\"  data-caption=\"\"  data-description=\"\">\r\n                                <img decoding=\"async\" src=\"https:\/\/gorzow.news\/wp-content\/uploads\/2025\/10\/IMG_20251021_192857438-1.jpg?v=1761671654\" srcset=\"https:\/\/gorzow.news\/wp-content\/uploads\/2025\/10\/IMG_20251021_192857438-1.jpg?v=1761671654 1600w, https:\/\/gorzow.news\/wp-content\/uploads\/2025\/10\/IMG_20251021_192857438-1-300x169.jpg?v=1761671654 300w, https:\/\/gorzow.news\/wp-content\/uploads\/2025\/10\/IMG_20251021_192857438-1-1024x576.jpg?v=1761671654 1024w, https:\/\/gorzow.news\/wp-content\/uploads\/2025\/10\/IMG_20251021_192857438-1-768x432.jpg?v=1761671654 768w, https:\/\/gorzow.news\/wp-content\/uploads\/2025\/10\/IMG_20251021_192857438-1-1536x864.jpg?v=1761671654 1536w, https:\/\/gorzow.news\/wp-content\/uploads\/2025\/10\/IMG_20251021_192857438-1-696x392.jpg?v=1761671654 696w, https:\/\/gorzow.news\/wp-content\/uploads\/2025\/10\/IMG_20251021_192857438-1-1068x601.jpg?v=1761671654 1068w\" sizes=\"(max-width: 1600px) 100vw, 1600px\" alt=\"\">\r\n                            <\/a>\r\n                            \r\n                        <\/figure>\r\n                    <\/div>\r\n                    <div class = \"td-slide-item td-item4\">\r\n                        <figure class=\"td-slide-galery-figure td-slide-popup-gallery\">\r\n                            <a class=\"slide-gallery-image-link\" href=\"https:\/\/gorzow.news\/wp-content\/uploads\/2025\/10\/IMG_20251021_192852984-1.jpg?v=1761671652\" title=\"\"  data-caption=\"\"  data-description=\"\">\r\n                                <img decoding=\"async\" src=\"https:\/\/gorzow.news\/wp-content\/uploads\/2025\/10\/IMG_20251021_192852984-1.jpg?v=1761671652\" srcset=\"https:\/\/gorzow.news\/wp-content\/uploads\/2025\/10\/IMG_20251021_192852984-1.jpg?v=1761671652 1600w, https:\/\/gorzow.news\/wp-content\/uploads\/2025\/10\/IMG_20251021_192852984-1-300x169.jpg?v=1761671652 300w, https:\/\/gorzow.news\/wp-content\/uploads\/2025\/10\/IMG_20251021_192852984-1-1024x576.jpg?v=1761671652 1024w, https:\/\/gorzow.news\/wp-content\/uploads\/2025\/10\/IMG_20251021_192852984-1-768x432.jpg?v=1761671652 768w, https:\/\/gorzow.news\/wp-content\/uploads\/2025\/10\/IMG_20251021_192852984-1-1536x864.jpg?v=1761671652 1536w, https:\/\/gorzow.news\/wp-content\/uploads\/2025\/10\/IMG_20251021_192852984-1-696x392.jpg?v=1761671652 696w, https:\/\/gorzow.news\/wp-content\/uploads\/2025\/10\/IMG_20251021_192852984-1-1068x601.jpg?v=1761671652 1068w\" sizes=\"(max-width: 1600px) 100vw, 1600px\" alt=\"\">\r\n                            <\/a>\r\n                            \r\n                        <\/figure>\r\n                    <\/div>\r\n                    <div class = \"td-slide-item td-item5\">\r\n                        <figure class=\"td-slide-galery-figure td-slide-popup-gallery\">\r\n                            <a class=\"slide-gallery-image-link\" href=\"https:\/\/gorzow.news\/wp-content\/uploads\/2025\/10\/IMG_20250609_172254789-1.jpg?v=1761671646\" title=\"\"  data-caption=\"\"  data-description=\"\">\r\n                                <img decoding=\"async\" src=\"https:\/\/gorzow.news\/wp-content\/uploads\/2025\/10\/IMG_20250609_172254789-1.jpg?v=1761671646\" srcset=\"https:\/\/gorzow.news\/wp-content\/uploads\/2025\/10\/IMG_20250609_172254789-1.jpg?v=1761671646 1600w, https:\/\/gorzow.news\/wp-content\/uploads\/2025\/10\/IMG_20250609_172254789-1-300x169.jpg?v=1761671646 300w, https:\/\/gorzow.news\/wp-content\/uploads\/2025\/10\/IMG_20250609_172254789-1-1024x576.jpg?v=1761671646 1024w, https:\/\/gorzow.news\/wp-content\/uploads\/2025\/10\/IMG_20250609_172254789-1-768x432.jpg?v=1761671646 768w, https:\/\/gorzow.news\/wp-content\/uploads\/2025\/10\/IMG_20250609_172254789-1-1536x864.jpg?v=1761671646 1536w, https:\/\/gorzow.news\/wp-content\/uploads\/2025\/10\/IMG_20250609_172254789-1-696x392.jpg?v=1761671646 696w, https:\/\/gorzow.news\/wp-content\/uploads\/2025\/10\/IMG_20250609_172254789-1-1068x601.jpg?v=1761671646 1068w\" sizes=\"(max-width: 1600px) 100vw, 1600px\" alt=\"\">\r\n                            <\/a>\r\n                            \r\n                        <\/figure>\r\n                    <\/div>\r\n                            <\/div>\r\n                        <\/div>\r\n\r\n                        <div class = \"td-doubleSlider-2\">\r\n                            <div class = \"td-slider\">\r\n                                \r\n                    <div class = \"td-button td-item1\">\r\n                        <div class = \"td-border\"><\/div>\r\n                    <\/div>\r\n                    <div class = \"td-button td-item2\">\r\n                        <div class = \"td-border\"><\/div>\r\n                    <\/div>\r\n                    <div class = \"td-button td-item3\">\r\n                        <div class = \"td-border\"><\/div>\r\n                    <\/div>\r\n                    <div class = \"td-button td-item4\">\r\n                        <div class = \"td-border\"><\/div>\r\n                    <\/div>\r\n                    <div class = \"td-button td-item5\">\r\n                        <div class = \"td-border\"><\/div>\r\n                    <\/div>\r\n                            <\/div>\r\n                        <\/div>\r\n\r\n                    <\/div>\r\n\r\n                <\/div>\r\n                \n\n\n<p>Kawiarnia Starbucks w Galerii Askana zostanie otwarta w miejscu po lodziarni Grycan. Jak wynika z naszych informacji powierzchnia tego lokalu wynosi 94,48 mkw. (w tym by\u0142e zaplecze Grycan 12,74 mkw.). Przy \u015bredniej powierzchni lokalu Starbucks si\u0119gaj\u0105cej 150 mkw. mo\u017cna sobie by\u0142o zada\u0107 pytanie, czy gorzowska kawiarnia sieci nie b\u0119dzie najmniejsz\u0105 w Polsce.<\/p>\n\n\n\n<p>Po wizycie na &#8222;placu budowy&#8221; mo\u017cemy stwierdzi\u0107, \u017ce kawiarnia nie b\u0119dzie wcale taka ma\u0142a. <strong>Po pierwsze<\/strong> &#8211; powierzchnia lokalu zosta\u0142a zwi\u0119kszona, bo inwestor na potrzeby kawiarni wynaj\u0105\u0142 r\u00f3wnie\u017c powierzchni\u0119 s\u0105siaduj\u0105c\u0105, na kt\u00f3rej przez lata by\u0142 Zak\u0142ad Krawiecki, a p\u00f3\u017aniej wystawa starych samochod\u00f3w. <strong>Po drugie<\/strong> &#8211; uk\u0142ad kawiarni b\u0119dzie ca\u0142kowicie r\u00f3\u017cni\u0142 si\u0119 od tego jaki by\u0142 w lodziarni Grycan. <strong>Po trzecie<\/strong> &#8211; spora cz\u0119\u015b\u0107 na zewn\u0105trz (przy wej\u015bciu do galerii) ma zosta\u0107 zabudowana. <strong>I po czwarte <\/strong>&#8211; dzia\u0142aj\u0105ca od grudnia 2019 roku w centrum handlowym Focus Mall przy ul. Wroc\u0142awskiej 17 w Zielonej G\u00f3rze kawiarnia Starbucks ma 117,06 mkw. i oferuje go\u015bciom ponad 60. miejsc siedz\u0105cych (45. wewn\u0105trz i 22. na patio). Gorzowska kawiarnia b\u0119dzie wi\u0119c o podobnej, jak nie minimalnie wi\u0119kszej powierzchni.<\/p>\n\n\n\n<p>Otwarcie Starbaucks w Galerii Askana zaplanowano na grudzie\u0144 tego roku!<\/p>\n","protected":false},"excerpt":{"rendered":"<p>W po\u0142owie maja na \u0142amach Gorz\u00f3w News mogli\u015bcie przeczyta\u0107, \u017ce Starbucks wreszcie zdecydowa\u0142 si\u0119 na otwarcie kawiarni w Gorzowie w Galerii Askana. Jej start zaplanowano na IV kwarta\u0142 tego roku. Ko\u0144czy si\u0119 pa\u017adziernik, dlatego postanowili\u015bmy sprawdzi\u0107 jak id\u0105 prace przygotowawcze i czy rzeczywi\u015bcie gorzowski Starbucks b\u0119dzie najmniejszym w Polsce po tym, jak dowiedzieli\u015bmy si\u0119, w [&hellip;]<\/p>\n","protected":false},"author":1,"featured_media":36236,"comment_status":"open","ping_status":"open","sticky":false,"template":"","format":"standard","meta":{"footnotes":"","_links_to":"","_links_to_target":""},"categories":[2009,1624,589],"tags":[96,1905,3423],"class_list":{"0":"post-36235","1":"post","2":"type-post","3":"status-publish","4":"format-standard","5":"has-post-thumbnail","7":"category-centrum-srodmiescie","8":"category-inwestycje-handlowe","9":"category-wiadomosci","10":"tag-galeria-askana","11":"tag-grycan","12":"tag-starbucks"},"yoast_head":"<!-- This site is optimized with the Yoast SEO plugin v27.3 - https:\/\/yoast.com\/product\/yoast-seo-wordpress\/ -->\n<title>Adaptacja lokalu pod Starbucks w Askanie rozpocz\u0119ta! Najmniejsza kawiarnia sieci? Kiedy otwarcie? - Gorz\u00f3w News<\/title>\n<meta name=\"description\" content=\"W po\u0142owie maja na \u0142amach Gorz\u00f3w News mogli\u015bcie przeczyta\u0107, \u017ce Starbucks wreszcie zdecydowa\u0142 si\u0119 na otwarcie kawiarni w Gorzowie w Galerii Aska\" \/>\n<meta name=\"robots\" content=\"index, follow, max-snippet:-1, max-image-preview:large, max-video-preview:-1\" \/>\n<link rel=\"canonical\" href=\"https:\/\/gorzow.news\/index.php\/2025\/10\/28\/adaptacja-lokalu-pod-starbucks-w-askanie-rozpoczeta-bedzie-to-najmniejsza-kawiarnia-sieci-kiedy-otwarcie\/\" \/>\n<meta property=\"og:locale\" content=\"pl_PL\" \/>\n<meta property=\"og:type\" content=\"article\" \/>\n<meta property=\"og:title\" content=\"Adaptacja lokalu pod Starbucks w Askanie rozpocz\u0119ta! Najmniejsza kawiarnia sieci? Kiedy otwarcie? - Gorz\u00f3w News\" \/>\n<meta property=\"og:description\" content=\"W po\u0142owie maja na \u0142amach Gorz\u00f3w News mogli\u015bcie przeczyta\u0107, \u017ce Starbucks wreszcie zdecydowa\u0142 si\u0119 na otwarcie kawiarni w Gorzowie w Galerii Aska\" \/>\n<meta property=\"og:url\" content=\"https:\/\/gorzow.news\/index.php\/2025\/10\/28\/adaptacja-lokalu-pod-starbucks-w-askanie-rozpoczeta-bedzie-to-najmniejsza-kawiarnia-sieci-kiedy-otwarcie\/\" \/>\n<meta property=\"og:site_name\" content=\"Gorz\u00f3w News\" \/>\n<meta property=\"article:publisher\" content=\"https:\/\/www.facebook.com\/gorzowskinews\" \/>\n<meta property=\"article:published_time\" content=\"2025-10-28T16:48:13+00:00\" \/>\n<meta property=\"article:modified_time\" content=\"2025-10-28T17:15:59+00:00\" \/>\n<meta property=\"og:image\" content=\"https:\/\/gorzow.news\/wp-content\/uploads\/2025\/10\/DJI_20250812151543_0350_D-kopia-2.jpg\" \/>\n\t<meta property=\"og:image:width\" content=\"1600\" \/>\n\t<meta property=\"og:image:height\" content=\"900\" \/>\n\t<meta property=\"og:image:type\" content=\"image\/jpeg\" \/>\n<meta name=\"author\" content=\"maciej\" \/>\n<meta name=\"twitter:card\" content=\"summary_large_image\" \/>\n<meta name=\"twitter:label1\" content=\"Napisane przez\" \/>\n\t<meta name=\"twitter:data1\" content=\"maciej\" \/>\n\t<meta name=\"twitter:label2\" content=\"Szacowany czas czytania\" \/>\n\t<meta name=\"twitter:data2\" content=\"3 minuty\" \/>\n<script type=\"application\/ld+json\" class=\"yoast-schema-graph\">{\"@context\":\"https:\\\/\\\/schema.org\",\"@graph\":[{\"@type\":\"Article\",\"@id\":\"https:\\\/\\\/gorzow.news\\\/index.php\\\/2025\\\/10\\\/28\\\/adaptacja-lokalu-pod-starbucks-w-askanie-rozpoczeta-bedzie-to-najmniejsza-kawiarnia-sieci-kiedy-otwarcie\\\/#article\",\"isPartOf\":{\"@id\":\"https:\\\/\\\/gorzow.news\\\/index.php\\\/2025\\\/10\\\/28\\\/adaptacja-lokalu-pod-starbucks-w-askanie-rozpoczeta-bedzie-to-najmniejsza-kawiarnia-sieci-kiedy-otwarcie\\\/\"},\"author\":{\"name\":\"maciej\",\"@id\":\"https:\\\/\\\/gorzow.news\\\/#\\\/schema\\\/person\\\/a1e5ab43166369f2ce236a1cd90995bb\"},\"headline\":\"Adaptacja lokalu pod Starbucks w Askanie rozpocz\u0119ta! Najmniejsza kawiarnia sieci? Kiedy otwarcie?\",\"datePublished\":\"2025-10-28T16:48:13+00:00\",\"dateModified\":\"2025-10-28T17:15:59+00:00\",\"mainEntityOfPage\":{\"@id\":\"https:\\\/\\\/gorzow.news\\\/index.php\\\/2025\\\/10\\\/28\\\/adaptacja-lokalu-pod-starbucks-w-askanie-rozpoczeta-bedzie-to-najmniejsza-kawiarnia-sieci-kiedy-otwarcie\\\/\"},\"wordCount\":471,\"commentCount\":0,\"image\":{\"@id\":\"https:\\\/\\\/gorzow.news\\\/index.php\\\/2025\\\/10\\\/28\\\/adaptacja-lokalu-pod-starbucks-w-askanie-rozpoczeta-bedzie-to-najmniejsza-kawiarnia-sieci-kiedy-otwarcie\\\/#primaryimage\"},\"thumbnailUrl\":\"https:\\\/\\\/gorzow.news\\\/wp-content\\\/uploads\\\/2025\\\/10\\\/DJI_20250812151543_0350_D-kopia-2.jpg\",\"keywords\":[\"Galeria Askana\",\"Grycan\",\"Starbucks\"],\"articleSection\":[\"Centrum \\\/ \u015ar\u00f3dmie\u015bcie\",\"Inwestycje handlowe\",\"Wiadomo\u015bci\"],\"inLanguage\":\"pl-PL\",\"potentialAction\":[{\"@type\":\"CommentAction\",\"name\":\"Comment\",\"target\":[\"https:\\\/\\\/gorzow.news\\\/index.php\\\/2025\\\/10\\\/28\\\/adaptacja-lokalu-pod-starbucks-w-askanie-rozpoczeta-bedzie-to-najmniejsza-kawiarnia-sieci-kiedy-otwarcie\\\/#respond\"]}]},{\"@type\":\"WebPage\",\"@id\":\"https:\\\/\\\/gorzow.news\\\/index.php\\\/2025\\\/10\\\/28\\\/adaptacja-lokalu-pod-starbucks-w-askanie-rozpoczeta-bedzie-to-najmniejsza-kawiarnia-sieci-kiedy-otwarcie\\\/\",\"url\":\"https:\\\/\\\/gorzow.news\\\/index.php\\\/2025\\\/10\\\/28\\\/adaptacja-lokalu-pod-starbucks-w-askanie-rozpoczeta-bedzie-to-najmniejsza-kawiarnia-sieci-kiedy-otwarcie\\\/\",\"name\":\"Adaptacja lokalu pod Starbucks w Askanie rozpocz\u0119ta! Najmniejsza kawiarnia sieci? Kiedy otwarcie? - Gorz\u00f3w News\",\"isPartOf\":{\"@id\":\"https:\\\/\\\/gorzow.news\\\/#website\"},\"primaryImageOfPage\":{\"@id\":\"https:\\\/\\\/gorzow.news\\\/index.php\\\/2025\\\/10\\\/28\\\/adaptacja-lokalu-pod-starbucks-w-askanie-rozpoczeta-bedzie-to-najmniejsza-kawiarnia-sieci-kiedy-otwarcie\\\/#primaryimage\"},\"image\":{\"@id\":\"https:\\\/\\\/gorzow.news\\\/index.php\\\/2025\\\/10\\\/28\\\/adaptacja-lokalu-pod-starbucks-w-askanie-rozpoczeta-bedzie-to-najmniejsza-kawiarnia-sieci-kiedy-otwarcie\\\/#primaryimage\"},\"thumbnailUrl\":\"https:\\\/\\\/gorzow.news\\\/wp-content\\\/uploads\\\/2025\\\/10\\\/DJI_20250812151543_0350_D-kopia-2.jpg\",\"datePublished\":\"2025-10-28T16:48:13+00:00\",\"dateModified\":\"2025-10-28T17:15:59+00:00\",\"author\":{\"@id\":\"https:\\\/\\\/gorzow.news\\\/#\\\/schema\\\/person\\\/a1e5ab43166369f2ce236a1cd90995bb\"},\"description\":\"W po\u0142owie maja na \u0142amach Gorz\u00f3w News mogli\u015bcie przeczyta\u0107, \u017ce Starbucks wreszcie zdecydowa\u0142 si\u0119 na otwarcie kawiarni w Gorzowie w Galerii Askana. Jej start zaplanowano na IV kwarta\u0142 tego roku. Ko\u0144czy si\u0119 pa\u017adziernik, dlatego postanowili\u015bmy sprawdzi\u0107 jak id\u0105 prace przygotowawcze i czy rzeczywi\u015bcie gorzowski Starbucks b\u0119dzie najmniejszym w Polsce po tym, jak dowiedzieli\u015bmy si\u0119, w kt\u00f3rym miejscu powstanie.\",\"breadcrumb\":{\"@id\":\"https:\\\/\\\/gorzow.news\\\/index.php\\\/2025\\\/10\\\/28\\\/adaptacja-lokalu-pod-starbucks-w-askanie-rozpoczeta-bedzie-to-najmniejsza-kawiarnia-sieci-kiedy-otwarcie\\\/#breadcrumb\"},\"inLanguage\":\"pl-PL\",\"potentialAction\":[{\"@type\":\"ReadAction\",\"target\":[\"https:\\\/\\\/gorzow.news\\\/index.php\\\/2025\\\/10\\\/28\\\/adaptacja-lokalu-pod-starbucks-w-askanie-rozpoczeta-bedzie-to-najmniejsza-kawiarnia-sieci-kiedy-otwarcie\\\/\"]}]},{\"@type\":\"ImageObject\",\"inLanguage\":\"pl-PL\",\"@id\":\"https:\\\/\\\/gorzow.news\\\/index.php\\\/2025\\\/10\\\/28\\\/adaptacja-lokalu-pod-starbucks-w-askanie-rozpoczeta-bedzie-to-najmniejsza-kawiarnia-sieci-kiedy-otwarcie\\\/#primaryimage\",\"url\":\"https:\\\/\\\/gorzow.news\\\/wp-content\\\/uploads\\\/2025\\\/10\\\/DJI_20250812151543_0350_D-kopia-2.jpg\",\"contentUrl\":\"https:\\\/\\\/gorzow.news\\\/wp-content\\\/uploads\\\/2025\\\/10\\\/DJI_20250812151543_0350_D-kopia-2.jpg\",\"width\":1600,\"height\":900,\"caption\":\"Kawiarnia Starbucks zostanie otwarta w Galerii Askana w grudniu tego roku.\"},{\"@type\":\"BreadcrumbList\",\"@id\":\"https:\\\/\\\/gorzow.news\\\/index.php\\\/2025\\\/10\\\/28\\\/adaptacja-lokalu-pod-starbucks-w-askanie-rozpoczeta-bedzie-to-najmniejsza-kawiarnia-sieci-kiedy-otwarcie\\\/#breadcrumb\",\"itemListElement\":[{\"@type\":\"ListItem\",\"position\":1,\"name\":\"Home\",\"item\":\"https:\\\/\\\/gorzow.news\\\/\"},{\"@type\":\"ListItem\",\"position\":2,\"name\":\"Adaptacja lokalu pod Starbucks w Askanie rozpocz\u0119ta! Najmniejsza kawiarnia sieci? Kiedy otwarcie?\"}]},{\"@type\":\"WebSite\",\"@id\":\"https:\\\/\\\/gorzow.news\\\/#website\",\"url\":\"https:\\\/\\\/gorzow.news\\\/\",\"name\":\"Gorz\u00f3w News\",\"description\":\"Sp\u00f3jrz inaczej na miato i region...\",\"potentialAction\":[{\"@type\":\"SearchAction\",\"target\":{\"@type\":\"EntryPoint\",\"urlTemplate\":\"https:\\\/\\\/gorzow.news\\\/?s={search_term_string}\"},\"query-input\":{\"@type\":\"PropertyValueSpecification\",\"valueRequired\":true,\"valueName\":\"search_term_string\"}}],\"inLanguage\":\"pl-PL\"},{\"@type\":\"Person\",\"@id\":\"https:\\\/\\\/gorzow.news\\\/#\\\/schema\\\/person\\\/a1e5ab43166369f2ce236a1cd90995bb\",\"name\":\"maciej\",\"image\":{\"@type\":\"ImageObject\",\"inLanguage\":\"pl-PL\",\"@id\":\"https:\\\/\\\/secure.gravatar.com\\\/avatar\\\/530a674d56ba60cfa0ef21d74e8e8d123a51bb7aa6580465b5c2ab2c2e980a19?s=96&r=g&d=https:\\\/\\\/gorzow.news\\\/wp-content\\\/plugins\\\/userswp\\\/assets\\\/images\\\/no_profile.png\",\"url\":\"https:\\\/\\\/secure.gravatar.com\\\/avatar\\\/530a674d56ba60cfa0ef21d74e8e8d123a51bb7aa6580465b5c2ab2c2e980a19?s=96&r=g&d=https:\\\/\\\/gorzow.news\\\/wp-content\\\/plugins\\\/userswp\\\/assets\\\/images\\\/no_profile.png\",\"contentUrl\":\"https:\\\/\\\/secure.gravatar.com\\\/avatar\\\/530a674d56ba60cfa0ef21d74e8e8d123a51bb7aa6580465b5c2ab2c2e980a19?s=96&r=g&d=https:\\\/\\\/gorzow.news\\\/wp-content\\\/plugins\\\/userswp\\\/assets\\\/images\\\/no_profile.png\",\"caption\":\"maciej\"},\"url\":\"https:\\\/\\\/gorzow.news\\\/index.php\\\/profile\\\/maciej\\\/\"}]}<\/script>\n<!-- \/ Yoast SEO plugin. -->","yoast_head_json":{"title":"Adaptacja lokalu pod Starbucks w Askanie rozpocz\u0119ta! Najmniejsza kawiarnia sieci? Kiedy otwarcie? - Gorz\u00f3w News","description":"W po\u0142owie maja na \u0142amach Gorz\u00f3w News mogli\u015bcie przeczyta\u0107, \u017ce Starbucks wreszcie zdecydowa\u0142 si\u0119 na otwarcie kawiarni w Gorzowie w Galerii Aska","robots":{"index":"index","follow":"follow","max-snippet":"max-snippet:-1","max-image-preview":"max-image-preview:large","max-video-preview":"max-video-preview:-1"},"canonical":"https:\/\/gorzow.news\/index.php\/2025\/10\/28\/adaptacja-lokalu-pod-starbucks-w-askanie-rozpoczeta-bedzie-to-najmniejsza-kawiarnia-sieci-kiedy-otwarcie\/","og_locale":"pl_PL","og_type":"article","og_title":"Adaptacja lokalu pod Starbucks w Askanie rozpocz\u0119ta! Najmniejsza kawiarnia sieci? Kiedy otwarcie? - Gorz\u00f3w News","og_description":"W po\u0142owie maja na \u0142amach Gorz\u00f3w News mogli\u015bcie przeczyta\u0107, \u017ce Starbucks wreszcie zdecydowa\u0142 si\u0119 na otwarcie kawiarni w Gorzowie w Galerii Aska","og_url":"https:\/\/gorzow.news\/index.php\/2025\/10\/28\/adaptacja-lokalu-pod-starbucks-w-askanie-rozpoczeta-bedzie-to-najmniejsza-kawiarnia-sieci-kiedy-otwarcie\/","og_site_name":"Gorz\u00f3w News","article_publisher":"https:\/\/www.facebook.com\/gorzowskinews","article_published_time":"2025-10-28T16:48:13+00:00","article_modified_time":"2025-10-28T17:15:59+00:00","og_image":[{"width":1600,"height":900,"url":"https:\/\/gorzow.news\/wp-content\/uploads\/2025\/10\/DJI_20250812151543_0350_D-kopia-2.jpg","type":"image\/jpeg"}],"author":"maciej","twitter_card":"summary_large_image","twitter_misc":{"Napisane przez":"maciej","Szacowany czas czytania":"3 minuty"},"schema":{"@context":"https:\/\/schema.org","@graph":[{"@type":"Article","@id":"https:\/\/gorzow.news\/index.php\/2025\/10\/28\/adaptacja-lokalu-pod-starbucks-w-askanie-rozpoczeta-bedzie-to-najmniejsza-kawiarnia-sieci-kiedy-otwarcie\/#article","isPartOf":{"@id":"https:\/\/gorzow.news\/index.php\/2025\/10\/28\/adaptacja-lokalu-pod-starbucks-w-askanie-rozpoczeta-bedzie-to-najmniejsza-kawiarnia-sieci-kiedy-otwarcie\/"},"author":{"name":"maciej","@id":"https:\/\/gorzow.news\/#\/schema\/person\/a1e5ab43166369f2ce236a1cd90995bb"},"headline":"Adaptacja lokalu pod Starbucks w Askanie rozpocz\u0119ta! Najmniejsza kawiarnia sieci? Kiedy otwarcie?","datePublished":"2025-10-28T16:48:13+00:00","dateModified":"2025-10-28T17:15:59+00:00","mainEntityOfPage":{"@id":"https:\/\/gorzow.news\/index.php\/2025\/10\/28\/adaptacja-lokalu-pod-starbucks-w-askanie-rozpoczeta-bedzie-to-najmniejsza-kawiarnia-sieci-kiedy-otwarcie\/"},"wordCount":471,"commentCount":0,"image":{"@id":"https:\/\/gorzow.news\/index.php\/2025\/10\/28\/adaptacja-lokalu-pod-starbucks-w-askanie-rozpoczeta-bedzie-to-najmniejsza-kawiarnia-sieci-kiedy-otwarcie\/#primaryimage"},"thumbnailUrl":"https:\/\/gorzow.news\/wp-content\/uploads\/2025\/10\/DJI_20250812151543_0350_D-kopia-2.jpg","keywords":["Galeria Askana","Grycan","Starbucks"],"articleSection":["Centrum \/ \u015ar\u00f3dmie\u015bcie","Inwestycje handlowe","Wiadomo\u015bci"],"inLanguage":"pl-PL","potentialAction":[{"@type":"CommentAction","name":"Comment","target":["https:\/\/gorzow.news\/index.php\/2025\/10\/28\/adaptacja-lokalu-pod-starbucks-w-askanie-rozpoczeta-bedzie-to-najmniejsza-kawiarnia-sieci-kiedy-otwarcie\/#respond"]}]},{"@type":"WebPage","@id":"https:\/\/gorzow.news\/index.php\/2025\/10\/28\/adaptacja-lokalu-pod-starbucks-w-askanie-rozpoczeta-bedzie-to-najmniejsza-kawiarnia-sieci-kiedy-otwarcie\/","url":"https:\/\/gorzow.news\/index.php\/2025\/10\/28\/adaptacja-lokalu-pod-starbucks-w-askanie-rozpoczeta-bedzie-to-najmniejsza-kawiarnia-sieci-kiedy-otwarcie\/","name":"Adaptacja lokalu pod Starbucks w Askanie rozpocz\u0119ta! Najmniejsza kawiarnia sieci? Kiedy otwarcie? - Gorz\u00f3w News","isPartOf":{"@id":"https:\/\/gorzow.news\/#website"},"primaryImageOfPage":{"@id":"https:\/\/gorzow.news\/index.php\/2025\/10\/28\/adaptacja-lokalu-pod-starbucks-w-askanie-rozpoczeta-bedzie-to-najmniejsza-kawiarnia-sieci-kiedy-otwarcie\/#primaryimage"},"image":{"@id":"https:\/\/gorzow.news\/index.php\/2025\/10\/28\/adaptacja-lokalu-pod-starbucks-w-askanie-rozpoczeta-bedzie-to-najmniejsza-kawiarnia-sieci-kiedy-otwarcie\/#primaryimage"},"thumbnailUrl":"https:\/\/gorzow.news\/wp-content\/uploads\/2025\/10\/DJI_20250812151543_0350_D-kopia-2.jpg","datePublished":"2025-10-28T16:48:13+00:00","dateModified":"2025-10-28T17:15:59+00:00","author":{"@id":"https:\/\/gorzow.news\/#\/schema\/person\/a1e5ab43166369f2ce236a1cd90995bb"},"description":"W po\u0142owie maja na \u0142amach Gorz\u00f3w News mogli\u015bcie przeczyta\u0107, \u017ce Starbucks wreszcie zdecydowa\u0142 si\u0119 na otwarcie kawiarni w Gorzowie w Galerii Askana. Jej start zaplanowano na IV kwarta\u0142 tego roku. Ko\u0144czy si\u0119 pa\u017adziernik, dlatego postanowili\u015bmy sprawdzi\u0107 jak id\u0105 prace przygotowawcze i czy rzeczywi\u015bcie gorzowski Starbucks b\u0119dzie najmniejszym w Polsce po tym, jak dowiedzieli\u015bmy si\u0119, w kt\u00f3rym miejscu powstanie.","breadcrumb":{"@id":"https:\/\/gorzow.news\/index.php\/2025\/10\/28\/adaptacja-lokalu-pod-starbucks-w-askanie-rozpoczeta-bedzie-to-najmniejsza-kawiarnia-sieci-kiedy-otwarcie\/#breadcrumb"},"inLanguage":"pl-PL","potentialAction":[{"@type":"ReadAction","target":["https:\/\/gorzow.news\/index.php\/2025\/10\/28\/adaptacja-lokalu-pod-starbucks-w-askanie-rozpoczeta-bedzie-to-najmniejsza-kawiarnia-sieci-kiedy-otwarcie\/"]}]},{"@type":"ImageObject","inLanguage":"pl-PL","@id":"https:\/\/gorzow.news\/index.php\/2025\/10\/28\/adaptacja-lokalu-pod-starbucks-w-askanie-rozpoczeta-bedzie-to-najmniejsza-kawiarnia-sieci-kiedy-otwarcie\/#primaryimage","url":"https:\/\/gorzow.news\/wp-content\/uploads\/2025\/10\/DJI_20250812151543_0350_D-kopia-2.jpg","contentUrl":"https:\/\/gorzow.news\/wp-content\/uploads\/2025\/10\/DJI_20250812151543_0350_D-kopia-2.jpg","width":1600,"height":900,"caption":"Kawiarnia Starbucks zostanie otwarta w Galerii Askana w grudniu tego roku."},{"@type":"BreadcrumbList","@id":"https:\/\/gorzow.news\/index.php\/2025\/10\/28\/adaptacja-lokalu-pod-starbucks-w-askanie-rozpoczeta-bedzie-to-najmniejsza-kawiarnia-sieci-kiedy-otwarcie\/#breadcrumb","itemListElement":[{"@type":"ListItem","position":1,"name":"Home","item":"https:\/\/gorzow.news\/"},{"@type":"ListItem","position":2,"name":"Adaptacja lokalu pod Starbucks w Askanie rozpocz\u0119ta! Najmniejsza kawiarnia sieci? Kiedy otwarcie?"}]},{"@type":"WebSite","@id":"https:\/\/gorzow.news\/#website","url":"https:\/\/gorzow.news\/","name":"Gorz\u00f3w News","description":"Sp\u00f3jrz inaczej na miato i region...","potentialAction":[{"@type":"SearchAction","target":{"@type":"EntryPoint","urlTemplate":"https:\/\/gorzow.news\/?s={search_term_string}"},"query-input":{"@type":"PropertyValueSpecification","valueRequired":true,"valueName":"search_term_string"}}],"inLanguage":"pl-PL"},{"@type":"Person","@id":"https:\/\/gorzow.news\/#\/schema\/person\/a1e5ab43166369f2ce236a1cd90995bb","name":"maciej","image":{"@type":"ImageObject","inLanguage":"pl-PL","@id":"https:\/\/secure.gravatar.com\/avatar\/530a674d56ba60cfa0ef21d74e8e8d123a51bb7aa6580465b5c2ab2c2e980a19?s=96&r=g&d=https:\/\/gorzow.news\/wp-content\/plugins\/userswp\/assets\/images\/no_profile.png","url":"https:\/\/secure.gravatar.com\/avatar\/530a674d56ba60cfa0ef21d74e8e8d123a51bb7aa6580465b5c2ab2c2e980a19?s=96&r=g&d=https:\/\/gorzow.news\/wp-content\/plugins\/userswp\/assets\/images\/no_profile.png","contentUrl":"https:\/\/secure.gravatar.com\/avatar\/530a674d56ba60cfa0ef21d74e8e8d123a51bb7aa6580465b5c2ab2c2e980a19?s=96&r=g&d=https:\/\/gorzow.news\/wp-content\/plugins\/userswp\/assets\/images\/no_profile.png","caption":"maciej"},"url":"https:\/\/gorzow.news\/index.php\/profile\/maciej\/"}]}},"_links":{"self":[{"href":"https:\/\/gorzow.news\/index.php\/wp-json\/wp\/v2\/posts\/36235","targetHints":{"allow":["GET"]}}],"collection":[{"href":"https:\/\/gorzow.news\/index.php\/wp-json\/wp\/v2\/posts"}],"about":[{"href":"https:\/\/gorzow.news\/index.php\/wp-json\/wp\/v2\/types\/post"}],"author":[{"embeddable":true,"href":"https:\/\/gorzow.news\/index.php\/wp-json\/wp\/v2\/users\/1"}],"replies":[{"embeddable":true,"href":"https:\/\/gorzow.news\/index.php\/wp-json\/wp\/v2\/comments?post=36235"}],"version-history":[{"count":3,"href":"https:\/\/gorzow.news\/index.php\/wp-json\/wp\/v2\/posts\/36235\/revisions"}],"predecessor-version":[{"id":36254,"href":"https:\/\/gorzow.news\/index.php\/wp-json\/wp\/v2\/posts\/36235\/revisions\/36254"}],"wp:featuredmedia":[{"embeddable":true,"href":"https:\/\/gorzow.news\/index.php\/wp-json\/wp\/v2\/media\/36236"}],"wp:attachment":[{"href":"https:\/\/gorzow.news\/index.php\/wp-json\/wp\/v2\/media?parent=36235"}],"wp:term":[{"taxonomy":"category","embeddable":true,"href":"https:\/\/gorzow.news\/index.php\/wp-json\/wp\/v2\/categories?post=36235"},{"taxonomy":"post_tag","embeddable":true,"href":"https:\/\/gorzow.news\/index.php\/wp-json\/wp\/v2\/tags?post=36235"}],"curies":[{"name":"wp","href":"https:\/\/api.w.org\/{rel}","templated":true}]}}