{"id":35994,"date":"2025-10-20T17:30:00","date_gmt":"2025-10-20T15:30:00","guid":{"rendered":"https:\/\/gorzow.news\/?p=35994"},"modified":"2025-10-20T18:53:51","modified_gmt":"2025-10-20T16:53:51","slug":"ponad-18-lat-realizacji-i-wreszcie-jest-s3-droga-w-pelni-ekspresowa-i-ukonczona","status":"publish","type":"post","link":"https:\/\/gorzow.news\/index.php\/2025\/10\/20\/ponad-18-lat-realizacji-i-wreszcie-jest-s3-droga-w-pelni-ekspresowa-i-ukonczona\/","title":{"rendered":"Ponad 18 lat realizacji i wreszcie jest! S3 &#8211; droga w pe\u0142ni ekspresowa i uko\u0144czona! 471 km!"},"content":{"rendered":"\n<p><strong>Dzi\u015b otwarty zosta\u0142 odcinek S3 od w\u0119z\u0142a \u015awinouj\u015bcie \u0141unowo do w\u0119z\u0142a Mi\u0119dzyzdroje w pe\u0142nym przekroju dwujezdniowej drogi ekspresowej. By\u0142 to ostatni, brakuj\u0105cy fragment S3 \u015awinouj\u015bcie &#8211; Troszyn, jak i ca\u0142ej drogi ekspresowej S3 w Polsce. Od dzisiaj kierowcy mog\u0105 ju\u017c przejecha\u0107 t\u0105 tras\u0105 od wybrze\u017ca Ba\u0142tyku w \u015awinouj\u015bciu, a\u017c pod granic\u0119 z Czechami w Lubawce.<\/strong><\/p>\n\n\n\n<p><strong>P\u00f3\u0142nocny odcinek S3 przejezdny<\/strong><\/p>\n\n\n\n<p>Droga ekspresowa S3 \u015awinouj\u015bcie &#8211; Troszyn o d\u0142ugo\u015bci 33 km zosta\u0142a podzielona na dwa odcinki realizacyjne: \u015awinouj\u015bcie &#8211; Dargob\u0105dz i Dargobadz &#8211; Troszyn. Umowy na zaprojektowanie i budow\u0119 zosta\u0142y podpisane w 2020 roku, a roboty budowlane ruszy\u0142y na pocz\u0105tku 2022 roku. Warto\u015b\u0107 umowy na prace budowlane dla pierwszego odcinka to 688,8 mln z\u0142, a dla drugiego to 679,3 mln z\u0142. Oba odcinki, w ramach jednego projektu o \u0142\u0105cznej warto\u015bci 1,76 mld z\u0142 (uwzgl\u0119dniaj\u0105c prace przygotowawcze, odszkodowania za nieruchomo\u015bci, archeologi\u0119 i nadz\u00f3r nad inwestycj\u0105), otrzyma\u0142y 757,4 mln z\u0142 dofinansowania ze \u015brodk\u00f3w UE w ramach Programu Fundusze Europejskie na Infrastruktur\u0119, Klimat, \u015arodowisko (FEnIKS).<\/p>\n\n\n\r\n                <style type=\"text\/css\">\r\n                    \r\n                    #tdi_1  .td-doubleSlider-2 .td-item1 {\r\n                        background: url(https:\/\/gorzow.news\/wp-content\/uploads\/2025\/10\/ea3079f7-ab39-49ad-971e-7ca908de233a-scaled.jpg) 0 0 no-repeat;\r\n                    }\r\n                    #tdi_1  .td-doubleSlider-2 .td-item2 {\r\n                        background: url(https:\/\/gorzow.news\/wp-content\/uploads\/2025\/10\/caf49369-76a5-45bc-ba23-e5c18bfb23a7.jpg) 0 0 no-repeat;\r\n                    }\r\n                    #tdi_1  .td-doubleSlider-2 .td-item3 {\r\n                        background: url(https:\/\/gorzow.news\/wp-content\/uploads\/2025\/10\/297c7280-d37d-4ee0-9299-1880f8e100af.jpg) 0 0 no-repeat;\r\n                    }\r\n                    #tdi_1  .td-doubleSlider-2 .td-item4 {\r\n                        background: url(https:\/\/gorzow.news\/wp-content\/uploads\/2025\/10\/b9e3507a-93e6-49c4-bc15-f730cf35e080-1.jpg) 0 0 no-repeat;\r\n                    }\r\n                    #tdi_1  .td-doubleSlider-2 .td-item5 {\r\n                        background: url(https:\/\/gorzow.news\/wp-content\/uploads\/2025\/10\/0ebf0f9f-a1fa-47b6-a266-768652547802.jpg) 0 0 no-repeat;\r\n                    }\r\n                <\/style>\r\n\r\n                <div id=\"tdi_1\" class=\"td-gallery td-slide-on-2-columns\">\r\n                    <div class=\"post_td_gallery\">\r\n                        <div class=\"td-gallery-slide-top\">\r\n                           <div class=\"td-gallery-title\"><\/div>\r\n\r\n                            <div class=\"td-gallery-controls-wrapper\">\r\n                                <div class=\"td-gallery-slide-count\"><span class=\"td-gallery-slide-item-focus\">1<\/span> z 5<\/div>\r\n                                <div class=\"td-gallery-slide-prev-next-but\">\r\n                                    <i class = \"td-icon-left doubleSliderPrevButton\"><\/i>\r\n                                    <i class = \"td-icon-right doubleSliderNextButton\"><\/i>\r\n                                <\/div>\r\n                            <\/div>\r\n                        <\/div>\r\n\r\n                        <div class = \"td-doubleSlider-1 \">\r\n                            <div class = \"td-slider\">\r\n                                \r\n                    <div class = \"td-slide-item td-item1\">\r\n                        <figure class=\"td-slide-galery-figure td-slide-popup-gallery\">\r\n                            <a class=\"slide-gallery-image-link\" href=\"https:\/\/gorzow.news\/wp-content\/uploads\/2025\/10\/ea3079f7-ab39-49ad-971e-7ca908de233a-scaled.jpg\" title=\"default\"  data-caption=\"default\"  data-description=\"\">\r\n                                <img decoding=\"async\" src=\"https:\/\/gorzow.news\/wp-content\/uploads\/2025\/10\/ea3079f7-ab39-49ad-971e-7ca908de233a-scaled.jpg\" srcset=\"https:\/\/gorzow.news\/wp-content\/uploads\/2025\/10\/ea3079f7-ab39-49ad-971e-7ca908de233a-scaled.jpg 2560w, https:\/\/gorzow.news\/wp-content\/uploads\/2025\/10\/ea3079f7-ab39-49ad-971e-7ca908de233a-300x142.jpg 300w, https:\/\/gorzow.news\/wp-content\/uploads\/2025\/10\/ea3079f7-ab39-49ad-971e-7ca908de233a-1024x484.jpg 1024w, https:\/\/gorzow.news\/wp-content\/uploads\/2025\/10\/ea3079f7-ab39-49ad-971e-7ca908de233a-768x363.jpg 768w, https:\/\/gorzow.news\/wp-content\/uploads\/2025\/10\/ea3079f7-ab39-49ad-971e-7ca908de233a-1536x727.jpg 1536w, https:\/\/gorzow.news\/wp-content\/uploads\/2025\/10\/ea3079f7-ab39-49ad-971e-7ca908de233a-2048x969.jpg 2048w, https:\/\/gorzow.news\/wp-content\/uploads\/2025\/10\/ea3079f7-ab39-49ad-971e-7ca908de233a-696x329.jpg 696w, https:\/\/gorzow.news\/wp-content\/uploads\/2025\/10\/ea3079f7-ab39-49ad-971e-7ca908de233a-1068x505.jpg 1068w, https:\/\/gorzow.news\/wp-content\/uploads\/2025\/10\/ea3079f7-ab39-49ad-971e-7ca908de233a-1920x908.jpg 1920w\" sizes=\"(max-width: 2560px) 100vw, 2560px\" alt=\"\">\r\n                            <\/a>\r\n                            <figcaption class = \"td-slide-caption td-gallery-slide-content\"><div class = \"td-gallery-slide-copywrite\">default<\/div><\/figcaption>\r\n                        <\/figure>\r\n                    <\/div>\r\n                    <div class = \"td-slide-item td-item2\">\r\n                        <figure class=\"td-slide-galery-figure td-slide-popup-gallery\">\r\n                            <a class=\"slide-gallery-image-link\" href=\"https:\/\/gorzow.news\/wp-content\/uploads\/2025\/10\/caf49369-76a5-45bc-ba23-e5c18bfb23a7.jpg\" title=\"default\"  data-caption=\"default\"  data-description=\"\">\r\n                                <img decoding=\"async\" src=\"https:\/\/gorzow.news\/wp-content\/uploads\/2025\/10\/caf49369-76a5-45bc-ba23-e5c18bfb23a7.jpg\" srcset=\"https:\/\/gorzow.news\/wp-content\/uploads\/2025\/10\/caf49369-76a5-45bc-ba23-e5c18bfb23a7.jpg 1600w, https:\/\/gorzow.news\/wp-content\/uploads\/2025\/10\/caf49369-76a5-45bc-ba23-e5c18bfb23a7-300x142.jpg 300w, https:\/\/gorzow.news\/wp-content\/uploads\/2025\/10\/caf49369-76a5-45bc-ba23-e5c18bfb23a7-1024x484.jpg 1024w, https:\/\/gorzow.news\/wp-content\/uploads\/2025\/10\/caf49369-76a5-45bc-ba23-e5c18bfb23a7-768x363.jpg 768w, https:\/\/gorzow.news\/wp-content\/uploads\/2025\/10\/caf49369-76a5-45bc-ba23-e5c18bfb23a7-1536x727.jpg 1536w, https:\/\/gorzow.news\/wp-content\/uploads\/2025\/10\/caf49369-76a5-45bc-ba23-e5c18bfb23a7-696x329.jpg 696w, https:\/\/gorzow.news\/wp-content\/uploads\/2025\/10\/caf49369-76a5-45bc-ba23-e5c18bfb23a7-1068x505.jpg 1068w\" sizes=\"(max-width: 1600px) 100vw, 1600px\" alt=\"\">\r\n                            <\/a>\r\n                            <figcaption class = \"td-slide-caption td-gallery-slide-content\"><div class = \"td-gallery-slide-copywrite\">default<\/div><\/figcaption>\r\n                        <\/figure>\r\n                    <\/div>\r\n                    <div class = \"td-slide-item td-item3\">\r\n                        <figure class=\"td-slide-galery-figure td-slide-popup-gallery\">\r\n                            <a class=\"slide-gallery-image-link\" href=\"https:\/\/gorzow.news\/wp-content\/uploads\/2025\/10\/297c7280-d37d-4ee0-9299-1880f8e100af.jpg\" title=\"\"  data-caption=\"\"  data-description=\"\">\r\n                                <img decoding=\"async\" src=\"https:\/\/gorzow.news\/wp-content\/uploads\/2025\/10\/297c7280-d37d-4ee0-9299-1880f8e100af.jpg\" srcset=\"https:\/\/gorzow.news\/wp-content\/uploads\/2025\/10\/297c7280-d37d-4ee0-9299-1880f8e100af.jpg 1600w, https:\/\/gorzow.news\/wp-content\/uploads\/2025\/10\/297c7280-d37d-4ee0-9299-1880f8e100af-300x142.jpg 300w, https:\/\/gorzow.news\/wp-content\/uploads\/2025\/10\/297c7280-d37d-4ee0-9299-1880f8e100af-1024x484.jpg 1024w, https:\/\/gorzow.news\/wp-content\/uploads\/2025\/10\/297c7280-d37d-4ee0-9299-1880f8e100af-768x363.jpg 768w, https:\/\/gorzow.news\/wp-content\/uploads\/2025\/10\/297c7280-d37d-4ee0-9299-1880f8e100af-1536x727.jpg 1536w, https:\/\/gorzow.news\/wp-content\/uploads\/2025\/10\/297c7280-d37d-4ee0-9299-1880f8e100af-696x329.jpg 696w, https:\/\/gorzow.news\/wp-content\/uploads\/2025\/10\/297c7280-d37d-4ee0-9299-1880f8e100af-1068x505.jpg 1068w\" sizes=\"(max-width: 1600px) 100vw, 1600px\" alt=\"\">\r\n                            <\/a>\r\n                            \r\n                        <\/figure>\r\n                    <\/div>\r\n                    <div class = \"td-slide-item td-item4\">\r\n                        <figure class=\"td-slide-galery-figure td-slide-popup-gallery\">\r\n                            <a class=\"slide-gallery-image-link\" href=\"https:\/\/gorzow.news\/wp-content\/uploads\/2025\/10\/b9e3507a-93e6-49c4-bc15-f730cf35e080-1.jpg\" title=\"\"  data-caption=\"\"  data-description=\"\">\r\n                                <img decoding=\"async\" src=\"https:\/\/gorzow.news\/wp-content\/uploads\/2025\/10\/b9e3507a-93e6-49c4-bc15-f730cf35e080-1.jpg\" srcset=\"https:\/\/gorzow.news\/wp-content\/uploads\/2025\/10\/b9e3507a-93e6-49c4-bc15-f730cf35e080-1.jpg 1600w, https:\/\/gorzow.news\/wp-content\/uploads\/2025\/10\/b9e3507a-93e6-49c4-bc15-f730cf35e080-1-300x142.jpg 300w, https:\/\/gorzow.news\/wp-content\/uploads\/2025\/10\/b9e3507a-93e6-49c4-bc15-f730cf35e080-1-1024x484.jpg 1024w, https:\/\/gorzow.news\/wp-content\/uploads\/2025\/10\/b9e3507a-93e6-49c4-bc15-f730cf35e080-1-768x363.jpg 768w, https:\/\/gorzow.news\/wp-content\/uploads\/2025\/10\/b9e3507a-93e6-49c4-bc15-f730cf35e080-1-1536x727.jpg 1536w, https:\/\/gorzow.news\/wp-content\/uploads\/2025\/10\/b9e3507a-93e6-49c4-bc15-f730cf35e080-1-696x329.jpg 696w, https:\/\/gorzow.news\/wp-content\/uploads\/2025\/10\/b9e3507a-93e6-49c4-bc15-f730cf35e080-1-1068x505.jpg 1068w\" sizes=\"(max-width: 1600px) 100vw, 1600px\" alt=\"\">\r\n                            <\/a>\r\n                            \r\n                        <\/figure>\r\n                    <\/div>\r\n                    <div class = \"td-slide-item td-item5\">\r\n                        <figure class=\"td-slide-galery-figure td-slide-popup-gallery\">\r\n                            <a class=\"slide-gallery-image-link\" href=\"https:\/\/gorzow.news\/wp-content\/uploads\/2025\/10\/0ebf0f9f-a1fa-47b6-a266-768652547802.jpg\" title=\"\"  data-caption=\"\"  data-description=\"\">\r\n                                <img decoding=\"async\" src=\"https:\/\/gorzow.news\/wp-content\/uploads\/2025\/10\/0ebf0f9f-a1fa-47b6-a266-768652547802.jpg\" srcset=\"https:\/\/gorzow.news\/wp-content\/uploads\/2025\/10\/0ebf0f9f-a1fa-47b6-a266-768652547802.jpg 1600w, https:\/\/gorzow.news\/wp-content\/uploads\/2025\/10\/0ebf0f9f-a1fa-47b6-a266-768652547802-300x142.jpg 300w, https:\/\/gorzow.news\/wp-content\/uploads\/2025\/10\/0ebf0f9f-a1fa-47b6-a266-768652547802-1024x484.jpg 1024w, https:\/\/gorzow.news\/wp-content\/uploads\/2025\/10\/0ebf0f9f-a1fa-47b6-a266-768652547802-768x363.jpg 768w, https:\/\/gorzow.news\/wp-content\/uploads\/2025\/10\/0ebf0f9f-a1fa-47b6-a266-768652547802-1536x727.jpg 1536w, https:\/\/gorzow.news\/wp-content\/uploads\/2025\/10\/0ebf0f9f-a1fa-47b6-a266-768652547802-696x329.jpg 696w, https:\/\/gorzow.news\/wp-content\/uploads\/2025\/10\/0ebf0f9f-a1fa-47b6-a266-768652547802-1068x505.jpg 1068w\" sizes=\"(max-width: 1600px) 100vw, 1600px\" alt=\"\">\r\n                            <\/a>\r\n                            \r\n                        <\/figure>\r\n                    <\/div>\r\n                            <\/div>\r\n                        <\/div>\r\n\r\n                        <div class = \"td-doubleSlider-2\">\r\n                            <div class = \"td-slider\">\r\n                                \r\n                    <div class = \"td-button td-item1\">\r\n                        <div class = \"td-border\"><\/div>\r\n                    <\/div>\r\n                    <div class = \"td-button td-item2\">\r\n                        <div class = \"td-border\"><\/div>\r\n                    <\/div>\r\n                    <div class = \"td-button td-item3\">\r\n                        <div class = \"td-border\"><\/div>\r\n                    <\/div>\r\n                    <div class = \"td-button td-item4\">\r\n                        <div class = \"td-border\"><\/div>\r\n                    <\/div>\r\n                    <div class = \"td-button td-item5\">\r\n                        <div class = \"td-border\"><\/div>\r\n                    <\/div>\r\n                            <\/div>\r\n                        <\/div>\r\n\r\n                    <\/div>\r\n\r\n                <\/div>\r\n                \n\n\n<p>S3 na tych odcinkach przebiega w wi\u0119kszo\u015bci w \u015bladzie drogi krajowej nr 3. Wymaga\u0142o to wielu zmian w organizacji ruchu podczas budowy drogi, jak i r\u00f3wnie\u017c na etapie jej ko\u0144cowego udost\u0119pniania. W tym roku rozpocz\u0105\u0142 si\u0119 proces stopniowego udra\u017cniania trasy. W maju na pierwszym odcinku o d\u0142ugo\u015bci 4,5 km, od w\u0119z\u0142a \u015awinouj\u015bcie (po\u0142\u0105czenie z tunelem pod \u015awin\u0105) do w\u0119z\u0142a \u015awinouj\u015bcie \u0141unowo, wprowadzili\u015bmy ruch dwiema jezdniami. W po\u0142owie czerwca przekierowali\u015bmy ruch z dotychczasowej DK3 na jedn\u0105 jezdni\u0119 nowej S3 na odcinku od w\u0119z\u0142a \u015awinouj\u015bcie \u0141unowo do w\u0119z\u0142a Mi\u0119dzyzdroje. Umo\u017cliwi\u0142o to likwidacj\u0119 tymczasowego ronda w rejonie Mi\u0119dzyzdroj\u00f3w, co znacz\u0105co poprawi\u0142o p\u0142ynno\u015b\u0107 ruchu.<\/p>\n\n\n\n<p>Na koniec czerwca w pe\u0142ni zosta\u0142 uruchomiony odcinek od Mi\u0119dzyzdroj\u00f3w (wjazd na obszar Woli\u0144skiego Parku Narodowego) do w\u0119z\u0142a Wolin Zach\u00f3d, a 7 pa\u017adziernika ruch dwiema jezdniami po dwa pasy ruchu w ka\u017cd\u0105 stron\u0119 zosta\u0142 wprowadzony na odcinku Wolin &#8211; Troszyn.<\/p>\n\n\n\n<p><strong>Dalsze prace poza jezdniami g\u0142\u00f3wnymi<\/strong><\/p>\n\n\n\n<p>Oddanie do ruchu jezdni g\u0142\u00f3wnych nie oznacza jeszcze ca\u0142kowitego zako\u0144czenia prac zwi\u0105zanych z inwestycj\u0105. Kontynuowane b\u0119d\u0105 prace przy jezdniach dodatkowych, roboty porz\u0105dkowe, nasadzenia zieleni oraz prace wyko\u0144czeniowe. Do zako\u0144czenia na odcinku Dargob\u0105dz &#8211; Troszyn pozostaje jeszcze para Miejsc Obs\u0142ugi Podr\u00f3\u017cnych Dargob\u0105dz oraz Obw\u00f3d Utrzymania Drogi przy w\u0119\u017ale Wolin Wsch\u00f3d. Wykonawca musi r\u00f3wnie\u017c doko\u0144czy\u0107 prace przy przebudowie ul. Mickiewicza w Wolinie. Na odcinku \u015awinouj\u015bcie &#8211; Dargob\u0105dz przez najbli\u017csze tygodnie b\u0119dzie jeszcze zamkni\u0119ty w\u0119ze\u0142 \u015awinouj\u015bcie Terminal LNG. Wykonawca ma do ko\u0144ca roku zdemontowa\u0107 znajduj\u0105c\u0105 si\u0119 przy w\u0119\u017ale wytw\u00f3rni\u0119 mas bitumicznych i zako\u0144czy\u0107 tu pozosta\u0142e prace.<\/p>\n\n\n\n<p><strong>S3 &#8211; korytarz transportowy p\u00f3\u0142noc-po\u0142udnie<\/strong><\/p>\n\n\n\n<p>Droga ekspresowa S3 to element Transeuropejskiego Korytarza Transportowego Ba\u0142tyk &#8211; Adriatyk oraz fragment europejskiej trasy E65 \u0142\u0105cz\u0105cej szwedzkie Malm\u00f6 z greckim miastem Chania na Krecie, kt\u00f3rej \u0142\u0105czna d\u0142ugo\u015bci wynosi ok. 3.950 km. S3 ma kluczowe znaczenia dla rozwoju zespo\u0142u port\u00f3w morskich Szczecin-\u015awinouj\u015bcie, zar\u00f3wno w kontek\u015bcie przysz\u0142ych inwestycji, takich jak planowany terminal kontenerowy, ale r\u00f3wnie\u017c funkcjonowania obecnej infrastruktury. Chodzi tu m.in. o terminal prom\u00f3w morskich \u0142\u0105cz\u0105cy Polsk\u0119 ze Skandynawi\u0105. Jest to r\u00f3wnie\u017c kluczowa trasa dla rozwoju turystyki, wa\u017cnej ga\u0142\u0119zi gospodarki wybrze\u017ca ba\u0142tyckiego. Warto wspomnie\u0107 r\u00f3wnie\u017c, \u017ce strona czeska prowadzi ju\u017c budow\u0119 odcinka 21-kilometrowego odcinka autostrady D11 do Trutnova. W przysz\u0142ym roku b\u0119dzie mo\u017cna ju\u017c w pe\u0142ni skorzysta\u0107 z ostatniego polskiego fragmentu S3, od Lubawki do granicy, kt\u00f3ry zyska po\u0142\u0105czenie z pocz\u0105tkowym, 3,5-kilometrowym, odcinkiem czeskiej D11. W ci\u0105gu kilku najbli\u017cszych lat, po wyd\u0142u\u017ceniu D11 do Jarom\u011b\u0159a, S3 zyska bezpo\u015brednie po\u0142\u0105czenie z sieci\u0105 dr\u00f3g szybkiego ruchu na po\u0142udniu Europy.<\/p>\n\n\n\n<p><strong>Fina\u0142 wielu lat realizacji<\/strong><\/p>\n\n\n\n<p>Proces budowy drogi ekspresowej S3 ruszy\u0142 w 2007 roku wraz z pierwszymi pracami na odcinku Szczecin &#8211; Gorz\u00f3w Wielkopolski. W 2010 roku ten fragment o d\u0142ugo\u015bci 81 km zosta\u0142o oddany do ruchu. Dawna DK3, kt\u00f3ra poza nielicznymi obwodnicami i fragmentami dwujezdniowymi by\u0142a zwyk\u0142\u0105 jednojezdniow\u0105 drog\u0105 krajow\u0105 przebiegaj\u0105c\u0105 przez dziesi\u0105tki miejscowo\u015bci, zacz\u0119\u0142a przeistacza\u0107 si\u0119 w nowoczesn\u0105, dwujezdniow\u0105 drog\u0119 ekspresow\u0105.<\/p>\n\n\n\n<figure class=\"wp-block-image size-large\"><a href=\"https:\/\/gorzow.news\/wp-content\/uploads\/2025\/10\/aa0fe8bd-19b2-4340-b78f-6196004126ca-scaled.jpg\" target=\"_blank\" rel=\" noreferrer noopener\"><img loading=\"lazy\" decoding=\"async\" width=\"597\" height=\"1024\" src=\"https:\/\/gorzow.news\/wp-content\/uploads\/2025\/10\/aa0fe8bd-19b2-4340-b78f-6196004126ca-597x1024.jpg\" alt=\"\" class=\"wp-image-35997\" srcset=\"https:\/\/gorzow.news\/wp-content\/uploads\/2025\/10\/aa0fe8bd-19b2-4340-b78f-6196004126ca-597x1024.jpg 597w, https:\/\/gorzow.news\/wp-content\/uploads\/2025\/10\/aa0fe8bd-19b2-4340-b78f-6196004126ca-175x300.jpg 175w, https:\/\/gorzow.news\/wp-content\/uploads\/2025\/10\/aa0fe8bd-19b2-4340-b78f-6196004126ca-768x1317.jpg 768w, https:\/\/gorzow.news\/wp-content\/uploads\/2025\/10\/aa0fe8bd-19b2-4340-b78f-6196004126ca-895x1536.jpg 895w, https:\/\/gorzow.news\/wp-content\/uploads\/2025\/10\/aa0fe8bd-19b2-4340-b78f-6196004126ca-1194x2048.jpg 1194w, https:\/\/gorzow.news\/wp-content\/uploads\/2025\/10\/aa0fe8bd-19b2-4340-b78f-6196004126ca-696x1194.jpg 696w, https:\/\/gorzow.news\/wp-content\/uploads\/2025\/10\/aa0fe8bd-19b2-4340-b78f-6196004126ca-1068x1832.jpg 1068w, https:\/\/gorzow.news\/wp-content\/uploads\/2025\/10\/aa0fe8bd-19b2-4340-b78f-6196004126ca-scaled.jpg 1492w\" sizes=\"auto, (max-width: 597px) 100vw, 597px\" \/><\/a><\/figure>\n\n\n\n<p>Nast\u0119pnie rusza\u0142a budowa odcink\u00f3w w wojew\u00f3dztwie lubuskim. W latach 2013-2014 kierowcy pojechali odcinkami od Gorzowa Wielkopolskiego do Sulechowa (\u0142\u0105cznie 80 km trasy). Dobudowane zosta\u0142y r\u00f3wnie\u017c drugie jezdnie na obwodnicach Gorzowa Wielkopolskiego i Mi\u0119dzyrzecza. W roku 2018 zosta\u0142y oddane do ruchu odcinki na po\u0142udnie od Zielonej G\u00f3ry w kierunku Dolnego \u015al\u0105ska. R\u00f3wnolegle trwa\u0142a budowa dolno\u015bl\u0105skich odcink\u00f3w S3, wi\u0119kszo\u015b\u0107 z nich oddano do ruchu r\u00f3wnie\u017c w 2018 roku. W roku 2021, wraz z zako\u0144czeniem odcinka w rejonie Polkowic, S3 spi\u0119\u0142a ze sob\u0105 autostrady A6, A2 i A4. W ubieg\u0142ym roku nast\u0105pi\u0142a finalizacja budowy po\u0142udniowego odcinka S3, przechodz\u0105cego przez obszary g\u00f3rskie do granicy z Czechami. Ukszta\u0142towanie terenu spowodowa\u0142o konieczno\u015b\u0107 budowy dw\u00f3ch tuneli drogowych, w tym jednego o d\u0142ugo\u015bci 2,3 km &#8211; najd\u0142u\u017cszego, pozamiejskiego tunelu w Polsce.<\/p>\n\n\n\n<p>Na terenie wojew\u00f3dztwa zachodniopomorskiego budowa S3 by\u0142a r\u00f3wnie\u017c prowadzona na odcinkach na p\u00f3\u0142noc od Szczecina. W roku 2011 zosta\u0142y oddane obwodnice Mi\u0119kowa i Par\u0142\u00f3wka, natomiast w latach 2017-2021 by\u0142y realizowane odcinki Mi\u0119kowo &#8211; Rz\u0119\u015bnica i Brzozowo &#8211; Mi\u0119kowo. Budowa na odcinku \u015awinouj\u015bcie &#8211; Troszyn ruszy\u0142a w 2022 roku.<\/p>\n\n\n\n<p>\u0141\u0105cznie ca\u0142a droga ekspresowa S3 liczy 471 km (w tym 17 km wsp\u00f3lnego przebiegu z autostrad\u0105 A6). Koszt realizacji S3 od \u015awinouj\u015bcia do Lubawki w latach 2007-2025 wyni\u00f3s\u0142 ponad 15 mld z\u0142, a dofinansowanie ze \u015brodk\u00f3w UE w ramach r\u00f3\u017cnych program\u00f3w wynios\u0142o ok. 7,7 mld z\u0142.<\/p>\n","protected":false},"excerpt":{"rendered":"<p>Dzi\u015b otwarty zosta\u0142 odcinek S3 od w\u0119z\u0142a \u015awinouj\u015bcie \u0141unowo do w\u0119z\u0142a Mi\u0119dzyzdroje w pe\u0142nym przekroju dwujezdniowej drogi ekspresowej. By\u0142 to ostatni, brakuj\u0105cy fragment S3 \u015awinouj\u015bcie &#8211; Troszyn, jak i ca\u0142ej drogi ekspresowej S3 w Polsce. Od dzisiaj kierowcy mog\u0105 ju\u017c przejecha\u0107 t\u0105 tras\u0105 od wybrze\u017ca Ba\u0142tyku w \u015awinouj\u015bciu, a\u017c pod granic\u0119 z Czechami w Lubawce. [&hellip;]<\/p>\n","protected":false},"author":1,"featured_media":35998,"comment_status":"open","ping_status":"open","sticky":false,"template":"","format":"standard","meta":{"footnotes":"","_links_to":"","_links_to_target":""},"categories":[594,589],"tags":[369],"class_list":{"0":"post-35994","1":"post","2":"type-post","3":"status-publish","4":"format-standard","5":"has-post-thumbnail","7":"category-info-ulice","8":"category-wiadomosci","9":"tag-s3"},"yoast_head":"<!-- This site is optimized with the Yoast SEO plugin v27.3 - https:\/\/yoast.com\/product\/yoast-seo-wordpress\/ -->\n<title>Ponad 18 lat realizacji i wreszcie jest! S3 - droga w pe\u0142ni ekspresowa i uko\u0144czona! 471 km! - Gorz\u00f3w News<\/title>\n<meta name=\"description\" content=\"Dzi\u015b otwarty zosta\u0142 odcinek S3 od w\u0119z\u0142a \u015awinouj\u015bcie \u0141unowo do w\u0119z\u0142a Mi\u0119dzyzdroje w pe\u0142nym przekroju dwujezdniowej drogi ekspresowej. By\u0142 t\" \/>\n<meta name=\"robots\" content=\"index, follow, max-snippet:-1, max-image-preview:large, max-video-preview:-1\" \/>\n<link rel=\"canonical\" href=\"https:\/\/gorzow.news\/index.php\/2025\/10\/20\/ponad-18-lat-realizacji-i-wreszcie-jest-s3-droga-w-pelni-ekspresowa-i-ukonczona\/\" \/>\n<meta property=\"og:locale\" content=\"pl_PL\" \/>\n<meta property=\"og:type\" content=\"article\" \/>\n<meta property=\"og:title\" content=\"Ponad 18 lat realizacji i wreszcie jest! S3 - droga w pe\u0142ni ekspresowa i uko\u0144czona! 471 km! - Gorz\u00f3w News\" \/>\n<meta property=\"og:description\" content=\"Dzi\u015b otwarty zosta\u0142 odcinek S3 od w\u0119z\u0142a \u015awinouj\u015bcie \u0141unowo do w\u0119z\u0142a Mi\u0119dzyzdroje w pe\u0142nym przekroju dwujezdniowej drogi ekspresowej. By\u0142 t\" \/>\n<meta property=\"og:url\" content=\"https:\/\/gorzow.news\/index.php\/2025\/10\/20\/ponad-18-lat-realizacji-i-wreszcie-jest-s3-droga-w-pelni-ekspresowa-i-ukonczona\/\" \/>\n<meta property=\"og:site_name\" content=\"Gorz\u00f3w News\" \/>\n<meta property=\"article:publisher\" content=\"https:\/\/www.facebook.com\/gorzowskinews\" \/>\n<meta property=\"article:published_time\" content=\"2025-10-20T15:30:00+00:00\" \/>\n<meta property=\"article:modified_time\" content=\"2025-10-20T16:53:51+00:00\" \/>\n<meta property=\"og:image\" content=\"https:\/\/gorzow.news\/wp-content\/uploads\/2025\/10\/b9e3507a-93e6-49c4-bc15-f730cf35e080.jpg\" \/>\n\t<meta property=\"og:image:width\" content=\"1600\" \/>\n\t<meta property=\"og:image:height\" content=\"757\" \/>\n\t<meta property=\"og:image:type\" content=\"image\/jpeg\" \/>\n<meta name=\"author\" content=\"maciej\" \/>\n<meta name=\"twitter:card\" content=\"summary_large_image\" \/>\n<meta name=\"twitter:label1\" content=\"Napisane przez\" \/>\n\t<meta name=\"twitter:data1\" content=\"maciej\" \/>\n\t<meta name=\"twitter:label2\" content=\"Szacowany czas czytania\" \/>\n\t<meta name=\"twitter:data2\" content=\"6 minut\" \/>\n<script type=\"application\/ld+json\" class=\"yoast-schema-graph\">{\"@context\":\"https:\\\/\\\/schema.org\",\"@graph\":[{\"@type\":\"Article\",\"@id\":\"https:\\\/\\\/gorzow.news\\\/index.php\\\/2025\\\/10\\\/20\\\/ponad-18-lat-realizacji-i-wreszcie-jest-s3-droga-w-pelni-ekspresowa-i-ukonczona\\\/#article\",\"isPartOf\":{\"@id\":\"https:\\\/\\\/gorzow.news\\\/index.php\\\/2025\\\/10\\\/20\\\/ponad-18-lat-realizacji-i-wreszcie-jest-s3-droga-w-pelni-ekspresowa-i-ukonczona\\\/\"},\"author\":{\"name\":\"maciej\",\"@id\":\"https:\\\/\\\/gorzow.news\\\/#\\\/schema\\\/person\\\/a1e5ab43166369f2ce236a1cd90995bb\"},\"headline\":\"Ponad 18 lat realizacji i wreszcie jest! S3 &#8211; droga w pe\u0142ni ekspresowa i uko\u0144czona! 471 km!\",\"datePublished\":\"2025-10-20T15:30:00+00:00\",\"dateModified\":\"2025-10-20T16:53:51+00:00\",\"mainEntityOfPage\":{\"@id\":\"https:\\\/\\\/gorzow.news\\\/index.php\\\/2025\\\/10\\\/20\\\/ponad-18-lat-realizacji-i-wreszcie-jest-s3-droga-w-pelni-ekspresowa-i-ukonczona\\\/\"},\"wordCount\":1033,\"commentCount\":0,\"image\":{\"@id\":\"https:\\\/\\\/gorzow.news\\\/index.php\\\/2025\\\/10\\\/20\\\/ponad-18-lat-realizacji-i-wreszcie-jest-s3-droga-w-pelni-ekspresowa-i-ukonczona\\\/#primaryimage\"},\"thumbnailUrl\":\"https:\\\/\\\/gorzow.news\\\/wp-content\\\/uploads\\\/2025\\\/10\\\/b9e3507a-93e6-49c4-bc15-f730cf35e080.jpg\",\"keywords\":[\"S3\"],\"articleSection\":[\"INFOulice\",\"Wiadomo\u015bci\"],\"inLanguage\":\"pl-PL\",\"potentialAction\":[{\"@type\":\"CommentAction\",\"name\":\"Comment\",\"target\":[\"https:\\\/\\\/gorzow.news\\\/index.php\\\/2025\\\/10\\\/20\\\/ponad-18-lat-realizacji-i-wreszcie-jest-s3-droga-w-pelni-ekspresowa-i-ukonczona\\\/#respond\"]}]},{\"@type\":\"WebPage\",\"@id\":\"https:\\\/\\\/gorzow.news\\\/index.php\\\/2025\\\/10\\\/20\\\/ponad-18-lat-realizacji-i-wreszcie-jest-s3-droga-w-pelni-ekspresowa-i-ukonczona\\\/\",\"url\":\"https:\\\/\\\/gorzow.news\\\/index.php\\\/2025\\\/10\\\/20\\\/ponad-18-lat-realizacji-i-wreszcie-jest-s3-droga-w-pelni-ekspresowa-i-ukonczona\\\/\",\"name\":\"Ponad 18 lat realizacji i wreszcie jest! S3 - droga w pe\u0142ni ekspresowa i uko\u0144czona! 471 km! - Gorz\u00f3w News\",\"isPartOf\":{\"@id\":\"https:\\\/\\\/gorzow.news\\\/#website\"},\"primaryImageOfPage\":{\"@id\":\"https:\\\/\\\/gorzow.news\\\/index.php\\\/2025\\\/10\\\/20\\\/ponad-18-lat-realizacji-i-wreszcie-jest-s3-droga-w-pelni-ekspresowa-i-ukonczona\\\/#primaryimage\"},\"image\":{\"@id\":\"https:\\\/\\\/gorzow.news\\\/index.php\\\/2025\\\/10\\\/20\\\/ponad-18-lat-realizacji-i-wreszcie-jest-s3-droga-w-pelni-ekspresowa-i-ukonczona\\\/#primaryimage\"},\"thumbnailUrl\":\"https:\\\/\\\/gorzow.news\\\/wp-content\\\/uploads\\\/2025\\\/10\\\/b9e3507a-93e6-49c4-bc15-f730cf35e080.jpg\",\"datePublished\":\"2025-10-20T15:30:00+00:00\",\"dateModified\":\"2025-10-20T16:53:51+00:00\",\"author\":{\"@id\":\"https:\\\/\\\/gorzow.news\\\/#\\\/schema\\\/person\\\/a1e5ab43166369f2ce236a1cd90995bb\"},\"description\":\"Dzi\u015b otwarty zosta\u0142 odcinek S3 od w\u0119z\u0142a \u015awinouj\u015bcie \u0141unowo do w\u0119z\u0142a Mi\u0119dzyzdroje w pe\u0142nym przekroju dwujezdniowej drogi ekspresowej. By\u0142 to ostatni, brakuj\u0105cy fragment S3 \u015awinouj\u015bcie - Troszyn, jak i ca\u0142ej drogi ekspresowej S3 w Polsce. Od dzisiaj kierowcy mog\u0105 ju\u017c przejecha\u0107 t\u0105 tras\u0105 od wybrze\u017ca Ba\u0142tyku w \u015awinouj\u015bciu, a\u017c pod granic\u0119 z Czechami w Lubawce.\",\"breadcrumb\":{\"@id\":\"https:\\\/\\\/gorzow.news\\\/index.php\\\/2025\\\/10\\\/20\\\/ponad-18-lat-realizacji-i-wreszcie-jest-s3-droga-w-pelni-ekspresowa-i-ukonczona\\\/#breadcrumb\"},\"inLanguage\":\"pl-PL\",\"potentialAction\":[{\"@type\":\"ReadAction\",\"target\":[\"https:\\\/\\\/gorzow.news\\\/index.php\\\/2025\\\/10\\\/20\\\/ponad-18-lat-realizacji-i-wreszcie-jest-s3-droga-w-pelni-ekspresowa-i-ukonczona\\\/\"]}]},{\"@type\":\"ImageObject\",\"inLanguage\":\"pl-PL\",\"@id\":\"https:\\\/\\\/gorzow.news\\\/index.php\\\/2025\\\/10\\\/20\\\/ponad-18-lat-realizacji-i-wreszcie-jest-s3-droga-w-pelni-ekspresowa-i-ukonczona\\\/#primaryimage\",\"url\":\"https:\\\/\\\/gorzow.news\\\/wp-content\\\/uploads\\\/2025\\\/10\\\/b9e3507a-93e6-49c4-bc15-f730cf35e080.jpg\",\"contentUrl\":\"https:\\\/\\\/gorzow.news\\\/wp-content\\\/uploads\\\/2025\\\/10\\\/b9e3507a-93e6-49c4-bc15-f730cf35e080.jpg\",\"width\":1600,\"height\":757,\"caption\":\"Widok na obiekt WE-10 w kierunku \u015awinouj\u015bcia. fot. Mateusz Grzeszczuk \\\/ GDDKiA\"},{\"@type\":\"BreadcrumbList\",\"@id\":\"https:\\\/\\\/gorzow.news\\\/index.php\\\/2025\\\/10\\\/20\\\/ponad-18-lat-realizacji-i-wreszcie-jest-s3-droga-w-pelni-ekspresowa-i-ukonczona\\\/#breadcrumb\",\"itemListElement\":[{\"@type\":\"ListItem\",\"position\":1,\"name\":\"Home\",\"item\":\"https:\\\/\\\/gorzow.news\\\/\"},{\"@type\":\"ListItem\",\"position\":2,\"name\":\"Ponad 18 lat realizacji i wreszcie jest! S3 &#8211; droga w pe\u0142ni ekspresowa i uko\u0144czona! 471 km!\"}]},{\"@type\":\"WebSite\",\"@id\":\"https:\\\/\\\/gorzow.news\\\/#website\",\"url\":\"https:\\\/\\\/gorzow.news\\\/\",\"name\":\"Gorz\u00f3w News\",\"description\":\"Sp\u00f3jrz inaczej na miato i region...\",\"potentialAction\":[{\"@type\":\"SearchAction\",\"target\":{\"@type\":\"EntryPoint\",\"urlTemplate\":\"https:\\\/\\\/gorzow.news\\\/?s={search_term_string}\"},\"query-input\":{\"@type\":\"PropertyValueSpecification\",\"valueRequired\":true,\"valueName\":\"search_term_string\"}}],\"inLanguage\":\"pl-PL\"},{\"@type\":\"Person\",\"@id\":\"https:\\\/\\\/gorzow.news\\\/#\\\/schema\\\/person\\\/a1e5ab43166369f2ce236a1cd90995bb\",\"name\":\"maciej\",\"image\":{\"@type\":\"ImageObject\",\"inLanguage\":\"pl-PL\",\"@id\":\"https:\\\/\\\/secure.gravatar.com\\\/avatar\\\/530a674d56ba60cfa0ef21d74e8e8d123a51bb7aa6580465b5c2ab2c2e980a19?s=96&r=g&d=https:\\\/\\\/gorzow.news\\\/wp-content\\\/plugins\\\/userswp\\\/assets\\\/images\\\/no_profile.png\",\"url\":\"https:\\\/\\\/secure.gravatar.com\\\/avatar\\\/530a674d56ba60cfa0ef21d74e8e8d123a51bb7aa6580465b5c2ab2c2e980a19?s=96&r=g&d=https:\\\/\\\/gorzow.news\\\/wp-content\\\/plugins\\\/userswp\\\/assets\\\/images\\\/no_profile.png\",\"contentUrl\":\"https:\\\/\\\/secure.gravatar.com\\\/avatar\\\/530a674d56ba60cfa0ef21d74e8e8d123a51bb7aa6580465b5c2ab2c2e980a19?s=96&r=g&d=https:\\\/\\\/gorzow.news\\\/wp-content\\\/plugins\\\/userswp\\\/assets\\\/images\\\/no_profile.png\",\"caption\":\"maciej\"},\"url\":\"https:\\\/\\\/gorzow.news\\\/index.php\\\/profile\\\/maciej\\\/\"}]}<\/script>\n<!-- \/ Yoast SEO plugin. -->","yoast_head_json":{"title":"Ponad 18 lat realizacji i wreszcie jest! S3 - droga w pe\u0142ni ekspresowa i uko\u0144czona! 471 km! - Gorz\u00f3w News","description":"Dzi\u015b otwarty zosta\u0142 odcinek S3 od w\u0119z\u0142a \u015awinouj\u015bcie \u0141unowo do w\u0119z\u0142a Mi\u0119dzyzdroje w pe\u0142nym przekroju dwujezdniowej drogi ekspresowej. By\u0142 t","robots":{"index":"index","follow":"follow","max-snippet":"max-snippet:-1","max-image-preview":"max-image-preview:large","max-video-preview":"max-video-preview:-1"},"canonical":"https:\/\/gorzow.news\/index.php\/2025\/10\/20\/ponad-18-lat-realizacji-i-wreszcie-jest-s3-droga-w-pelni-ekspresowa-i-ukonczona\/","og_locale":"pl_PL","og_type":"article","og_title":"Ponad 18 lat realizacji i wreszcie jest! S3 - droga w pe\u0142ni ekspresowa i uko\u0144czona! 471 km! - Gorz\u00f3w News","og_description":"Dzi\u015b otwarty zosta\u0142 odcinek S3 od w\u0119z\u0142a \u015awinouj\u015bcie \u0141unowo do w\u0119z\u0142a Mi\u0119dzyzdroje w pe\u0142nym przekroju dwujezdniowej drogi ekspresowej. By\u0142 t","og_url":"https:\/\/gorzow.news\/index.php\/2025\/10\/20\/ponad-18-lat-realizacji-i-wreszcie-jest-s3-droga-w-pelni-ekspresowa-i-ukonczona\/","og_site_name":"Gorz\u00f3w News","article_publisher":"https:\/\/www.facebook.com\/gorzowskinews","article_published_time":"2025-10-20T15:30:00+00:00","article_modified_time":"2025-10-20T16:53:51+00:00","og_image":[{"width":1600,"height":757,"url":"https:\/\/gorzow.news\/wp-content\/uploads\/2025\/10\/b9e3507a-93e6-49c4-bc15-f730cf35e080.jpg","type":"image\/jpeg"}],"author":"maciej","twitter_card":"summary_large_image","twitter_misc":{"Napisane przez":"maciej","Szacowany czas czytania":"6 minut"},"schema":{"@context":"https:\/\/schema.org","@graph":[{"@type":"Article","@id":"https:\/\/gorzow.news\/index.php\/2025\/10\/20\/ponad-18-lat-realizacji-i-wreszcie-jest-s3-droga-w-pelni-ekspresowa-i-ukonczona\/#article","isPartOf":{"@id":"https:\/\/gorzow.news\/index.php\/2025\/10\/20\/ponad-18-lat-realizacji-i-wreszcie-jest-s3-droga-w-pelni-ekspresowa-i-ukonczona\/"},"author":{"name":"maciej","@id":"https:\/\/gorzow.news\/#\/schema\/person\/a1e5ab43166369f2ce236a1cd90995bb"},"headline":"Ponad 18 lat realizacji i wreszcie jest! S3 &#8211; droga w pe\u0142ni ekspresowa i uko\u0144czona! 471 km!","datePublished":"2025-10-20T15:30:00+00:00","dateModified":"2025-10-20T16:53:51+00:00","mainEntityOfPage":{"@id":"https:\/\/gorzow.news\/index.php\/2025\/10\/20\/ponad-18-lat-realizacji-i-wreszcie-jest-s3-droga-w-pelni-ekspresowa-i-ukonczona\/"},"wordCount":1033,"commentCount":0,"image":{"@id":"https:\/\/gorzow.news\/index.php\/2025\/10\/20\/ponad-18-lat-realizacji-i-wreszcie-jest-s3-droga-w-pelni-ekspresowa-i-ukonczona\/#primaryimage"},"thumbnailUrl":"https:\/\/gorzow.news\/wp-content\/uploads\/2025\/10\/b9e3507a-93e6-49c4-bc15-f730cf35e080.jpg","keywords":["S3"],"articleSection":["INFOulice","Wiadomo\u015bci"],"inLanguage":"pl-PL","potentialAction":[{"@type":"CommentAction","name":"Comment","target":["https:\/\/gorzow.news\/index.php\/2025\/10\/20\/ponad-18-lat-realizacji-i-wreszcie-jest-s3-droga-w-pelni-ekspresowa-i-ukonczona\/#respond"]}]},{"@type":"WebPage","@id":"https:\/\/gorzow.news\/index.php\/2025\/10\/20\/ponad-18-lat-realizacji-i-wreszcie-jest-s3-droga-w-pelni-ekspresowa-i-ukonczona\/","url":"https:\/\/gorzow.news\/index.php\/2025\/10\/20\/ponad-18-lat-realizacji-i-wreszcie-jest-s3-droga-w-pelni-ekspresowa-i-ukonczona\/","name":"Ponad 18 lat realizacji i wreszcie jest! S3 - droga w pe\u0142ni ekspresowa i uko\u0144czona! 471 km! - Gorz\u00f3w News","isPartOf":{"@id":"https:\/\/gorzow.news\/#website"},"primaryImageOfPage":{"@id":"https:\/\/gorzow.news\/index.php\/2025\/10\/20\/ponad-18-lat-realizacji-i-wreszcie-jest-s3-droga-w-pelni-ekspresowa-i-ukonczona\/#primaryimage"},"image":{"@id":"https:\/\/gorzow.news\/index.php\/2025\/10\/20\/ponad-18-lat-realizacji-i-wreszcie-jest-s3-droga-w-pelni-ekspresowa-i-ukonczona\/#primaryimage"},"thumbnailUrl":"https:\/\/gorzow.news\/wp-content\/uploads\/2025\/10\/b9e3507a-93e6-49c4-bc15-f730cf35e080.jpg","datePublished":"2025-10-20T15:30:00+00:00","dateModified":"2025-10-20T16:53:51+00:00","author":{"@id":"https:\/\/gorzow.news\/#\/schema\/person\/a1e5ab43166369f2ce236a1cd90995bb"},"description":"Dzi\u015b otwarty zosta\u0142 odcinek S3 od w\u0119z\u0142a \u015awinouj\u015bcie \u0141unowo do w\u0119z\u0142a Mi\u0119dzyzdroje w pe\u0142nym przekroju dwujezdniowej drogi ekspresowej. By\u0142 to ostatni, brakuj\u0105cy fragment S3 \u015awinouj\u015bcie - Troszyn, jak i ca\u0142ej drogi ekspresowej S3 w Polsce. Od dzisiaj kierowcy mog\u0105 ju\u017c przejecha\u0107 t\u0105 tras\u0105 od wybrze\u017ca Ba\u0142tyku w \u015awinouj\u015bciu, a\u017c pod granic\u0119 z Czechami w Lubawce.","breadcrumb":{"@id":"https:\/\/gorzow.news\/index.php\/2025\/10\/20\/ponad-18-lat-realizacji-i-wreszcie-jest-s3-droga-w-pelni-ekspresowa-i-ukonczona\/#breadcrumb"},"inLanguage":"pl-PL","potentialAction":[{"@type":"ReadAction","target":["https:\/\/gorzow.news\/index.php\/2025\/10\/20\/ponad-18-lat-realizacji-i-wreszcie-jest-s3-droga-w-pelni-ekspresowa-i-ukonczona\/"]}]},{"@type":"ImageObject","inLanguage":"pl-PL","@id":"https:\/\/gorzow.news\/index.php\/2025\/10\/20\/ponad-18-lat-realizacji-i-wreszcie-jest-s3-droga-w-pelni-ekspresowa-i-ukonczona\/#primaryimage","url":"https:\/\/gorzow.news\/wp-content\/uploads\/2025\/10\/b9e3507a-93e6-49c4-bc15-f730cf35e080.jpg","contentUrl":"https:\/\/gorzow.news\/wp-content\/uploads\/2025\/10\/b9e3507a-93e6-49c4-bc15-f730cf35e080.jpg","width":1600,"height":757,"caption":"Widok na obiekt WE-10 w kierunku \u015awinouj\u015bcia. fot. Mateusz Grzeszczuk \/ GDDKiA"},{"@type":"BreadcrumbList","@id":"https:\/\/gorzow.news\/index.php\/2025\/10\/20\/ponad-18-lat-realizacji-i-wreszcie-jest-s3-droga-w-pelni-ekspresowa-i-ukonczona\/#breadcrumb","itemListElement":[{"@type":"ListItem","position":1,"name":"Home","item":"https:\/\/gorzow.news\/"},{"@type":"ListItem","position":2,"name":"Ponad 18 lat realizacji i wreszcie jest! S3 &#8211; droga w pe\u0142ni ekspresowa i uko\u0144czona! 471 km!"}]},{"@type":"WebSite","@id":"https:\/\/gorzow.news\/#website","url":"https:\/\/gorzow.news\/","name":"Gorz\u00f3w News","description":"Sp\u00f3jrz inaczej na miato i region...","potentialAction":[{"@type":"SearchAction","target":{"@type":"EntryPoint","urlTemplate":"https:\/\/gorzow.news\/?s={search_term_string}"},"query-input":{"@type":"PropertyValueSpecification","valueRequired":true,"valueName":"search_term_string"}}],"inLanguage":"pl-PL"},{"@type":"Person","@id":"https:\/\/gorzow.news\/#\/schema\/person\/a1e5ab43166369f2ce236a1cd90995bb","name":"maciej","image":{"@type":"ImageObject","inLanguage":"pl-PL","@id":"https:\/\/secure.gravatar.com\/avatar\/530a674d56ba60cfa0ef21d74e8e8d123a51bb7aa6580465b5c2ab2c2e980a19?s=96&r=g&d=https:\/\/gorzow.news\/wp-content\/plugins\/userswp\/assets\/images\/no_profile.png","url":"https:\/\/secure.gravatar.com\/avatar\/530a674d56ba60cfa0ef21d74e8e8d123a51bb7aa6580465b5c2ab2c2e980a19?s=96&r=g&d=https:\/\/gorzow.news\/wp-content\/plugins\/userswp\/assets\/images\/no_profile.png","contentUrl":"https:\/\/secure.gravatar.com\/avatar\/530a674d56ba60cfa0ef21d74e8e8d123a51bb7aa6580465b5c2ab2c2e980a19?s=96&r=g&d=https:\/\/gorzow.news\/wp-content\/plugins\/userswp\/assets\/images\/no_profile.png","caption":"maciej"},"url":"https:\/\/gorzow.news\/index.php\/profile\/maciej\/"}]}},"_links":{"self":[{"href":"https:\/\/gorzow.news\/index.php\/wp-json\/wp\/v2\/posts\/35994","targetHints":{"allow":["GET"]}}],"collection":[{"href":"https:\/\/gorzow.news\/index.php\/wp-json\/wp\/v2\/posts"}],"about":[{"href":"https:\/\/gorzow.news\/index.php\/wp-json\/wp\/v2\/types\/post"}],"author":[{"embeddable":true,"href":"https:\/\/gorzow.news\/index.php\/wp-json\/wp\/v2\/users\/1"}],"replies":[{"embeddable":true,"href":"https:\/\/gorzow.news\/index.php\/wp-json\/wp\/v2\/comments?post=35994"}],"version-history":[{"count":2,"href":"https:\/\/gorzow.news\/index.php\/wp-json\/wp\/v2\/posts\/35994\/revisions"}],"predecessor-version":[{"id":36004,"href":"https:\/\/gorzow.news\/index.php\/wp-json\/wp\/v2\/posts\/35994\/revisions\/36004"}],"wp:featuredmedia":[{"embeddable":true,"href":"https:\/\/gorzow.news\/index.php\/wp-json\/wp\/v2\/media\/35998"}],"wp:attachment":[{"href":"https:\/\/gorzow.news\/index.php\/wp-json\/wp\/v2\/media?parent=35994"}],"wp:term":[{"taxonomy":"category","embeddable":true,"href":"https:\/\/gorzow.news\/index.php\/wp-json\/wp\/v2\/categories?post=35994"},{"taxonomy":"post_tag","embeddable":true,"href":"https:\/\/gorzow.news\/index.php\/wp-json\/wp\/v2\/tags?post=35994"}],"curies":[{"name":"wp","href":"https:\/\/api.w.org\/{rel}","templated":true}]}}