{"id":35778,"date":"2025-10-11T08:19:08","date_gmt":"2025-10-11T06:19:08","guid":{"rendered":"https:\/\/gorzow.news\/?p=35778"},"modified":"2025-10-11T08:20:37","modified_gmt":"2025-10-11T06:20:37","slug":"dla-milosnikow-herbaty-i-kawy-dobra-wiadomosc-swoj-sklep-w-gorzowie-otworzy-five-oclock-gdzie-sie-bedzie-znajdowal","status":"publish","type":"post","link":"https:\/\/gorzow.news\/index.php\/2025\/10\/11\/dla-milosnikow-herbaty-i-kawy-dobra-wiadomosc-swoj-sklep-w-gorzowie-otworzy-five-oclock-gdzie-sie-bedzie-znajdowal\/","title":{"rendered":"Dla mi\u0142o\u015bnik\u00f3w herbaty i kawy dobra wiadomo\u015b\u0107! Sw\u00f3j sklep w Gorzowie otworzy Five o&#8217;clock! Gdzie b\u0119dzie?"},"content":{"rendered":"\n<p><strong>Marka Five o\u2019clock, obecna jest na rynku od ponad trzech dekad. Obecnie realizuje strategi\u0119 g\u0142\u0119bokiej transformacji, kt\u00f3rej celem jest wzmocnienie pozycji w segmencie premium. Firma nie tylko modernizuje swoje salony, ale otwiera nowe. Jeden z nich zostanie otwarty w Gorzowie.<\/strong><\/p>\n\n\n\n<p>Historia rodzinnej firmy Brzezicki &amp; Siess rozpocz\u0119\u0142a si\u0119 w 1990 roku w Lubinie. Na pocz\u0105tku swojego istnienia zajmowali si\u0119 importem i dystrybucj\u0105 wysokogatunkowych herbat klasycznych, jak i aromatyzowanych. Po latach zdobywania do\u015bwiadczenia postanowili spr\u00f3bowa\u0107 swoich si\u0142 i otworzyli w\u0142asny sklep z herbat\u0105 i kaw\u0105. Znajdowa\u0142 si\u0119 on w rodzinnym mie\u015bcie. Tak rozpocz\u0119\u0142a si\u0119 wspania\u0142a historia marki Five o&#8217;clock. Wraz z rozwojem, nadrz\u0119dnym celem firmy sta\u0142o si\u0119 kultywowanie tradycji parzenia i picia herbaty oraz kawy w Polsce.<\/p>\n\n\n\n<figure class=\"wp-block-image size-large\"><img loading=\"lazy\" decoding=\"async\" width=\"1024\" height=\"576\" src=\"https:\/\/gorzow.news\/wp-content\/uploads\/2025\/10\/sklep-1024x576.jpg\" alt=\"\" class=\"wp-image-35780\" srcset=\"https:\/\/gorzow.news\/wp-content\/uploads\/2025\/10\/sklep-1024x576.jpg 1024w, https:\/\/gorzow.news\/wp-content\/uploads\/2025\/10\/sklep-300x169.jpg 300w, https:\/\/gorzow.news\/wp-content\/uploads\/2025\/10\/sklep-768x432.jpg 768w, https:\/\/gorzow.news\/wp-content\/uploads\/2025\/10\/sklep-696x391.jpg 696w, https:\/\/gorzow.news\/wp-content\/uploads\/2025\/10\/sklep-1068x601.jpg 1068w, https:\/\/gorzow.news\/wp-content\/uploads\/2025\/10\/sklep.jpg 1179w\" sizes=\"auto, (max-width: 1024px) 100vw, 1024px\" \/><\/figure>\n\n\n\n<p><strong>Nowy koncept salon\u00f3w &#8211; wi\u0119cej przestrzeni, lepsza ekspozycja<\/strong><\/p>\n\n\n\n<p>Transformacja rozpocz\u0119\u0142a si\u0119 od wprowadzenia nowego formatu wn\u0119trz. Pierwszym salonem, kt\u00f3ry przeszed\u0142 modernizacj\u0119 w nowym standardzie, jest punkt w Galerii Ba\u0142tyckiej. Nowe salony charakteryzuj\u0105 si\u0119 wi\u0119ksz\u0105 otwarto\u015bci\u0105 przestrzeni, lepszym dost\u0119pem do produkt\u00f3w i uporz\u0105dkowan\u0105 ekspozycj\u0105.<\/p>\n\n\n\n<p>&#8211; Projektujemy przestrzenie tak, by klient m\u00f3g\u0142 si\u0119 po nich swobodnie porusza\u0107, a oferta by\u0142a bardziej intuicyjna w odbiorze. Zmienili\u015bmy uk\u0142ad mebli, dodali\u015bmy centraln\u0105 wysp\u0119 prezentacyjn\u0105, uporz\u0105dkowali\u015bmy strefy produktowe &#8211; m\u00f3wi <strong>Bartosz Siess<\/strong>, wsp\u00f3\u0142w\u0142a\u015bciciel marki.<\/p>\n\n\n\n<p>&#8211; To nie jest rebranding, to zmiana paradygmatu &#8211; od funkcji sprzeda\u017cowej do ca\u0142o\u015bciowego do\u015bwiadczenia zakupowego &#8211; dodaje.<\/p>\n\n\n\n<p>Modernizacja wdra\u017cana jest etapowo &#8211; wszystkie istniej\u0105ce salony maj\u0105 zosta\u0107 przebudowane w ci\u0105gu trzech lat. Nowe lokalizacje otwierane s\u0105 ju\u017c wy\u0142\u0105cznie w od\u015bwie\u017conym formacie.<\/p>\n\n\n\n<p><strong>Nowe podej\u015bcie do premium &#8211; dost\u0119pno\u015b\u0107 i jako\u015b\u0107, nie elitarno\u015b\u0107<\/strong><\/p>\n\n\n\n<p>Cho\u0107 marka jasno pozycjonuje si\u0119 dzi\u015b w segmencie premium, nie oznacza to ekskluzywno\u015bci rozumianej jako ograniczona dost\u0119pno\u015b\u0107. Five o\u2019clock stawia na szerok\u0105 dost\u0119pno\u015b\u0107 produkt\u00f3w przy jednoczesnym zachowaniu wysokich standard\u00f3w estetyki, komunikacji i jako\u015bci.<\/p>\n\n\n\n<p>&#8211; Dla nas premium to nie cena. To sp\u00f3jno\u015b\u0107 przekazu, dba\u0142o\u015b\u0107 o detale, spos\u00f3b rozmowy z klientem i wra\u017cenia estetyczne. Klient nie musi si\u0119 zastanawia\u0107, czy to \u201edla niego\u201d. Chcemy, by po prostu dobrze si\u0119 u nas czu\u0142 &#8211; t\u0142umaczy Siess.<\/p>\n\n\n\n<p><strong>Rozw\u00f3j oferty<\/strong><\/p>\n\n\n\n<p>R\u00f3wnolegle z modernizacj\u0105 salon\u00f3w, marka rozwija ofert\u0119 produktow\u0105. Opr\u00f3cz klasycznych herbat i kaw, wprowadzane s\u0105 nowe linie &#8211; m.in. herbaty funkcyjne i segment premium napoj\u00f3w bezalkoholowych.<\/p>\n\n\n\n<p>Jednym z flagowych przyk\u0142ad\u00f3w tej strategii jest Sparkteez &#8211; musuj\u0105ca herbata, b\u0119d\u0105ca alternatyw\u0105 dla alkoholu w strefie HoReCa i eventowej. Five o\u2019clock jest jej wy\u0142\u0105cznym dystrybutorem w Polsce.<\/p>\n\n\n\n<p><strong>Lokalizacje i dalszy rozw\u00f3j<\/strong><\/p>\n\n\n\n<p>Five o\u2019clock kontynuuje rozw\u00f3j w najwi\u0119kszych galeriach handlowych w Polsce, koncentruj\u0105c si\u0119 na lokalizacjach w miastach powy\u017cej 150 tys. mieszka\u0144c\u00f3w. Nowe otwarcia planowane s\u0105 wy\u0142\u0105cznie w presti\u017cowych centrach z wysokim potencja\u0142em zakupowym.<\/p>\n\n\n\n<p>&#8211; Rozmowy z wynajmuj\u0105cymi prowadzimy w spos\u00f3b partnerski. Doceniamy galerie, kt\u00f3re wspieraj\u0105 marki nie tylko powierzchni\u0105, ale te\u017c w dzia\u0142aniach komunikacyjnych. Patrzymy na lokalizacje d\u0142ugofalowo &#8211; jako inwestycje, kt\u00f3re maj\u0105 przynie\u015b\u0107 korzy\u015b\u0107 obu stronom &#8211; podkre\u015bla Siess.<\/p>\n\n\n\n<p>Sklep w Gorzowie zostanie otwarty w NoVa Park przy ul. Przemys\u0142owej. Dok\u0142adna data otwarcia nie jest jeszcze znana. Jednak otwarcie planowane jest jeszcze w tym roku.<\/p>\n","protected":false},"excerpt":{"rendered":"<p>Marka Five o\u2019clock, obecna jest na rynku od ponad trzech dekad. Obecnie realizuje strategi\u0119 g\u0142\u0119bokiej transformacji, kt\u00f3rej celem jest wzmocnienie pozycji w segmencie premium. Firma nie tylko modernizuje swoje salony, ale otwiera nowe. Jeden z nich zostanie otwarty w Gorzowie. Historia rodzinnej firmy Brzezicki &amp; Siess rozpocz\u0119\u0142a si\u0119 w 1990 roku w Lubinie. Na pocz\u0105tku [&hellip;]<\/p>\n","protected":false},"author":1,"featured_media":35779,"comment_status":"open","ping_status":"open","sticky":false,"template":"","format":"standard","meta":{"footnotes":"","_links_to":"","_links_to_target":""},"categories":[1624,589,2007],"tags":[3588,97],"class_list":{"0":"post-35778","1":"post","2":"type-post","3":"status-publish","4":"format-standard","5":"has-post-thumbnail","7":"category-inwestycje-handlowe","8":"category-wiadomosci","9":"category-zamoscie","10":"tag-five-oclock","11":"tag-nova-park"},"yoast_head":"<!-- This site is optimized with the Yoast SEO plugin v27.3 - https:\/\/yoast.com\/product\/yoast-seo-wordpress\/ -->\n<title>Dla mi\u0142o\u015bnik\u00f3w herbaty i kawy dobra wiadomo\u015b\u0107! Sw\u00f3j sklep w Gorzowie otworzy Five o&#039;clock! Gdzie b\u0119dzie? - Gorz\u00f3w News<\/title>\n<meta name=\"description\" content=\"Marka Five o\u2019clock, obecna jest na rynku od ponad trzech dekad. Obecnie realizuje strategi\u0119 g\u0142\u0119bokiej transformacji, kt\u00f3rej celem jest wzmocnien\" \/>\n<meta name=\"robots\" content=\"index, follow, max-snippet:-1, max-image-preview:large, max-video-preview:-1\" \/>\n<link rel=\"canonical\" href=\"https:\/\/gorzow.news\/index.php\/2025\/10\/11\/dla-milosnikow-herbaty-i-kawy-dobra-wiadomosc-swoj-sklep-w-gorzowie-otworzy-five-oclock-gdzie-sie-bedzie-znajdowal\/\" \/>\n<meta property=\"og:locale\" content=\"pl_PL\" \/>\n<meta property=\"og:type\" content=\"article\" \/>\n<meta property=\"og:title\" content=\"Dla mi\u0142o\u015bnik\u00f3w herbaty i kawy dobra wiadomo\u015b\u0107! Sw\u00f3j sklep w Gorzowie otworzy Five o&#039;clock! Gdzie b\u0119dzie? - Gorz\u00f3w News\" \/>\n<meta property=\"og:description\" content=\"Marka Five o\u2019clock, obecna jest na rynku od ponad trzech dekad. Obecnie realizuje strategi\u0119 g\u0142\u0119bokiej transformacji, kt\u00f3rej celem jest wzmocnien\" \/>\n<meta property=\"og:url\" content=\"https:\/\/gorzow.news\/index.php\/2025\/10\/11\/dla-milosnikow-herbaty-i-kawy-dobra-wiadomosc-swoj-sklep-w-gorzowie-otworzy-five-oclock-gdzie-sie-bedzie-znajdowal\/\" \/>\n<meta property=\"og:site_name\" content=\"Gorz\u00f3w News\" \/>\n<meta property=\"article:publisher\" content=\"https:\/\/www.facebook.com\/gorzowskinews\" \/>\n<meta property=\"article:published_time\" content=\"2025-10-11T06:19:08+00:00\" \/>\n<meta property=\"article:modified_time\" content=\"2025-10-11T06:20:37+00:00\" \/>\n<meta property=\"og:image\" content=\"https:\/\/gorzow.news\/wp-content\/uploads\/2025\/10\/fave-oclock.jpg\" \/>\n\t<meta property=\"og:image:width\" content=\"1179\" \/>\n\t<meta property=\"og:image:height\" content=\"663\" \/>\n\t<meta property=\"og:image:type\" content=\"image\/jpeg\" \/>\n<meta name=\"author\" content=\"maciej\" \/>\n<meta name=\"twitter:card\" content=\"summary_large_image\" \/>\n<meta name=\"twitter:label1\" content=\"Napisane przez\" \/>\n\t<meta name=\"twitter:data1\" content=\"maciej\" \/>\n\t<meta name=\"twitter:label2\" content=\"Szacowany czas czytania\" \/>\n\t<meta name=\"twitter:data2\" content=\"4 minuty\" \/>\n<script type=\"application\/ld+json\" class=\"yoast-schema-graph\">{\"@context\":\"https:\\\/\\\/schema.org\",\"@graph\":[{\"@type\":\"Article\",\"@id\":\"https:\\\/\\\/gorzow.news\\\/index.php\\\/2025\\\/10\\\/11\\\/dla-milosnikow-herbaty-i-kawy-dobra-wiadomosc-swoj-sklep-w-gorzowie-otworzy-five-oclock-gdzie-sie-bedzie-znajdowal\\\/#article\",\"isPartOf\":{\"@id\":\"https:\\\/\\\/gorzow.news\\\/index.php\\\/2025\\\/10\\\/11\\\/dla-milosnikow-herbaty-i-kawy-dobra-wiadomosc-swoj-sklep-w-gorzowie-otworzy-five-oclock-gdzie-sie-bedzie-znajdowal\\\/\"},\"author\":{\"name\":\"maciej\",\"@id\":\"https:\\\/\\\/gorzow.news\\\/#\\\/schema\\\/person\\\/a1e5ab43166369f2ce236a1cd90995bb\"},\"headline\":\"Dla mi\u0142o\u015bnik\u00f3w herbaty i kawy dobra wiadomo\u015b\u0107! Sw\u00f3j sklep w Gorzowie otworzy Five o&#8217;clock! Gdzie b\u0119dzie?\",\"datePublished\":\"2025-10-11T06:19:08+00:00\",\"dateModified\":\"2025-10-11T06:20:37+00:00\",\"mainEntityOfPage\":{\"@id\":\"https:\\\/\\\/gorzow.news\\\/index.php\\\/2025\\\/10\\\/11\\\/dla-milosnikow-herbaty-i-kawy-dobra-wiadomosc-swoj-sklep-w-gorzowie-otworzy-five-oclock-gdzie-sie-bedzie-znajdowal\\\/\"},\"wordCount\":588,\"commentCount\":0,\"image\":{\"@id\":\"https:\\\/\\\/gorzow.news\\\/index.php\\\/2025\\\/10\\\/11\\\/dla-milosnikow-herbaty-i-kawy-dobra-wiadomosc-swoj-sklep-w-gorzowie-otworzy-five-oclock-gdzie-sie-bedzie-znajdowal\\\/#primaryimage\"},\"thumbnailUrl\":\"https:\\\/\\\/gorzow.news\\\/wp-content\\\/uploads\\\/2025\\\/10\\\/fave-oclock.jpg\",\"keywords\":[\"Five o'clock\",\"Nova Park\"],\"articleSection\":[\"Inwestycje handlowe\",\"Wiadomo\u015bci\",\"Zamo\u015bcie\"],\"inLanguage\":\"pl-PL\",\"potentialAction\":[{\"@type\":\"CommentAction\",\"name\":\"Comment\",\"target\":[\"https:\\\/\\\/gorzow.news\\\/index.php\\\/2025\\\/10\\\/11\\\/dla-milosnikow-herbaty-i-kawy-dobra-wiadomosc-swoj-sklep-w-gorzowie-otworzy-five-oclock-gdzie-sie-bedzie-znajdowal\\\/#respond\"]}]},{\"@type\":\"WebPage\",\"@id\":\"https:\\\/\\\/gorzow.news\\\/index.php\\\/2025\\\/10\\\/11\\\/dla-milosnikow-herbaty-i-kawy-dobra-wiadomosc-swoj-sklep-w-gorzowie-otworzy-five-oclock-gdzie-sie-bedzie-znajdowal\\\/\",\"url\":\"https:\\\/\\\/gorzow.news\\\/index.php\\\/2025\\\/10\\\/11\\\/dla-milosnikow-herbaty-i-kawy-dobra-wiadomosc-swoj-sklep-w-gorzowie-otworzy-five-oclock-gdzie-sie-bedzie-znajdowal\\\/\",\"name\":\"Dla mi\u0142o\u015bnik\u00f3w herbaty i kawy dobra wiadomo\u015b\u0107! Sw\u00f3j sklep w Gorzowie otworzy Five o'clock! Gdzie b\u0119dzie? - Gorz\u00f3w News\",\"isPartOf\":{\"@id\":\"https:\\\/\\\/gorzow.news\\\/#website\"},\"primaryImageOfPage\":{\"@id\":\"https:\\\/\\\/gorzow.news\\\/index.php\\\/2025\\\/10\\\/11\\\/dla-milosnikow-herbaty-i-kawy-dobra-wiadomosc-swoj-sklep-w-gorzowie-otworzy-five-oclock-gdzie-sie-bedzie-znajdowal\\\/#primaryimage\"},\"image\":{\"@id\":\"https:\\\/\\\/gorzow.news\\\/index.php\\\/2025\\\/10\\\/11\\\/dla-milosnikow-herbaty-i-kawy-dobra-wiadomosc-swoj-sklep-w-gorzowie-otworzy-five-oclock-gdzie-sie-bedzie-znajdowal\\\/#primaryimage\"},\"thumbnailUrl\":\"https:\\\/\\\/gorzow.news\\\/wp-content\\\/uploads\\\/2025\\\/10\\\/fave-oclock.jpg\",\"datePublished\":\"2025-10-11T06:19:08+00:00\",\"dateModified\":\"2025-10-11T06:20:37+00:00\",\"author\":{\"@id\":\"https:\\\/\\\/gorzow.news\\\/#\\\/schema\\\/person\\\/a1e5ab43166369f2ce236a1cd90995bb\"},\"description\":\"Marka Five o\u2019clock, obecna jest na rynku od ponad trzech dekad. Obecnie realizuje strategi\u0119 g\u0142\u0119bokiej transformacji, kt\u00f3rej celem jest wzmocnienie pozycji w segmencie premium. Firma nie tylko modernizuje swoje salony, ale otwiera nowe. Jeden z nich zostanie otwarty w Gorzowie.\",\"breadcrumb\":{\"@id\":\"https:\\\/\\\/gorzow.news\\\/index.php\\\/2025\\\/10\\\/11\\\/dla-milosnikow-herbaty-i-kawy-dobra-wiadomosc-swoj-sklep-w-gorzowie-otworzy-five-oclock-gdzie-sie-bedzie-znajdowal\\\/#breadcrumb\"},\"inLanguage\":\"pl-PL\",\"potentialAction\":[{\"@type\":\"ReadAction\",\"target\":[\"https:\\\/\\\/gorzow.news\\\/index.php\\\/2025\\\/10\\\/11\\\/dla-milosnikow-herbaty-i-kawy-dobra-wiadomosc-swoj-sklep-w-gorzowie-otworzy-five-oclock-gdzie-sie-bedzie-znajdowal\\\/\"]}]},{\"@type\":\"ImageObject\",\"inLanguage\":\"pl-PL\",\"@id\":\"https:\\\/\\\/gorzow.news\\\/index.php\\\/2025\\\/10\\\/11\\\/dla-milosnikow-herbaty-i-kawy-dobra-wiadomosc-swoj-sklep-w-gorzowie-otworzy-five-oclock-gdzie-sie-bedzie-znajdowal\\\/#primaryimage\",\"url\":\"https:\\\/\\\/gorzow.news\\\/wp-content\\\/uploads\\\/2025\\\/10\\\/fave-oclock.jpg\",\"contentUrl\":\"https:\\\/\\\/gorzow.news\\\/wp-content\\\/uploads\\\/2025\\\/10\\\/fave-oclock.jpg\",\"width\":1179,\"height\":663,\"caption\":\"Marka Five o'clock otworzy sw\u00f3j sklep w Gorzowie.\"},{\"@type\":\"BreadcrumbList\",\"@id\":\"https:\\\/\\\/gorzow.news\\\/index.php\\\/2025\\\/10\\\/11\\\/dla-milosnikow-herbaty-i-kawy-dobra-wiadomosc-swoj-sklep-w-gorzowie-otworzy-five-oclock-gdzie-sie-bedzie-znajdowal\\\/#breadcrumb\",\"itemListElement\":[{\"@type\":\"ListItem\",\"position\":1,\"name\":\"Home\",\"item\":\"https:\\\/\\\/gorzow.news\\\/\"},{\"@type\":\"ListItem\",\"position\":2,\"name\":\"Dla mi\u0142o\u015bnik\u00f3w herbaty i kawy dobra wiadomo\u015b\u0107! Sw\u00f3j sklep w Gorzowie otworzy Five o&#8217;clock! Gdzie b\u0119dzie?\"}]},{\"@type\":\"WebSite\",\"@id\":\"https:\\\/\\\/gorzow.news\\\/#website\",\"url\":\"https:\\\/\\\/gorzow.news\\\/\",\"name\":\"Gorz\u00f3w News\",\"description\":\"Sp\u00f3jrz inaczej na miato i region...\",\"potentialAction\":[{\"@type\":\"SearchAction\",\"target\":{\"@type\":\"EntryPoint\",\"urlTemplate\":\"https:\\\/\\\/gorzow.news\\\/?s={search_term_string}\"},\"query-input\":{\"@type\":\"PropertyValueSpecification\",\"valueRequired\":true,\"valueName\":\"search_term_string\"}}],\"inLanguage\":\"pl-PL\"},{\"@type\":\"Person\",\"@id\":\"https:\\\/\\\/gorzow.news\\\/#\\\/schema\\\/person\\\/a1e5ab43166369f2ce236a1cd90995bb\",\"name\":\"maciej\",\"image\":{\"@type\":\"ImageObject\",\"inLanguage\":\"pl-PL\",\"@id\":\"https:\\\/\\\/secure.gravatar.com\\\/avatar\\\/530a674d56ba60cfa0ef21d74e8e8d123a51bb7aa6580465b5c2ab2c2e980a19?s=96&r=g&d=https:\\\/\\\/gorzow.news\\\/wp-content\\\/plugins\\\/userswp\\\/assets\\\/images\\\/no_profile.png\",\"url\":\"https:\\\/\\\/secure.gravatar.com\\\/avatar\\\/530a674d56ba60cfa0ef21d74e8e8d123a51bb7aa6580465b5c2ab2c2e980a19?s=96&r=g&d=https:\\\/\\\/gorzow.news\\\/wp-content\\\/plugins\\\/userswp\\\/assets\\\/images\\\/no_profile.png\",\"contentUrl\":\"https:\\\/\\\/secure.gravatar.com\\\/avatar\\\/530a674d56ba60cfa0ef21d74e8e8d123a51bb7aa6580465b5c2ab2c2e980a19?s=96&r=g&d=https:\\\/\\\/gorzow.news\\\/wp-content\\\/plugins\\\/userswp\\\/assets\\\/images\\\/no_profile.png\",\"caption\":\"maciej\"},\"url\":\"https:\\\/\\\/gorzow.news\\\/index.php\\\/profile\\\/maciej\\\/\"}]}<\/script>\n<!-- \/ Yoast SEO plugin. -->","yoast_head_json":{"title":"Dla mi\u0142o\u015bnik\u00f3w herbaty i kawy dobra wiadomo\u015b\u0107! Sw\u00f3j sklep w Gorzowie otworzy Five o'clock! Gdzie b\u0119dzie? - Gorz\u00f3w News","description":"Marka Five o\u2019clock, obecna jest na rynku od ponad trzech dekad. Obecnie realizuje strategi\u0119 g\u0142\u0119bokiej transformacji, kt\u00f3rej celem jest wzmocnien","robots":{"index":"index","follow":"follow","max-snippet":"max-snippet:-1","max-image-preview":"max-image-preview:large","max-video-preview":"max-video-preview:-1"},"canonical":"https:\/\/gorzow.news\/index.php\/2025\/10\/11\/dla-milosnikow-herbaty-i-kawy-dobra-wiadomosc-swoj-sklep-w-gorzowie-otworzy-five-oclock-gdzie-sie-bedzie-znajdowal\/","og_locale":"pl_PL","og_type":"article","og_title":"Dla mi\u0142o\u015bnik\u00f3w herbaty i kawy dobra wiadomo\u015b\u0107! Sw\u00f3j sklep w Gorzowie otworzy Five o'clock! Gdzie b\u0119dzie? - Gorz\u00f3w News","og_description":"Marka Five o\u2019clock, obecna jest na rynku od ponad trzech dekad. Obecnie realizuje strategi\u0119 g\u0142\u0119bokiej transformacji, kt\u00f3rej celem jest wzmocnien","og_url":"https:\/\/gorzow.news\/index.php\/2025\/10\/11\/dla-milosnikow-herbaty-i-kawy-dobra-wiadomosc-swoj-sklep-w-gorzowie-otworzy-five-oclock-gdzie-sie-bedzie-znajdowal\/","og_site_name":"Gorz\u00f3w News","article_publisher":"https:\/\/www.facebook.com\/gorzowskinews","article_published_time":"2025-10-11T06:19:08+00:00","article_modified_time":"2025-10-11T06:20:37+00:00","og_image":[{"width":1179,"height":663,"url":"https:\/\/gorzow.news\/wp-content\/uploads\/2025\/10\/fave-oclock.jpg","type":"image\/jpeg"}],"author":"maciej","twitter_card":"summary_large_image","twitter_misc":{"Napisane przez":"maciej","Szacowany czas czytania":"4 minuty"},"schema":{"@context":"https:\/\/schema.org","@graph":[{"@type":"Article","@id":"https:\/\/gorzow.news\/index.php\/2025\/10\/11\/dla-milosnikow-herbaty-i-kawy-dobra-wiadomosc-swoj-sklep-w-gorzowie-otworzy-five-oclock-gdzie-sie-bedzie-znajdowal\/#article","isPartOf":{"@id":"https:\/\/gorzow.news\/index.php\/2025\/10\/11\/dla-milosnikow-herbaty-i-kawy-dobra-wiadomosc-swoj-sklep-w-gorzowie-otworzy-five-oclock-gdzie-sie-bedzie-znajdowal\/"},"author":{"name":"maciej","@id":"https:\/\/gorzow.news\/#\/schema\/person\/a1e5ab43166369f2ce236a1cd90995bb"},"headline":"Dla mi\u0142o\u015bnik\u00f3w herbaty i kawy dobra wiadomo\u015b\u0107! Sw\u00f3j sklep w Gorzowie otworzy Five o&#8217;clock! Gdzie b\u0119dzie?","datePublished":"2025-10-11T06:19:08+00:00","dateModified":"2025-10-11T06:20:37+00:00","mainEntityOfPage":{"@id":"https:\/\/gorzow.news\/index.php\/2025\/10\/11\/dla-milosnikow-herbaty-i-kawy-dobra-wiadomosc-swoj-sklep-w-gorzowie-otworzy-five-oclock-gdzie-sie-bedzie-znajdowal\/"},"wordCount":588,"commentCount":0,"image":{"@id":"https:\/\/gorzow.news\/index.php\/2025\/10\/11\/dla-milosnikow-herbaty-i-kawy-dobra-wiadomosc-swoj-sklep-w-gorzowie-otworzy-five-oclock-gdzie-sie-bedzie-znajdowal\/#primaryimage"},"thumbnailUrl":"https:\/\/gorzow.news\/wp-content\/uploads\/2025\/10\/fave-oclock.jpg","keywords":["Five o'clock","Nova Park"],"articleSection":["Inwestycje handlowe","Wiadomo\u015bci","Zamo\u015bcie"],"inLanguage":"pl-PL","potentialAction":[{"@type":"CommentAction","name":"Comment","target":["https:\/\/gorzow.news\/index.php\/2025\/10\/11\/dla-milosnikow-herbaty-i-kawy-dobra-wiadomosc-swoj-sklep-w-gorzowie-otworzy-five-oclock-gdzie-sie-bedzie-znajdowal\/#respond"]}]},{"@type":"WebPage","@id":"https:\/\/gorzow.news\/index.php\/2025\/10\/11\/dla-milosnikow-herbaty-i-kawy-dobra-wiadomosc-swoj-sklep-w-gorzowie-otworzy-five-oclock-gdzie-sie-bedzie-znajdowal\/","url":"https:\/\/gorzow.news\/index.php\/2025\/10\/11\/dla-milosnikow-herbaty-i-kawy-dobra-wiadomosc-swoj-sklep-w-gorzowie-otworzy-five-oclock-gdzie-sie-bedzie-znajdowal\/","name":"Dla mi\u0142o\u015bnik\u00f3w herbaty i kawy dobra wiadomo\u015b\u0107! Sw\u00f3j sklep w Gorzowie otworzy Five o'clock! Gdzie b\u0119dzie? - Gorz\u00f3w News","isPartOf":{"@id":"https:\/\/gorzow.news\/#website"},"primaryImageOfPage":{"@id":"https:\/\/gorzow.news\/index.php\/2025\/10\/11\/dla-milosnikow-herbaty-i-kawy-dobra-wiadomosc-swoj-sklep-w-gorzowie-otworzy-five-oclock-gdzie-sie-bedzie-znajdowal\/#primaryimage"},"image":{"@id":"https:\/\/gorzow.news\/index.php\/2025\/10\/11\/dla-milosnikow-herbaty-i-kawy-dobra-wiadomosc-swoj-sklep-w-gorzowie-otworzy-five-oclock-gdzie-sie-bedzie-znajdowal\/#primaryimage"},"thumbnailUrl":"https:\/\/gorzow.news\/wp-content\/uploads\/2025\/10\/fave-oclock.jpg","datePublished":"2025-10-11T06:19:08+00:00","dateModified":"2025-10-11T06:20:37+00:00","author":{"@id":"https:\/\/gorzow.news\/#\/schema\/person\/a1e5ab43166369f2ce236a1cd90995bb"},"description":"Marka Five o\u2019clock, obecna jest na rynku od ponad trzech dekad. Obecnie realizuje strategi\u0119 g\u0142\u0119bokiej transformacji, kt\u00f3rej celem jest wzmocnienie pozycji w segmencie premium. Firma nie tylko modernizuje swoje salony, ale otwiera nowe. Jeden z nich zostanie otwarty w Gorzowie.","breadcrumb":{"@id":"https:\/\/gorzow.news\/index.php\/2025\/10\/11\/dla-milosnikow-herbaty-i-kawy-dobra-wiadomosc-swoj-sklep-w-gorzowie-otworzy-five-oclock-gdzie-sie-bedzie-znajdowal\/#breadcrumb"},"inLanguage":"pl-PL","potentialAction":[{"@type":"ReadAction","target":["https:\/\/gorzow.news\/index.php\/2025\/10\/11\/dla-milosnikow-herbaty-i-kawy-dobra-wiadomosc-swoj-sklep-w-gorzowie-otworzy-five-oclock-gdzie-sie-bedzie-znajdowal\/"]}]},{"@type":"ImageObject","inLanguage":"pl-PL","@id":"https:\/\/gorzow.news\/index.php\/2025\/10\/11\/dla-milosnikow-herbaty-i-kawy-dobra-wiadomosc-swoj-sklep-w-gorzowie-otworzy-five-oclock-gdzie-sie-bedzie-znajdowal\/#primaryimage","url":"https:\/\/gorzow.news\/wp-content\/uploads\/2025\/10\/fave-oclock.jpg","contentUrl":"https:\/\/gorzow.news\/wp-content\/uploads\/2025\/10\/fave-oclock.jpg","width":1179,"height":663,"caption":"Marka Five o'clock otworzy sw\u00f3j sklep w Gorzowie."},{"@type":"BreadcrumbList","@id":"https:\/\/gorzow.news\/index.php\/2025\/10\/11\/dla-milosnikow-herbaty-i-kawy-dobra-wiadomosc-swoj-sklep-w-gorzowie-otworzy-five-oclock-gdzie-sie-bedzie-znajdowal\/#breadcrumb","itemListElement":[{"@type":"ListItem","position":1,"name":"Home","item":"https:\/\/gorzow.news\/"},{"@type":"ListItem","position":2,"name":"Dla mi\u0142o\u015bnik\u00f3w herbaty i kawy dobra wiadomo\u015b\u0107! Sw\u00f3j sklep w Gorzowie otworzy Five o&#8217;clock! Gdzie b\u0119dzie?"}]},{"@type":"WebSite","@id":"https:\/\/gorzow.news\/#website","url":"https:\/\/gorzow.news\/","name":"Gorz\u00f3w News","description":"Sp\u00f3jrz inaczej na miato i region...","potentialAction":[{"@type":"SearchAction","target":{"@type":"EntryPoint","urlTemplate":"https:\/\/gorzow.news\/?s={search_term_string}"},"query-input":{"@type":"PropertyValueSpecification","valueRequired":true,"valueName":"search_term_string"}}],"inLanguage":"pl-PL"},{"@type":"Person","@id":"https:\/\/gorzow.news\/#\/schema\/person\/a1e5ab43166369f2ce236a1cd90995bb","name":"maciej","image":{"@type":"ImageObject","inLanguage":"pl-PL","@id":"https:\/\/secure.gravatar.com\/avatar\/530a674d56ba60cfa0ef21d74e8e8d123a51bb7aa6580465b5c2ab2c2e980a19?s=96&r=g&d=https:\/\/gorzow.news\/wp-content\/plugins\/userswp\/assets\/images\/no_profile.png","url":"https:\/\/secure.gravatar.com\/avatar\/530a674d56ba60cfa0ef21d74e8e8d123a51bb7aa6580465b5c2ab2c2e980a19?s=96&r=g&d=https:\/\/gorzow.news\/wp-content\/plugins\/userswp\/assets\/images\/no_profile.png","contentUrl":"https:\/\/secure.gravatar.com\/avatar\/530a674d56ba60cfa0ef21d74e8e8d123a51bb7aa6580465b5c2ab2c2e980a19?s=96&r=g&d=https:\/\/gorzow.news\/wp-content\/plugins\/userswp\/assets\/images\/no_profile.png","caption":"maciej"},"url":"https:\/\/gorzow.news\/index.php\/profile\/maciej\/"}]}},"_links":{"self":[{"href":"https:\/\/gorzow.news\/index.php\/wp-json\/wp\/v2\/posts\/35778","targetHints":{"allow":["GET"]}}],"collection":[{"href":"https:\/\/gorzow.news\/index.php\/wp-json\/wp\/v2\/posts"}],"about":[{"href":"https:\/\/gorzow.news\/index.php\/wp-json\/wp\/v2\/types\/post"}],"author":[{"embeddable":true,"href":"https:\/\/gorzow.news\/index.php\/wp-json\/wp\/v2\/users\/1"}],"replies":[{"embeddable":true,"href":"https:\/\/gorzow.news\/index.php\/wp-json\/wp\/v2\/comments?post=35778"}],"version-history":[{"count":2,"href":"https:\/\/gorzow.news\/index.php\/wp-json\/wp\/v2\/posts\/35778\/revisions"}],"predecessor-version":[{"id":35782,"href":"https:\/\/gorzow.news\/index.php\/wp-json\/wp\/v2\/posts\/35778\/revisions\/35782"}],"wp:featuredmedia":[{"embeddable":true,"href":"https:\/\/gorzow.news\/index.php\/wp-json\/wp\/v2\/media\/35779"}],"wp:attachment":[{"href":"https:\/\/gorzow.news\/index.php\/wp-json\/wp\/v2\/media?parent=35778"}],"wp:term":[{"taxonomy":"category","embeddable":true,"href":"https:\/\/gorzow.news\/index.php\/wp-json\/wp\/v2\/categories?post=35778"},{"taxonomy":"post_tag","embeddable":true,"href":"https:\/\/gorzow.news\/index.php\/wp-json\/wp\/v2\/tags?post=35778"}],"curies":[{"name":"wp","href":"https:\/\/api.w.org\/{rel}","templated":true}]}}