{"id":34926,"date":"2025-09-15T15:44:33","date_gmt":"2025-09-15T13:44:33","guid":{"rendered":"https:\/\/gorzow.news\/?p=34926"},"modified":"2025-09-15T15:44:37","modified_gmt":"2025-09-15T13:44:37","slug":"oba-dziurawe-odcinki-szczecinskiej-juz-z-nowa-nawierzchnia-gotowa-jest-juz-takze-przeniesiona-sciezka-rowerowa","status":"publish","type":"post","link":"https:\/\/gorzow.news\/index.php\/2025\/09\/15\/oba-dziurawe-odcinki-szczecinskiej-juz-z-nowa-nawierzchnia-gotowa-jest-juz-takze-przeniesiona-sciezka-rowerowa\/","title":{"rendered":"Oba dziurawe odcinki Szczeci\u0144skiej ju\u017c z now\u0105 nawierzchni\u0105. Gotowa jest ju\u017c tak\u017ce przeniesiona \u015bcie\u017cka rowerowa"},"content":{"rendered":"\n<p><strong>Zako\u0144czy\u0142a si\u0119 przebudowa dw\u00f3ch od lat dziurawych odcink\u00f3w ul. Szczeci\u0144skiej tu\u017c przy granicy z Baczyn\u0105. Prace trwa\u0142y tutaj w ostatnich trzech tygodniach. Rozpocz\u0119\u0142y si\u0119 od przeniesienia dalej od jezdni \u015bcie\u017cki rowerowej na odcinku ponad 100 m. na skraju miasta. Nast\u0119pnie prace przeniesione zosta\u0142 na d\u0142u\u017cszy z remontowanych odcink\u00f3w ul. Szczeci\u0144skiej. A inwestycja zako\u0144czy\u0142a si\u0119 od frezowania starej nawierzchni drogi i u\u0142o\u017cenia dw\u00f3ch nowych warstw asfaltu na odcinku blisko 135 m. tu\u017c przy granicy Gorzowa i Baczyny.<\/strong><\/p>\n\n\n\r\n                <style type=\"text\/css\">\r\n                    \r\n                    #tdi_1  .td-doubleSlider-2 .td-item1 {\r\n                        background: url(https:\/\/gorzow.news\/wp-content\/uploads\/2025\/09\/DJI_20250914180551_0038_D.jpg) 0 0 no-repeat;\r\n                    }\r\n                    #tdi_1  .td-doubleSlider-2 .td-item2 {\r\n                        background: url(https:\/\/gorzow.news\/wp-content\/uploads\/2025\/09\/DJI_20250914180607_0039_D-1.jpg) 0 0 no-repeat;\r\n                    }\r\n                    #tdi_1  .td-doubleSlider-2 .td-item3 {\r\n                        background: url(https:\/\/gorzow.news\/wp-content\/uploads\/2025\/09\/DJI_20250914180615_0040_D.jpg) 0 0 no-repeat;\r\n                    }\r\n                    #tdi_1  .td-doubleSlider-2 .td-item4 {\r\n                        background: url(https:\/\/gorzow.news\/wp-content\/uploads\/2025\/09\/DJI_20250914180656_0041_D.jpg) 0 0 no-repeat;\r\n                    }\r\n                    #tdi_1  .td-doubleSlider-2 .td-item5 {\r\n                        background: url(https:\/\/gorzow.news\/wp-content\/uploads\/2025\/09\/DJI_20250914180749_0044_D.jpg) 0 0 no-repeat;\r\n                    }\r\n                    #tdi_1  .td-doubleSlider-2 .td-item6 {\r\n                        background: url(https:\/\/gorzow.news\/wp-content\/uploads\/2025\/09\/DJI_20250914180849_0046_D.jpg) 0 0 no-repeat;\r\n                    }\r\n                    #tdi_1  .td-doubleSlider-2 .td-item7 {\r\n                        background: url(https:\/\/gorzow.news\/wp-content\/uploads\/2025\/09\/DJI_20250914180855_0047_D.jpg) 0 0 no-repeat;\r\n                    }\r\n                    #tdi_1  .td-doubleSlider-2 .td-item8 {\r\n                        background: url(https:\/\/gorzow.news\/wp-content\/uploads\/2025\/09\/DJI_20250914180946_0051_D.jpg) 0 0 no-repeat;\r\n                    }\r\n                <\/style>\r\n\r\n                <div id=\"tdi_1\" class=\"td-gallery td-slide-on-2-columns\">\r\n                    <div class=\"post_td_gallery\">\r\n                        <div class=\"td-gallery-slide-top\">\r\n                           <div class=\"td-gallery-title\">Przebudowa dw\u00f3ch odcink\u00f3w ul. Szczeci\u0144skiej uko\u0144czona<\/div>\r\n\r\n                            <div class=\"td-gallery-controls-wrapper\">\r\n                                <div class=\"td-gallery-slide-count\"><span class=\"td-gallery-slide-item-focus\">1<\/span> z 8<\/div>\r\n                                <div class=\"td-gallery-slide-prev-next-but\">\r\n                                    <i class = \"td-icon-left doubleSliderPrevButton\"><\/i>\r\n                                    <i class = \"td-icon-right doubleSliderNextButton\"><\/i>\r\n                                <\/div>\r\n                            <\/div>\r\n                        <\/div>\r\n\r\n                        <div class = \"td-doubleSlider-1 \">\r\n                            <div class = \"td-slider\">\r\n                                \r\n                    <div class = \"td-slide-item td-item1\">\r\n                        <figure class=\"td-slide-galery-figure td-slide-popup-gallery\">\r\n                            <a class=\"slide-gallery-image-link\" href=\"https:\/\/gorzow.news\/wp-content\/uploads\/2025\/09\/DJI_20250914180551_0038_D.jpg\" title=\"\"  data-caption=\"\"  data-description=\"\">\r\n                                <img decoding=\"async\" src=\"https:\/\/gorzow.news\/wp-content\/uploads\/2025\/09\/DJI_20250914180551_0038_D.jpg\" srcset=\"https:\/\/gorzow.news\/wp-content\/uploads\/2025\/09\/DJI_20250914180551_0038_D.jpg 1600w, https:\/\/gorzow.news\/wp-content\/uploads\/2025\/09\/DJI_20250914180551_0038_D-300x169.jpg 300w, https:\/\/gorzow.news\/wp-content\/uploads\/2025\/09\/DJI_20250914180551_0038_D-1024x576.jpg 1024w, https:\/\/gorzow.news\/wp-content\/uploads\/2025\/09\/DJI_20250914180551_0038_D-768x432.jpg 768w, https:\/\/gorzow.news\/wp-content\/uploads\/2025\/09\/DJI_20250914180551_0038_D-1536x864.jpg 1536w, https:\/\/gorzow.news\/wp-content\/uploads\/2025\/09\/DJI_20250914180551_0038_D-696x392.jpg 696w, https:\/\/gorzow.news\/wp-content\/uploads\/2025\/09\/DJI_20250914180551_0038_D-1068x601.jpg 1068w\" sizes=\"(max-width: 1600px) 100vw, 1600px\" alt=\"\">\r\n                            <\/a>\r\n                            \r\n                        <\/figure>\r\n                    <\/div>\r\n                    <div class = \"td-slide-item td-item2\">\r\n                        <figure class=\"td-slide-galery-figure td-slide-popup-gallery\">\r\n                            <a class=\"slide-gallery-image-link\" href=\"https:\/\/gorzow.news\/wp-content\/uploads\/2025\/09\/DJI_20250914180607_0039_D-1.jpg\" title=\"\"  data-caption=\"\"  data-description=\"\">\r\n                                <img decoding=\"async\" src=\"https:\/\/gorzow.news\/wp-content\/uploads\/2025\/09\/DJI_20250914180607_0039_D-1.jpg\" srcset=\"https:\/\/gorzow.news\/wp-content\/uploads\/2025\/09\/DJI_20250914180607_0039_D-1.jpg 1600w, https:\/\/gorzow.news\/wp-content\/uploads\/2025\/09\/DJI_20250914180607_0039_D-1-300x169.jpg 300w, https:\/\/gorzow.news\/wp-content\/uploads\/2025\/09\/DJI_20250914180607_0039_D-1-1024x576.jpg 1024w, https:\/\/gorzow.news\/wp-content\/uploads\/2025\/09\/DJI_20250914180607_0039_D-1-768x432.jpg 768w, https:\/\/gorzow.news\/wp-content\/uploads\/2025\/09\/DJI_20250914180607_0039_D-1-1536x864.jpg 1536w, https:\/\/gorzow.news\/wp-content\/uploads\/2025\/09\/DJI_20250914180607_0039_D-1-696x392.jpg 696w, https:\/\/gorzow.news\/wp-content\/uploads\/2025\/09\/DJI_20250914180607_0039_D-1-1068x601.jpg 1068w\" sizes=\"(max-width: 1600px) 100vw, 1600px\" alt=\"\">\r\n                            <\/a>\r\n                            \r\n                        <\/figure>\r\n                    <\/div>\r\n                    <div class = \"td-slide-item td-item3\">\r\n                        <figure class=\"td-slide-galery-figure td-slide-popup-gallery\">\r\n                            <a class=\"slide-gallery-image-link\" href=\"https:\/\/gorzow.news\/wp-content\/uploads\/2025\/09\/DJI_20250914180615_0040_D.jpg\" title=\"\"  data-caption=\"\"  data-description=\"\">\r\n                                <img decoding=\"async\" src=\"https:\/\/gorzow.news\/wp-content\/uploads\/2025\/09\/DJI_20250914180615_0040_D.jpg\" srcset=\"https:\/\/gorzow.news\/wp-content\/uploads\/2025\/09\/DJI_20250914180615_0040_D.jpg 1600w, https:\/\/gorzow.news\/wp-content\/uploads\/2025\/09\/DJI_20250914180615_0040_D-300x169.jpg 300w, https:\/\/gorzow.news\/wp-content\/uploads\/2025\/09\/DJI_20250914180615_0040_D-1024x576.jpg 1024w, https:\/\/gorzow.news\/wp-content\/uploads\/2025\/09\/DJI_20250914180615_0040_D-768x432.jpg 768w, https:\/\/gorzow.news\/wp-content\/uploads\/2025\/09\/DJI_20250914180615_0040_D-1536x864.jpg 1536w, https:\/\/gorzow.news\/wp-content\/uploads\/2025\/09\/DJI_20250914180615_0040_D-696x392.jpg 696w, https:\/\/gorzow.news\/wp-content\/uploads\/2025\/09\/DJI_20250914180615_0040_D-1068x601.jpg 1068w\" sizes=\"(max-width: 1600px) 100vw, 1600px\" alt=\"\">\r\n                            <\/a>\r\n                            \r\n                        <\/figure>\r\n                    <\/div>\r\n                    <div class = \"td-slide-item td-item4\">\r\n                        <figure class=\"td-slide-galery-figure td-slide-popup-gallery\">\r\n                            <a class=\"slide-gallery-image-link\" href=\"https:\/\/gorzow.news\/wp-content\/uploads\/2025\/09\/DJI_20250914180656_0041_D.jpg\" title=\"\"  data-caption=\"\"  data-description=\"\">\r\n                                <img decoding=\"async\" src=\"https:\/\/gorzow.news\/wp-content\/uploads\/2025\/09\/DJI_20250914180656_0041_D.jpg\" srcset=\"https:\/\/gorzow.news\/wp-content\/uploads\/2025\/09\/DJI_20250914180656_0041_D.jpg 1600w, https:\/\/gorzow.news\/wp-content\/uploads\/2025\/09\/DJI_20250914180656_0041_D-300x169.jpg 300w, https:\/\/gorzow.news\/wp-content\/uploads\/2025\/09\/DJI_20250914180656_0041_D-1024x576.jpg 1024w, https:\/\/gorzow.news\/wp-content\/uploads\/2025\/09\/DJI_20250914180656_0041_D-768x432.jpg 768w, https:\/\/gorzow.news\/wp-content\/uploads\/2025\/09\/DJI_20250914180656_0041_D-1536x864.jpg 1536w, https:\/\/gorzow.news\/wp-content\/uploads\/2025\/09\/DJI_20250914180656_0041_D-696x392.jpg 696w, https:\/\/gorzow.news\/wp-content\/uploads\/2025\/09\/DJI_20250914180656_0041_D-1068x601.jpg 1068w\" sizes=\"(max-width: 1600px) 100vw, 1600px\" alt=\"\">\r\n                            <\/a>\r\n                            \r\n                        <\/figure>\r\n                    <\/div>\r\n                    <div class = \"td-slide-item td-item5\">\r\n                        <figure class=\"td-slide-galery-figure td-slide-popup-gallery\">\r\n                            <a class=\"slide-gallery-image-link\" href=\"https:\/\/gorzow.news\/wp-content\/uploads\/2025\/09\/DJI_20250914180749_0044_D.jpg\" title=\"\"  data-caption=\"\"  data-description=\"\">\r\n                                <img decoding=\"async\" src=\"https:\/\/gorzow.news\/wp-content\/uploads\/2025\/09\/DJI_20250914180749_0044_D.jpg\" srcset=\"https:\/\/gorzow.news\/wp-content\/uploads\/2025\/09\/DJI_20250914180749_0044_D.jpg 1600w, https:\/\/gorzow.news\/wp-content\/uploads\/2025\/09\/DJI_20250914180749_0044_D-300x169.jpg 300w, https:\/\/gorzow.news\/wp-content\/uploads\/2025\/09\/DJI_20250914180749_0044_D-1024x576.jpg 1024w, https:\/\/gorzow.news\/wp-content\/uploads\/2025\/09\/DJI_20250914180749_0044_D-768x432.jpg 768w, https:\/\/gorzow.news\/wp-content\/uploads\/2025\/09\/DJI_20250914180749_0044_D-1536x864.jpg 1536w, https:\/\/gorzow.news\/wp-content\/uploads\/2025\/09\/DJI_20250914180749_0044_D-696x392.jpg 696w, https:\/\/gorzow.news\/wp-content\/uploads\/2025\/09\/DJI_20250914180749_0044_D-1068x601.jpg 1068w\" sizes=\"(max-width: 1600px) 100vw, 1600px\" alt=\"\">\r\n                            <\/a>\r\n                            \r\n                        <\/figure>\r\n                    <\/div>\r\n                    <div class = \"td-slide-item td-item6\">\r\n                        <figure class=\"td-slide-galery-figure td-slide-popup-gallery\">\r\n                            <a class=\"slide-gallery-image-link\" href=\"https:\/\/gorzow.news\/wp-content\/uploads\/2025\/09\/DJI_20250914180849_0046_D.jpg\" title=\"\"  data-caption=\"\"  data-description=\"\">\r\n                                <img decoding=\"async\" src=\"https:\/\/gorzow.news\/wp-content\/uploads\/2025\/09\/DJI_20250914180849_0046_D.jpg\" srcset=\"https:\/\/gorzow.news\/wp-content\/uploads\/2025\/09\/DJI_20250914180849_0046_D.jpg 1600w, https:\/\/gorzow.news\/wp-content\/uploads\/2025\/09\/DJI_20250914180849_0046_D-300x169.jpg 300w, https:\/\/gorzow.news\/wp-content\/uploads\/2025\/09\/DJI_20250914180849_0046_D-1024x576.jpg 1024w, https:\/\/gorzow.news\/wp-content\/uploads\/2025\/09\/DJI_20250914180849_0046_D-768x432.jpg 768w, https:\/\/gorzow.news\/wp-content\/uploads\/2025\/09\/DJI_20250914180849_0046_D-1536x864.jpg 1536w, https:\/\/gorzow.news\/wp-content\/uploads\/2025\/09\/DJI_20250914180849_0046_D-696x392.jpg 696w, https:\/\/gorzow.news\/wp-content\/uploads\/2025\/09\/DJI_20250914180849_0046_D-1068x601.jpg 1068w\" sizes=\"(max-width: 1600px) 100vw, 1600px\" alt=\"\">\r\n                            <\/a>\r\n                            \r\n                        <\/figure>\r\n                    <\/div>\r\n                    <div class = \"td-slide-item td-item7\">\r\n                        <figure class=\"td-slide-galery-figure td-slide-popup-gallery\">\r\n                            <a class=\"slide-gallery-image-link\" href=\"https:\/\/gorzow.news\/wp-content\/uploads\/2025\/09\/DJI_20250914180855_0047_D.jpg\" title=\"\"  data-caption=\"\"  data-description=\"\">\r\n                                <img decoding=\"async\" src=\"https:\/\/gorzow.news\/wp-content\/uploads\/2025\/09\/DJI_20250914180855_0047_D.jpg\" srcset=\"https:\/\/gorzow.news\/wp-content\/uploads\/2025\/09\/DJI_20250914180855_0047_D.jpg 1600w, https:\/\/gorzow.news\/wp-content\/uploads\/2025\/09\/DJI_20250914180855_0047_D-300x169.jpg 300w, https:\/\/gorzow.news\/wp-content\/uploads\/2025\/09\/DJI_20250914180855_0047_D-1024x576.jpg 1024w, https:\/\/gorzow.news\/wp-content\/uploads\/2025\/09\/DJI_20250914180855_0047_D-768x432.jpg 768w, https:\/\/gorzow.news\/wp-content\/uploads\/2025\/09\/DJI_20250914180855_0047_D-1536x864.jpg 1536w, https:\/\/gorzow.news\/wp-content\/uploads\/2025\/09\/DJI_20250914180855_0047_D-696x392.jpg 696w, https:\/\/gorzow.news\/wp-content\/uploads\/2025\/09\/DJI_20250914180855_0047_D-1068x601.jpg 1068w\" sizes=\"(max-width: 1600px) 100vw, 1600px\" alt=\"\">\r\n                            <\/a>\r\n                            \r\n                        <\/figure>\r\n                    <\/div>\r\n                    <div class = \"td-slide-item td-item8\">\r\n                        <figure class=\"td-slide-galery-figure td-slide-popup-gallery\">\r\n                            <a class=\"slide-gallery-image-link\" href=\"https:\/\/gorzow.news\/wp-content\/uploads\/2025\/09\/DJI_20250914180946_0051_D.jpg\" title=\"\"  data-caption=\"\"  data-description=\"\">\r\n                                <img decoding=\"async\" src=\"https:\/\/gorzow.news\/wp-content\/uploads\/2025\/09\/DJI_20250914180946_0051_D.jpg\" srcset=\"https:\/\/gorzow.news\/wp-content\/uploads\/2025\/09\/DJI_20250914180946_0051_D.jpg 1600w, https:\/\/gorzow.news\/wp-content\/uploads\/2025\/09\/DJI_20250914180946_0051_D-300x169.jpg 300w, https:\/\/gorzow.news\/wp-content\/uploads\/2025\/09\/DJI_20250914180946_0051_D-1024x576.jpg 1024w, https:\/\/gorzow.news\/wp-content\/uploads\/2025\/09\/DJI_20250914180946_0051_D-768x432.jpg 768w, https:\/\/gorzow.news\/wp-content\/uploads\/2025\/09\/DJI_20250914180946_0051_D-1536x864.jpg 1536w, https:\/\/gorzow.news\/wp-content\/uploads\/2025\/09\/DJI_20250914180946_0051_D-696x392.jpg 696w, https:\/\/gorzow.news\/wp-content\/uploads\/2025\/09\/DJI_20250914180946_0051_D-1068x601.jpg 1068w\" sizes=\"(max-width: 1600px) 100vw, 1600px\" alt=\"\">\r\n                            <\/a>\r\n                            \r\n                        <\/figure>\r\n                    <\/div>\r\n                            <\/div>\r\n                        <\/div>\r\n\r\n                        <div class = \"td-doubleSlider-2\">\r\n                            <div class = \"td-slider\">\r\n                                \r\n                    <div class = \"td-button td-item1\">\r\n                        <div class = \"td-border\"><\/div>\r\n                    <\/div>\r\n                    <div class = \"td-button td-item2\">\r\n                        <div class = \"td-border\"><\/div>\r\n                    <\/div>\r\n                    <div class = \"td-button td-item3\">\r\n                        <div class = \"td-border\"><\/div>\r\n                    <\/div>\r\n                    <div class = \"td-button td-item4\">\r\n                        <div class = \"td-border\"><\/div>\r\n                    <\/div>\r\n                    <div class = \"td-button td-item5\">\r\n                        <div class = \"td-border\"><\/div>\r\n                    <\/div>\r\n                    <div class = \"td-button td-item6\">\r\n                        <div class = \"td-border\"><\/div>\r\n                    <\/div>\r\n                    <div class = \"td-button td-item7\">\r\n                        <div class = \"td-border\"><\/div>\r\n                    <\/div>\r\n                    <div class = \"td-button td-item8\">\r\n                        <div class = \"td-border\"><\/div>\r\n                    <\/div>\r\n                            <\/div>\r\n                        <\/div>\r\n\r\n                    <\/div>\r\n\r\n                <\/div>\r\n                \n\n\n<p>Przedmiotem inwestycji by\u0142a przebudowa drogi wojew\u00f3dzkiej nr 130: ul. Szczeci\u0144ska na odcinku o \u0142\u0105cznej d\u0142ugo\u015bci oko\u0142o 562 m w km 26+309 do 26+454 oraz 26+714 do 27+131. Obj\u0119te inwestycj\u0105 odcinki drogi posiada\u0142y nawierzchni\u0119 bitumiczn\u0105. Przedmiotowa nawierzchnia posiada\u0142a sp\u0119kania, ubytki oraz wyremontowane wyboje. Prace budowlane zwi\u0105zane z przebudow\u0105 by\u0142y prowadzone po istniej\u0105cym \u015bladzie jezdni.<\/p>\n\n\n\n<figure class=\"wp-block-image size-large\"><a href=\"https:\/\/gorzow.news\/wp-content\/uploads\/2025\/05\/szczecinska-od1.jpg\" target=\"_blank\" rel=\" noreferrer noopener\"><img loading=\"lazy\" decoding=\"async\" width=\"1024\" height=\"785\" src=\"https:\/\/gorzow.news\/wp-content\/uploads\/2025\/05\/szczecinska-od1-1024x785.jpg\" alt=\"\" class=\"wp-image-32092\" srcset=\"https:\/\/gorzow.news\/wp-content\/uploads\/2025\/05\/szczecinska-od1-1024x785.jpg 1024w, https:\/\/gorzow.news\/wp-content\/uploads\/2025\/05\/szczecinska-od1-300x230.jpg 300w, https:\/\/gorzow.news\/wp-content\/uploads\/2025\/05\/szczecinska-od1-768x589.jpg 768w, https:\/\/gorzow.news\/wp-content\/uploads\/2025\/05\/szczecinska-od1-696x534.jpg 696w, https:\/\/gorzow.news\/wp-content\/uploads\/2025\/05\/szczecinska-od1-1068x819.jpg 1068w, https:\/\/gorzow.news\/wp-content\/uploads\/2025\/05\/szczecinska-od1.jpg 1472w\" sizes=\"auto, (max-width: 1024px) 100vw, 1024px\" \/><\/a><\/figure>\n\n\n\n<figure class=\"wp-block-image size-large\"><a href=\"https:\/\/gorzow.news\/wp-content\/uploads\/2025\/05\/szczecinska-od2-scaled.jpg\" target=\"_blank\" rel=\" noreferrer noopener\"><img loading=\"lazy\" decoding=\"async\" width=\"1024\" height=\"318\" src=\"https:\/\/gorzow.news\/wp-content\/uploads\/2025\/05\/szczecinska-od2-1024x318.jpg\" alt=\"\" class=\"wp-image-32093\" srcset=\"https:\/\/gorzow.news\/wp-content\/uploads\/2025\/05\/szczecinska-od2-1024x318.jpg 1024w, https:\/\/gorzow.news\/wp-content\/uploads\/2025\/05\/szczecinska-od2-300x93.jpg 300w, https:\/\/gorzow.news\/wp-content\/uploads\/2025\/05\/szczecinska-od2-768x238.jpg 768w, https:\/\/gorzow.news\/wp-content\/uploads\/2025\/05\/szczecinska-od2-1536x476.jpg 1536w, https:\/\/gorzow.news\/wp-content\/uploads\/2025\/05\/szczecinska-od2-2048x635.jpg 2048w, https:\/\/gorzow.news\/wp-content\/uploads\/2025\/05\/szczecinska-od2-696x216.jpg 696w, https:\/\/gorzow.news\/wp-content\/uploads\/2025\/05\/szczecinska-od2-1068x331.jpg 1068w, https:\/\/gorzow.news\/wp-content\/uploads\/2025\/05\/szczecinska-od2-1920x595.jpg 1920w\" sizes=\"auto, (max-width: 1024px) 100vw, 1024px\" \/><\/a><\/figure>\n\n\n\n<p>Zakres prac polega\u0142 na sfrezowaniu istniej\u0105cych zdegradowanych warstw i wykonanie nowych: \u015bcieralnej o gr. 4 cm z mieszanki SMA 11 S oraz wi\u0105\u017c\u0105cej o gr 8 cm z AC 16 W po wzmocnieniu istniej\u0105cej podbudowy z kruszywa \u0142amanego wraz z odtworzeniem oznakowania poziomego.<\/p>\n\n\n\n<p>W ramach prac przeprowadzono r\u00f3wnie\u017c korekt\u0119 przebiegu \u015bcie\u017cki rowerowej na jej pocz\u0105tkowym odcinku. Zakres prac zosta\u0142 wskazany na planie sytuacyjnym powy\u017cej.<\/p>\n\n\n\n<p>Inwestycj\u0119 realizowa\u0142a firma &#8211; Us\u0142ugi Sprz\u0119towo &#8211; Transportowe K. Wi\u0105cek, kt\u00f3ra za wszystkie prace otrzyma 877.006,61 z\u0142 brutto.<\/p>\n","protected":false},"excerpt":{"rendered":"<p>Zako\u0144czy\u0142a si\u0119 przebudowa dw\u00f3ch od lat dziurawych odcink\u00f3w ul. Szczeci\u0144skiej tu\u017c przy granicy z Baczyn\u0105. Prace trwa\u0142y tutaj w ostatnich trzech tygodniach. Rozpocz\u0119\u0142y si\u0119 od przeniesienia dalej od jezdni \u015bcie\u017cki rowerowej na odcinku ponad 100 m. na skraju miasta. Nast\u0119pnie prace przeniesione zosta\u0142 na d\u0142u\u017cszy z remontowanych odcink\u00f3w ul. Szczeci\u0144skiej. A inwestycja zako\u0144czy\u0142a si\u0119 od [&hellip;]<\/p>\n","protected":false},"author":1,"featured_media":34927,"comment_status":"open","ping_status":"open","sticky":false,"template":"","format":"standard","meta":{"footnotes":"","_links_to":"","_links_to_target":""},"categories":[594,589],"tags":[124],"class_list":{"0":"post-34926","1":"post","2":"type-post","3":"status-publish","4":"format-standard","5":"has-post-thumbnail","7":"category-info-ulice","8":"category-wiadomosci","9":"tag-szczecinska"},"yoast_head":"<!-- This site is optimized with the Yoast SEO plugin v27.3 - https:\/\/yoast.com\/product\/yoast-seo-wordpress\/ -->\n<title>Oba dziurawe odcinki Szczeci\u0144skiej ju\u017c z now\u0105 nawierzchni\u0105. Gotowa jest ju\u017c tak\u017ce przeniesiona \u015bcie\u017cka rowerowa - Gorz\u00f3w News<\/title>\n<meta name=\"description\" content=\"Zako\u0144czy\u0142a si\u0119 przebudowa dw\u00f3ch od lat dziurawych odcink\u00f3w ul. Szczeci\u0144skiej tu\u017c przy granicy z Baczyn\u0105. Prace trwa\u0142y tutaj w ostatnich trzec\" \/>\n<meta name=\"robots\" content=\"index, follow, max-snippet:-1, max-image-preview:large, max-video-preview:-1\" \/>\n<link rel=\"canonical\" href=\"https:\/\/gorzow.news\/index.php\/2025\/09\/15\/oba-dziurawe-odcinki-szczecinskiej-juz-z-nowa-nawierzchnia-gotowa-jest-juz-takze-przeniesiona-sciezka-rowerowa\/\" \/>\n<meta property=\"og:locale\" content=\"pl_PL\" \/>\n<meta property=\"og:type\" content=\"article\" \/>\n<meta property=\"og:title\" content=\"Oba dziurawe odcinki Szczeci\u0144skiej ju\u017c z now\u0105 nawierzchni\u0105. Gotowa jest ju\u017c tak\u017ce przeniesiona \u015bcie\u017cka rowerowa - Gorz\u00f3w News\" \/>\n<meta property=\"og:description\" content=\"Zako\u0144czy\u0142a si\u0119 przebudowa dw\u00f3ch od lat dziurawych odcink\u00f3w ul. Szczeci\u0144skiej tu\u017c przy granicy z Baczyn\u0105. Prace trwa\u0142y tutaj w ostatnich trzec\" \/>\n<meta property=\"og:url\" content=\"https:\/\/gorzow.news\/index.php\/2025\/09\/15\/oba-dziurawe-odcinki-szczecinskiej-juz-z-nowa-nawierzchnia-gotowa-jest-juz-takze-przeniesiona-sciezka-rowerowa\/\" \/>\n<meta property=\"og:site_name\" content=\"Gorz\u00f3w News\" \/>\n<meta property=\"article:publisher\" content=\"https:\/\/www.facebook.com\/gorzowskinews\" \/>\n<meta property=\"article:published_time\" content=\"2025-09-15T13:44:33+00:00\" \/>\n<meta property=\"article:modified_time\" content=\"2025-09-15T13:44:37+00:00\" \/>\n<meta property=\"og:image\" content=\"https:\/\/gorzow.news\/wp-content\/uploads\/2025\/09\/DJI_20250914180607_0039_D.jpg\" \/>\n\t<meta property=\"og:image:width\" content=\"1600\" \/>\n\t<meta property=\"og:image:height\" content=\"900\" \/>\n\t<meta property=\"og:image:type\" content=\"image\/jpeg\" \/>\n<meta name=\"author\" content=\"maciej\" \/>\n<meta name=\"twitter:card\" content=\"summary_large_image\" \/>\n<meta name=\"twitter:label1\" content=\"Napisane przez\" \/>\n\t<meta name=\"twitter:data1\" content=\"maciej\" \/>\n\t<meta name=\"twitter:label2\" content=\"Szacowany czas czytania\" \/>\n\t<meta name=\"twitter:data2\" content=\"2 minuty\" \/>\n<script type=\"application\/ld+json\" class=\"yoast-schema-graph\">{\"@context\":\"https:\\\/\\\/schema.org\",\"@graph\":[{\"@type\":\"Article\",\"@id\":\"https:\\\/\\\/gorzow.news\\\/index.php\\\/2025\\\/09\\\/15\\\/oba-dziurawe-odcinki-szczecinskiej-juz-z-nowa-nawierzchnia-gotowa-jest-juz-takze-przeniesiona-sciezka-rowerowa\\\/#article\",\"isPartOf\":{\"@id\":\"https:\\\/\\\/gorzow.news\\\/index.php\\\/2025\\\/09\\\/15\\\/oba-dziurawe-odcinki-szczecinskiej-juz-z-nowa-nawierzchnia-gotowa-jest-juz-takze-przeniesiona-sciezka-rowerowa\\\/\"},\"author\":{\"name\":\"maciej\",\"@id\":\"https:\\\/\\\/gorzow.news\\\/#\\\/schema\\\/person\\\/a1e5ab43166369f2ce236a1cd90995bb\"},\"headline\":\"Oba dziurawe odcinki Szczeci\u0144skiej ju\u017c z now\u0105 nawierzchni\u0105. Gotowa jest ju\u017c tak\u017ce przeniesiona \u015bcie\u017cka rowerowa\",\"datePublished\":\"2025-09-15T13:44:33+00:00\",\"dateModified\":\"2025-09-15T13:44:37+00:00\",\"mainEntityOfPage\":{\"@id\":\"https:\\\/\\\/gorzow.news\\\/index.php\\\/2025\\\/09\\\/15\\\/oba-dziurawe-odcinki-szczecinskiej-juz-z-nowa-nawierzchnia-gotowa-jest-juz-takze-przeniesiona-sciezka-rowerowa\\\/\"},\"wordCount\":280,\"commentCount\":0,\"image\":{\"@id\":\"https:\\\/\\\/gorzow.news\\\/index.php\\\/2025\\\/09\\\/15\\\/oba-dziurawe-odcinki-szczecinskiej-juz-z-nowa-nawierzchnia-gotowa-jest-juz-takze-przeniesiona-sciezka-rowerowa\\\/#primaryimage\"},\"thumbnailUrl\":\"https:\\\/\\\/gorzow.news\\\/wp-content\\\/uploads\\\/2025\\\/09\\\/DJI_20250914180607_0039_D.jpg\",\"keywords\":[\"Szczeci\u0144ska\"],\"articleSection\":[\"INFOulice\",\"Wiadomo\u015bci\"],\"inLanguage\":\"pl-PL\",\"potentialAction\":[{\"@type\":\"CommentAction\",\"name\":\"Comment\",\"target\":[\"https:\\\/\\\/gorzow.news\\\/index.php\\\/2025\\\/09\\\/15\\\/oba-dziurawe-odcinki-szczecinskiej-juz-z-nowa-nawierzchnia-gotowa-jest-juz-takze-przeniesiona-sciezka-rowerowa\\\/#respond\"]}]},{\"@type\":\"WebPage\",\"@id\":\"https:\\\/\\\/gorzow.news\\\/index.php\\\/2025\\\/09\\\/15\\\/oba-dziurawe-odcinki-szczecinskiej-juz-z-nowa-nawierzchnia-gotowa-jest-juz-takze-przeniesiona-sciezka-rowerowa\\\/\",\"url\":\"https:\\\/\\\/gorzow.news\\\/index.php\\\/2025\\\/09\\\/15\\\/oba-dziurawe-odcinki-szczecinskiej-juz-z-nowa-nawierzchnia-gotowa-jest-juz-takze-przeniesiona-sciezka-rowerowa\\\/\",\"name\":\"Oba dziurawe odcinki Szczeci\u0144skiej ju\u017c z now\u0105 nawierzchni\u0105. Gotowa jest ju\u017c tak\u017ce przeniesiona \u015bcie\u017cka rowerowa - Gorz\u00f3w News\",\"isPartOf\":{\"@id\":\"https:\\\/\\\/gorzow.news\\\/#website\"},\"primaryImageOfPage\":{\"@id\":\"https:\\\/\\\/gorzow.news\\\/index.php\\\/2025\\\/09\\\/15\\\/oba-dziurawe-odcinki-szczecinskiej-juz-z-nowa-nawierzchnia-gotowa-jest-juz-takze-przeniesiona-sciezka-rowerowa\\\/#primaryimage\"},\"image\":{\"@id\":\"https:\\\/\\\/gorzow.news\\\/index.php\\\/2025\\\/09\\\/15\\\/oba-dziurawe-odcinki-szczecinskiej-juz-z-nowa-nawierzchnia-gotowa-jest-juz-takze-przeniesiona-sciezka-rowerowa\\\/#primaryimage\"},\"thumbnailUrl\":\"https:\\\/\\\/gorzow.news\\\/wp-content\\\/uploads\\\/2025\\\/09\\\/DJI_20250914180607_0039_D.jpg\",\"datePublished\":\"2025-09-15T13:44:33+00:00\",\"dateModified\":\"2025-09-15T13:44:37+00:00\",\"author\":{\"@id\":\"https:\\\/\\\/gorzow.news\\\/#\\\/schema\\\/person\\\/a1e5ab43166369f2ce236a1cd90995bb\"},\"description\":\"Zako\u0144czy\u0142a si\u0119 przebudowa dw\u00f3ch od lat dziurawych odcink\u00f3w ul. Szczeci\u0144skiej tu\u017c przy granicy z Baczyn\u0105. Prace trwa\u0142y tutaj w ostatnich trzech tygodniach. Rozpocz\u0119\u0142y si\u0119 od przeniesienia dalej od jezdni \u015bcie\u017cki rowerowej na odcinku ponad 100 m. na skraju miasta. Nast\u0119pnie prace przeniesione zosta\u0142 na d\u0142u\u017cszy z remontowanych odcink\u00f3w ul. Szczeci\u0144skiej. A inwestycja zako\u0144czy\u0142a si\u0119 od frezowania starej nawierzchni drogi i u\u0142o\u017cenia dw\u00f3ch nowych warstw asfaltu na odcinku blisko 135 m. tu\u017c przy granicy Gorzowa i Baczyny.\",\"breadcrumb\":{\"@id\":\"https:\\\/\\\/gorzow.news\\\/index.php\\\/2025\\\/09\\\/15\\\/oba-dziurawe-odcinki-szczecinskiej-juz-z-nowa-nawierzchnia-gotowa-jest-juz-takze-przeniesiona-sciezka-rowerowa\\\/#breadcrumb\"},\"inLanguage\":\"pl-PL\",\"potentialAction\":[{\"@type\":\"ReadAction\",\"target\":[\"https:\\\/\\\/gorzow.news\\\/index.php\\\/2025\\\/09\\\/15\\\/oba-dziurawe-odcinki-szczecinskiej-juz-z-nowa-nawierzchnia-gotowa-jest-juz-takze-przeniesiona-sciezka-rowerowa\\\/\"]}]},{\"@type\":\"ImageObject\",\"inLanguage\":\"pl-PL\",\"@id\":\"https:\\\/\\\/gorzow.news\\\/index.php\\\/2025\\\/09\\\/15\\\/oba-dziurawe-odcinki-szczecinskiej-juz-z-nowa-nawierzchnia-gotowa-jest-juz-takze-przeniesiona-sciezka-rowerowa\\\/#primaryimage\",\"url\":\"https:\\\/\\\/gorzow.news\\\/wp-content\\\/uploads\\\/2025\\\/09\\\/DJI_20250914180607_0039_D.jpg\",\"contentUrl\":\"https:\\\/\\\/gorzow.news\\\/wp-content\\\/uploads\\\/2025\\\/09\\\/DJI_20250914180607_0039_D.jpg\",\"width\":1600,\"height\":900,\"caption\":\"Przebudowany odcinek ul. Szczeci\u0144skiej i przeniesiona dalej od jezdni \u015bcie\u017cka rowerowa.\"},{\"@type\":\"BreadcrumbList\",\"@id\":\"https:\\\/\\\/gorzow.news\\\/index.php\\\/2025\\\/09\\\/15\\\/oba-dziurawe-odcinki-szczecinskiej-juz-z-nowa-nawierzchnia-gotowa-jest-juz-takze-przeniesiona-sciezka-rowerowa\\\/#breadcrumb\",\"itemListElement\":[{\"@type\":\"ListItem\",\"position\":1,\"name\":\"Home\",\"item\":\"https:\\\/\\\/gorzow.news\\\/\"},{\"@type\":\"ListItem\",\"position\":2,\"name\":\"Oba dziurawe odcinki Szczeci\u0144skiej ju\u017c z now\u0105 nawierzchni\u0105. Gotowa jest ju\u017c tak\u017ce przeniesiona \u015bcie\u017cka rowerowa\"}]},{\"@type\":\"WebSite\",\"@id\":\"https:\\\/\\\/gorzow.news\\\/#website\",\"url\":\"https:\\\/\\\/gorzow.news\\\/\",\"name\":\"Gorz\u00f3w News\",\"description\":\"Sp\u00f3jrz inaczej na miato i region...\",\"potentialAction\":[{\"@type\":\"SearchAction\",\"target\":{\"@type\":\"EntryPoint\",\"urlTemplate\":\"https:\\\/\\\/gorzow.news\\\/?s={search_term_string}\"},\"query-input\":{\"@type\":\"PropertyValueSpecification\",\"valueRequired\":true,\"valueName\":\"search_term_string\"}}],\"inLanguage\":\"pl-PL\"},{\"@type\":\"Person\",\"@id\":\"https:\\\/\\\/gorzow.news\\\/#\\\/schema\\\/person\\\/a1e5ab43166369f2ce236a1cd90995bb\",\"name\":\"maciej\",\"image\":{\"@type\":\"ImageObject\",\"inLanguage\":\"pl-PL\",\"@id\":\"https:\\\/\\\/secure.gravatar.com\\\/avatar\\\/530a674d56ba60cfa0ef21d74e8e8d123a51bb7aa6580465b5c2ab2c2e980a19?s=96&r=g&d=https:\\\/\\\/gorzow.news\\\/wp-content\\\/plugins\\\/userswp\\\/assets\\\/images\\\/no_profile.png\",\"url\":\"https:\\\/\\\/secure.gravatar.com\\\/avatar\\\/530a674d56ba60cfa0ef21d74e8e8d123a51bb7aa6580465b5c2ab2c2e980a19?s=96&r=g&d=https:\\\/\\\/gorzow.news\\\/wp-content\\\/plugins\\\/userswp\\\/assets\\\/images\\\/no_profile.png\",\"contentUrl\":\"https:\\\/\\\/secure.gravatar.com\\\/avatar\\\/530a674d56ba60cfa0ef21d74e8e8d123a51bb7aa6580465b5c2ab2c2e980a19?s=96&r=g&d=https:\\\/\\\/gorzow.news\\\/wp-content\\\/plugins\\\/userswp\\\/assets\\\/images\\\/no_profile.png\",\"caption\":\"maciej\"},\"url\":\"https:\\\/\\\/gorzow.news\\\/index.php\\\/profile\\\/maciej\\\/\"}]}<\/script>\n<!-- \/ Yoast SEO plugin. -->","yoast_head_json":{"title":"Oba dziurawe odcinki Szczeci\u0144skiej ju\u017c z now\u0105 nawierzchni\u0105. Gotowa jest ju\u017c tak\u017ce przeniesiona \u015bcie\u017cka rowerowa - Gorz\u00f3w News","description":"Zako\u0144czy\u0142a si\u0119 przebudowa dw\u00f3ch od lat dziurawych odcink\u00f3w ul. Szczeci\u0144skiej tu\u017c przy granicy z Baczyn\u0105. Prace trwa\u0142y tutaj w ostatnich trzec","robots":{"index":"index","follow":"follow","max-snippet":"max-snippet:-1","max-image-preview":"max-image-preview:large","max-video-preview":"max-video-preview:-1"},"canonical":"https:\/\/gorzow.news\/index.php\/2025\/09\/15\/oba-dziurawe-odcinki-szczecinskiej-juz-z-nowa-nawierzchnia-gotowa-jest-juz-takze-przeniesiona-sciezka-rowerowa\/","og_locale":"pl_PL","og_type":"article","og_title":"Oba dziurawe odcinki Szczeci\u0144skiej ju\u017c z now\u0105 nawierzchni\u0105. Gotowa jest ju\u017c tak\u017ce przeniesiona \u015bcie\u017cka rowerowa - Gorz\u00f3w News","og_description":"Zako\u0144czy\u0142a si\u0119 przebudowa dw\u00f3ch od lat dziurawych odcink\u00f3w ul. Szczeci\u0144skiej tu\u017c przy granicy z Baczyn\u0105. Prace trwa\u0142y tutaj w ostatnich trzec","og_url":"https:\/\/gorzow.news\/index.php\/2025\/09\/15\/oba-dziurawe-odcinki-szczecinskiej-juz-z-nowa-nawierzchnia-gotowa-jest-juz-takze-przeniesiona-sciezka-rowerowa\/","og_site_name":"Gorz\u00f3w News","article_publisher":"https:\/\/www.facebook.com\/gorzowskinews","article_published_time":"2025-09-15T13:44:33+00:00","article_modified_time":"2025-09-15T13:44:37+00:00","og_image":[{"width":1600,"height":900,"url":"https:\/\/gorzow.news\/wp-content\/uploads\/2025\/09\/DJI_20250914180607_0039_D.jpg","type":"image\/jpeg"}],"author":"maciej","twitter_card":"summary_large_image","twitter_misc":{"Napisane przez":"maciej","Szacowany czas czytania":"2 minuty"},"schema":{"@context":"https:\/\/schema.org","@graph":[{"@type":"Article","@id":"https:\/\/gorzow.news\/index.php\/2025\/09\/15\/oba-dziurawe-odcinki-szczecinskiej-juz-z-nowa-nawierzchnia-gotowa-jest-juz-takze-przeniesiona-sciezka-rowerowa\/#article","isPartOf":{"@id":"https:\/\/gorzow.news\/index.php\/2025\/09\/15\/oba-dziurawe-odcinki-szczecinskiej-juz-z-nowa-nawierzchnia-gotowa-jest-juz-takze-przeniesiona-sciezka-rowerowa\/"},"author":{"name":"maciej","@id":"https:\/\/gorzow.news\/#\/schema\/person\/a1e5ab43166369f2ce236a1cd90995bb"},"headline":"Oba dziurawe odcinki Szczeci\u0144skiej ju\u017c z now\u0105 nawierzchni\u0105. Gotowa jest ju\u017c tak\u017ce przeniesiona \u015bcie\u017cka rowerowa","datePublished":"2025-09-15T13:44:33+00:00","dateModified":"2025-09-15T13:44:37+00:00","mainEntityOfPage":{"@id":"https:\/\/gorzow.news\/index.php\/2025\/09\/15\/oba-dziurawe-odcinki-szczecinskiej-juz-z-nowa-nawierzchnia-gotowa-jest-juz-takze-przeniesiona-sciezka-rowerowa\/"},"wordCount":280,"commentCount":0,"image":{"@id":"https:\/\/gorzow.news\/index.php\/2025\/09\/15\/oba-dziurawe-odcinki-szczecinskiej-juz-z-nowa-nawierzchnia-gotowa-jest-juz-takze-przeniesiona-sciezka-rowerowa\/#primaryimage"},"thumbnailUrl":"https:\/\/gorzow.news\/wp-content\/uploads\/2025\/09\/DJI_20250914180607_0039_D.jpg","keywords":["Szczeci\u0144ska"],"articleSection":["INFOulice","Wiadomo\u015bci"],"inLanguage":"pl-PL","potentialAction":[{"@type":"CommentAction","name":"Comment","target":["https:\/\/gorzow.news\/index.php\/2025\/09\/15\/oba-dziurawe-odcinki-szczecinskiej-juz-z-nowa-nawierzchnia-gotowa-jest-juz-takze-przeniesiona-sciezka-rowerowa\/#respond"]}]},{"@type":"WebPage","@id":"https:\/\/gorzow.news\/index.php\/2025\/09\/15\/oba-dziurawe-odcinki-szczecinskiej-juz-z-nowa-nawierzchnia-gotowa-jest-juz-takze-przeniesiona-sciezka-rowerowa\/","url":"https:\/\/gorzow.news\/index.php\/2025\/09\/15\/oba-dziurawe-odcinki-szczecinskiej-juz-z-nowa-nawierzchnia-gotowa-jest-juz-takze-przeniesiona-sciezka-rowerowa\/","name":"Oba dziurawe odcinki Szczeci\u0144skiej ju\u017c z now\u0105 nawierzchni\u0105. Gotowa jest ju\u017c tak\u017ce przeniesiona \u015bcie\u017cka rowerowa - Gorz\u00f3w News","isPartOf":{"@id":"https:\/\/gorzow.news\/#website"},"primaryImageOfPage":{"@id":"https:\/\/gorzow.news\/index.php\/2025\/09\/15\/oba-dziurawe-odcinki-szczecinskiej-juz-z-nowa-nawierzchnia-gotowa-jest-juz-takze-przeniesiona-sciezka-rowerowa\/#primaryimage"},"image":{"@id":"https:\/\/gorzow.news\/index.php\/2025\/09\/15\/oba-dziurawe-odcinki-szczecinskiej-juz-z-nowa-nawierzchnia-gotowa-jest-juz-takze-przeniesiona-sciezka-rowerowa\/#primaryimage"},"thumbnailUrl":"https:\/\/gorzow.news\/wp-content\/uploads\/2025\/09\/DJI_20250914180607_0039_D.jpg","datePublished":"2025-09-15T13:44:33+00:00","dateModified":"2025-09-15T13:44:37+00:00","author":{"@id":"https:\/\/gorzow.news\/#\/schema\/person\/a1e5ab43166369f2ce236a1cd90995bb"},"description":"Zako\u0144czy\u0142a si\u0119 przebudowa dw\u00f3ch od lat dziurawych odcink\u00f3w ul. Szczeci\u0144skiej tu\u017c przy granicy z Baczyn\u0105. Prace trwa\u0142y tutaj w ostatnich trzech tygodniach. Rozpocz\u0119\u0142y si\u0119 od przeniesienia dalej od jezdni \u015bcie\u017cki rowerowej na odcinku ponad 100 m. na skraju miasta. Nast\u0119pnie prace przeniesione zosta\u0142 na d\u0142u\u017cszy z remontowanych odcink\u00f3w ul. Szczeci\u0144skiej. A inwestycja zako\u0144czy\u0142a si\u0119 od frezowania starej nawierzchni drogi i u\u0142o\u017cenia dw\u00f3ch nowych warstw asfaltu na odcinku blisko 135 m. tu\u017c przy granicy Gorzowa i Baczyny.","breadcrumb":{"@id":"https:\/\/gorzow.news\/index.php\/2025\/09\/15\/oba-dziurawe-odcinki-szczecinskiej-juz-z-nowa-nawierzchnia-gotowa-jest-juz-takze-przeniesiona-sciezka-rowerowa\/#breadcrumb"},"inLanguage":"pl-PL","potentialAction":[{"@type":"ReadAction","target":["https:\/\/gorzow.news\/index.php\/2025\/09\/15\/oba-dziurawe-odcinki-szczecinskiej-juz-z-nowa-nawierzchnia-gotowa-jest-juz-takze-przeniesiona-sciezka-rowerowa\/"]}]},{"@type":"ImageObject","inLanguage":"pl-PL","@id":"https:\/\/gorzow.news\/index.php\/2025\/09\/15\/oba-dziurawe-odcinki-szczecinskiej-juz-z-nowa-nawierzchnia-gotowa-jest-juz-takze-przeniesiona-sciezka-rowerowa\/#primaryimage","url":"https:\/\/gorzow.news\/wp-content\/uploads\/2025\/09\/DJI_20250914180607_0039_D.jpg","contentUrl":"https:\/\/gorzow.news\/wp-content\/uploads\/2025\/09\/DJI_20250914180607_0039_D.jpg","width":1600,"height":900,"caption":"Przebudowany odcinek ul. Szczeci\u0144skiej i przeniesiona dalej od jezdni \u015bcie\u017cka rowerowa."},{"@type":"BreadcrumbList","@id":"https:\/\/gorzow.news\/index.php\/2025\/09\/15\/oba-dziurawe-odcinki-szczecinskiej-juz-z-nowa-nawierzchnia-gotowa-jest-juz-takze-przeniesiona-sciezka-rowerowa\/#breadcrumb","itemListElement":[{"@type":"ListItem","position":1,"name":"Home","item":"https:\/\/gorzow.news\/"},{"@type":"ListItem","position":2,"name":"Oba dziurawe odcinki Szczeci\u0144skiej ju\u017c z now\u0105 nawierzchni\u0105. Gotowa jest ju\u017c tak\u017ce przeniesiona \u015bcie\u017cka rowerowa"}]},{"@type":"WebSite","@id":"https:\/\/gorzow.news\/#website","url":"https:\/\/gorzow.news\/","name":"Gorz\u00f3w News","description":"Sp\u00f3jrz inaczej na miato i region...","potentialAction":[{"@type":"SearchAction","target":{"@type":"EntryPoint","urlTemplate":"https:\/\/gorzow.news\/?s={search_term_string}"},"query-input":{"@type":"PropertyValueSpecification","valueRequired":true,"valueName":"search_term_string"}}],"inLanguage":"pl-PL"},{"@type":"Person","@id":"https:\/\/gorzow.news\/#\/schema\/person\/a1e5ab43166369f2ce236a1cd90995bb","name":"maciej","image":{"@type":"ImageObject","inLanguage":"pl-PL","@id":"https:\/\/secure.gravatar.com\/avatar\/530a674d56ba60cfa0ef21d74e8e8d123a51bb7aa6580465b5c2ab2c2e980a19?s=96&r=g&d=https:\/\/gorzow.news\/wp-content\/plugins\/userswp\/assets\/images\/no_profile.png","url":"https:\/\/secure.gravatar.com\/avatar\/530a674d56ba60cfa0ef21d74e8e8d123a51bb7aa6580465b5c2ab2c2e980a19?s=96&r=g&d=https:\/\/gorzow.news\/wp-content\/plugins\/userswp\/assets\/images\/no_profile.png","contentUrl":"https:\/\/secure.gravatar.com\/avatar\/530a674d56ba60cfa0ef21d74e8e8d123a51bb7aa6580465b5c2ab2c2e980a19?s=96&r=g&d=https:\/\/gorzow.news\/wp-content\/plugins\/userswp\/assets\/images\/no_profile.png","caption":"maciej"},"url":"https:\/\/gorzow.news\/index.php\/profile\/maciej\/"}]}},"_links":{"self":[{"href":"https:\/\/gorzow.news\/index.php\/wp-json\/wp\/v2\/posts\/34926","targetHints":{"allow":["GET"]}}],"collection":[{"href":"https:\/\/gorzow.news\/index.php\/wp-json\/wp\/v2\/posts"}],"about":[{"href":"https:\/\/gorzow.news\/index.php\/wp-json\/wp\/v2\/types\/post"}],"author":[{"embeddable":true,"href":"https:\/\/gorzow.news\/index.php\/wp-json\/wp\/v2\/users\/1"}],"replies":[{"embeddable":true,"href":"https:\/\/gorzow.news\/index.php\/wp-json\/wp\/v2\/comments?post=34926"}],"version-history":[{"count":1,"href":"https:\/\/gorzow.news\/index.php\/wp-json\/wp\/v2\/posts\/34926\/revisions"}],"predecessor-version":[{"id":34936,"href":"https:\/\/gorzow.news\/index.php\/wp-json\/wp\/v2\/posts\/34926\/revisions\/34936"}],"wp:featuredmedia":[{"embeddable":true,"href":"https:\/\/gorzow.news\/index.php\/wp-json\/wp\/v2\/media\/34927"}],"wp:attachment":[{"href":"https:\/\/gorzow.news\/index.php\/wp-json\/wp\/v2\/media?parent=34926"}],"wp:term":[{"taxonomy":"category","embeddable":true,"href":"https:\/\/gorzow.news\/index.php\/wp-json\/wp\/v2\/categories?post=34926"},{"taxonomy":"post_tag","embeddable":true,"href":"https:\/\/gorzow.news\/index.php\/wp-json\/wp\/v2\/tags?post=34926"}],"curies":[{"name":"wp","href":"https:\/\/api.w.org\/{rel}","templated":true}]}}