{"id":3488,"date":"2021-09-29T11:01:04","date_gmt":"2021-09-29T09:01:04","guid":{"rendered":"https:\/\/gorzow.news\/?p=3488"},"modified":"2021-09-29T11:01:09","modified_gmt":"2021-09-29T09:01:09","slug":"deweloperzy-gorzow-najsprawniej-dzialajacym-samorzadem","status":"publish","type":"post","link":"https:\/\/gorzow.news\/index.php\/2021\/09\/29\/deweloperzy-gorzow-najsprawniej-dzialajacym-samorzadem\/","title":{"rendered":"Deweloperzy: Gorz\u00f3w najsprawniej dzia\u0142aj\u0105cym samorz\u0105dem"},"content":{"rendered":"\n<p><strong>Prezydent Gorzowa Jacek W\u00f3jcicki odebra\u0142 nagrod\u0119 dla samorz\u0105du, najsprawniej dzia\u0142aj\u0105cego w procesie inwestycyjnym. Nagrod\u0119 przyzna\u0142 Polski Zwi\u0105zek Firm Deweloperskich. Wr\u0119czono j\u0105 podczas og\u00f3lnopolskiej konferencji Dni Dewelopera, kt\u00f3ra odby\u0142a si\u0119 we Wroc\u0142awiu.<\/strong><\/p>\n\n\n\n<p>Gorz\u00f3w, Lublin i Opole, najsprawniej w 2020 roku, wydawa\u0142y decyzje administracyjne, kluczowe w procesie inwestycyjnym. Wynika to z XI edycji Rankingu Miast, kt\u00f3ry prowadzony jest od jedenastu lat przez Polski Zwi\u0105zek Firm Deweloperskich.<\/p>\n\n\n\n<p>Ranking Miast to inicjatywa, kt\u00f3rej celem jest sprawdzanie czasu wydawania decyzji o warunkach zabudowy i zagospodarowania terenu w powi\u0105zaniu z pokryciem miejscowymi planami zagospodarowania przestrzennego oraz pozwole\u0144 na budow\u0119. Maj\u0105 one ogromny wp\u0142yw na czas i koszty budowy mieszka\u0144, biurowc\u00f3w i hoteli.<\/p>\n\n\n\n<p>Ostatni rok by\u0142 szczeg\u00f3lnie trudny z powodu pandemii. Mia\u0142a ona du\u017cy wp\u0142yw na procesy inwestycyjne w naszym kraju. Tym wi\u0119kszego znaczenia nabiera fakt, \u017ce gorzowscy urz\u0119dnicy wyr\u00f3\u017cnili si\u0119 sprawno\u015bci\u0105 dzia\u0142ania.<\/p>\n\n\n\n<p>Mateusz Stachewicz, autor raportu zauwa\u017ca, \u017ce czas trwania post\u0119powa\u0144 administracyjnych, bez wzgl\u0119du na przyczyn\u0119 jego d\u0142ugo\u015bci, jest czynnikiem, kt\u00f3ry ma prze\u0142o\u017cenie na ceny na rynku nieruchomo\u015bci. Inwestorzy s\u0105 zmuszeni rozk\u0142ada\u0107 koszty i zysk na d\u0142u\u017cszy okres.<\/p>\n\n\n\n<p>W raporcie przeanalizowano wiele dzia\u0142a\u0144 samorz\u0105du, maj\u0105cych wp\u0142yw na sprawno\u015b\u0107 proces\u00f3w inwestycyjnych.<\/p>\n\n\n\n<p>W zestawieniu og\u00f3lnym najwi\u0119cej punkt\u00f3w uzyska\u0142y Gorz\u00f3w, Lublin i Opole. W budownictwie mieszkaniowym, pod wzgl\u0119dem szybko\u015bci wydawania decyzji o warunkach zabudowy (WZ) na podium znalaz\u0142y si\u0119 Lublin, Bia\u0142ystok i Gorz\u00f3w. Pod wzgl\u0119dem wydawania pozwole\u0144 na budow\u0119 (PNB) najszybsze by\u0142y Opole, Gorz\u00f3w i Lublin.<\/p>\n\n\n\n<p>Zbiorcza ocena pozwoli\u0142a na wy\u0142onienie najsprawniej dzia\u0142aj\u0105cego samorz\u0105du w miastach wojew\u00f3dzkich. W tej \u0142\u0105cznej klasyfikacji Gorz\u00f3w okaza\u0142 si\u0119 najlepszy.<\/p>\n","protected":false},"excerpt":{"rendered":"<p>Prezydent Gorzowa Jacek W\u00f3jcicki odebra\u0142 nagrod\u0119 dla samorz\u0105du, najsprawniej dzia\u0142aj\u0105cego w procesie inwestycyjnym. Nagrod\u0119 przyzna\u0142 Polski Zwi\u0105zek Firm Deweloperskich. Wr\u0119czono j\u0105 podczas og\u00f3lnopolskiej konferencji Dni Dewelopera, kt\u00f3ra odby\u0142a si\u0119 we Wroc\u0142awiu.<\/p>\n","protected":false},"author":1,"featured_media":3489,"comment_status":"open","ping_status":"open","sticky":false,"template":"","format":"standard","meta":{"footnotes":"","_links_to":"","_links_to_target":""},"categories":[597,589],"tags":[671,672],"class_list":{"0":"post-3488","1":"post","2":"type-post","3":"status-publish","4":"format-standard","5":"has-post-thumbnail","7":"category-fakty-opinie","8":"category-wiadomosci","9":"tag-polski-zwiazek-firm-deweloperskich","10":"tag-ranking-miast"},"yoast_head":"<!-- This site is optimized with the Yoast SEO plugin v27.3 - https:\/\/yoast.com\/product\/yoast-seo-wordpress\/ -->\n<title>Deweloperzy: Gorz\u00f3w najsprawniej dzia\u0142aj\u0105cym samorz\u0105dem - Gorz\u00f3w News<\/title>\n<meta name=\"description\" content=\"Prezydent Gorzowa Jacek W\u00f3jcicki odebra\u0142 nagrod\u0119 dla samorz\u0105du, najsprawniej dzia\u0142aj\u0105cego w procesie inwestycyjnym. Nagrod\u0119 przyzna\u0142 Polski Zw\" \/>\n<meta name=\"robots\" content=\"index, follow, max-snippet:-1, max-image-preview:large, max-video-preview:-1\" \/>\n<link rel=\"canonical\" href=\"https:\/\/gorzow.news\/index.php\/2021\/09\/29\/deweloperzy-gorzow-najsprawniej-dzialajacym-samorzadem\/\" \/>\n<meta property=\"og:locale\" content=\"pl_PL\" \/>\n<meta property=\"og:type\" content=\"article\" \/>\n<meta property=\"og:title\" content=\"Deweloperzy: Gorz\u00f3w najsprawniej dzia\u0142aj\u0105cym samorz\u0105dem - Gorz\u00f3w News\" \/>\n<meta property=\"og:description\" content=\"Prezydent Gorzowa Jacek W\u00f3jcicki odebra\u0142 nagrod\u0119 dla samorz\u0105du, najsprawniej dzia\u0142aj\u0105cego w procesie inwestycyjnym. Nagrod\u0119 przyzna\u0142 Polski Zw\" \/>\n<meta property=\"og:url\" content=\"https:\/\/gorzow.news\/index.php\/2021\/09\/29\/deweloperzy-gorzow-najsprawniej-dzialajacym-samorzadem\/\" \/>\n<meta property=\"og:site_name\" content=\"Gorz\u00f3w News\" \/>\n<meta property=\"article:publisher\" content=\"https:\/\/www.facebook.com\/gorzowskinews\" \/>\n<meta property=\"article:published_time\" content=\"2021-09-29T09:01:04+00:00\" \/>\n<meta property=\"article:modified_time\" content=\"2021-09-29T09:01:09+00:00\" \/>\n<meta property=\"og:image\" content=\"https:\/\/gorzow.news\/wp-content\/uploads\/2021\/09\/IMG_20210804_180427-scaled.jpg\" \/>\n\t<meta property=\"og:image:width\" content=\"2560\" \/>\n\t<meta property=\"og:image:height\" content=\"1440\" \/>\n\t<meta property=\"og:image:type\" content=\"image\/jpeg\" \/>\n<meta name=\"author\" content=\"maciej\" \/>\n<meta name=\"twitter:card\" content=\"summary_large_image\" \/>\n<meta name=\"twitter:label1\" content=\"Napisane przez\" \/>\n\t<meta name=\"twitter:data1\" content=\"maciej\" \/>\n\t<meta name=\"twitter:label2\" content=\"Szacowany czas czytania\" \/>\n\t<meta name=\"twitter:data2\" content=\"2 minuty\" \/>\n<script type=\"application\/ld+json\" class=\"yoast-schema-graph\">{\"@context\":\"https:\\\/\\\/schema.org\",\"@graph\":[{\"@type\":\"Article\",\"@id\":\"https:\\\/\\\/gorzow.news\\\/index.php\\\/2021\\\/09\\\/29\\\/deweloperzy-gorzow-najsprawniej-dzialajacym-samorzadem\\\/#article\",\"isPartOf\":{\"@id\":\"https:\\\/\\\/gorzow.news\\\/index.php\\\/2021\\\/09\\\/29\\\/deweloperzy-gorzow-najsprawniej-dzialajacym-samorzadem\\\/\"},\"author\":{\"name\":\"maciej\",\"@id\":\"https:\\\/\\\/gorzow.news\\\/#\\\/schema\\\/person\\\/a1e5ab43166369f2ce236a1cd90995bb\"},\"headline\":\"Deweloperzy: Gorz\u00f3w najsprawniej dzia\u0142aj\u0105cym samorz\u0105dem\",\"datePublished\":\"2021-09-29T09:01:04+00:00\",\"dateModified\":\"2021-09-29T09:01:09+00:00\",\"mainEntityOfPage\":{\"@id\":\"https:\\\/\\\/gorzow.news\\\/index.php\\\/2021\\\/09\\\/29\\\/deweloperzy-gorzow-najsprawniej-dzialajacym-samorzadem\\\/\"},\"wordCount\":318,\"commentCount\":0,\"image\":{\"@id\":\"https:\\\/\\\/gorzow.news\\\/index.php\\\/2021\\\/09\\\/29\\\/deweloperzy-gorzow-najsprawniej-dzialajacym-samorzadem\\\/#primaryimage\"},\"thumbnailUrl\":\"https:\\\/\\\/gorzow.news\\\/wp-content\\\/uploads\\\/2021\\\/09\\\/IMG_20210804_180427-scaled.jpg\",\"keywords\":[\"Polski Zwi\u0105zek Firm Deweloperskich\",\"Ranking Miast\"],\"articleSection\":[\"Fakty i opinie\",\"Wiadomo\u015bci\"],\"inLanguage\":\"pl-PL\",\"potentialAction\":[{\"@type\":\"CommentAction\",\"name\":\"Comment\",\"target\":[\"https:\\\/\\\/gorzow.news\\\/index.php\\\/2021\\\/09\\\/29\\\/deweloperzy-gorzow-najsprawniej-dzialajacym-samorzadem\\\/#respond\"]}]},{\"@type\":\"WebPage\",\"@id\":\"https:\\\/\\\/gorzow.news\\\/index.php\\\/2021\\\/09\\\/29\\\/deweloperzy-gorzow-najsprawniej-dzialajacym-samorzadem\\\/\",\"url\":\"https:\\\/\\\/gorzow.news\\\/index.php\\\/2021\\\/09\\\/29\\\/deweloperzy-gorzow-najsprawniej-dzialajacym-samorzadem\\\/\",\"name\":\"Deweloperzy: Gorz\u00f3w najsprawniej dzia\u0142aj\u0105cym samorz\u0105dem - Gorz\u00f3w News\",\"isPartOf\":{\"@id\":\"https:\\\/\\\/gorzow.news\\\/#website\"},\"primaryImageOfPage\":{\"@id\":\"https:\\\/\\\/gorzow.news\\\/index.php\\\/2021\\\/09\\\/29\\\/deweloperzy-gorzow-najsprawniej-dzialajacym-samorzadem\\\/#primaryimage\"},\"image\":{\"@id\":\"https:\\\/\\\/gorzow.news\\\/index.php\\\/2021\\\/09\\\/29\\\/deweloperzy-gorzow-najsprawniej-dzialajacym-samorzadem\\\/#primaryimage\"},\"thumbnailUrl\":\"https:\\\/\\\/gorzow.news\\\/wp-content\\\/uploads\\\/2021\\\/09\\\/IMG_20210804_180427-scaled.jpg\",\"datePublished\":\"2021-09-29T09:01:04+00:00\",\"dateModified\":\"2021-09-29T09:01:09+00:00\",\"author\":{\"@id\":\"https:\\\/\\\/gorzow.news\\\/#\\\/schema\\\/person\\\/a1e5ab43166369f2ce236a1cd90995bb\"},\"description\":\"Prezydent Gorzowa Jacek W\u00f3jcicki odebra\u0142 nagrod\u0119 dla samorz\u0105du, najsprawniej dzia\u0142aj\u0105cego w procesie inwestycyjnym. Nagrod\u0119 przyzna\u0142 Polski Zwi\u0105zek Firm Deweloperskich. Wr\u0119czono j\u0105 podczas og\u00f3lnopolskiej konferencji Dni Dewelopera, kt\u00f3ra odby\u0142a si\u0119 we Wroc\u0142awiu.\",\"breadcrumb\":{\"@id\":\"https:\\\/\\\/gorzow.news\\\/index.php\\\/2021\\\/09\\\/29\\\/deweloperzy-gorzow-najsprawniej-dzialajacym-samorzadem\\\/#breadcrumb\"},\"inLanguage\":\"pl-PL\",\"potentialAction\":[{\"@type\":\"ReadAction\",\"target\":[\"https:\\\/\\\/gorzow.news\\\/index.php\\\/2021\\\/09\\\/29\\\/deweloperzy-gorzow-najsprawniej-dzialajacym-samorzadem\\\/\"]}]},{\"@type\":\"ImageObject\",\"inLanguage\":\"pl-PL\",\"@id\":\"https:\\\/\\\/gorzow.news\\\/index.php\\\/2021\\\/09\\\/29\\\/deweloperzy-gorzow-najsprawniej-dzialajacym-samorzadem\\\/#primaryimage\",\"url\":\"https:\\\/\\\/gorzow.news\\\/wp-content\\\/uploads\\\/2021\\\/09\\\/IMG_20210804_180427-scaled.jpg\",\"contentUrl\":\"https:\\\/\\\/gorzow.news\\\/wp-content\\\/uploads\\\/2021\\\/09\\\/IMG_20210804_180427-scaled.jpg\",\"width\":2560,\"height\":1440},{\"@type\":\"BreadcrumbList\",\"@id\":\"https:\\\/\\\/gorzow.news\\\/index.php\\\/2021\\\/09\\\/29\\\/deweloperzy-gorzow-najsprawniej-dzialajacym-samorzadem\\\/#breadcrumb\",\"itemListElement\":[{\"@type\":\"ListItem\",\"position\":1,\"name\":\"Home\",\"item\":\"https:\\\/\\\/gorzow.news\\\/\"},{\"@type\":\"ListItem\",\"position\":2,\"name\":\"Deweloperzy: Gorz\u00f3w najsprawniej dzia\u0142aj\u0105cym samorz\u0105dem\"}]},{\"@type\":\"WebSite\",\"@id\":\"https:\\\/\\\/gorzow.news\\\/#website\",\"url\":\"https:\\\/\\\/gorzow.news\\\/\",\"name\":\"Gorz\u00f3w News\",\"description\":\"Sp\u00f3jrz inaczej na miato i region...\",\"potentialAction\":[{\"@type\":\"SearchAction\",\"target\":{\"@type\":\"EntryPoint\",\"urlTemplate\":\"https:\\\/\\\/gorzow.news\\\/?s={search_term_string}\"},\"query-input\":{\"@type\":\"PropertyValueSpecification\",\"valueRequired\":true,\"valueName\":\"search_term_string\"}}],\"inLanguage\":\"pl-PL\"},{\"@type\":\"Person\",\"@id\":\"https:\\\/\\\/gorzow.news\\\/#\\\/schema\\\/person\\\/a1e5ab43166369f2ce236a1cd90995bb\",\"name\":\"maciej\",\"image\":{\"@type\":\"ImageObject\",\"inLanguage\":\"pl-PL\",\"@id\":\"https:\\\/\\\/secure.gravatar.com\\\/avatar\\\/530a674d56ba60cfa0ef21d74e8e8d123a51bb7aa6580465b5c2ab2c2e980a19?s=96&r=g&d=https:\\\/\\\/gorzow.news\\\/wp-content\\\/plugins\\\/userswp\\\/assets\\\/images\\\/no_profile.png\",\"url\":\"https:\\\/\\\/secure.gravatar.com\\\/avatar\\\/530a674d56ba60cfa0ef21d74e8e8d123a51bb7aa6580465b5c2ab2c2e980a19?s=96&r=g&d=https:\\\/\\\/gorzow.news\\\/wp-content\\\/plugins\\\/userswp\\\/assets\\\/images\\\/no_profile.png\",\"contentUrl\":\"https:\\\/\\\/secure.gravatar.com\\\/avatar\\\/530a674d56ba60cfa0ef21d74e8e8d123a51bb7aa6580465b5c2ab2c2e980a19?s=96&r=g&d=https:\\\/\\\/gorzow.news\\\/wp-content\\\/plugins\\\/userswp\\\/assets\\\/images\\\/no_profile.png\",\"caption\":\"maciej\"},\"url\":\"https:\\\/\\\/gorzow.news\\\/index.php\\\/profile\\\/maciej\\\/\"}]}<\/script>\n<!-- \/ Yoast SEO plugin. -->","yoast_head_json":{"title":"Deweloperzy: Gorz\u00f3w najsprawniej dzia\u0142aj\u0105cym samorz\u0105dem - Gorz\u00f3w News","description":"Prezydent Gorzowa Jacek W\u00f3jcicki odebra\u0142 nagrod\u0119 dla samorz\u0105du, najsprawniej dzia\u0142aj\u0105cego w procesie inwestycyjnym. Nagrod\u0119 przyzna\u0142 Polski Zw","robots":{"index":"index","follow":"follow","max-snippet":"max-snippet:-1","max-image-preview":"max-image-preview:large","max-video-preview":"max-video-preview:-1"},"canonical":"https:\/\/gorzow.news\/index.php\/2021\/09\/29\/deweloperzy-gorzow-najsprawniej-dzialajacym-samorzadem\/","og_locale":"pl_PL","og_type":"article","og_title":"Deweloperzy: Gorz\u00f3w najsprawniej dzia\u0142aj\u0105cym samorz\u0105dem - Gorz\u00f3w News","og_description":"Prezydent Gorzowa Jacek W\u00f3jcicki odebra\u0142 nagrod\u0119 dla samorz\u0105du, najsprawniej dzia\u0142aj\u0105cego w procesie inwestycyjnym. Nagrod\u0119 przyzna\u0142 Polski Zw","og_url":"https:\/\/gorzow.news\/index.php\/2021\/09\/29\/deweloperzy-gorzow-najsprawniej-dzialajacym-samorzadem\/","og_site_name":"Gorz\u00f3w News","article_publisher":"https:\/\/www.facebook.com\/gorzowskinews","article_published_time":"2021-09-29T09:01:04+00:00","article_modified_time":"2021-09-29T09:01:09+00:00","og_image":[{"width":2560,"height":1440,"url":"https:\/\/gorzow.news\/wp-content\/uploads\/2021\/09\/IMG_20210804_180427-scaled.jpg","type":"image\/jpeg"}],"author":"maciej","twitter_card":"summary_large_image","twitter_misc":{"Napisane przez":"maciej","Szacowany czas czytania":"2 minuty"},"schema":{"@context":"https:\/\/schema.org","@graph":[{"@type":"Article","@id":"https:\/\/gorzow.news\/index.php\/2021\/09\/29\/deweloperzy-gorzow-najsprawniej-dzialajacym-samorzadem\/#article","isPartOf":{"@id":"https:\/\/gorzow.news\/index.php\/2021\/09\/29\/deweloperzy-gorzow-najsprawniej-dzialajacym-samorzadem\/"},"author":{"name":"maciej","@id":"https:\/\/gorzow.news\/#\/schema\/person\/a1e5ab43166369f2ce236a1cd90995bb"},"headline":"Deweloperzy: Gorz\u00f3w najsprawniej dzia\u0142aj\u0105cym samorz\u0105dem","datePublished":"2021-09-29T09:01:04+00:00","dateModified":"2021-09-29T09:01:09+00:00","mainEntityOfPage":{"@id":"https:\/\/gorzow.news\/index.php\/2021\/09\/29\/deweloperzy-gorzow-najsprawniej-dzialajacym-samorzadem\/"},"wordCount":318,"commentCount":0,"image":{"@id":"https:\/\/gorzow.news\/index.php\/2021\/09\/29\/deweloperzy-gorzow-najsprawniej-dzialajacym-samorzadem\/#primaryimage"},"thumbnailUrl":"https:\/\/gorzow.news\/wp-content\/uploads\/2021\/09\/IMG_20210804_180427-scaled.jpg","keywords":["Polski Zwi\u0105zek Firm Deweloperskich","Ranking Miast"],"articleSection":["Fakty i opinie","Wiadomo\u015bci"],"inLanguage":"pl-PL","potentialAction":[{"@type":"CommentAction","name":"Comment","target":["https:\/\/gorzow.news\/index.php\/2021\/09\/29\/deweloperzy-gorzow-najsprawniej-dzialajacym-samorzadem\/#respond"]}]},{"@type":"WebPage","@id":"https:\/\/gorzow.news\/index.php\/2021\/09\/29\/deweloperzy-gorzow-najsprawniej-dzialajacym-samorzadem\/","url":"https:\/\/gorzow.news\/index.php\/2021\/09\/29\/deweloperzy-gorzow-najsprawniej-dzialajacym-samorzadem\/","name":"Deweloperzy: Gorz\u00f3w najsprawniej dzia\u0142aj\u0105cym samorz\u0105dem - Gorz\u00f3w News","isPartOf":{"@id":"https:\/\/gorzow.news\/#website"},"primaryImageOfPage":{"@id":"https:\/\/gorzow.news\/index.php\/2021\/09\/29\/deweloperzy-gorzow-najsprawniej-dzialajacym-samorzadem\/#primaryimage"},"image":{"@id":"https:\/\/gorzow.news\/index.php\/2021\/09\/29\/deweloperzy-gorzow-najsprawniej-dzialajacym-samorzadem\/#primaryimage"},"thumbnailUrl":"https:\/\/gorzow.news\/wp-content\/uploads\/2021\/09\/IMG_20210804_180427-scaled.jpg","datePublished":"2021-09-29T09:01:04+00:00","dateModified":"2021-09-29T09:01:09+00:00","author":{"@id":"https:\/\/gorzow.news\/#\/schema\/person\/a1e5ab43166369f2ce236a1cd90995bb"},"description":"Prezydent Gorzowa Jacek W\u00f3jcicki odebra\u0142 nagrod\u0119 dla samorz\u0105du, najsprawniej dzia\u0142aj\u0105cego w procesie inwestycyjnym. Nagrod\u0119 przyzna\u0142 Polski Zwi\u0105zek Firm Deweloperskich. Wr\u0119czono j\u0105 podczas og\u00f3lnopolskiej konferencji Dni Dewelopera, kt\u00f3ra odby\u0142a si\u0119 we Wroc\u0142awiu.","breadcrumb":{"@id":"https:\/\/gorzow.news\/index.php\/2021\/09\/29\/deweloperzy-gorzow-najsprawniej-dzialajacym-samorzadem\/#breadcrumb"},"inLanguage":"pl-PL","potentialAction":[{"@type":"ReadAction","target":["https:\/\/gorzow.news\/index.php\/2021\/09\/29\/deweloperzy-gorzow-najsprawniej-dzialajacym-samorzadem\/"]}]},{"@type":"ImageObject","inLanguage":"pl-PL","@id":"https:\/\/gorzow.news\/index.php\/2021\/09\/29\/deweloperzy-gorzow-najsprawniej-dzialajacym-samorzadem\/#primaryimage","url":"https:\/\/gorzow.news\/wp-content\/uploads\/2021\/09\/IMG_20210804_180427-scaled.jpg","contentUrl":"https:\/\/gorzow.news\/wp-content\/uploads\/2021\/09\/IMG_20210804_180427-scaled.jpg","width":2560,"height":1440},{"@type":"BreadcrumbList","@id":"https:\/\/gorzow.news\/index.php\/2021\/09\/29\/deweloperzy-gorzow-najsprawniej-dzialajacym-samorzadem\/#breadcrumb","itemListElement":[{"@type":"ListItem","position":1,"name":"Home","item":"https:\/\/gorzow.news\/"},{"@type":"ListItem","position":2,"name":"Deweloperzy: Gorz\u00f3w najsprawniej dzia\u0142aj\u0105cym samorz\u0105dem"}]},{"@type":"WebSite","@id":"https:\/\/gorzow.news\/#website","url":"https:\/\/gorzow.news\/","name":"Gorz\u00f3w News","description":"Sp\u00f3jrz inaczej na miato i region...","potentialAction":[{"@type":"SearchAction","target":{"@type":"EntryPoint","urlTemplate":"https:\/\/gorzow.news\/?s={search_term_string}"},"query-input":{"@type":"PropertyValueSpecification","valueRequired":true,"valueName":"search_term_string"}}],"inLanguage":"pl-PL"},{"@type":"Person","@id":"https:\/\/gorzow.news\/#\/schema\/person\/a1e5ab43166369f2ce236a1cd90995bb","name":"maciej","image":{"@type":"ImageObject","inLanguage":"pl-PL","@id":"https:\/\/secure.gravatar.com\/avatar\/530a674d56ba60cfa0ef21d74e8e8d123a51bb7aa6580465b5c2ab2c2e980a19?s=96&r=g&d=https:\/\/gorzow.news\/wp-content\/plugins\/userswp\/assets\/images\/no_profile.png","url":"https:\/\/secure.gravatar.com\/avatar\/530a674d56ba60cfa0ef21d74e8e8d123a51bb7aa6580465b5c2ab2c2e980a19?s=96&r=g&d=https:\/\/gorzow.news\/wp-content\/plugins\/userswp\/assets\/images\/no_profile.png","contentUrl":"https:\/\/secure.gravatar.com\/avatar\/530a674d56ba60cfa0ef21d74e8e8d123a51bb7aa6580465b5c2ab2c2e980a19?s=96&r=g&d=https:\/\/gorzow.news\/wp-content\/plugins\/userswp\/assets\/images\/no_profile.png","caption":"maciej"},"url":"https:\/\/gorzow.news\/index.php\/profile\/maciej\/"}]}},"_links":{"self":[{"href":"https:\/\/gorzow.news\/index.php\/wp-json\/wp\/v2\/posts\/3488","targetHints":{"allow":["GET"]}}],"collection":[{"href":"https:\/\/gorzow.news\/index.php\/wp-json\/wp\/v2\/posts"}],"about":[{"href":"https:\/\/gorzow.news\/index.php\/wp-json\/wp\/v2\/types\/post"}],"author":[{"embeddable":true,"href":"https:\/\/gorzow.news\/index.php\/wp-json\/wp\/v2\/users\/1"}],"replies":[{"embeddable":true,"href":"https:\/\/gorzow.news\/index.php\/wp-json\/wp\/v2\/comments?post=3488"}],"version-history":[{"count":0,"href":"https:\/\/gorzow.news\/index.php\/wp-json\/wp\/v2\/posts\/3488\/revisions"}],"wp:featuredmedia":[{"embeddable":true,"href":"https:\/\/gorzow.news\/index.php\/wp-json\/wp\/v2\/media\/3489"}],"wp:attachment":[{"href":"https:\/\/gorzow.news\/index.php\/wp-json\/wp\/v2\/media?parent=3488"}],"wp:term":[{"taxonomy":"category","embeddable":true,"href":"https:\/\/gorzow.news\/index.php\/wp-json\/wp\/v2\/categories?post=3488"},{"taxonomy":"post_tag","embeddable":true,"href":"https:\/\/gorzow.news\/index.php\/wp-json\/wp\/v2\/tags?post=3488"}],"curies":[{"name":"wp","href":"https:\/\/api.w.org\/{rel}","templated":true}]}}