{"id":34829,"date":"2025-09-12T14:03:05","date_gmt":"2025-09-12T12:03:05","guid":{"rendered":"https:\/\/gorzow.news\/?p=34829"},"modified":"2025-09-12T14:03:10","modified_gmt":"2025-09-12T12:03:10","slug":"remont-schodow-na-dolinkach-miedzy-nowa-i-widokiem-trwa-w-najlepsze-jeszcze-w-tym-miesiacu-maja-byc-gotowe","status":"publish","type":"post","link":"https:\/\/gorzow.news\/index.php\/2025\/09\/12\/remont-schodow-na-dolinkach-miedzy-nowa-i-widokiem-trwa-w-najlepsze-jeszcze-w-tym-miesiacu-maja-byc-gotowe\/","title":{"rendered":"Remont schod\u00f3w na Dolinkach mi\u0119dzy Now\u0105 i Widokiem trwa w najlepsze. Jeszcze w tym miesi\u0105cu maj\u0105 by\u0107 gotowe!"},"content":{"rendered":"\n<p><strong>Wracamy do tematu remontu schod\u00f3w znajduj\u0105cych si\u0119 tu\u017c obok Szko\u0142y Podstawowej nr 9 przy ul. Nowej. W po\u0142owie lipca informowali\u015bmy na \u0142amach Gorz\u00f3w News, \u017ce rozpocz\u0119\u0142y si\u0119 przygotowania do remontu schod\u00f3w polegaj\u0105ce na wycince poro\u015bni\u0119tych dziko krzew\u00f3w. Inwestycja realizowana jest w ramach Bud\u017cetu obywatelskiego za 2024 rok. Jak si\u0119 okaza\u0142o p\u00f3\u017aniej same przygotowania prowadzi\u0142 ju\u017c g\u0142\u00f3wny wykonawca przebudowy &#8211; firma &#8211; FORTIS AS Sp.z o.o. Wykonawca wy\u0142oniony zosta\u0142 w trybie zapytania ofertowego.<\/strong><\/p>\n\n\n\n<p>W projekcie zadania zapisano: Remont schod\u00f3w terenowych wraz z por\u0119czami oraz ci\u0105gami pieszymi po obu stronach schod\u00f3w, zlokalizowanymi w pasie drogowym ul. Nowej, pomi\u0119dzy Szko\u0142\u0105 Podstawow\u0105 i Centrum Medycznym PZU Zdrowie tworz\u0105cych ci\u0105g komunikacyjny do ul. Widok.<\/p>\n\n\n\r\n                <style type=\"text\/css\">\r\n                    \r\n                    #tdi_1  .td-doubleSlider-2 .td-item1 {\r\n                        background: url(https:\/\/gorzow.news\/wp-content\/uploads\/2025\/09\/IMG_20250909_181641233-scaled.jpg) 0 0 no-repeat;\r\n                    }\r\n                    #tdi_1  .td-doubleSlider-2 .td-item2 {\r\n                        background: url(https:\/\/gorzow.news\/wp-content\/uploads\/2025\/09\/IMG_20250909_181656812-scaled.jpg) 0 0 no-repeat;\r\n                    }\r\n                    #tdi_1  .td-doubleSlider-2 .td-item3 {\r\n                        background: url(https:\/\/gorzow.news\/wp-content\/uploads\/2025\/09\/IMG_20250909_181701691-scaled.jpg) 0 0 no-repeat;\r\n                    }\r\n                    #tdi_1  .td-doubleSlider-2 .td-item4 {\r\n                        background: url(https:\/\/gorzow.news\/wp-content\/uploads\/2025\/09\/IMG_20250912_122312000-kopia-1.jpg) 0 0 no-repeat;\r\n                    }\r\n                <\/style>\r\n\r\n                <div id=\"tdi_1\" class=\"td-gallery td-slide-on-2-columns\">\r\n                    <div class=\"post_td_gallery\">\r\n                        <div class=\"td-gallery-slide-top\">\r\n                           <div class=\"td-gallery-title\"><\/div>\r\n\r\n                            <div class=\"td-gallery-controls-wrapper\">\r\n                                <div class=\"td-gallery-slide-count\"><span class=\"td-gallery-slide-item-focus\">1<\/span> z 4<\/div>\r\n                                <div class=\"td-gallery-slide-prev-next-but\">\r\n                                    <i class = \"td-icon-left doubleSliderPrevButton\"><\/i>\r\n                                    <i class = \"td-icon-right doubleSliderNextButton\"><\/i>\r\n                                <\/div>\r\n                            <\/div>\r\n                        <\/div>\r\n\r\n                        <div class = \"td-doubleSlider-1 \">\r\n                            <div class = \"td-slider\">\r\n                                \r\n                    <div class = \"td-slide-item td-item1\">\r\n                        <figure class=\"td-slide-galery-figure td-slide-popup-gallery\">\r\n                            <a class=\"slide-gallery-image-link\" href=\"https:\/\/gorzow.news\/wp-content\/uploads\/2025\/09\/IMG_20250909_181641233-scaled.jpg\" title=\"\"  data-caption=\"\"  data-description=\"\">\r\n                                <img decoding=\"async\" src=\"https:\/\/gorzow.news\/wp-content\/uploads\/2025\/09\/IMG_20250909_181641233-scaled.jpg\" srcset=\"https:\/\/gorzow.news\/wp-content\/uploads\/2025\/09\/IMG_20250909_181641233-scaled.jpg 2560w, https:\/\/gorzow.news\/wp-content\/uploads\/2025\/09\/IMG_20250909_181641233-300x169.jpg 300w, https:\/\/gorzow.news\/wp-content\/uploads\/2025\/09\/IMG_20250909_181641233-1024x576.jpg 1024w, https:\/\/gorzow.news\/wp-content\/uploads\/2025\/09\/IMG_20250909_181641233-768x432.jpg 768w, https:\/\/gorzow.news\/wp-content\/uploads\/2025\/09\/IMG_20250909_181641233-1536x864.jpg 1536w, https:\/\/gorzow.news\/wp-content\/uploads\/2025\/09\/IMG_20250909_181641233-2048x1152.jpg 2048w, https:\/\/gorzow.news\/wp-content\/uploads\/2025\/09\/IMG_20250909_181641233-696x392.jpg 696w, https:\/\/gorzow.news\/wp-content\/uploads\/2025\/09\/IMG_20250909_181641233-1068x601.jpg 1068w, https:\/\/gorzow.news\/wp-content\/uploads\/2025\/09\/IMG_20250909_181641233-1920x1080.jpg 1920w\" sizes=\"(max-width: 2560px) 100vw, 2560px\" alt=\"\">\r\n                            <\/a>\r\n                            \r\n                        <\/figure>\r\n                    <\/div>\r\n                    <div class = \"td-slide-item td-item2\">\r\n                        <figure class=\"td-slide-galery-figure td-slide-popup-gallery\">\r\n                            <a class=\"slide-gallery-image-link\" href=\"https:\/\/gorzow.news\/wp-content\/uploads\/2025\/09\/IMG_20250909_181656812-scaled.jpg\" title=\"\"  data-caption=\"\"  data-description=\"\">\r\n                                <img decoding=\"async\" src=\"https:\/\/gorzow.news\/wp-content\/uploads\/2025\/09\/IMG_20250909_181656812-scaled.jpg\" srcset=\"https:\/\/gorzow.news\/wp-content\/uploads\/2025\/09\/IMG_20250909_181656812-scaled.jpg 2560w, https:\/\/gorzow.news\/wp-content\/uploads\/2025\/09\/IMG_20250909_181656812-300x169.jpg 300w, https:\/\/gorzow.news\/wp-content\/uploads\/2025\/09\/IMG_20250909_181656812-1024x576.jpg 1024w, https:\/\/gorzow.news\/wp-content\/uploads\/2025\/09\/IMG_20250909_181656812-768x432.jpg 768w, https:\/\/gorzow.news\/wp-content\/uploads\/2025\/09\/IMG_20250909_181656812-1536x864.jpg 1536w, https:\/\/gorzow.news\/wp-content\/uploads\/2025\/09\/IMG_20250909_181656812-2048x1152.jpg 2048w, https:\/\/gorzow.news\/wp-content\/uploads\/2025\/09\/IMG_20250909_181656812-696x392.jpg 696w, https:\/\/gorzow.news\/wp-content\/uploads\/2025\/09\/IMG_20250909_181656812-1068x601.jpg 1068w, https:\/\/gorzow.news\/wp-content\/uploads\/2025\/09\/IMG_20250909_181656812-1920x1080.jpg 1920w\" sizes=\"(max-width: 2560px) 100vw, 2560px\" alt=\"\">\r\n                            <\/a>\r\n                            \r\n                        <\/figure>\r\n                    <\/div>\r\n                    <div class = \"td-slide-item td-item3\">\r\n                        <figure class=\"td-slide-galery-figure td-slide-popup-gallery\">\r\n                            <a class=\"slide-gallery-image-link\" href=\"https:\/\/gorzow.news\/wp-content\/uploads\/2025\/09\/IMG_20250909_181701691-scaled.jpg\" title=\"\"  data-caption=\"\"  data-description=\"\">\r\n                                <img decoding=\"async\" src=\"https:\/\/gorzow.news\/wp-content\/uploads\/2025\/09\/IMG_20250909_181701691-scaled.jpg\" srcset=\"https:\/\/gorzow.news\/wp-content\/uploads\/2025\/09\/IMG_20250909_181701691-scaled.jpg 2560w, https:\/\/gorzow.news\/wp-content\/uploads\/2025\/09\/IMG_20250909_181701691-300x169.jpg 300w, https:\/\/gorzow.news\/wp-content\/uploads\/2025\/09\/IMG_20250909_181701691-1024x576.jpg 1024w, https:\/\/gorzow.news\/wp-content\/uploads\/2025\/09\/IMG_20250909_181701691-768x432.jpg 768w, https:\/\/gorzow.news\/wp-content\/uploads\/2025\/09\/IMG_20250909_181701691-1536x864.jpg 1536w, https:\/\/gorzow.news\/wp-content\/uploads\/2025\/09\/IMG_20250909_181701691-2048x1152.jpg 2048w, https:\/\/gorzow.news\/wp-content\/uploads\/2025\/09\/IMG_20250909_181701691-696x392.jpg 696w, https:\/\/gorzow.news\/wp-content\/uploads\/2025\/09\/IMG_20250909_181701691-1068x601.jpg 1068w, https:\/\/gorzow.news\/wp-content\/uploads\/2025\/09\/IMG_20250909_181701691-1920x1080.jpg 1920w\" sizes=\"(max-width: 2560px) 100vw, 2560px\" alt=\"\">\r\n                            <\/a>\r\n                            \r\n                        <\/figure>\r\n                    <\/div>\r\n                    <div class = \"td-slide-item td-item4\">\r\n                        <figure class=\"td-slide-galery-figure td-slide-popup-gallery\">\r\n                            <a class=\"slide-gallery-image-link\" href=\"https:\/\/gorzow.news\/wp-content\/uploads\/2025\/09\/IMG_20250912_122312000-kopia-1.jpg\" title=\"\"  data-caption=\"\"  data-description=\"\">\r\n                                <img decoding=\"async\" src=\"https:\/\/gorzow.news\/wp-content\/uploads\/2025\/09\/IMG_20250912_122312000-kopia-1.jpg\" srcset=\"https:\/\/gorzow.news\/wp-content\/uploads\/2025\/09\/IMG_20250912_122312000-kopia-1.jpg 1600w, https:\/\/gorzow.news\/wp-content\/uploads\/2025\/09\/IMG_20250912_122312000-kopia-1-300x169.jpg 300w, https:\/\/gorzow.news\/wp-content\/uploads\/2025\/09\/IMG_20250912_122312000-kopia-1-1024x576.jpg 1024w, https:\/\/gorzow.news\/wp-content\/uploads\/2025\/09\/IMG_20250912_122312000-kopia-1-768x432.jpg 768w, https:\/\/gorzow.news\/wp-content\/uploads\/2025\/09\/IMG_20250912_122312000-kopia-1-1536x864.jpg 1536w, https:\/\/gorzow.news\/wp-content\/uploads\/2025\/09\/IMG_20250912_122312000-kopia-1-696x392.jpg 696w, https:\/\/gorzow.news\/wp-content\/uploads\/2025\/09\/IMG_20250912_122312000-kopia-1-1068x601.jpg 1068w\" sizes=\"(max-width: 1600px) 100vw, 1600px\" alt=\"\">\r\n                            <\/a>\r\n                            \r\n                        <\/figure>\r\n                    <\/div>\r\n                            <\/div>\r\n                        <\/div>\r\n\r\n                        <div class = \"td-doubleSlider-2\">\r\n                            <div class = \"td-slider\">\r\n                                \r\n                    <div class = \"td-button td-item1\">\r\n                        <div class = \"td-border\"><\/div>\r\n                    <\/div>\r\n                    <div class = \"td-button td-item2\">\r\n                        <div class = \"td-border\"><\/div>\r\n                    <\/div>\r\n                    <div class = \"td-button td-item3\">\r\n                        <div class = \"td-border\"><\/div>\r\n                    <\/div>\r\n                    <div class = \"td-button td-item4\">\r\n                        <div class = \"td-border\"><\/div>\r\n                    <\/div>\r\n                            <\/div>\r\n                        <\/div>\r\n\r\n                    <\/div>\r\n\r\n                <\/div>\r\n                \n\n\n<p>W lutym br. zosta\u0142o przeprowadzone post\u0119powanie w trybie zapytania ofertowego, maj\u0105ce na celu wyb\u00f3r wykonawcy dokumentacji projektowej. Zosta\u0142 wybrany projektant &#8211; Siedem Wzg\u00f3rz Krzysztof Le\u015bnicki, z kt\u00f3rym zosta\u0142a podpisana umowa. Dokumentacja zosta\u0142a wykonana i odebrana. Koszt wykonania dokumentacji wyni\u00f3s\u0142 15.990 z\u0142.<\/p>\n\n\n\n<p>W ramach Bud\u017cetu Obywatelskiego remont schod\u00f3w wyceniono na 427.100 z\u0142. O dziwo od pocz\u0105tku zastosowano tryb zapytania ofertowego, kt\u00f3ry stosuje si\u0119 do kwoty 130.000 z\u0142 netto (od 1 stycznia 2026 r. b\u0119dzie to kwota 170.000 z\u0142 netto) i firma FORTIS AS Sp.z o.o. zadeklarowa\u0142a realizacj\u0119 inwestycji za kwot\u0119 108 381,21 z\u0142 brutto. Dok\u0142adaj\u0105c do tego 15.990 z\u0142 za dokumentacj\u0119 projektow\u0105 wychodzi, \u017ce zadanie zostanie zrealizowane blisko cztery razy taniej ni\u017c zak\u0142adano. Sk\u0105d wi\u0119c takie r\u00f3\u017cnice? Mieszka\u0144cy osiedla Dolinki pozbawieni zostali w ten spos\u00f3b ponad 300.000 z\u0142, kt\u00f3re mogliby przeznaczy\u0107 na inne zadania. Do tego tematu jeszcze wr\u00f3cimy.<\/p>\n\n\n\n<p>Firma FORTIS AS Sp. z o.o. zadeklarowa\u0142a zako\u0144czenie prac przy remoncie schod\u00f3w do 20 wrze\u015bnia 2025 r. B\u0119d\u0105c na miejscu inwestycji mamy jednak w\u0105tpliwo\u015bci, czy rzeczywi\u015bcie prace uda si\u0119 uko\u0144czy\u0107 w ci\u0105gu tygodnia.<\/p>\n","protected":false},"excerpt":{"rendered":"<p>Wracamy do tematu remontu schod\u00f3w znajduj\u0105cych si\u0119 tu\u017c obok Szko\u0142y Podstawowej nr 9 przy ul. Nowej. W po\u0142owie lipca informowali\u015bmy na \u0142amach Gorz\u00f3w News, \u017ce rozpocz\u0119\u0142y si\u0119 przygotowania do remontu schod\u00f3w polegaj\u0105ce na wycince poro\u015bni\u0119tych dziko krzew\u00f3w. Inwestycja realizowana jest w ramach Bud\u017cetu obywatelskiego za 2024 rok. Jak si\u0119 okaza\u0142o p\u00f3\u017aniej same przygotowania prowadzi\u0142 ju\u017c [&hellip;]<\/p>\n","protected":false},"author":1,"featured_media":34830,"comment_status":"open","ping_status":"open","sticky":false,"template":"","format":"standard","meta":{"footnotes":"","_links_to":"","_links_to_target":""},"categories":[2018,593,589],"tags":[347,3550,2208,2554,3489,916],"class_list":{"0":"post-34829","1":"post","2":"type-post","3":"status-publish","4":"format-standard","5":"has-post-thumbnail","7":"category-dolinki","8":"category-inwestycje-miejskie","9":"category-wiadomosci","10":"tag-budzet-obywatelski","11":"tag-fortis-as-sp-z-o-o-2","12":"tag-nowa","13":"tag-siedem-wzgorz-krzysztof-lesnicki","14":"tag-szkola-podstawowa-nr-9","15":"tag-widok"},"yoast_head":"<!-- This site is optimized with the Yoast SEO plugin v27.3 - https:\/\/yoast.com\/product\/yoast-seo-wordpress\/ -->\n<title>Remont schod\u00f3w na Dolinkach mi\u0119dzy Now\u0105 i Widokiem trwa w najlepsze. Jeszcze w tym miesi\u0105cu maj\u0105 by\u0107 gotowe! - Gorz\u00f3w News<\/title>\n<meta name=\"description\" content=\"Wracamy do tematu remontu schod\u00f3w znajduj\u0105cych si\u0119 tu\u017c obok Szko\u0142y Podstawowej nr 9 przy ul. Nowej. W po\u0142owie lipca informowali\u015bmy na \u0142amach G\" \/>\n<meta name=\"robots\" content=\"index, follow, max-snippet:-1, max-image-preview:large, max-video-preview:-1\" \/>\n<link rel=\"canonical\" href=\"https:\/\/gorzow.news\/index.php\/2025\/09\/12\/remont-schodow-na-dolinkach-miedzy-nowa-i-widokiem-trwa-w-najlepsze-jeszcze-w-tym-miesiacu-maja-byc-gotowe\/\" \/>\n<meta property=\"og:locale\" content=\"pl_PL\" \/>\n<meta property=\"og:type\" content=\"article\" \/>\n<meta property=\"og:title\" content=\"Remont schod\u00f3w na Dolinkach mi\u0119dzy Now\u0105 i Widokiem trwa w najlepsze. Jeszcze w tym miesi\u0105cu maj\u0105 by\u0107 gotowe! - Gorz\u00f3w News\" \/>\n<meta property=\"og:description\" content=\"Wracamy do tematu remontu schod\u00f3w znajduj\u0105cych si\u0119 tu\u017c obok Szko\u0142y Podstawowej nr 9 przy ul. Nowej. W po\u0142owie lipca informowali\u015bmy na \u0142amach G\" \/>\n<meta property=\"og:url\" content=\"https:\/\/gorzow.news\/index.php\/2025\/09\/12\/remont-schodow-na-dolinkach-miedzy-nowa-i-widokiem-trwa-w-najlepsze-jeszcze-w-tym-miesiacu-maja-byc-gotowe\/\" \/>\n<meta property=\"og:site_name\" content=\"Gorz\u00f3w News\" \/>\n<meta property=\"article:publisher\" content=\"https:\/\/www.facebook.com\/gorzowskinews\" \/>\n<meta property=\"article:published_time\" content=\"2025-09-12T12:03:05+00:00\" \/>\n<meta property=\"article:modified_time\" content=\"2025-09-12T12:03:10+00:00\" \/>\n<meta property=\"og:image\" content=\"https:\/\/gorzow.news\/wp-content\/uploads\/2025\/09\/IMG_20250912_122312000-kopia.jpg\" \/>\n\t<meta property=\"og:image:width\" content=\"1600\" \/>\n\t<meta property=\"og:image:height\" content=\"900\" \/>\n\t<meta property=\"og:image:type\" content=\"image\/jpeg\" \/>\n<meta name=\"author\" content=\"maciej\" \/>\n<meta name=\"twitter:card\" content=\"summary_large_image\" \/>\n<meta name=\"twitter:label1\" content=\"Napisane przez\" \/>\n\t<meta name=\"twitter:data1\" content=\"maciej\" \/>\n\t<meta name=\"twitter:label2\" content=\"Szacowany czas czytania\" \/>\n\t<meta name=\"twitter:data2\" content=\"2 minuty\" \/>\n<script type=\"application\/ld+json\" class=\"yoast-schema-graph\">{\"@context\":\"https:\\\/\\\/schema.org\",\"@graph\":[{\"@type\":\"Article\",\"@id\":\"https:\\\/\\\/gorzow.news\\\/index.php\\\/2025\\\/09\\\/12\\\/remont-schodow-na-dolinkach-miedzy-nowa-i-widokiem-trwa-w-najlepsze-jeszcze-w-tym-miesiacu-maja-byc-gotowe\\\/#article\",\"isPartOf\":{\"@id\":\"https:\\\/\\\/gorzow.news\\\/index.php\\\/2025\\\/09\\\/12\\\/remont-schodow-na-dolinkach-miedzy-nowa-i-widokiem-trwa-w-najlepsze-jeszcze-w-tym-miesiacu-maja-byc-gotowe\\\/\"},\"author\":{\"name\":\"maciej\",\"@id\":\"https:\\\/\\\/gorzow.news\\\/#\\\/schema\\\/person\\\/a1e5ab43166369f2ce236a1cd90995bb\"},\"headline\":\"Remont schod\u00f3w na Dolinkach mi\u0119dzy Now\u0105 i Widokiem trwa w najlepsze. Jeszcze w tym miesi\u0105cu maj\u0105 by\u0107 gotowe!\",\"datePublished\":\"2025-09-12T12:03:05+00:00\",\"dateModified\":\"2025-09-12T12:03:10+00:00\",\"mainEntityOfPage\":{\"@id\":\"https:\\\/\\\/gorzow.news\\\/index.php\\\/2025\\\/09\\\/12\\\/remont-schodow-na-dolinkach-miedzy-nowa-i-widokiem-trwa-w-najlepsze-jeszcze-w-tym-miesiacu-maja-byc-gotowe\\\/\"},\"wordCount\":360,\"commentCount\":0,\"image\":{\"@id\":\"https:\\\/\\\/gorzow.news\\\/index.php\\\/2025\\\/09\\\/12\\\/remont-schodow-na-dolinkach-miedzy-nowa-i-widokiem-trwa-w-najlepsze-jeszcze-w-tym-miesiacu-maja-byc-gotowe\\\/#primaryimage\"},\"thumbnailUrl\":\"https:\\\/\\\/gorzow.news\\\/wp-content\\\/uploads\\\/2025\\\/09\\\/IMG_20250912_122312000-kopia.jpg\",\"keywords\":[\"Bud\u017cet Obywatelski\",\"FORTIS AS Sp.z o.o.\",\"Nowa\",\"Siedem Wzg\u00f3rz Krzysztof Le\u015bnicki\",\"Szko\u0142a Podstawowa nr 9\",\"Widok\"],\"articleSection\":[\"Dolinki\",\"Inwestycje miejskie\",\"Wiadomo\u015bci\"],\"inLanguage\":\"pl-PL\",\"potentialAction\":[{\"@type\":\"CommentAction\",\"name\":\"Comment\",\"target\":[\"https:\\\/\\\/gorzow.news\\\/index.php\\\/2025\\\/09\\\/12\\\/remont-schodow-na-dolinkach-miedzy-nowa-i-widokiem-trwa-w-najlepsze-jeszcze-w-tym-miesiacu-maja-byc-gotowe\\\/#respond\"]}]},{\"@type\":\"WebPage\",\"@id\":\"https:\\\/\\\/gorzow.news\\\/index.php\\\/2025\\\/09\\\/12\\\/remont-schodow-na-dolinkach-miedzy-nowa-i-widokiem-trwa-w-najlepsze-jeszcze-w-tym-miesiacu-maja-byc-gotowe\\\/\",\"url\":\"https:\\\/\\\/gorzow.news\\\/index.php\\\/2025\\\/09\\\/12\\\/remont-schodow-na-dolinkach-miedzy-nowa-i-widokiem-trwa-w-najlepsze-jeszcze-w-tym-miesiacu-maja-byc-gotowe\\\/\",\"name\":\"Remont schod\u00f3w na Dolinkach mi\u0119dzy Now\u0105 i Widokiem trwa w najlepsze. Jeszcze w tym miesi\u0105cu maj\u0105 by\u0107 gotowe! - Gorz\u00f3w News\",\"isPartOf\":{\"@id\":\"https:\\\/\\\/gorzow.news\\\/#website\"},\"primaryImageOfPage\":{\"@id\":\"https:\\\/\\\/gorzow.news\\\/index.php\\\/2025\\\/09\\\/12\\\/remont-schodow-na-dolinkach-miedzy-nowa-i-widokiem-trwa-w-najlepsze-jeszcze-w-tym-miesiacu-maja-byc-gotowe\\\/#primaryimage\"},\"image\":{\"@id\":\"https:\\\/\\\/gorzow.news\\\/index.php\\\/2025\\\/09\\\/12\\\/remont-schodow-na-dolinkach-miedzy-nowa-i-widokiem-trwa-w-najlepsze-jeszcze-w-tym-miesiacu-maja-byc-gotowe\\\/#primaryimage\"},\"thumbnailUrl\":\"https:\\\/\\\/gorzow.news\\\/wp-content\\\/uploads\\\/2025\\\/09\\\/IMG_20250912_122312000-kopia.jpg\",\"datePublished\":\"2025-09-12T12:03:05+00:00\",\"dateModified\":\"2025-09-12T12:03:10+00:00\",\"author\":{\"@id\":\"https:\\\/\\\/gorzow.news\\\/#\\\/schema\\\/person\\\/a1e5ab43166369f2ce236a1cd90995bb\"},\"description\":\"Wracamy do tematu remontu schod\u00f3w znajduj\u0105cych si\u0119 tu\u017c obok Szko\u0142y Podstawowej nr 9 przy ul. Nowej. W po\u0142owie lipca informowali\u015bmy na \u0142amach Gorz\u00f3w News, \u017ce rozpocz\u0119\u0142y si\u0119 przygotowania do remontu schod\u00f3w polegaj\u0105ce na wycince poro\u015bni\u0119tych dziko krzew\u00f3w. Inwestycja realizowana jest w ramach Bud\u017cetu obywatelskiego za 2024 rok. Jak si\u0119 okaza\u0142o p\u00f3\u017aniej same przygotowania prowadzi\u0142 ju\u017c g\u0142\u00f3wny wykonawca przebudowy - firma - FORTIS AS Sp.z o.o. Wykonawca wy\u0142oniony zosta\u0142 w trybie zapytania ofertowego.\",\"breadcrumb\":{\"@id\":\"https:\\\/\\\/gorzow.news\\\/index.php\\\/2025\\\/09\\\/12\\\/remont-schodow-na-dolinkach-miedzy-nowa-i-widokiem-trwa-w-najlepsze-jeszcze-w-tym-miesiacu-maja-byc-gotowe\\\/#breadcrumb\"},\"inLanguage\":\"pl-PL\",\"potentialAction\":[{\"@type\":\"ReadAction\",\"target\":[\"https:\\\/\\\/gorzow.news\\\/index.php\\\/2025\\\/09\\\/12\\\/remont-schodow-na-dolinkach-miedzy-nowa-i-widokiem-trwa-w-najlepsze-jeszcze-w-tym-miesiacu-maja-byc-gotowe\\\/\"]}]},{\"@type\":\"ImageObject\",\"inLanguage\":\"pl-PL\",\"@id\":\"https:\\\/\\\/gorzow.news\\\/index.php\\\/2025\\\/09\\\/12\\\/remont-schodow-na-dolinkach-miedzy-nowa-i-widokiem-trwa-w-najlepsze-jeszcze-w-tym-miesiacu-maja-byc-gotowe\\\/#primaryimage\",\"url\":\"https:\\\/\\\/gorzow.news\\\/wp-content\\\/uploads\\\/2025\\\/09\\\/IMG_20250912_122312000-kopia.jpg\",\"contentUrl\":\"https:\\\/\\\/gorzow.news\\\/wp-content\\\/uploads\\\/2025\\\/09\\\/IMG_20250912_122312000-kopia.jpg\",\"width\":1600,\"height\":900,\"caption\":\"Remont schod\u00f3w przy ul. Nowej.\"},{\"@type\":\"BreadcrumbList\",\"@id\":\"https:\\\/\\\/gorzow.news\\\/index.php\\\/2025\\\/09\\\/12\\\/remont-schodow-na-dolinkach-miedzy-nowa-i-widokiem-trwa-w-najlepsze-jeszcze-w-tym-miesiacu-maja-byc-gotowe\\\/#breadcrumb\",\"itemListElement\":[{\"@type\":\"ListItem\",\"position\":1,\"name\":\"Home\",\"item\":\"https:\\\/\\\/gorzow.news\\\/\"},{\"@type\":\"ListItem\",\"position\":2,\"name\":\"Remont schod\u00f3w na Dolinkach mi\u0119dzy Now\u0105 i Widokiem trwa w najlepsze. Jeszcze w tym miesi\u0105cu maj\u0105 by\u0107 gotowe!\"}]},{\"@type\":\"WebSite\",\"@id\":\"https:\\\/\\\/gorzow.news\\\/#website\",\"url\":\"https:\\\/\\\/gorzow.news\\\/\",\"name\":\"Gorz\u00f3w News\",\"description\":\"Sp\u00f3jrz inaczej na miato i region...\",\"potentialAction\":[{\"@type\":\"SearchAction\",\"target\":{\"@type\":\"EntryPoint\",\"urlTemplate\":\"https:\\\/\\\/gorzow.news\\\/?s={search_term_string}\"},\"query-input\":{\"@type\":\"PropertyValueSpecification\",\"valueRequired\":true,\"valueName\":\"search_term_string\"}}],\"inLanguage\":\"pl-PL\"},{\"@type\":\"Person\",\"@id\":\"https:\\\/\\\/gorzow.news\\\/#\\\/schema\\\/person\\\/a1e5ab43166369f2ce236a1cd90995bb\",\"name\":\"maciej\",\"image\":{\"@type\":\"ImageObject\",\"inLanguage\":\"pl-PL\",\"@id\":\"https:\\\/\\\/secure.gravatar.com\\\/avatar\\\/530a674d56ba60cfa0ef21d74e8e8d123a51bb7aa6580465b5c2ab2c2e980a19?s=96&r=g&d=https:\\\/\\\/gorzow.news\\\/wp-content\\\/plugins\\\/userswp\\\/assets\\\/images\\\/no_profile.png\",\"url\":\"https:\\\/\\\/secure.gravatar.com\\\/avatar\\\/530a674d56ba60cfa0ef21d74e8e8d123a51bb7aa6580465b5c2ab2c2e980a19?s=96&r=g&d=https:\\\/\\\/gorzow.news\\\/wp-content\\\/plugins\\\/userswp\\\/assets\\\/images\\\/no_profile.png\",\"contentUrl\":\"https:\\\/\\\/secure.gravatar.com\\\/avatar\\\/530a674d56ba60cfa0ef21d74e8e8d123a51bb7aa6580465b5c2ab2c2e980a19?s=96&r=g&d=https:\\\/\\\/gorzow.news\\\/wp-content\\\/plugins\\\/userswp\\\/assets\\\/images\\\/no_profile.png\",\"caption\":\"maciej\"},\"url\":\"https:\\\/\\\/gorzow.news\\\/index.php\\\/profile\\\/maciej\\\/\"}]}<\/script>\n<!-- \/ Yoast SEO plugin. -->","yoast_head_json":{"title":"Remont schod\u00f3w na Dolinkach mi\u0119dzy Now\u0105 i Widokiem trwa w najlepsze. Jeszcze w tym miesi\u0105cu maj\u0105 by\u0107 gotowe! - Gorz\u00f3w News","description":"Wracamy do tematu remontu schod\u00f3w znajduj\u0105cych si\u0119 tu\u017c obok Szko\u0142y Podstawowej nr 9 przy ul. Nowej. W po\u0142owie lipca informowali\u015bmy na \u0142amach G","robots":{"index":"index","follow":"follow","max-snippet":"max-snippet:-1","max-image-preview":"max-image-preview:large","max-video-preview":"max-video-preview:-1"},"canonical":"https:\/\/gorzow.news\/index.php\/2025\/09\/12\/remont-schodow-na-dolinkach-miedzy-nowa-i-widokiem-trwa-w-najlepsze-jeszcze-w-tym-miesiacu-maja-byc-gotowe\/","og_locale":"pl_PL","og_type":"article","og_title":"Remont schod\u00f3w na Dolinkach mi\u0119dzy Now\u0105 i Widokiem trwa w najlepsze. Jeszcze w tym miesi\u0105cu maj\u0105 by\u0107 gotowe! - Gorz\u00f3w News","og_description":"Wracamy do tematu remontu schod\u00f3w znajduj\u0105cych si\u0119 tu\u017c obok Szko\u0142y Podstawowej nr 9 przy ul. Nowej. W po\u0142owie lipca informowali\u015bmy na \u0142amach G","og_url":"https:\/\/gorzow.news\/index.php\/2025\/09\/12\/remont-schodow-na-dolinkach-miedzy-nowa-i-widokiem-trwa-w-najlepsze-jeszcze-w-tym-miesiacu-maja-byc-gotowe\/","og_site_name":"Gorz\u00f3w News","article_publisher":"https:\/\/www.facebook.com\/gorzowskinews","article_published_time":"2025-09-12T12:03:05+00:00","article_modified_time":"2025-09-12T12:03:10+00:00","og_image":[{"width":1600,"height":900,"url":"https:\/\/gorzow.news\/wp-content\/uploads\/2025\/09\/IMG_20250912_122312000-kopia.jpg","type":"image\/jpeg"}],"author":"maciej","twitter_card":"summary_large_image","twitter_misc":{"Napisane przez":"maciej","Szacowany czas czytania":"2 minuty"},"schema":{"@context":"https:\/\/schema.org","@graph":[{"@type":"Article","@id":"https:\/\/gorzow.news\/index.php\/2025\/09\/12\/remont-schodow-na-dolinkach-miedzy-nowa-i-widokiem-trwa-w-najlepsze-jeszcze-w-tym-miesiacu-maja-byc-gotowe\/#article","isPartOf":{"@id":"https:\/\/gorzow.news\/index.php\/2025\/09\/12\/remont-schodow-na-dolinkach-miedzy-nowa-i-widokiem-trwa-w-najlepsze-jeszcze-w-tym-miesiacu-maja-byc-gotowe\/"},"author":{"name":"maciej","@id":"https:\/\/gorzow.news\/#\/schema\/person\/a1e5ab43166369f2ce236a1cd90995bb"},"headline":"Remont schod\u00f3w na Dolinkach mi\u0119dzy Now\u0105 i Widokiem trwa w najlepsze. Jeszcze w tym miesi\u0105cu maj\u0105 by\u0107 gotowe!","datePublished":"2025-09-12T12:03:05+00:00","dateModified":"2025-09-12T12:03:10+00:00","mainEntityOfPage":{"@id":"https:\/\/gorzow.news\/index.php\/2025\/09\/12\/remont-schodow-na-dolinkach-miedzy-nowa-i-widokiem-trwa-w-najlepsze-jeszcze-w-tym-miesiacu-maja-byc-gotowe\/"},"wordCount":360,"commentCount":0,"image":{"@id":"https:\/\/gorzow.news\/index.php\/2025\/09\/12\/remont-schodow-na-dolinkach-miedzy-nowa-i-widokiem-trwa-w-najlepsze-jeszcze-w-tym-miesiacu-maja-byc-gotowe\/#primaryimage"},"thumbnailUrl":"https:\/\/gorzow.news\/wp-content\/uploads\/2025\/09\/IMG_20250912_122312000-kopia.jpg","keywords":["Bud\u017cet Obywatelski","FORTIS AS Sp.z o.o.","Nowa","Siedem Wzg\u00f3rz Krzysztof Le\u015bnicki","Szko\u0142a Podstawowa nr 9","Widok"],"articleSection":["Dolinki","Inwestycje miejskie","Wiadomo\u015bci"],"inLanguage":"pl-PL","potentialAction":[{"@type":"CommentAction","name":"Comment","target":["https:\/\/gorzow.news\/index.php\/2025\/09\/12\/remont-schodow-na-dolinkach-miedzy-nowa-i-widokiem-trwa-w-najlepsze-jeszcze-w-tym-miesiacu-maja-byc-gotowe\/#respond"]}]},{"@type":"WebPage","@id":"https:\/\/gorzow.news\/index.php\/2025\/09\/12\/remont-schodow-na-dolinkach-miedzy-nowa-i-widokiem-trwa-w-najlepsze-jeszcze-w-tym-miesiacu-maja-byc-gotowe\/","url":"https:\/\/gorzow.news\/index.php\/2025\/09\/12\/remont-schodow-na-dolinkach-miedzy-nowa-i-widokiem-trwa-w-najlepsze-jeszcze-w-tym-miesiacu-maja-byc-gotowe\/","name":"Remont schod\u00f3w na Dolinkach mi\u0119dzy Now\u0105 i Widokiem trwa w najlepsze. Jeszcze w tym miesi\u0105cu maj\u0105 by\u0107 gotowe! - Gorz\u00f3w News","isPartOf":{"@id":"https:\/\/gorzow.news\/#website"},"primaryImageOfPage":{"@id":"https:\/\/gorzow.news\/index.php\/2025\/09\/12\/remont-schodow-na-dolinkach-miedzy-nowa-i-widokiem-trwa-w-najlepsze-jeszcze-w-tym-miesiacu-maja-byc-gotowe\/#primaryimage"},"image":{"@id":"https:\/\/gorzow.news\/index.php\/2025\/09\/12\/remont-schodow-na-dolinkach-miedzy-nowa-i-widokiem-trwa-w-najlepsze-jeszcze-w-tym-miesiacu-maja-byc-gotowe\/#primaryimage"},"thumbnailUrl":"https:\/\/gorzow.news\/wp-content\/uploads\/2025\/09\/IMG_20250912_122312000-kopia.jpg","datePublished":"2025-09-12T12:03:05+00:00","dateModified":"2025-09-12T12:03:10+00:00","author":{"@id":"https:\/\/gorzow.news\/#\/schema\/person\/a1e5ab43166369f2ce236a1cd90995bb"},"description":"Wracamy do tematu remontu schod\u00f3w znajduj\u0105cych si\u0119 tu\u017c obok Szko\u0142y Podstawowej nr 9 przy ul. Nowej. W po\u0142owie lipca informowali\u015bmy na \u0142amach Gorz\u00f3w News, \u017ce rozpocz\u0119\u0142y si\u0119 przygotowania do remontu schod\u00f3w polegaj\u0105ce na wycince poro\u015bni\u0119tych dziko krzew\u00f3w. Inwestycja realizowana jest w ramach Bud\u017cetu obywatelskiego za 2024 rok. Jak si\u0119 okaza\u0142o p\u00f3\u017aniej same przygotowania prowadzi\u0142 ju\u017c g\u0142\u00f3wny wykonawca przebudowy - firma - FORTIS AS Sp.z o.o. Wykonawca wy\u0142oniony zosta\u0142 w trybie zapytania ofertowego.","breadcrumb":{"@id":"https:\/\/gorzow.news\/index.php\/2025\/09\/12\/remont-schodow-na-dolinkach-miedzy-nowa-i-widokiem-trwa-w-najlepsze-jeszcze-w-tym-miesiacu-maja-byc-gotowe\/#breadcrumb"},"inLanguage":"pl-PL","potentialAction":[{"@type":"ReadAction","target":["https:\/\/gorzow.news\/index.php\/2025\/09\/12\/remont-schodow-na-dolinkach-miedzy-nowa-i-widokiem-trwa-w-najlepsze-jeszcze-w-tym-miesiacu-maja-byc-gotowe\/"]}]},{"@type":"ImageObject","inLanguage":"pl-PL","@id":"https:\/\/gorzow.news\/index.php\/2025\/09\/12\/remont-schodow-na-dolinkach-miedzy-nowa-i-widokiem-trwa-w-najlepsze-jeszcze-w-tym-miesiacu-maja-byc-gotowe\/#primaryimage","url":"https:\/\/gorzow.news\/wp-content\/uploads\/2025\/09\/IMG_20250912_122312000-kopia.jpg","contentUrl":"https:\/\/gorzow.news\/wp-content\/uploads\/2025\/09\/IMG_20250912_122312000-kopia.jpg","width":1600,"height":900,"caption":"Remont schod\u00f3w przy ul. Nowej."},{"@type":"BreadcrumbList","@id":"https:\/\/gorzow.news\/index.php\/2025\/09\/12\/remont-schodow-na-dolinkach-miedzy-nowa-i-widokiem-trwa-w-najlepsze-jeszcze-w-tym-miesiacu-maja-byc-gotowe\/#breadcrumb","itemListElement":[{"@type":"ListItem","position":1,"name":"Home","item":"https:\/\/gorzow.news\/"},{"@type":"ListItem","position":2,"name":"Remont schod\u00f3w na Dolinkach mi\u0119dzy Now\u0105 i Widokiem trwa w najlepsze. Jeszcze w tym miesi\u0105cu maj\u0105 by\u0107 gotowe!"}]},{"@type":"WebSite","@id":"https:\/\/gorzow.news\/#website","url":"https:\/\/gorzow.news\/","name":"Gorz\u00f3w News","description":"Sp\u00f3jrz inaczej na miato i region...","potentialAction":[{"@type":"SearchAction","target":{"@type":"EntryPoint","urlTemplate":"https:\/\/gorzow.news\/?s={search_term_string}"},"query-input":{"@type":"PropertyValueSpecification","valueRequired":true,"valueName":"search_term_string"}}],"inLanguage":"pl-PL"},{"@type":"Person","@id":"https:\/\/gorzow.news\/#\/schema\/person\/a1e5ab43166369f2ce236a1cd90995bb","name":"maciej","image":{"@type":"ImageObject","inLanguage":"pl-PL","@id":"https:\/\/secure.gravatar.com\/avatar\/530a674d56ba60cfa0ef21d74e8e8d123a51bb7aa6580465b5c2ab2c2e980a19?s=96&r=g&d=https:\/\/gorzow.news\/wp-content\/plugins\/userswp\/assets\/images\/no_profile.png","url":"https:\/\/secure.gravatar.com\/avatar\/530a674d56ba60cfa0ef21d74e8e8d123a51bb7aa6580465b5c2ab2c2e980a19?s=96&r=g&d=https:\/\/gorzow.news\/wp-content\/plugins\/userswp\/assets\/images\/no_profile.png","contentUrl":"https:\/\/secure.gravatar.com\/avatar\/530a674d56ba60cfa0ef21d74e8e8d123a51bb7aa6580465b5c2ab2c2e980a19?s=96&r=g&d=https:\/\/gorzow.news\/wp-content\/plugins\/userswp\/assets\/images\/no_profile.png","caption":"maciej"},"url":"https:\/\/gorzow.news\/index.php\/profile\/maciej\/"}]}},"_links":{"self":[{"href":"https:\/\/gorzow.news\/index.php\/wp-json\/wp\/v2\/posts\/34829","targetHints":{"allow":["GET"]}}],"collection":[{"href":"https:\/\/gorzow.news\/index.php\/wp-json\/wp\/v2\/posts"}],"about":[{"href":"https:\/\/gorzow.news\/index.php\/wp-json\/wp\/v2\/types\/post"}],"author":[{"embeddable":true,"href":"https:\/\/gorzow.news\/index.php\/wp-json\/wp\/v2\/users\/1"}],"replies":[{"embeddable":true,"href":"https:\/\/gorzow.news\/index.php\/wp-json\/wp\/v2\/comments?post=34829"}],"version-history":[{"count":1,"href":"https:\/\/gorzow.news\/index.php\/wp-json\/wp\/v2\/posts\/34829\/revisions"}],"predecessor-version":[{"id":34835,"href":"https:\/\/gorzow.news\/index.php\/wp-json\/wp\/v2\/posts\/34829\/revisions\/34835"}],"wp:featuredmedia":[{"embeddable":true,"href":"https:\/\/gorzow.news\/index.php\/wp-json\/wp\/v2\/media\/34830"}],"wp:attachment":[{"href":"https:\/\/gorzow.news\/index.php\/wp-json\/wp\/v2\/media?parent=34829"}],"wp:term":[{"taxonomy":"category","embeddable":true,"href":"https:\/\/gorzow.news\/index.php\/wp-json\/wp\/v2\/categories?post=34829"},{"taxonomy":"post_tag","embeddable":true,"href":"https:\/\/gorzow.news\/index.php\/wp-json\/wp\/v2\/tags?post=34829"}],"curies":[{"name":"wp","href":"https:\/\/api.w.org\/{rel}","templated":true}]}}