{"id":34090,"date":"2025-08-13T15:30:10","date_gmt":"2025-08-13T13:30:10","guid":{"rendered":"https:\/\/gorzow.news\/?p=34090"},"modified":"2025-08-13T15:31:29","modified_gmt":"2025-08-13T13:31:29","slug":"piotr-oginski-zostal-tegorocznym-ambasadorem-nocnego-szlaku-kulinarnego-w-ostatni-weekend-wakacji-zjemy-sliwke-na-wiele-sposobow","status":"publish","type":"post","link":"https:\/\/gorzow.news\/index.php\/2025\/08\/13\/piotr-oginski-zostal-tegorocznym-ambasadorem-nocnego-szlaku-kulinarnego-w-ostatni-weekend-wakacji-zjemy-sliwke-na-wiele-sposobow\/","title":{"rendered":"Piotr Ogi\u0144ski zosta\u0142 tegorocznym ambasadorem Nocnego Szlaku Kulinarnego. \u015aliwka na wiele sposob\u00f3w"},"content":{"rendered":"\n<p><strong>Kocha gotowa\u0107, jego filozofia to prostota i pasja, a ka\u017cdy odcinek jego bloga zaczyna si\u0119 charakterystycznym powitaniem: Siemanko! Piotr Ogi\u0144ski zosta\u0142 tegorocznym ambasadorem Nocnego Szlaku Kulinarnego, podczas kt\u00f3rego w ostatni weekend sierpnia degustowa\u0107 b\u0119dziemy \u015bliwk\u0119 w r\u00f3\u017cnych daniach.<\/strong><\/p>\n\n\n\n<p>&#8211; \u015aliwka jest nieoczywistym owocem, mo\u017cemy zrobi\u0107 z niej du\u017co potraw. Nie b\u0119d\u0119 jednak podpowiada\u0107. Mam nadziej\u0119, \u017ce w tym roku lokale gastronomiczne zaskocz\u0105 nas, nie mog\u0119 si\u0119 doczeka\u0107, kiedy przejd\u0119 po tych restauracjach i b\u0119d\u0119 pr\u00f3bowa\u0107 tych wspania\u0142ych da\u0144, bo \u015bliwka to jest bardzo ciekawy owoc &#8211; podkre\u015bli\u0142 Piotr Ogi\u0144ski.<\/p>\n\n\n\n<p>Najsmaczniejsza impreza w roku odb\u0119dzie si\u0119 w pi\u0105tek, 29 sierpnia od godz. 16:00 do 23:59 oraz w sobot\u0119, 30 sierpnia, w godz. 13:00 do 23:59.<\/p>\n\n\n\n<p>&#8211; Chcia\u0142am serdecznie zaprosi\u0107 wszystkich mieszka\u0144c\u00f3w Gorzowa i okolic na wyj\u0105tkowe kulinarne wydarzenie, na pi\u0105t\u0105 edycj\u0119 Nocnego Szlaku Kulinarnego. W te dwa dni nasze miasto zmieni si\u0119 w kulinarn\u0105 stolic\u0119 smak\u00f3w. Zwiedzajmy Gorz\u00f3w, podziwiajmy nasze gastronomiczne lokale. Zapewniam, \u017ce ka\u017cdy z nas znajdzie co\u015b dla siebie &#8211; zach\u0119ca prezydent <strong>Izabela Piotrowicz<\/strong>.<\/p>\n\n\n\n<p>&#8211; Punkt obs\u0142ugi NSK jak co roku, zlokalizowany b\u0119dzie na Starym Rynku, tam b\u0119dzie mo\u017cna pobra\u0107 kart\u0119 do g\u0142osowania. Opr\u00f3cz tego, jak co roku, na Starym Rynku czeka\u0107 b\u0119d\u0105 atrakcje dodatkowe: fotobudka 360, stoisko Starbucks, stoisko Gorzowskiego Rynku Hurtowego i Krajowego O\u015brodka Wsparcia Rolnictwa, gdzie \u015bliwek b\u0119dzie pod dostatkiem, a odwiedzaj\u0105cy b\u0119d\u0105 mogli sprawdzi\u0107 swoj\u0105 wiedz\u0119 w quizie dotycz\u0105cym zdrowej \u017cywno\u015bci.W tym roku jeste\u015bmy z naszym nowym partnerem z KOWR, poniewa\u017c promujemy polsk\u0105 \u017cywno\u015b\u0107, dobrej jako\u015bci. Najlepsz\u0105 \u015bliwk\u0119 kupicie na ryneczku Jerzego, zach\u0119camy do zakup\u00f3w nasze lokale gastronomiczne. \u015aliwka niejedno ma imi\u0119, mam nadziej\u0119, \u017ce \u015bliwek nam nie zabraknie &#8211; podkre\u015bli\u0142a prezes GRH <strong>Joanna Perka<\/strong>.<\/p>\n\n\n\n<p>W tegorocznej edycji wydarzenia we\u017amie udzia\u0142 48 lokali gastronomicznych. Dla u\u0142atwienia powsta\u0142a kompozycja mapowa, na kt\u00f3rej zaznaczone zosta\u0142y wszystkie miejsca <strong><a href=\"https:\/\/geoportal.um.gorzow.pl\/gorzow_wielkopolski\/miejski-system-informacji-przestrzennych?composition=530\">tutaj<\/a><\/strong>.<\/p>\n\n\n\n<p>Koszt ka\u017cdej porcji degustacyjnej w ramach NSK to maksymalnie 15 z\u0142.<\/p>\n\n\n\n<p><strong>Do wygrania fantastyczne nagrody<\/strong><\/p>\n\n\n\n<p>Odwiedzenie minimum czterech lokali i zebranie minimum czterech piecz\u0105tek oraz opis najlepszego dania pozwala na wzi\u0119cie udzia\u0142u w rywalizacji o atrakcyjne nagrody. Wype\u0142nione karty do g\u0142osowania nale\u017cy odda\u0107 do urny znajduj\u0105cej si\u0119 w punkcie obs\u0142ugi NSK na Starym Rynku, do ko\u0144ca dnia, 30 sierpnia.<\/p>\n\n\n\n<p>G\u0142\u00f3wna nagroda za najlepszy opis dania &#8211; voucher wypoczynkowy \u201eSun&amp;Snow\u201d na pobyt dla rodziny nad morzem lub w g\u00f3rach ufundowany przez firm\u0119 Kaskat Dairy.<\/p>\n\n\n\n<p>Karty podarunkowe dla 10 os\u00f3b o warto\u015bci 300 z\u0142 do kawiarni Starbucks &#8211; ufundowane przez firm\u0119 AmRest Coffee Sp. z o.o.<\/p>\n\n\n\n<p><strong>Nagrody dla restaurator\u00f3w<\/strong><\/p>\n\n\n\n<p>I miejsce &#8211; Tytu\u0142 Kr\u00f3lowej Gastronomii 2025 oraz sztandar, voucher na kampani\u0119 reklamow\u0105 w radiu przez miesi\u0105c, voucher z nagrod\u0105 od firmy SAS: na kwot\u0119 1.000 z\u0142 netto na zakup urz\u0105dzenia z wyposa\u017cenia gastronomii, kt\u00f3re znajduje si\u0119 w ofercie sas24.pl<\/p>\n\n\n\n<p>II miejsce &#8211; voucher na kampani\u0119 reklamow\u0105 w radiu przez dwa tygodnie<\/p>\n\n\n\n<p>III miejsce &#8211; voucher na kampani\u0119 reklamow\u0105 w radiu przez tydzie\u0144<\/p>\n\n\n\n<p>Organizatorem wydarzenia jest Wydzia\u0142 Obs\u0142ugi Inwestora i Biznesu Urz\u0119du Miasta i Gorzowski O\u015brodek Technologiczny.<\/p>\n\n\n\n<p>Wydarzenie realizowane w ramach projektu: \u201eCentrum Wsparcia Biznesu Miejskiego Obszaru Funkcjonalnego Gorzowa Wielkopolskiego\u201d, wsp\u00f3\u0142finansowanego ze \u015brodk\u00f3w Programu Fundusze Europejskie dla Lubuskiego 2021-2027.<\/p>\n","protected":false},"excerpt":{"rendered":"<p>Kocha gotowa\u0107, jego filozofia to prostota i pasja, a ka\u017cdy odcinek jego bloga zaczyna si\u0119 charakterystycznym powitaniem: Siemanko! Piotr Ogi\u0144ski zosta\u0142 tegorocznym ambasadorem Nocnego Szlaku Kulinarnego, podczas kt\u00f3rego w ostatni weekend sierpnia degustowa\u0107 b\u0119dziemy \u015bliwk\u0119 w r\u00f3\u017cnych daniach. &#8211; \u015aliwka jest nieoczywistym owocem, mo\u017cemy zrobi\u0107 z niej du\u017co potraw. Nie b\u0119d\u0119 jednak podpowiada\u0107. Mam nadziej\u0119, [&hellip;]<\/p>\n","protected":false},"author":1,"featured_media":34091,"comment_status":"open","ping_status":"open","sticky":false,"template":"","format":"standard","meta":{"footnotes":"","_links_to":"","_links_to_target":""},"categories":[595,589],"tags":[621,3517],"class_list":{"0":"post-34090","1":"post","2":"type-post","3":"status-publish","4":"format-standard","5":"has-post-thumbnail","7":"category-rozrywka","8":"category-wiadomosci","9":"tag-nocny-szlak-kulinarny","10":"tag-piotr-oginski"},"yoast_head":"<!-- This site is optimized with the Yoast SEO plugin v27.3 - https:\/\/yoast.com\/product\/yoast-seo-wordpress\/ -->\n<title>Piotr Ogi\u0144ski zosta\u0142 tegorocznym ambasadorem Nocnego Szlaku Kulinarnego. \u015aliwka na wiele sposob\u00f3w - Gorz\u00f3w News<\/title>\n<meta name=\"description\" content=\"Kocha gotowa\u0107, jego filozofia to prostota i pasja, a ka\u017cdy odcinek jego bloga zaczyna si\u0119 charakterystycznym powitaniem: Siemanko! Piotr Ogi\u0144ski z\" \/>\n<meta name=\"robots\" content=\"index, follow, max-snippet:-1, max-image-preview:large, max-video-preview:-1\" \/>\n<link rel=\"canonical\" href=\"https:\/\/gorzow.news\/index.php\/2025\/08\/13\/piotr-oginski-zostal-tegorocznym-ambasadorem-nocnego-szlaku-kulinarnego-w-ostatni-weekend-wakacji-zjemy-sliwke-na-wiele-sposobow\/\" \/>\n<meta property=\"og:locale\" content=\"pl_PL\" \/>\n<meta property=\"og:type\" content=\"article\" \/>\n<meta property=\"og:title\" content=\"Piotr Ogi\u0144ski zosta\u0142 tegorocznym ambasadorem Nocnego Szlaku Kulinarnego. \u015aliwka na wiele sposob\u00f3w - Gorz\u00f3w News\" \/>\n<meta property=\"og:description\" content=\"Kocha gotowa\u0107, jego filozofia to prostota i pasja, a ka\u017cdy odcinek jego bloga zaczyna si\u0119 charakterystycznym powitaniem: Siemanko! Piotr Ogi\u0144ski z\" \/>\n<meta property=\"og:url\" content=\"https:\/\/gorzow.news\/index.php\/2025\/08\/13\/piotr-oginski-zostal-tegorocznym-ambasadorem-nocnego-szlaku-kulinarnego-w-ostatni-weekend-wakacji-zjemy-sliwke-na-wiele-sposobow\/\" \/>\n<meta property=\"og:site_name\" content=\"Gorz\u00f3w News\" \/>\n<meta property=\"article:publisher\" content=\"https:\/\/www.facebook.com\/gorzowskinews\" \/>\n<meta property=\"article:published_time\" content=\"2025-08-13T13:30:10+00:00\" \/>\n<meta property=\"article:modified_time\" content=\"2025-08-13T13:31:29+00:00\" \/>\n<meta property=\"og:image\" content=\"https:\/\/gorzow.news\/wp-content\/uploads\/2025\/08\/fotob-19958.jpg\" \/>\n\t<meta property=\"og:image:width\" content=\"1620\" \/>\n\t<meta property=\"og:image:height\" content=\"766\" \/>\n\t<meta property=\"og:image:type\" content=\"image\/jpeg\" \/>\n<meta name=\"author\" content=\"maciej\" \/>\n<meta name=\"twitter:card\" content=\"summary_large_image\" \/>\n<meta name=\"twitter:label1\" content=\"Napisane przez\" \/>\n\t<meta name=\"twitter:data1\" content=\"maciej\" \/>\n\t<meta name=\"twitter:label2\" content=\"Szacowany czas czytania\" \/>\n\t<meta name=\"twitter:data2\" content=\"4 minuty\" \/>\n<script type=\"application\/ld+json\" class=\"yoast-schema-graph\">{\"@context\":\"https:\\\/\\\/schema.org\",\"@graph\":[{\"@type\":\"Article\",\"@id\":\"https:\\\/\\\/gorzow.news\\\/index.php\\\/2025\\\/08\\\/13\\\/piotr-oginski-zostal-tegorocznym-ambasadorem-nocnego-szlaku-kulinarnego-w-ostatni-weekend-wakacji-zjemy-sliwke-na-wiele-sposobow\\\/#article\",\"isPartOf\":{\"@id\":\"https:\\\/\\\/gorzow.news\\\/index.php\\\/2025\\\/08\\\/13\\\/piotr-oginski-zostal-tegorocznym-ambasadorem-nocnego-szlaku-kulinarnego-w-ostatni-weekend-wakacji-zjemy-sliwke-na-wiele-sposobow\\\/\"},\"author\":{\"name\":\"maciej\",\"@id\":\"https:\\\/\\\/gorzow.news\\\/#\\\/schema\\\/person\\\/a1e5ab43166369f2ce236a1cd90995bb\"},\"headline\":\"Piotr Ogi\u0144ski zosta\u0142 tegorocznym ambasadorem Nocnego Szlaku Kulinarnego. \u015aliwka na wiele sposob\u00f3w\",\"datePublished\":\"2025-08-13T13:30:10+00:00\",\"dateModified\":\"2025-08-13T13:31:29+00:00\",\"mainEntityOfPage\":{\"@id\":\"https:\\\/\\\/gorzow.news\\\/index.php\\\/2025\\\/08\\\/13\\\/piotr-oginski-zostal-tegorocznym-ambasadorem-nocnego-szlaku-kulinarnego-w-ostatni-weekend-wakacji-zjemy-sliwke-na-wiele-sposobow\\\/\"},\"wordCount\":575,\"commentCount\":0,\"image\":{\"@id\":\"https:\\\/\\\/gorzow.news\\\/index.php\\\/2025\\\/08\\\/13\\\/piotr-oginski-zostal-tegorocznym-ambasadorem-nocnego-szlaku-kulinarnego-w-ostatni-weekend-wakacji-zjemy-sliwke-na-wiele-sposobow\\\/#primaryimage\"},\"thumbnailUrl\":\"https:\\\/\\\/gorzow.news\\\/wp-content\\\/uploads\\\/2025\\\/08\\\/fotob-19958.jpg\",\"keywords\":[\"Nocny Szlak Kulinarny\",\"Piotr Ogi\u0144ski\"],\"articleSection\":[\"Rozrywka\",\"Wiadomo\u015bci\"],\"inLanguage\":\"pl-PL\",\"potentialAction\":[{\"@type\":\"CommentAction\",\"name\":\"Comment\",\"target\":[\"https:\\\/\\\/gorzow.news\\\/index.php\\\/2025\\\/08\\\/13\\\/piotr-oginski-zostal-tegorocznym-ambasadorem-nocnego-szlaku-kulinarnego-w-ostatni-weekend-wakacji-zjemy-sliwke-na-wiele-sposobow\\\/#respond\"]}]},{\"@type\":\"WebPage\",\"@id\":\"https:\\\/\\\/gorzow.news\\\/index.php\\\/2025\\\/08\\\/13\\\/piotr-oginski-zostal-tegorocznym-ambasadorem-nocnego-szlaku-kulinarnego-w-ostatni-weekend-wakacji-zjemy-sliwke-na-wiele-sposobow\\\/\",\"url\":\"https:\\\/\\\/gorzow.news\\\/index.php\\\/2025\\\/08\\\/13\\\/piotr-oginski-zostal-tegorocznym-ambasadorem-nocnego-szlaku-kulinarnego-w-ostatni-weekend-wakacji-zjemy-sliwke-na-wiele-sposobow\\\/\",\"name\":\"Piotr Ogi\u0144ski zosta\u0142 tegorocznym ambasadorem Nocnego Szlaku Kulinarnego. \u015aliwka na wiele sposob\u00f3w - Gorz\u00f3w News\",\"isPartOf\":{\"@id\":\"https:\\\/\\\/gorzow.news\\\/#website\"},\"primaryImageOfPage\":{\"@id\":\"https:\\\/\\\/gorzow.news\\\/index.php\\\/2025\\\/08\\\/13\\\/piotr-oginski-zostal-tegorocznym-ambasadorem-nocnego-szlaku-kulinarnego-w-ostatni-weekend-wakacji-zjemy-sliwke-na-wiele-sposobow\\\/#primaryimage\"},\"image\":{\"@id\":\"https:\\\/\\\/gorzow.news\\\/index.php\\\/2025\\\/08\\\/13\\\/piotr-oginski-zostal-tegorocznym-ambasadorem-nocnego-szlaku-kulinarnego-w-ostatni-weekend-wakacji-zjemy-sliwke-na-wiele-sposobow\\\/#primaryimage\"},\"thumbnailUrl\":\"https:\\\/\\\/gorzow.news\\\/wp-content\\\/uploads\\\/2025\\\/08\\\/fotob-19958.jpg\",\"datePublished\":\"2025-08-13T13:30:10+00:00\",\"dateModified\":\"2025-08-13T13:31:29+00:00\",\"author\":{\"@id\":\"https:\\\/\\\/gorzow.news\\\/#\\\/schema\\\/person\\\/a1e5ab43166369f2ce236a1cd90995bb\"},\"description\":\"Kocha gotowa\u0107, jego filozofia to prostota i pasja, a ka\u017cdy odcinek jego bloga zaczyna si\u0119 charakterystycznym powitaniem: Siemanko! Piotr Ogi\u0144ski zosta\u0142 tegorocznym ambasadorem Nocnego Szlaku Kulinarnego, podczas kt\u00f3rego w ostatni weekend sierpnia degustowa\u0107 b\u0119dziemy \u015bliwk\u0119 w r\u00f3\u017cnych daniach.\",\"breadcrumb\":{\"@id\":\"https:\\\/\\\/gorzow.news\\\/index.php\\\/2025\\\/08\\\/13\\\/piotr-oginski-zostal-tegorocznym-ambasadorem-nocnego-szlaku-kulinarnego-w-ostatni-weekend-wakacji-zjemy-sliwke-na-wiele-sposobow\\\/#breadcrumb\"},\"inLanguage\":\"pl-PL\",\"potentialAction\":[{\"@type\":\"ReadAction\",\"target\":[\"https:\\\/\\\/gorzow.news\\\/index.php\\\/2025\\\/08\\\/13\\\/piotr-oginski-zostal-tegorocznym-ambasadorem-nocnego-szlaku-kulinarnego-w-ostatni-weekend-wakacji-zjemy-sliwke-na-wiele-sposobow\\\/\"]}]},{\"@type\":\"ImageObject\",\"inLanguage\":\"pl-PL\",\"@id\":\"https:\\\/\\\/gorzow.news\\\/index.php\\\/2025\\\/08\\\/13\\\/piotr-oginski-zostal-tegorocznym-ambasadorem-nocnego-szlaku-kulinarnego-w-ostatni-weekend-wakacji-zjemy-sliwke-na-wiele-sposobow\\\/#primaryimage\",\"url\":\"https:\\\/\\\/gorzow.news\\\/wp-content\\\/uploads\\\/2025\\\/08\\\/fotob-19958.jpg\",\"contentUrl\":\"https:\\\/\\\/gorzow.news\\\/wp-content\\\/uploads\\\/2025\\\/08\\\/fotob-19958.jpg\",\"width\":1620,\"height\":766,\"caption\":\"fot. Jan Wojtanowski\"},{\"@type\":\"BreadcrumbList\",\"@id\":\"https:\\\/\\\/gorzow.news\\\/index.php\\\/2025\\\/08\\\/13\\\/piotr-oginski-zostal-tegorocznym-ambasadorem-nocnego-szlaku-kulinarnego-w-ostatni-weekend-wakacji-zjemy-sliwke-na-wiele-sposobow\\\/#breadcrumb\",\"itemListElement\":[{\"@type\":\"ListItem\",\"position\":1,\"name\":\"Home\",\"item\":\"https:\\\/\\\/gorzow.news\\\/\"},{\"@type\":\"ListItem\",\"position\":2,\"name\":\"Piotr Ogi\u0144ski zosta\u0142 tegorocznym ambasadorem Nocnego Szlaku Kulinarnego. \u015aliwka na wiele sposob\u00f3w\"}]},{\"@type\":\"WebSite\",\"@id\":\"https:\\\/\\\/gorzow.news\\\/#website\",\"url\":\"https:\\\/\\\/gorzow.news\\\/\",\"name\":\"Gorz\u00f3w News\",\"description\":\"Sp\u00f3jrz inaczej na miato i region...\",\"potentialAction\":[{\"@type\":\"SearchAction\",\"target\":{\"@type\":\"EntryPoint\",\"urlTemplate\":\"https:\\\/\\\/gorzow.news\\\/?s={search_term_string}\"},\"query-input\":{\"@type\":\"PropertyValueSpecification\",\"valueRequired\":true,\"valueName\":\"search_term_string\"}}],\"inLanguage\":\"pl-PL\"},{\"@type\":\"Person\",\"@id\":\"https:\\\/\\\/gorzow.news\\\/#\\\/schema\\\/person\\\/a1e5ab43166369f2ce236a1cd90995bb\",\"name\":\"maciej\",\"image\":{\"@type\":\"ImageObject\",\"inLanguage\":\"pl-PL\",\"@id\":\"https:\\\/\\\/secure.gravatar.com\\\/avatar\\\/530a674d56ba60cfa0ef21d74e8e8d123a51bb7aa6580465b5c2ab2c2e980a19?s=96&r=g&d=https:\\\/\\\/gorzow.news\\\/wp-content\\\/plugins\\\/userswp\\\/assets\\\/images\\\/no_profile.png\",\"url\":\"https:\\\/\\\/secure.gravatar.com\\\/avatar\\\/530a674d56ba60cfa0ef21d74e8e8d123a51bb7aa6580465b5c2ab2c2e980a19?s=96&r=g&d=https:\\\/\\\/gorzow.news\\\/wp-content\\\/plugins\\\/userswp\\\/assets\\\/images\\\/no_profile.png\",\"contentUrl\":\"https:\\\/\\\/secure.gravatar.com\\\/avatar\\\/530a674d56ba60cfa0ef21d74e8e8d123a51bb7aa6580465b5c2ab2c2e980a19?s=96&r=g&d=https:\\\/\\\/gorzow.news\\\/wp-content\\\/plugins\\\/userswp\\\/assets\\\/images\\\/no_profile.png\",\"caption\":\"maciej\"},\"url\":\"https:\\\/\\\/gorzow.news\\\/index.php\\\/profile\\\/maciej\\\/\"}]}<\/script>\n<!-- \/ Yoast SEO plugin. -->","yoast_head_json":{"title":"Piotr Ogi\u0144ski zosta\u0142 tegorocznym ambasadorem Nocnego Szlaku Kulinarnego. \u015aliwka na wiele sposob\u00f3w - Gorz\u00f3w News","description":"Kocha gotowa\u0107, jego filozofia to prostota i pasja, a ka\u017cdy odcinek jego bloga zaczyna si\u0119 charakterystycznym powitaniem: Siemanko! Piotr Ogi\u0144ski z","robots":{"index":"index","follow":"follow","max-snippet":"max-snippet:-1","max-image-preview":"max-image-preview:large","max-video-preview":"max-video-preview:-1"},"canonical":"https:\/\/gorzow.news\/index.php\/2025\/08\/13\/piotr-oginski-zostal-tegorocznym-ambasadorem-nocnego-szlaku-kulinarnego-w-ostatni-weekend-wakacji-zjemy-sliwke-na-wiele-sposobow\/","og_locale":"pl_PL","og_type":"article","og_title":"Piotr Ogi\u0144ski zosta\u0142 tegorocznym ambasadorem Nocnego Szlaku Kulinarnego. \u015aliwka na wiele sposob\u00f3w - Gorz\u00f3w News","og_description":"Kocha gotowa\u0107, jego filozofia to prostota i pasja, a ka\u017cdy odcinek jego bloga zaczyna si\u0119 charakterystycznym powitaniem: Siemanko! Piotr Ogi\u0144ski z","og_url":"https:\/\/gorzow.news\/index.php\/2025\/08\/13\/piotr-oginski-zostal-tegorocznym-ambasadorem-nocnego-szlaku-kulinarnego-w-ostatni-weekend-wakacji-zjemy-sliwke-na-wiele-sposobow\/","og_site_name":"Gorz\u00f3w News","article_publisher":"https:\/\/www.facebook.com\/gorzowskinews","article_published_time":"2025-08-13T13:30:10+00:00","article_modified_time":"2025-08-13T13:31:29+00:00","og_image":[{"width":1620,"height":766,"url":"https:\/\/gorzow.news\/wp-content\/uploads\/2025\/08\/fotob-19958.jpg","type":"image\/jpeg"}],"author":"maciej","twitter_card":"summary_large_image","twitter_misc":{"Napisane przez":"maciej","Szacowany czas czytania":"4 minuty"},"schema":{"@context":"https:\/\/schema.org","@graph":[{"@type":"Article","@id":"https:\/\/gorzow.news\/index.php\/2025\/08\/13\/piotr-oginski-zostal-tegorocznym-ambasadorem-nocnego-szlaku-kulinarnego-w-ostatni-weekend-wakacji-zjemy-sliwke-na-wiele-sposobow\/#article","isPartOf":{"@id":"https:\/\/gorzow.news\/index.php\/2025\/08\/13\/piotr-oginski-zostal-tegorocznym-ambasadorem-nocnego-szlaku-kulinarnego-w-ostatni-weekend-wakacji-zjemy-sliwke-na-wiele-sposobow\/"},"author":{"name":"maciej","@id":"https:\/\/gorzow.news\/#\/schema\/person\/a1e5ab43166369f2ce236a1cd90995bb"},"headline":"Piotr Ogi\u0144ski zosta\u0142 tegorocznym ambasadorem Nocnego Szlaku Kulinarnego. \u015aliwka na wiele sposob\u00f3w","datePublished":"2025-08-13T13:30:10+00:00","dateModified":"2025-08-13T13:31:29+00:00","mainEntityOfPage":{"@id":"https:\/\/gorzow.news\/index.php\/2025\/08\/13\/piotr-oginski-zostal-tegorocznym-ambasadorem-nocnego-szlaku-kulinarnego-w-ostatni-weekend-wakacji-zjemy-sliwke-na-wiele-sposobow\/"},"wordCount":575,"commentCount":0,"image":{"@id":"https:\/\/gorzow.news\/index.php\/2025\/08\/13\/piotr-oginski-zostal-tegorocznym-ambasadorem-nocnego-szlaku-kulinarnego-w-ostatni-weekend-wakacji-zjemy-sliwke-na-wiele-sposobow\/#primaryimage"},"thumbnailUrl":"https:\/\/gorzow.news\/wp-content\/uploads\/2025\/08\/fotob-19958.jpg","keywords":["Nocny Szlak Kulinarny","Piotr Ogi\u0144ski"],"articleSection":["Rozrywka","Wiadomo\u015bci"],"inLanguage":"pl-PL","potentialAction":[{"@type":"CommentAction","name":"Comment","target":["https:\/\/gorzow.news\/index.php\/2025\/08\/13\/piotr-oginski-zostal-tegorocznym-ambasadorem-nocnego-szlaku-kulinarnego-w-ostatni-weekend-wakacji-zjemy-sliwke-na-wiele-sposobow\/#respond"]}]},{"@type":"WebPage","@id":"https:\/\/gorzow.news\/index.php\/2025\/08\/13\/piotr-oginski-zostal-tegorocznym-ambasadorem-nocnego-szlaku-kulinarnego-w-ostatni-weekend-wakacji-zjemy-sliwke-na-wiele-sposobow\/","url":"https:\/\/gorzow.news\/index.php\/2025\/08\/13\/piotr-oginski-zostal-tegorocznym-ambasadorem-nocnego-szlaku-kulinarnego-w-ostatni-weekend-wakacji-zjemy-sliwke-na-wiele-sposobow\/","name":"Piotr Ogi\u0144ski zosta\u0142 tegorocznym ambasadorem Nocnego Szlaku Kulinarnego. \u015aliwka na wiele sposob\u00f3w - Gorz\u00f3w News","isPartOf":{"@id":"https:\/\/gorzow.news\/#website"},"primaryImageOfPage":{"@id":"https:\/\/gorzow.news\/index.php\/2025\/08\/13\/piotr-oginski-zostal-tegorocznym-ambasadorem-nocnego-szlaku-kulinarnego-w-ostatni-weekend-wakacji-zjemy-sliwke-na-wiele-sposobow\/#primaryimage"},"image":{"@id":"https:\/\/gorzow.news\/index.php\/2025\/08\/13\/piotr-oginski-zostal-tegorocznym-ambasadorem-nocnego-szlaku-kulinarnego-w-ostatni-weekend-wakacji-zjemy-sliwke-na-wiele-sposobow\/#primaryimage"},"thumbnailUrl":"https:\/\/gorzow.news\/wp-content\/uploads\/2025\/08\/fotob-19958.jpg","datePublished":"2025-08-13T13:30:10+00:00","dateModified":"2025-08-13T13:31:29+00:00","author":{"@id":"https:\/\/gorzow.news\/#\/schema\/person\/a1e5ab43166369f2ce236a1cd90995bb"},"description":"Kocha gotowa\u0107, jego filozofia to prostota i pasja, a ka\u017cdy odcinek jego bloga zaczyna si\u0119 charakterystycznym powitaniem: Siemanko! Piotr Ogi\u0144ski zosta\u0142 tegorocznym ambasadorem Nocnego Szlaku Kulinarnego, podczas kt\u00f3rego w ostatni weekend sierpnia degustowa\u0107 b\u0119dziemy \u015bliwk\u0119 w r\u00f3\u017cnych daniach.","breadcrumb":{"@id":"https:\/\/gorzow.news\/index.php\/2025\/08\/13\/piotr-oginski-zostal-tegorocznym-ambasadorem-nocnego-szlaku-kulinarnego-w-ostatni-weekend-wakacji-zjemy-sliwke-na-wiele-sposobow\/#breadcrumb"},"inLanguage":"pl-PL","potentialAction":[{"@type":"ReadAction","target":["https:\/\/gorzow.news\/index.php\/2025\/08\/13\/piotr-oginski-zostal-tegorocznym-ambasadorem-nocnego-szlaku-kulinarnego-w-ostatni-weekend-wakacji-zjemy-sliwke-na-wiele-sposobow\/"]}]},{"@type":"ImageObject","inLanguage":"pl-PL","@id":"https:\/\/gorzow.news\/index.php\/2025\/08\/13\/piotr-oginski-zostal-tegorocznym-ambasadorem-nocnego-szlaku-kulinarnego-w-ostatni-weekend-wakacji-zjemy-sliwke-na-wiele-sposobow\/#primaryimage","url":"https:\/\/gorzow.news\/wp-content\/uploads\/2025\/08\/fotob-19958.jpg","contentUrl":"https:\/\/gorzow.news\/wp-content\/uploads\/2025\/08\/fotob-19958.jpg","width":1620,"height":766,"caption":"fot. Jan Wojtanowski"},{"@type":"BreadcrumbList","@id":"https:\/\/gorzow.news\/index.php\/2025\/08\/13\/piotr-oginski-zostal-tegorocznym-ambasadorem-nocnego-szlaku-kulinarnego-w-ostatni-weekend-wakacji-zjemy-sliwke-na-wiele-sposobow\/#breadcrumb","itemListElement":[{"@type":"ListItem","position":1,"name":"Home","item":"https:\/\/gorzow.news\/"},{"@type":"ListItem","position":2,"name":"Piotr Ogi\u0144ski zosta\u0142 tegorocznym ambasadorem Nocnego Szlaku Kulinarnego. \u015aliwka na wiele sposob\u00f3w"}]},{"@type":"WebSite","@id":"https:\/\/gorzow.news\/#website","url":"https:\/\/gorzow.news\/","name":"Gorz\u00f3w News","description":"Sp\u00f3jrz inaczej na miato i region...","potentialAction":[{"@type":"SearchAction","target":{"@type":"EntryPoint","urlTemplate":"https:\/\/gorzow.news\/?s={search_term_string}"},"query-input":{"@type":"PropertyValueSpecification","valueRequired":true,"valueName":"search_term_string"}}],"inLanguage":"pl-PL"},{"@type":"Person","@id":"https:\/\/gorzow.news\/#\/schema\/person\/a1e5ab43166369f2ce236a1cd90995bb","name":"maciej","image":{"@type":"ImageObject","inLanguage":"pl-PL","@id":"https:\/\/secure.gravatar.com\/avatar\/530a674d56ba60cfa0ef21d74e8e8d123a51bb7aa6580465b5c2ab2c2e980a19?s=96&r=g&d=https:\/\/gorzow.news\/wp-content\/plugins\/userswp\/assets\/images\/no_profile.png","url":"https:\/\/secure.gravatar.com\/avatar\/530a674d56ba60cfa0ef21d74e8e8d123a51bb7aa6580465b5c2ab2c2e980a19?s=96&r=g&d=https:\/\/gorzow.news\/wp-content\/plugins\/userswp\/assets\/images\/no_profile.png","contentUrl":"https:\/\/secure.gravatar.com\/avatar\/530a674d56ba60cfa0ef21d74e8e8d123a51bb7aa6580465b5c2ab2c2e980a19?s=96&r=g&d=https:\/\/gorzow.news\/wp-content\/plugins\/userswp\/assets\/images\/no_profile.png","caption":"maciej"},"url":"https:\/\/gorzow.news\/index.php\/profile\/maciej\/"}]}},"_links":{"self":[{"href":"https:\/\/gorzow.news\/index.php\/wp-json\/wp\/v2\/posts\/34090","targetHints":{"allow":["GET"]}}],"collection":[{"href":"https:\/\/gorzow.news\/index.php\/wp-json\/wp\/v2\/posts"}],"about":[{"href":"https:\/\/gorzow.news\/index.php\/wp-json\/wp\/v2\/types\/post"}],"author":[{"embeddable":true,"href":"https:\/\/gorzow.news\/index.php\/wp-json\/wp\/v2\/users\/1"}],"replies":[{"embeddable":true,"href":"https:\/\/gorzow.news\/index.php\/wp-json\/wp\/v2\/comments?post=34090"}],"version-history":[{"count":3,"href":"https:\/\/gorzow.news\/index.php\/wp-json\/wp\/v2\/posts\/34090\/revisions"}],"predecessor-version":[{"id":34094,"href":"https:\/\/gorzow.news\/index.php\/wp-json\/wp\/v2\/posts\/34090\/revisions\/34094"}],"wp:featuredmedia":[{"embeddable":true,"href":"https:\/\/gorzow.news\/index.php\/wp-json\/wp\/v2\/media\/34091"}],"wp:attachment":[{"href":"https:\/\/gorzow.news\/index.php\/wp-json\/wp\/v2\/media?parent=34090"}],"wp:term":[{"taxonomy":"category","embeddable":true,"href":"https:\/\/gorzow.news\/index.php\/wp-json\/wp\/v2\/categories?post=34090"},{"taxonomy":"post_tag","embeddable":true,"href":"https:\/\/gorzow.news\/index.php\/wp-json\/wp\/v2\/tags?post=34090"}],"curies":[{"name":"wp","href":"https:\/\/api.w.org\/{rel}","templated":true}]}}