{"id":34041,"date":"2025-08-08T06:21:00","date_gmt":"2025-08-08T04:21:00","guid":{"rendered":"https:\/\/gorzow.news\/?p=34041"},"modified":"2025-08-08T13:24:11","modified_gmt":"2025-08-08T11:24:11","slug":"w-sobote-w-nierzymiu-festyn-z-okazji-50-urodzin-gorzowskiego-osrodka-sportu-i-rekreacji-co-w-planie","status":"publish","type":"post","link":"https:\/\/gorzow.news\/index.php\/2025\/08\/08\/w-sobote-w-nierzymiu-festyn-z-okazji-50-urodzin-gorzowskiego-osrodka-sportu-i-rekreacji-co-w-planie\/","title":{"rendered":"W sobot\u0119 w Nierzymiu festyn z okazji 50. urodzin Gorzowskiego O\u015brodka Sportu i Rekreacji. Co w planie?"},"content":{"rendered":"\n<p><strong>Gorzowski O\u015brodek Sportu i Rekreacji \u015bwi\u0119tuje w tym roku swoje 50-lecie. Uroczysty festyn z tej okazji odb\u0119dzie si\u0119 na pla\u017cy w Nierzymiu, w sobot\u0119, tj. 9 sierpnia &#8211; start o godzinie 15.00.<\/strong><\/p>\n\n\n\n<p>Impreza odb\u0119dzie si\u0119 w malowniczym Nierzymiu, kt\u00f3re w ostatnich dniach cieszy si\u0119 ogromn\u0105 popularno\u015bci\u0105 &#8211; k\u0105pielisko odwiedza ponad tysi\u0105c os\u00f3b dziennie. Urodzinowy festyn to okazja do wsp\u00f3lnego \u015bwi\u0119towania w rodzinnym gronie. Na uczestnik\u00f3w czeka wiele atrakcji &#8211; wszystkie bezp\u0142atne.<\/p>\n\n\n\n<p>W programie m.in. strefa dzieci\u0119ca &#8211; dmucha\u0144ce, malowanie twarzy, tatua\u017ce, warkoczyki, wata cukrowa i popcorn. Organizatorzy gwarantuj\u0105 rodzinn\u0105 atmosfer\u0119 i mo\u017cliwo\u015b\u0107 aktywno\u015bci na \u015bwie\u017cym powietrzu.<\/p>\n\n\n\n<p>OSiR to dzi\u015b nie tylko k\u0105pielisko, ale ca\u0142a gama obiekt\u00f3w i us\u0142ug: dominanta, stadiony sportowe, przysta\u0144 sport\u00f3w wodnych, gie\u0142da towarowo-samochodowa, scena widowiskowa i strefa p\u0142atnego parkowania. W sezonie zatrudnia ok. 70 os\u00f3b i stale si\u0119 rozwija, s\u0142u\u017c\u0105c mieszka\u0144com i turystom.<\/p>\n\n\n\n<p>Zabierz rodzin\u0119, znajomych i do\u0142\u0105cz do \u015bwi\u0119towania 50 lat OSiR-u ju\u017c 9 sierpnia!<\/p>\n\n\n\n<figure class=\"wp-block-image size-full\"><img loading=\"lazy\" decoding=\"async\" width=\"509\" height=\"720\" src=\"https:\/\/gorzow.news\/wp-content\/uploads\/2025\/08\/529462494_1070816588531042_2400203794063654831_n.jpg\" alt=\"\" class=\"wp-image-34043\" srcset=\"https:\/\/gorzow.news\/wp-content\/uploads\/2025\/08\/529462494_1070816588531042_2400203794063654831_n.jpg 509w, https:\/\/gorzow.news\/wp-content\/uploads\/2025\/08\/529462494_1070816588531042_2400203794063654831_n-212x300.jpg 212w\" sizes=\"auto, (max-width: 509px) 100vw, 509px\" \/><\/figure>\n","protected":false},"excerpt":{"rendered":"<p>Gorzowski O\u015brodek Sportu i Rekreacji \u015bwi\u0119tuje w tym roku swoje 50-lecie. Uroczysty festyn z tej okazji odb\u0119dzie si\u0119 na pla\u017cy w Nierzymiu, w sobot\u0119, tj. 9 sierpnia &#8211; start o godzinie 15.00. Impreza odb\u0119dzie si\u0119 w malowniczym Nierzymiu, kt\u00f3re w ostatnich dniach cieszy si\u0119 ogromn\u0105 popularno\u015bci\u0105 &#8211; k\u0105pielisko odwiedza ponad tysi\u0105c os\u00f3b dziennie. Urodzinowy festyn [&hellip;]<\/p>\n","protected":false},"author":1,"featured_media":34042,"comment_status":"open","ping_status":"open","sticky":false,"template":"","format":"standard","meta":{"footnotes":"","_links_to":"","_links_to_target":""},"categories":[595,589],"tags":[2220,102],"class_list":{"0":"post-34041","1":"post","2":"type-post","3":"status-publish","4":"format-standard","5":"has-post-thumbnail","7":"category-rozrywka","8":"category-wiadomosci","9":"tag-nierzym","10":"tag-osir"},"yoast_head":"<!-- This site is optimized with the Yoast SEO plugin v27.3 - https:\/\/yoast.com\/product\/yoast-seo-wordpress\/ -->\n<title>W sobot\u0119 w Nierzymiu festyn z okazji 50. urodzin Gorzowskiego O\u015brodka Sportu i Rekreacji. Co w planie? - Gorz\u00f3w News<\/title>\n<meta name=\"description\" content=\"Gorzowski O\u015brodek Sportu i Rekreacji \u015bwi\u0119tuje w tym roku swoje 50-lecie. Uroczysty festyn z tej okazji odb\u0119dzie si\u0119 na pla\u017cy w Nierzymiu, w sobo\" \/>\n<meta name=\"robots\" content=\"index, follow, max-snippet:-1, max-image-preview:large, max-video-preview:-1\" \/>\n<link rel=\"canonical\" href=\"https:\/\/gorzow.news\/index.php\/2025\/08\/08\/w-sobote-w-nierzymiu-festyn-z-okazji-50-urodzin-gorzowskiego-osrodka-sportu-i-rekreacji-co-w-planie\/\" \/>\n<meta property=\"og:locale\" content=\"pl_PL\" \/>\n<meta property=\"og:type\" content=\"article\" \/>\n<meta property=\"og:title\" content=\"W sobot\u0119 w Nierzymiu festyn z okazji 50. urodzin Gorzowskiego O\u015brodka Sportu i Rekreacji. Co w planie? - Gorz\u00f3w News\" \/>\n<meta property=\"og:description\" content=\"Gorzowski O\u015brodek Sportu i Rekreacji \u015bwi\u0119tuje w tym roku swoje 50-lecie. Uroczysty festyn z tej okazji odb\u0119dzie si\u0119 na pla\u017cy w Nierzymiu, w sobo\" \/>\n<meta property=\"og:url\" content=\"https:\/\/gorzow.news\/index.php\/2025\/08\/08\/w-sobote-w-nierzymiu-festyn-z-okazji-50-urodzin-gorzowskiego-osrodka-sportu-i-rekreacji-co-w-planie\/\" \/>\n<meta property=\"og:site_name\" content=\"Gorz\u00f3w News\" \/>\n<meta property=\"article:publisher\" content=\"https:\/\/www.facebook.com\/gorzowskinews\" \/>\n<meta property=\"article:published_time\" content=\"2025-08-08T04:21:00+00:00\" \/>\n<meta property=\"article:modified_time\" content=\"2025-08-08T11:24:11+00:00\" \/>\n<meta property=\"og:image\" content=\"https:\/\/gorzow.news\/wp-content\/uploads\/2025\/08\/cropped-akt-fotob-8373.jpg\" \/>\n\t<meta property=\"og:image:width\" content=\"1192\" \/>\n\t<meta property=\"og:image:height\" content=\"751\" \/>\n\t<meta property=\"og:image:type\" content=\"image\/jpeg\" \/>\n<meta name=\"author\" content=\"maciej\" \/>\n<meta name=\"twitter:card\" content=\"summary_large_image\" \/>\n<meta name=\"twitter:label1\" content=\"Napisane przez\" \/>\n\t<meta name=\"twitter:data1\" content=\"maciej\" \/>\n\t<meta name=\"twitter:label2\" content=\"Szacowany czas czytania\" \/>\n\t<meta name=\"twitter:data2\" content=\"2 minuty\" \/>\n<script type=\"application\/ld+json\" class=\"yoast-schema-graph\">{\"@context\":\"https:\\\/\\\/schema.org\",\"@graph\":[{\"@type\":\"Article\",\"@id\":\"https:\\\/\\\/gorzow.news\\\/index.php\\\/2025\\\/08\\\/08\\\/w-sobote-w-nierzymiu-festyn-z-okazji-50-urodzin-gorzowskiego-osrodka-sportu-i-rekreacji-co-w-planie\\\/#article\",\"isPartOf\":{\"@id\":\"https:\\\/\\\/gorzow.news\\\/index.php\\\/2025\\\/08\\\/08\\\/w-sobote-w-nierzymiu-festyn-z-okazji-50-urodzin-gorzowskiego-osrodka-sportu-i-rekreacji-co-w-planie\\\/\"},\"author\":{\"name\":\"maciej\",\"@id\":\"https:\\\/\\\/gorzow.news\\\/#\\\/schema\\\/person\\\/a1e5ab43166369f2ce236a1cd90995bb\"},\"headline\":\"W sobot\u0119 w Nierzymiu festyn z okazji 50. urodzin Gorzowskiego O\u015brodka Sportu i Rekreacji. Co w planie?\",\"datePublished\":\"2025-08-08T04:21:00+00:00\",\"dateModified\":\"2025-08-08T11:24:11+00:00\",\"mainEntityOfPage\":{\"@id\":\"https:\\\/\\\/gorzow.news\\\/index.php\\\/2025\\\/08\\\/08\\\/w-sobote-w-nierzymiu-festyn-z-okazji-50-urodzin-gorzowskiego-osrodka-sportu-i-rekreacji-co-w-planie\\\/\"},\"wordCount\":195,\"commentCount\":0,\"image\":{\"@id\":\"https:\\\/\\\/gorzow.news\\\/index.php\\\/2025\\\/08\\\/08\\\/w-sobote-w-nierzymiu-festyn-z-okazji-50-urodzin-gorzowskiego-osrodka-sportu-i-rekreacji-co-w-planie\\\/#primaryimage\"},\"thumbnailUrl\":\"https:\\\/\\\/gorzow.news\\\/wp-content\\\/uploads\\\/2025\\\/08\\\/cropped-akt-fotob-8373.jpg\",\"keywords\":[\"Nierzym\",\"OSiR\"],\"articleSection\":[\"Rozrywka\",\"Wiadomo\u015bci\"],\"inLanguage\":\"pl-PL\",\"potentialAction\":[{\"@type\":\"CommentAction\",\"name\":\"Comment\",\"target\":[\"https:\\\/\\\/gorzow.news\\\/index.php\\\/2025\\\/08\\\/08\\\/w-sobote-w-nierzymiu-festyn-z-okazji-50-urodzin-gorzowskiego-osrodka-sportu-i-rekreacji-co-w-planie\\\/#respond\"]}]},{\"@type\":\"WebPage\",\"@id\":\"https:\\\/\\\/gorzow.news\\\/index.php\\\/2025\\\/08\\\/08\\\/w-sobote-w-nierzymiu-festyn-z-okazji-50-urodzin-gorzowskiego-osrodka-sportu-i-rekreacji-co-w-planie\\\/\",\"url\":\"https:\\\/\\\/gorzow.news\\\/index.php\\\/2025\\\/08\\\/08\\\/w-sobote-w-nierzymiu-festyn-z-okazji-50-urodzin-gorzowskiego-osrodka-sportu-i-rekreacji-co-w-planie\\\/\",\"name\":\"W sobot\u0119 w Nierzymiu festyn z okazji 50. urodzin Gorzowskiego O\u015brodka Sportu i Rekreacji. Co w planie? - Gorz\u00f3w News\",\"isPartOf\":{\"@id\":\"https:\\\/\\\/gorzow.news\\\/#website\"},\"primaryImageOfPage\":{\"@id\":\"https:\\\/\\\/gorzow.news\\\/index.php\\\/2025\\\/08\\\/08\\\/w-sobote-w-nierzymiu-festyn-z-okazji-50-urodzin-gorzowskiego-osrodka-sportu-i-rekreacji-co-w-planie\\\/#primaryimage\"},\"image\":{\"@id\":\"https:\\\/\\\/gorzow.news\\\/index.php\\\/2025\\\/08\\\/08\\\/w-sobote-w-nierzymiu-festyn-z-okazji-50-urodzin-gorzowskiego-osrodka-sportu-i-rekreacji-co-w-planie\\\/#primaryimage\"},\"thumbnailUrl\":\"https:\\\/\\\/gorzow.news\\\/wp-content\\\/uploads\\\/2025\\\/08\\\/cropped-akt-fotob-8373.jpg\",\"datePublished\":\"2025-08-08T04:21:00+00:00\",\"dateModified\":\"2025-08-08T11:24:11+00:00\",\"author\":{\"@id\":\"https:\\\/\\\/gorzow.news\\\/#\\\/schema\\\/person\\\/a1e5ab43166369f2ce236a1cd90995bb\"},\"description\":\"Gorzowski O\u015brodek Sportu i Rekreacji \u015bwi\u0119tuje w tym roku swoje 50-lecie. Uroczysty festyn z tej okazji odb\u0119dzie si\u0119 na pla\u017cy w Nierzymiu, w sobot\u0119, tj. 9 sierpnia - start o godzinie 15.00.\",\"breadcrumb\":{\"@id\":\"https:\\\/\\\/gorzow.news\\\/index.php\\\/2025\\\/08\\\/08\\\/w-sobote-w-nierzymiu-festyn-z-okazji-50-urodzin-gorzowskiego-osrodka-sportu-i-rekreacji-co-w-planie\\\/#breadcrumb\"},\"inLanguage\":\"pl-PL\",\"potentialAction\":[{\"@type\":\"ReadAction\",\"target\":[\"https:\\\/\\\/gorzow.news\\\/index.php\\\/2025\\\/08\\\/08\\\/w-sobote-w-nierzymiu-festyn-z-okazji-50-urodzin-gorzowskiego-osrodka-sportu-i-rekreacji-co-w-planie\\\/\"]}]},{\"@type\":\"ImageObject\",\"inLanguage\":\"pl-PL\",\"@id\":\"https:\\\/\\\/gorzow.news\\\/index.php\\\/2025\\\/08\\\/08\\\/w-sobote-w-nierzymiu-festyn-z-okazji-50-urodzin-gorzowskiego-osrodka-sportu-i-rekreacji-co-w-planie\\\/#primaryimage\",\"url\":\"https:\\\/\\\/gorzow.news\\\/wp-content\\\/uploads\\\/2025\\\/08\\\/cropped-akt-fotob-8373.jpg\",\"contentUrl\":\"https:\\\/\\\/gorzow.news\\\/wp-content\\\/uploads\\\/2025\\\/08\\\/cropped-akt-fotob-8373.jpg\",\"width\":1192,\"height\":751,\"caption\":\"Nierzym\"},{\"@type\":\"BreadcrumbList\",\"@id\":\"https:\\\/\\\/gorzow.news\\\/index.php\\\/2025\\\/08\\\/08\\\/w-sobote-w-nierzymiu-festyn-z-okazji-50-urodzin-gorzowskiego-osrodka-sportu-i-rekreacji-co-w-planie\\\/#breadcrumb\",\"itemListElement\":[{\"@type\":\"ListItem\",\"position\":1,\"name\":\"Home\",\"item\":\"https:\\\/\\\/gorzow.news\\\/\"},{\"@type\":\"ListItem\",\"position\":2,\"name\":\"W sobot\u0119 w Nierzymiu festyn z okazji 50. urodzin Gorzowskiego O\u015brodka Sportu i Rekreacji. Co w planie?\"}]},{\"@type\":\"WebSite\",\"@id\":\"https:\\\/\\\/gorzow.news\\\/#website\",\"url\":\"https:\\\/\\\/gorzow.news\\\/\",\"name\":\"Gorz\u00f3w News\",\"description\":\"Sp\u00f3jrz inaczej na miato i region...\",\"potentialAction\":[{\"@type\":\"SearchAction\",\"target\":{\"@type\":\"EntryPoint\",\"urlTemplate\":\"https:\\\/\\\/gorzow.news\\\/?s={search_term_string}\"},\"query-input\":{\"@type\":\"PropertyValueSpecification\",\"valueRequired\":true,\"valueName\":\"search_term_string\"}}],\"inLanguage\":\"pl-PL\"},{\"@type\":\"Person\",\"@id\":\"https:\\\/\\\/gorzow.news\\\/#\\\/schema\\\/person\\\/a1e5ab43166369f2ce236a1cd90995bb\",\"name\":\"maciej\",\"image\":{\"@type\":\"ImageObject\",\"inLanguage\":\"pl-PL\",\"@id\":\"https:\\\/\\\/secure.gravatar.com\\\/avatar\\\/530a674d56ba60cfa0ef21d74e8e8d123a51bb7aa6580465b5c2ab2c2e980a19?s=96&r=g&d=https:\\\/\\\/gorzow.news\\\/wp-content\\\/plugins\\\/userswp\\\/assets\\\/images\\\/no_profile.png\",\"url\":\"https:\\\/\\\/secure.gravatar.com\\\/avatar\\\/530a674d56ba60cfa0ef21d74e8e8d123a51bb7aa6580465b5c2ab2c2e980a19?s=96&r=g&d=https:\\\/\\\/gorzow.news\\\/wp-content\\\/plugins\\\/userswp\\\/assets\\\/images\\\/no_profile.png\",\"contentUrl\":\"https:\\\/\\\/secure.gravatar.com\\\/avatar\\\/530a674d56ba60cfa0ef21d74e8e8d123a51bb7aa6580465b5c2ab2c2e980a19?s=96&r=g&d=https:\\\/\\\/gorzow.news\\\/wp-content\\\/plugins\\\/userswp\\\/assets\\\/images\\\/no_profile.png\",\"caption\":\"maciej\"},\"url\":\"https:\\\/\\\/gorzow.news\\\/index.php\\\/profile\\\/maciej\\\/\"}]}<\/script>\n<!-- \/ Yoast SEO plugin. -->","yoast_head_json":{"title":"W sobot\u0119 w Nierzymiu festyn z okazji 50. urodzin Gorzowskiego O\u015brodka Sportu i Rekreacji. Co w planie? - Gorz\u00f3w News","description":"Gorzowski O\u015brodek Sportu i Rekreacji \u015bwi\u0119tuje w tym roku swoje 50-lecie. Uroczysty festyn z tej okazji odb\u0119dzie si\u0119 na pla\u017cy w Nierzymiu, w sobo","robots":{"index":"index","follow":"follow","max-snippet":"max-snippet:-1","max-image-preview":"max-image-preview:large","max-video-preview":"max-video-preview:-1"},"canonical":"https:\/\/gorzow.news\/index.php\/2025\/08\/08\/w-sobote-w-nierzymiu-festyn-z-okazji-50-urodzin-gorzowskiego-osrodka-sportu-i-rekreacji-co-w-planie\/","og_locale":"pl_PL","og_type":"article","og_title":"W sobot\u0119 w Nierzymiu festyn z okazji 50. urodzin Gorzowskiego O\u015brodka Sportu i Rekreacji. Co w planie? - Gorz\u00f3w News","og_description":"Gorzowski O\u015brodek Sportu i Rekreacji \u015bwi\u0119tuje w tym roku swoje 50-lecie. Uroczysty festyn z tej okazji odb\u0119dzie si\u0119 na pla\u017cy w Nierzymiu, w sobo","og_url":"https:\/\/gorzow.news\/index.php\/2025\/08\/08\/w-sobote-w-nierzymiu-festyn-z-okazji-50-urodzin-gorzowskiego-osrodka-sportu-i-rekreacji-co-w-planie\/","og_site_name":"Gorz\u00f3w News","article_publisher":"https:\/\/www.facebook.com\/gorzowskinews","article_published_time":"2025-08-08T04:21:00+00:00","article_modified_time":"2025-08-08T11:24:11+00:00","og_image":[{"width":1192,"height":751,"url":"https:\/\/gorzow.news\/wp-content\/uploads\/2025\/08\/cropped-akt-fotob-8373.jpg","type":"image\/jpeg"}],"author":"maciej","twitter_card":"summary_large_image","twitter_misc":{"Napisane przez":"maciej","Szacowany czas czytania":"2 minuty"},"schema":{"@context":"https:\/\/schema.org","@graph":[{"@type":"Article","@id":"https:\/\/gorzow.news\/index.php\/2025\/08\/08\/w-sobote-w-nierzymiu-festyn-z-okazji-50-urodzin-gorzowskiego-osrodka-sportu-i-rekreacji-co-w-planie\/#article","isPartOf":{"@id":"https:\/\/gorzow.news\/index.php\/2025\/08\/08\/w-sobote-w-nierzymiu-festyn-z-okazji-50-urodzin-gorzowskiego-osrodka-sportu-i-rekreacji-co-w-planie\/"},"author":{"name":"maciej","@id":"https:\/\/gorzow.news\/#\/schema\/person\/a1e5ab43166369f2ce236a1cd90995bb"},"headline":"W sobot\u0119 w Nierzymiu festyn z okazji 50. urodzin Gorzowskiego O\u015brodka Sportu i Rekreacji. Co w planie?","datePublished":"2025-08-08T04:21:00+00:00","dateModified":"2025-08-08T11:24:11+00:00","mainEntityOfPage":{"@id":"https:\/\/gorzow.news\/index.php\/2025\/08\/08\/w-sobote-w-nierzymiu-festyn-z-okazji-50-urodzin-gorzowskiego-osrodka-sportu-i-rekreacji-co-w-planie\/"},"wordCount":195,"commentCount":0,"image":{"@id":"https:\/\/gorzow.news\/index.php\/2025\/08\/08\/w-sobote-w-nierzymiu-festyn-z-okazji-50-urodzin-gorzowskiego-osrodka-sportu-i-rekreacji-co-w-planie\/#primaryimage"},"thumbnailUrl":"https:\/\/gorzow.news\/wp-content\/uploads\/2025\/08\/cropped-akt-fotob-8373.jpg","keywords":["Nierzym","OSiR"],"articleSection":["Rozrywka","Wiadomo\u015bci"],"inLanguage":"pl-PL","potentialAction":[{"@type":"CommentAction","name":"Comment","target":["https:\/\/gorzow.news\/index.php\/2025\/08\/08\/w-sobote-w-nierzymiu-festyn-z-okazji-50-urodzin-gorzowskiego-osrodka-sportu-i-rekreacji-co-w-planie\/#respond"]}]},{"@type":"WebPage","@id":"https:\/\/gorzow.news\/index.php\/2025\/08\/08\/w-sobote-w-nierzymiu-festyn-z-okazji-50-urodzin-gorzowskiego-osrodka-sportu-i-rekreacji-co-w-planie\/","url":"https:\/\/gorzow.news\/index.php\/2025\/08\/08\/w-sobote-w-nierzymiu-festyn-z-okazji-50-urodzin-gorzowskiego-osrodka-sportu-i-rekreacji-co-w-planie\/","name":"W sobot\u0119 w Nierzymiu festyn z okazji 50. urodzin Gorzowskiego O\u015brodka Sportu i Rekreacji. Co w planie? - Gorz\u00f3w News","isPartOf":{"@id":"https:\/\/gorzow.news\/#website"},"primaryImageOfPage":{"@id":"https:\/\/gorzow.news\/index.php\/2025\/08\/08\/w-sobote-w-nierzymiu-festyn-z-okazji-50-urodzin-gorzowskiego-osrodka-sportu-i-rekreacji-co-w-planie\/#primaryimage"},"image":{"@id":"https:\/\/gorzow.news\/index.php\/2025\/08\/08\/w-sobote-w-nierzymiu-festyn-z-okazji-50-urodzin-gorzowskiego-osrodka-sportu-i-rekreacji-co-w-planie\/#primaryimage"},"thumbnailUrl":"https:\/\/gorzow.news\/wp-content\/uploads\/2025\/08\/cropped-akt-fotob-8373.jpg","datePublished":"2025-08-08T04:21:00+00:00","dateModified":"2025-08-08T11:24:11+00:00","author":{"@id":"https:\/\/gorzow.news\/#\/schema\/person\/a1e5ab43166369f2ce236a1cd90995bb"},"description":"Gorzowski O\u015brodek Sportu i Rekreacji \u015bwi\u0119tuje w tym roku swoje 50-lecie. Uroczysty festyn z tej okazji odb\u0119dzie si\u0119 na pla\u017cy w Nierzymiu, w sobot\u0119, tj. 9 sierpnia - start o godzinie 15.00.","breadcrumb":{"@id":"https:\/\/gorzow.news\/index.php\/2025\/08\/08\/w-sobote-w-nierzymiu-festyn-z-okazji-50-urodzin-gorzowskiego-osrodka-sportu-i-rekreacji-co-w-planie\/#breadcrumb"},"inLanguage":"pl-PL","potentialAction":[{"@type":"ReadAction","target":["https:\/\/gorzow.news\/index.php\/2025\/08\/08\/w-sobote-w-nierzymiu-festyn-z-okazji-50-urodzin-gorzowskiego-osrodka-sportu-i-rekreacji-co-w-planie\/"]}]},{"@type":"ImageObject","inLanguage":"pl-PL","@id":"https:\/\/gorzow.news\/index.php\/2025\/08\/08\/w-sobote-w-nierzymiu-festyn-z-okazji-50-urodzin-gorzowskiego-osrodka-sportu-i-rekreacji-co-w-planie\/#primaryimage","url":"https:\/\/gorzow.news\/wp-content\/uploads\/2025\/08\/cropped-akt-fotob-8373.jpg","contentUrl":"https:\/\/gorzow.news\/wp-content\/uploads\/2025\/08\/cropped-akt-fotob-8373.jpg","width":1192,"height":751,"caption":"Nierzym"},{"@type":"BreadcrumbList","@id":"https:\/\/gorzow.news\/index.php\/2025\/08\/08\/w-sobote-w-nierzymiu-festyn-z-okazji-50-urodzin-gorzowskiego-osrodka-sportu-i-rekreacji-co-w-planie\/#breadcrumb","itemListElement":[{"@type":"ListItem","position":1,"name":"Home","item":"https:\/\/gorzow.news\/"},{"@type":"ListItem","position":2,"name":"W sobot\u0119 w Nierzymiu festyn z okazji 50. urodzin Gorzowskiego O\u015brodka Sportu i Rekreacji. Co w planie?"}]},{"@type":"WebSite","@id":"https:\/\/gorzow.news\/#website","url":"https:\/\/gorzow.news\/","name":"Gorz\u00f3w News","description":"Sp\u00f3jrz inaczej na miato i region...","potentialAction":[{"@type":"SearchAction","target":{"@type":"EntryPoint","urlTemplate":"https:\/\/gorzow.news\/?s={search_term_string}"},"query-input":{"@type":"PropertyValueSpecification","valueRequired":true,"valueName":"search_term_string"}}],"inLanguage":"pl-PL"},{"@type":"Person","@id":"https:\/\/gorzow.news\/#\/schema\/person\/a1e5ab43166369f2ce236a1cd90995bb","name":"maciej","image":{"@type":"ImageObject","inLanguage":"pl-PL","@id":"https:\/\/secure.gravatar.com\/avatar\/530a674d56ba60cfa0ef21d74e8e8d123a51bb7aa6580465b5c2ab2c2e980a19?s=96&r=g&d=https:\/\/gorzow.news\/wp-content\/plugins\/userswp\/assets\/images\/no_profile.png","url":"https:\/\/secure.gravatar.com\/avatar\/530a674d56ba60cfa0ef21d74e8e8d123a51bb7aa6580465b5c2ab2c2e980a19?s=96&r=g&d=https:\/\/gorzow.news\/wp-content\/plugins\/userswp\/assets\/images\/no_profile.png","contentUrl":"https:\/\/secure.gravatar.com\/avatar\/530a674d56ba60cfa0ef21d74e8e8d123a51bb7aa6580465b5c2ab2c2e980a19?s=96&r=g&d=https:\/\/gorzow.news\/wp-content\/plugins\/userswp\/assets\/images\/no_profile.png","caption":"maciej"},"url":"https:\/\/gorzow.news\/index.php\/profile\/maciej\/"}]}},"_links":{"self":[{"href":"https:\/\/gorzow.news\/index.php\/wp-json\/wp\/v2\/posts\/34041","targetHints":{"allow":["GET"]}}],"collection":[{"href":"https:\/\/gorzow.news\/index.php\/wp-json\/wp\/v2\/posts"}],"about":[{"href":"https:\/\/gorzow.news\/index.php\/wp-json\/wp\/v2\/types\/post"}],"author":[{"embeddable":true,"href":"https:\/\/gorzow.news\/index.php\/wp-json\/wp\/v2\/users\/1"}],"replies":[{"embeddable":true,"href":"https:\/\/gorzow.news\/index.php\/wp-json\/wp\/v2\/comments?post=34041"}],"version-history":[{"count":1,"href":"https:\/\/gorzow.news\/index.php\/wp-json\/wp\/v2\/posts\/34041\/revisions"}],"predecessor-version":[{"id":34044,"href":"https:\/\/gorzow.news\/index.php\/wp-json\/wp\/v2\/posts\/34041\/revisions\/34044"}],"wp:featuredmedia":[{"embeddable":true,"href":"https:\/\/gorzow.news\/index.php\/wp-json\/wp\/v2\/media\/34042"}],"wp:attachment":[{"href":"https:\/\/gorzow.news\/index.php\/wp-json\/wp\/v2\/media?parent=34041"}],"wp:term":[{"taxonomy":"category","embeddable":true,"href":"https:\/\/gorzow.news\/index.php\/wp-json\/wp\/v2\/categories?post=34041"},{"taxonomy":"post_tag","embeddable":true,"href":"https:\/\/gorzow.news\/index.php\/wp-json\/wp\/v2\/tags?post=34041"}],"curies":[{"name":"wp","href":"https:\/\/api.w.org\/{rel}","templated":true}]}}