{"id":34001,"date":"2025-08-07T14:49:39","date_gmt":"2025-08-07T12:49:39","guid":{"rendered":"https:\/\/gorzow.news\/?p=34001"},"modified":"2025-08-07T14:50:35","modified_gmt":"2025-08-07T12:50:35","slug":"wyczekiwana-od-lat-rozbudowa-skateparku-w-parku-kopernika-rozpoczeta-co-dokladnie-zostanie-wybudowane","status":"publish","type":"post","link":"https:\/\/gorzow.news\/index.php\/2025\/08\/07\/wyczekiwana-od-lat-rozbudowa-skateparku-w-parku-kopernika-rozpoczeta-co-dokladnie-zostanie-wybudowane\/","title":{"rendered":"Wyczekiwana od lat rozbudowa skateparku rozpocz\u0119ta! Co dok\u0142adnie zostanie wybudowane?"},"content":{"rendered":"\n<p><strong>Teren inwestycji zosta\u0142 ju\u017c ogrodzony, a wykonawca &#8211; po zako\u0144czeniu prac przygotowawczych &#8211; przyst\u0105pi\u0142 do pierwszych rob\u00f3t ziemnych. To \u015bwietna wiadomo\u015b\u0107 dla wszystkich mi\u0142o\u015bnik\u00f3w aktywnego wypoczynku, kt\u00f3rzy korzystaj\u0105 z obiektu na deskorolkach, hulajnogach, rolkach czy rowerach.<\/strong><\/p>\n\n\n\n<p>W ramach rozbudowy skatepark zostanie powi\u0119kszony, a ca\u0142o\u015b\u0107 zyska nowe przeszkody &#8211; m.in. profile, por\u0119cze i murki. Zaplanowano r\u00f3wnie\u017c rozbudow\u0119 instalacji o\u015bwietlenia, kt\u00f3ra umo\u017cliwi korzystanie z obiektu po zmroku.<\/p>\n\n\n\r\n                <style type=\"text\/css\">\r\n                    \r\n                    #tdi_1  .td-doubleSlider-2 .td-item1 {\r\n                        background: url(https:\/\/gorzow.news\/wp-content\/uploads\/2025\/08\/Zdjecie-WhatsApp-2025-08-07-o-10.08.48_2f7e9c1c.jpg) 0 0 no-repeat;\r\n                    }\r\n                    #tdi_1  .td-doubleSlider-2 .td-item2 {\r\n                        background: url(https:\/\/gorzow.news\/wp-content\/uploads\/2025\/08\/Zdjecie-WhatsApp-2025-08-07-o-10.08.47_f11b21c1.jpg) 0 0 no-repeat;\r\n                    }\r\n                    #tdi_1  .td-doubleSlider-2 .td-item3 {\r\n                        background: url(https:\/\/gorzow.news\/wp-content\/uploads\/2025\/08\/Zdjecie-WhatsApp-2025-08-07-o-10.08.47_a89b6950.jpg) 0 0 no-repeat;\r\n                    }\r\n                    #tdi_1  .td-doubleSlider-2 .td-item4 {\r\n                        background: url(https:\/\/gorzow.news\/wp-content\/uploads\/2025\/08\/Zdjecie-WhatsApp-2025-08-07-o-10.08.47_370c2208.jpg) 0 0 no-repeat;\r\n                    }\r\n                <\/style>\r\n\r\n                <div id=\"tdi_1\" class=\"td-gallery td-slide-on-2-columns\">\r\n                    <div class=\"post_td_gallery\">\r\n                        <div class=\"td-gallery-slide-top\">\r\n                           <div class=\"td-gallery-title\"><\/div>\r\n\r\n                            <div class=\"td-gallery-controls-wrapper\">\r\n                                <div class=\"td-gallery-slide-count\"><span class=\"td-gallery-slide-item-focus\">1<\/span> z 4<\/div>\r\n                                <div class=\"td-gallery-slide-prev-next-but\">\r\n                                    <i class = \"td-icon-left doubleSliderPrevButton\"><\/i>\r\n                                    <i class = \"td-icon-right doubleSliderNextButton\"><\/i>\r\n                                <\/div>\r\n                            <\/div>\r\n                        <\/div>\r\n\r\n                        <div class = \"td-doubleSlider-1 \">\r\n                            <div class = \"td-slider\">\r\n                                \r\n                    <div class = \"td-slide-item td-item1\">\r\n                        <figure class=\"td-slide-galery-figure td-slide-popup-gallery\">\r\n                            <a class=\"slide-gallery-image-link\" href=\"https:\/\/gorzow.news\/wp-content\/uploads\/2025\/08\/Zdjecie-WhatsApp-2025-08-07-o-10.08.48_2f7e9c1c.jpg\" title=\"\"  data-caption=\"\"  data-description=\"\">\r\n                                <img decoding=\"async\" src=\"https:\/\/gorzow.news\/wp-content\/uploads\/2025\/08\/Zdjecie-WhatsApp-2025-08-07-o-10.08.48_2f7e9c1c.jpg\" srcset=\"https:\/\/gorzow.news\/wp-content\/uploads\/2025\/08\/Zdjecie-WhatsApp-2025-08-07-o-10.08.48_2f7e9c1c.jpg 1600w, https:\/\/gorzow.news\/wp-content\/uploads\/2025\/08\/Zdjecie-WhatsApp-2025-08-07-o-10.08.48_2f7e9c1c-300x142.jpg 300w, https:\/\/gorzow.news\/wp-content\/uploads\/2025\/08\/Zdjecie-WhatsApp-2025-08-07-o-10.08.48_2f7e9c1c-1024x484.jpg 1024w, https:\/\/gorzow.news\/wp-content\/uploads\/2025\/08\/Zdjecie-WhatsApp-2025-08-07-o-10.08.48_2f7e9c1c-768x363.jpg 768w, https:\/\/gorzow.news\/wp-content\/uploads\/2025\/08\/Zdjecie-WhatsApp-2025-08-07-o-10.08.48_2f7e9c1c-1536x727.jpg 1536w, https:\/\/gorzow.news\/wp-content\/uploads\/2025\/08\/Zdjecie-WhatsApp-2025-08-07-o-10.08.48_2f7e9c1c-696x329.jpg 696w, https:\/\/gorzow.news\/wp-content\/uploads\/2025\/08\/Zdjecie-WhatsApp-2025-08-07-o-10.08.48_2f7e9c1c-1068x505.jpg 1068w\" sizes=\"(max-width: 1600px) 100vw, 1600px\" alt=\"\">\r\n                            <\/a>\r\n                            \r\n                        <\/figure>\r\n                    <\/div>\r\n                    <div class = \"td-slide-item td-item2\">\r\n                        <figure class=\"td-slide-galery-figure td-slide-popup-gallery\">\r\n                            <a class=\"slide-gallery-image-link\" href=\"https:\/\/gorzow.news\/wp-content\/uploads\/2025\/08\/Zdjecie-WhatsApp-2025-08-07-o-10.08.47_f11b21c1.jpg\" title=\"\"  data-caption=\"\"  data-description=\"\">\r\n                                <img decoding=\"async\" src=\"https:\/\/gorzow.news\/wp-content\/uploads\/2025\/08\/Zdjecie-WhatsApp-2025-08-07-o-10.08.47_f11b21c1.jpg\" srcset=\"https:\/\/gorzow.news\/wp-content\/uploads\/2025\/08\/Zdjecie-WhatsApp-2025-08-07-o-10.08.47_f11b21c1.jpg 1600w, https:\/\/gorzow.news\/wp-content\/uploads\/2025\/08\/Zdjecie-WhatsApp-2025-08-07-o-10.08.47_f11b21c1-300x142.jpg 300w, https:\/\/gorzow.news\/wp-content\/uploads\/2025\/08\/Zdjecie-WhatsApp-2025-08-07-o-10.08.47_f11b21c1-1024x484.jpg 1024w, https:\/\/gorzow.news\/wp-content\/uploads\/2025\/08\/Zdjecie-WhatsApp-2025-08-07-o-10.08.47_f11b21c1-768x363.jpg 768w, https:\/\/gorzow.news\/wp-content\/uploads\/2025\/08\/Zdjecie-WhatsApp-2025-08-07-o-10.08.47_f11b21c1-1536x727.jpg 1536w, https:\/\/gorzow.news\/wp-content\/uploads\/2025\/08\/Zdjecie-WhatsApp-2025-08-07-o-10.08.47_f11b21c1-696x329.jpg 696w, https:\/\/gorzow.news\/wp-content\/uploads\/2025\/08\/Zdjecie-WhatsApp-2025-08-07-o-10.08.47_f11b21c1-1068x505.jpg 1068w\" sizes=\"(max-width: 1600px) 100vw, 1600px\" alt=\"\">\r\n                            <\/a>\r\n                            \r\n                        <\/figure>\r\n                    <\/div>\r\n                    <div class = \"td-slide-item td-item3\">\r\n                        <figure class=\"td-slide-galery-figure td-slide-popup-gallery\">\r\n                            <a class=\"slide-gallery-image-link\" href=\"https:\/\/gorzow.news\/wp-content\/uploads\/2025\/08\/Zdjecie-WhatsApp-2025-08-07-o-10.08.47_a89b6950.jpg\" title=\"\"  data-caption=\"\"  data-description=\"\">\r\n                                <img decoding=\"async\" src=\"https:\/\/gorzow.news\/wp-content\/uploads\/2025\/08\/Zdjecie-WhatsApp-2025-08-07-o-10.08.47_a89b6950.jpg\" srcset=\"https:\/\/gorzow.news\/wp-content\/uploads\/2025\/08\/Zdjecie-WhatsApp-2025-08-07-o-10.08.47_a89b6950.jpg 1600w, https:\/\/gorzow.news\/wp-content\/uploads\/2025\/08\/Zdjecie-WhatsApp-2025-08-07-o-10.08.47_a89b6950-300x142.jpg 300w, https:\/\/gorzow.news\/wp-content\/uploads\/2025\/08\/Zdjecie-WhatsApp-2025-08-07-o-10.08.47_a89b6950-1024x484.jpg 1024w, https:\/\/gorzow.news\/wp-content\/uploads\/2025\/08\/Zdjecie-WhatsApp-2025-08-07-o-10.08.47_a89b6950-768x363.jpg 768w, https:\/\/gorzow.news\/wp-content\/uploads\/2025\/08\/Zdjecie-WhatsApp-2025-08-07-o-10.08.47_a89b6950-1536x727.jpg 1536w, https:\/\/gorzow.news\/wp-content\/uploads\/2025\/08\/Zdjecie-WhatsApp-2025-08-07-o-10.08.47_a89b6950-696x329.jpg 696w, https:\/\/gorzow.news\/wp-content\/uploads\/2025\/08\/Zdjecie-WhatsApp-2025-08-07-o-10.08.47_a89b6950-1068x505.jpg 1068w\" sizes=\"(max-width: 1600px) 100vw, 1600px\" alt=\"\">\r\n                            <\/a>\r\n                            \r\n                        <\/figure>\r\n                    <\/div>\r\n                    <div class = \"td-slide-item td-item4\">\r\n                        <figure class=\"td-slide-galery-figure td-slide-popup-gallery\">\r\n                            <a class=\"slide-gallery-image-link\" href=\"https:\/\/gorzow.news\/wp-content\/uploads\/2025\/08\/Zdjecie-WhatsApp-2025-08-07-o-10.08.47_370c2208.jpg\" title=\"\"  data-caption=\"fot. GIM\"  data-description=\"\">\r\n                                <img decoding=\"async\" src=\"https:\/\/gorzow.news\/wp-content\/uploads\/2025\/08\/Zdjecie-WhatsApp-2025-08-07-o-10.08.47_370c2208.jpg\" srcset=\"https:\/\/gorzow.news\/wp-content\/uploads\/2025\/08\/Zdjecie-WhatsApp-2025-08-07-o-10.08.47_370c2208.jpg 1600w, https:\/\/gorzow.news\/wp-content\/uploads\/2025\/08\/Zdjecie-WhatsApp-2025-08-07-o-10.08.47_370c2208-300x142.jpg 300w, https:\/\/gorzow.news\/wp-content\/uploads\/2025\/08\/Zdjecie-WhatsApp-2025-08-07-o-10.08.47_370c2208-1024x484.jpg 1024w, https:\/\/gorzow.news\/wp-content\/uploads\/2025\/08\/Zdjecie-WhatsApp-2025-08-07-o-10.08.47_370c2208-768x363.jpg 768w, https:\/\/gorzow.news\/wp-content\/uploads\/2025\/08\/Zdjecie-WhatsApp-2025-08-07-o-10.08.47_370c2208-1536x727.jpg 1536w, https:\/\/gorzow.news\/wp-content\/uploads\/2025\/08\/Zdjecie-WhatsApp-2025-08-07-o-10.08.47_370c2208-696x329.jpg 696w, https:\/\/gorzow.news\/wp-content\/uploads\/2025\/08\/Zdjecie-WhatsApp-2025-08-07-o-10.08.47_370c2208-1068x505.jpg 1068w\" sizes=\"(max-width: 1600px) 100vw, 1600px\" alt=\"\">\r\n                            <\/a>\r\n                            <figcaption class = \"td-slide-caption td-gallery-slide-content\"><div class = \"td-gallery-slide-copywrite\">fot. GIM<\/div><\/figcaption>\r\n                        <\/figure>\r\n                    <\/div>\r\n                            <\/div>\r\n                        <\/div>\r\n\r\n                        <div class = \"td-doubleSlider-2\">\r\n                            <div class = \"td-slider\">\r\n                                \r\n                    <div class = \"td-button td-item1\">\r\n                        <div class = \"td-border\"><\/div>\r\n                    <\/div>\r\n                    <div class = \"td-button td-item2\">\r\n                        <div class = \"td-border\"><\/div>\r\n                    <\/div>\r\n                    <div class = \"td-button td-item3\">\r\n                        <div class = \"td-border\"><\/div>\r\n                    <\/div>\r\n                    <div class = \"td-button td-item4\">\r\n                        <div class = \"td-border\"><\/div>\r\n                    <\/div>\r\n                            <\/div>\r\n                        <\/div>\r\n\r\n                    <\/div>\r\n\r\n                <\/div>\r\n                \n\n\n<p>Obecnie trwa usuwanie warstwy humusu i demonta\u017c starej nawierzchni asfaltowej. Wkr\u00f3tce rozpocznie si\u0119 kolejny etapy prac, kt\u00f3ry b\u0119dzie polega\u0142 na wykonaniu p\u0142yty g\u0142\u00f3wnej i monta\u017cu zbrojenia dla przeszk\u00f3d do grindowania.<\/p>\n\n\n\n<p>Inwestycj\u0119 realizuje firma 4SKATE sp. z o.o., za kwot\u0119 prawie 800 tys. z\u0142otych. Zgodnie z umow\u0105, zako\u0144czenie rob\u00f3t planowane jest na koniec maja przysz\u0142ego roku.<\/p>\n\n\n\n<p><strong>Co w projekcie rozbudowy?<\/strong><\/p>\n\n\n\n<p>Skatepark zostanie rozbudowany o sekcj\u0119 bank ramp oraz sekcj\u0119 street. Wybudowane zostan\u0105 profile, por\u0119cze, murki oraz o\u015bwietlenie.<\/p>\n\n\n\n<figure class=\"wp-block-image size-large\"><img loading=\"lazy\" decoding=\"async\" width=\"1024\" height=\"870\" src=\"https:\/\/gorzow.news\/wp-content\/uploads\/2025\/04\/skate-proj-1024x870.jpg\" alt=\"\" class=\"wp-image-31011\" srcset=\"https:\/\/gorzow.news\/wp-content\/uploads\/2025\/04\/skate-proj-1024x870.jpg?v=1744624513 1024w, https:\/\/gorzow.news\/wp-content\/uploads\/2025\/04\/skate-proj-300x255.jpg?v=1744624513 300w, https:\/\/gorzow.news\/wp-content\/uploads\/2025\/04\/skate-proj-768x652.jpg?v=1744624513 768w, https:\/\/gorzow.news\/wp-content\/uploads\/2025\/04\/skate-proj-696x591.jpg?v=1744624513 696w, https:\/\/gorzow.news\/wp-content\/uploads\/2025\/04\/skate-proj-1068x907.jpg?v=1744624513 1068w, https:\/\/gorzow.news\/wp-content\/uploads\/2025\/04\/skate-proj.jpg?v=1744624513 1263w\" sizes=\"auto, (max-width: 1024px) 100vw, 1024px\" \/><\/figure>\n\n\n\n<p>Projekt przewiduje utwardzenie nawierzchni w formie g\u0142adkiej, \u017celbetowej p\u0142yty z wyprofilowanymi przeszkodami przystosowanymi do jazdy po nich na \u0142y\u017cworolkach, deskorolkach, hulajnogach i rowerach. Kszta\u0142t, forma oraz wielko\u015b\u0107 projektowanego placu i przeszk\u00f3d zosta\u0142y dostosowane do istniej\u0105cego terenu. Opr\u00f3cz przeszk\u00f3d wyprofilowanych z p\u0142yty \u017celbetowej zaprojektowano tak\u017ce por\u0119cze stalowe kotwione do nawierzchni. Projektowana p\u0142yta \u017celbetowa posiada spadki u\u0142atwiaj\u0105ce p\u0142ynn\u0105 jazd\u0119 na deskorolkach i rolkach oraz umo\u017cliwiaj\u0105ce odprowadzenie w\u00f3d opadowych na teren nieutwardzony w granicach w\u0142asnej dzia\u0142ki. Projekt zak\u0142ada demonta\u017c istniej\u0105cych fragment\u00f3w nawierzchni asfaltowych. Od strony po\u0142udniowej istniej\u0105cego skateparku projektuje si\u0119 now\u0105 cz\u0119\u015b\u0107 w technologii monolitycznej \u017celbetowej o szeroko\u015bci 8,5 m. W tym miejscu zostanie wykonana nowa p\u0142yta \u017celbetowa z wyprofilowanymi przeszkodami dostosowanymi do jazdy na nich na deskorolkach, rolkach, hulajnogach i rowerach. Odprowadzenie wody deszczowej powierzchniowe na teren nieutwardzony w granicach w\u0142asnej dzia\u0142ki. Spadek w kierunku po\u0142udniowym. Przy po\u0142udniowej kraw\u0119dzi p\u0142yty projektuje si\u0119 pola \u017cwirowe o szer. 80 cm.<\/p>\n","protected":false},"excerpt":{"rendered":"<p>Teren inwestycji zosta\u0142 ju\u017c ogrodzony, a wykonawca &#8211; po zako\u0144czeniu prac przygotowawczych &#8211; przyst\u0105pi\u0142 do pierwszych rob\u00f3t ziemnych. To \u015bwietna wiadomo\u015b\u0107 dla wszystkich mi\u0142o\u015bnik\u00f3w aktywnego wypoczynku, kt\u00f3rzy korzystaj\u0105 z obiektu na deskorolkach, hulajnogach, rolkach czy rowerach. W ramach rozbudowy skatepark zostanie powi\u0119kszony, a ca\u0142o\u015b\u0107 zyska nowe przeszkody &#8211; m.in. profile, por\u0119cze i murki. Zaplanowano r\u00f3wnie\u017c [&hellip;]<\/p>\n","protected":false},"author":1,"featured_media":34002,"comment_status":"open","ping_status":"open","sticky":false,"template":"","format":"standard","meta":{"footnotes":"","_links_to":"","_links_to_target":""},"categories":[2016,593,589],"tags":[3454,118,120],"class_list":{"0":"post-34001","1":"post","2":"type-post","3":"status-publish","4":"format-standard","5":"has-post-thumbnail","7":"category-gorczyn","8":"category-inwestycje-miejskie","9":"category-wiadomosci","10":"tag-4skate-sp-z-o-o","11":"tag-park-kopernika","12":"tag-skatepark"},"yoast_head":"<!-- This site is optimized with the Yoast SEO plugin v27.3 - https:\/\/yoast.com\/product\/yoast-seo-wordpress\/ -->\n<title>Wyczekiwana od lat rozbudowa skateparku rozpocz\u0119ta! Co dok\u0142adnie zostanie wybudowane? - Gorz\u00f3w News<\/title>\n<meta name=\"description\" content=\"Teren inwestycji zosta\u0142 ju\u017c ogrodzony, a wykonawca - po zako\u0144czeniu prac przygotowawczych - przyst\u0105pi\u0142 do pierwszych rob\u00f3t ziemnych. To \u015bwietna\" \/>\n<meta name=\"robots\" content=\"index, follow, max-snippet:-1, max-image-preview:large, max-video-preview:-1\" \/>\n<link rel=\"canonical\" href=\"https:\/\/gorzow.news\/index.php\/2025\/08\/07\/wyczekiwana-od-lat-rozbudowa-skateparku-w-parku-kopernika-rozpoczeta-co-dokladnie-zostanie-wybudowane\/\" \/>\n<meta property=\"og:locale\" content=\"pl_PL\" \/>\n<meta property=\"og:type\" content=\"article\" \/>\n<meta property=\"og:title\" content=\"Wyczekiwana od lat rozbudowa skateparku rozpocz\u0119ta! Co dok\u0142adnie zostanie wybudowane? - Gorz\u00f3w News\" \/>\n<meta property=\"og:description\" content=\"Teren inwestycji zosta\u0142 ju\u017c ogrodzony, a wykonawca - po zako\u0144czeniu prac przygotowawczych - przyst\u0105pi\u0142 do pierwszych rob\u00f3t ziemnych. To \u015bwietna\" \/>\n<meta property=\"og:url\" content=\"https:\/\/gorzow.news\/index.php\/2025\/08\/07\/wyczekiwana-od-lat-rozbudowa-skateparku-w-parku-kopernika-rozpoczeta-co-dokladnie-zostanie-wybudowane\/\" \/>\n<meta property=\"og:site_name\" content=\"Gorz\u00f3w News\" \/>\n<meta property=\"article:publisher\" content=\"https:\/\/www.facebook.com\/gorzowskinews\" \/>\n<meta property=\"article:published_time\" content=\"2025-08-07T12:49:39+00:00\" \/>\n<meta property=\"article:modified_time\" content=\"2025-08-07T12:50:35+00:00\" \/>\n<meta property=\"og:image\" content=\"https:\/\/gorzow.news\/wp-content\/uploads\/2025\/08\/Zdjecie-WhatsApp-2025-08-07-o-10.08.47_370c2208.jpg\" \/>\n\t<meta property=\"og:image:width\" content=\"1600\" \/>\n\t<meta property=\"og:image:height\" content=\"757\" \/>\n\t<meta property=\"og:image:type\" content=\"image\/jpeg\" \/>\n<meta name=\"author\" content=\"maciej\" \/>\n<meta name=\"twitter:card\" content=\"summary_large_image\" \/>\n<meta name=\"twitter:label1\" content=\"Napisane przez\" \/>\n\t<meta name=\"twitter:data1\" content=\"maciej\" \/>\n\t<meta name=\"twitter:label2\" content=\"Szacowany czas czytania\" \/>\n\t<meta name=\"twitter:data2\" content=\"3 minuty\" \/>\n<script type=\"application\/ld+json\" class=\"yoast-schema-graph\">{\"@context\":\"https:\\\/\\\/schema.org\",\"@graph\":[{\"@type\":\"Article\",\"@id\":\"https:\\\/\\\/gorzow.news\\\/index.php\\\/2025\\\/08\\\/07\\\/wyczekiwana-od-lat-rozbudowa-skateparku-w-parku-kopernika-rozpoczeta-co-dokladnie-zostanie-wybudowane\\\/#article\",\"isPartOf\":{\"@id\":\"https:\\\/\\\/gorzow.news\\\/index.php\\\/2025\\\/08\\\/07\\\/wyczekiwana-od-lat-rozbudowa-skateparku-w-parku-kopernika-rozpoczeta-co-dokladnie-zostanie-wybudowane\\\/\"},\"author\":{\"name\":\"maciej\",\"@id\":\"https:\\\/\\\/gorzow.news\\\/#\\\/schema\\\/person\\\/a1e5ab43166369f2ce236a1cd90995bb\"},\"headline\":\"Wyczekiwana od lat rozbudowa skateparku rozpocz\u0119ta! Co dok\u0142adnie zostanie wybudowane?\",\"datePublished\":\"2025-08-07T12:49:39+00:00\",\"dateModified\":\"2025-08-07T12:50:35+00:00\",\"mainEntityOfPage\":{\"@id\":\"https:\\\/\\\/gorzow.news\\\/index.php\\\/2025\\\/08\\\/07\\\/wyczekiwana-od-lat-rozbudowa-skateparku-w-parku-kopernika-rozpoczeta-co-dokladnie-zostanie-wybudowane\\\/\"},\"wordCount\":366,\"commentCount\":0,\"image\":{\"@id\":\"https:\\\/\\\/gorzow.news\\\/index.php\\\/2025\\\/08\\\/07\\\/wyczekiwana-od-lat-rozbudowa-skateparku-w-parku-kopernika-rozpoczeta-co-dokladnie-zostanie-wybudowane\\\/#primaryimage\"},\"thumbnailUrl\":\"https:\\\/\\\/gorzow.news\\\/wp-content\\\/uploads\\\/2025\\\/08\\\/Zdjecie-WhatsApp-2025-08-07-o-10.08.47_370c2208.jpg\",\"keywords\":[\"4SKATE Sp. z o.o.\",\"Park Kopernika\",\"skatepark\"],\"articleSection\":[\"G\u00f3rczyn\",\"Inwestycje miejskie\",\"Wiadomo\u015bci\"],\"inLanguage\":\"pl-PL\",\"potentialAction\":[{\"@type\":\"CommentAction\",\"name\":\"Comment\",\"target\":[\"https:\\\/\\\/gorzow.news\\\/index.php\\\/2025\\\/08\\\/07\\\/wyczekiwana-od-lat-rozbudowa-skateparku-w-parku-kopernika-rozpoczeta-co-dokladnie-zostanie-wybudowane\\\/#respond\"]}]},{\"@type\":\"WebPage\",\"@id\":\"https:\\\/\\\/gorzow.news\\\/index.php\\\/2025\\\/08\\\/07\\\/wyczekiwana-od-lat-rozbudowa-skateparku-w-parku-kopernika-rozpoczeta-co-dokladnie-zostanie-wybudowane\\\/\",\"url\":\"https:\\\/\\\/gorzow.news\\\/index.php\\\/2025\\\/08\\\/07\\\/wyczekiwana-od-lat-rozbudowa-skateparku-w-parku-kopernika-rozpoczeta-co-dokladnie-zostanie-wybudowane\\\/\",\"name\":\"Wyczekiwana od lat rozbudowa skateparku rozpocz\u0119ta! Co dok\u0142adnie zostanie wybudowane? - Gorz\u00f3w News\",\"isPartOf\":{\"@id\":\"https:\\\/\\\/gorzow.news\\\/#website\"},\"primaryImageOfPage\":{\"@id\":\"https:\\\/\\\/gorzow.news\\\/index.php\\\/2025\\\/08\\\/07\\\/wyczekiwana-od-lat-rozbudowa-skateparku-w-parku-kopernika-rozpoczeta-co-dokladnie-zostanie-wybudowane\\\/#primaryimage\"},\"image\":{\"@id\":\"https:\\\/\\\/gorzow.news\\\/index.php\\\/2025\\\/08\\\/07\\\/wyczekiwana-od-lat-rozbudowa-skateparku-w-parku-kopernika-rozpoczeta-co-dokladnie-zostanie-wybudowane\\\/#primaryimage\"},\"thumbnailUrl\":\"https:\\\/\\\/gorzow.news\\\/wp-content\\\/uploads\\\/2025\\\/08\\\/Zdjecie-WhatsApp-2025-08-07-o-10.08.47_370c2208.jpg\",\"datePublished\":\"2025-08-07T12:49:39+00:00\",\"dateModified\":\"2025-08-07T12:50:35+00:00\",\"author\":{\"@id\":\"https:\\\/\\\/gorzow.news\\\/#\\\/schema\\\/person\\\/a1e5ab43166369f2ce236a1cd90995bb\"},\"description\":\"Teren inwestycji zosta\u0142 ju\u017c ogrodzony, a wykonawca - po zako\u0144czeniu prac przygotowawczych - przyst\u0105pi\u0142 do pierwszych rob\u00f3t ziemnych. To \u015bwietna wiadomo\u015b\u0107 dla wszystkich mi\u0142o\u015bnik\u00f3w aktywnego wypoczynku, kt\u00f3rzy korzystaj\u0105 z obiektu na deskorolkach, hulajnogach, rolkach czy rowerach.\",\"breadcrumb\":{\"@id\":\"https:\\\/\\\/gorzow.news\\\/index.php\\\/2025\\\/08\\\/07\\\/wyczekiwana-od-lat-rozbudowa-skateparku-w-parku-kopernika-rozpoczeta-co-dokladnie-zostanie-wybudowane\\\/#breadcrumb\"},\"inLanguage\":\"pl-PL\",\"potentialAction\":[{\"@type\":\"ReadAction\",\"target\":[\"https:\\\/\\\/gorzow.news\\\/index.php\\\/2025\\\/08\\\/07\\\/wyczekiwana-od-lat-rozbudowa-skateparku-w-parku-kopernika-rozpoczeta-co-dokladnie-zostanie-wybudowane\\\/\"]}]},{\"@type\":\"ImageObject\",\"inLanguage\":\"pl-PL\",\"@id\":\"https:\\\/\\\/gorzow.news\\\/index.php\\\/2025\\\/08\\\/07\\\/wyczekiwana-od-lat-rozbudowa-skateparku-w-parku-kopernika-rozpoczeta-co-dokladnie-zostanie-wybudowane\\\/#primaryimage\",\"url\":\"https:\\\/\\\/gorzow.news\\\/wp-content\\\/uploads\\\/2025\\\/08\\\/Zdjecie-WhatsApp-2025-08-07-o-10.08.47_370c2208.jpg\",\"contentUrl\":\"https:\\\/\\\/gorzow.news\\\/wp-content\\\/uploads\\\/2025\\\/08\\\/Zdjecie-WhatsApp-2025-08-07-o-10.08.47_370c2208.jpg\",\"width\":1600,\"height\":757,\"caption\":\"fot. GIM\"},{\"@type\":\"BreadcrumbList\",\"@id\":\"https:\\\/\\\/gorzow.news\\\/index.php\\\/2025\\\/08\\\/07\\\/wyczekiwana-od-lat-rozbudowa-skateparku-w-parku-kopernika-rozpoczeta-co-dokladnie-zostanie-wybudowane\\\/#breadcrumb\",\"itemListElement\":[{\"@type\":\"ListItem\",\"position\":1,\"name\":\"Home\",\"item\":\"https:\\\/\\\/gorzow.news\\\/\"},{\"@type\":\"ListItem\",\"position\":2,\"name\":\"Wyczekiwana od lat rozbudowa skateparku rozpocz\u0119ta! Co dok\u0142adnie zostanie wybudowane?\"}]},{\"@type\":\"WebSite\",\"@id\":\"https:\\\/\\\/gorzow.news\\\/#website\",\"url\":\"https:\\\/\\\/gorzow.news\\\/\",\"name\":\"Gorz\u00f3w News\",\"description\":\"Sp\u00f3jrz inaczej na miato i region...\",\"potentialAction\":[{\"@type\":\"SearchAction\",\"target\":{\"@type\":\"EntryPoint\",\"urlTemplate\":\"https:\\\/\\\/gorzow.news\\\/?s={search_term_string}\"},\"query-input\":{\"@type\":\"PropertyValueSpecification\",\"valueRequired\":true,\"valueName\":\"search_term_string\"}}],\"inLanguage\":\"pl-PL\"},{\"@type\":\"Person\",\"@id\":\"https:\\\/\\\/gorzow.news\\\/#\\\/schema\\\/person\\\/a1e5ab43166369f2ce236a1cd90995bb\",\"name\":\"maciej\",\"image\":{\"@type\":\"ImageObject\",\"inLanguage\":\"pl-PL\",\"@id\":\"https:\\\/\\\/secure.gravatar.com\\\/avatar\\\/530a674d56ba60cfa0ef21d74e8e8d123a51bb7aa6580465b5c2ab2c2e980a19?s=96&r=g&d=https:\\\/\\\/gorzow.news\\\/wp-content\\\/plugins\\\/userswp\\\/assets\\\/images\\\/no_profile.png\",\"url\":\"https:\\\/\\\/secure.gravatar.com\\\/avatar\\\/530a674d56ba60cfa0ef21d74e8e8d123a51bb7aa6580465b5c2ab2c2e980a19?s=96&r=g&d=https:\\\/\\\/gorzow.news\\\/wp-content\\\/plugins\\\/userswp\\\/assets\\\/images\\\/no_profile.png\",\"contentUrl\":\"https:\\\/\\\/secure.gravatar.com\\\/avatar\\\/530a674d56ba60cfa0ef21d74e8e8d123a51bb7aa6580465b5c2ab2c2e980a19?s=96&r=g&d=https:\\\/\\\/gorzow.news\\\/wp-content\\\/plugins\\\/userswp\\\/assets\\\/images\\\/no_profile.png\",\"caption\":\"maciej\"},\"url\":\"https:\\\/\\\/gorzow.news\\\/index.php\\\/profile\\\/maciej\\\/\"}]}<\/script>\n<!-- \/ Yoast SEO plugin. -->","yoast_head_json":{"title":"Wyczekiwana od lat rozbudowa skateparku rozpocz\u0119ta! Co dok\u0142adnie zostanie wybudowane? - Gorz\u00f3w News","description":"Teren inwestycji zosta\u0142 ju\u017c ogrodzony, a wykonawca - po zako\u0144czeniu prac przygotowawczych - przyst\u0105pi\u0142 do pierwszych rob\u00f3t ziemnych. To \u015bwietna","robots":{"index":"index","follow":"follow","max-snippet":"max-snippet:-1","max-image-preview":"max-image-preview:large","max-video-preview":"max-video-preview:-1"},"canonical":"https:\/\/gorzow.news\/index.php\/2025\/08\/07\/wyczekiwana-od-lat-rozbudowa-skateparku-w-parku-kopernika-rozpoczeta-co-dokladnie-zostanie-wybudowane\/","og_locale":"pl_PL","og_type":"article","og_title":"Wyczekiwana od lat rozbudowa skateparku rozpocz\u0119ta! Co dok\u0142adnie zostanie wybudowane? - Gorz\u00f3w News","og_description":"Teren inwestycji zosta\u0142 ju\u017c ogrodzony, a wykonawca - po zako\u0144czeniu prac przygotowawczych - przyst\u0105pi\u0142 do pierwszych rob\u00f3t ziemnych. To \u015bwietna","og_url":"https:\/\/gorzow.news\/index.php\/2025\/08\/07\/wyczekiwana-od-lat-rozbudowa-skateparku-w-parku-kopernika-rozpoczeta-co-dokladnie-zostanie-wybudowane\/","og_site_name":"Gorz\u00f3w News","article_publisher":"https:\/\/www.facebook.com\/gorzowskinews","article_published_time":"2025-08-07T12:49:39+00:00","article_modified_time":"2025-08-07T12:50:35+00:00","og_image":[{"width":1600,"height":757,"url":"https:\/\/gorzow.news\/wp-content\/uploads\/2025\/08\/Zdjecie-WhatsApp-2025-08-07-o-10.08.47_370c2208.jpg","type":"image\/jpeg"}],"author":"maciej","twitter_card":"summary_large_image","twitter_misc":{"Napisane przez":"maciej","Szacowany czas czytania":"3 minuty"},"schema":{"@context":"https:\/\/schema.org","@graph":[{"@type":"Article","@id":"https:\/\/gorzow.news\/index.php\/2025\/08\/07\/wyczekiwana-od-lat-rozbudowa-skateparku-w-parku-kopernika-rozpoczeta-co-dokladnie-zostanie-wybudowane\/#article","isPartOf":{"@id":"https:\/\/gorzow.news\/index.php\/2025\/08\/07\/wyczekiwana-od-lat-rozbudowa-skateparku-w-parku-kopernika-rozpoczeta-co-dokladnie-zostanie-wybudowane\/"},"author":{"name":"maciej","@id":"https:\/\/gorzow.news\/#\/schema\/person\/a1e5ab43166369f2ce236a1cd90995bb"},"headline":"Wyczekiwana od lat rozbudowa skateparku rozpocz\u0119ta! Co dok\u0142adnie zostanie wybudowane?","datePublished":"2025-08-07T12:49:39+00:00","dateModified":"2025-08-07T12:50:35+00:00","mainEntityOfPage":{"@id":"https:\/\/gorzow.news\/index.php\/2025\/08\/07\/wyczekiwana-od-lat-rozbudowa-skateparku-w-parku-kopernika-rozpoczeta-co-dokladnie-zostanie-wybudowane\/"},"wordCount":366,"commentCount":0,"image":{"@id":"https:\/\/gorzow.news\/index.php\/2025\/08\/07\/wyczekiwana-od-lat-rozbudowa-skateparku-w-parku-kopernika-rozpoczeta-co-dokladnie-zostanie-wybudowane\/#primaryimage"},"thumbnailUrl":"https:\/\/gorzow.news\/wp-content\/uploads\/2025\/08\/Zdjecie-WhatsApp-2025-08-07-o-10.08.47_370c2208.jpg","keywords":["4SKATE Sp. z o.o.","Park Kopernika","skatepark"],"articleSection":["G\u00f3rczyn","Inwestycje miejskie","Wiadomo\u015bci"],"inLanguage":"pl-PL","potentialAction":[{"@type":"CommentAction","name":"Comment","target":["https:\/\/gorzow.news\/index.php\/2025\/08\/07\/wyczekiwana-od-lat-rozbudowa-skateparku-w-parku-kopernika-rozpoczeta-co-dokladnie-zostanie-wybudowane\/#respond"]}]},{"@type":"WebPage","@id":"https:\/\/gorzow.news\/index.php\/2025\/08\/07\/wyczekiwana-od-lat-rozbudowa-skateparku-w-parku-kopernika-rozpoczeta-co-dokladnie-zostanie-wybudowane\/","url":"https:\/\/gorzow.news\/index.php\/2025\/08\/07\/wyczekiwana-od-lat-rozbudowa-skateparku-w-parku-kopernika-rozpoczeta-co-dokladnie-zostanie-wybudowane\/","name":"Wyczekiwana od lat rozbudowa skateparku rozpocz\u0119ta! Co dok\u0142adnie zostanie wybudowane? - Gorz\u00f3w News","isPartOf":{"@id":"https:\/\/gorzow.news\/#website"},"primaryImageOfPage":{"@id":"https:\/\/gorzow.news\/index.php\/2025\/08\/07\/wyczekiwana-od-lat-rozbudowa-skateparku-w-parku-kopernika-rozpoczeta-co-dokladnie-zostanie-wybudowane\/#primaryimage"},"image":{"@id":"https:\/\/gorzow.news\/index.php\/2025\/08\/07\/wyczekiwana-od-lat-rozbudowa-skateparku-w-parku-kopernika-rozpoczeta-co-dokladnie-zostanie-wybudowane\/#primaryimage"},"thumbnailUrl":"https:\/\/gorzow.news\/wp-content\/uploads\/2025\/08\/Zdjecie-WhatsApp-2025-08-07-o-10.08.47_370c2208.jpg","datePublished":"2025-08-07T12:49:39+00:00","dateModified":"2025-08-07T12:50:35+00:00","author":{"@id":"https:\/\/gorzow.news\/#\/schema\/person\/a1e5ab43166369f2ce236a1cd90995bb"},"description":"Teren inwestycji zosta\u0142 ju\u017c ogrodzony, a wykonawca - po zako\u0144czeniu prac przygotowawczych - przyst\u0105pi\u0142 do pierwszych rob\u00f3t ziemnych. To \u015bwietna wiadomo\u015b\u0107 dla wszystkich mi\u0142o\u015bnik\u00f3w aktywnego wypoczynku, kt\u00f3rzy korzystaj\u0105 z obiektu na deskorolkach, hulajnogach, rolkach czy rowerach.","breadcrumb":{"@id":"https:\/\/gorzow.news\/index.php\/2025\/08\/07\/wyczekiwana-od-lat-rozbudowa-skateparku-w-parku-kopernika-rozpoczeta-co-dokladnie-zostanie-wybudowane\/#breadcrumb"},"inLanguage":"pl-PL","potentialAction":[{"@type":"ReadAction","target":["https:\/\/gorzow.news\/index.php\/2025\/08\/07\/wyczekiwana-od-lat-rozbudowa-skateparku-w-parku-kopernika-rozpoczeta-co-dokladnie-zostanie-wybudowane\/"]}]},{"@type":"ImageObject","inLanguage":"pl-PL","@id":"https:\/\/gorzow.news\/index.php\/2025\/08\/07\/wyczekiwana-od-lat-rozbudowa-skateparku-w-parku-kopernika-rozpoczeta-co-dokladnie-zostanie-wybudowane\/#primaryimage","url":"https:\/\/gorzow.news\/wp-content\/uploads\/2025\/08\/Zdjecie-WhatsApp-2025-08-07-o-10.08.47_370c2208.jpg","contentUrl":"https:\/\/gorzow.news\/wp-content\/uploads\/2025\/08\/Zdjecie-WhatsApp-2025-08-07-o-10.08.47_370c2208.jpg","width":1600,"height":757,"caption":"fot. GIM"},{"@type":"BreadcrumbList","@id":"https:\/\/gorzow.news\/index.php\/2025\/08\/07\/wyczekiwana-od-lat-rozbudowa-skateparku-w-parku-kopernika-rozpoczeta-co-dokladnie-zostanie-wybudowane\/#breadcrumb","itemListElement":[{"@type":"ListItem","position":1,"name":"Home","item":"https:\/\/gorzow.news\/"},{"@type":"ListItem","position":2,"name":"Wyczekiwana od lat rozbudowa skateparku rozpocz\u0119ta! Co dok\u0142adnie zostanie wybudowane?"}]},{"@type":"WebSite","@id":"https:\/\/gorzow.news\/#website","url":"https:\/\/gorzow.news\/","name":"Gorz\u00f3w News","description":"Sp\u00f3jrz inaczej na miato i region...","potentialAction":[{"@type":"SearchAction","target":{"@type":"EntryPoint","urlTemplate":"https:\/\/gorzow.news\/?s={search_term_string}"},"query-input":{"@type":"PropertyValueSpecification","valueRequired":true,"valueName":"search_term_string"}}],"inLanguage":"pl-PL"},{"@type":"Person","@id":"https:\/\/gorzow.news\/#\/schema\/person\/a1e5ab43166369f2ce236a1cd90995bb","name":"maciej","image":{"@type":"ImageObject","inLanguage":"pl-PL","@id":"https:\/\/secure.gravatar.com\/avatar\/530a674d56ba60cfa0ef21d74e8e8d123a51bb7aa6580465b5c2ab2c2e980a19?s=96&r=g&d=https:\/\/gorzow.news\/wp-content\/plugins\/userswp\/assets\/images\/no_profile.png","url":"https:\/\/secure.gravatar.com\/avatar\/530a674d56ba60cfa0ef21d74e8e8d123a51bb7aa6580465b5c2ab2c2e980a19?s=96&r=g&d=https:\/\/gorzow.news\/wp-content\/plugins\/userswp\/assets\/images\/no_profile.png","contentUrl":"https:\/\/secure.gravatar.com\/avatar\/530a674d56ba60cfa0ef21d74e8e8d123a51bb7aa6580465b5c2ab2c2e980a19?s=96&r=g&d=https:\/\/gorzow.news\/wp-content\/plugins\/userswp\/assets\/images\/no_profile.png","caption":"maciej"},"url":"https:\/\/gorzow.news\/index.php\/profile\/maciej\/"}]}},"_links":{"self":[{"href":"https:\/\/gorzow.news\/index.php\/wp-json\/wp\/v2\/posts\/34001","targetHints":{"allow":["GET"]}}],"collection":[{"href":"https:\/\/gorzow.news\/index.php\/wp-json\/wp\/v2\/posts"}],"about":[{"href":"https:\/\/gorzow.news\/index.php\/wp-json\/wp\/v2\/types\/post"}],"author":[{"embeddable":true,"href":"https:\/\/gorzow.news\/index.php\/wp-json\/wp\/v2\/users\/1"}],"replies":[{"embeddable":true,"href":"https:\/\/gorzow.news\/index.php\/wp-json\/wp\/v2\/comments?post=34001"}],"version-history":[{"count":2,"href":"https:\/\/gorzow.news\/index.php\/wp-json\/wp\/v2\/posts\/34001\/revisions"}],"predecessor-version":[{"id":34007,"href":"https:\/\/gorzow.news\/index.php\/wp-json\/wp\/v2\/posts\/34001\/revisions\/34007"}],"wp:featuredmedia":[{"embeddable":true,"href":"https:\/\/gorzow.news\/index.php\/wp-json\/wp\/v2\/media\/34002"}],"wp:attachment":[{"href":"https:\/\/gorzow.news\/index.php\/wp-json\/wp\/v2\/media?parent=34001"}],"wp:term":[{"taxonomy":"category","embeddable":true,"href":"https:\/\/gorzow.news\/index.php\/wp-json\/wp\/v2\/categories?post=34001"},{"taxonomy":"post_tag","embeddable":true,"href":"https:\/\/gorzow.news\/index.php\/wp-json\/wp\/v2\/tags?post=34001"}],"curies":[{"name":"wp","href":"https:\/\/api.w.org\/{rel}","templated":true}]}}