{"id":3388,"date":"2021-09-21T15:35:52","date_gmt":"2021-09-21T13:35:52","guid":{"rendered":"https:\/\/gorzow.news\/?p=3388"},"modified":"2021-11-17T15:45:23","modified_gmt":"2021-11-17T14:45:23","slug":"nie-zyje-marzena-koniuszy-kierowniczka-baru-mlecznego-agata","status":"publish","type":"post","link":"https:\/\/gorzow.news\/index.php\/2021\/09\/21\/nie-zyje-marzena-koniuszy-kierowniczka-baru-mlecznego-agata\/","title":{"rendered":"Nie \u017cyje Marzenna Koniuszy, kierowniczka baru mlecznego Agata"},"content":{"rendered":"\n<p><strong>Jeszcze w sierpniu opowiada\u0142a nam o wizycie i kuchennych rewolucjach Magdy Gessler, jakie kilka dni wcze\u015bniej przeszed\u0142 bar mleczny Agata. Niestety smutn\u0105 informacj\u0105 o \u015bmierci pani Marzenny Koniuszy podzieli\u0142a si\u0119 dzi\u015b w nocy sekcja pi\u0142karstwa TKKF-Stilon Gorz\u00f3w, kt\u00f3ra zarz\u0105dza kultowym barem.<\/strong><\/p>\n\n\n\n<p>Pani Marzena mia\u0142 59 lat. W Barze Agata przepracowa\u0142a 40 lat. W tym roku bar przy al. Konstytucji 3 Maja bra\u0142a udzia\u0142 w Kuchennych Rewolucjach Magdy Gessler o czym informowali\u015bmy w tek\u015bcie &#8211; <a href=\"https:\/\/gorzow.news\/index.php\/2021\/08\/03\/rewolucje-magdy-gessler-w-barze-mlecznym-agata\/\">Rewolucje Magdy Gessler w Barze Mlecznym Agata!<\/a> Kilka dni p\u00f3\u017aniej pani Marzena opowiada\u0142a nam o rewolucjach, co mo\u017cecie przeczyta\u0107 tutaj &#8211; <a href=\"https:\/\/gorzow.news\/index.php\/2021\/08\/09\/koniuszy-porcje-sa-teraz-wieksze-sa-nowe-potrawy-i-skladniki-cenny-beda-tylko-minimalnie-wyzsze-zdjecia\/\">Agata po rewolucjach! Koniuszy: Porcje s\u0105 teraz wi\u0119ksze! S\u0105 nowe potrawy i sk\u0142adniki. Ceny b\u0119d\u0105 tylko minimalnie wy\u017csze (zdj\u0119cia)<\/a><\/p>\n\n\n\n<p>Na pocz\u0105tku wrze\u015bnia Magda Gessler ponownie zawita\u0142a do Gorzowa. Jak mo\u017cna wywnioskowa\u0107 z jej wpisu na Facebooku rewolucje w Barze Agata uzna\u0142a za bardzo udane. Wychwala\u0142a te\u017c pani\u0105 Marzenn\u0119.<\/p>\n\n\n\n<div class=\"wp-block-image\"><figure class=\"aligncenter size-full\"><img loading=\"lazy\" decoding=\"async\" width=\"515\" height=\"225\" src=\"https:\/\/gorzow.news\/wp-content\/uploads\/2021\/09\/gessler-ko.png\" alt=\"\" class=\"wp-image-3389\" srcset=\"https:\/\/gorzow.news\/wp-content\/uploads\/2021\/09\/gessler-ko.png 515w, https:\/\/gorzow.news\/wp-content\/uploads\/2021\/09\/gessler-ko-300x131.png 300w\" sizes=\"auto, (max-width: 515px) 100vw, 515px\" \/><\/figure><\/div>\n\n\n\n<p>&#8211; Nie \u017cyjemy, aby umiera\u0107\u2026 ale umieramy, aby \u017cy\u0107 wiecznie&#8221; (Michael Buchberger) [*] &#8211; czytamy na profilu gorzowskich pi\u0142karek na Facebooku.<\/p>\n\n\n\n<p>Uroczysto\u015bci pogrzebowe pani Marzenny rozpoczn\u0105 si\u0119 w \u015brod\u0119, tj. 22 wrze\u015bnia o godz. 11:30 w ko\u015bciele w Starym Kurowie.<\/p>\n","protected":false},"excerpt":{"rendered":"<p>Jeszcze w sierpniu opowiada\u0142a nam o wizycie i kuchennych rewolucjach Magdy Gessler, jakie kilka dni wcze\u015bniej przeszed\u0142 bar mleczny Agata. Niestety smutn\u0105 informacj\u0105 o \u015bmierci pani Marzeny Koniuszy podzieli\u0142a si\u0119 dzi\u015b w nocy sekcja pi\u0142karstwa TKKF-Stilon Gorz\u00f3w, kt\u00f3ra zarz\u0105dza kultowym barem.<\/p>\n","protected":false},"author":1,"featured_media":3393,"comment_status":"open","ping_status":"open","sticky":false,"template":"","format":"standard","meta":{"footnotes":"","_links_to":"","_links_to_target":""},"categories":[597,589],"tags":[530,533,535,561],"class_list":{"0":"post-3388","1":"post","2":"type-post","3":"status-publish","4":"format-standard","5":"has-post-thumbnail","7":"category-fakty-opinie","8":"category-wiadomosci","9":"tag-bar-mleczny-agata","10":"tag-kuchenne-rewolucje","11":"tag-magda-gessler","12":"tag-marzena-koniuszy"},"yoast_head":"<!-- This site is optimized with the Yoast SEO plugin v27.3 - https:\/\/yoast.com\/product\/yoast-seo-wordpress\/ -->\n<title>Nie \u017cyje Marzenna Koniuszy, kierowniczka baru mlecznego Agata - Gorz\u00f3w News<\/title>\n<meta name=\"description\" content=\"Jeszcze w sierpniu opowiada\u0142a nam o wizycie i kuchennych rewolucjach Magdy Gessler, jakie kilka dni wcze\u015bniej przeszed\u0142 bar mleczny Agata. Niestety\" \/>\n<meta name=\"robots\" content=\"index, follow, max-snippet:-1, max-image-preview:large, max-video-preview:-1\" \/>\n<link rel=\"canonical\" href=\"https:\/\/gorzow.news\/index.php\/2021\/09\/21\/nie-zyje-marzena-koniuszy-kierowniczka-baru-mlecznego-agata\/\" \/>\n<meta property=\"og:locale\" content=\"pl_PL\" \/>\n<meta property=\"og:type\" content=\"article\" \/>\n<meta property=\"og:title\" content=\"Nie \u017cyje Marzenna Koniuszy, kierowniczka baru mlecznego Agata - Gorz\u00f3w News\" \/>\n<meta property=\"og:description\" content=\"Jeszcze w sierpniu opowiada\u0142a nam o wizycie i kuchennych rewolucjach Magdy Gessler, jakie kilka dni wcze\u015bniej przeszed\u0142 bar mleczny Agata. Niestety\" \/>\n<meta property=\"og:url\" content=\"https:\/\/gorzow.news\/index.php\/2021\/09\/21\/nie-zyje-marzena-koniuszy-kierowniczka-baru-mlecznego-agata\/\" \/>\n<meta property=\"og:site_name\" content=\"Gorz\u00f3w News\" \/>\n<meta property=\"article:publisher\" content=\"https:\/\/www.facebook.com\/gorzowskinews\" \/>\n<meta property=\"article:published_time\" content=\"2021-09-21T13:35:52+00:00\" \/>\n<meta property=\"article:modified_time\" content=\"2021-11-17T14:45:23+00:00\" \/>\n<meta property=\"og:image\" content=\"https:\/\/gorzow.news\/wp-content\/uploads\/2021\/09\/koniuszy-a.jpg\" \/>\n\t<meta property=\"og:image:width\" content=\"1281\" \/>\n\t<meta property=\"og:image:height\" content=\"721\" \/>\n\t<meta property=\"og:image:type\" content=\"image\/jpeg\" \/>\n<meta name=\"author\" content=\"maciej\" \/>\n<meta name=\"twitter:card\" content=\"summary_large_image\" \/>\n<meta name=\"twitter:label1\" content=\"Napisane przez\" \/>\n\t<meta name=\"twitter:data1\" content=\"maciej\" \/>\n\t<meta name=\"twitter:label2\" content=\"Szacowany czas czytania\" \/>\n\t<meta name=\"twitter:data2\" content=\"1 minuta\" \/>\n<script type=\"application\/ld+json\" class=\"yoast-schema-graph\">{\"@context\":\"https:\\\/\\\/schema.org\",\"@graph\":[{\"@type\":\"Article\",\"@id\":\"https:\\\/\\\/gorzow.news\\\/index.php\\\/2021\\\/09\\\/21\\\/nie-zyje-marzena-koniuszy-kierowniczka-baru-mlecznego-agata\\\/#article\",\"isPartOf\":{\"@id\":\"https:\\\/\\\/gorzow.news\\\/index.php\\\/2021\\\/09\\\/21\\\/nie-zyje-marzena-koniuszy-kierowniczka-baru-mlecznego-agata\\\/\"},\"author\":{\"name\":\"maciej\",\"@id\":\"https:\\\/\\\/gorzow.news\\\/#\\\/schema\\\/person\\\/a1e5ab43166369f2ce236a1cd90995bb\"},\"headline\":\"Nie \u017cyje Marzenna Koniuszy, kierowniczka baru mlecznego Agata\",\"datePublished\":\"2021-09-21T13:35:52+00:00\",\"dateModified\":\"2021-11-17T14:45:23+00:00\",\"mainEntityOfPage\":{\"@id\":\"https:\\\/\\\/gorzow.news\\\/index.php\\\/2021\\\/09\\\/21\\\/nie-zyje-marzena-koniuszy-kierowniczka-baru-mlecznego-agata\\\/\"},\"wordCount\":214,\"commentCount\":0,\"image\":{\"@id\":\"https:\\\/\\\/gorzow.news\\\/index.php\\\/2021\\\/09\\\/21\\\/nie-zyje-marzena-koniuszy-kierowniczka-baru-mlecznego-agata\\\/#primaryimage\"},\"thumbnailUrl\":\"https:\\\/\\\/gorzow.news\\\/wp-content\\\/uploads\\\/2021\\\/09\\\/koniuszy-a.jpg\",\"keywords\":[\"Bar Mleczny Agata\",\"Kuchenne Rewolucje\",\"Magda Gessler\",\"Marzena Koniuszy\"],\"articleSection\":[\"Fakty i opinie\",\"Wiadomo\u015bci\"],\"inLanguage\":\"pl-PL\",\"potentialAction\":[{\"@type\":\"CommentAction\",\"name\":\"Comment\",\"target\":[\"https:\\\/\\\/gorzow.news\\\/index.php\\\/2021\\\/09\\\/21\\\/nie-zyje-marzena-koniuszy-kierowniczka-baru-mlecznego-agata\\\/#respond\"]}]},{\"@type\":\"WebPage\",\"@id\":\"https:\\\/\\\/gorzow.news\\\/index.php\\\/2021\\\/09\\\/21\\\/nie-zyje-marzena-koniuszy-kierowniczka-baru-mlecznego-agata\\\/\",\"url\":\"https:\\\/\\\/gorzow.news\\\/index.php\\\/2021\\\/09\\\/21\\\/nie-zyje-marzena-koniuszy-kierowniczka-baru-mlecznego-agata\\\/\",\"name\":\"Nie \u017cyje Marzenna Koniuszy, kierowniczka baru mlecznego Agata - Gorz\u00f3w News\",\"isPartOf\":{\"@id\":\"https:\\\/\\\/gorzow.news\\\/#website\"},\"primaryImageOfPage\":{\"@id\":\"https:\\\/\\\/gorzow.news\\\/index.php\\\/2021\\\/09\\\/21\\\/nie-zyje-marzena-koniuszy-kierowniczka-baru-mlecznego-agata\\\/#primaryimage\"},\"image\":{\"@id\":\"https:\\\/\\\/gorzow.news\\\/index.php\\\/2021\\\/09\\\/21\\\/nie-zyje-marzena-koniuszy-kierowniczka-baru-mlecznego-agata\\\/#primaryimage\"},\"thumbnailUrl\":\"https:\\\/\\\/gorzow.news\\\/wp-content\\\/uploads\\\/2021\\\/09\\\/koniuszy-a.jpg\",\"datePublished\":\"2021-09-21T13:35:52+00:00\",\"dateModified\":\"2021-11-17T14:45:23+00:00\",\"author\":{\"@id\":\"https:\\\/\\\/gorzow.news\\\/#\\\/schema\\\/person\\\/a1e5ab43166369f2ce236a1cd90995bb\"},\"description\":\"Jeszcze w sierpniu opowiada\u0142a nam o wizycie i kuchennych rewolucjach Magdy Gessler, jakie kilka dni wcze\u015bniej przeszed\u0142 bar mleczny Agata. Niestety smutn\u0105 informacj\u0105 o \u015bmierci pani Marzeny Koniuszy podzieli\u0142a si\u0119 dzi\u015b w nocy sekcja pi\u0142karstwa TKKF-Stilon Gorz\u00f3w, kt\u00f3ra zarz\u0105dza kultowym barem.\",\"breadcrumb\":{\"@id\":\"https:\\\/\\\/gorzow.news\\\/index.php\\\/2021\\\/09\\\/21\\\/nie-zyje-marzena-koniuszy-kierowniczka-baru-mlecznego-agata\\\/#breadcrumb\"},\"inLanguage\":\"pl-PL\",\"potentialAction\":[{\"@type\":\"ReadAction\",\"target\":[\"https:\\\/\\\/gorzow.news\\\/index.php\\\/2021\\\/09\\\/21\\\/nie-zyje-marzena-koniuszy-kierowniczka-baru-mlecznego-agata\\\/\"]}]},{\"@type\":\"ImageObject\",\"inLanguage\":\"pl-PL\",\"@id\":\"https:\\\/\\\/gorzow.news\\\/index.php\\\/2021\\\/09\\\/21\\\/nie-zyje-marzena-koniuszy-kierowniczka-baru-mlecznego-agata\\\/#primaryimage\",\"url\":\"https:\\\/\\\/gorzow.news\\\/wp-content\\\/uploads\\\/2021\\\/09\\\/koniuszy-a.jpg\",\"contentUrl\":\"https:\\\/\\\/gorzow.news\\\/wp-content\\\/uploads\\\/2021\\\/09\\\/koniuszy-a.jpg\",\"width\":1281,\"height\":721,\"caption\":\"fot. facebook.com\\\/KuchenneRewolucjeNaszymiOczami\"},{\"@type\":\"BreadcrumbList\",\"@id\":\"https:\\\/\\\/gorzow.news\\\/index.php\\\/2021\\\/09\\\/21\\\/nie-zyje-marzena-koniuszy-kierowniczka-baru-mlecznego-agata\\\/#breadcrumb\",\"itemListElement\":[{\"@type\":\"ListItem\",\"position\":1,\"name\":\"Home\",\"item\":\"https:\\\/\\\/gorzow.news\\\/\"},{\"@type\":\"ListItem\",\"position\":2,\"name\":\"Nie \u017cyje Marzenna Koniuszy, kierowniczka baru mlecznego Agata\"}]},{\"@type\":\"WebSite\",\"@id\":\"https:\\\/\\\/gorzow.news\\\/#website\",\"url\":\"https:\\\/\\\/gorzow.news\\\/\",\"name\":\"Gorz\u00f3w News\",\"description\":\"Sp\u00f3jrz inaczej na miato i region...\",\"potentialAction\":[{\"@type\":\"SearchAction\",\"target\":{\"@type\":\"EntryPoint\",\"urlTemplate\":\"https:\\\/\\\/gorzow.news\\\/?s={search_term_string}\"},\"query-input\":{\"@type\":\"PropertyValueSpecification\",\"valueRequired\":true,\"valueName\":\"search_term_string\"}}],\"inLanguage\":\"pl-PL\"},{\"@type\":\"Person\",\"@id\":\"https:\\\/\\\/gorzow.news\\\/#\\\/schema\\\/person\\\/a1e5ab43166369f2ce236a1cd90995bb\",\"name\":\"maciej\",\"image\":{\"@type\":\"ImageObject\",\"inLanguage\":\"pl-PL\",\"@id\":\"https:\\\/\\\/secure.gravatar.com\\\/avatar\\\/530a674d56ba60cfa0ef21d74e8e8d123a51bb7aa6580465b5c2ab2c2e980a19?s=96&r=g&d=https:\\\/\\\/gorzow.news\\\/wp-content\\\/plugins\\\/userswp\\\/assets\\\/images\\\/no_profile.png\",\"url\":\"https:\\\/\\\/secure.gravatar.com\\\/avatar\\\/530a674d56ba60cfa0ef21d74e8e8d123a51bb7aa6580465b5c2ab2c2e980a19?s=96&r=g&d=https:\\\/\\\/gorzow.news\\\/wp-content\\\/plugins\\\/userswp\\\/assets\\\/images\\\/no_profile.png\",\"contentUrl\":\"https:\\\/\\\/secure.gravatar.com\\\/avatar\\\/530a674d56ba60cfa0ef21d74e8e8d123a51bb7aa6580465b5c2ab2c2e980a19?s=96&r=g&d=https:\\\/\\\/gorzow.news\\\/wp-content\\\/plugins\\\/userswp\\\/assets\\\/images\\\/no_profile.png\",\"caption\":\"maciej\"},\"url\":\"https:\\\/\\\/gorzow.news\\\/index.php\\\/profile\\\/maciej\\\/\"}]}<\/script>\n<!-- \/ Yoast SEO plugin. -->","yoast_head_json":{"title":"Nie \u017cyje Marzenna Koniuszy, kierowniczka baru mlecznego Agata - Gorz\u00f3w News","description":"Jeszcze w sierpniu opowiada\u0142a nam o wizycie i kuchennych rewolucjach Magdy Gessler, jakie kilka dni wcze\u015bniej przeszed\u0142 bar mleczny Agata. Niestety","robots":{"index":"index","follow":"follow","max-snippet":"max-snippet:-1","max-image-preview":"max-image-preview:large","max-video-preview":"max-video-preview:-1"},"canonical":"https:\/\/gorzow.news\/index.php\/2021\/09\/21\/nie-zyje-marzena-koniuszy-kierowniczka-baru-mlecznego-agata\/","og_locale":"pl_PL","og_type":"article","og_title":"Nie \u017cyje Marzenna Koniuszy, kierowniczka baru mlecznego Agata - Gorz\u00f3w News","og_description":"Jeszcze w sierpniu opowiada\u0142a nam o wizycie i kuchennych rewolucjach Magdy Gessler, jakie kilka dni wcze\u015bniej przeszed\u0142 bar mleczny Agata. Niestety","og_url":"https:\/\/gorzow.news\/index.php\/2021\/09\/21\/nie-zyje-marzena-koniuszy-kierowniczka-baru-mlecznego-agata\/","og_site_name":"Gorz\u00f3w News","article_publisher":"https:\/\/www.facebook.com\/gorzowskinews","article_published_time":"2021-09-21T13:35:52+00:00","article_modified_time":"2021-11-17T14:45:23+00:00","og_image":[{"width":1281,"height":721,"url":"https:\/\/gorzow.news\/wp-content\/uploads\/2021\/09\/koniuszy-a.jpg","type":"image\/jpeg"}],"author":"maciej","twitter_card":"summary_large_image","twitter_misc":{"Napisane przez":"maciej","Szacowany czas czytania":"1 minuta"},"schema":{"@context":"https:\/\/schema.org","@graph":[{"@type":"Article","@id":"https:\/\/gorzow.news\/index.php\/2021\/09\/21\/nie-zyje-marzena-koniuszy-kierowniczka-baru-mlecznego-agata\/#article","isPartOf":{"@id":"https:\/\/gorzow.news\/index.php\/2021\/09\/21\/nie-zyje-marzena-koniuszy-kierowniczka-baru-mlecznego-agata\/"},"author":{"name":"maciej","@id":"https:\/\/gorzow.news\/#\/schema\/person\/a1e5ab43166369f2ce236a1cd90995bb"},"headline":"Nie \u017cyje Marzenna Koniuszy, kierowniczka baru mlecznego Agata","datePublished":"2021-09-21T13:35:52+00:00","dateModified":"2021-11-17T14:45:23+00:00","mainEntityOfPage":{"@id":"https:\/\/gorzow.news\/index.php\/2021\/09\/21\/nie-zyje-marzena-koniuszy-kierowniczka-baru-mlecznego-agata\/"},"wordCount":214,"commentCount":0,"image":{"@id":"https:\/\/gorzow.news\/index.php\/2021\/09\/21\/nie-zyje-marzena-koniuszy-kierowniczka-baru-mlecznego-agata\/#primaryimage"},"thumbnailUrl":"https:\/\/gorzow.news\/wp-content\/uploads\/2021\/09\/koniuszy-a.jpg","keywords":["Bar Mleczny Agata","Kuchenne Rewolucje","Magda Gessler","Marzena Koniuszy"],"articleSection":["Fakty i opinie","Wiadomo\u015bci"],"inLanguage":"pl-PL","potentialAction":[{"@type":"CommentAction","name":"Comment","target":["https:\/\/gorzow.news\/index.php\/2021\/09\/21\/nie-zyje-marzena-koniuszy-kierowniczka-baru-mlecznego-agata\/#respond"]}]},{"@type":"WebPage","@id":"https:\/\/gorzow.news\/index.php\/2021\/09\/21\/nie-zyje-marzena-koniuszy-kierowniczka-baru-mlecznego-agata\/","url":"https:\/\/gorzow.news\/index.php\/2021\/09\/21\/nie-zyje-marzena-koniuszy-kierowniczka-baru-mlecznego-agata\/","name":"Nie \u017cyje Marzenna Koniuszy, kierowniczka baru mlecznego Agata - Gorz\u00f3w News","isPartOf":{"@id":"https:\/\/gorzow.news\/#website"},"primaryImageOfPage":{"@id":"https:\/\/gorzow.news\/index.php\/2021\/09\/21\/nie-zyje-marzena-koniuszy-kierowniczka-baru-mlecznego-agata\/#primaryimage"},"image":{"@id":"https:\/\/gorzow.news\/index.php\/2021\/09\/21\/nie-zyje-marzena-koniuszy-kierowniczka-baru-mlecznego-agata\/#primaryimage"},"thumbnailUrl":"https:\/\/gorzow.news\/wp-content\/uploads\/2021\/09\/koniuszy-a.jpg","datePublished":"2021-09-21T13:35:52+00:00","dateModified":"2021-11-17T14:45:23+00:00","author":{"@id":"https:\/\/gorzow.news\/#\/schema\/person\/a1e5ab43166369f2ce236a1cd90995bb"},"description":"Jeszcze w sierpniu opowiada\u0142a nam o wizycie i kuchennych rewolucjach Magdy Gessler, jakie kilka dni wcze\u015bniej przeszed\u0142 bar mleczny Agata. Niestety smutn\u0105 informacj\u0105 o \u015bmierci pani Marzeny Koniuszy podzieli\u0142a si\u0119 dzi\u015b w nocy sekcja pi\u0142karstwa TKKF-Stilon Gorz\u00f3w, kt\u00f3ra zarz\u0105dza kultowym barem.","breadcrumb":{"@id":"https:\/\/gorzow.news\/index.php\/2021\/09\/21\/nie-zyje-marzena-koniuszy-kierowniczka-baru-mlecznego-agata\/#breadcrumb"},"inLanguage":"pl-PL","potentialAction":[{"@type":"ReadAction","target":["https:\/\/gorzow.news\/index.php\/2021\/09\/21\/nie-zyje-marzena-koniuszy-kierowniczka-baru-mlecznego-agata\/"]}]},{"@type":"ImageObject","inLanguage":"pl-PL","@id":"https:\/\/gorzow.news\/index.php\/2021\/09\/21\/nie-zyje-marzena-koniuszy-kierowniczka-baru-mlecznego-agata\/#primaryimage","url":"https:\/\/gorzow.news\/wp-content\/uploads\/2021\/09\/koniuszy-a.jpg","contentUrl":"https:\/\/gorzow.news\/wp-content\/uploads\/2021\/09\/koniuszy-a.jpg","width":1281,"height":721,"caption":"fot. facebook.com\/KuchenneRewolucjeNaszymiOczami"},{"@type":"BreadcrumbList","@id":"https:\/\/gorzow.news\/index.php\/2021\/09\/21\/nie-zyje-marzena-koniuszy-kierowniczka-baru-mlecznego-agata\/#breadcrumb","itemListElement":[{"@type":"ListItem","position":1,"name":"Home","item":"https:\/\/gorzow.news\/"},{"@type":"ListItem","position":2,"name":"Nie \u017cyje Marzenna Koniuszy, kierowniczka baru mlecznego Agata"}]},{"@type":"WebSite","@id":"https:\/\/gorzow.news\/#website","url":"https:\/\/gorzow.news\/","name":"Gorz\u00f3w News","description":"Sp\u00f3jrz inaczej na miato i region...","potentialAction":[{"@type":"SearchAction","target":{"@type":"EntryPoint","urlTemplate":"https:\/\/gorzow.news\/?s={search_term_string}"},"query-input":{"@type":"PropertyValueSpecification","valueRequired":true,"valueName":"search_term_string"}}],"inLanguage":"pl-PL"},{"@type":"Person","@id":"https:\/\/gorzow.news\/#\/schema\/person\/a1e5ab43166369f2ce236a1cd90995bb","name":"maciej","image":{"@type":"ImageObject","inLanguage":"pl-PL","@id":"https:\/\/secure.gravatar.com\/avatar\/530a674d56ba60cfa0ef21d74e8e8d123a51bb7aa6580465b5c2ab2c2e980a19?s=96&r=g&d=https:\/\/gorzow.news\/wp-content\/plugins\/userswp\/assets\/images\/no_profile.png","url":"https:\/\/secure.gravatar.com\/avatar\/530a674d56ba60cfa0ef21d74e8e8d123a51bb7aa6580465b5c2ab2c2e980a19?s=96&r=g&d=https:\/\/gorzow.news\/wp-content\/plugins\/userswp\/assets\/images\/no_profile.png","contentUrl":"https:\/\/secure.gravatar.com\/avatar\/530a674d56ba60cfa0ef21d74e8e8d123a51bb7aa6580465b5c2ab2c2e980a19?s=96&r=g&d=https:\/\/gorzow.news\/wp-content\/plugins\/userswp\/assets\/images\/no_profile.png","caption":"maciej"},"url":"https:\/\/gorzow.news\/index.php\/profile\/maciej\/"}]}},"_links":{"self":[{"href":"https:\/\/gorzow.news\/index.php\/wp-json\/wp\/v2\/posts\/3388","targetHints":{"allow":["GET"]}}],"collection":[{"href":"https:\/\/gorzow.news\/index.php\/wp-json\/wp\/v2\/posts"}],"about":[{"href":"https:\/\/gorzow.news\/index.php\/wp-json\/wp\/v2\/types\/post"}],"author":[{"embeddable":true,"href":"https:\/\/gorzow.news\/index.php\/wp-json\/wp\/v2\/users\/1"}],"replies":[{"embeddable":true,"href":"https:\/\/gorzow.news\/index.php\/wp-json\/wp\/v2\/comments?post=3388"}],"version-history":[{"count":0,"href":"https:\/\/gorzow.news\/index.php\/wp-json\/wp\/v2\/posts\/3388\/revisions"}],"wp:featuredmedia":[{"embeddable":true,"href":"https:\/\/gorzow.news\/index.php\/wp-json\/wp\/v2\/media\/3393"}],"wp:attachment":[{"href":"https:\/\/gorzow.news\/index.php\/wp-json\/wp\/v2\/media?parent=3388"}],"wp:term":[{"taxonomy":"category","embeddable":true,"href":"https:\/\/gorzow.news\/index.php\/wp-json\/wp\/v2\/categories?post=3388"},{"taxonomy":"post_tag","embeddable":true,"href":"https:\/\/gorzow.news\/index.php\/wp-json\/wp\/v2\/tags?post=3388"}],"curies":[{"name":"wp","href":"https:\/\/api.w.org\/{rel}","templated":true}]}}