{"id":33812,"date":"2025-07-30T13:05:10","date_gmt":"2025-07-30T11:05:10","guid":{"rendered":"https:\/\/gorzow.news\/?p=33812"},"modified":"2025-07-30T13:11:32","modified_gmt":"2025-07-30T11:11:32","slug":"czartoryskiego-zostanie-rozbudowana-to-wlasnie-nowym-odcinkiem-wyjedziemy-ze-szpitala-drzewa-do-wyciecia","status":"publish","type":"post","link":"https:\/\/gorzow.news\/index.php\/2025\/07\/30\/czartoryskiego-zostanie-rozbudowana-to-wlasnie-nowym-odcinkiem-wyjedziemy-ze-szpitala-drzewa-do-wyciecia\/","title":{"rendered":"Czartoryskiego zostanie rozbudowana! To w\u0142a\u015bnie nowym odcinkiem wyjedziemy ze szpitala. Drzewa do wyci\u0119cia!"},"content":{"rendered":"\n<p><strong>Miasto Gorz\u00f3w wyst\u0105pi\u0142o w\u0142a\u015bnie z wnioskiem o pozwolenie na rozbudow\u0119 odcinka ul. Czartoryskiego, od skr\u0119tu przy Castoramie, a\u017c do nowej bramy wjazdowej na teren kompleksu szpitalnego przy ul. Dekerta. Po uzyskaniu wszystkich dokument\u00f3w Miasto b\u0119dzie musia\u0142o wy\u0142oni\u0107 wykonawc\u0119 inwestycji. Zanim rusz\u0105 same prace budowlane, to najpierw trzeba b\u0119dzie jeszcze wyci\u0105\u0107 spore drzewa koliduj\u0105ce z inwestycj\u0105.<\/strong><\/p>\n\n\n\n<p>Nowa droga w za\u0142o\u017ceniu umo\u017cliwiaj\u0105ca wyjazd ze szpitalnych parking\u00f3w w kierunku ul. Czartoryskiego powstanie na dzia\u0142kach o numerach 241\/4, 241\/7 i 242\/4.<\/p>\n\n\n\n<figure class=\"wp-block-image size-large\"><img loading=\"lazy\" decoding=\"async\" width=\"1024\" height=\"576\" src=\"https:\/\/gorzow.news\/wp-content\/uploads\/2025\/07\/DJI_20250728190810_0092_D-1024x576.jpg\" alt=\"\" class=\"wp-image-33814\" srcset=\"https:\/\/gorzow.news\/wp-content\/uploads\/2025\/07\/DJI_20250728190810_0092_D-1024x576.jpg 1024w, https:\/\/gorzow.news\/wp-content\/uploads\/2025\/07\/DJI_20250728190810_0092_D-300x169.jpg 300w, https:\/\/gorzow.news\/wp-content\/uploads\/2025\/07\/DJI_20250728190810_0092_D-768x432.jpg 768w, https:\/\/gorzow.news\/wp-content\/uploads\/2025\/07\/DJI_20250728190810_0092_D-1536x864.jpg 1536w, https:\/\/gorzow.news\/wp-content\/uploads\/2025\/07\/DJI_20250728190810_0092_D-696x392.jpg 696w, https:\/\/gorzow.news\/wp-content\/uploads\/2025\/07\/DJI_20250728190810_0092_D-1068x601.jpg 1068w, https:\/\/gorzow.news\/wp-content\/uploads\/2025\/07\/DJI_20250728190810_0092_D.jpg 1600w\" sizes=\"auto, (max-width: 1024px) 100vw, 1024px\" \/><\/figure>\n\n\n\n<p>Wielospecjalistyczny Szpital Wojew\u00f3dzki w ostatnich latach przebudowa\u0142 wi\u0119kszo\u015b\u0107 swoich parking\u00f3w. Wybudowa\u0142 r\u00f3wnie\u017c nowy na blisko 700 miejsc tu\u017c za nowym budynkiem Stacji Dializ. Postanowiono r\u00f3wnie\u017c zmieni\u0107 organizacj\u0119 ruchu. Wjazd na parkingi jest od ul. Dekerta przy punkcie wydawania wynik\u00f3w. Wyjazd z parkingu zlokalizowany ma zosta\u0107 w\u0142a\u015bnie w kierunku Castoramy i drugi alternatywny funkcjonuj\u0105cy przy SOR i lotnisku.<\/p>\n\n\n\n<figure class=\"wp-block-image size-large\"><img loading=\"lazy\" decoding=\"async\" width=\"1024\" height=\"576\" src=\"https:\/\/gorzow.news\/wp-content\/uploads\/2025\/07\/DJI_20250728191007_0100_D-1024x576.jpg\" alt=\"\" class=\"wp-image-33815\" srcset=\"https:\/\/gorzow.news\/wp-content\/uploads\/2025\/07\/DJI_20250728191007_0100_D-1024x576.jpg 1024w, https:\/\/gorzow.news\/wp-content\/uploads\/2025\/07\/DJI_20250728191007_0100_D-300x169.jpg 300w, https:\/\/gorzow.news\/wp-content\/uploads\/2025\/07\/DJI_20250728191007_0100_D-768x432.jpg 768w, https:\/\/gorzow.news\/wp-content\/uploads\/2025\/07\/DJI_20250728191007_0100_D-1536x864.jpg 1536w, https:\/\/gorzow.news\/wp-content\/uploads\/2025\/07\/DJI_20250728191007_0100_D-696x392.jpg 696w, https:\/\/gorzow.news\/wp-content\/uploads\/2025\/07\/DJI_20250728191007_0100_D-1068x601.jpg 1068w, https:\/\/gorzow.news\/wp-content\/uploads\/2025\/07\/DJI_20250728191007_0100_D.jpg 1600w\" sizes=\"auto, (max-width: 1024px) 100vw, 1024px\" \/><\/figure>\n\n\n\n<p>Jesieni\u0105 ubieg\u0142ego roku szpital przeni\u00f3s\u0142 ogrodzenie kompleksu od strony parku 750-lecia i blok\u00f3w tu\u017c przy Castoramie o kilkadziesi\u0105t metr\u00f3w w stron\u0119 parku co pozwoli\u0142o na budow\u0119 dodatkowej drogi wraz z chodnikiem na terenie szpitalnej dzia\u0142ki. W trakcie tych prac wyznaczony zosta\u0142 nowy wyjazd ze szpitala. Obecnie nie ma mo\u017cliwo\u015bci wydostania si\u0119 t\u0119dy autem. St\u0105d inwestycja po stronie Miasta &#8211; budowa brakuj\u0105cego odcinka jezdni.<\/p>\n","protected":false},"excerpt":{"rendered":"<p>Miasto Gorz\u00f3w wyst\u0105pi\u0142o w\u0142a\u015bnie z wnioskiem o pozwolenie na rozbudow\u0119 odcinka ul. Czartoryskiego, od skr\u0119tu przy Castoramie, a\u017c do nowej bramy wjazdowej na teren kompleksu szpitalnego przy ul. Dekerta. Po uzyskaniu wszystkich dokument\u00f3w Miasto b\u0119dzie musia\u0142o wy\u0142oni\u0107 wykonawc\u0119 inwestycji. Zanim rusz\u0105 same prace budowlane, to najpierw trzeba b\u0119dzie jeszcze wyci\u0105\u0107 spore drzewa koliduj\u0105ce z inwestycj\u0105. [&hellip;]<\/p>\n","protected":false},"author":1,"featured_media":33813,"comment_status":"open","ping_status":"open","sticky":false,"template":"","format":"standard","meta":{"footnotes":"","_links_to":"","_links_to_target":""},"categories":[2016,594,589],"tags":[750,909,379],"class_list":{"0":"post-33812","1":"post","2":"type-post","3":"status-publish","4":"format-standard","5":"has-post-thumbnail","7":"category-gorczyn","8":"category-info-ulice","9":"category-wiadomosci","10":"tag-czartoryskiego","11":"tag-parkingi","12":"tag-wielospecjalistyczny-szpital-wojewodzki"},"yoast_head":"<!-- This site is optimized with the Yoast SEO plugin v27.3 - https:\/\/yoast.com\/product\/yoast-seo-wordpress\/ -->\n<title>Czartoryskiego zostanie rozbudowana! To w\u0142a\u015bnie nowym odcinkiem wyjedziemy ze szpitala. Drzewa do wyci\u0119cia! - Gorz\u00f3w News<\/title>\n<meta name=\"description\" content=\"Miasto Gorz\u00f3w wyst\u0105pi\u0142o w\u0142a\u015bnie z wnioskiem o pozwolenie na rozbudow\u0119 odcinka ul. Czartoryskiego, od skr\u0119tu przy Castoramie, a\u017c do nowej bramy\" \/>\n<meta name=\"robots\" content=\"index, follow, max-snippet:-1, max-image-preview:large, max-video-preview:-1\" \/>\n<link rel=\"canonical\" href=\"https:\/\/gorzow.news\/index.php\/2025\/07\/30\/czartoryskiego-zostanie-rozbudowana-to-wlasnie-nowym-odcinkiem-wyjedziemy-ze-szpitala-drzewa-do-wyciecia\/\" \/>\n<meta property=\"og:locale\" content=\"pl_PL\" \/>\n<meta property=\"og:type\" content=\"article\" \/>\n<meta property=\"og:title\" content=\"Czartoryskiego zostanie rozbudowana! To w\u0142a\u015bnie nowym odcinkiem wyjedziemy ze szpitala. Drzewa do wyci\u0119cia! - Gorz\u00f3w News\" \/>\n<meta property=\"og:description\" content=\"Miasto Gorz\u00f3w wyst\u0105pi\u0142o w\u0142a\u015bnie z wnioskiem o pozwolenie na rozbudow\u0119 odcinka ul. Czartoryskiego, od skr\u0119tu przy Castoramie, a\u017c do nowej bramy\" \/>\n<meta property=\"og:url\" content=\"https:\/\/gorzow.news\/index.php\/2025\/07\/30\/czartoryskiego-zostanie-rozbudowana-to-wlasnie-nowym-odcinkiem-wyjedziemy-ze-szpitala-drzewa-do-wyciecia\/\" \/>\n<meta property=\"og:site_name\" content=\"Gorz\u00f3w News\" \/>\n<meta property=\"article:publisher\" content=\"https:\/\/www.facebook.com\/gorzowskinews\" \/>\n<meta property=\"article:published_time\" content=\"2025-07-30T11:05:10+00:00\" \/>\n<meta property=\"article:modified_time\" content=\"2025-07-30T11:11:32+00:00\" \/>\n<meta property=\"og:image\" content=\"https:\/\/gorzow.news\/wp-content\/uploads\/2025\/07\/DJI_20250728190602_0088_D.jpg\" \/>\n\t<meta property=\"og:image:width\" content=\"1600\" \/>\n\t<meta property=\"og:image:height\" content=\"900\" \/>\n\t<meta property=\"og:image:type\" content=\"image\/jpeg\" \/>\n<meta name=\"author\" content=\"maciej\" \/>\n<meta name=\"twitter:card\" content=\"summary_large_image\" \/>\n<meta name=\"twitter:label1\" content=\"Napisane przez\" \/>\n\t<meta name=\"twitter:data1\" content=\"maciej\" \/>\n\t<meta name=\"twitter:label2\" content=\"Szacowany czas czytania\" \/>\n\t<meta name=\"twitter:data2\" content=\"2 minuty\" \/>\n<script type=\"application\/ld+json\" class=\"yoast-schema-graph\">{\"@context\":\"https:\\\/\\\/schema.org\",\"@graph\":[{\"@type\":\"Article\",\"@id\":\"https:\\\/\\\/gorzow.news\\\/index.php\\\/2025\\\/07\\\/30\\\/czartoryskiego-zostanie-rozbudowana-to-wlasnie-nowym-odcinkiem-wyjedziemy-ze-szpitala-drzewa-do-wyciecia\\\/#article\",\"isPartOf\":{\"@id\":\"https:\\\/\\\/gorzow.news\\\/index.php\\\/2025\\\/07\\\/30\\\/czartoryskiego-zostanie-rozbudowana-to-wlasnie-nowym-odcinkiem-wyjedziemy-ze-szpitala-drzewa-do-wyciecia\\\/\"},\"author\":{\"name\":\"maciej\",\"@id\":\"https:\\\/\\\/gorzow.news\\\/#\\\/schema\\\/person\\\/a1e5ab43166369f2ce236a1cd90995bb\"},\"headline\":\"Czartoryskiego zostanie rozbudowana! To w\u0142a\u015bnie nowym odcinkiem wyjedziemy ze szpitala. Drzewa do wyci\u0119cia!\",\"datePublished\":\"2025-07-30T11:05:10+00:00\",\"dateModified\":\"2025-07-30T11:11:32+00:00\",\"mainEntityOfPage\":{\"@id\":\"https:\\\/\\\/gorzow.news\\\/index.php\\\/2025\\\/07\\\/30\\\/czartoryskiego-zostanie-rozbudowana-to-wlasnie-nowym-odcinkiem-wyjedziemy-ze-szpitala-drzewa-do-wyciecia\\\/\"},\"wordCount\":248,\"commentCount\":0,\"image\":{\"@id\":\"https:\\\/\\\/gorzow.news\\\/index.php\\\/2025\\\/07\\\/30\\\/czartoryskiego-zostanie-rozbudowana-to-wlasnie-nowym-odcinkiem-wyjedziemy-ze-szpitala-drzewa-do-wyciecia\\\/#primaryimage\"},\"thumbnailUrl\":\"https:\\\/\\\/gorzow.news\\\/wp-content\\\/uploads\\\/2025\\\/07\\\/DJI_20250728190602_0088_D.jpg\",\"keywords\":[\"Czartoryskiego\",\"parkingi\",\"Wielospecjalistyczny Szpital Wojew\u00f3dzki\"],\"articleSection\":[\"G\u00f3rczyn\",\"INFOulice\",\"Wiadomo\u015bci\"],\"inLanguage\":\"pl-PL\",\"potentialAction\":[{\"@type\":\"CommentAction\",\"name\":\"Comment\",\"target\":[\"https:\\\/\\\/gorzow.news\\\/index.php\\\/2025\\\/07\\\/30\\\/czartoryskiego-zostanie-rozbudowana-to-wlasnie-nowym-odcinkiem-wyjedziemy-ze-szpitala-drzewa-do-wyciecia\\\/#respond\"]}]},{\"@type\":\"WebPage\",\"@id\":\"https:\\\/\\\/gorzow.news\\\/index.php\\\/2025\\\/07\\\/30\\\/czartoryskiego-zostanie-rozbudowana-to-wlasnie-nowym-odcinkiem-wyjedziemy-ze-szpitala-drzewa-do-wyciecia\\\/\",\"url\":\"https:\\\/\\\/gorzow.news\\\/index.php\\\/2025\\\/07\\\/30\\\/czartoryskiego-zostanie-rozbudowana-to-wlasnie-nowym-odcinkiem-wyjedziemy-ze-szpitala-drzewa-do-wyciecia\\\/\",\"name\":\"Czartoryskiego zostanie rozbudowana! To w\u0142a\u015bnie nowym odcinkiem wyjedziemy ze szpitala. Drzewa do wyci\u0119cia! - Gorz\u00f3w News\",\"isPartOf\":{\"@id\":\"https:\\\/\\\/gorzow.news\\\/#website\"},\"primaryImageOfPage\":{\"@id\":\"https:\\\/\\\/gorzow.news\\\/index.php\\\/2025\\\/07\\\/30\\\/czartoryskiego-zostanie-rozbudowana-to-wlasnie-nowym-odcinkiem-wyjedziemy-ze-szpitala-drzewa-do-wyciecia\\\/#primaryimage\"},\"image\":{\"@id\":\"https:\\\/\\\/gorzow.news\\\/index.php\\\/2025\\\/07\\\/30\\\/czartoryskiego-zostanie-rozbudowana-to-wlasnie-nowym-odcinkiem-wyjedziemy-ze-szpitala-drzewa-do-wyciecia\\\/#primaryimage\"},\"thumbnailUrl\":\"https:\\\/\\\/gorzow.news\\\/wp-content\\\/uploads\\\/2025\\\/07\\\/DJI_20250728190602_0088_D.jpg\",\"datePublished\":\"2025-07-30T11:05:10+00:00\",\"dateModified\":\"2025-07-30T11:11:32+00:00\",\"author\":{\"@id\":\"https:\\\/\\\/gorzow.news\\\/#\\\/schema\\\/person\\\/a1e5ab43166369f2ce236a1cd90995bb\"},\"description\":\"Miasto Gorz\u00f3w wyst\u0105pi\u0142o w\u0142a\u015bnie z wnioskiem o pozwolenie na rozbudow\u0119 odcinka ul. Czartoryskiego, od skr\u0119tu przy Castoramie, a\u017c do nowej bramy wjazdowej na teren kompleksu szpitalnego przy ul. Dekerta. Po uzyskaniu wszystkich dokument\u00f3w Miasto b\u0119dzie musia\u0142o wy\u0142oni\u0107 wykonawc\u0119 inwestycji. Zanim rusz\u0105 same prace budowlane, to najpierw trzeba b\u0119dzie jeszcze wyci\u0105\u0107 spore drzewa koliduj\u0105ce z inwestycj\u0105.\",\"breadcrumb\":{\"@id\":\"https:\\\/\\\/gorzow.news\\\/index.php\\\/2025\\\/07\\\/30\\\/czartoryskiego-zostanie-rozbudowana-to-wlasnie-nowym-odcinkiem-wyjedziemy-ze-szpitala-drzewa-do-wyciecia\\\/#breadcrumb\"},\"inLanguage\":\"pl-PL\",\"potentialAction\":[{\"@type\":\"ReadAction\",\"target\":[\"https:\\\/\\\/gorzow.news\\\/index.php\\\/2025\\\/07\\\/30\\\/czartoryskiego-zostanie-rozbudowana-to-wlasnie-nowym-odcinkiem-wyjedziemy-ze-szpitala-drzewa-do-wyciecia\\\/\"]}]},{\"@type\":\"ImageObject\",\"inLanguage\":\"pl-PL\",\"@id\":\"https:\\\/\\\/gorzow.news\\\/index.php\\\/2025\\\/07\\\/30\\\/czartoryskiego-zostanie-rozbudowana-to-wlasnie-nowym-odcinkiem-wyjedziemy-ze-szpitala-drzewa-do-wyciecia\\\/#primaryimage\",\"url\":\"https:\\\/\\\/gorzow.news\\\/wp-content\\\/uploads\\\/2025\\\/07\\\/DJI_20250728190602_0088_D.jpg\",\"contentUrl\":\"https:\\\/\\\/gorzow.news\\\/wp-content\\\/uploads\\\/2025\\\/07\\\/DJI_20250728190602_0088_D.jpg\",\"width\":1600,\"height\":900,\"caption\":\"Z kompleksu szpitalnego przy ul. Dekerta mamy wyjecha\u0107 w kierunku Castoramy. Najpierw b\u0119dzie musia\u0142 powsta\u0107 jednak brakuj\u0105cy odcinek jezdni.\"},{\"@type\":\"BreadcrumbList\",\"@id\":\"https:\\\/\\\/gorzow.news\\\/index.php\\\/2025\\\/07\\\/30\\\/czartoryskiego-zostanie-rozbudowana-to-wlasnie-nowym-odcinkiem-wyjedziemy-ze-szpitala-drzewa-do-wyciecia\\\/#breadcrumb\",\"itemListElement\":[{\"@type\":\"ListItem\",\"position\":1,\"name\":\"Home\",\"item\":\"https:\\\/\\\/gorzow.news\\\/\"},{\"@type\":\"ListItem\",\"position\":2,\"name\":\"Czartoryskiego zostanie rozbudowana! To w\u0142a\u015bnie nowym odcinkiem wyjedziemy ze szpitala. Drzewa do wyci\u0119cia!\"}]},{\"@type\":\"WebSite\",\"@id\":\"https:\\\/\\\/gorzow.news\\\/#website\",\"url\":\"https:\\\/\\\/gorzow.news\\\/\",\"name\":\"Gorz\u00f3w News\",\"description\":\"Sp\u00f3jrz inaczej na miato i region...\",\"potentialAction\":[{\"@type\":\"SearchAction\",\"target\":{\"@type\":\"EntryPoint\",\"urlTemplate\":\"https:\\\/\\\/gorzow.news\\\/?s={search_term_string}\"},\"query-input\":{\"@type\":\"PropertyValueSpecification\",\"valueRequired\":true,\"valueName\":\"search_term_string\"}}],\"inLanguage\":\"pl-PL\"},{\"@type\":\"Person\",\"@id\":\"https:\\\/\\\/gorzow.news\\\/#\\\/schema\\\/person\\\/a1e5ab43166369f2ce236a1cd90995bb\",\"name\":\"maciej\",\"image\":{\"@type\":\"ImageObject\",\"inLanguage\":\"pl-PL\",\"@id\":\"https:\\\/\\\/secure.gravatar.com\\\/avatar\\\/530a674d56ba60cfa0ef21d74e8e8d123a51bb7aa6580465b5c2ab2c2e980a19?s=96&r=g&d=https:\\\/\\\/gorzow.news\\\/wp-content\\\/plugins\\\/userswp\\\/assets\\\/images\\\/no_profile.png\",\"url\":\"https:\\\/\\\/secure.gravatar.com\\\/avatar\\\/530a674d56ba60cfa0ef21d74e8e8d123a51bb7aa6580465b5c2ab2c2e980a19?s=96&r=g&d=https:\\\/\\\/gorzow.news\\\/wp-content\\\/plugins\\\/userswp\\\/assets\\\/images\\\/no_profile.png\",\"contentUrl\":\"https:\\\/\\\/secure.gravatar.com\\\/avatar\\\/530a674d56ba60cfa0ef21d74e8e8d123a51bb7aa6580465b5c2ab2c2e980a19?s=96&r=g&d=https:\\\/\\\/gorzow.news\\\/wp-content\\\/plugins\\\/userswp\\\/assets\\\/images\\\/no_profile.png\",\"caption\":\"maciej\"},\"url\":\"https:\\\/\\\/gorzow.news\\\/index.php\\\/profile\\\/maciej\\\/\"}]}<\/script>\n<!-- \/ Yoast SEO plugin. -->","yoast_head_json":{"title":"Czartoryskiego zostanie rozbudowana! To w\u0142a\u015bnie nowym odcinkiem wyjedziemy ze szpitala. Drzewa do wyci\u0119cia! - Gorz\u00f3w News","description":"Miasto Gorz\u00f3w wyst\u0105pi\u0142o w\u0142a\u015bnie z wnioskiem o pozwolenie na rozbudow\u0119 odcinka ul. Czartoryskiego, od skr\u0119tu przy Castoramie, a\u017c do nowej bramy","robots":{"index":"index","follow":"follow","max-snippet":"max-snippet:-1","max-image-preview":"max-image-preview:large","max-video-preview":"max-video-preview:-1"},"canonical":"https:\/\/gorzow.news\/index.php\/2025\/07\/30\/czartoryskiego-zostanie-rozbudowana-to-wlasnie-nowym-odcinkiem-wyjedziemy-ze-szpitala-drzewa-do-wyciecia\/","og_locale":"pl_PL","og_type":"article","og_title":"Czartoryskiego zostanie rozbudowana! To w\u0142a\u015bnie nowym odcinkiem wyjedziemy ze szpitala. Drzewa do wyci\u0119cia! - Gorz\u00f3w News","og_description":"Miasto Gorz\u00f3w wyst\u0105pi\u0142o w\u0142a\u015bnie z wnioskiem o pozwolenie na rozbudow\u0119 odcinka ul. Czartoryskiego, od skr\u0119tu przy Castoramie, a\u017c do nowej bramy","og_url":"https:\/\/gorzow.news\/index.php\/2025\/07\/30\/czartoryskiego-zostanie-rozbudowana-to-wlasnie-nowym-odcinkiem-wyjedziemy-ze-szpitala-drzewa-do-wyciecia\/","og_site_name":"Gorz\u00f3w News","article_publisher":"https:\/\/www.facebook.com\/gorzowskinews","article_published_time":"2025-07-30T11:05:10+00:00","article_modified_time":"2025-07-30T11:11:32+00:00","og_image":[{"width":1600,"height":900,"url":"https:\/\/gorzow.news\/wp-content\/uploads\/2025\/07\/DJI_20250728190602_0088_D.jpg","type":"image\/jpeg"}],"author":"maciej","twitter_card":"summary_large_image","twitter_misc":{"Napisane przez":"maciej","Szacowany czas czytania":"2 minuty"},"schema":{"@context":"https:\/\/schema.org","@graph":[{"@type":"Article","@id":"https:\/\/gorzow.news\/index.php\/2025\/07\/30\/czartoryskiego-zostanie-rozbudowana-to-wlasnie-nowym-odcinkiem-wyjedziemy-ze-szpitala-drzewa-do-wyciecia\/#article","isPartOf":{"@id":"https:\/\/gorzow.news\/index.php\/2025\/07\/30\/czartoryskiego-zostanie-rozbudowana-to-wlasnie-nowym-odcinkiem-wyjedziemy-ze-szpitala-drzewa-do-wyciecia\/"},"author":{"name":"maciej","@id":"https:\/\/gorzow.news\/#\/schema\/person\/a1e5ab43166369f2ce236a1cd90995bb"},"headline":"Czartoryskiego zostanie rozbudowana! To w\u0142a\u015bnie nowym odcinkiem wyjedziemy ze szpitala. Drzewa do wyci\u0119cia!","datePublished":"2025-07-30T11:05:10+00:00","dateModified":"2025-07-30T11:11:32+00:00","mainEntityOfPage":{"@id":"https:\/\/gorzow.news\/index.php\/2025\/07\/30\/czartoryskiego-zostanie-rozbudowana-to-wlasnie-nowym-odcinkiem-wyjedziemy-ze-szpitala-drzewa-do-wyciecia\/"},"wordCount":248,"commentCount":0,"image":{"@id":"https:\/\/gorzow.news\/index.php\/2025\/07\/30\/czartoryskiego-zostanie-rozbudowana-to-wlasnie-nowym-odcinkiem-wyjedziemy-ze-szpitala-drzewa-do-wyciecia\/#primaryimage"},"thumbnailUrl":"https:\/\/gorzow.news\/wp-content\/uploads\/2025\/07\/DJI_20250728190602_0088_D.jpg","keywords":["Czartoryskiego","parkingi","Wielospecjalistyczny Szpital Wojew\u00f3dzki"],"articleSection":["G\u00f3rczyn","INFOulice","Wiadomo\u015bci"],"inLanguage":"pl-PL","potentialAction":[{"@type":"CommentAction","name":"Comment","target":["https:\/\/gorzow.news\/index.php\/2025\/07\/30\/czartoryskiego-zostanie-rozbudowana-to-wlasnie-nowym-odcinkiem-wyjedziemy-ze-szpitala-drzewa-do-wyciecia\/#respond"]}]},{"@type":"WebPage","@id":"https:\/\/gorzow.news\/index.php\/2025\/07\/30\/czartoryskiego-zostanie-rozbudowana-to-wlasnie-nowym-odcinkiem-wyjedziemy-ze-szpitala-drzewa-do-wyciecia\/","url":"https:\/\/gorzow.news\/index.php\/2025\/07\/30\/czartoryskiego-zostanie-rozbudowana-to-wlasnie-nowym-odcinkiem-wyjedziemy-ze-szpitala-drzewa-do-wyciecia\/","name":"Czartoryskiego zostanie rozbudowana! To w\u0142a\u015bnie nowym odcinkiem wyjedziemy ze szpitala. Drzewa do wyci\u0119cia! - Gorz\u00f3w News","isPartOf":{"@id":"https:\/\/gorzow.news\/#website"},"primaryImageOfPage":{"@id":"https:\/\/gorzow.news\/index.php\/2025\/07\/30\/czartoryskiego-zostanie-rozbudowana-to-wlasnie-nowym-odcinkiem-wyjedziemy-ze-szpitala-drzewa-do-wyciecia\/#primaryimage"},"image":{"@id":"https:\/\/gorzow.news\/index.php\/2025\/07\/30\/czartoryskiego-zostanie-rozbudowana-to-wlasnie-nowym-odcinkiem-wyjedziemy-ze-szpitala-drzewa-do-wyciecia\/#primaryimage"},"thumbnailUrl":"https:\/\/gorzow.news\/wp-content\/uploads\/2025\/07\/DJI_20250728190602_0088_D.jpg","datePublished":"2025-07-30T11:05:10+00:00","dateModified":"2025-07-30T11:11:32+00:00","author":{"@id":"https:\/\/gorzow.news\/#\/schema\/person\/a1e5ab43166369f2ce236a1cd90995bb"},"description":"Miasto Gorz\u00f3w wyst\u0105pi\u0142o w\u0142a\u015bnie z wnioskiem o pozwolenie na rozbudow\u0119 odcinka ul. Czartoryskiego, od skr\u0119tu przy Castoramie, a\u017c do nowej bramy wjazdowej na teren kompleksu szpitalnego przy ul. Dekerta. Po uzyskaniu wszystkich dokument\u00f3w Miasto b\u0119dzie musia\u0142o wy\u0142oni\u0107 wykonawc\u0119 inwestycji. Zanim rusz\u0105 same prace budowlane, to najpierw trzeba b\u0119dzie jeszcze wyci\u0105\u0107 spore drzewa koliduj\u0105ce z inwestycj\u0105.","breadcrumb":{"@id":"https:\/\/gorzow.news\/index.php\/2025\/07\/30\/czartoryskiego-zostanie-rozbudowana-to-wlasnie-nowym-odcinkiem-wyjedziemy-ze-szpitala-drzewa-do-wyciecia\/#breadcrumb"},"inLanguage":"pl-PL","potentialAction":[{"@type":"ReadAction","target":["https:\/\/gorzow.news\/index.php\/2025\/07\/30\/czartoryskiego-zostanie-rozbudowana-to-wlasnie-nowym-odcinkiem-wyjedziemy-ze-szpitala-drzewa-do-wyciecia\/"]}]},{"@type":"ImageObject","inLanguage":"pl-PL","@id":"https:\/\/gorzow.news\/index.php\/2025\/07\/30\/czartoryskiego-zostanie-rozbudowana-to-wlasnie-nowym-odcinkiem-wyjedziemy-ze-szpitala-drzewa-do-wyciecia\/#primaryimage","url":"https:\/\/gorzow.news\/wp-content\/uploads\/2025\/07\/DJI_20250728190602_0088_D.jpg","contentUrl":"https:\/\/gorzow.news\/wp-content\/uploads\/2025\/07\/DJI_20250728190602_0088_D.jpg","width":1600,"height":900,"caption":"Z kompleksu szpitalnego przy ul. Dekerta mamy wyjecha\u0107 w kierunku Castoramy. Najpierw b\u0119dzie musia\u0142 powsta\u0107 jednak brakuj\u0105cy odcinek jezdni."},{"@type":"BreadcrumbList","@id":"https:\/\/gorzow.news\/index.php\/2025\/07\/30\/czartoryskiego-zostanie-rozbudowana-to-wlasnie-nowym-odcinkiem-wyjedziemy-ze-szpitala-drzewa-do-wyciecia\/#breadcrumb","itemListElement":[{"@type":"ListItem","position":1,"name":"Home","item":"https:\/\/gorzow.news\/"},{"@type":"ListItem","position":2,"name":"Czartoryskiego zostanie rozbudowana! To w\u0142a\u015bnie nowym odcinkiem wyjedziemy ze szpitala. Drzewa do wyci\u0119cia!"}]},{"@type":"WebSite","@id":"https:\/\/gorzow.news\/#website","url":"https:\/\/gorzow.news\/","name":"Gorz\u00f3w News","description":"Sp\u00f3jrz inaczej na miato i region...","potentialAction":[{"@type":"SearchAction","target":{"@type":"EntryPoint","urlTemplate":"https:\/\/gorzow.news\/?s={search_term_string}"},"query-input":{"@type":"PropertyValueSpecification","valueRequired":true,"valueName":"search_term_string"}}],"inLanguage":"pl-PL"},{"@type":"Person","@id":"https:\/\/gorzow.news\/#\/schema\/person\/a1e5ab43166369f2ce236a1cd90995bb","name":"maciej","image":{"@type":"ImageObject","inLanguage":"pl-PL","@id":"https:\/\/secure.gravatar.com\/avatar\/530a674d56ba60cfa0ef21d74e8e8d123a51bb7aa6580465b5c2ab2c2e980a19?s=96&r=g&d=https:\/\/gorzow.news\/wp-content\/plugins\/userswp\/assets\/images\/no_profile.png","url":"https:\/\/secure.gravatar.com\/avatar\/530a674d56ba60cfa0ef21d74e8e8d123a51bb7aa6580465b5c2ab2c2e980a19?s=96&r=g&d=https:\/\/gorzow.news\/wp-content\/plugins\/userswp\/assets\/images\/no_profile.png","contentUrl":"https:\/\/secure.gravatar.com\/avatar\/530a674d56ba60cfa0ef21d74e8e8d123a51bb7aa6580465b5c2ab2c2e980a19?s=96&r=g&d=https:\/\/gorzow.news\/wp-content\/plugins\/userswp\/assets\/images\/no_profile.png","caption":"maciej"},"url":"https:\/\/gorzow.news\/index.php\/profile\/maciej\/"}]}},"_links":{"self":[{"href":"https:\/\/gorzow.news\/index.php\/wp-json\/wp\/v2\/posts\/33812","targetHints":{"allow":["GET"]}}],"collection":[{"href":"https:\/\/gorzow.news\/index.php\/wp-json\/wp\/v2\/posts"}],"about":[{"href":"https:\/\/gorzow.news\/index.php\/wp-json\/wp\/v2\/types\/post"}],"author":[{"embeddable":true,"href":"https:\/\/gorzow.news\/index.php\/wp-json\/wp\/v2\/users\/1"}],"replies":[{"embeddable":true,"href":"https:\/\/gorzow.news\/index.php\/wp-json\/wp\/v2\/comments?post=33812"}],"version-history":[{"count":3,"href":"https:\/\/gorzow.news\/index.php\/wp-json\/wp\/v2\/posts\/33812\/revisions"}],"predecessor-version":[{"id":33820,"href":"https:\/\/gorzow.news\/index.php\/wp-json\/wp\/v2\/posts\/33812\/revisions\/33820"}],"wp:featuredmedia":[{"embeddable":true,"href":"https:\/\/gorzow.news\/index.php\/wp-json\/wp\/v2\/media\/33813"}],"wp:attachment":[{"href":"https:\/\/gorzow.news\/index.php\/wp-json\/wp\/v2\/media?parent=33812"}],"wp:term":[{"taxonomy":"category","embeddable":true,"href":"https:\/\/gorzow.news\/index.php\/wp-json\/wp\/v2\/categories?post=33812"},{"taxonomy":"post_tag","embeddable":true,"href":"https:\/\/gorzow.news\/index.php\/wp-json\/wp\/v2\/tags?post=33812"}],"curies":[{"name":"wp","href":"https:\/\/api.w.org\/{rel}","templated":true}]}}