{"id":33623,"date":"2025-07-23T13:00:00","date_gmt":"2025-07-23T11:00:00","guid":{"rendered":"https:\/\/gorzow.news\/?p=33623"},"modified":"2025-07-23T16:02:14","modified_gmt":"2025-07-23T14:02:14","slug":"piec-parkow-kieszonkowych-do-budowy-najpierw-porozmawiajmy-o-nich-na-spotkaniach-w-terenie","status":"publish","type":"post","link":"https:\/\/gorzow.news\/index.php\/2025\/07\/23\/piec-parkow-kieszonkowych-do-budowy-najpierw-porozmawiajmy-o-nich-na-spotkaniach-w-terenie\/","title":{"rendered":"Pi\u0119\u0107 park\u00f3w kieszonkowych do budowy. Najpierw porozmawiajmy o nich na spotkaniach w terenie"},"content":{"rendered":"\n<p><strong>Na prze\u0142omie lipca i sierpnia urz\u0119dnicy zapraszaj\u0105 do rozm\u00f3w o parkach kieszonkowych. Parki kieszonkowe to niewielkie tereny zieleni miejskiej, urz\u0105dzone w g\u0119sto zabudowanych obszarach. S\u0105 one form\u0105 zazielenienia miast i tworzenia przyjaznych przestrzeni publicznych w miejscach, gdzie brakuje tradycyjnych park\u00f3w. Dzi\u0119ki nim powstaj\u0105 zielone, bior\u00f3\u017cnorodne azyle, w kt\u00f3rych mieszka\u0144cy i mieszkanki mog\u0105 znale\u017a\u0107 miejsce do wypoczynku.<\/strong><\/p>\n\n\n\n<p>W najbli\u017cszym czasie w Gorzowie powstanie pi\u0119\u0107 park\u00f3w kieszonkowych. Zanim jednak to nast\u0105pi, urz\u0119dnicy zapraszaj\u0105 gorzowian i gorzowianki do wsp\u00f3lnych rozm\u00f3w o tym, jak urz\u0105dzi\u0107 te wsp\u00f3lne przestrzenie, by odpowiada\u0142y one ich potrzebom. Z tej okazji zorganizowane zostan\u0105 Mobilne Punkty Konsultacyjne, kt\u00f3re stan\u0105 w terenie. Zaprezentowane na nich zostan\u0105 wst\u0119pne koncepcje oraz mieszka\u0144cy zostan\u0105 zapytani o opinie, jako przyszli u\u017cytkownicy i u\u017cytkowniczki. W rozmowach tych wezm\u0105 udzia\u0142 osoby odpowiedzialne za dalsz\u0105 realizacj\u0119 projektu.<\/p>\n\n\n\n<p><strong>Mobilne Punkty Konsultacyjne stan\u0105 w miejscach przysz\u0142ych park\u00f3w kieszonkowych &#8211; poni\u017cej pogl\u0105dowe grafiki z lokalizacj\u0105:<\/strong><br>&#8211; 30 lipca przy ul. Towarowej (w okolicach przychodni)<br>&#8211; 31 lipca u zbiegu ul. Pi\u0142sudskiego i ul. Walczaka<br>&#8211; 1 sierpnia przy ul. Hejmanowskiej i Warszawskiej<br>&#8211; 5 sierpnia przy skrzy\u017cowaniu ul. Matejki\/ Kosynier\u00f3w Gdy\u0144skich<br>&#8211; 7 sierpnia przy ul. Woskowa\/Przemys\u0142owa<\/p>\n\n\n\r\n                <style type=\"text\/css\">\r\n                    \r\n                    #tdi_1  .td-doubleSlider-2 .td-item1 {\r\n                        background: url(https:\/\/gorzow.news\/wp-content\/uploads\/2025\/07\/fotob-19923.jpeg) 0 0 no-repeat;\r\n                    }\r\n                    #tdi_1  .td-doubleSlider-2 .td-item2 {\r\n                        background: url(https:\/\/gorzow.news\/wp-content\/uploads\/2025\/07\/fotob-19924.jpeg) 0 0 no-repeat;\r\n                    }\r\n                    #tdi_1  .td-doubleSlider-2 .td-item3 {\r\n                        background: url(https:\/\/gorzow.news\/wp-content\/uploads\/2025\/07\/fotob-19925.jpeg) 0 0 no-repeat;\r\n                    }\r\n                    #tdi_1  .td-doubleSlider-2 .td-item4 {\r\n                        background: url(https:\/\/gorzow.news\/wp-content\/uploads\/2025\/07\/fotob-19926.jpeg) 0 0 no-repeat;\r\n                    }\r\n                    #tdi_1  .td-doubleSlider-2 .td-item5 {\r\n                        background: url(https:\/\/gorzow.news\/wp-content\/uploads\/2025\/07\/fotob-19927.jpeg) 0 0 no-repeat;\r\n                    }\r\n                <\/style>\r\n\r\n                <div id=\"tdi_1\" class=\"td-gallery td-slide-on-2-columns\">\r\n                    <div class=\"post_td_gallery\">\r\n                        <div class=\"td-gallery-slide-top\">\r\n                           <div class=\"td-gallery-title\"><\/div>\r\n\r\n                            <div class=\"td-gallery-controls-wrapper\">\r\n                                <div class=\"td-gallery-slide-count\"><span class=\"td-gallery-slide-item-focus\">1<\/span> z 5<\/div>\r\n                                <div class=\"td-gallery-slide-prev-next-but\">\r\n                                    <i class = \"td-icon-left doubleSliderPrevButton\"><\/i>\r\n                                    <i class = \"td-icon-right doubleSliderNextButton\"><\/i>\r\n                                <\/div>\r\n                            <\/div>\r\n                        <\/div>\r\n\r\n                        <div class = \"td-doubleSlider-1 \">\r\n                            <div class = \"td-slider\">\r\n                                \r\n                    <div class = \"td-slide-item td-item1\">\r\n                        <figure class=\"td-slide-galery-figure td-slide-popup-gallery\">\r\n                            <a class=\"slide-gallery-image-link\" href=\"https:\/\/gorzow.news\/wp-content\/uploads\/2025\/07\/fotob-19923.jpeg\" title=\"\"  data-caption=\"\"  data-description=\"\">\r\n                                <img decoding=\"async\" src=\"https:\/\/gorzow.news\/wp-content\/uploads\/2025\/07\/fotob-19923.jpeg\" srcset=\"https:\/\/gorzow.news\/wp-content\/uploads\/2025\/07\/fotob-19923.jpeg 1080w, https:\/\/gorzow.news\/wp-content\/uploads\/2025\/07\/fotob-19923-300x300.jpeg 300w, https:\/\/gorzow.news\/wp-content\/uploads\/2025\/07\/fotob-19923-1024x1024.jpeg 1024w, https:\/\/gorzow.news\/wp-content\/uploads\/2025\/07\/fotob-19923-150x150.jpeg 150w, https:\/\/gorzow.news\/wp-content\/uploads\/2025\/07\/fotob-19923-768x768.jpeg 768w, https:\/\/gorzow.news\/wp-content\/uploads\/2025\/07\/fotob-19923-696x696.jpeg 696w, https:\/\/gorzow.news\/wp-content\/uploads\/2025\/07\/fotob-19923-1068x1068.jpeg 1068w\" sizes=\"(max-width: 1080px) 100vw, 1080px\" alt=\"\">\r\n                            <\/a>\r\n                            \r\n                        <\/figure>\r\n                    <\/div>\r\n                    <div class = \"td-slide-item td-item2\">\r\n                        <figure class=\"td-slide-galery-figure td-slide-popup-gallery\">\r\n                            <a class=\"slide-gallery-image-link\" href=\"https:\/\/gorzow.news\/wp-content\/uploads\/2025\/07\/fotob-19924.jpeg\" title=\"\"  data-caption=\"\"  data-description=\"\">\r\n                                <img decoding=\"async\" src=\"https:\/\/gorzow.news\/wp-content\/uploads\/2025\/07\/fotob-19924.jpeg\" srcset=\"https:\/\/gorzow.news\/wp-content\/uploads\/2025\/07\/fotob-19924.jpeg 1080w, https:\/\/gorzow.news\/wp-content\/uploads\/2025\/07\/fotob-19924-300x300.jpeg 300w, https:\/\/gorzow.news\/wp-content\/uploads\/2025\/07\/fotob-19924-1024x1024.jpeg 1024w, https:\/\/gorzow.news\/wp-content\/uploads\/2025\/07\/fotob-19924-150x150.jpeg 150w, https:\/\/gorzow.news\/wp-content\/uploads\/2025\/07\/fotob-19924-768x768.jpeg 768w, https:\/\/gorzow.news\/wp-content\/uploads\/2025\/07\/fotob-19924-696x696.jpeg 696w, https:\/\/gorzow.news\/wp-content\/uploads\/2025\/07\/fotob-19924-1068x1068.jpeg 1068w\" sizes=\"(max-width: 1080px) 100vw, 1080px\" alt=\"\">\r\n                            <\/a>\r\n                            \r\n                        <\/figure>\r\n                    <\/div>\r\n                    <div class = \"td-slide-item td-item3\">\r\n                        <figure class=\"td-slide-galery-figure td-slide-popup-gallery\">\r\n                            <a class=\"slide-gallery-image-link\" href=\"https:\/\/gorzow.news\/wp-content\/uploads\/2025\/07\/fotob-19925.jpeg\" title=\"\"  data-caption=\"\"  data-description=\"\">\r\n                                <img decoding=\"async\" src=\"https:\/\/gorzow.news\/wp-content\/uploads\/2025\/07\/fotob-19925.jpeg\" srcset=\"https:\/\/gorzow.news\/wp-content\/uploads\/2025\/07\/fotob-19925.jpeg 1080w, https:\/\/gorzow.news\/wp-content\/uploads\/2025\/07\/fotob-19925-300x300.jpeg 300w, https:\/\/gorzow.news\/wp-content\/uploads\/2025\/07\/fotob-19925-1024x1024.jpeg 1024w, https:\/\/gorzow.news\/wp-content\/uploads\/2025\/07\/fotob-19925-150x150.jpeg 150w, https:\/\/gorzow.news\/wp-content\/uploads\/2025\/07\/fotob-19925-768x768.jpeg 768w, https:\/\/gorzow.news\/wp-content\/uploads\/2025\/07\/fotob-19925-696x696.jpeg 696w, https:\/\/gorzow.news\/wp-content\/uploads\/2025\/07\/fotob-19925-1068x1068.jpeg 1068w\" sizes=\"(max-width: 1080px) 100vw, 1080px\" alt=\"\">\r\n                            <\/a>\r\n                            \r\n                        <\/figure>\r\n                    <\/div>\r\n                    <div class = \"td-slide-item td-item4\">\r\n                        <figure class=\"td-slide-galery-figure td-slide-popup-gallery\">\r\n                            <a class=\"slide-gallery-image-link\" href=\"https:\/\/gorzow.news\/wp-content\/uploads\/2025\/07\/fotob-19926.jpeg\" title=\"\"  data-caption=\"\"  data-description=\"\">\r\n                                <img decoding=\"async\" src=\"https:\/\/gorzow.news\/wp-content\/uploads\/2025\/07\/fotob-19926.jpeg\" srcset=\"https:\/\/gorzow.news\/wp-content\/uploads\/2025\/07\/fotob-19926.jpeg 1080w, https:\/\/gorzow.news\/wp-content\/uploads\/2025\/07\/fotob-19926-300x300.jpeg 300w, https:\/\/gorzow.news\/wp-content\/uploads\/2025\/07\/fotob-19926-1024x1024.jpeg 1024w, https:\/\/gorzow.news\/wp-content\/uploads\/2025\/07\/fotob-19926-150x150.jpeg 150w, https:\/\/gorzow.news\/wp-content\/uploads\/2025\/07\/fotob-19926-768x768.jpeg 768w, https:\/\/gorzow.news\/wp-content\/uploads\/2025\/07\/fotob-19926-696x696.jpeg 696w, https:\/\/gorzow.news\/wp-content\/uploads\/2025\/07\/fotob-19926-1068x1068.jpeg 1068w\" sizes=\"(max-width: 1080px) 100vw, 1080px\" alt=\"\">\r\n                            <\/a>\r\n                            \r\n                        <\/figure>\r\n                    <\/div>\r\n                    <div class = \"td-slide-item td-item5\">\r\n                        <figure class=\"td-slide-galery-figure td-slide-popup-gallery\">\r\n                            <a class=\"slide-gallery-image-link\" href=\"https:\/\/gorzow.news\/wp-content\/uploads\/2025\/07\/fotob-19927.jpeg\" title=\"\"  data-caption=\"\"  data-description=\"\">\r\n                                <img decoding=\"async\" src=\"https:\/\/gorzow.news\/wp-content\/uploads\/2025\/07\/fotob-19927.jpeg\" srcset=\"https:\/\/gorzow.news\/wp-content\/uploads\/2025\/07\/fotob-19927.jpeg 1080w, https:\/\/gorzow.news\/wp-content\/uploads\/2025\/07\/fotob-19927-300x300.jpeg 300w, https:\/\/gorzow.news\/wp-content\/uploads\/2025\/07\/fotob-19927-1024x1024.jpeg 1024w, https:\/\/gorzow.news\/wp-content\/uploads\/2025\/07\/fotob-19927-150x150.jpeg 150w, https:\/\/gorzow.news\/wp-content\/uploads\/2025\/07\/fotob-19927-768x768.jpeg 768w, https:\/\/gorzow.news\/wp-content\/uploads\/2025\/07\/fotob-19927-696x696.jpeg 696w, https:\/\/gorzow.news\/wp-content\/uploads\/2025\/07\/fotob-19927-1068x1068.jpeg 1068w\" sizes=\"(max-width: 1080px) 100vw, 1080px\" alt=\"\">\r\n                            <\/a>\r\n                            \r\n                        <\/figure>\r\n                    <\/div>\r\n                            <\/div>\r\n                        <\/div>\r\n\r\n                        <div class = \"td-doubleSlider-2\">\r\n                            <div class = \"td-slider\">\r\n                                \r\n                    <div class = \"td-button td-item1\">\r\n                        <div class = \"td-border\"><\/div>\r\n                    <\/div>\r\n                    <div class = \"td-button td-item2\">\r\n                        <div class = \"td-border\"><\/div>\r\n                    <\/div>\r\n                    <div class = \"td-button td-item3\">\r\n                        <div class = \"td-border\"><\/div>\r\n                    <\/div>\r\n                    <div class = \"td-button td-item4\">\r\n                        <div class = \"td-border\"><\/div>\r\n                    <\/div>\r\n                    <div class = \"td-button td-item5\">\r\n                        <div class = \"td-border\"><\/div>\r\n                    <\/div>\r\n                            <\/div>\r\n                        <\/div>\r\n\r\n                    <\/div>\r\n\r\n                <\/div>\r\n                \n\n\n<p>Punkty b\u0119d\u0105 czynne od 13:00 do 16:00.<\/p>\n\n\n\n<p>To ju\u017c kolejne gorzowskie parki kieszonkowe. Pierwsza przestrze\u0144 tego typu pojawi\u0142a si\u0119 na os. S\u0142onecznym w 2021 r. Tam mieszkanki i mieszka\u0144cy nie tylko wzi\u0119li udzia\u0142 w rozmowach nad koncepcj\u0105 ich urz\u0105dzenia, ale te\u017c zaanga\u017cowali si\u0119 w cz\u0119\u015b\u0107 prac zwi\u0105zanych z sadzeniem ro\u015blin.<\/p>\n","protected":false},"excerpt":{"rendered":"<p>Na prze\u0142omie lipca i sierpnia urz\u0119dnicy zapraszaj\u0105 do rozm\u00f3w o parkach kieszonkowych. Parki kieszonkowe to niewielkie tereny zieleni miejskiej, urz\u0105dzone w g\u0119sto zabudowanych obszarach. S\u0105 one form\u0105 zazielenienia miast i tworzenia przyjaznych przestrzeni publicznych w miejscach, gdzie brakuje tradycyjnych park\u00f3w. Dzi\u0119ki nim powstaj\u0105 zielone, bior\u00f3\u017cnorodne azyle, w kt\u00f3rych mieszka\u0144cy i mieszkanki mog\u0105 znale\u017a\u0107 miejsce do [&hellip;]<\/p>\n","protected":false},"author":1,"featured_media":33624,"comment_status":"open","ping_status":"open","sticky":false,"template":"","format":"standard","meta":{"footnotes":"","_links_to":"","_links_to_target":""},"categories":[2009,2018,593,589,2007],"tags":[1751,3442],"class_list":{"0":"post-33623","1":"post","2":"type-post","3":"status-publish","4":"format-standard","5":"has-post-thumbnail","7":"category-centrum-srodmiescie","8":"category-dolinki","9":"category-inwestycje-miejskie","10":"category-wiadomosci","11":"category-zamoscie","12":"tag-park-kieszonkowy","13":"tag-skwer-kieszonkowy"},"yoast_head":"<!-- This site is optimized with the Yoast SEO plugin v27.3 - https:\/\/yoast.com\/product\/yoast-seo-wordpress\/ -->\n<title>Pi\u0119\u0107 park\u00f3w kieszonkowych do budowy. Najpierw porozmawiajmy o nich na spotkaniach w terenie - Gorz\u00f3w News<\/title>\n<meta name=\"description\" content=\"Na prze\u0142omie lipca i sierpnia urz\u0119dnicy zapraszaj\u0105 do rozm\u00f3w o parkach kieszonkowych. Parki kieszonkowe to niewielkie tereny zieleni miejskiej, ur\" \/>\n<meta name=\"robots\" content=\"index, follow, max-snippet:-1, max-image-preview:large, max-video-preview:-1\" \/>\n<link rel=\"canonical\" href=\"https:\/\/gorzow.news\/index.php\/2025\/07\/23\/piec-parkow-kieszonkowych-do-budowy-najpierw-porozmawiajmy-o-nich-na-spotkaniach-w-terenie\/\" \/>\n<meta property=\"og:locale\" content=\"pl_PL\" \/>\n<meta property=\"og:type\" content=\"article\" \/>\n<meta property=\"og:title\" content=\"Pi\u0119\u0107 park\u00f3w kieszonkowych do budowy. Najpierw porozmawiajmy o nich na spotkaniach w terenie - Gorz\u00f3w News\" \/>\n<meta property=\"og:description\" content=\"Na prze\u0142omie lipca i sierpnia urz\u0119dnicy zapraszaj\u0105 do rozm\u00f3w o parkach kieszonkowych. Parki kieszonkowe to niewielkie tereny zieleni miejskiej, ur\" \/>\n<meta property=\"og:url\" content=\"https:\/\/gorzow.news\/index.php\/2025\/07\/23\/piec-parkow-kieszonkowych-do-budowy-najpierw-porozmawiajmy-o-nich-na-spotkaniach-w-terenie\/\" \/>\n<meta property=\"og:site_name\" content=\"Gorz\u00f3w News\" \/>\n<meta property=\"article:publisher\" content=\"https:\/\/www.facebook.com\/gorzowskinews\" \/>\n<meta property=\"article:published_time\" content=\"2025-07-23T11:00:00+00:00\" \/>\n<meta property=\"article:modified_time\" content=\"2025-07-23T14:02:14+00:00\" \/>\n<meta property=\"og:image\" content=\"https:\/\/gorzow.news\/wp-content\/uploads\/2025\/07\/cropped-akt-fotob-8371.jpg\" \/>\n\t<meta property=\"og:image:width\" content=\"1192\" \/>\n\t<meta property=\"og:image:height\" content=\"751\" \/>\n\t<meta property=\"og:image:type\" content=\"image\/jpeg\" \/>\n<meta name=\"author\" content=\"maciej\" \/>\n<meta name=\"twitter:card\" content=\"summary_large_image\" \/>\n<meta name=\"twitter:label1\" content=\"Napisane przez\" \/>\n\t<meta name=\"twitter:data1\" content=\"maciej\" \/>\n\t<meta name=\"twitter:label2\" content=\"Szacowany czas czytania\" \/>\n\t<meta name=\"twitter:data2\" content=\"2 minuty\" \/>\n<script type=\"application\/ld+json\" class=\"yoast-schema-graph\">{\"@context\":\"https:\\\/\\\/schema.org\",\"@graph\":[{\"@type\":\"Article\",\"@id\":\"https:\\\/\\\/gorzow.news\\\/index.php\\\/2025\\\/07\\\/23\\\/piec-parkow-kieszonkowych-do-budowy-najpierw-porozmawiajmy-o-nich-na-spotkaniach-w-terenie\\\/#article\",\"isPartOf\":{\"@id\":\"https:\\\/\\\/gorzow.news\\\/index.php\\\/2025\\\/07\\\/23\\\/piec-parkow-kieszonkowych-do-budowy-najpierw-porozmawiajmy-o-nich-na-spotkaniach-w-terenie\\\/\"},\"author\":{\"name\":\"maciej\",\"@id\":\"https:\\\/\\\/gorzow.news\\\/#\\\/schema\\\/person\\\/a1e5ab43166369f2ce236a1cd90995bb\"},\"headline\":\"Pi\u0119\u0107 park\u00f3w kieszonkowych do budowy. Najpierw porozmawiajmy o nich na spotkaniach w terenie\",\"datePublished\":\"2025-07-23T11:00:00+00:00\",\"dateModified\":\"2025-07-23T14:02:14+00:00\",\"mainEntityOfPage\":{\"@id\":\"https:\\\/\\\/gorzow.news\\\/index.php\\\/2025\\\/07\\\/23\\\/piec-parkow-kieszonkowych-do-budowy-najpierw-porozmawiajmy-o-nich-na-spotkaniach-w-terenie\\\/\"},\"wordCount\":289,\"commentCount\":1,\"image\":{\"@id\":\"https:\\\/\\\/gorzow.news\\\/index.php\\\/2025\\\/07\\\/23\\\/piec-parkow-kieszonkowych-do-budowy-najpierw-porozmawiajmy-o-nich-na-spotkaniach-w-terenie\\\/#primaryimage\"},\"thumbnailUrl\":\"https:\\\/\\\/gorzow.news\\\/wp-content\\\/uploads\\\/2025\\\/07\\\/cropped-akt-fotob-8371.jpg\",\"keywords\":[\"park kieszonkowy\",\"skwer kieszonkowy\"],\"articleSection\":[\"Centrum \\\/ \u015ar\u00f3dmie\u015bcie\",\"Dolinki\",\"Inwestycje miejskie\",\"Wiadomo\u015bci\",\"Zamo\u015bcie\"],\"inLanguage\":\"pl-PL\",\"potentialAction\":[{\"@type\":\"CommentAction\",\"name\":\"Comment\",\"target\":[\"https:\\\/\\\/gorzow.news\\\/index.php\\\/2025\\\/07\\\/23\\\/piec-parkow-kieszonkowych-do-budowy-najpierw-porozmawiajmy-o-nich-na-spotkaniach-w-terenie\\\/#respond\"]}]},{\"@type\":\"WebPage\",\"@id\":\"https:\\\/\\\/gorzow.news\\\/index.php\\\/2025\\\/07\\\/23\\\/piec-parkow-kieszonkowych-do-budowy-najpierw-porozmawiajmy-o-nich-na-spotkaniach-w-terenie\\\/\",\"url\":\"https:\\\/\\\/gorzow.news\\\/index.php\\\/2025\\\/07\\\/23\\\/piec-parkow-kieszonkowych-do-budowy-najpierw-porozmawiajmy-o-nich-na-spotkaniach-w-terenie\\\/\",\"name\":\"Pi\u0119\u0107 park\u00f3w kieszonkowych do budowy. Najpierw porozmawiajmy o nich na spotkaniach w terenie - Gorz\u00f3w News\",\"isPartOf\":{\"@id\":\"https:\\\/\\\/gorzow.news\\\/#website\"},\"primaryImageOfPage\":{\"@id\":\"https:\\\/\\\/gorzow.news\\\/index.php\\\/2025\\\/07\\\/23\\\/piec-parkow-kieszonkowych-do-budowy-najpierw-porozmawiajmy-o-nich-na-spotkaniach-w-terenie\\\/#primaryimage\"},\"image\":{\"@id\":\"https:\\\/\\\/gorzow.news\\\/index.php\\\/2025\\\/07\\\/23\\\/piec-parkow-kieszonkowych-do-budowy-najpierw-porozmawiajmy-o-nich-na-spotkaniach-w-terenie\\\/#primaryimage\"},\"thumbnailUrl\":\"https:\\\/\\\/gorzow.news\\\/wp-content\\\/uploads\\\/2025\\\/07\\\/cropped-akt-fotob-8371.jpg\",\"datePublished\":\"2025-07-23T11:00:00+00:00\",\"dateModified\":\"2025-07-23T14:02:14+00:00\",\"author\":{\"@id\":\"https:\\\/\\\/gorzow.news\\\/#\\\/schema\\\/person\\\/a1e5ab43166369f2ce236a1cd90995bb\"},\"description\":\"Na prze\u0142omie lipca i sierpnia urz\u0119dnicy zapraszaj\u0105 do rozm\u00f3w o parkach kieszonkowych. Parki kieszonkowe to niewielkie tereny zieleni miejskiej, urz\u0105dzone w g\u0119sto zabudowanych obszarach. S\u0105 one form\u0105 zazielenienia miast i tworzenia przyjaznych przestrzeni publicznych w miejscach, gdzie brakuje tradycyjnych park\u00f3w. Dzi\u0119ki nim powstaj\u0105 zielone, bior\u00f3\u017cnorodne azyle, w kt\u00f3rych mieszka\u0144cy i mieszkanki mog\u0105 znale\u017a\u0107 miejsce do wypoczynku.\",\"breadcrumb\":{\"@id\":\"https:\\\/\\\/gorzow.news\\\/index.php\\\/2025\\\/07\\\/23\\\/piec-parkow-kieszonkowych-do-budowy-najpierw-porozmawiajmy-o-nich-na-spotkaniach-w-terenie\\\/#breadcrumb\"},\"inLanguage\":\"pl-PL\",\"potentialAction\":[{\"@type\":\"ReadAction\",\"target\":[\"https:\\\/\\\/gorzow.news\\\/index.php\\\/2025\\\/07\\\/23\\\/piec-parkow-kieszonkowych-do-budowy-najpierw-porozmawiajmy-o-nich-na-spotkaniach-w-terenie\\\/\"]}]},{\"@type\":\"ImageObject\",\"inLanguage\":\"pl-PL\",\"@id\":\"https:\\\/\\\/gorzow.news\\\/index.php\\\/2025\\\/07\\\/23\\\/piec-parkow-kieszonkowych-do-budowy-najpierw-porozmawiajmy-o-nich-na-spotkaniach-w-terenie\\\/#primaryimage\",\"url\":\"https:\\\/\\\/gorzow.news\\\/wp-content\\\/uploads\\\/2025\\\/07\\\/cropped-akt-fotob-8371.jpg\",\"contentUrl\":\"https:\\\/\\\/gorzow.news\\\/wp-content\\\/uploads\\\/2025\\\/07\\\/cropped-akt-fotob-8371.jpg\",\"width\":1192,\"height\":751,\"caption\":\"grafika UM\"},{\"@type\":\"BreadcrumbList\",\"@id\":\"https:\\\/\\\/gorzow.news\\\/index.php\\\/2025\\\/07\\\/23\\\/piec-parkow-kieszonkowych-do-budowy-najpierw-porozmawiajmy-o-nich-na-spotkaniach-w-terenie\\\/#breadcrumb\",\"itemListElement\":[{\"@type\":\"ListItem\",\"position\":1,\"name\":\"Home\",\"item\":\"https:\\\/\\\/gorzow.news\\\/\"},{\"@type\":\"ListItem\",\"position\":2,\"name\":\"Pi\u0119\u0107 park\u00f3w kieszonkowych do budowy. Najpierw porozmawiajmy o nich na spotkaniach w terenie\"}]},{\"@type\":\"WebSite\",\"@id\":\"https:\\\/\\\/gorzow.news\\\/#website\",\"url\":\"https:\\\/\\\/gorzow.news\\\/\",\"name\":\"Gorz\u00f3w News\",\"description\":\"Sp\u00f3jrz inaczej na miato i region...\",\"potentialAction\":[{\"@type\":\"SearchAction\",\"target\":{\"@type\":\"EntryPoint\",\"urlTemplate\":\"https:\\\/\\\/gorzow.news\\\/?s={search_term_string}\"},\"query-input\":{\"@type\":\"PropertyValueSpecification\",\"valueRequired\":true,\"valueName\":\"search_term_string\"}}],\"inLanguage\":\"pl-PL\"},{\"@type\":\"Person\",\"@id\":\"https:\\\/\\\/gorzow.news\\\/#\\\/schema\\\/person\\\/a1e5ab43166369f2ce236a1cd90995bb\",\"name\":\"maciej\",\"image\":{\"@type\":\"ImageObject\",\"inLanguage\":\"pl-PL\",\"@id\":\"https:\\\/\\\/secure.gravatar.com\\\/avatar\\\/530a674d56ba60cfa0ef21d74e8e8d123a51bb7aa6580465b5c2ab2c2e980a19?s=96&r=g&d=https:\\\/\\\/gorzow.news\\\/wp-content\\\/plugins\\\/userswp\\\/assets\\\/images\\\/no_profile.png\",\"url\":\"https:\\\/\\\/secure.gravatar.com\\\/avatar\\\/530a674d56ba60cfa0ef21d74e8e8d123a51bb7aa6580465b5c2ab2c2e980a19?s=96&r=g&d=https:\\\/\\\/gorzow.news\\\/wp-content\\\/plugins\\\/userswp\\\/assets\\\/images\\\/no_profile.png\",\"contentUrl\":\"https:\\\/\\\/secure.gravatar.com\\\/avatar\\\/530a674d56ba60cfa0ef21d74e8e8d123a51bb7aa6580465b5c2ab2c2e980a19?s=96&r=g&d=https:\\\/\\\/gorzow.news\\\/wp-content\\\/plugins\\\/userswp\\\/assets\\\/images\\\/no_profile.png\",\"caption\":\"maciej\"},\"url\":\"https:\\\/\\\/gorzow.news\\\/index.php\\\/profile\\\/maciej\\\/\"}]}<\/script>\n<!-- \/ Yoast SEO plugin. -->","yoast_head_json":{"title":"Pi\u0119\u0107 park\u00f3w kieszonkowych do budowy. Najpierw porozmawiajmy o nich na spotkaniach w terenie - Gorz\u00f3w News","description":"Na prze\u0142omie lipca i sierpnia urz\u0119dnicy zapraszaj\u0105 do rozm\u00f3w o parkach kieszonkowych. Parki kieszonkowe to niewielkie tereny zieleni miejskiej, ur","robots":{"index":"index","follow":"follow","max-snippet":"max-snippet:-1","max-image-preview":"max-image-preview:large","max-video-preview":"max-video-preview:-1"},"canonical":"https:\/\/gorzow.news\/index.php\/2025\/07\/23\/piec-parkow-kieszonkowych-do-budowy-najpierw-porozmawiajmy-o-nich-na-spotkaniach-w-terenie\/","og_locale":"pl_PL","og_type":"article","og_title":"Pi\u0119\u0107 park\u00f3w kieszonkowych do budowy. Najpierw porozmawiajmy o nich na spotkaniach w terenie - Gorz\u00f3w News","og_description":"Na prze\u0142omie lipca i sierpnia urz\u0119dnicy zapraszaj\u0105 do rozm\u00f3w o parkach kieszonkowych. Parki kieszonkowe to niewielkie tereny zieleni miejskiej, ur","og_url":"https:\/\/gorzow.news\/index.php\/2025\/07\/23\/piec-parkow-kieszonkowych-do-budowy-najpierw-porozmawiajmy-o-nich-na-spotkaniach-w-terenie\/","og_site_name":"Gorz\u00f3w News","article_publisher":"https:\/\/www.facebook.com\/gorzowskinews","article_published_time":"2025-07-23T11:00:00+00:00","article_modified_time":"2025-07-23T14:02:14+00:00","og_image":[{"width":1192,"height":751,"url":"https:\/\/gorzow.news\/wp-content\/uploads\/2025\/07\/cropped-akt-fotob-8371.jpg","type":"image\/jpeg"}],"author":"maciej","twitter_card":"summary_large_image","twitter_misc":{"Napisane przez":"maciej","Szacowany czas czytania":"2 minuty"},"schema":{"@context":"https:\/\/schema.org","@graph":[{"@type":"Article","@id":"https:\/\/gorzow.news\/index.php\/2025\/07\/23\/piec-parkow-kieszonkowych-do-budowy-najpierw-porozmawiajmy-o-nich-na-spotkaniach-w-terenie\/#article","isPartOf":{"@id":"https:\/\/gorzow.news\/index.php\/2025\/07\/23\/piec-parkow-kieszonkowych-do-budowy-najpierw-porozmawiajmy-o-nich-na-spotkaniach-w-terenie\/"},"author":{"name":"maciej","@id":"https:\/\/gorzow.news\/#\/schema\/person\/a1e5ab43166369f2ce236a1cd90995bb"},"headline":"Pi\u0119\u0107 park\u00f3w kieszonkowych do budowy. Najpierw porozmawiajmy o nich na spotkaniach w terenie","datePublished":"2025-07-23T11:00:00+00:00","dateModified":"2025-07-23T14:02:14+00:00","mainEntityOfPage":{"@id":"https:\/\/gorzow.news\/index.php\/2025\/07\/23\/piec-parkow-kieszonkowych-do-budowy-najpierw-porozmawiajmy-o-nich-na-spotkaniach-w-terenie\/"},"wordCount":289,"commentCount":1,"image":{"@id":"https:\/\/gorzow.news\/index.php\/2025\/07\/23\/piec-parkow-kieszonkowych-do-budowy-najpierw-porozmawiajmy-o-nich-na-spotkaniach-w-terenie\/#primaryimage"},"thumbnailUrl":"https:\/\/gorzow.news\/wp-content\/uploads\/2025\/07\/cropped-akt-fotob-8371.jpg","keywords":["park kieszonkowy","skwer kieszonkowy"],"articleSection":["Centrum \/ \u015ar\u00f3dmie\u015bcie","Dolinki","Inwestycje miejskie","Wiadomo\u015bci","Zamo\u015bcie"],"inLanguage":"pl-PL","potentialAction":[{"@type":"CommentAction","name":"Comment","target":["https:\/\/gorzow.news\/index.php\/2025\/07\/23\/piec-parkow-kieszonkowych-do-budowy-najpierw-porozmawiajmy-o-nich-na-spotkaniach-w-terenie\/#respond"]}]},{"@type":"WebPage","@id":"https:\/\/gorzow.news\/index.php\/2025\/07\/23\/piec-parkow-kieszonkowych-do-budowy-najpierw-porozmawiajmy-o-nich-na-spotkaniach-w-terenie\/","url":"https:\/\/gorzow.news\/index.php\/2025\/07\/23\/piec-parkow-kieszonkowych-do-budowy-najpierw-porozmawiajmy-o-nich-na-spotkaniach-w-terenie\/","name":"Pi\u0119\u0107 park\u00f3w kieszonkowych do budowy. Najpierw porozmawiajmy o nich na spotkaniach w terenie - Gorz\u00f3w News","isPartOf":{"@id":"https:\/\/gorzow.news\/#website"},"primaryImageOfPage":{"@id":"https:\/\/gorzow.news\/index.php\/2025\/07\/23\/piec-parkow-kieszonkowych-do-budowy-najpierw-porozmawiajmy-o-nich-na-spotkaniach-w-terenie\/#primaryimage"},"image":{"@id":"https:\/\/gorzow.news\/index.php\/2025\/07\/23\/piec-parkow-kieszonkowych-do-budowy-najpierw-porozmawiajmy-o-nich-na-spotkaniach-w-terenie\/#primaryimage"},"thumbnailUrl":"https:\/\/gorzow.news\/wp-content\/uploads\/2025\/07\/cropped-akt-fotob-8371.jpg","datePublished":"2025-07-23T11:00:00+00:00","dateModified":"2025-07-23T14:02:14+00:00","author":{"@id":"https:\/\/gorzow.news\/#\/schema\/person\/a1e5ab43166369f2ce236a1cd90995bb"},"description":"Na prze\u0142omie lipca i sierpnia urz\u0119dnicy zapraszaj\u0105 do rozm\u00f3w o parkach kieszonkowych. Parki kieszonkowe to niewielkie tereny zieleni miejskiej, urz\u0105dzone w g\u0119sto zabudowanych obszarach. S\u0105 one form\u0105 zazielenienia miast i tworzenia przyjaznych przestrzeni publicznych w miejscach, gdzie brakuje tradycyjnych park\u00f3w. Dzi\u0119ki nim powstaj\u0105 zielone, bior\u00f3\u017cnorodne azyle, w kt\u00f3rych mieszka\u0144cy i mieszkanki mog\u0105 znale\u017a\u0107 miejsce do wypoczynku.","breadcrumb":{"@id":"https:\/\/gorzow.news\/index.php\/2025\/07\/23\/piec-parkow-kieszonkowych-do-budowy-najpierw-porozmawiajmy-o-nich-na-spotkaniach-w-terenie\/#breadcrumb"},"inLanguage":"pl-PL","potentialAction":[{"@type":"ReadAction","target":["https:\/\/gorzow.news\/index.php\/2025\/07\/23\/piec-parkow-kieszonkowych-do-budowy-najpierw-porozmawiajmy-o-nich-na-spotkaniach-w-terenie\/"]}]},{"@type":"ImageObject","inLanguage":"pl-PL","@id":"https:\/\/gorzow.news\/index.php\/2025\/07\/23\/piec-parkow-kieszonkowych-do-budowy-najpierw-porozmawiajmy-o-nich-na-spotkaniach-w-terenie\/#primaryimage","url":"https:\/\/gorzow.news\/wp-content\/uploads\/2025\/07\/cropped-akt-fotob-8371.jpg","contentUrl":"https:\/\/gorzow.news\/wp-content\/uploads\/2025\/07\/cropped-akt-fotob-8371.jpg","width":1192,"height":751,"caption":"grafika UM"},{"@type":"BreadcrumbList","@id":"https:\/\/gorzow.news\/index.php\/2025\/07\/23\/piec-parkow-kieszonkowych-do-budowy-najpierw-porozmawiajmy-o-nich-na-spotkaniach-w-terenie\/#breadcrumb","itemListElement":[{"@type":"ListItem","position":1,"name":"Home","item":"https:\/\/gorzow.news\/"},{"@type":"ListItem","position":2,"name":"Pi\u0119\u0107 park\u00f3w kieszonkowych do budowy. Najpierw porozmawiajmy o nich na spotkaniach w terenie"}]},{"@type":"WebSite","@id":"https:\/\/gorzow.news\/#website","url":"https:\/\/gorzow.news\/","name":"Gorz\u00f3w News","description":"Sp\u00f3jrz inaczej na miato i region...","potentialAction":[{"@type":"SearchAction","target":{"@type":"EntryPoint","urlTemplate":"https:\/\/gorzow.news\/?s={search_term_string}"},"query-input":{"@type":"PropertyValueSpecification","valueRequired":true,"valueName":"search_term_string"}}],"inLanguage":"pl-PL"},{"@type":"Person","@id":"https:\/\/gorzow.news\/#\/schema\/person\/a1e5ab43166369f2ce236a1cd90995bb","name":"maciej","image":{"@type":"ImageObject","inLanguage":"pl-PL","@id":"https:\/\/secure.gravatar.com\/avatar\/530a674d56ba60cfa0ef21d74e8e8d123a51bb7aa6580465b5c2ab2c2e980a19?s=96&r=g&d=https:\/\/gorzow.news\/wp-content\/plugins\/userswp\/assets\/images\/no_profile.png","url":"https:\/\/secure.gravatar.com\/avatar\/530a674d56ba60cfa0ef21d74e8e8d123a51bb7aa6580465b5c2ab2c2e980a19?s=96&r=g&d=https:\/\/gorzow.news\/wp-content\/plugins\/userswp\/assets\/images\/no_profile.png","contentUrl":"https:\/\/secure.gravatar.com\/avatar\/530a674d56ba60cfa0ef21d74e8e8d123a51bb7aa6580465b5c2ab2c2e980a19?s=96&r=g&d=https:\/\/gorzow.news\/wp-content\/plugins\/userswp\/assets\/images\/no_profile.png","caption":"maciej"},"url":"https:\/\/gorzow.news\/index.php\/profile\/maciej\/"}]}},"_links":{"self":[{"href":"https:\/\/gorzow.news\/index.php\/wp-json\/wp\/v2\/posts\/33623","targetHints":{"allow":["GET"]}}],"collection":[{"href":"https:\/\/gorzow.news\/index.php\/wp-json\/wp\/v2\/posts"}],"about":[{"href":"https:\/\/gorzow.news\/index.php\/wp-json\/wp\/v2\/types\/post"}],"author":[{"embeddable":true,"href":"https:\/\/gorzow.news\/index.php\/wp-json\/wp\/v2\/users\/1"}],"replies":[{"embeddable":true,"href":"https:\/\/gorzow.news\/index.php\/wp-json\/wp\/v2\/comments?post=33623"}],"version-history":[{"count":3,"href":"https:\/\/gorzow.news\/index.php\/wp-json\/wp\/v2\/posts\/33623\/revisions"}],"predecessor-version":[{"id":33632,"href":"https:\/\/gorzow.news\/index.php\/wp-json\/wp\/v2\/posts\/33623\/revisions\/33632"}],"wp:featuredmedia":[{"embeddable":true,"href":"https:\/\/gorzow.news\/index.php\/wp-json\/wp\/v2\/media\/33624"}],"wp:attachment":[{"href":"https:\/\/gorzow.news\/index.php\/wp-json\/wp\/v2\/media?parent=33623"}],"wp:term":[{"taxonomy":"category","embeddable":true,"href":"https:\/\/gorzow.news\/index.php\/wp-json\/wp\/v2\/categories?post=33623"},{"taxonomy":"post_tag","embeddable":true,"href":"https:\/\/gorzow.news\/index.php\/wp-json\/wp\/v2\/tags?post=33623"}],"curies":[{"name":"wp","href":"https:\/\/api.w.org\/{rel}","templated":true}]}}