{"id":32902,"date":"2025-06-24T13:29:29","date_gmt":"2025-06-24T11:29:29","guid":{"rendered":"https:\/\/gorzow.news\/?p=32902"},"modified":"2025-06-24T17:28:18","modified_gmt":"2025-06-24T15:28:18","slug":"po-sukcesie-terenow-inwestycyjnych-przy-dobrej-i-milej-przyszedl-czas-na-kolejne-na-poczatek-cztery-z-trzynastu-dzialek","status":"publish","type":"post","link":"https:\/\/gorzow.news\/index.php\/2025\/06\/24\/po-sukcesie-terenow-inwestycyjnych-przy-dobrej-i-milej-przyszedl-czas-na-kolejne-na-poczatek-cztery-z-trzynastu-dzialek\/","title":{"rendered":"Po sukcesie teren\u00f3w inwestycyjnych przy Dobrej i Mi\u0142ej przyszed\u0142 czas na kolejne! Na pocz\u0105tek cztery z trzynastu dzia\u0142ek!"},"content":{"rendered":"\n<p><strong>Pomys\u0142 na uzbrojenie teren\u00f3w przy ulicach Dobrej i Mi\u0142ej w Gorzowie i przeznaczenie ich na tereny inwestycyjne zako\u0144czy\u0142 si\u0119 sukcesem. Miasto w grudniu 2023 roku sprzeda\u0142o w tym miejscu dwie ostatnie dzia\u0142ki. Teraz przyszed\u0142 czas na sprzeda\u017c trzynastu dzia\u0142ek znajduj\u0105cych mi\u0119dzy ul. Szczeci\u0144sk\u0105 i Ko\u0142obrzesk\u0105 z planowanym wjazdem na wysoko\u015bci tego do centrum dystrybucyjnego Biedronki. Dzia\u0142ki w tym momencie nie s\u0105 uzbrojone. Przetarg na sprzeda\u017c pierwszych czterech dzia\u0142ek zaplanowany jest na ten czwartek, tj. 26 czerwca 2025 roku.<\/strong><\/p>\n\n\n\n<p>Podczas pierwszego przetargu ustnego nieograniczonego na sprzeda\u017c na w\u0142asno\u015b\u0107 zaplanowano cztery dzia\u0142ki:<\/p>\n\n\n\n<figure class=\"wp-block-image size-large\"><img loading=\"lazy\" decoding=\"async\" width=\"1024\" height=\"261\" src=\"https:\/\/gorzow.news\/wp-content\/uploads\/2025\/06\/wykaz-dzialek-szczecinska-1024x261.jpg\" alt=\"\" class=\"wp-image-32903\" srcset=\"https:\/\/gorzow.news\/wp-content\/uploads\/2025\/06\/wykaz-dzialek-szczecinska-1024x261.jpg 1024w, https:\/\/gorzow.news\/wp-content\/uploads\/2025\/06\/wykaz-dzialek-szczecinska-300x76.jpg 300w, https:\/\/gorzow.news\/wp-content\/uploads\/2025\/06\/wykaz-dzialek-szczecinska-768x196.jpg 768w, https:\/\/gorzow.news\/wp-content\/uploads\/2025\/06\/wykaz-dzialek-szczecinska-1536x391.jpg 1536w, https:\/\/gorzow.news\/wp-content\/uploads\/2025\/06\/wykaz-dzialek-szczecinska-696x177.jpg 696w, https:\/\/gorzow.news\/wp-content\/uploads\/2025\/06\/wykaz-dzialek-szczecinska-1068x272.jpg 1068w, https:\/\/gorzow.news\/wp-content\/uploads\/2025\/06\/wykaz-dzialek-szczecinska.jpg 1869w\" sizes=\"auto, (max-width: 1024px) 100vw, 1024px\" \/><\/figure>\n\n\n\n<p>Na terenie nieruchomo\u015bci z poz. 4 znajduje si\u0119 sie\u0107 telekomunikacyjna uwidoczniona na mapach geodezyjnych.<\/p>\n\n\n\n<figure class=\"wp-block-image size-large\"><img loading=\"lazy\" decoding=\"async\" width=\"1024\" height=\"882\" src=\"https:\/\/gorzow.news\/wp-content\/uploads\/2025\/06\/dzialki_inwestycyjne_szczecinska_przetarg_czerwiec2025-1024x882.jpg\" alt=\"\" class=\"wp-image-32904\" srcset=\"https:\/\/gorzow.news\/wp-content\/uploads\/2025\/06\/dzialki_inwestycyjne_szczecinska_przetarg_czerwiec2025-1024x882.jpg 1024w, https:\/\/gorzow.news\/wp-content\/uploads\/2025\/06\/dzialki_inwestycyjne_szczecinska_przetarg_czerwiec2025-300x258.jpg 300w, https:\/\/gorzow.news\/wp-content\/uploads\/2025\/06\/dzialki_inwestycyjne_szczecinska_przetarg_czerwiec2025-768x661.jpg 768w, https:\/\/gorzow.news\/wp-content\/uploads\/2025\/06\/dzialki_inwestycyjne_szczecinska_przetarg_czerwiec2025-1536x1322.jpg 1536w, https:\/\/gorzow.news\/wp-content\/uploads\/2025\/06\/dzialki_inwestycyjne_szczecinska_przetarg_czerwiec2025-696x599.jpg 696w, https:\/\/gorzow.news\/wp-content\/uploads\/2025\/06\/dzialki_inwestycyjne_szczecinska_przetarg_czerwiec2025-1068x920.jpg 1068w, https:\/\/gorzow.news\/wp-content\/uploads\/2025\/06\/dzialki_inwestycyjne_szczecinska_przetarg_czerwiec2025.jpg 1669w\" sizes=\"auto, (max-width: 1024px) 100vw, 1024px\" \/><figcaption class=\"wp-element-caption\">Dzia\u0142ki inwestycyjne przy ul. Szczeci\u0144skiej na sprzeda\u017c w pierwszym przetargu.<\/figcaption><\/figure>\n\n\n\n<p>Na terenie nieruchomo\u015bci b\u0119d\u0105cych przedmiotem przetarg\u00f3w:<br>&#8211; nie wyklucza si\u0119 wyst\u0105pienia uzbrojenia podziemnego, budowli i cz\u0119\u015bci budynk\u00f3w podziemnych oraz odpad\u00f3w wt\u00f3rnych takich jak wysypisko ziemi, gruzu, materia\u0142\u00f3w budowlanych oraz innych odpad\u00f3w i zanieczyszcze\u0144 &#8211; nie uwidocznionych na mapie; ewentualne koszty zwi\u0105zane z ich usuni\u0119ciem i uporz\u0105dkowaniem terenu, a tak\u017ce koszty zwi\u0105zane z realizacj\u0105 inwestycji na takim terenie &#8211; obci\u0105\u017caj\u0105 nabywc\u0119,<br>&#8211; znajduj\u0105 si\u0119 pojedyncze drzewa, krzewy oraz ich pozosta\u0142o\u015bci, kt\u00f3rych wycinka, utrzymanie i ochrona winny odbywa\u0107 si\u0119 zgodnie z obowi\u0105zuj\u0105cymi przepisami.<\/p>\n\n\n\n<p>Nieruchomo\u015bci obj\u0119te og\u0142oszeniem s\u0105 wolne od innych ni\u017c ww. obci\u0105\u017ce\u0144 i nie s\u0105 przedmiotem zobowi\u0105za\u0144.<\/p>\n\n\n\n<p>W Miejscowym Planie Zabudowy Przestrzennej dla terenu, na kt\u00f3rym znajduj\u0105 si\u0119 dzia\u0142ki przewidziano zabudow\u0119 us\u0142ugow\u0105, w tym us\u0142ug rzemios\u0142a oraz zabudowy magazynowej. Ustalono powierzchni\u0119 zabudowy &#8211; maksymalnie 50 proc. powierzchni dzia\u0142ki budowlanej, powierzchni\u0119 biologicznie czynn\u0105 &#8211; minimalnie 20 proc. powierzchni dzia\u0142ki budowlanej.<\/p>\n\n\n\n<p>Ustalono wysoko\u015b\u0107 zabudowy:<br>a) dla budynk\u00f3w &#8211; do 12 m;<br>b) dla budynk\u00f3w pomocniczych, wiat &#8211; do 6 m;<br>c) dla pozosta\u0142ych budowli &#8211; do 12 m;<\/p>\n\n\n\n<p>Intensywno\u015b\u0107 zabudowy &#8211; od 0 do 1,5.<\/p>\n\n\n\n<p>Ustalono dachy p\u0142askie; Dopuszcza si\u0119 dachy dwu i wielospadowe o k\u0105cie nachylenia po\u0142aci do 45\u00b0 w odcieniach koloru szarego.<\/p>\n","protected":false},"excerpt":{"rendered":"<p>Pomys\u0142 na uzbrojenie teren\u00f3w przy ulicach Dobrej i Mi\u0142ej w Gorzowie i przeznaczenie ich na tereny inwestycyjne zako\u0144czy\u0142 si\u0119 sukcesem. Miasto w grudniu 2023 roku sprzeda\u0142o w tym miejscu dwie ostatnie dzia\u0142ki. Teraz przyszed\u0142 czas na sprzeda\u017c trzynastu dzia\u0142ek znajduj\u0105cych mi\u0119dzy ul. Szczeci\u0144sk\u0105 i Ko\u0142obrzesk\u0105 z planowanym wjazdem na wysoko\u015bci tego do centrum dystrybucyjnego Biedronki. [&hellip;]<\/p>\n","protected":false},"author":1,"featured_media":32905,"comment_status":"open","ping_status":"open","sticky":false,"template":"","format":"standard","meta":{"footnotes":"","_links_to":"","_links_to_target":""},"categories":[1626,589],"tags":[1202,124],"class_list":{"0":"post-32902","1":"post","2":"type-post","3":"status-publish","4":"format-standard","5":"has-post-thumbnail","7":"category-dzialki-inwestycyjne","8":"category-wiadomosci","9":"tag-kolobrzeska","10":"tag-szczecinska"},"yoast_head":"<!-- This site is optimized with the Yoast SEO plugin v27.3 - https:\/\/yoast.com\/product\/yoast-seo-wordpress\/ -->\n<title>Po sukcesie teren\u00f3w inwestycyjnych przy Dobrej i Mi\u0142ej przyszed\u0142 czas na kolejne! Na pocz\u0105tek cztery z trzynastu dzia\u0142ek! - Gorz\u00f3w News<\/title>\n<meta name=\"description\" content=\"Pomys\u0142 na uzbrojenie teren\u00f3w przy ulicach Dobrej i Mi\u0142ej w Gorzowie i przeznaczenie ich na tereny inwestycyjne zako\u0144czy\u0142 si\u0119 sukcesem. Miasto w\" \/>\n<meta name=\"robots\" content=\"index, follow, max-snippet:-1, max-image-preview:large, max-video-preview:-1\" \/>\n<link rel=\"canonical\" href=\"https:\/\/gorzow.news\/index.php\/2025\/06\/24\/po-sukcesie-terenow-inwestycyjnych-przy-dobrej-i-milej-przyszedl-czas-na-kolejne-na-poczatek-cztery-z-trzynastu-dzialek\/\" \/>\n<meta property=\"og:locale\" content=\"pl_PL\" \/>\n<meta property=\"og:type\" content=\"article\" \/>\n<meta property=\"og:title\" content=\"Po sukcesie teren\u00f3w inwestycyjnych przy Dobrej i Mi\u0142ej przyszed\u0142 czas na kolejne! Na pocz\u0105tek cztery z trzynastu dzia\u0142ek! - Gorz\u00f3w News\" \/>\n<meta property=\"og:description\" content=\"Pomys\u0142 na uzbrojenie teren\u00f3w przy ulicach Dobrej i Mi\u0142ej w Gorzowie i przeznaczenie ich na tereny inwestycyjne zako\u0144czy\u0142 si\u0119 sukcesem. Miasto w\" \/>\n<meta property=\"og:url\" content=\"https:\/\/gorzow.news\/index.php\/2025\/06\/24\/po-sukcesie-terenow-inwestycyjnych-przy-dobrej-i-milej-przyszedl-czas-na-kolejne-na-poczatek-cztery-z-trzynastu-dzialek\/\" \/>\n<meta property=\"og:site_name\" content=\"Gorz\u00f3w News\" \/>\n<meta property=\"article:publisher\" content=\"https:\/\/www.facebook.com\/gorzowskinews\" \/>\n<meta property=\"article:published_time\" content=\"2025-06-24T11:29:29+00:00\" \/>\n<meta property=\"article:modified_time\" content=\"2025-06-24T15:28:18+00:00\" \/>\n<meta property=\"og:image\" content=\"https:\/\/gorzow.news\/wp-content\/uploads\/2025\/06\/dzialki_inwestycyjne_szczecinska1.jpg\" \/>\n\t<meta property=\"og:image:width\" content=\"1337\" \/>\n\t<meta property=\"og:image:height\" content=\"762\" \/>\n\t<meta property=\"og:image:type\" content=\"image\/jpeg\" \/>\n<meta name=\"author\" content=\"maciej\" \/>\n<meta name=\"twitter:card\" content=\"summary_large_image\" \/>\n<meta name=\"twitter:label1\" content=\"Napisane przez\" \/>\n\t<meta name=\"twitter:data1\" content=\"maciej\" \/>\n\t<meta name=\"twitter:label2\" content=\"Szacowany czas czytania\" \/>\n\t<meta name=\"twitter:data2\" content=\"3 minuty\" \/>\n<script type=\"application\/ld+json\" class=\"yoast-schema-graph\">{\"@context\":\"https:\\\/\\\/schema.org\",\"@graph\":[{\"@type\":\"Article\",\"@id\":\"https:\\\/\\\/gorzow.news\\\/index.php\\\/2025\\\/06\\\/24\\\/po-sukcesie-terenow-inwestycyjnych-przy-dobrej-i-milej-przyszedl-czas-na-kolejne-na-poczatek-cztery-z-trzynastu-dzialek\\\/#article\",\"isPartOf\":{\"@id\":\"https:\\\/\\\/gorzow.news\\\/index.php\\\/2025\\\/06\\\/24\\\/po-sukcesie-terenow-inwestycyjnych-przy-dobrej-i-milej-przyszedl-czas-na-kolejne-na-poczatek-cztery-z-trzynastu-dzialek\\\/\"},\"author\":{\"name\":\"maciej\",\"@id\":\"https:\\\/\\\/gorzow.news\\\/#\\\/schema\\\/person\\\/a1e5ab43166369f2ce236a1cd90995bb\"},\"headline\":\"Po sukcesie teren\u00f3w inwestycyjnych przy Dobrej i Mi\u0142ej przyszed\u0142 czas na kolejne! Na pocz\u0105tek cztery z trzynastu dzia\u0142ek!\",\"datePublished\":\"2025-06-24T11:29:29+00:00\",\"dateModified\":\"2025-06-24T15:28:18+00:00\",\"mainEntityOfPage\":{\"@id\":\"https:\\\/\\\/gorzow.news\\\/index.php\\\/2025\\\/06\\\/24\\\/po-sukcesie-terenow-inwestycyjnych-przy-dobrej-i-milej-przyszedl-czas-na-kolejne-na-poczatek-cztery-z-trzynastu-dzialek\\\/\"},\"wordCount\":373,\"commentCount\":1,\"image\":{\"@id\":\"https:\\\/\\\/gorzow.news\\\/index.php\\\/2025\\\/06\\\/24\\\/po-sukcesie-terenow-inwestycyjnych-przy-dobrej-i-milej-przyszedl-czas-na-kolejne-na-poczatek-cztery-z-trzynastu-dzialek\\\/#primaryimage\"},\"thumbnailUrl\":\"https:\\\/\\\/gorzow.news\\\/wp-content\\\/uploads\\\/2025\\\/06\\\/dzialki_inwestycyjne_szczecinska1.jpg\",\"keywords\":[\"Ko\u0142obrzeska\",\"Szczeci\u0144ska\"],\"articleSection\":[\"Dzia\u0142ki inwestycyjne\",\"Wiadomo\u015bci\"],\"inLanguage\":\"pl-PL\",\"potentialAction\":[{\"@type\":\"CommentAction\",\"name\":\"Comment\",\"target\":[\"https:\\\/\\\/gorzow.news\\\/index.php\\\/2025\\\/06\\\/24\\\/po-sukcesie-terenow-inwestycyjnych-przy-dobrej-i-milej-przyszedl-czas-na-kolejne-na-poczatek-cztery-z-trzynastu-dzialek\\\/#respond\"]}]},{\"@type\":\"WebPage\",\"@id\":\"https:\\\/\\\/gorzow.news\\\/index.php\\\/2025\\\/06\\\/24\\\/po-sukcesie-terenow-inwestycyjnych-przy-dobrej-i-milej-przyszedl-czas-na-kolejne-na-poczatek-cztery-z-trzynastu-dzialek\\\/\",\"url\":\"https:\\\/\\\/gorzow.news\\\/index.php\\\/2025\\\/06\\\/24\\\/po-sukcesie-terenow-inwestycyjnych-przy-dobrej-i-milej-przyszedl-czas-na-kolejne-na-poczatek-cztery-z-trzynastu-dzialek\\\/\",\"name\":\"Po sukcesie teren\u00f3w inwestycyjnych przy Dobrej i Mi\u0142ej przyszed\u0142 czas na kolejne! Na pocz\u0105tek cztery z trzynastu dzia\u0142ek! - Gorz\u00f3w News\",\"isPartOf\":{\"@id\":\"https:\\\/\\\/gorzow.news\\\/#website\"},\"primaryImageOfPage\":{\"@id\":\"https:\\\/\\\/gorzow.news\\\/index.php\\\/2025\\\/06\\\/24\\\/po-sukcesie-terenow-inwestycyjnych-przy-dobrej-i-milej-przyszedl-czas-na-kolejne-na-poczatek-cztery-z-trzynastu-dzialek\\\/#primaryimage\"},\"image\":{\"@id\":\"https:\\\/\\\/gorzow.news\\\/index.php\\\/2025\\\/06\\\/24\\\/po-sukcesie-terenow-inwestycyjnych-przy-dobrej-i-milej-przyszedl-czas-na-kolejne-na-poczatek-cztery-z-trzynastu-dzialek\\\/#primaryimage\"},\"thumbnailUrl\":\"https:\\\/\\\/gorzow.news\\\/wp-content\\\/uploads\\\/2025\\\/06\\\/dzialki_inwestycyjne_szczecinska1.jpg\",\"datePublished\":\"2025-06-24T11:29:29+00:00\",\"dateModified\":\"2025-06-24T15:28:18+00:00\",\"author\":{\"@id\":\"https:\\\/\\\/gorzow.news\\\/#\\\/schema\\\/person\\\/a1e5ab43166369f2ce236a1cd90995bb\"},\"description\":\"Pomys\u0142 na uzbrojenie teren\u00f3w przy ulicach Dobrej i Mi\u0142ej w Gorzowie i przeznaczenie ich na tereny inwestycyjne zako\u0144czy\u0142 si\u0119 sukcesem. Miasto w grudniu 2013 roku sprzeda\u0142o w tym miejscu dwie ostatnie dzia\u0142ki. Teraz przyszed\u0142 czas na sprzeda\u017c trzynastu dzia\u0142ek znajduj\u0105cych mi\u0119dzy ul. Szczeci\u0144sk\u0105 i Ko\u0142obrzesk\u0105 z planowanym wjazdem na wysoko\u015bci tego do centrum dystrybucyjnego Biedronki. Dzia\u0142ki w tym momencie nie s\u0105 uzbrojone. Przetarg na sprzeda\u017c pierwszych czterech dzia\u0142ek zaplanowany jest na ten czwartek, tj. 26 czerwca 2025 roku.\",\"breadcrumb\":{\"@id\":\"https:\\\/\\\/gorzow.news\\\/index.php\\\/2025\\\/06\\\/24\\\/po-sukcesie-terenow-inwestycyjnych-przy-dobrej-i-milej-przyszedl-czas-na-kolejne-na-poczatek-cztery-z-trzynastu-dzialek\\\/#breadcrumb\"},\"inLanguage\":\"pl-PL\",\"potentialAction\":[{\"@type\":\"ReadAction\",\"target\":[\"https:\\\/\\\/gorzow.news\\\/index.php\\\/2025\\\/06\\\/24\\\/po-sukcesie-terenow-inwestycyjnych-przy-dobrej-i-milej-przyszedl-czas-na-kolejne-na-poczatek-cztery-z-trzynastu-dzialek\\\/\"]}]},{\"@type\":\"ImageObject\",\"inLanguage\":\"pl-PL\",\"@id\":\"https:\\\/\\\/gorzow.news\\\/index.php\\\/2025\\\/06\\\/24\\\/po-sukcesie-terenow-inwestycyjnych-przy-dobrej-i-milej-przyszedl-czas-na-kolejne-na-poczatek-cztery-z-trzynastu-dzialek\\\/#primaryimage\",\"url\":\"https:\\\/\\\/gorzow.news\\\/wp-content\\\/uploads\\\/2025\\\/06\\\/dzialki_inwestycyjne_szczecinska1.jpg\",\"contentUrl\":\"https:\\\/\\\/gorzow.news\\\/wp-content\\\/uploads\\\/2025\\\/06\\\/dzialki_inwestycyjne_szczecinska1.jpg\",\"width\":1337,\"height\":762,\"caption\":\"Miejski teren pod us\u0142ugi zosta\u0142 podzielony na trzyna\u015bcie dzia\u0142ek. W tym tygodniu Miasto chce sprzeda\u0107 pierwsze cztery.\"},{\"@type\":\"BreadcrumbList\",\"@id\":\"https:\\\/\\\/gorzow.news\\\/index.php\\\/2025\\\/06\\\/24\\\/po-sukcesie-terenow-inwestycyjnych-przy-dobrej-i-milej-przyszedl-czas-na-kolejne-na-poczatek-cztery-z-trzynastu-dzialek\\\/#breadcrumb\",\"itemListElement\":[{\"@type\":\"ListItem\",\"position\":1,\"name\":\"Home\",\"item\":\"https:\\\/\\\/gorzow.news\\\/\"},{\"@type\":\"ListItem\",\"position\":2,\"name\":\"Po sukcesie teren\u00f3w inwestycyjnych przy Dobrej i Mi\u0142ej przyszed\u0142 czas na kolejne! Na pocz\u0105tek cztery z trzynastu dzia\u0142ek!\"}]},{\"@type\":\"WebSite\",\"@id\":\"https:\\\/\\\/gorzow.news\\\/#website\",\"url\":\"https:\\\/\\\/gorzow.news\\\/\",\"name\":\"Gorz\u00f3w News\",\"description\":\"Sp\u00f3jrz inaczej na miato i region...\",\"potentialAction\":[{\"@type\":\"SearchAction\",\"target\":{\"@type\":\"EntryPoint\",\"urlTemplate\":\"https:\\\/\\\/gorzow.news\\\/?s={search_term_string}\"},\"query-input\":{\"@type\":\"PropertyValueSpecification\",\"valueRequired\":true,\"valueName\":\"search_term_string\"}}],\"inLanguage\":\"pl-PL\"},{\"@type\":\"Person\",\"@id\":\"https:\\\/\\\/gorzow.news\\\/#\\\/schema\\\/person\\\/a1e5ab43166369f2ce236a1cd90995bb\",\"name\":\"maciej\",\"image\":{\"@type\":\"ImageObject\",\"inLanguage\":\"pl-PL\",\"@id\":\"https:\\\/\\\/secure.gravatar.com\\\/avatar\\\/530a674d56ba60cfa0ef21d74e8e8d123a51bb7aa6580465b5c2ab2c2e980a19?s=96&r=g&d=https:\\\/\\\/gorzow.news\\\/wp-content\\\/plugins\\\/userswp\\\/assets\\\/images\\\/no_profile.png\",\"url\":\"https:\\\/\\\/secure.gravatar.com\\\/avatar\\\/530a674d56ba60cfa0ef21d74e8e8d123a51bb7aa6580465b5c2ab2c2e980a19?s=96&r=g&d=https:\\\/\\\/gorzow.news\\\/wp-content\\\/plugins\\\/userswp\\\/assets\\\/images\\\/no_profile.png\",\"contentUrl\":\"https:\\\/\\\/secure.gravatar.com\\\/avatar\\\/530a674d56ba60cfa0ef21d74e8e8d123a51bb7aa6580465b5c2ab2c2e980a19?s=96&r=g&d=https:\\\/\\\/gorzow.news\\\/wp-content\\\/plugins\\\/userswp\\\/assets\\\/images\\\/no_profile.png\",\"caption\":\"maciej\"},\"url\":\"https:\\\/\\\/gorzow.news\\\/index.php\\\/profile\\\/maciej\\\/\"}]}<\/script>\n<!-- \/ Yoast SEO plugin. -->","yoast_head_json":{"title":"Po sukcesie teren\u00f3w inwestycyjnych przy Dobrej i Mi\u0142ej przyszed\u0142 czas na kolejne! Na pocz\u0105tek cztery z trzynastu dzia\u0142ek! - Gorz\u00f3w News","description":"Pomys\u0142 na uzbrojenie teren\u00f3w przy ulicach Dobrej i Mi\u0142ej w Gorzowie i przeznaczenie ich na tereny inwestycyjne zako\u0144czy\u0142 si\u0119 sukcesem. Miasto w","robots":{"index":"index","follow":"follow","max-snippet":"max-snippet:-1","max-image-preview":"max-image-preview:large","max-video-preview":"max-video-preview:-1"},"canonical":"https:\/\/gorzow.news\/index.php\/2025\/06\/24\/po-sukcesie-terenow-inwestycyjnych-przy-dobrej-i-milej-przyszedl-czas-na-kolejne-na-poczatek-cztery-z-trzynastu-dzialek\/","og_locale":"pl_PL","og_type":"article","og_title":"Po sukcesie teren\u00f3w inwestycyjnych przy Dobrej i Mi\u0142ej przyszed\u0142 czas na kolejne! Na pocz\u0105tek cztery z trzynastu dzia\u0142ek! - Gorz\u00f3w News","og_description":"Pomys\u0142 na uzbrojenie teren\u00f3w przy ulicach Dobrej i Mi\u0142ej w Gorzowie i przeznaczenie ich na tereny inwestycyjne zako\u0144czy\u0142 si\u0119 sukcesem. Miasto w","og_url":"https:\/\/gorzow.news\/index.php\/2025\/06\/24\/po-sukcesie-terenow-inwestycyjnych-przy-dobrej-i-milej-przyszedl-czas-na-kolejne-na-poczatek-cztery-z-trzynastu-dzialek\/","og_site_name":"Gorz\u00f3w News","article_publisher":"https:\/\/www.facebook.com\/gorzowskinews","article_published_time":"2025-06-24T11:29:29+00:00","article_modified_time":"2025-06-24T15:28:18+00:00","og_image":[{"width":1337,"height":762,"url":"https:\/\/gorzow.news\/wp-content\/uploads\/2025\/06\/dzialki_inwestycyjne_szczecinska1.jpg","type":"image\/jpeg"}],"author":"maciej","twitter_card":"summary_large_image","twitter_misc":{"Napisane przez":"maciej","Szacowany czas czytania":"3 minuty"},"schema":{"@context":"https:\/\/schema.org","@graph":[{"@type":"Article","@id":"https:\/\/gorzow.news\/index.php\/2025\/06\/24\/po-sukcesie-terenow-inwestycyjnych-przy-dobrej-i-milej-przyszedl-czas-na-kolejne-na-poczatek-cztery-z-trzynastu-dzialek\/#article","isPartOf":{"@id":"https:\/\/gorzow.news\/index.php\/2025\/06\/24\/po-sukcesie-terenow-inwestycyjnych-przy-dobrej-i-milej-przyszedl-czas-na-kolejne-na-poczatek-cztery-z-trzynastu-dzialek\/"},"author":{"name":"maciej","@id":"https:\/\/gorzow.news\/#\/schema\/person\/a1e5ab43166369f2ce236a1cd90995bb"},"headline":"Po sukcesie teren\u00f3w inwestycyjnych przy Dobrej i Mi\u0142ej przyszed\u0142 czas na kolejne! Na pocz\u0105tek cztery z trzynastu dzia\u0142ek!","datePublished":"2025-06-24T11:29:29+00:00","dateModified":"2025-06-24T15:28:18+00:00","mainEntityOfPage":{"@id":"https:\/\/gorzow.news\/index.php\/2025\/06\/24\/po-sukcesie-terenow-inwestycyjnych-przy-dobrej-i-milej-przyszedl-czas-na-kolejne-na-poczatek-cztery-z-trzynastu-dzialek\/"},"wordCount":373,"commentCount":1,"image":{"@id":"https:\/\/gorzow.news\/index.php\/2025\/06\/24\/po-sukcesie-terenow-inwestycyjnych-przy-dobrej-i-milej-przyszedl-czas-na-kolejne-na-poczatek-cztery-z-trzynastu-dzialek\/#primaryimage"},"thumbnailUrl":"https:\/\/gorzow.news\/wp-content\/uploads\/2025\/06\/dzialki_inwestycyjne_szczecinska1.jpg","keywords":["Ko\u0142obrzeska","Szczeci\u0144ska"],"articleSection":["Dzia\u0142ki inwestycyjne","Wiadomo\u015bci"],"inLanguage":"pl-PL","potentialAction":[{"@type":"CommentAction","name":"Comment","target":["https:\/\/gorzow.news\/index.php\/2025\/06\/24\/po-sukcesie-terenow-inwestycyjnych-przy-dobrej-i-milej-przyszedl-czas-na-kolejne-na-poczatek-cztery-z-trzynastu-dzialek\/#respond"]}]},{"@type":"WebPage","@id":"https:\/\/gorzow.news\/index.php\/2025\/06\/24\/po-sukcesie-terenow-inwestycyjnych-przy-dobrej-i-milej-przyszedl-czas-na-kolejne-na-poczatek-cztery-z-trzynastu-dzialek\/","url":"https:\/\/gorzow.news\/index.php\/2025\/06\/24\/po-sukcesie-terenow-inwestycyjnych-przy-dobrej-i-milej-przyszedl-czas-na-kolejne-na-poczatek-cztery-z-trzynastu-dzialek\/","name":"Po sukcesie teren\u00f3w inwestycyjnych przy Dobrej i Mi\u0142ej przyszed\u0142 czas na kolejne! Na pocz\u0105tek cztery z trzynastu dzia\u0142ek! - Gorz\u00f3w News","isPartOf":{"@id":"https:\/\/gorzow.news\/#website"},"primaryImageOfPage":{"@id":"https:\/\/gorzow.news\/index.php\/2025\/06\/24\/po-sukcesie-terenow-inwestycyjnych-przy-dobrej-i-milej-przyszedl-czas-na-kolejne-na-poczatek-cztery-z-trzynastu-dzialek\/#primaryimage"},"image":{"@id":"https:\/\/gorzow.news\/index.php\/2025\/06\/24\/po-sukcesie-terenow-inwestycyjnych-przy-dobrej-i-milej-przyszedl-czas-na-kolejne-na-poczatek-cztery-z-trzynastu-dzialek\/#primaryimage"},"thumbnailUrl":"https:\/\/gorzow.news\/wp-content\/uploads\/2025\/06\/dzialki_inwestycyjne_szczecinska1.jpg","datePublished":"2025-06-24T11:29:29+00:00","dateModified":"2025-06-24T15:28:18+00:00","author":{"@id":"https:\/\/gorzow.news\/#\/schema\/person\/a1e5ab43166369f2ce236a1cd90995bb"},"description":"Pomys\u0142 na uzbrojenie teren\u00f3w przy ulicach Dobrej i Mi\u0142ej w Gorzowie i przeznaczenie ich na tereny inwestycyjne zako\u0144czy\u0142 si\u0119 sukcesem. Miasto w grudniu 2013 roku sprzeda\u0142o w tym miejscu dwie ostatnie dzia\u0142ki. Teraz przyszed\u0142 czas na sprzeda\u017c trzynastu dzia\u0142ek znajduj\u0105cych mi\u0119dzy ul. Szczeci\u0144sk\u0105 i Ko\u0142obrzesk\u0105 z planowanym wjazdem na wysoko\u015bci tego do centrum dystrybucyjnego Biedronki. Dzia\u0142ki w tym momencie nie s\u0105 uzbrojone. Przetarg na sprzeda\u017c pierwszych czterech dzia\u0142ek zaplanowany jest na ten czwartek, tj. 26 czerwca 2025 roku.","breadcrumb":{"@id":"https:\/\/gorzow.news\/index.php\/2025\/06\/24\/po-sukcesie-terenow-inwestycyjnych-przy-dobrej-i-milej-przyszedl-czas-na-kolejne-na-poczatek-cztery-z-trzynastu-dzialek\/#breadcrumb"},"inLanguage":"pl-PL","potentialAction":[{"@type":"ReadAction","target":["https:\/\/gorzow.news\/index.php\/2025\/06\/24\/po-sukcesie-terenow-inwestycyjnych-przy-dobrej-i-milej-przyszedl-czas-na-kolejne-na-poczatek-cztery-z-trzynastu-dzialek\/"]}]},{"@type":"ImageObject","inLanguage":"pl-PL","@id":"https:\/\/gorzow.news\/index.php\/2025\/06\/24\/po-sukcesie-terenow-inwestycyjnych-przy-dobrej-i-milej-przyszedl-czas-na-kolejne-na-poczatek-cztery-z-trzynastu-dzialek\/#primaryimage","url":"https:\/\/gorzow.news\/wp-content\/uploads\/2025\/06\/dzialki_inwestycyjne_szczecinska1.jpg","contentUrl":"https:\/\/gorzow.news\/wp-content\/uploads\/2025\/06\/dzialki_inwestycyjne_szczecinska1.jpg","width":1337,"height":762,"caption":"Miejski teren pod us\u0142ugi zosta\u0142 podzielony na trzyna\u015bcie dzia\u0142ek. W tym tygodniu Miasto chce sprzeda\u0107 pierwsze cztery."},{"@type":"BreadcrumbList","@id":"https:\/\/gorzow.news\/index.php\/2025\/06\/24\/po-sukcesie-terenow-inwestycyjnych-przy-dobrej-i-milej-przyszedl-czas-na-kolejne-na-poczatek-cztery-z-trzynastu-dzialek\/#breadcrumb","itemListElement":[{"@type":"ListItem","position":1,"name":"Home","item":"https:\/\/gorzow.news\/"},{"@type":"ListItem","position":2,"name":"Po sukcesie teren\u00f3w inwestycyjnych przy Dobrej i Mi\u0142ej przyszed\u0142 czas na kolejne! Na pocz\u0105tek cztery z trzynastu dzia\u0142ek!"}]},{"@type":"WebSite","@id":"https:\/\/gorzow.news\/#website","url":"https:\/\/gorzow.news\/","name":"Gorz\u00f3w News","description":"Sp\u00f3jrz inaczej na miato i region...","potentialAction":[{"@type":"SearchAction","target":{"@type":"EntryPoint","urlTemplate":"https:\/\/gorzow.news\/?s={search_term_string}"},"query-input":{"@type":"PropertyValueSpecification","valueRequired":true,"valueName":"search_term_string"}}],"inLanguage":"pl-PL"},{"@type":"Person","@id":"https:\/\/gorzow.news\/#\/schema\/person\/a1e5ab43166369f2ce236a1cd90995bb","name":"maciej","image":{"@type":"ImageObject","inLanguage":"pl-PL","@id":"https:\/\/secure.gravatar.com\/avatar\/530a674d56ba60cfa0ef21d74e8e8d123a51bb7aa6580465b5c2ab2c2e980a19?s=96&r=g&d=https:\/\/gorzow.news\/wp-content\/plugins\/userswp\/assets\/images\/no_profile.png","url":"https:\/\/secure.gravatar.com\/avatar\/530a674d56ba60cfa0ef21d74e8e8d123a51bb7aa6580465b5c2ab2c2e980a19?s=96&r=g&d=https:\/\/gorzow.news\/wp-content\/plugins\/userswp\/assets\/images\/no_profile.png","contentUrl":"https:\/\/secure.gravatar.com\/avatar\/530a674d56ba60cfa0ef21d74e8e8d123a51bb7aa6580465b5c2ab2c2e980a19?s=96&r=g&d=https:\/\/gorzow.news\/wp-content\/plugins\/userswp\/assets\/images\/no_profile.png","caption":"maciej"},"url":"https:\/\/gorzow.news\/index.php\/profile\/maciej\/"}]}},"_links":{"self":[{"href":"https:\/\/gorzow.news\/index.php\/wp-json\/wp\/v2\/posts\/32902","targetHints":{"allow":["GET"]}}],"collection":[{"href":"https:\/\/gorzow.news\/index.php\/wp-json\/wp\/v2\/posts"}],"about":[{"href":"https:\/\/gorzow.news\/index.php\/wp-json\/wp\/v2\/types\/post"}],"author":[{"embeddable":true,"href":"https:\/\/gorzow.news\/index.php\/wp-json\/wp\/v2\/users\/1"}],"replies":[{"embeddable":true,"href":"https:\/\/gorzow.news\/index.php\/wp-json\/wp\/v2\/comments?post=32902"}],"version-history":[{"count":2,"href":"https:\/\/gorzow.news\/index.php\/wp-json\/wp\/v2\/posts\/32902\/revisions"}],"predecessor-version":[{"id":32921,"href":"https:\/\/gorzow.news\/index.php\/wp-json\/wp\/v2\/posts\/32902\/revisions\/32921"}],"wp:featuredmedia":[{"embeddable":true,"href":"https:\/\/gorzow.news\/index.php\/wp-json\/wp\/v2\/media\/32905"}],"wp:attachment":[{"href":"https:\/\/gorzow.news\/index.php\/wp-json\/wp\/v2\/media?parent=32902"}],"wp:term":[{"taxonomy":"category","embeddable":true,"href":"https:\/\/gorzow.news\/index.php\/wp-json\/wp\/v2\/categories?post=32902"},{"taxonomy":"post_tag","embeddable":true,"href":"https:\/\/gorzow.news\/index.php\/wp-json\/wp\/v2\/tags?post=32902"}],"curies":[{"name":"wp","href":"https:\/\/api.w.org\/{rel}","templated":true}]}}