{"id":3266,"date":"2021-09-13T10:44:02","date_gmt":"2021-09-13T08:44:02","guid":{"rendered":"https:\/\/gorzow.news\/?p=3266"},"modified":"2021-09-13T10:44:05","modified_gmt":"2021-09-13T08:44:05","slug":"zmiana-organizacji-ruchu-na-kombatantow","status":"publish","type":"post","link":"https:\/\/gorzow.news\/index.php\/2021\/09\/13\/zmiana-organizacji-ruchu-na-kombatantow\/","title":{"rendered":"Zmiana organizacji ruchu na Kombatant\u00f3w"},"content":{"rendered":"\n<p><strong>Na przebudowywanym odcinku ul. Kombatant\u00f3w od wjazdu do galerii handlowej Feeria do skrzy\u017cowania z ulic\u0105 Grota \u2013 Roweckiego\/Armii Krajowej, w poniedzia\u0142ek, 13 wrze\u015bnia rozpocznie si\u0119 uk\u0142adanie warstwy \u015bcieralnej.<\/strong><\/p>\n\n\n\n<p>Roboty realizowane b\u0119d\u0105 przy zamkni\u0119ciu ca\u0142ej szeroko\u015bci jezdni i zgodnie z deklaracj\u0105 wykonawcy potrwaj\u0105 3 dni do \u015brody, 15 wrze\u015bnia. W tym czasie nie b\u0119dzie mo\u017cliwo\u015bci wjazdu w ul. Kombatant\u00f3w od strony: ul. Grota \u2013 Roweckiego\/Armii Krajowej; ul. Armii Krajowej i Batalionu Zo\u015bka.<\/p>\n\n\n\n<p>W zwi\u0105zku z zamkni\u0119ciem dla ruchu ul. Kombatant\u00f3w zorganizowane zostan\u0105 objazdy:<\/p>\n\n\n\n<p>Od skrzy\u017cowania ulic Bora-Komorowskiego \u2013 Szarych Szereg\u00f3w \u2013 Kombatant\u00f3w wyznaczony zostanie objazd do ul. G\u00f3rczy\u0144skiej i Okulickiego przez ul. Szarych Szereg\u00f3w.<\/p>\n\n\n\n<p>Dla jad\u0105cych ul. Okulickiego od ronda Niepodleg\u0142o\u015bci, czy ul. Plac Jana Paw\u0142a II wyznaczony zostanie objazd do ulic Armii Krajowej i Szarych Szereg\u00f3w poprzez ul. Okulickiego.<\/p>\n\n\n\n<p>Z trasy objazdu korzysta\u0107 b\u0119d\u0105 r\u00f3wnie\u017c autobusy MZK (dotyczy linii, kt\u00f3re korzysta\u0142y dotychczas z ul. Kombatant\u00f3w 102, 104, 107, 114, 125, 132). Autobusy zatrzymywa\u0107 si\u0119 b\u0119d\u0105 na istniej\u0105cych przystankach na ul. Okulickiego przy \u201eWatralu\u201d oraz na ul. Szarych Szereg\u00f3w.<\/p>\n\n\n\n<p><strong>Przeczytaj tak\u017ce:<\/strong><br>&#8211; <a href=\"https:\/\/gorzow.news\/index.php\/2021\/09\/04\/co-slychac-na-kombatantow-prace-nie-zwalniaja-zdjecia\/\">Co s\u0142ycha\u0107 na Kombatant\u00f3w? Prace nie zwalniaj\u0105 (zdj\u0119cia)<\/a><br>&#8211; <a href=\"https:\/\/gorzow.news\/index.php\/2021\/08\/13\/na-kombatantow-jest-juz-czesciowo-nowy-asfalt-prace-sa-w-polowie-zgodnie-z-planem-zdjecia\/\">Na Kombatant\u00f3w jest ju\u017c cz\u0119\u015bciowo nowy asfalt. Prace s\u0105 w po\u0142owie \u2013 zgodnie z planem! (zdj\u0119cia)<\/a><\/p>\n\n\n\n<figure class=\"wp-block-image size-large\"><img loading=\"lazy\" decoding=\"async\" width=\"1024\" height=\"724\" src=\"https:\/\/gorzow.news\/wp-content\/uploads\/2021\/09\/mapa-2-1024x724.jpg\" alt=\"\" class=\"wp-image-3267\" srcset=\"https:\/\/gorzow.news\/wp-content\/uploads\/2021\/09\/mapa-2-1024x724.jpg 1024w, https:\/\/gorzow.news\/wp-content\/uploads\/2021\/09\/mapa-2-300x212.jpg 300w, https:\/\/gorzow.news\/wp-content\/uploads\/2021\/09\/mapa-2-768x543.jpg 768w, https:\/\/gorzow.news\/wp-content\/uploads\/2021\/09\/mapa-2-1536x1086.jpg 1536w, https:\/\/gorzow.news\/wp-content\/uploads\/2021\/09\/mapa-2-696x492.jpg 696w, https:\/\/gorzow.news\/wp-content\/uploads\/2021\/09\/mapa-2-1068x755.jpg 1068w, https:\/\/gorzow.news\/wp-content\/uploads\/2021\/09\/mapa-2.jpg 1754w\" sizes=\"auto, (max-width: 1024px) 100vw, 1024px\" \/><\/figure>\n","protected":false},"excerpt":{"rendered":"<p>Na przebudowywanym odcinku ul. Kombatant\u00f3w od wjazdu do galerii handlowej Feeria do skrzy\u017cowania z ulic\u0105 Grota \u2013 Roweckiego\/Armii Krajowej, w poniedzia\u0142ek, 13 wrze\u015bnia rozpocznie si\u0119 uk\u0142adanie warstwy \u015bcieralnej.<\/p>\n","protected":false},"author":1,"featured_media":3268,"comment_status":"open","ping_status":"open","sticky":false,"template":"","format":"standard","meta":{"footnotes":"","_links_to":"","_links_to_target":""},"categories":[74,589],"tags":[370],"class_list":{"0":"post-3266","1":"post","2":"type-post","3":"status-publish","4":"format-standard","5":"has-post-thumbnail","7":"category-warto-wiedziec","8":"category-wiadomosci","9":"tag-kombatantow"},"yoast_head":"<!-- This site is optimized with the Yoast SEO plugin v27.3 - https:\/\/yoast.com\/product\/yoast-seo-wordpress\/ -->\n<title>Zmiana organizacji ruchu na Kombatant\u00f3w - Gorz\u00f3w News<\/title>\n<meta name=\"description\" content=\"Na przebudowywanym odcinku ul. Kombatant\u00f3w od wjazdu do galerii handlowej Feeria do skrzy\u017cowania z ulic\u0105 Grota \u2013 Roweckiego\/Armii Krajowej, w pon\" \/>\n<meta name=\"robots\" content=\"index, follow, max-snippet:-1, max-image-preview:large, max-video-preview:-1\" \/>\n<link rel=\"canonical\" href=\"https:\/\/gorzow.news\/index.php\/2021\/09\/13\/zmiana-organizacji-ruchu-na-kombatantow\/\" \/>\n<meta property=\"og:locale\" content=\"pl_PL\" \/>\n<meta property=\"og:type\" content=\"article\" \/>\n<meta property=\"og:title\" content=\"Zmiana organizacji ruchu na Kombatant\u00f3w - Gorz\u00f3w News\" \/>\n<meta property=\"og:description\" content=\"Na przebudowywanym odcinku ul. Kombatant\u00f3w od wjazdu do galerii handlowej Feeria do skrzy\u017cowania z ulic\u0105 Grota \u2013 Roweckiego\/Armii Krajowej, w pon\" \/>\n<meta property=\"og:url\" content=\"https:\/\/gorzow.news\/index.php\/2021\/09\/13\/zmiana-organizacji-ruchu-na-kombatantow\/\" \/>\n<meta property=\"og:site_name\" content=\"Gorz\u00f3w News\" \/>\n<meta property=\"article:publisher\" content=\"https:\/\/www.facebook.com\/gorzowskinews\" \/>\n<meta property=\"article:published_time\" content=\"2021-09-13T08:44:02+00:00\" \/>\n<meta property=\"article:modified_time\" content=\"2021-09-13T08:44:05+00:00\" \/>\n<meta property=\"og:image\" content=\"https:\/\/gorzow.news\/wp-content\/uploads\/2021\/09\/IMG_20210831_164537-1-scaled.jpg\" \/>\n\t<meta property=\"og:image:width\" content=\"2560\" \/>\n\t<meta property=\"og:image:height\" content=\"1211\" \/>\n\t<meta property=\"og:image:type\" content=\"image\/jpeg\" \/>\n<meta name=\"author\" content=\"maciej\" \/>\n<meta name=\"twitter:card\" content=\"summary_large_image\" \/>\n<meta name=\"twitter:label1\" content=\"Napisane przez\" \/>\n\t<meta name=\"twitter:data1\" content=\"maciej\" \/>\n\t<meta name=\"twitter:label2\" content=\"Szacowany czas czytania\" \/>\n\t<meta name=\"twitter:data2\" content=\"2 minuty\" \/>\n<script type=\"application\/ld+json\" class=\"yoast-schema-graph\">{\"@context\":\"https:\\\/\\\/schema.org\",\"@graph\":[{\"@type\":\"Article\",\"@id\":\"https:\\\/\\\/gorzow.news\\\/index.php\\\/2021\\\/09\\\/13\\\/zmiana-organizacji-ruchu-na-kombatantow\\\/#article\",\"isPartOf\":{\"@id\":\"https:\\\/\\\/gorzow.news\\\/index.php\\\/2021\\\/09\\\/13\\\/zmiana-organizacji-ruchu-na-kombatantow\\\/\"},\"author\":{\"name\":\"maciej\",\"@id\":\"https:\\\/\\\/gorzow.news\\\/#\\\/schema\\\/person\\\/a1e5ab43166369f2ce236a1cd90995bb\"},\"headline\":\"Zmiana organizacji ruchu na Kombatant\u00f3w\",\"datePublished\":\"2021-09-13T08:44:02+00:00\",\"dateModified\":\"2021-09-13T08:44:05+00:00\",\"mainEntityOfPage\":{\"@id\":\"https:\\\/\\\/gorzow.news\\\/index.php\\\/2021\\\/09\\\/13\\\/zmiana-organizacji-ruchu-na-kombatantow\\\/\"},\"wordCount\":235,\"commentCount\":0,\"image\":{\"@id\":\"https:\\\/\\\/gorzow.news\\\/index.php\\\/2021\\\/09\\\/13\\\/zmiana-organizacji-ruchu-na-kombatantow\\\/#primaryimage\"},\"thumbnailUrl\":\"https:\\\/\\\/gorzow.news\\\/wp-content\\\/uploads\\\/2021\\\/09\\\/IMG_20210831_164537-1-scaled.jpg\",\"keywords\":[\"Kombatant\u00f3w\"],\"articleSection\":[\"Warto wiedzie\u0107\",\"Wiadomo\u015bci\"],\"inLanguage\":\"pl-PL\",\"potentialAction\":[{\"@type\":\"CommentAction\",\"name\":\"Comment\",\"target\":[\"https:\\\/\\\/gorzow.news\\\/index.php\\\/2021\\\/09\\\/13\\\/zmiana-organizacji-ruchu-na-kombatantow\\\/#respond\"]}]},{\"@type\":\"WebPage\",\"@id\":\"https:\\\/\\\/gorzow.news\\\/index.php\\\/2021\\\/09\\\/13\\\/zmiana-organizacji-ruchu-na-kombatantow\\\/\",\"url\":\"https:\\\/\\\/gorzow.news\\\/index.php\\\/2021\\\/09\\\/13\\\/zmiana-organizacji-ruchu-na-kombatantow\\\/\",\"name\":\"Zmiana organizacji ruchu na Kombatant\u00f3w - Gorz\u00f3w News\",\"isPartOf\":{\"@id\":\"https:\\\/\\\/gorzow.news\\\/#website\"},\"primaryImageOfPage\":{\"@id\":\"https:\\\/\\\/gorzow.news\\\/index.php\\\/2021\\\/09\\\/13\\\/zmiana-organizacji-ruchu-na-kombatantow\\\/#primaryimage\"},\"image\":{\"@id\":\"https:\\\/\\\/gorzow.news\\\/index.php\\\/2021\\\/09\\\/13\\\/zmiana-organizacji-ruchu-na-kombatantow\\\/#primaryimage\"},\"thumbnailUrl\":\"https:\\\/\\\/gorzow.news\\\/wp-content\\\/uploads\\\/2021\\\/09\\\/IMG_20210831_164537-1-scaled.jpg\",\"datePublished\":\"2021-09-13T08:44:02+00:00\",\"dateModified\":\"2021-09-13T08:44:05+00:00\",\"author\":{\"@id\":\"https:\\\/\\\/gorzow.news\\\/#\\\/schema\\\/person\\\/a1e5ab43166369f2ce236a1cd90995bb\"},\"description\":\"Na przebudowywanym odcinku ul. Kombatant\u00f3w od wjazdu do galerii handlowej Feeria do skrzy\u017cowania z ulic\u0105 Grota \u2013 Roweckiego\\\/Armii Krajowej, w poniedzia\u0142ek, 13 wrze\u015bnia rozpocznie si\u0119 uk\u0142adanie warstwy \u015bcieralnej.\",\"breadcrumb\":{\"@id\":\"https:\\\/\\\/gorzow.news\\\/index.php\\\/2021\\\/09\\\/13\\\/zmiana-organizacji-ruchu-na-kombatantow\\\/#breadcrumb\"},\"inLanguage\":\"pl-PL\",\"potentialAction\":[{\"@type\":\"ReadAction\",\"target\":[\"https:\\\/\\\/gorzow.news\\\/index.php\\\/2021\\\/09\\\/13\\\/zmiana-organizacji-ruchu-na-kombatantow\\\/\"]}]},{\"@type\":\"ImageObject\",\"inLanguage\":\"pl-PL\",\"@id\":\"https:\\\/\\\/gorzow.news\\\/index.php\\\/2021\\\/09\\\/13\\\/zmiana-organizacji-ruchu-na-kombatantow\\\/#primaryimage\",\"url\":\"https:\\\/\\\/gorzow.news\\\/wp-content\\\/uploads\\\/2021\\\/09\\\/IMG_20210831_164537-1-scaled.jpg\",\"contentUrl\":\"https:\\\/\\\/gorzow.news\\\/wp-content\\\/uploads\\\/2021\\\/09\\\/IMG_20210831_164537-1-scaled.jpg\",\"width\":2560,\"height\":1211},{\"@type\":\"BreadcrumbList\",\"@id\":\"https:\\\/\\\/gorzow.news\\\/index.php\\\/2021\\\/09\\\/13\\\/zmiana-organizacji-ruchu-na-kombatantow\\\/#breadcrumb\",\"itemListElement\":[{\"@type\":\"ListItem\",\"position\":1,\"name\":\"Home\",\"item\":\"https:\\\/\\\/gorzow.news\\\/\"},{\"@type\":\"ListItem\",\"position\":2,\"name\":\"Zmiana organizacji ruchu na Kombatant\u00f3w\"}]},{\"@type\":\"WebSite\",\"@id\":\"https:\\\/\\\/gorzow.news\\\/#website\",\"url\":\"https:\\\/\\\/gorzow.news\\\/\",\"name\":\"Gorz\u00f3w News\",\"description\":\"Sp\u00f3jrz inaczej na miato i region...\",\"potentialAction\":[{\"@type\":\"SearchAction\",\"target\":{\"@type\":\"EntryPoint\",\"urlTemplate\":\"https:\\\/\\\/gorzow.news\\\/?s={search_term_string}\"},\"query-input\":{\"@type\":\"PropertyValueSpecification\",\"valueRequired\":true,\"valueName\":\"search_term_string\"}}],\"inLanguage\":\"pl-PL\"},{\"@type\":\"Person\",\"@id\":\"https:\\\/\\\/gorzow.news\\\/#\\\/schema\\\/person\\\/a1e5ab43166369f2ce236a1cd90995bb\",\"name\":\"maciej\",\"image\":{\"@type\":\"ImageObject\",\"inLanguage\":\"pl-PL\",\"@id\":\"https:\\\/\\\/secure.gravatar.com\\\/avatar\\\/530a674d56ba60cfa0ef21d74e8e8d123a51bb7aa6580465b5c2ab2c2e980a19?s=96&r=g&d=https:\\\/\\\/gorzow.news\\\/wp-content\\\/plugins\\\/userswp\\\/assets\\\/images\\\/no_profile.png\",\"url\":\"https:\\\/\\\/secure.gravatar.com\\\/avatar\\\/530a674d56ba60cfa0ef21d74e8e8d123a51bb7aa6580465b5c2ab2c2e980a19?s=96&r=g&d=https:\\\/\\\/gorzow.news\\\/wp-content\\\/plugins\\\/userswp\\\/assets\\\/images\\\/no_profile.png\",\"contentUrl\":\"https:\\\/\\\/secure.gravatar.com\\\/avatar\\\/530a674d56ba60cfa0ef21d74e8e8d123a51bb7aa6580465b5c2ab2c2e980a19?s=96&r=g&d=https:\\\/\\\/gorzow.news\\\/wp-content\\\/plugins\\\/userswp\\\/assets\\\/images\\\/no_profile.png\",\"caption\":\"maciej\"},\"url\":\"https:\\\/\\\/gorzow.news\\\/index.php\\\/profile\\\/maciej\\\/\"}]}<\/script>\n<!-- \/ Yoast SEO plugin. -->","yoast_head_json":{"title":"Zmiana organizacji ruchu na Kombatant\u00f3w - Gorz\u00f3w News","description":"Na przebudowywanym odcinku ul. Kombatant\u00f3w od wjazdu do galerii handlowej Feeria do skrzy\u017cowania z ulic\u0105 Grota \u2013 Roweckiego\/Armii Krajowej, w pon","robots":{"index":"index","follow":"follow","max-snippet":"max-snippet:-1","max-image-preview":"max-image-preview:large","max-video-preview":"max-video-preview:-1"},"canonical":"https:\/\/gorzow.news\/index.php\/2021\/09\/13\/zmiana-organizacji-ruchu-na-kombatantow\/","og_locale":"pl_PL","og_type":"article","og_title":"Zmiana organizacji ruchu na Kombatant\u00f3w - Gorz\u00f3w News","og_description":"Na przebudowywanym odcinku ul. Kombatant\u00f3w od wjazdu do galerii handlowej Feeria do skrzy\u017cowania z ulic\u0105 Grota \u2013 Roweckiego\/Armii Krajowej, w pon","og_url":"https:\/\/gorzow.news\/index.php\/2021\/09\/13\/zmiana-organizacji-ruchu-na-kombatantow\/","og_site_name":"Gorz\u00f3w News","article_publisher":"https:\/\/www.facebook.com\/gorzowskinews","article_published_time":"2021-09-13T08:44:02+00:00","article_modified_time":"2021-09-13T08:44:05+00:00","og_image":[{"width":2560,"height":1211,"url":"https:\/\/gorzow.news\/wp-content\/uploads\/2021\/09\/IMG_20210831_164537-1-scaled.jpg","type":"image\/jpeg"}],"author":"maciej","twitter_card":"summary_large_image","twitter_misc":{"Napisane przez":"maciej","Szacowany czas czytania":"2 minuty"},"schema":{"@context":"https:\/\/schema.org","@graph":[{"@type":"Article","@id":"https:\/\/gorzow.news\/index.php\/2021\/09\/13\/zmiana-organizacji-ruchu-na-kombatantow\/#article","isPartOf":{"@id":"https:\/\/gorzow.news\/index.php\/2021\/09\/13\/zmiana-organizacji-ruchu-na-kombatantow\/"},"author":{"name":"maciej","@id":"https:\/\/gorzow.news\/#\/schema\/person\/a1e5ab43166369f2ce236a1cd90995bb"},"headline":"Zmiana organizacji ruchu na Kombatant\u00f3w","datePublished":"2021-09-13T08:44:02+00:00","dateModified":"2021-09-13T08:44:05+00:00","mainEntityOfPage":{"@id":"https:\/\/gorzow.news\/index.php\/2021\/09\/13\/zmiana-organizacji-ruchu-na-kombatantow\/"},"wordCount":235,"commentCount":0,"image":{"@id":"https:\/\/gorzow.news\/index.php\/2021\/09\/13\/zmiana-organizacji-ruchu-na-kombatantow\/#primaryimage"},"thumbnailUrl":"https:\/\/gorzow.news\/wp-content\/uploads\/2021\/09\/IMG_20210831_164537-1-scaled.jpg","keywords":["Kombatant\u00f3w"],"articleSection":["Warto wiedzie\u0107","Wiadomo\u015bci"],"inLanguage":"pl-PL","potentialAction":[{"@type":"CommentAction","name":"Comment","target":["https:\/\/gorzow.news\/index.php\/2021\/09\/13\/zmiana-organizacji-ruchu-na-kombatantow\/#respond"]}]},{"@type":"WebPage","@id":"https:\/\/gorzow.news\/index.php\/2021\/09\/13\/zmiana-organizacji-ruchu-na-kombatantow\/","url":"https:\/\/gorzow.news\/index.php\/2021\/09\/13\/zmiana-organizacji-ruchu-na-kombatantow\/","name":"Zmiana organizacji ruchu na Kombatant\u00f3w - Gorz\u00f3w News","isPartOf":{"@id":"https:\/\/gorzow.news\/#website"},"primaryImageOfPage":{"@id":"https:\/\/gorzow.news\/index.php\/2021\/09\/13\/zmiana-organizacji-ruchu-na-kombatantow\/#primaryimage"},"image":{"@id":"https:\/\/gorzow.news\/index.php\/2021\/09\/13\/zmiana-organizacji-ruchu-na-kombatantow\/#primaryimage"},"thumbnailUrl":"https:\/\/gorzow.news\/wp-content\/uploads\/2021\/09\/IMG_20210831_164537-1-scaled.jpg","datePublished":"2021-09-13T08:44:02+00:00","dateModified":"2021-09-13T08:44:05+00:00","author":{"@id":"https:\/\/gorzow.news\/#\/schema\/person\/a1e5ab43166369f2ce236a1cd90995bb"},"description":"Na przebudowywanym odcinku ul. Kombatant\u00f3w od wjazdu do galerii handlowej Feeria do skrzy\u017cowania z ulic\u0105 Grota \u2013 Roweckiego\/Armii Krajowej, w poniedzia\u0142ek, 13 wrze\u015bnia rozpocznie si\u0119 uk\u0142adanie warstwy \u015bcieralnej.","breadcrumb":{"@id":"https:\/\/gorzow.news\/index.php\/2021\/09\/13\/zmiana-organizacji-ruchu-na-kombatantow\/#breadcrumb"},"inLanguage":"pl-PL","potentialAction":[{"@type":"ReadAction","target":["https:\/\/gorzow.news\/index.php\/2021\/09\/13\/zmiana-organizacji-ruchu-na-kombatantow\/"]}]},{"@type":"ImageObject","inLanguage":"pl-PL","@id":"https:\/\/gorzow.news\/index.php\/2021\/09\/13\/zmiana-organizacji-ruchu-na-kombatantow\/#primaryimage","url":"https:\/\/gorzow.news\/wp-content\/uploads\/2021\/09\/IMG_20210831_164537-1-scaled.jpg","contentUrl":"https:\/\/gorzow.news\/wp-content\/uploads\/2021\/09\/IMG_20210831_164537-1-scaled.jpg","width":2560,"height":1211},{"@type":"BreadcrumbList","@id":"https:\/\/gorzow.news\/index.php\/2021\/09\/13\/zmiana-organizacji-ruchu-na-kombatantow\/#breadcrumb","itemListElement":[{"@type":"ListItem","position":1,"name":"Home","item":"https:\/\/gorzow.news\/"},{"@type":"ListItem","position":2,"name":"Zmiana organizacji ruchu na Kombatant\u00f3w"}]},{"@type":"WebSite","@id":"https:\/\/gorzow.news\/#website","url":"https:\/\/gorzow.news\/","name":"Gorz\u00f3w News","description":"Sp\u00f3jrz inaczej na miato i region...","potentialAction":[{"@type":"SearchAction","target":{"@type":"EntryPoint","urlTemplate":"https:\/\/gorzow.news\/?s={search_term_string}"},"query-input":{"@type":"PropertyValueSpecification","valueRequired":true,"valueName":"search_term_string"}}],"inLanguage":"pl-PL"},{"@type":"Person","@id":"https:\/\/gorzow.news\/#\/schema\/person\/a1e5ab43166369f2ce236a1cd90995bb","name":"maciej","image":{"@type":"ImageObject","inLanguage":"pl-PL","@id":"https:\/\/secure.gravatar.com\/avatar\/530a674d56ba60cfa0ef21d74e8e8d123a51bb7aa6580465b5c2ab2c2e980a19?s=96&r=g&d=https:\/\/gorzow.news\/wp-content\/plugins\/userswp\/assets\/images\/no_profile.png","url":"https:\/\/secure.gravatar.com\/avatar\/530a674d56ba60cfa0ef21d74e8e8d123a51bb7aa6580465b5c2ab2c2e980a19?s=96&r=g&d=https:\/\/gorzow.news\/wp-content\/plugins\/userswp\/assets\/images\/no_profile.png","contentUrl":"https:\/\/secure.gravatar.com\/avatar\/530a674d56ba60cfa0ef21d74e8e8d123a51bb7aa6580465b5c2ab2c2e980a19?s=96&r=g&d=https:\/\/gorzow.news\/wp-content\/plugins\/userswp\/assets\/images\/no_profile.png","caption":"maciej"},"url":"https:\/\/gorzow.news\/index.php\/profile\/maciej\/"}]}},"_links":{"self":[{"href":"https:\/\/gorzow.news\/index.php\/wp-json\/wp\/v2\/posts\/3266","targetHints":{"allow":["GET"]}}],"collection":[{"href":"https:\/\/gorzow.news\/index.php\/wp-json\/wp\/v2\/posts"}],"about":[{"href":"https:\/\/gorzow.news\/index.php\/wp-json\/wp\/v2\/types\/post"}],"author":[{"embeddable":true,"href":"https:\/\/gorzow.news\/index.php\/wp-json\/wp\/v2\/users\/1"}],"replies":[{"embeddable":true,"href":"https:\/\/gorzow.news\/index.php\/wp-json\/wp\/v2\/comments?post=3266"}],"version-history":[{"count":0,"href":"https:\/\/gorzow.news\/index.php\/wp-json\/wp\/v2\/posts\/3266\/revisions"}],"wp:featuredmedia":[{"embeddable":true,"href":"https:\/\/gorzow.news\/index.php\/wp-json\/wp\/v2\/media\/3268"}],"wp:attachment":[{"href":"https:\/\/gorzow.news\/index.php\/wp-json\/wp\/v2\/media?parent=3266"}],"wp:term":[{"taxonomy":"category","embeddable":true,"href":"https:\/\/gorzow.news\/index.php\/wp-json\/wp\/v2\/categories?post=3266"},{"taxonomy":"post_tag","embeddable":true,"href":"https:\/\/gorzow.news\/index.php\/wp-json\/wp\/v2\/tags?post=3266"}],"curies":[{"name":"wp","href":"https:\/\/api.w.org\/{rel}","templated":true}]}}