{"id":32091,"date":"2025-05-23T10:08:16","date_gmt":"2025-05-23T08:08:16","guid":{"rendered":"https:\/\/gorzow.news\/?p=32091"},"modified":"2025-05-23T10:09:44","modified_gmt":"2025-05-23T08:09:44","slug":"dwa-odcinki-szczecinskiej-wreszcie-beda-bez-dziur-miasto-oglosilo-przetarg-i-szuka-wykonawcy","status":"publish","type":"post","link":"https:\/\/gorzow.news\/index.php\/2025\/05\/23\/dwa-odcinki-szczecinskiej-wreszcie-beda-bez-dziur-miasto-oglosilo-przetarg-i-szuka-wykonawcy\/","title":{"rendered":"Dwa odcinki Szczeci\u0144skiej wreszcie b\u0119d\u0105 bez dziur! Miasto og\u0142osi\u0142o przetarg i szuka wykonawcy"},"content":{"rendered":"\n<p><strong>Ka\u017cdy kto je\u017adzi na trasie Gorz\u00f3w &#8211; Baczyna wie jak dziurawy jest ostatni odcinek drogi jeszcze w granicach Gorzowa. Za chwil\u0119 wreszcie to ma si\u0119 zmieni\u0107. Miasto og\u0142osi\u0142o przetarg i szuka wykonawcy przebudowy dziurawej drogi na wysoko\u015bci strefy ekonomicznej.<\/strong><\/p>\n\n\n\n<p>Przedmiotem zam\u00f3wienia jest przebudowa drogi wojew\u00f3dzkiej nr 130: ul. Szczeci\u0144ska na odcinku o \u0142\u0105cznej d\u0142ugo\u015bci oko\u0142o 562 m w km 26+309 do 26+454 oraz 26+714 do 27+131. Obj\u0119te inwestycj\u0105 odcinki drogi obecnie posiadaj\u0105 nawierzchni\u0119 bitumiczn\u0105. Przedmiotowa nawierzchnia posiada sp\u0119kania, ubytki oraz wyremontowane wyboje. Prace budowlane zwi\u0105zane z przebudow\u0105 b\u0119d\u0105 prowadzone po istniej\u0105cym \u015bladzie jezdni.<\/p>\n\n\n\n<figure class=\"wp-block-image size-large\"><a href=\"https:\/\/gorzow.news\/wp-content\/uploads\/2025\/05\/szczecinska-od1.jpg\" target=\"_blank\" rel=\" noreferrer noopener\"><img loading=\"lazy\" decoding=\"async\" width=\"1024\" height=\"785\" src=\"https:\/\/gorzow.news\/wp-content\/uploads\/2025\/05\/szczecinska-od1-1024x785.jpg\" alt=\"\" class=\"wp-image-32092\" srcset=\"https:\/\/gorzow.news\/wp-content\/uploads\/2025\/05\/szczecinska-od1-1024x785.jpg 1024w, https:\/\/gorzow.news\/wp-content\/uploads\/2025\/05\/szczecinska-od1-300x230.jpg 300w, https:\/\/gorzow.news\/wp-content\/uploads\/2025\/05\/szczecinska-od1-768x589.jpg 768w, https:\/\/gorzow.news\/wp-content\/uploads\/2025\/05\/szczecinska-od1-696x534.jpg 696w, https:\/\/gorzow.news\/wp-content\/uploads\/2025\/05\/szczecinska-od1-1068x819.jpg 1068w, https:\/\/gorzow.news\/wp-content\/uploads\/2025\/05\/szczecinska-od1.jpg 1472w\" sizes=\"auto, (max-width: 1024px) 100vw, 1024px\" \/><\/a><\/figure>\n\n\n\n<figure class=\"wp-block-image size-large\"><a href=\"https:\/\/gorzow.news\/wp-content\/uploads\/2025\/05\/szczecinska-od2-scaled.jpg\" target=\"_blank\" rel=\" noreferrer noopener\"><img loading=\"lazy\" decoding=\"async\" width=\"1024\" height=\"318\" src=\"https:\/\/gorzow.news\/wp-content\/uploads\/2025\/05\/szczecinska-od2-1024x318.jpg\" alt=\"\" class=\"wp-image-32093\" srcset=\"https:\/\/gorzow.news\/wp-content\/uploads\/2025\/05\/szczecinska-od2-1024x318.jpg 1024w, https:\/\/gorzow.news\/wp-content\/uploads\/2025\/05\/szczecinska-od2-300x93.jpg 300w, https:\/\/gorzow.news\/wp-content\/uploads\/2025\/05\/szczecinska-od2-768x238.jpg 768w, https:\/\/gorzow.news\/wp-content\/uploads\/2025\/05\/szczecinska-od2-1536x476.jpg 1536w, https:\/\/gorzow.news\/wp-content\/uploads\/2025\/05\/szczecinska-od2-2048x635.jpg 2048w, https:\/\/gorzow.news\/wp-content\/uploads\/2025\/05\/szczecinska-od2-696x216.jpg 696w, https:\/\/gorzow.news\/wp-content\/uploads\/2025\/05\/szczecinska-od2-1068x331.jpg 1068w, https:\/\/gorzow.news\/wp-content\/uploads\/2025\/05\/szczecinska-od2-1920x595.jpg 1920w\" sizes=\"auto, (max-width: 1024px) 100vw, 1024px\" \/><\/a><\/figure>\n\n\n\n<p>Zakres prac przewiduje sfrezowanie istniej\u0105cych zdegradowanych warstw i wykonanie nowych: \u015bcieralnej o gr. 4 cm z mieszanki SMA 11 S oraz wi\u0105\u017c\u0105cej o gr 8 cm z AC 16 W po wzmocnieniu istniej\u0105cej podbudowy z kruszywa \u0142amanego wraz z odtworzeniem oznakowania poziomego.<\/p>\n\n\n\n<p>W ramach prac przewidziana jest r\u00f3wnie\u017c korekta przebiegu \u015bcie\u017cki rowerowej na jej pocz\u0105tkowym odcinku. Zakres prac zosta\u0142 wskazany na planie sytuacyjnym oraz na przekrojach poprzecznych.<\/p>\n\n\n\n<p>Na zg\u0142oszenia firm urz\u0119dnicy czekaj\u0105 do 5 czerwca 2025 r. do godz. 9:00. Wykonawca b\u0119dzie mia\u0142 trzy miesi\u0105ce od momentu podpisania umowy na realizacj\u0119 zadania.<\/p>\n","protected":false},"excerpt":{"rendered":"<p>Ka\u017cdy kto je\u017adzi na trasie Gorz\u00f3w &#8211; Baczyna wie jak dziurawy jest ostatni odcinek drogi jeszcze w granicach Gorzowa. Za chwil\u0119 wreszcie to ma si\u0119 zmieni\u0107. Miasto og\u0142osi\u0142o przetarg i szuka wykonawcy przebudowy dziurawej drogi na wysoko\u015bci strefy ekonomicznej. Przedmiotem zam\u00f3wienia jest przebudowa drogi wojew\u00f3dzkiej nr 130: ul. Szczeci\u0144ska na odcinku o \u0142\u0105cznej d\u0142ugo\u015bci oko\u0142o [&hellip;]<\/p>\n","protected":false},"author":1,"featured_media":32095,"comment_status":"open","ping_status":"open","sticky":false,"template":"","format":"standard","meta":{"footnotes":"","_links_to":"","_links_to_target":""},"categories":[594,589],"tags":[124],"class_list":{"0":"post-32091","1":"post","2":"type-post","3":"status-publish","4":"format-standard","5":"has-post-thumbnail","7":"category-info-ulice","8":"category-wiadomosci","9":"tag-szczecinska"},"yoast_head":"<!-- This site is optimized with the Yoast SEO plugin v27.3 - https:\/\/yoast.com\/product\/yoast-seo-wordpress\/ -->\n<title>Dwa odcinki Szczeci\u0144skiej wreszcie b\u0119d\u0105 bez dziur! Miasto og\u0142osi\u0142o przetarg i szuka wykonawcy - Gorz\u00f3w News<\/title>\n<meta name=\"description\" content=\"Ka\u017cdy kto je\u017adzi na trasie Gorz\u00f3w - Baczyna wie jak dziurawy jest ostatni odcinek drogi jeszcze w granicach Gorzowa. Za chwil\u0119 wreszcie to ma si\u0119\" \/>\n<meta name=\"robots\" content=\"index, follow, max-snippet:-1, max-image-preview:large, max-video-preview:-1\" \/>\n<link rel=\"canonical\" href=\"https:\/\/gorzow.news\/index.php\/2025\/05\/23\/dwa-odcinki-szczecinskiej-wreszcie-beda-bez-dziur-miasto-oglosilo-przetarg-i-szuka-wykonawcy\/\" \/>\n<meta property=\"og:locale\" content=\"pl_PL\" \/>\n<meta property=\"og:type\" content=\"article\" \/>\n<meta property=\"og:title\" content=\"Dwa odcinki Szczeci\u0144skiej wreszcie b\u0119d\u0105 bez dziur! Miasto og\u0142osi\u0142o przetarg i szuka wykonawcy - Gorz\u00f3w News\" \/>\n<meta property=\"og:description\" content=\"Ka\u017cdy kto je\u017adzi na trasie Gorz\u00f3w - Baczyna wie jak dziurawy jest ostatni odcinek drogi jeszcze w granicach Gorzowa. Za chwil\u0119 wreszcie to ma si\u0119\" \/>\n<meta property=\"og:url\" content=\"https:\/\/gorzow.news\/index.php\/2025\/05\/23\/dwa-odcinki-szczecinskiej-wreszcie-beda-bez-dziur-miasto-oglosilo-przetarg-i-szuka-wykonawcy\/\" \/>\n<meta property=\"og:site_name\" content=\"Gorz\u00f3w News\" \/>\n<meta property=\"article:publisher\" content=\"https:\/\/www.facebook.com\/gorzowskinews\" \/>\n<meta property=\"article:published_time\" content=\"2025-05-23T08:08:16+00:00\" \/>\n<meta property=\"article:modified_time\" content=\"2025-05-23T08:09:44+00:00\" \/>\n<meta property=\"og:image\" content=\"https:\/\/gorzow.news\/wp-content\/uploads\/2025\/05\/szczecinska-dz.jpg\" \/>\n\t<meta property=\"og:image:width\" content=\"1373\" \/>\n\t<meta property=\"og:image:height\" content=\"798\" \/>\n\t<meta property=\"og:image:type\" content=\"image\/jpeg\" \/>\n<meta name=\"author\" content=\"maciej\" \/>\n<meta name=\"twitter:card\" content=\"summary_large_image\" \/>\n<meta name=\"twitter:label1\" content=\"Napisane przez\" \/>\n\t<meta name=\"twitter:data1\" content=\"maciej\" \/>\n\t<meta name=\"twitter:label2\" content=\"Szacowany czas czytania\" \/>\n\t<meta name=\"twitter:data2\" content=\"2 minuty\" \/>\n<script type=\"application\/ld+json\" class=\"yoast-schema-graph\">{\"@context\":\"https:\\\/\\\/schema.org\",\"@graph\":[{\"@type\":\"Article\",\"@id\":\"https:\\\/\\\/gorzow.news\\\/index.php\\\/2025\\\/05\\\/23\\\/dwa-odcinki-szczecinskiej-wreszcie-beda-bez-dziur-miasto-oglosilo-przetarg-i-szuka-wykonawcy\\\/#article\",\"isPartOf\":{\"@id\":\"https:\\\/\\\/gorzow.news\\\/index.php\\\/2025\\\/05\\\/23\\\/dwa-odcinki-szczecinskiej-wreszcie-beda-bez-dziur-miasto-oglosilo-przetarg-i-szuka-wykonawcy\\\/\"},\"author\":{\"name\":\"maciej\",\"@id\":\"https:\\\/\\\/gorzow.news\\\/#\\\/schema\\\/person\\\/a1e5ab43166369f2ce236a1cd90995bb\"},\"headline\":\"Dwa odcinki Szczeci\u0144skiej wreszcie b\u0119d\u0105 bez dziur! Miasto og\u0142osi\u0142o przetarg i szuka wykonawcy\",\"datePublished\":\"2025-05-23T08:08:16+00:00\",\"dateModified\":\"2025-05-23T08:09:44+00:00\",\"mainEntityOfPage\":{\"@id\":\"https:\\\/\\\/gorzow.news\\\/index.php\\\/2025\\\/05\\\/23\\\/dwa-odcinki-szczecinskiej-wreszcie-beda-bez-dziur-miasto-oglosilo-przetarg-i-szuka-wykonawcy\\\/\"},\"wordCount\":216,\"commentCount\":0,\"image\":{\"@id\":\"https:\\\/\\\/gorzow.news\\\/index.php\\\/2025\\\/05\\\/23\\\/dwa-odcinki-szczecinskiej-wreszcie-beda-bez-dziur-miasto-oglosilo-przetarg-i-szuka-wykonawcy\\\/#primaryimage\"},\"thumbnailUrl\":\"https:\\\/\\\/gorzow.news\\\/wp-content\\\/uploads\\\/2025\\\/05\\\/szczecinska-dz.jpg\",\"keywords\":[\"Szczeci\u0144ska\"],\"articleSection\":[\"INFOulice\",\"Wiadomo\u015bci\"],\"inLanguage\":\"pl-PL\",\"potentialAction\":[{\"@type\":\"CommentAction\",\"name\":\"Comment\",\"target\":[\"https:\\\/\\\/gorzow.news\\\/index.php\\\/2025\\\/05\\\/23\\\/dwa-odcinki-szczecinskiej-wreszcie-beda-bez-dziur-miasto-oglosilo-przetarg-i-szuka-wykonawcy\\\/#respond\"]}]},{\"@type\":\"WebPage\",\"@id\":\"https:\\\/\\\/gorzow.news\\\/index.php\\\/2025\\\/05\\\/23\\\/dwa-odcinki-szczecinskiej-wreszcie-beda-bez-dziur-miasto-oglosilo-przetarg-i-szuka-wykonawcy\\\/\",\"url\":\"https:\\\/\\\/gorzow.news\\\/index.php\\\/2025\\\/05\\\/23\\\/dwa-odcinki-szczecinskiej-wreszcie-beda-bez-dziur-miasto-oglosilo-przetarg-i-szuka-wykonawcy\\\/\",\"name\":\"Dwa odcinki Szczeci\u0144skiej wreszcie b\u0119d\u0105 bez dziur! Miasto og\u0142osi\u0142o przetarg i szuka wykonawcy - Gorz\u00f3w News\",\"isPartOf\":{\"@id\":\"https:\\\/\\\/gorzow.news\\\/#website\"},\"primaryImageOfPage\":{\"@id\":\"https:\\\/\\\/gorzow.news\\\/index.php\\\/2025\\\/05\\\/23\\\/dwa-odcinki-szczecinskiej-wreszcie-beda-bez-dziur-miasto-oglosilo-przetarg-i-szuka-wykonawcy\\\/#primaryimage\"},\"image\":{\"@id\":\"https:\\\/\\\/gorzow.news\\\/index.php\\\/2025\\\/05\\\/23\\\/dwa-odcinki-szczecinskiej-wreszcie-beda-bez-dziur-miasto-oglosilo-przetarg-i-szuka-wykonawcy\\\/#primaryimage\"},\"thumbnailUrl\":\"https:\\\/\\\/gorzow.news\\\/wp-content\\\/uploads\\\/2025\\\/05\\\/szczecinska-dz.jpg\",\"datePublished\":\"2025-05-23T08:08:16+00:00\",\"dateModified\":\"2025-05-23T08:09:44+00:00\",\"author\":{\"@id\":\"https:\\\/\\\/gorzow.news\\\/#\\\/schema\\\/person\\\/a1e5ab43166369f2ce236a1cd90995bb\"},\"description\":\"Ka\u017cdy kto je\u017adzi na trasie Gorz\u00f3w - Baczyna wie jak dziurawy jest ostatni odcinek drogi jeszcze w granicach Gorzowa. Za chwil\u0119 wreszcie to ma si\u0119 zmieni\u0107. Miasto og\u0142osi\u0142o przetarg i szuka wykonawcy przebudowy dziurawej drogi na wysoko\u015bci strefy ekonomicznej.\",\"breadcrumb\":{\"@id\":\"https:\\\/\\\/gorzow.news\\\/index.php\\\/2025\\\/05\\\/23\\\/dwa-odcinki-szczecinskiej-wreszcie-beda-bez-dziur-miasto-oglosilo-przetarg-i-szuka-wykonawcy\\\/#breadcrumb\"},\"inLanguage\":\"pl-PL\",\"potentialAction\":[{\"@type\":\"ReadAction\",\"target\":[\"https:\\\/\\\/gorzow.news\\\/index.php\\\/2025\\\/05\\\/23\\\/dwa-odcinki-szczecinskiej-wreszcie-beda-bez-dziur-miasto-oglosilo-przetarg-i-szuka-wykonawcy\\\/\"]}]},{\"@type\":\"ImageObject\",\"inLanguage\":\"pl-PL\",\"@id\":\"https:\\\/\\\/gorzow.news\\\/index.php\\\/2025\\\/05\\\/23\\\/dwa-odcinki-szczecinskiej-wreszcie-beda-bez-dziur-miasto-oglosilo-przetarg-i-szuka-wykonawcy\\\/#primaryimage\",\"url\":\"https:\\\/\\\/gorzow.news\\\/wp-content\\\/uploads\\\/2025\\\/05\\\/szczecinska-dz.jpg\",\"contentUrl\":\"https:\\\/\\\/gorzow.news\\\/wp-content\\\/uploads\\\/2025\\\/05\\\/szczecinska-dz.jpg\",\"width\":1373,\"height\":798,\"caption\":\"Odcinek ul. Szczeci\u0144skiej, kt\u00f3ry ma zosta\u0107 wyremontowany. fot. Google\"},{\"@type\":\"BreadcrumbList\",\"@id\":\"https:\\\/\\\/gorzow.news\\\/index.php\\\/2025\\\/05\\\/23\\\/dwa-odcinki-szczecinskiej-wreszcie-beda-bez-dziur-miasto-oglosilo-przetarg-i-szuka-wykonawcy\\\/#breadcrumb\",\"itemListElement\":[{\"@type\":\"ListItem\",\"position\":1,\"name\":\"Home\",\"item\":\"https:\\\/\\\/gorzow.news\\\/\"},{\"@type\":\"ListItem\",\"position\":2,\"name\":\"Dwa odcinki Szczeci\u0144skiej wreszcie b\u0119d\u0105 bez dziur! Miasto og\u0142osi\u0142o przetarg i szuka wykonawcy\"}]},{\"@type\":\"WebSite\",\"@id\":\"https:\\\/\\\/gorzow.news\\\/#website\",\"url\":\"https:\\\/\\\/gorzow.news\\\/\",\"name\":\"Gorz\u00f3w News\",\"description\":\"Sp\u00f3jrz inaczej na miato i region...\",\"potentialAction\":[{\"@type\":\"SearchAction\",\"target\":{\"@type\":\"EntryPoint\",\"urlTemplate\":\"https:\\\/\\\/gorzow.news\\\/?s={search_term_string}\"},\"query-input\":{\"@type\":\"PropertyValueSpecification\",\"valueRequired\":true,\"valueName\":\"search_term_string\"}}],\"inLanguage\":\"pl-PL\"},{\"@type\":\"Person\",\"@id\":\"https:\\\/\\\/gorzow.news\\\/#\\\/schema\\\/person\\\/a1e5ab43166369f2ce236a1cd90995bb\",\"name\":\"maciej\",\"image\":{\"@type\":\"ImageObject\",\"inLanguage\":\"pl-PL\",\"@id\":\"https:\\\/\\\/secure.gravatar.com\\\/avatar\\\/530a674d56ba60cfa0ef21d74e8e8d123a51bb7aa6580465b5c2ab2c2e980a19?s=96&r=g&d=https:\\\/\\\/gorzow.news\\\/wp-content\\\/plugins\\\/userswp\\\/assets\\\/images\\\/no_profile.png\",\"url\":\"https:\\\/\\\/secure.gravatar.com\\\/avatar\\\/530a674d56ba60cfa0ef21d74e8e8d123a51bb7aa6580465b5c2ab2c2e980a19?s=96&r=g&d=https:\\\/\\\/gorzow.news\\\/wp-content\\\/plugins\\\/userswp\\\/assets\\\/images\\\/no_profile.png\",\"contentUrl\":\"https:\\\/\\\/secure.gravatar.com\\\/avatar\\\/530a674d56ba60cfa0ef21d74e8e8d123a51bb7aa6580465b5c2ab2c2e980a19?s=96&r=g&d=https:\\\/\\\/gorzow.news\\\/wp-content\\\/plugins\\\/userswp\\\/assets\\\/images\\\/no_profile.png\",\"caption\":\"maciej\"},\"url\":\"https:\\\/\\\/gorzow.news\\\/index.php\\\/profile\\\/maciej\\\/\"}]}<\/script>\n<!-- \/ Yoast SEO plugin. -->","yoast_head_json":{"title":"Dwa odcinki Szczeci\u0144skiej wreszcie b\u0119d\u0105 bez dziur! Miasto og\u0142osi\u0142o przetarg i szuka wykonawcy - Gorz\u00f3w News","description":"Ka\u017cdy kto je\u017adzi na trasie Gorz\u00f3w - Baczyna wie jak dziurawy jest ostatni odcinek drogi jeszcze w granicach Gorzowa. Za chwil\u0119 wreszcie to ma si\u0119","robots":{"index":"index","follow":"follow","max-snippet":"max-snippet:-1","max-image-preview":"max-image-preview:large","max-video-preview":"max-video-preview:-1"},"canonical":"https:\/\/gorzow.news\/index.php\/2025\/05\/23\/dwa-odcinki-szczecinskiej-wreszcie-beda-bez-dziur-miasto-oglosilo-przetarg-i-szuka-wykonawcy\/","og_locale":"pl_PL","og_type":"article","og_title":"Dwa odcinki Szczeci\u0144skiej wreszcie b\u0119d\u0105 bez dziur! Miasto og\u0142osi\u0142o przetarg i szuka wykonawcy - Gorz\u00f3w News","og_description":"Ka\u017cdy kto je\u017adzi na trasie Gorz\u00f3w - Baczyna wie jak dziurawy jest ostatni odcinek drogi jeszcze w granicach Gorzowa. Za chwil\u0119 wreszcie to ma si\u0119","og_url":"https:\/\/gorzow.news\/index.php\/2025\/05\/23\/dwa-odcinki-szczecinskiej-wreszcie-beda-bez-dziur-miasto-oglosilo-przetarg-i-szuka-wykonawcy\/","og_site_name":"Gorz\u00f3w News","article_publisher":"https:\/\/www.facebook.com\/gorzowskinews","article_published_time":"2025-05-23T08:08:16+00:00","article_modified_time":"2025-05-23T08:09:44+00:00","og_image":[{"width":1373,"height":798,"url":"https:\/\/gorzow.news\/wp-content\/uploads\/2025\/05\/szczecinska-dz.jpg","type":"image\/jpeg"}],"author":"maciej","twitter_card":"summary_large_image","twitter_misc":{"Napisane przez":"maciej","Szacowany czas czytania":"2 minuty"},"schema":{"@context":"https:\/\/schema.org","@graph":[{"@type":"Article","@id":"https:\/\/gorzow.news\/index.php\/2025\/05\/23\/dwa-odcinki-szczecinskiej-wreszcie-beda-bez-dziur-miasto-oglosilo-przetarg-i-szuka-wykonawcy\/#article","isPartOf":{"@id":"https:\/\/gorzow.news\/index.php\/2025\/05\/23\/dwa-odcinki-szczecinskiej-wreszcie-beda-bez-dziur-miasto-oglosilo-przetarg-i-szuka-wykonawcy\/"},"author":{"name":"maciej","@id":"https:\/\/gorzow.news\/#\/schema\/person\/a1e5ab43166369f2ce236a1cd90995bb"},"headline":"Dwa odcinki Szczeci\u0144skiej wreszcie b\u0119d\u0105 bez dziur! Miasto og\u0142osi\u0142o przetarg i szuka wykonawcy","datePublished":"2025-05-23T08:08:16+00:00","dateModified":"2025-05-23T08:09:44+00:00","mainEntityOfPage":{"@id":"https:\/\/gorzow.news\/index.php\/2025\/05\/23\/dwa-odcinki-szczecinskiej-wreszcie-beda-bez-dziur-miasto-oglosilo-przetarg-i-szuka-wykonawcy\/"},"wordCount":216,"commentCount":0,"image":{"@id":"https:\/\/gorzow.news\/index.php\/2025\/05\/23\/dwa-odcinki-szczecinskiej-wreszcie-beda-bez-dziur-miasto-oglosilo-przetarg-i-szuka-wykonawcy\/#primaryimage"},"thumbnailUrl":"https:\/\/gorzow.news\/wp-content\/uploads\/2025\/05\/szczecinska-dz.jpg","keywords":["Szczeci\u0144ska"],"articleSection":["INFOulice","Wiadomo\u015bci"],"inLanguage":"pl-PL","potentialAction":[{"@type":"CommentAction","name":"Comment","target":["https:\/\/gorzow.news\/index.php\/2025\/05\/23\/dwa-odcinki-szczecinskiej-wreszcie-beda-bez-dziur-miasto-oglosilo-przetarg-i-szuka-wykonawcy\/#respond"]}]},{"@type":"WebPage","@id":"https:\/\/gorzow.news\/index.php\/2025\/05\/23\/dwa-odcinki-szczecinskiej-wreszcie-beda-bez-dziur-miasto-oglosilo-przetarg-i-szuka-wykonawcy\/","url":"https:\/\/gorzow.news\/index.php\/2025\/05\/23\/dwa-odcinki-szczecinskiej-wreszcie-beda-bez-dziur-miasto-oglosilo-przetarg-i-szuka-wykonawcy\/","name":"Dwa odcinki Szczeci\u0144skiej wreszcie b\u0119d\u0105 bez dziur! Miasto og\u0142osi\u0142o przetarg i szuka wykonawcy - Gorz\u00f3w News","isPartOf":{"@id":"https:\/\/gorzow.news\/#website"},"primaryImageOfPage":{"@id":"https:\/\/gorzow.news\/index.php\/2025\/05\/23\/dwa-odcinki-szczecinskiej-wreszcie-beda-bez-dziur-miasto-oglosilo-przetarg-i-szuka-wykonawcy\/#primaryimage"},"image":{"@id":"https:\/\/gorzow.news\/index.php\/2025\/05\/23\/dwa-odcinki-szczecinskiej-wreszcie-beda-bez-dziur-miasto-oglosilo-przetarg-i-szuka-wykonawcy\/#primaryimage"},"thumbnailUrl":"https:\/\/gorzow.news\/wp-content\/uploads\/2025\/05\/szczecinska-dz.jpg","datePublished":"2025-05-23T08:08:16+00:00","dateModified":"2025-05-23T08:09:44+00:00","author":{"@id":"https:\/\/gorzow.news\/#\/schema\/person\/a1e5ab43166369f2ce236a1cd90995bb"},"description":"Ka\u017cdy kto je\u017adzi na trasie Gorz\u00f3w - Baczyna wie jak dziurawy jest ostatni odcinek drogi jeszcze w granicach Gorzowa. Za chwil\u0119 wreszcie to ma si\u0119 zmieni\u0107. Miasto og\u0142osi\u0142o przetarg i szuka wykonawcy przebudowy dziurawej drogi na wysoko\u015bci strefy ekonomicznej.","breadcrumb":{"@id":"https:\/\/gorzow.news\/index.php\/2025\/05\/23\/dwa-odcinki-szczecinskiej-wreszcie-beda-bez-dziur-miasto-oglosilo-przetarg-i-szuka-wykonawcy\/#breadcrumb"},"inLanguage":"pl-PL","potentialAction":[{"@type":"ReadAction","target":["https:\/\/gorzow.news\/index.php\/2025\/05\/23\/dwa-odcinki-szczecinskiej-wreszcie-beda-bez-dziur-miasto-oglosilo-przetarg-i-szuka-wykonawcy\/"]}]},{"@type":"ImageObject","inLanguage":"pl-PL","@id":"https:\/\/gorzow.news\/index.php\/2025\/05\/23\/dwa-odcinki-szczecinskiej-wreszcie-beda-bez-dziur-miasto-oglosilo-przetarg-i-szuka-wykonawcy\/#primaryimage","url":"https:\/\/gorzow.news\/wp-content\/uploads\/2025\/05\/szczecinska-dz.jpg","contentUrl":"https:\/\/gorzow.news\/wp-content\/uploads\/2025\/05\/szczecinska-dz.jpg","width":1373,"height":798,"caption":"Odcinek ul. Szczeci\u0144skiej, kt\u00f3ry ma zosta\u0107 wyremontowany. fot. Google"},{"@type":"BreadcrumbList","@id":"https:\/\/gorzow.news\/index.php\/2025\/05\/23\/dwa-odcinki-szczecinskiej-wreszcie-beda-bez-dziur-miasto-oglosilo-przetarg-i-szuka-wykonawcy\/#breadcrumb","itemListElement":[{"@type":"ListItem","position":1,"name":"Home","item":"https:\/\/gorzow.news\/"},{"@type":"ListItem","position":2,"name":"Dwa odcinki Szczeci\u0144skiej wreszcie b\u0119d\u0105 bez dziur! Miasto og\u0142osi\u0142o przetarg i szuka wykonawcy"}]},{"@type":"WebSite","@id":"https:\/\/gorzow.news\/#website","url":"https:\/\/gorzow.news\/","name":"Gorz\u00f3w News","description":"Sp\u00f3jrz inaczej na miato i region...","potentialAction":[{"@type":"SearchAction","target":{"@type":"EntryPoint","urlTemplate":"https:\/\/gorzow.news\/?s={search_term_string}"},"query-input":{"@type":"PropertyValueSpecification","valueRequired":true,"valueName":"search_term_string"}}],"inLanguage":"pl-PL"},{"@type":"Person","@id":"https:\/\/gorzow.news\/#\/schema\/person\/a1e5ab43166369f2ce236a1cd90995bb","name":"maciej","image":{"@type":"ImageObject","inLanguage":"pl-PL","@id":"https:\/\/secure.gravatar.com\/avatar\/530a674d56ba60cfa0ef21d74e8e8d123a51bb7aa6580465b5c2ab2c2e980a19?s=96&r=g&d=https:\/\/gorzow.news\/wp-content\/plugins\/userswp\/assets\/images\/no_profile.png","url":"https:\/\/secure.gravatar.com\/avatar\/530a674d56ba60cfa0ef21d74e8e8d123a51bb7aa6580465b5c2ab2c2e980a19?s=96&r=g&d=https:\/\/gorzow.news\/wp-content\/plugins\/userswp\/assets\/images\/no_profile.png","contentUrl":"https:\/\/secure.gravatar.com\/avatar\/530a674d56ba60cfa0ef21d74e8e8d123a51bb7aa6580465b5c2ab2c2e980a19?s=96&r=g&d=https:\/\/gorzow.news\/wp-content\/plugins\/userswp\/assets\/images\/no_profile.png","caption":"maciej"},"url":"https:\/\/gorzow.news\/index.php\/profile\/maciej\/"}]}},"_links":{"self":[{"href":"https:\/\/gorzow.news\/index.php\/wp-json\/wp\/v2\/posts\/32091","targetHints":{"allow":["GET"]}}],"collection":[{"href":"https:\/\/gorzow.news\/index.php\/wp-json\/wp\/v2\/posts"}],"about":[{"href":"https:\/\/gorzow.news\/index.php\/wp-json\/wp\/v2\/types\/post"}],"author":[{"embeddable":true,"href":"https:\/\/gorzow.news\/index.php\/wp-json\/wp\/v2\/users\/1"}],"replies":[{"embeddable":true,"href":"https:\/\/gorzow.news\/index.php\/wp-json\/wp\/v2\/comments?post=32091"}],"version-history":[{"count":1,"href":"https:\/\/gorzow.news\/index.php\/wp-json\/wp\/v2\/posts\/32091\/revisions"}],"predecessor-version":[{"id":32094,"href":"https:\/\/gorzow.news\/index.php\/wp-json\/wp\/v2\/posts\/32091\/revisions\/32094"}],"wp:featuredmedia":[{"embeddable":true,"href":"https:\/\/gorzow.news\/index.php\/wp-json\/wp\/v2\/media\/32095"}],"wp:attachment":[{"href":"https:\/\/gorzow.news\/index.php\/wp-json\/wp\/v2\/media?parent=32091"}],"wp:term":[{"taxonomy":"category","embeddable":true,"href":"https:\/\/gorzow.news\/index.php\/wp-json\/wp\/v2\/categories?post=32091"},{"taxonomy":"post_tag","embeddable":true,"href":"https:\/\/gorzow.news\/index.php\/wp-json\/wp\/v2\/tags?post=32091"}],"curies":[{"name":"wp","href":"https:\/\/api.w.org\/{rel}","templated":true}]}}