{"id":31842,"date":"2025-05-13T08:40:00","date_gmt":"2025-05-13T06:40:00","guid":{"rendered":"https:\/\/gorzow.news\/?p=31842"},"modified":"2025-05-13T18:46:03","modified_gmt":"2025-05-13T16:46:03","slug":"najdluzszy-mural-w-miescie-gorzow-mistrzow-zabezpieczony-i-oficjalnie-odsloniety","status":"publish","type":"post","link":"https:\/\/gorzow.news\/index.php\/2025\/05\/13\/najdluzszy-mural-w-miescie-gorzow-mistrzow-zabezpieczony-i-oficjalnie-odsloniety\/","title":{"rendered":"Najd\u0142u\u017cszy mural w mie\u015bcie &#8211; Gorz\u00f3w mistrz\u00f3w zabezpieczony i oficjalnie ods\u0142oni\u0119ty"},"content":{"rendered":"\n<p><strong>Dzi\u015b zosta\u0142 ods\u0142oni\u0119ty mural \u0142\u0105cz\u0105cy ulic\u0119 Fredry ze S\u0142owia\u0144sk\u0105. Ods\u0142oni\u0119cie najd\u0142u\u017cszego miejskiego muralu o nazwie \u201eGorz\u00f3w mistrz\u00f3w\u201d mia\u0142o nietypow\u0105 form\u0119; prezydent miasta Jacek W\u00f3jcicki i przewodnicz\u0105cy Rady Miasta Robert Surowiec oraz przedstawiciele sponsor\u00f3w pokryli go pow\u0142ok\u0105 antygraffiti.<\/strong><\/p>\n\n\n\n<p>&#8211; Wreszcie sw\u00f3j mural maj\u0105 sportowcy. Ciesz\u0119 si\u0119, \u017ce znajduje si\u0119 w miejscu ewidentnie kojarz\u0105cym si\u0119 ze sportem. Bardzo dzi\u0119kuj\u0119 wielu gorzowskim firmom, kt\u00f3re zaanga\u017cowa\u0142y si\u0119 w projekt, wspieraj\u0105c wykonawc\u00f3w finansowo, materia\u0142owo i organizacyjnie &#8211; powiedzia\u0142 prezydent W\u00f3jcicki.<\/p>\n\n\n\n<p>&#8211; Mam nadziej\u0119, \u017ce pow\u0142oka antygraficiarska, kt\u00f3r\u0105 pokryli\u015bmy mural, nigdy nie b\u0119dzie potrzebna \u2013 doda\u0142.<\/p>\n\n\n\n<p>&#8211; Ten mural to Gorz\u00f3w w pigu\u0142ce; widz\u0119 gorzowian pe\u0142nych pasji, energii, wok\u00f3\u0142 ziele\u0144. Cieszy r\u00f3wnie\u017c tak liczny odzew gorzowskich firm na propozycje wsparcia jego wykonania \u2013 uzna\u0142 przewodnicz\u0105cy Surowiec.<\/p>\n\n\n\r\n                <style type=\"text\/css\">\r\n                    \r\n                    #tdi_1  .td-doubleSlider-2 .td-item1 {\r\n                        background: url(https:\/\/gorzow.news\/wp-content\/uploads\/2025\/05\/fotob-18180.jpg) 0 0 no-repeat;\r\n                    }\r\n                    #tdi_1  .td-doubleSlider-2 .td-item2 {\r\n                        background: url(https:\/\/gorzow.news\/wp-content\/uploads\/2025\/05\/fotob-18181.jpg) 0 0 no-repeat;\r\n                    }\r\n                    #tdi_1  .td-doubleSlider-2 .td-item3 {\r\n                        background: url(https:\/\/gorzow.news\/wp-content\/uploads\/2025\/05\/fotob-18182.jpg) 0 0 no-repeat;\r\n                    }\r\n                <\/style>\r\n\r\n                <div id=\"tdi_1\" class=\"td-gallery td-slide-on-2-columns\">\r\n                    <div class=\"post_td_gallery\">\r\n                        <div class=\"td-gallery-slide-top\">\r\n                           <div class=\"td-gallery-title\">fot. Bart\u0142omiej Nowosielski<\/div>\r\n\r\n                            <div class=\"td-gallery-controls-wrapper\">\r\n                                <div class=\"td-gallery-slide-count\"><span class=\"td-gallery-slide-item-focus\">1<\/span> z 3<\/div>\r\n                                <div class=\"td-gallery-slide-prev-next-but\">\r\n                                    <i class = \"td-icon-left doubleSliderPrevButton\"><\/i>\r\n                                    <i class = \"td-icon-right doubleSliderNextButton\"><\/i>\r\n                                <\/div>\r\n                            <\/div>\r\n                        <\/div>\r\n\r\n                        <div class = \"td-doubleSlider-1 \">\r\n                            <div class = \"td-slider\">\r\n                                \r\n                    <div class = \"td-slide-item td-item1\">\r\n                        <figure class=\"td-slide-galery-figure td-slide-popup-gallery\">\r\n                            <a class=\"slide-gallery-image-link\" href=\"https:\/\/gorzow.news\/wp-content\/uploads\/2025\/05\/fotob-18180.jpg\" title=\"\"  data-caption=\"\"  data-description=\"\">\r\n                                <img decoding=\"async\" src=\"https:\/\/gorzow.news\/wp-content\/uploads\/2025\/05\/fotob-18180.jpg\" srcset=\"https:\/\/gorzow.news\/wp-content\/uploads\/2025\/05\/fotob-18180.jpg 1440w, https:\/\/gorzow.news\/wp-content\/uploads\/2025\/05\/fotob-18180-300x225.jpg 300w, https:\/\/gorzow.news\/wp-content\/uploads\/2025\/05\/fotob-18180-1024x768.jpg 1024w, https:\/\/gorzow.news\/wp-content\/uploads\/2025\/05\/fotob-18180-768x576.jpg 768w, https:\/\/gorzow.news\/wp-content\/uploads\/2025\/05\/fotob-18180-696x522.jpg 696w, https:\/\/gorzow.news\/wp-content\/uploads\/2025\/05\/fotob-18180-1068x801.jpg 1068w\" sizes=\"(max-width: 1440px) 100vw, 1440px\" alt=\"\">\r\n                            <\/a>\r\n                            \r\n                        <\/figure>\r\n                    <\/div>\r\n                    <div class = \"td-slide-item td-item2\">\r\n                        <figure class=\"td-slide-galery-figure td-slide-popup-gallery\">\r\n                            <a class=\"slide-gallery-image-link\" href=\"https:\/\/gorzow.news\/wp-content\/uploads\/2025\/05\/fotob-18181.jpg\" title=\"\"  data-caption=\"\"  data-description=\"\">\r\n                                <img decoding=\"async\" src=\"https:\/\/gorzow.news\/wp-content\/uploads\/2025\/05\/fotob-18181.jpg\" srcset=\"https:\/\/gorzow.news\/wp-content\/uploads\/2025\/05\/fotob-18181.jpg 1440w, https:\/\/gorzow.news\/wp-content\/uploads\/2025\/05\/fotob-18181-300x225.jpg 300w, https:\/\/gorzow.news\/wp-content\/uploads\/2025\/05\/fotob-18181-1024x768.jpg 1024w, https:\/\/gorzow.news\/wp-content\/uploads\/2025\/05\/fotob-18181-768x576.jpg 768w, https:\/\/gorzow.news\/wp-content\/uploads\/2025\/05\/fotob-18181-696x522.jpg 696w, https:\/\/gorzow.news\/wp-content\/uploads\/2025\/05\/fotob-18181-1068x801.jpg 1068w\" sizes=\"(max-width: 1440px) 100vw, 1440px\" alt=\"\">\r\n                            <\/a>\r\n                            \r\n                        <\/figure>\r\n                    <\/div>\r\n                    <div class = \"td-slide-item td-item3\">\r\n                        <figure class=\"td-slide-galery-figure td-slide-popup-gallery\">\r\n                            <a class=\"slide-gallery-image-link\" href=\"https:\/\/gorzow.news\/wp-content\/uploads\/2025\/05\/fotob-18182.jpg\" title=\"\"  data-caption=\"\"  data-description=\"\">\r\n                                <img decoding=\"async\" src=\"https:\/\/gorzow.news\/wp-content\/uploads\/2025\/05\/fotob-18182.jpg\" srcset=\"https:\/\/gorzow.news\/wp-content\/uploads\/2025\/05\/fotob-18182.jpg 1440w, https:\/\/gorzow.news\/wp-content\/uploads\/2025\/05\/fotob-18182-300x225.jpg 300w, https:\/\/gorzow.news\/wp-content\/uploads\/2025\/05\/fotob-18182-1024x768.jpg 1024w, https:\/\/gorzow.news\/wp-content\/uploads\/2025\/05\/fotob-18182-768x576.jpg 768w, https:\/\/gorzow.news\/wp-content\/uploads\/2025\/05\/fotob-18182-696x522.jpg 696w, https:\/\/gorzow.news\/wp-content\/uploads\/2025\/05\/fotob-18182-1068x801.jpg 1068w\" sizes=\"(max-width: 1440px) 100vw, 1440px\" alt=\"\">\r\n                            <\/a>\r\n                            \r\n                        <\/figure>\r\n                    <\/div>\r\n                            <\/div>\r\n                        <\/div>\r\n\r\n                        <div class = \"td-doubleSlider-2\">\r\n                            <div class = \"td-slider\">\r\n                                \r\n                    <div class = \"td-button td-item1\">\r\n                        <div class = \"td-border\"><\/div>\r\n                    <\/div>\r\n                    <div class = \"td-button td-item2\">\r\n                        <div class = \"td-border\"><\/div>\r\n                    <\/div>\r\n                    <div class = \"td-button td-item3\">\r\n                        <div class = \"td-border\"><\/div>\r\n                    <\/div>\r\n                            <\/div>\r\n                        <\/div>\r\n\r\n                    <\/div>\r\n\r\n                <\/div>\r\n                \n\n\n<p>Mural \u201eGorz\u00f3w mistrz\u00f3w\u201d wykonano na 82 p\u0142ytach muru oporowego, jest d\u0142ugi na 85 m \u2013 najd\u0142u\u017cszy w Gorzowie. Prezentuje kilkana\u015bcie najbardziej popularnych w\u015br\u00f3d gorzowian dyscyplin sportowych.<\/p>\n\n\n\n<p>Mural b\u0119dzie ci\u0105gle \u017cy\u0142 w formie elektronicznej; kod QR przeniesie ogl\u0105daj\u0105cego do strony www, gdzie Wydzia\u0142 Sportu UM b\u0119dzie prowadzi\u0142 list\u0119 gorzowskich sportowych mistrz\u00f3w; zar\u00f3wno indywidualnych jak i w dyscyplinach zespo\u0142owych.<\/p>\n\n\n\n<p>Mural zosta\u0142 wykonany w dwa tygodnie, zadania podj\u0119\u0142a si\u0119 sp\u00f3\u0142ka Kravc (<strong>Pawe\u0142 Krawiecki<\/strong>) we wsp\u00f3\u0142pracy z \u201eArtotek\u0105\u201d. Partnerzy projektu to: Eurovia, Astroenergy, Inneko, SC Johnson, Big Park, GBS Bank Barlinek, Castorama, Arendarski Nieruchomo\u015bci, Che\u0107ko Brukarstwo oraz Gorzowski O\u015brodek Technologiczny.<\/p>\n","protected":false},"excerpt":{"rendered":"<p>Dzi\u015b zosta\u0142 ods\u0142oni\u0119ty mural \u0142\u0105cz\u0105cy ulic\u0119 Fredry ze S\u0142owia\u0144sk\u0105. Ods\u0142oni\u0119cie najd\u0142u\u017cszego miejskiego muralu o nazwie \u201eGorz\u00f3w mistrz\u00f3w\u201d mia\u0142o nietypow\u0105 form\u0119; prezydent miasta Jacek W\u00f3jcicki i przewodnicz\u0105cy Rady Miasta Robert Surowiec oraz przedstawiciele sponsor\u00f3w pokryli go pow\u0142ok\u0105 antygraffiti. &#8211; Wreszcie sw\u00f3j mural maj\u0105 sportowcy. Ciesz\u0119 si\u0119, \u017ce znajduje si\u0119 w miejscu ewidentnie kojarz\u0105cym si\u0119 ze sportem. [&hellip;]<\/p>\n","protected":false},"author":1,"featured_media":31846,"comment_status":"open","ping_status":"open","sticky":false,"template":"","format":"standard","meta":{"footnotes":"","_links_to":"","_links_to_target":""},"categories":[597,2012,589],"tags":[464,3371,2951,92],"class_list":{"0":"post-31842","1":"post","2":"type-post","3":"status-publish","4":"format-standard","5":"has-post-thumbnail","7":"category-fakty-opinie","8":"category-staszica","9":"category-wiadomosci","10":"tag-fredry","11":"tag-gorzow-mistrzow","12":"tag-mural","13":"tag-slowianska"},"yoast_head":"<!-- This site is optimized with the Yoast SEO plugin v27.3 - https:\/\/yoast.com\/product\/yoast-seo-wordpress\/ -->\n<title>Najd\u0142u\u017cszy mural w mie\u015bcie - Gorz\u00f3w mistrz\u00f3w zabezpieczony i oficjalnie ods\u0142oni\u0119ty - Gorz\u00f3w News<\/title>\n<meta name=\"robots\" content=\"index, follow, max-snippet:-1, max-image-preview:large, max-video-preview:-1\" \/>\n<link rel=\"canonical\" href=\"https:\/\/gorzow.news\/index.php\/2025\/05\/13\/najdluzszy-mural-w-miescie-gorzow-mistrzow-zabezpieczony-i-oficjalnie-odsloniety\/\" \/>\n<meta property=\"og:locale\" content=\"pl_PL\" \/>\n<meta property=\"og:type\" content=\"article\" \/>\n<meta property=\"og:title\" content=\"Najd\u0142u\u017cszy mural w mie\u015bcie - Gorz\u00f3w mistrz\u00f3w zabezpieczony i oficjalnie ods\u0142oni\u0119ty - Gorz\u00f3w News\" \/>\n<meta property=\"og:description\" content=\"\" \/>\n<meta property=\"og:url\" content=\"https:\/\/gorzow.news\/index.php\/2025\/05\/13\/najdluzszy-mural-w-miescie-gorzow-mistrzow-zabezpieczony-i-oficjalnie-odsloniety\/\" \/>\n<meta property=\"og:site_name\" content=\"Gorz\u00f3w News\" \/>\n<meta property=\"article:publisher\" content=\"https:\/\/www.facebook.com\/gorzowskinews\" \/>\n<meta property=\"article:published_time\" content=\"2025-05-13T06:40:00+00:00\" \/>\n<meta property=\"article:modified_time\" content=\"2025-05-13T16:46:03+00:00\" \/>\n<meta property=\"og:image\" content=\"https:\/\/gorzow.news\/wp-content\/uploads\/2025\/05\/fotob-18183.jpg\" \/>\n\t<meta property=\"og:image:width\" content=\"1620\" \/>\n\t<meta property=\"og:image:height\" content=\"1080\" \/>\n\t<meta property=\"og:image:type\" content=\"image\/jpeg\" \/>\n<meta name=\"author\" content=\"maciej\" \/>\n<meta name=\"twitter:card\" content=\"summary_large_image\" \/>\n<meta name=\"twitter:label1\" content=\"Napisane przez\" \/>\n\t<meta name=\"twitter:data1\" content=\"maciej\" \/>\n\t<meta name=\"twitter:label2\" content=\"Szacowany czas czytania\" \/>\n\t<meta name=\"twitter:data2\" content=\"2 minuty\" \/>\n<script type=\"application\/ld+json\" class=\"yoast-schema-graph\">{\"@context\":\"https:\\\/\\\/schema.org\",\"@graph\":[{\"@type\":\"Article\",\"@id\":\"https:\\\/\\\/gorzow.news\\\/index.php\\\/2025\\\/05\\\/13\\\/najdluzszy-mural-w-miescie-gorzow-mistrzow-zabezpieczony-i-oficjalnie-odsloniety\\\/#article\",\"isPartOf\":{\"@id\":\"https:\\\/\\\/gorzow.news\\\/index.php\\\/2025\\\/05\\\/13\\\/najdluzszy-mural-w-miescie-gorzow-mistrzow-zabezpieczony-i-oficjalnie-odsloniety\\\/\"},\"author\":{\"name\":\"maciej\",\"@id\":\"https:\\\/\\\/gorzow.news\\\/#\\\/schema\\\/person\\\/a1e5ab43166369f2ce236a1cd90995bb\"},\"headline\":\"Najd\u0142u\u017cszy mural w mie\u015bcie &#8211; Gorz\u00f3w mistrz\u00f3w zabezpieczony i oficjalnie ods\u0142oni\u0119ty\",\"datePublished\":\"2025-05-13T06:40:00+00:00\",\"dateModified\":\"2025-05-13T16:46:03+00:00\",\"mainEntityOfPage\":{\"@id\":\"https:\\\/\\\/gorzow.news\\\/index.php\\\/2025\\\/05\\\/13\\\/najdluzszy-mural-w-miescie-gorzow-mistrzow-zabezpieczony-i-oficjalnie-odsloniety\\\/\"},\"wordCount\":302,\"commentCount\":0,\"image\":{\"@id\":\"https:\\\/\\\/gorzow.news\\\/index.php\\\/2025\\\/05\\\/13\\\/najdluzszy-mural-w-miescie-gorzow-mistrzow-zabezpieczony-i-oficjalnie-odsloniety\\\/#primaryimage\"},\"thumbnailUrl\":\"https:\\\/\\\/gorzow.news\\\/wp-content\\\/uploads\\\/2025\\\/05\\\/fotob-18183.jpg\",\"keywords\":[\"Fredry\",\"Gorz\u00f3w Mistrz\u00f3w\",\"mural\",\"S\u0142owia\u0144ska\"],\"articleSection\":[\"Fakty i opinie\",\"Staszica\",\"Wiadomo\u015bci\"],\"inLanguage\":\"pl-PL\",\"potentialAction\":[{\"@type\":\"CommentAction\",\"name\":\"Comment\",\"target\":[\"https:\\\/\\\/gorzow.news\\\/index.php\\\/2025\\\/05\\\/13\\\/najdluzszy-mural-w-miescie-gorzow-mistrzow-zabezpieczony-i-oficjalnie-odsloniety\\\/#respond\"]}]},{\"@type\":\"WebPage\",\"@id\":\"https:\\\/\\\/gorzow.news\\\/index.php\\\/2025\\\/05\\\/13\\\/najdluzszy-mural-w-miescie-gorzow-mistrzow-zabezpieczony-i-oficjalnie-odsloniety\\\/\",\"url\":\"https:\\\/\\\/gorzow.news\\\/index.php\\\/2025\\\/05\\\/13\\\/najdluzszy-mural-w-miescie-gorzow-mistrzow-zabezpieczony-i-oficjalnie-odsloniety\\\/\",\"name\":\"Najd\u0142u\u017cszy mural w mie\u015bcie - Gorz\u00f3w mistrz\u00f3w zabezpieczony i oficjalnie ods\u0142oni\u0119ty - Gorz\u00f3w News\",\"isPartOf\":{\"@id\":\"https:\\\/\\\/gorzow.news\\\/#website\"},\"primaryImageOfPage\":{\"@id\":\"https:\\\/\\\/gorzow.news\\\/index.php\\\/2025\\\/05\\\/13\\\/najdluzszy-mural-w-miescie-gorzow-mistrzow-zabezpieczony-i-oficjalnie-odsloniety\\\/#primaryimage\"},\"image\":{\"@id\":\"https:\\\/\\\/gorzow.news\\\/index.php\\\/2025\\\/05\\\/13\\\/najdluzszy-mural-w-miescie-gorzow-mistrzow-zabezpieczony-i-oficjalnie-odsloniety\\\/#primaryimage\"},\"thumbnailUrl\":\"https:\\\/\\\/gorzow.news\\\/wp-content\\\/uploads\\\/2025\\\/05\\\/fotob-18183.jpg\",\"datePublished\":\"2025-05-13T06:40:00+00:00\",\"dateModified\":\"2025-05-13T16:46:03+00:00\",\"author\":{\"@id\":\"https:\\\/\\\/gorzow.news\\\/#\\\/schema\\\/person\\\/a1e5ab43166369f2ce236a1cd90995bb\"},\"breadcrumb\":{\"@id\":\"https:\\\/\\\/gorzow.news\\\/index.php\\\/2025\\\/05\\\/13\\\/najdluzszy-mural-w-miescie-gorzow-mistrzow-zabezpieczony-i-oficjalnie-odsloniety\\\/#breadcrumb\"},\"inLanguage\":\"pl-PL\",\"potentialAction\":[{\"@type\":\"ReadAction\",\"target\":[\"https:\\\/\\\/gorzow.news\\\/index.php\\\/2025\\\/05\\\/13\\\/najdluzszy-mural-w-miescie-gorzow-mistrzow-zabezpieczony-i-oficjalnie-odsloniety\\\/\"]}]},{\"@type\":\"ImageObject\",\"inLanguage\":\"pl-PL\",\"@id\":\"https:\\\/\\\/gorzow.news\\\/index.php\\\/2025\\\/05\\\/13\\\/najdluzszy-mural-w-miescie-gorzow-mistrzow-zabezpieczony-i-oficjalnie-odsloniety\\\/#primaryimage\",\"url\":\"https:\\\/\\\/gorzow.news\\\/wp-content\\\/uploads\\\/2025\\\/05\\\/fotob-18183.jpg\",\"contentUrl\":\"https:\\\/\\\/gorzow.news\\\/wp-content\\\/uploads\\\/2025\\\/05\\\/fotob-18183.jpg\",\"width\":1620,\"height\":1080,\"caption\":\"fot. Jan Wojtanowski\"},{\"@type\":\"BreadcrumbList\",\"@id\":\"https:\\\/\\\/gorzow.news\\\/index.php\\\/2025\\\/05\\\/13\\\/najdluzszy-mural-w-miescie-gorzow-mistrzow-zabezpieczony-i-oficjalnie-odsloniety\\\/#breadcrumb\",\"itemListElement\":[{\"@type\":\"ListItem\",\"position\":1,\"name\":\"Home\",\"item\":\"https:\\\/\\\/gorzow.news\\\/\"},{\"@type\":\"ListItem\",\"position\":2,\"name\":\"Najd\u0142u\u017cszy mural w mie\u015bcie &#8211; Gorz\u00f3w mistrz\u00f3w zabezpieczony i oficjalnie ods\u0142oni\u0119ty\"}]},{\"@type\":\"WebSite\",\"@id\":\"https:\\\/\\\/gorzow.news\\\/#website\",\"url\":\"https:\\\/\\\/gorzow.news\\\/\",\"name\":\"Gorz\u00f3w News\",\"description\":\"Sp\u00f3jrz inaczej na miato i region...\",\"potentialAction\":[{\"@type\":\"SearchAction\",\"target\":{\"@type\":\"EntryPoint\",\"urlTemplate\":\"https:\\\/\\\/gorzow.news\\\/?s={search_term_string}\"},\"query-input\":{\"@type\":\"PropertyValueSpecification\",\"valueRequired\":true,\"valueName\":\"search_term_string\"}}],\"inLanguage\":\"pl-PL\"},{\"@type\":\"Person\",\"@id\":\"https:\\\/\\\/gorzow.news\\\/#\\\/schema\\\/person\\\/a1e5ab43166369f2ce236a1cd90995bb\",\"name\":\"maciej\",\"image\":{\"@type\":\"ImageObject\",\"inLanguage\":\"pl-PL\",\"@id\":\"https:\\\/\\\/secure.gravatar.com\\\/avatar\\\/530a674d56ba60cfa0ef21d74e8e8d123a51bb7aa6580465b5c2ab2c2e980a19?s=96&r=g&d=https:\\\/\\\/gorzow.news\\\/wp-content\\\/plugins\\\/userswp\\\/assets\\\/images\\\/no_profile.png\",\"url\":\"https:\\\/\\\/secure.gravatar.com\\\/avatar\\\/530a674d56ba60cfa0ef21d74e8e8d123a51bb7aa6580465b5c2ab2c2e980a19?s=96&r=g&d=https:\\\/\\\/gorzow.news\\\/wp-content\\\/plugins\\\/userswp\\\/assets\\\/images\\\/no_profile.png\",\"contentUrl\":\"https:\\\/\\\/secure.gravatar.com\\\/avatar\\\/530a674d56ba60cfa0ef21d74e8e8d123a51bb7aa6580465b5c2ab2c2e980a19?s=96&r=g&d=https:\\\/\\\/gorzow.news\\\/wp-content\\\/plugins\\\/userswp\\\/assets\\\/images\\\/no_profile.png\",\"caption\":\"maciej\"},\"url\":\"https:\\\/\\\/gorzow.news\\\/index.php\\\/profile\\\/maciej\\\/\"}]}<\/script>\n<!-- \/ Yoast SEO plugin. -->","yoast_head_json":{"title":"Najd\u0142u\u017cszy mural w mie\u015bcie - Gorz\u00f3w mistrz\u00f3w zabezpieczony i oficjalnie ods\u0142oni\u0119ty - Gorz\u00f3w News","robots":{"index":"index","follow":"follow","max-snippet":"max-snippet:-1","max-image-preview":"max-image-preview:large","max-video-preview":"max-video-preview:-1"},"canonical":"https:\/\/gorzow.news\/index.php\/2025\/05\/13\/najdluzszy-mural-w-miescie-gorzow-mistrzow-zabezpieczony-i-oficjalnie-odsloniety\/","og_locale":"pl_PL","og_type":"article","og_title":"Najd\u0142u\u017cszy mural w mie\u015bcie - Gorz\u00f3w mistrz\u00f3w zabezpieczony i oficjalnie ods\u0142oni\u0119ty - Gorz\u00f3w News","og_description":"Dzi\u015b zosta\u0142 ods\u0142oni\u0119ty mural \u0142\u0105cz\u0105cy ulic\u0119 Fredry ze S\u0142owia\u0144sk\u0105. Ods\u0142oni\u0119cie najd\u0142u\u017cszego miejskiego muralu o nazwie \u201eGorz\u00f3w mistrz?","og_url":"https:\/\/gorzow.news\/index.php\/2025\/05\/13\/najdluzszy-mural-w-miescie-gorzow-mistrzow-zabezpieczony-i-oficjalnie-odsloniety\/","og_site_name":"Gorz\u00f3w News","article_publisher":"https:\/\/www.facebook.com\/gorzowskinews","article_published_time":"2025-05-13T06:40:00+00:00","article_modified_time":"2025-05-13T16:46:03+00:00","og_image":[{"width":1620,"height":1080,"url":"https:\/\/gorzow.news\/wp-content\/uploads\/2025\/05\/fotob-18183.jpg","type":"image\/jpeg"}],"author":"maciej","twitter_card":"summary_large_image","twitter_misc":{"Napisane przez":"maciej","Szacowany czas czytania":"2 minuty"},"schema":{"@context":"https:\/\/schema.org","@graph":[{"@type":"Article","@id":"https:\/\/gorzow.news\/index.php\/2025\/05\/13\/najdluzszy-mural-w-miescie-gorzow-mistrzow-zabezpieczony-i-oficjalnie-odsloniety\/#article","isPartOf":{"@id":"https:\/\/gorzow.news\/index.php\/2025\/05\/13\/najdluzszy-mural-w-miescie-gorzow-mistrzow-zabezpieczony-i-oficjalnie-odsloniety\/"},"author":{"name":"maciej","@id":"https:\/\/gorzow.news\/#\/schema\/person\/a1e5ab43166369f2ce236a1cd90995bb"},"headline":"Najd\u0142u\u017cszy mural w mie\u015bcie &#8211; Gorz\u00f3w mistrz\u00f3w zabezpieczony i oficjalnie ods\u0142oni\u0119ty","datePublished":"2025-05-13T06:40:00+00:00","dateModified":"2025-05-13T16:46:03+00:00","mainEntityOfPage":{"@id":"https:\/\/gorzow.news\/index.php\/2025\/05\/13\/najdluzszy-mural-w-miescie-gorzow-mistrzow-zabezpieczony-i-oficjalnie-odsloniety\/"},"wordCount":302,"commentCount":0,"image":{"@id":"https:\/\/gorzow.news\/index.php\/2025\/05\/13\/najdluzszy-mural-w-miescie-gorzow-mistrzow-zabezpieczony-i-oficjalnie-odsloniety\/#primaryimage"},"thumbnailUrl":"https:\/\/gorzow.news\/wp-content\/uploads\/2025\/05\/fotob-18183.jpg","keywords":["Fredry","Gorz\u00f3w Mistrz\u00f3w","mural","S\u0142owia\u0144ska"],"articleSection":["Fakty i opinie","Staszica","Wiadomo\u015bci"],"inLanguage":"pl-PL","potentialAction":[{"@type":"CommentAction","name":"Comment","target":["https:\/\/gorzow.news\/index.php\/2025\/05\/13\/najdluzszy-mural-w-miescie-gorzow-mistrzow-zabezpieczony-i-oficjalnie-odsloniety\/#respond"]}]},{"@type":"WebPage","@id":"https:\/\/gorzow.news\/index.php\/2025\/05\/13\/najdluzszy-mural-w-miescie-gorzow-mistrzow-zabezpieczony-i-oficjalnie-odsloniety\/","url":"https:\/\/gorzow.news\/index.php\/2025\/05\/13\/najdluzszy-mural-w-miescie-gorzow-mistrzow-zabezpieczony-i-oficjalnie-odsloniety\/","name":"Najd\u0142u\u017cszy mural w mie\u015bcie - Gorz\u00f3w mistrz\u00f3w zabezpieczony i oficjalnie ods\u0142oni\u0119ty - Gorz\u00f3w News","isPartOf":{"@id":"https:\/\/gorzow.news\/#website"},"primaryImageOfPage":{"@id":"https:\/\/gorzow.news\/index.php\/2025\/05\/13\/najdluzszy-mural-w-miescie-gorzow-mistrzow-zabezpieczony-i-oficjalnie-odsloniety\/#primaryimage"},"image":{"@id":"https:\/\/gorzow.news\/index.php\/2025\/05\/13\/najdluzszy-mural-w-miescie-gorzow-mistrzow-zabezpieczony-i-oficjalnie-odsloniety\/#primaryimage"},"thumbnailUrl":"https:\/\/gorzow.news\/wp-content\/uploads\/2025\/05\/fotob-18183.jpg","datePublished":"2025-05-13T06:40:00+00:00","dateModified":"2025-05-13T16:46:03+00:00","author":{"@id":"https:\/\/gorzow.news\/#\/schema\/person\/a1e5ab43166369f2ce236a1cd90995bb"},"breadcrumb":{"@id":"https:\/\/gorzow.news\/index.php\/2025\/05\/13\/najdluzszy-mural-w-miescie-gorzow-mistrzow-zabezpieczony-i-oficjalnie-odsloniety\/#breadcrumb"},"inLanguage":"pl-PL","potentialAction":[{"@type":"ReadAction","target":["https:\/\/gorzow.news\/index.php\/2025\/05\/13\/najdluzszy-mural-w-miescie-gorzow-mistrzow-zabezpieczony-i-oficjalnie-odsloniety\/"]}]},{"@type":"ImageObject","inLanguage":"pl-PL","@id":"https:\/\/gorzow.news\/index.php\/2025\/05\/13\/najdluzszy-mural-w-miescie-gorzow-mistrzow-zabezpieczony-i-oficjalnie-odsloniety\/#primaryimage","url":"https:\/\/gorzow.news\/wp-content\/uploads\/2025\/05\/fotob-18183.jpg","contentUrl":"https:\/\/gorzow.news\/wp-content\/uploads\/2025\/05\/fotob-18183.jpg","width":1620,"height":1080,"caption":"fot. Jan Wojtanowski"},{"@type":"BreadcrumbList","@id":"https:\/\/gorzow.news\/index.php\/2025\/05\/13\/najdluzszy-mural-w-miescie-gorzow-mistrzow-zabezpieczony-i-oficjalnie-odsloniety\/#breadcrumb","itemListElement":[{"@type":"ListItem","position":1,"name":"Home","item":"https:\/\/gorzow.news\/"},{"@type":"ListItem","position":2,"name":"Najd\u0142u\u017cszy mural w mie\u015bcie &#8211; Gorz\u00f3w mistrz\u00f3w zabezpieczony i oficjalnie ods\u0142oni\u0119ty"}]},{"@type":"WebSite","@id":"https:\/\/gorzow.news\/#website","url":"https:\/\/gorzow.news\/","name":"Gorz\u00f3w News","description":"Sp\u00f3jrz inaczej na miato i region...","potentialAction":[{"@type":"SearchAction","target":{"@type":"EntryPoint","urlTemplate":"https:\/\/gorzow.news\/?s={search_term_string}"},"query-input":{"@type":"PropertyValueSpecification","valueRequired":true,"valueName":"search_term_string"}}],"inLanguage":"pl-PL"},{"@type":"Person","@id":"https:\/\/gorzow.news\/#\/schema\/person\/a1e5ab43166369f2ce236a1cd90995bb","name":"maciej","image":{"@type":"ImageObject","inLanguage":"pl-PL","@id":"https:\/\/secure.gravatar.com\/avatar\/530a674d56ba60cfa0ef21d74e8e8d123a51bb7aa6580465b5c2ab2c2e980a19?s=96&r=g&d=https:\/\/gorzow.news\/wp-content\/plugins\/userswp\/assets\/images\/no_profile.png","url":"https:\/\/secure.gravatar.com\/avatar\/530a674d56ba60cfa0ef21d74e8e8d123a51bb7aa6580465b5c2ab2c2e980a19?s=96&r=g&d=https:\/\/gorzow.news\/wp-content\/plugins\/userswp\/assets\/images\/no_profile.png","contentUrl":"https:\/\/secure.gravatar.com\/avatar\/530a674d56ba60cfa0ef21d74e8e8d123a51bb7aa6580465b5c2ab2c2e980a19?s=96&r=g&d=https:\/\/gorzow.news\/wp-content\/plugins\/userswp\/assets\/images\/no_profile.png","caption":"maciej"},"url":"https:\/\/gorzow.news\/index.php\/profile\/maciej\/"}]}},"_links":{"self":[{"href":"https:\/\/gorzow.news\/index.php\/wp-json\/wp\/v2\/posts\/31842","targetHints":{"allow":["GET"]}}],"collection":[{"href":"https:\/\/gorzow.news\/index.php\/wp-json\/wp\/v2\/posts"}],"about":[{"href":"https:\/\/gorzow.news\/index.php\/wp-json\/wp\/v2\/types\/post"}],"author":[{"embeddable":true,"href":"https:\/\/gorzow.news\/index.php\/wp-json\/wp\/v2\/users\/1"}],"replies":[{"embeddable":true,"href":"https:\/\/gorzow.news\/index.php\/wp-json\/wp\/v2\/comments?post=31842"}],"version-history":[{"count":1,"href":"https:\/\/gorzow.news\/index.php\/wp-json\/wp\/v2\/posts\/31842\/revisions"}],"predecessor-version":[{"id":31847,"href":"https:\/\/gorzow.news\/index.php\/wp-json\/wp\/v2\/posts\/31842\/revisions\/31847"}],"wp:featuredmedia":[{"embeddable":true,"href":"https:\/\/gorzow.news\/index.php\/wp-json\/wp\/v2\/media\/31846"}],"wp:attachment":[{"href":"https:\/\/gorzow.news\/index.php\/wp-json\/wp\/v2\/media?parent=31842"}],"wp:term":[{"taxonomy":"category","embeddable":true,"href":"https:\/\/gorzow.news\/index.php\/wp-json\/wp\/v2\/categories?post=31842"},{"taxonomy":"post_tag","embeddable":true,"href":"https:\/\/gorzow.news\/index.php\/wp-json\/wp\/v2\/tags?post=31842"}],"curies":[{"name":"wp","href":"https:\/\/api.w.org\/{rel}","templated":true}]}}