{"id":31760,"date":"2025-05-10T12:38:17","date_gmt":"2025-05-10T10:38:17","guid":{"rendered":"https:\/\/gorzow.news\/?p=31760"},"modified":"2025-05-10T12:38:18","modified_gmt":"2025-05-10T10:38:18","slug":"scena-na-placu-grunwaldzkim-gotowa-od-16-trzy-koncerty-w-ramach-swieta-wojewodztwa-lubuskiego-co-nas-czeka","status":"publish","type":"post","link":"https:\/\/gorzow.news\/index.php\/2025\/05\/10\/scena-na-placu-grunwaldzkim-gotowa-od-16-trzy-koncerty-w-ramach-swieta-wojewodztwa-lubuskiego-co-nas-czeka\/","title":{"rendered":"Scena na placu Grunwaldzkim gotowa. Od 16 trzy koncerty w ramach \u015awi\u0119ta Wojew\u00f3dztwa Lubuskiego! Co nas czeka?"},"content":{"rendered":"\n<p><strong>Scena na placu Grunwaldzkim ju\u017c rozstawiona. Ju\u017c dzi\u015b od godziny 16:00 pe\u0142ne atrakcji \u015awi\u0119to Wojew\u00f3dztwa Lubuskiego. Na scenie wyst\u0105pi Cyga\u0144ski Zesp\u00f3\u0142 Terno, Ira i Smolasty. Opr\u00f3cz koncert\u00f3w przygotowano konkursy z nagrodami, stref\u0119 duszka lubuszka, stoiska promocyjne i stref\u0119 gastronomiczn\u0105.<\/strong><\/p>\n\n\n\n<p>Tegoroczne obchody \u015awi\u0119ta Wojew\u00f3dztwa Lubuskiego odb\u0119d\u0105 si\u0119 10 maja w Gorzowie na placu Grunwaldzkim. Wydarzenie zainauguruje wyst\u0119p Cyga\u0144skiego Zespo\u0142u Terno o godz. 16.00. Zesp\u00f3\u0142 w tym roku obchodzi 70-lecie istnienia. B\u0119dzie to tak\u017ce jubileusz pracy tw\u00f3rczej Edwarda D\u0119bickiego, z kt\u00f3rego inicjatywy zesp\u00f3\u0142 powsta\u0142 w 1955 roku.<\/p>\n\n\n\n<p>O 19:00 na scenie wyst\u0105pi legendarny zesp\u00f3\u0142 Ira. To czo\u0142\u00f3wka polskiego rocka, kt\u00f3ra powsta\u0142a jeszcze pod koniec lat 80., a najwi\u0119ksz\u0105 karier\u0119 rozkr\u0119ca\u0142a w latach 90. ubieg\u0142ego wieku. Poprzez po\u0142\u0105czenie melodyjnego rock\u2019n\u2019rolla z ameryka\u0144skim rockiem oraz hard rockiem Ira wypracowa\u0142a w\u0142asny, charakterystyczny styl, kt\u00f3ry dope\u0142nia charakterystyczny wokal Artura Gadowskiego.<\/p>\n\n\n\n<p>Gwiazd\u0105 wieczoru b\u0119dzie Smolasty, kt\u00f3ry wyst\u0105pi przed publiczno\u015bci\u0105 o 20:30. Norbert Smoli\u0144ski polski piosenkarz, autor tekst\u00f3w i producent muzyczny tworz\u0105cy muzyk\u0119 z pogranicza popu, rapu i R&amp;B. Jego utwory, nagrywane tak\u017ce w duetach ze znanymi osobisto\u015bciami \u015bwiata muzycznego, nieustannie goszcz\u0105 na listach przeboj\u00f3w, a jego koncerty za ka\u017cdym razem przyci\u0105gaj\u0105 t\u0142umy.<\/p>\n\n\n\n<figure class=\"wp-block-image size-large\"><img loading=\"lazy\" decoding=\"async\" width=\"725\" height=\"1024\" src=\"https:\/\/gorzow.news\/wp-content\/uploads\/2025\/04\/494475691_1140469634774159_7248280009705155376_n-725x1024.jpg\" alt=\"\" class=\"wp-image-31493\" srcset=\"https:\/\/gorzow.news\/wp-content\/uploads\/2025\/04\/494475691_1140469634774159_7248280009705155376_n-725x1024.jpg 725w, https:\/\/gorzow.news\/wp-content\/uploads\/2025\/04\/494475691_1140469634774159_7248280009705155376_n-212x300.jpg 212w, https:\/\/gorzow.news\/wp-content\/uploads\/2025\/04\/494475691_1140469634774159_7248280009705155376_n-768x1085.jpg 768w, https:\/\/gorzow.news\/wp-content\/uploads\/2025\/04\/494475691_1140469634774159_7248280009705155376_n-1087x1536.jpg 1087w, https:\/\/gorzow.news\/wp-content\/uploads\/2025\/04\/494475691_1140469634774159_7248280009705155376_n-696x984.jpg 696w, https:\/\/gorzow.news\/wp-content\/uploads\/2025\/04\/494475691_1140469634774159_7248280009705155376_n-1068x1509.jpg 1068w, https:\/\/gorzow.news\/wp-content\/uploads\/2025\/04\/494475691_1140469634774159_7248280009705155376_n.jpg 1449w\" sizes=\"auto, (max-width: 725px) 100vw, 725px\" \/><\/figure>\n","protected":false},"excerpt":{"rendered":"<p>Scena na placu Grunwaldzkim ju\u017c rozstawiona. Ju\u017c dzi\u015b od godziny 16:00 pe\u0142ne atrakcji \u015awi\u0119to Wojew\u00f3dztwa Lubuskiego. Na scenie wyst\u0105pi Cyga\u0144ski Zesp\u00f3\u0142 Terno, Ira i Smolasty. Opr\u00f3cz koncert\u00f3w przygotowano konkursy z nagrodami, stref\u0119 duszka lubuszka, stoiska promocyjne i stref\u0119 gastronomiczn\u0105. Tegoroczne obchody \u015awi\u0119ta Wojew\u00f3dztwa Lubuskiego odb\u0119d\u0105 si\u0119 10 maja w Gorzowie na placu Grunwaldzkim. Wydarzenie zainauguruje [&hellip;]<\/p>\n","protected":false},"author":1,"featured_media":31761,"comment_status":"open","ping_status":"open","sticky":false,"template":"","format":"standard","meta":{"footnotes":"","_links_to":"","_links_to_target":""},"categories":[595,589],"tags":[1986,512],"class_list":{"0":"post-31760","1":"post","2":"type-post","3":"status-publish","4":"format-standard","5":"has-post-thumbnail","7":"category-rozrywka","8":"category-wiadomosci","9":"tag-plac-grunwaldzki","10":"tag-swieto-wojewodztwa-lubuskiego"},"yoast_head":"<!-- This site is optimized with the Yoast SEO plugin v27.3 - https:\/\/yoast.com\/product\/yoast-seo-wordpress\/ -->\n<title>Scena na placu Grunwaldzkim gotowa. Od 16 trzy koncerty w ramach \u015awi\u0119ta Wojew\u00f3dztwa Lubuskiego! Co nas czeka? - Gorz\u00f3w News<\/title>\n<meta name=\"description\" content=\"Scena na placu Grunwaldzkim ju\u017c rozstawiona. Ju\u017c dzi\u015b od godziny 16:00 pe\u0142ne atrakcji \u015awi\u0119to Wojew\u00f3dztwa Lubuskiego. Na scenie wyst\u0105pi Cyga\u0144s\" \/>\n<meta name=\"robots\" content=\"index, follow, max-snippet:-1, max-image-preview:large, max-video-preview:-1\" \/>\n<link rel=\"canonical\" href=\"https:\/\/gorzow.news\/index.php\/2025\/05\/10\/scena-na-placu-grunwaldzkim-gotowa-od-16-trzy-koncerty-w-ramach-swieta-wojewodztwa-lubuskiego-co-nas-czeka\/\" \/>\n<meta property=\"og:locale\" content=\"pl_PL\" \/>\n<meta property=\"og:type\" content=\"article\" \/>\n<meta property=\"og:title\" content=\"Scena na placu Grunwaldzkim gotowa. Od 16 trzy koncerty w ramach \u015awi\u0119ta Wojew\u00f3dztwa Lubuskiego! Co nas czeka? - Gorz\u00f3w News\" \/>\n<meta property=\"og:description\" content=\"Scena na placu Grunwaldzkim ju\u017c rozstawiona. Ju\u017c dzi\u015b od godziny 16:00 pe\u0142ne atrakcji \u015awi\u0119to Wojew\u00f3dztwa Lubuskiego. Na scenie wyst\u0105pi Cyga\u0144s\" \/>\n<meta property=\"og:url\" content=\"https:\/\/gorzow.news\/index.php\/2025\/05\/10\/scena-na-placu-grunwaldzkim-gotowa-od-16-trzy-koncerty-w-ramach-swieta-wojewodztwa-lubuskiego-co-nas-czeka\/\" \/>\n<meta property=\"og:site_name\" content=\"Gorz\u00f3w News\" \/>\n<meta property=\"article:publisher\" content=\"https:\/\/www.facebook.com\/gorzowskinews\" \/>\n<meta property=\"article:published_time\" content=\"2025-05-10T10:38:17+00:00\" \/>\n<meta property=\"article:modified_time\" content=\"2025-05-10T10:38:18+00:00\" \/>\n<meta property=\"og:image\" content=\"https:\/\/gorzow.news\/wp-content\/uploads\/2025\/05\/496004560_1148141797340276_8054582479814153396_n.jpg\" \/>\n\t<meta property=\"og:image:width\" content=\"2048\" \/>\n\t<meta property=\"og:image:height\" content=\"968\" \/>\n\t<meta property=\"og:image:type\" content=\"image\/jpeg\" \/>\n<meta name=\"author\" content=\"maciej\" \/>\n<meta name=\"twitter:card\" content=\"summary_large_image\" \/>\n<meta name=\"twitter:label1\" content=\"Napisane przez\" \/>\n\t<meta name=\"twitter:data1\" content=\"maciej\" \/>\n\t<meta name=\"twitter:label2\" content=\"Szacowany czas czytania\" \/>\n\t<meta name=\"twitter:data2\" content=\"2 minuty\" \/>\n<script type=\"application\/ld+json\" class=\"yoast-schema-graph\">{\"@context\":\"https:\\\/\\\/schema.org\",\"@graph\":[{\"@type\":\"Article\",\"@id\":\"https:\\\/\\\/gorzow.news\\\/index.php\\\/2025\\\/05\\\/10\\\/scena-na-placu-grunwaldzkim-gotowa-od-16-trzy-koncerty-w-ramach-swieta-wojewodztwa-lubuskiego-co-nas-czeka\\\/#article\",\"isPartOf\":{\"@id\":\"https:\\\/\\\/gorzow.news\\\/index.php\\\/2025\\\/05\\\/10\\\/scena-na-placu-grunwaldzkim-gotowa-od-16-trzy-koncerty-w-ramach-swieta-wojewodztwa-lubuskiego-co-nas-czeka\\\/\"},\"author\":{\"name\":\"maciej\",\"@id\":\"https:\\\/\\\/gorzow.news\\\/#\\\/schema\\\/person\\\/a1e5ab43166369f2ce236a1cd90995bb\"},\"headline\":\"Scena na placu Grunwaldzkim gotowa. Od 16 trzy koncerty w ramach \u015awi\u0119ta Wojew\u00f3dztwa Lubuskiego! Co nas czeka?\",\"datePublished\":\"2025-05-10T10:38:17+00:00\",\"dateModified\":\"2025-05-10T10:38:18+00:00\",\"mainEntityOfPage\":{\"@id\":\"https:\\\/\\\/gorzow.news\\\/index.php\\\/2025\\\/05\\\/10\\\/scena-na-placu-grunwaldzkim-gotowa-od-16-trzy-koncerty-w-ramach-swieta-wojewodztwa-lubuskiego-co-nas-czeka\\\/\"},\"wordCount\":244,\"commentCount\":0,\"image\":{\"@id\":\"https:\\\/\\\/gorzow.news\\\/index.php\\\/2025\\\/05\\\/10\\\/scena-na-placu-grunwaldzkim-gotowa-od-16-trzy-koncerty-w-ramach-swieta-wojewodztwa-lubuskiego-co-nas-czeka\\\/#primaryimage\"},\"thumbnailUrl\":\"https:\\\/\\\/gorzow.news\\\/wp-content\\\/uploads\\\/2025\\\/05\\\/496004560_1148141797340276_8054582479814153396_n.jpg\",\"keywords\":[\"plac Grunwaldzki\",\"\u015awi\u0119to Wojew\u00f3dztwa Lubuskiego\"],\"articleSection\":[\"Rozrywka\",\"Wiadomo\u015bci\"],\"inLanguage\":\"pl-PL\",\"potentialAction\":[{\"@type\":\"CommentAction\",\"name\":\"Comment\",\"target\":[\"https:\\\/\\\/gorzow.news\\\/index.php\\\/2025\\\/05\\\/10\\\/scena-na-placu-grunwaldzkim-gotowa-od-16-trzy-koncerty-w-ramach-swieta-wojewodztwa-lubuskiego-co-nas-czeka\\\/#respond\"]}]},{\"@type\":\"WebPage\",\"@id\":\"https:\\\/\\\/gorzow.news\\\/index.php\\\/2025\\\/05\\\/10\\\/scena-na-placu-grunwaldzkim-gotowa-od-16-trzy-koncerty-w-ramach-swieta-wojewodztwa-lubuskiego-co-nas-czeka\\\/\",\"url\":\"https:\\\/\\\/gorzow.news\\\/index.php\\\/2025\\\/05\\\/10\\\/scena-na-placu-grunwaldzkim-gotowa-od-16-trzy-koncerty-w-ramach-swieta-wojewodztwa-lubuskiego-co-nas-czeka\\\/\",\"name\":\"Scena na placu Grunwaldzkim gotowa. Od 16 trzy koncerty w ramach \u015awi\u0119ta Wojew\u00f3dztwa Lubuskiego! Co nas czeka? - Gorz\u00f3w News\",\"isPartOf\":{\"@id\":\"https:\\\/\\\/gorzow.news\\\/#website\"},\"primaryImageOfPage\":{\"@id\":\"https:\\\/\\\/gorzow.news\\\/index.php\\\/2025\\\/05\\\/10\\\/scena-na-placu-grunwaldzkim-gotowa-od-16-trzy-koncerty-w-ramach-swieta-wojewodztwa-lubuskiego-co-nas-czeka\\\/#primaryimage\"},\"image\":{\"@id\":\"https:\\\/\\\/gorzow.news\\\/index.php\\\/2025\\\/05\\\/10\\\/scena-na-placu-grunwaldzkim-gotowa-od-16-trzy-koncerty-w-ramach-swieta-wojewodztwa-lubuskiego-co-nas-czeka\\\/#primaryimage\"},\"thumbnailUrl\":\"https:\\\/\\\/gorzow.news\\\/wp-content\\\/uploads\\\/2025\\\/05\\\/496004560_1148141797340276_8054582479814153396_n.jpg\",\"datePublished\":\"2025-05-10T10:38:17+00:00\",\"dateModified\":\"2025-05-10T10:38:18+00:00\",\"author\":{\"@id\":\"https:\\\/\\\/gorzow.news\\\/#\\\/schema\\\/person\\\/a1e5ab43166369f2ce236a1cd90995bb\"},\"description\":\"Scena na placu Grunwaldzkim ju\u017c rozstawiona. Ju\u017c dzi\u015b od godziny 16:00 pe\u0142ne atrakcji \u015awi\u0119to Wojew\u00f3dztwa Lubuskiego. Na scenie wyst\u0105pi Cyga\u0144ski Zesp\u00f3\u0142 Terno, Ira i Smolasty. Opr\u00f3cz koncert\u00f3w przygotowano konkursy z nagrodami, stref\u0119 duszka lubuszka, stoiska promocyjne i stref\u0119 gastronomiczn\u0105.\",\"breadcrumb\":{\"@id\":\"https:\\\/\\\/gorzow.news\\\/index.php\\\/2025\\\/05\\\/10\\\/scena-na-placu-grunwaldzkim-gotowa-od-16-trzy-koncerty-w-ramach-swieta-wojewodztwa-lubuskiego-co-nas-czeka\\\/#breadcrumb\"},\"inLanguage\":\"pl-PL\",\"potentialAction\":[{\"@type\":\"ReadAction\",\"target\":[\"https:\\\/\\\/gorzow.news\\\/index.php\\\/2025\\\/05\\\/10\\\/scena-na-placu-grunwaldzkim-gotowa-od-16-trzy-koncerty-w-ramach-swieta-wojewodztwa-lubuskiego-co-nas-czeka\\\/\"]}]},{\"@type\":\"ImageObject\",\"inLanguage\":\"pl-PL\",\"@id\":\"https:\\\/\\\/gorzow.news\\\/index.php\\\/2025\\\/05\\\/10\\\/scena-na-placu-grunwaldzkim-gotowa-od-16-trzy-koncerty-w-ramach-swieta-wojewodztwa-lubuskiego-co-nas-czeka\\\/#primaryimage\",\"url\":\"https:\\\/\\\/gorzow.news\\\/wp-content\\\/uploads\\\/2025\\\/05\\\/496004560_1148141797340276_8054582479814153396_n.jpg\",\"contentUrl\":\"https:\\\/\\\/gorzow.news\\\/wp-content\\\/uploads\\\/2025\\\/05\\\/496004560_1148141797340276_8054582479814153396_n.jpg\",\"width\":2048,\"height\":968,\"caption\":\"fot. UM\"},{\"@type\":\"BreadcrumbList\",\"@id\":\"https:\\\/\\\/gorzow.news\\\/index.php\\\/2025\\\/05\\\/10\\\/scena-na-placu-grunwaldzkim-gotowa-od-16-trzy-koncerty-w-ramach-swieta-wojewodztwa-lubuskiego-co-nas-czeka\\\/#breadcrumb\",\"itemListElement\":[{\"@type\":\"ListItem\",\"position\":1,\"name\":\"Home\",\"item\":\"https:\\\/\\\/gorzow.news\\\/\"},{\"@type\":\"ListItem\",\"position\":2,\"name\":\"Scena na placu Grunwaldzkim gotowa. Od 16 trzy koncerty w ramach \u015awi\u0119ta Wojew\u00f3dztwa Lubuskiego! Co nas czeka?\"}]},{\"@type\":\"WebSite\",\"@id\":\"https:\\\/\\\/gorzow.news\\\/#website\",\"url\":\"https:\\\/\\\/gorzow.news\\\/\",\"name\":\"Gorz\u00f3w News\",\"description\":\"Sp\u00f3jrz inaczej na miato i region...\",\"potentialAction\":[{\"@type\":\"SearchAction\",\"target\":{\"@type\":\"EntryPoint\",\"urlTemplate\":\"https:\\\/\\\/gorzow.news\\\/?s={search_term_string}\"},\"query-input\":{\"@type\":\"PropertyValueSpecification\",\"valueRequired\":true,\"valueName\":\"search_term_string\"}}],\"inLanguage\":\"pl-PL\"},{\"@type\":\"Person\",\"@id\":\"https:\\\/\\\/gorzow.news\\\/#\\\/schema\\\/person\\\/a1e5ab43166369f2ce236a1cd90995bb\",\"name\":\"maciej\",\"image\":{\"@type\":\"ImageObject\",\"inLanguage\":\"pl-PL\",\"@id\":\"https:\\\/\\\/secure.gravatar.com\\\/avatar\\\/530a674d56ba60cfa0ef21d74e8e8d123a51bb7aa6580465b5c2ab2c2e980a19?s=96&r=g&d=https:\\\/\\\/gorzow.news\\\/wp-content\\\/plugins\\\/userswp\\\/assets\\\/images\\\/no_profile.png\",\"url\":\"https:\\\/\\\/secure.gravatar.com\\\/avatar\\\/530a674d56ba60cfa0ef21d74e8e8d123a51bb7aa6580465b5c2ab2c2e980a19?s=96&r=g&d=https:\\\/\\\/gorzow.news\\\/wp-content\\\/plugins\\\/userswp\\\/assets\\\/images\\\/no_profile.png\",\"contentUrl\":\"https:\\\/\\\/secure.gravatar.com\\\/avatar\\\/530a674d56ba60cfa0ef21d74e8e8d123a51bb7aa6580465b5c2ab2c2e980a19?s=96&r=g&d=https:\\\/\\\/gorzow.news\\\/wp-content\\\/plugins\\\/userswp\\\/assets\\\/images\\\/no_profile.png\",\"caption\":\"maciej\"},\"url\":\"https:\\\/\\\/gorzow.news\\\/index.php\\\/profile\\\/maciej\\\/\"}]}<\/script>\n<!-- \/ Yoast SEO plugin. -->","yoast_head_json":{"title":"Scena na placu Grunwaldzkim gotowa. Od 16 trzy koncerty w ramach \u015awi\u0119ta Wojew\u00f3dztwa Lubuskiego! Co nas czeka? - Gorz\u00f3w News","description":"Scena na placu Grunwaldzkim ju\u017c rozstawiona. Ju\u017c dzi\u015b od godziny 16:00 pe\u0142ne atrakcji \u015awi\u0119to Wojew\u00f3dztwa Lubuskiego. Na scenie wyst\u0105pi Cyga\u0144s","robots":{"index":"index","follow":"follow","max-snippet":"max-snippet:-1","max-image-preview":"max-image-preview:large","max-video-preview":"max-video-preview:-1"},"canonical":"https:\/\/gorzow.news\/index.php\/2025\/05\/10\/scena-na-placu-grunwaldzkim-gotowa-od-16-trzy-koncerty-w-ramach-swieta-wojewodztwa-lubuskiego-co-nas-czeka\/","og_locale":"pl_PL","og_type":"article","og_title":"Scena na placu Grunwaldzkim gotowa. Od 16 trzy koncerty w ramach \u015awi\u0119ta Wojew\u00f3dztwa Lubuskiego! Co nas czeka? - Gorz\u00f3w News","og_description":"Scena na placu Grunwaldzkim ju\u017c rozstawiona. Ju\u017c dzi\u015b od godziny 16:00 pe\u0142ne atrakcji \u015awi\u0119to Wojew\u00f3dztwa Lubuskiego. Na scenie wyst\u0105pi Cyga\u0144s","og_url":"https:\/\/gorzow.news\/index.php\/2025\/05\/10\/scena-na-placu-grunwaldzkim-gotowa-od-16-trzy-koncerty-w-ramach-swieta-wojewodztwa-lubuskiego-co-nas-czeka\/","og_site_name":"Gorz\u00f3w News","article_publisher":"https:\/\/www.facebook.com\/gorzowskinews","article_published_time":"2025-05-10T10:38:17+00:00","article_modified_time":"2025-05-10T10:38:18+00:00","og_image":[{"width":2048,"height":968,"url":"https:\/\/gorzow.news\/wp-content\/uploads\/2025\/05\/496004560_1148141797340276_8054582479814153396_n.jpg","type":"image\/jpeg"}],"author":"maciej","twitter_card":"summary_large_image","twitter_misc":{"Napisane przez":"maciej","Szacowany czas czytania":"2 minuty"},"schema":{"@context":"https:\/\/schema.org","@graph":[{"@type":"Article","@id":"https:\/\/gorzow.news\/index.php\/2025\/05\/10\/scena-na-placu-grunwaldzkim-gotowa-od-16-trzy-koncerty-w-ramach-swieta-wojewodztwa-lubuskiego-co-nas-czeka\/#article","isPartOf":{"@id":"https:\/\/gorzow.news\/index.php\/2025\/05\/10\/scena-na-placu-grunwaldzkim-gotowa-od-16-trzy-koncerty-w-ramach-swieta-wojewodztwa-lubuskiego-co-nas-czeka\/"},"author":{"name":"maciej","@id":"https:\/\/gorzow.news\/#\/schema\/person\/a1e5ab43166369f2ce236a1cd90995bb"},"headline":"Scena na placu Grunwaldzkim gotowa. Od 16 trzy koncerty w ramach \u015awi\u0119ta Wojew\u00f3dztwa Lubuskiego! Co nas czeka?","datePublished":"2025-05-10T10:38:17+00:00","dateModified":"2025-05-10T10:38:18+00:00","mainEntityOfPage":{"@id":"https:\/\/gorzow.news\/index.php\/2025\/05\/10\/scena-na-placu-grunwaldzkim-gotowa-od-16-trzy-koncerty-w-ramach-swieta-wojewodztwa-lubuskiego-co-nas-czeka\/"},"wordCount":244,"commentCount":0,"image":{"@id":"https:\/\/gorzow.news\/index.php\/2025\/05\/10\/scena-na-placu-grunwaldzkim-gotowa-od-16-trzy-koncerty-w-ramach-swieta-wojewodztwa-lubuskiego-co-nas-czeka\/#primaryimage"},"thumbnailUrl":"https:\/\/gorzow.news\/wp-content\/uploads\/2025\/05\/496004560_1148141797340276_8054582479814153396_n.jpg","keywords":["plac Grunwaldzki","\u015awi\u0119to Wojew\u00f3dztwa Lubuskiego"],"articleSection":["Rozrywka","Wiadomo\u015bci"],"inLanguage":"pl-PL","potentialAction":[{"@type":"CommentAction","name":"Comment","target":["https:\/\/gorzow.news\/index.php\/2025\/05\/10\/scena-na-placu-grunwaldzkim-gotowa-od-16-trzy-koncerty-w-ramach-swieta-wojewodztwa-lubuskiego-co-nas-czeka\/#respond"]}]},{"@type":"WebPage","@id":"https:\/\/gorzow.news\/index.php\/2025\/05\/10\/scena-na-placu-grunwaldzkim-gotowa-od-16-trzy-koncerty-w-ramach-swieta-wojewodztwa-lubuskiego-co-nas-czeka\/","url":"https:\/\/gorzow.news\/index.php\/2025\/05\/10\/scena-na-placu-grunwaldzkim-gotowa-od-16-trzy-koncerty-w-ramach-swieta-wojewodztwa-lubuskiego-co-nas-czeka\/","name":"Scena na placu Grunwaldzkim gotowa. Od 16 trzy koncerty w ramach \u015awi\u0119ta Wojew\u00f3dztwa Lubuskiego! Co nas czeka? - Gorz\u00f3w News","isPartOf":{"@id":"https:\/\/gorzow.news\/#website"},"primaryImageOfPage":{"@id":"https:\/\/gorzow.news\/index.php\/2025\/05\/10\/scena-na-placu-grunwaldzkim-gotowa-od-16-trzy-koncerty-w-ramach-swieta-wojewodztwa-lubuskiego-co-nas-czeka\/#primaryimage"},"image":{"@id":"https:\/\/gorzow.news\/index.php\/2025\/05\/10\/scena-na-placu-grunwaldzkim-gotowa-od-16-trzy-koncerty-w-ramach-swieta-wojewodztwa-lubuskiego-co-nas-czeka\/#primaryimage"},"thumbnailUrl":"https:\/\/gorzow.news\/wp-content\/uploads\/2025\/05\/496004560_1148141797340276_8054582479814153396_n.jpg","datePublished":"2025-05-10T10:38:17+00:00","dateModified":"2025-05-10T10:38:18+00:00","author":{"@id":"https:\/\/gorzow.news\/#\/schema\/person\/a1e5ab43166369f2ce236a1cd90995bb"},"description":"Scena na placu Grunwaldzkim ju\u017c rozstawiona. Ju\u017c dzi\u015b od godziny 16:00 pe\u0142ne atrakcji \u015awi\u0119to Wojew\u00f3dztwa Lubuskiego. Na scenie wyst\u0105pi Cyga\u0144ski Zesp\u00f3\u0142 Terno, Ira i Smolasty. Opr\u00f3cz koncert\u00f3w przygotowano konkursy z nagrodami, stref\u0119 duszka lubuszka, stoiska promocyjne i stref\u0119 gastronomiczn\u0105.","breadcrumb":{"@id":"https:\/\/gorzow.news\/index.php\/2025\/05\/10\/scena-na-placu-grunwaldzkim-gotowa-od-16-trzy-koncerty-w-ramach-swieta-wojewodztwa-lubuskiego-co-nas-czeka\/#breadcrumb"},"inLanguage":"pl-PL","potentialAction":[{"@type":"ReadAction","target":["https:\/\/gorzow.news\/index.php\/2025\/05\/10\/scena-na-placu-grunwaldzkim-gotowa-od-16-trzy-koncerty-w-ramach-swieta-wojewodztwa-lubuskiego-co-nas-czeka\/"]}]},{"@type":"ImageObject","inLanguage":"pl-PL","@id":"https:\/\/gorzow.news\/index.php\/2025\/05\/10\/scena-na-placu-grunwaldzkim-gotowa-od-16-trzy-koncerty-w-ramach-swieta-wojewodztwa-lubuskiego-co-nas-czeka\/#primaryimage","url":"https:\/\/gorzow.news\/wp-content\/uploads\/2025\/05\/496004560_1148141797340276_8054582479814153396_n.jpg","contentUrl":"https:\/\/gorzow.news\/wp-content\/uploads\/2025\/05\/496004560_1148141797340276_8054582479814153396_n.jpg","width":2048,"height":968,"caption":"fot. UM"},{"@type":"BreadcrumbList","@id":"https:\/\/gorzow.news\/index.php\/2025\/05\/10\/scena-na-placu-grunwaldzkim-gotowa-od-16-trzy-koncerty-w-ramach-swieta-wojewodztwa-lubuskiego-co-nas-czeka\/#breadcrumb","itemListElement":[{"@type":"ListItem","position":1,"name":"Home","item":"https:\/\/gorzow.news\/"},{"@type":"ListItem","position":2,"name":"Scena na placu Grunwaldzkim gotowa. Od 16 trzy koncerty w ramach \u015awi\u0119ta Wojew\u00f3dztwa Lubuskiego! Co nas czeka?"}]},{"@type":"WebSite","@id":"https:\/\/gorzow.news\/#website","url":"https:\/\/gorzow.news\/","name":"Gorz\u00f3w News","description":"Sp\u00f3jrz inaczej na miato i region...","potentialAction":[{"@type":"SearchAction","target":{"@type":"EntryPoint","urlTemplate":"https:\/\/gorzow.news\/?s={search_term_string}"},"query-input":{"@type":"PropertyValueSpecification","valueRequired":true,"valueName":"search_term_string"}}],"inLanguage":"pl-PL"},{"@type":"Person","@id":"https:\/\/gorzow.news\/#\/schema\/person\/a1e5ab43166369f2ce236a1cd90995bb","name":"maciej","image":{"@type":"ImageObject","inLanguage":"pl-PL","@id":"https:\/\/secure.gravatar.com\/avatar\/530a674d56ba60cfa0ef21d74e8e8d123a51bb7aa6580465b5c2ab2c2e980a19?s=96&r=g&d=https:\/\/gorzow.news\/wp-content\/plugins\/userswp\/assets\/images\/no_profile.png","url":"https:\/\/secure.gravatar.com\/avatar\/530a674d56ba60cfa0ef21d74e8e8d123a51bb7aa6580465b5c2ab2c2e980a19?s=96&r=g&d=https:\/\/gorzow.news\/wp-content\/plugins\/userswp\/assets\/images\/no_profile.png","contentUrl":"https:\/\/secure.gravatar.com\/avatar\/530a674d56ba60cfa0ef21d74e8e8d123a51bb7aa6580465b5c2ab2c2e980a19?s=96&r=g&d=https:\/\/gorzow.news\/wp-content\/plugins\/userswp\/assets\/images\/no_profile.png","caption":"maciej"},"url":"https:\/\/gorzow.news\/index.php\/profile\/maciej\/"}]}},"_links":{"self":[{"href":"https:\/\/gorzow.news\/index.php\/wp-json\/wp\/v2\/posts\/31760","targetHints":{"allow":["GET"]}}],"collection":[{"href":"https:\/\/gorzow.news\/index.php\/wp-json\/wp\/v2\/posts"}],"about":[{"href":"https:\/\/gorzow.news\/index.php\/wp-json\/wp\/v2\/types\/post"}],"author":[{"embeddable":true,"href":"https:\/\/gorzow.news\/index.php\/wp-json\/wp\/v2\/users\/1"}],"replies":[{"embeddable":true,"href":"https:\/\/gorzow.news\/index.php\/wp-json\/wp\/v2\/comments?post=31760"}],"version-history":[{"count":1,"href":"https:\/\/gorzow.news\/index.php\/wp-json\/wp\/v2\/posts\/31760\/revisions"}],"predecessor-version":[{"id":31762,"href":"https:\/\/gorzow.news\/index.php\/wp-json\/wp\/v2\/posts\/31760\/revisions\/31762"}],"wp:featuredmedia":[{"embeddable":true,"href":"https:\/\/gorzow.news\/index.php\/wp-json\/wp\/v2\/media\/31761"}],"wp:attachment":[{"href":"https:\/\/gorzow.news\/index.php\/wp-json\/wp\/v2\/media?parent=31760"}],"wp:term":[{"taxonomy":"category","embeddable":true,"href":"https:\/\/gorzow.news\/index.php\/wp-json\/wp\/v2\/categories?post=31760"},{"taxonomy":"post_tag","embeddable":true,"href":"https:\/\/gorzow.news\/index.php\/wp-json\/wp\/v2\/tags?post=31760"}],"curies":[{"name":"wp","href":"https:\/\/api.w.org\/{rel}","templated":true}]}}