{"id":31305,"date":"2025-04-23T15:10:00","date_gmt":"2025-04-23T13:10:00","guid":{"rendered":"https:\/\/gorzow.news\/?p=31305"},"modified":"2025-04-25T19:59:36","modified_gmt":"2025-04-25T17:59:36","slug":"brazowy-kask-wielu-liczylo-na-zawodnika-stali-ten-jednak-byl-dopiero-osmy","status":"publish","type":"post","link":"https:\/\/gorzow.news\/index.php\/2025\/04\/23\/brazowy-kask-wielu-liczylo-na-zawodnika-stali-ten-jednak-byl-dopiero-osmy\/","title":{"rendered":"Br\u0105zowy Kask: Wielu liczy\u0142o na zawodnika Stali. Ten jednak by\u0142 dopiero \u00f3smy"},"content":{"rendered":"\n<p><strong>Trzydziestu dw\u00f3ch m\u0142odych zawodnik\u00f3w stan\u0119\u0142o do walki o presti\u017cowe trofeum w kategorii do lat 19. Dwa p\u00f3\u0142fina\u0142y &#8211; w Bydgoszczy oraz w \u015awi\u0119toch\u0142owicach wy\u0142oni\u0142y szesnastu najlepszych. W rozegranym dzi\u015b w Kro\u015bnie finale wielu faworyta do zwyci\u0119stwa widzia\u0142o w zawodniku Stali Gorz\u00f3w &#8211; Oskarze Paluchu. Ten jednak zaj\u0105\u0142 dopiero \u00f3sme miejsce. Zwyci\u0119\u017cy\u0142 zawodnik W\u0142\u00f3kniarza Cz\u0119stochowa &#8211; Franciszek Karczewski. Zawody zacz\u0105\u0142 od zera, jednak w kolejnych czterech biegach na met\u0119 meldowa\u0142 si\u0119 pierwszy i to wystarczy\u0142o, aby dzi\u015b by\u0107 najlepszym.<\/strong><\/p>\n\n\n\n<p><strong>Wyniki:<\/strong><\/p>\n\n\n\n<p>1. Franciszek Karczewski (Krono-Plast W\u0142\u00f3kniarz Cz\u0119stochowa) 12 (0,3,3,3,3)<br>2. Kevin Ma\u0142kiewicz (Bayersystem GKM Grudzi\u0105dz) 11+3 (3,2,2,2,2)<br>3. Kacper Mania (Fogo Unia Leszno) 11+2 (2,3,3,1,2)<br>4. Bartosz Ba\u0144bor (Orlen Oil Motor Lublin) 11+1 (1,2,3,2,3)<br>5. Bartosz Jaworski (Orlen Oil Motor Lublin) 11+0 (3,3,2,0,3)<br>6. Szymon Ludwiczak (Krono-Plast W\u0142\u00f3kniarz Cz\u0119stochowa) 10 (0,2,2,3,3)<br>7. Maksymilian Pawe\u0142czak (Abramczyk Polonia Bydgoszcz) 10 (2,1,3,3,1)<br><strong>8. Oskar Paluch (Gezet Stal Gorz\u00f3w) 10 (2,3,1,2,2)<\/strong><br>9. Kacper Andrzejewski (Abramczyk Polonia Bydgoszcz) 8 (3,0,1,2,2)<br>10. Filip Seniuk (Moonfin Malesa Ostr\u00f3w) 7 (1,1,1,3,1)<br>11. Kacper Halkiewicz (Krono-Plast W\u0142\u00f3kniarz Cz\u0119stochowa) 6 (1,1,2,1,1)<br>12. Mi\u0142osz Grygolec (Cellfast Wilki Krosno) 5 (3,2,w,w,d)<br>13. Franciszek Majewski (Texom Stal Rzesz\u00f3w) 4 (2,1,w,0,1)<br>14. Jan Heleniak (Autona Unia Tarn\u00f3w) 2 (0,0,1,1,w)<br>15. Alan Ciurzy\u0144ski (Krono-Plast W\u0142\u00f3kniarz Cz\u0119stochowa) 1 (1,d,0,u,d)<br>16. Pawe\u0142 Sitek (Moonfin Malesa Ostr\u00f3w) 0 (0,0,d,d,-)<br><strong>17. Hubert Jab\u0142o\u0144ski (Gezet Stal Gorz\u00f3w) 0 (0)<\/strong><br>18. Marcel Kowolik (Betard Sparta Wroc\u0142aw) ns.<\/p>\n\n\n\n<p><strong>Bieg po biegu:<\/strong><br>1. Grygolec, Majewski, Ciurzy\u0144ski, Heleniak<br>2. Jaworski, Mania, Seniuk, Karczewski<br>3. Ma\u0142kiewicz, Pawe\u0142czak, Ba\u0144bor, Ludwiczak<br>4. Andrzejewski, <strong>Paluch<\/strong>, Halkiewicz, Sitek<br>5. Jaworski, Ludwiczak, Halkiewicz, Ciurzy\u0144ski (d)<br>6. Mania, Grygolec, Pawe\u0142czak, Sitek<br>7. <strong>Paluch<\/strong>, Ma\u0142kiewicz, Seniuk, Heleniak<br>8. Karczewski, Ba\u0144bor, Majewski, Andrzejewski<br>9. Mania, Ma\u0142kiewicz, Andrzejewski, Ciurzy\u0144ski<br>10 .Ba\u0144bor, Jaworski, <strong>Paluch<\/strong>, Grygolec (w)<br>11. Karczewski, Ludwiczak, Heleniak, Sitek (d)<br>12. Pawe\u0142czak, Halkiewicz, Seniuk, Majewski (w)<br>13. Seniuk, Ba\u0144bor, Ciurzy\u0144ski (u), Sitek (d)<br>14. Karczewski, Ma\u0142kiewicz, Halkiewicz, Grygolec (w)<br>15. Pawe\u0142czak, Andrzejewski, Heleniak, Jaworski<br>16. Ludwiczak, <strong>Paluch<\/strong>, Mania, Majewski<br>17. Karczewski, <strong>Paluch<\/strong>, Pawe\u0142czak, Ciurzy\u0144ski (d)<br>18. Ludwiczak, Andrzejewski, Seniuk, Grygolec (d)<br>19. Ba\u0144bor, Mania, Halkiewicz, Heleniak (w)<br>20. Jaworski, Ma\u0142kiewicz, Majewski, <strong>Jab\u0142o\u0144ski<\/strong><br>dodatkowy bieg o miejsca 2-5: Ma\u0142kiewicz, Mania, Ba\u0144bor, Jaworski<\/p>\n","protected":false},"excerpt":{"rendered":"<p>Trzydziestu dw\u00f3ch m\u0142odych zawodnik\u00f3w stan\u0119\u0142o do walki o presti\u017cowe trofeum w kategorii do lat 19. Dwa p\u00f3\u0142fina\u0142y &#8211; w Bydgoszczy oraz w \u015awi\u0119toch\u0142owicach wy\u0142oni\u0142y szesnastu najlepszych. W rozegranym dzi\u015b w Kro\u015bnie finale wielu faworyta do zwyci\u0119stwa widzia\u0142o w zawodniku Stali Gorz\u00f3w &#8211; Oskarze Paluchu. Ten jednak zaj\u0105\u0142 dopiero \u00f3sme miejsce. Zwyci\u0119\u017cy\u0142 zawodnik W\u0142\u00f3kniarza Cz\u0119stochowa &#8211; [&hellip;]<\/p>\n","protected":false},"author":1,"featured_media":31306,"comment_status":"open","ping_status":"open","sticky":false,"template":"","format":"standard","meta":{"footnotes":"","_links_to":"","_links_to_target":""},"categories":[3061],"tags":[3398,824],"class_list":{"0":"post-31305","1":"post","2":"type-post","3":"status-publish","4":"format-standard","5":"has-post-thumbnail","7":"category-zuzel","8":"tag-piotr-paluch","9":"tag-stal-gorzow"},"yoast_head":"<!-- This site is optimized with the Yoast SEO plugin v27.3 - https:\/\/yoast.com\/product\/yoast-seo-wordpress\/ -->\n<title>Br\u0105zowy Kask: Wielu liczy\u0142o na zawodnika Stali. Ten jednak by\u0142 dopiero \u00f3smy - Gorz\u00f3w News<\/title>\n<meta name=\"description\" content=\"Trzydziestu dw\u00f3ch m\u0142odych zawodnik\u00f3w stan\u0119\u0142o do walki o presti\u017cowe trofeum w kategorii do lat 19. Dwa p\u00f3\u0142fina\u0142y - w Bydgoszczy oraz w \u015awi\u0119t\" \/>\n<meta name=\"robots\" content=\"index, follow, max-snippet:-1, max-image-preview:large, max-video-preview:-1\" \/>\n<link rel=\"canonical\" href=\"https:\/\/gorzow.news\/index.php\/2025\/04\/23\/brazowy-kask-wielu-liczylo-na-zawodnika-stali-ten-jednak-byl-dopiero-osmy\/\" \/>\n<meta property=\"og:locale\" content=\"pl_PL\" \/>\n<meta property=\"og:type\" content=\"article\" \/>\n<meta property=\"og:title\" content=\"Br\u0105zowy Kask: Wielu liczy\u0142o na zawodnika Stali. Ten jednak by\u0142 dopiero \u00f3smy - Gorz\u00f3w News\" \/>\n<meta property=\"og:description\" content=\"Trzydziestu dw\u00f3ch m\u0142odych zawodnik\u00f3w stan\u0119\u0142o do walki o presti\u017cowe trofeum w kategorii do lat 19. Dwa p\u00f3\u0142fina\u0142y - w Bydgoszczy oraz w \u015awi\u0119t\" \/>\n<meta property=\"og:url\" content=\"https:\/\/gorzow.news\/index.php\/2025\/04\/23\/brazowy-kask-wielu-liczylo-na-zawodnika-stali-ten-jednak-byl-dopiero-osmy\/\" \/>\n<meta property=\"og:site_name\" content=\"Gorz\u00f3w News\" \/>\n<meta property=\"article:publisher\" content=\"https:\/\/www.facebook.com\/gorzowskinews\" \/>\n<meta property=\"article:published_time\" content=\"2025-04-23T13:10:00+00:00\" \/>\n<meta property=\"article:modified_time\" content=\"2025-04-25T17:59:36+00:00\" \/>\n<meta property=\"og:image\" content=\"https:\/\/gorzow.news\/wp-content\/uploads\/2025\/04\/491955517_1264678505658305_6677589639586744025_n.jpg\" \/>\n\t<meta property=\"og:image:width\" content=\"960\" \/>\n\t<meta property=\"og:image:height\" content=\"454\" \/>\n\t<meta property=\"og:image:type\" content=\"image\/jpeg\" \/>\n<meta name=\"author\" content=\"maciej\" \/>\n<meta name=\"twitter:card\" content=\"summary_large_image\" \/>\n<meta name=\"twitter:label1\" content=\"Napisane przez\" \/>\n\t<meta name=\"twitter:data1\" content=\"maciej\" \/>\n\t<meta name=\"twitter:label2\" content=\"Szacowany czas czytania\" \/>\n\t<meta name=\"twitter:data2\" content=\"3 minuty\" \/>\n<script type=\"application\/ld+json\" class=\"yoast-schema-graph\">{\"@context\":\"https:\\\/\\\/schema.org\",\"@graph\":[{\"@type\":\"Article\",\"@id\":\"https:\\\/\\\/gorzow.news\\\/index.php\\\/2025\\\/04\\\/23\\\/brazowy-kask-wielu-liczylo-na-zawodnika-stali-ten-jednak-byl-dopiero-osmy\\\/#article\",\"isPartOf\":{\"@id\":\"https:\\\/\\\/gorzow.news\\\/index.php\\\/2025\\\/04\\\/23\\\/brazowy-kask-wielu-liczylo-na-zawodnika-stali-ten-jednak-byl-dopiero-osmy\\\/\"},\"author\":{\"name\":\"maciej\",\"@id\":\"https:\\\/\\\/gorzow.news\\\/#\\\/schema\\\/person\\\/a1e5ab43166369f2ce236a1cd90995bb\"},\"headline\":\"Br\u0105zowy Kask: Wielu liczy\u0142o na zawodnika Stali. Ten jednak by\u0142 dopiero \u00f3smy\",\"datePublished\":\"2025-04-23T13:10:00+00:00\",\"dateModified\":\"2025-04-25T17:59:36+00:00\",\"mainEntityOfPage\":{\"@id\":\"https:\\\/\\\/gorzow.news\\\/index.php\\\/2025\\\/04\\\/23\\\/brazowy-kask-wielu-liczylo-na-zawodnika-stali-ten-jednak-byl-dopiero-osmy\\\/\"},\"wordCount\":364,\"commentCount\":0,\"image\":{\"@id\":\"https:\\\/\\\/gorzow.news\\\/index.php\\\/2025\\\/04\\\/23\\\/brazowy-kask-wielu-liczylo-na-zawodnika-stali-ten-jednak-byl-dopiero-osmy\\\/#primaryimage\"},\"thumbnailUrl\":\"https:\\\/\\\/gorzow.news\\\/wp-content\\\/uploads\\\/2025\\\/04\\\/491955517_1264678505658305_6677589639586744025_n.jpg\",\"keywords\":[\"Piotr Paluch\",\"Stal Gorz\u00f3w\"],\"articleSection\":[\"\u017bu\u017cel\"],\"inLanguage\":\"pl-PL\",\"potentialAction\":[{\"@type\":\"CommentAction\",\"name\":\"Comment\",\"target\":[\"https:\\\/\\\/gorzow.news\\\/index.php\\\/2025\\\/04\\\/23\\\/brazowy-kask-wielu-liczylo-na-zawodnika-stali-ten-jednak-byl-dopiero-osmy\\\/#respond\"]}]},{\"@type\":\"WebPage\",\"@id\":\"https:\\\/\\\/gorzow.news\\\/index.php\\\/2025\\\/04\\\/23\\\/brazowy-kask-wielu-liczylo-na-zawodnika-stali-ten-jednak-byl-dopiero-osmy\\\/\",\"url\":\"https:\\\/\\\/gorzow.news\\\/index.php\\\/2025\\\/04\\\/23\\\/brazowy-kask-wielu-liczylo-na-zawodnika-stali-ten-jednak-byl-dopiero-osmy\\\/\",\"name\":\"Br\u0105zowy Kask: Wielu liczy\u0142o na zawodnika Stali. Ten jednak by\u0142 dopiero \u00f3smy - Gorz\u00f3w News\",\"isPartOf\":{\"@id\":\"https:\\\/\\\/gorzow.news\\\/#website\"},\"primaryImageOfPage\":{\"@id\":\"https:\\\/\\\/gorzow.news\\\/index.php\\\/2025\\\/04\\\/23\\\/brazowy-kask-wielu-liczylo-na-zawodnika-stali-ten-jednak-byl-dopiero-osmy\\\/#primaryimage\"},\"image\":{\"@id\":\"https:\\\/\\\/gorzow.news\\\/index.php\\\/2025\\\/04\\\/23\\\/brazowy-kask-wielu-liczylo-na-zawodnika-stali-ten-jednak-byl-dopiero-osmy\\\/#primaryimage\"},\"thumbnailUrl\":\"https:\\\/\\\/gorzow.news\\\/wp-content\\\/uploads\\\/2025\\\/04\\\/491955517_1264678505658305_6677589639586744025_n.jpg\",\"datePublished\":\"2025-04-23T13:10:00+00:00\",\"dateModified\":\"2025-04-25T17:59:36+00:00\",\"author\":{\"@id\":\"https:\\\/\\\/gorzow.news\\\/#\\\/schema\\\/person\\\/a1e5ab43166369f2ce236a1cd90995bb\"},\"description\":\"Trzydziestu dw\u00f3ch m\u0142odych zawodnik\u00f3w stan\u0119\u0142o do walki o presti\u017cowe trofeum w kategorii do lat 19. Dwa p\u00f3\u0142fina\u0142y - w Bydgoszczy oraz w \u015awi\u0119toch\u0142owicach wy\u0142oni\u0142y szesnastu najlepszych. W rozegranym dzi\u015b w Kro\u015bnie finale wielu faworyta do zwyci\u0119stwa widzia\u0142o w zawodniku Stali Gorz\u00f3w - Oskarze Paluchu. Ten jednak zaj\u0105\u0142 dopiero \u00f3sme miejsce. Zwyci\u0119\u017cy\u0142 zawodnik W\u0142\u00f3kniarza Cz\u0119stochowa - Franciszek Karczewski. Zawody zacz\u0105\u0142 od zera, jednak w kolejnych czterech biegach na met\u0119 meldowa\u0142 si\u0119 pierwszy i to wystarczy\u0142o, aby dzi\u015b by\u0107 najlepszym.\",\"breadcrumb\":{\"@id\":\"https:\\\/\\\/gorzow.news\\\/index.php\\\/2025\\\/04\\\/23\\\/brazowy-kask-wielu-liczylo-na-zawodnika-stali-ten-jednak-byl-dopiero-osmy\\\/#breadcrumb\"},\"inLanguage\":\"pl-PL\",\"potentialAction\":[{\"@type\":\"ReadAction\",\"target\":[\"https:\\\/\\\/gorzow.news\\\/index.php\\\/2025\\\/04\\\/23\\\/brazowy-kask-wielu-liczylo-na-zawodnika-stali-ten-jednak-byl-dopiero-osmy\\\/\"]}]},{\"@type\":\"ImageObject\",\"inLanguage\":\"pl-PL\",\"@id\":\"https:\\\/\\\/gorzow.news\\\/index.php\\\/2025\\\/04\\\/23\\\/brazowy-kask-wielu-liczylo-na-zawodnika-stali-ten-jednak-byl-dopiero-osmy\\\/#primaryimage\",\"url\":\"https:\\\/\\\/gorzow.news\\\/wp-content\\\/uploads\\\/2025\\\/04\\\/491955517_1264678505658305_6677589639586744025_n.jpg\",\"contentUrl\":\"https:\\\/\\\/gorzow.news\\\/wp-content\\\/uploads\\\/2025\\\/04\\\/491955517_1264678505658305_6677589639586744025_n.jpg\",\"width\":960,\"height\":454,\"caption\":\"fot. Marcin Ima\u0144ski \\\/ Stal\"},{\"@type\":\"BreadcrumbList\",\"@id\":\"https:\\\/\\\/gorzow.news\\\/index.php\\\/2025\\\/04\\\/23\\\/brazowy-kask-wielu-liczylo-na-zawodnika-stali-ten-jednak-byl-dopiero-osmy\\\/#breadcrumb\",\"itemListElement\":[{\"@type\":\"ListItem\",\"position\":1,\"name\":\"Home\",\"item\":\"https:\\\/\\\/gorzow.news\\\/\"},{\"@type\":\"ListItem\",\"position\":2,\"name\":\"Br\u0105zowy Kask: Wielu liczy\u0142o na zawodnika Stali. Ten jednak by\u0142 dopiero \u00f3smy\"}]},{\"@type\":\"WebSite\",\"@id\":\"https:\\\/\\\/gorzow.news\\\/#website\",\"url\":\"https:\\\/\\\/gorzow.news\\\/\",\"name\":\"Gorz\u00f3w News\",\"description\":\"Sp\u00f3jrz inaczej na miato i region...\",\"potentialAction\":[{\"@type\":\"SearchAction\",\"target\":{\"@type\":\"EntryPoint\",\"urlTemplate\":\"https:\\\/\\\/gorzow.news\\\/?s={search_term_string}\"},\"query-input\":{\"@type\":\"PropertyValueSpecification\",\"valueRequired\":true,\"valueName\":\"search_term_string\"}}],\"inLanguage\":\"pl-PL\"},{\"@type\":\"Person\",\"@id\":\"https:\\\/\\\/gorzow.news\\\/#\\\/schema\\\/person\\\/a1e5ab43166369f2ce236a1cd90995bb\",\"name\":\"maciej\",\"image\":{\"@type\":\"ImageObject\",\"inLanguage\":\"pl-PL\",\"@id\":\"https:\\\/\\\/secure.gravatar.com\\\/avatar\\\/530a674d56ba60cfa0ef21d74e8e8d123a51bb7aa6580465b5c2ab2c2e980a19?s=96&r=g&d=https:\\\/\\\/gorzow.news\\\/wp-content\\\/plugins\\\/userswp\\\/assets\\\/images\\\/no_profile.png\",\"url\":\"https:\\\/\\\/secure.gravatar.com\\\/avatar\\\/530a674d56ba60cfa0ef21d74e8e8d123a51bb7aa6580465b5c2ab2c2e980a19?s=96&r=g&d=https:\\\/\\\/gorzow.news\\\/wp-content\\\/plugins\\\/userswp\\\/assets\\\/images\\\/no_profile.png\",\"contentUrl\":\"https:\\\/\\\/secure.gravatar.com\\\/avatar\\\/530a674d56ba60cfa0ef21d74e8e8d123a51bb7aa6580465b5c2ab2c2e980a19?s=96&r=g&d=https:\\\/\\\/gorzow.news\\\/wp-content\\\/plugins\\\/userswp\\\/assets\\\/images\\\/no_profile.png\",\"caption\":\"maciej\"},\"url\":\"https:\\\/\\\/gorzow.news\\\/index.php\\\/profile\\\/maciej\\\/\"}]}<\/script>\n<!-- \/ Yoast SEO plugin. -->","yoast_head_json":{"title":"Br\u0105zowy Kask: Wielu liczy\u0142o na zawodnika Stali. Ten jednak by\u0142 dopiero \u00f3smy - Gorz\u00f3w News","description":"Trzydziestu dw\u00f3ch m\u0142odych zawodnik\u00f3w stan\u0119\u0142o do walki o presti\u017cowe trofeum w kategorii do lat 19. Dwa p\u00f3\u0142fina\u0142y - w Bydgoszczy oraz w \u015awi\u0119t","robots":{"index":"index","follow":"follow","max-snippet":"max-snippet:-1","max-image-preview":"max-image-preview:large","max-video-preview":"max-video-preview:-1"},"canonical":"https:\/\/gorzow.news\/index.php\/2025\/04\/23\/brazowy-kask-wielu-liczylo-na-zawodnika-stali-ten-jednak-byl-dopiero-osmy\/","og_locale":"pl_PL","og_type":"article","og_title":"Br\u0105zowy Kask: Wielu liczy\u0142o na zawodnika Stali. Ten jednak by\u0142 dopiero \u00f3smy - Gorz\u00f3w News","og_description":"Trzydziestu dw\u00f3ch m\u0142odych zawodnik\u00f3w stan\u0119\u0142o do walki o presti\u017cowe trofeum w kategorii do lat 19. Dwa p\u00f3\u0142fina\u0142y - w Bydgoszczy oraz w \u015awi\u0119t","og_url":"https:\/\/gorzow.news\/index.php\/2025\/04\/23\/brazowy-kask-wielu-liczylo-na-zawodnika-stali-ten-jednak-byl-dopiero-osmy\/","og_site_name":"Gorz\u00f3w News","article_publisher":"https:\/\/www.facebook.com\/gorzowskinews","article_published_time":"2025-04-23T13:10:00+00:00","article_modified_time":"2025-04-25T17:59:36+00:00","og_image":[{"width":960,"height":454,"url":"https:\/\/gorzow.news\/wp-content\/uploads\/2025\/04\/491955517_1264678505658305_6677589639586744025_n.jpg","type":"image\/jpeg"}],"author":"maciej","twitter_card":"summary_large_image","twitter_misc":{"Napisane przez":"maciej","Szacowany czas czytania":"3 minuty"},"schema":{"@context":"https:\/\/schema.org","@graph":[{"@type":"Article","@id":"https:\/\/gorzow.news\/index.php\/2025\/04\/23\/brazowy-kask-wielu-liczylo-na-zawodnika-stali-ten-jednak-byl-dopiero-osmy\/#article","isPartOf":{"@id":"https:\/\/gorzow.news\/index.php\/2025\/04\/23\/brazowy-kask-wielu-liczylo-na-zawodnika-stali-ten-jednak-byl-dopiero-osmy\/"},"author":{"name":"maciej","@id":"https:\/\/gorzow.news\/#\/schema\/person\/a1e5ab43166369f2ce236a1cd90995bb"},"headline":"Br\u0105zowy Kask: Wielu liczy\u0142o na zawodnika Stali. Ten jednak by\u0142 dopiero \u00f3smy","datePublished":"2025-04-23T13:10:00+00:00","dateModified":"2025-04-25T17:59:36+00:00","mainEntityOfPage":{"@id":"https:\/\/gorzow.news\/index.php\/2025\/04\/23\/brazowy-kask-wielu-liczylo-na-zawodnika-stali-ten-jednak-byl-dopiero-osmy\/"},"wordCount":364,"commentCount":0,"image":{"@id":"https:\/\/gorzow.news\/index.php\/2025\/04\/23\/brazowy-kask-wielu-liczylo-na-zawodnika-stali-ten-jednak-byl-dopiero-osmy\/#primaryimage"},"thumbnailUrl":"https:\/\/gorzow.news\/wp-content\/uploads\/2025\/04\/491955517_1264678505658305_6677589639586744025_n.jpg","keywords":["Piotr Paluch","Stal Gorz\u00f3w"],"articleSection":["\u017bu\u017cel"],"inLanguage":"pl-PL","potentialAction":[{"@type":"CommentAction","name":"Comment","target":["https:\/\/gorzow.news\/index.php\/2025\/04\/23\/brazowy-kask-wielu-liczylo-na-zawodnika-stali-ten-jednak-byl-dopiero-osmy\/#respond"]}]},{"@type":"WebPage","@id":"https:\/\/gorzow.news\/index.php\/2025\/04\/23\/brazowy-kask-wielu-liczylo-na-zawodnika-stali-ten-jednak-byl-dopiero-osmy\/","url":"https:\/\/gorzow.news\/index.php\/2025\/04\/23\/brazowy-kask-wielu-liczylo-na-zawodnika-stali-ten-jednak-byl-dopiero-osmy\/","name":"Br\u0105zowy Kask: Wielu liczy\u0142o na zawodnika Stali. Ten jednak by\u0142 dopiero \u00f3smy - Gorz\u00f3w News","isPartOf":{"@id":"https:\/\/gorzow.news\/#website"},"primaryImageOfPage":{"@id":"https:\/\/gorzow.news\/index.php\/2025\/04\/23\/brazowy-kask-wielu-liczylo-na-zawodnika-stali-ten-jednak-byl-dopiero-osmy\/#primaryimage"},"image":{"@id":"https:\/\/gorzow.news\/index.php\/2025\/04\/23\/brazowy-kask-wielu-liczylo-na-zawodnika-stali-ten-jednak-byl-dopiero-osmy\/#primaryimage"},"thumbnailUrl":"https:\/\/gorzow.news\/wp-content\/uploads\/2025\/04\/491955517_1264678505658305_6677589639586744025_n.jpg","datePublished":"2025-04-23T13:10:00+00:00","dateModified":"2025-04-25T17:59:36+00:00","author":{"@id":"https:\/\/gorzow.news\/#\/schema\/person\/a1e5ab43166369f2ce236a1cd90995bb"},"description":"Trzydziestu dw\u00f3ch m\u0142odych zawodnik\u00f3w stan\u0119\u0142o do walki o presti\u017cowe trofeum w kategorii do lat 19. Dwa p\u00f3\u0142fina\u0142y - w Bydgoszczy oraz w \u015awi\u0119toch\u0142owicach wy\u0142oni\u0142y szesnastu najlepszych. W rozegranym dzi\u015b w Kro\u015bnie finale wielu faworyta do zwyci\u0119stwa widzia\u0142o w zawodniku Stali Gorz\u00f3w - Oskarze Paluchu. Ten jednak zaj\u0105\u0142 dopiero \u00f3sme miejsce. Zwyci\u0119\u017cy\u0142 zawodnik W\u0142\u00f3kniarza Cz\u0119stochowa - Franciszek Karczewski. Zawody zacz\u0105\u0142 od zera, jednak w kolejnych czterech biegach na met\u0119 meldowa\u0142 si\u0119 pierwszy i to wystarczy\u0142o, aby dzi\u015b by\u0107 najlepszym.","breadcrumb":{"@id":"https:\/\/gorzow.news\/index.php\/2025\/04\/23\/brazowy-kask-wielu-liczylo-na-zawodnika-stali-ten-jednak-byl-dopiero-osmy\/#breadcrumb"},"inLanguage":"pl-PL","potentialAction":[{"@type":"ReadAction","target":["https:\/\/gorzow.news\/index.php\/2025\/04\/23\/brazowy-kask-wielu-liczylo-na-zawodnika-stali-ten-jednak-byl-dopiero-osmy\/"]}]},{"@type":"ImageObject","inLanguage":"pl-PL","@id":"https:\/\/gorzow.news\/index.php\/2025\/04\/23\/brazowy-kask-wielu-liczylo-na-zawodnika-stali-ten-jednak-byl-dopiero-osmy\/#primaryimage","url":"https:\/\/gorzow.news\/wp-content\/uploads\/2025\/04\/491955517_1264678505658305_6677589639586744025_n.jpg","contentUrl":"https:\/\/gorzow.news\/wp-content\/uploads\/2025\/04\/491955517_1264678505658305_6677589639586744025_n.jpg","width":960,"height":454,"caption":"fot. Marcin Ima\u0144ski \/ Stal"},{"@type":"BreadcrumbList","@id":"https:\/\/gorzow.news\/index.php\/2025\/04\/23\/brazowy-kask-wielu-liczylo-na-zawodnika-stali-ten-jednak-byl-dopiero-osmy\/#breadcrumb","itemListElement":[{"@type":"ListItem","position":1,"name":"Home","item":"https:\/\/gorzow.news\/"},{"@type":"ListItem","position":2,"name":"Br\u0105zowy Kask: Wielu liczy\u0142o na zawodnika Stali. Ten jednak by\u0142 dopiero \u00f3smy"}]},{"@type":"WebSite","@id":"https:\/\/gorzow.news\/#website","url":"https:\/\/gorzow.news\/","name":"Gorz\u00f3w News","description":"Sp\u00f3jrz inaczej na miato i region...","potentialAction":[{"@type":"SearchAction","target":{"@type":"EntryPoint","urlTemplate":"https:\/\/gorzow.news\/?s={search_term_string}"},"query-input":{"@type":"PropertyValueSpecification","valueRequired":true,"valueName":"search_term_string"}}],"inLanguage":"pl-PL"},{"@type":"Person","@id":"https:\/\/gorzow.news\/#\/schema\/person\/a1e5ab43166369f2ce236a1cd90995bb","name":"maciej","image":{"@type":"ImageObject","inLanguage":"pl-PL","@id":"https:\/\/secure.gravatar.com\/avatar\/530a674d56ba60cfa0ef21d74e8e8d123a51bb7aa6580465b5c2ab2c2e980a19?s=96&r=g&d=https:\/\/gorzow.news\/wp-content\/plugins\/userswp\/assets\/images\/no_profile.png","url":"https:\/\/secure.gravatar.com\/avatar\/530a674d56ba60cfa0ef21d74e8e8d123a51bb7aa6580465b5c2ab2c2e980a19?s=96&r=g&d=https:\/\/gorzow.news\/wp-content\/plugins\/userswp\/assets\/images\/no_profile.png","contentUrl":"https:\/\/secure.gravatar.com\/avatar\/530a674d56ba60cfa0ef21d74e8e8d123a51bb7aa6580465b5c2ab2c2e980a19?s=96&r=g&d=https:\/\/gorzow.news\/wp-content\/plugins\/userswp\/assets\/images\/no_profile.png","caption":"maciej"},"url":"https:\/\/gorzow.news\/index.php\/profile\/maciej\/"}]}},"_links":{"self":[{"href":"https:\/\/gorzow.news\/index.php\/wp-json\/wp\/v2\/posts\/31305","targetHints":{"allow":["GET"]}}],"collection":[{"href":"https:\/\/gorzow.news\/index.php\/wp-json\/wp\/v2\/posts"}],"about":[{"href":"https:\/\/gorzow.news\/index.php\/wp-json\/wp\/v2\/types\/post"}],"author":[{"embeddable":true,"href":"https:\/\/gorzow.news\/index.php\/wp-json\/wp\/v2\/users\/1"}],"replies":[{"embeddable":true,"href":"https:\/\/gorzow.news\/index.php\/wp-json\/wp\/v2\/comments?post=31305"}],"version-history":[{"count":1,"href":"https:\/\/gorzow.news\/index.php\/wp-json\/wp\/v2\/posts\/31305\/revisions"}],"predecessor-version":[{"id":31307,"href":"https:\/\/gorzow.news\/index.php\/wp-json\/wp\/v2\/posts\/31305\/revisions\/31307"}],"wp:featuredmedia":[{"embeddable":true,"href":"https:\/\/gorzow.news\/index.php\/wp-json\/wp\/v2\/media\/31306"}],"wp:attachment":[{"href":"https:\/\/gorzow.news\/index.php\/wp-json\/wp\/v2\/media?parent=31305"}],"wp:term":[{"taxonomy":"category","embeddable":true,"href":"https:\/\/gorzow.news\/index.php\/wp-json\/wp\/v2\/categories?post=31305"},{"taxonomy":"post_tag","embeddable":true,"href":"https:\/\/gorzow.news\/index.php\/wp-json\/wp\/v2\/tags?post=31305"}],"curies":[{"name":"wp","href":"https:\/\/api.w.org\/{rel}","templated":true}]}}