{"id":3038,"date":"2021-09-02T01:29:17","date_gmt":"2021-09-01T23:29:17","guid":{"rendered":"https:\/\/gorzow.news\/?p=3038"},"modified":"2023-09-18T20:24:36","modified_gmt":"2023-09-18T18:24:36","slug":"w-pasazu-tesco-juz-nie-ma-czego-szukac-zdjecia","status":"publish","type":"post","link":"https:\/\/gorzow.news\/index.php\/2021\/09\/02\/w-pasazu-tesco-juz-nie-ma-czego-szukac-zdjecia\/","title":{"rendered":"W pasa\u017cu Tesco ju\u017c nie ma czego szuka\u0107! (zdj\u0119cia)"},"content":{"rendered":"\n<p><strong>Tesco przy ul. G\u00f3rczy\u0144skiej zosta\u0142o zamkni\u0119te dwa tygodnie temu. Sklepy w pasa\u017cu handlowym, jak si\u0119 okaza\u0142o mog\u0142y dzia\u0142a\u0107 do ko\u0144ca pa\u017adziernika tego roku. Nie ma tu jednak ju\u017c klient\u00f3w. Punkty handlowe i us\u0142ugowe zamykaj\u0105 si\u0119 jeden po drugim.<\/strong><\/p>\n\n\n\n<p>O terminie zamkni\u0119cia ostatniego sklepu sieci Tesco w Gorzowie informowali\u015bmy jako pierwsi w tek\u015bcie &#8211; <a href=\"https:\/\/gorzow.news\/index.php\/2021\/07\/27\/jest-termin-zamkniecia-tesco-na-gorczynskiej-trwa-wyprzedaz-mozna-kupic-doslownie-wszystko\/\">Jest termin zamkni\u0119cia Tesco na G\u00f3rczy\u0144skiej! Trwa wyprzeda\u017c! Mo\u017cna kupi\u0107 dos\u0142ownie wszystko!<\/a><\/p>\n\n\n\n<p>Dzi\u015b po Tesco przy ul. G\u00f3rczy\u0144skiej nie ma ju\u017c prawie \u015bladu. Na zewn\u0105trz budynku zdemontowano wszystkie oznaczenia marki. Znikn\u0119\u0142y r\u00f3wnie\u017c wszystkie budki na w\u00f3zki. Na parkingu nie dzia\u0142a ju\u017c tak\u017ce komis samochodowy.<\/p>\n\n\n\n<p>Co s\u0142ycha\u0107 w \u015brodku budynku? Po Tesco te\u017c tu ju\u017c trudno szuka\u0107 \u015blad\u00f3w. Wi\u0119kszo\u015b\u0107 wyposa\u017cenia zosta\u0142a sprzedana lokalnym przedsi\u0119biorcom. G\u0142\u00f3wna hala zosta\u0142a oddzielona od pasa\u017cu pozosta\u0142ymi rega\u0142ami. Firmy, kt\u00f3re przez lata prowadzi\u0142y tutaj swoj\u0105 dzia\u0142alno\u015b\u0107 mog\u0142y j\u0105 kontynuowa\u0107 do ko\u0144ca pa\u017adziernika tego roku. Czyli jeszcze przez dwa miesi\u0105ce. Jak si\u0119 jednak okazuje po zamkni\u0119ciu Tesco ilo\u015b\u0107 klient\u00f3w, kt\u00f3rych wcze\u015bniej i tak by\u0142o ma\u0142o, teraz nie ma praktycznie wcale.<\/p>\n\n\n\n<p>Do wczoraj funkcjonowa\u0142y tu jeszcze dwa punkty: us\u0142ugi dorabiania kluczy i akcesoria do kom\u00f3rek. Reszta by\u0142a ju\u017c zamkni\u0119ta lub w\u0142a\u015bnie si\u0119 zamyka\u0142a. Mo\u017cliwe, \u017ce dzi\u015b nie dzia\u0142a ju\u017c \u017caden\u2026<\/p>\n\n\n\n<p>Co stanie si\u0119 z budynkiem i terenem po Tesco? Jego w\u0142a\u015bcicielem obecnie jest du\u0144ska firma, w\u0142a\u015bciciel sieci Netto. Ta otwiera\u0107 dyskontu w tej lokalizacji nie zamierza. Budynek jest zbyt du\u017cy i do tego ju\u017c stosunkowo stary\u2026 Zostanie on zapewne wystawiony na sprzeda\u017c. Czy kto\u015b zainwestuje tu w nowe sklepy? Trudno powiedzie\u0107. Bardziej prawdopodobne wydaje si\u0119, \u017ce dzia\u0142ka trafi w r\u0119ce dewelopera i powstanie tu osiedle.<\/p>\n\n\n\n<p><strong>Aktualne zdj\u0119cia:<\/strong><\/p>\n\n\n\n<figure class=\"wp-block-image size-large\"><img loading=\"lazy\" decoding=\"async\" width=\"1024\" height=\"485\" src=\"https:\/\/gorzow.news\/wp-content\/uploads\/2021\/09\/IMG_20210831_162844-1-1024x485.jpg\" alt=\"\" class=\"wp-image-3049\" srcset=\"https:\/\/gorzow.news\/wp-content\/uploads\/2021\/09\/IMG_20210831_162844-1-1024x485.jpg 1024w, https:\/\/gorzow.news\/wp-content\/uploads\/2021\/09\/IMG_20210831_162844-1-300x142.jpg 300w, https:\/\/gorzow.news\/wp-content\/uploads\/2021\/09\/IMG_20210831_162844-1-768x363.jpg 768w, https:\/\/gorzow.news\/wp-content\/uploads\/2021\/09\/IMG_20210831_162844-1-1536x727.jpg 1536w, https:\/\/gorzow.news\/wp-content\/uploads\/2021\/09\/IMG_20210831_162844-1-2048x969.jpg 2048w, https:\/\/gorzow.news\/wp-content\/uploads\/2021\/09\/IMG_20210831_162844-1-696x329.jpg 696w, https:\/\/gorzow.news\/wp-content\/uploads\/2021\/09\/IMG_20210831_162844-1-1068x505.jpg 1068w, https:\/\/gorzow.news\/wp-content\/uploads\/2021\/09\/IMG_20210831_162844-1-1920x909.jpg 1920w\" sizes=\"auto, (max-width: 1024px) 100vw, 1024px\" \/><\/figure>\n\n\n\n<figure class=\"wp-block-image size-large\"><img loading=\"lazy\" decoding=\"async\" width=\"1024\" height=\"485\" src=\"https:\/\/gorzow.news\/wp-content\/uploads\/2021\/09\/IMG_20210831_162917-1-1024x485.jpg\" alt=\"\" class=\"wp-image-3050\" srcset=\"https:\/\/gorzow.news\/wp-content\/uploads\/2021\/09\/IMG_20210831_162917-1-1024x485.jpg 1024w, https:\/\/gorzow.news\/wp-content\/uploads\/2021\/09\/IMG_20210831_162917-1-300x142.jpg 300w, https:\/\/gorzow.news\/wp-content\/uploads\/2021\/09\/IMG_20210831_162917-1-768x363.jpg 768w, https:\/\/gorzow.news\/wp-content\/uploads\/2021\/09\/IMG_20210831_162917-1-1536x727.jpg 1536w, https:\/\/gorzow.news\/wp-content\/uploads\/2021\/09\/IMG_20210831_162917-1-2048x969.jpg 2048w, https:\/\/gorzow.news\/wp-content\/uploads\/2021\/09\/IMG_20210831_162917-1-696x329.jpg 696w, https:\/\/gorzow.news\/wp-content\/uploads\/2021\/09\/IMG_20210831_162917-1-1068x505.jpg 1068w, https:\/\/gorzow.news\/wp-content\/uploads\/2021\/09\/IMG_20210831_162917-1-1920x909.jpg 1920w\" sizes=\"auto, (max-width: 1024px) 100vw, 1024px\" \/><\/figure>\n\n\n\n<figure class=\"wp-block-image size-large\"><img loading=\"lazy\" decoding=\"async\" width=\"1024\" height=\"485\" src=\"https:\/\/gorzow.news\/wp-content\/uploads\/2021\/09\/IMG_20210831_162945-1-1024x485.jpg\" alt=\"\" class=\"wp-image-3051\" srcset=\"https:\/\/gorzow.news\/wp-content\/uploads\/2021\/09\/IMG_20210831_162945-1-1024x485.jpg 1024w, https:\/\/gorzow.news\/wp-content\/uploads\/2021\/09\/IMG_20210831_162945-1-300x142.jpg 300w, https:\/\/gorzow.news\/wp-content\/uploads\/2021\/09\/IMG_20210831_162945-1-768x363.jpg 768w, https:\/\/gorzow.news\/wp-content\/uploads\/2021\/09\/IMG_20210831_162945-1-1536x727.jpg 1536w, https:\/\/gorzow.news\/wp-content\/uploads\/2021\/09\/IMG_20210831_162945-1-2048x969.jpg 2048w, https:\/\/gorzow.news\/wp-content\/uploads\/2021\/09\/IMG_20210831_162945-1-696x329.jpg 696w, https:\/\/gorzow.news\/wp-content\/uploads\/2021\/09\/IMG_20210831_162945-1-1068x505.jpg 1068w, https:\/\/gorzow.news\/wp-content\/uploads\/2021\/09\/IMG_20210831_162945-1-1920x909.jpg 1920w\" sizes=\"auto, (max-width: 1024px) 100vw, 1024px\" \/><\/figure>\n\n\n\n<figure class=\"wp-block-image size-large\"><img loading=\"lazy\" decoding=\"async\" width=\"1024\" height=\"485\" src=\"https:\/\/gorzow.news\/wp-content\/uploads\/2021\/09\/IMG_20210831_163027_1-1-1024x485.jpg\" alt=\"\" class=\"wp-image-3052\" srcset=\"https:\/\/gorzow.news\/wp-content\/uploads\/2021\/09\/IMG_20210831_163027_1-1-1024x485.jpg 1024w, https:\/\/gorzow.news\/wp-content\/uploads\/2021\/09\/IMG_20210831_163027_1-1-300x142.jpg 300w, https:\/\/gorzow.news\/wp-content\/uploads\/2021\/09\/IMG_20210831_163027_1-1-768x363.jpg 768w, https:\/\/gorzow.news\/wp-content\/uploads\/2021\/09\/IMG_20210831_163027_1-1-1536x727.jpg 1536w, https:\/\/gorzow.news\/wp-content\/uploads\/2021\/09\/IMG_20210831_163027_1-1-2048x969.jpg 2048w, https:\/\/gorzow.news\/wp-content\/uploads\/2021\/09\/IMG_20210831_163027_1-1-696x329.jpg 696w, https:\/\/gorzow.news\/wp-content\/uploads\/2021\/09\/IMG_20210831_163027_1-1-1068x505.jpg 1068w, https:\/\/gorzow.news\/wp-content\/uploads\/2021\/09\/IMG_20210831_163027_1-1-1920x909.jpg 1920w\" sizes=\"auto, (max-width: 1024px) 100vw, 1024px\" \/><\/figure>\n\n\n\n<figure class=\"wp-block-image size-large\"><img loading=\"lazy\" decoding=\"async\" width=\"1024\" height=\"485\" src=\"https:\/\/gorzow.news\/wp-content\/uploads\/2021\/09\/IMG_20210831_163048-1-1024x485.jpg\" alt=\"\" class=\"wp-image-3053\" srcset=\"https:\/\/gorzow.news\/wp-content\/uploads\/2021\/09\/IMG_20210831_163048-1-1024x485.jpg 1024w, https:\/\/gorzow.news\/wp-content\/uploads\/2021\/09\/IMG_20210831_163048-1-300x142.jpg 300w, https:\/\/gorzow.news\/wp-content\/uploads\/2021\/09\/IMG_20210831_163048-1-768x363.jpg 768w, https:\/\/gorzow.news\/wp-content\/uploads\/2021\/09\/IMG_20210831_163048-1-1536x727.jpg 1536w, https:\/\/gorzow.news\/wp-content\/uploads\/2021\/09\/IMG_20210831_163048-1-2048x969.jpg 2048w, https:\/\/gorzow.news\/wp-content\/uploads\/2021\/09\/IMG_20210831_163048-1-696x329.jpg 696w, https:\/\/gorzow.news\/wp-content\/uploads\/2021\/09\/IMG_20210831_163048-1-1068x505.jpg 1068w, https:\/\/gorzow.news\/wp-content\/uploads\/2021\/09\/IMG_20210831_163048-1-1920x909.jpg 1920w\" sizes=\"auto, (max-width: 1024px) 100vw, 1024px\" \/><\/figure>\n\n\n\n<figure class=\"wp-block-image size-large\"><img loading=\"lazy\" decoding=\"async\" width=\"1024\" height=\"485\" src=\"https:\/\/gorzow.news\/wp-content\/uploads\/2021\/09\/IMG_20210831_163151-1-1024x485.jpg\" alt=\"\" class=\"wp-image-3054\" srcset=\"https:\/\/gorzow.news\/wp-content\/uploads\/2021\/09\/IMG_20210831_163151-1-1024x485.jpg 1024w, https:\/\/gorzow.news\/wp-content\/uploads\/2021\/09\/IMG_20210831_163151-1-300x142.jpg 300w, https:\/\/gorzow.news\/wp-content\/uploads\/2021\/09\/IMG_20210831_163151-1-768x363.jpg 768w, https:\/\/gorzow.news\/wp-content\/uploads\/2021\/09\/IMG_20210831_163151-1-1536x727.jpg 1536w, https:\/\/gorzow.news\/wp-content\/uploads\/2021\/09\/IMG_20210831_163151-1-2048x969.jpg 2048w, https:\/\/gorzow.news\/wp-content\/uploads\/2021\/09\/IMG_20210831_163151-1-696x329.jpg 696w, https:\/\/gorzow.news\/wp-content\/uploads\/2021\/09\/IMG_20210831_163151-1-1068x505.jpg 1068w, https:\/\/gorzow.news\/wp-content\/uploads\/2021\/09\/IMG_20210831_163151-1-1920x909.jpg 1920w\" sizes=\"auto, (max-width: 1024px) 100vw, 1024px\" \/><\/figure>\n\n\n\n<figure class=\"wp-block-image size-large\"><img loading=\"lazy\" decoding=\"async\" width=\"1024\" height=\"485\" src=\"https:\/\/gorzow.news\/wp-content\/uploads\/2021\/09\/IMG_20210831_163208-1-1024x485.jpg\" alt=\"\" class=\"wp-image-3055\" srcset=\"https:\/\/gorzow.news\/wp-content\/uploads\/2021\/09\/IMG_20210831_163208-1-1024x485.jpg 1024w, https:\/\/gorzow.news\/wp-content\/uploads\/2021\/09\/IMG_20210831_163208-1-300x142.jpg 300w, https:\/\/gorzow.news\/wp-content\/uploads\/2021\/09\/IMG_20210831_163208-1-768x363.jpg 768w, https:\/\/gorzow.news\/wp-content\/uploads\/2021\/09\/IMG_20210831_163208-1-1536x727.jpg 1536w, https:\/\/gorzow.news\/wp-content\/uploads\/2021\/09\/IMG_20210831_163208-1-2048x969.jpg 2048w, https:\/\/gorzow.news\/wp-content\/uploads\/2021\/09\/IMG_20210831_163208-1-696x329.jpg 696w, https:\/\/gorzow.news\/wp-content\/uploads\/2021\/09\/IMG_20210831_163208-1-1068x505.jpg 1068w, https:\/\/gorzow.news\/wp-content\/uploads\/2021\/09\/IMG_20210831_163208-1-1920x909.jpg 1920w\" sizes=\"auto, (max-width: 1024px) 100vw, 1024px\" \/><\/figure>\n\n\n\n<figure class=\"wp-block-image size-large\"><img loading=\"lazy\" decoding=\"async\" width=\"1024\" height=\"485\" src=\"https:\/\/gorzow.news\/wp-content\/uploads\/2021\/09\/IMG_20210831_163215_1-1-1024x485.jpg\" alt=\"\" class=\"wp-image-3056\" srcset=\"https:\/\/gorzow.news\/wp-content\/uploads\/2021\/09\/IMG_20210831_163215_1-1-1024x485.jpg 1024w, https:\/\/gorzow.news\/wp-content\/uploads\/2021\/09\/IMG_20210831_163215_1-1-300x142.jpg 300w, https:\/\/gorzow.news\/wp-content\/uploads\/2021\/09\/IMG_20210831_163215_1-1-768x363.jpg 768w, https:\/\/gorzow.news\/wp-content\/uploads\/2021\/09\/IMG_20210831_163215_1-1-1536x727.jpg 1536w, https:\/\/gorzow.news\/wp-content\/uploads\/2021\/09\/IMG_20210831_163215_1-1-2048x969.jpg 2048w, https:\/\/gorzow.news\/wp-content\/uploads\/2021\/09\/IMG_20210831_163215_1-1-696x329.jpg 696w, https:\/\/gorzow.news\/wp-content\/uploads\/2021\/09\/IMG_20210831_163215_1-1-1068x505.jpg 1068w, https:\/\/gorzow.news\/wp-content\/uploads\/2021\/09\/IMG_20210831_163215_1-1-1920x909.jpg 1920w\" sizes=\"auto, (max-width: 1024px) 100vw, 1024px\" \/><\/figure>\n\n\n\n<figure class=\"wp-block-image size-large\"><img loading=\"lazy\" decoding=\"async\" width=\"1024\" height=\"485\" src=\"https:\/\/gorzow.news\/wp-content\/uploads\/2021\/09\/IMG_20210831_163240-1-1024x485.jpg\" alt=\"\" class=\"wp-image-3057\" srcset=\"https:\/\/gorzow.news\/wp-content\/uploads\/2021\/09\/IMG_20210831_163240-1-1024x485.jpg 1024w, https:\/\/gorzow.news\/wp-content\/uploads\/2021\/09\/IMG_20210831_163240-1-300x142.jpg 300w, https:\/\/gorzow.news\/wp-content\/uploads\/2021\/09\/IMG_20210831_163240-1-768x363.jpg 768w, https:\/\/gorzow.news\/wp-content\/uploads\/2021\/09\/IMG_20210831_163240-1-1536x727.jpg 1536w, https:\/\/gorzow.news\/wp-content\/uploads\/2021\/09\/IMG_20210831_163240-1-2048x969.jpg 2048w, https:\/\/gorzow.news\/wp-content\/uploads\/2021\/09\/IMG_20210831_163240-1-696x329.jpg 696w, https:\/\/gorzow.news\/wp-content\/uploads\/2021\/09\/IMG_20210831_163240-1-1068x505.jpg 1068w, https:\/\/gorzow.news\/wp-content\/uploads\/2021\/09\/IMG_20210831_163240-1-1920x909.jpg 1920w\" sizes=\"auto, (max-width: 1024px) 100vw, 1024px\" \/><\/figure>\n\n\n\n<figure class=\"wp-block-image size-large\"><img loading=\"lazy\" decoding=\"async\" width=\"1024\" height=\"485\" src=\"https:\/\/gorzow.news\/wp-content\/uploads\/2021\/09\/IMG_20210831_163250-1-1024x485.jpg\" alt=\"\" class=\"wp-image-3058\" srcset=\"https:\/\/gorzow.news\/wp-content\/uploads\/2021\/09\/IMG_20210831_163250-1-1024x485.jpg 1024w, https:\/\/gorzow.news\/wp-content\/uploads\/2021\/09\/IMG_20210831_163250-1-300x142.jpg 300w, https:\/\/gorzow.news\/wp-content\/uploads\/2021\/09\/IMG_20210831_163250-1-768x363.jpg 768w, https:\/\/gorzow.news\/wp-content\/uploads\/2021\/09\/IMG_20210831_163250-1-1536x727.jpg 1536w, https:\/\/gorzow.news\/wp-content\/uploads\/2021\/09\/IMG_20210831_163250-1-2048x969.jpg 2048w, https:\/\/gorzow.news\/wp-content\/uploads\/2021\/09\/IMG_20210831_163250-1-696x329.jpg 696w, https:\/\/gorzow.news\/wp-content\/uploads\/2021\/09\/IMG_20210831_163250-1-1068x505.jpg 1068w, https:\/\/gorzow.news\/wp-content\/uploads\/2021\/09\/IMG_20210831_163250-1-1920x909.jpg 1920w\" sizes=\"auto, (max-width: 1024px) 100vw, 1024px\" \/><\/figure>\n","protected":false},"excerpt":{"rendered":"<p>Tesco przy ul. G\u00f3rczy\u0144skiej zosta\u0142o zamkni\u0119te dwa tygodnie temu. Sklepy w pasa\u017cu handlowym, jak si\u0119 okaza\u0142o mog\u0142y dzia\u0142a\u0107 do ko\u0144ca pa\u017adziernika tego roku. Nie ma tu jednak ju\u017c klient\u00f3w. Punkty handlowe i us\u0142ugowe zamykaj\u0105 si\u0119 jeden po drugim.<\/p>\n","protected":false},"author":1,"featured_media":3042,"comment_status":"open","ping_status":"open","sticky":false,"template":"","format":"standard","meta":{"footnotes":"","_links_to":"","_links_to_target":""},"categories":[51,589],"tags":[112,618,111],"class_list":{"0":"post-3038","1":"post","2":"type-post","3":"status-publish","4":"format-standard","5":"has-post-thumbnail","7":"category-biznes","8":"category-wiadomosci","9":"tag-gorczynska","10":"tag-pasaz","11":"tag-tesco"},"yoast_head":"<!-- This site is optimized with the Yoast SEO plugin v27.3 - https:\/\/yoast.com\/product\/yoast-seo-wordpress\/ -->\n<title>W pasa\u017cu Tesco ju\u017c nie ma czego szuka\u0107! (zdj\u0119cia) - Gorz\u00f3w News<\/title>\n<meta name=\"description\" content=\"Tesco przy ul. G\u00f3rczy\u0144skiej zosta\u0142o zamkni\u0119te dwa tygodnie temu. Sklepy w pasa\u017cu handlowym, jak si\u0119 okaza\u0142o mog\u0142y dzia\u0142a\u0107 do ko\u0144ca pa\u017adzie\" \/>\n<meta name=\"robots\" content=\"index, follow, max-snippet:-1, max-image-preview:large, max-video-preview:-1\" \/>\n<link rel=\"canonical\" href=\"https:\/\/gorzow.news\/index.php\/2021\/09\/02\/w-pasazu-tesco-juz-nie-ma-czego-szukac-zdjecia\/\" \/>\n<meta property=\"og:locale\" content=\"pl_PL\" \/>\n<meta property=\"og:type\" content=\"article\" \/>\n<meta property=\"og:title\" content=\"W pasa\u017cu Tesco ju\u017c nie ma czego szuka\u0107! (zdj\u0119cia) - Gorz\u00f3w News\" \/>\n<meta property=\"og:description\" content=\"Tesco przy ul. G\u00f3rczy\u0144skiej zosta\u0142o zamkni\u0119te dwa tygodnie temu. Sklepy w pasa\u017cu handlowym, jak si\u0119 okaza\u0142o mog\u0142y dzia\u0142a\u0107 do ko\u0144ca pa\u017adzie\" \/>\n<meta property=\"og:url\" content=\"https:\/\/gorzow.news\/index.php\/2021\/09\/02\/w-pasazu-tesco-juz-nie-ma-czego-szukac-zdjecia\/\" \/>\n<meta property=\"og:site_name\" content=\"Gorz\u00f3w News\" \/>\n<meta property=\"article:publisher\" content=\"https:\/\/www.facebook.com\/gorzowskinews\" \/>\n<meta property=\"article:published_time\" content=\"2021-09-01T23:29:17+00:00\" \/>\n<meta property=\"article:modified_time\" content=\"2023-09-18T18:24:36+00:00\" \/>\n<meta property=\"og:image\" content=\"https:\/\/gorzow.news\/wp-content\/uploads\/2021\/09\/IMG_20210831_163027_1-scaled.jpg\" \/>\n\t<meta property=\"og:image:width\" content=\"2560\" \/>\n\t<meta property=\"og:image:height\" content=\"1211\" \/>\n\t<meta property=\"og:image:type\" content=\"image\/jpeg\" \/>\n<meta name=\"author\" content=\"maciej\" \/>\n<meta name=\"twitter:card\" content=\"summary_large_image\" \/>\n<meta name=\"twitter:label1\" content=\"Napisane przez\" \/>\n\t<meta name=\"twitter:data1\" content=\"maciej\" \/>\n\t<meta name=\"twitter:label2\" content=\"Szacowany czas czytania\" \/>\n\t<meta name=\"twitter:data2\" content=\"4 minuty\" \/>\n<script type=\"application\/ld+json\" class=\"yoast-schema-graph\">{\"@context\":\"https:\\\/\\\/schema.org\",\"@graph\":[{\"@type\":\"Article\",\"@id\":\"https:\\\/\\\/gorzow.news\\\/index.php\\\/2021\\\/09\\\/02\\\/w-pasazu-tesco-juz-nie-ma-czego-szukac-zdjecia\\\/#article\",\"isPartOf\":{\"@id\":\"https:\\\/\\\/gorzow.news\\\/index.php\\\/2021\\\/09\\\/02\\\/w-pasazu-tesco-juz-nie-ma-czego-szukac-zdjecia\\\/\"},\"author\":{\"name\":\"maciej\",\"@id\":\"https:\\\/\\\/gorzow.news\\\/#\\\/schema\\\/person\\\/a1e5ab43166369f2ce236a1cd90995bb\"},\"headline\":\"W pasa\u017cu Tesco ju\u017c nie ma czego szuka\u0107! (zdj\u0119cia)\",\"datePublished\":\"2021-09-01T23:29:17+00:00\",\"dateModified\":\"2023-09-18T18:24:36+00:00\",\"mainEntityOfPage\":{\"@id\":\"https:\\\/\\\/gorzow.news\\\/index.php\\\/2021\\\/09\\\/02\\\/w-pasazu-tesco-juz-nie-ma-czego-szukac-zdjecia\\\/\"},\"wordCount\":343,\"commentCount\":0,\"image\":{\"@id\":\"https:\\\/\\\/gorzow.news\\\/index.php\\\/2021\\\/09\\\/02\\\/w-pasazu-tesco-juz-nie-ma-czego-szukac-zdjecia\\\/#primaryimage\"},\"thumbnailUrl\":\"https:\\\/\\\/gorzow.news\\\/wp-content\\\/uploads\\\/2021\\\/09\\\/IMG_20210831_163027_1-scaled.jpg\",\"keywords\":[\"G\u00f3rczy\u0144ska\",\"pasa\u017c\",\"Tesco\"],\"articleSection\":[\"Biznes\",\"Wiadomo\u015bci\"],\"inLanguage\":\"pl-PL\",\"potentialAction\":[{\"@type\":\"CommentAction\",\"name\":\"Comment\",\"target\":[\"https:\\\/\\\/gorzow.news\\\/index.php\\\/2021\\\/09\\\/02\\\/w-pasazu-tesco-juz-nie-ma-czego-szukac-zdjecia\\\/#respond\"]}]},{\"@type\":\"WebPage\",\"@id\":\"https:\\\/\\\/gorzow.news\\\/index.php\\\/2021\\\/09\\\/02\\\/w-pasazu-tesco-juz-nie-ma-czego-szukac-zdjecia\\\/\",\"url\":\"https:\\\/\\\/gorzow.news\\\/index.php\\\/2021\\\/09\\\/02\\\/w-pasazu-tesco-juz-nie-ma-czego-szukac-zdjecia\\\/\",\"name\":\"W pasa\u017cu Tesco ju\u017c nie ma czego szuka\u0107! (zdj\u0119cia) - Gorz\u00f3w News\",\"isPartOf\":{\"@id\":\"https:\\\/\\\/gorzow.news\\\/#website\"},\"primaryImageOfPage\":{\"@id\":\"https:\\\/\\\/gorzow.news\\\/index.php\\\/2021\\\/09\\\/02\\\/w-pasazu-tesco-juz-nie-ma-czego-szukac-zdjecia\\\/#primaryimage\"},\"image\":{\"@id\":\"https:\\\/\\\/gorzow.news\\\/index.php\\\/2021\\\/09\\\/02\\\/w-pasazu-tesco-juz-nie-ma-czego-szukac-zdjecia\\\/#primaryimage\"},\"thumbnailUrl\":\"https:\\\/\\\/gorzow.news\\\/wp-content\\\/uploads\\\/2021\\\/09\\\/IMG_20210831_163027_1-scaled.jpg\",\"datePublished\":\"2021-09-01T23:29:17+00:00\",\"dateModified\":\"2023-09-18T18:24:36+00:00\",\"author\":{\"@id\":\"https:\\\/\\\/gorzow.news\\\/#\\\/schema\\\/person\\\/a1e5ab43166369f2ce236a1cd90995bb\"},\"description\":\"Tesco przy ul. G\u00f3rczy\u0144skiej zosta\u0142o zamkni\u0119te dwa tygodnie temu. Sklepy w pasa\u017cu handlowym, jak si\u0119 okaza\u0142o mog\u0142y dzia\u0142a\u0107 do ko\u0144ca pa\u017adziernika tego roku. Nie ma tu jednak ju\u017c klient\u00f3w. Punkty handlowe i us\u0142ugowe zamykaj\u0105 si\u0119 jeden po drugim.\",\"breadcrumb\":{\"@id\":\"https:\\\/\\\/gorzow.news\\\/index.php\\\/2021\\\/09\\\/02\\\/w-pasazu-tesco-juz-nie-ma-czego-szukac-zdjecia\\\/#breadcrumb\"},\"inLanguage\":\"pl-PL\",\"potentialAction\":[{\"@type\":\"ReadAction\",\"target\":[\"https:\\\/\\\/gorzow.news\\\/index.php\\\/2021\\\/09\\\/02\\\/w-pasazu-tesco-juz-nie-ma-czego-szukac-zdjecia\\\/\"]}]},{\"@type\":\"ImageObject\",\"inLanguage\":\"pl-PL\",\"@id\":\"https:\\\/\\\/gorzow.news\\\/index.php\\\/2021\\\/09\\\/02\\\/w-pasazu-tesco-juz-nie-ma-czego-szukac-zdjecia\\\/#primaryimage\",\"url\":\"https:\\\/\\\/gorzow.news\\\/wp-content\\\/uploads\\\/2021\\\/09\\\/IMG_20210831_163027_1-scaled.jpg\",\"contentUrl\":\"https:\\\/\\\/gorzow.news\\\/wp-content\\\/uploads\\\/2021\\\/09\\\/IMG_20210831_163027_1-scaled.jpg\",\"width\":2560,\"height\":1211,\"caption\":\"Pawilon po Tesco przy ul. G\u00f3rczy\u0144skiej\"},{\"@type\":\"BreadcrumbList\",\"@id\":\"https:\\\/\\\/gorzow.news\\\/index.php\\\/2021\\\/09\\\/02\\\/w-pasazu-tesco-juz-nie-ma-czego-szukac-zdjecia\\\/#breadcrumb\",\"itemListElement\":[{\"@type\":\"ListItem\",\"position\":1,\"name\":\"Home\",\"item\":\"https:\\\/\\\/gorzow.news\\\/\"},{\"@type\":\"ListItem\",\"position\":2,\"name\":\"W pasa\u017cu Tesco ju\u017c nie ma czego szuka\u0107! (zdj\u0119cia)\"}]},{\"@type\":\"WebSite\",\"@id\":\"https:\\\/\\\/gorzow.news\\\/#website\",\"url\":\"https:\\\/\\\/gorzow.news\\\/\",\"name\":\"Gorz\u00f3w News\",\"description\":\"Sp\u00f3jrz inaczej na miato i region...\",\"potentialAction\":[{\"@type\":\"SearchAction\",\"target\":{\"@type\":\"EntryPoint\",\"urlTemplate\":\"https:\\\/\\\/gorzow.news\\\/?s={search_term_string}\"},\"query-input\":{\"@type\":\"PropertyValueSpecification\",\"valueRequired\":true,\"valueName\":\"search_term_string\"}}],\"inLanguage\":\"pl-PL\"},{\"@type\":\"Person\",\"@id\":\"https:\\\/\\\/gorzow.news\\\/#\\\/schema\\\/person\\\/a1e5ab43166369f2ce236a1cd90995bb\",\"name\":\"maciej\",\"image\":{\"@type\":\"ImageObject\",\"inLanguage\":\"pl-PL\",\"@id\":\"https:\\\/\\\/secure.gravatar.com\\\/avatar\\\/530a674d56ba60cfa0ef21d74e8e8d123a51bb7aa6580465b5c2ab2c2e980a19?s=96&r=g&d=https:\\\/\\\/gorzow.news\\\/wp-content\\\/plugins\\\/userswp\\\/assets\\\/images\\\/no_profile.png\",\"url\":\"https:\\\/\\\/secure.gravatar.com\\\/avatar\\\/530a674d56ba60cfa0ef21d74e8e8d123a51bb7aa6580465b5c2ab2c2e980a19?s=96&r=g&d=https:\\\/\\\/gorzow.news\\\/wp-content\\\/plugins\\\/userswp\\\/assets\\\/images\\\/no_profile.png\",\"contentUrl\":\"https:\\\/\\\/secure.gravatar.com\\\/avatar\\\/530a674d56ba60cfa0ef21d74e8e8d123a51bb7aa6580465b5c2ab2c2e980a19?s=96&r=g&d=https:\\\/\\\/gorzow.news\\\/wp-content\\\/plugins\\\/userswp\\\/assets\\\/images\\\/no_profile.png\",\"caption\":\"maciej\"},\"url\":\"https:\\\/\\\/gorzow.news\\\/index.php\\\/profile\\\/maciej\\\/\"}]}<\/script>\n<!-- \/ Yoast SEO plugin. -->","yoast_head_json":{"title":"W pasa\u017cu Tesco ju\u017c nie ma czego szuka\u0107! (zdj\u0119cia) - Gorz\u00f3w News","description":"Tesco przy ul. G\u00f3rczy\u0144skiej zosta\u0142o zamkni\u0119te dwa tygodnie temu. Sklepy w pasa\u017cu handlowym, jak si\u0119 okaza\u0142o mog\u0142y dzia\u0142a\u0107 do ko\u0144ca pa\u017adzie","robots":{"index":"index","follow":"follow","max-snippet":"max-snippet:-1","max-image-preview":"max-image-preview:large","max-video-preview":"max-video-preview:-1"},"canonical":"https:\/\/gorzow.news\/index.php\/2021\/09\/02\/w-pasazu-tesco-juz-nie-ma-czego-szukac-zdjecia\/","og_locale":"pl_PL","og_type":"article","og_title":"W pasa\u017cu Tesco ju\u017c nie ma czego szuka\u0107! (zdj\u0119cia) - Gorz\u00f3w News","og_description":"Tesco przy ul. G\u00f3rczy\u0144skiej zosta\u0142o zamkni\u0119te dwa tygodnie temu. Sklepy w pasa\u017cu handlowym, jak si\u0119 okaza\u0142o mog\u0142y dzia\u0142a\u0107 do ko\u0144ca pa\u017adzie","og_url":"https:\/\/gorzow.news\/index.php\/2021\/09\/02\/w-pasazu-tesco-juz-nie-ma-czego-szukac-zdjecia\/","og_site_name":"Gorz\u00f3w News","article_publisher":"https:\/\/www.facebook.com\/gorzowskinews","article_published_time":"2021-09-01T23:29:17+00:00","article_modified_time":"2023-09-18T18:24:36+00:00","og_image":[{"width":2560,"height":1211,"url":"https:\/\/gorzow.news\/wp-content\/uploads\/2021\/09\/IMG_20210831_163027_1-scaled.jpg","type":"image\/jpeg"}],"author":"maciej","twitter_card":"summary_large_image","twitter_misc":{"Napisane przez":"maciej","Szacowany czas czytania":"4 minuty"},"schema":{"@context":"https:\/\/schema.org","@graph":[{"@type":"Article","@id":"https:\/\/gorzow.news\/index.php\/2021\/09\/02\/w-pasazu-tesco-juz-nie-ma-czego-szukac-zdjecia\/#article","isPartOf":{"@id":"https:\/\/gorzow.news\/index.php\/2021\/09\/02\/w-pasazu-tesco-juz-nie-ma-czego-szukac-zdjecia\/"},"author":{"name":"maciej","@id":"https:\/\/gorzow.news\/#\/schema\/person\/a1e5ab43166369f2ce236a1cd90995bb"},"headline":"W pasa\u017cu Tesco ju\u017c nie ma czego szuka\u0107! (zdj\u0119cia)","datePublished":"2021-09-01T23:29:17+00:00","dateModified":"2023-09-18T18:24:36+00:00","mainEntityOfPage":{"@id":"https:\/\/gorzow.news\/index.php\/2021\/09\/02\/w-pasazu-tesco-juz-nie-ma-czego-szukac-zdjecia\/"},"wordCount":343,"commentCount":0,"image":{"@id":"https:\/\/gorzow.news\/index.php\/2021\/09\/02\/w-pasazu-tesco-juz-nie-ma-czego-szukac-zdjecia\/#primaryimage"},"thumbnailUrl":"https:\/\/gorzow.news\/wp-content\/uploads\/2021\/09\/IMG_20210831_163027_1-scaled.jpg","keywords":["G\u00f3rczy\u0144ska","pasa\u017c","Tesco"],"articleSection":["Biznes","Wiadomo\u015bci"],"inLanguage":"pl-PL","potentialAction":[{"@type":"CommentAction","name":"Comment","target":["https:\/\/gorzow.news\/index.php\/2021\/09\/02\/w-pasazu-tesco-juz-nie-ma-czego-szukac-zdjecia\/#respond"]}]},{"@type":"WebPage","@id":"https:\/\/gorzow.news\/index.php\/2021\/09\/02\/w-pasazu-tesco-juz-nie-ma-czego-szukac-zdjecia\/","url":"https:\/\/gorzow.news\/index.php\/2021\/09\/02\/w-pasazu-tesco-juz-nie-ma-czego-szukac-zdjecia\/","name":"W pasa\u017cu Tesco ju\u017c nie ma czego szuka\u0107! (zdj\u0119cia) - Gorz\u00f3w News","isPartOf":{"@id":"https:\/\/gorzow.news\/#website"},"primaryImageOfPage":{"@id":"https:\/\/gorzow.news\/index.php\/2021\/09\/02\/w-pasazu-tesco-juz-nie-ma-czego-szukac-zdjecia\/#primaryimage"},"image":{"@id":"https:\/\/gorzow.news\/index.php\/2021\/09\/02\/w-pasazu-tesco-juz-nie-ma-czego-szukac-zdjecia\/#primaryimage"},"thumbnailUrl":"https:\/\/gorzow.news\/wp-content\/uploads\/2021\/09\/IMG_20210831_163027_1-scaled.jpg","datePublished":"2021-09-01T23:29:17+00:00","dateModified":"2023-09-18T18:24:36+00:00","author":{"@id":"https:\/\/gorzow.news\/#\/schema\/person\/a1e5ab43166369f2ce236a1cd90995bb"},"description":"Tesco przy ul. G\u00f3rczy\u0144skiej zosta\u0142o zamkni\u0119te dwa tygodnie temu. Sklepy w pasa\u017cu handlowym, jak si\u0119 okaza\u0142o mog\u0142y dzia\u0142a\u0107 do ko\u0144ca pa\u017adziernika tego roku. Nie ma tu jednak ju\u017c klient\u00f3w. Punkty handlowe i us\u0142ugowe zamykaj\u0105 si\u0119 jeden po drugim.","breadcrumb":{"@id":"https:\/\/gorzow.news\/index.php\/2021\/09\/02\/w-pasazu-tesco-juz-nie-ma-czego-szukac-zdjecia\/#breadcrumb"},"inLanguage":"pl-PL","potentialAction":[{"@type":"ReadAction","target":["https:\/\/gorzow.news\/index.php\/2021\/09\/02\/w-pasazu-tesco-juz-nie-ma-czego-szukac-zdjecia\/"]}]},{"@type":"ImageObject","inLanguage":"pl-PL","@id":"https:\/\/gorzow.news\/index.php\/2021\/09\/02\/w-pasazu-tesco-juz-nie-ma-czego-szukac-zdjecia\/#primaryimage","url":"https:\/\/gorzow.news\/wp-content\/uploads\/2021\/09\/IMG_20210831_163027_1-scaled.jpg","contentUrl":"https:\/\/gorzow.news\/wp-content\/uploads\/2021\/09\/IMG_20210831_163027_1-scaled.jpg","width":2560,"height":1211,"caption":"Pawilon po Tesco przy ul. G\u00f3rczy\u0144skiej"},{"@type":"BreadcrumbList","@id":"https:\/\/gorzow.news\/index.php\/2021\/09\/02\/w-pasazu-tesco-juz-nie-ma-czego-szukac-zdjecia\/#breadcrumb","itemListElement":[{"@type":"ListItem","position":1,"name":"Home","item":"https:\/\/gorzow.news\/"},{"@type":"ListItem","position":2,"name":"W pasa\u017cu Tesco ju\u017c nie ma czego szuka\u0107! (zdj\u0119cia)"}]},{"@type":"WebSite","@id":"https:\/\/gorzow.news\/#website","url":"https:\/\/gorzow.news\/","name":"Gorz\u00f3w News","description":"Sp\u00f3jrz inaczej na miato i region...","potentialAction":[{"@type":"SearchAction","target":{"@type":"EntryPoint","urlTemplate":"https:\/\/gorzow.news\/?s={search_term_string}"},"query-input":{"@type":"PropertyValueSpecification","valueRequired":true,"valueName":"search_term_string"}}],"inLanguage":"pl-PL"},{"@type":"Person","@id":"https:\/\/gorzow.news\/#\/schema\/person\/a1e5ab43166369f2ce236a1cd90995bb","name":"maciej","image":{"@type":"ImageObject","inLanguage":"pl-PL","@id":"https:\/\/secure.gravatar.com\/avatar\/530a674d56ba60cfa0ef21d74e8e8d123a51bb7aa6580465b5c2ab2c2e980a19?s=96&r=g&d=https:\/\/gorzow.news\/wp-content\/plugins\/userswp\/assets\/images\/no_profile.png","url":"https:\/\/secure.gravatar.com\/avatar\/530a674d56ba60cfa0ef21d74e8e8d123a51bb7aa6580465b5c2ab2c2e980a19?s=96&r=g&d=https:\/\/gorzow.news\/wp-content\/plugins\/userswp\/assets\/images\/no_profile.png","contentUrl":"https:\/\/secure.gravatar.com\/avatar\/530a674d56ba60cfa0ef21d74e8e8d123a51bb7aa6580465b5c2ab2c2e980a19?s=96&r=g&d=https:\/\/gorzow.news\/wp-content\/plugins\/userswp\/assets\/images\/no_profile.png","caption":"maciej"},"url":"https:\/\/gorzow.news\/index.php\/profile\/maciej\/"}]}},"_links":{"self":[{"href":"https:\/\/gorzow.news\/index.php\/wp-json\/wp\/v2\/posts\/3038","targetHints":{"allow":["GET"]}}],"collection":[{"href":"https:\/\/gorzow.news\/index.php\/wp-json\/wp\/v2\/posts"}],"about":[{"href":"https:\/\/gorzow.news\/index.php\/wp-json\/wp\/v2\/types\/post"}],"author":[{"embeddable":true,"href":"https:\/\/gorzow.news\/index.php\/wp-json\/wp\/v2\/users\/1"}],"replies":[{"embeddable":true,"href":"https:\/\/gorzow.news\/index.php\/wp-json\/wp\/v2\/comments?post=3038"}],"version-history":[{"count":1,"href":"https:\/\/gorzow.news\/index.php\/wp-json\/wp\/v2\/posts\/3038\/revisions"}],"predecessor-version":[{"id":14913,"href":"https:\/\/gorzow.news\/index.php\/wp-json\/wp\/v2\/posts\/3038\/revisions\/14913"}],"wp:featuredmedia":[{"embeddable":true,"href":"https:\/\/gorzow.news\/index.php\/wp-json\/wp\/v2\/media\/3042"}],"wp:attachment":[{"href":"https:\/\/gorzow.news\/index.php\/wp-json\/wp\/v2\/media?parent=3038"}],"wp:term":[{"taxonomy":"category","embeddable":true,"href":"https:\/\/gorzow.news\/index.php\/wp-json\/wp\/v2\/categories?post=3038"},{"taxonomy":"post_tag","embeddable":true,"href":"https:\/\/gorzow.news\/index.php\/wp-json\/wp\/v2\/tags?post=3038"}],"curies":[{"name":"wp","href":"https:\/\/api.w.org\/{rel}","templated":true}]}}