{"id":30143,"date":"2025-03-13T09:49:00","date_gmt":"2025-03-13T08:49:00","guid":{"rendered":"https:\/\/gorzow.news\/?p=30143"},"modified":"2025-03-19T15:23:29","modified_gmt":"2025-03-19T14:23:29","slug":"w-pierwszy-kalendarzowy-dzien-wiosny-gorzowski-rynek-hurtowy-przygotowal-specjalne-wydarzenie-na-ryneczku-przy-jerzego","status":"publish","type":"post","link":"https:\/\/gorzow.news\/index.php\/2025\/03\/13\/w-pierwszy-kalendarzowy-dzien-wiosny-gorzowski-rynek-hurtowy-przygotowal-specjalne-wydarzenie-na-ryneczku-przy-jerzego\/","title":{"rendered":"W pierwszy kalendarzowy dzie\u0144 wiosny Gorzowski Rynek Hurtowy przygotowa\u0142 wydarzenie na ryneczku przy Jerzego"},"content":{"rendered":"\n<p><strong>Gorzowski Rynek Hurtowy powita wiosn\u0119 w jej pierwszy kalendarzowy dzie\u0144 (21 marca) wydarzeniem pod nazw\u0105 \u201eWitaj wiosno\u201d. Tego dnia na ryneczku przy Jerzego b\u0119dzie mo\u017cna kupi\u0107 sadzonki renety landsberskiej.<\/strong><\/p>\n\n\n\n<p>&#8211; Zapraszamy wszystkich na radosne powitanie wiosny; b\u0119d\u0105 wyst\u0119py przedszkolak\u00f3w, kolorowe animacje i nowalijkowe przek\u0105ski &#8211; poinformowa\u0142a <strong>Joanna Kasprzak-Perka<\/strong>, prezes GRH.<\/p>\n\n\n\n<p>Podczas wydarzenia b\u0119dzie te\u017c mo\u017cna kupi\u0107 sadzonki renety landsberskiej. Tradycyjnie ka\u017cdy nabywca otrzyma certyfikat pochodzenia drzewka i kr\u00f3tki przewodnik hodowli.<\/p>\n\n\n\n<p>GRH zamierza promowa\u0107 \u201egorzowsk\u0105\u201d jab\u0142o\u0144 przez ca\u0142y rok; m.in. na pocz\u0105tku pa\u017adziernika zorganizuje Festiwal renety landsberskiej. O zaletach tego jab\u0142ka b\u0119d\u0105 te\u017c mogli si\u0119 przekona\u0107 uczestnicy Nocnego Szlaku Kulinarnego i Nocnego Szlaku Kulturalnego.<\/p>\n\n\n\n<p>W tegorocznym kalendarzu sp\u00f3\u0142ki opr\u00f3cz sta\u0142ych, cyklicznych wydarze\u0144 (jak wsp\u00f3lne gotowanie i degustowanie potraw przed Wielkanoc\u0105 i Wigili\u0105 czy miko\u0142ajkowy tramwaj), znajda si\u0119 nowe, jak udzia\u0142 w akcji \u201eWymie\u0144 odpady na kulturalne wypady\u201d czy udzia\u0142 w targach Rolniczych w Gli\u015bnie.<\/p>\n\n\n<!-- Brak baner\u00f3w, s\u0105 wy\u0142\u0105czone lub brak ich tej lokalizacji! -->\n\n\n\n<p>GRH ma nowego partnera &#8211; to gorzowski oddzia\u0142 Krajowego O\u015brodka Wsparcia Rolnictwa. Jego dyrektor <strong>Marek Halasz<\/strong> poinformowa\u0142, i\u017c w lubuskich szko\u0142ach rolniczych (podlegaj\u0105cych Ministerstwu Rolnictwa i Rozwoju Wsi) b\u0119d\u0105 zak\u0142adane sady, w kt\u00f3rych b\u0119dzie hodowana reneta landsberska. Pierwszym ju\u017c wkr\u00f3tce b\u0119dzie Zesp\u00f3\u0142 Szk\u00f3\u0142 Centrum Kszta\u0142cenia Rolniczego w Kamieniu Ma\u0142ym.<\/p>\n\n\n\n<p>Z wieloletniej wsp\u00f3\u0142pracy z GRH s\u0105 zadowoleni przedstawiciele gorzowskiego Zespo\u0142u Szk\u00f3\u0142 Gastronomicznych.<\/p>\n\n\n\n<p>&#8211; K\u0142adziemy nacisk, aby nasi uczniowie w jak najwi\u0119kszym stopniu korzystali z produkt\u00f3w lokalnych. A w te zaopatrujemy si\u0119 g\u0142\u00f3wnie na ryneczku przy Jerzego &#8211; powiedzia\u0142 kierownik szkolenia praktycznego \u201egastronomika\u201d <strong>Dawid Tillmann<\/strong>.<\/p>\n\n\n\n<p>O\u015brodek Sportu i Rekreacji wsp\u00f3\u0142pracuje z GRH ju\u017c ponad 20 lat.<\/p>\n\n\n\n<p>&#8211; I robimy to nawet bez formalnej umowy; dzia\u0142amy razem, bo \u0142\u0105cz\u0105 nas starania o zdrowie gorzowian &#8211; wyja\u015bni\u0142 <strong>W\u0142odzimierz R\u00f3j<\/strong>, szef OSiRu.<\/p>\n\n\n\n<p>Miasto Gorz\u00f3w, kt\u00f3re jest wi\u0119kszo\u015bciowym udzia\u0142owcem sp\u00f3\u0142ki, wraz z GRH i \u201egastronomikiem\u201d dzia\u0142aj\u0105 wsp\u00f3lnie po zawarciu we wrze\u015bniu 2020 porozumienia o wsp\u00f3\u0142pracy.<\/p>\n","protected":false},"excerpt":{"rendered":"<p>Gorzowski Rynek Hurtowy powita wiosn\u0119 w jej pierwszy kalendarzowy dzie\u0144 (21 marca) wydarzeniem pod nazw\u0105 \u201eWitaj wiosno\u201d. Tego dnia na ryneczku przy Jerzego b\u0119dzie mo\u017cna kupi\u0107 sadzonki renety landsberskiej. &#8211; Zapraszamy wszystkich na radosne powitanie wiosny; b\u0119d\u0105 wyst\u0119py przedszkolak\u00f3w, kolorowe animacje i nowalijkowe przek\u0105ski &#8211; poinformowa\u0142a Joanna Kasprzak-Perka, prezes GRH. Podczas wydarzenia b\u0119dzie te\u017c mo\u017cna [&hellip;]<\/p>\n","protected":false},"author":1,"featured_media":30144,"comment_status":"open","ping_status":"open","sticky":false,"template":"","format":"standard","meta":{"footnotes":"","_links_to":"","_links_to_target":""},"categories":[597,589],"tags":[2800,623,1214,3348,3349,102,321,941],"class_list":{"0":"post-30143","1":"post","2":"type-post","3":"status-publish","4":"format-standard","5":"has-post-thumbnail","7":"category-fakty-opinie","8":"category-wiadomosci","9":"tag-dawid-tillman","10":"tag-grh","11":"tag-joanna-kasprzak-perka","12":"tag-krajowy-osrodek-wsparcia-rolnictwa","13":"tag-marek-halasz","14":"tag-osir","15":"tag-wlodzimierz-roj","16":"tag-zespol-szkol-gastronomicznych"},"yoast_head":"<!-- This site is optimized with the Yoast SEO plugin v27.3 - https:\/\/yoast.com\/product\/yoast-seo-wordpress\/ -->\n<title>W pierwszy kalendarzowy dzie\u0144 wiosny Gorzowski Rynek Hurtowy przygotowa\u0142 wydarzenie na ryneczku przy Jerzego - Gorz\u00f3w News<\/title>\n<meta name=\"description\" content=\"Gorzowski Rynek Hurtowy powita wiosn\u0119 w jej pierwszy kalendarzowy dzie\u0144 (21 marca) wydarzeniem pod nazw\u0105 \u201eWitaj wiosno\u201d. Tego dnia na ryneczku\" \/>\n<meta name=\"robots\" content=\"index, follow, max-snippet:-1, max-image-preview:large, max-video-preview:-1\" \/>\n<link rel=\"canonical\" href=\"https:\/\/gorzow.news\/index.php\/2025\/03\/13\/w-pierwszy-kalendarzowy-dzien-wiosny-gorzowski-rynek-hurtowy-przygotowal-specjalne-wydarzenie-na-ryneczku-przy-jerzego\/\" \/>\n<meta property=\"og:locale\" content=\"pl_PL\" \/>\n<meta property=\"og:type\" content=\"article\" \/>\n<meta property=\"og:title\" content=\"W pierwszy kalendarzowy dzie\u0144 wiosny Gorzowski Rynek Hurtowy przygotowa\u0142 wydarzenie na ryneczku przy Jerzego - Gorz\u00f3w News\" \/>\n<meta property=\"og:description\" content=\"Gorzowski Rynek Hurtowy powita wiosn\u0119 w jej pierwszy kalendarzowy dzie\u0144 (21 marca) wydarzeniem pod nazw\u0105 \u201eWitaj wiosno\u201d. Tego dnia na ryneczku\" \/>\n<meta property=\"og:url\" content=\"https:\/\/gorzow.news\/index.php\/2025\/03\/13\/w-pierwszy-kalendarzowy-dzien-wiosny-gorzowski-rynek-hurtowy-przygotowal-specjalne-wydarzenie-na-ryneczku-przy-jerzego\/\" \/>\n<meta property=\"og:site_name\" content=\"Gorz\u00f3w News\" \/>\n<meta property=\"article:publisher\" content=\"https:\/\/www.facebook.com\/gorzowskinews\" \/>\n<meta property=\"article:published_time\" content=\"2025-03-13T08:49:00+00:00\" \/>\n<meta property=\"article:modified_time\" content=\"2025-03-19T14:23:29+00:00\" \/>\n<meta property=\"og:image\" content=\"https:\/\/gorzow.news\/wp-content\/uploads\/2025\/03\/fotob-17024.jpg\" \/>\n\t<meta property=\"og:image:width\" content=\"1620\" \/>\n\t<meta property=\"og:image:height\" content=\"766\" \/>\n\t<meta property=\"og:image:type\" content=\"image\/jpeg\" \/>\n<meta name=\"author\" content=\"maciej\" \/>\n<meta name=\"twitter:card\" content=\"summary_large_image\" \/>\n<meta name=\"twitter:label1\" content=\"Napisane przez\" \/>\n\t<meta name=\"twitter:data1\" content=\"maciej\" \/>\n\t<meta name=\"twitter:label2\" content=\"Szacowany czas czytania\" \/>\n\t<meta name=\"twitter:data2\" content=\"2 minuty\" \/>\n<script type=\"application\/ld+json\" class=\"yoast-schema-graph\">{\"@context\":\"https:\\\/\\\/schema.org\",\"@graph\":[{\"@type\":\"Article\",\"@id\":\"https:\\\/\\\/gorzow.news\\\/index.php\\\/2025\\\/03\\\/13\\\/w-pierwszy-kalendarzowy-dzien-wiosny-gorzowski-rynek-hurtowy-przygotowal-specjalne-wydarzenie-na-ryneczku-przy-jerzego\\\/#article\",\"isPartOf\":{\"@id\":\"https:\\\/\\\/gorzow.news\\\/index.php\\\/2025\\\/03\\\/13\\\/w-pierwszy-kalendarzowy-dzien-wiosny-gorzowski-rynek-hurtowy-przygotowal-specjalne-wydarzenie-na-ryneczku-przy-jerzego\\\/\"},\"author\":{\"name\":\"maciej\",\"@id\":\"https:\\\/\\\/gorzow.news\\\/#\\\/schema\\\/person\\\/a1e5ab43166369f2ce236a1cd90995bb\"},\"headline\":\"W pierwszy kalendarzowy dzie\u0144 wiosny Gorzowski Rynek Hurtowy przygotowa\u0142 wydarzenie na ryneczku przy Jerzego\",\"datePublished\":\"2025-03-13T08:49:00+00:00\",\"dateModified\":\"2025-03-19T14:23:29+00:00\",\"mainEntityOfPage\":{\"@id\":\"https:\\\/\\\/gorzow.news\\\/index.php\\\/2025\\\/03\\\/13\\\/w-pierwszy-kalendarzowy-dzien-wiosny-gorzowski-rynek-hurtowy-przygotowal-specjalne-wydarzenie-na-ryneczku-przy-jerzego\\\/\"},\"wordCount\":362,\"commentCount\":0,\"image\":{\"@id\":\"https:\\\/\\\/gorzow.news\\\/index.php\\\/2025\\\/03\\\/13\\\/w-pierwszy-kalendarzowy-dzien-wiosny-gorzowski-rynek-hurtowy-przygotowal-specjalne-wydarzenie-na-ryneczku-przy-jerzego\\\/#primaryimage\"},\"thumbnailUrl\":\"https:\\\/\\\/gorzow.news\\\/wp-content\\\/uploads\\\/2025\\\/03\\\/fotob-17024.jpg\",\"keywords\":[\"Dawid Tillman\",\"GRH\",\"Joanna Kasprzak-Perka\",\"Krajowy O\u015brodek Wsparcia Rolnictwa\",\"Marek Halasz\",\"OSiR\",\"W\u0142odzimierz R\u00f3j\",\"Zesp\u00f3\u0142 Szk\u00f3\u0142 Gastronomicznych\"],\"articleSection\":[\"Fakty i opinie\",\"Wiadomo\u015bci\"],\"inLanguage\":\"pl-PL\",\"potentialAction\":[{\"@type\":\"CommentAction\",\"name\":\"Comment\",\"target\":[\"https:\\\/\\\/gorzow.news\\\/index.php\\\/2025\\\/03\\\/13\\\/w-pierwszy-kalendarzowy-dzien-wiosny-gorzowski-rynek-hurtowy-przygotowal-specjalne-wydarzenie-na-ryneczku-przy-jerzego\\\/#respond\"]}]},{\"@type\":\"WebPage\",\"@id\":\"https:\\\/\\\/gorzow.news\\\/index.php\\\/2025\\\/03\\\/13\\\/w-pierwszy-kalendarzowy-dzien-wiosny-gorzowski-rynek-hurtowy-przygotowal-specjalne-wydarzenie-na-ryneczku-przy-jerzego\\\/\",\"url\":\"https:\\\/\\\/gorzow.news\\\/index.php\\\/2025\\\/03\\\/13\\\/w-pierwszy-kalendarzowy-dzien-wiosny-gorzowski-rynek-hurtowy-przygotowal-specjalne-wydarzenie-na-ryneczku-przy-jerzego\\\/\",\"name\":\"W pierwszy kalendarzowy dzie\u0144 wiosny Gorzowski Rynek Hurtowy przygotowa\u0142 wydarzenie na ryneczku przy Jerzego - Gorz\u00f3w News\",\"isPartOf\":{\"@id\":\"https:\\\/\\\/gorzow.news\\\/#website\"},\"primaryImageOfPage\":{\"@id\":\"https:\\\/\\\/gorzow.news\\\/index.php\\\/2025\\\/03\\\/13\\\/w-pierwszy-kalendarzowy-dzien-wiosny-gorzowski-rynek-hurtowy-przygotowal-specjalne-wydarzenie-na-ryneczku-przy-jerzego\\\/#primaryimage\"},\"image\":{\"@id\":\"https:\\\/\\\/gorzow.news\\\/index.php\\\/2025\\\/03\\\/13\\\/w-pierwszy-kalendarzowy-dzien-wiosny-gorzowski-rynek-hurtowy-przygotowal-specjalne-wydarzenie-na-ryneczku-przy-jerzego\\\/#primaryimage\"},\"thumbnailUrl\":\"https:\\\/\\\/gorzow.news\\\/wp-content\\\/uploads\\\/2025\\\/03\\\/fotob-17024.jpg\",\"datePublished\":\"2025-03-13T08:49:00+00:00\",\"dateModified\":\"2025-03-19T14:23:29+00:00\",\"author\":{\"@id\":\"https:\\\/\\\/gorzow.news\\\/#\\\/schema\\\/person\\\/a1e5ab43166369f2ce236a1cd90995bb\"},\"description\":\"Gorzowski Rynek Hurtowy powita wiosn\u0119 w jej pierwszy kalendarzowy dzie\u0144 (21 marca) wydarzeniem pod nazw\u0105 \u201eWitaj wiosno\u201d. Tego dnia na ryneczku przy Jerzego b\u0119dzie mo\u017cna kupi\u0107 sadzonki renety landsberskiej.\",\"breadcrumb\":{\"@id\":\"https:\\\/\\\/gorzow.news\\\/index.php\\\/2025\\\/03\\\/13\\\/w-pierwszy-kalendarzowy-dzien-wiosny-gorzowski-rynek-hurtowy-przygotowal-specjalne-wydarzenie-na-ryneczku-przy-jerzego\\\/#breadcrumb\"},\"inLanguage\":\"pl-PL\",\"potentialAction\":[{\"@type\":\"ReadAction\",\"target\":[\"https:\\\/\\\/gorzow.news\\\/index.php\\\/2025\\\/03\\\/13\\\/w-pierwszy-kalendarzowy-dzien-wiosny-gorzowski-rynek-hurtowy-przygotowal-specjalne-wydarzenie-na-ryneczku-przy-jerzego\\\/\"]}]},{\"@type\":\"ImageObject\",\"inLanguage\":\"pl-PL\",\"@id\":\"https:\\\/\\\/gorzow.news\\\/index.php\\\/2025\\\/03\\\/13\\\/w-pierwszy-kalendarzowy-dzien-wiosny-gorzowski-rynek-hurtowy-przygotowal-specjalne-wydarzenie-na-ryneczku-przy-jerzego\\\/#primaryimage\",\"url\":\"https:\\\/\\\/gorzow.news\\\/wp-content\\\/uploads\\\/2025\\\/03\\\/fotob-17024.jpg\",\"contentUrl\":\"https:\\\/\\\/gorzow.news\\\/wp-content\\\/uploads\\\/2025\\\/03\\\/fotob-17024.jpg\",\"width\":1620,\"height\":766,\"caption\":\"fot. Bart\u0142omiej Nowosielski\"},{\"@type\":\"BreadcrumbList\",\"@id\":\"https:\\\/\\\/gorzow.news\\\/index.php\\\/2025\\\/03\\\/13\\\/w-pierwszy-kalendarzowy-dzien-wiosny-gorzowski-rynek-hurtowy-przygotowal-specjalne-wydarzenie-na-ryneczku-przy-jerzego\\\/#breadcrumb\",\"itemListElement\":[{\"@type\":\"ListItem\",\"position\":1,\"name\":\"Home\",\"item\":\"https:\\\/\\\/gorzow.news\\\/\"},{\"@type\":\"ListItem\",\"position\":2,\"name\":\"W pierwszy kalendarzowy dzie\u0144 wiosny Gorzowski Rynek Hurtowy przygotowa\u0142 wydarzenie na ryneczku przy Jerzego\"}]},{\"@type\":\"WebSite\",\"@id\":\"https:\\\/\\\/gorzow.news\\\/#website\",\"url\":\"https:\\\/\\\/gorzow.news\\\/\",\"name\":\"Gorz\u00f3w News\",\"description\":\"Sp\u00f3jrz inaczej na miato i region...\",\"potentialAction\":[{\"@type\":\"SearchAction\",\"target\":{\"@type\":\"EntryPoint\",\"urlTemplate\":\"https:\\\/\\\/gorzow.news\\\/?s={search_term_string}\"},\"query-input\":{\"@type\":\"PropertyValueSpecification\",\"valueRequired\":true,\"valueName\":\"search_term_string\"}}],\"inLanguage\":\"pl-PL\"},{\"@type\":\"Person\",\"@id\":\"https:\\\/\\\/gorzow.news\\\/#\\\/schema\\\/person\\\/a1e5ab43166369f2ce236a1cd90995bb\",\"name\":\"maciej\",\"image\":{\"@type\":\"ImageObject\",\"inLanguage\":\"pl-PL\",\"@id\":\"https:\\\/\\\/secure.gravatar.com\\\/avatar\\\/530a674d56ba60cfa0ef21d74e8e8d123a51bb7aa6580465b5c2ab2c2e980a19?s=96&r=g&d=https:\\\/\\\/gorzow.news\\\/wp-content\\\/plugins\\\/userswp\\\/assets\\\/images\\\/no_profile.png\",\"url\":\"https:\\\/\\\/secure.gravatar.com\\\/avatar\\\/530a674d56ba60cfa0ef21d74e8e8d123a51bb7aa6580465b5c2ab2c2e980a19?s=96&r=g&d=https:\\\/\\\/gorzow.news\\\/wp-content\\\/plugins\\\/userswp\\\/assets\\\/images\\\/no_profile.png\",\"contentUrl\":\"https:\\\/\\\/secure.gravatar.com\\\/avatar\\\/530a674d56ba60cfa0ef21d74e8e8d123a51bb7aa6580465b5c2ab2c2e980a19?s=96&r=g&d=https:\\\/\\\/gorzow.news\\\/wp-content\\\/plugins\\\/userswp\\\/assets\\\/images\\\/no_profile.png\",\"caption\":\"maciej\"},\"url\":\"https:\\\/\\\/gorzow.news\\\/index.php\\\/profile\\\/maciej\\\/\"}]}<\/script>\n<!-- \/ Yoast SEO plugin. -->","yoast_head_json":{"title":"W pierwszy kalendarzowy dzie\u0144 wiosny Gorzowski Rynek Hurtowy przygotowa\u0142 wydarzenie na ryneczku przy Jerzego - Gorz\u00f3w News","description":"Gorzowski Rynek Hurtowy powita wiosn\u0119 w jej pierwszy kalendarzowy dzie\u0144 (21 marca) wydarzeniem pod nazw\u0105 \u201eWitaj wiosno\u201d. Tego dnia na ryneczku","robots":{"index":"index","follow":"follow","max-snippet":"max-snippet:-1","max-image-preview":"max-image-preview:large","max-video-preview":"max-video-preview:-1"},"canonical":"https:\/\/gorzow.news\/index.php\/2025\/03\/13\/w-pierwszy-kalendarzowy-dzien-wiosny-gorzowski-rynek-hurtowy-przygotowal-specjalne-wydarzenie-na-ryneczku-przy-jerzego\/","og_locale":"pl_PL","og_type":"article","og_title":"W pierwszy kalendarzowy dzie\u0144 wiosny Gorzowski Rynek Hurtowy przygotowa\u0142 wydarzenie na ryneczku przy Jerzego - Gorz\u00f3w News","og_description":"Gorzowski Rynek Hurtowy powita wiosn\u0119 w jej pierwszy kalendarzowy dzie\u0144 (21 marca) wydarzeniem pod nazw\u0105 \u201eWitaj wiosno\u201d. Tego dnia na ryneczku","og_url":"https:\/\/gorzow.news\/index.php\/2025\/03\/13\/w-pierwszy-kalendarzowy-dzien-wiosny-gorzowski-rynek-hurtowy-przygotowal-specjalne-wydarzenie-na-ryneczku-przy-jerzego\/","og_site_name":"Gorz\u00f3w News","article_publisher":"https:\/\/www.facebook.com\/gorzowskinews","article_published_time":"2025-03-13T08:49:00+00:00","article_modified_time":"2025-03-19T14:23:29+00:00","og_image":[{"width":1620,"height":766,"url":"https:\/\/gorzow.news\/wp-content\/uploads\/2025\/03\/fotob-17024.jpg","type":"image\/jpeg"}],"author":"maciej","twitter_card":"summary_large_image","twitter_misc":{"Napisane przez":"maciej","Szacowany czas czytania":"2 minuty"},"schema":{"@context":"https:\/\/schema.org","@graph":[{"@type":"Article","@id":"https:\/\/gorzow.news\/index.php\/2025\/03\/13\/w-pierwszy-kalendarzowy-dzien-wiosny-gorzowski-rynek-hurtowy-przygotowal-specjalne-wydarzenie-na-ryneczku-przy-jerzego\/#article","isPartOf":{"@id":"https:\/\/gorzow.news\/index.php\/2025\/03\/13\/w-pierwszy-kalendarzowy-dzien-wiosny-gorzowski-rynek-hurtowy-przygotowal-specjalne-wydarzenie-na-ryneczku-przy-jerzego\/"},"author":{"name":"maciej","@id":"https:\/\/gorzow.news\/#\/schema\/person\/a1e5ab43166369f2ce236a1cd90995bb"},"headline":"W pierwszy kalendarzowy dzie\u0144 wiosny Gorzowski Rynek Hurtowy przygotowa\u0142 wydarzenie na ryneczku przy Jerzego","datePublished":"2025-03-13T08:49:00+00:00","dateModified":"2025-03-19T14:23:29+00:00","mainEntityOfPage":{"@id":"https:\/\/gorzow.news\/index.php\/2025\/03\/13\/w-pierwszy-kalendarzowy-dzien-wiosny-gorzowski-rynek-hurtowy-przygotowal-specjalne-wydarzenie-na-ryneczku-przy-jerzego\/"},"wordCount":362,"commentCount":0,"image":{"@id":"https:\/\/gorzow.news\/index.php\/2025\/03\/13\/w-pierwszy-kalendarzowy-dzien-wiosny-gorzowski-rynek-hurtowy-przygotowal-specjalne-wydarzenie-na-ryneczku-przy-jerzego\/#primaryimage"},"thumbnailUrl":"https:\/\/gorzow.news\/wp-content\/uploads\/2025\/03\/fotob-17024.jpg","keywords":["Dawid Tillman","GRH","Joanna Kasprzak-Perka","Krajowy O\u015brodek Wsparcia Rolnictwa","Marek Halasz","OSiR","W\u0142odzimierz R\u00f3j","Zesp\u00f3\u0142 Szk\u00f3\u0142 Gastronomicznych"],"articleSection":["Fakty i opinie","Wiadomo\u015bci"],"inLanguage":"pl-PL","potentialAction":[{"@type":"CommentAction","name":"Comment","target":["https:\/\/gorzow.news\/index.php\/2025\/03\/13\/w-pierwszy-kalendarzowy-dzien-wiosny-gorzowski-rynek-hurtowy-przygotowal-specjalne-wydarzenie-na-ryneczku-przy-jerzego\/#respond"]}]},{"@type":"WebPage","@id":"https:\/\/gorzow.news\/index.php\/2025\/03\/13\/w-pierwszy-kalendarzowy-dzien-wiosny-gorzowski-rynek-hurtowy-przygotowal-specjalne-wydarzenie-na-ryneczku-przy-jerzego\/","url":"https:\/\/gorzow.news\/index.php\/2025\/03\/13\/w-pierwszy-kalendarzowy-dzien-wiosny-gorzowski-rynek-hurtowy-przygotowal-specjalne-wydarzenie-na-ryneczku-przy-jerzego\/","name":"W pierwszy kalendarzowy dzie\u0144 wiosny Gorzowski Rynek Hurtowy przygotowa\u0142 wydarzenie na ryneczku przy Jerzego - Gorz\u00f3w News","isPartOf":{"@id":"https:\/\/gorzow.news\/#website"},"primaryImageOfPage":{"@id":"https:\/\/gorzow.news\/index.php\/2025\/03\/13\/w-pierwszy-kalendarzowy-dzien-wiosny-gorzowski-rynek-hurtowy-przygotowal-specjalne-wydarzenie-na-ryneczku-przy-jerzego\/#primaryimage"},"image":{"@id":"https:\/\/gorzow.news\/index.php\/2025\/03\/13\/w-pierwszy-kalendarzowy-dzien-wiosny-gorzowski-rynek-hurtowy-przygotowal-specjalne-wydarzenie-na-ryneczku-przy-jerzego\/#primaryimage"},"thumbnailUrl":"https:\/\/gorzow.news\/wp-content\/uploads\/2025\/03\/fotob-17024.jpg","datePublished":"2025-03-13T08:49:00+00:00","dateModified":"2025-03-19T14:23:29+00:00","author":{"@id":"https:\/\/gorzow.news\/#\/schema\/person\/a1e5ab43166369f2ce236a1cd90995bb"},"description":"Gorzowski Rynek Hurtowy powita wiosn\u0119 w jej pierwszy kalendarzowy dzie\u0144 (21 marca) wydarzeniem pod nazw\u0105 \u201eWitaj wiosno\u201d. Tego dnia na ryneczku przy Jerzego b\u0119dzie mo\u017cna kupi\u0107 sadzonki renety landsberskiej.","breadcrumb":{"@id":"https:\/\/gorzow.news\/index.php\/2025\/03\/13\/w-pierwszy-kalendarzowy-dzien-wiosny-gorzowski-rynek-hurtowy-przygotowal-specjalne-wydarzenie-na-ryneczku-przy-jerzego\/#breadcrumb"},"inLanguage":"pl-PL","potentialAction":[{"@type":"ReadAction","target":["https:\/\/gorzow.news\/index.php\/2025\/03\/13\/w-pierwszy-kalendarzowy-dzien-wiosny-gorzowski-rynek-hurtowy-przygotowal-specjalne-wydarzenie-na-ryneczku-przy-jerzego\/"]}]},{"@type":"ImageObject","inLanguage":"pl-PL","@id":"https:\/\/gorzow.news\/index.php\/2025\/03\/13\/w-pierwszy-kalendarzowy-dzien-wiosny-gorzowski-rynek-hurtowy-przygotowal-specjalne-wydarzenie-na-ryneczku-przy-jerzego\/#primaryimage","url":"https:\/\/gorzow.news\/wp-content\/uploads\/2025\/03\/fotob-17024.jpg","contentUrl":"https:\/\/gorzow.news\/wp-content\/uploads\/2025\/03\/fotob-17024.jpg","width":1620,"height":766,"caption":"fot. Bart\u0142omiej Nowosielski"},{"@type":"BreadcrumbList","@id":"https:\/\/gorzow.news\/index.php\/2025\/03\/13\/w-pierwszy-kalendarzowy-dzien-wiosny-gorzowski-rynek-hurtowy-przygotowal-specjalne-wydarzenie-na-ryneczku-przy-jerzego\/#breadcrumb","itemListElement":[{"@type":"ListItem","position":1,"name":"Home","item":"https:\/\/gorzow.news\/"},{"@type":"ListItem","position":2,"name":"W pierwszy kalendarzowy dzie\u0144 wiosny Gorzowski Rynek Hurtowy przygotowa\u0142 wydarzenie na ryneczku przy Jerzego"}]},{"@type":"WebSite","@id":"https:\/\/gorzow.news\/#website","url":"https:\/\/gorzow.news\/","name":"Gorz\u00f3w News","description":"Sp\u00f3jrz inaczej na miato i region...","potentialAction":[{"@type":"SearchAction","target":{"@type":"EntryPoint","urlTemplate":"https:\/\/gorzow.news\/?s={search_term_string}"},"query-input":{"@type":"PropertyValueSpecification","valueRequired":true,"valueName":"search_term_string"}}],"inLanguage":"pl-PL"},{"@type":"Person","@id":"https:\/\/gorzow.news\/#\/schema\/person\/a1e5ab43166369f2ce236a1cd90995bb","name":"maciej","image":{"@type":"ImageObject","inLanguage":"pl-PL","@id":"https:\/\/secure.gravatar.com\/avatar\/530a674d56ba60cfa0ef21d74e8e8d123a51bb7aa6580465b5c2ab2c2e980a19?s=96&r=g&d=https:\/\/gorzow.news\/wp-content\/plugins\/userswp\/assets\/images\/no_profile.png","url":"https:\/\/secure.gravatar.com\/avatar\/530a674d56ba60cfa0ef21d74e8e8d123a51bb7aa6580465b5c2ab2c2e980a19?s=96&r=g&d=https:\/\/gorzow.news\/wp-content\/plugins\/userswp\/assets\/images\/no_profile.png","contentUrl":"https:\/\/secure.gravatar.com\/avatar\/530a674d56ba60cfa0ef21d74e8e8d123a51bb7aa6580465b5c2ab2c2e980a19?s=96&r=g&d=https:\/\/gorzow.news\/wp-content\/plugins\/userswp\/assets\/images\/no_profile.png","caption":"maciej"},"url":"https:\/\/gorzow.news\/index.php\/profile\/maciej\/"}]}},"_links":{"self":[{"href":"https:\/\/gorzow.news\/index.php\/wp-json\/wp\/v2\/posts\/30143","targetHints":{"allow":["GET"]}}],"collection":[{"href":"https:\/\/gorzow.news\/index.php\/wp-json\/wp\/v2\/posts"}],"about":[{"href":"https:\/\/gorzow.news\/index.php\/wp-json\/wp\/v2\/types\/post"}],"author":[{"embeddable":true,"href":"https:\/\/gorzow.news\/index.php\/wp-json\/wp\/v2\/users\/1"}],"replies":[{"embeddable":true,"href":"https:\/\/gorzow.news\/index.php\/wp-json\/wp\/v2\/comments?post=30143"}],"version-history":[{"count":4,"href":"https:\/\/gorzow.news\/index.php\/wp-json\/wp\/v2\/posts\/30143\/revisions"}],"predecessor-version":[{"id":30315,"href":"https:\/\/gorzow.news\/index.php\/wp-json\/wp\/v2\/posts\/30143\/revisions\/30315"}],"wp:featuredmedia":[{"embeddable":true,"href":"https:\/\/gorzow.news\/index.php\/wp-json\/wp\/v2\/media\/30144"}],"wp:attachment":[{"href":"https:\/\/gorzow.news\/index.php\/wp-json\/wp\/v2\/media?parent=30143"}],"wp:term":[{"taxonomy":"category","embeddable":true,"href":"https:\/\/gorzow.news\/index.php\/wp-json\/wp\/v2\/categories?post=30143"},{"taxonomy":"post_tag","embeddable":true,"href":"https:\/\/gorzow.news\/index.php\/wp-json\/wp\/v2\/tags?post=30143"}],"curies":[{"name":"wp","href":"https:\/\/api.w.org\/{rel}","templated":true}]}}