{"id":30105,"date":"2025-03-13T12:26:52","date_gmt":"2025-03-13T11:26:52","guid":{"rendered":"https:\/\/gorzow.news\/?p=30105"},"modified":"2025-03-13T12:26:53","modified_gmt":"2025-03-13T11:26:53","slug":"urzednicy-szybko-reaguja-tereny-wzdluz-ulic-ryskiej-i-brukselskiej-maja-byc-uprzatniete-w-ciagu-miesiaca","status":"publish","type":"post","link":"https:\/\/gorzow.news\/index.php\/2025\/03\/13\/urzednicy-szybko-reaguja-tereny-wzdluz-ulic-ryskiej-i-brukselskiej-maja-byc-uprzatniete-w-ciagu-miesiaca\/","title":{"rendered":"Urz\u0119dnicy szybko reaguj\u0105! Tereny wzd\u0142u\u017c ulic Ryskiej i Brukselskiej maj\u0105 by\u0107 uprz\u0105tni\u0119te w ci\u0105gu miesi\u0105ca!"},"content":{"rendered":"\n<p><strong>We wtorek pokazali\u015bmy zdj\u0119cia za\u015bmieconego pobocza ul. Ryskiej i Brukselskiej, kt\u00f3re przes\u0142a\u0142 nam czytelnik. Spraw\u0119 zg\u0142osili\u015bmy do Urz\u0119du Miasta. Na odpowied\u017a urz\u0119dnik\u00f3w nie musieli\u015bmy d\u0142ugo czeka\u0107.<\/strong><\/p>\n\n\n\n<p>&#8211; Wskazane zanieczyszczone tereny po\u0142o\u017cone wzd\u0142u\u017c ulicy Ryskiej i Brukselskiej nie s\u0105 obj\u0119te sta\u0142ym utrzymaniem. Prace porz\u0105dkowe prowadzone s\u0105 w spos\u00f3b dora\u017any, w sytuacji stwierdzenia zanieczyszcze\u0144. W 2024 r. w ramach usuwania dzikich wysypisk oraz prac zast\u0119pczych problematyczne dzia\u0142ki uporz\u0105dkowane zosta\u0142y w miesi\u0105cach: lutym, sierpniu, dwa razy we wrze\u015bniu oraz w listopadzie &#8211; m\u00f3wi rzecznik prasowy Urz\u0119du Miasta <strong>Wies\u0142aw Ciepiela<\/strong>.<\/p>\n\n\n\n<p>&#8211; Jednocze\u015bnie informuj\u0119, \u017ce wykonawca (Inneko RCS sp. z o.o.) zadysponowany zosta\u0142 do uprz\u0105tni\u0119cia terenu w terminie do 21 marca tego roku. Z uwagi na notoryczne za\u015bmiecanie zwi\u0119kszony zostanie monitoring tego miejsca oraz dostosowana do potrzeb cz\u0119stotliwo\u015b\u0107 realizacji prac porz\u0105dkowych &#8211; doda\u0142 Ciepiela.<\/p>\n","protected":false},"excerpt":{"rendered":"<p>We wtorek pokazali\u015bmy zdj\u0119cia za\u015bmieconego pobocza ul. Ryskiej i Brukselskiej, kt\u00f3re przes\u0142a\u0142 nam czytelnik. Spraw\u0119 zg\u0142osili\u015bmy do Urz\u0119du Miasta. Na odpowied\u017a urz\u0119dnik\u00f3w nie musieli\u015bmy d\u0142ugo czeka\u0107. &#8211; Wskazane zanieczyszczone tereny po\u0142o\u017cone wzd\u0142u\u017c ulicy Ryskiej i Brukselskiej nie s\u0105 obj\u0119te sta\u0142ym utrzymaniem. Prace porz\u0105dkowe prowadzone s\u0105 w spos\u00f3b dora\u017any, w sytuacji stwierdzenia zanieczyszcze\u0144. W 2024 r. [&hellip;]<\/p>\n","protected":false},"author":1,"featured_media":30106,"comment_status":"open","ping_status":"open","sticky":false,"template":"","format":"standard","meta":{"footnotes":"","_links_to":"","_links_to_target":""},"categories":[2013,597,589],"tags":[422,192,556,718],"class_list":{"0":"post-30105","1":"post","2":"type-post","3":"status-publish","4":"format-standard","5":"has-post-thumbnail","7":"category-europejskie","8":"category-fakty-opinie","9":"category-wiadomosci","10":"tag-brukselska","11":"tag-inneko","12":"tag-ryska","13":"tag-wieslaw-ciepiela"},"yoast_head":"<!-- This site is optimized with the Yoast SEO plugin v27.3 - https:\/\/yoast.com\/product\/yoast-seo-wordpress\/ -->\n<title>Urz\u0119dnicy szybko reaguj\u0105! Tereny wzd\u0142u\u017c ulic Ryskiej i Brukselskiej maj\u0105 by\u0107 uprz\u0105tni\u0119te w ci\u0105gu miesi\u0105ca! - Gorz\u00f3w News<\/title>\n<meta name=\"description\" content=\"We wtorek pokazali\u015bmy zdj\u0119cia za\u015bmieconego pobocza ul. Ryskiej i Brukselskiej, kt\u00f3re przes\u0142a\u0142 nam czytelnik. Spraw\u0119 zg\u0142osili\u015bmy do Urz\u0119du Mi\" \/>\n<meta name=\"robots\" content=\"index, follow, max-snippet:-1, max-image-preview:large, max-video-preview:-1\" \/>\n<link rel=\"canonical\" href=\"https:\/\/gorzow.news\/index.php\/2025\/03\/13\/urzednicy-szybko-reaguja-tereny-wzdluz-ulic-ryskiej-i-brukselskiej-maja-byc-uprzatniete-w-ciagu-miesiaca\/\" \/>\n<meta property=\"og:locale\" content=\"pl_PL\" \/>\n<meta property=\"og:type\" content=\"article\" \/>\n<meta property=\"og:title\" content=\"Urz\u0119dnicy szybko reaguj\u0105! Tereny wzd\u0142u\u017c ulic Ryskiej i Brukselskiej maj\u0105 by\u0107 uprz\u0105tni\u0119te w ci\u0105gu miesi\u0105ca! - Gorz\u00f3w News\" \/>\n<meta property=\"og:description\" content=\"We wtorek pokazali\u015bmy zdj\u0119cia za\u015bmieconego pobocza ul. Ryskiej i Brukselskiej, kt\u00f3re przes\u0142a\u0142 nam czytelnik. Spraw\u0119 zg\u0142osili\u015bmy do Urz\u0119du Mi\" \/>\n<meta property=\"og:url\" content=\"https:\/\/gorzow.news\/index.php\/2025\/03\/13\/urzednicy-szybko-reaguja-tereny-wzdluz-ulic-ryskiej-i-brukselskiej-maja-byc-uprzatniete-w-ciagu-miesiaca\/\" \/>\n<meta property=\"og:site_name\" content=\"Gorz\u00f3w News\" \/>\n<meta property=\"article:publisher\" content=\"https:\/\/www.facebook.com\/gorzowskinews\" \/>\n<meta property=\"article:published_time\" content=\"2025-03-13T11:26:52+00:00\" \/>\n<meta property=\"article:modified_time\" content=\"2025-03-13T11:26:53+00:00\" \/>\n<meta property=\"og:image\" content=\"https:\/\/gorzow.news\/wp-content\/uploads\/2025\/03\/IMG_4029-1.jpeg\" \/>\n\t<meta property=\"og:image:width\" content=\"1600\" \/>\n\t<meta property=\"og:image:height\" content=\"900\" \/>\n\t<meta property=\"og:image:type\" content=\"image\/jpeg\" \/>\n<meta name=\"author\" content=\"maciej\" \/>\n<meta name=\"twitter:card\" content=\"summary_large_image\" \/>\n<meta name=\"twitter:label1\" content=\"Napisane przez\" \/>\n\t<meta name=\"twitter:data1\" content=\"maciej\" \/>\n\t<meta name=\"twitter:label2\" content=\"Szacowany czas czytania\" \/>\n\t<meta name=\"twitter:data2\" content=\"1 minuta\" \/>\n<script type=\"application\/ld+json\" class=\"yoast-schema-graph\">{\"@context\":\"https:\\\/\\\/schema.org\",\"@graph\":[{\"@type\":\"Article\",\"@id\":\"https:\\\/\\\/gorzow.news\\\/index.php\\\/2025\\\/03\\\/13\\\/urzednicy-szybko-reaguja-tereny-wzdluz-ulic-ryskiej-i-brukselskiej-maja-byc-uprzatniete-w-ciagu-miesiaca\\\/#article\",\"isPartOf\":{\"@id\":\"https:\\\/\\\/gorzow.news\\\/index.php\\\/2025\\\/03\\\/13\\\/urzednicy-szybko-reaguja-tereny-wzdluz-ulic-ryskiej-i-brukselskiej-maja-byc-uprzatniete-w-ciagu-miesiaca\\\/\"},\"author\":{\"name\":\"maciej\",\"@id\":\"https:\\\/\\\/gorzow.news\\\/#\\\/schema\\\/person\\\/a1e5ab43166369f2ce236a1cd90995bb\"},\"headline\":\"Urz\u0119dnicy szybko reaguj\u0105! Tereny wzd\u0142u\u017c ulic Ryskiej i Brukselskiej maj\u0105 by\u0107 uprz\u0105tni\u0119te w ci\u0105gu miesi\u0105ca!\",\"datePublished\":\"2025-03-13T11:26:52+00:00\",\"dateModified\":\"2025-03-13T11:26:53+00:00\",\"mainEntityOfPage\":{\"@id\":\"https:\\\/\\\/gorzow.news\\\/index.php\\\/2025\\\/03\\\/13\\\/urzednicy-szybko-reaguja-tereny-wzdluz-ulic-ryskiej-i-brukselskiej-maja-byc-uprzatniete-w-ciagu-miesiaca\\\/\"},\"wordCount\":185,\"commentCount\":0,\"image\":{\"@id\":\"https:\\\/\\\/gorzow.news\\\/index.php\\\/2025\\\/03\\\/13\\\/urzednicy-szybko-reaguja-tereny-wzdluz-ulic-ryskiej-i-brukselskiej-maja-byc-uprzatniete-w-ciagu-miesiaca\\\/#primaryimage\"},\"thumbnailUrl\":\"https:\\\/\\\/gorzow.news\\\/wp-content\\\/uploads\\\/2025\\\/03\\\/IMG_4029-1.jpeg\",\"keywords\":[\"Brukselska\",\"Inneko\",\"Ryska\",\"Wies\u0142aw Ciepiela\"],\"articleSection\":[\"Europejskie\",\"Fakty i opinie\",\"Wiadomo\u015bci\"],\"inLanguage\":\"pl-PL\",\"potentialAction\":[{\"@type\":\"CommentAction\",\"name\":\"Comment\",\"target\":[\"https:\\\/\\\/gorzow.news\\\/index.php\\\/2025\\\/03\\\/13\\\/urzednicy-szybko-reaguja-tereny-wzdluz-ulic-ryskiej-i-brukselskiej-maja-byc-uprzatniete-w-ciagu-miesiaca\\\/#respond\"]}]},{\"@type\":\"WebPage\",\"@id\":\"https:\\\/\\\/gorzow.news\\\/index.php\\\/2025\\\/03\\\/13\\\/urzednicy-szybko-reaguja-tereny-wzdluz-ulic-ryskiej-i-brukselskiej-maja-byc-uprzatniete-w-ciagu-miesiaca\\\/\",\"url\":\"https:\\\/\\\/gorzow.news\\\/index.php\\\/2025\\\/03\\\/13\\\/urzednicy-szybko-reaguja-tereny-wzdluz-ulic-ryskiej-i-brukselskiej-maja-byc-uprzatniete-w-ciagu-miesiaca\\\/\",\"name\":\"Urz\u0119dnicy szybko reaguj\u0105! Tereny wzd\u0142u\u017c ulic Ryskiej i Brukselskiej maj\u0105 by\u0107 uprz\u0105tni\u0119te w ci\u0105gu miesi\u0105ca! - Gorz\u00f3w News\",\"isPartOf\":{\"@id\":\"https:\\\/\\\/gorzow.news\\\/#website\"},\"primaryImageOfPage\":{\"@id\":\"https:\\\/\\\/gorzow.news\\\/index.php\\\/2025\\\/03\\\/13\\\/urzednicy-szybko-reaguja-tereny-wzdluz-ulic-ryskiej-i-brukselskiej-maja-byc-uprzatniete-w-ciagu-miesiaca\\\/#primaryimage\"},\"image\":{\"@id\":\"https:\\\/\\\/gorzow.news\\\/index.php\\\/2025\\\/03\\\/13\\\/urzednicy-szybko-reaguja-tereny-wzdluz-ulic-ryskiej-i-brukselskiej-maja-byc-uprzatniete-w-ciagu-miesiaca\\\/#primaryimage\"},\"thumbnailUrl\":\"https:\\\/\\\/gorzow.news\\\/wp-content\\\/uploads\\\/2025\\\/03\\\/IMG_4029-1.jpeg\",\"datePublished\":\"2025-03-13T11:26:52+00:00\",\"dateModified\":\"2025-03-13T11:26:53+00:00\",\"author\":{\"@id\":\"https:\\\/\\\/gorzow.news\\\/#\\\/schema\\\/person\\\/a1e5ab43166369f2ce236a1cd90995bb\"},\"description\":\"We wtorek pokazali\u015bmy zdj\u0119cia za\u015bmieconego pobocza ul. Ryskiej i Brukselskiej, kt\u00f3re przes\u0142a\u0142 nam czytelnik. Spraw\u0119 zg\u0142osili\u015bmy do Urz\u0119du Miasta. Na odpowied\u017a urz\u0119dnik\u00f3w nie musieli\u015bmy d\u0142ugo czeka\u0107.\",\"breadcrumb\":{\"@id\":\"https:\\\/\\\/gorzow.news\\\/index.php\\\/2025\\\/03\\\/13\\\/urzednicy-szybko-reaguja-tereny-wzdluz-ulic-ryskiej-i-brukselskiej-maja-byc-uprzatniete-w-ciagu-miesiaca\\\/#breadcrumb\"},\"inLanguage\":\"pl-PL\",\"potentialAction\":[{\"@type\":\"ReadAction\",\"target\":[\"https:\\\/\\\/gorzow.news\\\/index.php\\\/2025\\\/03\\\/13\\\/urzednicy-szybko-reaguja-tereny-wzdluz-ulic-ryskiej-i-brukselskiej-maja-byc-uprzatniete-w-ciagu-miesiaca\\\/\"]}]},{\"@type\":\"ImageObject\",\"inLanguage\":\"pl-PL\",\"@id\":\"https:\\\/\\\/gorzow.news\\\/index.php\\\/2025\\\/03\\\/13\\\/urzednicy-szybko-reaguja-tereny-wzdluz-ulic-ryskiej-i-brukselskiej-maja-byc-uprzatniete-w-ciagu-miesiaca\\\/#primaryimage\",\"url\":\"https:\\\/\\\/gorzow.news\\\/wp-content\\\/uploads\\\/2025\\\/03\\\/IMG_4029-1.jpeg\",\"contentUrl\":\"https:\\\/\\\/gorzow.news\\\/wp-content\\\/uploads\\\/2025\\\/03\\\/IMG_4029-1.jpeg\",\"width\":1600,\"height\":900,\"caption\":\"Zdj\u0119cia \u015bmieci wzd\u0142u\u017c ul. Ryskiej i Brukselskiej przes\u0142a\u0142 nam redakcyjn\u0105 skrzynk\u0119 czytelnik.\"},{\"@type\":\"BreadcrumbList\",\"@id\":\"https:\\\/\\\/gorzow.news\\\/index.php\\\/2025\\\/03\\\/13\\\/urzednicy-szybko-reaguja-tereny-wzdluz-ulic-ryskiej-i-brukselskiej-maja-byc-uprzatniete-w-ciagu-miesiaca\\\/#breadcrumb\",\"itemListElement\":[{\"@type\":\"ListItem\",\"position\":1,\"name\":\"Home\",\"item\":\"https:\\\/\\\/gorzow.news\\\/\"},{\"@type\":\"ListItem\",\"position\":2,\"name\":\"Urz\u0119dnicy szybko reaguj\u0105! Tereny wzd\u0142u\u017c ulic Ryskiej i Brukselskiej maj\u0105 by\u0107 uprz\u0105tni\u0119te w ci\u0105gu miesi\u0105ca!\"}]},{\"@type\":\"WebSite\",\"@id\":\"https:\\\/\\\/gorzow.news\\\/#website\",\"url\":\"https:\\\/\\\/gorzow.news\\\/\",\"name\":\"Gorz\u00f3w News\",\"description\":\"Sp\u00f3jrz inaczej na miato i region...\",\"potentialAction\":[{\"@type\":\"SearchAction\",\"target\":{\"@type\":\"EntryPoint\",\"urlTemplate\":\"https:\\\/\\\/gorzow.news\\\/?s={search_term_string}\"},\"query-input\":{\"@type\":\"PropertyValueSpecification\",\"valueRequired\":true,\"valueName\":\"search_term_string\"}}],\"inLanguage\":\"pl-PL\"},{\"@type\":\"Person\",\"@id\":\"https:\\\/\\\/gorzow.news\\\/#\\\/schema\\\/person\\\/a1e5ab43166369f2ce236a1cd90995bb\",\"name\":\"maciej\",\"image\":{\"@type\":\"ImageObject\",\"inLanguage\":\"pl-PL\",\"@id\":\"https:\\\/\\\/secure.gravatar.com\\\/avatar\\\/530a674d56ba60cfa0ef21d74e8e8d123a51bb7aa6580465b5c2ab2c2e980a19?s=96&r=g&d=https:\\\/\\\/gorzow.news\\\/wp-content\\\/plugins\\\/userswp\\\/assets\\\/images\\\/no_profile.png\",\"url\":\"https:\\\/\\\/secure.gravatar.com\\\/avatar\\\/530a674d56ba60cfa0ef21d74e8e8d123a51bb7aa6580465b5c2ab2c2e980a19?s=96&r=g&d=https:\\\/\\\/gorzow.news\\\/wp-content\\\/plugins\\\/userswp\\\/assets\\\/images\\\/no_profile.png\",\"contentUrl\":\"https:\\\/\\\/secure.gravatar.com\\\/avatar\\\/530a674d56ba60cfa0ef21d74e8e8d123a51bb7aa6580465b5c2ab2c2e980a19?s=96&r=g&d=https:\\\/\\\/gorzow.news\\\/wp-content\\\/plugins\\\/userswp\\\/assets\\\/images\\\/no_profile.png\",\"caption\":\"maciej\"},\"url\":\"https:\\\/\\\/gorzow.news\\\/index.php\\\/profile\\\/maciej\\\/\"}]}<\/script>\n<!-- \/ Yoast SEO plugin. -->","yoast_head_json":{"title":"Urz\u0119dnicy szybko reaguj\u0105! Tereny wzd\u0142u\u017c ulic Ryskiej i Brukselskiej maj\u0105 by\u0107 uprz\u0105tni\u0119te w ci\u0105gu miesi\u0105ca! - Gorz\u00f3w News","description":"We wtorek pokazali\u015bmy zdj\u0119cia za\u015bmieconego pobocza ul. Ryskiej i Brukselskiej, kt\u00f3re przes\u0142a\u0142 nam czytelnik. Spraw\u0119 zg\u0142osili\u015bmy do Urz\u0119du Mi","robots":{"index":"index","follow":"follow","max-snippet":"max-snippet:-1","max-image-preview":"max-image-preview:large","max-video-preview":"max-video-preview:-1"},"canonical":"https:\/\/gorzow.news\/index.php\/2025\/03\/13\/urzednicy-szybko-reaguja-tereny-wzdluz-ulic-ryskiej-i-brukselskiej-maja-byc-uprzatniete-w-ciagu-miesiaca\/","og_locale":"pl_PL","og_type":"article","og_title":"Urz\u0119dnicy szybko reaguj\u0105! Tereny wzd\u0142u\u017c ulic Ryskiej i Brukselskiej maj\u0105 by\u0107 uprz\u0105tni\u0119te w ci\u0105gu miesi\u0105ca! - Gorz\u00f3w News","og_description":"We wtorek pokazali\u015bmy zdj\u0119cia za\u015bmieconego pobocza ul. Ryskiej i Brukselskiej, kt\u00f3re przes\u0142a\u0142 nam czytelnik. Spraw\u0119 zg\u0142osili\u015bmy do Urz\u0119du Mi","og_url":"https:\/\/gorzow.news\/index.php\/2025\/03\/13\/urzednicy-szybko-reaguja-tereny-wzdluz-ulic-ryskiej-i-brukselskiej-maja-byc-uprzatniete-w-ciagu-miesiaca\/","og_site_name":"Gorz\u00f3w News","article_publisher":"https:\/\/www.facebook.com\/gorzowskinews","article_published_time":"2025-03-13T11:26:52+00:00","article_modified_time":"2025-03-13T11:26:53+00:00","og_image":[{"width":1600,"height":900,"url":"https:\/\/gorzow.news\/wp-content\/uploads\/2025\/03\/IMG_4029-1.jpeg","type":"image\/jpeg"}],"author":"maciej","twitter_card":"summary_large_image","twitter_misc":{"Napisane przez":"maciej","Szacowany czas czytania":"1 minuta"},"schema":{"@context":"https:\/\/schema.org","@graph":[{"@type":"Article","@id":"https:\/\/gorzow.news\/index.php\/2025\/03\/13\/urzednicy-szybko-reaguja-tereny-wzdluz-ulic-ryskiej-i-brukselskiej-maja-byc-uprzatniete-w-ciagu-miesiaca\/#article","isPartOf":{"@id":"https:\/\/gorzow.news\/index.php\/2025\/03\/13\/urzednicy-szybko-reaguja-tereny-wzdluz-ulic-ryskiej-i-brukselskiej-maja-byc-uprzatniete-w-ciagu-miesiaca\/"},"author":{"name":"maciej","@id":"https:\/\/gorzow.news\/#\/schema\/person\/a1e5ab43166369f2ce236a1cd90995bb"},"headline":"Urz\u0119dnicy szybko reaguj\u0105! Tereny wzd\u0142u\u017c ulic Ryskiej i Brukselskiej maj\u0105 by\u0107 uprz\u0105tni\u0119te w ci\u0105gu miesi\u0105ca!","datePublished":"2025-03-13T11:26:52+00:00","dateModified":"2025-03-13T11:26:53+00:00","mainEntityOfPage":{"@id":"https:\/\/gorzow.news\/index.php\/2025\/03\/13\/urzednicy-szybko-reaguja-tereny-wzdluz-ulic-ryskiej-i-brukselskiej-maja-byc-uprzatniete-w-ciagu-miesiaca\/"},"wordCount":185,"commentCount":0,"image":{"@id":"https:\/\/gorzow.news\/index.php\/2025\/03\/13\/urzednicy-szybko-reaguja-tereny-wzdluz-ulic-ryskiej-i-brukselskiej-maja-byc-uprzatniete-w-ciagu-miesiaca\/#primaryimage"},"thumbnailUrl":"https:\/\/gorzow.news\/wp-content\/uploads\/2025\/03\/IMG_4029-1.jpeg","keywords":["Brukselska","Inneko","Ryska","Wies\u0142aw Ciepiela"],"articleSection":["Europejskie","Fakty i opinie","Wiadomo\u015bci"],"inLanguage":"pl-PL","potentialAction":[{"@type":"CommentAction","name":"Comment","target":["https:\/\/gorzow.news\/index.php\/2025\/03\/13\/urzednicy-szybko-reaguja-tereny-wzdluz-ulic-ryskiej-i-brukselskiej-maja-byc-uprzatniete-w-ciagu-miesiaca\/#respond"]}]},{"@type":"WebPage","@id":"https:\/\/gorzow.news\/index.php\/2025\/03\/13\/urzednicy-szybko-reaguja-tereny-wzdluz-ulic-ryskiej-i-brukselskiej-maja-byc-uprzatniete-w-ciagu-miesiaca\/","url":"https:\/\/gorzow.news\/index.php\/2025\/03\/13\/urzednicy-szybko-reaguja-tereny-wzdluz-ulic-ryskiej-i-brukselskiej-maja-byc-uprzatniete-w-ciagu-miesiaca\/","name":"Urz\u0119dnicy szybko reaguj\u0105! Tereny wzd\u0142u\u017c ulic Ryskiej i Brukselskiej maj\u0105 by\u0107 uprz\u0105tni\u0119te w ci\u0105gu miesi\u0105ca! - Gorz\u00f3w News","isPartOf":{"@id":"https:\/\/gorzow.news\/#website"},"primaryImageOfPage":{"@id":"https:\/\/gorzow.news\/index.php\/2025\/03\/13\/urzednicy-szybko-reaguja-tereny-wzdluz-ulic-ryskiej-i-brukselskiej-maja-byc-uprzatniete-w-ciagu-miesiaca\/#primaryimage"},"image":{"@id":"https:\/\/gorzow.news\/index.php\/2025\/03\/13\/urzednicy-szybko-reaguja-tereny-wzdluz-ulic-ryskiej-i-brukselskiej-maja-byc-uprzatniete-w-ciagu-miesiaca\/#primaryimage"},"thumbnailUrl":"https:\/\/gorzow.news\/wp-content\/uploads\/2025\/03\/IMG_4029-1.jpeg","datePublished":"2025-03-13T11:26:52+00:00","dateModified":"2025-03-13T11:26:53+00:00","author":{"@id":"https:\/\/gorzow.news\/#\/schema\/person\/a1e5ab43166369f2ce236a1cd90995bb"},"description":"We wtorek pokazali\u015bmy zdj\u0119cia za\u015bmieconego pobocza ul. Ryskiej i Brukselskiej, kt\u00f3re przes\u0142a\u0142 nam czytelnik. Spraw\u0119 zg\u0142osili\u015bmy do Urz\u0119du Miasta. Na odpowied\u017a urz\u0119dnik\u00f3w nie musieli\u015bmy d\u0142ugo czeka\u0107.","breadcrumb":{"@id":"https:\/\/gorzow.news\/index.php\/2025\/03\/13\/urzednicy-szybko-reaguja-tereny-wzdluz-ulic-ryskiej-i-brukselskiej-maja-byc-uprzatniete-w-ciagu-miesiaca\/#breadcrumb"},"inLanguage":"pl-PL","potentialAction":[{"@type":"ReadAction","target":["https:\/\/gorzow.news\/index.php\/2025\/03\/13\/urzednicy-szybko-reaguja-tereny-wzdluz-ulic-ryskiej-i-brukselskiej-maja-byc-uprzatniete-w-ciagu-miesiaca\/"]}]},{"@type":"ImageObject","inLanguage":"pl-PL","@id":"https:\/\/gorzow.news\/index.php\/2025\/03\/13\/urzednicy-szybko-reaguja-tereny-wzdluz-ulic-ryskiej-i-brukselskiej-maja-byc-uprzatniete-w-ciagu-miesiaca\/#primaryimage","url":"https:\/\/gorzow.news\/wp-content\/uploads\/2025\/03\/IMG_4029-1.jpeg","contentUrl":"https:\/\/gorzow.news\/wp-content\/uploads\/2025\/03\/IMG_4029-1.jpeg","width":1600,"height":900,"caption":"Zdj\u0119cia \u015bmieci wzd\u0142u\u017c ul. Ryskiej i Brukselskiej przes\u0142a\u0142 nam redakcyjn\u0105 skrzynk\u0119 czytelnik."},{"@type":"BreadcrumbList","@id":"https:\/\/gorzow.news\/index.php\/2025\/03\/13\/urzednicy-szybko-reaguja-tereny-wzdluz-ulic-ryskiej-i-brukselskiej-maja-byc-uprzatniete-w-ciagu-miesiaca\/#breadcrumb","itemListElement":[{"@type":"ListItem","position":1,"name":"Home","item":"https:\/\/gorzow.news\/"},{"@type":"ListItem","position":2,"name":"Urz\u0119dnicy szybko reaguj\u0105! Tereny wzd\u0142u\u017c ulic Ryskiej i Brukselskiej maj\u0105 by\u0107 uprz\u0105tni\u0119te w ci\u0105gu miesi\u0105ca!"}]},{"@type":"WebSite","@id":"https:\/\/gorzow.news\/#website","url":"https:\/\/gorzow.news\/","name":"Gorz\u00f3w News","description":"Sp\u00f3jrz inaczej na miato i region...","potentialAction":[{"@type":"SearchAction","target":{"@type":"EntryPoint","urlTemplate":"https:\/\/gorzow.news\/?s={search_term_string}"},"query-input":{"@type":"PropertyValueSpecification","valueRequired":true,"valueName":"search_term_string"}}],"inLanguage":"pl-PL"},{"@type":"Person","@id":"https:\/\/gorzow.news\/#\/schema\/person\/a1e5ab43166369f2ce236a1cd90995bb","name":"maciej","image":{"@type":"ImageObject","inLanguage":"pl-PL","@id":"https:\/\/secure.gravatar.com\/avatar\/530a674d56ba60cfa0ef21d74e8e8d123a51bb7aa6580465b5c2ab2c2e980a19?s=96&r=g&d=https:\/\/gorzow.news\/wp-content\/plugins\/userswp\/assets\/images\/no_profile.png","url":"https:\/\/secure.gravatar.com\/avatar\/530a674d56ba60cfa0ef21d74e8e8d123a51bb7aa6580465b5c2ab2c2e980a19?s=96&r=g&d=https:\/\/gorzow.news\/wp-content\/plugins\/userswp\/assets\/images\/no_profile.png","contentUrl":"https:\/\/secure.gravatar.com\/avatar\/530a674d56ba60cfa0ef21d74e8e8d123a51bb7aa6580465b5c2ab2c2e980a19?s=96&r=g&d=https:\/\/gorzow.news\/wp-content\/plugins\/userswp\/assets\/images\/no_profile.png","caption":"maciej"},"url":"https:\/\/gorzow.news\/index.php\/profile\/maciej\/"}]}},"_links":{"self":[{"href":"https:\/\/gorzow.news\/index.php\/wp-json\/wp\/v2\/posts\/30105","targetHints":{"allow":["GET"]}}],"collection":[{"href":"https:\/\/gorzow.news\/index.php\/wp-json\/wp\/v2\/posts"}],"about":[{"href":"https:\/\/gorzow.news\/index.php\/wp-json\/wp\/v2\/types\/post"}],"author":[{"embeddable":true,"href":"https:\/\/gorzow.news\/index.php\/wp-json\/wp\/v2\/users\/1"}],"replies":[{"embeddable":true,"href":"https:\/\/gorzow.news\/index.php\/wp-json\/wp\/v2\/comments?post=30105"}],"version-history":[{"count":1,"href":"https:\/\/gorzow.news\/index.php\/wp-json\/wp\/v2\/posts\/30105\/revisions"}],"predecessor-version":[{"id":30107,"href":"https:\/\/gorzow.news\/index.php\/wp-json\/wp\/v2\/posts\/30105\/revisions\/30107"}],"wp:featuredmedia":[{"embeddable":true,"href":"https:\/\/gorzow.news\/index.php\/wp-json\/wp\/v2\/media\/30106"}],"wp:attachment":[{"href":"https:\/\/gorzow.news\/index.php\/wp-json\/wp\/v2\/media?parent=30105"}],"wp:term":[{"taxonomy":"category","embeddable":true,"href":"https:\/\/gorzow.news\/index.php\/wp-json\/wp\/v2\/categories?post=30105"},{"taxonomy":"post_tag","embeddable":true,"href":"https:\/\/gorzow.news\/index.php\/wp-json\/wp\/v2\/tags?post=30105"}],"curies":[{"name":"wp","href":"https:\/\/api.w.org\/{rel}","templated":true}]}}