{"id":29823,"date":"2025-03-03T11:08:07","date_gmt":"2025-03-03T10:08:07","guid":{"rendered":"https:\/\/gorzow.news\/?p=29823"},"modified":"2025-03-03T11:08:44","modified_gmt":"2025-03-03T10:08:44","slug":"ogromna-reklama-coca-coli-zdjeta-z-arsenalu-byla-nieodlaczna-czescia-centrum-przez-dziesieciolecia-zdjecia-z-20-lat","status":"publish","type":"post","link":"https:\/\/gorzow.news\/index.php\/2025\/03\/03\/ogromna-reklama-coca-coli-zdjeta-z-arsenalu-byla-nieodlaczna-czescia-centrum-przez-dziesieciolecia-zdjecia-z-20-lat\/","title":{"rendered":"Ogromna reklama Coca-Coli zdj\u0119ta z Arsena\u0142u! By\u0142a nieod\u0142\u0105czn\u0105 cz\u0119\u015bci\u0105 centrum przez dziesi\u0119ciolecia! (zdj\u0119cia)"},"content":{"rendered":"\n<p><strong>W weekend z dachu Arsena\u0142u przy ul. Chrobrego zdemontowana zosta\u0142 ogromna reklama &#8211; logo Coca-Coli. Zamontowana w tym miejscu by\u0142a przez kilkadziesi\u0105t lat. Wcze\u015bniej reklama dodatkowo obraca\u0142a si\u0119. My w naszym archiwum natrafili\u015bmy najdalej na zdj\u0119cie z 2005 roku. Poni\u017cej prezentujemy kilka tych najstarszych. Miasto si\u0119 zmienia\u0142o. Logo Coca-Coli ca\u0142y czas z nami by\u0142o. Jednym si\u0119 to podoba\u0142o, dla innych by\u0142o znakiem reklamowego nieporz\u0105dku.<\/strong><\/p>\n\n\n\n<p>A jakie jest Wasze zdanie? B\u0119dzie Wam brakowa\u0142o tej reklamy najbardziej rozpoznawalnej marki na \u015bwiecie?<\/p>\n\n\n\n<p><strong>Oto nasza podr\u00f3\u017c w czasie&#8230;<\/strong><\/p>\n\n\n\n<figure class=\"wp-block-image size-large\"><img loading=\"lazy\" decoding=\"async\" width=\"1024\" height=\"683\" src=\"https:\/\/gorzow.news\/wp-content\/uploads\/2025\/03\/05-09-23-1024x683.jpg\" alt=\"\" class=\"wp-image-29825\" srcset=\"https:\/\/gorzow.news\/wp-content\/uploads\/2025\/03\/05-09-23-1024x683.jpg 1024w, https:\/\/gorzow.news\/wp-content\/uploads\/2025\/03\/05-09-23-300x200.jpg 300w, https:\/\/gorzow.news\/wp-content\/uploads\/2025\/03\/05-09-23-768x512.jpg 768w, https:\/\/gorzow.news\/wp-content\/uploads\/2025\/03\/05-09-23-696x464.jpg 696w, https:\/\/gorzow.news\/wp-content\/uploads\/2025\/03\/05-09-23-1068x712.jpg 1068w, https:\/\/gorzow.news\/wp-content\/uploads\/2025\/03\/05-09-23.jpg 1500w\" sizes=\"auto, (max-width: 1024px) 100vw, 1024px\" \/><figcaption class=\"wp-element-caption\">23 wrze\u015bnia 2005 roku<\/figcaption><\/figure>\n\n\n\n<figure class=\"wp-block-image size-large\"><img loading=\"lazy\" decoding=\"async\" width=\"1024\" height=\"683\" src=\"https:\/\/gorzow.news\/wp-content\/uploads\/2025\/03\/06-09-02-1024x683.jpg\" alt=\"\" class=\"wp-image-29826\" srcset=\"https:\/\/gorzow.news\/wp-content\/uploads\/2025\/03\/06-09-02-1024x683.jpg 1024w, https:\/\/gorzow.news\/wp-content\/uploads\/2025\/03\/06-09-02-300x200.jpg 300w, https:\/\/gorzow.news\/wp-content\/uploads\/2025\/03\/06-09-02-768x512.jpg 768w, https:\/\/gorzow.news\/wp-content\/uploads\/2025\/03\/06-09-02-1536x1024.jpg 1536w, https:\/\/gorzow.news\/wp-content\/uploads\/2025\/03\/06-09-02-696x464.jpg 696w, https:\/\/gorzow.news\/wp-content\/uploads\/2025\/03\/06-09-02-1068x712.jpg 1068w, https:\/\/gorzow.news\/wp-content\/uploads\/2025\/03\/06-09-02.jpg 1600w\" sizes=\"auto, (max-width: 1024px) 100vw, 1024px\" \/><figcaption class=\"wp-element-caption\">2 wrze\u015bnia 2006 roku<\/figcaption><\/figure>\n\n\n\n<figure class=\"wp-block-image size-large\"><img loading=\"lazy\" decoding=\"async\" width=\"1024\" height=\"683\" src=\"https:\/\/gorzow.news\/wp-content\/uploads\/2025\/03\/06-11-07a-1024x683.jpg\" alt=\"\" class=\"wp-image-29827\" srcset=\"https:\/\/gorzow.news\/wp-content\/uploads\/2025\/03\/06-11-07a-1024x683.jpg 1024w, https:\/\/gorzow.news\/wp-content\/uploads\/2025\/03\/06-11-07a-300x200.jpg 300w, https:\/\/gorzow.news\/wp-content\/uploads\/2025\/03\/06-11-07a-768x512.jpg 768w, https:\/\/gorzow.news\/wp-content\/uploads\/2025\/03\/06-11-07a-1536x1024.jpg 1536w, https:\/\/gorzow.news\/wp-content\/uploads\/2025\/03\/06-11-07a-696x464.jpg 696w, https:\/\/gorzow.news\/wp-content\/uploads\/2025\/03\/06-11-07a-1068x712.jpg 1068w, https:\/\/gorzow.news\/wp-content\/uploads\/2025\/03\/06-11-07a.jpg 1600w\" sizes=\"auto, (max-width: 1024px) 100vw, 1024px\" \/><figcaption class=\"wp-element-caption\">7 listopada 2006 roku<\/figcaption><\/figure>\n\n\n\n<figure class=\"wp-block-image size-large\"><img loading=\"lazy\" decoding=\"async\" width=\"1024\" height=\"683\" src=\"https:\/\/gorzow.news\/wp-content\/uploads\/2025\/03\/06-11-07b-1024x683.jpg\" alt=\"\" class=\"wp-image-29828\" srcset=\"https:\/\/gorzow.news\/wp-content\/uploads\/2025\/03\/06-11-07b-1024x683.jpg 1024w, https:\/\/gorzow.news\/wp-content\/uploads\/2025\/03\/06-11-07b-300x200.jpg 300w, https:\/\/gorzow.news\/wp-content\/uploads\/2025\/03\/06-11-07b-768x512.jpg 768w, https:\/\/gorzow.news\/wp-content\/uploads\/2025\/03\/06-11-07b-1536x1024.jpg 1536w, https:\/\/gorzow.news\/wp-content\/uploads\/2025\/03\/06-11-07b-696x464.jpg 696w, https:\/\/gorzow.news\/wp-content\/uploads\/2025\/03\/06-11-07b-1068x712.jpg 1068w, https:\/\/gorzow.news\/wp-content\/uploads\/2025\/03\/06-11-07b.jpg 1600w\" sizes=\"auto, (max-width: 1024px) 100vw, 1024px\" \/><figcaption class=\"wp-element-caption\">7 listopada 2006 roku<\/figcaption><\/figure>\n\n\n\n<figure class=\"wp-block-image size-large\"><img loading=\"lazy\" decoding=\"async\" width=\"1024\" height=\"683\" src=\"https:\/\/gorzow.news\/wp-content\/uploads\/2025\/03\/06-12-04-1024x683.jpg\" alt=\"\" class=\"wp-image-29829\" srcset=\"https:\/\/gorzow.news\/wp-content\/uploads\/2025\/03\/06-12-04-1024x683.jpg 1024w, https:\/\/gorzow.news\/wp-content\/uploads\/2025\/03\/06-12-04-300x200.jpg 300w, https:\/\/gorzow.news\/wp-content\/uploads\/2025\/03\/06-12-04-768x512.jpg 768w, https:\/\/gorzow.news\/wp-content\/uploads\/2025\/03\/06-12-04-1536x1024.jpg 1536w, https:\/\/gorzow.news\/wp-content\/uploads\/2025\/03\/06-12-04-696x464.jpg 696w, https:\/\/gorzow.news\/wp-content\/uploads\/2025\/03\/06-12-04-1068x712.jpg 1068w, https:\/\/gorzow.news\/wp-content\/uploads\/2025\/03\/06-12-04.jpg 1600w\" sizes=\"auto, (max-width: 1024px) 100vw, 1024px\" \/><figcaption class=\"wp-element-caption\">4 grudnia 2006 roku<\/figcaption><\/figure>\n\n\n\n<figure class=\"wp-block-image size-large\"><img loading=\"lazy\" decoding=\"async\" width=\"1024\" height=\"683\" src=\"https:\/\/gorzow.news\/wp-content\/uploads\/2025\/03\/07-07-07-1024x683.jpg\" alt=\"\" class=\"wp-image-29830\" srcset=\"https:\/\/gorzow.news\/wp-content\/uploads\/2025\/03\/07-07-07-1024x683.jpg 1024w, https:\/\/gorzow.news\/wp-content\/uploads\/2025\/03\/07-07-07-300x200.jpg 300w, https:\/\/gorzow.news\/wp-content\/uploads\/2025\/03\/07-07-07-768x512.jpg 768w, https:\/\/gorzow.news\/wp-content\/uploads\/2025\/03\/07-07-07-1536x1024.jpg 1536w, https:\/\/gorzow.news\/wp-content\/uploads\/2025\/03\/07-07-07-696x464.jpg 696w, https:\/\/gorzow.news\/wp-content\/uploads\/2025\/03\/07-07-07-1068x712.jpg 1068w, https:\/\/gorzow.news\/wp-content\/uploads\/2025\/03\/07-07-07.jpg 1600w\" sizes=\"auto, (max-width: 1024px) 100vw, 1024px\" \/><figcaption class=\"wp-element-caption\">7 lipca 2007 roku<\/figcaption><\/figure>\n\n\n\n<figure class=\"wp-block-image size-large\"><img loading=\"lazy\" decoding=\"async\" width=\"1024\" height=\"683\" src=\"https:\/\/gorzow.news\/wp-content\/uploads\/2025\/03\/08-09-29-1024x683.jpg\" alt=\"\" class=\"wp-image-29831\" srcset=\"https:\/\/gorzow.news\/wp-content\/uploads\/2025\/03\/08-09-29-1024x683.jpg 1024w, https:\/\/gorzow.news\/wp-content\/uploads\/2025\/03\/08-09-29-300x200.jpg 300w, https:\/\/gorzow.news\/wp-content\/uploads\/2025\/03\/08-09-29-768x512.jpg 768w, https:\/\/gorzow.news\/wp-content\/uploads\/2025\/03\/08-09-29-1536x1024.jpg 1536w, https:\/\/gorzow.news\/wp-content\/uploads\/2025\/03\/08-09-29-696x464.jpg 696w, https:\/\/gorzow.news\/wp-content\/uploads\/2025\/03\/08-09-29-1068x712.jpg 1068w, https:\/\/gorzow.news\/wp-content\/uploads\/2025\/03\/08-09-29.jpg 1600w\" sizes=\"auto, (max-width: 1024px) 100vw, 1024px\" \/><figcaption class=\"wp-element-caption\">29 wrze\u015bnia 2008 roku<\/figcaption><\/figure>\n\n\n\n<figure class=\"wp-block-image size-large\"><img loading=\"lazy\" decoding=\"async\" width=\"1024\" height=\"576\" src=\"https:\/\/gorzow.news\/wp-content\/uploads\/2025\/03\/09-11-16-1024x576.jpg\" alt=\"\" class=\"wp-image-29832\" srcset=\"https:\/\/gorzow.news\/wp-content\/uploads\/2025\/03\/09-11-16-1024x576.jpg 1024w, https:\/\/gorzow.news\/wp-content\/uploads\/2025\/03\/09-11-16-300x169.jpg 300w, https:\/\/gorzow.news\/wp-content\/uploads\/2025\/03\/09-11-16-768x432.jpg 768w, https:\/\/gorzow.news\/wp-content\/uploads\/2025\/03\/09-11-16-1536x864.jpg 1536w, https:\/\/gorzow.news\/wp-content\/uploads\/2025\/03\/09-11-16-696x392.jpg 696w, https:\/\/gorzow.news\/wp-content\/uploads\/2025\/03\/09-11-16-1068x601.jpg 1068w, https:\/\/gorzow.news\/wp-content\/uploads\/2025\/03\/09-11-16.jpg 1600w\" sizes=\"auto, (max-width: 1024px) 100vw, 1024px\" \/><figcaption class=\"wp-element-caption\">16 listopada 2009 roku<\/figcaption><\/figure>\n\n\n\n<figure class=\"wp-block-image size-large\"><img loading=\"lazy\" decoding=\"async\" width=\"1024\" height=\"683\" src=\"https:\/\/gorzow.news\/wp-content\/uploads\/2025\/03\/09-12-21-1024x683.jpg\" alt=\"\" class=\"wp-image-29833\" srcset=\"https:\/\/gorzow.news\/wp-content\/uploads\/2025\/03\/09-12-21-1024x683.jpg 1024w, https:\/\/gorzow.news\/wp-content\/uploads\/2025\/03\/09-12-21-300x200.jpg 300w, https:\/\/gorzow.news\/wp-content\/uploads\/2025\/03\/09-12-21-768x512.jpg 768w, https:\/\/gorzow.news\/wp-content\/uploads\/2025\/03\/09-12-21-1536x1024.jpg 1536w, https:\/\/gorzow.news\/wp-content\/uploads\/2025\/03\/09-12-21-696x464.jpg 696w, https:\/\/gorzow.news\/wp-content\/uploads\/2025\/03\/09-12-21-1068x712.jpg 1068w, https:\/\/gorzow.news\/wp-content\/uploads\/2025\/03\/09-12-21.jpg 1600w\" sizes=\"auto, (max-width: 1024px) 100vw, 1024px\" \/><figcaption class=\"wp-element-caption\">21 grudnia 2009 roku<\/figcaption><\/figure>\n\n\n\n<figure class=\"wp-block-image size-large\"><img loading=\"lazy\" decoding=\"async\" width=\"1024\" height=\"576\" src=\"https:\/\/gorzow.news\/wp-content\/uploads\/2025\/03\/10-08-26-1024x576.jpg\" alt=\"\" class=\"wp-image-29834\" srcset=\"https:\/\/gorzow.news\/wp-content\/uploads\/2025\/03\/10-08-26-1024x576.jpg 1024w, https:\/\/gorzow.news\/wp-content\/uploads\/2025\/03\/10-08-26-300x169.jpg 300w, https:\/\/gorzow.news\/wp-content\/uploads\/2025\/03\/10-08-26-768x432.jpg 768w, https:\/\/gorzow.news\/wp-content\/uploads\/2025\/03\/10-08-26-1536x864.jpg 1536w, https:\/\/gorzow.news\/wp-content\/uploads\/2025\/03\/10-08-26-696x392.jpg 696w, https:\/\/gorzow.news\/wp-content\/uploads\/2025\/03\/10-08-26-1068x601.jpg 1068w, https:\/\/gorzow.news\/wp-content\/uploads\/2025\/03\/10-08-26.jpg 1600w\" sizes=\"auto, (max-width: 1024px) 100vw, 1024px\" \/><figcaption class=\"wp-element-caption\">26 sierpnia 2010 roku<\/figcaption><\/figure>\n\n\n\n<figure class=\"wp-block-image size-large\"><img loading=\"lazy\" decoding=\"async\" width=\"1024\" height=\"576\" src=\"https:\/\/gorzow.news\/wp-content\/uploads\/2025\/03\/12-08-02-1024x576.jpg\" alt=\"\" class=\"wp-image-29835\" srcset=\"https:\/\/gorzow.news\/wp-content\/uploads\/2025\/03\/12-08-02-1024x576.jpg 1024w, https:\/\/gorzow.news\/wp-content\/uploads\/2025\/03\/12-08-02-300x169.jpg 300w, https:\/\/gorzow.news\/wp-content\/uploads\/2025\/03\/12-08-02-768x432.jpg 768w, https:\/\/gorzow.news\/wp-content\/uploads\/2025\/03\/12-08-02-1536x864.jpg 1536w, https:\/\/gorzow.news\/wp-content\/uploads\/2025\/03\/12-08-02-696x392.jpg 696w, https:\/\/gorzow.news\/wp-content\/uploads\/2025\/03\/12-08-02-1068x601.jpg 1068w, https:\/\/gorzow.news\/wp-content\/uploads\/2025\/03\/12-08-02.jpg 1600w\" sizes=\"auto, (max-width: 1024px) 100vw, 1024px\" \/><figcaption class=\"wp-element-caption\">2 sierpnia 2012 roku<\/figcaption><\/figure>\n\n\n\n<figure class=\"wp-block-image size-large\"><img loading=\"lazy\" decoding=\"async\" width=\"1024\" height=\"576\" src=\"https:\/\/gorzow.news\/wp-content\/uploads\/2025\/03\/12-09-19-1024x576.jpg\" alt=\"\" class=\"wp-image-29836\" srcset=\"https:\/\/gorzow.news\/wp-content\/uploads\/2025\/03\/12-09-19-1024x576.jpg 1024w, https:\/\/gorzow.news\/wp-content\/uploads\/2025\/03\/12-09-19-300x169.jpg 300w, https:\/\/gorzow.news\/wp-content\/uploads\/2025\/03\/12-09-19-768x432.jpg 768w, https:\/\/gorzow.news\/wp-content\/uploads\/2025\/03\/12-09-19-1536x864.jpg 1536w, https:\/\/gorzow.news\/wp-content\/uploads\/2025\/03\/12-09-19-696x392.jpg 696w, https:\/\/gorzow.news\/wp-content\/uploads\/2025\/03\/12-09-19-1068x601.jpg 1068w, https:\/\/gorzow.news\/wp-content\/uploads\/2025\/03\/12-09-19.jpg 1600w\" sizes=\"auto, (max-width: 1024px) 100vw, 1024px\" \/><figcaption class=\"wp-element-caption\">19 wrze\u015bnia 2012 roku<\/figcaption><\/figure>\n","protected":false},"excerpt":{"rendered":"<p>W weekend z dachu Arsena\u0142u przy ul. Chrobrego zdemontowana zosta\u0142 ogromna reklama &#8211; logo Coca-Coli. Zamontowana w tym miejscu by\u0142a przez kilkadziesi\u0105t lat. Wcze\u015bniej reklama dodatkowo obraca\u0142a si\u0119. My w naszym archiwum natrafili\u015bmy najdalej na zdj\u0119cie z 2005 roku. Poni\u017cej prezentujemy kilka tych najstarszych. Miasto si\u0119 zmienia\u0142o. Logo Coca-Coli ca\u0142y czas z nami by\u0142o. Jednym [&hellip;]<\/p>\n","protected":false},"author":1,"featured_media":29824,"comment_status":"open","ping_status":"open","sticky":false,"template":"","format":"standard","meta":{"footnotes":"","_links_to":"","_links_to_target":""},"categories":[3286,589],"tags":[806,78,892],"class_list":{"0":"post-29823","1":"post","2":"type-post","3":"status-publish","4":"format-standard","5":"has-post-thumbnail","7":"category-wehikul-czasu","8":"category-wiadomosci","9":"tag-arsenal","10":"tag-chrobrego","11":"tag-coca-cola"},"yoast_head":"<!-- This site is optimized with the Yoast SEO plugin v27.3 - https:\/\/yoast.com\/product\/yoast-seo-wordpress\/ -->\n<title>Ogromna reklama Coca-Coli zdj\u0119ta z Arsena\u0142u! By\u0142a nieod\u0142\u0105czn\u0105 cz\u0119\u015bci\u0105 centrum przez dziesi\u0119ciolecia! (zdj\u0119cia) - Gorz\u00f3w News<\/title>\n<meta name=\"description\" content=\"W weekend z dachu Arsena\u0142u przy ul. Chrobrego zdemontowana zosta\u0142 ogromna reklama - logo Coca-Coli. Zamontowana w tym miejscu by\u0142a przez kilkadzies\" \/>\n<meta name=\"robots\" content=\"index, follow, max-snippet:-1, max-image-preview:large, max-video-preview:-1\" \/>\n<link rel=\"canonical\" href=\"https:\/\/gorzow.news\/index.php\/2025\/03\/03\/ogromna-reklama-coca-coli-zdjeta-z-arsenalu-byla-nieodlaczna-czescia-centrum-przez-dziesieciolecia-zdjecia-z-20-lat\/\" \/>\n<meta property=\"og:locale\" content=\"pl_PL\" \/>\n<meta property=\"og:type\" content=\"article\" \/>\n<meta property=\"og:title\" content=\"Ogromna reklama Coca-Coli zdj\u0119ta z Arsena\u0142u! By\u0142a nieod\u0142\u0105czn\u0105 cz\u0119\u015bci\u0105 centrum przez dziesi\u0119ciolecia! (zdj\u0119cia) - Gorz\u00f3w News\" \/>\n<meta property=\"og:description\" content=\"W weekend z dachu Arsena\u0142u przy ul. Chrobrego zdemontowana zosta\u0142 ogromna reklama - logo Coca-Coli. Zamontowana w tym miejscu by\u0142a przez kilkadzies\" \/>\n<meta property=\"og:url\" content=\"https:\/\/gorzow.news\/index.php\/2025\/03\/03\/ogromna-reklama-coca-coli-zdjeta-z-arsenalu-byla-nieodlaczna-czescia-centrum-przez-dziesieciolecia-zdjecia-z-20-lat\/\" \/>\n<meta property=\"og:site_name\" content=\"Gorz\u00f3w News\" \/>\n<meta property=\"article:publisher\" content=\"https:\/\/www.facebook.com\/gorzowskinews\" \/>\n<meta property=\"article:published_time\" content=\"2025-03-03T10:08:07+00:00\" \/>\n<meta property=\"article:modified_time\" content=\"2025-03-03T10:08:44+00:00\" \/>\n<meta property=\"og:image\" content=\"https:\/\/gorzow.news\/wp-content\/uploads\/2025\/03\/IMG_20250302_174609946-kopia.jpg\" \/>\n\t<meta property=\"og:image:width\" content=\"1600\" \/>\n\t<meta property=\"og:image:height\" content=\"900\" \/>\n\t<meta property=\"og:image:type\" content=\"image\/jpeg\" \/>\n<meta name=\"author\" content=\"maciej\" \/>\n<meta name=\"twitter:card\" content=\"summary_large_image\" \/>\n<meta name=\"twitter:label1\" content=\"Napisane przez\" \/>\n\t<meta name=\"twitter:data1\" content=\"maciej\" \/>\n\t<meta name=\"twitter:label2\" content=\"Szacowany czas czytania\" \/>\n\t<meta name=\"twitter:data2\" content=\"4 minuty\" \/>\n<script type=\"application\/ld+json\" class=\"yoast-schema-graph\">{\"@context\":\"https:\\\/\\\/schema.org\",\"@graph\":[{\"@type\":\"Article\",\"@id\":\"https:\\\/\\\/gorzow.news\\\/index.php\\\/2025\\\/03\\\/03\\\/ogromna-reklama-coca-coli-zdjeta-z-arsenalu-byla-nieodlaczna-czescia-centrum-przez-dziesieciolecia-zdjecia-z-20-lat\\\/#article\",\"isPartOf\":{\"@id\":\"https:\\\/\\\/gorzow.news\\\/index.php\\\/2025\\\/03\\\/03\\\/ogromna-reklama-coca-coli-zdjeta-z-arsenalu-byla-nieodlaczna-czescia-centrum-przez-dziesieciolecia-zdjecia-z-20-lat\\\/\"},\"author\":{\"name\":\"maciej\",\"@id\":\"https:\\\/\\\/gorzow.news\\\/#\\\/schema\\\/person\\\/a1e5ab43166369f2ce236a1cd90995bb\"},\"headline\":\"Ogromna reklama Coca-Coli zdj\u0119ta z Arsena\u0142u! By\u0142a nieod\u0142\u0105czn\u0105 cz\u0119\u015bci\u0105 centrum przez dziesi\u0119ciolecia! (zdj\u0119cia)\",\"datePublished\":\"2025-03-03T10:08:07+00:00\",\"dateModified\":\"2025-03-03T10:08:44+00:00\",\"mainEntityOfPage\":{\"@id\":\"https:\\\/\\\/gorzow.news\\\/index.php\\\/2025\\\/03\\\/03\\\/ogromna-reklama-coca-coli-zdjeta-z-arsenalu-byla-nieodlaczna-czescia-centrum-przez-dziesieciolecia-zdjecia-z-20-lat\\\/\"},\"wordCount\":147,\"commentCount\":0,\"image\":{\"@id\":\"https:\\\/\\\/gorzow.news\\\/index.php\\\/2025\\\/03\\\/03\\\/ogromna-reklama-coca-coli-zdjeta-z-arsenalu-byla-nieodlaczna-czescia-centrum-przez-dziesieciolecia-zdjecia-z-20-lat\\\/#primaryimage\"},\"thumbnailUrl\":\"https:\\\/\\\/gorzow.news\\\/wp-content\\\/uploads\\\/2025\\\/03\\\/IMG_20250302_174609946-kopia.jpg\",\"keywords\":[\"Arsena\u0142\",\"Chrobrego\",\"Coca-Cola\"],\"articleSection\":[\"Wehiku\u0142 czasu\",\"Wiadomo\u015bci\"],\"inLanguage\":\"pl-PL\",\"potentialAction\":[{\"@type\":\"CommentAction\",\"name\":\"Comment\",\"target\":[\"https:\\\/\\\/gorzow.news\\\/index.php\\\/2025\\\/03\\\/03\\\/ogromna-reklama-coca-coli-zdjeta-z-arsenalu-byla-nieodlaczna-czescia-centrum-przez-dziesieciolecia-zdjecia-z-20-lat\\\/#respond\"]}]},{\"@type\":\"WebPage\",\"@id\":\"https:\\\/\\\/gorzow.news\\\/index.php\\\/2025\\\/03\\\/03\\\/ogromna-reklama-coca-coli-zdjeta-z-arsenalu-byla-nieodlaczna-czescia-centrum-przez-dziesieciolecia-zdjecia-z-20-lat\\\/\",\"url\":\"https:\\\/\\\/gorzow.news\\\/index.php\\\/2025\\\/03\\\/03\\\/ogromna-reklama-coca-coli-zdjeta-z-arsenalu-byla-nieodlaczna-czescia-centrum-przez-dziesieciolecia-zdjecia-z-20-lat\\\/\",\"name\":\"Ogromna reklama Coca-Coli zdj\u0119ta z Arsena\u0142u! By\u0142a nieod\u0142\u0105czn\u0105 cz\u0119\u015bci\u0105 centrum przez dziesi\u0119ciolecia! (zdj\u0119cia) - Gorz\u00f3w News\",\"isPartOf\":{\"@id\":\"https:\\\/\\\/gorzow.news\\\/#website\"},\"primaryImageOfPage\":{\"@id\":\"https:\\\/\\\/gorzow.news\\\/index.php\\\/2025\\\/03\\\/03\\\/ogromna-reklama-coca-coli-zdjeta-z-arsenalu-byla-nieodlaczna-czescia-centrum-przez-dziesieciolecia-zdjecia-z-20-lat\\\/#primaryimage\"},\"image\":{\"@id\":\"https:\\\/\\\/gorzow.news\\\/index.php\\\/2025\\\/03\\\/03\\\/ogromna-reklama-coca-coli-zdjeta-z-arsenalu-byla-nieodlaczna-czescia-centrum-przez-dziesieciolecia-zdjecia-z-20-lat\\\/#primaryimage\"},\"thumbnailUrl\":\"https:\\\/\\\/gorzow.news\\\/wp-content\\\/uploads\\\/2025\\\/03\\\/IMG_20250302_174609946-kopia.jpg\",\"datePublished\":\"2025-03-03T10:08:07+00:00\",\"dateModified\":\"2025-03-03T10:08:44+00:00\",\"author\":{\"@id\":\"https:\\\/\\\/gorzow.news\\\/#\\\/schema\\\/person\\\/a1e5ab43166369f2ce236a1cd90995bb\"},\"description\":\"W weekend z dachu Arsena\u0142u przy ul. Chrobrego zdemontowana zosta\u0142 ogromna reklama - logo Coca-Coli. Zamontowana w tym miejscu by\u0142a przez kilkadziesi\u0105t lat. Wcze\u015bniej reklama dodatkowo obraca\u0142a si\u0119. My w naszym archiwum natrafili\u015bmy najdalej na zdj\u0119cie z 2005 roku. Poni\u017cej prezentujemy zdj\u0119cia z przekroju ostatnich 20. lat. Miasto si\u0119 zmienia\u0142o. Logo Coca-Coli ca\u0142y czas z nami by\u0142o. Jednym si\u0119 to podoba\u0142o, dla innych by\u0142o znakiem reklamowego nieporz\u0105dku.\",\"breadcrumb\":{\"@id\":\"https:\\\/\\\/gorzow.news\\\/index.php\\\/2025\\\/03\\\/03\\\/ogromna-reklama-coca-coli-zdjeta-z-arsenalu-byla-nieodlaczna-czescia-centrum-przez-dziesieciolecia-zdjecia-z-20-lat\\\/#breadcrumb\"},\"inLanguage\":\"pl-PL\",\"potentialAction\":[{\"@type\":\"ReadAction\",\"target\":[\"https:\\\/\\\/gorzow.news\\\/index.php\\\/2025\\\/03\\\/03\\\/ogromna-reklama-coca-coli-zdjeta-z-arsenalu-byla-nieodlaczna-czescia-centrum-przez-dziesieciolecia-zdjecia-z-20-lat\\\/\"]}]},{\"@type\":\"ImageObject\",\"inLanguage\":\"pl-PL\",\"@id\":\"https:\\\/\\\/gorzow.news\\\/index.php\\\/2025\\\/03\\\/03\\\/ogromna-reklama-coca-coli-zdjeta-z-arsenalu-byla-nieodlaczna-czescia-centrum-przez-dziesieciolecia-zdjecia-z-20-lat\\\/#primaryimage\",\"url\":\"https:\\\/\\\/gorzow.news\\\/wp-content\\\/uploads\\\/2025\\\/03\\\/IMG_20250302_174609946-kopia.jpg\",\"contentUrl\":\"https:\\\/\\\/gorzow.news\\\/wp-content\\\/uploads\\\/2025\\\/03\\\/IMG_20250302_174609946-kopia.jpg\",\"width\":1600,\"height\":900,\"caption\":\"Z Arsena\u0142u przy ul. Chrobrego zdemontowano ogromn\u0105 reklam\u0119 Coca-Coli. By\u0142a w tym miejscu przez kilkadziesi\u0105t lat.\"},{\"@type\":\"BreadcrumbList\",\"@id\":\"https:\\\/\\\/gorzow.news\\\/index.php\\\/2025\\\/03\\\/03\\\/ogromna-reklama-coca-coli-zdjeta-z-arsenalu-byla-nieodlaczna-czescia-centrum-przez-dziesieciolecia-zdjecia-z-20-lat\\\/#breadcrumb\",\"itemListElement\":[{\"@type\":\"ListItem\",\"position\":1,\"name\":\"Home\",\"item\":\"https:\\\/\\\/gorzow.news\\\/\"},{\"@type\":\"ListItem\",\"position\":2,\"name\":\"Ogromna reklama Coca-Coli zdj\u0119ta z Arsena\u0142u! By\u0142a nieod\u0142\u0105czn\u0105 cz\u0119\u015bci\u0105 centrum przez dziesi\u0119ciolecia! (zdj\u0119cia)\"}]},{\"@type\":\"WebSite\",\"@id\":\"https:\\\/\\\/gorzow.news\\\/#website\",\"url\":\"https:\\\/\\\/gorzow.news\\\/\",\"name\":\"Gorz\u00f3w News\",\"description\":\"Sp\u00f3jrz inaczej na miato i region...\",\"potentialAction\":[{\"@type\":\"SearchAction\",\"target\":{\"@type\":\"EntryPoint\",\"urlTemplate\":\"https:\\\/\\\/gorzow.news\\\/?s={search_term_string}\"},\"query-input\":{\"@type\":\"PropertyValueSpecification\",\"valueRequired\":true,\"valueName\":\"search_term_string\"}}],\"inLanguage\":\"pl-PL\"},{\"@type\":\"Person\",\"@id\":\"https:\\\/\\\/gorzow.news\\\/#\\\/schema\\\/person\\\/a1e5ab43166369f2ce236a1cd90995bb\",\"name\":\"maciej\",\"image\":{\"@type\":\"ImageObject\",\"inLanguage\":\"pl-PL\",\"@id\":\"https:\\\/\\\/secure.gravatar.com\\\/avatar\\\/530a674d56ba60cfa0ef21d74e8e8d123a51bb7aa6580465b5c2ab2c2e980a19?s=96&r=g&d=https:\\\/\\\/gorzow.news\\\/wp-content\\\/plugins\\\/userswp\\\/assets\\\/images\\\/no_profile.png\",\"url\":\"https:\\\/\\\/secure.gravatar.com\\\/avatar\\\/530a674d56ba60cfa0ef21d74e8e8d123a51bb7aa6580465b5c2ab2c2e980a19?s=96&r=g&d=https:\\\/\\\/gorzow.news\\\/wp-content\\\/plugins\\\/userswp\\\/assets\\\/images\\\/no_profile.png\",\"contentUrl\":\"https:\\\/\\\/secure.gravatar.com\\\/avatar\\\/530a674d56ba60cfa0ef21d74e8e8d123a51bb7aa6580465b5c2ab2c2e980a19?s=96&r=g&d=https:\\\/\\\/gorzow.news\\\/wp-content\\\/plugins\\\/userswp\\\/assets\\\/images\\\/no_profile.png\",\"caption\":\"maciej\"},\"url\":\"https:\\\/\\\/gorzow.news\\\/index.php\\\/profile\\\/maciej\\\/\"}]}<\/script>\n<!-- \/ Yoast SEO plugin. -->","yoast_head_json":{"title":"Ogromna reklama Coca-Coli zdj\u0119ta z Arsena\u0142u! By\u0142a nieod\u0142\u0105czn\u0105 cz\u0119\u015bci\u0105 centrum przez dziesi\u0119ciolecia! (zdj\u0119cia) - Gorz\u00f3w News","description":"W weekend z dachu Arsena\u0142u przy ul. Chrobrego zdemontowana zosta\u0142 ogromna reklama - logo Coca-Coli. Zamontowana w tym miejscu by\u0142a przez kilkadzies","robots":{"index":"index","follow":"follow","max-snippet":"max-snippet:-1","max-image-preview":"max-image-preview:large","max-video-preview":"max-video-preview:-1"},"canonical":"https:\/\/gorzow.news\/index.php\/2025\/03\/03\/ogromna-reklama-coca-coli-zdjeta-z-arsenalu-byla-nieodlaczna-czescia-centrum-przez-dziesieciolecia-zdjecia-z-20-lat\/","og_locale":"pl_PL","og_type":"article","og_title":"Ogromna reklama Coca-Coli zdj\u0119ta z Arsena\u0142u! By\u0142a nieod\u0142\u0105czn\u0105 cz\u0119\u015bci\u0105 centrum przez dziesi\u0119ciolecia! (zdj\u0119cia) - Gorz\u00f3w News","og_description":"W weekend z dachu Arsena\u0142u przy ul. Chrobrego zdemontowana zosta\u0142 ogromna reklama - logo Coca-Coli. Zamontowana w tym miejscu by\u0142a przez kilkadzies","og_url":"https:\/\/gorzow.news\/index.php\/2025\/03\/03\/ogromna-reklama-coca-coli-zdjeta-z-arsenalu-byla-nieodlaczna-czescia-centrum-przez-dziesieciolecia-zdjecia-z-20-lat\/","og_site_name":"Gorz\u00f3w News","article_publisher":"https:\/\/www.facebook.com\/gorzowskinews","article_published_time":"2025-03-03T10:08:07+00:00","article_modified_time":"2025-03-03T10:08:44+00:00","og_image":[{"width":1600,"height":900,"url":"https:\/\/gorzow.news\/wp-content\/uploads\/2025\/03\/IMG_20250302_174609946-kopia.jpg","type":"image\/jpeg"}],"author":"maciej","twitter_card":"summary_large_image","twitter_misc":{"Napisane przez":"maciej","Szacowany czas czytania":"4 minuty"},"schema":{"@context":"https:\/\/schema.org","@graph":[{"@type":"Article","@id":"https:\/\/gorzow.news\/index.php\/2025\/03\/03\/ogromna-reklama-coca-coli-zdjeta-z-arsenalu-byla-nieodlaczna-czescia-centrum-przez-dziesieciolecia-zdjecia-z-20-lat\/#article","isPartOf":{"@id":"https:\/\/gorzow.news\/index.php\/2025\/03\/03\/ogromna-reklama-coca-coli-zdjeta-z-arsenalu-byla-nieodlaczna-czescia-centrum-przez-dziesieciolecia-zdjecia-z-20-lat\/"},"author":{"name":"maciej","@id":"https:\/\/gorzow.news\/#\/schema\/person\/a1e5ab43166369f2ce236a1cd90995bb"},"headline":"Ogromna reklama Coca-Coli zdj\u0119ta z Arsena\u0142u! By\u0142a nieod\u0142\u0105czn\u0105 cz\u0119\u015bci\u0105 centrum przez dziesi\u0119ciolecia! (zdj\u0119cia)","datePublished":"2025-03-03T10:08:07+00:00","dateModified":"2025-03-03T10:08:44+00:00","mainEntityOfPage":{"@id":"https:\/\/gorzow.news\/index.php\/2025\/03\/03\/ogromna-reklama-coca-coli-zdjeta-z-arsenalu-byla-nieodlaczna-czescia-centrum-przez-dziesieciolecia-zdjecia-z-20-lat\/"},"wordCount":147,"commentCount":0,"image":{"@id":"https:\/\/gorzow.news\/index.php\/2025\/03\/03\/ogromna-reklama-coca-coli-zdjeta-z-arsenalu-byla-nieodlaczna-czescia-centrum-przez-dziesieciolecia-zdjecia-z-20-lat\/#primaryimage"},"thumbnailUrl":"https:\/\/gorzow.news\/wp-content\/uploads\/2025\/03\/IMG_20250302_174609946-kopia.jpg","keywords":["Arsena\u0142","Chrobrego","Coca-Cola"],"articleSection":["Wehiku\u0142 czasu","Wiadomo\u015bci"],"inLanguage":"pl-PL","potentialAction":[{"@type":"CommentAction","name":"Comment","target":["https:\/\/gorzow.news\/index.php\/2025\/03\/03\/ogromna-reklama-coca-coli-zdjeta-z-arsenalu-byla-nieodlaczna-czescia-centrum-przez-dziesieciolecia-zdjecia-z-20-lat\/#respond"]}]},{"@type":"WebPage","@id":"https:\/\/gorzow.news\/index.php\/2025\/03\/03\/ogromna-reklama-coca-coli-zdjeta-z-arsenalu-byla-nieodlaczna-czescia-centrum-przez-dziesieciolecia-zdjecia-z-20-lat\/","url":"https:\/\/gorzow.news\/index.php\/2025\/03\/03\/ogromna-reklama-coca-coli-zdjeta-z-arsenalu-byla-nieodlaczna-czescia-centrum-przez-dziesieciolecia-zdjecia-z-20-lat\/","name":"Ogromna reklama Coca-Coli zdj\u0119ta z Arsena\u0142u! By\u0142a nieod\u0142\u0105czn\u0105 cz\u0119\u015bci\u0105 centrum przez dziesi\u0119ciolecia! (zdj\u0119cia) - Gorz\u00f3w News","isPartOf":{"@id":"https:\/\/gorzow.news\/#website"},"primaryImageOfPage":{"@id":"https:\/\/gorzow.news\/index.php\/2025\/03\/03\/ogromna-reklama-coca-coli-zdjeta-z-arsenalu-byla-nieodlaczna-czescia-centrum-przez-dziesieciolecia-zdjecia-z-20-lat\/#primaryimage"},"image":{"@id":"https:\/\/gorzow.news\/index.php\/2025\/03\/03\/ogromna-reklama-coca-coli-zdjeta-z-arsenalu-byla-nieodlaczna-czescia-centrum-przez-dziesieciolecia-zdjecia-z-20-lat\/#primaryimage"},"thumbnailUrl":"https:\/\/gorzow.news\/wp-content\/uploads\/2025\/03\/IMG_20250302_174609946-kopia.jpg","datePublished":"2025-03-03T10:08:07+00:00","dateModified":"2025-03-03T10:08:44+00:00","author":{"@id":"https:\/\/gorzow.news\/#\/schema\/person\/a1e5ab43166369f2ce236a1cd90995bb"},"description":"W weekend z dachu Arsena\u0142u przy ul. Chrobrego zdemontowana zosta\u0142 ogromna reklama - logo Coca-Coli. Zamontowana w tym miejscu by\u0142a przez kilkadziesi\u0105t lat. Wcze\u015bniej reklama dodatkowo obraca\u0142a si\u0119. My w naszym archiwum natrafili\u015bmy najdalej na zdj\u0119cie z 2005 roku. Poni\u017cej prezentujemy zdj\u0119cia z przekroju ostatnich 20. lat. Miasto si\u0119 zmienia\u0142o. Logo Coca-Coli ca\u0142y czas z nami by\u0142o. Jednym si\u0119 to podoba\u0142o, dla innych by\u0142o znakiem reklamowego nieporz\u0105dku.","breadcrumb":{"@id":"https:\/\/gorzow.news\/index.php\/2025\/03\/03\/ogromna-reklama-coca-coli-zdjeta-z-arsenalu-byla-nieodlaczna-czescia-centrum-przez-dziesieciolecia-zdjecia-z-20-lat\/#breadcrumb"},"inLanguage":"pl-PL","potentialAction":[{"@type":"ReadAction","target":["https:\/\/gorzow.news\/index.php\/2025\/03\/03\/ogromna-reklama-coca-coli-zdjeta-z-arsenalu-byla-nieodlaczna-czescia-centrum-przez-dziesieciolecia-zdjecia-z-20-lat\/"]}]},{"@type":"ImageObject","inLanguage":"pl-PL","@id":"https:\/\/gorzow.news\/index.php\/2025\/03\/03\/ogromna-reklama-coca-coli-zdjeta-z-arsenalu-byla-nieodlaczna-czescia-centrum-przez-dziesieciolecia-zdjecia-z-20-lat\/#primaryimage","url":"https:\/\/gorzow.news\/wp-content\/uploads\/2025\/03\/IMG_20250302_174609946-kopia.jpg","contentUrl":"https:\/\/gorzow.news\/wp-content\/uploads\/2025\/03\/IMG_20250302_174609946-kopia.jpg","width":1600,"height":900,"caption":"Z Arsena\u0142u przy ul. Chrobrego zdemontowano ogromn\u0105 reklam\u0119 Coca-Coli. By\u0142a w tym miejscu przez kilkadziesi\u0105t lat."},{"@type":"BreadcrumbList","@id":"https:\/\/gorzow.news\/index.php\/2025\/03\/03\/ogromna-reklama-coca-coli-zdjeta-z-arsenalu-byla-nieodlaczna-czescia-centrum-przez-dziesieciolecia-zdjecia-z-20-lat\/#breadcrumb","itemListElement":[{"@type":"ListItem","position":1,"name":"Home","item":"https:\/\/gorzow.news\/"},{"@type":"ListItem","position":2,"name":"Ogromna reklama Coca-Coli zdj\u0119ta z Arsena\u0142u! By\u0142a nieod\u0142\u0105czn\u0105 cz\u0119\u015bci\u0105 centrum przez dziesi\u0119ciolecia! (zdj\u0119cia)"}]},{"@type":"WebSite","@id":"https:\/\/gorzow.news\/#website","url":"https:\/\/gorzow.news\/","name":"Gorz\u00f3w News","description":"Sp\u00f3jrz inaczej na miato i region...","potentialAction":[{"@type":"SearchAction","target":{"@type":"EntryPoint","urlTemplate":"https:\/\/gorzow.news\/?s={search_term_string}"},"query-input":{"@type":"PropertyValueSpecification","valueRequired":true,"valueName":"search_term_string"}}],"inLanguage":"pl-PL"},{"@type":"Person","@id":"https:\/\/gorzow.news\/#\/schema\/person\/a1e5ab43166369f2ce236a1cd90995bb","name":"maciej","image":{"@type":"ImageObject","inLanguage":"pl-PL","@id":"https:\/\/secure.gravatar.com\/avatar\/530a674d56ba60cfa0ef21d74e8e8d123a51bb7aa6580465b5c2ab2c2e980a19?s=96&r=g&d=https:\/\/gorzow.news\/wp-content\/plugins\/userswp\/assets\/images\/no_profile.png","url":"https:\/\/secure.gravatar.com\/avatar\/530a674d56ba60cfa0ef21d74e8e8d123a51bb7aa6580465b5c2ab2c2e980a19?s=96&r=g&d=https:\/\/gorzow.news\/wp-content\/plugins\/userswp\/assets\/images\/no_profile.png","contentUrl":"https:\/\/secure.gravatar.com\/avatar\/530a674d56ba60cfa0ef21d74e8e8d123a51bb7aa6580465b5c2ab2c2e980a19?s=96&r=g&d=https:\/\/gorzow.news\/wp-content\/plugins\/userswp\/assets\/images\/no_profile.png","caption":"maciej"},"url":"https:\/\/gorzow.news\/index.php\/profile\/maciej\/"}]}},"_links":{"self":[{"href":"https:\/\/gorzow.news\/index.php\/wp-json\/wp\/v2\/posts\/29823","targetHints":{"allow":["GET"]}}],"collection":[{"href":"https:\/\/gorzow.news\/index.php\/wp-json\/wp\/v2\/posts"}],"about":[{"href":"https:\/\/gorzow.news\/index.php\/wp-json\/wp\/v2\/types\/post"}],"author":[{"embeddable":true,"href":"https:\/\/gorzow.news\/index.php\/wp-json\/wp\/v2\/users\/1"}],"replies":[{"embeddable":true,"href":"https:\/\/gorzow.news\/index.php\/wp-json\/wp\/v2\/comments?post=29823"}],"version-history":[{"count":2,"href":"https:\/\/gorzow.news\/index.php\/wp-json\/wp\/v2\/posts\/29823\/revisions"}],"predecessor-version":[{"id":29838,"href":"https:\/\/gorzow.news\/index.php\/wp-json\/wp\/v2\/posts\/29823\/revisions\/29838"}],"wp:featuredmedia":[{"embeddable":true,"href":"https:\/\/gorzow.news\/index.php\/wp-json\/wp\/v2\/media\/29824"}],"wp:attachment":[{"href":"https:\/\/gorzow.news\/index.php\/wp-json\/wp\/v2\/media?parent=29823"}],"wp:term":[{"taxonomy":"category","embeddable":true,"href":"https:\/\/gorzow.news\/index.php\/wp-json\/wp\/v2\/categories?post=29823"},{"taxonomy":"post_tag","embeddable":true,"href":"https:\/\/gorzow.news\/index.php\/wp-json\/wp\/v2\/tags?post=29823"}],"curies":[{"name":"wp","href":"https:\/\/api.w.org\/{rel}","templated":true}]}}