{"id":29708,"date":"2025-02-26T20:15:21","date_gmt":"2025-02-26T19:15:21","guid":{"rendered":"https:\/\/gorzow.news\/?p=29708"},"modified":"2025-02-26T20:15:23","modified_gmt":"2025-02-26T19:15:23","slug":"mala-akademia-jazzu-doczekala-sie-swojego-skweru-w-centrum-teraz-czas-o-ten-skwer-zadbac","status":"publish","type":"post","link":"https:\/\/gorzow.news\/index.php\/2025\/02\/26\/mala-akademia-jazzu-doczekala-sie-swojego-skweru-w-centrum-teraz-czas-o-ten-skwer-zadbac\/","title":{"rendered":"Ma\u0142a Akademia Jazzu doczeka\u0142a si\u0119 swojego skweru w centrum! Teraz czas o ten skwer zadba\u0107\u2026"},"content":{"rendered":"\n<p><strong>Skwer pomi\u0119dzy ulicami Hawela\u0144sk\u0105, Chrobrego i Jagie\u0142\u0142y b\u0119dzie nosi\u0142 nazw\u0119 Ma\u0142ej Akademii Jazzu. O nadaniu takiej nazwy dla miejscu mi\u0119dzy Jazz Clubem Pod Filarami i now\u0105 siedzib\u0105 Miejskiego Centrum Kultury zdecydowali podczas wtorkowej sesji rady miasta radni.<\/strong><\/p>\n\n\n\n<p><strong>W temacie:<\/strong><br>&#8211; <a href=\"https:\/\/gorzow.news\/index.php\/2025\/02\/10\/zajrzelismy-do-budowanej-sali-koncertowej-mck-jak-postepy-kiedy-pierwszy-koncert-zdjecia\/\">Zajrzeli\u015bmy do budowanej sali koncertowej MCK! Jak post\u0119py? Kiedy pierwszy koncert? (zdj\u0119cia)<\/a><br>&#8211; <a href=\"https:\/\/gorzow.news\/index.php\/2025\/02\/10\/tak-zmienia-sie-przestrzen-przed-budynkiem-sali-koncertowej-mck-zniknely-ceglane-murki\/\">Tak zmienia si\u0119 przestrze\u0144 przed budynkiem sali koncertowej MCK! Znikn\u0119\u0142y ceglane murki!<\/a><\/p>\n\n\n\n<p><strong>Uzasadnienie podj\u0119tej uchwa\u0142y<\/strong><\/p>\n\n\n\n<p>W imieniu Klub\u00f3w Radnych: Gorz\u00f3w Plus i Platforma Obywatelska przedk\u0142adamy projekt uchwa\u0142y w sprawie nadania nazwy Ma\u0142ej Akademii Jazzu skwerowi pomi\u0119dzy ulicami Hawela\u0144sk\u0105, Boles\u0142awa Chrobrego i W\u0142adys\u0142awa Jagie\u0142\u0142y.<\/p>\n\n\n\n<p>W 2025 roku Ma\u0142a Akademia Jazzu obchodzi jubileusz 40-lecia swojej dzia\u0142alno\u015bci. Ma\u0142a Akademia Jazzu powsta\u0142a w 1985 roku w Gda\u0144sku i funkcjonowa\u0142a w wielu miastach. Z czasem zainteresowanie Akademi\u0105 zmala\u0142o, a przez kilkana\u015bcie lat Gorz\u00f3w by\u0142 jedynym o\u015brodkiem, kt\u00f3ry rozwija\u0142 t\u0119 form\u0119 edukacji, gdzie zaj\u0119cia s\u0105 prowadzone nieprzerwanie od 1986 r.<\/p>\n\n\n\n<p>Celem Ma\u0142ej Akademii Jazzu jest edukacja dzieci i m\u0142odzie\u017cy, przygotowanie do uczestnictwa w kulturze, kszta\u0142towanie nawyk\u00f3w i potrzeb kulturalnych, rozw\u00f3j zainteresowa\u0144, kultury osobistej, s\u0142uchu muzycznego, poczucia rytmu, og\u00f3lnego umuzykalnienia. Przez ca\u0142y okres dzia\u0142alno\u015bci Akademii w zaj\u0119ciach wzi\u0119\u0142o udzia\u0142 ponad 30 tysi\u0119cy s\u0142uchaczy.<\/p>\n\n\n\n<p>Wyk\u0142adowcami Ma\u0142ej Akademii Jazzu s\u0105 wybitni muzycy i teoretycy jazzu. To ponad 90-ciu najwybitniejszych jazzman\u00f3w polskiej sceny jazzowej oraz muzycy zagraniczni, m.in. Jan Ptaszyn Wr\u00f3blewski, Tomasz Szukalski, Artur Dutkiewicz, czy Brad Terry. Pojedyncze audycje prowadzili Freddy Cole i Hans Hartmann, Urszula Dudziak. Przez akademi\u0119 przewin\u0119\u0142y si\u0119 zespo\u0142y jazzu tradycyjnego: Beale Street Band, Blues Fellows, Vistula River Brass Band. Sta\u0142ymi wyk\u0142adowcami od kilku lat s\u0105 m.in: Adam Ba\u0142dych, Leszek Dranicki, Marek Kazana, Piotr Lema\u0144ski. Dzi\u0119ki Ma\u0142ej Akademii Jazzu wykszta\u0142ci\u0142o si\u0119 spore grono m\u0142odych muzyk\u00f3w, kt\u00f3rzy uko\u0144czyli akademie muzyczne b\u0105d\u017a jeszcze studiuj\u0105. S\u0105 to m.in. Adam Ba\u0142dych, Przemek Raminiak, czy Micha\u0142 Wr\u00f3blewski.<\/p>\n\n\n\n<p>Z pewno\u015bci\u0105 fenomen Ma\u0142ej Akademii Jazzu zas\u0142uguje na wyr\u00f3\u017cnienie i docenienie, st\u0105d proponujemy podj\u0119cie przed\u0142o\u017conej uchwa\u0142y i nazwanie skweru mieszcz\u0105cego si\u0119 w niedalekiej odleg\u0142o\u015bci od siedziby Jazz Clubu Pod Filarami, gdzie przez ostatnie 40 lat rozbrzmiewaj\u0105 wyk\u0142ady i d\u017awi\u0119ki jazzu &#8211; MA\u0141EJ AKADEMII JAZZU.<\/p>\n\n\n\r\n                <style type=\"text\/css\">\r\n                    \r\n                    #tdi_1  .td-doubleSlider-2 .td-item1 {\r\n                        background: url(https:\/\/gorzow.news\/wp-content\/uploads\/2025\/02\/IMG_20250226_163620553_HDR.jpg) 0 0 no-repeat;\r\n                    }\r\n                    #tdi_1  .td-doubleSlider-2 .td-item2 {\r\n                        background: url(https:\/\/gorzow.news\/wp-content\/uploads\/2025\/02\/IMG_20250226_163635318_HDR.jpg) 0 0 no-repeat;\r\n                    }\r\n                    #tdi_1  .td-doubleSlider-2 .td-item3 {\r\n                        background: url(https:\/\/gorzow.news\/wp-content\/uploads\/2025\/02\/IMG_20250226_163700468_HDR.jpg) 0 0 no-repeat;\r\n                    }\r\n                    #tdi_1  .td-doubleSlider-2 .td-item4 {\r\n                        background: url(https:\/\/gorzow.news\/wp-content\/uploads\/2025\/02\/IMG_20250226_163705264.jpg) 0 0 no-repeat;\r\n                    }\r\n                    #tdi_1  .td-doubleSlider-2 .td-item5 {\r\n                        background: url(https:\/\/gorzow.news\/wp-content\/uploads\/2025\/02\/IMG_20250226_163719973_HDR.jpg) 0 0 no-repeat;\r\n                    }\r\n                    #tdi_1  .td-doubleSlider-2 .td-item6 {\r\n                        background: url(https:\/\/gorzow.news\/wp-content\/uploads\/2025\/02\/IMG_20250226_163748101_HDR.jpg) 0 0 no-repeat;\r\n                    }\r\n                    #tdi_1  .td-doubleSlider-2 .td-item7 {\r\n                        background: url(https:\/\/gorzow.news\/wp-content\/uploads\/2025\/02\/IMG_20250226_163806519_HDR.jpg) 0 0 no-repeat;\r\n                    }\r\n                    #tdi_1  .td-doubleSlider-2 .td-item8 {\r\n                        background: url(https:\/\/gorzow.news\/wp-content\/uploads\/2025\/02\/IMG_20250226_163814549_HDR.jpg) 0 0 no-repeat;\r\n                    }\r\n                    #tdi_1  .td-doubleSlider-2 .td-item9 {\r\n                        background: url(https:\/\/gorzow.news\/wp-content\/uploads\/2025\/02\/IMG_20250226_163819967_HDR.jpg) 0 0 no-repeat;\r\n                    }\r\n                    #tdi_1  .td-doubleSlider-2 .td-item10 {\r\n                        background: url(https:\/\/gorzow.news\/wp-content\/uploads\/2025\/02\/IMG_20250226_163847774_HDR.jpg) 0 0 no-repeat;\r\n                    }\r\n                    #tdi_1  .td-doubleSlider-2 .td-item11 {\r\n                        background: url(https:\/\/gorzow.news\/wp-content\/uploads\/2025\/02\/IMG_20250226_163859299_HDR.jpg) 0 0 no-repeat;\r\n                    }\r\n                    #tdi_1  .td-doubleSlider-2 .td-item12 {\r\n                        background: url(https:\/\/gorzow.news\/wp-content\/uploads\/2025\/02\/IMG_20250226_163938675_HDR.jpg) 0 0 no-repeat;\r\n                    }\r\n                <\/style>\r\n\r\n                <div id=\"tdi_1\" class=\"td-gallery td-slide-on-2-columns\">\r\n                    <div class=\"post_td_gallery\">\r\n                        <div class=\"td-gallery-slide-top\">\r\n                           <div class=\"td-gallery-title\">Skwer Ma\u0142ej Akademii Jazzu<\/div>\r\n\r\n                            <div class=\"td-gallery-controls-wrapper\">\r\n                                <div class=\"td-gallery-slide-count\"><span class=\"td-gallery-slide-item-focus\">1<\/span> z 12<\/div>\r\n                                <div class=\"td-gallery-slide-prev-next-but\">\r\n                                    <i class = \"td-icon-left doubleSliderPrevButton\"><\/i>\r\n                                    <i class = \"td-icon-right doubleSliderNextButton\"><\/i>\r\n                                <\/div>\r\n                            <\/div>\r\n                        <\/div>\r\n\r\n                        <div class = \"td-doubleSlider-1 \">\r\n                            <div class = \"td-slider\">\r\n                                \r\n                    <div class = \"td-slide-item td-item1\">\r\n                        <figure class=\"td-slide-galery-figure td-slide-popup-gallery\">\r\n                            <a class=\"slide-gallery-image-link\" href=\"https:\/\/gorzow.news\/wp-content\/uploads\/2025\/02\/IMG_20250226_163620553_HDR.jpg\" title=\"\"  data-caption=\"\"  data-description=\"\">\r\n                                <img decoding=\"async\" src=\"https:\/\/gorzow.news\/wp-content\/uploads\/2025\/02\/IMG_20250226_163620553_HDR.jpg\" srcset=\"https:\/\/gorzow.news\/wp-content\/uploads\/2025\/02\/IMG_20250226_163620553_HDR.jpg 1600w, https:\/\/gorzow.news\/wp-content\/uploads\/2025\/02\/IMG_20250226_163620553_HDR-300x169.jpg 300w, https:\/\/gorzow.news\/wp-content\/uploads\/2025\/02\/IMG_20250226_163620553_HDR-1024x576.jpg 1024w, https:\/\/gorzow.news\/wp-content\/uploads\/2025\/02\/IMG_20250226_163620553_HDR-768x432.jpg 768w, https:\/\/gorzow.news\/wp-content\/uploads\/2025\/02\/IMG_20250226_163620553_HDR-1536x864.jpg 1536w, https:\/\/gorzow.news\/wp-content\/uploads\/2025\/02\/IMG_20250226_163620553_HDR-696x392.jpg 696w, https:\/\/gorzow.news\/wp-content\/uploads\/2025\/02\/IMG_20250226_163620553_HDR-1068x601.jpg 1068w\" sizes=\"(max-width: 1600px) 100vw, 1600px\" alt=\"\">\r\n                            <\/a>\r\n                            \r\n                        <\/figure>\r\n                    <\/div>\r\n                    <div class = \"td-slide-item td-item2\">\r\n                        <figure class=\"td-slide-galery-figure td-slide-popup-gallery\">\r\n                            <a class=\"slide-gallery-image-link\" href=\"https:\/\/gorzow.news\/wp-content\/uploads\/2025\/02\/IMG_20250226_163635318_HDR.jpg\" title=\"\"  data-caption=\"\"  data-description=\"\">\r\n                                <img decoding=\"async\" src=\"https:\/\/gorzow.news\/wp-content\/uploads\/2025\/02\/IMG_20250226_163635318_HDR.jpg\" srcset=\"https:\/\/gorzow.news\/wp-content\/uploads\/2025\/02\/IMG_20250226_163635318_HDR.jpg 1600w, https:\/\/gorzow.news\/wp-content\/uploads\/2025\/02\/IMG_20250226_163635318_HDR-300x169.jpg 300w, https:\/\/gorzow.news\/wp-content\/uploads\/2025\/02\/IMG_20250226_163635318_HDR-1024x576.jpg 1024w, https:\/\/gorzow.news\/wp-content\/uploads\/2025\/02\/IMG_20250226_163635318_HDR-768x432.jpg 768w, https:\/\/gorzow.news\/wp-content\/uploads\/2025\/02\/IMG_20250226_163635318_HDR-1536x864.jpg 1536w, https:\/\/gorzow.news\/wp-content\/uploads\/2025\/02\/IMG_20250226_163635318_HDR-696x392.jpg 696w, https:\/\/gorzow.news\/wp-content\/uploads\/2025\/02\/IMG_20250226_163635318_HDR-1068x601.jpg 1068w\" sizes=\"(max-width: 1600px) 100vw, 1600px\" alt=\"\">\r\n                            <\/a>\r\n                            \r\n                        <\/figure>\r\n                    <\/div>\r\n                    <div class = \"td-slide-item td-item3\">\r\n                        <figure class=\"td-slide-galery-figure td-slide-popup-gallery\">\r\n                            <a class=\"slide-gallery-image-link\" href=\"https:\/\/gorzow.news\/wp-content\/uploads\/2025\/02\/IMG_20250226_163700468_HDR.jpg\" title=\"\"  data-caption=\"\"  data-description=\"\">\r\n                                <img decoding=\"async\" src=\"https:\/\/gorzow.news\/wp-content\/uploads\/2025\/02\/IMG_20250226_163700468_HDR.jpg\" srcset=\"https:\/\/gorzow.news\/wp-content\/uploads\/2025\/02\/IMG_20250226_163700468_HDR.jpg 1600w, https:\/\/gorzow.news\/wp-content\/uploads\/2025\/02\/IMG_20250226_163700468_HDR-300x169.jpg 300w, https:\/\/gorzow.news\/wp-content\/uploads\/2025\/02\/IMG_20250226_163700468_HDR-1024x576.jpg 1024w, https:\/\/gorzow.news\/wp-content\/uploads\/2025\/02\/IMG_20250226_163700468_HDR-768x432.jpg 768w, https:\/\/gorzow.news\/wp-content\/uploads\/2025\/02\/IMG_20250226_163700468_HDR-1536x864.jpg 1536w, https:\/\/gorzow.news\/wp-content\/uploads\/2025\/02\/IMG_20250226_163700468_HDR-696x392.jpg 696w, https:\/\/gorzow.news\/wp-content\/uploads\/2025\/02\/IMG_20250226_163700468_HDR-1068x601.jpg 1068w\" sizes=\"(max-width: 1600px) 100vw, 1600px\" alt=\"\">\r\n                            <\/a>\r\n                            \r\n                        <\/figure>\r\n                    <\/div>\r\n                    <div class = \"td-slide-item td-item4\">\r\n                        <figure class=\"td-slide-galery-figure td-slide-popup-gallery\">\r\n                            <a class=\"slide-gallery-image-link\" href=\"https:\/\/gorzow.news\/wp-content\/uploads\/2025\/02\/IMG_20250226_163705264.jpg\" title=\"\"  data-caption=\"\"  data-description=\"\">\r\n                                <img decoding=\"async\" src=\"https:\/\/gorzow.news\/wp-content\/uploads\/2025\/02\/IMG_20250226_163705264.jpg\" srcset=\"https:\/\/gorzow.news\/wp-content\/uploads\/2025\/02\/IMG_20250226_163705264.jpg 1600w, https:\/\/gorzow.news\/wp-content\/uploads\/2025\/02\/IMG_20250226_163705264-300x169.jpg 300w, https:\/\/gorzow.news\/wp-content\/uploads\/2025\/02\/IMG_20250226_163705264-1024x576.jpg 1024w, https:\/\/gorzow.news\/wp-content\/uploads\/2025\/02\/IMG_20250226_163705264-768x432.jpg 768w, https:\/\/gorzow.news\/wp-content\/uploads\/2025\/02\/IMG_20250226_163705264-1536x864.jpg 1536w, https:\/\/gorzow.news\/wp-content\/uploads\/2025\/02\/IMG_20250226_163705264-696x392.jpg 696w, https:\/\/gorzow.news\/wp-content\/uploads\/2025\/02\/IMG_20250226_163705264-1068x601.jpg 1068w\" sizes=\"(max-width: 1600px) 100vw, 1600px\" alt=\"\">\r\n                            <\/a>\r\n                            \r\n                        <\/figure>\r\n                    <\/div>\r\n                    <div class = \"td-slide-item td-item5\">\r\n                        <figure class=\"td-slide-galery-figure td-slide-popup-gallery\">\r\n                            <a class=\"slide-gallery-image-link\" href=\"https:\/\/gorzow.news\/wp-content\/uploads\/2025\/02\/IMG_20250226_163719973_HDR.jpg\" title=\"\"  data-caption=\"\"  data-description=\"\">\r\n                                <img decoding=\"async\" src=\"https:\/\/gorzow.news\/wp-content\/uploads\/2025\/02\/IMG_20250226_163719973_HDR.jpg\" srcset=\"https:\/\/gorzow.news\/wp-content\/uploads\/2025\/02\/IMG_20250226_163719973_HDR.jpg 1600w, https:\/\/gorzow.news\/wp-content\/uploads\/2025\/02\/IMG_20250226_163719973_HDR-300x169.jpg 300w, https:\/\/gorzow.news\/wp-content\/uploads\/2025\/02\/IMG_20250226_163719973_HDR-1024x576.jpg 1024w, https:\/\/gorzow.news\/wp-content\/uploads\/2025\/02\/IMG_20250226_163719973_HDR-768x432.jpg 768w, https:\/\/gorzow.news\/wp-content\/uploads\/2025\/02\/IMG_20250226_163719973_HDR-1536x864.jpg 1536w, https:\/\/gorzow.news\/wp-content\/uploads\/2025\/02\/IMG_20250226_163719973_HDR-696x392.jpg 696w, https:\/\/gorzow.news\/wp-content\/uploads\/2025\/02\/IMG_20250226_163719973_HDR-1068x601.jpg 1068w\" sizes=\"(max-width: 1600px) 100vw, 1600px\" alt=\"\">\r\n                            <\/a>\r\n                            \r\n                        <\/figure>\r\n                    <\/div>\r\n                    <div class = \"td-slide-item td-item6\">\r\n                        <figure class=\"td-slide-galery-figure td-slide-popup-gallery\">\r\n                            <a class=\"slide-gallery-image-link\" href=\"https:\/\/gorzow.news\/wp-content\/uploads\/2025\/02\/IMG_20250226_163748101_HDR.jpg\" title=\"\"  data-caption=\"\"  data-description=\"\">\r\n                                <img decoding=\"async\" src=\"https:\/\/gorzow.news\/wp-content\/uploads\/2025\/02\/IMG_20250226_163748101_HDR.jpg\" srcset=\"https:\/\/gorzow.news\/wp-content\/uploads\/2025\/02\/IMG_20250226_163748101_HDR.jpg 1600w, https:\/\/gorzow.news\/wp-content\/uploads\/2025\/02\/IMG_20250226_163748101_HDR-300x169.jpg 300w, https:\/\/gorzow.news\/wp-content\/uploads\/2025\/02\/IMG_20250226_163748101_HDR-1024x576.jpg 1024w, https:\/\/gorzow.news\/wp-content\/uploads\/2025\/02\/IMG_20250226_163748101_HDR-768x432.jpg 768w, https:\/\/gorzow.news\/wp-content\/uploads\/2025\/02\/IMG_20250226_163748101_HDR-1536x864.jpg 1536w, https:\/\/gorzow.news\/wp-content\/uploads\/2025\/02\/IMG_20250226_163748101_HDR-696x392.jpg 696w, https:\/\/gorzow.news\/wp-content\/uploads\/2025\/02\/IMG_20250226_163748101_HDR-1068x601.jpg 1068w\" sizes=\"(max-width: 1600px) 100vw, 1600px\" alt=\"\">\r\n                            <\/a>\r\n                            \r\n                        <\/figure>\r\n                    <\/div>\r\n                    <div class = \"td-slide-item td-item7\">\r\n                        <figure class=\"td-slide-galery-figure td-slide-popup-gallery\">\r\n                            <a class=\"slide-gallery-image-link\" href=\"https:\/\/gorzow.news\/wp-content\/uploads\/2025\/02\/IMG_20250226_163806519_HDR.jpg\" title=\"\"  data-caption=\"\"  data-description=\"\">\r\n                                <img decoding=\"async\" src=\"https:\/\/gorzow.news\/wp-content\/uploads\/2025\/02\/IMG_20250226_163806519_HDR.jpg\" srcset=\"https:\/\/gorzow.news\/wp-content\/uploads\/2025\/02\/IMG_20250226_163806519_HDR.jpg 1600w, https:\/\/gorzow.news\/wp-content\/uploads\/2025\/02\/IMG_20250226_163806519_HDR-300x169.jpg 300w, https:\/\/gorzow.news\/wp-content\/uploads\/2025\/02\/IMG_20250226_163806519_HDR-1024x576.jpg 1024w, https:\/\/gorzow.news\/wp-content\/uploads\/2025\/02\/IMG_20250226_163806519_HDR-768x432.jpg 768w, https:\/\/gorzow.news\/wp-content\/uploads\/2025\/02\/IMG_20250226_163806519_HDR-1536x864.jpg 1536w, https:\/\/gorzow.news\/wp-content\/uploads\/2025\/02\/IMG_20250226_163806519_HDR-696x392.jpg 696w, https:\/\/gorzow.news\/wp-content\/uploads\/2025\/02\/IMG_20250226_163806519_HDR-1068x601.jpg 1068w\" sizes=\"(max-width: 1600px) 100vw, 1600px\" alt=\"\">\r\n                            <\/a>\r\n                            \r\n                        <\/figure>\r\n                    <\/div>\r\n                    <div class = \"td-slide-item td-item8\">\r\n                        <figure class=\"td-slide-galery-figure td-slide-popup-gallery\">\r\n                            <a class=\"slide-gallery-image-link\" href=\"https:\/\/gorzow.news\/wp-content\/uploads\/2025\/02\/IMG_20250226_163814549_HDR.jpg\" title=\"\"  data-caption=\"\"  data-description=\"\">\r\n                                <img decoding=\"async\" src=\"https:\/\/gorzow.news\/wp-content\/uploads\/2025\/02\/IMG_20250226_163814549_HDR.jpg\" srcset=\"https:\/\/gorzow.news\/wp-content\/uploads\/2025\/02\/IMG_20250226_163814549_HDR.jpg 1600w, https:\/\/gorzow.news\/wp-content\/uploads\/2025\/02\/IMG_20250226_163814549_HDR-300x169.jpg 300w, https:\/\/gorzow.news\/wp-content\/uploads\/2025\/02\/IMG_20250226_163814549_HDR-1024x576.jpg 1024w, https:\/\/gorzow.news\/wp-content\/uploads\/2025\/02\/IMG_20250226_163814549_HDR-768x432.jpg 768w, https:\/\/gorzow.news\/wp-content\/uploads\/2025\/02\/IMG_20250226_163814549_HDR-1536x864.jpg 1536w, https:\/\/gorzow.news\/wp-content\/uploads\/2025\/02\/IMG_20250226_163814549_HDR-696x392.jpg 696w, https:\/\/gorzow.news\/wp-content\/uploads\/2025\/02\/IMG_20250226_163814549_HDR-1068x601.jpg 1068w\" sizes=\"(max-width: 1600px) 100vw, 1600px\" alt=\"\">\r\n                            <\/a>\r\n                            \r\n                        <\/figure>\r\n                    <\/div>\r\n                    <div class = \"td-slide-item td-item9\">\r\n                        <figure class=\"td-slide-galery-figure td-slide-popup-gallery\">\r\n                            <a class=\"slide-gallery-image-link\" href=\"https:\/\/gorzow.news\/wp-content\/uploads\/2025\/02\/IMG_20250226_163819967_HDR.jpg\" title=\"\"  data-caption=\"\"  data-description=\"\">\r\n                                <img decoding=\"async\" src=\"https:\/\/gorzow.news\/wp-content\/uploads\/2025\/02\/IMG_20250226_163819967_HDR.jpg\" srcset=\"https:\/\/gorzow.news\/wp-content\/uploads\/2025\/02\/IMG_20250226_163819967_HDR.jpg 1600w, https:\/\/gorzow.news\/wp-content\/uploads\/2025\/02\/IMG_20250226_163819967_HDR-300x169.jpg 300w, https:\/\/gorzow.news\/wp-content\/uploads\/2025\/02\/IMG_20250226_163819967_HDR-1024x576.jpg 1024w, https:\/\/gorzow.news\/wp-content\/uploads\/2025\/02\/IMG_20250226_163819967_HDR-768x432.jpg 768w, https:\/\/gorzow.news\/wp-content\/uploads\/2025\/02\/IMG_20250226_163819967_HDR-1536x864.jpg 1536w, https:\/\/gorzow.news\/wp-content\/uploads\/2025\/02\/IMG_20250226_163819967_HDR-696x392.jpg 696w, https:\/\/gorzow.news\/wp-content\/uploads\/2025\/02\/IMG_20250226_163819967_HDR-1068x601.jpg 1068w\" sizes=\"(max-width: 1600px) 100vw, 1600px\" alt=\"\">\r\n                            <\/a>\r\n                            \r\n                        <\/figure>\r\n                    <\/div>\r\n                    <div class = \"td-slide-item td-item10\">\r\n                        <figure class=\"td-slide-galery-figure td-slide-popup-gallery\">\r\n                            <a class=\"slide-gallery-image-link\" href=\"https:\/\/gorzow.news\/wp-content\/uploads\/2025\/02\/IMG_20250226_163847774_HDR.jpg\" title=\"\"  data-caption=\"\"  data-description=\"\">\r\n                                <img decoding=\"async\" src=\"https:\/\/gorzow.news\/wp-content\/uploads\/2025\/02\/IMG_20250226_163847774_HDR.jpg\" srcset=\"https:\/\/gorzow.news\/wp-content\/uploads\/2025\/02\/IMG_20250226_163847774_HDR.jpg 1600w, https:\/\/gorzow.news\/wp-content\/uploads\/2025\/02\/IMG_20250226_163847774_HDR-300x169.jpg 300w, https:\/\/gorzow.news\/wp-content\/uploads\/2025\/02\/IMG_20250226_163847774_HDR-1024x576.jpg 1024w, https:\/\/gorzow.news\/wp-content\/uploads\/2025\/02\/IMG_20250226_163847774_HDR-768x432.jpg 768w, https:\/\/gorzow.news\/wp-content\/uploads\/2025\/02\/IMG_20250226_163847774_HDR-1536x864.jpg 1536w, https:\/\/gorzow.news\/wp-content\/uploads\/2025\/02\/IMG_20250226_163847774_HDR-696x392.jpg 696w, https:\/\/gorzow.news\/wp-content\/uploads\/2025\/02\/IMG_20250226_163847774_HDR-1068x601.jpg 1068w\" sizes=\"(max-width: 1600px) 100vw, 1600px\" alt=\"\">\r\n                            <\/a>\r\n                            \r\n                        <\/figure>\r\n                    <\/div>\r\n                    <div class = \"td-slide-item td-item11\">\r\n                        <figure class=\"td-slide-galery-figure td-slide-popup-gallery\">\r\n                            <a class=\"slide-gallery-image-link\" href=\"https:\/\/gorzow.news\/wp-content\/uploads\/2025\/02\/IMG_20250226_163859299_HDR.jpg\" title=\"\"  data-caption=\"\"  data-description=\"\">\r\n                                <img decoding=\"async\" src=\"https:\/\/gorzow.news\/wp-content\/uploads\/2025\/02\/IMG_20250226_163859299_HDR.jpg\" srcset=\"https:\/\/gorzow.news\/wp-content\/uploads\/2025\/02\/IMG_20250226_163859299_HDR.jpg 1600w, https:\/\/gorzow.news\/wp-content\/uploads\/2025\/02\/IMG_20250226_163859299_HDR-300x169.jpg 300w, https:\/\/gorzow.news\/wp-content\/uploads\/2025\/02\/IMG_20250226_163859299_HDR-1024x576.jpg 1024w, https:\/\/gorzow.news\/wp-content\/uploads\/2025\/02\/IMG_20250226_163859299_HDR-768x432.jpg 768w, https:\/\/gorzow.news\/wp-content\/uploads\/2025\/02\/IMG_20250226_163859299_HDR-1536x864.jpg 1536w, https:\/\/gorzow.news\/wp-content\/uploads\/2025\/02\/IMG_20250226_163859299_HDR-696x392.jpg 696w, https:\/\/gorzow.news\/wp-content\/uploads\/2025\/02\/IMG_20250226_163859299_HDR-1068x601.jpg 1068w\" sizes=\"(max-width: 1600px) 100vw, 1600px\" alt=\"\">\r\n                            <\/a>\r\n                            \r\n                        <\/figure>\r\n                    <\/div>\r\n                    <div class = \"td-slide-item td-item12\">\r\n                        <figure class=\"td-slide-galery-figure td-slide-popup-gallery\">\r\n                            <a class=\"slide-gallery-image-link\" href=\"https:\/\/gorzow.news\/wp-content\/uploads\/2025\/02\/IMG_20250226_163938675_HDR.jpg\" title=\"\"  data-caption=\"\"  data-description=\"\">\r\n                                <img decoding=\"async\" src=\"https:\/\/gorzow.news\/wp-content\/uploads\/2025\/02\/IMG_20250226_163938675_HDR.jpg\" srcset=\"https:\/\/gorzow.news\/wp-content\/uploads\/2025\/02\/IMG_20250226_163938675_HDR.jpg 1600w, https:\/\/gorzow.news\/wp-content\/uploads\/2025\/02\/IMG_20250226_163938675_HDR-300x169.jpg 300w, https:\/\/gorzow.news\/wp-content\/uploads\/2025\/02\/IMG_20250226_163938675_HDR-1024x576.jpg 1024w, https:\/\/gorzow.news\/wp-content\/uploads\/2025\/02\/IMG_20250226_163938675_HDR-768x432.jpg 768w, https:\/\/gorzow.news\/wp-content\/uploads\/2025\/02\/IMG_20250226_163938675_HDR-1536x864.jpg 1536w, https:\/\/gorzow.news\/wp-content\/uploads\/2025\/02\/IMG_20250226_163938675_HDR-696x392.jpg 696w, https:\/\/gorzow.news\/wp-content\/uploads\/2025\/02\/IMG_20250226_163938675_HDR-1068x601.jpg 1068w\" sizes=\"(max-width: 1600px) 100vw, 1600px\" alt=\"\">\r\n                            <\/a>\r\n                            \r\n                        <\/figure>\r\n                    <\/div>\r\n                            <\/div>\r\n                        <\/div>\r\n\r\n                        <div class = \"td-doubleSlider-2\">\r\n                            <div class = \"td-slider\">\r\n                                \r\n                    <div class = \"td-button td-item1\">\r\n                        <div class = \"td-border\"><\/div>\r\n                    <\/div>\r\n                    <div class = \"td-button td-item2\">\r\n                        <div class = \"td-border\"><\/div>\r\n                    <\/div>\r\n                    <div class = \"td-button td-item3\">\r\n                        <div class = \"td-border\"><\/div>\r\n                    <\/div>\r\n                    <div class = \"td-button td-item4\">\r\n                        <div class = \"td-border\"><\/div>\r\n                    <\/div>\r\n                    <div class = \"td-button td-item5\">\r\n                        <div class = \"td-border\"><\/div>\r\n                    <\/div>\r\n                    <div class = \"td-button td-item6\">\r\n                        <div class = \"td-border\"><\/div>\r\n                    <\/div>\r\n                    <div class = \"td-button td-item7\">\r\n                        <div class = \"td-border\"><\/div>\r\n                    <\/div>\r\n                    <div class = \"td-button td-item8\">\r\n                        <div class = \"td-border\"><\/div>\r\n                    <\/div>\r\n                    <div class = \"td-button td-item9\">\r\n                        <div class = \"td-border\"><\/div>\r\n                    <\/div>\r\n                    <div class = \"td-button td-item10\">\r\n                        <div class = \"td-border\"><\/div>\r\n                    <\/div>\r\n                    <div class = \"td-button td-item11\">\r\n                        <div class = \"td-border\"><\/div>\r\n                    <\/div>\r\n                    <div class = \"td-button td-item12\">\r\n                        <div class = \"td-border\"><\/div>\r\n                    <\/div>\r\n                            <\/div>\r\n                        <\/div>\r\n\r\n                    <\/div>\r\n\r\n                <\/div>\r\n                \n\n\n<p><strong>Jest gospodarz, czas na zmiany?<\/strong><\/p>\n\n\n\n<p>&#8211; Z Jerzym Synowcem ju\u017c my\u015blimy nad ustawieniem w tym miejscu fajnego postumentu, czy pomnika &#8211; umownie nazywamy to \u0142aweczk\u0105 jazzow\u0105. Dok\u0142adnie nad tym co tu stanie b\u0119dziemy jeszcze my\u015ble\u0107 i znajdziemy dobrego projektanta. Chcemy ten skwer oczy\u015bci\u0107 i o\u017cywi\u0107 &#8211; zapowiada\u0142 po wtorkowej sesji rady miasta <strong>Cezary \u017bo\u0142y\u0144ski<\/strong>, radny Gorz\u00f3w Plus.<\/p>\n\n\n\n<p>Mo\u017cna stwierdzi\u0107, \u017ce w najbli\u017cszym czasie skwer zyska dw\u00f3ch gospodarzy. Po przez nadan\u0105 nazw\u0119 zadba\u0107 o niego powinien oczywi\u015bcie Jazz Club Pod Filarami, kt\u00f3ry mie\u015bci si\u0119 po drugiej stronie ulicy Jagie\u0142\u0142y. Jeszcze bli\u017cej do skweru b\u0119dzie mia\u0142o natomiast Miejskie Centrum Kultury, do kt\u00f3rego sali koncertowej wchodzi\u0107 b\u0119dzie si\u0119 w\u0142a\u015bnie od strony skweru. Liczymy, \u017ce instytucje kultury zadbaj\u0105 o wydarzenia w tym miejscu a tak\u017ce wychodz\u0105 u radnych i urz\u0119dnik\u00f3w, aby w bud\u017cecie miasta znalaz\u0142y si\u0119 \u015brodki na remont skweru wraz z fontann\u0105. Liczymy r\u00f3wnie\u017c, \u017ce z bezpo\u015bredniej okolicy skweru zniknie wreszcie ogromna ilo\u015b\u0107 \u015bmietnik\u00f3w przemys\u0142owych.<\/p>\n","protected":false},"excerpt":{"rendered":"<p>Skwer pomi\u0119dzy ulicami Hawela\u0144sk\u0105, Chrobrego i Jagie\u0142\u0142y b\u0119dzie nosi\u0142 nazw\u0119 Ma\u0142ej Akademii Jazzu. O nadaniu takiej nazwy dla miejscu mi\u0119dzy Jazz Clubem Pod Filarami i now\u0105 siedzib\u0105 Miejskiego Centrum Kultury zdecydowali podczas wtorkowej sesji rady miasta radni. W temacie:&#8211; Zajrzeli\u015bmy do budowanej sali koncertowej MCK! Jak post\u0119py? Kiedy pierwszy koncert? (zdj\u0119cia)&#8211; Tak zmienia si\u0119 przestrze\u0144 [&hellip;]<\/p>\n","protected":false},"author":1,"featured_media":29721,"comment_status":"open","ping_status":"open","sticky":false,"template":"","format":"standard","meta":{"footnotes":"","_links_to":"","_links_to_target":""},"categories":[2009,597,589],"tags":[3329,78,469,145,3327,3328,1537],"class_list":{"0":"post-29708","1":"post","2":"type-post","3":"status-publish","4":"format-standard","5":"has-post-thumbnail","7":"category-centrum-srodmiescie","8":"category-fakty-opinie","9":"category-wiadomosci","10":"tag-cezary-zolynski","11":"tag-chrobrego","12":"tag-hawelanska","13":"tag-jagielly","14":"tag-jazz-club-pod-filarami","15":"tag-mala-akademia-jazzu","16":"tag-skwer"},"yoast_head":"<!-- This site is optimized with the Yoast SEO plugin v27.3 - https:\/\/yoast.com\/product\/yoast-seo-wordpress\/ -->\n<title>Ma\u0142a Akademia Jazzu doczeka\u0142a si\u0119 swojego skweru w centrum! Teraz czas o ten skwer zadba\u0107\u2026 - Gorz\u00f3w News<\/title>\n<meta name=\"description\" content=\"Skwer pomi\u0119dzy ulicami Hawela\u0144sk\u0105, Chrobrego i Jagie\u0142\u0142y b\u0119dzie nosi\u0142 nazw\u0119 Ma\u0142ej Akademii Jazzu. O nadaniu takiej nazwy dla miejscu mi\u0119dzy J\" \/>\n<meta name=\"robots\" content=\"index, follow, max-snippet:-1, max-image-preview:large, max-video-preview:-1\" \/>\n<link rel=\"canonical\" href=\"https:\/\/gorzow.news\/index.php\/2025\/02\/26\/mala-akademia-jazzu-doczekala-sie-swojego-skweru-w-centrum-teraz-czas-o-ten-skwer-zadbac\/\" \/>\n<meta property=\"og:locale\" content=\"pl_PL\" \/>\n<meta property=\"og:type\" content=\"article\" \/>\n<meta property=\"og:title\" content=\"Ma\u0142a Akademia Jazzu doczeka\u0142a si\u0119 swojego skweru w centrum! Teraz czas o ten skwer zadba\u0107\u2026 - Gorz\u00f3w News\" \/>\n<meta property=\"og:description\" content=\"Skwer pomi\u0119dzy ulicami Hawela\u0144sk\u0105, Chrobrego i Jagie\u0142\u0142y b\u0119dzie nosi\u0142 nazw\u0119 Ma\u0142ej Akademii Jazzu. O nadaniu takiej nazwy dla miejscu mi\u0119dzy J\" \/>\n<meta property=\"og:url\" content=\"https:\/\/gorzow.news\/index.php\/2025\/02\/26\/mala-akademia-jazzu-doczekala-sie-swojego-skweru-w-centrum-teraz-czas-o-ten-skwer-zadbac\/\" \/>\n<meta property=\"og:site_name\" content=\"Gorz\u00f3w News\" \/>\n<meta property=\"article:publisher\" content=\"https:\/\/www.facebook.com\/gorzowskinews\" \/>\n<meta property=\"article:published_time\" content=\"2025-02-26T19:15:21+00:00\" \/>\n<meta property=\"article:modified_time\" content=\"2025-02-26T19:15:23+00:00\" \/>\n<meta property=\"og:image\" content=\"https:\/\/gorzow.news\/wp-content\/uploads\/2025\/02\/IMG_20250226_163806519_HDR-1.jpg\" \/>\n\t<meta property=\"og:image:width\" content=\"1600\" \/>\n\t<meta property=\"og:image:height\" content=\"900\" \/>\n\t<meta property=\"og:image:type\" content=\"image\/jpeg\" \/>\n<meta name=\"author\" content=\"maciej\" \/>\n<meta name=\"twitter:card\" content=\"summary_large_image\" \/>\n<meta name=\"twitter:label1\" content=\"Napisane przez\" \/>\n\t<meta name=\"twitter:data1\" content=\"maciej\" \/>\n\t<meta name=\"twitter:label2\" content=\"Szacowany czas czytania\" \/>\n\t<meta name=\"twitter:data2\" content=\"4 minuty\" \/>\n<script type=\"application\/ld+json\" class=\"yoast-schema-graph\">{\"@context\":\"https:\\\/\\\/schema.org\",\"@graph\":[{\"@type\":\"Article\",\"@id\":\"https:\\\/\\\/gorzow.news\\\/index.php\\\/2025\\\/02\\\/26\\\/mala-akademia-jazzu-doczekala-sie-swojego-skweru-w-centrum-teraz-czas-o-ten-skwer-zadbac\\\/#article\",\"isPartOf\":{\"@id\":\"https:\\\/\\\/gorzow.news\\\/index.php\\\/2025\\\/02\\\/26\\\/mala-akademia-jazzu-doczekala-sie-swojego-skweru-w-centrum-teraz-czas-o-ten-skwer-zadbac\\\/\"},\"author\":{\"name\":\"maciej\",\"@id\":\"https:\\\/\\\/gorzow.news\\\/#\\\/schema\\\/person\\\/a1e5ab43166369f2ce236a1cd90995bb\"},\"headline\":\"Ma\u0142a Akademia Jazzu doczeka\u0142a si\u0119 swojego skweru w centrum! Teraz czas o ten skwer zadba\u0107\u2026\",\"datePublished\":\"2025-02-26T19:15:21+00:00\",\"dateModified\":\"2025-02-26T19:15:23+00:00\",\"mainEntityOfPage\":{\"@id\":\"https:\\\/\\\/gorzow.news\\\/index.php\\\/2025\\\/02\\\/26\\\/mala-akademia-jazzu-doczekala-sie-swojego-skweru-w-centrum-teraz-czas-o-ten-skwer-zadbac\\\/\"},\"wordCount\":636,\"commentCount\":0,\"image\":{\"@id\":\"https:\\\/\\\/gorzow.news\\\/index.php\\\/2025\\\/02\\\/26\\\/mala-akademia-jazzu-doczekala-sie-swojego-skweru-w-centrum-teraz-czas-o-ten-skwer-zadbac\\\/#primaryimage\"},\"thumbnailUrl\":\"https:\\\/\\\/gorzow.news\\\/wp-content\\\/uploads\\\/2025\\\/02\\\/IMG_20250226_163806519_HDR-1.jpg\",\"keywords\":[\"Cezary \u017bo\u0142y\u0144ski\",\"Chrobrego\",\"Hawela\u0144ska\",\"Jagie\u0142\u0142y\",\"Jazz Club Pod Filarami\",\"Ma\u0142a Akademia Jazzu\",\"skwer\"],\"articleSection\":[\"Centrum \\\/ \u015ar\u00f3dmie\u015bcie\",\"Fakty i opinie\",\"Wiadomo\u015bci\"],\"inLanguage\":\"pl-PL\",\"potentialAction\":[{\"@type\":\"CommentAction\",\"name\":\"Comment\",\"target\":[\"https:\\\/\\\/gorzow.news\\\/index.php\\\/2025\\\/02\\\/26\\\/mala-akademia-jazzu-doczekala-sie-swojego-skweru-w-centrum-teraz-czas-o-ten-skwer-zadbac\\\/#respond\"]}]},{\"@type\":\"WebPage\",\"@id\":\"https:\\\/\\\/gorzow.news\\\/index.php\\\/2025\\\/02\\\/26\\\/mala-akademia-jazzu-doczekala-sie-swojego-skweru-w-centrum-teraz-czas-o-ten-skwer-zadbac\\\/\",\"url\":\"https:\\\/\\\/gorzow.news\\\/index.php\\\/2025\\\/02\\\/26\\\/mala-akademia-jazzu-doczekala-sie-swojego-skweru-w-centrum-teraz-czas-o-ten-skwer-zadbac\\\/\",\"name\":\"Ma\u0142a Akademia Jazzu doczeka\u0142a si\u0119 swojego skweru w centrum! Teraz czas o ten skwer zadba\u0107\u2026 - Gorz\u00f3w News\",\"isPartOf\":{\"@id\":\"https:\\\/\\\/gorzow.news\\\/#website\"},\"primaryImageOfPage\":{\"@id\":\"https:\\\/\\\/gorzow.news\\\/index.php\\\/2025\\\/02\\\/26\\\/mala-akademia-jazzu-doczekala-sie-swojego-skweru-w-centrum-teraz-czas-o-ten-skwer-zadbac\\\/#primaryimage\"},\"image\":{\"@id\":\"https:\\\/\\\/gorzow.news\\\/index.php\\\/2025\\\/02\\\/26\\\/mala-akademia-jazzu-doczekala-sie-swojego-skweru-w-centrum-teraz-czas-o-ten-skwer-zadbac\\\/#primaryimage\"},\"thumbnailUrl\":\"https:\\\/\\\/gorzow.news\\\/wp-content\\\/uploads\\\/2025\\\/02\\\/IMG_20250226_163806519_HDR-1.jpg\",\"datePublished\":\"2025-02-26T19:15:21+00:00\",\"dateModified\":\"2025-02-26T19:15:23+00:00\",\"author\":{\"@id\":\"https:\\\/\\\/gorzow.news\\\/#\\\/schema\\\/person\\\/a1e5ab43166369f2ce236a1cd90995bb\"},\"description\":\"Skwer pomi\u0119dzy ulicami Hawela\u0144sk\u0105, Chrobrego i Jagie\u0142\u0142y b\u0119dzie nosi\u0142 nazw\u0119 Ma\u0142ej Akademii Jazzu. O nadaniu takiej nazwy dla miejscu mi\u0119dzy Jazz Clubem Pod Filarami i now\u0105 siedzib\u0105 Miejskiego Centrum Kultury zdecydowali podczas wtorkowej sesji rady miasta radni.\",\"breadcrumb\":{\"@id\":\"https:\\\/\\\/gorzow.news\\\/index.php\\\/2025\\\/02\\\/26\\\/mala-akademia-jazzu-doczekala-sie-swojego-skweru-w-centrum-teraz-czas-o-ten-skwer-zadbac\\\/#breadcrumb\"},\"inLanguage\":\"pl-PL\",\"potentialAction\":[{\"@type\":\"ReadAction\",\"target\":[\"https:\\\/\\\/gorzow.news\\\/index.php\\\/2025\\\/02\\\/26\\\/mala-akademia-jazzu-doczekala-sie-swojego-skweru-w-centrum-teraz-czas-o-ten-skwer-zadbac\\\/\"]}]},{\"@type\":\"ImageObject\",\"inLanguage\":\"pl-PL\",\"@id\":\"https:\\\/\\\/gorzow.news\\\/index.php\\\/2025\\\/02\\\/26\\\/mala-akademia-jazzu-doczekala-sie-swojego-skweru-w-centrum-teraz-czas-o-ten-skwer-zadbac\\\/#primaryimage\",\"url\":\"https:\\\/\\\/gorzow.news\\\/wp-content\\\/uploads\\\/2025\\\/02\\\/IMG_20250226_163806519_HDR-1.jpg\",\"contentUrl\":\"https:\\\/\\\/gorzow.news\\\/wp-content\\\/uploads\\\/2025\\\/02\\\/IMG_20250226_163806519_HDR-1.jpg\",\"width\":1600,\"height\":900,\"caption\":\"Skwer pomi\u0119dzy ulicami Hawela\u0144sk\u0105, Chrobrego i Jagie\u0142\u0142y b\u0119dzie nosi\u0142 nazw\u0119 Ma\u0142ej Akademii Jazzu.\"},{\"@type\":\"BreadcrumbList\",\"@id\":\"https:\\\/\\\/gorzow.news\\\/index.php\\\/2025\\\/02\\\/26\\\/mala-akademia-jazzu-doczekala-sie-swojego-skweru-w-centrum-teraz-czas-o-ten-skwer-zadbac\\\/#breadcrumb\",\"itemListElement\":[{\"@type\":\"ListItem\",\"position\":1,\"name\":\"Home\",\"item\":\"https:\\\/\\\/gorzow.news\\\/\"},{\"@type\":\"ListItem\",\"position\":2,\"name\":\"Ma\u0142a Akademia Jazzu doczeka\u0142a si\u0119 swojego skweru w centrum! Teraz czas o ten skwer zadba\u0107\u2026\"}]},{\"@type\":\"WebSite\",\"@id\":\"https:\\\/\\\/gorzow.news\\\/#website\",\"url\":\"https:\\\/\\\/gorzow.news\\\/\",\"name\":\"Gorz\u00f3w News\",\"description\":\"Sp\u00f3jrz inaczej na miato i region...\",\"potentialAction\":[{\"@type\":\"SearchAction\",\"target\":{\"@type\":\"EntryPoint\",\"urlTemplate\":\"https:\\\/\\\/gorzow.news\\\/?s={search_term_string}\"},\"query-input\":{\"@type\":\"PropertyValueSpecification\",\"valueRequired\":true,\"valueName\":\"search_term_string\"}}],\"inLanguage\":\"pl-PL\"},{\"@type\":\"Person\",\"@id\":\"https:\\\/\\\/gorzow.news\\\/#\\\/schema\\\/person\\\/a1e5ab43166369f2ce236a1cd90995bb\",\"name\":\"maciej\",\"image\":{\"@type\":\"ImageObject\",\"inLanguage\":\"pl-PL\",\"@id\":\"https:\\\/\\\/secure.gravatar.com\\\/avatar\\\/530a674d56ba60cfa0ef21d74e8e8d123a51bb7aa6580465b5c2ab2c2e980a19?s=96&r=g&d=https:\\\/\\\/gorzow.news\\\/wp-content\\\/plugins\\\/userswp\\\/assets\\\/images\\\/no_profile.png\",\"url\":\"https:\\\/\\\/secure.gravatar.com\\\/avatar\\\/530a674d56ba60cfa0ef21d74e8e8d123a51bb7aa6580465b5c2ab2c2e980a19?s=96&r=g&d=https:\\\/\\\/gorzow.news\\\/wp-content\\\/plugins\\\/userswp\\\/assets\\\/images\\\/no_profile.png\",\"contentUrl\":\"https:\\\/\\\/secure.gravatar.com\\\/avatar\\\/530a674d56ba60cfa0ef21d74e8e8d123a51bb7aa6580465b5c2ab2c2e980a19?s=96&r=g&d=https:\\\/\\\/gorzow.news\\\/wp-content\\\/plugins\\\/userswp\\\/assets\\\/images\\\/no_profile.png\",\"caption\":\"maciej\"},\"url\":\"https:\\\/\\\/gorzow.news\\\/index.php\\\/profile\\\/maciej\\\/\"}]}<\/script>\n<!-- \/ Yoast SEO plugin. -->","yoast_head_json":{"title":"Ma\u0142a Akademia Jazzu doczeka\u0142a si\u0119 swojego skweru w centrum! Teraz czas o ten skwer zadba\u0107\u2026 - Gorz\u00f3w News","description":"Skwer pomi\u0119dzy ulicami Hawela\u0144sk\u0105, Chrobrego i Jagie\u0142\u0142y b\u0119dzie nosi\u0142 nazw\u0119 Ma\u0142ej Akademii Jazzu. O nadaniu takiej nazwy dla miejscu mi\u0119dzy J","robots":{"index":"index","follow":"follow","max-snippet":"max-snippet:-1","max-image-preview":"max-image-preview:large","max-video-preview":"max-video-preview:-1"},"canonical":"https:\/\/gorzow.news\/index.php\/2025\/02\/26\/mala-akademia-jazzu-doczekala-sie-swojego-skweru-w-centrum-teraz-czas-o-ten-skwer-zadbac\/","og_locale":"pl_PL","og_type":"article","og_title":"Ma\u0142a Akademia Jazzu doczeka\u0142a si\u0119 swojego skweru w centrum! Teraz czas o ten skwer zadba\u0107\u2026 - Gorz\u00f3w News","og_description":"Skwer pomi\u0119dzy ulicami Hawela\u0144sk\u0105, Chrobrego i Jagie\u0142\u0142y b\u0119dzie nosi\u0142 nazw\u0119 Ma\u0142ej Akademii Jazzu. O nadaniu takiej nazwy dla miejscu mi\u0119dzy J","og_url":"https:\/\/gorzow.news\/index.php\/2025\/02\/26\/mala-akademia-jazzu-doczekala-sie-swojego-skweru-w-centrum-teraz-czas-o-ten-skwer-zadbac\/","og_site_name":"Gorz\u00f3w News","article_publisher":"https:\/\/www.facebook.com\/gorzowskinews","article_published_time":"2025-02-26T19:15:21+00:00","article_modified_time":"2025-02-26T19:15:23+00:00","og_image":[{"width":1600,"height":900,"url":"https:\/\/gorzow.news\/wp-content\/uploads\/2025\/02\/IMG_20250226_163806519_HDR-1.jpg","type":"image\/jpeg"}],"author":"maciej","twitter_card":"summary_large_image","twitter_misc":{"Napisane przez":"maciej","Szacowany czas czytania":"4 minuty"},"schema":{"@context":"https:\/\/schema.org","@graph":[{"@type":"Article","@id":"https:\/\/gorzow.news\/index.php\/2025\/02\/26\/mala-akademia-jazzu-doczekala-sie-swojego-skweru-w-centrum-teraz-czas-o-ten-skwer-zadbac\/#article","isPartOf":{"@id":"https:\/\/gorzow.news\/index.php\/2025\/02\/26\/mala-akademia-jazzu-doczekala-sie-swojego-skweru-w-centrum-teraz-czas-o-ten-skwer-zadbac\/"},"author":{"name":"maciej","@id":"https:\/\/gorzow.news\/#\/schema\/person\/a1e5ab43166369f2ce236a1cd90995bb"},"headline":"Ma\u0142a Akademia Jazzu doczeka\u0142a si\u0119 swojego skweru w centrum! Teraz czas o ten skwer zadba\u0107\u2026","datePublished":"2025-02-26T19:15:21+00:00","dateModified":"2025-02-26T19:15:23+00:00","mainEntityOfPage":{"@id":"https:\/\/gorzow.news\/index.php\/2025\/02\/26\/mala-akademia-jazzu-doczekala-sie-swojego-skweru-w-centrum-teraz-czas-o-ten-skwer-zadbac\/"},"wordCount":636,"commentCount":0,"image":{"@id":"https:\/\/gorzow.news\/index.php\/2025\/02\/26\/mala-akademia-jazzu-doczekala-sie-swojego-skweru-w-centrum-teraz-czas-o-ten-skwer-zadbac\/#primaryimage"},"thumbnailUrl":"https:\/\/gorzow.news\/wp-content\/uploads\/2025\/02\/IMG_20250226_163806519_HDR-1.jpg","keywords":["Cezary \u017bo\u0142y\u0144ski","Chrobrego","Hawela\u0144ska","Jagie\u0142\u0142y","Jazz Club Pod Filarami","Ma\u0142a Akademia Jazzu","skwer"],"articleSection":["Centrum \/ \u015ar\u00f3dmie\u015bcie","Fakty i opinie","Wiadomo\u015bci"],"inLanguage":"pl-PL","potentialAction":[{"@type":"CommentAction","name":"Comment","target":["https:\/\/gorzow.news\/index.php\/2025\/02\/26\/mala-akademia-jazzu-doczekala-sie-swojego-skweru-w-centrum-teraz-czas-o-ten-skwer-zadbac\/#respond"]}]},{"@type":"WebPage","@id":"https:\/\/gorzow.news\/index.php\/2025\/02\/26\/mala-akademia-jazzu-doczekala-sie-swojego-skweru-w-centrum-teraz-czas-o-ten-skwer-zadbac\/","url":"https:\/\/gorzow.news\/index.php\/2025\/02\/26\/mala-akademia-jazzu-doczekala-sie-swojego-skweru-w-centrum-teraz-czas-o-ten-skwer-zadbac\/","name":"Ma\u0142a Akademia Jazzu doczeka\u0142a si\u0119 swojego skweru w centrum! Teraz czas o ten skwer zadba\u0107\u2026 - Gorz\u00f3w News","isPartOf":{"@id":"https:\/\/gorzow.news\/#website"},"primaryImageOfPage":{"@id":"https:\/\/gorzow.news\/index.php\/2025\/02\/26\/mala-akademia-jazzu-doczekala-sie-swojego-skweru-w-centrum-teraz-czas-o-ten-skwer-zadbac\/#primaryimage"},"image":{"@id":"https:\/\/gorzow.news\/index.php\/2025\/02\/26\/mala-akademia-jazzu-doczekala-sie-swojego-skweru-w-centrum-teraz-czas-o-ten-skwer-zadbac\/#primaryimage"},"thumbnailUrl":"https:\/\/gorzow.news\/wp-content\/uploads\/2025\/02\/IMG_20250226_163806519_HDR-1.jpg","datePublished":"2025-02-26T19:15:21+00:00","dateModified":"2025-02-26T19:15:23+00:00","author":{"@id":"https:\/\/gorzow.news\/#\/schema\/person\/a1e5ab43166369f2ce236a1cd90995bb"},"description":"Skwer pomi\u0119dzy ulicami Hawela\u0144sk\u0105, Chrobrego i Jagie\u0142\u0142y b\u0119dzie nosi\u0142 nazw\u0119 Ma\u0142ej Akademii Jazzu. O nadaniu takiej nazwy dla miejscu mi\u0119dzy Jazz Clubem Pod Filarami i now\u0105 siedzib\u0105 Miejskiego Centrum Kultury zdecydowali podczas wtorkowej sesji rady miasta radni.","breadcrumb":{"@id":"https:\/\/gorzow.news\/index.php\/2025\/02\/26\/mala-akademia-jazzu-doczekala-sie-swojego-skweru-w-centrum-teraz-czas-o-ten-skwer-zadbac\/#breadcrumb"},"inLanguage":"pl-PL","potentialAction":[{"@type":"ReadAction","target":["https:\/\/gorzow.news\/index.php\/2025\/02\/26\/mala-akademia-jazzu-doczekala-sie-swojego-skweru-w-centrum-teraz-czas-o-ten-skwer-zadbac\/"]}]},{"@type":"ImageObject","inLanguage":"pl-PL","@id":"https:\/\/gorzow.news\/index.php\/2025\/02\/26\/mala-akademia-jazzu-doczekala-sie-swojego-skweru-w-centrum-teraz-czas-o-ten-skwer-zadbac\/#primaryimage","url":"https:\/\/gorzow.news\/wp-content\/uploads\/2025\/02\/IMG_20250226_163806519_HDR-1.jpg","contentUrl":"https:\/\/gorzow.news\/wp-content\/uploads\/2025\/02\/IMG_20250226_163806519_HDR-1.jpg","width":1600,"height":900,"caption":"Skwer pomi\u0119dzy ulicami Hawela\u0144sk\u0105, Chrobrego i Jagie\u0142\u0142y b\u0119dzie nosi\u0142 nazw\u0119 Ma\u0142ej Akademii Jazzu."},{"@type":"BreadcrumbList","@id":"https:\/\/gorzow.news\/index.php\/2025\/02\/26\/mala-akademia-jazzu-doczekala-sie-swojego-skweru-w-centrum-teraz-czas-o-ten-skwer-zadbac\/#breadcrumb","itemListElement":[{"@type":"ListItem","position":1,"name":"Home","item":"https:\/\/gorzow.news\/"},{"@type":"ListItem","position":2,"name":"Ma\u0142a Akademia Jazzu doczeka\u0142a si\u0119 swojego skweru w centrum! Teraz czas o ten skwer zadba\u0107\u2026"}]},{"@type":"WebSite","@id":"https:\/\/gorzow.news\/#website","url":"https:\/\/gorzow.news\/","name":"Gorz\u00f3w News","description":"Sp\u00f3jrz inaczej na miato i region...","potentialAction":[{"@type":"SearchAction","target":{"@type":"EntryPoint","urlTemplate":"https:\/\/gorzow.news\/?s={search_term_string}"},"query-input":{"@type":"PropertyValueSpecification","valueRequired":true,"valueName":"search_term_string"}}],"inLanguage":"pl-PL"},{"@type":"Person","@id":"https:\/\/gorzow.news\/#\/schema\/person\/a1e5ab43166369f2ce236a1cd90995bb","name":"maciej","image":{"@type":"ImageObject","inLanguage":"pl-PL","@id":"https:\/\/secure.gravatar.com\/avatar\/530a674d56ba60cfa0ef21d74e8e8d123a51bb7aa6580465b5c2ab2c2e980a19?s=96&r=g&d=https:\/\/gorzow.news\/wp-content\/plugins\/userswp\/assets\/images\/no_profile.png","url":"https:\/\/secure.gravatar.com\/avatar\/530a674d56ba60cfa0ef21d74e8e8d123a51bb7aa6580465b5c2ab2c2e980a19?s=96&r=g&d=https:\/\/gorzow.news\/wp-content\/plugins\/userswp\/assets\/images\/no_profile.png","contentUrl":"https:\/\/secure.gravatar.com\/avatar\/530a674d56ba60cfa0ef21d74e8e8d123a51bb7aa6580465b5c2ab2c2e980a19?s=96&r=g&d=https:\/\/gorzow.news\/wp-content\/plugins\/userswp\/assets\/images\/no_profile.png","caption":"maciej"},"url":"https:\/\/gorzow.news\/index.php\/profile\/maciej\/"}]}},"_links":{"self":[{"href":"https:\/\/gorzow.news\/index.php\/wp-json\/wp\/v2\/posts\/29708","targetHints":{"allow":["GET"]}}],"collection":[{"href":"https:\/\/gorzow.news\/index.php\/wp-json\/wp\/v2\/posts"}],"about":[{"href":"https:\/\/gorzow.news\/index.php\/wp-json\/wp\/v2\/types\/post"}],"author":[{"embeddable":true,"href":"https:\/\/gorzow.news\/index.php\/wp-json\/wp\/v2\/users\/1"}],"replies":[{"embeddable":true,"href":"https:\/\/gorzow.news\/index.php\/wp-json\/wp\/v2\/comments?post=29708"}],"version-history":[{"count":1,"href":"https:\/\/gorzow.news\/index.php\/wp-json\/wp\/v2\/posts\/29708\/revisions"}],"predecessor-version":[{"id":29722,"href":"https:\/\/gorzow.news\/index.php\/wp-json\/wp\/v2\/posts\/29708\/revisions\/29722"}],"wp:featuredmedia":[{"embeddable":true,"href":"https:\/\/gorzow.news\/index.php\/wp-json\/wp\/v2\/media\/29721"}],"wp:attachment":[{"href":"https:\/\/gorzow.news\/index.php\/wp-json\/wp\/v2\/media?parent=29708"}],"wp:term":[{"taxonomy":"category","embeddable":true,"href":"https:\/\/gorzow.news\/index.php\/wp-json\/wp\/v2\/categories?post=29708"},{"taxonomy":"post_tag","embeddable":true,"href":"https:\/\/gorzow.news\/index.php\/wp-json\/wp\/v2\/tags?post=29708"}],"curies":[{"name":"wp","href":"https:\/\/api.w.org\/{rel}","templated":true}]}}