{"id":29520,"date":"2025-02-17T15:15:58","date_gmt":"2025-02-17T14:15:58","guid":{"rendered":"https:\/\/gorzow.news\/?p=29520"},"modified":"2025-02-17T15:15:59","modified_gmt":"2025-02-17T14:15:59","slug":"nocny-szlak-kulinarny-sliwka-pokonala-pomidora-na-koniec-wakacji-rywalizacja-restauracji","status":"publish","type":"post","link":"https:\/\/gorzow.news\/index.php\/2025\/02\/17\/nocny-szlak-kulinarny-sliwka-pokonala-pomidora-na-koniec-wakacji-rywalizacja-restauracji\/","title":{"rendered":"Nocny Szlak Kulinarny: \u015aliwka pokona\u0142a pomidora! Na koniec wakacji rywalizacja restauracji"},"content":{"rendered":"\n<p><strong>Zako\u0144czy\u0142o si\u0119 g\u0142osowanie na smak tegorocznej edycji Nocnego Szlaku Kulinarnego; na pomidora zag\u0142osowa\u0142o 652 internaut\u00f3w, a na \u015bliwk\u0119 697 i to ona b\u0119dzie g\u0142\u00f3wnym tematem da\u0144 podczas zaplanowanej na koniec sierpnia kulinarnej imprezy.<\/strong><\/p>\n\n\n\n<p><strong>W temacie:<\/strong><br><a href=\"https:\/\/gorzow.news\/index.php\/2024\/09\/18\/karmnik-bistro-ma-patent-na-nocny-szlak-kulinarny-tu-gorzowianom-smakuje-najbardziej-od-trzech-lat\/\">Karmnik Bistro ma patent na Nocny Szlak Kulinarny! Tu gorzowianom smakuje najbardziej od trzech lat!<\/a><\/p>\n\n\n\n<p>Podczas g\u0142osowania, po zaci\u0119tej walce, w kt\u00f3rej \u015bliwka przez wi\u0119kszo\u015b\u0107 czasu prowadzi\u0142a, ko\u0144c\u00f3wka by\u0142a dramatyczna. Pomidor na chwil\u0119 wyszed\u0142 na prowadzenie, ale ostatecznie to \u015bliwka triumfowa\u0142a!<\/p>\n\n\n\n<p>Pomidor nie odda\u0142 wygranej lekko, ale \u015bliwka pokaza\u0142a swoj\u0105 si\u0142\u0119 i teraz b\u0119dzie rz\u0105dzi\u0107 Nocnym Szlakiem Kulinarnym 2025, kt\u00f3ry odb\u0119dzie si\u0119 29-30 sierpnia 2025 roku.<\/p>\n\n\n\n<p>Nocny Szlak Kulinarny trwa dwa dni, pi\u0105tek i sobot\u0119. W tym czasie mieszka\u0144cy mog\u0105 odwiedza\u0107 gorzowskie lokale i pr\u00f3bowa\u0107 przygotowanych da\u0144, po czym maj\u0105 mo\u017cliwo\u015b\u0107 oceni\u0107 ich walory smakowe, estetyczne i inne.<\/p>\n\n\n\n<p>Ocena odbywa si\u0119 na specjalnej karcie do g\u0142osowania, kt\u00f3r\u0105 wcze\u015bniej nale\u017cy odebra\u0107 od organizator\u00f3w. Za aktywny udzia\u0142 w wydarzeniu uczestnicy maj\u0105 szans\u0119 na atrakcyjne nagrody, a restauratorzy najlepiej ocenieni restauratorzy otrzymuj\u0105 sztandar \u201eKr\u00f3lowej Gorzowskiej Gastronomii\u201d oraz kampani\u0119 promocyjn\u0105 w lokalnych mediach.<\/p>\n\n\n\n<p>W tym roku to ju\u017c pi\u0105ta edycja Nocnego Szlaku Kulinarnego. W ubieg\u0142ym roku gruszka pokona\u0142a pietruszk\u0119.<\/p>\n","protected":false},"excerpt":{"rendered":"<p>Zako\u0144czy\u0142o si\u0119 g\u0142osowanie na smak tegorocznej edycji Nocnego Szlaku Kulinarnego; na pomidora zag\u0142osowa\u0142o 652 internaut\u00f3w, a na \u015bliwk\u0119 697 i to ona b\u0119dzie g\u0142\u00f3wnym tematem da\u0144 podczas zaplanowanej na koniec sierpnia kulinarnej imprezy. W temacie:Karmnik Bistro ma patent na Nocny Szlak Kulinarny! Tu gorzowianom smakuje najbardziej od trzech lat! Podczas g\u0142osowania, po zaci\u0119tej walce, w [&hellip;]<\/p>\n","protected":false},"author":1,"featured_media":29521,"comment_status":"open","ping_status":"open","sticky":false,"template":"","format":"standard","meta":{"footnotes":"","_links_to":"","_links_to_target":""},"categories":[595,589],"tags":[621],"class_list":{"0":"post-29520","1":"post","2":"type-post","3":"status-publish","4":"format-standard","5":"has-post-thumbnail","7":"category-rozrywka","8":"category-wiadomosci","9":"tag-nocny-szlak-kulinarny"},"yoast_head":"<!-- This site is optimized with the Yoast SEO plugin v27.3 - https:\/\/yoast.com\/product\/yoast-seo-wordpress\/ -->\n<title>Nocny Szlak Kulinarny: \u015aliwka pokona\u0142a pomidora! Na koniec wakacji rywalizacja restauracji - Gorz\u00f3w News<\/title>\n<meta name=\"description\" content=\"Zako\u0144czy\u0142o si\u0119 g\u0142osowanie na smak tegorocznej edycji Nocnego Szlaku Kulinarnego; na pomidora zag\u0142osowa\u0142o 652 internaut\u00f3w, a na \u015bliwk\u0119 697 i t\" \/>\n<meta name=\"robots\" content=\"index, follow, max-snippet:-1, max-image-preview:large, max-video-preview:-1\" \/>\n<link rel=\"canonical\" href=\"https:\/\/gorzow.news\/index.php\/2025\/02\/17\/nocny-szlak-kulinarny-sliwka-pokonala-pomidora-na-koniec-wakacji-rywalizacja-restauracji\/\" \/>\n<meta property=\"og:locale\" content=\"pl_PL\" \/>\n<meta property=\"og:type\" content=\"article\" \/>\n<meta property=\"og:title\" content=\"Nocny Szlak Kulinarny: \u015aliwka pokona\u0142a pomidora! Na koniec wakacji rywalizacja restauracji - Gorz\u00f3w News\" \/>\n<meta property=\"og:description\" content=\"Zako\u0144czy\u0142o si\u0119 g\u0142osowanie na smak tegorocznej edycji Nocnego Szlaku Kulinarnego; na pomidora zag\u0142osowa\u0142o 652 internaut\u00f3w, a na \u015bliwk\u0119 697 i t\" \/>\n<meta property=\"og:url\" content=\"https:\/\/gorzow.news\/index.php\/2025\/02\/17\/nocny-szlak-kulinarny-sliwka-pokonala-pomidora-na-koniec-wakacji-rywalizacja-restauracji\/\" \/>\n<meta property=\"og:site_name\" content=\"Gorz\u00f3w News\" \/>\n<meta property=\"article:publisher\" content=\"https:\/\/www.facebook.com\/gorzowskinews\" \/>\n<meta property=\"article:published_time\" content=\"2025-02-17T14:15:58+00:00\" \/>\n<meta property=\"article:modified_time\" content=\"2025-02-17T14:15:59+00:00\" \/>\n<meta property=\"og:image\" content=\"https:\/\/gorzow.news\/wp-content\/uploads\/2025\/02\/457115714_962570295897428_3618226263691439723_n.jpg\" \/>\n\t<meta property=\"og:image:width\" content=\"2048\" \/>\n\t<meta property=\"og:image:height\" content=\"969\" \/>\n\t<meta property=\"og:image:type\" content=\"image\/jpeg\" \/>\n<meta name=\"author\" content=\"maciej\" \/>\n<meta name=\"twitter:card\" content=\"summary_large_image\" \/>\n<meta name=\"twitter:label1\" content=\"Napisane przez\" \/>\n\t<meta name=\"twitter:data1\" content=\"maciej\" \/>\n\t<meta name=\"twitter:label2\" content=\"Szacowany czas czytania\" \/>\n\t<meta name=\"twitter:data2\" content=\"2 minuty\" \/>\n<script type=\"application\/ld+json\" class=\"yoast-schema-graph\">{\"@context\":\"https:\\\/\\\/schema.org\",\"@graph\":[{\"@type\":\"Article\",\"@id\":\"https:\\\/\\\/gorzow.news\\\/index.php\\\/2025\\\/02\\\/17\\\/nocny-szlak-kulinarny-sliwka-pokonala-pomidora-na-koniec-wakacji-rywalizacja-restauracji\\\/#article\",\"isPartOf\":{\"@id\":\"https:\\\/\\\/gorzow.news\\\/index.php\\\/2025\\\/02\\\/17\\\/nocny-szlak-kulinarny-sliwka-pokonala-pomidora-na-koniec-wakacji-rywalizacja-restauracji\\\/\"},\"author\":{\"name\":\"maciej\",\"@id\":\"https:\\\/\\\/gorzow.news\\\/#\\\/schema\\\/person\\\/a1e5ab43166369f2ce236a1cd90995bb\"},\"headline\":\"Nocny Szlak Kulinarny: \u015aliwka pokona\u0142a pomidora! Na koniec wakacji rywalizacja restauracji\",\"datePublished\":\"2025-02-17T14:15:58+00:00\",\"dateModified\":\"2025-02-17T14:15:59+00:00\",\"mainEntityOfPage\":{\"@id\":\"https:\\\/\\\/gorzow.news\\\/index.php\\\/2025\\\/02\\\/17\\\/nocny-szlak-kulinarny-sliwka-pokonala-pomidora-na-koniec-wakacji-rywalizacja-restauracji\\\/\"},\"wordCount\":233,\"commentCount\":0,\"image\":{\"@id\":\"https:\\\/\\\/gorzow.news\\\/index.php\\\/2025\\\/02\\\/17\\\/nocny-szlak-kulinarny-sliwka-pokonala-pomidora-na-koniec-wakacji-rywalizacja-restauracji\\\/#primaryimage\"},\"thumbnailUrl\":\"https:\\\/\\\/gorzow.news\\\/wp-content\\\/uploads\\\/2025\\\/02\\\/457115714_962570295897428_3618226263691439723_n.jpg\",\"keywords\":[\"Nocny Szlak Kulinarny\"],\"articleSection\":[\"Rozrywka\",\"Wiadomo\u015bci\"],\"inLanguage\":\"pl-PL\",\"potentialAction\":[{\"@type\":\"CommentAction\",\"name\":\"Comment\",\"target\":[\"https:\\\/\\\/gorzow.news\\\/index.php\\\/2025\\\/02\\\/17\\\/nocny-szlak-kulinarny-sliwka-pokonala-pomidora-na-koniec-wakacji-rywalizacja-restauracji\\\/#respond\"]}]},{\"@type\":\"WebPage\",\"@id\":\"https:\\\/\\\/gorzow.news\\\/index.php\\\/2025\\\/02\\\/17\\\/nocny-szlak-kulinarny-sliwka-pokonala-pomidora-na-koniec-wakacji-rywalizacja-restauracji\\\/\",\"url\":\"https:\\\/\\\/gorzow.news\\\/index.php\\\/2025\\\/02\\\/17\\\/nocny-szlak-kulinarny-sliwka-pokonala-pomidora-na-koniec-wakacji-rywalizacja-restauracji\\\/\",\"name\":\"Nocny Szlak Kulinarny: \u015aliwka pokona\u0142a pomidora! Na koniec wakacji rywalizacja restauracji - Gorz\u00f3w News\",\"isPartOf\":{\"@id\":\"https:\\\/\\\/gorzow.news\\\/#website\"},\"primaryImageOfPage\":{\"@id\":\"https:\\\/\\\/gorzow.news\\\/index.php\\\/2025\\\/02\\\/17\\\/nocny-szlak-kulinarny-sliwka-pokonala-pomidora-na-koniec-wakacji-rywalizacja-restauracji\\\/#primaryimage\"},\"image\":{\"@id\":\"https:\\\/\\\/gorzow.news\\\/index.php\\\/2025\\\/02\\\/17\\\/nocny-szlak-kulinarny-sliwka-pokonala-pomidora-na-koniec-wakacji-rywalizacja-restauracji\\\/#primaryimage\"},\"thumbnailUrl\":\"https:\\\/\\\/gorzow.news\\\/wp-content\\\/uploads\\\/2025\\\/02\\\/457115714_962570295897428_3618226263691439723_n.jpg\",\"datePublished\":\"2025-02-17T14:15:58+00:00\",\"dateModified\":\"2025-02-17T14:15:59+00:00\",\"author\":{\"@id\":\"https:\\\/\\\/gorzow.news\\\/#\\\/schema\\\/person\\\/a1e5ab43166369f2ce236a1cd90995bb\"},\"description\":\"Zako\u0144czy\u0142o si\u0119 g\u0142osowanie na smak tegorocznej edycji Nocnego Szlaku Kulinarnego; na pomidora zag\u0142osowa\u0142o 652 internaut\u00f3w, a na \u015bliwk\u0119 697 i to ona b\u0119dzie g\u0142\u00f3wnym tematem da\u0144 podczas zaplanowanej na koniec sierpnia kulinarnej imprezy.\",\"breadcrumb\":{\"@id\":\"https:\\\/\\\/gorzow.news\\\/index.php\\\/2025\\\/02\\\/17\\\/nocny-szlak-kulinarny-sliwka-pokonala-pomidora-na-koniec-wakacji-rywalizacja-restauracji\\\/#breadcrumb\"},\"inLanguage\":\"pl-PL\",\"potentialAction\":[{\"@type\":\"ReadAction\",\"target\":[\"https:\\\/\\\/gorzow.news\\\/index.php\\\/2025\\\/02\\\/17\\\/nocny-szlak-kulinarny-sliwka-pokonala-pomidora-na-koniec-wakacji-rywalizacja-restauracji\\\/\"]}]},{\"@type\":\"ImageObject\",\"inLanguage\":\"pl-PL\",\"@id\":\"https:\\\/\\\/gorzow.news\\\/index.php\\\/2025\\\/02\\\/17\\\/nocny-szlak-kulinarny-sliwka-pokonala-pomidora-na-koniec-wakacji-rywalizacja-restauracji\\\/#primaryimage\",\"url\":\"https:\\\/\\\/gorzow.news\\\/wp-content\\\/uploads\\\/2025\\\/02\\\/457115714_962570295897428_3618226263691439723_n.jpg\",\"contentUrl\":\"https:\\\/\\\/gorzow.news\\\/wp-content\\\/uploads\\\/2025\\\/02\\\/457115714_962570295897428_3618226263691439723_n.jpg\",\"width\":2048,\"height\":969,\"caption\":\"Nocny Szlak Kulinarny w 2024 roku. fot. UM\"},{\"@type\":\"BreadcrumbList\",\"@id\":\"https:\\\/\\\/gorzow.news\\\/index.php\\\/2025\\\/02\\\/17\\\/nocny-szlak-kulinarny-sliwka-pokonala-pomidora-na-koniec-wakacji-rywalizacja-restauracji\\\/#breadcrumb\",\"itemListElement\":[{\"@type\":\"ListItem\",\"position\":1,\"name\":\"Home\",\"item\":\"https:\\\/\\\/gorzow.news\\\/\"},{\"@type\":\"ListItem\",\"position\":2,\"name\":\"Nocny Szlak Kulinarny: \u015aliwka pokona\u0142a pomidora! Na koniec wakacji rywalizacja restauracji\"}]},{\"@type\":\"WebSite\",\"@id\":\"https:\\\/\\\/gorzow.news\\\/#website\",\"url\":\"https:\\\/\\\/gorzow.news\\\/\",\"name\":\"Gorz\u00f3w News\",\"description\":\"Sp\u00f3jrz inaczej na miato i region...\",\"potentialAction\":[{\"@type\":\"SearchAction\",\"target\":{\"@type\":\"EntryPoint\",\"urlTemplate\":\"https:\\\/\\\/gorzow.news\\\/?s={search_term_string}\"},\"query-input\":{\"@type\":\"PropertyValueSpecification\",\"valueRequired\":true,\"valueName\":\"search_term_string\"}}],\"inLanguage\":\"pl-PL\"},{\"@type\":\"Person\",\"@id\":\"https:\\\/\\\/gorzow.news\\\/#\\\/schema\\\/person\\\/a1e5ab43166369f2ce236a1cd90995bb\",\"name\":\"maciej\",\"image\":{\"@type\":\"ImageObject\",\"inLanguage\":\"pl-PL\",\"@id\":\"https:\\\/\\\/secure.gravatar.com\\\/avatar\\\/530a674d56ba60cfa0ef21d74e8e8d123a51bb7aa6580465b5c2ab2c2e980a19?s=96&r=g&d=https:\\\/\\\/gorzow.news\\\/wp-content\\\/plugins\\\/userswp\\\/assets\\\/images\\\/no_profile.png\",\"url\":\"https:\\\/\\\/secure.gravatar.com\\\/avatar\\\/530a674d56ba60cfa0ef21d74e8e8d123a51bb7aa6580465b5c2ab2c2e980a19?s=96&r=g&d=https:\\\/\\\/gorzow.news\\\/wp-content\\\/plugins\\\/userswp\\\/assets\\\/images\\\/no_profile.png\",\"contentUrl\":\"https:\\\/\\\/secure.gravatar.com\\\/avatar\\\/530a674d56ba60cfa0ef21d74e8e8d123a51bb7aa6580465b5c2ab2c2e980a19?s=96&r=g&d=https:\\\/\\\/gorzow.news\\\/wp-content\\\/plugins\\\/userswp\\\/assets\\\/images\\\/no_profile.png\",\"caption\":\"maciej\"},\"url\":\"https:\\\/\\\/gorzow.news\\\/index.php\\\/profile\\\/maciej\\\/\"}]}<\/script>\n<!-- \/ Yoast SEO plugin. -->","yoast_head_json":{"title":"Nocny Szlak Kulinarny: \u015aliwka pokona\u0142a pomidora! Na koniec wakacji rywalizacja restauracji - Gorz\u00f3w News","description":"Zako\u0144czy\u0142o si\u0119 g\u0142osowanie na smak tegorocznej edycji Nocnego Szlaku Kulinarnego; na pomidora zag\u0142osowa\u0142o 652 internaut\u00f3w, a na \u015bliwk\u0119 697 i t","robots":{"index":"index","follow":"follow","max-snippet":"max-snippet:-1","max-image-preview":"max-image-preview:large","max-video-preview":"max-video-preview:-1"},"canonical":"https:\/\/gorzow.news\/index.php\/2025\/02\/17\/nocny-szlak-kulinarny-sliwka-pokonala-pomidora-na-koniec-wakacji-rywalizacja-restauracji\/","og_locale":"pl_PL","og_type":"article","og_title":"Nocny Szlak Kulinarny: \u015aliwka pokona\u0142a pomidora! Na koniec wakacji rywalizacja restauracji - Gorz\u00f3w News","og_description":"Zako\u0144czy\u0142o si\u0119 g\u0142osowanie na smak tegorocznej edycji Nocnego Szlaku Kulinarnego; na pomidora zag\u0142osowa\u0142o 652 internaut\u00f3w, a na \u015bliwk\u0119 697 i t","og_url":"https:\/\/gorzow.news\/index.php\/2025\/02\/17\/nocny-szlak-kulinarny-sliwka-pokonala-pomidora-na-koniec-wakacji-rywalizacja-restauracji\/","og_site_name":"Gorz\u00f3w News","article_publisher":"https:\/\/www.facebook.com\/gorzowskinews","article_published_time":"2025-02-17T14:15:58+00:00","article_modified_time":"2025-02-17T14:15:59+00:00","og_image":[{"width":2048,"height":969,"url":"https:\/\/gorzow.news\/wp-content\/uploads\/2025\/02\/457115714_962570295897428_3618226263691439723_n.jpg","type":"image\/jpeg"}],"author":"maciej","twitter_card":"summary_large_image","twitter_misc":{"Napisane przez":"maciej","Szacowany czas czytania":"2 minuty"},"schema":{"@context":"https:\/\/schema.org","@graph":[{"@type":"Article","@id":"https:\/\/gorzow.news\/index.php\/2025\/02\/17\/nocny-szlak-kulinarny-sliwka-pokonala-pomidora-na-koniec-wakacji-rywalizacja-restauracji\/#article","isPartOf":{"@id":"https:\/\/gorzow.news\/index.php\/2025\/02\/17\/nocny-szlak-kulinarny-sliwka-pokonala-pomidora-na-koniec-wakacji-rywalizacja-restauracji\/"},"author":{"name":"maciej","@id":"https:\/\/gorzow.news\/#\/schema\/person\/a1e5ab43166369f2ce236a1cd90995bb"},"headline":"Nocny Szlak Kulinarny: \u015aliwka pokona\u0142a pomidora! Na koniec wakacji rywalizacja restauracji","datePublished":"2025-02-17T14:15:58+00:00","dateModified":"2025-02-17T14:15:59+00:00","mainEntityOfPage":{"@id":"https:\/\/gorzow.news\/index.php\/2025\/02\/17\/nocny-szlak-kulinarny-sliwka-pokonala-pomidora-na-koniec-wakacji-rywalizacja-restauracji\/"},"wordCount":233,"commentCount":0,"image":{"@id":"https:\/\/gorzow.news\/index.php\/2025\/02\/17\/nocny-szlak-kulinarny-sliwka-pokonala-pomidora-na-koniec-wakacji-rywalizacja-restauracji\/#primaryimage"},"thumbnailUrl":"https:\/\/gorzow.news\/wp-content\/uploads\/2025\/02\/457115714_962570295897428_3618226263691439723_n.jpg","keywords":["Nocny Szlak Kulinarny"],"articleSection":["Rozrywka","Wiadomo\u015bci"],"inLanguage":"pl-PL","potentialAction":[{"@type":"CommentAction","name":"Comment","target":["https:\/\/gorzow.news\/index.php\/2025\/02\/17\/nocny-szlak-kulinarny-sliwka-pokonala-pomidora-na-koniec-wakacji-rywalizacja-restauracji\/#respond"]}]},{"@type":"WebPage","@id":"https:\/\/gorzow.news\/index.php\/2025\/02\/17\/nocny-szlak-kulinarny-sliwka-pokonala-pomidora-na-koniec-wakacji-rywalizacja-restauracji\/","url":"https:\/\/gorzow.news\/index.php\/2025\/02\/17\/nocny-szlak-kulinarny-sliwka-pokonala-pomidora-na-koniec-wakacji-rywalizacja-restauracji\/","name":"Nocny Szlak Kulinarny: \u015aliwka pokona\u0142a pomidora! Na koniec wakacji rywalizacja restauracji - Gorz\u00f3w News","isPartOf":{"@id":"https:\/\/gorzow.news\/#website"},"primaryImageOfPage":{"@id":"https:\/\/gorzow.news\/index.php\/2025\/02\/17\/nocny-szlak-kulinarny-sliwka-pokonala-pomidora-na-koniec-wakacji-rywalizacja-restauracji\/#primaryimage"},"image":{"@id":"https:\/\/gorzow.news\/index.php\/2025\/02\/17\/nocny-szlak-kulinarny-sliwka-pokonala-pomidora-na-koniec-wakacji-rywalizacja-restauracji\/#primaryimage"},"thumbnailUrl":"https:\/\/gorzow.news\/wp-content\/uploads\/2025\/02\/457115714_962570295897428_3618226263691439723_n.jpg","datePublished":"2025-02-17T14:15:58+00:00","dateModified":"2025-02-17T14:15:59+00:00","author":{"@id":"https:\/\/gorzow.news\/#\/schema\/person\/a1e5ab43166369f2ce236a1cd90995bb"},"description":"Zako\u0144czy\u0142o si\u0119 g\u0142osowanie na smak tegorocznej edycji Nocnego Szlaku Kulinarnego; na pomidora zag\u0142osowa\u0142o 652 internaut\u00f3w, a na \u015bliwk\u0119 697 i to ona b\u0119dzie g\u0142\u00f3wnym tematem da\u0144 podczas zaplanowanej na koniec sierpnia kulinarnej imprezy.","breadcrumb":{"@id":"https:\/\/gorzow.news\/index.php\/2025\/02\/17\/nocny-szlak-kulinarny-sliwka-pokonala-pomidora-na-koniec-wakacji-rywalizacja-restauracji\/#breadcrumb"},"inLanguage":"pl-PL","potentialAction":[{"@type":"ReadAction","target":["https:\/\/gorzow.news\/index.php\/2025\/02\/17\/nocny-szlak-kulinarny-sliwka-pokonala-pomidora-na-koniec-wakacji-rywalizacja-restauracji\/"]}]},{"@type":"ImageObject","inLanguage":"pl-PL","@id":"https:\/\/gorzow.news\/index.php\/2025\/02\/17\/nocny-szlak-kulinarny-sliwka-pokonala-pomidora-na-koniec-wakacji-rywalizacja-restauracji\/#primaryimage","url":"https:\/\/gorzow.news\/wp-content\/uploads\/2025\/02\/457115714_962570295897428_3618226263691439723_n.jpg","contentUrl":"https:\/\/gorzow.news\/wp-content\/uploads\/2025\/02\/457115714_962570295897428_3618226263691439723_n.jpg","width":2048,"height":969,"caption":"Nocny Szlak Kulinarny w 2024 roku. fot. UM"},{"@type":"BreadcrumbList","@id":"https:\/\/gorzow.news\/index.php\/2025\/02\/17\/nocny-szlak-kulinarny-sliwka-pokonala-pomidora-na-koniec-wakacji-rywalizacja-restauracji\/#breadcrumb","itemListElement":[{"@type":"ListItem","position":1,"name":"Home","item":"https:\/\/gorzow.news\/"},{"@type":"ListItem","position":2,"name":"Nocny Szlak Kulinarny: \u015aliwka pokona\u0142a pomidora! Na koniec wakacji rywalizacja restauracji"}]},{"@type":"WebSite","@id":"https:\/\/gorzow.news\/#website","url":"https:\/\/gorzow.news\/","name":"Gorz\u00f3w News","description":"Sp\u00f3jrz inaczej na miato i region...","potentialAction":[{"@type":"SearchAction","target":{"@type":"EntryPoint","urlTemplate":"https:\/\/gorzow.news\/?s={search_term_string}"},"query-input":{"@type":"PropertyValueSpecification","valueRequired":true,"valueName":"search_term_string"}}],"inLanguage":"pl-PL"},{"@type":"Person","@id":"https:\/\/gorzow.news\/#\/schema\/person\/a1e5ab43166369f2ce236a1cd90995bb","name":"maciej","image":{"@type":"ImageObject","inLanguage":"pl-PL","@id":"https:\/\/secure.gravatar.com\/avatar\/530a674d56ba60cfa0ef21d74e8e8d123a51bb7aa6580465b5c2ab2c2e980a19?s=96&r=g&d=https:\/\/gorzow.news\/wp-content\/plugins\/userswp\/assets\/images\/no_profile.png","url":"https:\/\/secure.gravatar.com\/avatar\/530a674d56ba60cfa0ef21d74e8e8d123a51bb7aa6580465b5c2ab2c2e980a19?s=96&r=g&d=https:\/\/gorzow.news\/wp-content\/plugins\/userswp\/assets\/images\/no_profile.png","contentUrl":"https:\/\/secure.gravatar.com\/avatar\/530a674d56ba60cfa0ef21d74e8e8d123a51bb7aa6580465b5c2ab2c2e980a19?s=96&r=g&d=https:\/\/gorzow.news\/wp-content\/plugins\/userswp\/assets\/images\/no_profile.png","caption":"maciej"},"url":"https:\/\/gorzow.news\/index.php\/profile\/maciej\/"}]}},"_links":{"self":[{"href":"https:\/\/gorzow.news\/index.php\/wp-json\/wp\/v2\/posts\/29520","targetHints":{"allow":["GET"]}}],"collection":[{"href":"https:\/\/gorzow.news\/index.php\/wp-json\/wp\/v2\/posts"}],"about":[{"href":"https:\/\/gorzow.news\/index.php\/wp-json\/wp\/v2\/types\/post"}],"author":[{"embeddable":true,"href":"https:\/\/gorzow.news\/index.php\/wp-json\/wp\/v2\/users\/1"}],"replies":[{"embeddable":true,"href":"https:\/\/gorzow.news\/index.php\/wp-json\/wp\/v2\/comments?post=29520"}],"version-history":[{"count":1,"href":"https:\/\/gorzow.news\/index.php\/wp-json\/wp\/v2\/posts\/29520\/revisions"}],"predecessor-version":[{"id":29522,"href":"https:\/\/gorzow.news\/index.php\/wp-json\/wp\/v2\/posts\/29520\/revisions\/29522"}],"wp:featuredmedia":[{"embeddable":true,"href":"https:\/\/gorzow.news\/index.php\/wp-json\/wp\/v2\/media\/29521"}],"wp:attachment":[{"href":"https:\/\/gorzow.news\/index.php\/wp-json\/wp\/v2\/media?parent=29520"}],"wp:term":[{"taxonomy":"category","embeddable":true,"href":"https:\/\/gorzow.news\/index.php\/wp-json\/wp\/v2\/categories?post=29520"},{"taxonomy":"post_tag","embeddable":true,"href":"https:\/\/gorzow.news\/index.php\/wp-json\/wp\/v2\/tags?post=29520"}],"curies":[{"name":"wp","href":"https:\/\/api.w.org\/{rel}","templated":true}]}}