{"id":29310,"date":"2025-02-05T14:04:55","date_gmt":"2025-02-05T13:04:55","guid":{"rendered":"https:\/\/gorzow.news\/?p=29310"},"modified":"2025-02-05T14:04:57","modified_gmt":"2025-02-05T13:04:57","slug":"radni-zdecydowali-dzialka-przy-mysliborskiej-na-sprzedaz-bedzie-kolejny-sklep-lub-fast-food","status":"publish","type":"post","link":"https:\/\/gorzow.news\/index.php\/2025\/02\/05\/radni-zdecydowali-dzialka-przy-mysliborskiej-na-sprzedaz-bedzie-kolejny-sklep-lub-fast-food\/","title":{"rendered":"Radni zdecydowali! Dzia\u0142ka przy My\u015bliborskiej na sprzeda\u017c! B\u0119dzie kolejny sklep lub fast food?"},"content":{"rendered":"\n<p><strong>Podczas wczorajszej sesji rady miasta radni jednog\u0142o\u015bnie wyrazili zgod\u0119 na zbycie niezabudowanej nieruchomo\u015bci po\u0142o\u017conej przy ul. My\u015bliborskiej w bezpo\u015bredniej blisko\u015bci mieszcz\u0105cych si\u0119 tutaj sklep\u00f3w wielkopowierzchniowych, park\u00f3w handlowych, czy restauracji fast food. Nieruchomo\u015b\u0107 przeznaczona jest na cele us\u0142ug komercyjnych, co oznacza, \u017ce b\u0119dzie m\u00f3g\u0142 tu powsta\u0107 kolejny sklep, czy restauracja fast food.<\/strong><\/p>\n\n\n\n<p>Niezabudowana nieruchomo\u015b\u0107 o kt\u00f3rej jest mowa obejmuje dzia\u0142ki gruntu nr 1912 i 1913 o \u0142\u0105cznej powierzchni pow. 4.961 mkw. Warto\u015b\u0107 rynkowa nieruchomo\u015bci wyceniona zosta\u0142a na 2.857.000 z\u0142. Sprzeda\u017c nieruchomo\u015bci nast\u0105pi w trybie przetargowym. Ten powinien odby\u0107 w tym roku.<\/p>\n\n\n\n<figure class=\"wp-block-image size-large\"><img loading=\"lazy\" decoding=\"async\" width=\"1024\" height=\"456\" src=\"https:\/\/gorzow.news\/wp-content\/uploads\/2025\/02\/mysliborska-dzialka-1024x456.jpg\" alt=\"\" class=\"wp-image-29311\" srcset=\"https:\/\/gorzow.news\/wp-content\/uploads\/2025\/02\/mysliborska-dzialka-1024x456.jpg 1024w, https:\/\/gorzow.news\/wp-content\/uploads\/2025\/02\/mysliborska-dzialka-300x134.jpg 300w, https:\/\/gorzow.news\/wp-content\/uploads\/2025\/02\/mysliborska-dzialka-768x342.jpg 768w, https:\/\/gorzow.news\/wp-content\/uploads\/2025\/02\/mysliborska-dzialka-1536x684.jpg 1536w, https:\/\/gorzow.news\/wp-content\/uploads\/2025\/02\/mysliborska-dzialka-696x310.jpg 696w, https:\/\/gorzow.news\/wp-content\/uploads\/2025\/02\/mysliborska-dzialka-1068x476.jpg 1068w, https:\/\/gorzow.news\/wp-content\/uploads\/2025\/02\/mysliborska-dzialka.jpg 1920w\" sizes=\"auto, (max-width: 1024px) 100vw, 1024px\" \/><figcaption class=\"wp-element-caption\">Dzia\u0142ki gruntu nr 1912 i 1913 o \u0142\u0105cznej powierzchni pow. 4.961 mkw przy ul. My\u015bliborskiej.<\/figcaption><\/figure>\n\n\n\n<p><strong>W temacie:<\/strong><br><a href=\"https:\/\/gorzow.news\/index.php\/2024\/12\/03\/przy-mysliborskiej-kolejna-dzialka-graniczaca-z-os-europejskim-zostanie-zabudowana-pod-uslugi-zdjecia\/\">Przy My\u015bliborskiej kolejna dzia\u0142ka granicz\u0105ca z os. Europejskim zostanie zabudowana pod us\u0142ugi? (zdj\u0119cia)<\/a><\/p>\n","protected":false},"excerpt":{"rendered":"<p>Podczas wczorajszej sesji rady miasta radni jednog\u0142o\u015bnie wyrazili zgod\u0119 na zbycie niezabudowanej nieruchomo\u015bci po\u0142o\u017conej przy ul. My\u015bliborskiej w bezpo\u015bredniej blisko\u015bci mieszcz\u0105cych si\u0119 tutaj sklep\u00f3w wielkopowierzchniowych, park\u00f3w handlowych, czy restauracji fast food. Nieruchomo\u015b\u0107 przeznaczona jest na cele us\u0142ug komercyjnych, co oznacza, \u017ce b\u0119dzie m\u00f3g\u0142 tu powsta\u0107 kolejny sklep, czy restauracja fast food. Niezabudowana nieruchomo\u015b\u0107 o kt\u00f3rej [&hellip;]<\/p>\n","protected":false},"author":1,"featured_media":29312,"comment_status":"open","ping_status":"open","sticky":false,"template":"","format":"standard","meta":{"footnotes":"","_links_to":"","_links_to_target":""},"categories":[1626,2013,1624,589],"tags":[247],"class_list":{"0":"post-29310","1":"post","2":"type-post","3":"status-publish","4":"format-standard","5":"has-post-thumbnail","7":"category-dzialki-inwestycyjne","8":"category-europejskie","9":"category-inwestycje-handlowe","10":"category-wiadomosci","11":"tag-mysliborska"},"yoast_head":"<!-- This site is optimized with the Yoast SEO plugin v27.3 - https:\/\/yoast.com\/product\/yoast-seo-wordpress\/ -->\n<title>Radni zdecydowali! Dzia\u0142ka przy My\u015bliborskiej na sprzeda\u017c! B\u0119dzie kolejny sklep lub fast food? - Gorz\u00f3w News<\/title>\n<meta name=\"robots\" content=\"index, follow, max-snippet:-1, max-image-preview:large, max-video-preview:-1\" \/>\n<link rel=\"canonical\" href=\"https:\/\/gorzow.news\/index.php\/2025\/02\/05\/radni-zdecydowali-dzialka-przy-mysliborskiej-na-sprzedaz-bedzie-kolejny-sklep-lub-fast-food\/\" \/>\n<meta property=\"og:locale\" content=\"pl_PL\" \/>\n<meta property=\"og:type\" content=\"article\" \/>\n<meta property=\"og:title\" content=\"Radni zdecydowali! Dzia\u0142ka przy My\u015bliborskiej na sprzeda\u017c! B\u0119dzie kolejny sklep lub fast food? - Gorz\u00f3w News\" \/>\n<meta property=\"og:description\" content=\"Podczas wczorajszej sesji rady miasta radni jednog\u0142o\u015bnie wyrazili zgod\u0119 na zbycie niezabudowanej nieruchomo\u015bci po\u0142o\u017conej przy ul. My\u015bliborskiej\" \/>\n<meta property=\"og:url\" content=\"https:\/\/gorzow.news\/index.php\/2025\/02\/05\/radni-zdecydowali-dzialka-przy-mysliborskiej-na-sprzedaz-bedzie-kolejny-sklep-lub-fast-food\/\" \/>\n<meta property=\"og:site_name\" content=\"Gorz\u00f3w News\" \/>\n<meta property=\"article:publisher\" content=\"https:\/\/www.facebook.com\/gorzowskinews\" \/>\n<meta property=\"article:published_time\" content=\"2025-02-05T13:04:55+00:00\" \/>\n<meta property=\"article:modified_time\" content=\"2025-02-05T13:04:57+00:00\" \/>\n<meta property=\"og:image\" content=\"https:\/\/gorzow.news\/wp-content\/uploads\/2025\/02\/mysliborska-a-dzialka-g.jpg\" \/>\n\t<meta property=\"og:image:width\" content=\"1742\" \/>\n\t<meta property=\"og:image:height\" content=\"768\" \/>\n\t<meta property=\"og:image:type\" content=\"image\/jpeg\" \/>\n<meta name=\"author\" content=\"maciej\" \/>\n<meta name=\"twitter:card\" content=\"summary_large_image\" \/>\n<meta name=\"twitter:label1\" content=\"Napisane przez\" \/>\n\t<meta name=\"twitter:data1\" content=\"maciej\" \/>\n\t<meta name=\"twitter:label2\" content=\"Szacowany czas czytania\" \/>\n\t<meta name=\"twitter:data2\" content=\"2 minuty\" \/>\n<script type=\"application\/ld+json\" class=\"yoast-schema-graph\">{\"@context\":\"https:\\\/\\\/schema.org\",\"@graph\":[{\"@type\":\"Article\",\"@id\":\"https:\\\/\\\/gorzow.news\\\/index.php\\\/2025\\\/02\\\/05\\\/radni-zdecydowali-dzialka-przy-mysliborskiej-na-sprzedaz-bedzie-kolejny-sklep-lub-fast-food\\\/#article\",\"isPartOf\":{\"@id\":\"https:\\\/\\\/gorzow.news\\\/index.php\\\/2025\\\/02\\\/05\\\/radni-zdecydowali-dzialka-przy-mysliborskiej-na-sprzedaz-bedzie-kolejny-sklep-lub-fast-food\\\/\"},\"author\":{\"name\":\"maciej\",\"@id\":\"https:\\\/\\\/gorzow.news\\\/#\\\/schema\\\/person\\\/a1e5ab43166369f2ce236a1cd90995bb\"},\"headline\":\"Radni zdecydowali! Dzia\u0142ka przy My\u015bliborskiej na sprzeda\u017c! B\u0119dzie kolejny sklep lub fast food?\",\"datePublished\":\"2025-02-05T13:04:55+00:00\",\"dateModified\":\"2025-02-05T13:04:57+00:00\",\"mainEntityOfPage\":{\"@id\":\"https:\\\/\\\/gorzow.news\\\/index.php\\\/2025\\\/02\\\/05\\\/radni-zdecydowali-dzialka-przy-mysliborskiej-na-sprzedaz-bedzie-kolejny-sklep-lub-fast-food\\\/\"},\"wordCount\":156,\"commentCount\":0,\"image\":{\"@id\":\"https:\\\/\\\/gorzow.news\\\/index.php\\\/2025\\\/02\\\/05\\\/radni-zdecydowali-dzialka-przy-mysliborskiej-na-sprzedaz-bedzie-kolejny-sklep-lub-fast-food\\\/#primaryimage\"},\"thumbnailUrl\":\"https:\\\/\\\/gorzow.news\\\/wp-content\\\/uploads\\\/2025\\\/02\\\/mysliborska-a-dzialka-g.jpg\",\"keywords\":[\"My\u015bliborska\"],\"articleSection\":[\"Dzia\u0142ki inwestycyjne\",\"Europejskie\",\"Inwestycje handlowe\",\"Wiadomo\u015bci\"],\"inLanguage\":\"pl-PL\",\"potentialAction\":[{\"@type\":\"CommentAction\",\"name\":\"Comment\",\"target\":[\"https:\\\/\\\/gorzow.news\\\/index.php\\\/2025\\\/02\\\/05\\\/radni-zdecydowali-dzialka-przy-mysliborskiej-na-sprzedaz-bedzie-kolejny-sklep-lub-fast-food\\\/#respond\"]}]},{\"@type\":\"WebPage\",\"@id\":\"https:\\\/\\\/gorzow.news\\\/index.php\\\/2025\\\/02\\\/05\\\/radni-zdecydowali-dzialka-przy-mysliborskiej-na-sprzedaz-bedzie-kolejny-sklep-lub-fast-food\\\/\",\"url\":\"https:\\\/\\\/gorzow.news\\\/index.php\\\/2025\\\/02\\\/05\\\/radni-zdecydowali-dzialka-przy-mysliborskiej-na-sprzedaz-bedzie-kolejny-sklep-lub-fast-food\\\/\",\"name\":\"Radni zdecydowali! Dzia\u0142ka przy My\u015bliborskiej na sprzeda\u017c! B\u0119dzie kolejny sklep lub fast food? - Gorz\u00f3w News\",\"isPartOf\":{\"@id\":\"https:\\\/\\\/gorzow.news\\\/#website\"},\"primaryImageOfPage\":{\"@id\":\"https:\\\/\\\/gorzow.news\\\/index.php\\\/2025\\\/02\\\/05\\\/radni-zdecydowali-dzialka-przy-mysliborskiej-na-sprzedaz-bedzie-kolejny-sklep-lub-fast-food\\\/#primaryimage\"},\"image\":{\"@id\":\"https:\\\/\\\/gorzow.news\\\/index.php\\\/2025\\\/02\\\/05\\\/radni-zdecydowali-dzialka-przy-mysliborskiej-na-sprzedaz-bedzie-kolejny-sklep-lub-fast-food\\\/#primaryimage\"},\"thumbnailUrl\":\"https:\\\/\\\/gorzow.news\\\/wp-content\\\/uploads\\\/2025\\\/02\\\/mysliborska-a-dzialka-g.jpg\",\"datePublished\":\"2025-02-05T13:04:55+00:00\",\"dateModified\":\"2025-02-05T13:04:57+00:00\",\"author\":{\"@id\":\"https:\\\/\\\/gorzow.news\\\/#\\\/schema\\\/person\\\/a1e5ab43166369f2ce236a1cd90995bb\"},\"breadcrumb\":{\"@id\":\"https:\\\/\\\/gorzow.news\\\/index.php\\\/2025\\\/02\\\/05\\\/radni-zdecydowali-dzialka-przy-mysliborskiej-na-sprzedaz-bedzie-kolejny-sklep-lub-fast-food\\\/#breadcrumb\"},\"inLanguage\":\"pl-PL\",\"potentialAction\":[{\"@type\":\"ReadAction\",\"target\":[\"https:\\\/\\\/gorzow.news\\\/index.php\\\/2025\\\/02\\\/05\\\/radni-zdecydowali-dzialka-przy-mysliborskiej-na-sprzedaz-bedzie-kolejny-sklep-lub-fast-food\\\/\"]}]},{\"@type\":\"ImageObject\",\"inLanguage\":\"pl-PL\",\"@id\":\"https:\\\/\\\/gorzow.news\\\/index.php\\\/2025\\\/02\\\/05\\\/radni-zdecydowali-dzialka-przy-mysliborskiej-na-sprzedaz-bedzie-kolejny-sklep-lub-fast-food\\\/#primaryimage\",\"url\":\"https:\\\/\\\/gorzow.news\\\/wp-content\\\/uploads\\\/2025\\\/02\\\/mysliborska-a-dzialka-g.jpg\",\"contentUrl\":\"https:\\\/\\\/gorzow.news\\\/wp-content\\\/uploads\\\/2025\\\/02\\\/mysliborska-a-dzialka-g.jpg\",\"width\":1742,\"height\":768,\"caption\":\"Dzia\u0142ka przy rondzie Europejskim p\u00f3jdzie pod m\u0142otek. B\u0119dzie tu m\u00f3g\u0142 powsta\u0107 kolejny sklep lub restauracja.\"},{\"@type\":\"BreadcrumbList\",\"@id\":\"https:\\\/\\\/gorzow.news\\\/index.php\\\/2025\\\/02\\\/05\\\/radni-zdecydowali-dzialka-przy-mysliborskiej-na-sprzedaz-bedzie-kolejny-sklep-lub-fast-food\\\/#breadcrumb\",\"itemListElement\":[{\"@type\":\"ListItem\",\"position\":1,\"name\":\"Home\",\"item\":\"https:\\\/\\\/gorzow.news\\\/\"},{\"@type\":\"ListItem\",\"position\":2,\"name\":\"Radni zdecydowali! Dzia\u0142ka przy My\u015bliborskiej na sprzeda\u017c! B\u0119dzie kolejny sklep lub fast food?\"}]},{\"@type\":\"WebSite\",\"@id\":\"https:\\\/\\\/gorzow.news\\\/#website\",\"url\":\"https:\\\/\\\/gorzow.news\\\/\",\"name\":\"Gorz\u00f3w News\",\"description\":\"Sp\u00f3jrz inaczej na miato i region...\",\"potentialAction\":[{\"@type\":\"SearchAction\",\"target\":{\"@type\":\"EntryPoint\",\"urlTemplate\":\"https:\\\/\\\/gorzow.news\\\/?s={search_term_string}\"},\"query-input\":{\"@type\":\"PropertyValueSpecification\",\"valueRequired\":true,\"valueName\":\"search_term_string\"}}],\"inLanguage\":\"pl-PL\"},{\"@type\":\"Person\",\"@id\":\"https:\\\/\\\/gorzow.news\\\/#\\\/schema\\\/person\\\/a1e5ab43166369f2ce236a1cd90995bb\",\"name\":\"maciej\",\"image\":{\"@type\":\"ImageObject\",\"inLanguage\":\"pl-PL\",\"@id\":\"https:\\\/\\\/secure.gravatar.com\\\/avatar\\\/530a674d56ba60cfa0ef21d74e8e8d123a51bb7aa6580465b5c2ab2c2e980a19?s=96&r=g&d=https:\\\/\\\/gorzow.news\\\/wp-content\\\/plugins\\\/userswp\\\/assets\\\/images\\\/no_profile.png\",\"url\":\"https:\\\/\\\/secure.gravatar.com\\\/avatar\\\/530a674d56ba60cfa0ef21d74e8e8d123a51bb7aa6580465b5c2ab2c2e980a19?s=96&r=g&d=https:\\\/\\\/gorzow.news\\\/wp-content\\\/plugins\\\/userswp\\\/assets\\\/images\\\/no_profile.png\",\"contentUrl\":\"https:\\\/\\\/secure.gravatar.com\\\/avatar\\\/530a674d56ba60cfa0ef21d74e8e8d123a51bb7aa6580465b5c2ab2c2e980a19?s=96&r=g&d=https:\\\/\\\/gorzow.news\\\/wp-content\\\/plugins\\\/userswp\\\/assets\\\/images\\\/no_profile.png\",\"caption\":\"maciej\"},\"url\":\"https:\\\/\\\/gorzow.news\\\/index.php\\\/profile\\\/maciej\\\/\"}]}<\/script>\n<!-- \/ Yoast SEO plugin. -->","yoast_head_json":{"title":"Radni zdecydowali! Dzia\u0142ka przy My\u015bliborskiej na sprzeda\u017c! B\u0119dzie kolejny sklep lub fast food? - Gorz\u00f3w News","robots":{"index":"index","follow":"follow","max-snippet":"max-snippet:-1","max-image-preview":"max-image-preview:large","max-video-preview":"max-video-preview:-1"},"canonical":"https:\/\/gorzow.news\/index.php\/2025\/02\/05\/radni-zdecydowali-dzialka-przy-mysliborskiej-na-sprzedaz-bedzie-kolejny-sklep-lub-fast-food\/","og_locale":"pl_PL","og_type":"article","og_title":"Radni zdecydowali! Dzia\u0142ka przy My\u015bliborskiej na sprzeda\u017c! B\u0119dzie kolejny sklep lub fast food? - Gorz\u00f3w News","og_description":"Podczas wczorajszej sesji rady miasta radni jednog\u0142o\u015bnie wyrazili zgod\u0119 na zbycie niezabudowanej nieruchomo\u015bci po\u0142o\u017conej przy ul. My\u015bliborskiej","og_url":"https:\/\/gorzow.news\/index.php\/2025\/02\/05\/radni-zdecydowali-dzialka-przy-mysliborskiej-na-sprzedaz-bedzie-kolejny-sklep-lub-fast-food\/","og_site_name":"Gorz\u00f3w News","article_publisher":"https:\/\/www.facebook.com\/gorzowskinews","article_published_time":"2025-02-05T13:04:55+00:00","article_modified_time":"2025-02-05T13:04:57+00:00","og_image":[{"width":1742,"height":768,"url":"https:\/\/gorzow.news\/wp-content\/uploads\/2025\/02\/mysliborska-a-dzialka-g.jpg","type":"image\/jpeg"}],"author":"maciej","twitter_card":"summary_large_image","twitter_misc":{"Napisane przez":"maciej","Szacowany czas czytania":"2 minuty"},"schema":{"@context":"https:\/\/schema.org","@graph":[{"@type":"Article","@id":"https:\/\/gorzow.news\/index.php\/2025\/02\/05\/radni-zdecydowali-dzialka-przy-mysliborskiej-na-sprzedaz-bedzie-kolejny-sklep-lub-fast-food\/#article","isPartOf":{"@id":"https:\/\/gorzow.news\/index.php\/2025\/02\/05\/radni-zdecydowali-dzialka-przy-mysliborskiej-na-sprzedaz-bedzie-kolejny-sklep-lub-fast-food\/"},"author":{"name":"maciej","@id":"https:\/\/gorzow.news\/#\/schema\/person\/a1e5ab43166369f2ce236a1cd90995bb"},"headline":"Radni zdecydowali! Dzia\u0142ka przy My\u015bliborskiej na sprzeda\u017c! B\u0119dzie kolejny sklep lub fast food?","datePublished":"2025-02-05T13:04:55+00:00","dateModified":"2025-02-05T13:04:57+00:00","mainEntityOfPage":{"@id":"https:\/\/gorzow.news\/index.php\/2025\/02\/05\/radni-zdecydowali-dzialka-przy-mysliborskiej-na-sprzedaz-bedzie-kolejny-sklep-lub-fast-food\/"},"wordCount":156,"commentCount":0,"image":{"@id":"https:\/\/gorzow.news\/index.php\/2025\/02\/05\/radni-zdecydowali-dzialka-przy-mysliborskiej-na-sprzedaz-bedzie-kolejny-sklep-lub-fast-food\/#primaryimage"},"thumbnailUrl":"https:\/\/gorzow.news\/wp-content\/uploads\/2025\/02\/mysliborska-a-dzialka-g.jpg","keywords":["My\u015bliborska"],"articleSection":["Dzia\u0142ki inwestycyjne","Europejskie","Inwestycje handlowe","Wiadomo\u015bci"],"inLanguage":"pl-PL","potentialAction":[{"@type":"CommentAction","name":"Comment","target":["https:\/\/gorzow.news\/index.php\/2025\/02\/05\/radni-zdecydowali-dzialka-przy-mysliborskiej-na-sprzedaz-bedzie-kolejny-sklep-lub-fast-food\/#respond"]}]},{"@type":"WebPage","@id":"https:\/\/gorzow.news\/index.php\/2025\/02\/05\/radni-zdecydowali-dzialka-przy-mysliborskiej-na-sprzedaz-bedzie-kolejny-sklep-lub-fast-food\/","url":"https:\/\/gorzow.news\/index.php\/2025\/02\/05\/radni-zdecydowali-dzialka-przy-mysliborskiej-na-sprzedaz-bedzie-kolejny-sklep-lub-fast-food\/","name":"Radni zdecydowali! Dzia\u0142ka przy My\u015bliborskiej na sprzeda\u017c! B\u0119dzie kolejny sklep lub fast food? - Gorz\u00f3w News","isPartOf":{"@id":"https:\/\/gorzow.news\/#website"},"primaryImageOfPage":{"@id":"https:\/\/gorzow.news\/index.php\/2025\/02\/05\/radni-zdecydowali-dzialka-przy-mysliborskiej-na-sprzedaz-bedzie-kolejny-sklep-lub-fast-food\/#primaryimage"},"image":{"@id":"https:\/\/gorzow.news\/index.php\/2025\/02\/05\/radni-zdecydowali-dzialka-przy-mysliborskiej-na-sprzedaz-bedzie-kolejny-sklep-lub-fast-food\/#primaryimage"},"thumbnailUrl":"https:\/\/gorzow.news\/wp-content\/uploads\/2025\/02\/mysliborska-a-dzialka-g.jpg","datePublished":"2025-02-05T13:04:55+00:00","dateModified":"2025-02-05T13:04:57+00:00","author":{"@id":"https:\/\/gorzow.news\/#\/schema\/person\/a1e5ab43166369f2ce236a1cd90995bb"},"breadcrumb":{"@id":"https:\/\/gorzow.news\/index.php\/2025\/02\/05\/radni-zdecydowali-dzialka-przy-mysliborskiej-na-sprzedaz-bedzie-kolejny-sklep-lub-fast-food\/#breadcrumb"},"inLanguage":"pl-PL","potentialAction":[{"@type":"ReadAction","target":["https:\/\/gorzow.news\/index.php\/2025\/02\/05\/radni-zdecydowali-dzialka-przy-mysliborskiej-na-sprzedaz-bedzie-kolejny-sklep-lub-fast-food\/"]}]},{"@type":"ImageObject","inLanguage":"pl-PL","@id":"https:\/\/gorzow.news\/index.php\/2025\/02\/05\/radni-zdecydowali-dzialka-przy-mysliborskiej-na-sprzedaz-bedzie-kolejny-sklep-lub-fast-food\/#primaryimage","url":"https:\/\/gorzow.news\/wp-content\/uploads\/2025\/02\/mysliborska-a-dzialka-g.jpg","contentUrl":"https:\/\/gorzow.news\/wp-content\/uploads\/2025\/02\/mysliborska-a-dzialka-g.jpg","width":1742,"height":768,"caption":"Dzia\u0142ka przy rondzie Europejskim p\u00f3jdzie pod m\u0142otek. B\u0119dzie tu m\u00f3g\u0142 powsta\u0107 kolejny sklep lub restauracja."},{"@type":"BreadcrumbList","@id":"https:\/\/gorzow.news\/index.php\/2025\/02\/05\/radni-zdecydowali-dzialka-przy-mysliborskiej-na-sprzedaz-bedzie-kolejny-sklep-lub-fast-food\/#breadcrumb","itemListElement":[{"@type":"ListItem","position":1,"name":"Home","item":"https:\/\/gorzow.news\/"},{"@type":"ListItem","position":2,"name":"Radni zdecydowali! Dzia\u0142ka przy My\u015bliborskiej na sprzeda\u017c! B\u0119dzie kolejny sklep lub fast food?"}]},{"@type":"WebSite","@id":"https:\/\/gorzow.news\/#website","url":"https:\/\/gorzow.news\/","name":"Gorz\u00f3w News","description":"Sp\u00f3jrz inaczej na miato i region...","potentialAction":[{"@type":"SearchAction","target":{"@type":"EntryPoint","urlTemplate":"https:\/\/gorzow.news\/?s={search_term_string}"},"query-input":{"@type":"PropertyValueSpecification","valueRequired":true,"valueName":"search_term_string"}}],"inLanguage":"pl-PL"},{"@type":"Person","@id":"https:\/\/gorzow.news\/#\/schema\/person\/a1e5ab43166369f2ce236a1cd90995bb","name":"maciej","image":{"@type":"ImageObject","inLanguage":"pl-PL","@id":"https:\/\/secure.gravatar.com\/avatar\/530a674d56ba60cfa0ef21d74e8e8d123a51bb7aa6580465b5c2ab2c2e980a19?s=96&r=g&d=https:\/\/gorzow.news\/wp-content\/plugins\/userswp\/assets\/images\/no_profile.png","url":"https:\/\/secure.gravatar.com\/avatar\/530a674d56ba60cfa0ef21d74e8e8d123a51bb7aa6580465b5c2ab2c2e980a19?s=96&r=g&d=https:\/\/gorzow.news\/wp-content\/plugins\/userswp\/assets\/images\/no_profile.png","contentUrl":"https:\/\/secure.gravatar.com\/avatar\/530a674d56ba60cfa0ef21d74e8e8d123a51bb7aa6580465b5c2ab2c2e980a19?s=96&r=g&d=https:\/\/gorzow.news\/wp-content\/plugins\/userswp\/assets\/images\/no_profile.png","caption":"maciej"},"url":"https:\/\/gorzow.news\/index.php\/profile\/maciej\/"}]}},"_links":{"self":[{"href":"https:\/\/gorzow.news\/index.php\/wp-json\/wp\/v2\/posts\/29310","targetHints":{"allow":["GET"]}}],"collection":[{"href":"https:\/\/gorzow.news\/index.php\/wp-json\/wp\/v2\/posts"}],"about":[{"href":"https:\/\/gorzow.news\/index.php\/wp-json\/wp\/v2\/types\/post"}],"author":[{"embeddable":true,"href":"https:\/\/gorzow.news\/index.php\/wp-json\/wp\/v2\/users\/1"}],"replies":[{"embeddable":true,"href":"https:\/\/gorzow.news\/index.php\/wp-json\/wp\/v2\/comments?post=29310"}],"version-history":[{"count":1,"href":"https:\/\/gorzow.news\/index.php\/wp-json\/wp\/v2\/posts\/29310\/revisions"}],"predecessor-version":[{"id":29313,"href":"https:\/\/gorzow.news\/index.php\/wp-json\/wp\/v2\/posts\/29310\/revisions\/29313"}],"wp:featuredmedia":[{"embeddable":true,"href":"https:\/\/gorzow.news\/index.php\/wp-json\/wp\/v2\/media\/29312"}],"wp:attachment":[{"href":"https:\/\/gorzow.news\/index.php\/wp-json\/wp\/v2\/media?parent=29310"}],"wp:term":[{"taxonomy":"category","embeddable":true,"href":"https:\/\/gorzow.news\/index.php\/wp-json\/wp\/v2\/categories?post=29310"},{"taxonomy":"post_tag","embeddable":true,"href":"https:\/\/gorzow.news\/index.php\/wp-json\/wp\/v2\/tags?post=29310"}],"curies":[{"name":"wp","href":"https:\/\/api.w.org\/{rel}","templated":true}]}}