{"id":29274,"date":"2025-02-04T16:10:00","date_gmt":"2025-02-04T15:10:00","guid":{"rendered":"https:\/\/gorzow.news\/?p=29274"},"modified":"2025-02-04T19:48:32","modified_gmt":"2025-02-04T18:48:32","slug":"jest-juz-termin-tegorocznego-nocnego-szlaku-kulinarnego-teraz-czas-wybrac-jego-bohatera-sliwka-czy-pomidor","status":"publish","type":"post","link":"https:\/\/gorzow.news\/index.php\/2025\/02\/04\/jest-juz-termin-tegorocznego-nocnego-szlaku-kulinarnego-teraz-czas-wybrac-jego-bohatera-sliwka-czy-pomidor\/","title":{"rendered":"Jest ju\u017c termin tegorocznego Nocnego Szlaku Kulinarnego. Teraz czas wybra\u0107 jego bohatera! \u015aliwka czy pomidor?"},"content":{"rendered":"\n<p><strong>Tegoroczny Nocny Szlak Kulinarny odb\u0119dzie si\u0119 w dniach 29-30 sierpnia 2025! Ruszy\u0142o w\u0142a\u015bnie g\u0142osowanie na smak tej edycji.<\/strong><\/p>\n\n\n\n<p>Smakiem tegorocznego Nocnego Szlaku Kulinarnego b\u0119dzie \u015bliwka lub pomidor. G\u0142osowa\u0107 mo\u017cna na Facebooku &#8211; profil NSK &#8211; <strong><a href=\"https:\/\/www.facebook.com\/NocnySzlakKulinarny\/posts\/pfbid0L8eH3zG1YbGkuAjhKwwSUr4hB8aYhnLZSrkRjNhHrcmr4QrNvNyuMkqe4KeuKRQMl\" target=\"_blank\" rel=\"noreferrer noopener\">tutaj<\/a><\/strong>. G\u0142os na \u015bliwk\u0119 to kciuk do g\u00f3ry &#8211; like, g\u0142os na pomidora to serduszko.<\/p>\n\n\n\n<p>Liczone s\u0105 tylko g\u0142osy pod postem we wskazanym miejscu powy\u017cej. G\u0142osowanie trwa do 17 lutego do godz. 12.00.<\/p>\n\n\n\n<figure class=\"wp-block-image size-large\"><img loading=\"lazy\" decoding=\"async\" width=\"819\" height=\"1024\" src=\"https:\/\/gorzow.news\/wp-content\/uploads\/2025\/02\/475875990_599262332833086_81954860269292746_n-819x1024.jpg\" alt=\"\" class=\"wp-image-29275\" srcset=\"https:\/\/gorzow.news\/wp-content\/uploads\/2025\/02\/475875990_599262332833086_81954860269292746_n-819x1024.jpg 819w, https:\/\/gorzow.news\/wp-content\/uploads\/2025\/02\/475875990_599262332833086_81954860269292746_n-240x300.jpg 240w, https:\/\/gorzow.news\/wp-content\/uploads\/2025\/02\/475875990_599262332833086_81954860269292746_n-768x960.jpg 768w, https:\/\/gorzow.news\/wp-content\/uploads\/2025\/02\/475875990_599262332833086_81954860269292746_n-696x870.jpg 696w, https:\/\/gorzow.news\/wp-content\/uploads\/2025\/02\/475875990_599262332833086_81954860269292746_n-1068x1335.jpg 1068w, https:\/\/gorzow.news\/wp-content\/uploads\/2025\/02\/475875990_599262332833086_81954860269292746_n.jpg 1080w\" sizes=\"auto, (max-width: 819px) 100vw, 819px\" \/><\/figure>\n","protected":false},"excerpt":{"rendered":"<p>Tegoroczny Nocny Szlak Kulinarny odb\u0119dzie si\u0119 w dniach 29-30 sierpnia 2025! Ruszy\u0142o w\u0142a\u015bnie g\u0142osowanie na smak tej edycji. Smakiem tegorocznego Nocnego Szlaku Kulinarnego b\u0119dzie \u015bliwka lub pomidor. G\u0142osowa\u0107 mo\u017cna na Facebooku &#8211; profil NSK &#8211; tutaj. G\u0142os na \u015bliwk\u0119 to kciuk do g\u00f3ry &#8211; like, g\u0142os na pomidora to serduszko. Liczone s\u0105 tylko g\u0142osy pod [&hellip;]<\/p>\n","protected":false},"author":1,"featured_media":29276,"comment_status":"open","ping_status":"open","sticky":false,"template":"","format":"standard","meta":{"footnotes":"","_links_to":"","_links_to_target":""},"categories":[595,589],"tags":[621],"class_list":{"0":"post-29274","1":"post","2":"type-post","3":"status-publish","4":"format-standard","5":"has-post-thumbnail","7":"category-rozrywka","8":"category-wiadomosci","9":"tag-nocny-szlak-kulinarny"},"yoast_head":"<!-- This site is optimized with the Yoast SEO plugin v27.3 - https:\/\/yoast.com\/product\/yoast-seo-wordpress\/ -->\n<title>Jest ju\u017c termin tegorocznego Nocnego Szlaku Kulinarnego. Teraz czas wybra\u0107 jego bohatera! \u015aliwka czy pomidor? - Gorz\u00f3w News<\/title>\n<meta name=\"description\" content=\"Tegoroczny Nocny Szlak Kulinarny odb\u0119dzie si\u0119 w dniach 29-30 sierpnia 2025! Ruszy\u0142o w\u0142a\u015bnie g\u0142osowanie na smak tej edycji.\" \/>\n<meta name=\"robots\" content=\"index, follow, max-snippet:-1, max-image-preview:large, max-video-preview:-1\" \/>\n<link rel=\"canonical\" href=\"https:\/\/gorzow.news\/index.php\/2025\/02\/04\/jest-juz-termin-tegorocznego-nocnego-szlaku-kulinarnego-teraz-czas-wybrac-jego-bohatera-sliwka-czy-pomidor\/\" \/>\n<meta property=\"og:locale\" content=\"pl_PL\" \/>\n<meta property=\"og:type\" content=\"article\" \/>\n<meta property=\"og:title\" content=\"Jest ju\u017c termin tegorocznego Nocnego Szlaku Kulinarnego. Teraz czas wybra\u0107 jego bohatera! \u015aliwka czy pomidor? - Gorz\u00f3w News\" \/>\n<meta property=\"og:description\" content=\"Tegoroczny Nocny Szlak Kulinarny odb\u0119dzie si\u0119 w dniach 29-30 sierpnia 2025! Ruszy\u0142o w\u0142a\u015bnie g\u0142osowanie na smak tej edycji.\" \/>\n<meta property=\"og:url\" content=\"https:\/\/gorzow.news\/index.php\/2025\/02\/04\/jest-juz-termin-tegorocznego-nocnego-szlaku-kulinarnego-teraz-czas-wybrac-jego-bohatera-sliwka-czy-pomidor\/\" \/>\n<meta property=\"og:site_name\" content=\"Gorz\u00f3w News\" \/>\n<meta property=\"article:publisher\" content=\"https:\/\/www.facebook.com\/gorzowskinews\" \/>\n<meta property=\"article:published_time\" content=\"2025-02-04T15:10:00+00:00\" \/>\n<meta property=\"article:modified_time\" content=\"2025-02-04T18:48:32+00:00\" \/>\n<meta property=\"og:image\" content=\"https:\/\/gorzow.news\/wp-content\/uploads\/2025\/02\/cropped-akt-fotob-7128.jpg\" \/>\n\t<meta property=\"og:image:width\" content=\"1080\" \/>\n\t<meta property=\"og:image:height\" content=\"680\" \/>\n\t<meta property=\"og:image:type\" content=\"image\/jpeg\" \/>\n<meta name=\"author\" content=\"maciej\" \/>\n<meta name=\"twitter:card\" content=\"summary_large_image\" \/>\n<meta name=\"twitter:label1\" content=\"Napisane przez\" \/>\n\t<meta name=\"twitter:data1\" content=\"maciej\" \/>\n\t<meta name=\"twitter:label2\" content=\"Szacowany czas czytania\" \/>\n\t<meta name=\"twitter:data2\" content=\"1 minuta\" \/>\n<script type=\"application\/ld+json\" class=\"yoast-schema-graph\">{\"@context\":\"https:\\\/\\\/schema.org\",\"@graph\":[{\"@type\":\"Article\",\"@id\":\"https:\\\/\\\/gorzow.news\\\/index.php\\\/2025\\\/02\\\/04\\\/jest-juz-termin-tegorocznego-nocnego-szlaku-kulinarnego-teraz-czas-wybrac-jego-bohatera-sliwka-czy-pomidor\\\/#article\",\"isPartOf\":{\"@id\":\"https:\\\/\\\/gorzow.news\\\/index.php\\\/2025\\\/02\\\/04\\\/jest-juz-termin-tegorocznego-nocnego-szlaku-kulinarnego-teraz-czas-wybrac-jego-bohatera-sliwka-czy-pomidor\\\/\"},\"author\":{\"name\":\"maciej\",\"@id\":\"https:\\\/\\\/gorzow.news\\\/#\\\/schema\\\/person\\\/a1e5ab43166369f2ce236a1cd90995bb\"},\"headline\":\"Jest ju\u017c termin tegorocznego Nocnego Szlaku Kulinarnego. Teraz czas wybra\u0107 jego bohatera! \u015aliwka czy pomidor?\",\"datePublished\":\"2025-02-04T15:10:00+00:00\",\"dateModified\":\"2025-02-04T18:48:32+00:00\",\"mainEntityOfPage\":{\"@id\":\"https:\\\/\\\/gorzow.news\\\/index.php\\\/2025\\\/02\\\/04\\\/jest-juz-termin-tegorocznego-nocnego-szlaku-kulinarnego-teraz-czas-wybrac-jego-bohatera-sliwka-czy-pomidor\\\/\"},\"wordCount\":94,\"commentCount\":0,\"image\":{\"@id\":\"https:\\\/\\\/gorzow.news\\\/index.php\\\/2025\\\/02\\\/04\\\/jest-juz-termin-tegorocznego-nocnego-szlaku-kulinarnego-teraz-czas-wybrac-jego-bohatera-sliwka-czy-pomidor\\\/#primaryimage\"},\"thumbnailUrl\":\"https:\\\/\\\/gorzow.news\\\/wp-content\\\/uploads\\\/2025\\\/02\\\/cropped-akt-fotob-7128.jpg\",\"keywords\":[\"Nocny Szlak Kulinarny\"],\"articleSection\":[\"Rozrywka\",\"Wiadomo\u015bci\"],\"inLanguage\":\"pl-PL\",\"potentialAction\":[{\"@type\":\"CommentAction\",\"name\":\"Comment\",\"target\":[\"https:\\\/\\\/gorzow.news\\\/index.php\\\/2025\\\/02\\\/04\\\/jest-juz-termin-tegorocznego-nocnego-szlaku-kulinarnego-teraz-czas-wybrac-jego-bohatera-sliwka-czy-pomidor\\\/#respond\"]}]},{\"@type\":\"WebPage\",\"@id\":\"https:\\\/\\\/gorzow.news\\\/index.php\\\/2025\\\/02\\\/04\\\/jest-juz-termin-tegorocznego-nocnego-szlaku-kulinarnego-teraz-czas-wybrac-jego-bohatera-sliwka-czy-pomidor\\\/\",\"url\":\"https:\\\/\\\/gorzow.news\\\/index.php\\\/2025\\\/02\\\/04\\\/jest-juz-termin-tegorocznego-nocnego-szlaku-kulinarnego-teraz-czas-wybrac-jego-bohatera-sliwka-czy-pomidor\\\/\",\"name\":\"Jest ju\u017c termin tegorocznego Nocnego Szlaku Kulinarnego. Teraz czas wybra\u0107 jego bohatera! \u015aliwka czy pomidor? - Gorz\u00f3w News\",\"isPartOf\":{\"@id\":\"https:\\\/\\\/gorzow.news\\\/#website\"},\"primaryImageOfPage\":{\"@id\":\"https:\\\/\\\/gorzow.news\\\/index.php\\\/2025\\\/02\\\/04\\\/jest-juz-termin-tegorocznego-nocnego-szlaku-kulinarnego-teraz-czas-wybrac-jego-bohatera-sliwka-czy-pomidor\\\/#primaryimage\"},\"image\":{\"@id\":\"https:\\\/\\\/gorzow.news\\\/index.php\\\/2025\\\/02\\\/04\\\/jest-juz-termin-tegorocznego-nocnego-szlaku-kulinarnego-teraz-czas-wybrac-jego-bohatera-sliwka-czy-pomidor\\\/#primaryimage\"},\"thumbnailUrl\":\"https:\\\/\\\/gorzow.news\\\/wp-content\\\/uploads\\\/2025\\\/02\\\/cropped-akt-fotob-7128.jpg\",\"datePublished\":\"2025-02-04T15:10:00+00:00\",\"dateModified\":\"2025-02-04T18:48:32+00:00\",\"author\":{\"@id\":\"https:\\\/\\\/gorzow.news\\\/#\\\/schema\\\/person\\\/a1e5ab43166369f2ce236a1cd90995bb\"},\"description\":\"Tegoroczny Nocny Szlak Kulinarny odb\u0119dzie si\u0119 w dniach 29-30 sierpnia 2025! Ruszy\u0142o w\u0142a\u015bnie g\u0142osowanie na smak tej edycji.\",\"breadcrumb\":{\"@id\":\"https:\\\/\\\/gorzow.news\\\/index.php\\\/2025\\\/02\\\/04\\\/jest-juz-termin-tegorocznego-nocnego-szlaku-kulinarnego-teraz-czas-wybrac-jego-bohatera-sliwka-czy-pomidor\\\/#breadcrumb\"},\"inLanguage\":\"pl-PL\",\"potentialAction\":[{\"@type\":\"ReadAction\",\"target\":[\"https:\\\/\\\/gorzow.news\\\/index.php\\\/2025\\\/02\\\/04\\\/jest-juz-termin-tegorocznego-nocnego-szlaku-kulinarnego-teraz-czas-wybrac-jego-bohatera-sliwka-czy-pomidor\\\/\"]}]},{\"@type\":\"ImageObject\",\"inLanguage\":\"pl-PL\",\"@id\":\"https:\\\/\\\/gorzow.news\\\/index.php\\\/2025\\\/02\\\/04\\\/jest-juz-termin-tegorocznego-nocnego-szlaku-kulinarnego-teraz-czas-wybrac-jego-bohatera-sliwka-czy-pomidor\\\/#primaryimage\",\"url\":\"https:\\\/\\\/gorzow.news\\\/wp-content\\\/uploads\\\/2025\\\/02\\\/cropped-akt-fotob-7128.jpg\",\"contentUrl\":\"https:\\\/\\\/gorzow.news\\\/wp-content\\\/uploads\\\/2025\\\/02\\\/cropped-akt-fotob-7128.jpg\",\"width\":1080,\"height\":680},{\"@type\":\"BreadcrumbList\",\"@id\":\"https:\\\/\\\/gorzow.news\\\/index.php\\\/2025\\\/02\\\/04\\\/jest-juz-termin-tegorocznego-nocnego-szlaku-kulinarnego-teraz-czas-wybrac-jego-bohatera-sliwka-czy-pomidor\\\/#breadcrumb\",\"itemListElement\":[{\"@type\":\"ListItem\",\"position\":1,\"name\":\"Home\",\"item\":\"https:\\\/\\\/gorzow.news\\\/\"},{\"@type\":\"ListItem\",\"position\":2,\"name\":\"Jest ju\u017c termin tegorocznego Nocnego Szlaku Kulinarnego. Teraz czas wybra\u0107 jego bohatera! \u015aliwka czy pomidor?\"}]},{\"@type\":\"WebSite\",\"@id\":\"https:\\\/\\\/gorzow.news\\\/#website\",\"url\":\"https:\\\/\\\/gorzow.news\\\/\",\"name\":\"Gorz\u00f3w News\",\"description\":\"Sp\u00f3jrz inaczej na miato i region...\",\"potentialAction\":[{\"@type\":\"SearchAction\",\"target\":{\"@type\":\"EntryPoint\",\"urlTemplate\":\"https:\\\/\\\/gorzow.news\\\/?s={search_term_string}\"},\"query-input\":{\"@type\":\"PropertyValueSpecification\",\"valueRequired\":true,\"valueName\":\"search_term_string\"}}],\"inLanguage\":\"pl-PL\"},{\"@type\":\"Person\",\"@id\":\"https:\\\/\\\/gorzow.news\\\/#\\\/schema\\\/person\\\/a1e5ab43166369f2ce236a1cd90995bb\",\"name\":\"maciej\",\"image\":{\"@type\":\"ImageObject\",\"inLanguage\":\"pl-PL\",\"@id\":\"https:\\\/\\\/secure.gravatar.com\\\/avatar\\\/530a674d56ba60cfa0ef21d74e8e8d123a51bb7aa6580465b5c2ab2c2e980a19?s=96&r=g&d=https:\\\/\\\/gorzow.news\\\/wp-content\\\/plugins\\\/userswp\\\/assets\\\/images\\\/no_profile.png\",\"url\":\"https:\\\/\\\/secure.gravatar.com\\\/avatar\\\/530a674d56ba60cfa0ef21d74e8e8d123a51bb7aa6580465b5c2ab2c2e980a19?s=96&r=g&d=https:\\\/\\\/gorzow.news\\\/wp-content\\\/plugins\\\/userswp\\\/assets\\\/images\\\/no_profile.png\",\"contentUrl\":\"https:\\\/\\\/secure.gravatar.com\\\/avatar\\\/530a674d56ba60cfa0ef21d74e8e8d123a51bb7aa6580465b5c2ab2c2e980a19?s=96&r=g&d=https:\\\/\\\/gorzow.news\\\/wp-content\\\/plugins\\\/userswp\\\/assets\\\/images\\\/no_profile.png\",\"caption\":\"maciej\"},\"url\":\"https:\\\/\\\/gorzow.news\\\/index.php\\\/profile\\\/maciej\\\/\"}]}<\/script>\n<!-- \/ Yoast SEO plugin. -->","yoast_head_json":{"title":"Jest ju\u017c termin tegorocznego Nocnego Szlaku Kulinarnego. Teraz czas wybra\u0107 jego bohatera! \u015aliwka czy pomidor? - Gorz\u00f3w News","description":"Tegoroczny Nocny Szlak Kulinarny odb\u0119dzie si\u0119 w dniach 29-30 sierpnia 2025! Ruszy\u0142o w\u0142a\u015bnie g\u0142osowanie na smak tej edycji.","robots":{"index":"index","follow":"follow","max-snippet":"max-snippet:-1","max-image-preview":"max-image-preview:large","max-video-preview":"max-video-preview:-1"},"canonical":"https:\/\/gorzow.news\/index.php\/2025\/02\/04\/jest-juz-termin-tegorocznego-nocnego-szlaku-kulinarnego-teraz-czas-wybrac-jego-bohatera-sliwka-czy-pomidor\/","og_locale":"pl_PL","og_type":"article","og_title":"Jest ju\u017c termin tegorocznego Nocnego Szlaku Kulinarnego. Teraz czas wybra\u0107 jego bohatera! \u015aliwka czy pomidor? - Gorz\u00f3w News","og_description":"Tegoroczny Nocny Szlak Kulinarny odb\u0119dzie si\u0119 w dniach 29-30 sierpnia 2025! Ruszy\u0142o w\u0142a\u015bnie g\u0142osowanie na smak tej edycji.","og_url":"https:\/\/gorzow.news\/index.php\/2025\/02\/04\/jest-juz-termin-tegorocznego-nocnego-szlaku-kulinarnego-teraz-czas-wybrac-jego-bohatera-sliwka-czy-pomidor\/","og_site_name":"Gorz\u00f3w News","article_publisher":"https:\/\/www.facebook.com\/gorzowskinews","article_published_time":"2025-02-04T15:10:00+00:00","article_modified_time":"2025-02-04T18:48:32+00:00","og_image":[{"width":1080,"height":680,"url":"https:\/\/gorzow.news\/wp-content\/uploads\/2025\/02\/cropped-akt-fotob-7128.jpg","type":"image\/jpeg"}],"author":"maciej","twitter_card":"summary_large_image","twitter_misc":{"Napisane przez":"maciej","Szacowany czas czytania":"1 minuta"},"schema":{"@context":"https:\/\/schema.org","@graph":[{"@type":"Article","@id":"https:\/\/gorzow.news\/index.php\/2025\/02\/04\/jest-juz-termin-tegorocznego-nocnego-szlaku-kulinarnego-teraz-czas-wybrac-jego-bohatera-sliwka-czy-pomidor\/#article","isPartOf":{"@id":"https:\/\/gorzow.news\/index.php\/2025\/02\/04\/jest-juz-termin-tegorocznego-nocnego-szlaku-kulinarnego-teraz-czas-wybrac-jego-bohatera-sliwka-czy-pomidor\/"},"author":{"name":"maciej","@id":"https:\/\/gorzow.news\/#\/schema\/person\/a1e5ab43166369f2ce236a1cd90995bb"},"headline":"Jest ju\u017c termin tegorocznego Nocnego Szlaku Kulinarnego. Teraz czas wybra\u0107 jego bohatera! \u015aliwka czy pomidor?","datePublished":"2025-02-04T15:10:00+00:00","dateModified":"2025-02-04T18:48:32+00:00","mainEntityOfPage":{"@id":"https:\/\/gorzow.news\/index.php\/2025\/02\/04\/jest-juz-termin-tegorocznego-nocnego-szlaku-kulinarnego-teraz-czas-wybrac-jego-bohatera-sliwka-czy-pomidor\/"},"wordCount":94,"commentCount":0,"image":{"@id":"https:\/\/gorzow.news\/index.php\/2025\/02\/04\/jest-juz-termin-tegorocznego-nocnego-szlaku-kulinarnego-teraz-czas-wybrac-jego-bohatera-sliwka-czy-pomidor\/#primaryimage"},"thumbnailUrl":"https:\/\/gorzow.news\/wp-content\/uploads\/2025\/02\/cropped-akt-fotob-7128.jpg","keywords":["Nocny Szlak Kulinarny"],"articleSection":["Rozrywka","Wiadomo\u015bci"],"inLanguage":"pl-PL","potentialAction":[{"@type":"CommentAction","name":"Comment","target":["https:\/\/gorzow.news\/index.php\/2025\/02\/04\/jest-juz-termin-tegorocznego-nocnego-szlaku-kulinarnego-teraz-czas-wybrac-jego-bohatera-sliwka-czy-pomidor\/#respond"]}]},{"@type":"WebPage","@id":"https:\/\/gorzow.news\/index.php\/2025\/02\/04\/jest-juz-termin-tegorocznego-nocnego-szlaku-kulinarnego-teraz-czas-wybrac-jego-bohatera-sliwka-czy-pomidor\/","url":"https:\/\/gorzow.news\/index.php\/2025\/02\/04\/jest-juz-termin-tegorocznego-nocnego-szlaku-kulinarnego-teraz-czas-wybrac-jego-bohatera-sliwka-czy-pomidor\/","name":"Jest ju\u017c termin tegorocznego Nocnego Szlaku Kulinarnego. Teraz czas wybra\u0107 jego bohatera! \u015aliwka czy pomidor? - Gorz\u00f3w News","isPartOf":{"@id":"https:\/\/gorzow.news\/#website"},"primaryImageOfPage":{"@id":"https:\/\/gorzow.news\/index.php\/2025\/02\/04\/jest-juz-termin-tegorocznego-nocnego-szlaku-kulinarnego-teraz-czas-wybrac-jego-bohatera-sliwka-czy-pomidor\/#primaryimage"},"image":{"@id":"https:\/\/gorzow.news\/index.php\/2025\/02\/04\/jest-juz-termin-tegorocznego-nocnego-szlaku-kulinarnego-teraz-czas-wybrac-jego-bohatera-sliwka-czy-pomidor\/#primaryimage"},"thumbnailUrl":"https:\/\/gorzow.news\/wp-content\/uploads\/2025\/02\/cropped-akt-fotob-7128.jpg","datePublished":"2025-02-04T15:10:00+00:00","dateModified":"2025-02-04T18:48:32+00:00","author":{"@id":"https:\/\/gorzow.news\/#\/schema\/person\/a1e5ab43166369f2ce236a1cd90995bb"},"description":"Tegoroczny Nocny Szlak Kulinarny odb\u0119dzie si\u0119 w dniach 29-30 sierpnia 2025! Ruszy\u0142o w\u0142a\u015bnie g\u0142osowanie na smak tej edycji.","breadcrumb":{"@id":"https:\/\/gorzow.news\/index.php\/2025\/02\/04\/jest-juz-termin-tegorocznego-nocnego-szlaku-kulinarnego-teraz-czas-wybrac-jego-bohatera-sliwka-czy-pomidor\/#breadcrumb"},"inLanguage":"pl-PL","potentialAction":[{"@type":"ReadAction","target":["https:\/\/gorzow.news\/index.php\/2025\/02\/04\/jest-juz-termin-tegorocznego-nocnego-szlaku-kulinarnego-teraz-czas-wybrac-jego-bohatera-sliwka-czy-pomidor\/"]}]},{"@type":"ImageObject","inLanguage":"pl-PL","@id":"https:\/\/gorzow.news\/index.php\/2025\/02\/04\/jest-juz-termin-tegorocznego-nocnego-szlaku-kulinarnego-teraz-czas-wybrac-jego-bohatera-sliwka-czy-pomidor\/#primaryimage","url":"https:\/\/gorzow.news\/wp-content\/uploads\/2025\/02\/cropped-akt-fotob-7128.jpg","contentUrl":"https:\/\/gorzow.news\/wp-content\/uploads\/2025\/02\/cropped-akt-fotob-7128.jpg","width":1080,"height":680},{"@type":"BreadcrumbList","@id":"https:\/\/gorzow.news\/index.php\/2025\/02\/04\/jest-juz-termin-tegorocznego-nocnego-szlaku-kulinarnego-teraz-czas-wybrac-jego-bohatera-sliwka-czy-pomidor\/#breadcrumb","itemListElement":[{"@type":"ListItem","position":1,"name":"Home","item":"https:\/\/gorzow.news\/"},{"@type":"ListItem","position":2,"name":"Jest ju\u017c termin tegorocznego Nocnego Szlaku Kulinarnego. Teraz czas wybra\u0107 jego bohatera! \u015aliwka czy pomidor?"}]},{"@type":"WebSite","@id":"https:\/\/gorzow.news\/#website","url":"https:\/\/gorzow.news\/","name":"Gorz\u00f3w News","description":"Sp\u00f3jrz inaczej na miato i region...","potentialAction":[{"@type":"SearchAction","target":{"@type":"EntryPoint","urlTemplate":"https:\/\/gorzow.news\/?s={search_term_string}"},"query-input":{"@type":"PropertyValueSpecification","valueRequired":true,"valueName":"search_term_string"}}],"inLanguage":"pl-PL"},{"@type":"Person","@id":"https:\/\/gorzow.news\/#\/schema\/person\/a1e5ab43166369f2ce236a1cd90995bb","name":"maciej","image":{"@type":"ImageObject","inLanguage":"pl-PL","@id":"https:\/\/secure.gravatar.com\/avatar\/530a674d56ba60cfa0ef21d74e8e8d123a51bb7aa6580465b5c2ab2c2e980a19?s=96&r=g&d=https:\/\/gorzow.news\/wp-content\/plugins\/userswp\/assets\/images\/no_profile.png","url":"https:\/\/secure.gravatar.com\/avatar\/530a674d56ba60cfa0ef21d74e8e8d123a51bb7aa6580465b5c2ab2c2e980a19?s=96&r=g&d=https:\/\/gorzow.news\/wp-content\/plugins\/userswp\/assets\/images\/no_profile.png","contentUrl":"https:\/\/secure.gravatar.com\/avatar\/530a674d56ba60cfa0ef21d74e8e8d123a51bb7aa6580465b5c2ab2c2e980a19?s=96&r=g&d=https:\/\/gorzow.news\/wp-content\/plugins\/userswp\/assets\/images\/no_profile.png","caption":"maciej"},"url":"https:\/\/gorzow.news\/index.php\/profile\/maciej\/"}]}},"_links":{"self":[{"href":"https:\/\/gorzow.news\/index.php\/wp-json\/wp\/v2\/posts\/29274","targetHints":{"allow":["GET"]}}],"collection":[{"href":"https:\/\/gorzow.news\/index.php\/wp-json\/wp\/v2\/posts"}],"about":[{"href":"https:\/\/gorzow.news\/index.php\/wp-json\/wp\/v2\/types\/post"}],"author":[{"embeddable":true,"href":"https:\/\/gorzow.news\/index.php\/wp-json\/wp\/v2\/users\/1"}],"replies":[{"embeddable":true,"href":"https:\/\/gorzow.news\/index.php\/wp-json\/wp\/v2\/comments?post=29274"}],"version-history":[{"count":1,"href":"https:\/\/gorzow.news\/index.php\/wp-json\/wp\/v2\/posts\/29274\/revisions"}],"predecessor-version":[{"id":29277,"href":"https:\/\/gorzow.news\/index.php\/wp-json\/wp\/v2\/posts\/29274\/revisions\/29277"}],"wp:featuredmedia":[{"embeddable":true,"href":"https:\/\/gorzow.news\/index.php\/wp-json\/wp\/v2\/media\/29276"}],"wp:attachment":[{"href":"https:\/\/gorzow.news\/index.php\/wp-json\/wp\/v2\/media?parent=29274"}],"wp:term":[{"taxonomy":"category","embeddable":true,"href":"https:\/\/gorzow.news\/index.php\/wp-json\/wp\/v2\/categories?post=29274"},{"taxonomy":"post_tag","embeddable":true,"href":"https:\/\/gorzow.news\/index.php\/wp-json\/wp\/v2\/tags?post=29274"}],"curies":[{"name":"wp","href":"https:\/\/api.w.org\/{rel}","templated":true}]}}