{"id":2847,"date":"2021-08-25T10:15:16","date_gmt":"2021-08-25T08:15:16","guid":{"rendered":"https:\/\/gorzow.news\/?p=2847"},"modified":"2021-08-25T10:15:19","modified_gmt":"2021-08-25T08:15:19","slug":"ostatnie-dni-prac-na-szczecinskiej-i-mysliborskiej-zdjecia","status":"publish","type":"post","link":"https:\/\/gorzow.news\/index.php\/2021\/08\/25\/ostatnie-dni-prac-na-szczecinskiej-i-mysliborskiej-zdjecia\/","title":{"rendered":"Ostatnie dni prac na Szczeci\u0144skiej i My\u015bliborskiej (zdj\u0119cia)"},"content":{"rendered":"\n<p><strong>Od wczoraj trwa wylewanie \u015bcieralnych warstw asfaltu na brakuj\u0105cych odcinkach ulic Szczeci\u0144skiej i My\u015bliborskiej. Inwestycja w ca\u0142o\u015bci powinna by\u0107 w tym tygodniu zako\u0144czona.<\/strong><\/p>\n\n\n\n<p>Ruch na czteropasmowej ulicy My\u015bliborskiej po wielu miesi\u0105cach op\u00f3\u017anienia uruchomiono 10 sierpnia. Prace trwa\u0142y jednak dalej w miejscach gdzie wcze\u015bniej by\u0142y zorganizowane tymczasowe zjazdy. Zwolni\u0107 trzeba by\u0142o r\u00f3wnie\u017c na odcinku ul. Szczeci\u0144skiej, gdzie trwa\u0142y prace przy poszerzeniu ostatniego odcinka drogi.<\/p>\n\n\n\n<p>Wczoraj przyst\u0105piono do wylewania ostatniej &#8211; \u015bcieralnej warstwy asfaltu we wszystkich brakuj\u0105cych miejscach. Dzi\u015b prace powinny zosta\u0107 zako\u0144czone.<\/p>\n\n\n\n<p>Oznacza, to \u017ce ca\u0142a inwestycja zostanie wreszcie wykonana. Rozbudow\u0119 ul. My\u015bliborskiej do dw\u00f3ch pas\u00f3w w obu kierunkach od ronda Europejskiego do w\u0119z\u0142a z drog\u0105 S3 wykonywa\u0142a firma Budomex S.A. za kwot\u0119 17,8 mln z\u0142. Op\u00f3\u017anienie w inwestycji, kt\u00f3ra mia\u0142a zosta\u0107 oddana w listopadzie 2020 roku, si\u0119gn\u0119\u0142o prawie 9 miesi\u0119cy.<\/p>\n\n\n\n<figure class=\"wp-block-image size-large\"><img loading=\"lazy\" decoding=\"async\" width=\"1024\" height=\"472\" src=\"https:\/\/gorzow.news\/wp-content\/uploads\/2021\/08\/20210824_133646-1024x472.jpg\" alt=\"\" class=\"wp-image-2848\" srcset=\"https:\/\/gorzow.news\/wp-content\/uploads\/2021\/08\/20210824_133646-1024x472.jpg 1024w, https:\/\/gorzow.news\/wp-content\/uploads\/2021\/08\/20210824_133646-300x138.jpg 300w, https:\/\/gorzow.news\/wp-content\/uploads\/2021\/08\/20210824_133646-768x354.jpg 768w, https:\/\/gorzow.news\/wp-content\/uploads\/2021\/08\/20210824_133646-1536x709.jpg 1536w, https:\/\/gorzow.news\/wp-content\/uploads\/2021\/08\/20210824_133646-2048x945.jpg 2048w, https:\/\/gorzow.news\/wp-content\/uploads\/2021\/08\/20210824_133646-696x321.jpg 696w, https:\/\/gorzow.news\/wp-content\/uploads\/2021\/08\/20210824_133646-1068x493.jpg 1068w, https:\/\/gorzow.news\/wp-content\/uploads\/2021\/08\/20210824_133646-1920x886.jpg 1920w\" sizes=\"auto, (max-width: 1024px) 100vw, 1024px\" \/><\/figure>\n\n\n\n<figure class=\"wp-block-image size-large\"><img loading=\"lazy\" decoding=\"async\" width=\"1024\" height=\"472\" src=\"https:\/\/gorzow.news\/wp-content\/uploads\/2021\/08\/20210824_133653-1024x472.jpg\" alt=\"\" class=\"wp-image-2849\" srcset=\"https:\/\/gorzow.news\/wp-content\/uploads\/2021\/08\/20210824_133653-1024x472.jpg 1024w, https:\/\/gorzow.news\/wp-content\/uploads\/2021\/08\/20210824_133653-300x138.jpg 300w, https:\/\/gorzow.news\/wp-content\/uploads\/2021\/08\/20210824_133653-768x354.jpg 768w, https:\/\/gorzow.news\/wp-content\/uploads\/2021\/08\/20210824_133653-1536x709.jpg 1536w, https:\/\/gorzow.news\/wp-content\/uploads\/2021\/08\/20210824_133653-2048x945.jpg 2048w, https:\/\/gorzow.news\/wp-content\/uploads\/2021\/08\/20210824_133653-696x321.jpg 696w, https:\/\/gorzow.news\/wp-content\/uploads\/2021\/08\/20210824_133653-1068x493.jpg 1068w, https:\/\/gorzow.news\/wp-content\/uploads\/2021\/08\/20210824_133653-1920x886.jpg 1920w\" sizes=\"auto, (max-width: 1024px) 100vw, 1024px\" \/><\/figure>\n\n\n\n<figure class=\"wp-block-image size-large\"><img loading=\"lazy\" decoding=\"async\" width=\"1024\" height=\"472\" src=\"https:\/\/gorzow.news\/wp-content\/uploads\/2021\/08\/20210824_1336570-1024x472.jpg\" alt=\"\" class=\"wp-image-2850\" srcset=\"https:\/\/gorzow.news\/wp-content\/uploads\/2021\/08\/20210824_1336570-1024x472.jpg 1024w, https:\/\/gorzow.news\/wp-content\/uploads\/2021\/08\/20210824_1336570-300x138.jpg 300w, https:\/\/gorzow.news\/wp-content\/uploads\/2021\/08\/20210824_1336570-768x354.jpg 768w, https:\/\/gorzow.news\/wp-content\/uploads\/2021\/08\/20210824_1336570-1536x709.jpg 1536w, https:\/\/gorzow.news\/wp-content\/uploads\/2021\/08\/20210824_1336570-2048x945.jpg 2048w, https:\/\/gorzow.news\/wp-content\/uploads\/2021\/08\/20210824_1336570-696x321.jpg 696w, https:\/\/gorzow.news\/wp-content\/uploads\/2021\/08\/20210824_1336570-1068x493.jpg 1068w, https:\/\/gorzow.news\/wp-content\/uploads\/2021\/08\/20210824_1336570-1920x886.jpg 1920w\" sizes=\"auto, (max-width: 1024px) 100vw, 1024px\" \/><\/figure>\n\n\n\n<figure class=\"wp-block-image size-large\"><img loading=\"lazy\" decoding=\"async\" width=\"1024\" height=\"472\" src=\"https:\/\/gorzow.news\/wp-content\/uploads\/2021\/08\/20210824_133703-1024x472.jpg\" alt=\"\" class=\"wp-image-2851\" srcset=\"https:\/\/gorzow.news\/wp-content\/uploads\/2021\/08\/20210824_133703-1024x472.jpg 1024w, https:\/\/gorzow.news\/wp-content\/uploads\/2021\/08\/20210824_133703-300x138.jpg 300w, https:\/\/gorzow.news\/wp-content\/uploads\/2021\/08\/20210824_133703-768x354.jpg 768w, https:\/\/gorzow.news\/wp-content\/uploads\/2021\/08\/20210824_133703-1536x709.jpg 1536w, https:\/\/gorzow.news\/wp-content\/uploads\/2021\/08\/20210824_133703-2048x945.jpg 2048w, https:\/\/gorzow.news\/wp-content\/uploads\/2021\/08\/20210824_133703-696x321.jpg 696w, https:\/\/gorzow.news\/wp-content\/uploads\/2021\/08\/20210824_133703-1068x493.jpg 1068w, https:\/\/gorzow.news\/wp-content\/uploads\/2021\/08\/20210824_133703-1920x886.jpg 1920w\" sizes=\"auto, (max-width: 1024px) 100vw, 1024px\" \/><\/figure>\n\n\n\n<figure class=\"wp-block-image size-large\"><img loading=\"lazy\" decoding=\"async\" width=\"1024\" height=\"472\" src=\"https:\/\/gorzow.news\/wp-content\/uploads\/2021\/08\/20210824_133712-1024x472.jpg\" alt=\"\" class=\"wp-image-2852\" srcset=\"https:\/\/gorzow.news\/wp-content\/uploads\/2021\/08\/20210824_133712-1024x472.jpg 1024w, https:\/\/gorzow.news\/wp-content\/uploads\/2021\/08\/20210824_133712-300x138.jpg 300w, https:\/\/gorzow.news\/wp-content\/uploads\/2021\/08\/20210824_133712-768x354.jpg 768w, https:\/\/gorzow.news\/wp-content\/uploads\/2021\/08\/20210824_133712-1536x709.jpg 1536w, https:\/\/gorzow.news\/wp-content\/uploads\/2021\/08\/20210824_133712-2048x945.jpg 2048w, https:\/\/gorzow.news\/wp-content\/uploads\/2021\/08\/20210824_133712-696x321.jpg 696w, https:\/\/gorzow.news\/wp-content\/uploads\/2021\/08\/20210824_133712-1068x493.jpg 1068w, https:\/\/gorzow.news\/wp-content\/uploads\/2021\/08\/20210824_133712-1920x886.jpg 1920w\" sizes=\"auto, (max-width: 1024px) 100vw, 1024px\" \/><\/figure>\n\n\n\n<figure class=\"wp-block-image size-large\"><img loading=\"lazy\" decoding=\"async\" width=\"1024\" height=\"472\" src=\"https:\/\/gorzow.news\/wp-content\/uploads\/2021\/08\/20210824_133714-1024x472.jpg\" alt=\"\" class=\"wp-image-2853\" srcset=\"https:\/\/gorzow.news\/wp-content\/uploads\/2021\/08\/20210824_133714-1024x472.jpg 1024w, https:\/\/gorzow.news\/wp-content\/uploads\/2021\/08\/20210824_133714-300x138.jpg 300w, https:\/\/gorzow.news\/wp-content\/uploads\/2021\/08\/20210824_133714-768x354.jpg 768w, https:\/\/gorzow.news\/wp-content\/uploads\/2021\/08\/20210824_133714-1536x709.jpg 1536w, https:\/\/gorzow.news\/wp-content\/uploads\/2021\/08\/20210824_133714-2048x945.jpg 2048w, https:\/\/gorzow.news\/wp-content\/uploads\/2021\/08\/20210824_133714-696x321.jpg 696w, https:\/\/gorzow.news\/wp-content\/uploads\/2021\/08\/20210824_133714-1068x493.jpg 1068w, https:\/\/gorzow.news\/wp-content\/uploads\/2021\/08\/20210824_133714-1920x886.jpg 1920w\" sizes=\"auto, (max-width: 1024px) 100vw, 1024px\" \/><\/figure>\n\n\n\n<figure class=\"wp-block-image size-large\"><img loading=\"lazy\" decoding=\"async\" width=\"1024\" height=\"472\" src=\"https:\/\/gorzow.news\/wp-content\/uploads\/2021\/08\/20210824_133717-1024x472.jpg\" alt=\"\" class=\"wp-image-2854\" srcset=\"https:\/\/gorzow.news\/wp-content\/uploads\/2021\/08\/20210824_133717-1024x472.jpg 1024w, https:\/\/gorzow.news\/wp-content\/uploads\/2021\/08\/20210824_133717-300x138.jpg 300w, https:\/\/gorzow.news\/wp-content\/uploads\/2021\/08\/20210824_133717-768x354.jpg 768w, https:\/\/gorzow.news\/wp-content\/uploads\/2021\/08\/20210824_133717-1536x709.jpg 1536w, https:\/\/gorzow.news\/wp-content\/uploads\/2021\/08\/20210824_133717-2048x945.jpg 2048w, https:\/\/gorzow.news\/wp-content\/uploads\/2021\/08\/20210824_133717-696x321.jpg 696w, https:\/\/gorzow.news\/wp-content\/uploads\/2021\/08\/20210824_133717-1068x493.jpg 1068w, https:\/\/gorzow.news\/wp-content\/uploads\/2021\/08\/20210824_133717-1920x886.jpg 1920w\" sizes=\"auto, (max-width: 1024px) 100vw, 1024px\" \/><\/figure>\n","protected":false},"excerpt":{"rendered":"<p>Od wczoraj trwa wylewanie \u015bcieralnych warstw asfaltu na brakuj\u0105cych odcinkach ulic Szczeci\u0144skiej i My\u015bliborskiej. Inwestycja w ca\u0142o\u015bci powinna by\u0107 w tym tygodniu zako\u0144czona.<\/p>\n","protected":false},"author":1,"featured_media":2850,"comment_status":"open","ping_status":"open","sticky":false,"template":"","format":"standard","meta":{"footnotes":"","_links_to":"","_links_to_target":""},"categories":[594,589],"tags":[246,247,369,124],"class_list":{"0":"post-2847","1":"post","2":"type-post","3":"status-publish","4":"format-standard","5":"has-post-thumbnail","7":"category-info-ulice","8":"category-wiadomosci","9":"tag-budomex","10":"tag-mysliborska","11":"tag-s3","12":"tag-szczecinska"},"yoast_head":"<!-- This site is optimized with the Yoast SEO plugin v27.3 - https:\/\/yoast.com\/product\/yoast-seo-wordpress\/ -->\n<title>Ostatnie dni prac na Szczeci\u0144skiej i My\u015bliborskiej (zdj\u0119cia) - Gorz\u00f3w News<\/title>\n<meta name=\"description\" content=\"Od wczoraj trwa wylewanie \u015bcieralnych warstw asfaltu na brakuj\u0105cych odcinkach ulic Szczeci\u0144skiej i My\u015bliborskiej. Inwestycja w ca\u0142o\u015bci powinna b\" \/>\n<meta name=\"robots\" content=\"index, follow, max-snippet:-1, max-image-preview:large, max-video-preview:-1\" \/>\n<link rel=\"canonical\" href=\"https:\/\/gorzow.news\/index.php\/2021\/08\/25\/ostatnie-dni-prac-na-szczecinskiej-i-mysliborskiej-zdjecia\/\" \/>\n<meta property=\"og:locale\" content=\"pl_PL\" \/>\n<meta property=\"og:type\" content=\"article\" \/>\n<meta property=\"og:title\" content=\"Ostatnie dni prac na Szczeci\u0144skiej i My\u015bliborskiej (zdj\u0119cia) - Gorz\u00f3w News\" \/>\n<meta property=\"og:description\" content=\"Od wczoraj trwa wylewanie \u015bcieralnych warstw asfaltu na brakuj\u0105cych odcinkach ulic Szczeci\u0144skiej i My\u015bliborskiej. Inwestycja w ca\u0142o\u015bci powinna b\" \/>\n<meta property=\"og:url\" content=\"https:\/\/gorzow.news\/index.php\/2021\/08\/25\/ostatnie-dni-prac-na-szczecinskiej-i-mysliborskiej-zdjecia\/\" \/>\n<meta property=\"og:site_name\" content=\"Gorz\u00f3w News\" \/>\n<meta property=\"article:publisher\" content=\"https:\/\/www.facebook.com\/gorzowskinews\" \/>\n<meta property=\"article:published_time\" content=\"2021-08-25T08:15:16+00:00\" \/>\n<meta property=\"article:modified_time\" content=\"2021-08-25T08:15:19+00:00\" \/>\n<meta property=\"og:image\" content=\"https:\/\/gorzow.news\/wp-content\/uploads\/2021\/08\/20210824_1336570-scaled.jpg\" \/>\n\t<meta property=\"og:image:width\" content=\"2560\" \/>\n\t<meta property=\"og:image:height\" content=\"1181\" \/>\n\t<meta property=\"og:image:type\" content=\"image\/jpeg\" \/>\n<meta name=\"author\" content=\"maciej\" \/>\n<meta name=\"twitter:card\" content=\"summary_large_image\" \/>\n<meta name=\"twitter:label1\" content=\"Napisane przez\" \/>\n\t<meta name=\"twitter:data1\" content=\"maciej\" \/>\n\t<meta name=\"twitter:label2\" content=\"Szacowany czas czytania\" \/>\n\t<meta name=\"twitter:data2\" content=\"2 minuty\" \/>\n<script type=\"application\/ld+json\" class=\"yoast-schema-graph\">{\"@context\":\"https:\\\/\\\/schema.org\",\"@graph\":[{\"@type\":\"Article\",\"@id\":\"https:\\\/\\\/gorzow.news\\\/index.php\\\/2021\\\/08\\\/25\\\/ostatnie-dni-prac-na-szczecinskiej-i-mysliborskiej-zdjecia\\\/#article\",\"isPartOf\":{\"@id\":\"https:\\\/\\\/gorzow.news\\\/index.php\\\/2021\\\/08\\\/25\\\/ostatnie-dni-prac-na-szczecinskiej-i-mysliborskiej-zdjecia\\\/\"},\"author\":{\"name\":\"maciej\",\"@id\":\"https:\\\/\\\/gorzow.news\\\/#\\\/schema\\\/person\\\/a1e5ab43166369f2ce236a1cd90995bb\"},\"headline\":\"Ostatnie dni prac na Szczeci\u0144skiej i My\u015bliborskiej (zdj\u0119cia)\",\"datePublished\":\"2021-08-25T08:15:16+00:00\",\"dateModified\":\"2021-08-25T08:15:19+00:00\",\"mainEntityOfPage\":{\"@id\":\"https:\\\/\\\/gorzow.news\\\/index.php\\\/2021\\\/08\\\/25\\\/ostatnie-dni-prac-na-szczecinskiej-i-mysliborskiej-zdjecia\\\/\"},\"wordCount\":170,\"commentCount\":0,\"image\":{\"@id\":\"https:\\\/\\\/gorzow.news\\\/index.php\\\/2021\\\/08\\\/25\\\/ostatnie-dni-prac-na-szczecinskiej-i-mysliborskiej-zdjecia\\\/#primaryimage\"},\"thumbnailUrl\":\"https:\\\/\\\/gorzow.news\\\/wp-content\\\/uploads\\\/2021\\\/08\\\/20210824_1336570-scaled.jpg\",\"keywords\":[\"Budomex\",\"My\u015bliborska\",\"S3\",\"Szczeci\u0144ska\"],\"articleSection\":[\"INFOulice\",\"Wiadomo\u015bci\"],\"inLanguage\":\"pl-PL\",\"potentialAction\":[{\"@type\":\"CommentAction\",\"name\":\"Comment\",\"target\":[\"https:\\\/\\\/gorzow.news\\\/index.php\\\/2021\\\/08\\\/25\\\/ostatnie-dni-prac-na-szczecinskiej-i-mysliborskiej-zdjecia\\\/#respond\"]}]},{\"@type\":\"WebPage\",\"@id\":\"https:\\\/\\\/gorzow.news\\\/index.php\\\/2021\\\/08\\\/25\\\/ostatnie-dni-prac-na-szczecinskiej-i-mysliborskiej-zdjecia\\\/\",\"url\":\"https:\\\/\\\/gorzow.news\\\/index.php\\\/2021\\\/08\\\/25\\\/ostatnie-dni-prac-na-szczecinskiej-i-mysliborskiej-zdjecia\\\/\",\"name\":\"Ostatnie dni prac na Szczeci\u0144skiej i My\u015bliborskiej (zdj\u0119cia) - Gorz\u00f3w News\",\"isPartOf\":{\"@id\":\"https:\\\/\\\/gorzow.news\\\/#website\"},\"primaryImageOfPage\":{\"@id\":\"https:\\\/\\\/gorzow.news\\\/index.php\\\/2021\\\/08\\\/25\\\/ostatnie-dni-prac-na-szczecinskiej-i-mysliborskiej-zdjecia\\\/#primaryimage\"},\"image\":{\"@id\":\"https:\\\/\\\/gorzow.news\\\/index.php\\\/2021\\\/08\\\/25\\\/ostatnie-dni-prac-na-szczecinskiej-i-mysliborskiej-zdjecia\\\/#primaryimage\"},\"thumbnailUrl\":\"https:\\\/\\\/gorzow.news\\\/wp-content\\\/uploads\\\/2021\\\/08\\\/20210824_1336570-scaled.jpg\",\"datePublished\":\"2021-08-25T08:15:16+00:00\",\"dateModified\":\"2021-08-25T08:15:19+00:00\",\"author\":{\"@id\":\"https:\\\/\\\/gorzow.news\\\/#\\\/schema\\\/person\\\/a1e5ab43166369f2ce236a1cd90995bb\"},\"description\":\"Od wczoraj trwa wylewanie \u015bcieralnych warstw asfaltu na brakuj\u0105cych odcinkach ulic Szczeci\u0144skiej i My\u015bliborskiej. Inwestycja w ca\u0142o\u015bci powinna by\u0107 w tym tygodniu zako\u0144czona.\",\"breadcrumb\":{\"@id\":\"https:\\\/\\\/gorzow.news\\\/index.php\\\/2021\\\/08\\\/25\\\/ostatnie-dni-prac-na-szczecinskiej-i-mysliborskiej-zdjecia\\\/#breadcrumb\"},\"inLanguage\":\"pl-PL\",\"potentialAction\":[{\"@type\":\"ReadAction\",\"target\":[\"https:\\\/\\\/gorzow.news\\\/index.php\\\/2021\\\/08\\\/25\\\/ostatnie-dni-prac-na-szczecinskiej-i-mysliborskiej-zdjecia\\\/\"]}]},{\"@type\":\"ImageObject\",\"inLanguage\":\"pl-PL\",\"@id\":\"https:\\\/\\\/gorzow.news\\\/index.php\\\/2021\\\/08\\\/25\\\/ostatnie-dni-prac-na-szczecinskiej-i-mysliborskiej-zdjecia\\\/#primaryimage\",\"url\":\"https:\\\/\\\/gorzow.news\\\/wp-content\\\/uploads\\\/2021\\\/08\\\/20210824_1336570-scaled.jpg\",\"contentUrl\":\"https:\\\/\\\/gorzow.news\\\/wp-content\\\/uploads\\\/2021\\\/08\\\/20210824_1336570-scaled.jpg\",\"width\":2560,\"height\":1181},{\"@type\":\"BreadcrumbList\",\"@id\":\"https:\\\/\\\/gorzow.news\\\/index.php\\\/2021\\\/08\\\/25\\\/ostatnie-dni-prac-na-szczecinskiej-i-mysliborskiej-zdjecia\\\/#breadcrumb\",\"itemListElement\":[{\"@type\":\"ListItem\",\"position\":1,\"name\":\"Home\",\"item\":\"https:\\\/\\\/gorzow.news\\\/\"},{\"@type\":\"ListItem\",\"position\":2,\"name\":\"Ostatnie dni prac na Szczeci\u0144skiej i My\u015bliborskiej (zdj\u0119cia)\"}]},{\"@type\":\"WebSite\",\"@id\":\"https:\\\/\\\/gorzow.news\\\/#website\",\"url\":\"https:\\\/\\\/gorzow.news\\\/\",\"name\":\"Gorz\u00f3w News\",\"description\":\"Sp\u00f3jrz inaczej na miato i region...\",\"potentialAction\":[{\"@type\":\"SearchAction\",\"target\":{\"@type\":\"EntryPoint\",\"urlTemplate\":\"https:\\\/\\\/gorzow.news\\\/?s={search_term_string}\"},\"query-input\":{\"@type\":\"PropertyValueSpecification\",\"valueRequired\":true,\"valueName\":\"search_term_string\"}}],\"inLanguage\":\"pl-PL\"},{\"@type\":\"Person\",\"@id\":\"https:\\\/\\\/gorzow.news\\\/#\\\/schema\\\/person\\\/a1e5ab43166369f2ce236a1cd90995bb\",\"name\":\"maciej\",\"image\":{\"@type\":\"ImageObject\",\"inLanguage\":\"pl-PL\",\"@id\":\"https:\\\/\\\/secure.gravatar.com\\\/avatar\\\/530a674d56ba60cfa0ef21d74e8e8d123a51bb7aa6580465b5c2ab2c2e980a19?s=96&r=g&d=https:\\\/\\\/gorzow.news\\\/wp-content\\\/plugins\\\/userswp\\\/assets\\\/images\\\/no_profile.png\",\"url\":\"https:\\\/\\\/secure.gravatar.com\\\/avatar\\\/530a674d56ba60cfa0ef21d74e8e8d123a51bb7aa6580465b5c2ab2c2e980a19?s=96&r=g&d=https:\\\/\\\/gorzow.news\\\/wp-content\\\/plugins\\\/userswp\\\/assets\\\/images\\\/no_profile.png\",\"contentUrl\":\"https:\\\/\\\/secure.gravatar.com\\\/avatar\\\/530a674d56ba60cfa0ef21d74e8e8d123a51bb7aa6580465b5c2ab2c2e980a19?s=96&r=g&d=https:\\\/\\\/gorzow.news\\\/wp-content\\\/plugins\\\/userswp\\\/assets\\\/images\\\/no_profile.png\",\"caption\":\"maciej\"},\"url\":\"https:\\\/\\\/gorzow.news\\\/index.php\\\/profile\\\/maciej\\\/\"}]}<\/script>\n<!-- \/ Yoast SEO plugin. -->","yoast_head_json":{"title":"Ostatnie dni prac na Szczeci\u0144skiej i My\u015bliborskiej (zdj\u0119cia) - Gorz\u00f3w News","description":"Od wczoraj trwa wylewanie \u015bcieralnych warstw asfaltu na brakuj\u0105cych odcinkach ulic Szczeci\u0144skiej i My\u015bliborskiej. Inwestycja w ca\u0142o\u015bci powinna b","robots":{"index":"index","follow":"follow","max-snippet":"max-snippet:-1","max-image-preview":"max-image-preview:large","max-video-preview":"max-video-preview:-1"},"canonical":"https:\/\/gorzow.news\/index.php\/2021\/08\/25\/ostatnie-dni-prac-na-szczecinskiej-i-mysliborskiej-zdjecia\/","og_locale":"pl_PL","og_type":"article","og_title":"Ostatnie dni prac na Szczeci\u0144skiej i My\u015bliborskiej (zdj\u0119cia) - Gorz\u00f3w News","og_description":"Od wczoraj trwa wylewanie \u015bcieralnych warstw asfaltu na brakuj\u0105cych odcinkach ulic Szczeci\u0144skiej i My\u015bliborskiej. Inwestycja w ca\u0142o\u015bci powinna b","og_url":"https:\/\/gorzow.news\/index.php\/2021\/08\/25\/ostatnie-dni-prac-na-szczecinskiej-i-mysliborskiej-zdjecia\/","og_site_name":"Gorz\u00f3w News","article_publisher":"https:\/\/www.facebook.com\/gorzowskinews","article_published_time":"2021-08-25T08:15:16+00:00","article_modified_time":"2021-08-25T08:15:19+00:00","og_image":[{"width":2560,"height":1181,"url":"https:\/\/gorzow.news\/wp-content\/uploads\/2021\/08\/20210824_1336570-scaled.jpg","type":"image\/jpeg"}],"author":"maciej","twitter_card":"summary_large_image","twitter_misc":{"Napisane przez":"maciej","Szacowany czas czytania":"2 minuty"},"schema":{"@context":"https:\/\/schema.org","@graph":[{"@type":"Article","@id":"https:\/\/gorzow.news\/index.php\/2021\/08\/25\/ostatnie-dni-prac-na-szczecinskiej-i-mysliborskiej-zdjecia\/#article","isPartOf":{"@id":"https:\/\/gorzow.news\/index.php\/2021\/08\/25\/ostatnie-dni-prac-na-szczecinskiej-i-mysliborskiej-zdjecia\/"},"author":{"name":"maciej","@id":"https:\/\/gorzow.news\/#\/schema\/person\/a1e5ab43166369f2ce236a1cd90995bb"},"headline":"Ostatnie dni prac na Szczeci\u0144skiej i My\u015bliborskiej (zdj\u0119cia)","datePublished":"2021-08-25T08:15:16+00:00","dateModified":"2021-08-25T08:15:19+00:00","mainEntityOfPage":{"@id":"https:\/\/gorzow.news\/index.php\/2021\/08\/25\/ostatnie-dni-prac-na-szczecinskiej-i-mysliborskiej-zdjecia\/"},"wordCount":170,"commentCount":0,"image":{"@id":"https:\/\/gorzow.news\/index.php\/2021\/08\/25\/ostatnie-dni-prac-na-szczecinskiej-i-mysliborskiej-zdjecia\/#primaryimage"},"thumbnailUrl":"https:\/\/gorzow.news\/wp-content\/uploads\/2021\/08\/20210824_1336570-scaled.jpg","keywords":["Budomex","My\u015bliborska","S3","Szczeci\u0144ska"],"articleSection":["INFOulice","Wiadomo\u015bci"],"inLanguage":"pl-PL","potentialAction":[{"@type":"CommentAction","name":"Comment","target":["https:\/\/gorzow.news\/index.php\/2021\/08\/25\/ostatnie-dni-prac-na-szczecinskiej-i-mysliborskiej-zdjecia\/#respond"]}]},{"@type":"WebPage","@id":"https:\/\/gorzow.news\/index.php\/2021\/08\/25\/ostatnie-dni-prac-na-szczecinskiej-i-mysliborskiej-zdjecia\/","url":"https:\/\/gorzow.news\/index.php\/2021\/08\/25\/ostatnie-dni-prac-na-szczecinskiej-i-mysliborskiej-zdjecia\/","name":"Ostatnie dni prac na Szczeci\u0144skiej i My\u015bliborskiej (zdj\u0119cia) - Gorz\u00f3w News","isPartOf":{"@id":"https:\/\/gorzow.news\/#website"},"primaryImageOfPage":{"@id":"https:\/\/gorzow.news\/index.php\/2021\/08\/25\/ostatnie-dni-prac-na-szczecinskiej-i-mysliborskiej-zdjecia\/#primaryimage"},"image":{"@id":"https:\/\/gorzow.news\/index.php\/2021\/08\/25\/ostatnie-dni-prac-na-szczecinskiej-i-mysliborskiej-zdjecia\/#primaryimage"},"thumbnailUrl":"https:\/\/gorzow.news\/wp-content\/uploads\/2021\/08\/20210824_1336570-scaled.jpg","datePublished":"2021-08-25T08:15:16+00:00","dateModified":"2021-08-25T08:15:19+00:00","author":{"@id":"https:\/\/gorzow.news\/#\/schema\/person\/a1e5ab43166369f2ce236a1cd90995bb"},"description":"Od wczoraj trwa wylewanie \u015bcieralnych warstw asfaltu na brakuj\u0105cych odcinkach ulic Szczeci\u0144skiej i My\u015bliborskiej. Inwestycja w ca\u0142o\u015bci powinna by\u0107 w tym tygodniu zako\u0144czona.","breadcrumb":{"@id":"https:\/\/gorzow.news\/index.php\/2021\/08\/25\/ostatnie-dni-prac-na-szczecinskiej-i-mysliborskiej-zdjecia\/#breadcrumb"},"inLanguage":"pl-PL","potentialAction":[{"@type":"ReadAction","target":["https:\/\/gorzow.news\/index.php\/2021\/08\/25\/ostatnie-dni-prac-na-szczecinskiej-i-mysliborskiej-zdjecia\/"]}]},{"@type":"ImageObject","inLanguage":"pl-PL","@id":"https:\/\/gorzow.news\/index.php\/2021\/08\/25\/ostatnie-dni-prac-na-szczecinskiej-i-mysliborskiej-zdjecia\/#primaryimage","url":"https:\/\/gorzow.news\/wp-content\/uploads\/2021\/08\/20210824_1336570-scaled.jpg","contentUrl":"https:\/\/gorzow.news\/wp-content\/uploads\/2021\/08\/20210824_1336570-scaled.jpg","width":2560,"height":1181},{"@type":"BreadcrumbList","@id":"https:\/\/gorzow.news\/index.php\/2021\/08\/25\/ostatnie-dni-prac-na-szczecinskiej-i-mysliborskiej-zdjecia\/#breadcrumb","itemListElement":[{"@type":"ListItem","position":1,"name":"Home","item":"https:\/\/gorzow.news\/"},{"@type":"ListItem","position":2,"name":"Ostatnie dni prac na Szczeci\u0144skiej i My\u015bliborskiej (zdj\u0119cia)"}]},{"@type":"WebSite","@id":"https:\/\/gorzow.news\/#website","url":"https:\/\/gorzow.news\/","name":"Gorz\u00f3w News","description":"Sp\u00f3jrz inaczej na miato i region...","potentialAction":[{"@type":"SearchAction","target":{"@type":"EntryPoint","urlTemplate":"https:\/\/gorzow.news\/?s={search_term_string}"},"query-input":{"@type":"PropertyValueSpecification","valueRequired":true,"valueName":"search_term_string"}}],"inLanguage":"pl-PL"},{"@type":"Person","@id":"https:\/\/gorzow.news\/#\/schema\/person\/a1e5ab43166369f2ce236a1cd90995bb","name":"maciej","image":{"@type":"ImageObject","inLanguage":"pl-PL","@id":"https:\/\/secure.gravatar.com\/avatar\/530a674d56ba60cfa0ef21d74e8e8d123a51bb7aa6580465b5c2ab2c2e980a19?s=96&r=g&d=https:\/\/gorzow.news\/wp-content\/plugins\/userswp\/assets\/images\/no_profile.png","url":"https:\/\/secure.gravatar.com\/avatar\/530a674d56ba60cfa0ef21d74e8e8d123a51bb7aa6580465b5c2ab2c2e980a19?s=96&r=g&d=https:\/\/gorzow.news\/wp-content\/plugins\/userswp\/assets\/images\/no_profile.png","contentUrl":"https:\/\/secure.gravatar.com\/avatar\/530a674d56ba60cfa0ef21d74e8e8d123a51bb7aa6580465b5c2ab2c2e980a19?s=96&r=g&d=https:\/\/gorzow.news\/wp-content\/plugins\/userswp\/assets\/images\/no_profile.png","caption":"maciej"},"url":"https:\/\/gorzow.news\/index.php\/profile\/maciej\/"}]}},"_links":{"self":[{"href":"https:\/\/gorzow.news\/index.php\/wp-json\/wp\/v2\/posts\/2847","targetHints":{"allow":["GET"]}}],"collection":[{"href":"https:\/\/gorzow.news\/index.php\/wp-json\/wp\/v2\/posts"}],"about":[{"href":"https:\/\/gorzow.news\/index.php\/wp-json\/wp\/v2\/types\/post"}],"author":[{"embeddable":true,"href":"https:\/\/gorzow.news\/index.php\/wp-json\/wp\/v2\/users\/1"}],"replies":[{"embeddable":true,"href":"https:\/\/gorzow.news\/index.php\/wp-json\/wp\/v2\/comments?post=2847"}],"version-history":[{"count":0,"href":"https:\/\/gorzow.news\/index.php\/wp-json\/wp\/v2\/posts\/2847\/revisions"}],"wp:featuredmedia":[{"embeddable":true,"href":"https:\/\/gorzow.news\/index.php\/wp-json\/wp\/v2\/media\/2850"}],"wp:attachment":[{"href":"https:\/\/gorzow.news\/index.php\/wp-json\/wp\/v2\/media?parent=2847"}],"wp:term":[{"taxonomy":"category","embeddable":true,"href":"https:\/\/gorzow.news\/index.php\/wp-json\/wp\/v2\/categories?post=2847"},{"taxonomy":"post_tag","embeddable":true,"href":"https:\/\/gorzow.news\/index.php\/wp-json\/wp\/v2\/tags?post=2847"}],"curies":[{"name":"wp","href":"https:\/\/api.w.org\/{rel}","templated":true}]}}