{"id":28149,"date":"2024-12-12T08:38:16","date_gmt":"2024-12-12T07:38:16","guid":{"rendered":"https:\/\/gorzow.news\/?p=28149"},"modified":"2024-12-12T08:38:17","modified_gmt":"2024-12-12T07:38:17","slug":"listonosz-juz-nie-zapuka-z-listem-poleconym-koniec-z-awizami-w-skrzynce-zmiany-na-poczcie-polskiej","status":"publish","type":"post","link":"https:\/\/gorzow.news\/index.php\/2024\/12\/12\/listonosz-juz-nie-zapuka-z-listem-poleconym-koniec-z-awizami-w-skrzynce-zmiany-na-poczcie-polskiej\/","title":{"rendered":"Listonosz ju\u017c nie zapuka z listem poleconym? Koniec z awizami w skrzynce? Zmiany na Poczcie Polskiej!"},"content":{"rendered":"\n<p><strong>Od 1 stycznia 2025 r. list polecony z urz\u0119du b\u0119dzie mo\u017cna odebra\u0107 przez internet, a to za spraw\u0105 systemu e-Dor\u0119cze\u0144. Czym jest taka us\u0142uga, kto b\u0119dzie mia\u0142 obowi\u0105zek korzystania z e-Dor\u0119cze\u0144 i w jaki spos\u00f3b j\u0105 aktywowa\u0107?<\/strong><\/p>\n\n\n\n<p>Us\u0142uga e-Dor\u0119czenia to elektroniczny odpowiednik listu poleconego za potwierdzeniem odbioru, kt\u00f3ra zosta\u0142a uruchomiona w pa\u017adzierniku 2021 r. przez Poczt\u0119 Polsk\u0105. Dzi\u0119ki temu mo\u017cliwe jest wysy\u0142anie i odbieranie elektronicznych dokument\u00f3w z potwierdzeniem nadania i odbioru z ka\u017cdego miejsca posiadaj\u0105cego dost\u0119p do internetu.<\/p>\n\n\n\n<p>&#8222;Zamiast awiza, fizycznego odbierania i wysy\u0142ania list\u00f3w poleconych w urz\u0119dzie pocztowym oraz archiwizowania papierowej korespondencji, dzi\u015b mo\u017cna dokona\u0107 tego w formie elektronicznej&#8221; &#8211; informuje Poczta Polska.<\/p>\n\n\n\n<p>Us\u0142uga e-Dor\u0119cze\u0144 jest bezp\u0142atna i docelowo ma zast\u0105pi\u0107 korespondencj\u0119 realizowan\u0105 przez Elektroniczn\u0105 Platform\u0119 Us\u0142ug Administracji Publicznej (ePUAP).<\/p>\n\n\n\n<p>&#8222;Us\u0142uga dzia\u0142a podobnie do poczty e-mail, ale jest o wiele bezpieczniejsza. Dzi\u0119ki unikalnym adresom do dor\u0119cze\u0144 elektronicznych (ADE), nadawanym na wniosek przez Ministra Cyfryzacji, mamy pewno\u015b\u0107, \u017ce korespondujemy z w\u0142a\u015bciwym adresatem&#8221; &#8211; przekaza\u0142a Poczta Polska.<\/p>\n\n\n\n<p><strong>Kto b\u0119dzie zobowi\u0105zany do korzystania z e-Dor\u0119cze\u0144?<\/strong><\/p>\n\n\n\n<p>Obowi\u0105zek wysy\u0142ania i odbierania dokument\u00f3w z wykorzystaniem systemu e-Dor\u0119cze\u0144 b\u0119dzie spoczywa\u0142 na podmiotach publicznych, czyli mowa m.in. organach administracji samorz\u0105dowej, jednostkach samorz\u0105du terytorialnego, organach kontroli pa\u0144stwowej i ochrony prawa, s\u0105dach i trybuna\u0142ach.<\/p>\n\n\n\n<p>Ponadto firmy i zawody zaufania publicznego, np. notariusze, radcy prawni, doradcy podatkowi zobowi\u0105zani s\u0105 posiada\u0107 skrzynk\u0119 do dor\u0119cze\u0144 i w zwi\u0105zku w taki w\u0142a\u015bnie spos\u00f3b musz\u0105 odbiera\u0107 korespondencj\u0119 przes\u0142an\u0105 od podmiot\u00f3w publicznych.<\/p>\n\n\n\n<p>Firmy zarejestrowane w KRS i CEiDG r\u00f3wnie\u017c b\u0119d\u0105 zobligowane do posiadania adresu do e-Dor\u0119cze\u0144. Obowi\u0105zek ten b\u0119dzie wprowadzany stopniowo, zgodnie z ustalonym harmonogramem. Taki wym\u00f3g wprowadza Ustawa z dnia 18 listopada 2020 r. o dor\u0119czeniach elektronicznych.<\/p>\n\n\n\n<p><strong>Czy ka\u017cdy musi aktywowa\u0107 us\u0142ug\u0119 e-Dor\u0119cze\u0144?<\/strong><\/p>\n\n\n\n<p>W niekt\u00f3rych mediach powielane s\u0105 b\u0142\u0119dne informacje na temat tego, \u017ce listy polecone z urz\u0119d\u00f3w nie b\u0119d\u0105 ju\u017c dostarczane osobom fizycznym za po\u015brednictwem listonoszy. To nieprawda. Korzystanie z e-Dor\u0119cze\u0144 przez obywateli nie jest to obowi\u0105zkowe.<\/p>\n\n\n\n<p>Rzecz jasna, nic nie stoi na przeszkodzie, by aktywowa\u0107 t\u0119 us\u0142ug\u0119 i z niej korzysta\u0107. W\u00f3wczas listy polecone b\u0119dzie mo\u017cna odbiera\u0107 na w\u0142asnej skrzynce e-mail, zamiast od listonosza lub w plac\u00f3wce poczty.<\/p>\n\n\n\n<p>W ka\u017cdym momencie mo\u017cna r\u00f3wnie\u017c zrezygnowa\u0107 z us\u0142ugi i j\u0105 dezaktywowa\u0107. Osobista skrzynka do e-Dor\u0119cze\u0144 dla obywatela jest wa\u017cna przez 3 lata.<\/p>\n\n\n\n<p>Wniosek o e-Dor\u0119czenia mo\u017ce z\u0142o\u017cy\u0107 ka\u017cdy obywatel, kt\u00f3ry ma profil zaufany lub dow\u00f3d osobisty z warstw\u0105 elektroniczn\u0105 (e-dow\u00f3d). W tym celu musimy przygotowa\u0107 dane kontaktowe &#8211; adres e-mail i adres do korespondencji. Pozosta\u0142e dane pojawi\u0105 si\u0119 automatycznie po zalogowaniu profilem zaufanym.<\/p>\n\n\n\n<p>Uzyskanie adresu do e-Dor\u0119cze\u0144 u publicznego dostawcy us\u0142ugi mo\u017cliwe jest za po\u015brednictwem rz\u0105dowej strony gov.pl (w oknie wyszukiwania nale\u017cy wpisa\u0107 &#8222;e-dor\u0119czenia&#8221;). Je\u017celi wniosek zostanie zaakceptowany, na adres e-mail podany we wniosku otrzymamy informacj\u0119 o utworzeniu adresu do e-Dor\u0119cze\u0144 i konieczno\u015bci aktywacji skrzynki.<\/p>\n\n\n\n<p>Status wniosku mo\u017cna sprawdzi\u0107 na swoim koncie na mObywatel, w zak\u0142adce &#8222;twoje skrzynki&#8221;, wybieraj\u0105c opcj\u0119 &#8222;zarz\u0105dzaj adresami do e-Dor\u0119cze\u0144&#8221;, kt\u00f3ra znajduje si\u0119 w prawym g\u00f3rnym rogu strony.<\/p>\n","protected":false},"excerpt":{"rendered":"<p>Od 1 stycznia 2025 r. list polecony z urz\u0119du b\u0119dzie mo\u017cna odebra\u0107 przez internet, a to za spraw\u0105 systemu e-Dor\u0119cze\u0144. Czym jest taka us\u0142uga, kto b\u0119dzie mia\u0142 obowi\u0105zek korzystania z e-Dor\u0119cze\u0144 i w jaki spos\u00f3b j\u0105 aktywowa\u0107? Us\u0142uga e-Dor\u0119czenia to elektroniczny odpowiednik listu poleconego za potwierdzeniem odbioru, kt\u00f3ra zosta\u0142a uruchomiona w pa\u017adzierniku 2021 r. przez [&hellip;]<\/p>\n","protected":false},"author":1,"featured_media":28150,"comment_status":"open","ping_status":"open","sticky":false,"template":"","format":"standard","meta":{"footnotes":"","_links_to":"","_links_to_target":""},"categories":[597,589],"tags":[439],"class_list":{"0":"post-28149","1":"post","2":"type-post","3":"status-publish","4":"format-standard","5":"has-post-thumbnail","7":"category-fakty-opinie","8":"category-wiadomosci","9":"tag-poczta-polska"},"yoast_head":"<!-- This site is optimized with the Yoast SEO plugin v27.3 - https:\/\/yoast.com\/product\/yoast-seo-wordpress\/ -->\n<title>Listonosz ju\u017c nie zapuka z listem poleconym? Koniec z awizami w skrzynce? Zmiany na Poczcie Polskiej! - Gorz\u00f3w News<\/title>\n<meta name=\"description\" content=\"Od 1 stycznia 2025 r. list polecony z urz\u0119du b\u0119dzie mo\u017cna odebra\u0107 przez internet, a to za spraw\u0105 systemu e-Dor\u0119cze\u0144. Czym jest taka us\u0142uga, kt\" \/>\n<meta name=\"robots\" content=\"index, follow, max-snippet:-1, max-image-preview:large, max-video-preview:-1\" \/>\n<link rel=\"canonical\" href=\"https:\/\/gorzow.news\/index.php\/2024\/12\/12\/listonosz-juz-nie-zapuka-z-listem-poleconym-koniec-z-awizami-w-skrzynce-zmiany-na-poczcie-polskiej\/\" \/>\n<meta property=\"og:locale\" content=\"pl_PL\" \/>\n<meta property=\"og:type\" content=\"article\" \/>\n<meta property=\"og:title\" content=\"Listonosz ju\u017c nie zapuka z listem poleconym? Koniec z awizami w skrzynce? Zmiany na Poczcie Polskiej! - Gorz\u00f3w News\" \/>\n<meta property=\"og:description\" content=\"Od 1 stycznia 2025 r. list polecony z urz\u0119du b\u0119dzie mo\u017cna odebra\u0107 przez internet, a to za spraw\u0105 systemu e-Dor\u0119cze\u0144. Czym jest taka us\u0142uga, kt\" \/>\n<meta property=\"og:url\" content=\"https:\/\/gorzow.news\/index.php\/2024\/12\/12\/listonosz-juz-nie-zapuka-z-listem-poleconym-koniec-z-awizami-w-skrzynce-zmiany-na-poczcie-polskiej\/\" \/>\n<meta property=\"og:site_name\" content=\"Gorz\u00f3w News\" \/>\n<meta property=\"article:publisher\" content=\"https:\/\/www.facebook.com\/gorzowskinews\" \/>\n<meta property=\"article:published_time\" content=\"2024-12-12T07:38:16+00:00\" \/>\n<meta property=\"article:modified_time\" content=\"2024-12-12T07:38:17+00:00\" \/>\n<meta property=\"og:image\" content=\"https:\/\/gorzow.news\/wp-content\/uploads\/2024\/12\/listy.webp\" \/>\n\t<meta property=\"og:image:width\" content=\"1190\" \/>\n\t<meta property=\"og:image:height\" content=\"670\" \/>\n\t<meta property=\"og:image:type\" content=\"image\/webp\" \/>\n<meta name=\"author\" content=\"maciej\" \/>\n<meta name=\"twitter:card\" content=\"summary_large_image\" \/>\n<meta name=\"twitter:label1\" content=\"Napisane przez\" \/>\n\t<meta name=\"twitter:data1\" content=\"maciej\" \/>\n\t<meta name=\"twitter:label2\" content=\"Szacowany czas czytania\" \/>\n\t<meta name=\"twitter:data2\" content=\"4 minuty\" \/>\n<script type=\"application\/ld+json\" class=\"yoast-schema-graph\">{\"@context\":\"https:\\\/\\\/schema.org\",\"@graph\":[{\"@type\":\"Article\",\"@id\":\"https:\\\/\\\/gorzow.news\\\/index.php\\\/2024\\\/12\\\/12\\\/listonosz-juz-nie-zapuka-z-listem-poleconym-koniec-z-awizami-w-skrzynce-zmiany-na-poczcie-polskiej\\\/#article\",\"isPartOf\":{\"@id\":\"https:\\\/\\\/gorzow.news\\\/index.php\\\/2024\\\/12\\\/12\\\/listonosz-juz-nie-zapuka-z-listem-poleconym-koniec-z-awizami-w-skrzynce-zmiany-na-poczcie-polskiej\\\/\"},\"author\":{\"name\":\"maciej\",\"@id\":\"https:\\\/\\\/gorzow.news\\\/#\\\/schema\\\/person\\\/a1e5ab43166369f2ce236a1cd90995bb\"},\"headline\":\"Listonosz ju\u017c nie zapuka z listem poleconym? Koniec z awizami w skrzynce? Zmiany na Poczcie Polskiej!\",\"datePublished\":\"2024-12-12T07:38:16+00:00\",\"dateModified\":\"2024-12-12T07:38:17+00:00\",\"mainEntityOfPage\":{\"@id\":\"https:\\\/\\\/gorzow.news\\\/index.php\\\/2024\\\/12\\\/12\\\/listonosz-juz-nie-zapuka-z-listem-poleconym-koniec-z-awizami-w-skrzynce-zmiany-na-poczcie-polskiej\\\/\"},\"wordCount\":594,\"commentCount\":0,\"image\":{\"@id\":\"https:\\\/\\\/gorzow.news\\\/index.php\\\/2024\\\/12\\\/12\\\/listonosz-juz-nie-zapuka-z-listem-poleconym-koniec-z-awizami-w-skrzynce-zmiany-na-poczcie-polskiej\\\/#primaryimage\"},\"thumbnailUrl\":\"https:\\\/\\\/gorzow.news\\\/wp-content\\\/uploads\\\/2024\\\/12\\\/listy.webp\",\"keywords\":[\"Poczta Polska\"],\"articleSection\":[\"Fakty i opinie\",\"Wiadomo\u015bci\"],\"inLanguage\":\"pl-PL\",\"potentialAction\":[{\"@type\":\"CommentAction\",\"name\":\"Comment\",\"target\":[\"https:\\\/\\\/gorzow.news\\\/index.php\\\/2024\\\/12\\\/12\\\/listonosz-juz-nie-zapuka-z-listem-poleconym-koniec-z-awizami-w-skrzynce-zmiany-na-poczcie-polskiej\\\/#respond\"]}]},{\"@type\":\"WebPage\",\"@id\":\"https:\\\/\\\/gorzow.news\\\/index.php\\\/2024\\\/12\\\/12\\\/listonosz-juz-nie-zapuka-z-listem-poleconym-koniec-z-awizami-w-skrzynce-zmiany-na-poczcie-polskiej\\\/\",\"url\":\"https:\\\/\\\/gorzow.news\\\/index.php\\\/2024\\\/12\\\/12\\\/listonosz-juz-nie-zapuka-z-listem-poleconym-koniec-z-awizami-w-skrzynce-zmiany-na-poczcie-polskiej\\\/\",\"name\":\"Listonosz ju\u017c nie zapuka z listem poleconym? Koniec z awizami w skrzynce? Zmiany na Poczcie Polskiej! - Gorz\u00f3w News\",\"isPartOf\":{\"@id\":\"https:\\\/\\\/gorzow.news\\\/#website\"},\"primaryImageOfPage\":{\"@id\":\"https:\\\/\\\/gorzow.news\\\/index.php\\\/2024\\\/12\\\/12\\\/listonosz-juz-nie-zapuka-z-listem-poleconym-koniec-z-awizami-w-skrzynce-zmiany-na-poczcie-polskiej\\\/#primaryimage\"},\"image\":{\"@id\":\"https:\\\/\\\/gorzow.news\\\/index.php\\\/2024\\\/12\\\/12\\\/listonosz-juz-nie-zapuka-z-listem-poleconym-koniec-z-awizami-w-skrzynce-zmiany-na-poczcie-polskiej\\\/#primaryimage\"},\"thumbnailUrl\":\"https:\\\/\\\/gorzow.news\\\/wp-content\\\/uploads\\\/2024\\\/12\\\/listy.webp\",\"datePublished\":\"2024-12-12T07:38:16+00:00\",\"dateModified\":\"2024-12-12T07:38:17+00:00\",\"author\":{\"@id\":\"https:\\\/\\\/gorzow.news\\\/#\\\/schema\\\/person\\\/a1e5ab43166369f2ce236a1cd90995bb\"},\"description\":\"Od 1 stycznia 2025 r. list polecony z urz\u0119du b\u0119dzie mo\u017cna odebra\u0107 przez internet, a to za spraw\u0105 systemu e-Dor\u0119cze\u0144. Czym jest taka us\u0142uga, kto b\u0119dzie mia\u0142 obowi\u0105zek korzystania z e-Dor\u0119cze\u0144 i w jaki spos\u00f3b j\u0105 aktywowa\u0107?\",\"breadcrumb\":{\"@id\":\"https:\\\/\\\/gorzow.news\\\/index.php\\\/2024\\\/12\\\/12\\\/listonosz-juz-nie-zapuka-z-listem-poleconym-koniec-z-awizami-w-skrzynce-zmiany-na-poczcie-polskiej\\\/#breadcrumb\"},\"inLanguage\":\"pl-PL\",\"potentialAction\":[{\"@type\":\"ReadAction\",\"target\":[\"https:\\\/\\\/gorzow.news\\\/index.php\\\/2024\\\/12\\\/12\\\/listonosz-juz-nie-zapuka-z-listem-poleconym-koniec-z-awizami-w-skrzynce-zmiany-na-poczcie-polskiej\\\/\"]}]},{\"@type\":\"ImageObject\",\"inLanguage\":\"pl-PL\",\"@id\":\"https:\\\/\\\/gorzow.news\\\/index.php\\\/2024\\\/12\\\/12\\\/listonosz-juz-nie-zapuka-z-listem-poleconym-koniec-z-awizami-w-skrzynce-zmiany-na-poczcie-polskiej\\\/#primaryimage\",\"url\":\"https:\\\/\\\/gorzow.news\\\/wp-content\\\/uploads\\\/2024\\\/12\\\/listy.webp\",\"contentUrl\":\"https:\\\/\\\/gorzow.news\\\/wp-content\\\/uploads\\\/2024\\\/12\\\/listy.webp\",\"width\":1190,\"height\":670,\"caption\":\"fot. Poczta Polska\"},{\"@type\":\"BreadcrumbList\",\"@id\":\"https:\\\/\\\/gorzow.news\\\/index.php\\\/2024\\\/12\\\/12\\\/listonosz-juz-nie-zapuka-z-listem-poleconym-koniec-z-awizami-w-skrzynce-zmiany-na-poczcie-polskiej\\\/#breadcrumb\",\"itemListElement\":[{\"@type\":\"ListItem\",\"position\":1,\"name\":\"Home\",\"item\":\"https:\\\/\\\/gorzow.news\\\/\"},{\"@type\":\"ListItem\",\"position\":2,\"name\":\"Listonosz ju\u017c nie zapuka z listem poleconym? Koniec z awizami w skrzynce? Zmiany na Poczcie Polskiej!\"}]},{\"@type\":\"WebSite\",\"@id\":\"https:\\\/\\\/gorzow.news\\\/#website\",\"url\":\"https:\\\/\\\/gorzow.news\\\/\",\"name\":\"Gorz\u00f3w News\",\"description\":\"Sp\u00f3jrz inaczej na miato i region...\",\"potentialAction\":[{\"@type\":\"SearchAction\",\"target\":{\"@type\":\"EntryPoint\",\"urlTemplate\":\"https:\\\/\\\/gorzow.news\\\/?s={search_term_string}\"},\"query-input\":{\"@type\":\"PropertyValueSpecification\",\"valueRequired\":true,\"valueName\":\"search_term_string\"}}],\"inLanguage\":\"pl-PL\"},{\"@type\":\"Person\",\"@id\":\"https:\\\/\\\/gorzow.news\\\/#\\\/schema\\\/person\\\/a1e5ab43166369f2ce236a1cd90995bb\",\"name\":\"maciej\",\"image\":{\"@type\":\"ImageObject\",\"inLanguage\":\"pl-PL\",\"@id\":\"https:\\\/\\\/secure.gravatar.com\\\/avatar\\\/530a674d56ba60cfa0ef21d74e8e8d123a51bb7aa6580465b5c2ab2c2e980a19?s=96&r=g&d=https:\\\/\\\/gorzow.news\\\/wp-content\\\/plugins\\\/userswp\\\/assets\\\/images\\\/no_profile.png\",\"url\":\"https:\\\/\\\/secure.gravatar.com\\\/avatar\\\/530a674d56ba60cfa0ef21d74e8e8d123a51bb7aa6580465b5c2ab2c2e980a19?s=96&r=g&d=https:\\\/\\\/gorzow.news\\\/wp-content\\\/plugins\\\/userswp\\\/assets\\\/images\\\/no_profile.png\",\"contentUrl\":\"https:\\\/\\\/secure.gravatar.com\\\/avatar\\\/530a674d56ba60cfa0ef21d74e8e8d123a51bb7aa6580465b5c2ab2c2e980a19?s=96&r=g&d=https:\\\/\\\/gorzow.news\\\/wp-content\\\/plugins\\\/userswp\\\/assets\\\/images\\\/no_profile.png\",\"caption\":\"maciej\"},\"url\":\"https:\\\/\\\/gorzow.news\\\/index.php\\\/profile\\\/maciej\\\/\"}]}<\/script>\n<!-- \/ Yoast SEO plugin. -->","yoast_head_json":{"title":"Listonosz ju\u017c nie zapuka z listem poleconym? Koniec z awizami w skrzynce? Zmiany na Poczcie Polskiej! - Gorz\u00f3w News","description":"Od 1 stycznia 2025 r. list polecony z urz\u0119du b\u0119dzie mo\u017cna odebra\u0107 przez internet, a to za spraw\u0105 systemu e-Dor\u0119cze\u0144. Czym jest taka us\u0142uga, kt","robots":{"index":"index","follow":"follow","max-snippet":"max-snippet:-1","max-image-preview":"max-image-preview:large","max-video-preview":"max-video-preview:-1"},"canonical":"https:\/\/gorzow.news\/index.php\/2024\/12\/12\/listonosz-juz-nie-zapuka-z-listem-poleconym-koniec-z-awizami-w-skrzynce-zmiany-na-poczcie-polskiej\/","og_locale":"pl_PL","og_type":"article","og_title":"Listonosz ju\u017c nie zapuka z listem poleconym? Koniec z awizami w skrzynce? Zmiany na Poczcie Polskiej! - Gorz\u00f3w News","og_description":"Od 1 stycznia 2025 r. list polecony z urz\u0119du b\u0119dzie mo\u017cna odebra\u0107 przez internet, a to za spraw\u0105 systemu e-Dor\u0119cze\u0144. Czym jest taka us\u0142uga, kt","og_url":"https:\/\/gorzow.news\/index.php\/2024\/12\/12\/listonosz-juz-nie-zapuka-z-listem-poleconym-koniec-z-awizami-w-skrzynce-zmiany-na-poczcie-polskiej\/","og_site_name":"Gorz\u00f3w News","article_publisher":"https:\/\/www.facebook.com\/gorzowskinews","article_published_time":"2024-12-12T07:38:16+00:00","article_modified_time":"2024-12-12T07:38:17+00:00","og_image":[{"width":1190,"height":670,"url":"https:\/\/gorzow.news\/wp-content\/uploads\/2024\/12\/listy.webp","type":"image\/webp"}],"author":"maciej","twitter_card":"summary_large_image","twitter_misc":{"Napisane przez":"maciej","Szacowany czas czytania":"4 minuty"},"schema":{"@context":"https:\/\/schema.org","@graph":[{"@type":"Article","@id":"https:\/\/gorzow.news\/index.php\/2024\/12\/12\/listonosz-juz-nie-zapuka-z-listem-poleconym-koniec-z-awizami-w-skrzynce-zmiany-na-poczcie-polskiej\/#article","isPartOf":{"@id":"https:\/\/gorzow.news\/index.php\/2024\/12\/12\/listonosz-juz-nie-zapuka-z-listem-poleconym-koniec-z-awizami-w-skrzynce-zmiany-na-poczcie-polskiej\/"},"author":{"name":"maciej","@id":"https:\/\/gorzow.news\/#\/schema\/person\/a1e5ab43166369f2ce236a1cd90995bb"},"headline":"Listonosz ju\u017c nie zapuka z listem poleconym? Koniec z awizami w skrzynce? Zmiany na Poczcie Polskiej!","datePublished":"2024-12-12T07:38:16+00:00","dateModified":"2024-12-12T07:38:17+00:00","mainEntityOfPage":{"@id":"https:\/\/gorzow.news\/index.php\/2024\/12\/12\/listonosz-juz-nie-zapuka-z-listem-poleconym-koniec-z-awizami-w-skrzynce-zmiany-na-poczcie-polskiej\/"},"wordCount":594,"commentCount":0,"image":{"@id":"https:\/\/gorzow.news\/index.php\/2024\/12\/12\/listonosz-juz-nie-zapuka-z-listem-poleconym-koniec-z-awizami-w-skrzynce-zmiany-na-poczcie-polskiej\/#primaryimage"},"thumbnailUrl":"https:\/\/gorzow.news\/wp-content\/uploads\/2024\/12\/listy.webp","keywords":["Poczta Polska"],"articleSection":["Fakty i opinie","Wiadomo\u015bci"],"inLanguage":"pl-PL","potentialAction":[{"@type":"CommentAction","name":"Comment","target":["https:\/\/gorzow.news\/index.php\/2024\/12\/12\/listonosz-juz-nie-zapuka-z-listem-poleconym-koniec-z-awizami-w-skrzynce-zmiany-na-poczcie-polskiej\/#respond"]}]},{"@type":"WebPage","@id":"https:\/\/gorzow.news\/index.php\/2024\/12\/12\/listonosz-juz-nie-zapuka-z-listem-poleconym-koniec-z-awizami-w-skrzynce-zmiany-na-poczcie-polskiej\/","url":"https:\/\/gorzow.news\/index.php\/2024\/12\/12\/listonosz-juz-nie-zapuka-z-listem-poleconym-koniec-z-awizami-w-skrzynce-zmiany-na-poczcie-polskiej\/","name":"Listonosz ju\u017c nie zapuka z listem poleconym? Koniec z awizami w skrzynce? Zmiany na Poczcie Polskiej! - Gorz\u00f3w News","isPartOf":{"@id":"https:\/\/gorzow.news\/#website"},"primaryImageOfPage":{"@id":"https:\/\/gorzow.news\/index.php\/2024\/12\/12\/listonosz-juz-nie-zapuka-z-listem-poleconym-koniec-z-awizami-w-skrzynce-zmiany-na-poczcie-polskiej\/#primaryimage"},"image":{"@id":"https:\/\/gorzow.news\/index.php\/2024\/12\/12\/listonosz-juz-nie-zapuka-z-listem-poleconym-koniec-z-awizami-w-skrzynce-zmiany-na-poczcie-polskiej\/#primaryimage"},"thumbnailUrl":"https:\/\/gorzow.news\/wp-content\/uploads\/2024\/12\/listy.webp","datePublished":"2024-12-12T07:38:16+00:00","dateModified":"2024-12-12T07:38:17+00:00","author":{"@id":"https:\/\/gorzow.news\/#\/schema\/person\/a1e5ab43166369f2ce236a1cd90995bb"},"description":"Od 1 stycznia 2025 r. list polecony z urz\u0119du b\u0119dzie mo\u017cna odebra\u0107 przez internet, a to za spraw\u0105 systemu e-Dor\u0119cze\u0144. Czym jest taka us\u0142uga, kto b\u0119dzie mia\u0142 obowi\u0105zek korzystania z e-Dor\u0119cze\u0144 i w jaki spos\u00f3b j\u0105 aktywowa\u0107?","breadcrumb":{"@id":"https:\/\/gorzow.news\/index.php\/2024\/12\/12\/listonosz-juz-nie-zapuka-z-listem-poleconym-koniec-z-awizami-w-skrzynce-zmiany-na-poczcie-polskiej\/#breadcrumb"},"inLanguage":"pl-PL","potentialAction":[{"@type":"ReadAction","target":["https:\/\/gorzow.news\/index.php\/2024\/12\/12\/listonosz-juz-nie-zapuka-z-listem-poleconym-koniec-z-awizami-w-skrzynce-zmiany-na-poczcie-polskiej\/"]}]},{"@type":"ImageObject","inLanguage":"pl-PL","@id":"https:\/\/gorzow.news\/index.php\/2024\/12\/12\/listonosz-juz-nie-zapuka-z-listem-poleconym-koniec-z-awizami-w-skrzynce-zmiany-na-poczcie-polskiej\/#primaryimage","url":"https:\/\/gorzow.news\/wp-content\/uploads\/2024\/12\/listy.webp","contentUrl":"https:\/\/gorzow.news\/wp-content\/uploads\/2024\/12\/listy.webp","width":1190,"height":670,"caption":"fot. Poczta Polska"},{"@type":"BreadcrumbList","@id":"https:\/\/gorzow.news\/index.php\/2024\/12\/12\/listonosz-juz-nie-zapuka-z-listem-poleconym-koniec-z-awizami-w-skrzynce-zmiany-na-poczcie-polskiej\/#breadcrumb","itemListElement":[{"@type":"ListItem","position":1,"name":"Home","item":"https:\/\/gorzow.news\/"},{"@type":"ListItem","position":2,"name":"Listonosz ju\u017c nie zapuka z listem poleconym? Koniec z awizami w skrzynce? Zmiany na Poczcie Polskiej!"}]},{"@type":"WebSite","@id":"https:\/\/gorzow.news\/#website","url":"https:\/\/gorzow.news\/","name":"Gorz\u00f3w News","description":"Sp\u00f3jrz inaczej na miato i region...","potentialAction":[{"@type":"SearchAction","target":{"@type":"EntryPoint","urlTemplate":"https:\/\/gorzow.news\/?s={search_term_string}"},"query-input":{"@type":"PropertyValueSpecification","valueRequired":true,"valueName":"search_term_string"}}],"inLanguage":"pl-PL"},{"@type":"Person","@id":"https:\/\/gorzow.news\/#\/schema\/person\/a1e5ab43166369f2ce236a1cd90995bb","name":"maciej","image":{"@type":"ImageObject","inLanguage":"pl-PL","@id":"https:\/\/secure.gravatar.com\/avatar\/530a674d56ba60cfa0ef21d74e8e8d123a51bb7aa6580465b5c2ab2c2e980a19?s=96&r=g&d=https:\/\/gorzow.news\/wp-content\/plugins\/userswp\/assets\/images\/no_profile.png","url":"https:\/\/secure.gravatar.com\/avatar\/530a674d56ba60cfa0ef21d74e8e8d123a51bb7aa6580465b5c2ab2c2e980a19?s=96&r=g&d=https:\/\/gorzow.news\/wp-content\/plugins\/userswp\/assets\/images\/no_profile.png","contentUrl":"https:\/\/secure.gravatar.com\/avatar\/530a674d56ba60cfa0ef21d74e8e8d123a51bb7aa6580465b5c2ab2c2e980a19?s=96&r=g&d=https:\/\/gorzow.news\/wp-content\/plugins\/userswp\/assets\/images\/no_profile.png","caption":"maciej"},"url":"https:\/\/gorzow.news\/index.php\/profile\/maciej\/"}]}},"_links":{"self":[{"href":"https:\/\/gorzow.news\/index.php\/wp-json\/wp\/v2\/posts\/28149","targetHints":{"allow":["GET"]}}],"collection":[{"href":"https:\/\/gorzow.news\/index.php\/wp-json\/wp\/v2\/posts"}],"about":[{"href":"https:\/\/gorzow.news\/index.php\/wp-json\/wp\/v2\/types\/post"}],"author":[{"embeddable":true,"href":"https:\/\/gorzow.news\/index.php\/wp-json\/wp\/v2\/users\/1"}],"replies":[{"embeddable":true,"href":"https:\/\/gorzow.news\/index.php\/wp-json\/wp\/v2\/comments?post=28149"}],"version-history":[{"count":1,"href":"https:\/\/gorzow.news\/index.php\/wp-json\/wp\/v2\/posts\/28149\/revisions"}],"predecessor-version":[{"id":28151,"href":"https:\/\/gorzow.news\/index.php\/wp-json\/wp\/v2\/posts\/28149\/revisions\/28151"}],"wp:featuredmedia":[{"embeddable":true,"href":"https:\/\/gorzow.news\/index.php\/wp-json\/wp\/v2\/media\/28150"}],"wp:attachment":[{"href":"https:\/\/gorzow.news\/index.php\/wp-json\/wp\/v2\/media?parent=28149"}],"wp:term":[{"taxonomy":"category","embeddable":true,"href":"https:\/\/gorzow.news\/index.php\/wp-json\/wp\/v2\/categories?post=28149"},{"taxonomy":"post_tag","embeddable":true,"href":"https:\/\/gorzow.news\/index.php\/wp-json\/wp\/v2\/tags?post=28149"}],"curies":[{"name":"wp","href":"https:\/\/api.w.org\/{rel}","templated":true}]}}