{"id":27966,"date":"2024-12-02T19:30:00","date_gmt":"2024-12-02T18:30:00","guid":{"rendered":"https:\/\/gorzow.news\/?p=27966"},"modified":"2024-12-02T20:02:31","modified_gmt":"2024-12-02T19:02:31","slug":"umowa-z-wykonawca-centrum-opiekunczo-mieszkalne-podpisana-inwestycja-bedzie-gotowa-na-poczatku-2026-roku","status":"publish","type":"post","link":"https:\/\/gorzow.news\/index.php\/2024\/12\/02\/umowa-z-wykonawca-centrum-opiekunczo-mieszkalne-podpisana-inwestycja-bedzie-gotowa-na-poczatku-2026-roku\/","title":{"rendered":"Umowa z wykonawc\u0105 Centrum Opieku\u0144czo &#8211; Mieszkalne podpisana! Lekko ponad rok na prace"},"content":{"rendered":"\n<p><strong>Firma Drew \u2013 Plast zrealizuje budow\u0119 centrum opieku\u0144czo-mieszkalnego dla os\u00f3b ze szczeg\u00f3lnymi potrzebami. Jego powstanie jest elementem spo\u0142ecznej strategii dla Gorzowa. To miejsce poprawi jako\u015b\u0107 \u017cycia doros\u0142ych os\u00f3b o szczeg\u00f3lnych potrzebach oraz b\u0119dzie wsparciem dla ich najbli\u017cszych.<\/strong><\/p>\n\n\n\n<p>Budynek b\u0119dzie liczy\u0142 jedn\u0105 kondygnacj\u0119 o powierzchni zabudowy ponad 500 m2. \u0141\u0105cznie powstanie tu 20 miejsc dla podopiecznych w ramach pobytu dziennego &#8211; w tym 4 dla os\u00f3b, kt\u00f3re pozostan\u0105 w centrum ca\u0142odobowo.<\/p>\n\n\n\n<p>Budynek Centrum podzielony b\u0119dzie na trzy strefy &#8211; ca\u0142odobow\u0105 (z 4 jednoosobowymi pokojami z \u0142azienkami, pokojem do \u0107wicze\u0144, pomieszczeniami porz\u0105dkowymi); dzienn\u0105 (z miejscem do wypoczynku, wsp\u00f3lnego jedzenia i przygotowywania posi\u0142k\u00f3w czy aktywnego sp\u0119dzania czasu) oraz administracyjno-biurow\u0105 (z pokojem medycznym, pokojem fizjoterapeuty i psychologa). Wraz z inwestycj\u0105 powstanie droga dojazdowa i miejsca postojowe.<\/p>\n\n\n\n<figure class=\"wp-block-image size-full\"><img loading=\"lazy\" decoding=\"async\" width=\"945\" height=\"1024\" src=\"https:\/\/gorzow.news\/wp-content\/uploads\/2024\/12\/centrum-o-p-945x1024-1.jpg\" alt=\"\" class=\"wp-image-27967\" srcset=\"https:\/\/gorzow.news\/wp-content\/uploads\/2024\/12\/centrum-o-p-945x1024-1.jpg 945w, https:\/\/gorzow.news\/wp-content\/uploads\/2024\/12\/centrum-o-p-945x1024-1-277x300.jpg 277w, https:\/\/gorzow.news\/wp-content\/uploads\/2024\/12\/centrum-o-p-945x1024-1-768x832.jpg 768w, https:\/\/gorzow.news\/wp-content\/uploads\/2024\/12\/centrum-o-p-945x1024-1-696x754.jpg 696w, https:\/\/gorzow.news\/wp-content\/uploads\/2024\/12\/centrum-o-p-945x1024-1-135x146.jpg 135w\" sizes=\"auto, (max-width: 945px) 100vw, 945px\" \/><\/figure>\n\n\n\n<p>Rodziny i opiekunowie os\u00f3b ze szczeg\u00f3lnymi potrzebami codziennie staj\u0105 przed wieloma wyzwaniami. Wymaga to od nich du\u017cego zaanga\u017cowania, determinacji oraz dobrej organizacji. W miar\u0119 up\u0142ywaj\u0105cego czasu, gdy opiekunowie ze wzgl\u0119du na wiek sami potrzebuj\u0105 wsparcia lub odchodz\u0105 jako pierwsi, kolejnym wyzwaniem jest zapewnienie dla nich dobrej opieki. Utworzenie Centrum Opieku\u0144czo-Mieszkalnego b\u0119dzie odpowiedzi\u0105 na te potrzeby.<\/p>\n\n\n\n<p>Realizacja inwestycji b\u0119dzie mo\u017cliwa dzi\u0119ki dofinansowaniu z Funduszu Solidarno\u015bciowego, w kwocie niemal 3,5 mln z\u0142otych. Prace zako\u0144cz\u0105 si\u0119 na pocz\u0105tku 2026 roku.<\/p>\n\n\n\r\n                <style type=\"text\/css\">\r\n                    \r\n                    #tdi_1  .td-doubleSlider-2 .td-item1 {\r\n                        background: url(https:\/\/gorzow.news\/wp-content\/uploads\/2024\/03\/com2-1-gorzow.jpg) 0 0 no-repeat;\r\n                    }\r\n                    #tdi_1  .td-doubleSlider-2 .td-item2 {\r\n                        background: url(https:\/\/gorzow.news\/wp-content\/uploads\/2024\/03\/com1-gorzow.jpg) 0 0 no-repeat;\r\n                    }\r\n                    #tdi_1  .td-doubleSlider-2 .td-item3 {\r\n                        background: url(https:\/\/gorzow.news\/wp-content\/uploads\/2024\/03\/com3-gorzow.jpg) 0 0 no-repeat;\r\n                    }\r\n                    #tdi_1  .td-doubleSlider-2 .td-item4 {\r\n                        background: url(https:\/\/gorzow.news\/wp-content\/uploads\/2024\/03\/com4-gorzow.jpg) 0 0 no-repeat;\r\n                    }\r\n                <\/style>\r\n\r\n                <div id=\"tdi_1\" class=\"td-gallery td-slide-on-2-columns\">\r\n                    <div class=\"post_td_gallery\">\r\n                        <div class=\"td-gallery-slide-top\">\r\n                           <div class=\"td-gallery-title\">Projekt Centrum Opieku\u0144czo - Mieszkalnego. Autorska Pracownia Architektury Jakub Koralewski<\/div>\r\n\r\n                            <div class=\"td-gallery-controls-wrapper\">\r\n                                <div class=\"td-gallery-slide-count\"><span class=\"td-gallery-slide-item-focus\">1<\/span> z 4<\/div>\r\n                                <div class=\"td-gallery-slide-prev-next-but\">\r\n                                    <i class = \"td-icon-left doubleSliderPrevButton\"><\/i>\r\n                                    <i class = \"td-icon-right doubleSliderNextButton\"><\/i>\r\n                                <\/div>\r\n                            <\/div>\r\n                        <\/div>\r\n\r\n                        <div class = \"td-doubleSlider-1 \">\r\n                            <div class = \"td-slider\">\r\n                                \r\n                    <div class = \"td-slide-item td-item1\">\r\n                        <figure class=\"td-slide-galery-figure td-slide-popup-gallery\">\r\n                            <a class=\"slide-gallery-image-link\" href=\"https:\/\/gorzow.news\/wp-content\/uploads\/2024\/03\/com2-1-gorzow.jpg\" title=\"\"  data-caption=\"\"  data-description=\"\">\r\n                                <img decoding=\"async\" src=\"https:\/\/gorzow.news\/wp-content\/uploads\/2024\/03\/com2-1-gorzow.jpg\" srcset=\"https:\/\/gorzow.news\/wp-content\/uploads\/2024\/03\/com2-1-gorzow.jpg 1600w, https:\/\/gorzow.news\/wp-content\/uploads\/2024\/03\/com2-1-gorzow-300x188.jpg 300w, https:\/\/gorzow.news\/wp-content\/uploads\/2024\/03\/com2-1-gorzow-1024x640.jpg 1024w, https:\/\/gorzow.news\/wp-content\/uploads\/2024\/03\/com2-1-gorzow-768x480.jpg 768w, https:\/\/gorzow.news\/wp-content\/uploads\/2024\/03\/com2-1-gorzow-1536x960.jpg 1536w, https:\/\/gorzow.news\/wp-content\/uploads\/2024\/03\/com2-1-gorzow-696x435.jpg 696w, https:\/\/gorzow.news\/wp-content\/uploads\/2024\/03\/com2-1-gorzow-1068x668.jpg 1068w\" sizes=\"(max-width: 1600px) 100vw, 1600px\" alt=\"\">\r\n                            <\/a>\r\n                            \r\n                        <\/figure>\r\n                    <\/div>\r\n                    <div class = \"td-slide-item td-item2\">\r\n                        <figure class=\"td-slide-galery-figure td-slide-popup-gallery\">\r\n                            <a class=\"slide-gallery-image-link\" href=\"https:\/\/gorzow.news\/wp-content\/uploads\/2024\/03\/com1-gorzow.jpg\" title=\"\"  data-caption=\"\"  data-description=\"\">\r\n                                <img decoding=\"async\" src=\"https:\/\/gorzow.news\/wp-content\/uploads\/2024\/03\/com1-gorzow.jpg\" srcset=\"https:\/\/gorzow.news\/wp-content\/uploads\/2024\/03\/com1-gorzow.jpg 1600w, https:\/\/gorzow.news\/wp-content\/uploads\/2024\/03\/com1-gorzow-300x188.jpg 300w, https:\/\/gorzow.news\/wp-content\/uploads\/2024\/03\/com1-gorzow-1024x640.jpg 1024w, https:\/\/gorzow.news\/wp-content\/uploads\/2024\/03\/com1-gorzow-768x480.jpg 768w, https:\/\/gorzow.news\/wp-content\/uploads\/2024\/03\/com1-gorzow-1536x960.jpg 1536w, https:\/\/gorzow.news\/wp-content\/uploads\/2024\/03\/com1-gorzow-696x435.jpg 696w, https:\/\/gorzow.news\/wp-content\/uploads\/2024\/03\/com1-gorzow-1068x668.jpg 1068w\" sizes=\"(max-width: 1600px) 100vw, 1600px\" alt=\"\">\r\n                            <\/a>\r\n                            \r\n                        <\/figure>\r\n                    <\/div>\r\n                    <div class = \"td-slide-item td-item3\">\r\n                        <figure class=\"td-slide-galery-figure td-slide-popup-gallery\">\r\n                            <a class=\"slide-gallery-image-link\" href=\"https:\/\/gorzow.news\/wp-content\/uploads\/2024\/03\/com3-gorzow.jpg\" title=\"\"  data-caption=\"\"  data-description=\"\">\r\n                                <img decoding=\"async\" src=\"https:\/\/gorzow.news\/wp-content\/uploads\/2024\/03\/com3-gorzow.jpg\" srcset=\"https:\/\/gorzow.news\/wp-content\/uploads\/2024\/03\/com3-gorzow.jpg 1600w, https:\/\/gorzow.news\/wp-content\/uploads\/2024\/03\/com3-gorzow-300x188.jpg 300w, https:\/\/gorzow.news\/wp-content\/uploads\/2024\/03\/com3-gorzow-1024x640.jpg 1024w, https:\/\/gorzow.news\/wp-content\/uploads\/2024\/03\/com3-gorzow-768x480.jpg 768w, https:\/\/gorzow.news\/wp-content\/uploads\/2024\/03\/com3-gorzow-1536x960.jpg 1536w, https:\/\/gorzow.news\/wp-content\/uploads\/2024\/03\/com3-gorzow-696x435.jpg 696w, https:\/\/gorzow.news\/wp-content\/uploads\/2024\/03\/com3-gorzow-1068x668.jpg 1068w\" sizes=\"(max-width: 1600px) 100vw, 1600px\" alt=\"\">\r\n                            <\/a>\r\n                            \r\n                        <\/figure>\r\n                    <\/div>\r\n                    <div class = \"td-slide-item td-item4\">\r\n                        <figure class=\"td-slide-galery-figure td-slide-popup-gallery\">\r\n                            <a class=\"slide-gallery-image-link\" href=\"https:\/\/gorzow.news\/wp-content\/uploads\/2024\/03\/com4-gorzow.jpg\" title=\"\"  data-caption=\"\"  data-description=\"\">\r\n                                <img decoding=\"async\" src=\"https:\/\/gorzow.news\/wp-content\/uploads\/2024\/03\/com4-gorzow.jpg\" srcset=\"https:\/\/gorzow.news\/wp-content\/uploads\/2024\/03\/com4-gorzow.jpg 1600w, https:\/\/gorzow.news\/wp-content\/uploads\/2024\/03\/com4-gorzow-300x188.jpg 300w, https:\/\/gorzow.news\/wp-content\/uploads\/2024\/03\/com4-gorzow-1024x640.jpg 1024w, https:\/\/gorzow.news\/wp-content\/uploads\/2024\/03\/com4-gorzow-768x480.jpg 768w, https:\/\/gorzow.news\/wp-content\/uploads\/2024\/03\/com4-gorzow-1536x960.jpg 1536w, https:\/\/gorzow.news\/wp-content\/uploads\/2024\/03\/com4-gorzow-696x435.jpg 696w, https:\/\/gorzow.news\/wp-content\/uploads\/2024\/03\/com4-gorzow-1068x668.jpg 1068w\" sizes=\"(max-width: 1600px) 100vw, 1600px\" alt=\"\">\r\n                            <\/a>\r\n                            \r\n                        <\/figure>\r\n                    <\/div>\r\n                            <\/div>\r\n                        <\/div>\r\n\r\n                        <div class = \"td-doubleSlider-2\">\r\n                            <div class = \"td-slider\">\r\n                                \r\n                    <div class = \"td-button td-item1\">\r\n                        <div class = \"td-border\"><\/div>\r\n                    <\/div>\r\n                    <div class = \"td-button td-item2\">\r\n                        <div class = \"td-border\"><\/div>\r\n                    <\/div>\r\n                    <div class = \"td-button td-item3\">\r\n                        <div class = \"td-border\"><\/div>\r\n                    <\/div>\r\n                    <div class = \"td-button td-item4\">\r\n                        <div class = \"td-border\"><\/div>\r\n                    <\/div>\r\n                            <\/div>\r\n                        <\/div>\r\n\r\n                    <\/div>\r\n\r\n                <\/div>\r\n                ","protected":false},"excerpt":{"rendered":"<p>Firma Drew \u2013 Plast zrealizuje budow\u0119 centrum opieku\u0144czo-mieszkalnego dla os\u00f3b ze szczeg\u00f3lnymi potrzebami. Jego powstanie jest elementem spo\u0142ecznej strategii dla Gorzowa. To miejsce poprawi jako\u015b\u0107 \u017cycia doros\u0142ych os\u00f3b o szczeg\u00f3lnych potrzebach oraz b\u0119dzie wsparciem dla ich najbli\u017cszych. Budynek b\u0119dzie liczy\u0142 jedn\u0105 kondygnacj\u0119 o powierzchni zabudowy ponad 500 m2. \u0141\u0105cznie powstanie tu 20 miejsc dla podopiecznych [&hellip;]<\/p>\n","protected":false},"author":1,"featured_media":27969,"comment_status":"open","ping_status":"open","sticky":false,"template":"","format":"standard","meta":{"footnotes":"","_links_to":"","_links_to_target":""},"categories":[593,3173,589,2008],"tags":[2771,229],"class_list":{"0":"post-27966","1":"post","2":"type-post","3":"status-publish","4":"format-standard","5":"has-post-thumbnail","7":"category-inwestycje-miejskie","8":"category-nieruchomosci-polecamy","9":"category-wiadomosci","10":"category-zakanale","11":"tag-centrum-opiekunczo-mieszkalne","12":"tag-drew-plast-mazowiecki"},"yoast_head":"<!-- This site is optimized with the Yoast SEO plugin v27.3 - https:\/\/yoast.com\/product\/yoast-seo-wordpress\/ -->\n<title>Umowa z wykonawc\u0105 Centrum Opieku\u0144czo - Mieszkalne podpisana! Lekko ponad rok na prace - Gorz\u00f3w News<\/title>\n<meta name=\"description\" content=\"Firma Drew \u2013 Plast zrealizuje budow\u0119 centrum opieku\u0144czo-mieszkalnego dla os\u00f3b ze szczeg\u00f3lnymi potrzebami. Jego powstanie jest elementem spo\u0142ecz\" \/>\n<meta name=\"robots\" content=\"index, follow, max-snippet:-1, max-image-preview:large, max-video-preview:-1\" \/>\n<link rel=\"canonical\" href=\"https:\/\/gorzow.news\/index.php\/2024\/12\/02\/umowa-z-wykonawca-centrum-opiekunczo-mieszkalne-podpisana-inwestycja-bedzie-gotowa-na-poczatku-2026-roku\/\" \/>\n<meta property=\"og:locale\" content=\"pl_PL\" \/>\n<meta property=\"og:type\" content=\"article\" \/>\n<meta property=\"og:title\" content=\"Umowa z wykonawc\u0105 Centrum Opieku\u0144czo - Mieszkalne podpisana! Lekko ponad rok na prace - Gorz\u00f3w News\" \/>\n<meta property=\"og:description\" content=\"Firma Drew \u2013 Plast zrealizuje budow\u0119 centrum opieku\u0144czo-mieszkalnego dla os\u00f3b ze szczeg\u00f3lnymi potrzebami. Jego powstanie jest elementem spo\u0142ecz\" \/>\n<meta property=\"og:url\" content=\"https:\/\/gorzow.news\/index.php\/2024\/12\/02\/umowa-z-wykonawca-centrum-opiekunczo-mieszkalne-podpisana-inwestycja-bedzie-gotowa-na-poczatku-2026-roku\/\" \/>\n<meta property=\"og:site_name\" content=\"Gorz\u00f3w News\" \/>\n<meta property=\"article:publisher\" content=\"https:\/\/www.facebook.com\/gorzowskinews\" \/>\n<meta property=\"article:published_time\" content=\"2024-12-02T18:30:00+00:00\" \/>\n<meta property=\"article:modified_time\" content=\"2024-12-02T19:02:31+00:00\" \/>\n<meta property=\"og:image\" content=\"https:\/\/gorzow.news\/wp-content\/uploads\/2024\/12\/c-d-kopia.jpg\" \/>\n\t<meta property=\"og:image:width\" content=\"1600\" \/>\n\t<meta property=\"og:image:height\" content=\"778\" \/>\n\t<meta property=\"og:image:type\" content=\"image\/jpeg\" \/>\n<meta name=\"author\" content=\"maciej\" \/>\n<meta name=\"twitter:card\" content=\"summary_large_image\" \/>\n<meta name=\"twitter:label1\" content=\"Napisane przez\" \/>\n\t<meta name=\"twitter:data1\" content=\"maciej\" \/>\n\t<meta name=\"twitter:label2\" content=\"Szacowany czas czytania\" \/>\n\t<meta name=\"twitter:data2\" content=\"2 minuty\" \/>\n<script type=\"application\/ld+json\" class=\"yoast-schema-graph\">{\"@context\":\"https:\\\/\\\/schema.org\",\"@graph\":[{\"@type\":\"Article\",\"@id\":\"https:\\\/\\\/gorzow.news\\\/index.php\\\/2024\\\/12\\\/02\\\/umowa-z-wykonawca-centrum-opiekunczo-mieszkalne-podpisana-inwestycja-bedzie-gotowa-na-poczatku-2026-roku\\\/#article\",\"isPartOf\":{\"@id\":\"https:\\\/\\\/gorzow.news\\\/index.php\\\/2024\\\/12\\\/02\\\/umowa-z-wykonawca-centrum-opiekunczo-mieszkalne-podpisana-inwestycja-bedzie-gotowa-na-poczatku-2026-roku\\\/\"},\"author\":{\"name\":\"maciej\",\"@id\":\"https:\\\/\\\/gorzow.news\\\/#\\\/schema\\\/person\\\/a1e5ab43166369f2ce236a1cd90995bb\"},\"headline\":\"Umowa z wykonawc\u0105 Centrum Opieku\u0144czo &#8211; Mieszkalne podpisana! Lekko ponad rok na prace\",\"datePublished\":\"2024-12-02T18:30:00+00:00\",\"dateModified\":\"2024-12-02T19:02:31+00:00\",\"mainEntityOfPage\":{\"@id\":\"https:\\\/\\\/gorzow.news\\\/index.php\\\/2024\\\/12\\\/02\\\/umowa-z-wykonawca-centrum-opiekunczo-mieszkalne-podpisana-inwestycja-bedzie-gotowa-na-poczatku-2026-roku\\\/\"},\"wordCount\":264,\"commentCount\":0,\"image\":{\"@id\":\"https:\\\/\\\/gorzow.news\\\/index.php\\\/2024\\\/12\\\/02\\\/umowa-z-wykonawca-centrum-opiekunczo-mieszkalne-podpisana-inwestycja-bedzie-gotowa-na-poczatku-2026-roku\\\/#primaryimage\"},\"thumbnailUrl\":\"https:\\\/\\\/gorzow.news\\\/wp-content\\\/uploads\\\/2024\\\/12\\\/c-d-kopia.jpg\",\"keywords\":[\"Centrum Opieku\u0144czo - Mieszkalne\",\"Drew-Plast Mazowiecki\"],\"articleSection\":[\"Inwestycje miejskie\",\"Nieruchomo\u015bci - Polecamy\",\"Wiadomo\u015bci\",\"Zakanale\"],\"inLanguage\":\"pl-PL\",\"potentialAction\":[{\"@type\":\"CommentAction\",\"name\":\"Comment\",\"target\":[\"https:\\\/\\\/gorzow.news\\\/index.php\\\/2024\\\/12\\\/02\\\/umowa-z-wykonawca-centrum-opiekunczo-mieszkalne-podpisana-inwestycja-bedzie-gotowa-na-poczatku-2026-roku\\\/#respond\"]}]},{\"@type\":\"WebPage\",\"@id\":\"https:\\\/\\\/gorzow.news\\\/index.php\\\/2024\\\/12\\\/02\\\/umowa-z-wykonawca-centrum-opiekunczo-mieszkalne-podpisana-inwestycja-bedzie-gotowa-na-poczatku-2026-roku\\\/\",\"url\":\"https:\\\/\\\/gorzow.news\\\/index.php\\\/2024\\\/12\\\/02\\\/umowa-z-wykonawca-centrum-opiekunczo-mieszkalne-podpisana-inwestycja-bedzie-gotowa-na-poczatku-2026-roku\\\/\",\"name\":\"Umowa z wykonawc\u0105 Centrum Opieku\u0144czo - Mieszkalne podpisana! Lekko ponad rok na prace - Gorz\u00f3w News\",\"isPartOf\":{\"@id\":\"https:\\\/\\\/gorzow.news\\\/#website\"},\"primaryImageOfPage\":{\"@id\":\"https:\\\/\\\/gorzow.news\\\/index.php\\\/2024\\\/12\\\/02\\\/umowa-z-wykonawca-centrum-opiekunczo-mieszkalne-podpisana-inwestycja-bedzie-gotowa-na-poczatku-2026-roku\\\/#primaryimage\"},\"image\":{\"@id\":\"https:\\\/\\\/gorzow.news\\\/index.php\\\/2024\\\/12\\\/02\\\/umowa-z-wykonawca-centrum-opiekunczo-mieszkalne-podpisana-inwestycja-bedzie-gotowa-na-poczatku-2026-roku\\\/#primaryimage\"},\"thumbnailUrl\":\"https:\\\/\\\/gorzow.news\\\/wp-content\\\/uploads\\\/2024\\\/12\\\/c-d-kopia.jpg\",\"datePublished\":\"2024-12-02T18:30:00+00:00\",\"dateModified\":\"2024-12-02T19:02:31+00:00\",\"author\":{\"@id\":\"https:\\\/\\\/gorzow.news\\\/#\\\/schema\\\/person\\\/a1e5ab43166369f2ce236a1cd90995bb\"},\"description\":\"Firma Drew \u2013 Plast zrealizuje budow\u0119 centrum opieku\u0144czo-mieszkalnego dla os\u00f3b ze szczeg\u00f3lnymi potrzebami. Jego powstanie jest elementem spo\u0142ecznej strategii dla Gorzowa. To miejsce poprawi jako\u015b\u0107 \u017cycia doros\u0142ych os\u00f3b o szczeg\u00f3lnych potrzebach oraz b\u0119dzie wsparciem dla ich najbli\u017cszych.\",\"breadcrumb\":{\"@id\":\"https:\\\/\\\/gorzow.news\\\/index.php\\\/2024\\\/12\\\/02\\\/umowa-z-wykonawca-centrum-opiekunczo-mieszkalne-podpisana-inwestycja-bedzie-gotowa-na-poczatku-2026-roku\\\/#breadcrumb\"},\"inLanguage\":\"pl-PL\",\"potentialAction\":[{\"@type\":\"ReadAction\",\"target\":[\"https:\\\/\\\/gorzow.news\\\/index.php\\\/2024\\\/12\\\/02\\\/umowa-z-wykonawca-centrum-opiekunczo-mieszkalne-podpisana-inwestycja-bedzie-gotowa-na-poczatku-2026-roku\\\/\"]}]},{\"@type\":\"ImageObject\",\"inLanguage\":\"pl-PL\",\"@id\":\"https:\\\/\\\/gorzow.news\\\/index.php\\\/2024\\\/12\\\/02\\\/umowa-z-wykonawca-centrum-opiekunczo-mieszkalne-podpisana-inwestycja-bedzie-gotowa-na-poczatku-2026-roku\\\/#primaryimage\",\"url\":\"https:\\\/\\\/gorzow.news\\\/wp-content\\\/uploads\\\/2024\\\/12\\\/c-d-kopia.jpg\",\"contentUrl\":\"https:\\\/\\\/gorzow.news\\\/wp-content\\\/uploads\\\/2024\\\/12\\\/c-d-kopia.jpg\",\"width\":1600,\"height\":778,\"caption\":\"Firma Drew - Plast wybuduje Centrum Opieku\u0144czo - Mieszkalne. fot. GIM\"},{\"@type\":\"BreadcrumbList\",\"@id\":\"https:\\\/\\\/gorzow.news\\\/index.php\\\/2024\\\/12\\\/02\\\/umowa-z-wykonawca-centrum-opiekunczo-mieszkalne-podpisana-inwestycja-bedzie-gotowa-na-poczatku-2026-roku\\\/#breadcrumb\",\"itemListElement\":[{\"@type\":\"ListItem\",\"position\":1,\"name\":\"Home\",\"item\":\"https:\\\/\\\/gorzow.news\\\/\"},{\"@type\":\"ListItem\",\"position\":2,\"name\":\"Umowa z wykonawc\u0105 Centrum Opieku\u0144czo &#8211; Mieszkalne podpisana! Lekko ponad rok na prace\"}]},{\"@type\":\"WebSite\",\"@id\":\"https:\\\/\\\/gorzow.news\\\/#website\",\"url\":\"https:\\\/\\\/gorzow.news\\\/\",\"name\":\"Gorz\u00f3w News\",\"description\":\"Sp\u00f3jrz inaczej na miato i region...\",\"potentialAction\":[{\"@type\":\"SearchAction\",\"target\":{\"@type\":\"EntryPoint\",\"urlTemplate\":\"https:\\\/\\\/gorzow.news\\\/?s={search_term_string}\"},\"query-input\":{\"@type\":\"PropertyValueSpecification\",\"valueRequired\":true,\"valueName\":\"search_term_string\"}}],\"inLanguage\":\"pl-PL\"},{\"@type\":\"Person\",\"@id\":\"https:\\\/\\\/gorzow.news\\\/#\\\/schema\\\/person\\\/a1e5ab43166369f2ce236a1cd90995bb\",\"name\":\"maciej\",\"image\":{\"@type\":\"ImageObject\",\"inLanguage\":\"pl-PL\",\"@id\":\"https:\\\/\\\/secure.gravatar.com\\\/avatar\\\/530a674d56ba60cfa0ef21d74e8e8d123a51bb7aa6580465b5c2ab2c2e980a19?s=96&r=g&d=https:\\\/\\\/gorzow.news\\\/wp-content\\\/plugins\\\/userswp\\\/assets\\\/images\\\/no_profile.png\",\"url\":\"https:\\\/\\\/secure.gravatar.com\\\/avatar\\\/530a674d56ba60cfa0ef21d74e8e8d123a51bb7aa6580465b5c2ab2c2e980a19?s=96&r=g&d=https:\\\/\\\/gorzow.news\\\/wp-content\\\/plugins\\\/userswp\\\/assets\\\/images\\\/no_profile.png\",\"contentUrl\":\"https:\\\/\\\/secure.gravatar.com\\\/avatar\\\/530a674d56ba60cfa0ef21d74e8e8d123a51bb7aa6580465b5c2ab2c2e980a19?s=96&r=g&d=https:\\\/\\\/gorzow.news\\\/wp-content\\\/plugins\\\/userswp\\\/assets\\\/images\\\/no_profile.png\",\"caption\":\"maciej\"},\"url\":\"https:\\\/\\\/gorzow.news\\\/index.php\\\/profile\\\/maciej\\\/\"}]}<\/script>\n<!-- \/ Yoast SEO plugin. -->","yoast_head_json":{"title":"Umowa z wykonawc\u0105 Centrum Opieku\u0144czo - Mieszkalne podpisana! Lekko ponad rok na prace - Gorz\u00f3w News","description":"Firma Drew \u2013 Plast zrealizuje budow\u0119 centrum opieku\u0144czo-mieszkalnego dla os\u00f3b ze szczeg\u00f3lnymi potrzebami. Jego powstanie jest elementem spo\u0142ecz","robots":{"index":"index","follow":"follow","max-snippet":"max-snippet:-1","max-image-preview":"max-image-preview:large","max-video-preview":"max-video-preview:-1"},"canonical":"https:\/\/gorzow.news\/index.php\/2024\/12\/02\/umowa-z-wykonawca-centrum-opiekunczo-mieszkalne-podpisana-inwestycja-bedzie-gotowa-na-poczatku-2026-roku\/","og_locale":"pl_PL","og_type":"article","og_title":"Umowa z wykonawc\u0105 Centrum Opieku\u0144czo - Mieszkalne podpisana! Lekko ponad rok na prace - Gorz\u00f3w News","og_description":"Firma Drew \u2013 Plast zrealizuje budow\u0119 centrum opieku\u0144czo-mieszkalnego dla os\u00f3b ze szczeg\u00f3lnymi potrzebami. Jego powstanie jest elementem spo\u0142ecz","og_url":"https:\/\/gorzow.news\/index.php\/2024\/12\/02\/umowa-z-wykonawca-centrum-opiekunczo-mieszkalne-podpisana-inwestycja-bedzie-gotowa-na-poczatku-2026-roku\/","og_site_name":"Gorz\u00f3w News","article_publisher":"https:\/\/www.facebook.com\/gorzowskinews","article_published_time":"2024-12-02T18:30:00+00:00","article_modified_time":"2024-12-02T19:02:31+00:00","og_image":[{"width":1600,"height":778,"url":"https:\/\/gorzow.news\/wp-content\/uploads\/2024\/12\/c-d-kopia.jpg","type":"image\/jpeg"}],"author":"maciej","twitter_card":"summary_large_image","twitter_misc":{"Napisane przez":"maciej","Szacowany czas czytania":"2 minuty"},"schema":{"@context":"https:\/\/schema.org","@graph":[{"@type":"Article","@id":"https:\/\/gorzow.news\/index.php\/2024\/12\/02\/umowa-z-wykonawca-centrum-opiekunczo-mieszkalne-podpisana-inwestycja-bedzie-gotowa-na-poczatku-2026-roku\/#article","isPartOf":{"@id":"https:\/\/gorzow.news\/index.php\/2024\/12\/02\/umowa-z-wykonawca-centrum-opiekunczo-mieszkalne-podpisana-inwestycja-bedzie-gotowa-na-poczatku-2026-roku\/"},"author":{"name":"maciej","@id":"https:\/\/gorzow.news\/#\/schema\/person\/a1e5ab43166369f2ce236a1cd90995bb"},"headline":"Umowa z wykonawc\u0105 Centrum Opieku\u0144czo &#8211; Mieszkalne podpisana! Lekko ponad rok na prace","datePublished":"2024-12-02T18:30:00+00:00","dateModified":"2024-12-02T19:02:31+00:00","mainEntityOfPage":{"@id":"https:\/\/gorzow.news\/index.php\/2024\/12\/02\/umowa-z-wykonawca-centrum-opiekunczo-mieszkalne-podpisana-inwestycja-bedzie-gotowa-na-poczatku-2026-roku\/"},"wordCount":264,"commentCount":0,"image":{"@id":"https:\/\/gorzow.news\/index.php\/2024\/12\/02\/umowa-z-wykonawca-centrum-opiekunczo-mieszkalne-podpisana-inwestycja-bedzie-gotowa-na-poczatku-2026-roku\/#primaryimage"},"thumbnailUrl":"https:\/\/gorzow.news\/wp-content\/uploads\/2024\/12\/c-d-kopia.jpg","keywords":["Centrum Opieku\u0144czo - Mieszkalne","Drew-Plast Mazowiecki"],"articleSection":["Inwestycje miejskie","Nieruchomo\u015bci - Polecamy","Wiadomo\u015bci","Zakanale"],"inLanguage":"pl-PL","potentialAction":[{"@type":"CommentAction","name":"Comment","target":["https:\/\/gorzow.news\/index.php\/2024\/12\/02\/umowa-z-wykonawca-centrum-opiekunczo-mieszkalne-podpisana-inwestycja-bedzie-gotowa-na-poczatku-2026-roku\/#respond"]}]},{"@type":"WebPage","@id":"https:\/\/gorzow.news\/index.php\/2024\/12\/02\/umowa-z-wykonawca-centrum-opiekunczo-mieszkalne-podpisana-inwestycja-bedzie-gotowa-na-poczatku-2026-roku\/","url":"https:\/\/gorzow.news\/index.php\/2024\/12\/02\/umowa-z-wykonawca-centrum-opiekunczo-mieszkalne-podpisana-inwestycja-bedzie-gotowa-na-poczatku-2026-roku\/","name":"Umowa z wykonawc\u0105 Centrum Opieku\u0144czo - Mieszkalne podpisana! Lekko ponad rok na prace - Gorz\u00f3w News","isPartOf":{"@id":"https:\/\/gorzow.news\/#website"},"primaryImageOfPage":{"@id":"https:\/\/gorzow.news\/index.php\/2024\/12\/02\/umowa-z-wykonawca-centrum-opiekunczo-mieszkalne-podpisana-inwestycja-bedzie-gotowa-na-poczatku-2026-roku\/#primaryimage"},"image":{"@id":"https:\/\/gorzow.news\/index.php\/2024\/12\/02\/umowa-z-wykonawca-centrum-opiekunczo-mieszkalne-podpisana-inwestycja-bedzie-gotowa-na-poczatku-2026-roku\/#primaryimage"},"thumbnailUrl":"https:\/\/gorzow.news\/wp-content\/uploads\/2024\/12\/c-d-kopia.jpg","datePublished":"2024-12-02T18:30:00+00:00","dateModified":"2024-12-02T19:02:31+00:00","author":{"@id":"https:\/\/gorzow.news\/#\/schema\/person\/a1e5ab43166369f2ce236a1cd90995bb"},"description":"Firma Drew \u2013 Plast zrealizuje budow\u0119 centrum opieku\u0144czo-mieszkalnego dla os\u00f3b ze szczeg\u00f3lnymi potrzebami. Jego powstanie jest elementem spo\u0142ecznej strategii dla Gorzowa. To miejsce poprawi jako\u015b\u0107 \u017cycia doros\u0142ych os\u00f3b o szczeg\u00f3lnych potrzebach oraz b\u0119dzie wsparciem dla ich najbli\u017cszych.","breadcrumb":{"@id":"https:\/\/gorzow.news\/index.php\/2024\/12\/02\/umowa-z-wykonawca-centrum-opiekunczo-mieszkalne-podpisana-inwestycja-bedzie-gotowa-na-poczatku-2026-roku\/#breadcrumb"},"inLanguage":"pl-PL","potentialAction":[{"@type":"ReadAction","target":["https:\/\/gorzow.news\/index.php\/2024\/12\/02\/umowa-z-wykonawca-centrum-opiekunczo-mieszkalne-podpisana-inwestycja-bedzie-gotowa-na-poczatku-2026-roku\/"]}]},{"@type":"ImageObject","inLanguage":"pl-PL","@id":"https:\/\/gorzow.news\/index.php\/2024\/12\/02\/umowa-z-wykonawca-centrum-opiekunczo-mieszkalne-podpisana-inwestycja-bedzie-gotowa-na-poczatku-2026-roku\/#primaryimage","url":"https:\/\/gorzow.news\/wp-content\/uploads\/2024\/12\/c-d-kopia.jpg","contentUrl":"https:\/\/gorzow.news\/wp-content\/uploads\/2024\/12\/c-d-kopia.jpg","width":1600,"height":778,"caption":"Firma Drew - Plast wybuduje Centrum Opieku\u0144czo - Mieszkalne. fot. GIM"},{"@type":"BreadcrumbList","@id":"https:\/\/gorzow.news\/index.php\/2024\/12\/02\/umowa-z-wykonawca-centrum-opiekunczo-mieszkalne-podpisana-inwestycja-bedzie-gotowa-na-poczatku-2026-roku\/#breadcrumb","itemListElement":[{"@type":"ListItem","position":1,"name":"Home","item":"https:\/\/gorzow.news\/"},{"@type":"ListItem","position":2,"name":"Umowa z wykonawc\u0105 Centrum Opieku\u0144czo &#8211; Mieszkalne podpisana! Lekko ponad rok na prace"}]},{"@type":"WebSite","@id":"https:\/\/gorzow.news\/#website","url":"https:\/\/gorzow.news\/","name":"Gorz\u00f3w News","description":"Sp\u00f3jrz inaczej na miato i region...","potentialAction":[{"@type":"SearchAction","target":{"@type":"EntryPoint","urlTemplate":"https:\/\/gorzow.news\/?s={search_term_string}"},"query-input":{"@type":"PropertyValueSpecification","valueRequired":true,"valueName":"search_term_string"}}],"inLanguage":"pl-PL"},{"@type":"Person","@id":"https:\/\/gorzow.news\/#\/schema\/person\/a1e5ab43166369f2ce236a1cd90995bb","name":"maciej","image":{"@type":"ImageObject","inLanguage":"pl-PL","@id":"https:\/\/secure.gravatar.com\/avatar\/530a674d56ba60cfa0ef21d74e8e8d123a51bb7aa6580465b5c2ab2c2e980a19?s=96&r=g&d=https:\/\/gorzow.news\/wp-content\/plugins\/userswp\/assets\/images\/no_profile.png","url":"https:\/\/secure.gravatar.com\/avatar\/530a674d56ba60cfa0ef21d74e8e8d123a51bb7aa6580465b5c2ab2c2e980a19?s=96&r=g&d=https:\/\/gorzow.news\/wp-content\/plugins\/userswp\/assets\/images\/no_profile.png","contentUrl":"https:\/\/secure.gravatar.com\/avatar\/530a674d56ba60cfa0ef21d74e8e8d123a51bb7aa6580465b5c2ab2c2e980a19?s=96&r=g&d=https:\/\/gorzow.news\/wp-content\/plugins\/userswp\/assets\/images\/no_profile.png","caption":"maciej"},"url":"https:\/\/gorzow.news\/index.php\/profile\/maciej\/"}]}},"_links":{"self":[{"href":"https:\/\/gorzow.news\/index.php\/wp-json\/wp\/v2\/posts\/27966","targetHints":{"allow":["GET"]}}],"collection":[{"href":"https:\/\/gorzow.news\/index.php\/wp-json\/wp\/v2\/posts"}],"about":[{"href":"https:\/\/gorzow.news\/index.php\/wp-json\/wp\/v2\/types\/post"}],"author":[{"embeddable":true,"href":"https:\/\/gorzow.news\/index.php\/wp-json\/wp\/v2\/users\/1"}],"replies":[{"embeddable":true,"href":"https:\/\/gorzow.news\/index.php\/wp-json\/wp\/v2\/comments?post=27966"}],"version-history":[{"count":2,"href":"https:\/\/gorzow.news\/index.php\/wp-json\/wp\/v2\/posts\/27966\/revisions"}],"predecessor-version":[{"id":27970,"href":"https:\/\/gorzow.news\/index.php\/wp-json\/wp\/v2\/posts\/27966\/revisions\/27970"}],"wp:featuredmedia":[{"embeddable":true,"href":"https:\/\/gorzow.news\/index.php\/wp-json\/wp\/v2\/media\/27969"}],"wp:attachment":[{"href":"https:\/\/gorzow.news\/index.php\/wp-json\/wp\/v2\/media?parent=27966"}],"wp:term":[{"taxonomy":"category","embeddable":true,"href":"https:\/\/gorzow.news\/index.php\/wp-json\/wp\/v2\/categories?post=27966"},{"taxonomy":"post_tag","embeddable":true,"href":"https:\/\/gorzow.news\/index.php\/wp-json\/wp\/v2\/tags?post=27966"}],"curies":[{"name":"wp","href":"https:\/\/api.w.org\/{rel}","templated":true}]}}