{"id":27495,"date":"2024-11-08T12:47:38","date_gmt":"2024-11-08T11:47:38","guid":{"rendered":"https:\/\/gorzow.news\/?p=27495"},"modified":"2024-11-08T15:29:44","modified_gmt":"2024-11-08T14:29:44","slug":"szesc-firm-chce-wybudowac-centrum-opiekunczo-mieszkalnego-inwestycja-ma-byc-gotowa-wiosna-2026-roku","status":"publish","type":"post","link":"https:\/\/gorzow.news\/index.php\/2024\/11\/08\/szesc-firm-chce-wybudowac-centrum-opiekunczo-mieszkalnego-inwestycja-ma-byc-gotowa-wiosna-2026-roku\/","title":{"rendered":"Sze\u015b\u0107 firm chce wybudowa\u0107 Centrum Opieku\u0144czo &#8211; Mieszkalne! Inwestycja ma by\u0107 gotowa wiosn\u0105 2026 roku!"},"content":{"rendered":"\n<p><strong>Osoby ze szczeg\u00f3lnymi potrzebami b\u0119d\u0105 mia\u0142y swoje Centrum Opieku\u0144czo-Mieszkalne. To miejsce b\u0119dzie odpowiedzi\u0105 na ich potrzeby oraz wsparciem dla opiekun\u00f3w i najbli\u017cszych, kt\u00f3rzy codziennie staj\u0105 przed wieloma wyzwaniami. Jego budowa b\u0119dzie mo\u017cliwa dzi\u0119ki dofinansowaniu z Funduszu Solidarno\u015bciowego, w kwocie niemal 3,5 mln z\u0142otych. Sze\u015b\u0107 firm jest zainteresowanych realizacj\u0105 inwestycji.<\/strong><\/p>\n\n\n\n<figure class=\"wp-block-audio\"><audio controls src=\"https:\/\/gorzow.news\/pliki\/centrum-opi-iwanska.m4a\"><\/audio><\/figure>\n\n\n\n<p><strong>Ewa Iwa\u0144ska<\/strong>, Gorzowskie Inwestycje Miejskie<\/p>\n\n\n\n<p><strong>W post\u0119powaniu wp\u0142yn\u0119\u0142y nast\u0119puj\u0105ce oferty:<\/strong><\/p>\n\n\n\n<p>Oferta nr 1<br>Selektor Sp. z o.o.<br>Cena brutto: 7.236.392,38 PLN<\/p>\n\n\n\n<p>Oferta nr 2<br>PPHU Drew-Plast Dariusz Mazowiecki<br>Cena brutto: 6.104.891,20 PLN<\/p>\n\n\n\n<p>Oferta nr 3<br>MIMARI Sp. z o.o.<br>Cena brutto: 6.629.700,00 PLN<\/p>\n\n\n\n<p>Oferta nr 4<br>EUROBUD Sp. z o.o.<br>Cena brutto: 7.422.887,74 PLN<\/p>\n\n\n\n<p>Oferta nr 5<br>Us\u0142ugi Og\u00f3lnobudowlane PAK-BUD Zbigniew Paku\u0142a<br>Cena brutto: 6.765.000,00 PLN<\/p>\n\n\n\n<p>Oferta nr 6<br>FENIKS Anna Miziniak-Pi\u0105tkowska<br>Cena brutto: 7.530.104,78 PLN<\/p>\n\n\n\n<p>Komisja przetargowa analizuje z\u0142o\u017cone oferty. Miasto szacowa\u0142o, \u017ce na inwestycj\u0119 b\u0119dzie musia\u0142o \u0142\u0105cznie wyda\u0107 6,3 mln. z\u0142. Najkorzystniejsza oferta firmy PPHU Drew-Plast Dariusz Mazowiecki mie\u015bci si\u0119 wi\u0119c w planowanych na ten cel \u015brodkach.<\/p>\n\n\n\n<figure class=\"wp-block-image size-large\"><img loading=\"lazy\" decoding=\"async\" width=\"945\" height=\"1024\" src=\"https:\/\/gorzow.news\/wp-content\/uploads\/2024\/10\/centrum-o-p-945x1024.jpg\" alt=\"\" class=\"wp-image-26612\" srcset=\"https:\/\/gorzow.news\/wp-content\/uploads\/2024\/10\/centrum-o-p-945x1024.jpg 945w, https:\/\/gorzow.news\/wp-content\/uploads\/2024\/10\/centrum-o-p-277x300.jpg 277w, https:\/\/gorzow.news\/wp-content\/uploads\/2024\/10\/centrum-o-p-768x832.jpg 768w, https:\/\/gorzow.news\/wp-content\/uploads\/2024\/10\/centrum-o-p-1417x1536.jpg 1417w, https:\/\/gorzow.news\/wp-content\/uploads\/2024\/10\/centrum-o-p-696x754.jpg 696w, https:\/\/gorzow.news\/wp-content\/uploads\/2024\/10\/centrum-o-p-1068x1158.jpg 1068w, https:\/\/gorzow.news\/wp-content\/uploads\/2024\/10\/centrum-o-p-135x146.jpg 135w, https:\/\/gorzow.news\/wp-content\/uploads\/2024\/10\/centrum-o-p.jpg 1742w\" sizes=\"auto, (max-width: 945px) 100vw, 945px\" \/><\/figure>\n\n\n\n<p>W centrum Opieku\u0144czo-Mieszkalnym powstanie 20 miejsc dla podopiecznych w ramach pobytu dziennego i dla 4 os\u00f3b, kt\u00f3re pozostan\u0105 w centrum ca\u0142odobowo. Budynek b\u0119dzie liczy\u0142 jedn\u0105 kondygnacj\u0119 o powierzchni zabudowy ponad 500 m2. Zostanie podzielony na trzy strefy &#8211; ca\u0142odobow\u0105 (z 4 jednoosobowymi pokojami z \u0142azienkami, pokojem do \u0107wicze\u0144, pomieszczeniami porz\u0105dkowymi); dzienn\u0105 (z miejscem do wypoczynku, wsp\u00f3lnego jedzenia i przygotowywania posi\u0142k\u00f3w czy aktywnego sp\u0119dzania czasu) oraz administracyjno-biurow\u0105 (z pokojem medycznym, pokojem fizjoterapeuty i psychologa). Wraz z inwestycj\u0105 powstanie droga dojazdowa i miejsca postojowe.<\/p>\n\n\n\n<p>Inwestycja zostanie zrealizowana na dzia\u0142ce przy ul. Osadniczej.<\/p>\n\n\n\r\n                <style type=\"text\/css\">\r\n                    \r\n                    #tdi_1  .td-doubleSlider-2 .td-item1 {\r\n                        background: url(https:\/\/gorzow.news\/wp-content\/uploads\/2024\/03\/com2-1-gorzow.jpg) 0 0 no-repeat;\r\n                    }\r\n                    #tdi_1  .td-doubleSlider-2 .td-item2 {\r\n                        background: url(https:\/\/gorzow.news\/wp-content\/uploads\/2024\/03\/com1-gorzow.jpg) 0 0 no-repeat;\r\n                    }\r\n                    #tdi_1  .td-doubleSlider-2 .td-item3 {\r\n                        background: url(https:\/\/gorzow.news\/wp-content\/uploads\/2024\/03\/com3-gorzow.jpg) 0 0 no-repeat;\r\n                    }\r\n                    #tdi_1  .td-doubleSlider-2 .td-item4 {\r\n                        background: url(https:\/\/gorzow.news\/wp-content\/uploads\/2024\/03\/com4-gorzow.jpg) 0 0 no-repeat;\r\n                    }\r\n                <\/style>\r\n\r\n                <div id=\"tdi_1\" class=\"td-gallery td-slide-on-2-columns\">\r\n                    <div class=\"post_td_gallery\">\r\n                        <div class=\"td-gallery-slide-top\">\r\n                           <div class=\"td-gallery-title\">Projekt Centrum Opieku\u0144czo - Mieszkalnego. Autorska Pracownia Architektury Jakub Koralewski<\/div>\r\n\r\n                            <div class=\"td-gallery-controls-wrapper\">\r\n                                <div class=\"td-gallery-slide-count\"><span class=\"td-gallery-slide-item-focus\">1<\/span> z 4<\/div>\r\n                                <div class=\"td-gallery-slide-prev-next-but\">\r\n                                    <i class = \"td-icon-left doubleSliderPrevButton\"><\/i>\r\n                                    <i class = \"td-icon-right doubleSliderNextButton\"><\/i>\r\n                                <\/div>\r\n                            <\/div>\r\n                        <\/div>\r\n\r\n                        <div class = \"td-doubleSlider-1 \">\r\n                            <div class = \"td-slider\">\r\n                                \r\n                    <div class = \"td-slide-item td-item1\">\r\n                        <figure class=\"td-slide-galery-figure td-slide-popup-gallery\">\r\n                            <a class=\"slide-gallery-image-link\" href=\"https:\/\/gorzow.news\/wp-content\/uploads\/2024\/03\/com2-1-gorzow.jpg\" title=\"\"  data-caption=\"\"  data-description=\"\">\r\n                                <img decoding=\"async\" src=\"https:\/\/gorzow.news\/wp-content\/uploads\/2024\/03\/com2-1-gorzow.jpg\" srcset=\"https:\/\/gorzow.news\/wp-content\/uploads\/2024\/03\/com2-1-gorzow.jpg 1600w, https:\/\/gorzow.news\/wp-content\/uploads\/2024\/03\/com2-1-gorzow-300x188.jpg 300w, https:\/\/gorzow.news\/wp-content\/uploads\/2024\/03\/com2-1-gorzow-1024x640.jpg 1024w, https:\/\/gorzow.news\/wp-content\/uploads\/2024\/03\/com2-1-gorzow-768x480.jpg 768w, https:\/\/gorzow.news\/wp-content\/uploads\/2024\/03\/com2-1-gorzow-1536x960.jpg 1536w, https:\/\/gorzow.news\/wp-content\/uploads\/2024\/03\/com2-1-gorzow-696x435.jpg 696w, https:\/\/gorzow.news\/wp-content\/uploads\/2024\/03\/com2-1-gorzow-1068x668.jpg 1068w\" sizes=\"(max-width: 1600px) 100vw, 1600px\" alt=\"\">\r\n                            <\/a>\r\n                            \r\n                        <\/figure>\r\n                    <\/div>\r\n                    <div class = \"td-slide-item td-item2\">\r\n                        <figure class=\"td-slide-galery-figure td-slide-popup-gallery\">\r\n                            <a class=\"slide-gallery-image-link\" href=\"https:\/\/gorzow.news\/wp-content\/uploads\/2024\/03\/com1-gorzow.jpg\" title=\"\"  data-caption=\"\"  data-description=\"\">\r\n                                <img decoding=\"async\" src=\"https:\/\/gorzow.news\/wp-content\/uploads\/2024\/03\/com1-gorzow.jpg\" srcset=\"https:\/\/gorzow.news\/wp-content\/uploads\/2024\/03\/com1-gorzow.jpg 1600w, https:\/\/gorzow.news\/wp-content\/uploads\/2024\/03\/com1-gorzow-300x188.jpg 300w, https:\/\/gorzow.news\/wp-content\/uploads\/2024\/03\/com1-gorzow-1024x640.jpg 1024w, https:\/\/gorzow.news\/wp-content\/uploads\/2024\/03\/com1-gorzow-768x480.jpg 768w, https:\/\/gorzow.news\/wp-content\/uploads\/2024\/03\/com1-gorzow-1536x960.jpg 1536w, https:\/\/gorzow.news\/wp-content\/uploads\/2024\/03\/com1-gorzow-696x435.jpg 696w, https:\/\/gorzow.news\/wp-content\/uploads\/2024\/03\/com1-gorzow-1068x668.jpg 1068w\" sizes=\"(max-width: 1600px) 100vw, 1600px\" alt=\"\">\r\n                            <\/a>\r\n                            \r\n                        <\/figure>\r\n                    <\/div>\r\n                    <div class = \"td-slide-item td-item3\">\r\n                        <figure class=\"td-slide-galery-figure td-slide-popup-gallery\">\r\n                            <a class=\"slide-gallery-image-link\" href=\"https:\/\/gorzow.news\/wp-content\/uploads\/2024\/03\/com3-gorzow.jpg\" title=\"\"  data-caption=\"\"  data-description=\"\">\r\n                                <img decoding=\"async\" src=\"https:\/\/gorzow.news\/wp-content\/uploads\/2024\/03\/com3-gorzow.jpg\" srcset=\"https:\/\/gorzow.news\/wp-content\/uploads\/2024\/03\/com3-gorzow.jpg 1600w, https:\/\/gorzow.news\/wp-content\/uploads\/2024\/03\/com3-gorzow-300x188.jpg 300w, https:\/\/gorzow.news\/wp-content\/uploads\/2024\/03\/com3-gorzow-1024x640.jpg 1024w, https:\/\/gorzow.news\/wp-content\/uploads\/2024\/03\/com3-gorzow-768x480.jpg 768w, https:\/\/gorzow.news\/wp-content\/uploads\/2024\/03\/com3-gorzow-1536x960.jpg 1536w, https:\/\/gorzow.news\/wp-content\/uploads\/2024\/03\/com3-gorzow-696x435.jpg 696w, https:\/\/gorzow.news\/wp-content\/uploads\/2024\/03\/com3-gorzow-1068x668.jpg 1068w\" sizes=\"(max-width: 1600px) 100vw, 1600px\" alt=\"\">\r\n                            <\/a>\r\n                            \r\n                        <\/figure>\r\n                    <\/div>\r\n                    <div class = \"td-slide-item td-item4\">\r\n                        <figure class=\"td-slide-galery-figure td-slide-popup-gallery\">\r\n                            <a class=\"slide-gallery-image-link\" href=\"https:\/\/gorzow.news\/wp-content\/uploads\/2024\/03\/com4-gorzow.jpg\" title=\"\"  data-caption=\"\"  data-description=\"\">\r\n                                <img decoding=\"async\" src=\"https:\/\/gorzow.news\/wp-content\/uploads\/2024\/03\/com4-gorzow.jpg\" srcset=\"https:\/\/gorzow.news\/wp-content\/uploads\/2024\/03\/com4-gorzow.jpg 1600w, https:\/\/gorzow.news\/wp-content\/uploads\/2024\/03\/com4-gorzow-300x188.jpg 300w, https:\/\/gorzow.news\/wp-content\/uploads\/2024\/03\/com4-gorzow-1024x640.jpg 1024w, https:\/\/gorzow.news\/wp-content\/uploads\/2024\/03\/com4-gorzow-768x480.jpg 768w, https:\/\/gorzow.news\/wp-content\/uploads\/2024\/03\/com4-gorzow-1536x960.jpg 1536w, https:\/\/gorzow.news\/wp-content\/uploads\/2024\/03\/com4-gorzow-696x435.jpg 696w, https:\/\/gorzow.news\/wp-content\/uploads\/2024\/03\/com4-gorzow-1068x668.jpg 1068w\" sizes=\"(max-width: 1600px) 100vw, 1600px\" alt=\"\">\r\n                            <\/a>\r\n                            \r\n                        <\/figure>\r\n                    <\/div>\r\n                            <\/div>\r\n                        <\/div>\r\n\r\n                        <div class = \"td-doubleSlider-2\">\r\n                            <div class = \"td-slider\">\r\n                                \r\n                    <div class = \"td-button td-item1\">\r\n                        <div class = \"td-border\"><\/div>\r\n                    <\/div>\r\n                    <div class = \"td-button td-item2\">\r\n                        <div class = \"td-border\"><\/div>\r\n                    <\/div>\r\n                    <div class = \"td-button td-item3\">\r\n                        <div class = \"td-border\"><\/div>\r\n                    <\/div>\r\n                    <div class = \"td-button td-item4\">\r\n                        <div class = \"td-border\"><\/div>\r\n                    <\/div>\r\n                            <\/div>\r\n                        <\/div>\r\n\r\n                    <\/div>\r\n\r\n                <\/div>\r\n                ","protected":false},"excerpt":{"rendered":"<p>Osoby ze szczeg\u00f3lnymi potrzebami b\u0119d\u0105 mia\u0142y swoje Centrum Opieku\u0144czo-Mieszkalne. To miejsce b\u0119dzie odpowiedzi\u0105 na ich potrzeby oraz wsparciem dla opiekun\u00f3w i najbli\u017cszych, kt\u00f3rzy codziennie staj\u0105 przed wieloma wyzwaniami. Jego budowa b\u0119dzie mo\u017cliwa dzi\u0119ki dofinansowaniu z Funduszu Solidarno\u015bciowego, w kwocie niemal 3,5 mln z\u0142otych. Sze\u015b\u0107 firm jest zainteresowanych realizacj\u0105 inwestycji. Ewa Iwa\u0144ska, Gorzowskie Inwestycje Miejskie W [&hellip;]<\/p>\n","protected":false},"author":1,"featured_media":27496,"comment_status":"open","ping_status":"open","sticky":false,"template":"","format":"standard","meta":{"footnotes":"","_links_to":"","_links_to_target":""},"categories":[593,3173,589,2008],"tags":[2771,3200,1422,3201,724,3199,980,1371,825,478],"class_list":{"0":"post-27495","1":"post","2":"type-post","3":"status-publish","4":"format-standard","5":"has-post-thumbnail","7":"category-inwestycje-miejskie","8":"category-nieruchomosci-polecamy","9":"category-wiadomosci","10":"category-zakanale","11":"tag-centrum-opiekunczo-mieszkalne","12":"tag-eurobud","13":"tag-ewa-iwanska","14":"tag-feniks","15":"tag-gorzowskie-inwestycje-miejskie","16":"tag-mimari","17":"tag-osadnicza","18":"tag-pak-bud","19":"tag-ppuh-drew-plast","20":"tag-selektor"},"yoast_head":"<!-- This site is optimized with the Yoast SEO plugin v27.3 - https:\/\/yoast.com\/product\/yoast-seo-wordpress\/ -->\n<title>Sze\u015b\u0107 firm chce wybudowa\u0107 Centrum Opieku\u0144czo - Mieszkalne! Inwestycja ma by\u0107 gotowa wiosn\u0105 2026 roku! - Gorz\u00f3w News<\/title>\n<meta name=\"description\" content=\"Osoby ze szczeg\u00f3lnymi potrzebami b\u0119d\u0105 mia\u0142y swoje Centrum Opieku\u0144czo-Mieszkalne. To miejsce b\u0119dzie odpowiedzi\u0105 na ich potrzeby oraz wsparciem d\" \/>\n<meta name=\"robots\" content=\"index, follow, max-snippet:-1, max-image-preview:large, max-video-preview:-1\" \/>\n<link rel=\"canonical\" href=\"https:\/\/gorzow.news\/index.php\/2024\/11\/08\/szesc-firm-chce-wybudowac-centrum-opiekunczo-mieszkalnego-inwestycja-ma-byc-gotowa-wiosna-2026-roku\/\" \/>\n<meta property=\"og:locale\" content=\"pl_PL\" \/>\n<meta property=\"og:type\" content=\"article\" \/>\n<meta property=\"og:title\" content=\"Sze\u015b\u0107 firm chce wybudowa\u0107 Centrum Opieku\u0144czo - Mieszkalne! Inwestycja ma by\u0107 gotowa wiosn\u0105 2026 roku! - Gorz\u00f3w News\" \/>\n<meta property=\"og:description\" content=\"Osoby ze szczeg\u00f3lnymi potrzebami b\u0119d\u0105 mia\u0142y swoje Centrum Opieku\u0144czo-Mieszkalne. To miejsce b\u0119dzie odpowiedzi\u0105 na ich potrzeby oraz wsparciem d\" \/>\n<meta property=\"og:url\" content=\"https:\/\/gorzow.news\/index.php\/2024\/11\/08\/szesc-firm-chce-wybudowac-centrum-opiekunczo-mieszkalnego-inwestycja-ma-byc-gotowa-wiosna-2026-roku\/\" \/>\n<meta property=\"og:site_name\" content=\"Gorz\u00f3w News\" \/>\n<meta property=\"article:publisher\" content=\"https:\/\/www.facebook.com\/gorzowskinews\" \/>\n<meta property=\"article:published_time\" content=\"2024-11-08T11:47:38+00:00\" \/>\n<meta property=\"article:modified_time\" content=\"2024-11-08T14:29:44+00:00\" \/>\n<meta property=\"og:image\" content=\"https:\/\/gorzow.news\/wp-content\/uploads\/2024\/11\/com2-1-gorzow.jpg\" \/>\n\t<meta property=\"og:image:width\" content=\"1600\" \/>\n\t<meta property=\"og:image:height\" content=\"1000\" \/>\n\t<meta property=\"og:image:type\" content=\"image\/jpeg\" \/>\n<meta name=\"author\" content=\"maciej\" \/>\n<meta name=\"twitter:card\" content=\"summary_large_image\" \/>\n<meta name=\"twitter:label1\" content=\"Napisane przez\" \/>\n\t<meta name=\"twitter:data1\" content=\"maciej\" \/>\n\t<meta name=\"twitter:label2\" content=\"Szacowany czas czytania\" \/>\n\t<meta name=\"twitter:data2\" content=\"2 minuty\" \/>\n<script type=\"application\/ld+json\" class=\"yoast-schema-graph\">{\"@context\":\"https:\\\/\\\/schema.org\",\"@graph\":[{\"@type\":\"Article\",\"@id\":\"https:\\\/\\\/gorzow.news\\\/index.php\\\/2024\\\/11\\\/08\\\/szesc-firm-chce-wybudowac-centrum-opiekunczo-mieszkalnego-inwestycja-ma-byc-gotowa-wiosna-2026-roku\\\/#article\",\"isPartOf\":{\"@id\":\"https:\\\/\\\/gorzow.news\\\/index.php\\\/2024\\\/11\\\/08\\\/szesc-firm-chce-wybudowac-centrum-opiekunczo-mieszkalnego-inwestycja-ma-byc-gotowa-wiosna-2026-roku\\\/\"},\"author\":{\"name\":\"maciej\",\"@id\":\"https:\\\/\\\/gorzow.news\\\/#\\\/schema\\\/person\\\/a1e5ab43166369f2ce236a1cd90995bb\"},\"headline\":\"Sze\u015b\u0107 firm chce wybudowa\u0107 Centrum Opieku\u0144czo &#8211; Mieszkalne! Inwestycja ma by\u0107 gotowa wiosn\u0105 2026 roku!\",\"datePublished\":\"2024-11-08T11:47:38+00:00\",\"dateModified\":\"2024-11-08T14:29:44+00:00\",\"mainEntityOfPage\":{\"@id\":\"https:\\\/\\\/gorzow.news\\\/index.php\\\/2024\\\/11\\\/08\\\/szesc-firm-chce-wybudowac-centrum-opiekunczo-mieszkalnego-inwestycja-ma-byc-gotowa-wiosna-2026-roku\\\/\"},\"wordCount\":309,\"commentCount\":0,\"image\":{\"@id\":\"https:\\\/\\\/gorzow.news\\\/index.php\\\/2024\\\/11\\\/08\\\/szesc-firm-chce-wybudowac-centrum-opiekunczo-mieszkalnego-inwestycja-ma-byc-gotowa-wiosna-2026-roku\\\/#primaryimage\"},\"thumbnailUrl\":\"https:\\\/\\\/gorzow.news\\\/wp-content\\\/uploads\\\/2024\\\/11\\\/com2-1-gorzow.jpg\",\"keywords\":[\"Centrum Opieku\u0144czo - Mieszkalne\",\"EUROBUD\",\"Ewa Iwa\u0144ska\",\"FENIKS\",\"Gorzowskie Inwestycje Miejskie\",\"MIMARI\",\"Osadnicza\",\"PAK-BUD\",\"PPUH Drew-Plast\",\"Selektor\"],\"articleSection\":[\"Inwestycje miejskie\",\"Nieruchomo\u015bci - Polecamy\",\"Wiadomo\u015bci\",\"Zakanale\"],\"inLanguage\":\"pl-PL\",\"potentialAction\":[{\"@type\":\"CommentAction\",\"name\":\"Comment\",\"target\":[\"https:\\\/\\\/gorzow.news\\\/index.php\\\/2024\\\/11\\\/08\\\/szesc-firm-chce-wybudowac-centrum-opiekunczo-mieszkalnego-inwestycja-ma-byc-gotowa-wiosna-2026-roku\\\/#respond\"]}]},{\"@type\":\"WebPage\",\"@id\":\"https:\\\/\\\/gorzow.news\\\/index.php\\\/2024\\\/11\\\/08\\\/szesc-firm-chce-wybudowac-centrum-opiekunczo-mieszkalnego-inwestycja-ma-byc-gotowa-wiosna-2026-roku\\\/\",\"url\":\"https:\\\/\\\/gorzow.news\\\/index.php\\\/2024\\\/11\\\/08\\\/szesc-firm-chce-wybudowac-centrum-opiekunczo-mieszkalnego-inwestycja-ma-byc-gotowa-wiosna-2026-roku\\\/\",\"name\":\"Sze\u015b\u0107 firm chce wybudowa\u0107 Centrum Opieku\u0144czo - Mieszkalne! Inwestycja ma by\u0107 gotowa wiosn\u0105 2026 roku! - Gorz\u00f3w News\",\"isPartOf\":{\"@id\":\"https:\\\/\\\/gorzow.news\\\/#website\"},\"primaryImageOfPage\":{\"@id\":\"https:\\\/\\\/gorzow.news\\\/index.php\\\/2024\\\/11\\\/08\\\/szesc-firm-chce-wybudowac-centrum-opiekunczo-mieszkalnego-inwestycja-ma-byc-gotowa-wiosna-2026-roku\\\/#primaryimage\"},\"image\":{\"@id\":\"https:\\\/\\\/gorzow.news\\\/index.php\\\/2024\\\/11\\\/08\\\/szesc-firm-chce-wybudowac-centrum-opiekunczo-mieszkalnego-inwestycja-ma-byc-gotowa-wiosna-2026-roku\\\/#primaryimage\"},\"thumbnailUrl\":\"https:\\\/\\\/gorzow.news\\\/wp-content\\\/uploads\\\/2024\\\/11\\\/com2-1-gorzow.jpg\",\"datePublished\":\"2024-11-08T11:47:38+00:00\",\"dateModified\":\"2024-11-08T14:29:44+00:00\",\"author\":{\"@id\":\"https:\\\/\\\/gorzow.news\\\/#\\\/schema\\\/person\\\/a1e5ab43166369f2ce236a1cd90995bb\"},\"description\":\"Osoby ze szczeg\u00f3lnymi potrzebami b\u0119d\u0105 mia\u0142y swoje Centrum Opieku\u0144czo-Mieszkalne. To miejsce b\u0119dzie odpowiedzi\u0105 na ich potrzeby oraz wsparciem dla opiekun\u00f3w i najbli\u017cszych, kt\u00f3rzy codziennie staj\u0105 przed wieloma wyzwaniami. Jego budowa b\u0119dzie mo\u017cliwa dzi\u0119ki dofinansowaniu z Funduszu Solidarno\u015bciowego, w kwocie niemal 3,5 mln z\u0142otych. Sze\u015b\u0107 firm jest zainteresowanych realizacj\u0105 inwestycji.\",\"breadcrumb\":{\"@id\":\"https:\\\/\\\/gorzow.news\\\/index.php\\\/2024\\\/11\\\/08\\\/szesc-firm-chce-wybudowac-centrum-opiekunczo-mieszkalnego-inwestycja-ma-byc-gotowa-wiosna-2026-roku\\\/#breadcrumb\"},\"inLanguage\":\"pl-PL\",\"potentialAction\":[{\"@type\":\"ReadAction\",\"target\":[\"https:\\\/\\\/gorzow.news\\\/index.php\\\/2024\\\/11\\\/08\\\/szesc-firm-chce-wybudowac-centrum-opiekunczo-mieszkalnego-inwestycja-ma-byc-gotowa-wiosna-2026-roku\\\/\"]}]},{\"@type\":\"ImageObject\",\"inLanguage\":\"pl-PL\",\"@id\":\"https:\\\/\\\/gorzow.news\\\/index.php\\\/2024\\\/11\\\/08\\\/szesc-firm-chce-wybudowac-centrum-opiekunczo-mieszkalnego-inwestycja-ma-byc-gotowa-wiosna-2026-roku\\\/#primaryimage\",\"url\":\"https:\\\/\\\/gorzow.news\\\/wp-content\\\/uploads\\\/2024\\\/11\\\/com2-1-gorzow.jpg\",\"contentUrl\":\"https:\\\/\\\/gorzow.news\\\/wp-content\\\/uploads\\\/2024\\\/11\\\/com2-1-gorzow.jpg\",\"width\":1600,\"height\":1000,\"caption\":\"Tak ma wygl\u0105da\u0107 Centrum Opieku\u0144czo - Mieszkalne przy ul. Osadniczej.\"},{\"@type\":\"BreadcrumbList\",\"@id\":\"https:\\\/\\\/gorzow.news\\\/index.php\\\/2024\\\/11\\\/08\\\/szesc-firm-chce-wybudowac-centrum-opiekunczo-mieszkalnego-inwestycja-ma-byc-gotowa-wiosna-2026-roku\\\/#breadcrumb\",\"itemListElement\":[{\"@type\":\"ListItem\",\"position\":1,\"name\":\"Home\",\"item\":\"https:\\\/\\\/gorzow.news\\\/\"},{\"@type\":\"ListItem\",\"position\":2,\"name\":\"Sze\u015b\u0107 firm chce wybudowa\u0107 Centrum Opieku\u0144czo &#8211; Mieszkalne! Inwestycja ma by\u0107 gotowa wiosn\u0105 2026 roku!\"}]},{\"@type\":\"WebSite\",\"@id\":\"https:\\\/\\\/gorzow.news\\\/#website\",\"url\":\"https:\\\/\\\/gorzow.news\\\/\",\"name\":\"Gorz\u00f3w News\",\"description\":\"Sp\u00f3jrz inaczej na miato i region...\",\"potentialAction\":[{\"@type\":\"SearchAction\",\"target\":{\"@type\":\"EntryPoint\",\"urlTemplate\":\"https:\\\/\\\/gorzow.news\\\/?s={search_term_string}\"},\"query-input\":{\"@type\":\"PropertyValueSpecification\",\"valueRequired\":true,\"valueName\":\"search_term_string\"}}],\"inLanguage\":\"pl-PL\"},{\"@type\":\"Person\",\"@id\":\"https:\\\/\\\/gorzow.news\\\/#\\\/schema\\\/person\\\/a1e5ab43166369f2ce236a1cd90995bb\",\"name\":\"maciej\",\"image\":{\"@type\":\"ImageObject\",\"inLanguage\":\"pl-PL\",\"@id\":\"https:\\\/\\\/secure.gravatar.com\\\/avatar\\\/530a674d56ba60cfa0ef21d74e8e8d123a51bb7aa6580465b5c2ab2c2e980a19?s=96&r=g&d=https:\\\/\\\/gorzow.news\\\/wp-content\\\/plugins\\\/userswp\\\/assets\\\/images\\\/no_profile.png\",\"url\":\"https:\\\/\\\/secure.gravatar.com\\\/avatar\\\/530a674d56ba60cfa0ef21d74e8e8d123a51bb7aa6580465b5c2ab2c2e980a19?s=96&r=g&d=https:\\\/\\\/gorzow.news\\\/wp-content\\\/plugins\\\/userswp\\\/assets\\\/images\\\/no_profile.png\",\"contentUrl\":\"https:\\\/\\\/secure.gravatar.com\\\/avatar\\\/530a674d56ba60cfa0ef21d74e8e8d123a51bb7aa6580465b5c2ab2c2e980a19?s=96&r=g&d=https:\\\/\\\/gorzow.news\\\/wp-content\\\/plugins\\\/userswp\\\/assets\\\/images\\\/no_profile.png\",\"caption\":\"maciej\"},\"url\":\"https:\\\/\\\/gorzow.news\\\/index.php\\\/profile\\\/maciej\\\/\"}]}<\/script>\n<!-- \/ Yoast SEO plugin. -->","yoast_head_json":{"title":"Sze\u015b\u0107 firm chce wybudowa\u0107 Centrum Opieku\u0144czo - Mieszkalne! Inwestycja ma by\u0107 gotowa wiosn\u0105 2026 roku! - Gorz\u00f3w News","description":"Osoby ze szczeg\u00f3lnymi potrzebami b\u0119d\u0105 mia\u0142y swoje Centrum Opieku\u0144czo-Mieszkalne. To miejsce b\u0119dzie odpowiedzi\u0105 na ich potrzeby oraz wsparciem d","robots":{"index":"index","follow":"follow","max-snippet":"max-snippet:-1","max-image-preview":"max-image-preview:large","max-video-preview":"max-video-preview:-1"},"canonical":"https:\/\/gorzow.news\/index.php\/2024\/11\/08\/szesc-firm-chce-wybudowac-centrum-opiekunczo-mieszkalnego-inwestycja-ma-byc-gotowa-wiosna-2026-roku\/","og_locale":"pl_PL","og_type":"article","og_title":"Sze\u015b\u0107 firm chce wybudowa\u0107 Centrum Opieku\u0144czo - Mieszkalne! Inwestycja ma by\u0107 gotowa wiosn\u0105 2026 roku! - Gorz\u00f3w News","og_description":"Osoby ze szczeg\u00f3lnymi potrzebami b\u0119d\u0105 mia\u0142y swoje Centrum Opieku\u0144czo-Mieszkalne. To miejsce b\u0119dzie odpowiedzi\u0105 na ich potrzeby oraz wsparciem d","og_url":"https:\/\/gorzow.news\/index.php\/2024\/11\/08\/szesc-firm-chce-wybudowac-centrum-opiekunczo-mieszkalnego-inwestycja-ma-byc-gotowa-wiosna-2026-roku\/","og_site_name":"Gorz\u00f3w News","article_publisher":"https:\/\/www.facebook.com\/gorzowskinews","article_published_time":"2024-11-08T11:47:38+00:00","article_modified_time":"2024-11-08T14:29:44+00:00","og_image":[{"width":1600,"height":1000,"url":"https:\/\/gorzow.news\/wp-content\/uploads\/2024\/11\/com2-1-gorzow.jpg","type":"image\/jpeg"}],"author":"maciej","twitter_card":"summary_large_image","twitter_misc":{"Napisane przez":"maciej","Szacowany czas czytania":"2 minuty"},"schema":{"@context":"https:\/\/schema.org","@graph":[{"@type":"Article","@id":"https:\/\/gorzow.news\/index.php\/2024\/11\/08\/szesc-firm-chce-wybudowac-centrum-opiekunczo-mieszkalnego-inwestycja-ma-byc-gotowa-wiosna-2026-roku\/#article","isPartOf":{"@id":"https:\/\/gorzow.news\/index.php\/2024\/11\/08\/szesc-firm-chce-wybudowac-centrum-opiekunczo-mieszkalnego-inwestycja-ma-byc-gotowa-wiosna-2026-roku\/"},"author":{"name":"maciej","@id":"https:\/\/gorzow.news\/#\/schema\/person\/a1e5ab43166369f2ce236a1cd90995bb"},"headline":"Sze\u015b\u0107 firm chce wybudowa\u0107 Centrum Opieku\u0144czo &#8211; Mieszkalne! Inwestycja ma by\u0107 gotowa wiosn\u0105 2026 roku!","datePublished":"2024-11-08T11:47:38+00:00","dateModified":"2024-11-08T14:29:44+00:00","mainEntityOfPage":{"@id":"https:\/\/gorzow.news\/index.php\/2024\/11\/08\/szesc-firm-chce-wybudowac-centrum-opiekunczo-mieszkalnego-inwestycja-ma-byc-gotowa-wiosna-2026-roku\/"},"wordCount":309,"commentCount":0,"image":{"@id":"https:\/\/gorzow.news\/index.php\/2024\/11\/08\/szesc-firm-chce-wybudowac-centrum-opiekunczo-mieszkalnego-inwestycja-ma-byc-gotowa-wiosna-2026-roku\/#primaryimage"},"thumbnailUrl":"https:\/\/gorzow.news\/wp-content\/uploads\/2024\/11\/com2-1-gorzow.jpg","keywords":["Centrum Opieku\u0144czo - Mieszkalne","EUROBUD","Ewa Iwa\u0144ska","FENIKS","Gorzowskie Inwestycje Miejskie","MIMARI","Osadnicza","PAK-BUD","PPUH Drew-Plast","Selektor"],"articleSection":["Inwestycje miejskie","Nieruchomo\u015bci - Polecamy","Wiadomo\u015bci","Zakanale"],"inLanguage":"pl-PL","potentialAction":[{"@type":"CommentAction","name":"Comment","target":["https:\/\/gorzow.news\/index.php\/2024\/11\/08\/szesc-firm-chce-wybudowac-centrum-opiekunczo-mieszkalnego-inwestycja-ma-byc-gotowa-wiosna-2026-roku\/#respond"]}]},{"@type":"WebPage","@id":"https:\/\/gorzow.news\/index.php\/2024\/11\/08\/szesc-firm-chce-wybudowac-centrum-opiekunczo-mieszkalnego-inwestycja-ma-byc-gotowa-wiosna-2026-roku\/","url":"https:\/\/gorzow.news\/index.php\/2024\/11\/08\/szesc-firm-chce-wybudowac-centrum-opiekunczo-mieszkalnego-inwestycja-ma-byc-gotowa-wiosna-2026-roku\/","name":"Sze\u015b\u0107 firm chce wybudowa\u0107 Centrum Opieku\u0144czo - Mieszkalne! Inwestycja ma by\u0107 gotowa wiosn\u0105 2026 roku! - Gorz\u00f3w News","isPartOf":{"@id":"https:\/\/gorzow.news\/#website"},"primaryImageOfPage":{"@id":"https:\/\/gorzow.news\/index.php\/2024\/11\/08\/szesc-firm-chce-wybudowac-centrum-opiekunczo-mieszkalnego-inwestycja-ma-byc-gotowa-wiosna-2026-roku\/#primaryimage"},"image":{"@id":"https:\/\/gorzow.news\/index.php\/2024\/11\/08\/szesc-firm-chce-wybudowac-centrum-opiekunczo-mieszkalnego-inwestycja-ma-byc-gotowa-wiosna-2026-roku\/#primaryimage"},"thumbnailUrl":"https:\/\/gorzow.news\/wp-content\/uploads\/2024\/11\/com2-1-gorzow.jpg","datePublished":"2024-11-08T11:47:38+00:00","dateModified":"2024-11-08T14:29:44+00:00","author":{"@id":"https:\/\/gorzow.news\/#\/schema\/person\/a1e5ab43166369f2ce236a1cd90995bb"},"description":"Osoby ze szczeg\u00f3lnymi potrzebami b\u0119d\u0105 mia\u0142y swoje Centrum Opieku\u0144czo-Mieszkalne. To miejsce b\u0119dzie odpowiedzi\u0105 na ich potrzeby oraz wsparciem dla opiekun\u00f3w i najbli\u017cszych, kt\u00f3rzy codziennie staj\u0105 przed wieloma wyzwaniami. Jego budowa b\u0119dzie mo\u017cliwa dzi\u0119ki dofinansowaniu z Funduszu Solidarno\u015bciowego, w kwocie niemal 3,5 mln z\u0142otych. Sze\u015b\u0107 firm jest zainteresowanych realizacj\u0105 inwestycji.","breadcrumb":{"@id":"https:\/\/gorzow.news\/index.php\/2024\/11\/08\/szesc-firm-chce-wybudowac-centrum-opiekunczo-mieszkalnego-inwestycja-ma-byc-gotowa-wiosna-2026-roku\/#breadcrumb"},"inLanguage":"pl-PL","potentialAction":[{"@type":"ReadAction","target":["https:\/\/gorzow.news\/index.php\/2024\/11\/08\/szesc-firm-chce-wybudowac-centrum-opiekunczo-mieszkalnego-inwestycja-ma-byc-gotowa-wiosna-2026-roku\/"]}]},{"@type":"ImageObject","inLanguage":"pl-PL","@id":"https:\/\/gorzow.news\/index.php\/2024\/11\/08\/szesc-firm-chce-wybudowac-centrum-opiekunczo-mieszkalnego-inwestycja-ma-byc-gotowa-wiosna-2026-roku\/#primaryimage","url":"https:\/\/gorzow.news\/wp-content\/uploads\/2024\/11\/com2-1-gorzow.jpg","contentUrl":"https:\/\/gorzow.news\/wp-content\/uploads\/2024\/11\/com2-1-gorzow.jpg","width":1600,"height":1000,"caption":"Tak ma wygl\u0105da\u0107 Centrum Opieku\u0144czo - Mieszkalne przy ul. Osadniczej."},{"@type":"BreadcrumbList","@id":"https:\/\/gorzow.news\/index.php\/2024\/11\/08\/szesc-firm-chce-wybudowac-centrum-opiekunczo-mieszkalnego-inwestycja-ma-byc-gotowa-wiosna-2026-roku\/#breadcrumb","itemListElement":[{"@type":"ListItem","position":1,"name":"Home","item":"https:\/\/gorzow.news\/"},{"@type":"ListItem","position":2,"name":"Sze\u015b\u0107 firm chce wybudowa\u0107 Centrum Opieku\u0144czo &#8211; Mieszkalne! Inwestycja ma by\u0107 gotowa wiosn\u0105 2026 roku!"}]},{"@type":"WebSite","@id":"https:\/\/gorzow.news\/#website","url":"https:\/\/gorzow.news\/","name":"Gorz\u00f3w News","description":"Sp\u00f3jrz inaczej na miato i region...","potentialAction":[{"@type":"SearchAction","target":{"@type":"EntryPoint","urlTemplate":"https:\/\/gorzow.news\/?s={search_term_string}"},"query-input":{"@type":"PropertyValueSpecification","valueRequired":true,"valueName":"search_term_string"}}],"inLanguage":"pl-PL"},{"@type":"Person","@id":"https:\/\/gorzow.news\/#\/schema\/person\/a1e5ab43166369f2ce236a1cd90995bb","name":"maciej","image":{"@type":"ImageObject","inLanguage":"pl-PL","@id":"https:\/\/secure.gravatar.com\/avatar\/530a674d56ba60cfa0ef21d74e8e8d123a51bb7aa6580465b5c2ab2c2e980a19?s=96&r=g&d=https:\/\/gorzow.news\/wp-content\/plugins\/userswp\/assets\/images\/no_profile.png","url":"https:\/\/secure.gravatar.com\/avatar\/530a674d56ba60cfa0ef21d74e8e8d123a51bb7aa6580465b5c2ab2c2e980a19?s=96&r=g&d=https:\/\/gorzow.news\/wp-content\/plugins\/userswp\/assets\/images\/no_profile.png","contentUrl":"https:\/\/secure.gravatar.com\/avatar\/530a674d56ba60cfa0ef21d74e8e8d123a51bb7aa6580465b5c2ab2c2e980a19?s=96&r=g&d=https:\/\/gorzow.news\/wp-content\/plugins\/userswp\/assets\/images\/no_profile.png","caption":"maciej"},"url":"https:\/\/gorzow.news\/index.php\/profile\/maciej\/"}]}},"_links":{"self":[{"href":"https:\/\/gorzow.news\/index.php\/wp-json\/wp\/v2\/posts\/27495","targetHints":{"allow":["GET"]}}],"collection":[{"href":"https:\/\/gorzow.news\/index.php\/wp-json\/wp\/v2\/posts"}],"about":[{"href":"https:\/\/gorzow.news\/index.php\/wp-json\/wp\/v2\/types\/post"}],"author":[{"embeddable":true,"href":"https:\/\/gorzow.news\/index.php\/wp-json\/wp\/v2\/users\/1"}],"replies":[{"embeddable":true,"href":"https:\/\/gorzow.news\/index.php\/wp-json\/wp\/v2\/comments?post=27495"}],"version-history":[{"count":2,"href":"https:\/\/gorzow.news\/index.php\/wp-json\/wp\/v2\/posts\/27495\/revisions"}],"predecessor-version":[{"id":27524,"href":"https:\/\/gorzow.news\/index.php\/wp-json\/wp\/v2\/posts\/27495\/revisions\/27524"}],"wp:featuredmedia":[{"embeddable":true,"href":"https:\/\/gorzow.news\/index.php\/wp-json\/wp\/v2\/media\/27496"}],"wp:attachment":[{"href":"https:\/\/gorzow.news\/index.php\/wp-json\/wp\/v2\/media?parent=27495"}],"wp:term":[{"taxonomy":"category","embeddable":true,"href":"https:\/\/gorzow.news\/index.php\/wp-json\/wp\/v2\/categories?post=27495"},{"taxonomy":"post_tag","embeddable":true,"href":"https:\/\/gorzow.news\/index.php\/wp-json\/wp\/v2\/tags?post=27495"}],"curies":[{"name":"wp","href":"https:\/\/api.w.org\/{rel}","templated":true}]}}