{"id":26967,"date":"2024-10-18T09:07:00","date_gmt":"2024-10-18T07:07:00","guid":{"rendered":"https:\/\/gorzow.news\/?p=26967"},"modified":"2024-10-18T18:18:23","modified_gmt":"2024-10-18T16:18:23","slug":"w-miejskich-wodociagach-konczy-sie-pewna-era-boguslaw-andrzejczak-odchodzi-po-15-latach-zmiany-jak-domino","status":"publish","type":"post","link":"https:\/\/gorzow.news\/index.php\/2024\/10\/18\/w-miejskich-wodociagach-konczy-sie-pewna-era-boguslaw-andrzejczak-odchodzi-po-15-latach-zmiany-jak-domino\/","title":{"rendered":"W miejskich wodoci\u0105gach ko\u0144czy si\u0119 pewna era. Bogus\u0142aw Andrzejczak odchodzi po 15 latach. Zmiany jak domino!"},"content":{"rendered":"\n<p><strong>Bogus\u0142aw Andrzejczak, prezes gorzowskiego PWiK, odchodzi na emerytur\u0119. Jego decyzja spowodowa\u0142a, \u017ce prezydent Gorzowa rozpocz\u0105\u0142 poszukiwania godnego nast\u0119pcy do zarz\u0105dzania strategiczn\u0105 miejsk\u0105 sp\u00f3\u0142k\u0105. Prezydent zaproponowa\u0142 t\u0119 funkcj\u0119 Maciejowi Symeryakowi, wiceprezesowi INNEKO, kt\u00f3ry j\u0105 przyj\u0105\u0142. To z kolei spowodowa\u0142o poszukiwania specjalisty na jego miejsce. Wiceprezesem INNEKO zosta\u0142 Maciej Zalas, in\u017cynier ze znacz\u0105cym dorobkiem zawodowym i mi\u0119dzynarodowym do\u015bwiadczeniem.<\/strong><\/p>\n\n\n\n<p>Wszyscy spotkali si\u0119 w pi\u0105tek, 18 pa\u017adziernika, w Urz\u0119dzie Miasta. Prezydent zorganizowa\u0142 spotkanie, by podzi\u0119kowa\u0107 Bogus\u0142awowi Andrzejczakowi za lata pracy na rzecz mieszka\u0144c\u00f3w Gorzowa, w tym 15-letnie kierowanie Przedsi\u0119biorstwem Wodoci\u0105g\u00f3w i Kanalizacji, ale te\u017c po to, by zaprezentowa\u0107 nowych zarz\u0105dzaj\u0105cych miejskimi sp\u00f3\u0142kami. W spotkaniu wzi\u0105\u0142 udzia\u0142 \u0141ukasz Marcinkiewicz, prezes INNEKO.<\/p>\n\n\n\n<p>&#8211; Od pewnego czasu nosi\u0142em si\u0119 z zamiarem odej\u015bcia na emerytur\u0119, ale uzgodni\u0142em z prezydentem, \u017ce pozostan\u0119 jeszcze do ko\u0144ca listopada, do czasu znalezienia mojego nast\u0119pcy. Teraz nadszed\u0142 czas, by to oznajmi\u0107. Chc\u0119 przekaza\u0107 wiedz\u0119 mojemu nast\u0119pcy, zapozna\u0107 go ze sp\u00f3\u0142k\u0105, z lud\u017ami i zadaniami, \u017ceby w nowy rok m\u00f3g\u0142 wej\u015b\u0107 z niezb\u0119dn\u0105 wiedz\u0105 &#8211; m\u00f3wi\u0142 Bogus\u0142aw Andrzejczak.<\/p>\n\n\n\n<p>Prezydent <strong>Jacek W\u00f3jcicki<\/strong> podzi\u0119kowa\u0142 prezesowi Andrzejczakowi za pi\u0119tnastoletnie kierowanie gorzowskimi wodoci\u0105gami i za ponad 30-letni\u0105 prac\u0119 na rzecz mieszka\u0144c\u00f3w Gorzowa. Podkre\u015bli\u0142 jego kompetencje i zaanga\u017cowanie, kt\u00f3re sprawi\u0142y, \u017ce przeobrazi\u0142 sp\u00f3\u0142k\u0119 w nowoczesne, sprawne przedsi\u0119biorstwo. PWiK od 2009 roku podwoi\u0142o liczb\u0119 odbiorc\u00f3w z oko\u0142o 12 do 24 tysi\u0119cy, d\u0142ugo\u015b\u0107 instalacji sanitarnej z 280 do 710 kilometr\u00f3w, a wodoci\u0105g\u00f3w z 580 do oko\u0142o 880 kilometr\u00f3w.<\/p>\n\n\n\n<p>Bogus\u0142aw Andrzejczak podzi\u0119kowa\u0142 za dobr\u0105 wsp\u00f3\u0142prac\u0119 i za \u017cyczliwe s\u0142owa.<\/p>\n\n\n\n<p>&#8211; Trudno w kr\u00f3tkim czasie stre\u015bci\u0107 lata zawodowego \u017cycia, ale mog\u0119 powiedzie\u0107, \u017ce moja praca w PWiK by\u0142o jak kierowanie orkiestr\u0105, w kt\u00f3rej ka\u017cdy muzyk by\u0142 wa\u017cny i mia\u0142 swoj\u0105 rol\u0119 i wszystkim im za to dzi\u0119kuj\u0119. Bo s\u0105 to ludzie pe\u0142ni po\u015bwi\u0119cenia, niepatrz\u0105cy na grafiki &#8211; m\u00f3wi\u0142 prezes Andrzejczak.<\/p>\n\n\n\n<p>Nowym prezesem PWiK jest Maciej Symeryak, do niedawna wiceprezes INNEKO. Prezydent W\u00f3jcicki podkre\u015bli\u0142, \u017ce to znakomity menad\u017cer, zaanga\u017cowany w najwa\u017cniejsze projekty rozwojowe miasta, w fotowoltaiczn\u0105 elektrowni\u0119 s\u0142oneczn\u0105 oraz ekociep\u0142owni\u0119.<\/p>\n\n\n\n<p>&#8211; PWiK to sp\u00f3\u0142ka o charakterze strategicznym i ciesz\u0119 si\u0119 z tego wyzwania oraz zaufania, jakim mnie obdarzono. Najbli\u017csze miesi\u0105ce po\u015bwi\u0119c\u0119 na poznawanie sp\u00f3\u0142ki, ludzi i wyzwa\u0144, znalezieniu wsp\u00f3lnego j\u0119zyka z za\u0142og\u0105. Dzi\u0119kuj\u0119 prezesowi Andrzejczakowi, \u017ce b\u0119dzie mnie wspiera\u0142 &#8211; powiedzia\u0142 Maciej Symeryak.<\/p>\n\n\n\n<p>Nast\u0119pc\u0105 Symeryaka b\u0119dzie Maciej Zalas. Menad\u017cer z wieloletnim do\u015bwiadczeniem w prowadzeniu i koordynowaniu prac w ramach kluczowych inwestycji energetycznych, rafineryjnych i gazowych, realizowanych zar\u00f3wno na terenie Polski, jak i w innych cz\u0119\u015bciach \u015bwiata. Te inwestycje to budowy nowych blok\u00f3w energetycznych, rozbudowa rafinerii i instalacji gazowych, modernizacja infrastruktury i wdra\u017canie innowacyjnych rozwi\u0105za\u0144 technologicznych. Do\u015bwiadczenie to przyda si\u0119 we wdra\u017canych projektach INNEKO.<\/p>\n\n\n\n<p>Maciej Zalas ma wykszta\u0142cenie wy\u017csze in\u017cynieryjne i z zakresu zarz\u0105dzania oraz umiej\u0119tno\u015bci zarz\u0105dzania zespo\u0142ami, projektami oraz procesami.<\/p>\n\n\n\n<p>&#8211; Wierz\u0119, \u017ce z prezesem \u0141ukaszem Marcinkiewiczem zbudujemy zesp\u00f3\u0142, w kt\u00f3rym b\u0119dziemy realizowa\u0107 wszystkie istotne dla miasta projekty &#8211; powiedzia\u0142 Maciej Zalas.<\/p>\n","protected":false},"excerpt":{"rendered":"<p>Bogus\u0142aw Andrzejczak, prezes gorzowskiego PWiK, odchodzi na emerytur\u0119. Jego decyzja spowodowa\u0142a, \u017ce prezydent Gorzowa rozpocz\u0105\u0142 poszukiwania godnego nast\u0119pcy do zarz\u0105dzania strategiczn\u0105 miejsk\u0105 sp\u00f3\u0142k\u0105. Prezydent zaproponowa\u0142 t\u0119 funkcj\u0119 Maciejowi Symeryakowi, wiceprezesowi INNEKO, kt\u00f3ry j\u0105 przyj\u0105\u0142. To z kolei spowodowa\u0142o poszukiwania specjalisty na jego miejsce. Wiceprezesem INNEKO zosta\u0142 Maciej Zalas, in\u017cynier ze znacz\u0105cym dorobkiem zawodowym i mi\u0119dzynarodowym [&hellip;]<\/p>\n","protected":false},"author":1,"featured_media":26970,"comment_status":"open","ping_status":"open","sticky":false,"template":"","format":"standard","meta":{"footnotes":"","_links_to":"","_links_to_target":""},"categories":[597,589],"tags":[2607,192,1791,3178,415],"class_list":{"0":"post-26967","1":"post","2":"type-post","3":"status-publish","4":"format-standard","5":"has-post-thumbnail","7":"category-fakty-opinie","8":"category-wiadomosci","9":"tag-boguslaw-andrzejczak","10":"tag-inneko","11":"tag-maciej-symeryak","12":"tag-maciej-zalas","13":"tag-pwik"},"yoast_head":"<!-- This site is optimized with the Yoast SEO plugin v27.3 - https:\/\/yoast.com\/product\/yoast-seo-wordpress\/ -->\n<title>W miejskich wodoci\u0105gach ko\u0144czy si\u0119 pewna era. Bogus\u0142aw Andrzejczak odchodzi po 15 latach. Zmiany jak domino! - Gorz\u00f3w News<\/title>\n<meta name=\"description\" content=\"Bogus\u0142aw Andrzejczak, prezes gorzowskiego PWiK, odchodzi na emerytur\u0119. Jego decyzja spowodowa\u0142a, \u017ce prezydent Gorzowa rozpocz\u0105\u0142 poszukiwania god\" \/>\n<meta name=\"robots\" content=\"index, follow, max-snippet:-1, max-image-preview:large, max-video-preview:-1\" \/>\n<link rel=\"canonical\" href=\"https:\/\/gorzow.news\/index.php\/2024\/10\/18\/w-miejskich-wodociagach-konczy-sie-pewna-era-boguslaw-andrzejczak-odchodzi-po-15-latach-zmiany-jak-domino\/\" \/>\n<meta property=\"og:locale\" content=\"pl_PL\" \/>\n<meta property=\"og:type\" content=\"article\" \/>\n<meta property=\"og:title\" content=\"W miejskich wodoci\u0105gach ko\u0144czy si\u0119 pewna era. Bogus\u0142aw Andrzejczak odchodzi po 15 latach. Zmiany jak domino! - Gorz\u00f3w News\" \/>\n<meta property=\"og:description\" content=\"Bogus\u0142aw Andrzejczak, prezes gorzowskiego PWiK, odchodzi na emerytur\u0119. Jego decyzja spowodowa\u0142a, \u017ce prezydent Gorzowa rozpocz\u0105\u0142 poszukiwania god\" \/>\n<meta property=\"og:url\" content=\"https:\/\/gorzow.news\/index.php\/2024\/10\/18\/w-miejskich-wodociagach-konczy-sie-pewna-era-boguslaw-andrzejczak-odchodzi-po-15-latach-zmiany-jak-domino\/\" \/>\n<meta property=\"og:site_name\" content=\"Gorz\u00f3w News\" \/>\n<meta property=\"article:publisher\" content=\"https:\/\/www.facebook.com\/gorzowskinews\" \/>\n<meta property=\"article:published_time\" content=\"2024-10-18T07:07:00+00:00\" \/>\n<meta property=\"article:modified_time\" content=\"2024-10-18T16:18:23+00:00\" \/>\n<meta property=\"og:image\" content=\"https:\/\/gorzow.news\/wp-content\/uploads\/2024\/10\/fotob-14822-1.jpg\" \/>\n\t<meta property=\"og:image:width\" content=\"1620\" \/>\n\t<meta property=\"og:image:height\" content=\"1080\" \/>\n\t<meta property=\"og:image:type\" content=\"image\/jpeg\" \/>\n<meta name=\"author\" content=\"maciej\" \/>\n<meta name=\"twitter:card\" content=\"summary_large_image\" \/>\n<meta name=\"twitter:label1\" content=\"Napisane przez\" \/>\n\t<meta name=\"twitter:data1\" content=\"maciej\" \/>\n\t<meta name=\"twitter:label2\" content=\"Szacowany czas czytania\" \/>\n\t<meta name=\"twitter:data2\" content=\"3 minuty\" \/>\n<script type=\"application\/ld+json\" class=\"yoast-schema-graph\">{\"@context\":\"https:\\\/\\\/schema.org\",\"@graph\":[{\"@type\":\"Article\",\"@id\":\"https:\\\/\\\/gorzow.news\\\/index.php\\\/2024\\\/10\\\/18\\\/w-miejskich-wodociagach-konczy-sie-pewna-era-boguslaw-andrzejczak-odchodzi-po-15-latach-zmiany-jak-domino\\\/#article\",\"isPartOf\":{\"@id\":\"https:\\\/\\\/gorzow.news\\\/index.php\\\/2024\\\/10\\\/18\\\/w-miejskich-wodociagach-konczy-sie-pewna-era-boguslaw-andrzejczak-odchodzi-po-15-latach-zmiany-jak-domino\\\/\"},\"author\":{\"name\":\"maciej\",\"@id\":\"https:\\\/\\\/gorzow.news\\\/#\\\/schema\\\/person\\\/a1e5ab43166369f2ce236a1cd90995bb\"},\"headline\":\"W miejskich wodoci\u0105gach ko\u0144czy si\u0119 pewna era. Bogus\u0142aw Andrzejczak odchodzi po 15 latach. Zmiany jak domino!\",\"datePublished\":\"2024-10-18T07:07:00+00:00\",\"dateModified\":\"2024-10-18T16:18:23+00:00\",\"mainEntityOfPage\":{\"@id\":\"https:\\\/\\\/gorzow.news\\\/index.php\\\/2024\\\/10\\\/18\\\/w-miejskich-wodociagach-konczy-sie-pewna-era-boguslaw-andrzejczak-odchodzi-po-15-latach-zmiany-jak-domino\\\/\"},\"wordCount\":581,\"commentCount\":0,\"image\":{\"@id\":\"https:\\\/\\\/gorzow.news\\\/index.php\\\/2024\\\/10\\\/18\\\/w-miejskich-wodociagach-konczy-sie-pewna-era-boguslaw-andrzejczak-odchodzi-po-15-latach-zmiany-jak-domino\\\/#primaryimage\"},\"thumbnailUrl\":\"https:\\\/\\\/gorzow.news\\\/wp-content\\\/uploads\\\/2024\\\/10\\\/fotob-14822-1.jpg\",\"keywords\":[\"Bogus\u0142aw Andrzejczak\",\"Inneko\",\"Maciej Symeryak\",\"Maciej Zalas\",\"PWiK\"],\"articleSection\":[\"Fakty i opinie\",\"Wiadomo\u015bci\"],\"inLanguage\":\"pl-PL\",\"potentialAction\":[{\"@type\":\"CommentAction\",\"name\":\"Comment\",\"target\":[\"https:\\\/\\\/gorzow.news\\\/index.php\\\/2024\\\/10\\\/18\\\/w-miejskich-wodociagach-konczy-sie-pewna-era-boguslaw-andrzejczak-odchodzi-po-15-latach-zmiany-jak-domino\\\/#respond\"]}]},{\"@type\":\"WebPage\",\"@id\":\"https:\\\/\\\/gorzow.news\\\/index.php\\\/2024\\\/10\\\/18\\\/w-miejskich-wodociagach-konczy-sie-pewna-era-boguslaw-andrzejczak-odchodzi-po-15-latach-zmiany-jak-domino\\\/\",\"url\":\"https:\\\/\\\/gorzow.news\\\/index.php\\\/2024\\\/10\\\/18\\\/w-miejskich-wodociagach-konczy-sie-pewna-era-boguslaw-andrzejczak-odchodzi-po-15-latach-zmiany-jak-domino\\\/\",\"name\":\"W miejskich wodoci\u0105gach ko\u0144czy si\u0119 pewna era. Bogus\u0142aw Andrzejczak odchodzi po 15 latach. Zmiany jak domino! - Gorz\u00f3w News\",\"isPartOf\":{\"@id\":\"https:\\\/\\\/gorzow.news\\\/#website\"},\"primaryImageOfPage\":{\"@id\":\"https:\\\/\\\/gorzow.news\\\/index.php\\\/2024\\\/10\\\/18\\\/w-miejskich-wodociagach-konczy-sie-pewna-era-boguslaw-andrzejczak-odchodzi-po-15-latach-zmiany-jak-domino\\\/#primaryimage\"},\"image\":{\"@id\":\"https:\\\/\\\/gorzow.news\\\/index.php\\\/2024\\\/10\\\/18\\\/w-miejskich-wodociagach-konczy-sie-pewna-era-boguslaw-andrzejczak-odchodzi-po-15-latach-zmiany-jak-domino\\\/#primaryimage\"},\"thumbnailUrl\":\"https:\\\/\\\/gorzow.news\\\/wp-content\\\/uploads\\\/2024\\\/10\\\/fotob-14822-1.jpg\",\"datePublished\":\"2024-10-18T07:07:00+00:00\",\"dateModified\":\"2024-10-18T16:18:23+00:00\",\"author\":{\"@id\":\"https:\\\/\\\/gorzow.news\\\/#\\\/schema\\\/person\\\/a1e5ab43166369f2ce236a1cd90995bb\"},\"description\":\"Bogus\u0142aw Andrzejczak, prezes gorzowskiego PWiK, odchodzi na emerytur\u0119. Jego decyzja spowodowa\u0142a, \u017ce prezydent Gorzowa rozpocz\u0105\u0142 poszukiwania godnego nast\u0119pcy do zarz\u0105dzania strategiczn\u0105 miejsk\u0105 sp\u00f3\u0142k\u0105. Prezydent zaproponowa\u0142 t\u0119 funkcj\u0119 Maciejowi Symeryakowi, wiceprezesowi INNEKO, kt\u00f3ry j\u0105 przyj\u0105\u0142. To z kolei spowodowa\u0142o poszukiwania specjalisty na jego miejsce. Wiceprezesem INNEKO zosta\u0142 Maciej Zalas, in\u017cynier ze znacz\u0105cym dorobkiem zawodowym i mi\u0119dzynarodowym do\u015bwiadczeniem.\",\"breadcrumb\":{\"@id\":\"https:\\\/\\\/gorzow.news\\\/index.php\\\/2024\\\/10\\\/18\\\/w-miejskich-wodociagach-konczy-sie-pewna-era-boguslaw-andrzejczak-odchodzi-po-15-latach-zmiany-jak-domino\\\/#breadcrumb\"},\"inLanguage\":\"pl-PL\",\"potentialAction\":[{\"@type\":\"ReadAction\",\"target\":[\"https:\\\/\\\/gorzow.news\\\/index.php\\\/2024\\\/10\\\/18\\\/w-miejskich-wodociagach-konczy-sie-pewna-era-boguslaw-andrzejczak-odchodzi-po-15-latach-zmiany-jak-domino\\\/\"]}]},{\"@type\":\"ImageObject\",\"inLanguage\":\"pl-PL\",\"@id\":\"https:\\\/\\\/gorzow.news\\\/index.php\\\/2024\\\/10\\\/18\\\/w-miejskich-wodociagach-konczy-sie-pewna-era-boguslaw-andrzejczak-odchodzi-po-15-latach-zmiany-jak-domino\\\/#primaryimage\",\"url\":\"https:\\\/\\\/gorzow.news\\\/wp-content\\\/uploads\\\/2024\\\/10\\\/fotob-14822-1.jpg\",\"contentUrl\":\"https:\\\/\\\/gorzow.news\\\/wp-content\\\/uploads\\\/2024\\\/10\\\/fotob-14822-1.jpg\",\"width\":1620,\"height\":1080,\"caption\":\"Maciej Symeryak (nowy prezes PWiK), Bogus\u0142aw Andrzejczak (odchodz\u0105cy na emerytur\u0119 prezes PWiK) i Maciej Zalas (nowy wiceprezes INNEKO). fot. \u0141ukasz Kulczy\u0144ski\"},{\"@type\":\"BreadcrumbList\",\"@id\":\"https:\\\/\\\/gorzow.news\\\/index.php\\\/2024\\\/10\\\/18\\\/w-miejskich-wodociagach-konczy-sie-pewna-era-boguslaw-andrzejczak-odchodzi-po-15-latach-zmiany-jak-domino\\\/#breadcrumb\",\"itemListElement\":[{\"@type\":\"ListItem\",\"position\":1,\"name\":\"Home\",\"item\":\"https:\\\/\\\/gorzow.news\\\/\"},{\"@type\":\"ListItem\",\"position\":2,\"name\":\"W miejskich wodoci\u0105gach ko\u0144czy si\u0119 pewna era. Bogus\u0142aw Andrzejczak odchodzi po 15 latach. Zmiany jak domino!\"}]},{\"@type\":\"WebSite\",\"@id\":\"https:\\\/\\\/gorzow.news\\\/#website\",\"url\":\"https:\\\/\\\/gorzow.news\\\/\",\"name\":\"Gorz\u00f3w News\",\"description\":\"Sp\u00f3jrz inaczej na miato i region...\",\"potentialAction\":[{\"@type\":\"SearchAction\",\"target\":{\"@type\":\"EntryPoint\",\"urlTemplate\":\"https:\\\/\\\/gorzow.news\\\/?s={search_term_string}\"},\"query-input\":{\"@type\":\"PropertyValueSpecification\",\"valueRequired\":true,\"valueName\":\"search_term_string\"}}],\"inLanguage\":\"pl-PL\"},{\"@type\":\"Person\",\"@id\":\"https:\\\/\\\/gorzow.news\\\/#\\\/schema\\\/person\\\/a1e5ab43166369f2ce236a1cd90995bb\",\"name\":\"maciej\",\"image\":{\"@type\":\"ImageObject\",\"inLanguage\":\"pl-PL\",\"@id\":\"https:\\\/\\\/secure.gravatar.com\\\/avatar\\\/530a674d56ba60cfa0ef21d74e8e8d123a51bb7aa6580465b5c2ab2c2e980a19?s=96&r=g&d=https:\\\/\\\/gorzow.news\\\/wp-content\\\/plugins\\\/userswp\\\/assets\\\/images\\\/no_profile.png\",\"url\":\"https:\\\/\\\/secure.gravatar.com\\\/avatar\\\/530a674d56ba60cfa0ef21d74e8e8d123a51bb7aa6580465b5c2ab2c2e980a19?s=96&r=g&d=https:\\\/\\\/gorzow.news\\\/wp-content\\\/plugins\\\/userswp\\\/assets\\\/images\\\/no_profile.png\",\"contentUrl\":\"https:\\\/\\\/secure.gravatar.com\\\/avatar\\\/530a674d56ba60cfa0ef21d74e8e8d123a51bb7aa6580465b5c2ab2c2e980a19?s=96&r=g&d=https:\\\/\\\/gorzow.news\\\/wp-content\\\/plugins\\\/userswp\\\/assets\\\/images\\\/no_profile.png\",\"caption\":\"maciej\"},\"url\":\"https:\\\/\\\/gorzow.news\\\/index.php\\\/profile\\\/maciej\\\/\"}]}<\/script>\n<!-- \/ Yoast SEO plugin. -->","yoast_head_json":{"title":"W miejskich wodoci\u0105gach ko\u0144czy si\u0119 pewna era. Bogus\u0142aw Andrzejczak odchodzi po 15 latach. Zmiany jak domino! - Gorz\u00f3w News","description":"Bogus\u0142aw Andrzejczak, prezes gorzowskiego PWiK, odchodzi na emerytur\u0119. Jego decyzja spowodowa\u0142a, \u017ce prezydent Gorzowa rozpocz\u0105\u0142 poszukiwania god","robots":{"index":"index","follow":"follow","max-snippet":"max-snippet:-1","max-image-preview":"max-image-preview:large","max-video-preview":"max-video-preview:-1"},"canonical":"https:\/\/gorzow.news\/index.php\/2024\/10\/18\/w-miejskich-wodociagach-konczy-sie-pewna-era-boguslaw-andrzejczak-odchodzi-po-15-latach-zmiany-jak-domino\/","og_locale":"pl_PL","og_type":"article","og_title":"W miejskich wodoci\u0105gach ko\u0144czy si\u0119 pewna era. Bogus\u0142aw Andrzejczak odchodzi po 15 latach. Zmiany jak domino! - Gorz\u00f3w News","og_description":"Bogus\u0142aw Andrzejczak, prezes gorzowskiego PWiK, odchodzi na emerytur\u0119. Jego decyzja spowodowa\u0142a, \u017ce prezydent Gorzowa rozpocz\u0105\u0142 poszukiwania god","og_url":"https:\/\/gorzow.news\/index.php\/2024\/10\/18\/w-miejskich-wodociagach-konczy-sie-pewna-era-boguslaw-andrzejczak-odchodzi-po-15-latach-zmiany-jak-domino\/","og_site_name":"Gorz\u00f3w News","article_publisher":"https:\/\/www.facebook.com\/gorzowskinews","article_published_time":"2024-10-18T07:07:00+00:00","article_modified_time":"2024-10-18T16:18:23+00:00","og_image":[{"width":1620,"height":1080,"url":"https:\/\/gorzow.news\/wp-content\/uploads\/2024\/10\/fotob-14822-1.jpg","type":"image\/jpeg"}],"author":"maciej","twitter_card":"summary_large_image","twitter_misc":{"Napisane przez":"maciej","Szacowany czas czytania":"3 minuty"},"schema":{"@context":"https:\/\/schema.org","@graph":[{"@type":"Article","@id":"https:\/\/gorzow.news\/index.php\/2024\/10\/18\/w-miejskich-wodociagach-konczy-sie-pewna-era-boguslaw-andrzejczak-odchodzi-po-15-latach-zmiany-jak-domino\/#article","isPartOf":{"@id":"https:\/\/gorzow.news\/index.php\/2024\/10\/18\/w-miejskich-wodociagach-konczy-sie-pewna-era-boguslaw-andrzejczak-odchodzi-po-15-latach-zmiany-jak-domino\/"},"author":{"name":"maciej","@id":"https:\/\/gorzow.news\/#\/schema\/person\/a1e5ab43166369f2ce236a1cd90995bb"},"headline":"W miejskich wodoci\u0105gach ko\u0144czy si\u0119 pewna era. Bogus\u0142aw Andrzejczak odchodzi po 15 latach. Zmiany jak domino!","datePublished":"2024-10-18T07:07:00+00:00","dateModified":"2024-10-18T16:18:23+00:00","mainEntityOfPage":{"@id":"https:\/\/gorzow.news\/index.php\/2024\/10\/18\/w-miejskich-wodociagach-konczy-sie-pewna-era-boguslaw-andrzejczak-odchodzi-po-15-latach-zmiany-jak-domino\/"},"wordCount":581,"commentCount":0,"image":{"@id":"https:\/\/gorzow.news\/index.php\/2024\/10\/18\/w-miejskich-wodociagach-konczy-sie-pewna-era-boguslaw-andrzejczak-odchodzi-po-15-latach-zmiany-jak-domino\/#primaryimage"},"thumbnailUrl":"https:\/\/gorzow.news\/wp-content\/uploads\/2024\/10\/fotob-14822-1.jpg","keywords":["Bogus\u0142aw Andrzejczak","Inneko","Maciej Symeryak","Maciej Zalas","PWiK"],"articleSection":["Fakty i opinie","Wiadomo\u015bci"],"inLanguage":"pl-PL","potentialAction":[{"@type":"CommentAction","name":"Comment","target":["https:\/\/gorzow.news\/index.php\/2024\/10\/18\/w-miejskich-wodociagach-konczy-sie-pewna-era-boguslaw-andrzejczak-odchodzi-po-15-latach-zmiany-jak-domino\/#respond"]}]},{"@type":"WebPage","@id":"https:\/\/gorzow.news\/index.php\/2024\/10\/18\/w-miejskich-wodociagach-konczy-sie-pewna-era-boguslaw-andrzejczak-odchodzi-po-15-latach-zmiany-jak-domino\/","url":"https:\/\/gorzow.news\/index.php\/2024\/10\/18\/w-miejskich-wodociagach-konczy-sie-pewna-era-boguslaw-andrzejczak-odchodzi-po-15-latach-zmiany-jak-domino\/","name":"W miejskich wodoci\u0105gach ko\u0144czy si\u0119 pewna era. Bogus\u0142aw Andrzejczak odchodzi po 15 latach. Zmiany jak domino! - Gorz\u00f3w News","isPartOf":{"@id":"https:\/\/gorzow.news\/#website"},"primaryImageOfPage":{"@id":"https:\/\/gorzow.news\/index.php\/2024\/10\/18\/w-miejskich-wodociagach-konczy-sie-pewna-era-boguslaw-andrzejczak-odchodzi-po-15-latach-zmiany-jak-domino\/#primaryimage"},"image":{"@id":"https:\/\/gorzow.news\/index.php\/2024\/10\/18\/w-miejskich-wodociagach-konczy-sie-pewna-era-boguslaw-andrzejczak-odchodzi-po-15-latach-zmiany-jak-domino\/#primaryimage"},"thumbnailUrl":"https:\/\/gorzow.news\/wp-content\/uploads\/2024\/10\/fotob-14822-1.jpg","datePublished":"2024-10-18T07:07:00+00:00","dateModified":"2024-10-18T16:18:23+00:00","author":{"@id":"https:\/\/gorzow.news\/#\/schema\/person\/a1e5ab43166369f2ce236a1cd90995bb"},"description":"Bogus\u0142aw Andrzejczak, prezes gorzowskiego PWiK, odchodzi na emerytur\u0119. Jego decyzja spowodowa\u0142a, \u017ce prezydent Gorzowa rozpocz\u0105\u0142 poszukiwania godnego nast\u0119pcy do zarz\u0105dzania strategiczn\u0105 miejsk\u0105 sp\u00f3\u0142k\u0105. Prezydent zaproponowa\u0142 t\u0119 funkcj\u0119 Maciejowi Symeryakowi, wiceprezesowi INNEKO, kt\u00f3ry j\u0105 przyj\u0105\u0142. To z kolei spowodowa\u0142o poszukiwania specjalisty na jego miejsce. Wiceprezesem INNEKO zosta\u0142 Maciej Zalas, in\u017cynier ze znacz\u0105cym dorobkiem zawodowym i mi\u0119dzynarodowym do\u015bwiadczeniem.","breadcrumb":{"@id":"https:\/\/gorzow.news\/index.php\/2024\/10\/18\/w-miejskich-wodociagach-konczy-sie-pewna-era-boguslaw-andrzejczak-odchodzi-po-15-latach-zmiany-jak-domino\/#breadcrumb"},"inLanguage":"pl-PL","potentialAction":[{"@type":"ReadAction","target":["https:\/\/gorzow.news\/index.php\/2024\/10\/18\/w-miejskich-wodociagach-konczy-sie-pewna-era-boguslaw-andrzejczak-odchodzi-po-15-latach-zmiany-jak-domino\/"]}]},{"@type":"ImageObject","inLanguage":"pl-PL","@id":"https:\/\/gorzow.news\/index.php\/2024\/10\/18\/w-miejskich-wodociagach-konczy-sie-pewna-era-boguslaw-andrzejczak-odchodzi-po-15-latach-zmiany-jak-domino\/#primaryimage","url":"https:\/\/gorzow.news\/wp-content\/uploads\/2024\/10\/fotob-14822-1.jpg","contentUrl":"https:\/\/gorzow.news\/wp-content\/uploads\/2024\/10\/fotob-14822-1.jpg","width":1620,"height":1080,"caption":"Maciej Symeryak (nowy prezes PWiK), Bogus\u0142aw Andrzejczak (odchodz\u0105cy na emerytur\u0119 prezes PWiK) i Maciej Zalas (nowy wiceprezes INNEKO). fot. \u0141ukasz Kulczy\u0144ski"},{"@type":"BreadcrumbList","@id":"https:\/\/gorzow.news\/index.php\/2024\/10\/18\/w-miejskich-wodociagach-konczy-sie-pewna-era-boguslaw-andrzejczak-odchodzi-po-15-latach-zmiany-jak-domino\/#breadcrumb","itemListElement":[{"@type":"ListItem","position":1,"name":"Home","item":"https:\/\/gorzow.news\/"},{"@type":"ListItem","position":2,"name":"W miejskich wodoci\u0105gach ko\u0144czy si\u0119 pewna era. Bogus\u0142aw Andrzejczak odchodzi po 15 latach. Zmiany jak domino!"}]},{"@type":"WebSite","@id":"https:\/\/gorzow.news\/#website","url":"https:\/\/gorzow.news\/","name":"Gorz\u00f3w News","description":"Sp\u00f3jrz inaczej na miato i region...","potentialAction":[{"@type":"SearchAction","target":{"@type":"EntryPoint","urlTemplate":"https:\/\/gorzow.news\/?s={search_term_string}"},"query-input":{"@type":"PropertyValueSpecification","valueRequired":true,"valueName":"search_term_string"}}],"inLanguage":"pl-PL"},{"@type":"Person","@id":"https:\/\/gorzow.news\/#\/schema\/person\/a1e5ab43166369f2ce236a1cd90995bb","name":"maciej","image":{"@type":"ImageObject","inLanguage":"pl-PL","@id":"https:\/\/secure.gravatar.com\/avatar\/530a674d56ba60cfa0ef21d74e8e8d123a51bb7aa6580465b5c2ab2c2e980a19?s=96&r=g&d=https:\/\/gorzow.news\/wp-content\/plugins\/userswp\/assets\/images\/no_profile.png","url":"https:\/\/secure.gravatar.com\/avatar\/530a674d56ba60cfa0ef21d74e8e8d123a51bb7aa6580465b5c2ab2c2e980a19?s=96&r=g&d=https:\/\/gorzow.news\/wp-content\/plugins\/userswp\/assets\/images\/no_profile.png","contentUrl":"https:\/\/secure.gravatar.com\/avatar\/530a674d56ba60cfa0ef21d74e8e8d123a51bb7aa6580465b5c2ab2c2e980a19?s=96&r=g&d=https:\/\/gorzow.news\/wp-content\/plugins\/userswp\/assets\/images\/no_profile.png","caption":"maciej"},"url":"https:\/\/gorzow.news\/index.php\/profile\/maciej\/"}]}},"_links":{"self":[{"href":"https:\/\/gorzow.news\/index.php\/wp-json\/wp\/v2\/posts\/26967","targetHints":{"allow":["GET"]}}],"collection":[{"href":"https:\/\/gorzow.news\/index.php\/wp-json\/wp\/v2\/posts"}],"about":[{"href":"https:\/\/gorzow.news\/index.php\/wp-json\/wp\/v2\/types\/post"}],"author":[{"embeddable":true,"href":"https:\/\/gorzow.news\/index.php\/wp-json\/wp\/v2\/users\/1"}],"replies":[{"embeddable":true,"href":"https:\/\/gorzow.news\/index.php\/wp-json\/wp\/v2\/comments?post=26967"}],"version-history":[{"count":1,"href":"https:\/\/gorzow.news\/index.php\/wp-json\/wp\/v2\/posts\/26967\/revisions"}],"predecessor-version":[{"id":26969,"href":"https:\/\/gorzow.news\/index.php\/wp-json\/wp\/v2\/posts\/26967\/revisions\/26969"}],"wp:featuredmedia":[{"embeddable":true,"href":"https:\/\/gorzow.news\/index.php\/wp-json\/wp\/v2\/media\/26970"}],"wp:attachment":[{"href":"https:\/\/gorzow.news\/index.php\/wp-json\/wp\/v2\/media?parent=26967"}],"wp:term":[{"taxonomy":"category","embeddable":true,"href":"https:\/\/gorzow.news\/index.php\/wp-json\/wp\/v2\/categories?post=26967"},{"taxonomy":"post_tag","embeddable":true,"href":"https:\/\/gorzow.news\/index.php\/wp-json\/wp\/v2\/tags?post=26967"}],"curies":[{"name":"wp","href":"https:\/\/api.w.org\/{rel}","templated":true}]}}