{"id":25864,"date":"2024-09-18T10:41:49","date_gmt":"2024-09-18T08:41:49","guid":{"rendered":"https:\/\/gorzow.news\/?p=25864"},"modified":"2024-09-18T10:41:50","modified_gmt":"2024-09-18T08:41:50","slug":"zadanie-z-budzetu-obywatelskiego-nie-zostanie-wykonane-realizacja-napisu-i-love-gorzow-zawieszona","status":"publish","type":"post","link":"https:\/\/gorzow.news\/index.php\/2024\/09\/18\/zadanie-z-budzetu-obywatelskiego-nie-zostanie-wykonane-realizacja-napisu-i-love-gorzow-zawieszona\/","title":{"rendered":"Zadanie z bud\u017cetu obywatelskiego nie zostanie wykonane? Realizacja napisu \u201eI love Gorz\u00f3w\u201d zawieszona!"},"content":{"rendered":"\n<p><strong>Na nadwarcia\u0144skich b\u0142oniach przy ulicy Fabrycznej mia\u0142 zosta\u0107 postawiony pod\u015bwietlany napis \u201eI love Gorz\u00f3w\u201d. Inwestycja zosta\u0142a wybrana przez gorzowian podczas g\u0142osowania nad podzia\u0142em \u015brodk\u00f3w z Bud\u017cetu Obywatelskiego na rok\u2026 2021. W lipcu ubieg\u0142ego roku przetarg na realizacj\u0119 zadania za blisko 420 tys. z\u0142otych wygra\u0142a wreszcie firma Uniguard Security System z Trzebini. Napis wraz z solarnym drzewem mia\u0142 by\u0107 gotowy w grudniu 2023 roku. Wykonawca pocz\u0105tkowo prosi\u0142 o wyd\u0142u\u017cenie terminu, p\u00f3\u017aniej przesta\u0142 si\u0119 kontaktowa\u0107 z urz\u0119dnikami. W efekcie umowa zosta\u0142a rozwi\u0105zana.<\/strong><\/p>\n\n\n\n<p>Napis \u201eI love Gorz\u00f3w\u201d mia\u0142 sk\u0142ada\u0107 si\u0119 z bia\u0142ych liter o wysoko\u015bci 2 metr\u00f3w i mia\u0142 by\u0107 d\u0142ugi na 18,5 metra. Litery mia\u0142y by\u0107 wykonane ze stali i pomalowane na kolor bia\u0142y. Najwi\u0119cej mia\u0142a kosztowa\u0107 instalacja solarna w kszta\u0142cie drzewa, kt\u00f3ra mia\u0142a w kilku kolorach o\u015bwietla\u0107 napis i najbli\u017csze otoczenie. Energia do o\u015bwietlenia mia\u0142a pochodzi\u0107 z zainstalowanych w li\u015bciach paneli fotowoltaicznych i magazynowana w akumulatorach zlokalizowanych w bazie drzewa. Pr\u0105d z paneli mieli\u015bmy mie\u0107 te\u017c mo\u017cliwo\u015b\u0107 wykorzysta\u0107 do bezp\u0142atnego \u0142adowania telefon\u00f3w.<\/p>\n\n\n\n<p>Wykonawca &#8211; firma Uniguard Security System z Trzebini inwestycj\u0119 mia\u0142 zrealizowa\u0107 w grudniu 2023 roku. Gdy termin si\u0119 zbli\u017ca\u0142, to firma wyst\u0105pi\u0142a z wnioskiem o jego wyd\u0142u\u017cenie ze wzgl\u0119du na problemy z terminowym dostarczenie odpowiedniej stali. Mimo, \u017ce mija\u0142y kolejne tygodniu efekt\u00f3w prac firmy nie by\u0142o wida\u0107. Dodatkowo nie uzupe\u0142ni\u0142a ona brakuj\u0105cych dokument\u00f3w. Ostatecznie urz\u0119dnicy rozwi\u0105zali umow\u0119 z winy wykonawcy.<\/p>\n\n\n\n<p><strong>Co dalej z inwestycj\u0105?<\/strong><\/p>\n\n\n\n<p>Urz\u0105d Miasta nie planuje obecnie og\u0142aszania nowego przetargu. T\u0142umaczy, to rosn\u0105cymi kosztami realizacji zadania i przede wszystkim kontrowersjami i podwa\u017caniem sensu wydawania \u015brodk\u00f3w na takie zadanie.<\/p>\n\n\n\n<p><strong>Naszym zdaniem<\/strong><\/p>\n\n\n\n<p>Je\u015bli zadanie zosta\u0142o dopuszczone do rywalizacji inwestycji w ramach Bud\u017cetu Obywatelskiego (spe\u0142ni\u0142o wszystkie wymogi formalne) i dodatkowo zyska\u0142o w oczach mieszka\u0144c\u00f3w, to na jakiej podstawie nie b\u0119dzie realizowane? Sytuacja mo\u017ce by\u0107 pierwszym z\u0142ym przyk\u0142adem, kt\u00f3ry sprawi, \u017ce cz\u0119\u015b\u0107 mieszka\u0144c\u00f3w przestanie widzie\u0107 sens uczestnictwa w kolejnych edycjach bud\u017cetu obywatelskiego. Warto by\u0142oby przynajmniej zorganizowa\u0107 spotkanie z pomys\u0142odawcami projektu. I je\u015bli ostatecznie zadanie nie b\u0119dzie realizowane, to zwi\u0119kszy\u0107 nast\u0119pn\u0105 edycj\u0119 bud\u017cetu obywatelskiego o \u015brodki, kt\u00f3re napis &#8222;I love Gorz\u00f3w&#8221; mia\u0142 poch\u0142on\u0105\u0107.<\/p>\n","protected":false},"excerpt":{"rendered":"<p>Na nadwarcia\u0144skich b\u0142oniach przy ulicy Fabrycznej mia\u0142 zosta\u0107 postawiony pod\u015bwietlany napis \u201eI love Gorz\u00f3w\u201d. Inwestycja zosta\u0142a wybrana przez gorzowian podczas g\u0142osowania nad podzia\u0142em \u015brodk\u00f3w z Bud\u017cetu Obywatelskiego na rok\u2026 2021. W lipcu ubieg\u0142ego roku przetarg na realizacj\u0119 zadania za blisko 420 tys. z\u0142otych wygra\u0142a wreszcie firma Uniguard Security System z Trzebini. Napis wraz z solarnym [&hellip;]<\/p>\n","protected":false},"author":1,"featured_media":25865,"comment_status":"open","ping_status":"open","sticky":false,"template":"","format":"standard","meta":{"footnotes":"","_links_to":"","_links_to_target":""},"categories":[593,589,2007],"tags":[347,419,2269],"class_list":{"0":"post-25864","1":"post","2":"type-post","3":"status-publish","4":"format-standard","5":"has-post-thumbnail","7":"category-inwestycje-miejskie","8":"category-wiadomosci","9":"category-zamoscie","10":"tag-budzet-obywatelski","11":"tag-fabryczna","12":"tag-i-love-gorzow"},"yoast_head":"<!-- This site is optimized with the Yoast SEO plugin v27.3 - https:\/\/yoast.com\/product\/yoast-seo-wordpress\/ -->\n<title>Zadanie z bud\u017cetu obywatelskiego nie zostanie wykonane? Realizacja napisu \u201eI love Gorz\u00f3w\u201d zawieszona! - Gorz\u00f3w News<\/title>\n<meta name=\"description\" content=\"Na nadwarcia\u0144skich b\u0142oniach przy ulicy Fabrycznej mia\u0142 zosta\u0107 postawiony pod\u015bwietlany napis \u201eI love Gorz\u00f3w\u201d. Inwestycja zosta\u0142a wybrana prz\" \/>\n<meta name=\"robots\" content=\"index, follow, max-snippet:-1, max-image-preview:large, max-video-preview:-1\" \/>\n<link rel=\"canonical\" href=\"https:\/\/gorzow.news\/index.php\/2024\/09\/18\/zadanie-z-budzetu-obywatelskiego-nie-zostanie-wykonane-realizacja-napisu-i-love-gorzow-zawieszona\/\" \/>\n<meta property=\"og:locale\" content=\"pl_PL\" \/>\n<meta property=\"og:type\" content=\"article\" \/>\n<meta property=\"og:title\" content=\"Zadanie z bud\u017cetu obywatelskiego nie zostanie wykonane? Realizacja napisu \u201eI love Gorz\u00f3w\u201d zawieszona! - Gorz\u00f3w News\" \/>\n<meta property=\"og:description\" content=\"Na nadwarcia\u0144skich b\u0142oniach przy ulicy Fabrycznej mia\u0142 zosta\u0107 postawiony pod\u015bwietlany napis \u201eI love Gorz\u00f3w\u201d. Inwestycja zosta\u0142a wybrana prz\" \/>\n<meta property=\"og:url\" content=\"https:\/\/gorzow.news\/index.php\/2024\/09\/18\/zadanie-z-budzetu-obywatelskiego-nie-zostanie-wykonane-realizacja-napisu-i-love-gorzow-zawieszona\/\" \/>\n<meta property=\"og:site_name\" content=\"Gorz\u00f3w News\" \/>\n<meta property=\"article:publisher\" content=\"https:\/\/www.facebook.com\/gorzowskinews\" \/>\n<meta property=\"article:published_time\" content=\"2024-09-18T08:41:49+00:00\" \/>\n<meta property=\"article:modified_time\" content=\"2024-09-18T08:41:50+00:00\" \/>\n<meta property=\"og:image\" content=\"https:\/\/gorzow.news\/wp-content\/uploads\/2024\/09\/cropped-akt-fotob-4639-kopia.jpg\" \/>\n\t<meta property=\"og:image:width\" content=\"928\" \/>\n\t<meta property=\"og:image:height\" content=\"439\" \/>\n\t<meta property=\"og:image:type\" content=\"image\/jpeg\" \/>\n<meta name=\"author\" content=\"maciej\" \/>\n<meta name=\"twitter:card\" content=\"summary_large_image\" \/>\n<meta name=\"twitter:label1\" content=\"Napisane przez\" \/>\n\t<meta name=\"twitter:data1\" content=\"maciej\" \/>\n\t<meta name=\"twitter:label2\" content=\"Szacowany czas czytania\" \/>\n\t<meta name=\"twitter:data2\" content=\"1 minuta\" \/>\n<script type=\"application\/ld+json\" class=\"yoast-schema-graph\">{\"@context\":\"https:\\\/\\\/schema.org\",\"@graph\":[{\"@type\":\"Article\",\"@id\":\"https:\\\/\\\/gorzow.news\\\/index.php\\\/2024\\\/09\\\/18\\\/zadanie-z-budzetu-obywatelskiego-nie-zostanie-wykonane-realizacja-napisu-i-love-gorzow-zawieszona\\\/#article\",\"isPartOf\":{\"@id\":\"https:\\\/\\\/gorzow.news\\\/index.php\\\/2024\\\/09\\\/18\\\/zadanie-z-budzetu-obywatelskiego-nie-zostanie-wykonane-realizacja-napisu-i-love-gorzow-zawieszona\\\/\"},\"author\":{\"name\":\"maciej\",\"@id\":\"https:\\\/\\\/gorzow.news\\\/#\\\/schema\\\/person\\\/a1e5ab43166369f2ce236a1cd90995bb\"},\"headline\":\"Zadanie z bud\u017cetu obywatelskiego nie zostanie wykonane? Realizacja napisu \u201eI love Gorz\u00f3w\u201d zawieszona!\",\"datePublished\":\"2024-09-18T08:41:49+00:00\",\"dateModified\":\"2024-09-18T08:41:50+00:00\",\"mainEntityOfPage\":{\"@id\":\"https:\\\/\\\/gorzow.news\\\/index.php\\\/2024\\\/09\\\/18\\\/zadanie-z-budzetu-obywatelskiego-nie-zostanie-wykonane-realizacja-napisu-i-love-gorzow-zawieszona\\\/\"},\"wordCount\":429,\"commentCount\":0,\"image\":{\"@id\":\"https:\\\/\\\/gorzow.news\\\/index.php\\\/2024\\\/09\\\/18\\\/zadanie-z-budzetu-obywatelskiego-nie-zostanie-wykonane-realizacja-napisu-i-love-gorzow-zawieszona\\\/#primaryimage\"},\"thumbnailUrl\":\"https:\\\/\\\/gorzow.news\\\/wp-content\\\/uploads\\\/2024\\\/09\\\/cropped-akt-fotob-4639-kopia.jpg\",\"keywords\":[\"Bud\u017cet Obywatelski\",\"Fabryczna\",\"I love Gorz\u00f3w\"],\"articleSection\":[\"Inwestycje miejskie\",\"Wiadomo\u015bci\",\"Zamo\u015bcie\"],\"inLanguage\":\"pl-PL\",\"potentialAction\":[{\"@type\":\"CommentAction\",\"name\":\"Comment\",\"target\":[\"https:\\\/\\\/gorzow.news\\\/index.php\\\/2024\\\/09\\\/18\\\/zadanie-z-budzetu-obywatelskiego-nie-zostanie-wykonane-realizacja-napisu-i-love-gorzow-zawieszona\\\/#respond\"]}]},{\"@type\":\"WebPage\",\"@id\":\"https:\\\/\\\/gorzow.news\\\/index.php\\\/2024\\\/09\\\/18\\\/zadanie-z-budzetu-obywatelskiego-nie-zostanie-wykonane-realizacja-napisu-i-love-gorzow-zawieszona\\\/\",\"url\":\"https:\\\/\\\/gorzow.news\\\/index.php\\\/2024\\\/09\\\/18\\\/zadanie-z-budzetu-obywatelskiego-nie-zostanie-wykonane-realizacja-napisu-i-love-gorzow-zawieszona\\\/\",\"name\":\"Zadanie z bud\u017cetu obywatelskiego nie zostanie wykonane? Realizacja napisu \u201eI love Gorz\u00f3w\u201d zawieszona! - Gorz\u00f3w News\",\"isPartOf\":{\"@id\":\"https:\\\/\\\/gorzow.news\\\/#website\"},\"primaryImageOfPage\":{\"@id\":\"https:\\\/\\\/gorzow.news\\\/index.php\\\/2024\\\/09\\\/18\\\/zadanie-z-budzetu-obywatelskiego-nie-zostanie-wykonane-realizacja-napisu-i-love-gorzow-zawieszona\\\/#primaryimage\"},\"image\":{\"@id\":\"https:\\\/\\\/gorzow.news\\\/index.php\\\/2024\\\/09\\\/18\\\/zadanie-z-budzetu-obywatelskiego-nie-zostanie-wykonane-realizacja-napisu-i-love-gorzow-zawieszona\\\/#primaryimage\"},\"thumbnailUrl\":\"https:\\\/\\\/gorzow.news\\\/wp-content\\\/uploads\\\/2024\\\/09\\\/cropped-akt-fotob-4639-kopia.jpg\",\"datePublished\":\"2024-09-18T08:41:49+00:00\",\"dateModified\":\"2024-09-18T08:41:50+00:00\",\"author\":{\"@id\":\"https:\\\/\\\/gorzow.news\\\/#\\\/schema\\\/person\\\/a1e5ab43166369f2ce236a1cd90995bb\"},\"description\":\"Na nadwarcia\u0144skich b\u0142oniach przy ulicy Fabrycznej mia\u0142 zosta\u0107 postawiony pod\u015bwietlany napis \u201eI love Gorz\u00f3w\u201d. Inwestycja zosta\u0142a wybrana przez gorzowian podczas g\u0142osowania nad podzia\u0142em \u015brodk\u00f3w z Bud\u017cetu Obywatelskiego na rok\u2026 2021. W lipcu ubieg\u0142ego roku przetarg na realizacj\u0119 zadania za blisko 420 tys. z\u0142otych wygra\u0142a wreszcie firma Uniguard Security System z Trzebini. Napis wraz z solarnym drzewem mia\u0142 by\u0107 gotowy w grudniu 2023 roku. Wykonawca pocz\u0105tkowo prosi\u0142 o wyd\u0142u\u017cenie terminu, p\u00f3\u017aniej przesta\u0142 si\u0119 kontaktowa\u0107 z urz\u0119dnikami. W efekcie umowa zosta\u0142a rozwi\u0105zana.\",\"breadcrumb\":{\"@id\":\"https:\\\/\\\/gorzow.news\\\/index.php\\\/2024\\\/09\\\/18\\\/zadanie-z-budzetu-obywatelskiego-nie-zostanie-wykonane-realizacja-napisu-i-love-gorzow-zawieszona\\\/#breadcrumb\"},\"inLanguage\":\"pl-PL\",\"potentialAction\":[{\"@type\":\"ReadAction\",\"target\":[\"https:\\\/\\\/gorzow.news\\\/index.php\\\/2024\\\/09\\\/18\\\/zadanie-z-budzetu-obywatelskiego-nie-zostanie-wykonane-realizacja-napisu-i-love-gorzow-zawieszona\\\/\"]}]},{\"@type\":\"ImageObject\",\"inLanguage\":\"pl-PL\",\"@id\":\"https:\\\/\\\/gorzow.news\\\/index.php\\\/2024\\\/09\\\/18\\\/zadanie-z-budzetu-obywatelskiego-nie-zostanie-wykonane-realizacja-napisu-i-love-gorzow-zawieszona\\\/#primaryimage\",\"url\":\"https:\\\/\\\/gorzow.news\\\/wp-content\\\/uploads\\\/2024\\\/09\\\/cropped-akt-fotob-4639-kopia.jpg\",\"contentUrl\":\"https:\\\/\\\/gorzow.news\\\/wp-content\\\/uploads\\\/2024\\\/09\\\/cropped-akt-fotob-4639-kopia.jpg\",\"width\":928,\"height\":439,\"caption\":\"Tak mia\u0142 wygl\u0105da\u0107 napis \\\"I love Gorz\u00f3w\\\" na b\u0142oniach przy ul. Fabrycznej.\"},{\"@type\":\"BreadcrumbList\",\"@id\":\"https:\\\/\\\/gorzow.news\\\/index.php\\\/2024\\\/09\\\/18\\\/zadanie-z-budzetu-obywatelskiego-nie-zostanie-wykonane-realizacja-napisu-i-love-gorzow-zawieszona\\\/#breadcrumb\",\"itemListElement\":[{\"@type\":\"ListItem\",\"position\":1,\"name\":\"Home\",\"item\":\"https:\\\/\\\/gorzow.news\\\/\"},{\"@type\":\"ListItem\",\"position\":2,\"name\":\"Zadanie z bud\u017cetu obywatelskiego nie zostanie wykonane? Realizacja napisu \u201eI love Gorz\u00f3w\u201d zawieszona!\"}]},{\"@type\":\"WebSite\",\"@id\":\"https:\\\/\\\/gorzow.news\\\/#website\",\"url\":\"https:\\\/\\\/gorzow.news\\\/\",\"name\":\"Gorz\u00f3w News\",\"description\":\"Sp\u00f3jrz inaczej na miato i region...\",\"potentialAction\":[{\"@type\":\"SearchAction\",\"target\":{\"@type\":\"EntryPoint\",\"urlTemplate\":\"https:\\\/\\\/gorzow.news\\\/?s={search_term_string}\"},\"query-input\":{\"@type\":\"PropertyValueSpecification\",\"valueRequired\":true,\"valueName\":\"search_term_string\"}}],\"inLanguage\":\"pl-PL\"},{\"@type\":\"Person\",\"@id\":\"https:\\\/\\\/gorzow.news\\\/#\\\/schema\\\/person\\\/a1e5ab43166369f2ce236a1cd90995bb\",\"name\":\"maciej\",\"image\":{\"@type\":\"ImageObject\",\"inLanguage\":\"pl-PL\",\"@id\":\"https:\\\/\\\/secure.gravatar.com\\\/avatar\\\/530a674d56ba60cfa0ef21d74e8e8d123a51bb7aa6580465b5c2ab2c2e980a19?s=96&r=g&d=https:\\\/\\\/gorzow.news\\\/wp-content\\\/plugins\\\/userswp\\\/assets\\\/images\\\/no_profile.png\",\"url\":\"https:\\\/\\\/secure.gravatar.com\\\/avatar\\\/530a674d56ba60cfa0ef21d74e8e8d123a51bb7aa6580465b5c2ab2c2e980a19?s=96&r=g&d=https:\\\/\\\/gorzow.news\\\/wp-content\\\/plugins\\\/userswp\\\/assets\\\/images\\\/no_profile.png\",\"contentUrl\":\"https:\\\/\\\/secure.gravatar.com\\\/avatar\\\/530a674d56ba60cfa0ef21d74e8e8d123a51bb7aa6580465b5c2ab2c2e980a19?s=96&r=g&d=https:\\\/\\\/gorzow.news\\\/wp-content\\\/plugins\\\/userswp\\\/assets\\\/images\\\/no_profile.png\",\"caption\":\"maciej\"},\"url\":\"https:\\\/\\\/gorzow.news\\\/index.php\\\/profile\\\/maciej\\\/\"}]}<\/script>\n<!-- \/ Yoast SEO plugin. -->","yoast_head_json":{"title":"Zadanie z bud\u017cetu obywatelskiego nie zostanie wykonane? Realizacja napisu \u201eI love Gorz\u00f3w\u201d zawieszona! - Gorz\u00f3w News","description":"Na nadwarcia\u0144skich b\u0142oniach przy ulicy Fabrycznej mia\u0142 zosta\u0107 postawiony pod\u015bwietlany napis \u201eI love Gorz\u00f3w\u201d. Inwestycja zosta\u0142a wybrana prz","robots":{"index":"index","follow":"follow","max-snippet":"max-snippet:-1","max-image-preview":"max-image-preview:large","max-video-preview":"max-video-preview:-1"},"canonical":"https:\/\/gorzow.news\/index.php\/2024\/09\/18\/zadanie-z-budzetu-obywatelskiego-nie-zostanie-wykonane-realizacja-napisu-i-love-gorzow-zawieszona\/","og_locale":"pl_PL","og_type":"article","og_title":"Zadanie z bud\u017cetu obywatelskiego nie zostanie wykonane? Realizacja napisu \u201eI love Gorz\u00f3w\u201d zawieszona! - Gorz\u00f3w News","og_description":"Na nadwarcia\u0144skich b\u0142oniach przy ulicy Fabrycznej mia\u0142 zosta\u0107 postawiony pod\u015bwietlany napis \u201eI love Gorz\u00f3w\u201d. Inwestycja zosta\u0142a wybrana prz","og_url":"https:\/\/gorzow.news\/index.php\/2024\/09\/18\/zadanie-z-budzetu-obywatelskiego-nie-zostanie-wykonane-realizacja-napisu-i-love-gorzow-zawieszona\/","og_site_name":"Gorz\u00f3w News","article_publisher":"https:\/\/www.facebook.com\/gorzowskinews","article_published_time":"2024-09-18T08:41:49+00:00","article_modified_time":"2024-09-18T08:41:50+00:00","og_image":[{"width":928,"height":439,"url":"https:\/\/gorzow.news\/wp-content\/uploads\/2024\/09\/cropped-akt-fotob-4639-kopia.jpg","type":"image\/jpeg"}],"author":"maciej","twitter_card":"summary_large_image","twitter_misc":{"Napisane przez":"maciej","Szacowany czas czytania":"1 minuta"},"schema":{"@context":"https:\/\/schema.org","@graph":[{"@type":"Article","@id":"https:\/\/gorzow.news\/index.php\/2024\/09\/18\/zadanie-z-budzetu-obywatelskiego-nie-zostanie-wykonane-realizacja-napisu-i-love-gorzow-zawieszona\/#article","isPartOf":{"@id":"https:\/\/gorzow.news\/index.php\/2024\/09\/18\/zadanie-z-budzetu-obywatelskiego-nie-zostanie-wykonane-realizacja-napisu-i-love-gorzow-zawieszona\/"},"author":{"name":"maciej","@id":"https:\/\/gorzow.news\/#\/schema\/person\/a1e5ab43166369f2ce236a1cd90995bb"},"headline":"Zadanie z bud\u017cetu obywatelskiego nie zostanie wykonane? Realizacja napisu \u201eI love Gorz\u00f3w\u201d zawieszona!","datePublished":"2024-09-18T08:41:49+00:00","dateModified":"2024-09-18T08:41:50+00:00","mainEntityOfPage":{"@id":"https:\/\/gorzow.news\/index.php\/2024\/09\/18\/zadanie-z-budzetu-obywatelskiego-nie-zostanie-wykonane-realizacja-napisu-i-love-gorzow-zawieszona\/"},"wordCount":429,"commentCount":0,"image":{"@id":"https:\/\/gorzow.news\/index.php\/2024\/09\/18\/zadanie-z-budzetu-obywatelskiego-nie-zostanie-wykonane-realizacja-napisu-i-love-gorzow-zawieszona\/#primaryimage"},"thumbnailUrl":"https:\/\/gorzow.news\/wp-content\/uploads\/2024\/09\/cropped-akt-fotob-4639-kopia.jpg","keywords":["Bud\u017cet Obywatelski","Fabryczna","I love Gorz\u00f3w"],"articleSection":["Inwestycje miejskie","Wiadomo\u015bci","Zamo\u015bcie"],"inLanguage":"pl-PL","potentialAction":[{"@type":"CommentAction","name":"Comment","target":["https:\/\/gorzow.news\/index.php\/2024\/09\/18\/zadanie-z-budzetu-obywatelskiego-nie-zostanie-wykonane-realizacja-napisu-i-love-gorzow-zawieszona\/#respond"]}]},{"@type":"WebPage","@id":"https:\/\/gorzow.news\/index.php\/2024\/09\/18\/zadanie-z-budzetu-obywatelskiego-nie-zostanie-wykonane-realizacja-napisu-i-love-gorzow-zawieszona\/","url":"https:\/\/gorzow.news\/index.php\/2024\/09\/18\/zadanie-z-budzetu-obywatelskiego-nie-zostanie-wykonane-realizacja-napisu-i-love-gorzow-zawieszona\/","name":"Zadanie z bud\u017cetu obywatelskiego nie zostanie wykonane? Realizacja napisu \u201eI love Gorz\u00f3w\u201d zawieszona! - Gorz\u00f3w News","isPartOf":{"@id":"https:\/\/gorzow.news\/#website"},"primaryImageOfPage":{"@id":"https:\/\/gorzow.news\/index.php\/2024\/09\/18\/zadanie-z-budzetu-obywatelskiego-nie-zostanie-wykonane-realizacja-napisu-i-love-gorzow-zawieszona\/#primaryimage"},"image":{"@id":"https:\/\/gorzow.news\/index.php\/2024\/09\/18\/zadanie-z-budzetu-obywatelskiego-nie-zostanie-wykonane-realizacja-napisu-i-love-gorzow-zawieszona\/#primaryimage"},"thumbnailUrl":"https:\/\/gorzow.news\/wp-content\/uploads\/2024\/09\/cropped-akt-fotob-4639-kopia.jpg","datePublished":"2024-09-18T08:41:49+00:00","dateModified":"2024-09-18T08:41:50+00:00","author":{"@id":"https:\/\/gorzow.news\/#\/schema\/person\/a1e5ab43166369f2ce236a1cd90995bb"},"description":"Na nadwarcia\u0144skich b\u0142oniach przy ulicy Fabrycznej mia\u0142 zosta\u0107 postawiony pod\u015bwietlany napis \u201eI love Gorz\u00f3w\u201d. Inwestycja zosta\u0142a wybrana przez gorzowian podczas g\u0142osowania nad podzia\u0142em \u015brodk\u00f3w z Bud\u017cetu Obywatelskiego na rok\u2026 2021. W lipcu ubieg\u0142ego roku przetarg na realizacj\u0119 zadania za blisko 420 tys. z\u0142otych wygra\u0142a wreszcie firma Uniguard Security System z Trzebini. Napis wraz z solarnym drzewem mia\u0142 by\u0107 gotowy w grudniu 2023 roku. Wykonawca pocz\u0105tkowo prosi\u0142 o wyd\u0142u\u017cenie terminu, p\u00f3\u017aniej przesta\u0142 si\u0119 kontaktowa\u0107 z urz\u0119dnikami. W efekcie umowa zosta\u0142a rozwi\u0105zana.","breadcrumb":{"@id":"https:\/\/gorzow.news\/index.php\/2024\/09\/18\/zadanie-z-budzetu-obywatelskiego-nie-zostanie-wykonane-realizacja-napisu-i-love-gorzow-zawieszona\/#breadcrumb"},"inLanguage":"pl-PL","potentialAction":[{"@type":"ReadAction","target":["https:\/\/gorzow.news\/index.php\/2024\/09\/18\/zadanie-z-budzetu-obywatelskiego-nie-zostanie-wykonane-realizacja-napisu-i-love-gorzow-zawieszona\/"]}]},{"@type":"ImageObject","inLanguage":"pl-PL","@id":"https:\/\/gorzow.news\/index.php\/2024\/09\/18\/zadanie-z-budzetu-obywatelskiego-nie-zostanie-wykonane-realizacja-napisu-i-love-gorzow-zawieszona\/#primaryimage","url":"https:\/\/gorzow.news\/wp-content\/uploads\/2024\/09\/cropped-akt-fotob-4639-kopia.jpg","contentUrl":"https:\/\/gorzow.news\/wp-content\/uploads\/2024\/09\/cropped-akt-fotob-4639-kopia.jpg","width":928,"height":439,"caption":"Tak mia\u0142 wygl\u0105da\u0107 napis \"I love Gorz\u00f3w\" na b\u0142oniach przy ul. Fabrycznej."},{"@type":"BreadcrumbList","@id":"https:\/\/gorzow.news\/index.php\/2024\/09\/18\/zadanie-z-budzetu-obywatelskiego-nie-zostanie-wykonane-realizacja-napisu-i-love-gorzow-zawieszona\/#breadcrumb","itemListElement":[{"@type":"ListItem","position":1,"name":"Home","item":"https:\/\/gorzow.news\/"},{"@type":"ListItem","position":2,"name":"Zadanie z bud\u017cetu obywatelskiego nie zostanie wykonane? Realizacja napisu \u201eI love Gorz\u00f3w\u201d zawieszona!"}]},{"@type":"WebSite","@id":"https:\/\/gorzow.news\/#website","url":"https:\/\/gorzow.news\/","name":"Gorz\u00f3w News","description":"Sp\u00f3jrz inaczej na miato i region...","potentialAction":[{"@type":"SearchAction","target":{"@type":"EntryPoint","urlTemplate":"https:\/\/gorzow.news\/?s={search_term_string}"},"query-input":{"@type":"PropertyValueSpecification","valueRequired":true,"valueName":"search_term_string"}}],"inLanguage":"pl-PL"},{"@type":"Person","@id":"https:\/\/gorzow.news\/#\/schema\/person\/a1e5ab43166369f2ce236a1cd90995bb","name":"maciej","image":{"@type":"ImageObject","inLanguage":"pl-PL","@id":"https:\/\/secure.gravatar.com\/avatar\/530a674d56ba60cfa0ef21d74e8e8d123a51bb7aa6580465b5c2ab2c2e980a19?s=96&r=g&d=https:\/\/gorzow.news\/wp-content\/plugins\/userswp\/assets\/images\/no_profile.png","url":"https:\/\/secure.gravatar.com\/avatar\/530a674d56ba60cfa0ef21d74e8e8d123a51bb7aa6580465b5c2ab2c2e980a19?s=96&r=g&d=https:\/\/gorzow.news\/wp-content\/plugins\/userswp\/assets\/images\/no_profile.png","contentUrl":"https:\/\/secure.gravatar.com\/avatar\/530a674d56ba60cfa0ef21d74e8e8d123a51bb7aa6580465b5c2ab2c2e980a19?s=96&r=g&d=https:\/\/gorzow.news\/wp-content\/plugins\/userswp\/assets\/images\/no_profile.png","caption":"maciej"},"url":"https:\/\/gorzow.news\/index.php\/profile\/maciej\/"}]}},"_links":{"self":[{"href":"https:\/\/gorzow.news\/index.php\/wp-json\/wp\/v2\/posts\/25864","targetHints":{"allow":["GET"]}}],"collection":[{"href":"https:\/\/gorzow.news\/index.php\/wp-json\/wp\/v2\/posts"}],"about":[{"href":"https:\/\/gorzow.news\/index.php\/wp-json\/wp\/v2\/types\/post"}],"author":[{"embeddable":true,"href":"https:\/\/gorzow.news\/index.php\/wp-json\/wp\/v2\/users\/1"}],"replies":[{"embeddable":true,"href":"https:\/\/gorzow.news\/index.php\/wp-json\/wp\/v2\/comments?post=25864"}],"version-history":[{"count":1,"href":"https:\/\/gorzow.news\/index.php\/wp-json\/wp\/v2\/posts\/25864\/revisions"}],"predecessor-version":[{"id":25866,"href":"https:\/\/gorzow.news\/index.php\/wp-json\/wp\/v2\/posts\/25864\/revisions\/25866"}],"wp:featuredmedia":[{"embeddable":true,"href":"https:\/\/gorzow.news\/index.php\/wp-json\/wp\/v2\/media\/25865"}],"wp:attachment":[{"href":"https:\/\/gorzow.news\/index.php\/wp-json\/wp\/v2\/media?parent=25864"}],"wp:term":[{"taxonomy":"category","embeddable":true,"href":"https:\/\/gorzow.news\/index.php\/wp-json\/wp\/v2\/categories?post=25864"},{"taxonomy":"post_tag","embeddable":true,"href":"https:\/\/gorzow.news\/index.php\/wp-json\/wp\/v2\/tags?post=25864"}],"curies":[{"name":"wp","href":"https:\/\/api.w.org\/{rel}","templated":true}]}}