{"id":25319,"date":"2024-08-30T13:30:00","date_gmt":"2024-08-30T11:30:00","guid":{"rendered":"https:\/\/gorzow.news\/?p=25319"},"modified":"2024-08-30T15:04:28","modified_gmt":"2024-08-30T13:04:28","slug":"we-wtorek-na-terenie-big-gorzow-odsloniecie-pamiatkowej-sciany-poswieconej-silwanie-pracowales-tu-przyjdz","status":"publish","type":"post","link":"https:\/\/gorzow.news\/index.php\/2024\/08\/30\/we-wtorek-na-terenie-big-gorzow-odsloniecie-pamiatkowej-sciany-poswieconej-silwanie-pracowales-tu-przyjdz\/","title":{"rendered":"We wtorek ods\u0142oni\u0119cie pami\u0105tkowej \u015bciany po\u015bwi\u0119conej Silwanie. Pracowa\u0142e\u015b w tym zak\u0142adzie? Przyjd\u017a!"},"content":{"rendered":"\n<p><strong>Inwestorzy parku handlowego BIG Gorz\u00f3w Equilis i Acteeum zapraszaj\u0105 3 wrze\u015bnia o godz. 12:00 na ods\u0142oni\u0119cie pami\u0105tkowej \u015bciany Gorzowskich Zak\u0142ad\u00f3w Przemys\u0142u Jedwabniczego &#8222;Silwana&#8221; oraz imperium jutowego Maxa Bahra w Landsbergu.<\/strong><\/p>\n\n\n\n<p>&#8211; Na sta\u0142ej wystawie, kt\u00f3r\u0105 zostawiamy w Gorzowie Wielkopolskim omawiamy histori\u0119 zak\u0142ad\u00f3w Maxa Bahra i przypominamy, czym zajmowa\u0142a si\u0119 fabryka \u201eSilwana\u201d. Prezentowany b\u0119dzie film, a na nim archiwalne, licz\u0105ce ponad sto lat zdj\u0119cia przekazane m.in. przez Brandenburskie G\u0142\u00f3wne Archiwum Krajowe, a tak\u017ce fotografie z prywatnego archiwum jednego z g\u0142\u00f3wnych plastyk\u00f3w \u201eSilwany\u201d podarowane przez Pana <strong>Krzysztofa K\u0142ysza<\/strong>. Ponadto na \u015bcianie znalaz\u0142 si\u0119 komiks duetu: <strong>Adam \u015awi\u0119cki<\/strong> (jeden z najlepszych polskich ilustrator\u00f3w, autor ponad 60 ksi\u0105\u017cek komiksowych nie tylko dla dzieci) i <strong>Marcin Ba\u0142czewski<\/strong> (autor scenariusza, ekspert i znawca komiks\u00f3w). Przedstawia w dost\u0119pny, \u0142atwy dla dzieci spos\u00f3b histori\u0119 Gorzowa i histori\u0119 obu fabryk &#8211; zapowiadaj\u0105 fundatorzy.<\/p>\n\n\n\n<p>Do udzia\u0142u w otwarciu sta\u0142ej ekspozycji zaproszeni s\u0105 oczywi\u015bcie wszyscy gorzowianie. Organizatorom zale\u017cy r\u00f3wnie\u017c na dotarciu z informacj\u0105 do by\u0142ych pracownik\u00f3w Silwany. Otwarcie wystawy nast\u0105pi 3 wrze\u015bnia o godz. 12:00 na parkingu BIG Gorz\u00f3w, obok przystanku autobusowego, przy sklepie Decathlon.<\/p>\n","protected":false},"excerpt":{"rendered":"<p>Inwestorzy parku handlowego BIG Gorz\u00f3w Equilis i Acteeum zapraszaj\u0105 3 wrze\u015bnia o godz. 12:00 na ods\u0142oni\u0119cie pami\u0105tkowej \u015bciany Gorzowskich Zak\u0142ad\u00f3w Przemys\u0142u Jedwabniczego &#8222;Silwana&#8221; oraz imperium jutowego Maxa Bahra w Landsbergu. &#8211; Na sta\u0142ej wystawie, kt\u00f3r\u0105 zostawiamy w Gorzowie Wielkopolskim omawiamy histori\u0119 zak\u0142ad\u00f3w Maxa Bahra i przypominamy, czym zajmowa\u0142a si\u0119 fabryka \u201eSilwana\u201d. Prezentowany b\u0119dzie film, a [&hellip;]<\/p>\n","protected":false},"author":1,"featured_media":25320,"comment_status":"open","ping_status":"open","sticky":false,"template":"","format":"standard","meta":{"footnotes":"","_links_to":"","_links_to_target":""},"categories":[598,1624,2015,589],"tags":[1263,3080,2092,56,1389],"class_list":{"0":"post-25319","1":"post","2":"type-post","3":"status-publish","4":"format-standard","5":"has-post-thumbnail","7":"category-historia","8":"category-inwestycje-handlowe","9":"category-manhattan","10":"category-wiadomosci","11":"tag-acteeum-group","12":"tag-big-gorzow","13":"tag-equilis-europe","14":"tag-landsberg","15":"tag-silwana"},"yoast_head":"<!-- This site is optimized with the Yoast SEO plugin v27.3 - https:\/\/yoast.com\/product\/yoast-seo-wordpress\/ -->\n<title>We wtorek ods\u0142oni\u0119cie pami\u0105tkowej \u015bciany po\u015bwi\u0119conej Silwanie. Pracowa\u0142e\u015b w tym zak\u0142adzie? Przyjd\u017a! - Gorz\u00f3w News<\/title>\n<meta name=\"description\" content=\"\" \/>\n<meta name=\"robots\" content=\"index, follow, max-snippet:-1, max-image-preview:large, max-video-preview:-1\" \/>\n<link rel=\"canonical\" href=\"https:\/\/gorzow.news\/index.php\/2024\/08\/30\/we-wtorek-na-terenie-big-gorzow-odsloniecie-pamiatkowej-sciany-poswieconej-silwanie-pracowales-tu-przyjdz\/\" \/>\n<meta property=\"og:locale\" content=\"pl_PL\" \/>\n<meta property=\"og:type\" content=\"article\" \/>\n<meta property=\"og:title\" content=\"We wtorek ods\u0142oni\u0119cie pami\u0105tkowej \u015bciany po\u015bwi\u0119conej Silwanie. Pracowa\u0142e\u015b w tym zak\u0142adzie? Przyjd\u017a! - Gorz\u00f3w News\" \/>\n<meta property=\"og:description\" content=\"\" \/>\n<meta property=\"og:url\" content=\"https:\/\/gorzow.news\/index.php\/2024\/08\/30\/we-wtorek-na-terenie-big-gorzow-odsloniecie-pamiatkowej-sciany-poswieconej-silwanie-pracowales-tu-przyjdz\/\" \/>\n<meta property=\"og:site_name\" content=\"Gorz\u00f3w News\" \/>\n<meta property=\"article:publisher\" content=\"https:\/\/www.facebook.com\/gorzowskinews\" \/>\n<meta property=\"article:published_time\" content=\"2024-08-30T11:30:00+00:00\" \/>\n<meta property=\"article:modified_time\" content=\"2024-08-30T13:04:28+00:00\" \/>\n<meta property=\"og:image\" content=\"https:\/\/gorzow.news\/wp-content\/uploads\/2024\/08\/IMG_20240821_143012935-kopia.jpg\" \/>\n\t<meta property=\"og:image:width\" content=\"1600\" \/>\n\t<meta property=\"og:image:height\" content=\"900\" \/>\n\t<meta property=\"og:image:type\" content=\"image\/jpeg\" \/>\n<meta name=\"author\" content=\"maciej\" \/>\n<meta name=\"twitter:card\" content=\"summary_large_image\" \/>\n<meta name=\"twitter:label1\" content=\"Napisane przez\" \/>\n\t<meta name=\"twitter:data1\" content=\"maciej\" \/>\n\t<meta name=\"twitter:label2\" content=\"Szacowany czas czytania\" \/>\n\t<meta name=\"twitter:data2\" content=\"2 minuty\" \/>\n<script type=\"application\/ld+json\" class=\"yoast-schema-graph\">{\"@context\":\"https:\\\/\\\/schema.org\",\"@graph\":[{\"@type\":\"Article\",\"@id\":\"https:\\\/\\\/gorzow.news\\\/index.php\\\/2024\\\/08\\\/30\\\/we-wtorek-na-terenie-big-gorzow-odsloniecie-pamiatkowej-sciany-poswieconej-silwanie-pracowales-tu-przyjdz\\\/#article\",\"isPartOf\":{\"@id\":\"https:\\\/\\\/gorzow.news\\\/index.php\\\/2024\\\/08\\\/30\\\/we-wtorek-na-terenie-big-gorzow-odsloniecie-pamiatkowej-sciany-poswieconej-silwanie-pracowales-tu-przyjdz\\\/\"},\"author\":{\"name\":\"maciej\",\"@id\":\"https:\\\/\\\/gorzow.news\\\/#\\\/schema\\\/person\\\/a1e5ab43166369f2ce236a1cd90995bb\"},\"headline\":\"We wtorek ods\u0142oni\u0119cie pami\u0105tkowej \u015bciany po\u015bwi\u0119conej Silwanie. Pracowa\u0142e\u015b w tym zak\u0142adzie? Przyjd\u017a!\",\"datePublished\":\"2024-08-30T11:30:00+00:00\",\"dateModified\":\"2024-08-30T13:04:28+00:00\",\"mainEntityOfPage\":{\"@id\":\"https:\\\/\\\/gorzow.news\\\/index.php\\\/2024\\\/08\\\/30\\\/we-wtorek-na-terenie-big-gorzow-odsloniecie-pamiatkowej-sciany-poswieconej-silwanie-pracowales-tu-przyjdz\\\/\"},\"wordCount\":227,\"commentCount\":0,\"image\":{\"@id\":\"https:\\\/\\\/gorzow.news\\\/index.php\\\/2024\\\/08\\\/30\\\/we-wtorek-na-terenie-big-gorzow-odsloniecie-pamiatkowej-sciany-poswieconej-silwanie-pracowales-tu-przyjdz\\\/#primaryimage\"},\"thumbnailUrl\":\"https:\\\/\\\/gorzow.news\\\/wp-content\\\/uploads\\\/2024\\\/08\\\/IMG_20240821_143012935-kopia.jpg\",\"keywords\":[\"Acteeum Group\",\"BIG Gorz\u00f3w\",\"Equilis Europe\",\"Landsberg\",\"Silwana\"],\"articleSection\":[\"Historia\",\"Inwestycje handlowe\",\"Manhattan\",\"Wiadomo\u015bci\"],\"inLanguage\":\"pl-PL\",\"potentialAction\":[{\"@type\":\"CommentAction\",\"name\":\"Comment\",\"target\":[\"https:\\\/\\\/gorzow.news\\\/index.php\\\/2024\\\/08\\\/30\\\/we-wtorek-na-terenie-big-gorzow-odsloniecie-pamiatkowej-sciany-poswieconej-silwanie-pracowales-tu-przyjdz\\\/#respond\"]}]},{\"@type\":\"WebPage\",\"@id\":\"https:\\\/\\\/gorzow.news\\\/index.php\\\/2024\\\/08\\\/30\\\/we-wtorek-na-terenie-big-gorzow-odsloniecie-pamiatkowej-sciany-poswieconej-silwanie-pracowales-tu-przyjdz\\\/\",\"url\":\"https:\\\/\\\/gorzow.news\\\/index.php\\\/2024\\\/08\\\/30\\\/we-wtorek-na-terenie-big-gorzow-odsloniecie-pamiatkowej-sciany-poswieconej-silwanie-pracowales-tu-przyjdz\\\/\",\"name\":\"We wtorek ods\u0142oni\u0119cie pami\u0105tkowej \u015bciany po\u015bwi\u0119conej Silwanie. Pracowa\u0142e\u015b w tym zak\u0142adzie? Przyjd\u017a! - Gorz\u00f3w News\",\"isPartOf\":{\"@id\":\"https:\\\/\\\/gorzow.news\\\/#website\"},\"primaryImageOfPage\":{\"@id\":\"https:\\\/\\\/gorzow.news\\\/index.php\\\/2024\\\/08\\\/30\\\/we-wtorek-na-terenie-big-gorzow-odsloniecie-pamiatkowej-sciany-poswieconej-silwanie-pracowales-tu-przyjdz\\\/#primaryimage\"},\"image\":{\"@id\":\"https:\\\/\\\/gorzow.news\\\/index.php\\\/2024\\\/08\\\/30\\\/we-wtorek-na-terenie-big-gorzow-odsloniecie-pamiatkowej-sciany-poswieconej-silwanie-pracowales-tu-przyjdz\\\/#primaryimage\"},\"thumbnailUrl\":\"https:\\\/\\\/gorzow.news\\\/wp-content\\\/uploads\\\/2024\\\/08\\\/IMG_20240821_143012935-kopia.jpg\",\"datePublished\":\"2024-08-30T11:30:00+00:00\",\"dateModified\":\"2024-08-30T13:04:28+00:00\",\"author\":{\"@id\":\"https:\\\/\\\/gorzow.news\\\/#\\\/schema\\\/person\\\/a1e5ab43166369f2ce236a1cd90995bb\"},\"description\":\"Inwestorzy parku handlowego BIG Gorz\u00f3w Equilis i Acteeum zapraszaj\u0105 3 wrze\u015bnia o godz. 12:00 na ods\u0142oni\u0119cie pami\u0105tkowej \u015bciany Gorzowskich Zak\u0142ad\u00f3w Przemys\u0142u Jedwabniczego \\\"Silwana\\\" oraz imperium jutowego Maxa Bahra w Landsbergu.\",\"breadcrumb\":{\"@id\":\"https:\\\/\\\/gorzow.news\\\/index.php\\\/2024\\\/08\\\/30\\\/we-wtorek-na-terenie-big-gorzow-odsloniecie-pamiatkowej-sciany-poswieconej-silwanie-pracowales-tu-przyjdz\\\/#breadcrumb\"},\"inLanguage\":\"pl-PL\",\"potentialAction\":[{\"@type\":\"ReadAction\",\"target\":[\"https:\\\/\\\/gorzow.news\\\/index.php\\\/2024\\\/08\\\/30\\\/we-wtorek-na-terenie-big-gorzow-odsloniecie-pamiatkowej-sciany-poswieconej-silwanie-pracowales-tu-przyjdz\\\/\"]}]},{\"@type\":\"ImageObject\",\"inLanguage\":\"pl-PL\",\"@id\":\"https:\\\/\\\/gorzow.news\\\/index.php\\\/2024\\\/08\\\/30\\\/we-wtorek-na-terenie-big-gorzow-odsloniecie-pamiatkowej-sciany-poswieconej-silwanie-pracowales-tu-przyjdz\\\/#primaryimage\",\"url\":\"https:\\\/\\\/gorzow.news\\\/wp-content\\\/uploads\\\/2024\\\/08\\\/IMG_20240821_143012935-kopia.jpg\",\"contentUrl\":\"https:\\\/\\\/gorzow.news\\\/wp-content\\\/uploads\\\/2024\\\/08\\\/IMG_20240821_143012935-kopia.jpg\",\"width\":1600,\"height\":900,\"caption\":\"Pami\u0105tkowa \u015bciana Gorzowskich Zak\u0142ad\u00f3w Przemys\u0142u Jedwabniczego \\\"Silwana\\\" oraz imperium jutowego Maxa Bahra w Landsbergu zostanie ods\u0142oni\u0119ta we wtorek, tj. 3 wrze\u015bnia na terenie parku handlowego BIG Gorz\u00f3w.\"},{\"@type\":\"BreadcrumbList\",\"@id\":\"https:\\\/\\\/gorzow.news\\\/index.php\\\/2024\\\/08\\\/30\\\/we-wtorek-na-terenie-big-gorzow-odsloniecie-pamiatkowej-sciany-poswieconej-silwanie-pracowales-tu-przyjdz\\\/#breadcrumb\",\"itemListElement\":[{\"@type\":\"ListItem\",\"position\":1,\"name\":\"Home\",\"item\":\"https:\\\/\\\/gorzow.news\\\/\"},{\"@type\":\"ListItem\",\"position\":2,\"name\":\"We wtorek ods\u0142oni\u0119cie pami\u0105tkowej \u015bciany po\u015bwi\u0119conej Silwanie. Pracowa\u0142e\u015b w tym zak\u0142adzie? Przyjd\u017a!\"}]},{\"@type\":\"WebSite\",\"@id\":\"https:\\\/\\\/gorzow.news\\\/#website\",\"url\":\"https:\\\/\\\/gorzow.news\\\/\",\"name\":\"Gorz\u00f3w News\",\"description\":\"Sp\u00f3jrz inaczej na miato i region...\",\"potentialAction\":[{\"@type\":\"SearchAction\",\"target\":{\"@type\":\"EntryPoint\",\"urlTemplate\":\"https:\\\/\\\/gorzow.news\\\/?s={search_term_string}\"},\"query-input\":{\"@type\":\"PropertyValueSpecification\",\"valueRequired\":true,\"valueName\":\"search_term_string\"}}],\"inLanguage\":\"pl-PL\"},{\"@type\":\"Person\",\"@id\":\"https:\\\/\\\/gorzow.news\\\/#\\\/schema\\\/person\\\/a1e5ab43166369f2ce236a1cd90995bb\",\"name\":\"maciej\",\"image\":{\"@type\":\"ImageObject\",\"inLanguage\":\"pl-PL\",\"@id\":\"https:\\\/\\\/secure.gravatar.com\\\/avatar\\\/530a674d56ba60cfa0ef21d74e8e8d123a51bb7aa6580465b5c2ab2c2e980a19?s=96&r=g&d=https:\\\/\\\/gorzow.news\\\/wp-content\\\/plugins\\\/userswp\\\/assets\\\/images\\\/no_profile.png\",\"url\":\"https:\\\/\\\/secure.gravatar.com\\\/avatar\\\/530a674d56ba60cfa0ef21d74e8e8d123a51bb7aa6580465b5c2ab2c2e980a19?s=96&r=g&d=https:\\\/\\\/gorzow.news\\\/wp-content\\\/plugins\\\/userswp\\\/assets\\\/images\\\/no_profile.png\",\"contentUrl\":\"https:\\\/\\\/secure.gravatar.com\\\/avatar\\\/530a674d56ba60cfa0ef21d74e8e8d123a51bb7aa6580465b5c2ab2c2e980a19?s=96&r=g&d=https:\\\/\\\/gorzow.news\\\/wp-content\\\/plugins\\\/userswp\\\/assets\\\/images\\\/no_profile.png\",\"caption\":\"maciej\"},\"url\":\"https:\\\/\\\/gorzow.news\\\/index.php\\\/profile\\\/maciej\\\/\"}]}<\/script>\n<!-- \/ Yoast SEO plugin. -->","yoast_head_json":{"title":"We wtorek ods\u0142oni\u0119cie pami\u0105tkowej \u015bciany po\u015bwi\u0119conej Silwanie. Pracowa\u0142e\u015b w tym zak\u0142adzie? Przyjd\u017a! - Gorz\u00f3w News","description":"Inwestorzy parku handlowego BIG Gorz\u00f3w Equilis i Acteeum zapraszaj\u0105 3 wrze\u015bnia o godz. 12:00 na ods\u0142oni\u0119cie pami\u0105tkowej \u015bciany Gorzowskich Zak?","robots":{"index":"index","follow":"follow","max-snippet":"max-snippet:-1","max-image-preview":"max-image-preview:large","max-video-preview":"max-video-preview:-1"},"canonical":"https:\/\/gorzow.news\/index.php\/2024\/08\/30\/we-wtorek-na-terenie-big-gorzow-odsloniecie-pamiatkowej-sciany-poswieconej-silwanie-pracowales-tu-przyjdz\/","og_locale":"pl_PL","og_type":"article","og_title":"We wtorek ods\u0142oni\u0119cie pami\u0105tkowej \u015bciany po\u015bwi\u0119conej Silwanie. Pracowa\u0142e\u015b w tym zak\u0142adzie? Przyjd\u017a! - Gorz\u00f3w News","og_description":"Inwestorzy parku handlowego BIG Gorz\u00f3w Equilis i Acteeum zapraszaj\u0105 3 wrze\u015bnia o godz. 12:00 na ods\u0142oni\u0119cie pami\u0105tkowej \u015bciany Gorzowskich Zak?","og_url":"https:\/\/gorzow.news\/index.php\/2024\/08\/30\/we-wtorek-na-terenie-big-gorzow-odsloniecie-pamiatkowej-sciany-poswieconej-silwanie-pracowales-tu-przyjdz\/","og_site_name":"Gorz\u00f3w News","article_publisher":"https:\/\/www.facebook.com\/gorzowskinews","article_published_time":"2024-08-30T11:30:00+00:00","article_modified_time":"2024-08-30T13:04:28+00:00","og_image":[{"width":1600,"height":900,"url":"https:\/\/gorzow.news\/wp-content\/uploads\/2024\/08\/IMG_20240821_143012935-kopia.jpg","type":"image\/jpeg"}],"author":"maciej","twitter_card":"summary_large_image","twitter_misc":{"Napisane przez":"maciej","Szacowany czas czytania":"2 minuty"},"schema":{"@context":"https:\/\/schema.org","@graph":[{"@type":"Article","@id":"https:\/\/gorzow.news\/index.php\/2024\/08\/30\/we-wtorek-na-terenie-big-gorzow-odsloniecie-pamiatkowej-sciany-poswieconej-silwanie-pracowales-tu-przyjdz\/#article","isPartOf":{"@id":"https:\/\/gorzow.news\/index.php\/2024\/08\/30\/we-wtorek-na-terenie-big-gorzow-odsloniecie-pamiatkowej-sciany-poswieconej-silwanie-pracowales-tu-przyjdz\/"},"author":{"name":"maciej","@id":"https:\/\/gorzow.news\/#\/schema\/person\/a1e5ab43166369f2ce236a1cd90995bb"},"headline":"We wtorek ods\u0142oni\u0119cie pami\u0105tkowej \u015bciany po\u015bwi\u0119conej Silwanie. Pracowa\u0142e\u015b w tym zak\u0142adzie? Przyjd\u017a!","datePublished":"2024-08-30T11:30:00+00:00","dateModified":"2024-08-30T13:04:28+00:00","mainEntityOfPage":{"@id":"https:\/\/gorzow.news\/index.php\/2024\/08\/30\/we-wtorek-na-terenie-big-gorzow-odsloniecie-pamiatkowej-sciany-poswieconej-silwanie-pracowales-tu-przyjdz\/"},"wordCount":227,"commentCount":0,"image":{"@id":"https:\/\/gorzow.news\/index.php\/2024\/08\/30\/we-wtorek-na-terenie-big-gorzow-odsloniecie-pamiatkowej-sciany-poswieconej-silwanie-pracowales-tu-przyjdz\/#primaryimage"},"thumbnailUrl":"https:\/\/gorzow.news\/wp-content\/uploads\/2024\/08\/IMG_20240821_143012935-kopia.jpg","keywords":["Acteeum Group","BIG Gorz\u00f3w","Equilis Europe","Landsberg","Silwana"],"articleSection":["Historia","Inwestycje handlowe","Manhattan","Wiadomo\u015bci"],"inLanguage":"pl-PL","potentialAction":[{"@type":"CommentAction","name":"Comment","target":["https:\/\/gorzow.news\/index.php\/2024\/08\/30\/we-wtorek-na-terenie-big-gorzow-odsloniecie-pamiatkowej-sciany-poswieconej-silwanie-pracowales-tu-przyjdz\/#respond"]}]},{"@type":"WebPage","@id":"https:\/\/gorzow.news\/index.php\/2024\/08\/30\/we-wtorek-na-terenie-big-gorzow-odsloniecie-pamiatkowej-sciany-poswieconej-silwanie-pracowales-tu-przyjdz\/","url":"https:\/\/gorzow.news\/index.php\/2024\/08\/30\/we-wtorek-na-terenie-big-gorzow-odsloniecie-pamiatkowej-sciany-poswieconej-silwanie-pracowales-tu-przyjdz\/","name":"We wtorek ods\u0142oni\u0119cie pami\u0105tkowej \u015bciany po\u015bwi\u0119conej Silwanie. Pracowa\u0142e\u015b w tym zak\u0142adzie? Przyjd\u017a! - Gorz\u00f3w News","isPartOf":{"@id":"https:\/\/gorzow.news\/#website"},"primaryImageOfPage":{"@id":"https:\/\/gorzow.news\/index.php\/2024\/08\/30\/we-wtorek-na-terenie-big-gorzow-odsloniecie-pamiatkowej-sciany-poswieconej-silwanie-pracowales-tu-przyjdz\/#primaryimage"},"image":{"@id":"https:\/\/gorzow.news\/index.php\/2024\/08\/30\/we-wtorek-na-terenie-big-gorzow-odsloniecie-pamiatkowej-sciany-poswieconej-silwanie-pracowales-tu-przyjdz\/#primaryimage"},"thumbnailUrl":"https:\/\/gorzow.news\/wp-content\/uploads\/2024\/08\/IMG_20240821_143012935-kopia.jpg","datePublished":"2024-08-30T11:30:00+00:00","dateModified":"2024-08-30T13:04:28+00:00","author":{"@id":"https:\/\/gorzow.news\/#\/schema\/person\/a1e5ab43166369f2ce236a1cd90995bb"},"description":"Inwestorzy parku handlowego BIG Gorz\u00f3w Equilis i Acteeum zapraszaj\u0105 3 wrze\u015bnia o godz. 12:00 na ods\u0142oni\u0119cie pami\u0105tkowej \u015bciany Gorzowskich Zak\u0142ad\u00f3w Przemys\u0142u Jedwabniczego \"Silwana\" oraz imperium jutowego Maxa Bahra w Landsbergu.","breadcrumb":{"@id":"https:\/\/gorzow.news\/index.php\/2024\/08\/30\/we-wtorek-na-terenie-big-gorzow-odsloniecie-pamiatkowej-sciany-poswieconej-silwanie-pracowales-tu-przyjdz\/#breadcrumb"},"inLanguage":"pl-PL","potentialAction":[{"@type":"ReadAction","target":["https:\/\/gorzow.news\/index.php\/2024\/08\/30\/we-wtorek-na-terenie-big-gorzow-odsloniecie-pamiatkowej-sciany-poswieconej-silwanie-pracowales-tu-przyjdz\/"]}]},{"@type":"ImageObject","inLanguage":"pl-PL","@id":"https:\/\/gorzow.news\/index.php\/2024\/08\/30\/we-wtorek-na-terenie-big-gorzow-odsloniecie-pamiatkowej-sciany-poswieconej-silwanie-pracowales-tu-przyjdz\/#primaryimage","url":"https:\/\/gorzow.news\/wp-content\/uploads\/2024\/08\/IMG_20240821_143012935-kopia.jpg","contentUrl":"https:\/\/gorzow.news\/wp-content\/uploads\/2024\/08\/IMG_20240821_143012935-kopia.jpg","width":1600,"height":900,"caption":"Pami\u0105tkowa \u015bciana Gorzowskich Zak\u0142ad\u00f3w Przemys\u0142u Jedwabniczego \"Silwana\" oraz imperium jutowego Maxa Bahra w Landsbergu zostanie ods\u0142oni\u0119ta we wtorek, tj. 3 wrze\u015bnia na terenie parku handlowego BIG Gorz\u00f3w."},{"@type":"BreadcrumbList","@id":"https:\/\/gorzow.news\/index.php\/2024\/08\/30\/we-wtorek-na-terenie-big-gorzow-odsloniecie-pamiatkowej-sciany-poswieconej-silwanie-pracowales-tu-przyjdz\/#breadcrumb","itemListElement":[{"@type":"ListItem","position":1,"name":"Home","item":"https:\/\/gorzow.news\/"},{"@type":"ListItem","position":2,"name":"We wtorek ods\u0142oni\u0119cie pami\u0105tkowej \u015bciany po\u015bwi\u0119conej Silwanie. Pracowa\u0142e\u015b w tym zak\u0142adzie? Przyjd\u017a!"}]},{"@type":"WebSite","@id":"https:\/\/gorzow.news\/#website","url":"https:\/\/gorzow.news\/","name":"Gorz\u00f3w News","description":"Sp\u00f3jrz inaczej na miato i region...","potentialAction":[{"@type":"SearchAction","target":{"@type":"EntryPoint","urlTemplate":"https:\/\/gorzow.news\/?s={search_term_string}"},"query-input":{"@type":"PropertyValueSpecification","valueRequired":true,"valueName":"search_term_string"}}],"inLanguage":"pl-PL"},{"@type":"Person","@id":"https:\/\/gorzow.news\/#\/schema\/person\/a1e5ab43166369f2ce236a1cd90995bb","name":"maciej","image":{"@type":"ImageObject","inLanguage":"pl-PL","@id":"https:\/\/secure.gravatar.com\/avatar\/530a674d56ba60cfa0ef21d74e8e8d123a51bb7aa6580465b5c2ab2c2e980a19?s=96&r=g&d=https:\/\/gorzow.news\/wp-content\/plugins\/userswp\/assets\/images\/no_profile.png","url":"https:\/\/secure.gravatar.com\/avatar\/530a674d56ba60cfa0ef21d74e8e8d123a51bb7aa6580465b5c2ab2c2e980a19?s=96&r=g&d=https:\/\/gorzow.news\/wp-content\/plugins\/userswp\/assets\/images\/no_profile.png","contentUrl":"https:\/\/secure.gravatar.com\/avatar\/530a674d56ba60cfa0ef21d74e8e8d123a51bb7aa6580465b5c2ab2c2e980a19?s=96&r=g&d=https:\/\/gorzow.news\/wp-content\/plugins\/userswp\/assets\/images\/no_profile.png","caption":"maciej"},"url":"https:\/\/gorzow.news\/index.php\/profile\/maciej\/"}]}},"_links":{"self":[{"href":"https:\/\/gorzow.news\/index.php\/wp-json\/wp\/v2\/posts\/25319","targetHints":{"allow":["GET"]}}],"collection":[{"href":"https:\/\/gorzow.news\/index.php\/wp-json\/wp\/v2\/posts"}],"about":[{"href":"https:\/\/gorzow.news\/index.php\/wp-json\/wp\/v2\/types\/post"}],"author":[{"embeddable":true,"href":"https:\/\/gorzow.news\/index.php\/wp-json\/wp\/v2\/users\/1"}],"replies":[{"embeddable":true,"href":"https:\/\/gorzow.news\/index.php\/wp-json\/wp\/v2\/comments?post=25319"}],"version-history":[{"count":3,"href":"https:\/\/gorzow.news\/index.php\/wp-json\/wp\/v2\/posts\/25319\/revisions"}],"predecessor-version":[{"id":25324,"href":"https:\/\/gorzow.news\/index.php\/wp-json\/wp\/v2\/posts\/25319\/revisions\/25324"}],"wp:featuredmedia":[{"embeddable":true,"href":"https:\/\/gorzow.news\/index.php\/wp-json\/wp\/v2\/media\/25320"}],"wp:attachment":[{"href":"https:\/\/gorzow.news\/index.php\/wp-json\/wp\/v2\/media?parent=25319"}],"wp:term":[{"taxonomy":"category","embeddable":true,"href":"https:\/\/gorzow.news\/index.php\/wp-json\/wp\/v2\/categories?post=25319"},{"taxonomy":"post_tag","embeddable":true,"href":"https:\/\/gorzow.news\/index.php\/wp-json\/wp\/v2\/tags?post=25319"}],"curies":[{"name":"wp","href":"https:\/\/api.w.org\/{rel}","templated":true}]}}