{"id":24629,"date":"2024-08-12T07:41:00","date_gmt":"2024-08-12T05:41:00","guid":{"rendered":"https:\/\/gorzow.news\/?p=24629"},"modified":"2024-08-12T13:46:49","modified_gmt":"2024-08-12T11:46:49","slug":"sportowcy-startu-gorzow-najlepsi-w-mistrzostwach-polski-w-lucznictwie-organizowanych-w-domu","status":"publish","type":"post","link":"https:\/\/gorzow.news\/index.php\/2024\/08\/12\/sportowcy-startu-gorzow-najlepsi-w-mistrzostwach-polski-w-lucznictwie-organizowanych-w-domu\/","title":{"rendered":"Sportowcy Startu Gorz\u00f3w najlepsi w Mistrzostwach Polski w \u0142ucznictwie"},"content":{"rendered":"\n<p><strong>W sobot\u0119 i niedziel\u0119, to jest 10 i 11 sierpnia w naszym mie\u015bcie na torach \u0142uczniczych przy ulicy Pozna\u0144skiej odby\u0142y si\u0119 Mistrzostwa Polski Os\u00f3b Niepe\u0142nosprawnych w \u0141ucznictwie. W klasyfikacji medalowej najlepsi okazali si\u0119 gospodarze.<\/strong><\/p>\n\n\n\n<p>Sportowcy Startu Gorz\u00f3w zdobyli 9 medali (po trzy z\u0142ote, srebrne i br\u0105zowe), wyprzedzaj\u0105c Start Kielce (4 medale; trzy z\u0142ote i br\u0105zowy) oraz Start Lublin (4 medale; jeden z\u0142oty i srebrny, dwa br\u0105zowe).<\/p>\n\n\n\n<p>W zawodach wzi\u0119\u0142o udzia\u0142 dziesi\u0119\u0107 dru\u017cyn z ca\u0142ej Polski.<\/p>\n\n\n\n<p>XVII Letnie Igrzyska Paraolimpijskie w Pary\u017cu odb\u0119d\u0105 si\u0119 od 28 sierpnia do 8 wrze\u015bnia br. W programie paraigrzysk znalaz\u0142y si\u0119 22 dyscypliny sportowe, te same kt\u00f3re zosta\u0142y rozegrane podczas zawod\u00f3w w Tokio. Jest jednak wi\u0119cej ni\u017c dotychczas konkurencji przeznaczonych dla kobiet \u2013 b\u0119dzie ich a\u017c 235, dwukrotnie wi\u0119cej ni\u017c podczas Igrzysk Paraolimpijskich w Sydney w 2000 roku.<\/p>\n","protected":false},"excerpt":{"rendered":"<p>W sobot\u0119 i niedziel\u0119, to jest 10 i 11 sierpnia w naszym mie\u015bcie na torach \u0142uczniczych przy ulicy Pozna\u0144skiej odby\u0142y si\u0119 Mistrzostwa Polski Os\u00f3b Niepe\u0142nosprawnych w \u0141ucznictwie. W klasyfikacji medalowej najlepsi okazali si\u0119 gospodarze. Sportowcy Startu Gorz\u00f3w zdobyli 9 medali (po trzy z\u0142ote, srebrne i br\u0105zowe), wyprzedzaj\u0105c Start Kielce (4 medale; trzy z\u0142ote i br\u0105zowy) [&hellip;]<\/p>\n","protected":false},"author":1,"featured_media":24630,"comment_status":"open","ping_status":"open","sticky":false,"template":"","format":"standard","meta":{"footnotes":"","_links_to":"","_links_to_target":""},"categories":[3066],"tags":[3103,3102],"class_list":{"0":"post-24629","1":"post","2":"type-post","3":"status-publish","4":"format-standard","5":"has-post-thumbnail","7":"category-inne","8":"tag-igrzyska-paraolimpijskie","9":"tag-start-gorzow"},"yoast_head":"<!-- This site is optimized with the Yoast SEO plugin v27.3 - https:\/\/yoast.com\/product\/yoast-seo-wordpress\/ -->\n<title>Sportowcy Startu Gorz\u00f3w najlepsi w Mistrzostwach Polski w \u0142ucznictwie - Gorz\u00f3w News<\/title>\n<meta name=\"description\" content=\"W sobot\u0119 i niedziel\u0119, to jest 10 i 11 sierpnia w naszym mie\u015bcie na torach \u0142uczniczych przy ulicy Pozna\u0144skiej odby\u0142y si\u0119 Mistrzostwa Polski Os\u00f3\" \/>\n<meta name=\"robots\" content=\"index, follow, max-snippet:-1, max-image-preview:large, max-video-preview:-1\" \/>\n<link rel=\"canonical\" href=\"https:\/\/gorzow.news\/index.php\/2024\/08\/12\/sportowcy-startu-gorzow-najlepsi-w-mistrzostwach-polski-w-lucznictwie-organizowanych-w-domu\/\" \/>\n<meta property=\"og:locale\" content=\"pl_PL\" \/>\n<meta property=\"og:type\" content=\"article\" \/>\n<meta property=\"og:title\" content=\"Sportowcy Startu Gorz\u00f3w najlepsi w Mistrzostwach Polski w \u0142ucznictwie - Gorz\u00f3w News\" \/>\n<meta property=\"og:description\" content=\"W sobot\u0119 i niedziel\u0119, to jest 10 i 11 sierpnia w naszym mie\u015bcie na torach \u0142uczniczych przy ulicy Pozna\u0144skiej odby\u0142y si\u0119 Mistrzostwa Polski Os\u00f3\" \/>\n<meta property=\"og:url\" content=\"https:\/\/gorzow.news\/index.php\/2024\/08\/12\/sportowcy-startu-gorzow-najlepsi-w-mistrzostwach-polski-w-lucznictwie-organizowanych-w-domu\/\" \/>\n<meta property=\"og:site_name\" content=\"Gorz\u00f3w News\" \/>\n<meta property=\"article:publisher\" content=\"https:\/\/www.facebook.com\/gorzowskinews\" \/>\n<meta property=\"article:published_time\" content=\"2024-08-12T05:41:00+00:00\" \/>\n<meta property=\"article:modified_time\" content=\"2024-08-12T11:46:49+00:00\" \/>\n<meta property=\"og:image\" content=\"https:\/\/gorzow.news\/wp-content\/uploads\/2024\/08\/454741496_995278809277290_2825083163637522377_n.jpg\" \/>\n\t<meta property=\"og:image:width\" content=\"2000\" \/>\n\t<meta property=\"og:image:height\" content=\"924\" \/>\n\t<meta property=\"og:image:type\" content=\"image\/jpeg\" \/>\n<meta name=\"author\" content=\"maciej\" \/>\n<meta name=\"twitter:card\" content=\"summary_large_image\" \/>\n<meta name=\"twitter:label1\" content=\"Napisane przez\" \/>\n\t<meta name=\"twitter:data1\" content=\"maciej\" \/>\n\t<meta name=\"twitter:label2\" content=\"Szacowany czas czytania\" \/>\n\t<meta name=\"twitter:data2\" content=\"1 minuta\" \/>\n<script type=\"application\/ld+json\" class=\"yoast-schema-graph\">{\"@context\":\"https:\\\/\\\/schema.org\",\"@graph\":[{\"@type\":\"Article\",\"@id\":\"https:\\\/\\\/gorzow.news\\\/index.php\\\/2024\\\/08\\\/12\\\/sportowcy-startu-gorzow-najlepsi-w-mistrzostwach-polski-w-lucznictwie-organizowanych-w-domu\\\/#article\",\"isPartOf\":{\"@id\":\"https:\\\/\\\/gorzow.news\\\/index.php\\\/2024\\\/08\\\/12\\\/sportowcy-startu-gorzow-najlepsi-w-mistrzostwach-polski-w-lucznictwie-organizowanych-w-domu\\\/\"},\"author\":{\"name\":\"maciej\",\"@id\":\"https:\\\/\\\/gorzow.news\\\/#\\\/schema\\\/person\\\/a1e5ab43166369f2ce236a1cd90995bb\"},\"headline\":\"Sportowcy Startu Gorz\u00f3w najlepsi w Mistrzostwach Polski w \u0142ucznictwie\",\"datePublished\":\"2024-08-12T05:41:00+00:00\",\"dateModified\":\"2024-08-12T11:46:49+00:00\",\"mainEntityOfPage\":{\"@id\":\"https:\\\/\\\/gorzow.news\\\/index.php\\\/2024\\\/08\\\/12\\\/sportowcy-startu-gorzow-najlepsi-w-mistrzostwach-polski-w-lucznictwie-organizowanych-w-domu\\\/\"},\"wordCount\":157,\"commentCount\":0,\"image\":{\"@id\":\"https:\\\/\\\/gorzow.news\\\/index.php\\\/2024\\\/08\\\/12\\\/sportowcy-startu-gorzow-najlepsi-w-mistrzostwach-polski-w-lucznictwie-organizowanych-w-domu\\\/#primaryimage\"},\"thumbnailUrl\":\"https:\\\/\\\/gorzow.news\\\/wp-content\\\/uploads\\\/2024\\\/08\\\/454741496_995278809277290_2825083163637522377_n.jpg\",\"keywords\":[\"Igrzyska Paraolimpijskie\",\"Start Gorz\u00f3w\"],\"articleSection\":[\"Inne\"],\"inLanguage\":\"pl-PL\",\"potentialAction\":[{\"@type\":\"CommentAction\",\"name\":\"Comment\",\"target\":[\"https:\\\/\\\/gorzow.news\\\/index.php\\\/2024\\\/08\\\/12\\\/sportowcy-startu-gorzow-najlepsi-w-mistrzostwach-polski-w-lucznictwie-organizowanych-w-domu\\\/#respond\"]}]},{\"@type\":\"WebPage\",\"@id\":\"https:\\\/\\\/gorzow.news\\\/index.php\\\/2024\\\/08\\\/12\\\/sportowcy-startu-gorzow-najlepsi-w-mistrzostwach-polski-w-lucznictwie-organizowanych-w-domu\\\/\",\"url\":\"https:\\\/\\\/gorzow.news\\\/index.php\\\/2024\\\/08\\\/12\\\/sportowcy-startu-gorzow-najlepsi-w-mistrzostwach-polski-w-lucznictwie-organizowanych-w-domu\\\/\",\"name\":\"Sportowcy Startu Gorz\u00f3w najlepsi w Mistrzostwach Polski w \u0142ucznictwie - Gorz\u00f3w News\",\"isPartOf\":{\"@id\":\"https:\\\/\\\/gorzow.news\\\/#website\"},\"primaryImageOfPage\":{\"@id\":\"https:\\\/\\\/gorzow.news\\\/index.php\\\/2024\\\/08\\\/12\\\/sportowcy-startu-gorzow-najlepsi-w-mistrzostwach-polski-w-lucznictwie-organizowanych-w-domu\\\/#primaryimage\"},\"image\":{\"@id\":\"https:\\\/\\\/gorzow.news\\\/index.php\\\/2024\\\/08\\\/12\\\/sportowcy-startu-gorzow-najlepsi-w-mistrzostwach-polski-w-lucznictwie-organizowanych-w-domu\\\/#primaryimage\"},\"thumbnailUrl\":\"https:\\\/\\\/gorzow.news\\\/wp-content\\\/uploads\\\/2024\\\/08\\\/454741496_995278809277290_2825083163637522377_n.jpg\",\"datePublished\":\"2024-08-12T05:41:00+00:00\",\"dateModified\":\"2024-08-12T11:46:49+00:00\",\"author\":{\"@id\":\"https:\\\/\\\/gorzow.news\\\/#\\\/schema\\\/person\\\/a1e5ab43166369f2ce236a1cd90995bb\"},\"description\":\"W sobot\u0119 i niedziel\u0119, to jest 10 i 11 sierpnia w naszym mie\u015bcie na torach \u0142uczniczych przy ulicy Pozna\u0144skiej odby\u0142y si\u0119 Mistrzostwa Polski Os\u00f3b Niepe\u0142nosprawnych w \u0141ucznictwie. W klasyfikacji medalowej najlepsi okazali si\u0119 gospodarze.\",\"breadcrumb\":{\"@id\":\"https:\\\/\\\/gorzow.news\\\/index.php\\\/2024\\\/08\\\/12\\\/sportowcy-startu-gorzow-najlepsi-w-mistrzostwach-polski-w-lucznictwie-organizowanych-w-domu\\\/#breadcrumb\"},\"inLanguage\":\"pl-PL\",\"potentialAction\":[{\"@type\":\"ReadAction\",\"target\":[\"https:\\\/\\\/gorzow.news\\\/index.php\\\/2024\\\/08\\\/12\\\/sportowcy-startu-gorzow-najlepsi-w-mistrzostwach-polski-w-lucznictwie-organizowanych-w-domu\\\/\"]}]},{\"@type\":\"ImageObject\",\"inLanguage\":\"pl-PL\",\"@id\":\"https:\\\/\\\/gorzow.news\\\/index.php\\\/2024\\\/08\\\/12\\\/sportowcy-startu-gorzow-najlepsi-w-mistrzostwach-polski-w-lucznictwie-organizowanych-w-domu\\\/#primaryimage\",\"url\":\"https:\\\/\\\/gorzow.news\\\/wp-content\\\/uploads\\\/2024\\\/08\\\/454741496_995278809277290_2825083163637522377_n.jpg\",\"contentUrl\":\"https:\\\/\\\/gorzow.news\\\/wp-content\\\/uploads\\\/2024\\\/08\\\/454741496_995278809277290_2825083163637522377_n.jpg\",\"width\":2000,\"height\":924,\"caption\":\"Mistrzostwa Polski Os\u00f3b Niepe\u0142nosprawnych w \u0141ucznictwie zosta\u0142y rozegrane w Gorzowie w miniony weekend. fot. Start Gorz\u00f3w\"},{\"@type\":\"BreadcrumbList\",\"@id\":\"https:\\\/\\\/gorzow.news\\\/index.php\\\/2024\\\/08\\\/12\\\/sportowcy-startu-gorzow-najlepsi-w-mistrzostwach-polski-w-lucznictwie-organizowanych-w-domu\\\/#breadcrumb\",\"itemListElement\":[{\"@type\":\"ListItem\",\"position\":1,\"name\":\"Home\",\"item\":\"https:\\\/\\\/gorzow.news\\\/\"},{\"@type\":\"ListItem\",\"position\":2,\"name\":\"Sportowcy Startu Gorz\u00f3w najlepsi w Mistrzostwach Polski w \u0142ucznictwie\"}]},{\"@type\":\"WebSite\",\"@id\":\"https:\\\/\\\/gorzow.news\\\/#website\",\"url\":\"https:\\\/\\\/gorzow.news\\\/\",\"name\":\"Gorz\u00f3w News\",\"description\":\"Sp\u00f3jrz inaczej na miato i region...\",\"potentialAction\":[{\"@type\":\"SearchAction\",\"target\":{\"@type\":\"EntryPoint\",\"urlTemplate\":\"https:\\\/\\\/gorzow.news\\\/?s={search_term_string}\"},\"query-input\":{\"@type\":\"PropertyValueSpecification\",\"valueRequired\":true,\"valueName\":\"search_term_string\"}}],\"inLanguage\":\"pl-PL\"},{\"@type\":\"Person\",\"@id\":\"https:\\\/\\\/gorzow.news\\\/#\\\/schema\\\/person\\\/a1e5ab43166369f2ce236a1cd90995bb\",\"name\":\"maciej\",\"image\":{\"@type\":\"ImageObject\",\"inLanguage\":\"pl-PL\",\"@id\":\"https:\\\/\\\/secure.gravatar.com\\\/avatar\\\/530a674d56ba60cfa0ef21d74e8e8d123a51bb7aa6580465b5c2ab2c2e980a19?s=96&r=g&d=https:\\\/\\\/gorzow.news\\\/wp-content\\\/plugins\\\/userswp\\\/assets\\\/images\\\/no_profile.png\",\"url\":\"https:\\\/\\\/secure.gravatar.com\\\/avatar\\\/530a674d56ba60cfa0ef21d74e8e8d123a51bb7aa6580465b5c2ab2c2e980a19?s=96&r=g&d=https:\\\/\\\/gorzow.news\\\/wp-content\\\/plugins\\\/userswp\\\/assets\\\/images\\\/no_profile.png\",\"contentUrl\":\"https:\\\/\\\/secure.gravatar.com\\\/avatar\\\/530a674d56ba60cfa0ef21d74e8e8d123a51bb7aa6580465b5c2ab2c2e980a19?s=96&r=g&d=https:\\\/\\\/gorzow.news\\\/wp-content\\\/plugins\\\/userswp\\\/assets\\\/images\\\/no_profile.png\",\"caption\":\"maciej\"},\"url\":\"https:\\\/\\\/gorzow.news\\\/index.php\\\/profile\\\/maciej\\\/\"}]}<\/script>\n<!-- \/ Yoast SEO plugin. -->","yoast_head_json":{"title":"Sportowcy Startu Gorz\u00f3w najlepsi w Mistrzostwach Polski w \u0142ucznictwie - Gorz\u00f3w News","description":"W sobot\u0119 i niedziel\u0119, to jest 10 i 11 sierpnia w naszym mie\u015bcie na torach \u0142uczniczych przy ulicy Pozna\u0144skiej odby\u0142y si\u0119 Mistrzostwa Polski Os\u00f3","robots":{"index":"index","follow":"follow","max-snippet":"max-snippet:-1","max-image-preview":"max-image-preview:large","max-video-preview":"max-video-preview:-1"},"canonical":"https:\/\/gorzow.news\/index.php\/2024\/08\/12\/sportowcy-startu-gorzow-najlepsi-w-mistrzostwach-polski-w-lucznictwie-organizowanych-w-domu\/","og_locale":"pl_PL","og_type":"article","og_title":"Sportowcy Startu Gorz\u00f3w najlepsi w Mistrzostwach Polski w \u0142ucznictwie - Gorz\u00f3w News","og_description":"W sobot\u0119 i niedziel\u0119, to jest 10 i 11 sierpnia w naszym mie\u015bcie na torach \u0142uczniczych przy ulicy Pozna\u0144skiej odby\u0142y si\u0119 Mistrzostwa Polski Os\u00f3","og_url":"https:\/\/gorzow.news\/index.php\/2024\/08\/12\/sportowcy-startu-gorzow-najlepsi-w-mistrzostwach-polski-w-lucznictwie-organizowanych-w-domu\/","og_site_name":"Gorz\u00f3w News","article_publisher":"https:\/\/www.facebook.com\/gorzowskinews","article_published_time":"2024-08-12T05:41:00+00:00","article_modified_time":"2024-08-12T11:46:49+00:00","og_image":[{"width":2000,"height":924,"url":"https:\/\/gorzow.news\/wp-content\/uploads\/2024\/08\/454741496_995278809277290_2825083163637522377_n.jpg","type":"image\/jpeg"}],"author":"maciej","twitter_card":"summary_large_image","twitter_misc":{"Napisane przez":"maciej","Szacowany czas czytania":"1 minuta"},"schema":{"@context":"https:\/\/schema.org","@graph":[{"@type":"Article","@id":"https:\/\/gorzow.news\/index.php\/2024\/08\/12\/sportowcy-startu-gorzow-najlepsi-w-mistrzostwach-polski-w-lucznictwie-organizowanych-w-domu\/#article","isPartOf":{"@id":"https:\/\/gorzow.news\/index.php\/2024\/08\/12\/sportowcy-startu-gorzow-najlepsi-w-mistrzostwach-polski-w-lucznictwie-organizowanych-w-domu\/"},"author":{"name":"maciej","@id":"https:\/\/gorzow.news\/#\/schema\/person\/a1e5ab43166369f2ce236a1cd90995bb"},"headline":"Sportowcy Startu Gorz\u00f3w najlepsi w Mistrzostwach Polski w \u0142ucznictwie","datePublished":"2024-08-12T05:41:00+00:00","dateModified":"2024-08-12T11:46:49+00:00","mainEntityOfPage":{"@id":"https:\/\/gorzow.news\/index.php\/2024\/08\/12\/sportowcy-startu-gorzow-najlepsi-w-mistrzostwach-polski-w-lucznictwie-organizowanych-w-domu\/"},"wordCount":157,"commentCount":0,"image":{"@id":"https:\/\/gorzow.news\/index.php\/2024\/08\/12\/sportowcy-startu-gorzow-najlepsi-w-mistrzostwach-polski-w-lucznictwie-organizowanych-w-domu\/#primaryimage"},"thumbnailUrl":"https:\/\/gorzow.news\/wp-content\/uploads\/2024\/08\/454741496_995278809277290_2825083163637522377_n.jpg","keywords":["Igrzyska Paraolimpijskie","Start Gorz\u00f3w"],"articleSection":["Inne"],"inLanguage":"pl-PL","potentialAction":[{"@type":"CommentAction","name":"Comment","target":["https:\/\/gorzow.news\/index.php\/2024\/08\/12\/sportowcy-startu-gorzow-najlepsi-w-mistrzostwach-polski-w-lucznictwie-organizowanych-w-domu\/#respond"]}]},{"@type":"WebPage","@id":"https:\/\/gorzow.news\/index.php\/2024\/08\/12\/sportowcy-startu-gorzow-najlepsi-w-mistrzostwach-polski-w-lucznictwie-organizowanych-w-domu\/","url":"https:\/\/gorzow.news\/index.php\/2024\/08\/12\/sportowcy-startu-gorzow-najlepsi-w-mistrzostwach-polski-w-lucznictwie-organizowanych-w-domu\/","name":"Sportowcy Startu Gorz\u00f3w najlepsi w Mistrzostwach Polski w \u0142ucznictwie - Gorz\u00f3w News","isPartOf":{"@id":"https:\/\/gorzow.news\/#website"},"primaryImageOfPage":{"@id":"https:\/\/gorzow.news\/index.php\/2024\/08\/12\/sportowcy-startu-gorzow-najlepsi-w-mistrzostwach-polski-w-lucznictwie-organizowanych-w-domu\/#primaryimage"},"image":{"@id":"https:\/\/gorzow.news\/index.php\/2024\/08\/12\/sportowcy-startu-gorzow-najlepsi-w-mistrzostwach-polski-w-lucznictwie-organizowanych-w-domu\/#primaryimage"},"thumbnailUrl":"https:\/\/gorzow.news\/wp-content\/uploads\/2024\/08\/454741496_995278809277290_2825083163637522377_n.jpg","datePublished":"2024-08-12T05:41:00+00:00","dateModified":"2024-08-12T11:46:49+00:00","author":{"@id":"https:\/\/gorzow.news\/#\/schema\/person\/a1e5ab43166369f2ce236a1cd90995bb"},"description":"W sobot\u0119 i niedziel\u0119, to jest 10 i 11 sierpnia w naszym mie\u015bcie na torach \u0142uczniczych przy ulicy Pozna\u0144skiej odby\u0142y si\u0119 Mistrzostwa Polski Os\u00f3b Niepe\u0142nosprawnych w \u0141ucznictwie. W klasyfikacji medalowej najlepsi okazali si\u0119 gospodarze.","breadcrumb":{"@id":"https:\/\/gorzow.news\/index.php\/2024\/08\/12\/sportowcy-startu-gorzow-najlepsi-w-mistrzostwach-polski-w-lucznictwie-organizowanych-w-domu\/#breadcrumb"},"inLanguage":"pl-PL","potentialAction":[{"@type":"ReadAction","target":["https:\/\/gorzow.news\/index.php\/2024\/08\/12\/sportowcy-startu-gorzow-najlepsi-w-mistrzostwach-polski-w-lucznictwie-organizowanych-w-domu\/"]}]},{"@type":"ImageObject","inLanguage":"pl-PL","@id":"https:\/\/gorzow.news\/index.php\/2024\/08\/12\/sportowcy-startu-gorzow-najlepsi-w-mistrzostwach-polski-w-lucznictwie-organizowanych-w-domu\/#primaryimage","url":"https:\/\/gorzow.news\/wp-content\/uploads\/2024\/08\/454741496_995278809277290_2825083163637522377_n.jpg","contentUrl":"https:\/\/gorzow.news\/wp-content\/uploads\/2024\/08\/454741496_995278809277290_2825083163637522377_n.jpg","width":2000,"height":924,"caption":"Mistrzostwa Polski Os\u00f3b Niepe\u0142nosprawnych w \u0141ucznictwie zosta\u0142y rozegrane w Gorzowie w miniony weekend. fot. Start Gorz\u00f3w"},{"@type":"BreadcrumbList","@id":"https:\/\/gorzow.news\/index.php\/2024\/08\/12\/sportowcy-startu-gorzow-najlepsi-w-mistrzostwach-polski-w-lucznictwie-organizowanych-w-domu\/#breadcrumb","itemListElement":[{"@type":"ListItem","position":1,"name":"Home","item":"https:\/\/gorzow.news\/"},{"@type":"ListItem","position":2,"name":"Sportowcy Startu Gorz\u00f3w najlepsi w Mistrzostwach Polski w \u0142ucznictwie"}]},{"@type":"WebSite","@id":"https:\/\/gorzow.news\/#website","url":"https:\/\/gorzow.news\/","name":"Gorz\u00f3w News","description":"Sp\u00f3jrz inaczej na miato i region...","potentialAction":[{"@type":"SearchAction","target":{"@type":"EntryPoint","urlTemplate":"https:\/\/gorzow.news\/?s={search_term_string}"},"query-input":{"@type":"PropertyValueSpecification","valueRequired":true,"valueName":"search_term_string"}}],"inLanguage":"pl-PL"},{"@type":"Person","@id":"https:\/\/gorzow.news\/#\/schema\/person\/a1e5ab43166369f2ce236a1cd90995bb","name":"maciej","image":{"@type":"ImageObject","inLanguage":"pl-PL","@id":"https:\/\/secure.gravatar.com\/avatar\/530a674d56ba60cfa0ef21d74e8e8d123a51bb7aa6580465b5c2ab2c2e980a19?s=96&r=g&d=https:\/\/gorzow.news\/wp-content\/plugins\/userswp\/assets\/images\/no_profile.png","url":"https:\/\/secure.gravatar.com\/avatar\/530a674d56ba60cfa0ef21d74e8e8d123a51bb7aa6580465b5c2ab2c2e980a19?s=96&r=g&d=https:\/\/gorzow.news\/wp-content\/plugins\/userswp\/assets\/images\/no_profile.png","contentUrl":"https:\/\/secure.gravatar.com\/avatar\/530a674d56ba60cfa0ef21d74e8e8d123a51bb7aa6580465b5c2ab2c2e980a19?s=96&r=g&d=https:\/\/gorzow.news\/wp-content\/plugins\/userswp\/assets\/images\/no_profile.png","caption":"maciej"},"url":"https:\/\/gorzow.news\/index.php\/profile\/maciej\/"}]}},"_links":{"self":[{"href":"https:\/\/gorzow.news\/index.php\/wp-json\/wp\/v2\/posts\/24629","targetHints":{"allow":["GET"]}}],"collection":[{"href":"https:\/\/gorzow.news\/index.php\/wp-json\/wp\/v2\/posts"}],"about":[{"href":"https:\/\/gorzow.news\/index.php\/wp-json\/wp\/v2\/types\/post"}],"author":[{"embeddable":true,"href":"https:\/\/gorzow.news\/index.php\/wp-json\/wp\/v2\/users\/1"}],"replies":[{"embeddable":true,"href":"https:\/\/gorzow.news\/index.php\/wp-json\/wp\/v2\/comments?post=24629"}],"version-history":[{"count":2,"href":"https:\/\/gorzow.news\/index.php\/wp-json\/wp\/v2\/posts\/24629\/revisions"}],"predecessor-version":[{"id":24632,"href":"https:\/\/gorzow.news\/index.php\/wp-json\/wp\/v2\/posts\/24629\/revisions\/24632"}],"wp:featuredmedia":[{"embeddable":true,"href":"https:\/\/gorzow.news\/index.php\/wp-json\/wp\/v2\/media\/24630"}],"wp:attachment":[{"href":"https:\/\/gorzow.news\/index.php\/wp-json\/wp\/v2\/media?parent=24629"}],"wp:term":[{"taxonomy":"category","embeddable":true,"href":"https:\/\/gorzow.news\/index.php\/wp-json\/wp\/v2\/categories?post=24629"},{"taxonomy":"post_tag","embeddable":true,"href":"https:\/\/gorzow.news\/index.php\/wp-json\/wp\/v2\/tags?post=24629"}],"curies":[{"name":"wp","href":"https:\/\/api.w.org\/{rel}","templated":true}]}}