{"id":2441,"date":"2021-08-03T03:18:36","date_gmt":"2021-08-03T01:18:36","guid":{"rendered":"https:\/\/gorzow.news\/?p=2441"},"modified":"2022-08-14T18:46:03","modified_gmt":"2022-08-14T16:46:03","slug":"dawna-centrala-rybna-ma-nowe-trzy-pietra-i-nabiera-blasku-zdjecia","status":"publish","type":"post","link":"https:\/\/gorzow.news\/index.php\/2021\/08\/03\/dawna-centrala-rybna-ma-nowe-trzy-pietra-i-nabiera-blasku-zdjecia\/","title":{"rendered":"Dawna Centrala Rybna ma nowe trzy pi\u0119tra i nabiera blasku (zdj\u0119cia)"},"content":{"rendered":"\n<p><strong>Prace w budynku przy ulicy Strzeleckiej trwaj\u0105 od kilku lat. Mia\u0142 tu powsta\u0107 hotel i restauracja. Mia\u0142, bo pandemia pokrzy\u017cowa\u0142a plany. Dzi\u015b bran\u017ca hotelowa jest w kryzysie i budowanie hotelu w tym miejscu by\u0142oby zbyt du\u017cym ryzykiem. W budynku najprawdopodobniej mie\u015bci\u0107 si\u0119 b\u0119d\u0105 biura.<\/strong><\/p>\n\n\n\n<p>W XIX wieku mie\u015bci\u0142a si\u0119 tu le\u017cakownia browaru braci Gross. Po wojnie siedzib\u0119 mia\u0142a Centrala Rybna.<\/p>\n\n\n\n<p>Od 2006 roku budynek jest w r\u0119kach prywatnych. W\u0142a\u015bciciele latami nie mogli si\u0119 porozumie\u0107 z miastem. W\u0142odarzom Gorzowa zale\u017ca\u0142o na odzyskaniu terenu przy ul. Strzeleckiej. Dopiero w 2015 roku uda\u0142o si\u0119 wypracowa\u0107 kompromis. W\u0142a\u015bciciele budynku podpisali z miastem dokument na mocy kt\u00f3rego miasto odzyska\u0142o fragment parceli nad K\u0142odawk\u0105. W\u0142a\u015bciciele dawnej Centrali Rybnej mogli natomiast powi\u0119kszy\u0107 swoj\u0105 dzia\u0142k\u0119 o teren po\u0142o\u017cony w naro\u017cniku Wybickiego i Strzeleckiej.<\/p>\n\n\n\n<p>Zabytkowy budynek od 2016 przebudowuj\u0105 gorzowscy biznesmeni Andrzej Plawgo i Grzegorz Adamczyk. Na starej wzmocnionej ceglanej podstawie wybudowali dodatkowe trzy pi\u0119tra. Pod koniec ubieg\u0142ego roku w budynku zamontowane zosta\u0142y okna. Do wykonania jest jeszcze sporo prac w \u015brodku budynku. Tu brakuje jeszcze wszystkich instalacji, windy i tynk\u00f3w.<\/p>\n\n\n\n<p>Aktualnie trwaj\u0105 prace przy elewacji dobudowanych trzech pi\u0119ter budynku. Prace s\u0105 \u017cmudne, bo elewacja obudowywana jest p\u0142ytkami ceglanymi pozyskanymi z oryginalnej starej ceg\u0142y. Wszystko po to, aby zabytkowy d\u00f3\u0142 budynku idealnie wsp\u00f3\u0142gra\u0142 z cz\u0119\u015bci\u0105 dobudowan\u0105. Pierwsze efekty prac przy elewacji obiektu s\u0105 ju\u017c widoczne od kilku dni na \u015bcianie zlokalizowanej od strony ul. Chrobrego.<\/p>\n\n\n\n<p><strong>Aktualne zdj\u0119cia:<\/strong><\/p>\n\n\n\n<figure class=\"wp-block-image size-large\"><img loading=\"lazy\" decoding=\"async\" width=\"1024\" height=\"576\" src=\"https:\/\/gorzow.news\/wp-content\/uploads\/2021\/08\/IMG_20210729_155008_2-1024x576.jpg\" alt=\"\" class=\"wp-image-2443\" srcset=\"https:\/\/gorzow.news\/wp-content\/uploads\/2021\/08\/IMG_20210729_155008_2-1024x576.jpg?v=1627953214 1024w, https:\/\/gorzow.news\/wp-content\/uploads\/2021\/08\/IMG_20210729_155008_2-300x169.jpg?v=1627953214 300w, https:\/\/gorzow.news\/wp-content\/uploads\/2021\/08\/IMG_20210729_155008_2-768x432.jpg?v=1627953214 768w, https:\/\/gorzow.news\/wp-content\/uploads\/2021\/08\/IMG_20210729_155008_2-1536x864.jpg?v=1627953214 1536w, https:\/\/gorzow.news\/wp-content\/uploads\/2021\/08\/IMG_20210729_155008_2-2048x1152.jpg?v=1627953214 2048w, https:\/\/gorzow.news\/wp-content\/uploads\/2021\/08\/IMG_20210729_155008_2-696x392.jpg?v=1627953214 696w, https:\/\/gorzow.news\/wp-content\/uploads\/2021\/08\/IMG_20210729_155008_2-1068x601.jpg?v=1627953214 1068w, https:\/\/gorzow.news\/wp-content\/uploads\/2021\/08\/IMG_20210729_155008_2-1920x1080.jpg?v=1627953214 1920w\" sizes=\"auto, (max-width: 1024px) 100vw, 1024px\" \/><\/figure>\n\n\n\n<figure class=\"wp-block-image size-large\"><img loading=\"lazy\" decoding=\"async\" width=\"1024\" height=\"576\" src=\"https:\/\/gorzow.news\/wp-content\/uploads\/2021\/08\/IMG_20210729_155118-1024x576.jpg\" alt=\"\" class=\"wp-image-2444\" srcset=\"https:\/\/gorzow.news\/wp-content\/uploads\/2021\/08\/IMG_20210729_155118-1024x576.jpg?v=1627953221 1024w, https:\/\/gorzow.news\/wp-content\/uploads\/2021\/08\/IMG_20210729_155118-300x169.jpg?v=1627953221 300w, https:\/\/gorzow.news\/wp-content\/uploads\/2021\/08\/IMG_20210729_155118-768x432.jpg?v=1627953221 768w, https:\/\/gorzow.news\/wp-content\/uploads\/2021\/08\/IMG_20210729_155118-1536x864.jpg?v=1627953221 1536w, https:\/\/gorzow.news\/wp-content\/uploads\/2021\/08\/IMG_20210729_155118-2048x1152.jpg?v=1627953221 2048w, https:\/\/gorzow.news\/wp-content\/uploads\/2021\/08\/IMG_20210729_155118-696x391.jpg?v=1627953221 696w, https:\/\/gorzow.news\/wp-content\/uploads\/2021\/08\/IMG_20210729_155118-1068x601.jpg?v=1627953221 1068w, https:\/\/gorzow.news\/wp-content\/uploads\/2021\/08\/IMG_20210729_155118-1920x1080.jpg?v=1627953221 1920w\" sizes=\"auto, (max-width: 1024px) 100vw, 1024px\" \/><\/figure>\n\n\n\n<figure class=\"wp-block-image size-large\"><img loading=\"lazy\" decoding=\"async\" width=\"1024\" height=\"576\" src=\"https:\/\/gorzow.news\/wp-content\/uploads\/2021\/08\/IMG_20210729_155325-1024x576.jpg\" alt=\"\" class=\"wp-image-2445\" srcset=\"https:\/\/gorzow.news\/wp-content\/uploads\/2021\/08\/IMG_20210729_155325-1024x576.jpg?v=1627953227 1024w, https:\/\/gorzow.news\/wp-content\/uploads\/2021\/08\/IMG_20210729_155325-300x169.jpg?v=1627953227 300w, https:\/\/gorzow.news\/wp-content\/uploads\/2021\/08\/IMG_20210729_155325-768x432.jpg?v=1627953227 768w, https:\/\/gorzow.news\/wp-content\/uploads\/2021\/08\/IMG_20210729_155325-1536x864.jpg?v=1627953227 1536w, https:\/\/gorzow.news\/wp-content\/uploads\/2021\/08\/IMG_20210729_155325-2048x1152.jpg?v=1627953227 2048w, https:\/\/gorzow.news\/wp-content\/uploads\/2021\/08\/IMG_20210729_155325-696x392.jpg?v=1627953227 696w, https:\/\/gorzow.news\/wp-content\/uploads\/2021\/08\/IMG_20210729_155325-1068x601.jpg?v=1627953227 1068w, https:\/\/gorzow.news\/wp-content\/uploads\/2021\/08\/IMG_20210729_155325-1920x1080.jpg?v=1627953227 1920w\" sizes=\"auto, (max-width: 1024px) 100vw, 1024px\" \/><\/figure>\n\n\n\n<figure class=\"wp-block-image size-large\"><img loading=\"lazy\" decoding=\"async\" width=\"1024\" height=\"576\" src=\"https:\/\/gorzow.news\/wp-content\/uploads\/2021\/08\/IMG_20210729_155416_1-1024x576.jpg\" alt=\"\" class=\"wp-image-2446\" srcset=\"https:\/\/gorzow.news\/wp-content\/uploads\/2021\/08\/IMG_20210729_155416_1-1024x576.jpg?v=1627953234 1024w, https:\/\/gorzow.news\/wp-content\/uploads\/2021\/08\/IMG_20210729_155416_1-300x169.jpg?v=1627953234 300w, https:\/\/gorzow.news\/wp-content\/uploads\/2021\/08\/IMG_20210729_155416_1-768x432.jpg?v=1627953234 768w, https:\/\/gorzow.news\/wp-content\/uploads\/2021\/08\/IMG_20210729_155416_1-1536x864.jpg?v=1627953234 1536w, https:\/\/gorzow.news\/wp-content\/uploads\/2021\/08\/IMG_20210729_155416_1-2048x1152.jpg?v=1627953234 2048w, https:\/\/gorzow.news\/wp-content\/uploads\/2021\/08\/IMG_20210729_155416_1-696x392.jpg?v=1627953234 696w, https:\/\/gorzow.news\/wp-content\/uploads\/2021\/08\/IMG_20210729_155416_1-1068x601.jpg?v=1627953234 1068w, https:\/\/gorzow.news\/wp-content\/uploads\/2021\/08\/IMG_20210729_155416_1-1920x1080.jpg?v=1627953234 1920w\" sizes=\"auto, (max-width: 1024px) 100vw, 1024px\" \/><\/figure>\n\n\n\n<figure class=\"wp-block-image size-large\"><img loading=\"lazy\" decoding=\"async\" width=\"1024\" height=\"576\" src=\"https:\/\/gorzow.news\/wp-content\/uploads\/2021\/08\/IMG_20210729_155508_1-1024x576.jpg\" alt=\"\" class=\"wp-image-2447\" srcset=\"https:\/\/gorzow.news\/wp-content\/uploads\/2021\/08\/IMG_20210729_155508_1-1024x576.jpg?v=1627953241 1024w, https:\/\/gorzow.news\/wp-content\/uploads\/2021\/08\/IMG_20210729_155508_1-300x169.jpg?v=1627953241 300w, https:\/\/gorzow.news\/wp-content\/uploads\/2021\/08\/IMG_20210729_155508_1-768x432.jpg?v=1627953241 768w, https:\/\/gorzow.news\/wp-content\/uploads\/2021\/08\/IMG_20210729_155508_1-1536x864.jpg?v=1627953241 1536w, https:\/\/gorzow.news\/wp-content\/uploads\/2021\/08\/IMG_20210729_155508_1-2048x1152.jpg?v=1627953241 2048w, https:\/\/gorzow.news\/wp-content\/uploads\/2021\/08\/IMG_20210729_155508_1-696x392.jpg?v=1627953241 696w, https:\/\/gorzow.news\/wp-content\/uploads\/2021\/08\/IMG_20210729_155508_1-1068x601.jpg?v=1627953241 1068w, https:\/\/gorzow.news\/wp-content\/uploads\/2021\/08\/IMG_20210729_155508_1-1920x1080.jpg?v=1627953241 1920w\" sizes=\"auto, (max-width: 1024px) 100vw, 1024px\" \/><\/figure>\n\n\n\n<figure class=\"wp-block-image size-large\"><img loading=\"lazy\" decoding=\"async\" width=\"1024\" height=\"576\" src=\"https:\/\/gorzow.news\/wp-content\/uploads\/2021\/08\/IMG_20210729_155514-1024x576.jpg\" alt=\"\" class=\"wp-image-2448\" srcset=\"https:\/\/gorzow.news\/wp-content\/uploads\/2021\/08\/IMG_20210729_155514-1024x576.jpg?v=1627953248 1024w, https:\/\/gorzow.news\/wp-content\/uploads\/2021\/08\/IMG_20210729_155514-300x169.jpg?v=1627953248 300w, https:\/\/gorzow.news\/wp-content\/uploads\/2021\/08\/IMG_20210729_155514-768x432.jpg?v=1627953248 768w, https:\/\/gorzow.news\/wp-content\/uploads\/2021\/08\/IMG_20210729_155514-1536x864.jpg?v=1627953248 1536w, https:\/\/gorzow.news\/wp-content\/uploads\/2021\/08\/IMG_20210729_155514-2048x1152.jpg?v=1627953248 2048w, https:\/\/gorzow.news\/wp-content\/uploads\/2021\/08\/IMG_20210729_155514-696x392.jpg?v=1627953248 696w, https:\/\/gorzow.news\/wp-content\/uploads\/2021\/08\/IMG_20210729_155514-1068x601.jpg?v=1627953248 1068w, https:\/\/gorzow.news\/wp-content\/uploads\/2021\/08\/IMG_20210729_155514-1920x1080.jpg?v=1627953248 1920w\" sizes=\"auto, (max-width: 1024px) 100vw, 1024px\" \/><\/figure>\n\n\n\n<figure class=\"wp-block-image size-large\"><img loading=\"lazy\" decoding=\"async\" width=\"1024\" height=\"576\" src=\"https:\/\/gorzow.news\/wp-content\/uploads\/2021\/08\/IMG_20210729_155642_1-1024x576.jpg\" alt=\"\" class=\"wp-image-2449\" srcset=\"https:\/\/gorzow.news\/wp-content\/uploads\/2021\/08\/IMG_20210729_155642_1-1024x576.jpg?v=1627953255 1024w, https:\/\/gorzow.news\/wp-content\/uploads\/2021\/08\/IMG_20210729_155642_1-300x169.jpg?v=1627953255 300w, https:\/\/gorzow.news\/wp-content\/uploads\/2021\/08\/IMG_20210729_155642_1-768x432.jpg?v=1627953255 768w, https:\/\/gorzow.news\/wp-content\/uploads\/2021\/08\/IMG_20210729_155642_1-1536x864.jpg?v=1627953255 1536w, https:\/\/gorzow.news\/wp-content\/uploads\/2021\/08\/IMG_20210729_155642_1-2048x1152.jpg?v=1627953255 2048w, https:\/\/gorzow.news\/wp-content\/uploads\/2021\/08\/IMG_20210729_155642_1-696x392.jpg?v=1627953255 696w, https:\/\/gorzow.news\/wp-content\/uploads\/2021\/08\/IMG_20210729_155642_1-1068x601.jpg?v=1627953255 1068w, https:\/\/gorzow.news\/wp-content\/uploads\/2021\/08\/IMG_20210729_155642_1-1920x1080.jpg?v=1627953255 1920w\" sizes=\"auto, (max-width: 1024px) 100vw, 1024px\" \/><\/figure>\n\n\n\n<figure class=\"wp-block-image size-large\"><img loading=\"lazy\" decoding=\"async\" width=\"1024\" height=\"576\" src=\"https:\/\/gorzow.news\/wp-content\/uploads\/2021\/08\/IMG_20210730_161319-1024x576.jpg\" alt=\"\" class=\"wp-image-2450\" srcset=\"https:\/\/gorzow.news\/wp-content\/uploads\/2021\/08\/IMG_20210730_161319-1024x576.jpg?v=1627953262 1024w, https:\/\/gorzow.news\/wp-content\/uploads\/2021\/08\/IMG_20210730_161319-300x169.jpg?v=1627953262 300w, https:\/\/gorzow.news\/wp-content\/uploads\/2021\/08\/IMG_20210730_161319-768x432.jpg?v=1627953262 768w, https:\/\/gorzow.news\/wp-content\/uploads\/2021\/08\/IMG_20210730_161319-1536x864.jpg?v=1627953262 1536w, https:\/\/gorzow.news\/wp-content\/uploads\/2021\/08\/IMG_20210730_161319-2048x1152.jpg?v=1627953262 2048w, https:\/\/gorzow.news\/wp-content\/uploads\/2021\/08\/IMG_20210730_161319-696x392.jpg?v=1627953262 696w, https:\/\/gorzow.news\/wp-content\/uploads\/2021\/08\/IMG_20210730_161319-1068x601.jpg?v=1627953262 1068w, https:\/\/gorzow.news\/wp-content\/uploads\/2021\/08\/IMG_20210730_161319-1920x1080.jpg?v=1627953262 1920w\" sizes=\"auto, (max-width: 1024px) 100vw, 1024px\" \/><\/figure>\n\n\n\n<figure class=\"wp-block-image size-large\"><img loading=\"lazy\" decoding=\"async\" width=\"1024\" height=\"576\" src=\"https:\/\/gorzow.news\/wp-content\/uploads\/2021\/08\/IMG_20210702_140118-1024x576.jpg\" alt=\"\" class=\"wp-image-2442\" srcset=\"https:\/\/gorzow.news\/wp-content\/uploads\/2021\/08\/IMG_20210702_140118-1024x576.jpg?v=1627953210 1024w, https:\/\/gorzow.news\/wp-content\/uploads\/2021\/08\/IMG_20210702_140118-300x169.jpg?v=1627953210 300w, https:\/\/gorzow.news\/wp-content\/uploads\/2021\/08\/IMG_20210702_140118-768x432.jpg?v=1627953210 768w, https:\/\/gorzow.news\/wp-content\/uploads\/2021\/08\/IMG_20210702_140118-1536x864.jpg?v=1627953210 1536w, https:\/\/gorzow.news\/wp-content\/uploads\/2021\/08\/IMG_20210702_140118-2048x1152.jpg?v=1627953210 2048w, https:\/\/gorzow.news\/wp-content\/uploads\/2021\/08\/IMG_20210702_140118-696x392.jpg?v=1627953210 696w, https:\/\/gorzow.news\/wp-content\/uploads\/2021\/08\/IMG_20210702_140118-1068x601.jpg?v=1627953210 1068w, https:\/\/gorzow.news\/wp-content\/uploads\/2021\/08\/IMG_20210702_140118-1920x1080.jpg?v=1627953210 1920w\" sizes=\"auto, (max-width: 1024px) 100vw, 1024px\" \/><\/figure>\n","protected":false},"excerpt":{"rendered":"<p>Prace w budynku przy ulicy Strzeleckiej trwaj\u0105 od kilku lat. Mia\u0142 tu powsta\u0107 hotel i restauracja. Mia\u0142, bo pandemia pokrzy\u017cowa\u0142a plany. Dzi\u015b bran\u017ca hotelowa jest w kryzysie i budowanie hotelu w tym miejscu by\u0142oby zbyt du\u017cym ryzykiem. W budynku najprawdopodobniej mie\u015bci\u0107 si\u0119 b\u0119d\u0105 biura.<\/p>\n","protected":false},"author":1,"featured_media":2444,"comment_status":"open","ping_status":"open","sticky":false,"template":"","format":"standard","meta":{"footnotes":"","_links_to":"","_links_to_target":""},"categories":[1625,589],"tags":[541,539,538,78,542,408,540],"class_list":{"0":"post-2441","1":"post","2":"type-post","3":"status-publish","4":"format-standard","5":"has-post-thumbnail","7":"category-przedsiewziecia-prywatne","8":"category-wiadomosci","10":"tag-browar-gross","11":"tag-centrala-rybna","12":"tag-chrobrego","13":"tag-grzegorz-adamczyk","14":"tag-lezakownia","15":"tag-strzelecka"},"yoast_head":"<!-- This site is optimized with the Yoast SEO plugin v27.3 - https:\/\/yoast.com\/product\/yoast-seo-wordpress\/ -->\n<title>Dawna Centrala Rybna ma nowe trzy pi\u0119tra i nabiera blasku (zdj\u0119cia) - Gorz\u00f3w News<\/title>\n<meta name=\"description\" content=\"Prace w budynku przy ulicy Strzeleckiej trwaj\u0105 od kilku lat. Mia\u0142 tu powsta\u0107 hotel i restauracja. Mia\u0142, bo pandemia pokrzy\u017cowa\u0142a plany. Dzi\u015b br\" \/>\n<meta name=\"robots\" content=\"index, follow, max-snippet:-1, max-image-preview:large, max-video-preview:-1\" \/>\n<link rel=\"canonical\" href=\"https:\/\/gorzow.news\/index.php\/2021\/08\/03\/dawna-centrala-rybna-ma-nowe-trzy-pietra-i-nabiera-blasku-zdjecia\/\" \/>\n<meta property=\"og:locale\" content=\"pl_PL\" \/>\n<meta property=\"og:type\" content=\"article\" \/>\n<meta property=\"og:title\" content=\"Dawna Centrala Rybna ma nowe trzy pi\u0119tra i nabiera blasku (zdj\u0119cia) - Gorz\u00f3w News\" \/>\n<meta property=\"og:description\" content=\"Prace w budynku przy ulicy Strzeleckiej trwaj\u0105 od kilku lat. Mia\u0142 tu powsta\u0107 hotel i restauracja. Mia\u0142, bo pandemia pokrzy\u017cowa\u0142a plany. Dzi\u015b br\" \/>\n<meta property=\"og:url\" content=\"https:\/\/gorzow.news\/index.php\/2021\/08\/03\/dawna-centrala-rybna-ma-nowe-trzy-pietra-i-nabiera-blasku-zdjecia\/\" \/>\n<meta property=\"og:site_name\" content=\"Gorz\u00f3w News\" \/>\n<meta property=\"article:publisher\" content=\"https:\/\/www.facebook.com\/gorzowskinews\" \/>\n<meta property=\"article:published_time\" content=\"2021-08-03T01:18:36+00:00\" \/>\n<meta property=\"article:modified_time\" content=\"2022-08-14T16:46:03+00:00\" \/>\n<meta property=\"og:image\" content=\"https:\/\/gorzow.news\/wp-content\/uploads\/2021\/08\/IMG_20210729_155118-scaled.jpg?v=1627953221\" \/>\n\t<meta property=\"og:image:width\" content=\"2560\" \/>\n\t<meta property=\"og:image:height\" content=\"1440\" \/>\n\t<meta property=\"og:image:type\" content=\"image\/jpeg\" \/>\n<meta name=\"author\" content=\"maciej\" \/>\n<meta name=\"twitter:card\" content=\"summary_large_image\" \/>\n<meta name=\"twitter:label1\" content=\"Napisane przez\" \/>\n\t<meta name=\"twitter:data1\" content=\"maciej\" \/>\n\t<meta name=\"twitter:label2\" content=\"Szacowany czas czytania\" \/>\n\t<meta name=\"twitter:data2\" content=\"4 minuty\" \/>\n<script type=\"application\/ld+json\" class=\"yoast-schema-graph\">{\"@context\":\"https:\\\/\\\/schema.org\",\"@graph\":[{\"@type\":\"Article\",\"@id\":\"https:\\\/\\\/gorzow.news\\\/index.php\\\/2021\\\/08\\\/03\\\/dawna-centrala-rybna-ma-nowe-trzy-pietra-i-nabiera-blasku-zdjecia\\\/#article\",\"isPartOf\":{\"@id\":\"https:\\\/\\\/gorzow.news\\\/index.php\\\/2021\\\/08\\\/03\\\/dawna-centrala-rybna-ma-nowe-trzy-pietra-i-nabiera-blasku-zdjecia\\\/\"},\"author\":{\"name\":\"maciej\",\"@id\":\"https:\\\/\\\/gorzow.news\\\/#\\\/schema\\\/person\\\/a1e5ab43166369f2ce236a1cd90995bb\"},\"headline\":\"Dawna Centrala Rybna ma nowe trzy pi\u0119tra i nabiera blasku (zdj\u0119cia)\",\"datePublished\":\"2021-08-03T01:18:36+00:00\",\"dateModified\":\"2022-08-14T16:46:03+00:00\",\"mainEntityOfPage\":{\"@id\":\"https:\\\/\\\/gorzow.news\\\/index.php\\\/2021\\\/08\\\/03\\\/dawna-centrala-rybna-ma-nowe-trzy-pietra-i-nabiera-blasku-zdjecia\\\/\"},\"wordCount\":278,\"commentCount\":0,\"image\":{\"@id\":\"https:\\\/\\\/gorzow.news\\\/index.php\\\/2021\\\/08\\\/03\\\/dawna-centrala-rybna-ma-nowe-trzy-pietra-i-nabiera-blasku-zdjecia\\\/#primaryimage\"},\"thumbnailUrl\":\"https:\\\/\\\/gorzow.news\\\/wp-content\\\/uploads\\\/2021\\\/08\\\/IMG_20210729_155118-scaled.jpg?v=1627953221\",\"keywords\":[\"Andrzej Plawgo\",\"browar Gross\",\"Centrala Rybna\",\"Chrobrego\",\"Grzegorz Adamczyk\",\"le\u017cakownia\",\"Strzelecka\"],\"articleSection\":[\"Przedsi\u0119wzi\u0119cia prywatne\",\"Wiadomo\u015bci\"],\"inLanguage\":\"pl-PL\",\"potentialAction\":[{\"@type\":\"CommentAction\",\"name\":\"Comment\",\"target\":[\"https:\\\/\\\/gorzow.news\\\/index.php\\\/2021\\\/08\\\/03\\\/dawna-centrala-rybna-ma-nowe-trzy-pietra-i-nabiera-blasku-zdjecia\\\/#respond\"]}]},{\"@type\":\"WebPage\",\"@id\":\"https:\\\/\\\/gorzow.news\\\/index.php\\\/2021\\\/08\\\/03\\\/dawna-centrala-rybna-ma-nowe-trzy-pietra-i-nabiera-blasku-zdjecia\\\/\",\"url\":\"https:\\\/\\\/gorzow.news\\\/index.php\\\/2021\\\/08\\\/03\\\/dawna-centrala-rybna-ma-nowe-trzy-pietra-i-nabiera-blasku-zdjecia\\\/\",\"name\":\"Dawna Centrala Rybna ma nowe trzy pi\u0119tra i nabiera blasku (zdj\u0119cia) - Gorz\u00f3w News\",\"isPartOf\":{\"@id\":\"https:\\\/\\\/gorzow.news\\\/#website\"},\"primaryImageOfPage\":{\"@id\":\"https:\\\/\\\/gorzow.news\\\/index.php\\\/2021\\\/08\\\/03\\\/dawna-centrala-rybna-ma-nowe-trzy-pietra-i-nabiera-blasku-zdjecia\\\/#primaryimage\"},\"image\":{\"@id\":\"https:\\\/\\\/gorzow.news\\\/index.php\\\/2021\\\/08\\\/03\\\/dawna-centrala-rybna-ma-nowe-trzy-pietra-i-nabiera-blasku-zdjecia\\\/#primaryimage\"},\"thumbnailUrl\":\"https:\\\/\\\/gorzow.news\\\/wp-content\\\/uploads\\\/2021\\\/08\\\/IMG_20210729_155118-scaled.jpg?v=1627953221\",\"datePublished\":\"2021-08-03T01:18:36+00:00\",\"dateModified\":\"2022-08-14T16:46:03+00:00\",\"author\":{\"@id\":\"https:\\\/\\\/gorzow.news\\\/#\\\/schema\\\/person\\\/a1e5ab43166369f2ce236a1cd90995bb\"},\"description\":\"Prace w budynku przy ulicy Strzeleckiej trwaj\u0105 od kilku lat. Mia\u0142 tu powsta\u0107 hotel i restauracja. Mia\u0142, bo pandemia pokrzy\u017cowa\u0142a plany. Dzi\u015b bran\u017ca hotelowa jest w kryzysie i budowanie hotelu w tym miejscu by\u0142oby zbyt du\u017cym ryzykiem. W budynku najprawdopodobniej mie\u015bci\u0107 si\u0119 b\u0119d\u0105 biura.\",\"breadcrumb\":{\"@id\":\"https:\\\/\\\/gorzow.news\\\/index.php\\\/2021\\\/08\\\/03\\\/dawna-centrala-rybna-ma-nowe-trzy-pietra-i-nabiera-blasku-zdjecia\\\/#breadcrumb\"},\"inLanguage\":\"pl-PL\",\"potentialAction\":[{\"@type\":\"ReadAction\",\"target\":[\"https:\\\/\\\/gorzow.news\\\/index.php\\\/2021\\\/08\\\/03\\\/dawna-centrala-rybna-ma-nowe-trzy-pietra-i-nabiera-blasku-zdjecia\\\/\"]}]},{\"@type\":\"ImageObject\",\"inLanguage\":\"pl-PL\",\"@id\":\"https:\\\/\\\/gorzow.news\\\/index.php\\\/2021\\\/08\\\/03\\\/dawna-centrala-rybna-ma-nowe-trzy-pietra-i-nabiera-blasku-zdjecia\\\/#primaryimage\",\"url\":\"https:\\\/\\\/gorzow.news\\\/wp-content\\\/uploads\\\/2021\\\/08\\\/IMG_20210729_155118-scaled.jpg?v=1627953221\",\"contentUrl\":\"https:\\\/\\\/gorzow.news\\\/wp-content\\\/uploads\\\/2021\\\/08\\\/IMG_20210729_155118-scaled.jpg?v=1627953221\",\"width\":2560,\"height\":1440},{\"@type\":\"BreadcrumbList\",\"@id\":\"https:\\\/\\\/gorzow.news\\\/index.php\\\/2021\\\/08\\\/03\\\/dawna-centrala-rybna-ma-nowe-trzy-pietra-i-nabiera-blasku-zdjecia\\\/#breadcrumb\",\"itemListElement\":[{\"@type\":\"ListItem\",\"position\":1,\"name\":\"Home\",\"item\":\"https:\\\/\\\/gorzow.news\\\/\"},{\"@type\":\"ListItem\",\"position\":2,\"name\":\"Dawna Centrala Rybna ma nowe trzy pi\u0119tra i nabiera blasku (zdj\u0119cia)\"}]},{\"@type\":\"WebSite\",\"@id\":\"https:\\\/\\\/gorzow.news\\\/#website\",\"url\":\"https:\\\/\\\/gorzow.news\\\/\",\"name\":\"Gorz\u00f3w News\",\"description\":\"Sp\u00f3jrz inaczej na miato i region...\",\"potentialAction\":[{\"@type\":\"SearchAction\",\"target\":{\"@type\":\"EntryPoint\",\"urlTemplate\":\"https:\\\/\\\/gorzow.news\\\/?s={search_term_string}\"},\"query-input\":{\"@type\":\"PropertyValueSpecification\",\"valueRequired\":true,\"valueName\":\"search_term_string\"}}],\"inLanguage\":\"pl-PL\"},{\"@type\":\"Person\",\"@id\":\"https:\\\/\\\/gorzow.news\\\/#\\\/schema\\\/person\\\/a1e5ab43166369f2ce236a1cd90995bb\",\"name\":\"maciej\",\"image\":{\"@type\":\"ImageObject\",\"inLanguage\":\"pl-PL\",\"@id\":\"https:\\\/\\\/secure.gravatar.com\\\/avatar\\\/530a674d56ba60cfa0ef21d74e8e8d123a51bb7aa6580465b5c2ab2c2e980a19?s=96&r=g&d=https:\\\/\\\/gorzow.news\\\/wp-content\\\/plugins\\\/userswp\\\/assets\\\/images\\\/no_profile.png\",\"url\":\"https:\\\/\\\/secure.gravatar.com\\\/avatar\\\/530a674d56ba60cfa0ef21d74e8e8d123a51bb7aa6580465b5c2ab2c2e980a19?s=96&r=g&d=https:\\\/\\\/gorzow.news\\\/wp-content\\\/plugins\\\/userswp\\\/assets\\\/images\\\/no_profile.png\",\"contentUrl\":\"https:\\\/\\\/secure.gravatar.com\\\/avatar\\\/530a674d56ba60cfa0ef21d74e8e8d123a51bb7aa6580465b5c2ab2c2e980a19?s=96&r=g&d=https:\\\/\\\/gorzow.news\\\/wp-content\\\/plugins\\\/userswp\\\/assets\\\/images\\\/no_profile.png\",\"caption\":\"maciej\"},\"url\":\"https:\\\/\\\/gorzow.news\\\/index.php\\\/profile\\\/maciej\\\/\"}]}<\/script>\n<!-- \/ Yoast SEO plugin. -->","yoast_head_json":{"title":"Dawna Centrala Rybna ma nowe trzy pi\u0119tra i nabiera blasku (zdj\u0119cia) - Gorz\u00f3w News","description":"Prace w budynku przy ulicy Strzeleckiej trwaj\u0105 od kilku lat. Mia\u0142 tu powsta\u0107 hotel i restauracja. Mia\u0142, bo pandemia pokrzy\u017cowa\u0142a plany. Dzi\u015b br","robots":{"index":"index","follow":"follow","max-snippet":"max-snippet:-1","max-image-preview":"max-image-preview:large","max-video-preview":"max-video-preview:-1"},"canonical":"https:\/\/gorzow.news\/index.php\/2021\/08\/03\/dawna-centrala-rybna-ma-nowe-trzy-pietra-i-nabiera-blasku-zdjecia\/","og_locale":"pl_PL","og_type":"article","og_title":"Dawna Centrala Rybna ma nowe trzy pi\u0119tra i nabiera blasku (zdj\u0119cia) - Gorz\u00f3w News","og_description":"Prace w budynku przy ulicy Strzeleckiej trwaj\u0105 od kilku lat. Mia\u0142 tu powsta\u0107 hotel i restauracja. Mia\u0142, bo pandemia pokrzy\u017cowa\u0142a plany. Dzi\u015b br","og_url":"https:\/\/gorzow.news\/index.php\/2021\/08\/03\/dawna-centrala-rybna-ma-nowe-trzy-pietra-i-nabiera-blasku-zdjecia\/","og_site_name":"Gorz\u00f3w News","article_publisher":"https:\/\/www.facebook.com\/gorzowskinews","article_published_time":"2021-08-03T01:18:36+00:00","article_modified_time":"2022-08-14T16:46:03+00:00","og_image":[{"width":2560,"height":1440,"url":"https:\/\/gorzow.news\/wp-content\/uploads\/2021\/08\/IMG_20210729_155118-scaled.jpg?v=1627953221","type":"image\/jpeg"}],"author":"maciej","twitter_card":"summary_large_image","twitter_misc":{"Napisane przez":"maciej","Szacowany czas czytania":"4 minuty"},"schema":{"@context":"https:\/\/schema.org","@graph":[{"@type":"Article","@id":"https:\/\/gorzow.news\/index.php\/2021\/08\/03\/dawna-centrala-rybna-ma-nowe-trzy-pietra-i-nabiera-blasku-zdjecia\/#article","isPartOf":{"@id":"https:\/\/gorzow.news\/index.php\/2021\/08\/03\/dawna-centrala-rybna-ma-nowe-trzy-pietra-i-nabiera-blasku-zdjecia\/"},"author":{"name":"maciej","@id":"https:\/\/gorzow.news\/#\/schema\/person\/a1e5ab43166369f2ce236a1cd90995bb"},"headline":"Dawna Centrala Rybna ma nowe trzy pi\u0119tra i nabiera blasku (zdj\u0119cia)","datePublished":"2021-08-03T01:18:36+00:00","dateModified":"2022-08-14T16:46:03+00:00","mainEntityOfPage":{"@id":"https:\/\/gorzow.news\/index.php\/2021\/08\/03\/dawna-centrala-rybna-ma-nowe-trzy-pietra-i-nabiera-blasku-zdjecia\/"},"wordCount":278,"commentCount":0,"image":{"@id":"https:\/\/gorzow.news\/index.php\/2021\/08\/03\/dawna-centrala-rybna-ma-nowe-trzy-pietra-i-nabiera-blasku-zdjecia\/#primaryimage"},"thumbnailUrl":"https:\/\/gorzow.news\/wp-content\/uploads\/2021\/08\/IMG_20210729_155118-scaled.jpg?v=1627953221","keywords":["Andrzej Plawgo","browar Gross","Centrala Rybna","Chrobrego","Grzegorz Adamczyk","le\u017cakownia","Strzelecka"],"articleSection":["Przedsi\u0119wzi\u0119cia prywatne","Wiadomo\u015bci"],"inLanguage":"pl-PL","potentialAction":[{"@type":"CommentAction","name":"Comment","target":["https:\/\/gorzow.news\/index.php\/2021\/08\/03\/dawna-centrala-rybna-ma-nowe-trzy-pietra-i-nabiera-blasku-zdjecia\/#respond"]}]},{"@type":"WebPage","@id":"https:\/\/gorzow.news\/index.php\/2021\/08\/03\/dawna-centrala-rybna-ma-nowe-trzy-pietra-i-nabiera-blasku-zdjecia\/","url":"https:\/\/gorzow.news\/index.php\/2021\/08\/03\/dawna-centrala-rybna-ma-nowe-trzy-pietra-i-nabiera-blasku-zdjecia\/","name":"Dawna Centrala Rybna ma nowe trzy pi\u0119tra i nabiera blasku (zdj\u0119cia) - Gorz\u00f3w News","isPartOf":{"@id":"https:\/\/gorzow.news\/#website"},"primaryImageOfPage":{"@id":"https:\/\/gorzow.news\/index.php\/2021\/08\/03\/dawna-centrala-rybna-ma-nowe-trzy-pietra-i-nabiera-blasku-zdjecia\/#primaryimage"},"image":{"@id":"https:\/\/gorzow.news\/index.php\/2021\/08\/03\/dawna-centrala-rybna-ma-nowe-trzy-pietra-i-nabiera-blasku-zdjecia\/#primaryimage"},"thumbnailUrl":"https:\/\/gorzow.news\/wp-content\/uploads\/2021\/08\/IMG_20210729_155118-scaled.jpg?v=1627953221","datePublished":"2021-08-03T01:18:36+00:00","dateModified":"2022-08-14T16:46:03+00:00","author":{"@id":"https:\/\/gorzow.news\/#\/schema\/person\/a1e5ab43166369f2ce236a1cd90995bb"},"description":"Prace w budynku przy ulicy Strzeleckiej trwaj\u0105 od kilku lat. Mia\u0142 tu powsta\u0107 hotel i restauracja. Mia\u0142, bo pandemia pokrzy\u017cowa\u0142a plany. Dzi\u015b bran\u017ca hotelowa jest w kryzysie i budowanie hotelu w tym miejscu by\u0142oby zbyt du\u017cym ryzykiem. W budynku najprawdopodobniej mie\u015bci\u0107 si\u0119 b\u0119d\u0105 biura.","breadcrumb":{"@id":"https:\/\/gorzow.news\/index.php\/2021\/08\/03\/dawna-centrala-rybna-ma-nowe-trzy-pietra-i-nabiera-blasku-zdjecia\/#breadcrumb"},"inLanguage":"pl-PL","potentialAction":[{"@type":"ReadAction","target":["https:\/\/gorzow.news\/index.php\/2021\/08\/03\/dawna-centrala-rybna-ma-nowe-trzy-pietra-i-nabiera-blasku-zdjecia\/"]}]},{"@type":"ImageObject","inLanguage":"pl-PL","@id":"https:\/\/gorzow.news\/index.php\/2021\/08\/03\/dawna-centrala-rybna-ma-nowe-trzy-pietra-i-nabiera-blasku-zdjecia\/#primaryimage","url":"https:\/\/gorzow.news\/wp-content\/uploads\/2021\/08\/IMG_20210729_155118-scaled.jpg?v=1627953221","contentUrl":"https:\/\/gorzow.news\/wp-content\/uploads\/2021\/08\/IMG_20210729_155118-scaled.jpg?v=1627953221","width":2560,"height":1440},{"@type":"BreadcrumbList","@id":"https:\/\/gorzow.news\/index.php\/2021\/08\/03\/dawna-centrala-rybna-ma-nowe-trzy-pietra-i-nabiera-blasku-zdjecia\/#breadcrumb","itemListElement":[{"@type":"ListItem","position":1,"name":"Home","item":"https:\/\/gorzow.news\/"},{"@type":"ListItem","position":2,"name":"Dawna Centrala Rybna ma nowe trzy pi\u0119tra i nabiera blasku (zdj\u0119cia)"}]},{"@type":"WebSite","@id":"https:\/\/gorzow.news\/#website","url":"https:\/\/gorzow.news\/","name":"Gorz\u00f3w News","description":"Sp\u00f3jrz inaczej na miato i region...","potentialAction":[{"@type":"SearchAction","target":{"@type":"EntryPoint","urlTemplate":"https:\/\/gorzow.news\/?s={search_term_string}"},"query-input":{"@type":"PropertyValueSpecification","valueRequired":true,"valueName":"search_term_string"}}],"inLanguage":"pl-PL"},{"@type":"Person","@id":"https:\/\/gorzow.news\/#\/schema\/person\/a1e5ab43166369f2ce236a1cd90995bb","name":"maciej","image":{"@type":"ImageObject","inLanguage":"pl-PL","@id":"https:\/\/secure.gravatar.com\/avatar\/530a674d56ba60cfa0ef21d74e8e8d123a51bb7aa6580465b5c2ab2c2e980a19?s=96&r=g&d=https:\/\/gorzow.news\/wp-content\/plugins\/userswp\/assets\/images\/no_profile.png","url":"https:\/\/secure.gravatar.com\/avatar\/530a674d56ba60cfa0ef21d74e8e8d123a51bb7aa6580465b5c2ab2c2e980a19?s=96&r=g&d=https:\/\/gorzow.news\/wp-content\/plugins\/userswp\/assets\/images\/no_profile.png","contentUrl":"https:\/\/secure.gravatar.com\/avatar\/530a674d56ba60cfa0ef21d74e8e8d123a51bb7aa6580465b5c2ab2c2e980a19?s=96&r=g&d=https:\/\/gorzow.news\/wp-content\/plugins\/userswp\/assets\/images\/no_profile.png","caption":"maciej"},"url":"https:\/\/gorzow.news\/index.php\/profile\/maciej\/"}]}},"_links":{"self":[{"href":"https:\/\/gorzow.news\/index.php\/wp-json\/wp\/v2\/posts\/2441","targetHints":{"allow":["GET"]}}],"collection":[{"href":"https:\/\/gorzow.news\/index.php\/wp-json\/wp\/v2\/posts"}],"about":[{"href":"https:\/\/gorzow.news\/index.php\/wp-json\/wp\/v2\/types\/post"}],"author":[{"embeddable":true,"href":"https:\/\/gorzow.news\/index.php\/wp-json\/wp\/v2\/users\/1"}],"replies":[{"embeddable":true,"href":"https:\/\/gorzow.news\/index.php\/wp-json\/wp\/v2\/comments?post=2441"}],"version-history":[{"count":0,"href":"https:\/\/gorzow.news\/index.php\/wp-json\/wp\/v2\/posts\/2441\/revisions"}],"wp:featuredmedia":[{"embeddable":true,"href":"https:\/\/gorzow.news\/index.php\/wp-json\/wp\/v2\/media\/2444"}],"wp:attachment":[{"href":"https:\/\/gorzow.news\/index.php\/wp-json\/wp\/v2\/media?parent=2441"}],"wp:term":[{"taxonomy":"category","embeddable":true,"href":"https:\/\/gorzow.news\/index.php\/wp-json\/wp\/v2\/categories?post=2441"},{"taxonomy":"post_tag","embeddable":true,"href":"https:\/\/gorzow.news\/index.php\/wp-json\/wp\/v2\/tags?post=2441"}],"curies":[{"name":"wp","href":"https:\/\/api.w.org\/{rel}","templated":true}]}}