{"id":24282,"date":"2024-07-31T06:23:00","date_gmt":"2024-07-31T04:23:00","guid":{"rendered":"https:\/\/gorzow.news\/?p=24282"},"modified":"2024-07-31T17:33:58","modified_gmt":"2024-07-31T15:33:58","slug":"niebieskie-skrzyneczki-zawieszone-zostana-w-gorzowskich-szkolach-uczniowie-beda-mogli-anonimowo-poprosic-o-pomoc","status":"publish","type":"post","link":"https:\/\/gorzow.news\/index.php\/2024\/07\/31\/niebieskie-skrzyneczki-zawieszone-zostana-w-gorzowskich-szkolach-uczniowie-beda-mogli-anonimowo-poprosic-o-pomoc\/","title":{"rendered":"Niebieskie Skrzyneczki b\u0119d\u0105 w gorzowskich szko\u0142ach. Uczniowie b\u0119d\u0105 mogli anonimowo poprosi\u0107 o pomoc"},"content":{"rendered":"\n<p><strong>Niebieska Skrzyneczka zdrowia psychicznego dzieci i m\u0142odzie\u017cy to projekt zrodzony w M\u0142odzie\u017cowym Sejmiku Wojew\u00f3dztwa Mazowieckiego, a kt\u00f3rego idea dotar\u0142a w \u015brod\u0119 do Gorzowa.<\/strong><\/p>\n\n\n\n<p>Projekt ma na celu stworzenie przestrzeni, w kt\u00f3rej ka\u017cdy ucze\u0144 mo\u017ce anonimowo wyrazi\u0107 swoje obawy, problemy, prosi\u0107 o pomoc lub wskaza\u0107, \u017ce kto\u015b potrzebuje takiej pomocy. Niebieskie Skrzyneczki zawieszane b\u0119d\u0105 w szko\u0142ach, w bezpiecznym, w miar\u0119 mo\u017cliwo\u015bci odizolowanym miejscu, do kt\u00f3rych uczniowie b\u0119d\u0105 mogli wrzuca\u0107 anonimowe wiadomo\u015bci z pro\u015bb\u0105 o wsparcie lub informacje o trudnych sytuacjach, z kt\u00f3rymi zmagaj\u0105 si\u0119 sami lub ich r\u00f3wie\u015bnicy.<\/p>\n\n\n\n<p>&#8211; To bardzo cenna inicjatywa, gdy\u017c od wielu lat notujemy alarmuj\u0105ce statystyki dotycz\u0105ce zdrowia psychicznego dzieci i m\u0142odzie\u017cy. Tylko w 2023 roku odnotowano 2139 pr\u00f3b samob\u00f3jczych w\u015br\u00f3d dzieci i m\u0142odzie\u017cy, z kt\u00f3rych 146 zako\u0144czy\u0142o si\u0119 tragicznie. O 150% wzros\u0142y pr\u00f3by samob\u00f3jcze w 2022 roku w por\u00f3wnaniu z rokiem 2023. Dost\u0119pno\u015b\u0107 do specjalist\u00f3w i porad z zakresu zdrowia psychicznego dla m\u0142odzie\u017cy wygl\u0105da fatalnie. 238 dni \u2013 tyle wynosi \u015bredni czas oczekiwania na konsultacj\u0119 u psychiatry dzieci\u0119cego w ramach NFZ, a jeden psychiatra dzieci\u0119cy przypada na przesz\u0142o 12 tys. dzieci \u2013 uzna\u0142a wicemarsza\u0142ek Sejmu <strong>Monika Wielichowska<\/strong>.<\/p>\n\n\n\n<p>&#8211; Statystyki dotycz\u0105ce kondycji psychicznej polskiej m\u0142odzie\u017cy wygl\u0105daj\u0105 zatrwa\u017caj\u0105co, jednak cieszy fakt, \u017ce problem ten zauwa\u017calny jest w\u015br\u00f3d samej m\u0142odzie\u017cy, gdy\u017c projekt Niebieskiej Skrzyneczki to idea, kt\u00f3ra wysz\u0142a od samej m\u0142odzie\u017cy \u2013 podkre\u015bli\u0142 przewodnicz\u0105cy Rady Miasta, wiceprezes gorzowskiego szpitala <strong>Robert Surowiec<\/strong>.<\/p>\n\n\n\n<p>&#8211; Niebieskie Skrzyneczki w swoim za\u0142o\u017ceniu maj\u0105 te\u017c pom\u00f3c szkolnym pedagogom, kt\u00f3rzy po przeanalizowaniu wrzucanych do nich karteczek b\u0119d\u0105 wiedzieli, z jakimi problemami boryka si\u0119 m\u0142odzie\u017c z ich szk\u00f3\u0142, b\u0119d\u0105 trzymali r\u0119k\u0119 na pulsie i mieli mo\u017cliwo\u015b\u0107 szybkiej reakcji w razie sytuacji kryzysowych \u2013 doda\u0142 kurator o\u015bwiaty <strong>Mariusz Biniewski<\/strong>.<\/p>\n\n\n\n<p>Projekt Niebieskich Skrzyneczek w za\u0142o\u017ceniach obj\u0105\u0107 ma ca\u0142y kraj i w najbardziej optymistycznym scenariuszu ka\u017cda szko\u0142a ponadgimnazjalna powinna mie\u0107 na swoim terenie chocia\u017c jedn\u0105 Niebiesk\u0105 Skrzyneczk\u0119.<\/p>\n","protected":false},"excerpt":{"rendered":"<p>Niebieska Skrzyneczka zdrowia psychicznego dzieci i m\u0142odzie\u017cy to projekt zrodzony w M\u0142odzie\u017cowym Sejmiku Wojew\u00f3dztwa Mazowieckiego, a kt\u00f3rego idea dotar\u0142a w \u015brod\u0119 do Gorzowa. Projekt ma na celu stworzenie przestrzeni, w kt\u00f3rej ka\u017cdy ucze\u0144 mo\u017ce anonimowo wyrazi\u0107 swoje obawy, problemy, prosi\u0107 o pomoc lub wskaza\u0107, \u017ce kto\u015b potrzebuje takiej pomocy. Niebieskie Skrzyneczki zawieszane b\u0119d\u0105 w szko\u0142ach, [&hellip;]<\/p>\n","protected":false},"author":1,"featured_media":24285,"comment_status":"open","ping_status":"open","sticky":false,"template":"","format":"standard","meta":{"footnotes":"","_links_to":"","_links_to_target":""},"categories":[589,53],"tags":[2619,3084,3083,251],"class_list":{"0":"post-24282","1":"post","2":"type-post","3":"status-publish","4":"format-standard","5":"has-post-thumbnail","8":"category-zdrowie","9":"tag-mariusz-biniewski","10":"tag-monika-wielichowska","12":"tag-robert-surowiec"},"yoast_head":"<!-- This site is optimized with the Yoast SEO plugin v27.3 - https:\/\/yoast.com\/product\/yoast-seo-wordpress\/ -->\n<title>Niebieskie Skrzyneczki b\u0119d\u0105 w gorzowskich szko\u0142ach. Uczniowie b\u0119d\u0105 mogli anonimowo poprosi\u0107 o pomoc - Gorz\u00f3w News<\/title>\n<meta name=\"description\" content=\"Niebieska Skrzyneczka zdrowia psychicznego dzieci i m\u0142odzie\u017cy to projekt zrodzony w M\u0142odzie\u017cowym Sejmiku Wojew\u00f3dztwa Mazowieckiego, a kt\u00f3rego id\" \/>\n<meta name=\"robots\" content=\"index, follow, max-snippet:-1, max-image-preview:large, max-video-preview:-1\" \/>\n<link rel=\"canonical\" href=\"https:\/\/gorzow.news\/index.php\/2024\/07\/31\/niebieskie-skrzyneczki-zawieszone-zostana-w-gorzowskich-szkolach-uczniowie-beda-mogli-anonimowo-poprosic-o-pomoc\/\" \/>\n<meta property=\"og:locale\" content=\"pl_PL\" \/>\n<meta property=\"og:type\" content=\"article\" \/>\n<meta property=\"og:title\" content=\"Niebieskie Skrzyneczki b\u0119d\u0105 w gorzowskich szko\u0142ach. Uczniowie b\u0119d\u0105 mogli anonimowo poprosi\u0107 o pomoc - Gorz\u00f3w News\" \/>\n<meta property=\"og:description\" content=\"Niebieska Skrzyneczka zdrowia psychicznego dzieci i m\u0142odzie\u017cy to projekt zrodzony w M\u0142odzie\u017cowym Sejmiku Wojew\u00f3dztwa Mazowieckiego, a kt\u00f3rego id\" \/>\n<meta property=\"og:url\" content=\"https:\/\/gorzow.news\/index.php\/2024\/07\/31\/niebieskie-skrzyneczki-zawieszone-zostana-w-gorzowskich-szkolach-uczniowie-beda-mogli-anonimowo-poprosic-o-pomoc\/\" \/>\n<meta property=\"og:site_name\" content=\"Gorz\u00f3w News\" \/>\n<meta property=\"article:publisher\" content=\"https:\/\/www.facebook.com\/gorzowskinews\" \/>\n<meta property=\"article:published_time\" content=\"2024-07-31T04:23:00+00:00\" \/>\n<meta property=\"article:modified_time\" content=\"2024-07-31T15:33:58+00:00\" \/>\n<meta property=\"og:image\" content=\"https:\/\/gorzow.news\/wp-content\/uploads\/2024\/07\/fotob-14179-1.jpg\" \/>\n\t<meta property=\"og:image:width\" content=\"1620\" \/>\n\t<meta property=\"og:image:height\" content=\"767\" \/>\n\t<meta property=\"og:image:type\" content=\"image\/jpeg\" \/>\n<meta name=\"author\" content=\"maciej\" \/>\n<meta name=\"twitter:card\" content=\"summary_large_image\" \/>\n<meta name=\"twitter:label1\" content=\"Napisane przez\" \/>\n\t<meta name=\"twitter:data1\" content=\"maciej\" \/>\n\t<meta name=\"twitter:label2\" content=\"Szacowany czas czytania\" \/>\n\t<meta name=\"twitter:data2\" content=\"2 minuty\" \/>\n<script type=\"application\/ld+json\" class=\"yoast-schema-graph\">{\"@context\":\"https:\\\/\\\/schema.org\",\"@graph\":[{\"@type\":\"Article\",\"@id\":\"https:\\\/\\\/gorzow.news\\\/index.php\\\/2024\\\/07\\\/31\\\/niebieskie-skrzyneczki-zawieszone-zostana-w-gorzowskich-szkolach-uczniowie-beda-mogli-anonimowo-poprosic-o-pomoc\\\/#article\",\"isPartOf\":{\"@id\":\"https:\\\/\\\/gorzow.news\\\/index.php\\\/2024\\\/07\\\/31\\\/niebieskie-skrzyneczki-zawieszone-zostana-w-gorzowskich-szkolach-uczniowie-beda-mogli-anonimowo-poprosic-o-pomoc\\\/\"},\"author\":{\"name\":\"maciej\",\"@id\":\"https:\\\/\\\/gorzow.news\\\/#\\\/schema\\\/person\\\/a1e5ab43166369f2ce236a1cd90995bb\"},\"headline\":\"Niebieskie Skrzyneczki b\u0119d\u0105 w gorzowskich szko\u0142ach. Uczniowie b\u0119d\u0105 mogli anonimowo poprosi\u0107 o pomoc\",\"datePublished\":\"2024-07-31T04:23:00+00:00\",\"dateModified\":\"2024-07-31T15:33:58+00:00\",\"mainEntityOfPage\":{\"@id\":\"https:\\\/\\\/gorzow.news\\\/index.php\\\/2024\\\/07\\\/31\\\/niebieskie-skrzyneczki-zawieszone-zostana-w-gorzowskich-szkolach-uczniowie-beda-mogli-anonimowo-poprosic-o-pomoc\\\/\"},\"wordCount\":381,\"commentCount\":0,\"image\":{\"@id\":\"https:\\\/\\\/gorzow.news\\\/index.php\\\/2024\\\/07\\\/31\\\/niebieskie-skrzyneczki-zawieszone-zostana-w-gorzowskich-szkolach-uczniowie-beda-mogli-anonimowo-poprosic-o-pomoc\\\/#primaryimage\"},\"thumbnailUrl\":\"https:\\\/\\\/gorzow.news\\\/wp-content\\\/uploads\\\/2024\\\/07\\\/fotob-14179-1.jpg\",\"keywords\":[\"Mariusz Biniewski\",\"Monika Wielichowska\",\"Niebieskie Skrzyneczki\",\"Robert Surowiec\"],\"articleSection\":[\"Wiadomo\u015bci\",\"Zdrowie\"],\"inLanguage\":\"pl-PL\",\"potentialAction\":[{\"@type\":\"CommentAction\",\"name\":\"Comment\",\"target\":[\"https:\\\/\\\/gorzow.news\\\/index.php\\\/2024\\\/07\\\/31\\\/niebieskie-skrzyneczki-zawieszone-zostana-w-gorzowskich-szkolach-uczniowie-beda-mogli-anonimowo-poprosic-o-pomoc\\\/#respond\"]}]},{\"@type\":\"WebPage\",\"@id\":\"https:\\\/\\\/gorzow.news\\\/index.php\\\/2024\\\/07\\\/31\\\/niebieskie-skrzyneczki-zawieszone-zostana-w-gorzowskich-szkolach-uczniowie-beda-mogli-anonimowo-poprosic-o-pomoc\\\/\",\"url\":\"https:\\\/\\\/gorzow.news\\\/index.php\\\/2024\\\/07\\\/31\\\/niebieskie-skrzyneczki-zawieszone-zostana-w-gorzowskich-szkolach-uczniowie-beda-mogli-anonimowo-poprosic-o-pomoc\\\/\",\"name\":\"Niebieskie Skrzyneczki b\u0119d\u0105 w gorzowskich szko\u0142ach. Uczniowie b\u0119d\u0105 mogli anonimowo poprosi\u0107 o pomoc - Gorz\u00f3w News\",\"isPartOf\":{\"@id\":\"https:\\\/\\\/gorzow.news\\\/#website\"},\"primaryImageOfPage\":{\"@id\":\"https:\\\/\\\/gorzow.news\\\/index.php\\\/2024\\\/07\\\/31\\\/niebieskie-skrzyneczki-zawieszone-zostana-w-gorzowskich-szkolach-uczniowie-beda-mogli-anonimowo-poprosic-o-pomoc\\\/#primaryimage\"},\"image\":{\"@id\":\"https:\\\/\\\/gorzow.news\\\/index.php\\\/2024\\\/07\\\/31\\\/niebieskie-skrzyneczki-zawieszone-zostana-w-gorzowskich-szkolach-uczniowie-beda-mogli-anonimowo-poprosic-o-pomoc\\\/#primaryimage\"},\"thumbnailUrl\":\"https:\\\/\\\/gorzow.news\\\/wp-content\\\/uploads\\\/2024\\\/07\\\/fotob-14179-1.jpg\",\"datePublished\":\"2024-07-31T04:23:00+00:00\",\"dateModified\":\"2024-07-31T15:33:58+00:00\",\"author\":{\"@id\":\"https:\\\/\\\/gorzow.news\\\/#\\\/schema\\\/person\\\/a1e5ab43166369f2ce236a1cd90995bb\"},\"description\":\"Niebieska Skrzyneczka zdrowia psychicznego dzieci i m\u0142odzie\u017cy to projekt zrodzony w M\u0142odzie\u017cowym Sejmiku Wojew\u00f3dztwa Mazowieckiego, a kt\u00f3rego idea dotar\u0142a w \u015brod\u0119 do Gorzowa.\",\"breadcrumb\":{\"@id\":\"https:\\\/\\\/gorzow.news\\\/index.php\\\/2024\\\/07\\\/31\\\/niebieskie-skrzyneczki-zawieszone-zostana-w-gorzowskich-szkolach-uczniowie-beda-mogli-anonimowo-poprosic-o-pomoc\\\/#breadcrumb\"},\"inLanguage\":\"pl-PL\",\"potentialAction\":[{\"@type\":\"ReadAction\",\"target\":[\"https:\\\/\\\/gorzow.news\\\/index.php\\\/2024\\\/07\\\/31\\\/niebieskie-skrzyneczki-zawieszone-zostana-w-gorzowskich-szkolach-uczniowie-beda-mogli-anonimowo-poprosic-o-pomoc\\\/\"]}]},{\"@type\":\"ImageObject\",\"inLanguage\":\"pl-PL\",\"@id\":\"https:\\\/\\\/gorzow.news\\\/index.php\\\/2024\\\/07\\\/31\\\/niebieskie-skrzyneczki-zawieszone-zostana-w-gorzowskich-szkolach-uczniowie-beda-mogli-anonimowo-poprosic-o-pomoc\\\/#primaryimage\",\"url\":\"https:\\\/\\\/gorzow.news\\\/wp-content\\\/uploads\\\/2024\\\/07\\\/fotob-14179-1.jpg\",\"contentUrl\":\"https:\\\/\\\/gorzow.news\\\/wp-content\\\/uploads\\\/2024\\\/07\\\/fotob-14179-1.jpg\",\"width\":1620,\"height\":767,\"caption\":\"Niebieskie Skrzyneczki b\u0119d\u0105 w gorzowskich szko\u0142ach. fot. Klaudia Guszpit\"},{\"@type\":\"BreadcrumbList\",\"@id\":\"https:\\\/\\\/gorzow.news\\\/index.php\\\/2024\\\/07\\\/31\\\/niebieskie-skrzyneczki-zawieszone-zostana-w-gorzowskich-szkolach-uczniowie-beda-mogli-anonimowo-poprosic-o-pomoc\\\/#breadcrumb\",\"itemListElement\":[{\"@type\":\"ListItem\",\"position\":1,\"name\":\"Home\",\"item\":\"https:\\\/\\\/gorzow.news\\\/\"},{\"@type\":\"ListItem\",\"position\":2,\"name\":\"Niebieskie Skrzyneczki b\u0119d\u0105 w gorzowskich szko\u0142ach. Uczniowie b\u0119d\u0105 mogli anonimowo poprosi\u0107 o pomoc\"}]},{\"@type\":\"WebSite\",\"@id\":\"https:\\\/\\\/gorzow.news\\\/#website\",\"url\":\"https:\\\/\\\/gorzow.news\\\/\",\"name\":\"Gorz\u00f3w News\",\"description\":\"Sp\u00f3jrz inaczej na miato i region...\",\"potentialAction\":[{\"@type\":\"SearchAction\",\"target\":{\"@type\":\"EntryPoint\",\"urlTemplate\":\"https:\\\/\\\/gorzow.news\\\/?s={search_term_string}\"},\"query-input\":{\"@type\":\"PropertyValueSpecification\",\"valueRequired\":true,\"valueName\":\"search_term_string\"}}],\"inLanguage\":\"pl-PL\"},{\"@type\":\"Person\",\"@id\":\"https:\\\/\\\/gorzow.news\\\/#\\\/schema\\\/person\\\/a1e5ab43166369f2ce236a1cd90995bb\",\"name\":\"maciej\",\"image\":{\"@type\":\"ImageObject\",\"inLanguage\":\"pl-PL\",\"@id\":\"https:\\\/\\\/secure.gravatar.com\\\/avatar\\\/530a674d56ba60cfa0ef21d74e8e8d123a51bb7aa6580465b5c2ab2c2e980a19?s=96&r=g&d=https:\\\/\\\/gorzow.news\\\/wp-content\\\/plugins\\\/userswp\\\/assets\\\/images\\\/no_profile.png\",\"url\":\"https:\\\/\\\/secure.gravatar.com\\\/avatar\\\/530a674d56ba60cfa0ef21d74e8e8d123a51bb7aa6580465b5c2ab2c2e980a19?s=96&r=g&d=https:\\\/\\\/gorzow.news\\\/wp-content\\\/plugins\\\/userswp\\\/assets\\\/images\\\/no_profile.png\",\"contentUrl\":\"https:\\\/\\\/secure.gravatar.com\\\/avatar\\\/530a674d56ba60cfa0ef21d74e8e8d123a51bb7aa6580465b5c2ab2c2e980a19?s=96&r=g&d=https:\\\/\\\/gorzow.news\\\/wp-content\\\/plugins\\\/userswp\\\/assets\\\/images\\\/no_profile.png\",\"caption\":\"maciej\"},\"url\":\"https:\\\/\\\/gorzow.news\\\/index.php\\\/profile\\\/maciej\\\/\"}]}<\/script>\n<!-- \/ Yoast SEO plugin. -->","yoast_head_json":{"title":"Niebieskie Skrzyneczki b\u0119d\u0105 w gorzowskich szko\u0142ach. Uczniowie b\u0119d\u0105 mogli anonimowo poprosi\u0107 o pomoc - Gorz\u00f3w News","description":"Niebieska Skrzyneczka zdrowia psychicznego dzieci i m\u0142odzie\u017cy to projekt zrodzony w M\u0142odzie\u017cowym Sejmiku Wojew\u00f3dztwa Mazowieckiego, a kt\u00f3rego id","robots":{"index":"index","follow":"follow","max-snippet":"max-snippet:-1","max-image-preview":"max-image-preview:large","max-video-preview":"max-video-preview:-1"},"canonical":"https:\/\/gorzow.news\/index.php\/2024\/07\/31\/niebieskie-skrzyneczki-zawieszone-zostana-w-gorzowskich-szkolach-uczniowie-beda-mogli-anonimowo-poprosic-o-pomoc\/","og_locale":"pl_PL","og_type":"article","og_title":"Niebieskie Skrzyneczki b\u0119d\u0105 w gorzowskich szko\u0142ach. Uczniowie b\u0119d\u0105 mogli anonimowo poprosi\u0107 o pomoc - Gorz\u00f3w News","og_description":"Niebieska Skrzyneczka zdrowia psychicznego dzieci i m\u0142odzie\u017cy to projekt zrodzony w M\u0142odzie\u017cowym Sejmiku Wojew\u00f3dztwa Mazowieckiego, a kt\u00f3rego id","og_url":"https:\/\/gorzow.news\/index.php\/2024\/07\/31\/niebieskie-skrzyneczki-zawieszone-zostana-w-gorzowskich-szkolach-uczniowie-beda-mogli-anonimowo-poprosic-o-pomoc\/","og_site_name":"Gorz\u00f3w News","article_publisher":"https:\/\/www.facebook.com\/gorzowskinews","article_published_time":"2024-07-31T04:23:00+00:00","article_modified_time":"2024-07-31T15:33:58+00:00","og_image":[{"width":1620,"height":767,"url":"https:\/\/gorzow.news\/wp-content\/uploads\/2024\/07\/fotob-14179-1.jpg","type":"image\/jpeg"}],"author":"maciej","twitter_card":"summary_large_image","twitter_misc":{"Napisane przez":"maciej","Szacowany czas czytania":"2 minuty"},"schema":{"@context":"https:\/\/schema.org","@graph":[{"@type":"Article","@id":"https:\/\/gorzow.news\/index.php\/2024\/07\/31\/niebieskie-skrzyneczki-zawieszone-zostana-w-gorzowskich-szkolach-uczniowie-beda-mogli-anonimowo-poprosic-o-pomoc\/#article","isPartOf":{"@id":"https:\/\/gorzow.news\/index.php\/2024\/07\/31\/niebieskie-skrzyneczki-zawieszone-zostana-w-gorzowskich-szkolach-uczniowie-beda-mogli-anonimowo-poprosic-o-pomoc\/"},"author":{"name":"maciej","@id":"https:\/\/gorzow.news\/#\/schema\/person\/a1e5ab43166369f2ce236a1cd90995bb"},"headline":"Niebieskie Skrzyneczki b\u0119d\u0105 w gorzowskich szko\u0142ach. Uczniowie b\u0119d\u0105 mogli anonimowo poprosi\u0107 o pomoc","datePublished":"2024-07-31T04:23:00+00:00","dateModified":"2024-07-31T15:33:58+00:00","mainEntityOfPage":{"@id":"https:\/\/gorzow.news\/index.php\/2024\/07\/31\/niebieskie-skrzyneczki-zawieszone-zostana-w-gorzowskich-szkolach-uczniowie-beda-mogli-anonimowo-poprosic-o-pomoc\/"},"wordCount":381,"commentCount":0,"image":{"@id":"https:\/\/gorzow.news\/index.php\/2024\/07\/31\/niebieskie-skrzyneczki-zawieszone-zostana-w-gorzowskich-szkolach-uczniowie-beda-mogli-anonimowo-poprosic-o-pomoc\/#primaryimage"},"thumbnailUrl":"https:\/\/gorzow.news\/wp-content\/uploads\/2024\/07\/fotob-14179-1.jpg","keywords":["Mariusz Biniewski","Monika Wielichowska","Niebieskie Skrzyneczki","Robert Surowiec"],"articleSection":["Wiadomo\u015bci","Zdrowie"],"inLanguage":"pl-PL","potentialAction":[{"@type":"CommentAction","name":"Comment","target":["https:\/\/gorzow.news\/index.php\/2024\/07\/31\/niebieskie-skrzyneczki-zawieszone-zostana-w-gorzowskich-szkolach-uczniowie-beda-mogli-anonimowo-poprosic-o-pomoc\/#respond"]}]},{"@type":"WebPage","@id":"https:\/\/gorzow.news\/index.php\/2024\/07\/31\/niebieskie-skrzyneczki-zawieszone-zostana-w-gorzowskich-szkolach-uczniowie-beda-mogli-anonimowo-poprosic-o-pomoc\/","url":"https:\/\/gorzow.news\/index.php\/2024\/07\/31\/niebieskie-skrzyneczki-zawieszone-zostana-w-gorzowskich-szkolach-uczniowie-beda-mogli-anonimowo-poprosic-o-pomoc\/","name":"Niebieskie Skrzyneczki b\u0119d\u0105 w gorzowskich szko\u0142ach. Uczniowie b\u0119d\u0105 mogli anonimowo poprosi\u0107 o pomoc - Gorz\u00f3w News","isPartOf":{"@id":"https:\/\/gorzow.news\/#website"},"primaryImageOfPage":{"@id":"https:\/\/gorzow.news\/index.php\/2024\/07\/31\/niebieskie-skrzyneczki-zawieszone-zostana-w-gorzowskich-szkolach-uczniowie-beda-mogli-anonimowo-poprosic-o-pomoc\/#primaryimage"},"image":{"@id":"https:\/\/gorzow.news\/index.php\/2024\/07\/31\/niebieskie-skrzyneczki-zawieszone-zostana-w-gorzowskich-szkolach-uczniowie-beda-mogli-anonimowo-poprosic-o-pomoc\/#primaryimage"},"thumbnailUrl":"https:\/\/gorzow.news\/wp-content\/uploads\/2024\/07\/fotob-14179-1.jpg","datePublished":"2024-07-31T04:23:00+00:00","dateModified":"2024-07-31T15:33:58+00:00","author":{"@id":"https:\/\/gorzow.news\/#\/schema\/person\/a1e5ab43166369f2ce236a1cd90995bb"},"description":"Niebieska Skrzyneczka zdrowia psychicznego dzieci i m\u0142odzie\u017cy to projekt zrodzony w M\u0142odzie\u017cowym Sejmiku Wojew\u00f3dztwa Mazowieckiego, a kt\u00f3rego idea dotar\u0142a w \u015brod\u0119 do Gorzowa.","breadcrumb":{"@id":"https:\/\/gorzow.news\/index.php\/2024\/07\/31\/niebieskie-skrzyneczki-zawieszone-zostana-w-gorzowskich-szkolach-uczniowie-beda-mogli-anonimowo-poprosic-o-pomoc\/#breadcrumb"},"inLanguage":"pl-PL","potentialAction":[{"@type":"ReadAction","target":["https:\/\/gorzow.news\/index.php\/2024\/07\/31\/niebieskie-skrzyneczki-zawieszone-zostana-w-gorzowskich-szkolach-uczniowie-beda-mogli-anonimowo-poprosic-o-pomoc\/"]}]},{"@type":"ImageObject","inLanguage":"pl-PL","@id":"https:\/\/gorzow.news\/index.php\/2024\/07\/31\/niebieskie-skrzyneczki-zawieszone-zostana-w-gorzowskich-szkolach-uczniowie-beda-mogli-anonimowo-poprosic-o-pomoc\/#primaryimage","url":"https:\/\/gorzow.news\/wp-content\/uploads\/2024\/07\/fotob-14179-1.jpg","contentUrl":"https:\/\/gorzow.news\/wp-content\/uploads\/2024\/07\/fotob-14179-1.jpg","width":1620,"height":767,"caption":"Niebieskie Skrzyneczki b\u0119d\u0105 w gorzowskich szko\u0142ach. fot. Klaudia Guszpit"},{"@type":"BreadcrumbList","@id":"https:\/\/gorzow.news\/index.php\/2024\/07\/31\/niebieskie-skrzyneczki-zawieszone-zostana-w-gorzowskich-szkolach-uczniowie-beda-mogli-anonimowo-poprosic-o-pomoc\/#breadcrumb","itemListElement":[{"@type":"ListItem","position":1,"name":"Home","item":"https:\/\/gorzow.news\/"},{"@type":"ListItem","position":2,"name":"Niebieskie Skrzyneczki b\u0119d\u0105 w gorzowskich szko\u0142ach. Uczniowie b\u0119d\u0105 mogli anonimowo poprosi\u0107 o pomoc"}]},{"@type":"WebSite","@id":"https:\/\/gorzow.news\/#website","url":"https:\/\/gorzow.news\/","name":"Gorz\u00f3w News","description":"Sp\u00f3jrz inaczej na miato i region...","potentialAction":[{"@type":"SearchAction","target":{"@type":"EntryPoint","urlTemplate":"https:\/\/gorzow.news\/?s={search_term_string}"},"query-input":{"@type":"PropertyValueSpecification","valueRequired":true,"valueName":"search_term_string"}}],"inLanguage":"pl-PL"},{"@type":"Person","@id":"https:\/\/gorzow.news\/#\/schema\/person\/a1e5ab43166369f2ce236a1cd90995bb","name":"maciej","image":{"@type":"ImageObject","inLanguage":"pl-PL","@id":"https:\/\/secure.gravatar.com\/avatar\/530a674d56ba60cfa0ef21d74e8e8d123a51bb7aa6580465b5c2ab2c2e980a19?s=96&r=g&d=https:\/\/gorzow.news\/wp-content\/plugins\/userswp\/assets\/images\/no_profile.png","url":"https:\/\/secure.gravatar.com\/avatar\/530a674d56ba60cfa0ef21d74e8e8d123a51bb7aa6580465b5c2ab2c2e980a19?s=96&r=g&d=https:\/\/gorzow.news\/wp-content\/plugins\/userswp\/assets\/images\/no_profile.png","contentUrl":"https:\/\/secure.gravatar.com\/avatar\/530a674d56ba60cfa0ef21d74e8e8d123a51bb7aa6580465b5c2ab2c2e980a19?s=96&r=g&d=https:\/\/gorzow.news\/wp-content\/plugins\/userswp\/assets\/images\/no_profile.png","caption":"maciej"},"url":"https:\/\/gorzow.news\/index.php\/profile\/maciej\/"}]}},"_links":{"self":[{"href":"https:\/\/gorzow.news\/index.php\/wp-json\/wp\/v2\/posts\/24282","targetHints":{"allow":["GET"]}}],"collection":[{"href":"https:\/\/gorzow.news\/index.php\/wp-json\/wp\/v2\/posts"}],"about":[{"href":"https:\/\/gorzow.news\/index.php\/wp-json\/wp\/v2\/types\/post"}],"author":[{"embeddable":true,"href":"https:\/\/gorzow.news\/index.php\/wp-json\/wp\/v2\/users\/1"}],"replies":[{"embeddable":true,"href":"https:\/\/gorzow.news\/index.php\/wp-json\/wp\/v2\/comments?post=24282"}],"version-history":[{"count":2,"href":"https:\/\/gorzow.news\/index.php\/wp-json\/wp\/v2\/posts\/24282\/revisions"}],"predecessor-version":[{"id":24286,"href":"https:\/\/gorzow.news\/index.php\/wp-json\/wp\/v2\/posts\/24282\/revisions\/24286"}],"wp:featuredmedia":[{"embeddable":true,"href":"https:\/\/gorzow.news\/index.php\/wp-json\/wp\/v2\/media\/24285"}],"wp:attachment":[{"href":"https:\/\/gorzow.news\/index.php\/wp-json\/wp\/v2\/media?parent=24282"}],"wp:term":[{"taxonomy":"category","embeddable":true,"href":"https:\/\/gorzow.news\/index.php\/wp-json\/wp\/v2\/categories?post=24282"},{"taxonomy":"post_tag","embeddable":true,"href":"https:\/\/gorzow.news\/index.php\/wp-json\/wp\/v2\/tags?post=24282"}],"curies":[{"name":"wp","href":"https:\/\/api.w.org\/{rel}","templated":true}]}}