{"id":2354,"date":"2021-07-29T06:24:16","date_gmt":"2021-07-29T04:24:16","guid":{"rendered":"https:\/\/gorzow.news\/?p=2354"},"modified":"2021-08-23T21:08:18","modified_gmt":"2021-08-23T19:08:18","slug":"zespol-raz-dwa-trzy-w-niedziele-zaspiewa-na-starym-rynku-podczas-pikniku-bedzie-mozna-sie-zaszczepic-i-spisac","status":"publish","type":"post","link":"https:\/\/gorzow.news\/index.php\/2021\/07\/29\/zespol-raz-dwa-trzy-w-niedziele-zaspiewa-na-starym-rynku-podczas-pikniku-bedzie-mozna-sie-zaszczepic-i-spisac\/","title":{"rendered":"Zesp\u00f3\u0142 Raz Dwa Trzy w niedziel\u0119 za\u015bpiewa na Starym Rynku! Podczas pikniku b\u0119dzie mo\u017cna si\u0119 zaszczepi\u0107 i spisa\u0107!"},"content":{"rendered":"\n<p><strong>W najbli\u017csz\u0105 niedziel\u0119, 1 sierpnia obchodzimy \u015awi\u0119to Wojew\u00f3dztwa Lubuskiego. Z tej okazji w Gorzowie, na Starym Rynku, zaplanowano kilka wydarze\u0144. W\u015br\u00f3d nich piknik zdrowia z dost\u0119pem do szczepie\u0144 przeciwko COVID-19, punkt spisu powszechnego i koncert jubileuszowy zespo\u0142u Raz Dwa Trzy, kt\u00f3ry odb\u0119dzie si\u0119 w ramach \u201eDobry wiecz\u00f3r Lubuskie\u201d.<\/strong><\/p>\n\n\n\n<p>Lubuski Piknik Zdrowia organizowany przez Urz\u0105d Marsza\u0142kowski Wojew\u00f3dztwa Lubuskiego rozpocznie si\u0119 o godzinie 11.00 na Starym Rynku. Do godziny 15.00 b\u0119dzie mo\u017cna skorzysta\u0107 z szerokiej oferty bada\u0144 diagnostycznych i skonsultowa\u0107 si\u0119 z lekarzami specjalistami. W miasteczku zdrowia stanie r\u00f3wnie\u017c krwiobus oraz punkt szczepie\u0144 jednodawkowym preparatem przeciw COVID-19.<\/p>\n\n\n\n<center><script async=\"\" src=\"https:\/\/pagead2.googlesyndication.com\/pagead\/js\/adsbygoogle.js\"><\/script>\n<!-- Poziom tekst -->\n<ins class=\"adsbygoogle\" style=\"display:block\" data-ad-client=\"ca-pub-7212888352136558\" data-ad-slot=\"2857909428\" data-ad-format=\"auto\" data-full-width-responsive=\"true\"><\/ins>\n<script>\n     (adsbygoogle = window.adsbygoogle || []).push({});\n<\/script><\/center><br>\n\n\n\n<p>O dobr\u0105 zabaw\u0119 dla m\u0142odszych zadba zesp\u00f3\u0142 animator\u00f3w z Fundacji Dr Clown. Przygotowano konkursy z nagrodami, gry i zabawy oraz dmuchany plac zabaw.<\/p>\n\n\n\n<p>Na pikniku znajdziemy te\u017c stoiska m.in. Akademii im. Jakuba z Parady\u017ca, Wojew\u00f3dzkiego O\u015brodka Ruchu Drogowego czy Urz\u0119du Statystycznego. W tym ostatnim b\u0119dzie mo\u017cna spisa\u0107 si\u0119 w ramach Spisu Powszechnego Ludno\u015bci i Mieszka\u0144 2021.<\/p>\n\n\n\n<p>Natomiast po po\u0142udniu, o godzinie 16.00, na scenie pojawi si\u0119 gwiazda dnia, zesp\u00f3\u0142 Raz Dwa Trzy. To kolejny prezent dla mieszka\u0144c\u00f3w regionu z okazji \u015bwi\u0119ta wojew\u00f3dztwa. Zesp\u00f3\u0142 \u015bwi\u0119tuje swoje 30-lecie. Koncert odb\u0119dzie si\u0119 w ramach \u201eDobry wiecz\u00f3r Lubuskie\u201d.<\/p>\n\n\n\n<center><script async=\"\" src=\"https:\/\/pagead2.googlesyndication.com\/pagead\/js\/adsbygoogle.js\"><\/script>\n<!-- Poziom tekst -->\n<ins class=\"adsbygoogle\" style=\"display:block\" data-ad-client=\"ca-pub-7212888352136558\" data-ad-slot=\"2857909428\" data-ad-format=\"auto\" data-full-width-responsive=\"true\"><\/ins>\n<script>\n     (adsbygoogle = window.adsbygoogle || []).push({});\n<\/script><\/center><br>\n\n\n\n<p><strong>O zespole Raz Dwa Trzy:<\/strong><\/p>\n\n\n\n<p>30 lat temu, na korytarzu akademika w Zielonej G\u00f3rze tr\u00f3jka m\u0142odych ludzi zagra\u0142a pierwsze wsp\u00f3lne d\u017awi\u0119ki\u2026Tak zacz\u0119\u0142a si\u0119 historia zespo\u0142u, kt\u00f3ry pozosta\u0142 wierny sobie i swojej muzycznej drodze, konsekwentnie krocz\u0105c z dala od g\u0142\u00f3wnego nurtu.<\/p>\n\n\n\n<p>Maj\u0105 sw\u00f3j w\u0142asny, charakterystyczny i rozpoznawalny muzyczno-literacki j\u0119zyk. Zesp\u00f3\u0142 Raz Dwa Trzy w niedo\u015bcigniony spos\u00f3b interpretuje piosenki Osieckiej i M\u0142ynarskiego \u2013 z pe\u0142nym szacunkiem dla pierwowzor\u00f3w. Sympatycy Raz Dwa Trzy kochaj\u0105 Adama Nowaka i jego zesp\u00f3\u0142 za senne bosanowy, koj\u0105ce rytmy reggaeowe, mi\u0119kko otulaj\u0105ce d\u017awi\u0119ki gitar, akordeonu i kontrabasu. Bogactwo instrument\u00f3w, technicznie doskona\u0142e aran\u017cacje, pe\u0142na pasja tworzenia i grania to znaki firmowe zespo\u0142u. Teksty Adama Nowaka s\u0105 kunsztownie skonstruowanymi opowie\u015bciami z g\u0142\u0119bokim przes\u0142aniem.<\/p>\n\n\n\n<center><script async=\"\" src=\"https:\/\/pagead2.googlesyndication.com\/pagead\/js\/adsbygoogle.js\"><\/script>\n<!-- Poziom tekst -->\n<ins class=\"adsbygoogle\" style=\"display:block\" data-ad-client=\"ca-pub-7212888352136558\" data-ad-slot=\"2857909428\" data-ad-format=\"auto\" data-full-width-responsive=\"true\"><\/ins>\n<script>\n     (adsbygoogle = window.adsbygoogle || []).push({});\n<\/script><\/center><br>\n\n\n\n<p>Grupa przez te wszystkie lata zbudowa\u0142a wyj\u0105tkow\u0105 wi\u0119\u017a ze s\u0142uchaczami, graj\u0105c tysi\u0105ce koncert\u00f3w \u2013 od ma\u0142ych klub\u00f3w po wielkie sale koncertowe. To w\u0142a\u015bnie koncerty sta\u0142y si\u0119 znakiem rozpoznawczym Raz, Dwa, Trzy. Koncertami r\u00f3wnie\u017c \u2013 bez wielkich fet, akademii i transmisji, zesp\u00f3\u0142 pragnie uczci\u0107 swoj\u0105 przyja\u017a\u0144 z Wami i wyrazi\u0107 wdzi\u0119czno\u015b\u0107 za to, \u017ce z nimi jeste\u015bcie. Te 30 lat min\u0119\u0142o jak jeden koncert!<\/p>\n","protected":false},"excerpt":{"rendered":"<p>W najbli\u017csz\u0105 niedziel\u0119, 1 sierpnia obchodzimy \u015awi\u0119to Wojew\u00f3dztwa Lubuskiego. Z tej okazji w Gorzowie, na Starym Rynku, zaplanowano kilka wydarze\u0144. W\u015br\u00f3d nich piknik zdrowia z dost\u0119pem do szczepie\u0144 przeciwko COVID-19, punkt spisu powszechnego i koncert jubileuszowy zespo\u0142u Raz Dwa Trzy, kt\u00f3ry odb\u0119dzie si\u0119 w ramach \u201eDobry wiecz\u00f3r Lubuskie\u201d.<\/p>\n","protected":false},"author":1,"featured_media":2388,"comment_status":"open","ping_status":"open","sticky":false,"template":"","format":"standard","meta":{"footnotes":"","_links_to":"","_links_to_target":""},"categories":[595,589],"tags":[514,513,285,512],"class_list":{"0":"post-2354","1":"post","2":"type-post","3":"status-publish","4":"format-standard","5":"has-post-thumbnail","7":"category-rozrywka","8":"category-wiadomosci","9":"tag-dobry-wieczor-lubuskie","10":"tag-raz-dwa-trzy","11":"tag-stary-rynek","12":"tag-swieto-wojewodztwa-lubuskiego"},"yoast_head":"<!-- This site is optimized with the Yoast SEO plugin v27.3 - https:\/\/yoast.com\/product\/yoast-seo-wordpress\/ -->\n<title>Zesp\u00f3\u0142 Raz Dwa Trzy w niedziel\u0119 za\u015bpiewa na Starym Rynku! Podczas pikniku b\u0119dzie mo\u017cna si\u0119 zaszczepi\u0107 i spisa\u0107! - Gorz\u00f3w News<\/title>\n<meta name=\"robots\" content=\"index, follow, max-snippet:-1, max-image-preview:large, max-video-preview:-1\" \/>\n<link rel=\"canonical\" href=\"https:\/\/gorzow.news\/index.php\/2021\/07\/29\/zespol-raz-dwa-trzy-w-niedziele-zaspiewa-na-starym-rynku-podczas-pikniku-bedzie-mozna-sie-zaszczepic-i-spisac\/\" \/>\n<meta property=\"og:locale\" content=\"pl_PL\" \/>\n<meta property=\"og:type\" content=\"article\" \/>\n<meta property=\"og:title\" content=\"Zesp\u00f3\u0142 Raz Dwa Trzy w niedziel\u0119 za\u015bpiewa na Starym Rynku! Podczas pikniku b\u0119dzie mo\u017cna si\u0119 zaszczepi\u0107 i spisa\u0107! - Gorz\u00f3w News\" \/>\n<meta property=\"og:description\" content=\"W najbli\u017csz\u0105 niedziel\u0119, 1 sierpnia obchodzimy \u015awi\u0119to Wojew\u00f3dztwa Lubuskiego. Z tej okazji w Gorzowie, na Starym Rynku, zaplanowano kilka wydarze\" \/>\n<meta property=\"og:url\" content=\"https:\/\/gorzow.news\/index.php\/2021\/07\/29\/zespol-raz-dwa-trzy-w-niedziele-zaspiewa-na-starym-rynku-podczas-pikniku-bedzie-mozna-sie-zaszczepic-i-spisac\/\" \/>\n<meta property=\"og:site_name\" content=\"Gorz\u00f3w News\" \/>\n<meta property=\"article:publisher\" content=\"https:\/\/www.facebook.com\/gorzowskinews\" \/>\n<meta property=\"article:published_time\" content=\"2021-07-29T04:24:16+00:00\" \/>\n<meta property=\"article:modified_time\" content=\"2021-08-23T19:08:18+00:00\" \/>\n<meta property=\"og:image\" content=\"https:\/\/gorzow.news\/wp-content\/uploads\/2021\/07\/Screenshot-2021-07-30-at-21-53-36-2019-11-14-ZASPOL-RAZ-DWA-TRZY8549-1-webp-obraz-WEBP-2500\u00d71666-pikseli-\u2014-Skala-46.png\" \/>\n\t<meta property=\"og:image:width\" content=\"1152\" \/>\n\t<meta property=\"og:image:height\" content=\"768\" \/>\n\t<meta property=\"og:image:type\" content=\"image\/png\" \/>\n<meta name=\"author\" content=\"maciej\" \/>\n<meta name=\"twitter:card\" content=\"summary_large_image\" \/>\n<meta name=\"twitter:label1\" content=\"Napisane przez\" \/>\n\t<meta name=\"twitter:data1\" content=\"maciej\" \/>\n\t<meta name=\"twitter:label2\" content=\"Szacowany czas czytania\" \/>\n\t<meta name=\"twitter:data2\" content=\"2 minuty\" \/>\n<script type=\"application\/ld+json\" class=\"yoast-schema-graph\">{\"@context\":\"https:\\\/\\\/schema.org\",\"@graph\":[{\"@type\":\"Article\",\"@id\":\"https:\\\/\\\/gorzow.news\\\/index.php\\\/2021\\\/07\\\/29\\\/zespol-raz-dwa-trzy-w-niedziele-zaspiewa-na-starym-rynku-podczas-pikniku-bedzie-mozna-sie-zaszczepic-i-spisac\\\/#article\",\"isPartOf\":{\"@id\":\"https:\\\/\\\/gorzow.news\\\/index.php\\\/2021\\\/07\\\/29\\\/zespol-raz-dwa-trzy-w-niedziele-zaspiewa-na-starym-rynku-podczas-pikniku-bedzie-mozna-sie-zaszczepic-i-spisac\\\/\"},\"author\":{\"name\":\"maciej\",\"@id\":\"https:\\\/\\\/gorzow.news\\\/#\\\/schema\\\/person\\\/a1e5ab43166369f2ce236a1cd90995bb\"},\"headline\":\"Zesp\u00f3\u0142 Raz Dwa Trzy w niedziel\u0119 za\u015bpiewa na Starym Rynku! Podczas pikniku b\u0119dzie mo\u017cna si\u0119 zaszczepi\u0107 i spisa\u0107!\",\"datePublished\":\"2021-07-29T04:24:16+00:00\",\"dateModified\":\"2021-08-23T19:08:18+00:00\",\"mainEntityOfPage\":{\"@id\":\"https:\\\/\\\/gorzow.news\\\/index.php\\\/2021\\\/07\\\/29\\\/zespol-raz-dwa-trzy-w-niedziele-zaspiewa-na-starym-rynku-podczas-pikniku-bedzie-mozna-sie-zaszczepic-i-spisac\\\/\"},\"wordCount\":459,\"commentCount\":0,\"image\":{\"@id\":\"https:\\\/\\\/gorzow.news\\\/index.php\\\/2021\\\/07\\\/29\\\/zespol-raz-dwa-trzy-w-niedziele-zaspiewa-na-starym-rynku-podczas-pikniku-bedzie-mozna-sie-zaszczepic-i-spisac\\\/#primaryimage\"},\"thumbnailUrl\":\"https:\\\/\\\/gorzow.news\\\/wp-content\\\/uploads\\\/2021\\\/07\\\/Screenshot-2021-07-30-at-21-53-36-2019-11-14-ZASPOL-RAZ-DWA-TRZY8549-1-webp-obraz-WEBP-2500\u00d71666-pikseli-\u2014-Skala-46.png?v=1627674896\",\"keywords\":[\"Dobry wiecz\u00f3r Lubuskie\",\"Raz Dwa Trzy\",\"Stary Rynek\",\"\u015awi\u0119to Wojew\u00f3dztwa Lubuskiego\"],\"articleSection\":[\"Rozrywka\",\"Wiadomo\u015bci\"],\"inLanguage\":\"pl-PL\",\"potentialAction\":[{\"@type\":\"CommentAction\",\"name\":\"Comment\",\"target\":[\"https:\\\/\\\/gorzow.news\\\/index.php\\\/2021\\\/07\\\/29\\\/zespol-raz-dwa-trzy-w-niedziele-zaspiewa-na-starym-rynku-podczas-pikniku-bedzie-mozna-sie-zaszczepic-i-spisac\\\/#respond\"]}]},{\"@type\":\"WebPage\",\"@id\":\"https:\\\/\\\/gorzow.news\\\/index.php\\\/2021\\\/07\\\/29\\\/zespol-raz-dwa-trzy-w-niedziele-zaspiewa-na-starym-rynku-podczas-pikniku-bedzie-mozna-sie-zaszczepic-i-spisac\\\/\",\"url\":\"https:\\\/\\\/gorzow.news\\\/index.php\\\/2021\\\/07\\\/29\\\/zespol-raz-dwa-trzy-w-niedziele-zaspiewa-na-starym-rynku-podczas-pikniku-bedzie-mozna-sie-zaszczepic-i-spisac\\\/\",\"name\":\"Zesp\u00f3\u0142 Raz Dwa Trzy w niedziel\u0119 za\u015bpiewa na Starym Rynku! Podczas pikniku b\u0119dzie mo\u017cna si\u0119 zaszczepi\u0107 i spisa\u0107! - Gorz\u00f3w News\",\"isPartOf\":{\"@id\":\"https:\\\/\\\/gorzow.news\\\/#website\"},\"primaryImageOfPage\":{\"@id\":\"https:\\\/\\\/gorzow.news\\\/index.php\\\/2021\\\/07\\\/29\\\/zespol-raz-dwa-trzy-w-niedziele-zaspiewa-na-starym-rynku-podczas-pikniku-bedzie-mozna-sie-zaszczepic-i-spisac\\\/#primaryimage\"},\"image\":{\"@id\":\"https:\\\/\\\/gorzow.news\\\/index.php\\\/2021\\\/07\\\/29\\\/zespol-raz-dwa-trzy-w-niedziele-zaspiewa-na-starym-rynku-podczas-pikniku-bedzie-mozna-sie-zaszczepic-i-spisac\\\/#primaryimage\"},\"thumbnailUrl\":\"https:\\\/\\\/gorzow.news\\\/wp-content\\\/uploads\\\/2021\\\/07\\\/Screenshot-2021-07-30-at-21-53-36-2019-11-14-ZASPOL-RAZ-DWA-TRZY8549-1-webp-obraz-WEBP-2500\u00d71666-pikseli-\u2014-Skala-46.png?v=1627674896\",\"datePublished\":\"2021-07-29T04:24:16+00:00\",\"dateModified\":\"2021-08-23T19:08:18+00:00\",\"author\":{\"@id\":\"https:\\\/\\\/gorzow.news\\\/#\\\/schema\\\/person\\\/a1e5ab43166369f2ce236a1cd90995bb\"},\"breadcrumb\":{\"@id\":\"https:\\\/\\\/gorzow.news\\\/index.php\\\/2021\\\/07\\\/29\\\/zespol-raz-dwa-trzy-w-niedziele-zaspiewa-na-starym-rynku-podczas-pikniku-bedzie-mozna-sie-zaszczepic-i-spisac\\\/#breadcrumb\"},\"inLanguage\":\"pl-PL\",\"potentialAction\":[{\"@type\":\"ReadAction\",\"target\":[\"https:\\\/\\\/gorzow.news\\\/index.php\\\/2021\\\/07\\\/29\\\/zespol-raz-dwa-trzy-w-niedziele-zaspiewa-na-starym-rynku-podczas-pikniku-bedzie-mozna-sie-zaszczepic-i-spisac\\\/\"]}]},{\"@type\":\"ImageObject\",\"inLanguage\":\"pl-PL\",\"@id\":\"https:\\\/\\\/gorzow.news\\\/index.php\\\/2021\\\/07\\\/29\\\/zespol-raz-dwa-trzy-w-niedziele-zaspiewa-na-starym-rynku-podczas-pikniku-bedzie-mozna-sie-zaszczepic-i-spisac\\\/#primaryimage\",\"url\":\"https:\\\/\\\/gorzow.news\\\/wp-content\\\/uploads\\\/2021\\\/07\\\/Screenshot-2021-07-30-at-21-53-36-2019-11-14-ZASPOL-RAZ-DWA-TRZY8549-1-webp-obraz-WEBP-2500\u00d71666-pikseli-\u2014-Skala-46.png?v=1627674896\",\"contentUrl\":\"https:\\\/\\\/gorzow.news\\\/wp-content\\\/uploads\\\/2021\\\/07\\\/Screenshot-2021-07-30-at-21-53-36-2019-11-14-ZASPOL-RAZ-DWA-TRZY8549-1-webp-obraz-WEBP-2500\u00d71666-pikseli-\u2014-Skala-46.png?v=1627674896\",\"width\":1152,\"height\":768},{\"@type\":\"BreadcrumbList\",\"@id\":\"https:\\\/\\\/gorzow.news\\\/index.php\\\/2021\\\/07\\\/29\\\/zespol-raz-dwa-trzy-w-niedziele-zaspiewa-na-starym-rynku-podczas-pikniku-bedzie-mozna-sie-zaszczepic-i-spisac\\\/#breadcrumb\",\"itemListElement\":[{\"@type\":\"ListItem\",\"position\":1,\"name\":\"Home\",\"item\":\"https:\\\/\\\/gorzow.news\\\/\"},{\"@type\":\"ListItem\",\"position\":2,\"name\":\"Zesp\u00f3\u0142 Raz Dwa Trzy w niedziel\u0119 za\u015bpiewa na Starym Rynku! Podczas pikniku b\u0119dzie mo\u017cna si\u0119 zaszczepi\u0107 i spisa\u0107!\"}]},{\"@type\":\"WebSite\",\"@id\":\"https:\\\/\\\/gorzow.news\\\/#website\",\"url\":\"https:\\\/\\\/gorzow.news\\\/\",\"name\":\"Gorz\u00f3w News\",\"description\":\"Sp\u00f3jrz inaczej na miato i region...\",\"potentialAction\":[{\"@type\":\"SearchAction\",\"target\":{\"@type\":\"EntryPoint\",\"urlTemplate\":\"https:\\\/\\\/gorzow.news\\\/?s={search_term_string}\"},\"query-input\":{\"@type\":\"PropertyValueSpecification\",\"valueRequired\":true,\"valueName\":\"search_term_string\"}}],\"inLanguage\":\"pl-PL\"},{\"@type\":\"Person\",\"@id\":\"https:\\\/\\\/gorzow.news\\\/#\\\/schema\\\/person\\\/a1e5ab43166369f2ce236a1cd90995bb\",\"name\":\"maciej\",\"image\":{\"@type\":\"ImageObject\",\"inLanguage\":\"pl-PL\",\"@id\":\"https:\\\/\\\/secure.gravatar.com\\\/avatar\\\/530a674d56ba60cfa0ef21d74e8e8d123a51bb7aa6580465b5c2ab2c2e980a19?s=96&r=g&d=https:\\\/\\\/gorzow.news\\\/wp-content\\\/plugins\\\/userswp\\\/assets\\\/images\\\/no_profile.png\",\"url\":\"https:\\\/\\\/secure.gravatar.com\\\/avatar\\\/530a674d56ba60cfa0ef21d74e8e8d123a51bb7aa6580465b5c2ab2c2e980a19?s=96&r=g&d=https:\\\/\\\/gorzow.news\\\/wp-content\\\/plugins\\\/userswp\\\/assets\\\/images\\\/no_profile.png\",\"contentUrl\":\"https:\\\/\\\/secure.gravatar.com\\\/avatar\\\/530a674d56ba60cfa0ef21d74e8e8d123a51bb7aa6580465b5c2ab2c2e980a19?s=96&r=g&d=https:\\\/\\\/gorzow.news\\\/wp-content\\\/plugins\\\/userswp\\\/assets\\\/images\\\/no_profile.png\",\"caption\":\"maciej\"},\"url\":\"https:\\\/\\\/gorzow.news\\\/index.php\\\/profile\\\/maciej\\\/\"}]}<\/script>\n<!-- \/ Yoast SEO plugin. -->","yoast_head_json":{"title":"Zesp\u00f3\u0142 Raz Dwa Trzy w niedziel\u0119 za\u015bpiewa na Starym Rynku! Podczas pikniku b\u0119dzie mo\u017cna si\u0119 zaszczepi\u0107 i spisa\u0107! - Gorz\u00f3w News","robots":{"index":"index","follow":"follow","max-snippet":"max-snippet:-1","max-image-preview":"max-image-preview:large","max-video-preview":"max-video-preview:-1"},"canonical":"https:\/\/gorzow.news\/index.php\/2021\/07\/29\/zespol-raz-dwa-trzy-w-niedziele-zaspiewa-na-starym-rynku-podczas-pikniku-bedzie-mozna-sie-zaszczepic-i-spisac\/","og_locale":"pl_PL","og_type":"article","og_title":"Zesp\u00f3\u0142 Raz Dwa Trzy w niedziel\u0119 za\u015bpiewa na Starym Rynku! Podczas pikniku b\u0119dzie mo\u017cna si\u0119 zaszczepi\u0107 i spisa\u0107! - Gorz\u00f3w News","og_description":"W najbli\u017csz\u0105 niedziel\u0119, 1 sierpnia obchodzimy \u015awi\u0119to Wojew\u00f3dztwa Lubuskiego. Z tej okazji w Gorzowie, na Starym Rynku, zaplanowano kilka wydarze","og_url":"https:\/\/gorzow.news\/index.php\/2021\/07\/29\/zespol-raz-dwa-trzy-w-niedziele-zaspiewa-na-starym-rynku-podczas-pikniku-bedzie-mozna-sie-zaszczepic-i-spisac\/","og_site_name":"Gorz\u00f3w News","article_publisher":"https:\/\/www.facebook.com\/gorzowskinews","article_published_time":"2021-07-29T04:24:16+00:00","article_modified_time":"2021-08-23T19:08:18+00:00","og_image":[{"width":1152,"height":768,"url":"https:\/\/gorzow.news\/wp-content\/uploads\/2021\/07\/Screenshot-2021-07-30-at-21-53-36-2019-11-14-ZASPOL-RAZ-DWA-TRZY8549-1-webp-obraz-WEBP-2500\u00d71666-pikseli-\u2014-Skala-46.png","type":"image\/png"}],"author":"maciej","twitter_card":"summary_large_image","twitter_misc":{"Napisane przez":"maciej","Szacowany czas czytania":"2 minuty"},"schema":{"@context":"https:\/\/schema.org","@graph":[{"@type":"Article","@id":"https:\/\/gorzow.news\/index.php\/2021\/07\/29\/zespol-raz-dwa-trzy-w-niedziele-zaspiewa-na-starym-rynku-podczas-pikniku-bedzie-mozna-sie-zaszczepic-i-spisac\/#article","isPartOf":{"@id":"https:\/\/gorzow.news\/index.php\/2021\/07\/29\/zespol-raz-dwa-trzy-w-niedziele-zaspiewa-na-starym-rynku-podczas-pikniku-bedzie-mozna-sie-zaszczepic-i-spisac\/"},"author":{"name":"maciej","@id":"https:\/\/gorzow.news\/#\/schema\/person\/a1e5ab43166369f2ce236a1cd90995bb"},"headline":"Zesp\u00f3\u0142 Raz Dwa Trzy w niedziel\u0119 za\u015bpiewa na Starym Rynku! Podczas pikniku b\u0119dzie mo\u017cna si\u0119 zaszczepi\u0107 i spisa\u0107!","datePublished":"2021-07-29T04:24:16+00:00","dateModified":"2021-08-23T19:08:18+00:00","mainEntityOfPage":{"@id":"https:\/\/gorzow.news\/index.php\/2021\/07\/29\/zespol-raz-dwa-trzy-w-niedziele-zaspiewa-na-starym-rynku-podczas-pikniku-bedzie-mozna-sie-zaszczepic-i-spisac\/"},"wordCount":459,"commentCount":0,"image":{"@id":"https:\/\/gorzow.news\/index.php\/2021\/07\/29\/zespol-raz-dwa-trzy-w-niedziele-zaspiewa-na-starym-rynku-podczas-pikniku-bedzie-mozna-sie-zaszczepic-i-spisac\/#primaryimage"},"thumbnailUrl":"https:\/\/gorzow.news\/wp-content\/uploads\/2021\/07\/Screenshot-2021-07-30-at-21-53-36-2019-11-14-ZASPOL-RAZ-DWA-TRZY8549-1-webp-obraz-WEBP-2500\u00d71666-pikseli-\u2014-Skala-46.png?v=1627674896","keywords":["Dobry wiecz\u00f3r Lubuskie","Raz Dwa Trzy","Stary Rynek","\u015awi\u0119to Wojew\u00f3dztwa Lubuskiego"],"articleSection":["Rozrywka","Wiadomo\u015bci"],"inLanguage":"pl-PL","potentialAction":[{"@type":"CommentAction","name":"Comment","target":["https:\/\/gorzow.news\/index.php\/2021\/07\/29\/zespol-raz-dwa-trzy-w-niedziele-zaspiewa-na-starym-rynku-podczas-pikniku-bedzie-mozna-sie-zaszczepic-i-spisac\/#respond"]}]},{"@type":"WebPage","@id":"https:\/\/gorzow.news\/index.php\/2021\/07\/29\/zespol-raz-dwa-trzy-w-niedziele-zaspiewa-na-starym-rynku-podczas-pikniku-bedzie-mozna-sie-zaszczepic-i-spisac\/","url":"https:\/\/gorzow.news\/index.php\/2021\/07\/29\/zespol-raz-dwa-trzy-w-niedziele-zaspiewa-na-starym-rynku-podczas-pikniku-bedzie-mozna-sie-zaszczepic-i-spisac\/","name":"Zesp\u00f3\u0142 Raz Dwa Trzy w niedziel\u0119 za\u015bpiewa na Starym Rynku! Podczas pikniku b\u0119dzie mo\u017cna si\u0119 zaszczepi\u0107 i spisa\u0107! - Gorz\u00f3w News","isPartOf":{"@id":"https:\/\/gorzow.news\/#website"},"primaryImageOfPage":{"@id":"https:\/\/gorzow.news\/index.php\/2021\/07\/29\/zespol-raz-dwa-trzy-w-niedziele-zaspiewa-na-starym-rynku-podczas-pikniku-bedzie-mozna-sie-zaszczepic-i-spisac\/#primaryimage"},"image":{"@id":"https:\/\/gorzow.news\/index.php\/2021\/07\/29\/zespol-raz-dwa-trzy-w-niedziele-zaspiewa-na-starym-rynku-podczas-pikniku-bedzie-mozna-sie-zaszczepic-i-spisac\/#primaryimage"},"thumbnailUrl":"https:\/\/gorzow.news\/wp-content\/uploads\/2021\/07\/Screenshot-2021-07-30-at-21-53-36-2019-11-14-ZASPOL-RAZ-DWA-TRZY8549-1-webp-obraz-WEBP-2500\u00d71666-pikseli-\u2014-Skala-46.png?v=1627674896","datePublished":"2021-07-29T04:24:16+00:00","dateModified":"2021-08-23T19:08:18+00:00","author":{"@id":"https:\/\/gorzow.news\/#\/schema\/person\/a1e5ab43166369f2ce236a1cd90995bb"},"breadcrumb":{"@id":"https:\/\/gorzow.news\/index.php\/2021\/07\/29\/zespol-raz-dwa-trzy-w-niedziele-zaspiewa-na-starym-rynku-podczas-pikniku-bedzie-mozna-sie-zaszczepic-i-spisac\/#breadcrumb"},"inLanguage":"pl-PL","potentialAction":[{"@type":"ReadAction","target":["https:\/\/gorzow.news\/index.php\/2021\/07\/29\/zespol-raz-dwa-trzy-w-niedziele-zaspiewa-na-starym-rynku-podczas-pikniku-bedzie-mozna-sie-zaszczepic-i-spisac\/"]}]},{"@type":"ImageObject","inLanguage":"pl-PL","@id":"https:\/\/gorzow.news\/index.php\/2021\/07\/29\/zespol-raz-dwa-trzy-w-niedziele-zaspiewa-na-starym-rynku-podczas-pikniku-bedzie-mozna-sie-zaszczepic-i-spisac\/#primaryimage","url":"https:\/\/gorzow.news\/wp-content\/uploads\/2021\/07\/Screenshot-2021-07-30-at-21-53-36-2019-11-14-ZASPOL-RAZ-DWA-TRZY8549-1-webp-obraz-WEBP-2500\u00d71666-pikseli-\u2014-Skala-46.png?v=1627674896","contentUrl":"https:\/\/gorzow.news\/wp-content\/uploads\/2021\/07\/Screenshot-2021-07-30-at-21-53-36-2019-11-14-ZASPOL-RAZ-DWA-TRZY8549-1-webp-obraz-WEBP-2500\u00d71666-pikseli-\u2014-Skala-46.png?v=1627674896","width":1152,"height":768},{"@type":"BreadcrumbList","@id":"https:\/\/gorzow.news\/index.php\/2021\/07\/29\/zespol-raz-dwa-trzy-w-niedziele-zaspiewa-na-starym-rynku-podczas-pikniku-bedzie-mozna-sie-zaszczepic-i-spisac\/#breadcrumb","itemListElement":[{"@type":"ListItem","position":1,"name":"Home","item":"https:\/\/gorzow.news\/"},{"@type":"ListItem","position":2,"name":"Zesp\u00f3\u0142 Raz Dwa Trzy w niedziel\u0119 za\u015bpiewa na Starym Rynku! Podczas pikniku b\u0119dzie mo\u017cna si\u0119 zaszczepi\u0107 i spisa\u0107!"}]},{"@type":"WebSite","@id":"https:\/\/gorzow.news\/#website","url":"https:\/\/gorzow.news\/","name":"Gorz\u00f3w News","description":"Sp\u00f3jrz inaczej na miato i region...","potentialAction":[{"@type":"SearchAction","target":{"@type":"EntryPoint","urlTemplate":"https:\/\/gorzow.news\/?s={search_term_string}"},"query-input":{"@type":"PropertyValueSpecification","valueRequired":true,"valueName":"search_term_string"}}],"inLanguage":"pl-PL"},{"@type":"Person","@id":"https:\/\/gorzow.news\/#\/schema\/person\/a1e5ab43166369f2ce236a1cd90995bb","name":"maciej","image":{"@type":"ImageObject","inLanguage":"pl-PL","@id":"https:\/\/secure.gravatar.com\/avatar\/530a674d56ba60cfa0ef21d74e8e8d123a51bb7aa6580465b5c2ab2c2e980a19?s=96&r=g&d=https:\/\/gorzow.news\/wp-content\/plugins\/userswp\/assets\/images\/no_profile.png","url":"https:\/\/secure.gravatar.com\/avatar\/530a674d56ba60cfa0ef21d74e8e8d123a51bb7aa6580465b5c2ab2c2e980a19?s=96&r=g&d=https:\/\/gorzow.news\/wp-content\/plugins\/userswp\/assets\/images\/no_profile.png","contentUrl":"https:\/\/secure.gravatar.com\/avatar\/530a674d56ba60cfa0ef21d74e8e8d123a51bb7aa6580465b5c2ab2c2e980a19?s=96&r=g&d=https:\/\/gorzow.news\/wp-content\/plugins\/userswp\/assets\/images\/no_profile.png","caption":"maciej"},"url":"https:\/\/gorzow.news\/index.php\/profile\/maciej\/"}]}},"_links":{"self":[{"href":"https:\/\/gorzow.news\/index.php\/wp-json\/wp\/v2\/posts\/2354","targetHints":{"allow":["GET"]}}],"collection":[{"href":"https:\/\/gorzow.news\/index.php\/wp-json\/wp\/v2\/posts"}],"about":[{"href":"https:\/\/gorzow.news\/index.php\/wp-json\/wp\/v2\/types\/post"}],"author":[{"embeddable":true,"href":"https:\/\/gorzow.news\/index.php\/wp-json\/wp\/v2\/users\/1"}],"replies":[{"embeddable":true,"href":"https:\/\/gorzow.news\/index.php\/wp-json\/wp\/v2\/comments?post=2354"}],"version-history":[{"count":0,"href":"https:\/\/gorzow.news\/index.php\/wp-json\/wp\/v2\/posts\/2354\/revisions"}],"wp:featuredmedia":[{"embeddable":true,"href":"https:\/\/gorzow.news\/index.php\/wp-json\/wp\/v2\/media\/2388"}],"wp:attachment":[{"href":"https:\/\/gorzow.news\/index.php\/wp-json\/wp\/v2\/media?parent=2354"}],"wp:term":[{"taxonomy":"category","embeddable":true,"href":"https:\/\/gorzow.news\/index.php\/wp-json\/wp\/v2\/categories?post=2354"},{"taxonomy":"post_tag","embeddable":true,"href":"https:\/\/gorzow.news\/index.php\/wp-json\/wp\/v2\/tags?post=2354"}],"curies":[{"name":"wp","href":"https:\/\/api.w.org\/{rel}","templated":true}]}}