{"id":23331,"date":"2024-07-05T12:19:00","date_gmt":"2024-07-05T10:19:00","guid":{"rendered":"https:\/\/gorzow.news\/?p=23331"},"modified":"2024-07-05T22:48:26","modified_gmt":"2024-07-05T20:48:26","slug":"w-sobote-od-rana-zolnierze-beda-swietowac-na-placu-grunwaldzkim-bedzie-apel-przysiega-i-defilada-pozniej-piknik","status":"publish","type":"post","link":"https:\/\/gorzow.news\/index.php\/2024\/07\/05\/w-sobote-od-rana-zolnierze-beda-swietowac-na-placu-grunwaldzkim-bedzie-apel-przysiega-i-defilada-pozniej-piknik\/","title":{"rendered":"W sobot\u0119 od rana \u017co\u0142nierze b\u0119d\u0105 \u015bwi\u0119towa\u0107 na placu Grunwaldzkim! Apel, przysi\u0119ga i defilada. P\u00f3\u017aniej piknik!"},"content":{"rendered":"\n<p><strong>W weekend \u015bwi\u0119tujemy 767 rocznic\u0119 nadania praw miejskich. Rocznice powstania w sobot\u0119 (6 lipca) na placu Grunwaldzkim obchodzi\u0107 b\u0119dzie tak\u017ce 17 Wielkopolska Brygada Zmechanizowana. W programie apel, przysi\u0119ga i defilada, a tak\u017ce piknik i wiele atrakcji dla najm\u0142odszych.<\/strong><\/p>\n\n\n\n<p>Brygada z Mi\u0119dzyrzecza ma ju\u017c 28 lat. Kolejn\u0105 rocznic\u0119 \u017co\u0142nierze b\u0119d\u0105 \u015bwi\u0119towa\u0107 na placu Grunwaldzkim. Oficjalne uroczysto\u015bci rozpoczn\u0105 si\u0119 o godzinie 10.00, kiedy to podczas uroczystego apelu z\u0142o\u017cona zostanie przysi\u0119ga wojskowa \u017co\u0142nierzy dobrowolnej zasadniczej s\u0142u\u017cby wojskowej \u2013 w ramach projektu MON \u201eWakacje z wojskiem\u201d.<\/p>\n\n\n\n<p>&#8211; P\u00f3\u017aniej b\u0119dzie defilada pododdzia\u0142\u00f3w i sprz\u0119tu wojskowego przy akompaniamencie orkiestry wojskowej z \u017bagania, z udzia\u0142em kompanii honorowej &#8211; poinformowa\u0142a kpt. <strong>Anna Dominiak<\/strong>, oficer prasowa 17 WBZ.<\/p>\n\n\n\n<p>W po\u0142udnie rozpocznie si\u0119 wojskowy piknik; \u017co\u0142nierze b\u0119d\u0105 raczy\u0107 groch\u00f3wk\u0105 i \u015bwie\u017co wypieczonym chlebem. Na placu b\u0119dzie sprz\u0119t b\u0119d\u0105cy na wyposa\u017ceniu brygady, a ze sceny pop\u0142yn\u0105 pie\u015bni patriotyczne w wykonaniu wokalistek z klubu garnizonowego. Najm\u0142odszych i ich rodzic\u00f3w ucieszy strefa zabaw dla dzieci.<\/p>\n","protected":false},"excerpt":{"rendered":"<p>W weekend \u015bwi\u0119tujemy 767 rocznic\u0119 nadania praw miejskich. Rocznice powstania w sobot\u0119 (6 lipca) na placu Grunwaldzkim obchodzi\u0107 b\u0119dzie tak\u017ce 17 Wielkopolska Brygada Zmechanizowana. W programie apel, przysi\u0119ga i defilada, a tak\u017ce piknik i wiele atrakcji dla najm\u0142odszych. Brygada z Mi\u0119dzyrzecza ma ju\u017c 28 lat. Kolejn\u0105 rocznic\u0119 \u017co\u0142nierze b\u0119d\u0105 \u015bwi\u0119towa\u0107 na placu Grunwaldzkim. Oficjalne uroczysto\u015bci [&hellip;]<\/p>\n","protected":false},"author":1,"featured_media":23332,"comment_status":"open","ping_status":"open","sticky":false,"template":"","format":"standard","meta":{"footnotes":"","_links_to":"","_links_to_target":""},"categories":[597,589],"tags":[2798,3023,1986],"class_list":{"0":"post-23331","1":"post","2":"type-post","3":"status-publish","4":"format-standard","5":"has-post-thumbnail","7":"category-fakty-opinie","8":"category-wiadomosci","9":"tag-17-wielkopolska-brygada-zmechanizowana","10":"tag-kpt-anna-dominiak","11":"tag-plac-grunwaldzki"},"yoast_head":"<!-- This site is optimized with the Yoast SEO plugin v27.3 - https:\/\/yoast.com\/product\/yoast-seo-wordpress\/ -->\n<title>W sobot\u0119 od rana \u017co\u0142nierze b\u0119d\u0105 \u015bwi\u0119towa\u0107 na placu Grunwaldzkim! Apel, przysi\u0119ga i defilada. P\u00f3\u017aniej piknik! - Gorz\u00f3w News<\/title>\n<meta name=\"description\" content=\"W weekend \u015bwi\u0119tujemy 767 rocznic\u0119 nadania praw miejskich. Rocznice powstania w sobot\u0119 (6 lipca) na placu Grunwaldzkim obchodzi\u0107 b\u0119dzie tak\u017ce 17\" \/>\n<meta name=\"robots\" content=\"index, follow, max-snippet:-1, max-image-preview:large, max-video-preview:-1\" \/>\n<link rel=\"canonical\" href=\"https:\/\/gorzow.news\/index.php\/2024\/07\/05\/w-sobote-od-rana-zolnierze-beda-swietowac-na-placu-grunwaldzkim-bedzie-apel-przysiega-i-defilada-pozniej-piknik\/\" \/>\n<meta property=\"og:locale\" content=\"pl_PL\" \/>\n<meta property=\"og:type\" content=\"article\" \/>\n<meta property=\"og:title\" content=\"W sobot\u0119 od rana \u017co\u0142nierze b\u0119d\u0105 \u015bwi\u0119towa\u0107 na placu Grunwaldzkim! Apel, przysi\u0119ga i defilada. P\u00f3\u017aniej piknik! - Gorz\u00f3w News\" \/>\n<meta property=\"og:description\" content=\"W weekend \u015bwi\u0119tujemy 767 rocznic\u0119 nadania praw miejskich. Rocznice powstania w sobot\u0119 (6 lipca) na placu Grunwaldzkim obchodzi\u0107 b\u0119dzie tak\u017ce 17\" \/>\n<meta property=\"og:url\" content=\"https:\/\/gorzow.news\/index.php\/2024\/07\/05\/w-sobote-od-rana-zolnierze-beda-swietowac-na-placu-grunwaldzkim-bedzie-apel-przysiega-i-defilada-pozniej-piknik\/\" \/>\n<meta property=\"og:site_name\" content=\"Gorz\u00f3w News\" \/>\n<meta property=\"article:publisher\" content=\"https:\/\/www.facebook.com\/gorzowskinews\" \/>\n<meta property=\"article:published_time\" content=\"2024-07-05T10:19:00+00:00\" \/>\n<meta property=\"article:modified_time\" content=\"2024-07-05T20:48:26+00:00\" \/>\n<meta property=\"og:image\" content=\"https:\/\/gorzow.news\/wp-content\/uploads\/2024\/07\/cropped-akt-fotob-6095.jpg\" \/>\n\t<meta property=\"og:image:width\" content=\"996\" \/>\n\t<meta property=\"og:image:height\" content=\"628\" \/>\n\t<meta property=\"og:image:type\" content=\"image\/jpeg\" \/>\n<meta name=\"author\" content=\"maciej\" \/>\n<meta name=\"twitter:card\" content=\"summary_large_image\" \/>\n<meta name=\"twitter:label1\" content=\"Napisane przez\" \/>\n\t<meta name=\"twitter:data1\" content=\"maciej\" \/>\n\t<meta name=\"twitter:label2\" content=\"Szacowany czas czytania\" \/>\n\t<meta name=\"twitter:data2\" content=\"2 minuty\" \/>\n<script type=\"application\/ld+json\" class=\"yoast-schema-graph\">{\"@context\":\"https:\\\/\\\/schema.org\",\"@graph\":[{\"@type\":\"Article\",\"@id\":\"https:\\\/\\\/gorzow.news\\\/index.php\\\/2024\\\/07\\\/05\\\/w-sobote-od-rana-zolnierze-beda-swietowac-na-placu-grunwaldzkim-bedzie-apel-przysiega-i-defilada-pozniej-piknik\\\/#article\",\"isPartOf\":{\"@id\":\"https:\\\/\\\/gorzow.news\\\/index.php\\\/2024\\\/07\\\/05\\\/w-sobote-od-rana-zolnierze-beda-swietowac-na-placu-grunwaldzkim-bedzie-apel-przysiega-i-defilada-pozniej-piknik\\\/\"},\"author\":{\"name\":\"maciej\",\"@id\":\"https:\\\/\\\/gorzow.news\\\/#\\\/schema\\\/person\\\/a1e5ab43166369f2ce236a1cd90995bb\"},\"headline\":\"W sobot\u0119 od rana \u017co\u0142nierze b\u0119d\u0105 \u015bwi\u0119towa\u0107 na placu Grunwaldzkim! Apel, przysi\u0119ga i defilada. P\u00f3\u017aniej piknik!\",\"datePublished\":\"2024-07-05T10:19:00+00:00\",\"dateModified\":\"2024-07-05T20:48:26+00:00\",\"mainEntityOfPage\":{\"@id\":\"https:\\\/\\\/gorzow.news\\\/index.php\\\/2024\\\/07\\\/05\\\/w-sobote-od-rana-zolnierze-beda-swietowac-na-placu-grunwaldzkim-bedzie-apel-przysiega-i-defilada-pozniej-piknik\\\/\"},\"wordCount\":203,\"commentCount\":0,\"image\":{\"@id\":\"https:\\\/\\\/gorzow.news\\\/index.php\\\/2024\\\/07\\\/05\\\/w-sobote-od-rana-zolnierze-beda-swietowac-na-placu-grunwaldzkim-bedzie-apel-przysiega-i-defilada-pozniej-piknik\\\/#primaryimage\"},\"thumbnailUrl\":\"https:\\\/\\\/gorzow.news\\\/wp-content\\\/uploads\\\/2024\\\/07\\\/cropped-akt-fotob-6095.jpg\",\"keywords\":[\"17 Wielkopolska Brygada Zmechanizowana\",\"kpt. Anna Dominiak\",\"plac Grunwaldzki\"],\"articleSection\":[\"Fakty i opinie\",\"Wiadomo\u015bci\"],\"inLanguage\":\"pl-PL\",\"potentialAction\":[{\"@type\":\"CommentAction\",\"name\":\"Comment\",\"target\":[\"https:\\\/\\\/gorzow.news\\\/index.php\\\/2024\\\/07\\\/05\\\/w-sobote-od-rana-zolnierze-beda-swietowac-na-placu-grunwaldzkim-bedzie-apel-przysiega-i-defilada-pozniej-piknik\\\/#respond\"]}]},{\"@type\":\"WebPage\",\"@id\":\"https:\\\/\\\/gorzow.news\\\/index.php\\\/2024\\\/07\\\/05\\\/w-sobote-od-rana-zolnierze-beda-swietowac-na-placu-grunwaldzkim-bedzie-apel-przysiega-i-defilada-pozniej-piknik\\\/\",\"url\":\"https:\\\/\\\/gorzow.news\\\/index.php\\\/2024\\\/07\\\/05\\\/w-sobote-od-rana-zolnierze-beda-swietowac-na-placu-grunwaldzkim-bedzie-apel-przysiega-i-defilada-pozniej-piknik\\\/\",\"name\":\"W sobot\u0119 od rana \u017co\u0142nierze b\u0119d\u0105 \u015bwi\u0119towa\u0107 na placu Grunwaldzkim! Apel, przysi\u0119ga i defilada. P\u00f3\u017aniej piknik! - Gorz\u00f3w News\",\"isPartOf\":{\"@id\":\"https:\\\/\\\/gorzow.news\\\/#website\"},\"primaryImageOfPage\":{\"@id\":\"https:\\\/\\\/gorzow.news\\\/index.php\\\/2024\\\/07\\\/05\\\/w-sobote-od-rana-zolnierze-beda-swietowac-na-placu-grunwaldzkim-bedzie-apel-przysiega-i-defilada-pozniej-piknik\\\/#primaryimage\"},\"image\":{\"@id\":\"https:\\\/\\\/gorzow.news\\\/index.php\\\/2024\\\/07\\\/05\\\/w-sobote-od-rana-zolnierze-beda-swietowac-na-placu-grunwaldzkim-bedzie-apel-przysiega-i-defilada-pozniej-piknik\\\/#primaryimage\"},\"thumbnailUrl\":\"https:\\\/\\\/gorzow.news\\\/wp-content\\\/uploads\\\/2024\\\/07\\\/cropped-akt-fotob-6095.jpg\",\"datePublished\":\"2024-07-05T10:19:00+00:00\",\"dateModified\":\"2024-07-05T20:48:26+00:00\",\"author\":{\"@id\":\"https:\\\/\\\/gorzow.news\\\/#\\\/schema\\\/person\\\/a1e5ab43166369f2ce236a1cd90995bb\"},\"description\":\"W weekend \u015bwi\u0119tujemy 767 rocznic\u0119 nadania praw miejskich. Rocznice powstania w sobot\u0119 (6 lipca) na placu Grunwaldzkim obchodzi\u0107 b\u0119dzie tak\u017ce 17 Wielkopolska Brygada Zmechanizowana. W programie apel, przysi\u0119ga i defilada, a tak\u017ce piknik i wiele atrakcji dla najm\u0142odszych.\",\"breadcrumb\":{\"@id\":\"https:\\\/\\\/gorzow.news\\\/index.php\\\/2024\\\/07\\\/05\\\/w-sobote-od-rana-zolnierze-beda-swietowac-na-placu-grunwaldzkim-bedzie-apel-przysiega-i-defilada-pozniej-piknik\\\/#breadcrumb\"},\"inLanguage\":\"pl-PL\",\"potentialAction\":[{\"@type\":\"ReadAction\",\"target\":[\"https:\\\/\\\/gorzow.news\\\/index.php\\\/2024\\\/07\\\/05\\\/w-sobote-od-rana-zolnierze-beda-swietowac-na-placu-grunwaldzkim-bedzie-apel-przysiega-i-defilada-pozniej-piknik\\\/\"]}]},{\"@type\":\"ImageObject\",\"inLanguage\":\"pl-PL\",\"@id\":\"https:\\\/\\\/gorzow.news\\\/index.php\\\/2024\\\/07\\\/05\\\/w-sobote-od-rana-zolnierze-beda-swietowac-na-placu-grunwaldzkim-bedzie-apel-przysiega-i-defilada-pozniej-piknik\\\/#primaryimage\",\"url\":\"https:\\\/\\\/gorzow.news\\\/wp-content\\\/uploads\\\/2024\\\/07\\\/cropped-akt-fotob-6095.jpg\",\"contentUrl\":\"https:\\\/\\\/gorzow.news\\\/wp-content\\\/uploads\\\/2024\\\/07\\\/cropped-akt-fotob-6095.jpg\",\"width\":996,\"height\":628},{\"@type\":\"BreadcrumbList\",\"@id\":\"https:\\\/\\\/gorzow.news\\\/index.php\\\/2024\\\/07\\\/05\\\/w-sobote-od-rana-zolnierze-beda-swietowac-na-placu-grunwaldzkim-bedzie-apel-przysiega-i-defilada-pozniej-piknik\\\/#breadcrumb\",\"itemListElement\":[{\"@type\":\"ListItem\",\"position\":1,\"name\":\"Home\",\"item\":\"https:\\\/\\\/gorzow.news\\\/\"},{\"@type\":\"ListItem\",\"position\":2,\"name\":\"W sobot\u0119 od rana \u017co\u0142nierze b\u0119d\u0105 \u015bwi\u0119towa\u0107 na placu Grunwaldzkim! Apel, przysi\u0119ga i defilada. P\u00f3\u017aniej piknik!\"}]},{\"@type\":\"WebSite\",\"@id\":\"https:\\\/\\\/gorzow.news\\\/#website\",\"url\":\"https:\\\/\\\/gorzow.news\\\/\",\"name\":\"Gorz\u00f3w News\",\"description\":\"Sp\u00f3jrz inaczej na miato i region...\",\"potentialAction\":[{\"@type\":\"SearchAction\",\"target\":{\"@type\":\"EntryPoint\",\"urlTemplate\":\"https:\\\/\\\/gorzow.news\\\/?s={search_term_string}\"},\"query-input\":{\"@type\":\"PropertyValueSpecification\",\"valueRequired\":true,\"valueName\":\"search_term_string\"}}],\"inLanguage\":\"pl-PL\"},{\"@type\":\"Person\",\"@id\":\"https:\\\/\\\/gorzow.news\\\/#\\\/schema\\\/person\\\/a1e5ab43166369f2ce236a1cd90995bb\",\"name\":\"maciej\",\"image\":{\"@type\":\"ImageObject\",\"inLanguage\":\"pl-PL\",\"@id\":\"https:\\\/\\\/secure.gravatar.com\\\/avatar\\\/530a674d56ba60cfa0ef21d74e8e8d123a51bb7aa6580465b5c2ab2c2e980a19?s=96&r=g&d=https:\\\/\\\/gorzow.news\\\/wp-content\\\/plugins\\\/userswp\\\/assets\\\/images\\\/no_profile.png\",\"url\":\"https:\\\/\\\/secure.gravatar.com\\\/avatar\\\/530a674d56ba60cfa0ef21d74e8e8d123a51bb7aa6580465b5c2ab2c2e980a19?s=96&r=g&d=https:\\\/\\\/gorzow.news\\\/wp-content\\\/plugins\\\/userswp\\\/assets\\\/images\\\/no_profile.png\",\"contentUrl\":\"https:\\\/\\\/secure.gravatar.com\\\/avatar\\\/530a674d56ba60cfa0ef21d74e8e8d123a51bb7aa6580465b5c2ab2c2e980a19?s=96&r=g&d=https:\\\/\\\/gorzow.news\\\/wp-content\\\/plugins\\\/userswp\\\/assets\\\/images\\\/no_profile.png\",\"caption\":\"maciej\"},\"url\":\"https:\\\/\\\/gorzow.news\\\/index.php\\\/profile\\\/maciej\\\/\"}]}<\/script>\n<!-- \/ Yoast SEO plugin. -->","yoast_head_json":{"title":"W sobot\u0119 od rana \u017co\u0142nierze b\u0119d\u0105 \u015bwi\u0119towa\u0107 na placu Grunwaldzkim! Apel, przysi\u0119ga i defilada. P\u00f3\u017aniej piknik! - Gorz\u00f3w News","description":"W weekend \u015bwi\u0119tujemy 767 rocznic\u0119 nadania praw miejskich. Rocznice powstania w sobot\u0119 (6 lipca) na placu Grunwaldzkim obchodzi\u0107 b\u0119dzie tak\u017ce 17","robots":{"index":"index","follow":"follow","max-snippet":"max-snippet:-1","max-image-preview":"max-image-preview:large","max-video-preview":"max-video-preview:-1"},"canonical":"https:\/\/gorzow.news\/index.php\/2024\/07\/05\/w-sobote-od-rana-zolnierze-beda-swietowac-na-placu-grunwaldzkim-bedzie-apel-przysiega-i-defilada-pozniej-piknik\/","og_locale":"pl_PL","og_type":"article","og_title":"W sobot\u0119 od rana \u017co\u0142nierze b\u0119d\u0105 \u015bwi\u0119towa\u0107 na placu Grunwaldzkim! Apel, przysi\u0119ga i defilada. P\u00f3\u017aniej piknik! - Gorz\u00f3w News","og_description":"W weekend \u015bwi\u0119tujemy 767 rocznic\u0119 nadania praw miejskich. Rocznice powstania w sobot\u0119 (6 lipca) na placu Grunwaldzkim obchodzi\u0107 b\u0119dzie tak\u017ce 17","og_url":"https:\/\/gorzow.news\/index.php\/2024\/07\/05\/w-sobote-od-rana-zolnierze-beda-swietowac-na-placu-grunwaldzkim-bedzie-apel-przysiega-i-defilada-pozniej-piknik\/","og_site_name":"Gorz\u00f3w News","article_publisher":"https:\/\/www.facebook.com\/gorzowskinews","article_published_time":"2024-07-05T10:19:00+00:00","article_modified_time":"2024-07-05T20:48:26+00:00","og_image":[{"width":996,"height":628,"url":"https:\/\/gorzow.news\/wp-content\/uploads\/2024\/07\/cropped-akt-fotob-6095.jpg","type":"image\/jpeg"}],"author":"maciej","twitter_card":"summary_large_image","twitter_misc":{"Napisane przez":"maciej","Szacowany czas czytania":"2 minuty"},"schema":{"@context":"https:\/\/schema.org","@graph":[{"@type":"Article","@id":"https:\/\/gorzow.news\/index.php\/2024\/07\/05\/w-sobote-od-rana-zolnierze-beda-swietowac-na-placu-grunwaldzkim-bedzie-apel-przysiega-i-defilada-pozniej-piknik\/#article","isPartOf":{"@id":"https:\/\/gorzow.news\/index.php\/2024\/07\/05\/w-sobote-od-rana-zolnierze-beda-swietowac-na-placu-grunwaldzkim-bedzie-apel-przysiega-i-defilada-pozniej-piknik\/"},"author":{"name":"maciej","@id":"https:\/\/gorzow.news\/#\/schema\/person\/a1e5ab43166369f2ce236a1cd90995bb"},"headline":"W sobot\u0119 od rana \u017co\u0142nierze b\u0119d\u0105 \u015bwi\u0119towa\u0107 na placu Grunwaldzkim! Apel, przysi\u0119ga i defilada. P\u00f3\u017aniej piknik!","datePublished":"2024-07-05T10:19:00+00:00","dateModified":"2024-07-05T20:48:26+00:00","mainEntityOfPage":{"@id":"https:\/\/gorzow.news\/index.php\/2024\/07\/05\/w-sobote-od-rana-zolnierze-beda-swietowac-na-placu-grunwaldzkim-bedzie-apel-przysiega-i-defilada-pozniej-piknik\/"},"wordCount":203,"commentCount":0,"image":{"@id":"https:\/\/gorzow.news\/index.php\/2024\/07\/05\/w-sobote-od-rana-zolnierze-beda-swietowac-na-placu-grunwaldzkim-bedzie-apel-przysiega-i-defilada-pozniej-piknik\/#primaryimage"},"thumbnailUrl":"https:\/\/gorzow.news\/wp-content\/uploads\/2024\/07\/cropped-akt-fotob-6095.jpg","keywords":["17 Wielkopolska Brygada Zmechanizowana","kpt. Anna Dominiak","plac Grunwaldzki"],"articleSection":["Fakty i opinie","Wiadomo\u015bci"],"inLanguage":"pl-PL","potentialAction":[{"@type":"CommentAction","name":"Comment","target":["https:\/\/gorzow.news\/index.php\/2024\/07\/05\/w-sobote-od-rana-zolnierze-beda-swietowac-na-placu-grunwaldzkim-bedzie-apel-przysiega-i-defilada-pozniej-piknik\/#respond"]}]},{"@type":"WebPage","@id":"https:\/\/gorzow.news\/index.php\/2024\/07\/05\/w-sobote-od-rana-zolnierze-beda-swietowac-na-placu-grunwaldzkim-bedzie-apel-przysiega-i-defilada-pozniej-piknik\/","url":"https:\/\/gorzow.news\/index.php\/2024\/07\/05\/w-sobote-od-rana-zolnierze-beda-swietowac-na-placu-grunwaldzkim-bedzie-apel-przysiega-i-defilada-pozniej-piknik\/","name":"W sobot\u0119 od rana \u017co\u0142nierze b\u0119d\u0105 \u015bwi\u0119towa\u0107 na placu Grunwaldzkim! Apel, przysi\u0119ga i defilada. P\u00f3\u017aniej piknik! - Gorz\u00f3w News","isPartOf":{"@id":"https:\/\/gorzow.news\/#website"},"primaryImageOfPage":{"@id":"https:\/\/gorzow.news\/index.php\/2024\/07\/05\/w-sobote-od-rana-zolnierze-beda-swietowac-na-placu-grunwaldzkim-bedzie-apel-przysiega-i-defilada-pozniej-piknik\/#primaryimage"},"image":{"@id":"https:\/\/gorzow.news\/index.php\/2024\/07\/05\/w-sobote-od-rana-zolnierze-beda-swietowac-na-placu-grunwaldzkim-bedzie-apel-przysiega-i-defilada-pozniej-piknik\/#primaryimage"},"thumbnailUrl":"https:\/\/gorzow.news\/wp-content\/uploads\/2024\/07\/cropped-akt-fotob-6095.jpg","datePublished":"2024-07-05T10:19:00+00:00","dateModified":"2024-07-05T20:48:26+00:00","author":{"@id":"https:\/\/gorzow.news\/#\/schema\/person\/a1e5ab43166369f2ce236a1cd90995bb"},"description":"W weekend \u015bwi\u0119tujemy 767 rocznic\u0119 nadania praw miejskich. Rocznice powstania w sobot\u0119 (6 lipca) na placu Grunwaldzkim obchodzi\u0107 b\u0119dzie tak\u017ce 17 Wielkopolska Brygada Zmechanizowana. W programie apel, przysi\u0119ga i defilada, a tak\u017ce piknik i wiele atrakcji dla najm\u0142odszych.","breadcrumb":{"@id":"https:\/\/gorzow.news\/index.php\/2024\/07\/05\/w-sobote-od-rana-zolnierze-beda-swietowac-na-placu-grunwaldzkim-bedzie-apel-przysiega-i-defilada-pozniej-piknik\/#breadcrumb"},"inLanguage":"pl-PL","potentialAction":[{"@type":"ReadAction","target":["https:\/\/gorzow.news\/index.php\/2024\/07\/05\/w-sobote-od-rana-zolnierze-beda-swietowac-na-placu-grunwaldzkim-bedzie-apel-przysiega-i-defilada-pozniej-piknik\/"]}]},{"@type":"ImageObject","inLanguage":"pl-PL","@id":"https:\/\/gorzow.news\/index.php\/2024\/07\/05\/w-sobote-od-rana-zolnierze-beda-swietowac-na-placu-grunwaldzkim-bedzie-apel-przysiega-i-defilada-pozniej-piknik\/#primaryimage","url":"https:\/\/gorzow.news\/wp-content\/uploads\/2024\/07\/cropped-akt-fotob-6095.jpg","contentUrl":"https:\/\/gorzow.news\/wp-content\/uploads\/2024\/07\/cropped-akt-fotob-6095.jpg","width":996,"height":628},{"@type":"BreadcrumbList","@id":"https:\/\/gorzow.news\/index.php\/2024\/07\/05\/w-sobote-od-rana-zolnierze-beda-swietowac-na-placu-grunwaldzkim-bedzie-apel-przysiega-i-defilada-pozniej-piknik\/#breadcrumb","itemListElement":[{"@type":"ListItem","position":1,"name":"Home","item":"https:\/\/gorzow.news\/"},{"@type":"ListItem","position":2,"name":"W sobot\u0119 od rana \u017co\u0142nierze b\u0119d\u0105 \u015bwi\u0119towa\u0107 na placu Grunwaldzkim! Apel, przysi\u0119ga i defilada. P\u00f3\u017aniej piknik!"}]},{"@type":"WebSite","@id":"https:\/\/gorzow.news\/#website","url":"https:\/\/gorzow.news\/","name":"Gorz\u00f3w News","description":"Sp\u00f3jrz inaczej na miato i region...","potentialAction":[{"@type":"SearchAction","target":{"@type":"EntryPoint","urlTemplate":"https:\/\/gorzow.news\/?s={search_term_string}"},"query-input":{"@type":"PropertyValueSpecification","valueRequired":true,"valueName":"search_term_string"}}],"inLanguage":"pl-PL"},{"@type":"Person","@id":"https:\/\/gorzow.news\/#\/schema\/person\/a1e5ab43166369f2ce236a1cd90995bb","name":"maciej","image":{"@type":"ImageObject","inLanguage":"pl-PL","@id":"https:\/\/secure.gravatar.com\/avatar\/530a674d56ba60cfa0ef21d74e8e8d123a51bb7aa6580465b5c2ab2c2e980a19?s=96&r=g&d=https:\/\/gorzow.news\/wp-content\/plugins\/userswp\/assets\/images\/no_profile.png","url":"https:\/\/secure.gravatar.com\/avatar\/530a674d56ba60cfa0ef21d74e8e8d123a51bb7aa6580465b5c2ab2c2e980a19?s=96&r=g&d=https:\/\/gorzow.news\/wp-content\/plugins\/userswp\/assets\/images\/no_profile.png","contentUrl":"https:\/\/secure.gravatar.com\/avatar\/530a674d56ba60cfa0ef21d74e8e8d123a51bb7aa6580465b5c2ab2c2e980a19?s=96&r=g&d=https:\/\/gorzow.news\/wp-content\/plugins\/userswp\/assets\/images\/no_profile.png","caption":"maciej"},"url":"https:\/\/gorzow.news\/index.php\/profile\/maciej\/"}]}},"_links":{"self":[{"href":"https:\/\/gorzow.news\/index.php\/wp-json\/wp\/v2\/posts\/23331","targetHints":{"allow":["GET"]}}],"collection":[{"href":"https:\/\/gorzow.news\/index.php\/wp-json\/wp\/v2\/posts"}],"about":[{"href":"https:\/\/gorzow.news\/index.php\/wp-json\/wp\/v2\/types\/post"}],"author":[{"embeddable":true,"href":"https:\/\/gorzow.news\/index.php\/wp-json\/wp\/v2\/users\/1"}],"replies":[{"embeddable":true,"href":"https:\/\/gorzow.news\/index.php\/wp-json\/wp\/v2\/comments?post=23331"}],"version-history":[{"count":2,"href":"https:\/\/gorzow.news\/index.php\/wp-json\/wp\/v2\/posts\/23331\/revisions"}],"predecessor-version":[{"id":23334,"href":"https:\/\/gorzow.news\/index.php\/wp-json\/wp\/v2\/posts\/23331\/revisions\/23334"}],"wp:featuredmedia":[{"embeddable":true,"href":"https:\/\/gorzow.news\/index.php\/wp-json\/wp\/v2\/media\/23332"}],"wp:attachment":[{"href":"https:\/\/gorzow.news\/index.php\/wp-json\/wp\/v2\/media?parent=23331"}],"wp:term":[{"taxonomy":"category","embeddable":true,"href":"https:\/\/gorzow.news\/index.php\/wp-json\/wp\/v2\/categories?post=23331"},{"taxonomy":"post_tag","embeddable":true,"href":"https:\/\/gorzow.news\/index.php\/wp-json\/wp\/v2\/tags?post=23331"}],"curies":[{"name":"wp","href":"https:\/\/api.w.org\/{rel}","templated":true}]}}