{"id":22929,"date":"2024-06-24T13:27:26","date_gmt":"2024-06-24T11:27:26","guid":{"rendered":"https:\/\/gorzow.news\/?p=22929"},"modified":"2024-06-24T13:27:27","modified_gmt":"2024-06-24T11:27:27","slug":"ogromne-betonowe-klomby-na-osiedlu-slonecznym-nadal-bez-zieleni-miasto-nie-wpisalo-jej-w-inwestycje","status":"publish","type":"post","link":"https:\/\/gorzow.news\/index.php\/2024\/06\/24\/ogromne-betonowe-klomby-na-osiedlu-slonecznym-nadal-bez-zieleni-miasto-nie-wpisalo-jej-w-inwestycje\/","title":{"rendered":"Ogromne betonowe klomby na osiedlu S\u0142onecznym nadal bez zieleni\u2026 Miasto nie wpisa\u0142o jej w inwestycj\u0119!"},"content":{"rendered":"\n<p><strong>W grudniu ubieg\u0142ego roku pisali\u015bmy na \u0142amach GORZ\u00d3W.NEWS o betonowych donicach, kt\u00f3re zbudowano w trakcie przebudowy ul. S\u0142oneczej. Tematem zaj\u0119li\u015bmy si\u0119 po informacji od pana Tadeusza, kt\u00f3ry mieszka tu\u017c obok i kt\u00f3ry zwr\u00f3ci\u0142 nam uwag\u0119 na brak nasadzenia zieleni w tym miejscu. Min\u0119\u0142o kolejne p\u00f3\u0142 roku i nic si\u0119 nie zmieni\u0142o. Do prezydenta Gorzowa z interpelacj\u0105 w tej sprawie wyst\u0105pi\u0142a miejska radna Agnieszka Cierach. Odpowied\u017a, kt\u00f3r\u0105 otrzyma\u0142a bardzo nas zdziwi\u0142a\u2026<\/strong><\/p>\n\n\n\n<p>\u2013 Od momentu remontu schod\u00f3w wraz z klombami min\u0119\u0142o p\u00f3\u0142tora roku. Od tego czasu nie wykonano tutaj \u017cadnych nasadze\u0144. Wcze\u015bniej ros\u0142y tu krzewy, kt\u00f3re w trakcie realizacji inwestycji zosta\u0142y usuni\u0119te. Betonowe donice od czasu remontu s\u0142u\u017c\u0105 za ogromne popielniczki i \u015bmietniki. To miejsce jeszcze jako\u015b wygl\u0105da tylko dzi\u0119ki pracownikom i wolontariuszom centrum pomocy bli\u017aniemu, kt\u00f3rzy regularnie je sprz\u0105taj\u0105 i wynosz\u0105 pe\u0142ne reklam\u00f3wki \u015bmieci. Nie rozumiem, jak mo\u017cna zrobi\u0107 remont i zapomnie\u0107 nasadzi\u0107 now\u0105 ziele\u0144 \u2013 napisa\u0142 do naszej redakcji w listopadzie 2023 roku pan Tadeusz, kt\u00f3ry mieszka na osiedlu S\u0142onecznym.<\/p>\n\n\n\n<p>Od naszego tekstu &#8211; <strong><a href=\"https:\/\/gorzow.news\/index.php\/2023\/12\/06\/czytelnik-zrobili-ogromne-betonowe-klomby-tylko-o-zieleni-zapomnieli\/\">Czytelnik: Zrobili ogromne betonowe klomby, tylko o zieleni zapomnieli\u2026<\/a><\/strong> min\u0119\u0142o ju\u017c p\u00f3\u0142 roku. Zieleni jak nie by\u0142o, tak nadal nie ma.<\/p>\n\n\n\n<p>W maju tego roku do w\u0142adz miasta w tej sprawie zapytanie przes\u0142a\u0142a radna Agnieszka Cierach. Czytamy w nim:<\/p>\n\n\n\n<p>&#8222;W trakcie remontu ulicy S\u0142onecznej wykonane zosta\u0142y nowe donice w miejsce starych. Problem polega na tym, \u017ce w starych by\u0142a ziele\u0144, krzewy, ro\u015blinno\u015b\u0107. W nowych nigdy nie zosta\u0142a ona odtworzona. Mieszka\u0144cy wielokrotnie zwracali na to uwag\u0119, traktuj\u0105c to jako zaniedbanie. Bardzo prosz\u0119 o doko\u0144czenie inwestycji i zasadzenie zieleni w donicach.&#8221;<\/p>\n\n\n\n<p>4 czerwca na pytanie radnej odpowiedzia\u0142a b\u0119d\u0105ca w\u00f3wczas jeszcze wiceprezydentem Gorzowa <strong>Iwona Olek<\/strong>. Oto co napisa\u0142a:<\/p>\n\n\n\n<p>&#8222;Odpowiadaj\u0105c na Pani interpelacj\u0119 w sprawie niezagospodarowanych donic zlokalizowanych przy ul. S\u0142onecznej w Gorzowie Wielkopolskim, informuj\u0119 \u017ce zakres ten nie by\u0142 obj\u0119ty zadaniem inwestycyjnym.<\/p>\n\n\n\n<p>W sprawie zagospodarowania wskazanego terenu wp\u0142yn\u0105\u0142 wniosek do Bud\u017cetu Obywatelskiego edycja 2025. Obecnie wniosek podlega weryfikacji i ocenie merytorycznej. Publikacja wykazu pozytywnie oraz negatywnie zaopiniowanych wniosk\u00f3w zg\u0142oszonych do edycji 2025 zostanie udost\u0119pniona w sierpniu 2024 roku.&#8221;<\/p>\n\n\n\n<p>Warto przypomnie\u0107, \u017ce Miasto planuj\u0105c remont ul. S\u0142onecznej w og\u00f3le nie planowa\u0142o remontu schod\u00f3w i donic przy pawilonach z poczt\u0105 i Stowarzyszeniu Pomocy Bli\u017aniemu im. Brata Krystyna. Prace zosta\u0142y wykonane dopiero po g\u0142osach niezadowolenia mieszka\u0144c\u00f3w. Jednak jak wida\u0107 nikt z urz\u0119dnik\u00f3w nie wpisa\u0142 do zakresu prac odtworzenia zieleni, co wydaje si\u0119 spraw\u0105 naturaln\u0105.<\/p>\n\n\n\n<p>Pr\u00f3ba rozwi\u0105zania problemu przerzucaj\u0105c j\u0105 na bud\u017cet obywatelski ca\u0142kowicie nas nie przekonuje, bo prowadzi to do sytuacji, \u017ce ka\u017cd\u0105 kolejn\u0105 inwestycj\u0119 mo\u017cna pomniejszy\u0107 o jak\u0105\u015b cz\u0119\u015b\u0107 i wskaza\u0107, aby mieszka\u0144cy zg\u0142osili doko\u0144czenie w ramach bud\u017cetu obywatelskiego\u2026 Nie taki jest zamys\u0142 tego programu, aby w jego ramach naprawia\u0107 niedoci\u0105gni\u0119cia urz\u0119dnik\u00f3w.<\/p>\n\n\n\n<p>Klomby stoj\u0105 puste od dw\u00f3ch lat\u2026 Je\u015bli ziele\u0144 mia\u0142aby tu powsta\u0107 w ramach bud\u017cetu obywatelskiego, kt\u00f3rego edycja 2025 zostanie rozstrzygni\u0119ta jesieni\u0105 tego roku, to nie zostanie ona nasadzona szybciej ni\u017c za rok\u2026 A warto pami\u0119ta\u0107, \u017ce wiele zada\u0144 z tego programu jest realizowana dwa lub trzy lata od momentu og\u0142oszenia wynik\u00f3w! I jeszcze najwa\u017cniejsze! Kto zagwarantuje, \u017ce w\u0142a\u015bnie to zadanie wygra w edycji 2025?!<\/p>\n","protected":false},"excerpt":{"rendered":"<p>W grudniu ubieg\u0142ego roku pisali\u015bmy na \u0142amach GORZ\u00d3W.NEWS o betonowych donicach, kt\u00f3re zbudowano w trakcie przebudowy ul. S\u0142oneczej. Tematem zaj\u0119li\u015bmy si\u0119 po informacji od pana Tadeusza, kt\u00f3ry mieszka tu\u017c obok i kt\u00f3ry zwr\u00f3ci\u0142 nam uwag\u0119 na brak nasadzenia zieleni w tym miejscu. Min\u0119\u0142o kolejne p\u00f3\u0142 roku i nic si\u0119 nie zmieni\u0142o. Do prezydenta Gorzowa z [&hellip;]<\/p>\n","protected":false},"author":1,"featured_media":22930,"comment_status":"open","ping_status":"open","sticky":false,"template":"","format":"standard","meta":{"footnotes":"","_links_to":"","_links_to_target":""},"categories":[593,2017,589],"tags":[2997,2547,347,816,402,367],"class_list":{"0":"post-22929","1":"post","2":"type-post","3":"status-publish","4":"format-standard","5":"has-post-thumbnail","7":"category-inwestycje-miejskie","8":"category-sloneczne","9":"category-wiadomosci","10":"tag-agnieszka-cierach","11":"tag-betonowe-klomby","12":"tag-budzet-obywatelski","13":"tag-iwona-olek","14":"tag-sloneczna","15":"tag-zielen"},"yoast_head":"<!-- This site is optimized with the Yoast SEO plugin v27.3 - https:\/\/yoast.com\/product\/yoast-seo-wordpress\/ -->\n<title>Ogromne betonowe klomby na osiedlu S\u0142onecznym nadal bez zieleni\u2026 Miasto nie wpisa\u0142o jej w inwestycj\u0119! - Gorz\u00f3w News<\/title>\n<meta name=\"description\" content=\"\" \/>\n<meta name=\"robots\" content=\"index, follow, max-snippet:-1, max-image-preview:large, max-video-preview:-1\" \/>\n<link rel=\"canonical\" href=\"https:\/\/gorzow.news\/index.php\/2024\/06\/24\/ogromne-betonowe-klomby-na-osiedlu-slonecznym-nadal-bez-zieleni-miasto-nie-wpisalo-jej-w-inwestycje\/\" \/>\n<meta property=\"og:locale\" content=\"pl_PL\" \/>\n<meta property=\"og:type\" content=\"article\" \/>\n<meta property=\"og:title\" content=\"Ogromne betonowe klomby na osiedlu S\u0142onecznym nadal bez zieleni\u2026 Miasto nie wpisa\u0142o jej w inwestycj\u0119! - Gorz\u00f3w News\" \/>\n<meta property=\"og:description\" content=\"\" \/>\n<meta property=\"og:url\" content=\"https:\/\/gorzow.news\/index.php\/2024\/06\/24\/ogromne-betonowe-klomby-na-osiedlu-slonecznym-nadal-bez-zieleni-miasto-nie-wpisalo-jej-w-inwestycje\/\" \/>\n<meta property=\"og:site_name\" content=\"Gorz\u00f3w News\" \/>\n<meta property=\"article:publisher\" content=\"https:\/\/www.facebook.com\/gorzowskinews\" \/>\n<meta property=\"article:published_time\" content=\"2024-06-24T11:27:26+00:00\" \/>\n<meta property=\"article:modified_time\" content=\"2024-06-24T11:27:27+00:00\" \/>\n<meta property=\"og:image\" content=\"https:\/\/gorzow.news\/wp-content\/uploads\/2024\/06\/sloneczna-donice.jpg\" \/>\n\t<meta property=\"og:image:width\" content=\"1499\" \/>\n\t<meta property=\"og:image:height\" content=\"710\" \/>\n\t<meta property=\"og:image:type\" content=\"image\/jpeg\" \/>\n<meta name=\"author\" content=\"maciej\" \/>\n<meta name=\"twitter:card\" content=\"summary_large_image\" \/>\n<meta name=\"twitter:label1\" content=\"Napisane przez\" \/>\n\t<meta name=\"twitter:data1\" content=\"maciej\" \/>\n\t<meta name=\"twitter:label2\" content=\"Szacowany czas czytania\" \/>\n\t<meta name=\"twitter:data2\" content=\"4 minuty\" \/>\n<script type=\"application\/ld+json\" class=\"yoast-schema-graph\">{\"@context\":\"https:\\\/\\\/schema.org\",\"@graph\":[{\"@type\":\"Article\",\"@id\":\"https:\\\/\\\/gorzow.news\\\/index.php\\\/2024\\\/06\\\/24\\\/ogromne-betonowe-klomby-na-osiedlu-slonecznym-nadal-bez-zieleni-miasto-nie-wpisalo-jej-w-inwestycje\\\/#article\",\"isPartOf\":{\"@id\":\"https:\\\/\\\/gorzow.news\\\/index.php\\\/2024\\\/06\\\/24\\\/ogromne-betonowe-klomby-na-osiedlu-slonecznym-nadal-bez-zieleni-miasto-nie-wpisalo-jej-w-inwestycje\\\/\"},\"author\":{\"name\":\"maciej\",\"@id\":\"https:\\\/\\\/gorzow.news\\\/#\\\/schema\\\/person\\\/a1e5ab43166369f2ce236a1cd90995bb\"},\"headline\":\"Ogromne betonowe klomby na osiedlu S\u0142onecznym nadal bez zieleni\u2026 Miasto nie wpisa\u0142o jej w inwestycj\u0119!\",\"datePublished\":\"2024-06-24T11:27:26+00:00\",\"dateModified\":\"2024-06-24T11:27:27+00:00\",\"mainEntityOfPage\":{\"@id\":\"https:\\\/\\\/gorzow.news\\\/index.php\\\/2024\\\/06\\\/24\\\/ogromne-betonowe-klomby-na-osiedlu-slonecznym-nadal-bez-zieleni-miasto-nie-wpisalo-jej-w-inwestycje\\\/\"},\"wordCount\":605,\"commentCount\":0,\"image\":{\"@id\":\"https:\\\/\\\/gorzow.news\\\/index.php\\\/2024\\\/06\\\/24\\\/ogromne-betonowe-klomby-na-osiedlu-slonecznym-nadal-bez-zieleni-miasto-nie-wpisalo-jej-w-inwestycje\\\/#primaryimage\"},\"thumbnailUrl\":\"https:\\\/\\\/gorzow.news\\\/wp-content\\\/uploads\\\/2024\\\/06\\\/sloneczna-donice.jpg\",\"keywords\":[\"Agnieszka Cierach\",\"betonowe klomby\",\"Bud\u017cet Obywatelski\",\"Iwona Olek\",\"S\u0142oneczna\",\"ziele\u0144\"],\"articleSection\":[\"Inwestycje miejskie\",\"S\u0142oneczne\",\"Wiadomo\u015bci\"],\"inLanguage\":\"pl-PL\",\"potentialAction\":[{\"@type\":\"CommentAction\",\"name\":\"Comment\",\"target\":[\"https:\\\/\\\/gorzow.news\\\/index.php\\\/2024\\\/06\\\/24\\\/ogromne-betonowe-klomby-na-osiedlu-slonecznym-nadal-bez-zieleni-miasto-nie-wpisalo-jej-w-inwestycje\\\/#respond\"]}]},{\"@type\":\"WebPage\",\"@id\":\"https:\\\/\\\/gorzow.news\\\/index.php\\\/2024\\\/06\\\/24\\\/ogromne-betonowe-klomby-na-osiedlu-slonecznym-nadal-bez-zieleni-miasto-nie-wpisalo-jej-w-inwestycje\\\/\",\"url\":\"https:\\\/\\\/gorzow.news\\\/index.php\\\/2024\\\/06\\\/24\\\/ogromne-betonowe-klomby-na-osiedlu-slonecznym-nadal-bez-zieleni-miasto-nie-wpisalo-jej-w-inwestycje\\\/\",\"name\":\"Ogromne betonowe klomby na osiedlu S\u0142onecznym nadal bez zieleni\u2026 Miasto nie wpisa\u0142o jej w inwestycj\u0119! - Gorz\u00f3w News\",\"isPartOf\":{\"@id\":\"https:\\\/\\\/gorzow.news\\\/#website\"},\"primaryImageOfPage\":{\"@id\":\"https:\\\/\\\/gorzow.news\\\/index.php\\\/2024\\\/06\\\/24\\\/ogromne-betonowe-klomby-na-osiedlu-slonecznym-nadal-bez-zieleni-miasto-nie-wpisalo-jej-w-inwestycje\\\/#primaryimage\"},\"image\":{\"@id\":\"https:\\\/\\\/gorzow.news\\\/index.php\\\/2024\\\/06\\\/24\\\/ogromne-betonowe-klomby-na-osiedlu-slonecznym-nadal-bez-zieleni-miasto-nie-wpisalo-jej-w-inwestycje\\\/#primaryimage\"},\"thumbnailUrl\":\"https:\\\/\\\/gorzow.news\\\/wp-content\\\/uploads\\\/2024\\\/06\\\/sloneczna-donice.jpg\",\"datePublished\":\"2024-06-24T11:27:26+00:00\",\"dateModified\":\"2024-06-24T11:27:27+00:00\",\"author\":{\"@id\":\"https:\\\/\\\/gorzow.news\\\/#\\\/schema\\\/person\\\/a1e5ab43166369f2ce236a1cd90995bb\"},\"description\":\"W grudniu ubieg\u0142ego roku pisali\u015bmy na \u0142amach GORZ\u00d3W.NEWS o betonowych donicach, kt\u00f3re zbudowano w trakcie przebudowy ul. S\u0142oneczej. Tematem zaj\u0119li\u015bmy si\u0119 po informacji od pana Tadeusza, kt\u00f3ry mieszka tu\u017c obok i kt\u00f3ry zwr\u00f3ci\u0142 nam uwag\u0119 na brak nasadzenia zieleni w tym miejscu. Min\u0119\u0142o kolejne p\u00f3\u0142 roku i nic si\u0119 nie zmieni\u0142o. Do prezydenta Gorzowa z interpelacj\u0105 w tej sprawie wyst\u0105pi\u0142a miejska radna Agnieszka Cierach. Odpowied\u017a, kt\u00f3r\u0105 otrzyma\u0142a bardzo nas zdziwi\u0142a\u2026\",\"breadcrumb\":{\"@id\":\"https:\\\/\\\/gorzow.news\\\/index.php\\\/2024\\\/06\\\/24\\\/ogromne-betonowe-klomby-na-osiedlu-slonecznym-nadal-bez-zieleni-miasto-nie-wpisalo-jej-w-inwestycje\\\/#breadcrumb\"},\"inLanguage\":\"pl-PL\",\"potentialAction\":[{\"@type\":\"ReadAction\",\"target\":[\"https:\\\/\\\/gorzow.news\\\/index.php\\\/2024\\\/06\\\/24\\\/ogromne-betonowe-klomby-na-osiedlu-slonecznym-nadal-bez-zieleni-miasto-nie-wpisalo-jej-w-inwestycje\\\/\"]}]},{\"@type\":\"ImageObject\",\"inLanguage\":\"pl-PL\",\"@id\":\"https:\\\/\\\/gorzow.news\\\/index.php\\\/2024\\\/06\\\/24\\\/ogromne-betonowe-klomby-na-osiedlu-slonecznym-nadal-bez-zieleni-miasto-nie-wpisalo-jej-w-inwestycje\\\/#primaryimage\",\"url\":\"https:\\\/\\\/gorzow.news\\\/wp-content\\\/uploads\\\/2024\\\/06\\\/sloneczna-donice.jpg\",\"contentUrl\":\"https:\\\/\\\/gorzow.news\\\/wp-content\\\/uploads\\\/2024\\\/06\\\/sloneczna-donice.jpg\",\"width\":1499,\"height\":710,\"caption\":\"Betonowe donice bez nasadze\u0144 ju\u017c od dw\u00f3ch lat. fot. Agnieszka Cierach\"},{\"@type\":\"BreadcrumbList\",\"@id\":\"https:\\\/\\\/gorzow.news\\\/index.php\\\/2024\\\/06\\\/24\\\/ogromne-betonowe-klomby-na-osiedlu-slonecznym-nadal-bez-zieleni-miasto-nie-wpisalo-jej-w-inwestycje\\\/#breadcrumb\",\"itemListElement\":[{\"@type\":\"ListItem\",\"position\":1,\"name\":\"Home\",\"item\":\"https:\\\/\\\/gorzow.news\\\/\"},{\"@type\":\"ListItem\",\"position\":2,\"name\":\"Ogromne betonowe klomby na osiedlu S\u0142onecznym nadal bez zieleni\u2026 Miasto nie wpisa\u0142o jej w inwestycj\u0119!\"}]},{\"@type\":\"WebSite\",\"@id\":\"https:\\\/\\\/gorzow.news\\\/#website\",\"url\":\"https:\\\/\\\/gorzow.news\\\/\",\"name\":\"Gorz\u00f3w News\",\"description\":\"Sp\u00f3jrz inaczej na miato i region...\",\"potentialAction\":[{\"@type\":\"SearchAction\",\"target\":{\"@type\":\"EntryPoint\",\"urlTemplate\":\"https:\\\/\\\/gorzow.news\\\/?s={search_term_string}\"},\"query-input\":{\"@type\":\"PropertyValueSpecification\",\"valueRequired\":true,\"valueName\":\"search_term_string\"}}],\"inLanguage\":\"pl-PL\"},{\"@type\":\"Person\",\"@id\":\"https:\\\/\\\/gorzow.news\\\/#\\\/schema\\\/person\\\/a1e5ab43166369f2ce236a1cd90995bb\",\"name\":\"maciej\",\"image\":{\"@type\":\"ImageObject\",\"inLanguage\":\"pl-PL\",\"@id\":\"https:\\\/\\\/secure.gravatar.com\\\/avatar\\\/530a674d56ba60cfa0ef21d74e8e8d123a51bb7aa6580465b5c2ab2c2e980a19?s=96&r=g&d=https:\\\/\\\/gorzow.news\\\/wp-content\\\/plugins\\\/userswp\\\/assets\\\/images\\\/no_profile.png\",\"url\":\"https:\\\/\\\/secure.gravatar.com\\\/avatar\\\/530a674d56ba60cfa0ef21d74e8e8d123a51bb7aa6580465b5c2ab2c2e980a19?s=96&r=g&d=https:\\\/\\\/gorzow.news\\\/wp-content\\\/plugins\\\/userswp\\\/assets\\\/images\\\/no_profile.png\",\"contentUrl\":\"https:\\\/\\\/secure.gravatar.com\\\/avatar\\\/530a674d56ba60cfa0ef21d74e8e8d123a51bb7aa6580465b5c2ab2c2e980a19?s=96&r=g&d=https:\\\/\\\/gorzow.news\\\/wp-content\\\/plugins\\\/userswp\\\/assets\\\/images\\\/no_profile.png\",\"caption\":\"maciej\"},\"url\":\"https:\\\/\\\/gorzow.news\\\/index.php\\\/profile\\\/maciej\\\/\"}]}<\/script>\n<!-- \/ Yoast SEO plugin. -->","yoast_head_json":{"title":"Ogromne betonowe klomby na osiedlu S\u0142onecznym nadal bez zieleni\u2026 Miasto nie wpisa\u0142o jej w inwestycj\u0119! - Gorz\u00f3w News","description":"W grudniu ubieg\u0142ego roku pisali\u015bmy na \u0142amach GORZ\u00d3W.NEWS o betonowych donicach, kt\u00f3re zbudowano w trakcie przebudowy ul. S\u0142oneczej. Tematem zaj?","robots":{"index":"index","follow":"follow","max-snippet":"max-snippet:-1","max-image-preview":"max-image-preview:large","max-video-preview":"max-video-preview:-1"},"canonical":"https:\/\/gorzow.news\/index.php\/2024\/06\/24\/ogromne-betonowe-klomby-na-osiedlu-slonecznym-nadal-bez-zieleni-miasto-nie-wpisalo-jej-w-inwestycje\/","og_locale":"pl_PL","og_type":"article","og_title":"Ogromne betonowe klomby na osiedlu S\u0142onecznym nadal bez zieleni\u2026 Miasto nie wpisa\u0142o jej w inwestycj\u0119! - Gorz\u00f3w News","og_description":"W grudniu ubieg\u0142ego roku pisali\u015bmy na \u0142amach GORZ\u00d3W.NEWS o betonowych donicach, kt\u00f3re zbudowano w trakcie przebudowy ul. S\u0142oneczej. Tematem zaj?","og_url":"https:\/\/gorzow.news\/index.php\/2024\/06\/24\/ogromne-betonowe-klomby-na-osiedlu-slonecznym-nadal-bez-zieleni-miasto-nie-wpisalo-jej-w-inwestycje\/","og_site_name":"Gorz\u00f3w News","article_publisher":"https:\/\/www.facebook.com\/gorzowskinews","article_published_time":"2024-06-24T11:27:26+00:00","article_modified_time":"2024-06-24T11:27:27+00:00","og_image":[{"width":1499,"height":710,"url":"https:\/\/gorzow.news\/wp-content\/uploads\/2024\/06\/sloneczna-donice.jpg","type":"image\/jpeg"}],"author":"maciej","twitter_card":"summary_large_image","twitter_misc":{"Napisane przez":"maciej","Szacowany czas czytania":"4 minuty"},"schema":{"@context":"https:\/\/schema.org","@graph":[{"@type":"Article","@id":"https:\/\/gorzow.news\/index.php\/2024\/06\/24\/ogromne-betonowe-klomby-na-osiedlu-slonecznym-nadal-bez-zieleni-miasto-nie-wpisalo-jej-w-inwestycje\/#article","isPartOf":{"@id":"https:\/\/gorzow.news\/index.php\/2024\/06\/24\/ogromne-betonowe-klomby-na-osiedlu-slonecznym-nadal-bez-zieleni-miasto-nie-wpisalo-jej-w-inwestycje\/"},"author":{"name":"maciej","@id":"https:\/\/gorzow.news\/#\/schema\/person\/a1e5ab43166369f2ce236a1cd90995bb"},"headline":"Ogromne betonowe klomby na osiedlu S\u0142onecznym nadal bez zieleni\u2026 Miasto nie wpisa\u0142o jej w inwestycj\u0119!","datePublished":"2024-06-24T11:27:26+00:00","dateModified":"2024-06-24T11:27:27+00:00","mainEntityOfPage":{"@id":"https:\/\/gorzow.news\/index.php\/2024\/06\/24\/ogromne-betonowe-klomby-na-osiedlu-slonecznym-nadal-bez-zieleni-miasto-nie-wpisalo-jej-w-inwestycje\/"},"wordCount":605,"commentCount":0,"image":{"@id":"https:\/\/gorzow.news\/index.php\/2024\/06\/24\/ogromne-betonowe-klomby-na-osiedlu-slonecznym-nadal-bez-zieleni-miasto-nie-wpisalo-jej-w-inwestycje\/#primaryimage"},"thumbnailUrl":"https:\/\/gorzow.news\/wp-content\/uploads\/2024\/06\/sloneczna-donice.jpg","keywords":["Agnieszka Cierach","betonowe klomby","Bud\u017cet Obywatelski","Iwona Olek","S\u0142oneczna","ziele\u0144"],"articleSection":["Inwestycje miejskie","S\u0142oneczne","Wiadomo\u015bci"],"inLanguage":"pl-PL","potentialAction":[{"@type":"CommentAction","name":"Comment","target":["https:\/\/gorzow.news\/index.php\/2024\/06\/24\/ogromne-betonowe-klomby-na-osiedlu-slonecznym-nadal-bez-zieleni-miasto-nie-wpisalo-jej-w-inwestycje\/#respond"]}]},{"@type":"WebPage","@id":"https:\/\/gorzow.news\/index.php\/2024\/06\/24\/ogromne-betonowe-klomby-na-osiedlu-slonecznym-nadal-bez-zieleni-miasto-nie-wpisalo-jej-w-inwestycje\/","url":"https:\/\/gorzow.news\/index.php\/2024\/06\/24\/ogromne-betonowe-klomby-na-osiedlu-slonecznym-nadal-bez-zieleni-miasto-nie-wpisalo-jej-w-inwestycje\/","name":"Ogromne betonowe klomby na osiedlu S\u0142onecznym nadal bez zieleni\u2026 Miasto nie wpisa\u0142o jej w inwestycj\u0119! - Gorz\u00f3w News","isPartOf":{"@id":"https:\/\/gorzow.news\/#website"},"primaryImageOfPage":{"@id":"https:\/\/gorzow.news\/index.php\/2024\/06\/24\/ogromne-betonowe-klomby-na-osiedlu-slonecznym-nadal-bez-zieleni-miasto-nie-wpisalo-jej-w-inwestycje\/#primaryimage"},"image":{"@id":"https:\/\/gorzow.news\/index.php\/2024\/06\/24\/ogromne-betonowe-klomby-na-osiedlu-slonecznym-nadal-bez-zieleni-miasto-nie-wpisalo-jej-w-inwestycje\/#primaryimage"},"thumbnailUrl":"https:\/\/gorzow.news\/wp-content\/uploads\/2024\/06\/sloneczna-donice.jpg","datePublished":"2024-06-24T11:27:26+00:00","dateModified":"2024-06-24T11:27:27+00:00","author":{"@id":"https:\/\/gorzow.news\/#\/schema\/person\/a1e5ab43166369f2ce236a1cd90995bb"},"description":"W grudniu ubieg\u0142ego roku pisali\u015bmy na \u0142amach GORZ\u00d3W.NEWS o betonowych donicach, kt\u00f3re zbudowano w trakcie przebudowy ul. S\u0142oneczej. Tematem zaj\u0119li\u015bmy si\u0119 po informacji od pana Tadeusza, kt\u00f3ry mieszka tu\u017c obok i kt\u00f3ry zwr\u00f3ci\u0142 nam uwag\u0119 na brak nasadzenia zieleni w tym miejscu. Min\u0119\u0142o kolejne p\u00f3\u0142 roku i nic si\u0119 nie zmieni\u0142o. Do prezydenta Gorzowa z interpelacj\u0105 w tej sprawie wyst\u0105pi\u0142a miejska radna Agnieszka Cierach. Odpowied\u017a, kt\u00f3r\u0105 otrzyma\u0142a bardzo nas zdziwi\u0142a\u2026","breadcrumb":{"@id":"https:\/\/gorzow.news\/index.php\/2024\/06\/24\/ogromne-betonowe-klomby-na-osiedlu-slonecznym-nadal-bez-zieleni-miasto-nie-wpisalo-jej-w-inwestycje\/#breadcrumb"},"inLanguage":"pl-PL","potentialAction":[{"@type":"ReadAction","target":["https:\/\/gorzow.news\/index.php\/2024\/06\/24\/ogromne-betonowe-klomby-na-osiedlu-slonecznym-nadal-bez-zieleni-miasto-nie-wpisalo-jej-w-inwestycje\/"]}]},{"@type":"ImageObject","inLanguage":"pl-PL","@id":"https:\/\/gorzow.news\/index.php\/2024\/06\/24\/ogromne-betonowe-klomby-na-osiedlu-slonecznym-nadal-bez-zieleni-miasto-nie-wpisalo-jej-w-inwestycje\/#primaryimage","url":"https:\/\/gorzow.news\/wp-content\/uploads\/2024\/06\/sloneczna-donice.jpg","contentUrl":"https:\/\/gorzow.news\/wp-content\/uploads\/2024\/06\/sloneczna-donice.jpg","width":1499,"height":710,"caption":"Betonowe donice bez nasadze\u0144 ju\u017c od dw\u00f3ch lat. fot. Agnieszka Cierach"},{"@type":"BreadcrumbList","@id":"https:\/\/gorzow.news\/index.php\/2024\/06\/24\/ogromne-betonowe-klomby-na-osiedlu-slonecznym-nadal-bez-zieleni-miasto-nie-wpisalo-jej-w-inwestycje\/#breadcrumb","itemListElement":[{"@type":"ListItem","position":1,"name":"Home","item":"https:\/\/gorzow.news\/"},{"@type":"ListItem","position":2,"name":"Ogromne betonowe klomby na osiedlu S\u0142onecznym nadal bez zieleni\u2026 Miasto nie wpisa\u0142o jej w inwestycj\u0119!"}]},{"@type":"WebSite","@id":"https:\/\/gorzow.news\/#website","url":"https:\/\/gorzow.news\/","name":"Gorz\u00f3w News","description":"Sp\u00f3jrz inaczej na miato i region...","potentialAction":[{"@type":"SearchAction","target":{"@type":"EntryPoint","urlTemplate":"https:\/\/gorzow.news\/?s={search_term_string}"},"query-input":{"@type":"PropertyValueSpecification","valueRequired":true,"valueName":"search_term_string"}}],"inLanguage":"pl-PL"},{"@type":"Person","@id":"https:\/\/gorzow.news\/#\/schema\/person\/a1e5ab43166369f2ce236a1cd90995bb","name":"maciej","image":{"@type":"ImageObject","inLanguage":"pl-PL","@id":"https:\/\/secure.gravatar.com\/avatar\/530a674d56ba60cfa0ef21d74e8e8d123a51bb7aa6580465b5c2ab2c2e980a19?s=96&r=g&d=https:\/\/gorzow.news\/wp-content\/plugins\/userswp\/assets\/images\/no_profile.png","url":"https:\/\/secure.gravatar.com\/avatar\/530a674d56ba60cfa0ef21d74e8e8d123a51bb7aa6580465b5c2ab2c2e980a19?s=96&r=g&d=https:\/\/gorzow.news\/wp-content\/plugins\/userswp\/assets\/images\/no_profile.png","contentUrl":"https:\/\/secure.gravatar.com\/avatar\/530a674d56ba60cfa0ef21d74e8e8d123a51bb7aa6580465b5c2ab2c2e980a19?s=96&r=g&d=https:\/\/gorzow.news\/wp-content\/plugins\/userswp\/assets\/images\/no_profile.png","caption":"maciej"},"url":"https:\/\/gorzow.news\/index.php\/profile\/maciej\/"}]}},"_links":{"self":[{"href":"https:\/\/gorzow.news\/index.php\/wp-json\/wp\/v2\/posts\/22929","targetHints":{"allow":["GET"]}}],"collection":[{"href":"https:\/\/gorzow.news\/index.php\/wp-json\/wp\/v2\/posts"}],"about":[{"href":"https:\/\/gorzow.news\/index.php\/wp-json\/wp\/v2\/types\/post"}],"author":[{"embeddable":true,"href":"https:\/\/gorzow.news\/index.php\/wp-json\/wp\/v2\/users\/1"}],"replies":[{"embeddable":true,"href":"https:\/\/gorzow.news\/index.php\/wp-json\/wp\/v2\/comments?post=22929"}],"version-history":[{"count":1,"href":"https:\/\/gorzow.news\/index.php\/wp-json\/wp\/v2\/posts\/22929\/revisions"}],"predecessor-version":[{"id":22931,"href":"https:\/\/gorzow.news\/index.php\/wp-json\/wp\/v2\/posts\/22929\/revisions\/22931"}],"wp:featuredmedia":[{"embeddable":true,"href":"https:\/\/gorzow.news\/index.php\/wp-json\/wp\/v2\/media\/22930"}],"wp:attachment":[{"href":"https:\/\/gorzow.news\/index.php\/wp-json\/wp\/v2\/media?parent=22929"}],"wp:term":[{"taxonomy":"category","embeddable":true,"href":"https:\/\/gorzow.news\/index.php\/wp-json\/wp\/v2\/categories?post=22929"},{"taxonomy":"post_tag","embeddable":true,"href":"https:\/\/gorzow.news\/index.php\/wp-json\/wp\/v2\/tags?post=22929"}],"curies":[{"name":"wp","href":"https:\/\/api.w.org\/{rel}","templated":true}]}}