{"id":22850,"date":"2024-06-20T19:41:47","date_gmt":"2024-06-20T17:41:47","guid":{"rendered":"https:\/\/gorzow.news\/?p=22850"},"modified":"2024-06-20T19:42:55","modified_gmt":"2024-06-20T17:42:55","slug":"budowa-placu-do-cwiczen-wyczynowej-jazdy-fanow-motoryzacji-opozni-sie-przez-dodatkowe-prace","status":"publish","type":"post","link":"https:\/\/gorzow.news\/index.php\/2024\/06\/20\/budowa-placu-do-cwiczen-wyczynowej-jazdy-fanow-motoryzacji-opozni-sie-przez-dodatkowe-prace\/","title":{"rendered":"Budowa placu do \u0107wicze\u0144 wyczynowej jazdy fan\u00f3w motoryzacji op\u00f3\u017ani si\u0119 przez dodatkowe prace"},"content":{"rendered":"\n<p><strong>Nie cztery, a pi\u0119\u0107 miesi\u0119cy potrwa budowa placu do \u0107wicze\u0144 wyczynowej jazdy fan\u00f3w motoryzacji. Wykonawca musi zrealizowa\u0107 dodatkowe prace, kt\u00f3re wzmocni\u0105 konstrukcj\u0119 i zwi\u0119ksz\u0105 bezpiecze\u0144stwo przysz\u0142ych u\u017cytkownik\u00f3w.<\/strong><\/p>\n\n\n\n<p>Z uwagi na stwierdzenie warunk\u00f3w gruntowych, kt\u00f3re r\u00f3\u017cni\u0105 si\u0119 od bada\u0144 zleconych na etapie projektowym, powsta\u0142a konieczno\u015b\u0107 wykonania pomiar\u00f3w uzupe\u0142niaj\u0105cych. Na podstawie wynik\u00f3w bada\u0144 no\u015bno\u015bci nasypu, przyj\u0119ty zosta\u0142 nowy spos\u00f3b wzmocnienia s\u0142abego pod\u0142o\u017ca, przez ustalenie minimalnej grubo\u015bci nasypu oraz zastosowanie geotkaniny. Dzi\u0119ki temu zmniejszone zostan\u0105 spadki placu, kt\u00f3re poprawi\u0105 bezpiecze\u0144stwo jego u\u017cytkownik\u00f3w, szczeg\u00f3lnie tych pocz\u0105tkuj\u0105cych.<\/p>\n\n\n\n<figure class=\"wp-block-audio\"><audio controls src=\"https:\/\/gorzow.news\/pliki\/placy-wyczynowy-24-06.m4a\"><\/audio><\/figure>\n\n\n\n<p><strong>Ewa Iwa\u0144ska<\/strong>, Gorzowskie Inwestycje Miejskie<\/p>\n\n\n\n<p>Zadanie realizuje Zak\u0142ad Us\u0142ugowo-Handlowy \u201eTRANSROB\u201d Robert Tkacz. W zwi\u0105zku z konieczno\u015bci\u0105 zwi\u0119kszenia zakresu prac, inwestycja b\u0119dzie kosztowa\u0142a ponad 630 tys. z\u0142otych.<\/p>\n\n\n\n<p>Co dok\u0142adnie powstaje w ramach inwestycji przeczytasz w tek\u015bcie &#8211; <strong><a href=\"https:\/\/gorzow.news\/index.php\/2024\/05\/28\/plac-dla-motocyklistow-w-chrosciku-coraz-blizej-mija-trzeci-miesiac-budowy-jak-ida-prace\/\">Plac dla motocyklist\u00f3w w Chr\u00f3\u015bciku coraz bli\u017cej. Mija trzeci miesi\u0105c budowy. Jak id\u0105 prace?<\/a><\/strong><\/p>\n\n\n\r\n                <style type=\"text\/css\">\r\n                    \r\n                    #tdi_1  .td-doubleSlider-2 .td-item1 {\r\n                        background: url(https:\/\/gorzow.news\/wp-content\/uploads\/2024\/06\/IMG_5246.jpeg) 0 0 no-repeat;\r\n                    }\r\n                    #tdi_1  .td-doubleSlider-2 .td-item2 {\r\n                        background: url(https:\/\/gorzow.news\/wp-content\/uploads\/2024\/06\/IMG_5239.jpeg) 0 0 no-repeat;\r\n                    }\r\n                    #tdi_1  .td-doubleSlider-2 .td-item3 {\r\n                        background: url(https:\/\/gorzow.news\/wp-content\/uploads\/2024\/06\/IMG_5244.jpeg) 0 0 no-repeat;\r\n                    }\r\n                <\/style>\r\n\r\n                <div id=\"tdi_1\" class=\"td-gallery td-slide-on-2-columns\">\r\n                    <div class=\"post_td_gallery\">\r\n                        <div class=\"td-gallery-slide-top\">\r\n                           <div class=\"td-gallery-title\"><\/div>\r\n\r\n                            <div class=\"td-gallery-controls-wrapper\">\r\n                                <div class=\"td-gallery-slide-count\"><span class=\"td-gallery-slide-item-focus\">1<\/span> z 3<\/div>\r\n                                <div class=\"td-gallery-slide-prev-next-but\">\r\n                                    <i class = \"td-icon-left doubleSliderPrevButton\"><\/i>\r\n                                    <i class = \"td-icon-right doubleSliderNextButton\"><\/i>\r\n                                <\/div>\r\n                            <\/div>\r\n                        <\/div>\r\n\r\n                        <div class = \"td-doubleSlider-1 \">\r\n                            <div class = \"td-slider\">\r\n                                \r\n                    <div class = \"td-slide-item td-item1\">\r\n                        <figure class=\"td-slide-galery-figure td-slide-popup-gallery\">\r\n                            <a class=\"slide-gallery-image-link\" href=\"https:\/\/gorzow.news\/wp-content\/uploads\/2024\/06\/IMG_5246.jpeg\" title=\"\"  data-caption=\"\"  data-description=\"\">\r\n                                <img decoding=\"async\" src=\"https:\/\/gorzow.news\/wp-content\/uploads\/2024\/06\/IMG_5246.jpeg\" srcset=\"https:\/\/gorzow.news\/wp-content\/uploads\/2024\/06\/IMG_5246.jpeg 1600w, https:\/\/gorzow.news\/wp-content\/uploads\/2024\/06\/IMG_5246-300x225.jpeg 300w, https:\/\/gorzow.news\/wp-content\/uploads\/2024\/06\/IMG_5246-1024x768.jpeg 1024w, https:\/\/gorzow.news\/wp-content\/uploads\/2024\/06\/IMG_5246-768x576.jpeg 768w, https:\/\/gorzow.news\/wp-content\/uploads\/2024\/06\/IMG_5246-1536x1152.jpeg 1536w, https:\/\/gorzow.news\/wp-content\/uploads\/2024\/06\/IMG_5246-696x522.jpeg 696w, https:\/\/gorzow.news\/wp-content\/uploads\/2024\/06\/IMG_5246-1068x801.jpeg 1068w, https:\/\/gorzow.news\/wp-content\/uploads\/2024\/06\/IMG_5246-195x146.jpeg 195w\" sizes=\"(max-width: 1600px) 100vw, 1600px\" alt=\"\">\r\n                            <\/a>\r\n                            \r\n                        <\/figure>\r\n                    <\/div>\r\n                    <div class = \"td-slide-item td-item2\">\r\n                        <figure class=\"td-slide-galery-figure td-slide-popup-gallery\">\r\n                            <a class=\"slide-gallery-image-link\" href=\"https:\/\/gorzow.news\/wp-content\/uploads\/2024\/06\/IMG_5239.jpeg\" title=\"\"  data-caption=\"\"  data-description=\"\">\r\n                                <img decoding=\"async\" src=\"https:\/\/gorzow.news\/wp-content\/uploads\/2024\/06\/IMG_5239.jpeg\" srcset=\"https:\/\/gorzow.news\/wp-content\/uploads\/2024\/06\/IMG_5239.jpeg 1600w, https:\/\/gorzow.news\/wp-content\/uploads\/2024\/06\/IMG_5239-300x225.jpeg 300w, https:\/\/gorzow.news\/wp-content\/uploads\/2024\/06\/IMG_5239-1024x768.jpeg 1024w, https:\/\/gorzow.news\/wp-content\/uploads\/2024\/06\/IMG_5239-768x576.jpeg 768w, https:\/\/gorzow.news\/wp-content\/uploads\/2024\/06\/IMG_5239-1536x1152.jpeg 1536w, https:\/\/gorzow.news\/wp-content\/uploads\/2024\/06\/IMG_5239-696x522.jpeg 696w, https:\/\/gorzow.news\/wp-content\/uploads\/2024\/06\/IMG_5239-1068x801.jpeg 1068w, https:\/\/gorzow.news\/wp-content\/uploads\/2024\/06\/IMG_5239-195x146.jpeg 195w\" sizes=\"(max-width: 1600px) 100vw, 1600px\" alt=\"\">\r\n                            <\/a>\r\n                            \r\n                        <\/figure>\r\n                    <\/div>\r\n                    <div class = \"td-slide-item td-item3\">\r\n                        <figure class=\"td-slide-galery-figure td-slide-popup-gallery\">\r\n                            <a class=\"slide-gallery-image-link\" href=\"https:\/\/gorzow.news\/wp-content\/uploads\/2024\/06\/IMG_5244.jpeg\" title=\"\"  data-caption=\"\"  data-description=\"\">\r\n                                <img decoding=\"async\" src=\"https:\/\/gorzow.news\/wp-content\/uploads\/2024\/06\/IMG_5244.jpeg\" srcset=\"https:\/\/gorzow.news\/wp-content\/uploads\/2024\/06\/IMG_5244.jpeg 1600w, https:\/\/gorzow.news\/wp-content\/uploads\/2024\/06\/IMG_5244-300x225.jpeg 300w, https:\/\/gorzow.news\/wp-content\/uploads\/2024\/06\/IMG_5244-1024x768.jpeg 1024w, https:\/\/gorzow.news\/wp-content\/uploads\/2024\/06\/IMG_5244-768x576.jpeg 768w, https:\/\/gorzow.news\/wp-content\/uploads\/2024\/06\/IMG_5244-1536x1152.jpeg 1536w, https:\/\/gorzow.news\/wp-content\/uploads\/2024\/06\/IMG_5244-696x522.jpeg 696w, https:\/\/gorzow.news\/wp-content\/uploads\/2024\/06\/IMG_5244-1068x801.jpeg 1068w, https:\/\/gorzow.news\/wp-content\/uploads\/2024\/06\/IMG_5244-195x146.jpeg 195w\" sizes=\"(max-width: 1600px) 100vw, 1600px\" alt=\"\">\r\n                            <\/a>\r\n                            \r\n                        <\/figure>\r\n                    <\/div>\r\n                            <\/div>\r\n                        <\/div>\r\n\r\n                        <div class = \"td-doubleSlider-2\">\r\n                            <div class = \"td-slider\">\r\n                                \r\n                    <div class = \"td-button td-item1\">\r\n                        <div class = \"td-border\"><\/div>\r\n                    <\/div>\r\n                    <div class = \"td-button td-item2\">\r\n                        <div class = \"td-border\"><\/div>\r\n                    <\/div>\r\n                    <div class = \"td-button td-item3\">\r\n                        <div class = \"td-border\"><\/div>\r\n                    <\/div>\r\n                            <\/div>\r\n                        <\/div>\r\n\r\n                    <\/div>\r\n\r\n                <\/div>\r\n                ","protected":false},"excerpt":{"rendered":"<p>Nie cztery, a pi\u0119\u0107 miesi\u0119cy potrwa budowa placu do \u0107wicze\u0144 wyczynowej jazdy fan\u00f3w motoryzacji. Wykonawca musi zrealizowa\u0107 dodatkowe prace, kt\u00f3re wzmocni\u0105 konstrukcj\u0119 i zwi\u0119ksz\u0105 bezpiecze\u0144stwo przysz\u0142ych u\u017cytkownik\u00f3w. Z uwagi na stwierdzenie warunk\u00f3w gruntowych, kt\u00f3re r\u00f3\u017cni\u0105 si\u0119 od bada\u0144 zleconych na etapie projektowym, powsta\u0142a konieczno\u015b\u0107 wykonania pomiar\u00f3w uzupe\u0142niaj\u0105cych. Na podstawie wynik\u00f3w bada\u0144 no\u015bno\u015bci nasypu, przyj\u0119ty zosta\u0142 [&hellip;]<\/p>\n","protected":false},"author":1,"featured_media":22854,"comment_status":"open","ping_status":"open","sticky":false,"template":"","format":"standard","meta":{"footnotes":"","_links_to":"","_links_to_target":""},"categories":[593,589],"tags":[347,1422,2541,2554,1452],"class_list":{"0":"post-22850","1":"post","2":"type-post","3":"status-publish","4":"format-standard","5":"has-post-thumbnail","7":"category-inwestycje-miejskie","8":"category-wiadomosci","9":"tag-budzet-obywatelski","10":"tag-ewa-iwanska","11":"tag-plac-do-cwiczen-wyczynowej-jazdy","12":"tag-siedem-wzgorz-krzysztof-lesnicki","13":"tag-zaklad-uslugowo-handowy-transrob-robert-tkacz"},"yoast_head":"<!-- This site is optimized with the Yoast SEO plugin v27.3 - https:\/\/yoast.com\/product\/yoast-seo-wordpress\/ -->\n<title>Budowa placu do \u0107wicze\u0144 wyczynowej jazdy fan\u00f3w motoryzacji op\u00f3\u017ani si\u0119 przez dodatkowe prace - Gorz\u00f3w News<\/title>\n<meta name=\"description\" content=\"Nie cztery, a pi\u0119\u0107 miesi\u0119cy potrwa budowa placu do \u0107wicze\u0144 wyczynowej jazdy fan\u00f3w motoryzacji. Wykonawca musi zrealizowa\u0107 dodatkowe prace, kt\u00f3\" \/>\n<meta name=\"robots\" content=\"index, follow, max-snippet:-1, max-image-preview:large, max-video-preview:-1\" \/>\n<link rel=\"canonical\" href=\"https:\/\/gorzow.news\/index.php\/2024\/06\/20\/budowa-placu-do-cwiczen-wyczynowej-jazdy-fanow-motoryzacji-opozni-sie-przez-dodatkowe-prace\/\" \/>\n<meta property=\"og:locale\" content=\"pl_PL\" \/>\n<meta property=\"og:type\" content=\"article\" \/>\n<meta property=\"og:title\" content=\"Budowa placu do \u0107wicze\u0144 wyczynowej jazdy fan\u00f3w motoryzacji op\u00f3\u017ani si\u0119 przez dodatkowe prace - Gorz\u00f3w News\" \/>\n<meta property=\"og:description\" content=\"Nie cztery, a pi\u0119\u0107 miesi\u0119cy potrwa budowa placu do \u0107wicze\u0144 wyczynowej jazdy fan\u00f3w motoryzacji. Wykonawca musi zrealizowa\u0107 dodatkowe prace, kt\u00f3\" \/>\n<meta property=\"og:url\" content=\"https:\/\/gorzow.news\/index.php\/2024\/06\/20\/budowa-placu-do-cwiczen-wyczynowej-jazdy-fanow-motoryzacji-opozni-sie-przez-dodatkowe-prace\/\" \/>\n<meta property=\"og:site_name\" content=\"Gorz\u00f3w News\" \/>\n<meta property=\"article:publisher\" content=\"https:\/\/www.facebook.com\/gorzowskinews\" \/>\n<meta property=\"article:published_time\" content=\"2024-06-20T17:41:47+00:00\" \/>\n<meta property=\"article:modified_time\" content=\"2024-06-20T17:42:55+00:00\" \/>\n<meta property=\"og:image\" content=\"https:\/\/gorzow.news\/wp-content\/uploads\/2024\/06\/IMG_5237-kopia.jpg\" \/>\n\t<meta property=\"og:image:width\" content=\"1600\" \/>\n\t<meta property=\"og:image:height\" content=\"757\" \/>\n\t<meta property=\"og:image:type\" content=\"image\/jpeg\" \/>\n<meta name=\"author\" content=\"maciej\" \/>\n<meta name=\"twitter:card\" content=\"summary_large_image\" \/>\n<meta name=\"twitter:label1\" content=\"Napisane przez\" \/>\n\t<meta name=\"twitter:data1\" content=\"maciej\" \/>\n\t<meta name=\"twitter:label2\" content=\"Szacowany czas czytania\" \/>\n\t<meta name=\"twitter:data2\" content=\"2 minuty\" \/>\n<script type=\"application\/ld+json\" class=\"yoast-schema-graph\">{\"@context\":\"https:\\\/\\\/schema.org\",\"@graph\":[{\"@type\":\"Article\",\"@id\":\"https:\\\/\\\/gorzow.news\\\/index.php\\\/2024\\\/06\\\/20\\\/budowa-placu-do-cwiczen-wyczynowej-jazdy-fanow-motoryzacji-opozni-sie-przez-dodatkowe-prace\\\/#article\",\"isPartOf\":{\"@id\":\"https:\\\/\\\/gorzow.news\\\/index.php\\\/2024\\\/06\\\/20\\\/budowa-placu-do-cwiczen-wyczynowej-jazdy-fanow-motoryzacji-opozni-sie-przez-dodatkowe-prace\\\/\"},\"author\":{\"name\":\"maciej\",\"@id\":\"https:\\\/\\\/gorzow.news\\\/#\\\/schema\\\/person\\\/a1e5ab43166369f2ce236a1cd90995bb\"},\"headline\":\"Budowa placu do \u0107wicze\u0144 wyczynowej jazdy fan\u00f3w motoryzacji op\u00f3\u017ani si\u0119 przez dodatkowe prace\",\"datePublished\":\"2024-06-20T17:41:47+00:00\",\"dateModified\":\"2024-06-20T17:42:55+00:00\",\"mainEntityOfPage\":{\"@id\":\"https:\\\/\\\/gorzow.news\\\/index.php\\\/2024\\\/06\\\/20\\\/budowa-placu-do-cwiczen-wyczynowej-jazdy-fanow-motoryzacji-opozni-sie-przez-dodatkowe-prace\\\/\"},\"wordCount\":200,\"commentCount\":0,\"image\":{\"@id\":\"https:\\\/\\\/gorzow.news\\\/index.php\\\/2024\\\/06\\\/20\\\/budowa-placu-do-cwiczen-wyczynowej-jazdy-fanow-motoryzacji-opozni-sie-przez-dodatkowe-prace\\\/#primaryimage\"},\"thumbnailUrl\":\"https:\\\/\\\/gorzow.news\\\/wp-content\\\/uploads\\\/2024\\\/06\\\/IMG_5237-kopia.jpg\",\"keywords\":[\"Bud\u017cet Obywatelski\",\"Ewa Iwa\u0144ska\",\"plac do \u0107wicze\u0144 wyczynowej jazdy\",\"Siedem Wzg\u00f3rz Krzysztof Le\u015bnicki\",\"Zak\u0142ad Us\u0142ugowo-Handowy &quot;TRANSROB&quot; Robert Tkacz\"],\"articleSection\":[\"Inwestycje miejskie\",\"Wiadomo\u015bci\"],\"inLanguage\":\"pl-PL\",\"potentialAction\":[{\"@type\":\"CommentAction\",\"name\":\"Comment\",\"target\":[\"https:\\\/\\\/gorzow.news\\\/index.php\\\/2024\\\/06\\\/20\\\/budowa-placu-do-cwiczen-wyczynowej-jazdy-fanow-motoryzacji-opozni-sie-przez-dodatkowe-prace\\\/#respond\"]}]},{\"@type\":\"WebPage\",\"@id\":\"https:\\\/\\\/gorzow.news\\\/index.php\\\/2024\\\/06\\\/20\\\/budowa-placu-do-cwiczen-wyczynowej-jazdy-fanow-motoryzacji-opozni-sie-przez-dodatkowe-prace\\\/\",\"url\":\"https:\\\/\\\/gorzow.news\\\/index.php\\\/2024\\\/06\\\/20\\\/budowa-placu-do-cwiczen-wyczynowej-jazdy-fanow-motoryzacji-opozni-sie-przez-dodatkowe-prace\\\/\",\"name\":\"Budowa placu do \u0107wicze\u0144 wyczynowej jazdy fan\u00f3w motoryzacji op\u00f3\u017ani si\u0119 przez dodatkowe prace - Gorz\u00f3w News\",\"isPartOf\":{\"@id\":\"https:\\\/\\\/gorzow.news\\\/#website\"},\"primaryImageOfPage\":{\"@id\":\"https:\\\/\\\/gorzow.news\\\/index.php\\\/2024\\\/06\\\/20\\\/budowa-placu-do-cwiczen-wyczynowej-jazdy-fanow-motoryzacji-opozni-sie-przez-dodatkowe-prace\\\/#primaryimage\"},\"image\":{\"@id\":\"https:\\\/\\\/gorzow.news\\\/index.php\\\/2024\\\/06\\\/20\\\/budowa-placu-do-cwiczen-wyczynowej-jazdy-fanow-motoryzacji-opozni-sie-przez-dodatkowe-prace\\\/#primaryimage\"},\"thumbnailUrl\":\"https:\\\/\\\/gorzow.news\\\/wp-content\\\/uploads\\\/2024\\\/06\\\/IMG_5237-kopia.jpg\",\"datePublished\":\"2024-06-20T17:41:47+00:00\",\"dateModified\":\"2024-06-20T17:42:55+00:00\",\"author\":{\"@id\":\"https:\\\/\\\/gorzow.news\\\/#\\\/schema\\\/person\\\/a1e5ab43166369f2ce236a1cd90995bb\"},\"description\":\"Nie cztery, a pi\u0119\u0107 miesi\u0119cy potrwa budowa placu do \u0107wicze\u0144 wyczynowej jazdy fan\u00f3w motoryzacji. Wykonawca musi zrealizowa\u0107 dodatkowe prace, kt\u00f3re wzmocni\u0105 konstrukcj\u0119 i zwi\u0119ksz\u0105 bezpiecze\u0144stwo przysz\u0142ych u\u017cytkownik\u00f3w.\",\"breadcrumb\":{\"@id\":\"https:\\\/\\\/gorzow.news\\\/index.php\\\/2024\\\/06\\\/20\\\/budowa-placu-do-cwiczen-wyczynowej-jazdy-fanow-motoryzacji-opozni-sie-przez-dodatkowe-prace\\\/#breadcrumb\"},\"inLanguage\":\"pl-PL\",\"potentialAction\":[{\"@type\":\"ReadAction\",\"target\":[\"https:\\\/\\\/gorzow.news\\\/index.php\\\/2024\\\/06\\\/20\\\/budowa-placu-do-cwiczen-wyczynowej-jazdy-fanow-motoryzacji-opozni-sie-przez-dodatkowe-prace\\\/\"]}]},{\"@type\":\"ImageObject\",\"inLanguage\":\"pl-PL\",\"@id\":\"https:\\\/\\\/gorzow.news\\\/index.php\\\/2024\\\/06\\\/20\\\/budowa-placu-do-cwiczen-wyczynowej-jazdy-fanow-motoryzacji-opozni-sie-przez-dodatkowe-prace\\\/#primaryimage\",\"url\":\"https:\\\/\\\/gorzow.news\\\/wp-content\\\/uploads\\\/2024\\\/06\\\/IMG_5237-kopia.jpg\",\"contentUrl\":\"https:\\\/\\\/gorzow.news\\\/wp-content\\\/uploads\\\/2024\\\/06\\\/IMG_5237-kopia.jpg\",\"width\":1600,\"height\":757,\"caption\":\"W zwi\u0105zku z konieczno\u015bci\u0105 zwi\u0119kszenia zakresu prac, budowa potrwa miesi\u0105c d\u0142u\u017cej. Wzrosn\u0105 te\u017c o 70 tys. koszty. fot. GIM\"},{\"@type\":\"BreadcrumbList\",\"@id\":\"https:\\\/\\\/gorzow.news\\\/index.php\\\/2024\\\/06\\\/20\\\/budowa-placu-do-cwiczen-wyczynowej-jazdy-fanow-motoryzacji-opozni-sie-przez-dodatkowe-prace\\\/#breadcrumb\",\"itemListElement\":[{\"@type\":\"ListItem\",\"position\":1,\"name\":\"Home\",\"item\":\"https:\\\/\\\/gorzow.news\\\/\"},{\"@type\":\"ListItem\",\"position\":2,\"name\":\"Budowa placu do \u0107wicze\u0144 wyczynowej jazdy fan\u00f3w motoryzacji op\u00f3\u017ani si\u0119 przez dodatkowe prace\"}]},{\"@type\":\"WebSite\",\"@id\":\"https:\\\/\\\/gorzow.news\\\/#website\",\"url\":\"https:\\\/\\\/gorzow.news\\\/\",\"name\":\"Gorz\u00f3w News\",\"description\":\"Sp\u00f3jrz inaczej na miato i region...\",\"potentialAction\":[{\"@type\":\"SearchAction\",\"target\":{\"@type\":\"EntryPoint\",\"urlTemplate\":\"https:\\\/\\\/gorzow.news\\\/?s={search_term_string}\"},\"query-input\":{\"@type\":\"PropertyValueSpecification\",\"valueRequired\":true,\"valueName\":\"search_term_string\"}}],\"inLanguage\":\"pl-PL\"},{\"@type\":\"Person\",\"@id\":\"https:\\\/\\\/gorzow.news\\\/#\\\/schema\\\/person\\\/a1e5ab43166369f2ce236a1cd90995bb\",\"name\":\"maciej\",\"image\":{\"@type\":\"ImageObject\",\"inLanguage\":\"pl-PL\",\"@id\":\"https:\\\/\\\/secure.gravatar.com\\\/avatar\\\/530a674d56ba60cfa0ef21d74e8e8d123a51bb7aa6580465b5c2ab2c2e980a19?s=96&r=g&d=https:\\\/\\\/gorzow.news\\\/wp-content\\\/plugins\\\/userswp\\\/assets\\\/images\\\/no_profile.png\",\"url\":\"https:\\\/\\\/secure.gravatar.com\\\/avatar\\\/530a674d56ba60cfa0ef21d74e8e8d123a51bb7aa6580465b5c2ab2c2e980a19?s=96&r=g&d=https:\\\/\\\/gorzow.news\\\/wp-content\\\/plugins\\\/userswp\\\/assets\\\/images\\\/no_profile.png\",\"contentUrl\":\"https:\\\/\\\/secure.gravatar.com\\\/avatar\\\/530a674d56ba60cfa0ef21d74e8e8d123a51bb7aa6580465b5c2ab2c2e980a19?s=96&r=g&d=https:\\\/\\\/gorzow.news\\\/wp-content\\\/plugins\\\/userswp\\\/assets\\\/images\\\/no_profile.png\",\"caption\":\"maciej\"},\"url\":\"https:\\\/\\\/gorzow.news\\\/index.php\\\/profile\\\/maciej\\\/\"}]}<\/script>\n<!-- \/ Yoast SEO plugin. -->","yoast_head_json":{"title":"Budowa placu do \u0107wicze\u0144 wyczynowej jazdy fan\u00f3w motoryzacji op\u00f3\u017ani si\u0119 przez dodatkowe prace - Gorz\u00f3w News","description":"Nie cztery, a pi\u0119\u0107 miesi\u0119cy potrwa budowa placu do \u0107wicze\u0144 wyczynowej jazdy fan\u00f3w motoryzacji. Wykonawca musi zrealizowa\u0107 dodatkowe prace, kt\u00f3","robots":{"index":"index","follow":"follow","max-snippet":"max-snippet:-1","max-image-preview":"max-image-preview:large","max-video-preview":"max-video-preview:-1"},"canonical":"https:\/\/gorzow.news\/index.php\/2024\/06\/20\/budowa-placu-do-cwiczen-wyczynowej-jazdy-fanow-motoryzacji-opozni-sie-przez-dodatkowe-prace\/","og_locale":"pl_PL","og_type":"article","og_title":"Budowa placu do \u0107wicze\u0144 wyczynowej jazdy fan\u00f3w motoryzacji op\u00f3\u017ani si\u0119 przez dodatkowe prace - Gorz\u00f3w News","og_description":"Nie cztery, a pi\u0119\u0107 miesi\u0119cy potrwa budowa placu do \u0107wicze\u0144 wyczynowej jazdy fan\u00f3w motoryzacji. Wykonawca musi zrealizowa\u0107 dodatkowe prace, kt\u00f3","og_url":"https:\/\/gorzow.news\/index.php\/2024\/06\/20\/budowa-placu-do-cwiczen-wyczynowej-jazdy-fanow-motoryzacji-opozni-sie-przez-dodatkowe-prace\/","og_site_name":"Gorz\u00f3w News","article_publisher":"https:\/\/www.facebook.com\/gorzowskinews","article_published_time":"2024-06-20T17:41:47+00:00","article_modified_time":"2024-06-20T17:42:55+00:00","og_image":[{"width":1600,"height":757,"url":"https:\/\/gorzow.news\/wp-content\/uploads\/2024\/06\/IMG_5237-kopia.jpg","type":"image\/jpeg"}],"author":"maciej","twitter_card":"summary_large_image","twitter_misc":{"Napisane przez":"maciej","Szacowany czas czytania":"2 minuty"},"schema":{"@context":"https:\/\/schema.org","@graph":[{"@type":"Article","@id":"https:\/\/gorzow.news\/index.php\/2024\/06\/20\/budowa-placu-do-cwiczen-wyczynowej-jazdy-fanow-motoryzacji-opozni-sie-przez-dodatkowe-prace\/#article","isPartOf":{"@id":"https:\/\/gorzow.news\/index.php\/2024\/06\/20\/budowa-placu-do-cwiczen-wyczynowej-jazdy-fanow-motoryzacji-opozni-sie-przez-dodatkowe-prace\/"},"author":{"name":"maciej","@id":"https:\/\/gorzow.news\/#\/schema\/person\/a1e5ab43166369f2ce236a1cd90995bb"},"headline":"Budowa placu do \u0107wicze\u0144 wyczynowej jazdy fan\u00f3w motoryzacji op\u00f3\u017ani si\u0119 przez dodatkowe prace","datePublished":"2024-06-20T17:41:47+00:00","dateModified":"2024-06-20T17:42:55+00:00","mainEntityOfPage":{"@id":"https:\/\/gorzow.news\/index.php\/2024\/06\/20\/budowa-placu-do-cwiczen-wyczynowej-jazdy-fanow-motoryzacji-opozni-sie-przez-dodatkowe-prace\/"},"wordCount":200,"commentCount":0,"image":{"@id":"https:\/\/gorzow.news\/index.php\/2024\/06\/20\/budowa-placu-do-cwiczen-wyczynowej-jazdy-fanow-motoryzacji-opozni-sie-przez-dodatkowe-prace\/#primaryimage"},"thumbnailUrl":"https:\/\/gorzow.news\/wp-content\/uploads\/2024\/06\/IMG_5237-kopia.jpg","keywords":["Bud\u017cet Obywatelski","Ewa Iwa\u0144ska","plac do \u0107wicze\u0144 wyczynowej jazdy","Siedem Wzg\u00f3rz Krzysztof Le\u015bnicki","Zak\u0142ad Us\u0142ugowo-Handowy &quot;TRANSROB&quot; Robert Tkacz"],"articleSection":["Inwestycje miejskie","Wiadomo\u015bci"],"inLanguage":"pl-PL","potentialAction":[{"@type":"CommentAction","name":"Comment","target":["https:\/\/gorzow.news\/index.php\/2024\/06\/20\/budowa-placu-do-cwiczen-wyczynowej-jazdy-fanow-motoryzacji-opozni-sie-przez-dodatkowe-prace\/#respond"]}]},{"@type":"WebPage","@id":"https:\/\/gorzow.news\/index.php\/2024\/06\/20\/budowa-placu-do-cwiczen-wyczynowej-jazdy-fanow-motoryzacji-opozni-sie-przez-dodatkowe-prace\/","url":"https:\/\/gorzow.news\/index.php\/2024\/06\/20\/budowa-placu-do-cwiczen-wyczynowej-jazdy-fanow-motoryzacji-opozni-sie-przez-dodatkowe-prace\/","name":"Budowa placu do \u0107wicze\u0144 wyczynowej jazdy fan\u00f3w motoryzacji op\u00f3\u017ani si\u0119 przez dodatkowe prace - Gorz\u00f3w News","isPartOf":{"@id":"https:\/\/gorzow.news\/#website"},"primaryImageOfPage":{"@id":"https:\/\/gorzow.news\/index.php\/2024\/06\/20\/budowa-placu-do-cwiczen-wyczynowej-jazdy-fanow-motoryzacji-opozni-sie-przez-dodatkowe-prace\/#primaryimage"},"image":{"@id":"https:\/\/gorzow.news\/index.php\/2024\/06\/20\/budowa-placu-do-cwiczen-wyczynowej-jazdy-fanow-motoryzacji-opozni-sie-przez-dodatkowe-prace\/#primaryimage"},"thumbnailUrl":"https:\/\/gorzow.news\/wp-content\/uploads\/2024\/06\/IMG_5237-kopia.jpg","datePublished":"2024-06-20T17:41:47+00:00","dateModified":"2024-06-20T17:42:55+00:00","author":{"@id":"https:\/\/gorzow.news\/#\/schema\/person\/a1e5ab43166369f2ce236a1cd90995bb"},"description":"Nie cztery, a pi\u0119\u0107 miesi\u0119cy potrwa budowa placu do \u0107wicze\u0144 wyczynowej jazdy fan\u00f3w motoryzacji. Wykonawca musi zrealizowa\u0107 dodatkowe prace, kt\u00f3re wzmocni\u0105 konstrukcj\u0119 i zwi\u0119ksz\u0105 bezpiecze\u0144stwo przysz\u0142ych u\u017cytkownik\u00f3w.","breadcrumb":{"@id":"https:\/\/gorzow.news\/index.php\/2024\/06\/20\/budowa-placu-do-cwiczen-wyczynowej-jazdy-fanow-motoryzacji-opozni-sie-przez-dodatkowe-prace\/#breadcrumb"},"inLanguage":"pl-PL","potentialAction":[{"@type":"ReadAction","target":["https:\/\/gorzow.news\/index.php\/2024\/06\/20\/budowa-placu-do-cwiczen-wyczynowej-jazdy-fanow-motoryzacji-opozni-sie-przez-dodatkowe-prace\/"]}]},{"@type":"ImageObject","inLanguage":"pl-PL","@id":"https:\/\/gorzow.news\/index.php\/2024\/06\/20\/budowa-placu-do-cwiczen-wyczynowej-jazdy-fanow-motoryzacji-opozni-sie-przez-dodatkowe-prace\/#primaryimage","url":"https:\/\/gorzow.news\/wp-content\/uploads\/2024\/06\/IMG_5237-kopia.jpg","contentUrl":"https:\/\/gorzow.news\/wp-content\/uploads\/2024\/06\/IMG_5237-kopia.jpg","width":1600,"height":757,"caption":"W zwi\u0105zku z konieczno\u015bci\u0105 zwi\u0119kszenia zakresu prac, budowa potrwa miesi\u0105c d\u0142u\u017cej. Wzrosn\u0105 te\u017c o 70 tys. koszty. fot. GIM"},{"@type":"BreadcrumbList","@id":"https:\/\/gorzow.news\/index.php\/2024\/06\/20\/budowa-placu-do-cwiczen-wyczynowej-jazdy-fanow-motoryzacji-opozni-sie-przez-dodatkowe-prace\/#breadcrumb","itemListElement":[{"@type":"ListItem","position":1,"name":"Home","item":"https:\/\/gorzow.news\/"},{"@type":"ListItem","position":2,"name":"Budowa placu do \u0107wicze\u0144 wyczynowej jazdy fan\u00f3w motoryzacji op\u00f3\u017ani si\u0119 przez dodatkowe prace"}]},{"@type":"WebSite","@id":"https:\/\/gorzow.news\/#website","url":"https:\/\/gorzow.news\/","name":"Gorz\u00f3w News","description":"Sp\u00f3jrz inaczej na miato i region...","potentialAction":[{"@type":"SearchAction","target":{"@type":"EntryPoint","urlTemplate":"https:\/\/gorzow.news\/?s={search_term_string}"},"query-input":{"@type":"PropertyValueSpecification","valueRequired":true,"valueName":"search_term_string"}}],"inLanguage":"pl-PL"},{"@type":"Person","@id":"https:\/\/gorzow.news\/#\/schema\/person\/a1e5ab43166369f2ce236a1cd90995bb","name":"maciej","image":{"@type":"ImageObject","inLanguage":"pl-PL","@id":"https:\/\/secure.gravatar.com\/avatar\/530a674d56ba60cfa0ef21d74e8e8d123a51bb7aa6580465b5c2ab2c2e980a19?s=96&r=g&d=https:\/\/gorzow.news\/wp-content\/plugins\/userswp\/assets\/images\/no_profile.png","url":"https:\/\/secure.gravatar.com\/avatar\/530a674d56ba60cfa0ef21d74e8e8d123a51bb7aa6580465b5c2ab2c2e980a19?s=96&r=g&d=https:\/\/gorzow.news\/wp-content\/plugins\/userswp\/assets\/images\/no_profile.png","contentUrl":"https:\/\/secure.gravatar.com\/avatar\/530a674d56ba60cfa0ef21d74e8e8d123a51bb7aa6580465b5c2ab2c2e980a19?s=96&r=g&d=https:\/\/gorzow.news\/wp-content\/plugins\/userswp\/assets\/images\/no_profile.png","caption":"maciej"},"url":"https:\/\/gorzow.news\/index.php\/profile\/maciej\/"}]}},"_links":{"self":[{"href":"https:\/\/gorzow.news\/index.php\/wp-json\/wp\/v2\/posts\/22850","targetHints":{"allow":["GET"]}}],"collection":[{"href":"https:\/\/gorzow.news\/index.php\/wp-json\/wp\/v2\/posts"}],"about":[{"href":"https:\/\/gorzow.news\/index.php\/wp-json\/wp\/v2\/types\/post"}],"author":[{"embeddable":true,"href":"https:\/\/gorzow.news\/index.php\/wp-json\/wp\/v2\/users\/1"}],"replies":[{"embeddable":true,"href":"https:\/\/gorzow.news\/index.php\/wp-json\/wp\/v2\/comments?post=22850"}],"version-history":[{"count":1,"href":"https:\/\/gorzow.news\/index.php\/wp-json\/wp\/v2\/posts\/22850\/revisions"}],"predecessor-version":[{"id":22855,"href":"https:\/\/gorzow.news\/index.php\/wp-json\/wp\/v2\/posts\/22850\/revisions\/22855"}],"wp:featuredmedia":[{"embeddable":true,"href":"https:\/\/gorzow.news\/index.php\/wp-json\/wp\/v2\/media\/22854"}],"wp:attachment":[{"href":"https:\/\/gorzow.news\/index.php\/wp-json\/wp\/v2\/media?parent=22850"}],"wp:term":[{"taxonomy":"category","embeddable":true,"href":"https:\/\/gorzow.news\/index.php\/wp-json\/wp\/v2\/categories?post=22850"},{"taxonomy":"post_tag","embeddable":true,"href":"https:\/\/gorzow.news\/index.php\/wp-json\/wp\/v2\/tags?post=22850"}],"curies":[{"name":"wp","href":"https:\/\/api.w.org\/{rel}","templated":true}]}}