{"id":22767,"date":"2024-06-14T15:00:00","date_gmt":"2024-06-14T13:00:00","guid":{"rendered":"https:\/\/gorzow.news\/?p=22767"},"modified":"2024-06-14T15:41:13","modified_gmt":"2024-06-14T13:41:13","slug":"od-poniedzialku-pojedziemy-polnocna-jezdnia-slowianskiej-do-konca-miesiaca-znow-fredry-bez-wjazdu","status":"publish","type":"post","link":"https:\/\/gorzow.news\/index.php\/2024\/06\/14\/od-poniedzialku-pojedziemy-polnocna-jezdnia-slowianskiej-do-konca-miesiaca-znow-fredry-bez-wjazdu\/","title":{"rendered":"Od poniedzia\u0142ku pojedziemy p\u00f3\u0142nocn\u0105 jezdni\u0105 S\u0142owia\u0144skiej! Do ko\u0144ca miesi\u0105ca zn\u00f3w Fredry bez wjazdu!"},"content":{"rendered":"\n<p><strong>Od poniedzia\u0142ku (17 czerwca), wykonawca prac na ul. S\u0142owia\u0144skiej, planuje wprowadzi\u0107 zmiany w czasowej organizacji ruchu. W celu umo\u017cliwienia u\u0142o\u017cenia warstwy \u015bcieralnej, po stronie ronda na kt\u00f3rej obecnie odbywa si\u0119 ruch, zostanie on prze\u0142o\u017cony na jezdni\u0119 p\u00f3\u0142nocn\u0105 ul. S\u0142owia\u0144skiej, tj. po stronie CSR \u201eS\u0142owianka\u201d. Ruch w obu kierunkach ul. S\u0142owia\u0144skiej zostanie utrzymany.<\/strong><\/p>\n\n\n\n<figure class=\"wp-block-audio\"><audio controls src=\"https:\/\/gorzow.news\/pliki\/splowianska-iwanska.m4a\"><\/audio><\/figure>\n\n\n\n<p><strong>Ewa Iwa\u0144ska<\/strong>, Gorzowskie Inwestycje Miejskie<\/p>\n\n\n\n<p>Wjazd i wyjazd na parkingi CSR \u201eS\u0142owianka\u201d, b\u0119dzie si\u0119 odbywa\u0142 przez nowe rondo z dopuszczonymi lewoskr\u0119tami. Dodatkowy wjazd, na parkingi z ul. S\u0142owia\u0144skiej, dost\u0119pny dla jad\u0105cych od strony ul. Roosevelta, udost\u0119pniony zostanie bezpo\u015brednio na rondo wewn\u0119trzne &#8211; zlokalizowane mi\u0119dzy basenem i hal\u0105 sportow\u0105.<\/p>\n\n\n\n<p>Zgodnie z planem wykonawcy ponownie zamkni\u0119te zostanie po\u0142\u0105czenie ul. Fredry z ul. S\u0142owia\u0144skiej. Planuje si\u0119 utrzymanie opisanej powy\u017cej organizacji ruchu do ko\u0144ca czerwca br.<\/p>\n","protected":false},"excerpt":{"rendered":"<p>Od poniedzia\u0142ku (17 czerwca), wykonawca prac na ul. S\u0142owia\u0144skiej, planuje wprowadzi\u0107 zmiany w czasowej organizacji ruchu. W celu umo\u017cliwienia u\u0142o\u017cenia warstwy \u015bcieralnej, po stronie ronda na kt\u00f3rej obecnie odbywa si\u0119 ruch, zostanie on prze\u0142o\u017cony na jezdni\u0119 p\u00f3\u0142nocn\u0105 ul. S\u0142owia\u0144skiej, tj. po stronie CSR \u201eS\u0142owianka\u201d. Ruch w obu kierunkach ul. S\u0142owia\u0144skiej zostanie utrzymany. Ewa Iwa\u0144ska, Gorzowskie [&hellip;]<\/p>\n","protected":false},"author":1,"featured_media":22769,"comment_status":"open","ping_status":"open","sticky":false,"template":"","format":"standard","meta":{"footnotes":"","_links_to":"","_links_to_target":""},"categories":[594,2012,589],"tags":[932,371,464,92],"class_list":{"0":"post-22767","1":"post","2":"type-post","3":"status-publish","4":"format-standard","5":"has-post-thumbnail","7":"category-info-ulice","8":"category-staszica","9":"category-wiadomosci","10":"tag-centrum-sportowo-rehabilitacyjne-slowianka","11":"tag-eurovia-polska","12":"tag-fredry","13":"tag-slowianska"},"yoast_head":"<!-- This site is optimized with the Yoast SEO plugin v27.3 - https:\/\/yoast.com\/product\/yoast-seo-wordpress\/ -->\n<title>Od poniedzia\u0142ku pojedziemy p\u00f3\u0142nocn\u0105 jezdni\u0105 S\u0142owia\u0144skiej! Do ko\u0144ca miesi\u0105ca zn\u00f3w Fredry bez wjazdu! - Gorz\u00f3w News<\/title>\n<meta name=\"description\" content=\"Od poniedzia\u0142ku (17 czerwca), wykonawca prac na ul. S\u0142owia\u0144skiej, planuje wprowadzi\u0107 zmiany w czasowej organizacji ruchu. W celu umo\u017cliwienia u\u0142\" \/>\n<meta name=\"robots\" content=\"index, follow, max-snippet:-1, max-image-preview:large, max-video-preview:-1\" \/>\n<link rel=\"canonical\" href=\"https:\/\/gorzow.news\/index.php\/2024\/06\/14\/od-poniedzialku-pojedziemy-polnocna-jezdnia-slowianskiej-do-konca-miesiaca-znow-fredry-bez-wjazdu\/\" \/>\n<meta property=\"og:locale\" content=\"pl_PL\" \/>\n<meta property=\"og:type\" content=\"article\" \/>\n<meta property=\"og:title\" content=\"Od poniedzia\u0142ku pojedziemy p\u00f3\u0142nocn\u0105 jezdni\u0105 S\u0142owia\u0144skiej! Do ko\u0144ca miesi\u0105ca zn\u00f3w Fredry bez wjazdu! - Gorz\u00f3w News\" \/>\n<meta property=\"og:description\" content=\"Od poniedzia\u0142ku (17 czerwca), wykonawca prac na ul. S\u0142owia\u0144skiej, planuje wprowadzi\u0107 zmiany w czasowej organizacji ruchu. W celu umo\u017cliwienia u\u0142\" \/>\n<meta property=\"og:url\" content=\"https:\/\/gorzow.news\/index.php\/2024\/06\/14\/od-poniedzialku-pojedziemy-polnocna-jezdnia-slowianskiej-do-konca-miesiaca-znow-fredry-bez-wjazdu\/\" \/>\n<meta property=\"og:site_name\" content=\"Gorz\u00f3w News\" \/>\n<meta property=\"article:publisher\" content=\"https:\/\/www.facebook.com\/gorzowskinews\" \/>\n<meta property=\"article:published_time\" content=\"2024-06-14T13:00:00+00:00\" \/>\n<meta property=\"article:modified_time\" content=\"2024-06-14T13:41:13+00:00\" \/>\n<meta property=\"og:image\" content=\"https:\/\/gorzow.news\/wp-content\/uploads\/2024\/06\/2.jpeg\" \/>\n\t<meta property=\"og:image:width\" content=\"2040\" \/>\n\t<meta property=\"og:image:height\" content=\"966\" \/>\n\t<meta property=\"og:image:type\" content=\"image\/jpeg\" \/>\n<meta name=\"author\" content=\"maciej\" \/>\n<meta name=\"twitter:card\" content=\"summary_large_image\" \/>\n<meta name=\"twitter:label1\" content=\"Napisane przez\" \/>\n\t<meta name=\"twitter:data1\" content=\"maciej\" \/>\n\t<meta name=\"twitter:label2\" content=\"Szacowany czas czytania\" \/>\n\t<meta name=\"twitter:data2\" content=\"1 minuta\" \/>\n<script type=\"application\/ld+json\" class=\"yoast-schema-graph\">{\"@context\":\"https:\\\/\\\/schema.org\",\"@graph\":[{\"@type\":\"Article\",\"@id\":\"https:\\\/\\\/gorzow.news\\\/index.php\\\/2024\\\/06\\\/14\\\/od-poniedzialku-pojedziemy-polnocna-jezdnia-slowianskiej-do-konca-miesiaca-znow-fredry-bez-wjazdu\\\/#article\",\"isPartOf\":{\"@id\":\"https:\\\/\\\/gorzow.news\\\/index.php\\\/2024\\\/06\\\/14\\\/od-poniedzialku-pojedziemy-polnocna-jezdnia-slowianskiej-do-konca-miesiaca-znow-fredry-bez-wjazdu\\\/\"},\"author\":{\"name\":\"maciej\",\"@id\":\"https:\\\/\\\/gorzow.news\\\/#\\\/schema\\\/person\\\/a1e5ab43166369f2ce236a1cd90995bb\"},\"headline\":\"Od poniedzia\u0142ku pojedziemy p\u00f3\u0142nocn\u0105 jezdni\u0105 S\u0142owia\u0144skiej! Do ko\u0144ca miesi\u0105ca zn\u00f3w Fredry bez wjazdu!\",\"datePublished\":\"2024-06-14T13:00:00+00:00\",\"dateModified\":\"2024-06-14T13:41:13+00:00\",\"mainEntityOfPage\":{\"@id\":\"https:\\\/\\\/gorzow.news\\\/index.php\\\/2024\\\/06\\\/14\\\/od-poniedzialku-pojedziemy-polnocna-jezdnia-slowianskiej-do-konca-miesiaca-znow-fredry-bez-wjazdu\\\/\"},\"wordCount\":176,\"commentCount\":0,\"image\":{\"@id\":\"https:\\\/\\\/gorzow.news\\\/index.php\\\/2024\\\/06\\\/14\\\/od-poniedzialku-pojedziemy-polnocna-jezdnia-slowianskiej-do-konca-miesiaca-znow-fredry-bez-wjazdu\\\/#primaryimage\"},\"thumbnailUrl\":\"https:\\\/\\\/gorzow.news\\\/wp-content\\\/uploads\\\/2024\\\/06\\\/2.jpeg\",\"keywords\":[\"Centrum Sportowo-Rehabilitacyjne S\u0142owianka\",\"Eurovia Polska\",\"Fredry\",\"S\u0142owia\u0144ska\"],\"articleSection\":[\"INFOulice\",\"Staszica\",\"Wiadomo\u015bci\"],\"inLanguage\":\"pl-PL\",\"potentialAction\":[{\"@type\":\"CommentAction\",\"name\":\"Comment\",\"target\":[\"https:\\\/\\\/gorzow.news\\\/index.php\\\/2024\\\/06\\\/14\\\/od-poniedzialku-pojedziemy-polnocna-jezdnia-slowianskiej-do-konca-miesiaca-znow-fredry-bez-wjazdu\\\/#respond\"]}]},{\"@type\":\"WebPage\",\"@id\":\"https:\\\/\\\/gorzow.news\\\/index.php\\\/2024\\\/06\\\/14\\\/od-poniedzialku-pojedziemy-polnocna-jezdnia-slowianskiej-do-konca-miesiaca-znow-fredry-bez-wjazdu\\\/\",\"url\":\"https:\\\/\\\/gorzow.news\\\/index.php\\\/2024\\\/06\\\/14\\\/od-poniedzialku-pojedziemy-polnocna-jezdnia-slowianskiej-do-konca-miesiaca-znow-fredry-bez-wjazdu\\\/\",\"name\":\"Od poniedzia\u0142ku pojedziemy p\u00f3\u0142nocn\u0105 jezdni\u0105 S\u0142owia\u0144skiej! Do ko\u0144ca miesi\u0105ca zn\u00f3w Fredry bez wjazdu! - Gorz\u00f3w News\",\"isPartOf\":{\"@id\":\"https:\\\/\\\/gorzow.news\\\/#website\"},\"primaryImageOfPage\":{\"@id\":\"https:\\\/\\\/gorzow.news\\\/index.php\\\/2024\\\/06\\\/14\\\/od-poniedzialku-pojedziemy-polnocna-jezdnia-slowianskiej-do-konca-miesiaca-znow-fredry-bez-wjazdu\\\/#primaryimage\"},\"image\":{\"@id\":\"https:\\\/\\\/gorzow.news\\\/index.php\\\/2024\\\/06\\\/14\\\/od-poniedzialku-pojedziemy-polnocna-jezdnia-slowianskiej-do-konca-miesiaca-znow-fredry-bez-wjazdu\\\/#primaryimage\"},\"thumbnailUrl\":\"https:\\\/\\\/gorzow.news\\\/wp-content\\\/uploads\\\/2024\\\/06\\\/2.jpeg\",\"datePublished\":\"2024-06-14T13:00:00+00:00\",\"dateModified\":\"2024-06-14T13:41:13+00:00\",\"author\":{\"@id\":\"https:\\\/\\\/gorzow.news\\\/#\\\/schema\\\/person\\\/a1e5ab43166369f2ce236a1cd90995bb\"},\"description\":\"Od poniedzia\u0142ku (17 czerwca), wykonawca prac na ul. S\u0142owia\u0144skiej, planuje wprowadzi\u0107 zmiany w czasowej organizacji ruchu. W celu umo\u017cliwienia u\u0142o\u017cenia warstwy \u015bcieralnej, po stronie ronda na kt\u00f3rej obecnie odbywa si\u0119 ruch, zostanie on prze\u0142o\u017cony na jezdni\u0119 p\u00f3\u0142nocn\u0105 ul. S\u0142owia\u0144skiej, tj. po stronie CSR \u201eS\u0142owianka\u201d. Ruch w obu kierunkach ul. S\u0142owia\u0144skiej zostanie utrzymany.\",\"breadcrumb\":{\"@id\":\"https:\\\/\\\/gorzow.news\\\/index.php\\\/2024\\\/06\\\/14\\\/od-poniedzialku-pojedziemy-polnocna-jezdnia-slowianskiej-do-konca-miesiaca-znow-fredry-bez-wjazdu\\\/#breadcrumb\"},\"inLanguage\":\"pl-PL\",\"potentialAction\":[{\"@type\":\"ReadAction\",\"target\":[\"https:\\\/\\\/gorzow.news\\\/index.php\\\/2024\\\/06\\\/14\\\/od-poniedzialku-pojedziemy-polnocna-jezdnia-slowianskiej-do-konca-miesiaca-znow-fredry-bez-wjazdu\\\/\"]}]},{\"@type\":\"ImageObject\",\"inLanguage\":\"pl-PL\",\"@id\":\"https:\\\/\\\/gorzow.news\\\/index.php\\\/2024\\\/06\\\/14\\\/od-poniedzialku-pojedziemy-polnocna-jezdnia-slowianskiej-do-konca-miesiaca-znow-fredry-bez-wjazdu\\\/#primaryimage\",\"url\":\"https:\\\/\\\/gorzow.news\\\/wp-content\\\/uploads\\\/2024\\\/06\\\/2.jpeg\",\"contentUrl\":\"https:\\\/\\\/gorzow.news\\\/wp-content\\\/uploads\\\/2024\\\/06\\\/2.jpeg\",\"width\":2040,\"height\":966,\"caption\":\"Zmiany w ruchu na S\u0142owia\u0144skiej ju\u017c od poniedzia\u0142ku. fot. GIM\"},{\"@type\":\"BreadcrumbList\",\"@id\":\"https:\\\/\\\/gorzow.news\\\/index.php\\\/2024\\\/06\\\/14\\\/od-poniedzialku-pojedziemy-polnocna-jezdnia-slowianskiej-do-konca-miesiaca-znow-fredry-bez-wjazdu\\\/#breadcrumb\",\"itemListElement\":[{\"@type\":\"ListItem\",\"position\":1,\"name\":\"Home\",\"item\":\"https:\\\/\\\/gorzow.news\\\/\"},{\"@type\":\"ListItem\",\"position\":2,\"name\":\"Od poniedzia\u0142ku pojedziemy p\u00f3\u0142nocn\u0105 jezdni\u0105 S\u0142owia\u0144skiej! Do ko\u0144ca miesi\u0105ca zn\u00f3w Fredry bez wjazdu!\"}]},{\"@type\":\"WebSite\",\"@id\":\"https:\\\/\\\/gorzow.news\\\/#website\",\"url\":\"https:\\\/\\\/gorzow.news\\\/\",\"name\":\"Gorz\u00f3w News\",\"description\":\"Sp\u00f3jrz inaczej na miato i region...\",\"potentialAction\":[{\"@type\":\"SearchAction\",\"target\":{\"@type\":\"EntryPoint\",\"urlTemplate\":\"https:\\\/\\\/gorzow.news\\\/?s={search_term_string}\"},\"query-input\":{\"@type\":\"PropertyValueSpecification\",\"valueRequired\":true,\"valueName\":\"search_term_string\"}}],\"inLanguage\":\"pl-PL\"},{\"@type\":\"Person\",\"@id\":\"https:\\\/\\\/gorzow.news\\\/#\\\/schema\\\/person\\\/a1e5ab43166369f2ce236a1cd90995bb\",\"name\":\"maciej\",\"image\":{\"@type\":\"ImageObject\",\"inLanguage\":\"pl-PL\",\"@id\":\"https:\\\/\\\/secure.gravatar.com\\\/avatar\\\/530a674d56ba60cfa0ef21d74e8e8d123a51bb7aa6580465b5c2ab2c2e980a19?s=96&r=g&d=https:\\\/\\\/gorzow.news\\\/wp-content\\\/plugins\\\/userswp\\\/assets\\\/images\\\/no_profile.png\",\"url\":\"https:\\\/\\\/secure.gravatar.com\\\/avatar\\\/530a674d56ba60cfa0ef21d74e8e8d123a51bb7aa6580465b5c2ab2c2e980a19?s=96&r=g&d=https:\\\/\\\/gorzow.news\\\/wp-content\\\/plugins\\\/userswp\\\/assets\\\/images\\\/no_profile.png\",\"contentUrl\":\"https:\\\/\\\/secure.gravatar.com\\\/avatar\\\/530a674d56ba60cfa0ef21d74e8e8d123a51bb7aa6580465b5c2ab2c2e980a19?s=96&r=g&d=https:\\\/\\\/gorzow.news\\\/wp-content\\\/plugins\\\/userswp\\\/assets\\\/images\\\/no_profile.png\",\"caption\":\"maciej\"},\"url\":\"https:\\\/\\\/gorzow.news\\\/index.php\\\/profile\\\/maciej\\\/\"}]}<\/script>\n<!-- \/ Yoast SEO plugin. -->","yoast_head_json":{"title":"Od poniedzia\u0142ku pojedziemy p\u00f3\u0142nocn\u0105 jezdni\u0105 S\u0142owia\u0144skiej! Do ko\u0144ca miesi\u0105ca zn\u00f3w Fredry bez wjazdu! - Gorz\u00f3w News","description":"Od poniedzia\u0142ku (17 czerwca), wykonawca prac na ul. S\u0142owia\u0144skiej, planuje wprowadzi\u0107 zmiany w czasowej organizacji ruchu. W celu umo\u017cliwienia u\u0142","robots":{"index":"index","follow":"follow","max-snippet":"max-snippet:-1","max-image-preview":"max-image-preview:large","max-video-preview":"max-video-preview:-1"},"canonical":"https:\/\/gorzow.news\/index.php\/2024\/06\/14\/od-poniedzialku-pojedziemy-polnocna-jezdnia-slowianskiej-do-konca-miesiaca-znow-fredry-bez-wjazdu\/","og_locale":"pl_PL","og_type":"article","og_title":"Od poniedzia\u0142ku pojedziemy p\u00f3\u0142nocn\u0105 jezdni\u0105 S\u0142owia\u0144skiej! Do ko\u0144ca miesi\u0105ca zn\u00f3w Fredry bez wjazdu! - Gorz\u00f3w News","og_description":"Od poniedzia\u0142ku (17 czerwca), wykonawca prac na ul. S\u0142owia\u0144skiej, planuje wprowadzi\u0107 zmiany w czasowej organizacji ruchu. W celu umo\u017cliwienia u\u0142","og_url":"https:\/\/gorzow.news\/index.php\/2024\/06\/14\/od-poniedzialku-pojedziemy-polnocna-jezdnia-slowianskiej-do-konca-miesiaca-znow-fredry-bez-wjazdu\/","og_site_name":"Gorz\u00f3w News","article_publisher":"https:\/\/www.facebook.com\/gorzowskinews","article_published_time":"2024-06-14T13:00:00+00:00","article_modified_time":"2024-06-14T13:41:13+00:00","og_image":[{"width":2040,"height":966,"url":"https:\/\/gorzow.news\/wp-content\/uploads\/2024\/06\/2.jpeg","type":"image\/jpeg"}],"author":"maciej","twitter_card":"summary_large_image","twitter_misc":{"Napisane przez":"maciej","Szacowany czas czytania":"1 minuta"},"schema":{"@context":"https:\/\/schema.org","@graph":[{"@type":"Article","@id":"https:\/\/gorzow.news\/index.php\/2024\/06\/14\/od-poniedzialku-pojedziemy-polnocna-jezdnia-slowianskiej-do-konca-miesiaca-znow-fredry-bez-wjazdu\/#article","isPartOf":{"@id":"https:\/\/gorzow.news\/index.php\/2024\/06\/14\/od-poniedzialku-pojedziemy-polnocna-jezdnia-slowianskiej-do-konca-miesiaca-znow-fredry-bez-wjazdu\/"},"author":{"name":"maciej","@id":"https:\/\/gorzow.news\/#\/schema\/person\/a1e5ab43166369f2ce236a1cd90995bb"},"headline":"Od poniedzia\u0142ku pojedziemy p\u00f3\u0142nocn\u0105 jezdni\u0105 S\u0142owia\u0144skiej! Do ko\u0144ca miesi\u0105ca zn\u00f3w Fredry bez wjazdu!","datePublished":"2024-06-14T13:00:00+00:00","dateModified":"2024-06-14T13:41:13+00:00","mainEntityOfPage":{"@id":"https:\/\/gorzow.news\/index.php\/2024\/06\/14\/od-poniedzialku-pojedziemy-polnocna-jezdnia-slowianskiej-do-konca-miesiaca-znow-fredry-bez-wjazdu\/"},"wordCount":176,"commentCount":0,"image":{"@id":"https:\/\/gorzow.news\/index.php\/2024\/06\/14\/od-poniedzialku-pojedziemy-polnocna-jezdnia-slowianskiej-do-konca-miesiaca-znow-fredry-bez-wjazdu\/#primaryimage"},"thumbnailUrl":"https:\/\/gorzow.news\/wp-content\/uploads\/2024\/06\/2.jpeg","keywords":["Centrum Sportowo-Rehabilitacyjne S\u0142owianka","Eurovia Polska","Fredry","S\u0142owia\u0144ska"],"articleSection":["INFOulice","Staszica","Wiadomo\u015bci"],"inLanguage":"pl-PL","potentialAction":[{"@type":"CommentAction","name":"Comment","target":["https:\/\/gorzow.news\/index.php\/2024\/06\/14\/od-poniedzialku-pojedziemy-polnocna-jezdnia-slowianskiej-do-konca-miesiaca-znow-fredry-bez-wjazdu\/#respond"]}]},{"@type":"WebPage","@id":"https:\/\/gorzow.news\/index.php\/2024\/06\/14\/od-poniedzialku-pojedziemy-polnocna-jezdnia-slowianskiej-do-konca-miesiaca-znow-fredry-bez-wjazdu\/","url":"https:\/\/gorzow.news\/index.php\/2024\/06\/14\/od-poniedzialku-pojedziemy-polnocna-jezdnia-slowianskiej-do-konca-miesiaca-znow-fredry-bez-wjazdu\/","name":"Od poniedzia\u0142ku pojedziemy p\u00f3\u0142nocn\u0105 jezdni\u0105 S\u0142owia\u0144skiej! Do ko\u0144ca miesi\u0105ca zn\u00f3w Fredry bez wjazdu! - Gorz\u00f3w News","isPartOf":{"@id":"https:\/\/gorzow.news\/#website"},"primaryImageOfPage":{"@id":"https:\/\/gorzow.news\/index.php\/2024\/06\/14\/od-poniedzialku-pojedziemy-polnocna-jezdnia-slowianskiej-do-konca-miesiaca-znow-fredry-bez-wjazdu\/#primaryimage"},"image":{"@id":"https:\/\/gorzow.news\/index.php\/2024\/06\/14\/od-poniedzialku-pojedziemy-polnocna-jezdnia-slowianskiej-do-konca-miesiaca-znow-fredry-bez-wjazdu\/#primaryimage"},"thumbnailUrl":"https:\/\/gorzow.news\/wp-content\/uploads\/2024\/06\/2.jpeg","datePublished":"2024-06-14T13:00:00+00:00","dateModified":"2024-06-14T13:41:13+00:00","author":{"@id":"https:\/\/gorzow.news\/#\/schema\/person\/a1e5ab43166369f2ce236a1cd90995bb"},"description":"Od poniedzia\u0142ku (17 czerwca), wykonawca prac na ul. S\u0142owia\u0144skiej, planuje wprowadzi\u0107 zmiany w czasowej organizacji ruchu. W celu umo\u017cliwienia u\u0142o\u017cenia warstwy \u015bcieralnej, po stronie ronda na kt\u00f3rej obecnie odbywa si\u0119 ruch, zostanie on prze\u0142o\u017cony na jezdni\u0119 p\u00f3\u0142nocn\u0105 ul. S\u0142owia\u0144skiej, tj. po stronie CSR \u201eS\u0142owianka\u201d. Ruch w obu kierunkach ul. S\u0142owia\u0144skiej zostanie utrzymany.","breadcrumb":{"@id":"https:\/\/gorzow.news\/index.php\/2024\/06\/14\/od-poniedzialku-pojedziemy-polnocna-jezdnia-slowianskiej-do-konca-miesiaca-znow-fredry-bez-wjazdu\/#breadcrumb"},"inLanguage":"pl-PL","potentialAction":[{"@type":"ReadAction","target":["https:\/\/gorzow.news\/index.php\/2024\/06\/14\/od-poniedzialku-pojedziemy-polnocna-jezdnia-slowianskiej-do-konca-miesiaca-znow-fredry-bez-wjazdu\/"]}]},{"@type":"ImageObject","inLanguage":"pl-PL","@id":"https:\/\/gorzow.news\/index.php\/2024\/06\/14\/od-poniedzialku-pojedziemy-polnocna-jezdnia-slowianskiej-do-konca-miesiaca-znow-fredry-bez-wjazdu\/#primaryimage","url":"https:\/\/gorzow.news\/wp-content\/uploads\/2024\/06\/2.jpeg","contentUrl":"https:\/\/gorzow.news\/wp-content\/uploads\/2024\/06\/2.jpeg","width":2040,"height":966,"caption":"Zmiany w ruchu na S\u0142owia\u0144skiej ju\u017c od poniedzia\u0142ku. fot. GIM"},{"@type":"BreadcrumbList","@id":"https:\/\/gorzow.news\/index.php\/2024\/06\/14\/od-poniedzialku-pojedziemy-polnocna-jezdnia-slowianskiej-do-konca-miesiaca-znow-fredry-bez-wjazdu\/#breadcrumb","itemListElement":[{"@type":"ListItem","position":1,"name":"Home","item":"https:\/\/gorzow.news\/"},{"@type":"ListItem","position":2,"name":"Od poniedzia\u0142ku pojedziemy p\u00f3\u0142nocn\u0105 jezdni\u0105 S\u0142owia\u0144skiej! Do ko\u0144ca miesi\u0105ca zn\u00f3w Fredry bez wjazdu!"}]},{"@type":"WebSite","@id":"https:\/\/gorzow.news\/#website","url":"https:\/\/gorzow.news\/","name":"Gorz\u00f3w News","description":"Sp\u00f3jrz inaczej na miato i region...","potentialAction":[{"@type":"SearchAction","target":{"@type":"EntryPoint","urlTemplate":"https:\/\/gorzow.news\/?s={search_term_string}"},"query-input":{"@type":"PropertyValueSpecification","valueRequired":true,"valueName":"search_term_string"}}],"inLanguage":"pl-PL"},{"@type":"Person","@id":"https:\/\/gorzow.news\/#\/schema\/person\/a1e5ab43166369f2ce236a1cd90995bb","name":"maciej","image":{"@type":"ImageObject","inLanguage":"pl-PL","@id":"https:\/\/secure.gravatar.com\/avatar\/530a674d56ba60cfa0ef21d74e8e8d123a51bb7aa6580465b5c2ab2c2e980a19?s=96&r=g&d=https:\/\/gorzow.news\/wp-content\/plugins\/userswp\/assets\/images\/no_profile.png","url":"https:\/\/secure.gravatar.com\/avatar\/530a674d56ba60cfa0ef21d74e8e8d123a51bb7aa6580465b5c2ab2c2e980a19?s=96&r=g&d=https:\/\/gorzow.news\/wp-content\/plugins\/userswp\/assets\/images\/no_profile.png","contentUrl":"https:\/\/secure.gravatar.com\/avatar\/530a674d56ba60cfa0ef21d74e8e8d123a51bb7aa6580465b5c2ab2c2e980a19?s=96&r=g&d=https:\/\/gorzow.news\/wp-content\/plugins\/userswp\/assets\/images\/no_profile.png","caption":"maciej"},"url":"https:\/\/gorzow.news\/index.php\/profile\/maciej\/"}]}},"_links":{"self":[{"href":"https:\/\/gorzow.news\/index.php\/wp-json\/wp\/v2\/posts\/22767","targetHints":{"allow":["GET"]}}],"collection":[{"href":"https:\/\/gorzow.news\/index.php\/wp-json\/wp\/v2\/posts"}],"about":[{"href":"https:\/\/gorzow.news\/index.php\/wp-json\/wp\/v2\/types\/post"}],"author":[{"embeddable":true,"href":"https:\/\/gorzow.news\/index.php\/wp-json\/wp\/v2\/users\/1"}],"replies":[{"embeddable":true,"href":"https:\/\/gorzow.news\/index.php\/wp-json\/wp\/v2\/comments?post=22767"}],"version-history":[{"count":1,"href":"https:\/\/gorzow.news\/index.php\/wp-json\/wp\/v2\/posts\/22767\/revisions"}],"predecessor-version":[{"id":22770,"href":"https:\/\/gorzow.news\/index.php\/wp-json\/wp\/v2\/posts\/22767\/revisions\/22770"}],"wp:featuredmedia":[{"embeddable":true,"href":"https:\/\/gorzow.news\/index.php\/wp-json\/wp\/v2\/media\/22769"}],"wp:attachment":[{"href":"https:\/\/gorzow.news\/index.php\/wp-json\/wp\/v2\/media?parent=22767"}],"wp:term":[{"taxonomy":"category","embeddable":true,"href":"https:\/\/gorzow.news\/index.php\/wp-json\/wp\/v2\/categories?post=22767"},{"taxonomy":"post_tag","embeddable":true,"href":"https:\/\/gorzow.news\/index.php\/wp-json\/wp\/v2\/tags?post=22767"}],"curies":[{"name":"wp","href":"https:\/\/api.w.org\/{rel}","templated":true}]}}