{"id":22490,"date":"2024-06-04T16:29:00","date_gmt":"2024-06-04T14:29:00","guid":{"rendered":"https:\/\/gorzow.news\/?p=22490"},"modified":"2024-06-04T16:37:23","modified_gmt":"2024-06-04T14:37:23","slug":"w-parku-handlowym-s1-w-sierpniu-otworzy-sie-xtreme-fitness-czym-sie-wyrozni","status":"publish","type":"post","link":"https:\/\/gorzow.news\/index.php\/2024\/06\/04\/w-parku-handlowym-s1-w-sierpniu-otworzy-sie-xtreme-fitness-czym-sie-wyrozni\/","title":{"rendered":"W parku handlowym S1 w sierpniu otworzy si\u0119 Xtreme Fitness! Czym si\u0119 wyr\u00f3\u017cni?"},"content":{"rendered":"\n<p><strong>Przebudowa pawilonu po Tesco na G\u00f3rczynie zako\u0144czy\u0142a si\u0119 w pa\u017adzierniku ubieg\u0142ego roku. To wtedy w powsta\u0142ym tu na ponad 10 tys. mkw. parku handlowym S1 zosta\u0142y otwarte pierwsze sklepy. Miesi\u0105c p\u00f3\u017aniej sw\u00f3j uruchomi\u0142 tutaj Carrefour. Teraz czas na klub fitness, a dok\u0142adnie Xtreme Fitness, kt\u00f3rego otwarcie zaplanowano na 22 sierpnia.<\/strong><\/p>\n\n\n\n<p>Sie\u0107 klub\u00f3w Xtreme Fitness ma ju\u017c 69. lokalizacji i jest najwi\u0119ksz\u0105 sieci\u0105 klub\u00f3w fitness w Polsce. Gorzowski Xtreme Fitness b\u0119dzie jednak pierwszym tej sieci w woj. lubuskim.<\/p>\n\n\n\n<p><strong>Co w ofercie ma Xtreme Fitness?<\/strong><\/p>\n\n\n\n<p><strong>Si\u0142ownia<\/strong> &#8211; najlepszej jako\u015bci maszyny, strefa wolnych ci\u0119\u017car\u00f3w, strefa maszyn si\u0142owych, wolnych i p\u00f3\u0142wolnych i strefa maszyn na po\u015bladki.<br><strong>Autorska strefa 10X<\/strong> &#8211; strefa zapewniaj\u0105ca nieograniczone mo\u017cliwo\u015bci treningowe, na ka\u017cdym poziomie zaawansowania. S\u0105 to zaj\u0119cia obwodowe wykonywane w formie HIIT wykorzystuj\u0105ce ca\u0142\u0105 gam\u0119 akcesori\u00f3w.<br><strong>Fitness<\/strong> &#8211; bogaty grafik zaj\u0119\u0107 fitness, zapisy online, telefonicznie lub w klubie.<br><strong>Aplikacja<\/strong> &#8211; wygodne wej\u015bcie do klubu, zapisy na zaj\u0119cia grupowe, gotowe plany treningowe i program punkt\u00f3w.<br><strong>Platforma VOD<\/strong> &#8211; ogromna baza film\u00f3w z \u0107wiczeniami, video porady na temat zdrowego trybu \u017cycia, treningi z gwiazdami fitness i plany \u017cywieniowe.<br><strong>Instruktor<\/strong> &#8211; darmowa opieka i porada trenerska podczas \u0107wicze\u0144 w klubie w zale\u017cno\u015bci od wybranego cz\u0142onkostw.<\/p>\n\n\n\n<figure class=\"wp-block-video\"><video controls poster=\"https:\/\/gorzow.news\/wp-content\/uploads\/2024\/06\/x1.jpg\" preload=\"auto\" src=\"https:\/\/gorzow.news\/pliki\/xtreme1.mp4\"><\/video><\/figure>\n\n\n\n<p><strong><br>Czym jeszcze wyr\u00f3\u017cnia si\u0119 Xtreme Fitness?<\/strong><\/p>\n\n\n\n<p>W cenie karnetu ka\u017cdy ma jednorazow\u0105 godzinn\u0105 konsultacj\u0119 trenersk\u0105. Ka\u017cdy wi\u0119c wie, jak zacz\u0105\u0107 swoj\u0105 przygod\u0119 na si\u0142owni. Zaj\u0119cia fitness s\u0105 w cenie karnetu &#8211; nie ma \u017cadnych dodatkowych koszt\u00f3w. Karnet pozwala na wej\u015bcie ze znajomym trzy lub pi\u0119\u0107 razy w miesi\u0105cu! Karnet mo\u017cna dwa lub trzy razy zamrozi\u0107 w okresie 12 miesi\u0119cy bez dodatkowych koszt\u00f3w! W zale\u017cno\u015bci od wybranego karnetu przys\u0142uguje rabat w wysoko\u015bci 15 lub 25 proc. na zakupy w recepcji. Podobnie mo\u017cna skorzysta\u0107 jednej godziny treningu personalnego co trzy lub sze\u015b\u0107 miesi\u0119cy.<\/p>\n\n\n\n<p>W gorzowskim Xtreme Fitness honorowane b\u0119d\u0105 karty FitSport, FitProfit, Multisport, Medicover Sport i PZU Sport.<\/p>\n\n\n\n<p>Ruszy\u0142y zapisy pozwalaj\u0105ce zakup karnet\u00f3w z poka\u017anym rabatem! Zapisa\u0107 mo\u017cna si\u0119 <strong><a href=\"https:\/\/gorzow.xfg.pl\/\">tutaj<\/a><\/strong>. Ceny ju\u017c nigdy nie b\u0119d\u0105 tak niskie!<\/p>\n\n\n\n<figure class=\"wp-block-video\"><video controls poster=\"https:\/\/gorzow.news\/wp-content\/uploads\/2024\/06\/x1.jpg\" src=\"https:\/\/gorzow.news\/pliki\/xtreme2.mp4\"><\/video><\/figure>\n","protected":false},"excerpt":{"rendered":"<p>Przebudowa pawilonu po Tesco na G\u00f3rczynie zako\u0144czy\u0142a si\u0119 w pa\u017adzierniku ubieg\u0142ego roku. To wtedy w powsta\u0142ym tu na ponad 10 tys. mkw. parku handlowym S1 zosta\u0142y otwarte pierwsze sklepy. Miesi\u0105c p\u00f3\u017aniej sw\u00f3j uruchomi\u0142 tutaj Carrefour. Teraz czas na klub fitness, a dok\u0142adnie Xtreme Fitness, kt\u00f3rego otwarcie zaplanowano na 22 sierpnia. Sie\u0107 klub\u00f3w Xtreme Fitness ma [&hellip;]<\/p>\n","protected":false},"author":1,"featured_media":22491,"comment_status":"open","ping_status":"open","sticky":false,"template":"","format":"standard","meta":{"footnotes":"","_links_to":"","_links_to_target":""},"categories":[2016,1624,589],"tags":[112,1524,111,2956],"class_list":{"0":"post-22490","1":"post","2":"type-post","3":"status-publish","4":"format-standard","5":"has-post-thumbnail","7":"category-gorczyn","8":"category-inwestycje-handlowe","9":"category-wiadomosci","10":"tag-gorczynska","11":"tag-s1-gorzow","12":"tag-tesco","13":"tag-xtreme-fitness"},"yoast_head":"<!-- This site is optimized with the Yoast SEO plugin v27.3 - https:\/\/yoast.com\/product\/yoast-seo-wordpress\/ -->\n<title>W parku handlowym S1 w sierpniu otworzy si\u0119 Xtreme Fitness! Czym si\u0119 wyr\u00f3\u017cni? - Gorz\u00f3w News<\/title>\n<meta name=\"description\" content=\"Przebudowa pawilonu po Tesco na G\u00f3rczynie zako\u0144czy\u0142a si\u0119 w pa\u017adzierniku ubieg\u0142ego roku. To wtedy w powsta\u0142ym tu na ponad 10 tys. mkw. parku han\" \/>\n<meta name=\"robots\" content=\"index, follow, max-snippet:-1, max-image-preview:large, max-video-preview:-1\" \/>\n<link rel=\"canonical\" href=\"https:\/\/gorzow.news\/index.php\/2024\/06\/04\/w-parku-handlowym-s1-w-sierpniu-otworzy-sie-xtreme-fitness-czym-sie-wyrozni\/\" \/>\n<meta property=\"og:locale\" content=\"pl_PL\" \/>\n<meta property=\"og:type\" content=\"article\" \/>\n<meta property=\"og:title\" content=\"W parku handlowym S1 w sierpniu otworzy si\u0119 Xtreme Fitness! Czym si\u0119 wyr\u00f3\u017cni? - Gorz\u00f3w News\" \/>\n<meta property=\"og:description\" content=\"Przebudowa pawilonu po Tesco na G\u00f3rczynie zako\u0144czy\u0142a si\u0119 w pa\u017adzierniku ubieg\u0142ego roku. To wtedy w powsta\u0142ym tu na ponad 10 tys. mkw. parku han\" \/>\n<meta property=\"og:url\" content=\"https:\/\/gorzow.news\/index.php\/2024\/06\/04\/w-parku-handlowym-s1-w-sierpniu-otworzy-sie-xtreme-fitness-czym-sie-wyrozni\/\" \/>\n<meta property=\"og:site_name\" content=\"Gorz\u00f3w News\" \/>\n<meta property=\"article:publisher\" content=\"https:\/\/www.facebook.com\/gorzowskinews\" \/>\n<meta property=\"article:published_time\" content=\"2024-06-04T14:29:00+00:00\" \/>\n<meta property=\"article:modified_time\" content=\"2024-06-04T14:37:23+00:00\" \/>\n<meta property=\"og:image\" content=\"https:\/\/gorzow.news\/wp-content\/uploads\/2024\/06\/IMG_20240603_165027292-kopia.jpg\" \/>\n\t<meta property=\"og:image:width\" content=\"1600\" \/>\n\t<meta property=\"og:image:height\" content=\"720\" \/>\n\t<meta property=\"og:image:type\" content=\"image\/jpeg\" \/>\n<meta name=\"author\" content=\"maciej\" \/>\n<meta name=\"twitter:card\" content=\"summary_large_image\" \/>\n<meta name=\"twitter:label1\" content=\"Napisane przez\" \/>\n\t<meta name=\"twitter:data1\" content=\"maciej\" \/>\n\t<meta name=\"twitter:label2\" content=\"Szacowany czas czytania\" \/>\n\t<meta name=\"twitter:data2\" content=\"3 minuty\" \/>\n<script type=\"application\/ld+json\" class=\"yoast-schema-graph\">{\"@context\":\"https:\\\/\\\/schema.org\",\"@graph\":[{\"@type\":\"Article\",\"@id\":\"https:\\\/\\\/gorzow.news\\\/index.php\\\/2024\\\/06\\\/04\\\/w-parku-handlowym-s1-w-sierpniu-otworzy-sie-xtreme-fitness-czym-sie-wyrozni\\\/#article\",\"isPartOf\":{\"@id\":\"https:\\\/\\\/gorzow.news\\\/index.php\\\/2024\\\/06\\\/04\\\/w-parku-handlowym-s1-w-sierpniu-otworzy-sie-xtreme-fitness-czym-sie-wyrozni\\\/\"},\"author\":{\"name\":\"maciej\",\"@id\":\"https:\\\/\\\/gorzow.news\\\/#\\\/schema\\\/person\\\/a1e5ab43166369f2ce236a1cd90995bb\"},\"headline\":\"W parku handlowym S1 w sierpniu otworzy si\u0119 Xtreme Fitness! Czym si\u0119 wyr\u00f3\u017cni?\",\"datePublished\":\"2024-06-04T14:29:00+00:00\",\"dateModified\":\"2024-06-04T14:37:23+00:00\",\"mainEntityOfPage\":{\"@id\":\"https:\\\/\\\/gorzow.news\\\/index.php\\\/2024\\\/06\\\/04\\\/w-parku-handlowym-s1-w-sierpniu-otworzy-sie-xtreme-fitness-czym-sie-wyrozni\\\/\"},\"wordCount\":388,\"commentCount\":0,\"image\":{\"@id\":\"https:\\\/\\\/gorzow.news\\\/index.php\\\/2024\\\/06\\\/04\\\/w-parku-handlowym-s1-w-sierpniu-otworzy-sie-xtreme-fitness-czym-sie-wyrozni\\\/#primaryimage\"},\"thumbnailUrl\":\"https:\\\/\\\/gorzow.news\\\/wp-content\\\/uploads\\\/2024\\\/06\\\/IMG_20240603_165027292-kopia.jpg\",\"keywords\":[\"G\u00f3rczy\u0144ska\",\"S1 Gorz\u00f3w\",\"Tesco\",\"Xtreme Fitness\"],\"articleSection\":[\"G\u00f3rczyn\",\"Inwestycje handlowe\",\"Wiadomo\u015bci\"],\"inLanguage\":\"pl-PL\",\"potentialAction\":[{\"@type\":\"CommentAction\",\"name\":\"Comment\",\"target\":[\"https:\\\/\\\/gorzow.news\\\/index.php\\\/2024\\\/06\\\/04\\\/w-parku-handlowym-s1-w-sierpniu-otworzy-sie-xtreme-fitness-czym-sie-wyrozni\\\/#respond\"]}]},{\"@type\":\"WebPage\",\"@id\":\"https:\\\/\\\/gorzow.news\\\/index.php\\\/2024\\\/06\\\/04\\\/w-parku-handlowym-s1-w-sierpniu-otworzy-sie-xtreme-fitness-czym-sie-wyrozni\\\/\",\"url\":\"https:\\\/\\\/gorzow.news\\\/index.php\\\/2024\\\/06\\\/04\\\/w-parku-handlowym-s1-w-sierpniu-otworzy-sie-xtreme-fitness-czym-sie-wyrozni\\\/\",\"name\":\"W parku handlowym S1 w sierpniu otworzy si\u0119 Xtreme Fitness! Czym si\u0119 wyr\u00f3\u017cni? - Gorz\u00f3w News\",\"isPartOf\":{\"@id\":\"https:\\\/\\\/gorzow.news\\\/#website\"},\"primaryImageOfPage\":{\"@id\":\"https:\\\/\\\/gorzow.news\\\/index.php\\\/2024\\\/06\\\/04\\\/w-parku-handlowym-s1-w-sierpniu-otworzy-sie-xtreme-fitness-czym-sie-wyrozni\\\/#primaryimage\"},\"image\":{\"@id\":\"https:\\\/\\\/gorzow.news\\\/index.php\\\/2024\\\/06\\\/04\\\/w-parku-handlowym-s1-w-sierpniu-otworzy-sie-xtreme-fitness-czym-sie-wyrozni\\\/#primaryimage\"},\"thumbnailUrl\":\"https:\\\/\\\/gorzow.news\\\/wp-content\\\/uploads\\\/2024\\\/06\\\/IMG_20240603_165027292-kopia.jpg\",\"datePublished\":\"2024-06-04T14:29:00+00:00\",\"dateModified\":\"2024-06-04T14:37:23+00:00\",\"author\":{\"@id\":\"https:\\\/\\\/gorzow.news\\\/#\\\/schema\\\/person\\\/a1e5ab43166369f2ce236a1cd90995bb\"},\"description\":\"Przebudowa pawilonu po Tesco na G\u00f3rczynie zako\u0144czy\u0142a si\u0119 w pa\u017adzierniku ubieg\u0142ego roku. To wtedy w powsta\u0142ym tu na ponad 10 tys. mkw. parku handlowym S1 zosta\u0142y otwarte pierwsze sklepy. Miesi\u0105c p\u00f3\u017aniej sw\u00f3j uruchomi\u0142 tutaj Carrefour. Teraz czas na klub fitness, a dok\u0142adnie Xtreme Fitness, kt\u00f3rego otwarcie zaplanowano na 22 sierpnia.\",\"breadcrumb\":{\"@id\":\"https:\\\/\\\/gorzow.news\\\/index.php\\\/2024\\\/06\\\/04\\\/w-parku-handlowym-s1-w-sierpniu-otworzy-sie-xtreme-fitness-czym-sie-wyrozni\\\/#breadcrumb\"},\"inLanguage\":\"pl-PL\",\"potentialAction\":[{\"@type\":\"ReadAction\",\"target\":[\"https:\\\/\\\/gorzow.news\\\/index.php\\\/2024\\\/06\\\/04\\\/w-parku-handlowym-s1-w-sierpniu-otworzy-sie-xtreme-fitness-czym-sie-wyrozni\\\/\"]}]},{\"@type\":\"ImageObject\",\"inLanguage\":\"pl-PL\",\"@id\":\"https:\\\/\\\/gorzow.news\\\/index.php\\\/2024\\\/06\\\/04\\\/w-parku-handlowym-s1-w-sierpniu-otworzy-sie-xtreme-fitness-czym-sie-wyrozni\\\/#primaryimage\",\"url\":\"https:\\\/\\\/gorzow.news\\\/wp-content\\\/uploads\\\/2024\\\/06\\\/IMG_20240603_165027292-kopia.jpg\",\"contentUrl\":\"https:\\\/\\\/gorzow.news\\\/wp-content\\\/uploads\\\/2024\\\/06\\\/IMG_20240603_165027292-kopia.jpg\",\"width\":1600,\"height\":720,\"caption\":\"Ju\u017c 22 sierpnia w parku handlowym S1 Gorz\u00f3w przy ul. G\u00f3rczy\u0144skiej otwarty zostanie klub Xtreme Fitness.\"},{\"@type\":\"BreadcrumbList\",\"@id\":\"https:\\\/\\\/gorzow.news\\\/index.php\\\/2024\\\/06\\\/04\\\/w-parku-handlowym-s1-w-sierpniu-otworzy-sie-xtreme-fitness-czym-sie-wyrozni\\\/#breadcrumb\",\"itemListElement\":[{\"@type\":\"ListItem\",\"position\":1,\"name\":\"Home\",\"item\":\"https:\\\/\\\/gorzow.news\\\/\"},{\"@type\":\"ListItem\",\"position\":2,\"name\":\"W parku handlowym S1 w sierpniu otworzy si\u0119 Xtreme Fitness! Czym si\u0119 wyr\u00f3\u017cni?\"}]},{\"@type\":\"WebSite\",\"@id\":\"https:\\\/\\\/gorzow.news\\\/#website\",\"url\":\"https:\\\/\\\/gorzow.news\\\/\",\"name\":\"Gorz\u00f3w News\",\"description\":\"Sp\u00f3jrz inaczej na miato i region...\",\"potentialAction\":[{\"@type\":\"SearchAction\",\"target\":{\"@type\":\"EntryPoint\",\"urlTemplate\":\"https:\\\/\\\/gorzow.news\\\/?s={search_term_string}\"},\"query-input\":{\"@type\":\"PropertyValueSpecification\",\"valueRequired\":true,\"valueName\":\"search_term_string\"}}],\"inLanguage\":\"pl-PL\"},{\"@type\":\"Person\",\"@id\":\"https:\\\/\\\/gorzow.news\\\/#\\\/schema\\\/person\\\/a1e5ab43166369f2ce236a1cd90995bb\",\"name\":\"maciej\",\"image\":{\"@type\":\"ImageObject\",\"inLanguage\":\"pl-PL\",\"@id\":\"https:\\\/\\\/secure.gravatar.com\\\/avatar\\\/530a674d56ba60cfa0ef21d74e8e8d123a51bb7aa6580465b5c2ab2c2e980a19?s=96&r=g&d=https:\\\/\\\/gorzow.news\\\/wp-content\\\/plugins\\\/userswp\\\/assets\\\/images\\\/no_profile.png\",\"url\":\"https:\\\/\\\/secure.gravatar.com\\\/avatar\\\/530a674d56ba60cfa0ef21d74e8e8d123a51bb7aa6580465b5c2ab2c2e980a19?s=96&r=g&d=https:\\\/\\\/gorzow.news\\\/wp-content\\\/plugins\\\/userswp\\\/assets\\\/images\\\/no_profile.png\",\"contentUrl\":\"https:\\\/\\\/secure.gravatar.com\\\/avatar\\\/530a674d56ba60cfa0ef21d74e8e8d123a51bb7aa6580465b5c2ab2c2e980a19?s=96&r=g&d=https:\\\/\\\/gorzow.news\\\/wp-content\\\/plugins\\\/userswp\\\/assets\\\/images\\\/no_profile.png\",\"caption\":\"maciej\"},\"url\":\"https:\\\/\\\/gorzow.news\\\/index.php\\\/profile\\\/maciej\\\/\"}]}<\/script>\n<!-- \/ Yoast SEO plugin. -->","yoast_head_json":{"title":"W parku handlowym S1 w sierpniu otworzy si\u0119 Xtreme Fitness! Czym si\u0119 wyr\u00f3\u017cni? - Gorz\u00f3w News","description":"Przebudowa pawilonu po Tesco na G\u00f3rczynie zako\u0144czy\u0142a si\u0119 w pa\u017adzierniku ubieg\u0142ego roku. To wtedy w powsta\u0142ym tu na ponad 10 tys. mkw. parku han","robots":{"index":"index","follow":"follow","max-snippet":"max-snippet:-1","max-image-preview":"max-image-preview:large","max-video-preview":"max-video-preview:-1"},"canonical":"https:\/\/gorzow.news\/index.php\/2024\/06\/04\/w-parku-handlowym-s1-w-sierpniu-otworzy-sie-xtreme-fitness-czym-sie-wyrozni\/","og_locale":"pl_PL","og_type":"article","og_title":"W parku handlowym S1 w sierpniu otworzy si\u0119 Xtreme Fitness! Czym si\u0119 wyr\u00f3\u017cni? - Gorz\u00f3w News","og_description":"Przebudowa pawilonu po Tesco na G\u00f3rczynie zako\u0144czy\u0142a si\u0119 w pa\u017adzierniku ubieg\u0142ego roku. To wtedy w powsta\u0142ym tu na ponad 10 tys. mkw. parku han","og_url":"https:\/\/gorzow.news\/index.php\/2024\/06\/04\/w-parku-handlowym-s1-w-sierpniu-otworzy-sie-xtreme-fitness-czym-sie-wyrozni\/","og_site_name":"Gorz\u00f3w News","article_publisher":"https:\/\/www.facebook.com\/gorzowskinews","article_published_time":"2024-06-04T14:29:00+00:00","article_modified_time":"2024-06-04T14:37:23+00:00","og_image":[{"width":1600,"height":720,"url":"https:\/\/gorzow.news\/wp-content\/uploads\/2024\/06\/IMG_20240603_165027292-kopia.jpg","type":"image\/jpeg"}],"author":"maciej","twitter_card":"summary_large_image","twitter_misc":{"Napisane przez":"maciej","Szacowany czas czytania":"3 minuty"},"schema":{"@context":"https:\/\/schema.org","@graph":[{"@type":"Article","@id":"https:\/\/gorzow.news\/index.php\/2024\/06\/04\/w-parku-handlowym-s1-w-sierpniu-otworzy-sie-xtreme-fitness-czym-sie-wyrozni\/#article","isPartOf":{"@id":"https:\/\/gorzow.news\/index.php\/2024\/06\/04\/w-parku-handlowym-s1-w-sierpniu-otworzy-sie-xtreme-fitness-czym-sie-wyrozni\/"},"author":{"name":"maciej","@id":"https:\/\/gorzow.news\/#\/schema\/person\/a1e5ab43166369f2ce236a1cd90995bb"},"headline":"W parku handlowym S1 w sierpniu otworzy si\u0119 Xtreme Fitness! Czym si\u0119 wyr\u00f3\u017cni?","datePublished":"2024-06-04T14:29:00+00:00","dateModified":"2024-06-04T14:37:23+00:00","mainEntityOfPage":{"@id":"https:\/\/gorzow.news\/index.php\/2024\/06\/04\/w-parku-handlowym-s1-w-sierpniu-otworzy-sie-xtreme-fitness-czym-sie-wyrozni\/"},"wordCount":388,"commentCount":0,"image":{"@id":"https:\/\/gorzow.news\/index.php\/2024\/06\/04\/w-parku-handlowym-s1-w-sierpniu-otworzy-sie-xtreme-fitness-czym-sie-wyrozni\/#primaryimage"},"thumbnailUrl":"https:\/\/gorzow.news\/wp-content\/uploads\/2024\/06\/IMG_20240603_165027292-kopia.jpg","keywords":["G\u00f3rczy\u0144ska","S1 Gorz\u00f3w","Tesco","Xtreme Fitness"],"articleSection":["G\u00f3rczyn","Inwestycje handlowe","Wiadomo\u015bci"],"inLanguage":"pl-PL","potentialAction":[{"@type":"CommentAction","name":"Comment","target":["https:\/\/gorzow.news\/index.php\/2024\/06\/04\/w-parku-handlowym-s1-w-sierpniu-otworzy-sie-xtreme-fitness-czym-sie-wyrozni\/#respond"]}]},{"@type":"WebPage","@id":"https:\/\/gorzow.news\/index.php\/2024\/06\/04\/w-parku-handlowym-s1-w-sierpniu-otworzy-sie-xtreme-fitness-czym-sie-wyrozni\/","url":"https:\/\/gorzow.news\/index.php\/2024\/06\/04\/w-parku-handlowym-s1-w-sierpniu-otworzy-sie-xtreme-fitness-czym-sie-wyrozni\/","name":"W parku handlowym S1 w sierpniu otworzy si\u0119 Xtreme Fitness! Czym si\u0119 wyr\u00f3\u017cni? - Gorz\u00f3w News","isPartOf":{"@id":"https:\/\/gorzow.news\/#website"},"primaryImageOfPage":{"@id":"https:\/\/gorzow.news\/index.php\/2024\/06\/04\/w-parku-handlowym-s1-w-sierpniu-otworzy-sie-xtreme-fitness-czym-sie-wyrozni\/#primaryimage"},"image":{"@id":"https:\/\/gorzow.news\/index.php\/2024\/06\/04\/w-parku-handlowym-s1-w-sierpniu-otworzy-sie-xtreme-fitness-czym-sie-wyrozni\/#primaryimage"},"thumbnailUrl":"https:\/\/gorzow.news\/wp-content\/uploads\/2024\/06\/IMG_20240603_165027292-kopia.jpg","datePublished":"2024-06-04T14:29:00+00:00","dateModified":"2024-06-04T14:37:23+00:00","author":{"@id":"https:\/\/gorzow.news\/#\/schema\/person\/a1e5ab43166369f2ce236a1cd90995bb"},"description":"Przebudowa pawilonu po Tesco na G\u00f3rczynie zako\u0144czy\u0142a si\u0119 w pa\u017adzierniku ubieg\u0142ego roku. To wtedy w powsta\u0142ym tu na ponad 10 tys. mkw. parku handlowym S1 zosta\u0142y otwarte pierwsze sklepy. Miesi\u0105c p\u00f3\u017aniej sw\u00f3j uruchomi\u0142 tutaj Carrefour. Teraz czas na klub fitness, a dok\u0142adnie Xtreme Fitness, kt\u00f3rego otwarcie zaplanowano na 22 sierpnia.","breadcrumb":{"@id":"https:\/\/gorzow.news\/index.php\/2024\/06\/04\/w-parku-handlowym-s1-w-sierpniu-otworzy-sie-xtreme-fitness-czym-sie-wyrozni\/#breadcrumb"},"inLanguage":"pl-PL","potentialAction":[{"@type":"ReadAction","target":["https:\/\/gorzow.news\/index.php\/2024\/06\/04\/w-parku-handlowym-s1-w-sierpniu-otworzy-sie-xtreme-fitness-czym-sie-wyrozni\/"]}]},{"@type":"ImageObject","inLanguage":"pl-PL","@id":"https:\/\/gorzow.news\/index.php\/2024\/06\/04\/w-parku-handlowym-s1-w-sierpniu-otworzy-sie-xtreme-fitness-czym-sie-wyrozni\/#primaryimage","url":"https:\/\/gorzow.news\/wp-content\/uploads\/2024\/06\/IMG_20240603_165027292-kopia.jpg","contentUrl":"https:\/\/gorzow.news\/wp-content\/uploads\/2024\/06\/IMG_20240603_165027292-kopia.jpg","width":1600,"height":720,"caption":"Ju\u017c 22 sierpnia w parku handlowym S1 Gorz\u00f3w przy ul. G\u00f3rczy\u0144skiej otwarty zostanie klub Xtreme Fitness."},{"@type":"BreadcrumbList","@id":"https:\/\/gorzow.news\/index.php\/2024\/06\/04\/w-parku-handlowym-s1-w-sierpniu-otworzy-sie-xtreme-fitness-czym-sie-wyrozni\/#breadcrumb","itemListElement":[{"@type":"ListItem","position":1,"name":"Home","item":"https:\/\/gorzow.news\/"},{"@type":"ListItem","position":2,"name":"W parku handlowym S1 w sierpniu otworzy si\u0119 Xtreme Fitness! Czym si\u0119 wyr\u00f3\u017cni?"}]},{"@type":"WebSite","@id":"https:\/\/gorzow.news\/#website","url":"https:\/\/gorzow.news\/","name":"Gorz\u00f3w News","description":"Sp\u00f3jrz inaczej na miato i region...","potentialAction":[{"@type":"SearchAction","target":{"@type":"EntryPoint","urlTemplate":"https:\/\/gorzow.news\/?s={search_term_string}"},"query-input":{"@type":"PropertyValueSpecification","valueRequired":true,"valueName":"search_term_string"}}],"inLanguage":"pl-PL"},{"@type":"Person","@id":"https:\/\/gorzow.news\/#\/schema\/person\/a1e5ab43166369f2ce236a1cd90995bb","name":"maciej","image":{"@type":"ImageObject","inLanguage":"pl-PL","@id":"https:\/\/secure.gravatar.com\/avatar\/530a674d56ba60cfa0ef21d74e8e8d123a51bb7aa6580465b5c2ab2c2e980a19?s=96&r=g&d=https:\/\/gorzow.news\/wp-content\/plugins\/userswp\/assets\/images\/no_profile.png","url":"https:\/\/secure.gravatar.com\/avatar\/530a674d56ba60cfa0ef21d74e8e8d123a51bb7aa6580465b5c2ab2c2e980a19?s=96&r=g&d=https:\/\/gorzow.news\/wp-content\/plugins\/userswp\/assets\/images\/no_profile.png","contentUrl":"https:\/\/secure.gravatar.com\/avatar\/530a674d56ba60cfa0ef21d74e8e8d123a51bb7aa6580465b5c2ab2c2e980a19?s=96&r=g&d=https:\/\/gorzow.news\/wp-content\/plugins\/userswp\/assets\/images\/no_profile.png","caption":"maciej"},"url":"https:\/\/gorzow.news\/index.php\/profile\/maciej\/"}]}},"_links":{"self":[{"href":"https:\/\/gorzow.news\/index.php\/wp-json\/wp\/v2\/posts\/22490","targetHints":{"allow":["GET"]}}],"collection":[{"href":"https:\/\/gorzow.news\/index.php\/wp-json\/wp\/v2\/posts"}],"about":[{"href":"https:\/\/gorzow.news\/index.php\/wp-json\/wp\/v2\/types\/post"}],"author":[{"embeddable":true,"href":"https:\/\/gorzow.news\/index.php\/wp-json\/wp\/v2\/users\/1"}],"replies":[{"embeddable":true,"href":"https:\/\/gorzow.news\/index.php\/wp-json\/wp\/v2\/comments?post=22490"}],"version-history":[{"count":8,"href":"https:\/\/gorzow.news\/index.php\/wp-json\/wp\/v2\/posts\/22490\/revisions"}],"predecessor-version":[{"id":22510,"href":"https:\/\/gorzow.news\/index.php\/wp-json\/wp\/v2\/posts\/22490\/revisions\/22510"}],"wp:featuredmedia":[{"embeddable":true,"href":"https:\/\/gorzow.news\/index.php\/wp-json\/wp\/v2\/media\/22491"}],"wp:attachment":[{"href":"https:\/\/gorzow.news\/index.php\/wp-json\/wp\/v2\/media?parent=22490"}],"wp:term":[{"taxonomy":"category","embeddable":true,"href":"https:\/\/gorzow.news\/index.php\/wp-json\/wp\/v2\/categories?post=22490"},{"taxonomy":"post_tag","embeddable":true,"href":"https:\/\/gorzow.news\/index.php\/wp-json\/wp\/v2\/tags?post=22490"}],"curies":[{"name":"wp","href":"https:\/\/api.w.org\/{rel}","templated":true}]}}