{"id":22474,"date":"2024-06-03T14:10:38","date_gmt":"2024-06-03T12:10:38","guid":{"rendered":"https:\/\/gorzow.news\/?p=22474"},"modified":"2024-06-03T14:10:40","modified_gmt":"2024-06-03T12:10:40","slug":"rondo-przy-slowianskiej-i-fredry-buduja-od-16-miesiecy-tymczasem-kibole-juz-zaznaczyli-swoja-obecnosc","status":"publish","type":"post","link":"https:\/\/gorzow.news\/index.php\/2024\/06\/03\/rondo-przy-slowianskiej-i-fredry-buduja-od-16-miesiecy-tymczasem-kibole-juz-zaznaczyli-swoja-obecnosc\/","title":{"rendered":"Rondo przy S\u0142owia\u0144skiej i Fredry buduj\u0105 od 16 miesi\u0119cy! Tymczasem kibole ju\u017c zaznaczyli swoj\u0105 obecno\u015b\u0107\u2026"},"content":{"rendered":"\n<p><strong>Budowa ronda na skrzy\u017cowaniu ul. S\u0142owia\u0144skiej i Fredry powinna otrzyma\u0107 nagrod\u0119 za najd\u0142u\u017cej przebudowywane skrzy\u017cowanie! Prace przygotowawcze do budowy ronda ruszy\u0142y\u2026 w lutym 2023 roku! To wtedy wyci\u0119to koliduj\u0105ce z inwestycj\u0105 drzewa i zacz\u0119to niwelowanie skarpy. Dwa miesi\u0105ce p\u00f3\u017aniej na plac budowy wesz\u0142a firma Eurovia Polska, kt\u00f3ra do dzi\u015b buduje rondo, kt\u00f3re mia\u0142o by\u0107 gotowe w ubieg\u0142ym roku. Po \u015bci\u0119ciu skarpy wybudowano specjalny mur oporowy z gotowych element\u00f3w betonowych i to w\u0142a\u015bnie na nim ju\u017c ponad dwa miesi\u0105ce temu pojawi\u0142y si\u0119 pierwsze napisy kibic\u00f3w, te w ostatnim czasie zosta\u0142y poprawione przez inna grup\u0119 kibic\u00f3w. &#8211; Taki mural przy S\u0142owiance a raczej obok powstaj\u0105cego ronda &#8211; podpisa\u0142 wrzucone w sieci zdj\u0119cie Patryk Ka. Pod postem w mediach spo\u0142eczno\u015bciowych pojawi\u0142o si\u0119 sporo komentarzy domagaj\u0105cych si\u0119 w tym miejscu prawdziwego muralu. Nam si\u0119 ten pomys\u0142 podoba!<\/strong><\/p>\n\n\n\n<p>&#8211; Oby miasto pomy\u015bla\u0142o (o zgrozo, czego wymagam), by tam zaprosi\u0107 jaki\u015b ch\u0142opak\u00f3w z talentem, zap\u0142aci\u0107 by pomalowali jakie\u015b fajne bazgro\u0142y, mo\u017ce z nawi\u0105zaniem do obiekt\u00f3w obok jak lodowisko, basen, hala &#8211; napisa\u0142 w komentarzu <strong>Dawid Jonas<\/strong>.<\/p>\n\n\n\n<p>&#8211; Jedyne sensowne rozwi\u0105zanie &#8211; odpowiedzia\u0142 <strong>Wojciech \u015awi\u0105tkiewicz<\/strong>.<\/p>\n\n\n\n<p>Do tematu muralu w tym miejscu zosta\u0142a wywo\u0142ana ARToteka, kt\u00f3ra odpowiada za Filary Sztuki, czyli murale wykonane na filarach mostu Lubuskiego przy ul. Wa\u0142 Okr\u0119\u017cny. Na pytanie, czy mogliby co\u015b tu namalowa\u0107 odpowiedziano: &#8211; Oczywi\u015bcie mogliby\u015bmy.<\/p>\n\n\n\n<p>O jednym trzeba jednak pami\u0119ta\u0107, \u017ce profesjonalne wykonanie muralu o takich rozmiarach to koszt od kilku do kilkunastu tysi\u0119cy z\u0142otych. I nikt prywatnie tego nie zrobi. Trzeba wi\u0119c albo postara\u0107 si\u0119 o sponsor\u00f3w, albo znale\u017a\u0107 finansowanie miejskie cho\u0107by z bud\u017cetu obywatelskiego. Wys\u0142ali\u015bmy pytanie o mo\u017cliwo\u015bci, jakie ma Urz\u0105d Miasta w tej sprawie. Jak tylko otrzymamy odpowied\u017a, to wr\u00f3cimy do tematu.<\/p>\n\n\n\n<p>Tymczasem sp\u00f3\u0142ka Gorzowskie Inwestycje Miejskie informuje, \u017ce trwa uk\u0142adanie ostatniej &#8211; \u015bcieralnej warstwy asfaltu (wida\u0107 to na kr\u00f3tkim filmie poni\u017cej). O zgrozo napisano, \u017ce prace s\u0105 wykonywane zgodnie z planem. Szkoda, \u017ce przynajmniej p\u00f3\u0142 roku po terminie!<\/p>\n\n\n\n<figure class=\"wp-block-video\"><video controls src=\"https:\/\/gorzow.news\/pliki\/rondo_slowianska-warstwa-scieralna.mp4\"><\/video><\/figure>\n","protected":false},"excerpt":{"rendered":"<p>Budowa ronda na skrzy\u017cowaniu ul. S\u0142owia\u0144skiej i Fredry powinna otrzyma\u0107 nagrod\u0119 za najd\u0142u\u017cej przebudowywane skrzy\u017cowanie! Prace przygotowawcze do budowy ronda ruszy\u0142y\u2026 w lutym 2023 roku! To wtedy wyci\u0119to koliduj\u0105ce z inwestycj\u0105 drzewa i zacz\u0119to niwelowanie skarpy. Dwa miesi\u0105ce p\u00f3\u017aniej na plac budowy wesz\u0142a firma Eurovia Polska, kt\u00f3ra do dzi\u015b buduje rondo, kt\u00f3re mia\u0142o by\u0107 gotowe [&hellip;]<\/p>\n","protected":false},"author":1,"featured_media":22475,"comment_status":"open","ping_status":"open","sticky":false,"template":"","format":"standard","meta":{"footnotes":"","_links_to":"","_links_to_target":""},"categories":[597,594,2012,589],"tags":[2953,2952,464,2951,92],"class_list":{"0":"post-22474","1":"post","2":"type-post","3":"status-publish","4":"format-standard","5":"has-post-thumbnail","7":"category-fakty-opinie","8":"category-info-ulice","9":"category-staszica","10":"category-wiadomosci","11":"tag-artoteka","12":"tag-filary-sztuki","13":"tag-fredry","14":"tag-mural","15":"tag-slowianska"},"yoast_head":"<!-- This site is optimized with the Yoast SEO plugin v27.3 - https:\/\/yoast.com\/product\/yoast-seo-wordpress\/ -->\n<title>Rondo przy S\u0142owia\u0144skiej i Fredry buduj\u0105 od 16 miesi\u0119cy! Tymczasem kibole ju\u017c zaznaczyli swoj\u0105 obecno\u015b\u0107\u2026 - Gorz\u00f3w News<\/title>\n<meta name=\"robots\" content=\"index, follow, max-snippet:-1, max-image-preview:large, max-video-preview:-1\" \/>\n<link rel=\"canonical\" href=\"https:\/\/gorzow.news\/index.php\/2024\/06\/03\/rondo-przy-slowianskiej-i-fredry-buduja-od-16-miesiecy-tymczasem-kibole-juz-zaznaczyli-swoja-obecnosc\/\" \/>\n<meta property=\"og:locale\" content=\"pl_PL\" \/>\n<meta property=\"og:type\" content=\"article\" \/>\n<meta property=\"og:title\" content=\"Rondo przy S\u0142owia\u0144skiej i Fredry buduj\u0105 od 16 miesi\u0119cy! Tymczasem kibole ju\u017c zaznaczyli swoj\u0105 obecno\u015b\u0107\u2026 - Gorz\u00f3w News\" \/>\n<meta property=\"og:description\" content=\"Budowa ronda na skrzy\u017cowaniu ul. S\u0142owia\u0144skiej i Fredry powinna otrzyma\u0107 nagrod\u0119 za najd\u0142u\u017cej przebudowywane skrzy\u017cowanie! Prace przygotowawcze\" \/>\n<meta property=\"og:url\" content=\"https:\/\/gorzow.news\/index.php\/2024\/06\/03\/rondo-przy-slowianskiej-i-fredry-buduja-od-16-miesiecy-tymczasem-kibole-juz-zaznaczyli-swoja-obecnosc\/\" \/>\n<meta property=\"og:site_name\" content=\"Gorz\u00f3w News\" \/>\n<meta property=\"article:publisher\" content=\"https:\/\/www.facebook.com\/gorzowskinews\" \/>\n<meta property=\"article:published_time\" content=\"2024-06-03T12:10:38+00:00\" \/>\n<meta property=\"article:modified_time\" content=\"2024-06-03T12:10:40+00:00\" \/>\n<meta property=\"og:image\" content=\"https:\/\/gorzow.news\/wp-content\/uploads\/2024\/06\/447689290_348954891543109_2518413787841564273_n.jpg\" \/>\n\t<meta property=\"og:image:width\" content=\"1153\" \/>\n\t<meta property=\"og:image:height\" content=\"545\" \/>\n\t<meta property=\"og:image:type\" content=\"image\/jpeg\" \/>\n<meta name=\"author\" content=\"maciej\" \/>\n<meta name=\"twitter:card\" content=\"summary_large_image\" \/>\n<meta name=\"twitter:label1\" content=\"Napisane przez\" \/>\n\t<meta name=\"twitter:data1\" content=\"maciej\" \/>\n\t<meta name=\"twitter:label2\" content=\"Szacowany czas czytania\" \/>\n\t<meta name=\"twitter:data2\" content=\"3 minuty\" \/>\n<script type=\"application\/ld+json\" class=\"yoast-schema-graph\">{\"@context\":\"https:\\\/\\\/schema.org\",\"@graph\":[{\"@type\":\"Article\",\"@id\":\"https:\\\/\\\/gorzow.news\\\/index.php\\\/2024\\\/06\\\/03\\\/rondo-przy-slowianskiej-i-fredry-buduja-od-16-miesiecy-tymczasem-kibole-juz-zaznaczyli-swoja-obecnosc\\\/#article\",\"isPartOf\":{\"@id\":\"https:\\\/\\\/gorzow.news\\\/index.php\\\/2024\\\/06\\\/03\\\/rondo-przy-slowianskiej-i-fredry-buduja-od-16-miesiecy-tymczasem-kibole-juz-zaznaczyli-swoja-obecnosc\\\/\"},\"author\":{\"name\":\"maciej\",\"@id\":\"https:\\\/\\\/gorzow.news\\\/#\\\/schema\\\/person\\\/a1e5ab43166369f2ce236a1cd90995bb\"},\"headline\":\"Rondo przy S\u0142owia\u0144skiej i Fredry buduj\u0105 od 16 miesi\u0119cy! Tymczasem kibole ju\u017c zaznaczyli swoj\u0105 obecno\u015b\u0107\u2026\",\"datePublished\":\"2024-06-03T12:10:38+00:00\",\"dateModified\":\"2024-06-03T12:10:40+00:00\",\"mainEntityOfPage\":{\"@id\":\"https:\\\/\\\/gorzow.news\\\/index.php\\\/2024\\\/06\\\/03\\\/rondo-przy-slowianskiej-i-fredry-buduja-od-16-miesiecy-tymczasem-kibole-juz-zaznaczyli-swoja-obecnosc\\\/\"},\"wordCount\":394,\"commentCount\":0,\"image\":{\"@id\":\"https:\\\/\\\/gorzow.news\\\/index.php\\\/2024\\\/06\\\/03\\\/rondo-przy-slowianskiej-i-fredry-buduja-od-16-miesiecy-tymczasem-kibole-juz-zaznaczyli-swoja-obecnosc\\\/#primaryimage\"},\"thumbnailUrl\":\"https:\\\/\\\/gorzow.news\\\/wp-content\\\/uploads\\\/2024\\\/06\\\/447689290_348954891543109_2518413787841564273_n.jpg\",\"keywords\":[\"ARToteka\",\"Filary Sztuki\",\"Fredry\",\"mural\",\"S\u0142owia\u0144ska\"],\"articleSection\":[\"Fakty i opinie\",\"INFOulice\",\"Staszica\",\"Wiadomo\u015bci\"],\"inLanguage\":\"pl-PL\",\"potentialAction\":[{\"@type\":\"CommentAction\",\"name\":\"Comment\",\"target\":[\"https:\\\/\\\/gorzow.news\\\/index.php\\\/2024\\\/06\\\/03\\\/rondo-przy-slowianskiej-i-fredry-buduja-od-16-miesiecy-tymczasem-kibole-juz-zaznaczyli-swoja-obecnosc\\\/#respond\"]}]},{\"@type\":\"WebPage\",\"@id\":\"https:\\\/\\\/gorzow.news\\\/index.php\\\/2024\\\/06\\\/03\\\/rondo-przy-slowianskiej-i-fredry-buduja-od-16-miesiecy-tymczasem-kibole-juz-zaznaczyli-swoja-obecnosc\\\/\",\"url\":\"https:\\\/\\\/gorzow.news\\\/index.php\\\/2024\\\/06\\\/03\\\/rondo-przy-slowianskiej-i-fredry-buduja-od-16-miesiecy-tymczasem-kibole-juz-zaznaczyli-swoja-obecnosc\\\/\",\"name\":\"Rondo przy S\u0142owia\u0144skiej i Fredry buduj\u0105 od 16 miesi\u0119cy! Tymczasem kibole ju\u017c zaznaczyli swoj\u0105 obecno\u015b\u0107\u2026 - Gorz\u00f3w News\",\"isPartOf\":{\"@id\":\"https:\\\/\\\/gorzow.news\\\/#website\"},\"primaryImageOfPage\":{\"@id\":\"https:\\\/\\\/gorzow.news\\\/index.php\\\/2024\\\/06\\\/03\\\/rondo-przy-slowianskiej-i-fredry-buduja-od-16-miesiecy-tymczasem-kibole-juz-zaznaczyli-swoja-obecnosc\\\/#primaryimage\"},\"image\":{\"@id\":\"https:\\\/\\\/gorzow.news\\\/index.php\\\/2024\\\/06\\\/03\\\/rondo-przy-slowianskiej-i-fredry-buduja-od-16-miesiecy-tymczasem-kibole-juz-zaznaczyli-swoja-obecnosc\\\/#primaryimage\"},\"thumbnailUrl\":\"https:\\\/\\\/gorzow.news\\\/wp-content\\\/uploads\\\/2024\\\/06\\\/447689290_348954891543109_2518413787841564273_n.jpg\",\"datePublished\":\"2024-06-03T12:10:38+00:00\",\"dateModified\":\"2024-06-03T12:10:40+00:00\",\"author\":{\"@id\":\"https:\\\/\\\/gorzow.news\\\/#\\\/schema\\\/person\\\/a1e5ab43166369f2ce236a1cd90995bb\"},\"breadcrumb\":{\"@id\":\"https:\\\/\\\/gorzow.news\\\/index.php\\\/2024\\\/06\\\/03\\\/rondo-przy-slowianskiej-i-fredry-buduja-od-16-miesiecy-tymczasem-kibole-juz-zaznaczyli-swoja-obecnosc\\\/#breadcrumb\"},\"inLanguage\":\"pl-PL\",\"potentialAction\":[{\"@type\":\"ReadAction\",\"target\":[\"https:\\\/\\\/gorzow.news\\\/index.php\\\/2024\\\/06\\\/03\\\/rondo-przy-slowianskiej-i-fredry-buduja-od-16-miesiecy-tymczasem-kibole-juz-zaznaczyli-swoja-obecnosc\\\/\"]}]},{\"@type\":\"ImageObject\",\"inLanguage\":\"pl-PL\",\"@id\":\"https:\\\/\\\/gorzow.news\\\/index.php\\\/2024\\\/06\\\/03\\\/rondo-przy-slowianskiej-i-fredry-buduja-od-16-miesiecy-tymczasem-kibole-juz-zaznaczyli-swoja-obecnosc\\\/#primaryimage\",\"url\":\"https:\\\/\\\/gorzow.news\\\/wp-content\\\/uploads\\\/2024\\\/06\\\/447689290_348954891543109_2518413787841564273_n.jpg\",\"contentUrl\":\"https:\\\/\\\/gorzow.news\\\/wp-content\\\/uploads\\\/2024\\\/06\\\/447689290_348954891543109_2518413787841564273_n.jpg\",\"width\":1153,\"height\":545,\"caption\":\"Tak od kilku miesi\u0119cy wygl\u0105da mur oporowy przy budowanym od 16. miesi\u0119cy rondzie przy lodowisku S\u0142owianki. fot. Patryk Ka \\\/ Fb\"},{\"@type\":\"BreadcrumbList\",\"@id\":\"https:\\\/\\\/gorzow.news\\\/index.php\\\/2024\\\/06\\\/03\\\/rondo-przy-slowianskiej-i-fredry-buduja-od-16-miesiecy-tymczasem-kibole-juz-zaznaczyli-swoja-obecnosc\\\/#breadcrumb\",\"itemListElement\":[{\"@type\":\"ListItem\",\"position\":1,\"name\":\"Home\",\"item\":\"https:\\\/\\\/gorzow.news\\\/\"},{\"@type\":\"ListItem\",\"position\":2,\"name\":\"Rondo przy S\u0142owia\u0144skiej i Fredry buduj\u0105 od 16 miesi\u0119cy! Tymczasem kibole ju\u017c zaznaczyli swoj\u0105 obecno\u015b\u0107\u2026\"}]},{\"@type\":\"WebSite\",\"@id\":\"https:\\\/\\\/gorzow.news\\\/#website\",\"url\":\"https:\\\/\\\/gorzow.news\\\/\",\"name\":\"Gorz\u00f3w News\",\"description\":\"Sp\u00f3jrz inaczej na miato i region...\",\"potentialAction\":[{\"@type\":\"SearchAction\",\"target\":{\"@type\":\"EntryPoint\",\"urlTemplate\":\"https:\\\/\\\/gorzow.news\\\/?s={search_term_string}\"},\"query-input\":{\"@type\":\"PropertyValueSpecification\",\"valueRequired\":true,\"valueName\":\"search_term_string\"}}],\"inLanguage\":\"pl-PL\"},{\"@type\":\"Person\",\"@id\":\"https:\\\/\\\/gorzow.news\\\/#\\\/schema\\\/person\\\/a1e5ab43166369f2ce236a1cd90995bb\",\"name\":\"maciej\",\"image\":{\"@type\":\"ImageObject\",\"inLanguage\":\"pl-PL\",\"@id\":\"https:\\\/\\\/secure.gravatar.com\\\/avatar\\\/530a674d56ba60cfa0ef21d74e8e8d123a51bb7aa6580465b5c2ab2c2e980a19?s=96&r=g&d=https:\\\/\\\/gorzow.news\\\/wp-content\\\/plugins\\\/userswp\\\/assets\\\/images\\\/no_profile.png\",\"url\":\"https:\\\/\\\/secure.gravatar.com\\\/avatar\\\/530a674d56ba60cfa0ef21d74e8e8d123a51bb7aa6580465b5c2ab2c2e980a19?s=96&r=g&d=https:\\\/\\\/gorzow.news\\\/wp-content\\\/plugins\\\/userswp\\\/assets\\\/images\\\/no_profile.png\",\"contentUrl\":\"https:\\\/\\\/secure.gravatar.com\\\/avatar\\\/530a674d56ba60cfa0ef21d74e8e8d123a51bb7aa6580465b5c2ab2c2e980a19?s=96&r=g&d=https:\\\/\\\/gorzow.news\\\/wp-content\\\/plugins\\\/userswp\\\/assets\\\/images\\\/no_profile.png\",\"caption\":\"maciej\"},\"url\":\"https:\\\/\\\/gorzow.news\\\/index.php\\\/profile\\\/maciej\\\/\"}]}<\/script>\n<!-- \/ Yoast SEO plugin. -->","yoast_head_json":{"title":"Rondo przy S\u0142owia\u0144skiej i Fredry buduj\u0105 od 16 miesi\u0119cy! Tymczasem kibole ju\u017c zaznaczyli swoj\u0105 obecno\u015b\u0107\u2026 - Gorz\u00f3w News","robots":{"index":"index","follow":"follow","max-snippet":"max-snippet:-1","max-image-preview":"max-image-preview:large","max-video-preview":"max-video-preview:-1"},"canonical":"https:\/\/gorzow.news\/index.php\/2024\/06\/03\/rondo-przy-slowianskiej-i-fredry-buduja-od-16-miesiecy-tymczasem-kibole-juz-zaznaczyli-swoja-obecnosc\/","og_locale":"pl_PL","og_type":"article","og_title":"Rondo przy S\u0142owia\u0144skiej i Fredry buduj\u0105 od 16 miesi\u0119cy! Tymczasem kibole ju\u017c zaznaczyli swoj\u0105 obecno\u015b\u0107\u2026 - Gorz\u00f3w News","og_description":"Budowa ronda na skrzy\u017cowaniu ul. S\u0142owia\u0144skiej i Fredry powinna otrzyma\u0107 nagrod\u0119 za najd\u0142u\u017cej przebudowywane skrzy\u017cowanie! Prace przygotowawcze","og_url":"https:\/\/gorzow.news\/index.php\/2024\/06\/03\/rondo-przy-slowianskiej-i-fredry-buduja-od-16-miesiecy-tymczasem-kibole-juz-zaznaczyli-swoja-obecnosc\/","og_site_name":"Gorz\u00f3w News","article_publisher":"https:\/\/www.facebook.com\/gorzowskinews","article_published_time":"2024-06-03T12:10:38+00:00","article_modified_time":"2024-06-03T12:10:40+00:00","og_image":[{"width":1153,"height":545,"url":"https:\/\/gorzow.news\/wp-content\/uploads\/2024\/06\/447689290_348954891543109_2518413787841564273_n.jpg","type":"image\/jpeg"}],"author":"maciej","twitter_card":"summary_large_image","twitter_misc":{"Napisane przez":"maciej","Szacowany czas czytania":"3 minuty"},"schema":{"@context":"https:\/\/schema.org","@graph":[{"@type":"Article","@id":"https:\/\/gorzow.news\/index.php\/2024\/06\/03\/rondo-przy-slowianskiej-i-fredry-buduja-od-16-miesiecy-tymczasem-kibole-juz-zaznaczyli-swoja-obecnosc\/#article","isPartOf":{"@id":"https:\/\/gorzow.news\/index.php\/2024\/06\/03\/rondo-przy-slowianskiej-i-fredry-buduja-od-16-miesiecy-tymczasem-kibole-juz-zaznaczyli-swoja-obecnosc\/"},"author":{"name":"maciej","@id":"https:\/\/gorzow.news\/#\/schema\/person\/a1e5ab43166369f2ce236a1cd90995bb"},"headline":"Rondo przy S\u0142owia\u0144skiej i Fredry buduj\u0105 od 16 miesi\u0119cy! Tymczasem kibole ju\u017c zaznaczyli swoj\u0105 obecno\u015b\u0107\u2026","datePublished":"2024-06-03T12:10:38+00:00","dateModified":"2024-06-03T12:10:40+00:00","mainEntityOfPage":{"@id":"https:\/\/gorzow.news\/index.php\/2024\/06\/03\/rondo-przy-slowianskiej-i-fredry-buduja-od-16-miesiecy-tymczasem-kibole-juz-zaznaczyli-swoja-obecnosc\/"},"wordCount":394,"commentCount":0,"image":{"@id":"https:\/\/gorzow.news\/index.php\/2024\/06\/03\/rondo-przy-slowianskiej-i-fredry-buduja-od-16-miesiecy-tymczasem-kibole-juz-zaznaczyli-swoja-obecnosc\/#primaryimage"},"thumbnailUrl":"https:\/\/gorzow.news\/wp-content\/uploads\/2024\/06\/447689290_348954891543109_2518413787841564273_n.jpg","keywords":["ARToteka","Filary Sztuki","Fredry","mural","S\u0142owia\u0144ska"],"articleSection":["Fakty i opinie","INFOulice","Staszica","Wiadomo\u015bci"],"inLanguage":"pl-PL","potentialAction":[{"@type":"CommentAction","name":"Comment","target":["https:\/\/gorzow.news\/index.php\/2024\/06\/03\/rondo-przy-slowianskiej-i-fredry-buduja-od-16-miesiecy-tymczasem-kibole-juz-zaznaczyli-swoja-obecnosc\/#respond"]}]},{"@type":"WebPage","@id":"https:\/\/gorzow.news\/index.php\/2024\/06\/03\/rondo-przy-slowianskiej-i-fredry-buduja-od-16-miesiecy-tymczasem-kibole-juz-zaznaczyli-swoja-obecnosc\/","url":"https:\/\/gorzow.news\/index.php\/2024\/06\/03\/rondo-przy-slowianskiej-i-fredry-buduja-od-16-miesiecy-tymczasem-kibole-juz-zaznaczyli-swoja-obecnosc\/","name":"Rondo przy S\u0142owia\u0144skiej i Fredry buduj\u0105 od 16 miesi\u0119cy! Tymczasem kibole ju\u017c zaznaczyli swoj\u0105 obecno\u015b\u0107\u2026 - Gorz\u00f3w News","isPartOf":{"@id":"https:\/\/gorzow.news\/#website"},"primaryImageOfPage":{"@id":"https:\/\/gorzow.news\/index.php\/2024\/06\/03\/rondo-przy-slowianskiej-i-fredry-buduja-od-16-miesiecy-tymczasem-kibole-juz-zaznaczyli-swoja-obecnosc\/#primaryimage"},"image":{"@id":"https:\/\/gorzow.news\/index.php\/2024\/06\/03\/rondo-przy-slowianskiej-i-fredry-buduja-od-16-miesiecy-tymczasem-kibole-juz-zaznaczyli-swoja-obecnosc\/#primaryimage"},"thumbnailUrl":"https:\/\/gorzow.news\/wp-content\/uploads\/2024\/06\/447689290_348954891543109_2518413787841564273_n.jpg","datePublished":"2024-06-03T12:10:38+00:00","dateModified":"2024-06-03T12:10:40+00:00","author":{"@id":"https:\/\/gorzow.news\/#\/schema\/person\/a1e5ab43166369f2ce236a1cd90995bb"},"breadcrumb":{"@id":"https:\/\/gorzow.news\/index.php\/2024\/06\/03\/rondo-przy-slowianskiej-i-fredry-buduja-od-16-miesiecy-tymczasem-kibole-juz-zaznaczyli-swoja-obecnosc\/#breadcrumb"},"inLanguage":"pl-PL","potentialAction":[{"@type":"ReadAction","target":["https:\/\/gorzow.news\/index.php\/2024\/06\/03\/rondo-przy-slowianskiej-i-fredry-buduja-od-16-miesiecy-tymczasem-kibole-juz-zaznaczyli-swoja-obecnosc\/"]}]},{"@type":"ImageObject","inLanguage":"pl-PL","@id":"https:\/\/gorzow.news\/index.php\/2024\/06\/03\/rondo-przy-slowianskiej-i-fredry-buduja-od-16-miesiecy-tymczasem-kibole-juz-zaznaczyli-swoja-obecnosc\/#primaryimage","url":"https:\/\/gorzow.news\/wp-content\/uploads\/2024\/06\/447689290_348954891543109_2518413787841564273_n.jpg","contentUrl":"https:\/\/gorzow.news\/wp-content\/uploads\/2024\/06\/447689290_348954891543109_2518413787841564273_n.jpg","width":1153,"height":545,"caption":"Tak od kilku miesi\u0119cy wygl\u0105da mur oporowy przy budowanym od 16. miesi\u0119cy rondzie przy lodowisku S\u0142owianki. fot. Patryk Ka \/ Fb"},{"@type":"BreadcrumbList","@id":"https:\/\/gorzow.news\/index.php\/2024\/06\/03\/rondo-przy-slowianskiej-i-fredry-buduja-od-16-miesiecy-tymczasem-kibole-juz-zaznaczyli-swoja-obecnosc\/#breadcrumb","itemListElement":[{"@type":"ListItem","position":1,"name":"Home","item":"https:\/\/gorzow.news\/"},{"@type":"ListItem","position":2,"name":"Rondo przy S\u0142owia\u0144skiej i Fredry buduj\u0105 od 16 miesi\u0119cy! Tymczasem kibole ju\u017c zaznaczyli swoj\u0105 obecno\u015b\u0107\u2026"}]},{"@type":"WebSite","@id":"https:\/\/gorzow.news\/#website","url":"https:\/\/gorzow.news\/","name":"Gorz\u00f3w News","description":"Sp\u00f3jrz inaczej na miato i region...","potentialAction":[{"@type":"SearchAction","target":{"@type":"EntryPoint","urlTemplate":"https:\/\/gorzow.news\/?s={search_term_string}"},"query-input":{"@type":"PropertyValueSpecification","valueRequired":true,"valueName":"search_term_string"}}],"inLanguage":"pl-PL"},{"@type":"Person","@id":"https:\/\/gorzow.news\/#\/schema\/person\/a1e5ab43166369f2ce236a1cd90995bb","name":"maciej","image":{"@type":"ImageObject","inLanguage":"pl-PL","@id":"https:\/\/secure.gravatar.com\/avatar\/530a674d56ba60cfa0ef21d74e8e8d123a51bb7aa6580465b5c2ab2c2e980a19?s=96&r=g&d=https:\/\/gorzow.news\/wp-content\/plugins\/userswp\/assets\/images\/no_profile.png","url":"https:\/\/secure.gravatar.com\/avatar\/530a674d56ba60cfa0ef21d74e8e8d123a51bb7aa6580465b5c2ab2c2e980a19?s=96&r=g&d=https:\/\/gorzow.news\/wp-content\/plugins\/userswp\/assets\/images\/no_profile.png","contentUrl":"https:\/\/secure.gravatar.com\/avatar\/530a674d56ba60cfa0ef21d74e8e8d123a51bb7aa6580465b5c2ab2c2e980a19?s=96&r=g&d=https:\/\/gorzow.news\/wp-content\/plugins\/userswp\/assets\/images\/no_profile.png","caption":"maciej"},"url":"https:\/\/gorzow.news\/index.php\/profile\/maciej\/"}]}},"_links":{"self":[{"href":"https:\/\/gorzow.news\/index.php\/wp-json\/wp\/v2\/posts\/22474","targetHints":{"allow":["GET"]}}],"collection":[{"href":"https:\/\/gorzow.news\/index.php\/wp-json\/wp\/v2\/posts"}],"about":[{"href":"https:\/\/gorzow.news\/index.php\/wp-json\/wp\/v2\/types\/post"}],"author":[{"embeddable":true,"href":"https:\/\/gorzow.news\/index.php\/wp-json\/wp\/v2\/users\/1"}],"replies":[{"embeddable":true,"href":"https:\/\/gorzow.news\/index.php\/wp-json\/wp\/v2\/comments?post=22474"}],"version-history":[{"count":1,"href":"https:\/\/gorzow.news\/index.php\/wp-json\/wp\/v2\/posts\/22474\/revisions"}],"predecessor-version":[{"id":22476,"href":"https:\/\/gorzow.news\/index.php\/wp-json\/wp\/v2\/posts\/22474\/revisions\/22476"}],"wp:featuredmedia":[{"embeddable":true,"href":"https:\/\/gorzow.news\/index.php\/wp-json\/wp\/v2\/media\/22475"}],"wp:attachment":[{"href":"https:\/\/gorzow.news\/index.php\/wp-json\/wp\/v2\/media?parent=22474"}],"wp:term":[{"taxonomy":"category","embeddable":true,"href":"https:\/\/gorzow.news\/index.php\/wp-json\/wp\/v2\/categories?post=22474"},{"taxonomy":"post_tag","embeddable":true,"href":"https:\/\/gorzow.news\/index.php\/wp-json\/wp\/v2\/tags?post=22474"}],"curies":[{"name":"wp","href":"https:\/\/api.w.org\/{rel}","templated":true}]}}