{"id":2157,"date":"2021-07-20T10:39:43","date_gmt":"2021-07-20T08:39:43","guid":{"rendered":"https:\/\/gorzow.news\/?p=2157"},"modified":"2021-08-23T21:39:06","modified_gmt":"2021-08-23T19:39:06","slug":"klodawska-noc-rockowa-juz-w-ten-weekend","status":"publish","type":"post","link":"https:\/\/gorzow.news\/index.php\/2021\/07\/20\/klodawska-noc-rockowa-juz-w-ten-weekend\/","title":{"rendered":"K\u0142odawska Noc Rockowa ju\u017c w ten weekend!"},"content":{"rendered":"\n<p><strong>Po rocznej przerwie spowodowanej pandemi\u0105 wraca rockowy festiwal po\u0142\u0105czony ze zlotem starych samochod\u00f3w i motocykli. Festiwal odb\u0119dzie si\u0119 na b\u0142oniach przy jeziorze w K\u0142odawie od strony ul. Gorzowskiej.<\/strong><\/p>\n\n\n\n<p>Gmina K\u0142odawa i Gminny O\u015brodek Kultury zapraszaj\u0105 24 i 25 lipca do K\u0142odawy na K\u0142odawsk\u0105 Noc Rockow\u0105.<\/p>\n\n\n\n<p>W sobot\u0119 koncerty startuj\u0105 od godziny 16:00. Jako pierwsi wyst\u0105pi Kufajka Rencisty, 17:00 Motocover, 18:00 Wrony, 19:00 House of Death, 20:30 Transgresja i na zako\u0144czenie o 22:00 Closterkeller.<\/p>\n\n\n\n<center><script async=\"\" src=\"https:\/\/pagead2.googlesyndication.com\/pagead\/js\/adsbygoogle.js\"><\/script>\n<!-- Poziom tekst -->\n<ins class=\"adsbygoogle\" style=\"display:block\" data-ad-client=\"ca-pub-7212888352136558\" data-ad-slot=\"2857909428\" data-ad-format=\"auto\" data-full-width-responsive=\"true\"><\/ins>\n<script>\n     (adsbygoogle = window.adsbygoogle || []).push({});\n<\/script><\/center><br>\n\n\n\n<p>Niedziela muzycznie wystartuje o godz. 14:00 koncertem Landsberg Verein, 15:00 Czarny Mi\u015b, 16:00 Cannon Ball, 17:30 Blackend i na zako\u0144czenie festiwalu o godz. 19:00 \u0141ydka Grubasa.<\/p>\n\n\n\n<p>Wst\u0119p na teren festiwalu jest darmowy.<\/p>\n\n\n\n<figure class=\"wp-block-image size-large\"><img loading=\"lazy\" decoding=\"async\" width=\"722\" height=\"1024\" src=\"https:\/\/gorzow.news\/wp-content\/uploads\/2021\/07\/218922962_2916144568624031_1474437611337076375_n-722x1024.jpg\" alt=\"\" class=\"wp-image-2158\" srcset=\"https:\/\/gorzow.news\/wp-content\/uploads\/2021\/07\/218922962_2916144568624031_1474437611337076375_n-722x1024.jpg?v=1626770218 722w, https:\/\/gorzow.news\/wp-content\/uploads\/2021\/07\/218922962_2916144568624031_1474437611337076375_n-212x300.jpg?v=1626770218 212w, https:\/\/gorzow.news\/wp-content\/uploads\/2021\/07\/218922962_2916144568624031_1474437611337076375_n-768x1089.jpg?v=1626770218 768w, https:\/\/gorzow.news\/wp-content\/uploads\/2021\/07\/218922962_2916144568624031_1474437611337076375_n-1084x1536.jpg?v=1626770218 1084w, https:\/\/gorzow.news\/wp-content\/uploads\/2021\/07\/218922962_2916144568624031_1474437611337076375_n-696x986.jpg?v=1626770218 696w, https:\/\/gorzow.news\/wp-content\/uploads\/2021\/07\/218922962_2916144568624031_1474437611337076375_n-1068x1514.jpg?v=1626770218 1068w, https:\/\/gorzow.news\/wp-content\/uploads\/2021\/07\/218922962_2916144568624031_1474437611337076375_n.jpg?v=1626770218 1301w\" sizes=\"auto, (max-width: 722px) 100vw, 722px\" \/><\/figure>\n\n\n\n<center><script async=\"\" src=\"https:\/\/pagead2.googlesyndication.com\/pagead\/js\/adsbygoogle.js\"><\/script>\n<!-- Poziom tekst -->\n<ins class=\"adsbygoogle\" style=\"display:block\" data-ad-client=\"ca-pub-7212888352136558\" data-ad-slot=\"2857909428\" data-ad-format=\"auto\" data-full-width-responsive=\"true\"><\/ins>\n<script>\n     (adsbygoogle = window.adsbygoogle || []).push({});\n<\/script><\/center><br>\n\n\n\n<figure class=\"wp-block-image size-large\"><img loading=\"lazy\" decoding=\"async\" width=\"1024\" height=\"683\" src=\"https:\/\/gorzow.news\/wp-content\/uploads\/2021\/07\/img_0775-1024x683.jpg\" alt=\"\" class=\"wp-image-2159\" srcset=\"https:\/\/gorzow.news\/wp-content\/uploads\/2021\/07\/img_0775-1024x683.jpg?v=1626770223 1024w, https:\/\/gorzow.news\/wp-content\/uploads\/2021\/07\/img_0775-300x200.jpg?v=1626770223 300w, https:\/\/gorzow.news\/wp-content\/uploads\/2021\/07\/img_0775-768x512.jpg?v=1626770223 768w, https:\/\/gorzow.news\/wp-content\/uploads\/2021\/07\/img_0775-1536x1025.jpg?v=1626770223 1536w, https:\/\/gorzow.news\/wp-content\/uploads\/2021\/07\/img_0775-2048x1366.jpg?v=1626770223 2048w, https:\/\/gorzow.news\/wp-content\/uploads\/2021\/07\/img_0775-696x464.jpg?v=1626770223 696w, https:\/\/gorzow.news\/wp-content\/uploads\/2021\/07\/img_0775-1068x713.jpg?v=1626770223 1068w, https:\/\/gorzow.news\/wp-content\/uploads\/2021\/07\/img_0775-1920x1281.jpg?v=1626770223 1920w\" sizes=\"auto, (max-width: 1024px) 100vw, 1024px\" \/><\/figure>\n\n\n\n<figure class=\"wp-block-image size-large\"><img loading=\"lazy\" decoding=\"async\" width=\"1024\" height=\"683\" src=\"https:\/\/gorzow.news\/wp-content\/uploads\/2021\/07\/img_0801-1024x683.jpg\" alt=\"\" class=\"wp-image-2160\" srcset=\"https:\/\/gorzow.news\/wp-content\/uploads\/2021\/07\/img_0801-1024x683.jpg?v=1626770228 1024w, https:\/\/gorzow.news\/wp-content\/uploads\/2021\/07\/img_0801-300x200.jpg?v=1626770228 300w, https:\/\/gorzow.news\/wp-content\/uploads\/2021\/07\/img_0801-768x512.jpg?v=1626770228 768w, https:\/\/gorzow.news\/wp-content\/uploads\/2021\/07\/img_0801-1536x1024.jpg?v=1626770228 1536w, https:\/\/gorzow.news\/wp-content\/uploads\/2021\/07\/img_0801-2048x1366.jpg?v=1626770228 2048w, https:\/\/gorzow.news\/wp-content\/uploads\/2021\/07\/img_0801-696x464.jpg?v=1626770228 696w, https:\/\/gorzow.news\/wp-content\/uploads\/2021\/07\/img_0801-1068x712.jpg?v=1626770228 1068w, https:\/\/gorzow.news\/wp-content\/uploads\/2021\/07\/img_0801-1920x1281.jpg?v=1626770228 1920w\" sizes=\"auto, (max-width: 1024px) 100vw, 1024px\" \/><\/figure>\n\n\n\n<center><script async=\"\" src=\"https:\/\/pagead2.googlesyndication.com\/pagead\/js\/adsbygoogle.js\"><\/script>\n<!-- Poziom tekst -->\n<ins class=\"adsbygoogle\" style=\"display:block\" data-ad-client=\"ca-pub-7212888352136558\" data-ad-slot=\"2857909428\" data-ad-format=\"auto\" data-full-width-responsive=\"true\"><\/ins>\n<script>\n     (adsbygoogle = window.adsbygoogle || []).push({});\n<\/script><\/center><br>\n\n\n\n<figure class=\"wp-block-image size-large\"><img loading=\"lazy\" decoding=\"async\" width=\"1024\" height=\"683\" src=\"https:\/\/gorzow.news\/wp-content\/uploads\/2021\/07\/img_0805-1024x683.jpg\" alt=\"\" class=\"wp-image-2161\" srcset=\"https:\/\/gorzow.news\/wp-content\/uploads\/2021\/07\/img_0805-1024x683.jpg?v=1626770233 1024w, https:\/\/gorzow.news\/wp-content\/uploads\/2021\/07\/img_0805-300x200.jpg?v=1626770233 300w, https:\/\/gorzow.news\/wp-content\/uploads\/2021\/07\/img_0805-768x512.jpg?v=1626770233 768w, https:\/\/gorzow.news\/wp-content\/uploads\/2021\/07\/img_0805-1536x1024.jpg?v=1626770233 1536w, https:\/\/gorzow.news\/wp-content\/uploads\/2021\/07\/img_0805-2048x1366.jpg?v=1626770233 2048w, https:\/\/gorzow.news\/wp-content\/uploads\/2021\/07\/img_0805-696x464.jpg?v=1626770233 696w, https:\/\/gorzow.news\/wp-content\/uploads\/2021\/07\/img_0805-1068x712.jpg?v=1626770233 1068w, https:\/\/gorzow.news\/wp-content\/uploads\/2021\/07\/img_0805-1920x1281.jpg?v=1626770233 1920w\" sizes=\"auto, (max-width: 1024px) 100vw, 1024px\" \/><\/figure>\n\n\n\n<p><\/p>\n","protected":false},"excerpt":{"rendered":"<p>Po rocznej przerwie spowodowanej pandemi\u0105 wraca rockowy festiwal po\u0142\u0105czony ze zlotem starych samochod\u00f3w i motocykli. Festiwal odb\u0119dzie si\u0119 na b\u0142oniach przy jeziorze w K\u0142odawie od strony ul. Gorzowskiej.<\/p>\n","protected":false},"author":1,"featured_media":2162,"comment_status":"open","ping_status":"open","sticky":false,"template":"","format":"standard","meta":{"footnotes":"","_links_to":"","_links_to_target":""},"categories":[595,589],"tags":[466,467,468],"class_list":{"0":"post-2157","1":"post","2":"type-post","3":"status-publish","4":"format-standard","5":"has-post-thumbnail","7":"category-rozrywka","8":"category-wiadomosci","9":"tag-gmina-klodawa","10":"tag-gminny-osrodek-kultury","11":"tag-klodawska-noc-rockowa"},"yoast_head":"<!-- This site is optimized with the Yoast SEO plugin v27.3 - https:\/\/yoast.com\/product\/yoast-seo-wordpress\/ -->\n<title>K\u0142odawska Noc Rockowa ju\u017c w ten weekend! - Gorz\u00f3w News<\/title>\n<meta name=\"robots\" content=\"index, follow, max-snippet:-1, max-image-preview:large, max-video-preview:-1\" \/>\n<link rel=\"canonical\" href=\"https:\/\/gorzow.news\/index.php\/2021\/07\/20\/klodawska-noc-rockowa-juz-w-ten-weekend\/\" \/>\n<meta property=\"og:locale\" content=\"pl_PL\" \/>\n<meta property=\"og:type\" content=\"article\" \/>\n<meta property=\"og:title\" content=\"K\u0142odawska Noc Rockowa ju\u017c w ten weekend! - Gorz\u00f3w News\" \/>\n<meta property=\"og:description\" content=\"\" \/>\n<meta property=\"og:url\" content=\"https:\/\/gorzow.news\/index.php\/2021\/07\/20\/klodawska-noc-rockowa-juz-w-ten-weekend\/\" \/>\n<meta property=\"og:site_name\" content=\"Gorz\u00f3w News\" \/>\n<meta property=\"article:publisher\" content=\"https:\/\/www.facebook.com\/gorzowskinews\" \/>\n<meta property=\"article:published_time\" content=\"2021-07-20T08:39:43+00:00\" \/>\n<meta property=\"article:modified_time\" content=\"2021-08-23T19:39:06+00:00\" \/>\n<meta property=\"og:image\" content=\"https:\/\/gorzow.news\/wp-content\/uploads\/2021\/07\/img_0954.jpg\" \/>\n\t<meta property=\"og:image:width\" content=\"2374\" \/>\n\t<meta property=\"og:image:height\" content=\"1581\" \/>\n\t<meta property=\"og:image:type\" content=\"image\/jpeg\" \/>\n<meta name=\"author\" content=\"maciej\" \/>\n<meta name=\"twitter:card\" content=\"summary_large_image\" \/>\n<meta name=\"twitter:label1\" content=\"Napisane przez\" \/>\n\t<meta name=\"twitter:data1\" content=\"maciej\" \/>\n\t<meta name=\"twitter:label2\" content=\"Szacowany czas czytania\" \/>\n\t<meta name=\"twitter:data2\" content=\"2 minuty\" \/>\n<script type=\"application\/ld+json\" class=\"yoast-schema-graph\">{\"@context\":\"https:\\\/\\\/schema.org\",\"@graph\":[{\"@type\":\"Article\",\"@id\":\"https:\\\/\\\/gorzow.news\\\/index.php\\\/2021\\\/07\\\/20\\\/klodawska-noc-rockowa-juz-w-ten-weekend\\\/#article\",\"isPartOf\":{\"@id\":\"https:\\\/\\\/gorzow.news\\\/index.php\\\/2021\\\/07\\\/20\\\/klodawska-noc-rockowa-juz-w-ten-weekend\\\/\"},\"author\":{\"name\":\"maciej\",\"@id\":\"https:\\\/\\\/gorzow.news\\\/#\\\/schema\\\/person\\\/a1e5ab43166369f2ce236a1cd90995bb\"},\"headline\":\"K\u0142odawska Noc Rockowa ju\u017c w ten weekend!\",\"datePublished\":\"2021-07-20T08:39:43+00:00\",\"dateModified\":\"2021-08-23T19:39:06+00:00\",\"mainEntityOfPage\":{\"@id\":\"https:\\\/\\\/gorzow.news\\\/index.php\\\/2021\\\/07\\\/20\\\/klodawska-noc-rockowa-juz-w-ten-weekend\\\/\"},\"wordCount\":113,\"commentCount\":0,\"image\":{\"@id\":\"https:\\\/\\\/gorzow.news\\\/index.php\\\/2021\\\/07\\\/20\\\/klodawska-noc-rockowa-juz-w-ten-weekend\\\/#primaryimage\"},\"thumbnailUrl\":\"https:\\\/\\\/gorzow.news\\\/wp-content\\\/uploads\\\/2021\\\/07\\\/img_0954.jpg?v=1626770237\",\"keywords\":[\"Gmina K\u0142odawa\",\"Gminny O\u015brodek Kultury\",\"K\u0142odawska Noc Rockowa\"],\"articleSection\":[\"Rozrywka\",\"Wiadomo\u015bci\"],\"inLanguage\":\"pl-PL\",\"potentialAction\":[{\"@type\":\"CommentAction\",\"name\":\"Comment\",\"target\":[\"https:\\\/\\\/gorzow.news\\\/index.php\\\/2021\\\/07\\\/20\\\/klodawska-noc-rockowa-juz-w-ten-weekend\\\/#respond\"]}]},{\"@type\":\"WebPage\",\"@id\":\"https:\\\/\\\/gorzow.news\\\/index.php\\\/2021\\\/07\\\/20\\\/klodawska-noc-rockowa-juz-w-ten-weekend\\\/\",\"url\":\"https:\\\/\\\/gorzow.news\\\/index.php\\\/2021\\\/07\\\/20\\\/klodawska-noc-rockowa-juz-w-ten-weekend\\\/\",\"name\":\"K\u0142odawska Noc Rockowa ju\u017c w ten weekend! - Gorz\u00f3w News\",\"isPartOf\":{\"@id\":\"https:\\\/\\\/gorzow.news\\\/#website\"},\"primaryImageOfPage\":{\"@id\":\"https:\\\/\\\/gorzow.news\\\/index.php\\\/2021\\\/07\\\/20\\\/klodawska-noc-rockowa-juz-w-ten-weekend\\\/#primaryimage\"},\"image\":{\"@id\":\"https:\\\/\\\/gorzow.news\\\/index.php\\\/2021\\\/07\\\/20\\\/klodawska-noc-rockowa-juz-w-ten-weekend\\\/#primaryimage\"},\"thumbnailUrl\":\"https:\\\/\\\/gorzow.news\\\/wp-content\\\/uploads\\\/2021\\\/07\\\/img_0954.jpg?v=1626770237\",\"datePublished\":\"2021-07-20T08:39:43+00:00\",\"dateModified\":\"2021-08-23T19:39:06+00:00\",\"author\":{\"@id\":\"https:\\\/\\\/gorzow.news\\\/#\\\/schema\\\/person\\\/a1e5ab43166369f2ce236a1cd90995bb\"},\"breadcrumb\":{\"@id\":\"https:\\\/\\\/gorzow.news\\\/index.php\\\/2021\\\/07\\\/20\\\/klodawska-noc-rockowa-juz-w-ten-weekend\\\/#breadcrumb\"},\"inLanguage\":\"pl-PL\",\"potentialAction\":[{\"@type\":\"ReadAction\",\"target\":[\"https:\\\/\\\/gorzow.news\\\/index.php\\\/2021\\\/07\\\/20\\\/klodawska-noc-rockowa-juz-w-ten-weekend\\\/\"]}]},{\"@type\":\"ImageObject\",\"inLanguage\":\"pl-PL\",\"@id\":\"https:\\\/\\\/gorzow.news\\\/index.php\\\/2021\\\/07\\\/20\\\/klodawska-noc-rockowa-juz-w-ten-weekend\\\/#primaryimage\",\"url\":\"https:\\\/\\\/gorzow.news\\\/wp-content\\\/uploads\\\/2021\\\/07\\\/img_0954.jpg?v=1626770237\",\"contentUrl\":\"https:\\\/\\\/gorzow.news\\\/wp-content\\\/uploads\\\/2021\\\/07\\\/img_0954.jpg?v=1626770237\",\"width\":2374,\"height\":1581},{\"@type\":\"BreadcrumbList\",\"@id\":\"https:\\\/\\\/gorzow.news\\\/index.php\\\/2021\\\/07\\\/20\\\/klodawska-noc-rockowa-juz-w-ten-weekend\\\/#breadcrumb\",\"itemListElement\":[{\"@type\":\"ListItem\",\"position\":1,\"name\":\"Home\",\"item\":\"https:\\\/\\\/gorzow.news\\\/\"},{\"@type\":\"ListItem\",\"position\":2,\"name\":\"K\u0142odawska Noc Rockowa ju\u017c w ten weekend!\"}]},{\"@type\":\"WebSite\",\"@id\":\"https:\\\/\\\/gorzow.news\\\/#website\",\"url\":\"https:\\\/\\\/gorzow.news\\\/\",\"name\":\"Gorz\u00f3w News\",\"description\":\"Sp\u00f3jrz inaczej na miato i region...\",\"potentialAction\":[{\"@type\":\"SearchAction\",\"target\":{\"@type\":\"EntryPoint\",\"urlTemplate\":\"https:\\\/\\\/gorzow.news\\\/?s={search_term_string}\"},\"query-input\":{\"@type\":\"PropertyValueSpecification\",\"valueRequired\":true,\"valueName\":\"search_term_string\"}}],\"inLanguage\":\"pl-PL\"},{\"@type\":\"Person\",\"@id\":\"https:\\\/\\\/gorzow.news\\\/#\\\/schema\\\/person\\\/a1e5ab43166369f2ce236a1cd90995bb\",\"name\":\"maciej\",\"image\":{\"@type\":\"ImageObject\",\"inLanguage\":\"pl-PL\",\"@id\":\"https:\\\/\\\/secure.gravatar.com\\\/avatar\\\/530a674d56ba60cfa0ef21d74e8e8d123a51bb7aa6580465b5c2ab2c2e980a19?s=96&r=g&d=https:\\\/\\\/gorzow.news\\\/wp-content\\\/plugins\\\/userswp\\\/assets\\\/images\\\/no_profile.png\",\"url\":\"https:\\\/\\\/secure.gravatar.com\\\/avatar\\\/530a674d56ba60cfa0ef21d74e8e8d123a51bb7aa6580465b5c2ab2c2e980a19?s=96&r=g&d=https:\\\/\\\/gorzow.news\\\/wp-content\\\/plugins\\\/userswp\\\/assets\\\/images\\\/no_profile.png\",\"contentUrl\":\"https:\\\/\\\/secure.gravatar.com\\\/avatar\\\/530a674d56ba60cfa0ef21d74e8e8d123a51bb7aa6580465b5c2ab2c2e980a19?s=96&r=g&d=https:\\\/\\\/gorzow.news\\\/wp-content\\\/plugins\\\/userswp\\\/assets\\\/images\\\/no_profile.png\",\"caption\":\"maciej\"},\"url\":\"https:\\\/\\\/gorzow.news\\\/index.php\\\/profile\\\/maciej\\\/\"}]}<\/script>\n<!-- \/ Yoast SEO plugin. -->","yoast_head_json":{"title":"K\u0142odawska Noc Rockowa ju\u017c w ten weekend! - Gorz\u00f3w News","robots":{"index":"index","follow":"follow","max-snippet":"max-snippet:-1","max-image-preview":"max-image-preview:large","max-video-preview":"max-video-preview:-1"},"canonical":"https:\/\/gorzow.news\/index.php\/2021\/07\/20\/klodawska-noc-rockowa-juz-w-ten-weekend\/","og_locale":"pl_PL","og_type":"article","og_title":"K\u0142odawska Noc Rockowa ju\u017c w ten weekend! - Gorz\u00f3w News","og_description":"Po rocznej przerwie spowodowanej pandemi\u0105 wraca rockowy festiwal po\u0142\u0105czony ze zlotem starych samochod\u00f3w i motocykli. Festiwal odb\u0119dzie si\u0119 na b?","og_url":"https:\/\/gorzow.news\/index.php\/2021\/07\/20\/klodawska-noc-rockowa-juz-w-ten-weekend\/","og_site_name":"Gorz\u00f3w News","article_publisher":"https:\/\/www.facebook.com\/gorzowskinews","article_published_time":"2021-07-20T08:39:43+00:00","article_modified_time":"2021-08-23T19:39:06+00:00","og_image":[{"width":2374,"height":1581,"url":"https:\/\/gorzow.news\/wp-content\/uploads\/2021\/07\/img_0954.jpg","type":"image\/jpeg"}],"author":"maciej","twitter_card":"summary_large_image","twitter_misc":{"Napisane przez":"maciej","Szacowany czas czytania":"2 minuty"},"schema":{"@context":"https:\/\/schema.org","@graph":[{"@type":"Article","@id":"https:\/\/gorzow.news\/index.php\/2021\/07\/20\/klodawska-noc-rockowa-juz-w-ten-weekend\/#article","isPartOf":{"@id":"https:\/\/gorzow.news\/index.php\/2021\/07\/20\/klodawska-noc-rockowa-juz-w-ten-weekend\/"},"author":{"name":"maciej","@id":"https:\/\/gorzow.news\/#\/schema\/person\/a1e5ab43166369f2ce236a1cd90995bb"},"headline":"K\u0142odawska Noc Rockowa ju\u017c w ten weekend!","datePublished":"2021-07-20T08:39:43+00:00","dateModified":"2021-08-23T19:39:06+00:00","mainEntityOfPage":{"@id":"https:\/\/gorzow.news\/index.php\/2021\/07\/20\/klodawska-noc-rockowa-juz-w-ten-weekend\/"},"wordCount":113,"commentCount":0,"image":{"@id":"https:\/\/gorzow.news\/index.php\/2021\/07\/20\/klodawska-noc-rockowa-juz-w-ten-weekend\/#primaryimage"},"thumbnailUrl":"https:\/\/gorzow.news\/wp-content\/uploads\/2021\/07\/img_0954.jpg?v=1626770237","keywords":["Gmina K\u0142odawa","Gminny O\u015brodek Kultury","K\u0142odawska Noc Rockowa"],"articleSection":["Rozrywka","Wiadomo\u015bci"],"inLanguage":"pl-PL","potentialAction":[{"@type":"CommentAction","name":"Comment","target":["https:\/\/gorzow.news\/index.php\/2021\/07\/20\/klodawska-noc-rockowa-juz-w-ten-weekend\/#respond"]}]},{"@type":"WebPage","@id":"https:\/\/gorzow.news\/index.php\/2021\/07\/20\/klodawska-noc-rockowa-juz-w-ten-weekend\/","url":"https:\/\/gorzow.news\/index.php\/2021\/07\/20\/klodawska-noc-rockowa-juz-w-ten-weekend\/","name":"K\u0142odawska Noc Rockowa ju\u017c w ten weekend! - Gorz\u00f3w News","isPartOf":{"@id":"https:\/\/gorzow.news\/#website"},"primaryImageOfPage":{"@id":"https:\/\/gorzow.news\/index.php\/2021\/07\/20\/klodawska-noc-rockowa-juz-w-ten-weekend\/#primaryimage"},"image":{"@id":"https:\/\/gorzow.news\/index.php\/2021\/07\/20\/klodawska-noc-rockowa-juz-w-ten-weekend\/#primaryimage"},"thumbnailUrl":"https:\/\/gorzow.news\/wp-content\/uploads\/2021\/07\/img_0954.jpg?v=1626770237","datePublished":"2021-07-20T08:39:43+00:00","dateModified":"2021-08-23T19:39:06+00:00","author":{"@id":"https:\/\/gorzow.news\/#\/schema\/person\/a1e5ab43166369f2ce236a1cd90995bb"},"breadcrumb":{"@id":"https:\/\/gorzow.news\/index.php\/2021\/07\/20\/klodawska-noc-rockowa-juz-w-ten-weekend\/#breadcrumb"},"inLanguage":"pl-PL","potentialAction":[{"@type":"ReadAction","target":["https:\/\/gorzow.news\/index.php\/2021\/07\/20\/klodawska-noc-rockowa-juz-w-ten-weekend\/"]}]},{"@type":"ImageObject","inLanguage":"pl-PL","@id":"https:\/\/gorzow.news\/index.php\/2021\/07\/20\/klodawska-noc-rockowa-juz-w-ten-weekend\/#primaryimage","url":"https:\/\/gorzow.news\/wp-content\/uploads\/2021\/07\/img_0954.jpg?v=1626770237","contentUrl":"https:\/\/gorzow.news\/wp-content\/uploads\/2021\/07\/img_0954.jpg?v=1626770237","width":2374,"height":1581},{"@type":"BreadcrumbList","@id":"https:\/\/gorzow.news\/index.php\/2021\/07\/20\/klodawska-noc-rockowa-juz-w-ten-weekend\/#breadcrumb","itemListElement":[{"@type":"ListItem","position":1,"name":"Home","item":"https:\/\/gorzow.news\/"},{"@type":"ListItem","position":2,"name":"K\u0142odawska Noc Rockowa ju\u017c w ten weekend!"}]},{"@type":"WebSite","@id":"https:\/\/gorzow.news\/#website","url":"https:\/\/gorzow.news\/","name":"Gorz\u00f3w News","description":"Sp\u00f3jrz inaczej na miato i region...","potentialAction":[{"@type":"SearchAction","target":{"@type":"EntryPoint","urlTemplate":"https:\/\/gorzow.news\/?s={search_term_string}"},"query-input":{"@type":"PropertyValueSpecification","valueRequired":true,"valueName":"search_term_string"}}],"inLanguage":"pl-PL"},{"@type":"Person","@id":"https:\/\/gorzow.news\/#\/schema\/person\/a1e5ab43166369f2ce236a1cd90995bb","name":"maciej","image":{"@type":"ImageObject","inLanguage":"pl-PL","@id":"https:\/\/secure.gravatar.com\/avatar\/530a674d56ba60cfa0ef21d74e8e8d123a51bb7aa6580465b5c2ab2c2e980a19?s=96&r=g&d=https:\/\/gorzow.news\/wp-content\/plugins\/userswp\/assets\/images\/no_profile.png","url":"https:\/\/secure.gravatar.com\/avatar\/530a674d56ba60cfa0ef21d74e8e8d123a51bb7aa6580465b5c2ab2c2e980a19?s=96&r=g&d=https:\/\/gorzow.news\/wp-content\/plugins\/userswp\/assets\/images\/no_profile.png","contentUrl":"https:\/\/secure.gravatar.com\/avatar\/530a674d56ba60cfa0ef21d74e8e8d123a51bb7aa6580465b5c2ab2c2e980a19?s=96&r=g&d=https:\/\/gorzow.news\/wp-content\/plugins\/userswp\/assets\/images\/no_profile.png","caption":"maciej"},"url":"https:\/\/gorzow.news\/index.php\/profile\/maciej\/"}]}},"_links":{"self":[{"href":"https:\/\/gorzow.news\/index.php\/wp-json\/wp\/v2\/posts\/2157","targetHints":{"allow":["GET"]}}],"collection":[{"href":"https:\/\/gorzow.news\/index.php\/wp-json\/wp\/v2\/posts"}],"about":[{"href":"https:\/\/gorzow.news\/index.php\/wp-json\/wp\/v2\/types\/post"}],"author":[{"embeddable":true,"href":"https:\/\/gorzow.news\/index.php\/wp-json\/wp\/v2\/users\/1"}],"replies":[{"embeddable":true,"href":"https:\/\/gorzow.news\/index.php\/wp-json\/wp\/v2\/comments?post=2157"}],"version-history":[{"count":0,"href":"https:\/\/gorzow.news\/index.php\/wp-json\/wp\/v2\/posts\/2157\/revisions"}],"wp:featuredmedia":[{"embeddable":true,"href":"https:\/\/gorzow.news\/index.php\/wp-json\/wp\/v2\/media\/2162"}],"wp:attachment":[{"href":"https:\/\/gorzow.news\/index.php\/wp-json\/wp\/v2\/media?parent=2157"}],"wp:term":[{"taxonomy":"category","embeddable":true,"href":"https:\/\/gorzow.news\/index.php\/wp-json\/wp\/v2\/categories?post=2157"},{"taxonomy":"post_tag","embeddable":true,"href":"https:\/\/gorzow.news\/index.php\/wp-json\/wp\/v2\/tags?post=2157"}],"curies":[{"name":"wp","href":"https:\/\/api.w.org\/{rel}","templated":true}]}}