{"id":21192,"date":"2024-04-15T21:33:24","date_gmt":"2024-04-15T19:33:24","guid":{"rendered":"https:\/\/gorzow.news\/?p=21192"},"modified":"2024-04-17T10:38:24","modified_gmt":"2024-04-17T08:38:24","slug":"plusliga-w-gorzowie-czy-w-lubinie-ktos-mija-sie-z-prawda-ogromna-wyborcza-wpadka-jacka-wojcickiego","status":"publish","type":"post","link":"https:\/\/gorzow.news\/index.php\/2024\/04\/15\/plusliga-w-gorzowie-czy-w-lubinie-ktos-mija-sie-z-prawda-ogromna-wyborcza-wpadka-jacka-wojcickiego\/","title":{"rendered":"PlusLiga w Gorzowie czy w Lubinie? Kto\u015b mija si\u0119 z prawd\u0105! Ogromna wyborcza wpadka Jacka W\u00f3jcickiego? (aktualizacja)"},"content":{"rendered":"\n<p><strong>W sobot\u0119 w Arenie Gorz\u00f3w prezydent miasta Jacek W\u00f3jcicki og\u0142osi\u0142 w obecno\u015bci prezesa PZPS Sebastiana \u015awiderskiego, \u017ce od nowego sezonu Gorz\u00f3w b\u0119dzie mia\u0142 zesp\u00f3\u0142 w PlusLidze. Nieoficjalnie wiadomo, \u017ce Agencja Inwestycyjna Stilon Gorz\u00f3w w wyniku fuzji mia\u0142aby zaj\u0105\u0107 miejsce ekipy KGHM Cuprum Lubin. Tymczasem w poniedzia\u0142ek o\u015bwiadczenie zamie\u015bci\u0142 klub z Lubina, kt\u00f3ry jest g\u0142\u00f3wn\u0105 stron\u0105 tego posuni\u0119cia. Cokolwiek zaskakuj\u0105ce. &#8222;W zwi\u0105zku z zaistnia\u0142\u0105 sytuacj\u0105 medialn\u0105 odnosz\u0105c\u0105 si\u0119 do zmiany siedziby klubu Cuprum Lubin SA na Gorz\u00f3w Wielkopolski o\u015bwiadczamy, \u017ce priorytetem klubu jest funkcjonowanie dla naszych kibic\u00f3w w Lubinie, gdzie Cuprum dzia\u0142a od 23 lat&#8221; &#8211; czytamy na oficjalnej stronie klubu.<\/strong><\/p>\n\n\n\n<p><strong>W temacie:<\/strong><br><a href=\"https:\/\/gorzow.news\/index.php\/2024\/04\/13\/sensacyjne-informacje-od-przyszlego-sezonu-siatkarze-stilonu-grac-beda-w-plus-lidze\/\">Sensacyjne informacje! Od przysz\u0142ego sezonu siatkarze Stilonu gra\u0107 b\u0119d\u0105 w Plus Lidze z najlepszymi w Europie!<\/a><\/p>\n\n\n\n<p>&#8211; Mam przyjemno\u015b\u0107 poinformowa\u0107, \u017ce od przysz\u0142ego sezonu w Gorzowie b\u0119dziemy mieli Plus Lig\u0119 m\u0119\u017cczyzn.&nbsp;Miasto przeznacza na ten projekt 1,2 miliona z\u0142otych wsparcia &#8211; og\u0142osi\u0142 w sobot\u0119 prezydent Gorzowa <strong>Jacek W\u00f3jcicki<\/strong>. Nie by\u0142o wi\u0119c podstaw s\u0105dzi\u0107, \u017ce rewelacje s\u0105 wyssane z palca. Wydarzenie mia\u0142o miejsce przed pojedynkiem Agencji Inwestycyjnej Stilonu Gorz\u00f3w z Anio\u0142ami Toru\u0144 w play-offach 2. ligi.<\/p>\n\n\n\n<p>Jakby tego by\u0142o ma\u0142o, przekaz niekandyduj\u0105cego w drugiej turze wybor\u00f3w prezydenckich gospodarza miasta wzmocni\u0142 prezes PZPS, <strong>Sebastian \u015awiderski<\/strong>, kt\u00f3ry de facto ju\u017c powita\u0142 dru\u017cyn\u0119 Stilonu w najwy\u017cszej klasie rozgrywek w miejsce &#8222;Miedziowych&#8221;.<\/p>\n\n\n\n<p>Tymczasem, jak mo\u017cna wyczyta\u0107 z o\u015bwiadczenia, podpisanego przez zarz\u0105d klubu Cuprum Lubin S.A., szefowie dru\u017cyny przekonuj\u0105, \u017ce jeszcze nie wywiesili bia\u0142ej flagi. Przede wszystkim, patrz\u0105c na postawione akcenty w komunikacie, akcentuj\u0105 wol\u0119, by matecznikiem zespo\u0142u nadal by\u0142 Lubin. Poni\u017cej pe\u0142na tre\u015b\u0107 o\u015bwiadczenia:<\/p>\n\n\n\n<p>&#8222;W zwi\u0105zku z zaistnia\u0142\u0105 sytuacj\u0105 medialn\u0105 odnosz\u0105c\u0105 si\u0119 do zmiany siedziby klubu Cuprum Lubin SA na Gorz\u00f3w Wielkopolski o\u015bwiadczamy, \u017ce priorytetem klubu jest funkcjonowanie dla naszych kibic\u00f3w w Lubinie, gdzie Cuprum dzia\u0142a od 23 lat.<\/p>\n\n\n\n<p>Aktualnie oczekujemy na ostateczne decyzje w\u0142adz miasta Lubina, jednego z dotychczasowych sponsor\u00f3w strategicznych klubu. Brak wsparcia ze strony naszego miasta nie tylko uniemo\u017cliwi rywalizacj\u0119 klubu w&nbsp;siatkarskiej ekstraklasie, ale postawi pod znakiem zapytania jego dalsz\u0105 przysz\u0142o\u015b\u0107.<\/p>\n\n\n\n<p>W\u0142adze Gorzowa Wielkopolskiego wyrazi\u0142y ogromne zainteresowanie rozgrywaniem mecz\u00f3w w&nbsp;ramach PlusLigi w swoim mie\u015bcie, w kt\u00f3rym m\u0119ska siatk\u00f3wka ma wieloletnie tradycje, deklaruj\u0105c jednocze\u015bnie wsparcie finansowe i rzeczowe na odpowiednim poziomie. O wynikach prowadzonych rozm\u00f3w poinformujemy opini\u0119 publiczn\u0105 w osobnym o\u015bwiadczeniu niezw\u0142ocznie po uzyskaniu decyzji w\u0142adz miasta Lubina&#8221;.<\/p>\n\n\n\n<p>Czy zatem prezydent Jacek W\u00f3jcicki chc\u0105c w kampanii wyborczej przekona\u0107 do siebie kibic\u00f3w siatk\u00f3wki czasem nie pospieszysz si\u0119 z informacj\u0105 o PlusLidze w Gorzowie?<\/p>\n\n\n\n<p>Pytania odno\u015bnie tej sytuacji przes\u0142ali\u015bmy dzi\u015b do klubu Agencja Inwestycyjna Stilon Gorz\u00f3w i do Urz\u0119du Miasta. Do momentu publikacji tekstu nie otrzymali\u015bmy odpowiedzi. Jak tylko je otrzymamy umie\u015bcimy je w tym tek\u015bcie.<\/p>\n\n\n\n<p><strong>Aktualizacja &#8211; 17 kwietnia<\/strong><\/p>\n\n\n\n<p><strong>Komunikat wyda\u0142 klub Agencja Inwestycyjna Stilon Gorz\u00f3w:<\/strong><\/p>\n\n\n\n<p>&#8222;W zwi\u0105zku z pojawiaj\u0105cymi si\u0119 licznymi, nieprawdziwymi informacjami dotycz\u0105cymi zar\u00f3wno klubu Cuprum Lubin SA i Agencja Inwestycyjna Stilon Gorz\u00f3w Wielkopolski, chcieliby\u015bmy zdementowa\u0107 plotki jakoby klub z Gorzowa odkupi\u0142 licencj\u0119 na gr\u0119 w Plus Lidze.<\/p>\n\n\n\n<p>Z ca\u0142\u0105 stanowczo\u015bci\u0105 podtrzymujemy, i\u017c Plus Liga siatk\u00f3wki zago\u015bci od sezonu 2024\/2025 w Gorzowie Wielkopolski na zasadach fuzji obu klub\u00f3w.<\/p>\n\n\n\n<p>Prosimy media o wstrzymanie si\u0119 od rozpowszechniania nieprawdziwych informacji. O wszelkich szczeg\u00f3\u0142ach poinformujemy wkr\u00f3tce na wsp\u00f3lnie zwo\u0142anej konferencji obu zainteresowanych klub\u00f3w.&#8221;<\/p>\n\n\n\n<p><strong>Nagranie w mediach spo\u0142eczno\u015bciowych umie\u015bci\u0142 te\u017c prezydent Jacek W\u00f3jcicki:<\/strong><\/p>\n\n\n\n<figure class=\"wp-block-embed is-type-rich is-provider-obs-uga-osadzania wp-block-embed-obs-uga-osadzania\"><div class=\"wp-block-embed__wrapper\">\n<div style=\"width: 640px;\" class=\"wp-video\"><video class=\"wp-video-shortcode\" id=\"video-21192-1\" width=\"640\" height=\"360\" preload=\"metadata\" controls=\"controls\"><source type=\"video\/mp4\" src=\"https:\/\/gorzow.news\/pliki\/wojcicki_plusliga.mp4?_=1\" \/><a href=\"https:\/\/gorzow.news\/pliki\/wojcicki_plusliga.mp4\">https:\/\/gorzow.news\/pliki\/wojcicki_plusliga.mp4<\/a><\/video><\/div>\n<\/div><\/figure>\n","protected":false},"excerpt":{"rendered":"<p>W sobot\u0119 w Arenie Gorz\u00f3w prezydent miasta Jacek W\u00f3jcicki og\u0142osi\u0142 w obecno\u015bci prezesa PZPS Sebastiana \u015awiderskiego, \u017ce od nowego sezonu Gorz\u00f3w b\u0119dzie mia\u0142 zesp\u00f3\u0142 w PlusLidze. Nieoficjalnie wiadomo, \u017ce Agencja Inwestycyjna Stilon Gorz\u00f3w w wyniku fuzji mia\u0142aby zaj\u0105\u0107 miejsce ekipy KGHM Cuprum Lubin. Tymczasem w poniedzia\u0142ek o\u015bwiadczenie zamie\u015bci\u0142 klub z Lubina, kt\u00f3ry jest g\u0142\u00f3wn\u0105 stron\u0105 [&hellip;]<\/p>\n","protected":false},"author":1,"featured_media":21193,"comment_status":"open","ping_status":"open","sticky":false,"template":"","format":"standard","meta":{"footnotes":"","_links_to":"","_links_to_target":""},"categories":[597,589],"tags":[2416,2192,606,2854,2850,2544],"class_list":{"0":"post-21192","1":"post","2":"type-post","3":"status-publish","4":"format-standard","5":"has-post-thumbnail","7":"category-fakty-opinie","8":"category-wiadomosci","9":"tag-agencja-inwestycyjna-stilon-gorzow","10":"tag-arena-gorzow","11":"tag-jacek-wojcicki","12":"tag-kghm-cuprum-lubin","13":"tag-plusliga","14":"tag-sebastian-swiderski"},"yoast_head":"<!-- This site is optimized with the Yoast SEO plugin v27.3 - https:\/\/yoast.com\/product\/yoast-seo-wordpress\/ -->\n<title>PlusLiga w Gorzowie czy w Lubinie? Kto\u015b mija si\u0119 z prawd\u0105! Ogromna wyborcza wpadka Jacka W\u00f3jcickiego? (aktualizacja) - Gorz\u00f3w News<\/title>\n<meta name=\"description\" content=\"W sobot\u0119 w Arenie Gorz\u00f3w prezydent miasta Jacek W\u00f3jcicki og\u0142osi\u0142 w obecno\u015bci prezesa PZPS Sebastiana \u015awiderskiego, \u017ce od nowego sezonu Gorz\u00f3w\" \/>\n<meta name=\"robots\" content=\"index, follow, max-snippet:-1, max-image-preview:large, max-video-preview:-1\" \/>\n<link rel=\"canonical\" href=\"https:\/\/gorzow.news\/index.php\/2024\/04\/15\/plusliga-w-gorzowie-czy-w-lubinie-ktos-mija-sie-z-prawda-ogromna-wyborcza-wpadka-jacka-wojcickiego\/\" \/>\n<meta property=\"og:locale\" content=\"pl_PL\" \/>\n<meta property=\"og:type\" content=\"article\" \/>\n<meta property=\"og:title\" content=\"PlusLiga w Gorzowie czy w Lubinie? Kto\u015b mija si\u0119 z prawd\u0105! Ogromna wyborcza wpadka Jacka W\u00f3jcickiego? (aktualizacja) - Gorz\u00f3w News\" \/>\n<meta property=\"og:description\" content=\"W sobot\u0119 w Arenie Gorz\u00f3w prezydent miasta Jacek W\u00f3jcicki og\u0142osi\u0142 w obecno\u015bci prezesa PZPS Sebastiana \u015awiderskiego, \u017ce od nowego sezonu Gorz\u00f3w\" \/>\n<meta property=\"og:url\" content=\"https:\/\/gorzow.news\/index.php\/2024\/04\/15\/plusliga-w-gorzowie-czy-w-lubinie-ktos-mija-sie-z-prawda-ogromna-wyborcza-wpadka-jacka-wojcickiego\/\" \/>\n<meta property=\"og:site_name\" content=\"Gorz\u00f3w News\" \/>\n<meta property=\"article:publisher\" content=\"https:\/\/www.facebook.com\/gorzowskinews\" \/>\n<meta property=\"article:published_time\" content=\"2024-04-15T19:33:24+00:00\" \/>\n<meta property=\"article:modified_time\" content=\"2024-04-17T08:38:24+00:00\" \/>\n<meta property=\"og:image\" content=\"https:\/\/gorzow.news\/wp-content\/uploads\/2024\/04\/fotob-13097.jpg\" \/>\n\t<meta property=\"og:image:width\" content=\"1620\" \/>\n\t<meta property=\"og:image:height\" content=\"766\" \/>\n\t<meta property=\"og:image:type\" content=\"image\/jpeg\" \/>\n<meta name=\"author\" content=\"maciej\" \/>\n<meta name=\"twitter:card\" content=\"summary_large_image\" \/>\n<meta name=\"twitter:label1\" content=\"Napisane przez\" \/>\n\t<meta name=\"twitter:data1\" content=\"maciej\" \/>\n\t<meta name=\"twitter:label2\" content=\"Szacowany czas czytania\" \/>\n\t<meta name=\"twitter:data2\" content=\"4 minuty\" \/>\n<script type=\"application\/ld+json\" class=\"yoast-schema-graph\">{\"@context\":\"https:\\\/\\\/schema.org\",\"@graph\":[{\"@type\":\"Article\",\"@id\":\"https:\\\/\\\/gorzow.news\\\/index.php\\\/2024\\\/04\\\/15\\\/plusliga-w-gorzowie-czy-w-lubinie-ktos-mija-sie-z-prawda-ogromna-wyborcza-wpadka-jacka-wojcickiego\\\/#article\",\"isPartOf\":{\"@id\":\"https:\\\/\\\/gorzow.news\\\/index.php\\\/2024\\\/04\\\/15\\\/plusliga-w-gorzowie-czy-w-lubinie-ktos-mija-sie-z-prawda-ogromna-wyborcza-wpadka-jacka-wojcickiego\\\/\"},\"author\":{\"name\":\"maciej\",\"@id\":\"https:\\\/\\\/gorzow.news\\\/#\\\/schema\\\/person\\\/a1e5ab43166369f2ce236a1cd90995bb\"},\"headline\":\"PlusLiga w Gorzowie czy w Lubinie? Kto\u015b mija si\u0119 z prawd\u0105! Ogromna wyborcza wpadka Jacka W\u00f3jcickiego? (aktualizacja)\",\"datePublished\":\"2024-04-15T19:33:24+00:00\",\"dateModified\":\"2024-04-17T08:38:24+00:00\",\"mainEntityOfPage\":{\"@id\":\"https:\\\/\\\/gorzow.news\\\/index.php\\\/2024\\\/04\\\/15\\\/plusliga-w-gorzowie-czy-w-lubinie-ktos-mija-sie-z-prawda-ogromna-wyborcza-wpadka-jacka-wojcickiego\\\/\"},\"wordCount\":650,\"commentCount\":0,\"image\":{\"@id\":\"https:\\\/\\\/gorzow.news\\\/index.php\\\/2024\\\/04\\\/15\\\/plusliga-w-gorzowie-czy-w-lubinie-ktos-mija-sie-z-prawda-ogromna-wyborcza-wpadka-jacka-wojcickiego\\\/#primaryimage\"},\"thumbnailUrl\":\"https:\\\/\\\/gorzow.news\\\/wp-content\\\/uploads\\\/2024\\\/04\\\/fotob-13097.jpg\",\"keywords\":[\"Agencja Inwestycyjna Stilon Gorz\u00f3w\",\"Arena Gorz\u00f3w\",\"Jacek W\u00f3jcicki\",\"KGHM Cuprum Lubin\",\"PlusLiga\",\"Sebastian \u015awiderski\"],\"articleSection\":[\"Fakty i opinie\",\"Wiadomo\u015bci\"],\"inLanguage\":\"pl-PL\",\"potentialAction\":[{\"@type\":\"CommentAction\",\"name\":\"Comment\",\"target\":[\"https:\\\/\\\/gorzow.news\\\/index.php\\\/2024\\\/04\\\/15\\\/plusliga-w-gorzowie-czy-w-lubinie-ktos-mija-sie-z-prawda-ogromna-wyborcza-wpadka-jacka-wojcickiego\\\/#respond\"]}]},{\"@type\":\"WebPage\",\"@id\":\"https:\\\/\\\/gorzow.news\\\/index.php\\\/2024\\\/04\\\/15\\\/plusliga-w-gorzowie-czy-w-lubinie-ktos-mija-sie-z-prawda-ogromna-wyborcza-wpadka-jacka-wojcickiego\\\/\",\"url\":\"https:\\\/\\\/gorzow.news\\\/index.php\\\/2024\\\/04\\\/15\\\/plusliga-w-gorzowie-czy-w-lubinie-ktos-mija-sie-z-prawda-ogromna-wyborcza-wpadka-jacka-wojcickiego\\\/\",\"name\":\"PlusLiga w Gorzowie czy w Lubinie? Kto\u015b mija si\u0119 z prawd\u0105! Ogromna wyborcza wpadka Jacka W\u00f3jcickiego? (aktualizacja) - Gorz\u00f3w News\",\"isPartOf\":{\"@id\":\"https:\\\/\\\/gorzow.news\\\/#website\"},\"primaryImageOfPage\":{\"@id\":\"https:\\\/\\\/gorzow.news\\\/index.php\\\/2024\\\/04\\\/15\\\/plusliga-w-gorzowie-czy-w-lubinie-ktos-mija-sie-z-prawda-ogromna-wyborcza-wpadka-jacka-wojcickiego\\\/#primaryimage\"},\"image\":{\"@id\":\"https:\\\/\\\/gorzow.news\\\/index.php\\\/2024\\\/04\\\/15\\\/plusliga-w-gorzowie-czy-w-lubinie-ktos-mija-sie-z-prawda-ogromna-wyborcza-wpadka-jacka-wojcickiego\\\/#primaryimage\"},\"thumbnailUrl\":\"https:\\\/\\\/gorzow.news\\\/wp-content\\\/uploads\\\/2024\\\/04\\\/fotob-13097.jpg\",\"datePublished\":\"2024-04-15T19:33:24+00:00\",\"dateModified\":\"2024-04-17T08:38:24+00:00\",\"author\":{\"@id\":\"https:\\\/\\\/gorzow.news\\\/#\\\/schema\\\/person\\\/a1e5ab43166369f2ce236a1cd90995bb\"},\"description\":\"W sobot\u0119 w Arenie Gorz\u00f3w prezydent miasta Jacek W\u00f3jcicki og\u0142osi\u0142 w obecno\u015bci prezesa PZPS Sebastiana \u015awiderskiego, \u017ce od nowego sezonu Gorz\u00f3w b\u0119dzie mia\u0142 zesp\u00f3\u0142 w PlusLidze. Nieoficjalnie wiadomo, \u017ce Agencja Inwestycyjna Stilon Gorz\u00f3w w wyniku fuzji mia\u0142aby zaj\u0105\u0107 miejsce ekipy KGHM Cuprum Lubin. Tymczasem w poniedzia\u0142ek o\u015bwiadczenie zamie\u015bci\u0142 klub z Lubina, kt\u00f3ry jest g\u0142\u00f3wn\u0105 stron\u0105 tego posuni\u0119cia. Cokolwiek zaskakuj\u0105ce. \\\"W zwi\u0105zku z zaistnia\u0142\u0105 sytuacj\u0105 medialn\u0105 odnosz\u0105c\u0105 si\u0119 do zmiany siedziby klubu Cuprum Lubin SA na Gorz\u00f3w Wielkopolski o\u015bwiadczamy, \u017ce priorytetem klubu jest funkcjonowanie dla naszych kibic\u00f3w w Lubinie, gdzie Cuprum dzia\u0142a od 23 lat\\\" - czytamy na oficjalnej stronie klubu.\",\"breadcrumb\":{\"@id\":\"https:\\\/\\\/gorzow.news\\\/index.php\\\/2024\\\/04\\\/15\\\/plusliga-w-gorzowie-czy-w-lubinie-ktos-mija-sie-z-prawda-ogromna-wyborcza-wpadka-jacka-wojcickiego\\\/#breadcrumb\"},\"inLanguage\":\"pl-PL\",\"potentialAction\":[{\"@type\":\"ReadAction\",\"target\":[\"https:\\\/\\\/gorzow.news\\\/index.php\\\/2024\\\/04\\\/15\\\/plusliga-w-gorzowie-czy-w-lubinie-ktos-mija-sie-z-prawda-ogromna-wyborcza-wpadka-jacka-wojcickiego\\\/\"]}]},{\"@type\":\"ImageObject\",\"inLanguage\":\"pl-PL\",\"@id\":\"https:\\\/\\\/gorzow.news\\\/index.php\\\/2024\\\/04\\\/15\\\/plusliga-w-gorzowie-czy-w-lubinie-ktos-mija-sie-z-prawda-ogromna-wyborcza-wpadka-jacka-wojcickiego\\\/#primaryimage\",\"url\":\"https:\\\/\\\/gorzow.news\\\/wp-content\\\/uploads\\\/2024\\\/04\\\/fotob-13097.jpg\",\"contentUrl\":\"https:\\\/\\\/gorzow.news\\\/wp-content\\\/uploads\\\/2024\\\/04\\\/fotob-13097.jpg\",\"width\":1620,\"height\":766,\"caption\":\"Jacek W\u00f3jcicki (w oddali) i Sebastian \u015awiderski w sobot\u0119 og\u0142osili PlusLig\u0119 w Gorzowie od nowego sezonu. Czy jednak z tymi rewelacjami si\u0119 nie pospieszyli? fot. \u0141ukasz Kulczy\u0144ski\"},{\"@type\":\"BreadcrumbList\",\"@id\":\"https:\\\/\\\/gorzow.news\\\/index.php\\\/2024\\\/04\\\/15\\\/plusliga-w-gorzowie-czy-w-lubinie-ktos-mija-sie-z-prawda-ogromna-wyborcza-wpadka-jacka-wojcickiego\\\/#breadcrumb\",\"itemListElement\":[{\"@type\":\"ListItem\",\"position\":1,\"name\":\"Home\",\"item\":\"https:\\\/\\\/gorzow.news\\\/\"},{\"@type\":\"ListItem\",\"position\":2,\"name\":\"PlusLiga w Gorzowie czy w Lubinie? Kto\u015b mija si\u0119 z prawd\u0105! Ogromna wyborcza wpadka Jacka W\u00f3jcickiego? (aktualizacja)\"}]},{\"@type\":\"WebSite\",\"@id\":\"https:\\\/\\\/gorzow.news\\\/#website\",\"url\":\"https:\\\/\\\/gorzow.news\\\/\",\"name\":\"Gorz\u00f3w News\",\"description\":\"Sp\u00f3jrz inaczej na miato i region...\",\"potentialAction\":[{\"@type\":\"SearchAction\",\"target\":{\"@type\":\"EntryPoint\",\"urlTemplate\":\"https:\\\/\\\/gorzow.news\\\/?s={search_term_string}\"},\"query-input\":{\"@type\":\"PropertyValueSpecification\",\"valueRequired\":true,\"valueName\":\"search_term_string\"}}],\"inLanguage\":\"pl-PL\"},{\"@type\":\"Person\",\"@id\":\"https:\\\/\\\/gorzow.news\\\/#\\\/schema\\\/person\\\/a1e5ab43166369f2ce236a1cd90995bb\",\"name\":\"maciej\",\"image\":{\"@type\":\"ImageObject\",\"inLanguage\":\"pl-PL\",\"@id\":\"https:\\\/\\\/secure.gravatar.com\\\/avatar\\\/530a674d56ba60cfa0ef21d74e8e8d123a51bb7aa6580465b5c2ab2c2e980a19?s=96&r=g&d=https:\\\/\\\/gorzow.news\\\/wp-content\\\/plugins\\\/userswp\\\/assets\\\/images\\\/no_profile.png\",\"url\":\"https:\\\/\\\/secure.gravatar.com\\\/avatar\\\/530a674d56ba60cfa0ef21d74e8e8d123a51bb7aa6580465b5c2ab2c2e980a19?s=96&r=g&d=https:\\\/\\\/gorzow.news\\\/wp-content\\\/plugins\\\/userswp\\\/assets\\\/images\\\/no_profile.png\",\"contentUrl\":\"https:\\\/\\\/secure.gravatar.com\\\/avatar\\\/530a674d56ba60cfa0ef21d74e8e8d123a51bb7aa6580465b5c2ab2c2e980a19?s=96&r=g&d=https:\\\/\\\/gorzow.news\\\/wp-content\\\/plugins\\\/userswp\\\/assets\\\/images\\\/no_profile.png\",\"caption\":\"maciej\"},\"url\":\"https:\\\/\\\/gorzow.news\\\/index.php\\\/profile\\\/maciej\\\/\"}]}<\/script>\n<!-- \/ Yoast SEO plugin. -->","yoast_head_json":{"title":"PlusLiga w Gorzowie czy w Lubinie? Kto\u015b mija si\u0119 z prawd\u0105! Ogromna wyborcza wpadka Jacka W\u00f3jcickiego? (aktualizacja) - Gorz\u00f3w News","description":"W sobot\u0119 w Arenie Gorz\u00f3w prezydent miasta Jacek W\u00f3jcicki og\u0142osi\u0142 w obecno\u015bci prezesa PZPS Sebastiana \u015awiderskiego, \u017ce od nowego sezonu Gorz\u00f3w","robots":{"index":"index","follow":"follow","max-snippet":"max-snippet:-1","max-image-preview":"max-image-preview:large","max-video-preview":"max-video-preview:-1"},"canonical":"https:\/\/gorzow.news\/index.php\/2024\/04\/15\/plusliga-w-gorzowie-czy-w-lubinie-ktos-mija-sie-z-prawda-ogromna-wyborcza-wpadka-jacka-wojcickiego\/","og_locale":"pl_PL","og_type":"article","og_title":"PlusLiga w Gorzowie czy w Lubinie? Kto\u015b mija si\u0119 z prawd\u0105! Ogromna wyborcza wpadka Jacka W\u00f3jcickiego? (aktualizacja) - Gorz\u00f3w News","og_description":"W sobot\u0119 w Arenie Gorz\u00f3w prezydent miasta Jacek W\u00f3jcicki og\u0142osi\u0142 w obecno\u015bci prezesa PZPS Sebastiana \u015awiderskiego, \u017ce od nowego sezonu Gorz\u00f3w","og_url":"https:\/\/gorzow.news\/index.php\/2024\/04\/15\/plusliga-w-gorzowie-czy-w-lubinie-ktos-mija-sie-z-prawda-ogromna-wyborcza-wpadka-jacka-wojcickiego\/","og_site_name":"Gorz\u00f3w News","article_publisher":"https:\/\/www.facebook.com\/gorzowskinews","article_published_time":"2024-04-15T19:33:24+00:00","article_modified_time":"2024-04-17T08:38:24+00:00","og_image":[{"width":1620,"height":766,"url":"https:\/\/gorzow.news\/wp-content\/uploads\/2024\/04\/fotob-13097.jpg","type":"image\/jpeg"}],"author":"maciej","twitter_card":"summary_large_image","twitter_misc":{"Napisane przez":"maciej","Szacowany czas czytania":"4 minuty"},"schema":{"@context":"https:\/\/schema.org","@graph":[{"@type":"Article","@id":"https:\/\/gorzow.news\/index.php\/2024\/04\/15\/plusliga-w-gorzowie-czy-w-lubinie-ktos-mija-sie-z-prawda-ogromna-wyborcza-wpadka-jacka-wojcickiego\/#article","isPartOf":{"@id":"https:\/\/gorzow.news\/index.php\/2024\/04\/15\/plusliga-w-gorzowie-czy-w-lubinie-ktos-mija-sie-z-prawda-ogromna-wyborcza-wpadka-jacka-wojcickiego\/"},"author":{"name":"maciej","@id":"https:\/\/gorzow.news\/#\/schema\/person\/a1e5ab43166369f2ce236a1cd90995bb"},"headline":"PlusLiga w Gorzowie czy w Lubinie? Kto\u015b mija si\u0119 z prawd\u0105! Ogromna wyborcza wpadka Jacka W\u00f3jcickiego? (aktualizacja)","datePublished":"2024-04-15T19:33:24+00:00","dateModified":"2024-04-17T08:38:24+00:00","mainEntityOfPage":{"@id":"https:\/\/gorzow.news\/index.php\/2024\/04\/15\/plusliga-w-gorzowie-czy-w-lubinie-ktos-mija-sie-z-prawda-ogromna-wyborcza-wpadka-jacka-wojcickiego\/"},"wordCount":650,"commentCount":0,"image":{"@id":"https:\/\/gorzow.news\/index.php\/2024\/04\/15\/plusliga-w-gorzowie-czy-w-lubinie-ktos-mija-sie-z-prawda-ogromna-wyborcza-wpadka-jacka-wojcickiego\/#primaryimage"},"thumbnailUrl":"https:\/\/gorzow.news\/wp-content\/uploads\/2024\/04\/fotob-13097.jpg","keywords":["Agencja Inwestycyjna Stilon Gorz\u00f3w","Arena Gorz\u00f3w","Jacek W\u00f3jcicki","KGHM Cuprum Lubin","PlusLiga","Sebastian \u015awiderski"],"articleSection":["Fakty i opinie","Wiadomo\u015bci"],"inLanguage":"pl-PL","potentialAction":[{"@type":"CommentAction","name":"Comment","target":["https:\/\/gorzow.news\/index.php\/2024\/04\/15\/plusliga-w-gorzowie-czy-w-lubinie-ktos-mija-sie-z-prawda-ogromna-wyborcza-wpadka-jacka-wojcickiego\/#respond"]}]},{"@type":"WebPage","@id":"https:\/\/gorzow.news\/index.php\/2024\/04\/15\/plusliga-w-gorzowie-czy-w-lubinie-ktos-mija-sie-z-prawda-ogromna-wyborcza-wpadka-jacka-wojcickiego\/","url":"https:\/\/gorzow.news\/index.php\/2024\/04\/15\/plusliga-w-gorzowie-czy-w-lubinie-ktos-mija-sie-z-prawda-ogromna-wyborcza-wpadka-jacka-wojcickiego\/","name":"PlusLiga w Gorzowie czy w Lubinie? Kto\u015b mija si\u0119 z prawd\u0105! Ogromna wyborcza wpadka Jacka W\u00f3jcickiego? (aktualizacja) - Gorz\u00f3w News","isPartOf":{"@id":"https:\/\/gorzow.news\/#website"},"primaryImageOfPage":{"@id":"https:\/\/gorzow.news\/index.php\/2024\/04\/15\/plusliga-w-gorzowie-czy-w-lubinie-ktos-mija-sie-z-prawda-ogromna-wyborcza-wpadka-jacka-wojcickiego\/#primaryimage"},"image":{"@id":"https:\/\/gorzow.news\/index.php\/2024\/04\/15\/plusliga-w-gorzowie-czy-w-lubinie-ktos-mija-sie-z-prawda-ogromna-wyborcza-wpadka-jacka-wojcickiego\/#primaryimage"},"thumbnailUrl":"https:\/\/gorzow.news\/wp-content\/uploads\/2024\/04\/fotob-13097.jpg","datePublished":"2024-04-15T19:33:24+00:00","dateModified":"2024-04-17T08:38:24+00:00","author":{"@id":"https:\/\/gorzow.news\/#\/schema\/person\/a1e5ab43166369f2ce236a1cd90995bb"},"description":"W sobot\u0119 w Arenie Gorz\u00f3w prezydent miasta Jacek W\u00f3jcicki og\u0142osi\u0142 w obecno\u015bci prezesa PZPS Sebastiana \u015awiderskiego, \u017ce od nowego sezonu Gorz\u00f3w b\u0119dzie mia\u0142 zesp\u00f3\u0142 w PlusLidze. Nieoficjalnie wiadomo, \u017ce Agencja Inwestycyjna Stilon Gorz\u00f3w w wyniku fuzji mia\u0142aby zaj\u0105\u0107 miejsce ekipy KGHM Cuprum Lubin. Tymczasem w poniedzia\u0142ek o\u015bwiadczenie zamie\u015bci\u0142 klub z Lubina, kt\u00f3ry jest g\u0142\u00f3wn\u0105 stron\u0105 tego posuni\u0119cia. Cokolwiek zaskakuj\u0105ce. \"W zwi\u0105zku z zaistnia\u0142\u0105 sytuacj\u0105 medialn\u0105 odnosz\u0105c\u0105 si\u0119 do zmiany siedziby klubu Cuprum Lubin SA na Gorz\u00f3w Wielkopolski o\u015bwiadczamy, \u017ce priorytetem klubu jest funkcjonowanie dla naszych kibic\u00f3w w Lubinie, gdzie Cuprum dzia\u0142a od 23 lat\" - czytamy na oficjalnej stronie klubu.","breadcrumb":{"@id":"https:\/\/gorzow.news\/index.php\/2024\/04\/15\/plusliga-w-gorzowie-czy-w-lubinie-ktos-mija-sie-z-prawda-ogromna-wyborcza-wpadka-jacka-wojcickiego\/#breadcrumb"},"inLanguage":"pl-PL","potentialAction":[{"@type":"ReadAction","target":["https:\/\/gorzow.news\/index.php\/2024\/04\/15\/plusliga-w-gorzowie-czy-w-lubinie-ktos-mija-sie-z-prawda-ogromna-wyborcza-wpadka-jacka-wojcickiego\/"]}]},{"@type":"ImageObject","inLanguage":"pl-PL","@id":"https:\/\/gorzow.news\/index.php\/2024\/04\/15\/plusliga-w-gorzowie-czy-w-lubinie-ktos-mija-sie-z-prawda-ogromna-wyborcza-wpadka-jacka-wojcickiego\/#primaryimage","url":"https:\/\/gorzow.news\/wp-content\/uploads\/2024\/04\/fotob-13097.jpg","contentUrl":"https:\/\/gorzow.news\/wp-content\/uploads\/2024\/04\/fotob-13097.jpg","width":1620,"height":766,"caption":"Jacek W\u00f3jcicki (w oddali) i Sebastian \u015awiderski w sobot\u0119 og\u0142osili PlusLig\u0119 w Gorzowie od nowego sezonu. Czy jednak z tymi rewelacjami si\u0119 nie pospieszyli? fot. \u0141ukasz Kulczy\u0144ski"},{"@type":"BreadcrumbList","@id":"https:\/\/gorzow.news\/index.php\/2024\/04\/15\/plusliga-w-gorzowie-czy-w-lubinie-ktos-mija-sie-z-prawda-ogromna-wyborcza-wpadka-jacka-wojcickiego\/#breadcrumb","itemListElement":[{"@type":"ListItem","position":1,"name":"Home","item":"https:\/\/gorzow.news\/"},{"@type":"ListItem","position":2,"name":"PlusLiga w Gorzowie czy w Lubinie? Kto\u015b mija si\u0119 z prawd\u0105! Ogromna wyborcza wpadka Jacka W\u00f3jcickiego? (aktualizacja)"}]},{"@type":"WebSite","@id":"https:\/\/gorzow.news\/#website","url":"https:\/\/gorzow.news\/","name":"Gorz\u00f3w News","description":"Sp\u00f3jrz inaczej na miato i region...","potentialAction":[{"@type":"SearchAction","target":{"@type":"EntryPoint","urlTemplate":"https:\/\/gorzow.news\/?s={search_term_string}"},"query-input":{"@type":"PropertyValueSpecification","valueRequired":true,"valueName":"search_term_string"}}],"inLanguage":"pl-PL"},{"@type":"Person","@id":"https:\/\/gorzow.news\/#\/schema\/person\/a1e5ab43166369f2ce236a1cd90995bb","name":"maciej","image":{"@type":"ImageObject","inLanguage":"pl-PL","@id":"https:\/\/secure.gravatar.com\/avatar\/530a674d56ba60cfa0ef21d74e8e8d123a51bb7aa6580465b5c2ab2c2e980a19?s=96&r=g&d=https:\/\/gorzow.news\/wp-content\/plugins\/userswp\/assets\/images\/no_profile.png","url":"https:\/\/secure.gravatar.com\/avatar\/530a674d56ba60cfa0ef21d74e8e8d123a51bb7aa6580465b5c2ab2c2e980a19?s=96&r=g&d=https:\/\/gorzow.news\/wp-content\/plugins\/userswp\/assets\/images\/no_profile.png","contentUrl":"https:\/\/secure.gravatar.com\/avatar\/530a674d56ba60cfa0ef21d74e8e8d123a51bb7aa6580465b5c2ab2c2e980a19?s=96&r=g&d=https:\/\/gorzow.news\/wp-content\/plugins\/userswp\/assets\/images\/no_profile.png","caption":"maciej"},"url":"https:\/\/gorzow.news\/index.php\/profile\/maciej\/"}]}},"_links":{"self":[{"href":"https:\/\/gorzow.news\/index.php\/wp-json\/wp\/v2\/posts\/21192","targetHints":{"allow":["GET"]}}],"collection":[{"href":"https:\/\/gorzow.news\/index.php\/wp-json\/wp\/v2\/posts"}],"about":[{"href":"https:\/\/gorzow.news\/index.php\/wp-json\/wp\/v2\/types\/post"}],"author":[{"embeddable":true,"href":"https:\/\/gorzow.news\/index.php\/wp-json\/wp\/v2\/users\/1"}],"replies":[{"embeddable":true,"href":"https:\/\/gorzow.news\/index.php\/wp-json\/wp\/v2\/comments?post=21192"}],"version-history":[{"count":2,"href":"https:\/\/gorzow.news\/index.php\/wp-json\/wp\/v2\/posts\/21192\/revisions"}],"predecessor-version":[{"id":21231,"href":"https:\/\/gorzow.news\/index.php\/wp-json\/wp\/v2\/posts\/21192\/revisions\/21231"}],"wp:featuredmedia":[{"embeddable":true,"href":"https:\/\/gorzow.news\/index.php\/wp-json\/wp\/v2\/media\/21193"}],"wp:attachment":[{"href":"https:\/\/gorzow.news\/index.php\/wp-json\/wp\/v2\/media?parent=21192"}],"wp:term":[{"taxonomy":"category","embeddable":true,"href":"https:\/\/gorzow.news\/index.php\/wp-json\/wp\/v2\/categories?post=21192"},{"taxonomy":"post_tag","embeddable":true,"href":"https:\/\/gorzow.news\/index.php\/wp-json\/wp\/v2\/tags?post=21192"}],"curies":[{"name":"wp","href":"https:\/\/api.w.org\/{rel}","templated":true}]}}